{"id":58319,"date":"2024-07-10T15:19:00","date_gmt":"2024-07-10T20:19:00","guid":{"rendered":"https:\/\/www.uartes.edu.ec\/sitio\/?p=58319"},"modified":"2024-08-14T17:00:47","modified_gmt":"2024-08-14T22:00:47","slug":"talleres-residencia-charlas-y-conciertos-en-la-agenda-que-en-su-viii-edicion-case-programo-con-aes-ecuador","status":"publish","type":"post","link":"https:\/\/www.uartes.edu.ec\/sitio\/blog\/2024\/07\/10\/talleres-residencia-charlas-y-conciertos-en-la-agenda-que-en-su-viii-edicion-case-programo-con-aes-ecuador\/","title":{"rendered":"Talleres, residencia, charlas magistrales y conciertos constan en la agenda que para este a\u00f1o program\u00f3 CASE con AES Ecuador"},"content":{"rendered":"\n<p>La Universidad de las Artes y su Escuela de Artes Sonoras dieron iniciaron este 9 de julio las Conferencias de Audio y Sonido del Ecuador (CASE). La docente Bernarda Ubidia, coordinadora de la carrera de Producci\u00f3n Musical, tuvo a su cargo la presentaci\u00f3n de todo lo que se ha preparado para la cita: talleres, residencia, charlas magistrales y conciertos, una programaci\u00f3n en la que participar\u00e1n docentes UArtes, as\u00ed como invitados nacionales e internacionales.\u00a0\u00a0<\/p>\n\n\n\n<p>Este a\u00f1o, agreg\u00f3 Bernarda Ubidia, las CASE tiene como componente agregado a la Asociaci\u00f3n de Ingenieros de Sonido de Ecuador (AES), de la cual es su presidenta (periodo 2024-2026). Esto con la finalidad de que las jornadas lleguen a nuevas comunidades estudiantiles e informen a las mismas sobre la evoluci\u00f3n de la industria del sonido, desarrollo de software y hardware, adem\u00e1s del uso de la inteligencia artificial y su impacto.\u202f&nbsp;<\/p>\n\n\n\n<p>Durante las CASE, adem\u00e1s, se conocer\u00e1 a los ganadores de la competencia de AES Ecuador, dirigido a estudiantes universitarios; un proceso de selecci\u00f3n que el jurado respectivo realizar\u00e1 entre este viernes 12 y s\u00e1bado 13 de julio, que es el d\u00eda en que concluir\u00e1n las jornadas. Ubidia se\u00f1al\u00f3 con satisfacci\u00f3n la destacada participaci\u00f3n de alumnos UArtes, quienes no solo respondieron a la convocatoria de la competencia, sino que se encuentran en gran n\u00famero entre los finalistas.<\/p>\n\n\n\t\t\t\t\t<div\n\t\t\t\t\t\tclass=\"wp-block-uagb-image-gallery uagb-block-8570084f     \"\n\t\t\t\t\t\tstyle=\"\"\n\t\t\t\t\t>\n\t\t\t\t\t\t\t\t\t\t\t<div class=\"spectra-image-gallery spectra-image-gallery__layout--grid spectra-image-gallery__layout--grid-col-2 spectra-image-gallery__layout--grid-col-tab-2 spectra-image-gallery__layout--grid-col-mob-2\">\n\t\t\t\t\t\t\t\t\t\t\t<div class='spectra-image-gallery__media-wrapper' data-spectra-gallery-image-id='58326' tabindex=\"0\">\n\t\t\t\t\t\t\t<div class=\"spectra-image-gallery__media spectra-image-gallery__media--grid\">\n\t\t\t\t<picture>\n\t\t\t\t\t<source media=\"(min-width: 1024px)\" srcset=\"https:\/\/www.uartes.edu.ec\/sitio\/wp-content\/uploads\/2024\/07\/01-CASE-644x429.jpg\">\n\t\t\t\t\t<source media=\"(min-width: 768px)\" srcset=\"https:\/\/www.uartes.edu.ec\/sitio\/wp-content\/uploads\/2024\/07\/01-CASE-644x429.jpg\">\n\t\t\t\t\t<img decoding=\"async\" class=\"spectra-image-gallery__media-thumbnail spectra-image-gallery__media-thumbnail--grid\" src=\"https:\/\/www.uartes.edu.ec\/sitio\/wp-content\/uploads\/2024\/07\/01-CASE-300x200.jpg\" alt=\"\" loading=\"lazy\" \/>\n\t\t\t\t<\/picture>\n\t\t\t\t<div class=\"spectra-image-gallery__media-thumbnail-blurrer\"><\/div>\n\t\t\t\t\t\t\t\t\t\t\t<div class=\"spectra-image-gallery__media-thumbnail-caption-wrapper spectra-image-gallery__media-thumbnail-caption-wrapper--overlay\">\n\t\t\t\t\t\t\t\t\t\t\t<div class=\"spectra-image-gallery__media-thumbnail-caption spectra-image-gallery__media-thumbnail-caption--overlay\">\n\t\t\t\t\tSin leyenda\t\t\t\t<\/div>\n\t\t\t\t\t\t\t\t\t\t<\/div>\n\t\t\t\t\t\t\t\t\t<\/div>\n\t\t\t\t\t\t<\/div>\n\t\t\t\t\t\t<div class='spectra-image-gallery__media-wrapper' data-spectra-gallery-image-id='58325' tabindex=\"0\">\n\t\t\t\t\t\t\t<div class=\"spectra-image-gallery__media spectra-image-gallery__media--grid\">\n\t\t\t\t<picture>\n\t\t\t\t\t<source media=\"(min-width: 1024px)\" srcset=\"https:\/\/www.uartes.edu.ec\/sitio\/wp-content\/uploads\/2024\/07\/03-CASE-644x429.jpg\">\n\t\t\t\t\t<source media=\"(min-width: 768px)\" srcset=\"https:\/\/www.uartes.edu.ec\/sitio\/wp-content\/uploads\/2024\/07\/03-CASE-644x429.jpg\">\n\t\t\t\t\t<img decoding=\"async\" class=\"spectra-image-gallery__media-thumbnail spectra-image-gallery__media-thumbnail--grid\" src=\"https:\/\/www.uartes.edu.ec\/sitio\/wp-content\/uploads\/2024\/07\/03-CASE-300x200.jpg\" alt=\"\" loading=\"lazy\" \/>\n\t\t\t\t<\/picture>\n\t\t\t\t<div class=\"spectra-image-gallery__media-thumbnail-blurrer\"><\/div>\n\t\t\t\t\t\t\t\t\t\t\t<div class=\"spectra-image-gallery__media-thumbnail-caption-wrapper spectra-image-gallery__media-thumbnail-caption-wrapper--overlay\">\n\t\t\t\t\t\t\t\t\t\t\t<div class=\"spectra-image-gallery__media-thumbnail-caption spectra-image-gallery__media-thumbnail-caption--overlay\">\n\t\t\t\t\tSin leyenda\t\t\t\t<\/div>\n\t\t\t\t\t\t\t\t\t\t<\/div>\n\t\t\t\t\t\t\t\t\t<\/div>\n\t\t\t\t\t\t<\/div>\n\t\t\t\t\t\t\t\t\t\t<\/div>\n\t\t\t\t\t\t\t\t\t\t\t\t\t\t\t\t\t\t<\/div>\n\t\t\t\t\t\t\t\t\t\n\n\n<p><\/p>\n\n\n\n<p>En el apartado Grabaci\u00f3n Estudiantil, categor\u00eda 1 Ac\u00fastica Tradicional, consta como finalista Ariel Orbe Echeverr\u00eda; en la categor\u00eda 2 Tradicional en Estudio: Juan Jos\u00e9 Mart\u00ednez y Cristopher Aguilera Flecher, quien tambi\u00e9n lleg\u00f3 a la final en la categor\u00eda 3 de grabaci\u00f3n Moderna en Estudio junto con V\u00edctor Angulo Pinto; y en la categor\u00eda 4 de Sonido para Medios Audiovisuales: Ver\u00f3nica P\u00e9rez Sibada.<\/p>\n\n\n\n<p>Tras agradecer a los equipos de producci\u00f3n y a las marcas que han apoyado la realizaci\u00f3n de las conferencias, Bernarda Ubidia dio paso al rector William Herrera, quien se sum\u00f3 a los agradecimientos y ante una pregunta que la docente coment\u00f3 le hab\u00edan hecho acerca de por qu\u00e9 realizar las CASE anot\u00f3 que respuestas hay muchas.<\/p>\n\n\n\n<p>Indic\u00f3 el rector que tiene que ver con el compromiso de la UArtes de formar profesionales en el campo de las artes, de all\u00ed la importancia de la agenda art\u00edstica y cultural de la universidad como un elemento que complementa el proceso formativo. \u201cEspacios como CASE aportan tambi\u00e9n a la generaci\u00f3n de conocimientos desde las pr\u00e1cticas art\u00edsticas; son espacios para el interaprendizaje y el v\u00ednculo con la comunidad y nuestra manera de involucrarla incluye a los circuitos art\u00edsticos locales, nacionales e internacionales\u201d, preciso.<\/p>\n\n\n<div class=\"wp-block-image\">\n<figure class=\"aligncenter size-large\"><img fetchpriority=\"high\" decoding=\"async\" width=\"644\" height=\"429\" src=\"https:\/\/www.uartes.edu.ec\/sitio\/wp-content\/uploads\/2024\/07\/16-CASE-INTERNA-644x429.jpg\" alt=\"\" class=\"wp-image-58592\" srcset=\"https:\/\/www.uartes.edu.ec\/sitio\/wp-content\/uploads\/2024\/07\/16-CASE-INTERNA-644x429.jpg 644w, https:\/\/www.uartes.edu.ec\/sitio\/wp-content\/uploads\/2024\/07\/16-CASE-INTERNA-300x200.jpg 300w, https:\/\/www.uartes.edu.ec\/sitio\/wp-content\/uploads\/2024\/07\/16-CASE-INTERNA-768x512.jpg 768w, https:\/\/www.uartes.edu.ec\/sitio\/wp-content\/uploads\/2024\/07\/16-CASE-INTERNA-1536x1024.jpg 1536w, https:\/\/www.uartes.edu.ec\/sitio\/wp-content\/uploads\/2024\/07\/16-CASE-INTERNA-18x12.jpg 18w, https:\/\/www.uartes.edu.ec\/sitio\/wp-content\/uploads\/2024\/07\/16-CASE-INTERNA-400x267.jpg 400w, https:\/\/www.uartes.edu.ec\/sitio\/wp-content\/uploads\/2024\/07\/16-CASE-INTERNA-272x182.jpg 272w, https:\/\/www.uartes.edu.ec\/sitio\/wp-content\/uploads\/2024\/07\/16-CASE-INTERNA.jpg 2000w\" sizes=\"(max-width: 644px) 100vw, 644px\" \/><\/figure>\n<\/div>\n\n\n<p>Herrera mencion\u00f3 tambi\u00e9n el compromiso de la UArtes de conectar el ejercicio de los derechos culturales y las econom\u00edas creativas. Le alegra sobre manera, dijo, ver a compa\u00f1eros que participaron en el proceso de la Escuela de DJ\u2019s, que se realiza en el marco de las Escuelas de las Artes del Guayas, una de las apuestas potentes que tenemos en este momento para plantear las necesidades en el sistema de formaci\u00f3n art\u00edstica, en este caso a nivel del Guayas y conjuntamente con la Prefectura de esta provincia.<\/p>\n\n\n\n<p>\u201cEs importante consolidar esa programaci\u00f3n art\u00edstica y cultural que acompa\u00f1a el desarrollo de la malla curricular y que es fundamental para el proceso formativo de nuestros estudiantes\u201d. Eventos como CASE han permitido desarrollar la formaci\u00f3n y propuestas art\u00edsticas de la comunidad estudiantil y la planta docente. Llega a su octava edici\u00f3n sin dejar de efectuarse, incluso en tiempos de la pandemia por COVID-19, en que se desarroll\u00f3 de manera virtual.<\/p>\n\n\n\n<p>En el acto inaugural de la actividad hubo la presentaci\u00f3n de un graduado y dos estudiantes de la Escuela de DJ\u2019s: Jos\u00e9 Antonio Vera, conocido como DJ <em>Ghost<\/em>; Iskra Landucci, cuyo seud\u00f3nimo es su mismo nombre; y Rey Abad, el DJ <em>King<\/em>. Mar\u00eda Jos\u00e9 Icaza, directora de Vinculaci\u00f3n con la Sociedad UArtes, fue quien los present\u00f3 destacando la labor emprendida de una iniciativa que naci\u00f3 en la Escuela de Artes Sonoras. Su director es el docente Pedro Segovia y el actual instructor es el alumnus Abraham Calvachi, quien est\u00e1 a cargo de la segunda promoci\u00f3n; en la primera intervino el tambi\u00e9n graduado en nuestra instituci\u00f3n V\u00edctor (<em>Vatiix<\/em>) Espinosa.<\/p>\n\n\n<div class=\"wp-block-image\">\n<figure class=\"aligncenter size-large\"><img decoding=\"async\" width=\"644\" height=\"429\" src=\"https:\/\/www.uartes.edu.ec\/sitio\/wp-content\/uploads\/2024\/07\/09-CASE-644x429.jpg\" alt=\"\" class=\"wp-image-58328\" srcset=\"https:\/\/www.uartes.edu.ec\/sitio\/wp-content\/uploads\/2024\/07\/09-CASE-644x429.jpg 644w, https:\/\/www.uartes.edu.ec\/sitio\/wp-content\/uploads\/2024\/07\/09-CASE-300x200.jpg 300w, https:\/\/www.uartes.edu.ec\/sitio\/wp-content\/uploads\/2024\/07\/09-CASE-768x512.jpg 768w, https:\/\/www.uartes.edu.ec\/sitio\/wp-content\/uploads\/2024\/07\/09-CASE-1536x1024.jpg 1536w, https:\/\/www.uartes.edu.ec\/sitio\/wp-content\/uploads\/2024\/07\/09-CASE-18x12.jpg 18w, https:\/\/www.uartes.edu.ec\/sitio\/wp-content\/uploads\/2024\/07\/09-CASE-400x267.jpg 400w, https:\/\/www.uartes.edu.ec\/sitio\/wp-content\/uploads\/2024\/07\/09-CASE-272x182.jpg 272w, https:\/\/www.uartes.edu.ec\/sitio\/wp-content\/uploads\/2024\/07\/09-CASE.jpg 2000w\" sizes=\"(max-width: 644px) 100vw, 644px\" \/><\/figure>\n<\/div>\n\n\n<p>La presentaci\u00f3n de los DJ\u2019s se convirti\u00f3 en una fiesta en la Plaza P\u00fablica del MZ14 Centro de Producci\u00f3n e Innovaci\u00f3n UArtes, donde se desarrollar\u00e1n gran parte de las actividades del CASE: en los Estudios de Grabaci\u00f3n A y B, Sal\u00f3n Patrimonial y Sala de Experimentaci\u00f3n Sonora. Tambi\u00e9n son sedes el Sal\u00f3n de Usos M\u00faltiples y la Sala de Mezclas, ubicados en los pabellones del antiguo Palacio de la Gobernaci\u00f3n, nuestra sede matriz; y el Museo Nah\u00edm Isa\u00edas.<\/p>\n\n\n\n<p>Vale anotar que, entre los ponentes internacionales que intervienen en la VIII edici\u00f3n de las CASE est\u00e1n los productores e ingenieros de sonidos Ezequiel Morfi y Gabriel Ortega, de Argentina; y Gustavo Lozada, de M\u00e9xico.<\/p>\n\n\n\n<h3 class=\"wp-block-heading\">Las actividades de la primera jornada<\/h3>\n\n\n\n<p>En la primera jornada del CASE, que arranc\u00f3 a las 09:00 y concluy\u00f3 a las 17:00\u2013, se dio inicio en el Estudio A a la residencia art\u00edstica Sonidos Ecuatoriales, la cual tendr\u00e1 tres d\u00edas de duraci\u00f3n y es producida por el docente UArtes Antonio (<em>To\u00f1o<\/em>) Cepeda. \u201cLos estudiantes y p\u00fablico en general pueden acudir de manera libre. Es un proceso de producci\u00f3n de temas de m\u00fasica ecuatoriana. Participan Grecia Alb\u00e1n, en la voz, y Liz Badaraco y Daniel Pacheco, que est\u00e1n con la gente que va a tocar\u201d, dijo y mencion\u00f3 que en la coproducci\u00f3n interviene V\u00edctor Andrade y que, de manera colaborativa, se sumar\u00e1n al proceso ingenieros de sonido y productores, como Miguel \u00c1ngel Espinosa de los Monteros.<\/p>\n\n\n\n<p>El repertorio que se trabajar\u00e1 en la residencia, a\u00f1adi\u00f3 Cepeda, es de m\u00fasica ecuatoriana tradicional y un par de temas in\u00e9ditos originales. \u201cVamos a reversionar esos temas para lograr interpretaciones con sonoridades m\u00e1s contempor\u00e1neas. De lo que se produzca haremos un EP que saldr\u00e1 con la Lagartera, que es la disquera de la UArtes\u201d.<\/p>\n\n\n<div class=\"wp-block-image\">\n<figure class=\"aligncenter size-large\"><img decoding=\"async\" width=\"644\" height=\"429\" src=\"https:\/\/www.uartes.edu.ec\/sitio\/wp-content\/uploads\/2024\/07\/02-RESIDENCIA-644x429.jpg\" alt=\"\" class=\"wp-image-58593\" srcset=\"https:\/\/www.uartes.edu.ec\/sitio\/wp-content\/uploads\/2024\/07\/02-RESIDENCIA-644x429.jpg 644w, https:\/\/www.uartes.edu.ec\/sitio\/wp-content\/uploads\/2024\/07\/02-RESIDENCIA-300x200.jpg 300w, https:\/\/www.uartes.edu.ec\/sitio\/wp-content\/uploads\/2024\/07\/02-RESIDENCIA-768x512.jpg 768w, https:\/\/www.uartes.edu.ec\/sitio\/wp-content\/uploads\/2024\/07\/02-RESIDENCIA-1536x1024.jpg 1536w, https:\/\/www.uartes.edu.ec\/sitio\/wp-content\/uploads\/2024\/07\/02-RESIDENCIA-18x12.jpg 18w, https:\/\/www.uartes.edu.ec\/sitio\/wp-content\/uploads\/2024\/07\/02-RESIDENCIA-400x267.jpg 400w, https:\/\/www.uartes.edu.ec\/sitio\/wp-content\/uploads\/2024\/07\/02-RESIDENCIA-272x182.jpg 272w, https:\/\/www.uartes.edu.ec\/sitio\/wp-content\/uploads\/2024\/07\/02-RESIDENCIA.jpg 2000w\" sizes=\"(max-width: 644px) 100vw, 644px\" \/><\/figure>\n<\/div>\n\n\n<p>En el Estudio de Grabaci\u00f3n B, Dario D\u00e1valos mantuvo el conversatorio \u201c\u00a1No suena profe!\u201d, flujo de se\u00f1al en un estudio de grabaci\u00f3n, a fin de compartir con los participantes los fundamentos, problemas comunes y preparaci\u00f3n.<\/p>\n\n\n\n<p>Los docentes Rub\u00e9n Riera, encargado de la Direcci\u00f3n de la Escuela de Artes Sonoras, y Camila Guerrero, desarrollaron en la Sala de Experimentaci\u00f3n Sonora el taller \u201cQue viene el cuco, que viene la inteligencia artificial\u201d. Se hizo un recorrido hist\u00f3rico por los cambios que ha tenido la m\u00fasica y del temor que se tiene frente a ello. La tecnolog\u00eda va avanzando y hay muchas herramientas que se han desarrollado para la m\u00fasica y la producci\u00f3n musical, dos de las cuales fueron presentadas y puestas en pr\u00e1ctica.<\/p>\n\n\n\n<p>Tambi\u00e9n en la Sala de Experimentaci\u00f3n Sonora el docente Fredy Vallejos brind\u00f3 una conferencia magistral acerca de la electr\u00f3nica en vivo. \u00c9l abord\u00f3 c\u00f3mo utilizar la computadora como instrumento musical y, en particular, los celulares y tablets. \u201cComo no tenemos acceso a muchas tecnolog\u00edas, la idea es poder construir nuestras propias interfaces a partir de los recursos que tenemos a mano\u201d.<\/p>\n\n\n<div class=\"wp-block-image\">\n<figure class=\"aligncenter size-large\"><img loading=\"lazy\" decoding=\"async\" width=\"644\" height=\"429\" src=\"https:\/\/www.uartes.edu.ec\/sitio\/wp-content\/uploads\/2024\/07\/01-RESIDENCIA-644x429.jpg\" alt=\"\" class=\"wp-image-58691\" srcset=\"https:\/\/www.uartes.edu.ec\/sitio\/wp-content\/uploads\/2024\/07\/01-RESIDENCIA-644x429.jpg 644w, https:\/\/www.uartes.edu.ec\/sitio\/wp-content\/uploads\/2024\/07\/01-RESIDENCIA-300x200.jpg 300w, https:\/\/www.uartes.edu.ec\/sitio\/wp-content\/uploads\/2024\/07\/01-RESIDENCIA-768x512.jpg 768w, https:\/\/www.uartes.edu.ec\/sitio\/wp-content\/uploads\/2024\/07\/01-RESIDENCIA-1536x1024.jpg 1536w, https:\/\/www.uartes.edu.ec\/sitio\/wp-content\/uploads\/2024\/07\/01-RESIDENCIA-18x12.jpg 18w, https:\/\/www.uartes.edu.ec\/sitio\/wp-content\/uploads\/2024\/07\/01-RESIDENCIA-400x267.jpg 400w, https:\/\/www.uartes.edu.ec\/sitio\/wp-content\/uploads\/2024\/07\/01-RESIDENCIA-272x182.jpg 272w, https:\/\/www.uartes.edu.ec\/sitio\/wp-content\/uploads\/2024\/07\/01-RESIDENCIA.jpg 2000w\" sizes=\"(max-width: 644px) 100vw, 644px\" \/><\/figure>\n<\/div>\n\n\n<p>Sostuvo que, generalmente, los controladores para m\u00fasica electr\u00f3nica son importados y si los llegan a robar o se pierden es casi imposible volver a conseguir uno. El uso de la computadora como instrumento musical se logra mediante programaci\u00f3n, que es relativamente sencilla. Est\u00e1 vigente desde hace 10 a\u00f1os y ya lo ha trabajado con sus alumnos en clase, acot\u00f3. Una computadora y celular todos tienen, entonces qu\u00e9 posibilidades tiene el ordenador para generar audio y sonido, a partir de los elementos que tenemos al alcance, una forma de pensar y democratizar la tecnolog\u00eda.<\/p>\n\n\n\n<p>\u201cBuscando el sonido desde la grabaci\u00f3n\u201d fue el taller que dict\u00f3 Miguel \u00c1ngel Espinosa de los Monteros, quien hizo referencia a las t\u00e9cnicas de grabaci\u00f3n. Con m\u00e1s de 20 a\u00f1os de trayectoria en la producci\u00f3n musical, el ponente expres\u00f3 sentirse feliz de compartir sus experiencias. Es la primera vez que est\u00e1 en las CASE \u201cy estoy enter\u00e1ndome de lo incre\u00edble que es, me parece genial poder expandir conocimientos y reconectar con la gente de las ciudades y de las distintas plataformas y disciplinas\u201d.<\/p>\n\n\n\n<p><\/p>\n","protected":false},"excerpt":{"rendered":"<p>Docentes de la UArtes participan junto con ponentes nacionales e internacionales en las Conferencias de Audio y Sonido del Ecuador (CASE), organizadas por la Escuela de Artes Sonoras. En la jornada inaugural, la coordinadora de la carrera de Producci\u00f3n Musical, Bernarda Ubidia, destac\u00f3 la intervenci\u00f3n en esta edici\u00f3n de la Asociaci\u00f3n de Ingenieros de Sonido de Ecuador (AES), de la cual es su presidenta.<\/p>\n","protected":false},"author":10,"featured_media":58324,"comment_status":"open","ping_status":"open","sticky":false,"template":"","format":"standard","meta":{"_acf_changed":false,"_uag_custom_page_level_css":"","_monsterinsights_skip_tracking":false,"_monsterinsights_sitenote_active":false,"_monsterinsights_sitenote_note":"","_monsterinsights_sitenote_category":0,"cybocfi_hide_featured_image":"","footnotes":""},"categories":[80,490,82,150,75,76,77],"tags":[496],"infouartes":[],"class_list":["post-58319","post","type-post","status-publish","format-standard","has-post-thumbnail","hentry","category-academico","category-alumni","category-artes","category-artes-sonoras","category-docentes","category-estudiantes","category-gestion","tag-produccion-musical"],"acf":[],"yoast_head":"<!-- This site is optimized with the Yoast SEO plugin v27.4 - https:\/\/yoast.com\/product\/yoast-seo-wordpress\/ -->\n<title>Universidad de las Artes - Talleres, residencia, charlas magistrales y conciertos constan en la agenda que para este a\u00f1o program\u00f3 CASE con AES Ecuador<\/title>\n<meta name=\"description\" content=\"Universidad de las Artes - Talleres, residencia, charlas magistrales y conciertos constan en la agenda que para este a\u00f1o program\u00f3 CASE con AES Ecuador\" \/>\n<meta name=\"robots\" content=\"index, follow, max-snippet:-1, max-image-preview:large, max-video-preview:-1\" \/>\n<link rel=\"canonical\" href=\"https:\/\/www.uartes.edu.ec\/sitio\/blog\/2024\/07\/10\/talleres-residencia-charlas-y-conciertos-en-la-agenda-que-en-su-viii-edicion-case-programo-con-aes-ecuador\/\" \/>\n<meta property=\"og:locale\" content=\"es_ES\" \/>\n<meta property=\"og:type\" content=\"article\" \/>\n<meta property=\"og:title\" content=\"Universidad de las Artes - Talleres, residencia, charlas magistrales y conciertos constan en la agenda que para este a\u00f1o program\u00f3 CASE con AES Ecuador\" \/>\n<meta property=\"og:description\" content=\"Universidad de las Artes - Talleres, residencia, charlas magistrales y conciertos constan en la agenda que para este a\u00f1o program\u00f3 CASE con AES Ecuador\" \/>\n<meta property=\"og:url\" content=\"https:\/\/www.uartes.edu.ec\/sitio\/blog\/2024\/07\/10\/talleres-residencia-charlas-y-conciertos-en-la-agenda-que-en-su-viii-edicion-case-programo-con-aes-ecuador\/\" \/>\n<meta property=\"og:site_name\" content=\"Universidad de las Artes\" \/>\n<meta property=\"article:publisher\" content=\"https:\/\/www.facebook.com\/uartesec\" \/>\n<meta property=\"article:published_time\" content=\"2024-07-10T20:19:00+00:00\" \/>\n<meta property=\"article:modified_time\" content=\"2024-08-14T22:00:47+00:00\" \/>\n<meta property=\"og:image\" content=\"https:\/\/www.uartes.edu.ec\/sitio\/wp-content\/uploads\/2024\/07\/04-CASE.jpg\" \/>\n\t<meta property=\"og:image:width\" content=\"2000\" \/>\n\t<meta property=\"og:image:height\" content=\"1333\" \/>\n\t<meta property=\"og:image:type\" content=\"image\/jpeg\" \/>\n<meta name=\"author\" content=\"ccortez\" \/>\n<meta name=\"twitter:card\" content=\"summary_large_image\" \/>\n<meta name=\"twitter:creator\" content=\"@uartesec\" \/>\n<meta name=\"twitter:site\" content=\"@uartesec\" \/>\n<meta name=\"twitter:label1\" content=\"Escrito por\" \/>\n\t<meta name=\"twitter:data1\" content=\"ccortez\" \/>\n\t<meta name=\"twitter:label2\" content=\"Tiempo de lectura\" \/>\n\t<meta name=\"twitter:data2\" content=\"8 minutos\" \/>\n<script type=\"application\/ld+json\" class=\"yoast-schema-graph\">{\"@context\":\"https:\\\/\\\/schema.org\",\"@graph\":[{\"@type\":\"Article\",\"@id\":\"https:\\\/\\\/www.uartes.edu.ec\\\/sitio\\\/blog\\\/2024\\\/07\\\/10\\\/talleres-residencia-charlas-y-conciertos-en-la-agenda-que-en-su-viii-edicion-case-programo-con-aes-ecuador\\\/#article\",\"isPartOf\":{\"@id\":\"https:\\\/\\\/www.uartes.edu.ec\\\/sitio\\\/blog\\\/2024\\\/07\\\/10\\\/talleres-residencia-charlas-y-conciertos-en-la-agenda-que-en-su-viii-edicion-case-programo-con-aes-ecuador\\\/\"},\"author\":{\"name\":\"ccortez\",\"@id\":\"https:\\\/\\\/www.uartes.edu.ec\\\/sitio\\\/#\\\/schema\\\/person\\\/efa1b8275797664fd7f13a79ccc0b1f4\"},\"headline\":\"Talleres, residencia, charlas magistrales y conciertos constan en la agenda que para este a\u00f1o program\u00f3 CASE con AES Ecuador\",\"datePublished\":\"2024-07-10T20:19:00+00:00\",\"dateModified\":\"2024-08-14T22:00:47+00:00\",\"mainEntityOfPage\":{\"@id\":\"https:\\\/\\\/www.uartes.edu.ec\\\/sitio\\\/blog\\\/2024\\\/07\\\/10\\\/talleres-residencia-charlas-y-conciertos-en-la-agenda-que-en-su-viii-edicion-case-programo-con-aes-ecuador\\\/\"},\"wordCount\":1473,\"commentCount\":0,\"publisher\":{\"@id\":\"https:\\\/\\\/www.uartes.edu.ec\\\/sitio\\\/#organization\"},\"image\":{\"@id\":\"https:\\\/\\\/www.uartes.edu.ec\\\/sitio\\\/blog\\\/2024\\\/07\\\/10\\\/talleres-residencia-charlas-y-conciertos-en-la-agenda-que-en-su-viii-edicion-case-programo-con-aes-ecuador\\\/#primaryimage\"},\"thumbnailUrl\":\"https:\\\/\\\/www.uartes.edu.ec\\\/sitio\\\/wp-content\\\/uploads\\\/2024\\\/07\\\/04-CASE.jpg\",\"keywords\":[\"producci\u00f3n musical\"],\"articleSection\":[\"Acad\u00e9mico\",\"Alumni\",\"Artes\",\"Artes Sonoras\",\"Docentes\",\"Estudiantes\",\"Gesti\u00f3n\"],\"inLanguage\":\"es\",\"potentialAction\":[{\"@type\":\"CommentAction\",\"name\":\"Comment\",\"target\":[\"https:\\\/\\\/www.uartes.edu.ec\\\/sitio\\\/blog\\\/2024\\\/07\\\/10\\\/talleres-residencia-charlas-y-conciertos-en-la-agenda-que-en-su-viii-edicion-case-programo-con-aes-ecuador\\\/#respond\"]}]},{\"@type\":[\"WebPage\",\"ItemPage\"],\"@id\":\"https:\\\/\\\/www.uartes.edu.ec\\\/sitio\\\/blog\\\/2024\\\/07\\\/10\\\/talleres-residencia-charlas-y-conciertos-en-la-agenda-que-en-su-viii-edicion-case-programo-con-aes-ecuador\\\/\",\"url\":\"https:\\\/\\\/www.uartes.edu.ec\\\/sitio\\\/blog\\\/2024\\\/07\\\/10\\\/talleres-residencia-charlas-y-conciertos-en-la-agenda-que-en-su-viii-edicion-case-programo-con-aes-ecuador\\\/\",\"name\":\"Universidad de las Artes - Talleres, residencia, charlas magistrales y conciertos constan en la agenda que para este a\u00f1o program\u00f3 CASE con AES Ecuador\",\"isPartOf\":{\"@id\":\"https:\\\/\\\/www.uartes.edu.ec\\\/sitio\\\/#website\"},\"primaryImageOfPage\":{\"@id\":\"https:\\\/\\\/www.uartes.edu.ec\\\/sitio\\\/blog\\\/2024\\\/07\\\/10\\\/talleres-residencia-charlas-y-conciertos-en-la-agenda-que-en-su-viii-edicion-case-programo-con-aes-ecuador\\\/#primaryimage\"},\"image\":{\"@id\":\"https:\\\/\\\/www.uartes.edu.ec\\\/sitio\\\/blog\\\/2024\\\/07\\\/10\\\/talleres-residencia-charlas-y-conciertos-en-la-agenda-que-en-su-viii-edicion-case-programo-con-aes-ecuador\\\/#primaryimage\"},\"thumbnailUrl\":\"https:\\\/\\\/www.uartes.edu.ec\\\/sitio\\\/wp-content\\\/uploads\\\/2024\\\/07\\\/04-CASE.jpg\",\"datePublished\":\"2024-07-10T20:19:00+00:00\",\"dateModified\":\"2024-08-14T22:00:47+00:00\",\"description\":\"Universidad de las Artes - Talleres, residencia, charlas magistrales y conciertos constan en la agenda que para este a\u00f1o program\u00f3 CASE con AES Ecuador\",\"breadcrumb\":{\"@id\":\"https:\\\/\\\/www.uartes.edu.ec\\\/sitio\\\/blog\\\/2024\\\/07\\\/10\\\/talleres-residencia-charlas-y-conciertos-en-la-agenda-que-en-su-viii-edicion-case-programo-con-aes-ecuador\\\/#breadcrumb\"},\"inLanguage\":\"es\",\"potentialAction\":[{\"@type\":\"ReadAction\",\"target\":[\"https:\\\/\\\/www.uartes.edu.ec\\\/sitio\\\/blog\\\/2024\\\/07\\\/10\\\/talleres-residencia-charlas-y-conciertos-en-la-agenda-que-en-su-viii-edicion-case-programo-con-aes-ecuador\\\/\"]}]},{\"@type\":\"ImageObject\",\"inLanguage\":\"es\",\"@id\":\"https:\\\/\\\/www.uartes.edu.ec\\\/sitio\\\/blog\\\/2024\\\/07\\\/10\\\/talleres-residencia-charlas-y-conciertos-en-la-agenda-que-en-su-viii-edicion-case-programo-con-aes-ecuador\\\/#primaryimage\",\"url\":\"https:\\\/\\\/www.uartes.edu.ec\\\/sitio\\\/wp-content\\\/uploads\\\/2024\\\/07\\\/04-CASE.jpg\",\"contentUrl\":\"https:\\\/\\\/www.uartes.edu.ec\\\/sitio\\\/wp-content\\\/uploads\\\/2024\\\/07\\\/04-CASE.jpg\",\"width\":2000,\"height\":1333},{\"@type\":\"BreadcrumbList\",\"@id\":\"https:\\\/\\\/www.uartes.edu.ec\\\/sitio\\\/blog\\\/2024\\\/07\\\/10\\\/talleres-residencia-charlas-y-conciertos-en-la-agenda-que-en-su-viii-edicion-case-programo-con-aes-ecuador\\\/#breadcrumb\",\"itemListElement\":[{\"@type\":\"ListItem\",\"position\":1,\"name\":\"Inicio\",\"item\":\"https:\\\/\\\/www.uartes.edu.ec\\\/sitio\\\/\"},{\"@type\":\"ListItem\",\"position\":2,\"name\":\"Talleres, residencia, charlas magistrales y conciertos constan en la agenda que para este a\u00f1o program\u00f3 CASE con AES Ecuador\"}]},{\"@type\":\"WebSite\",\"@id\":\"https:\\\/\\\/www.uartes.edu.ec\\\/sitio\\\/#website\",\"url\":\"https:\\\/\\\/www.uartes.edu.ec\\\/sitio\\\/\",\"name\":\"Universidad de las Artes\",\"description\":\"Sitio oficial de la Universidad Nacional de las Artes del Ecuador\",\"publisher\":{\"@id\":\"https:\\\/\\\/www.uartes.edu.ec\\\/sitio\\\/#organization\"},\"potentialAction\":[{\"@type\":\"SearchAction\",\"target\":{\"@type\":\"EntryPoint\",\"urlTemplate\":\"https:\\\/\\\/www.uartes.edu.ec\\\/sitio\\\/?s={search_term_string}\"},\"query-input\":{\"@type\":\"PropertyValueSpecification\",\"valueRequired\":true,\"valueName\":\"search_term_string\"}}],\"inLanguage\":\"es\"},{\"@type\":\"Organization\",\"@id\":\"https:\\\/\\\/www.uartes.edu.ec\\\/sitio\\\/#organization\",\"name\":\"Universidad de las Artes\",\"url\":\"https:\\\/\\\/www.uartes.edu.ec\\\/sitio\\\/\",\"logo\":{\"@type\":\"ImageObject\",\"inLanguage\":\"es\",\"@id\":\"https:\\\/\\\/www.uartes.edu.ec\\\/sitio\\\/#\\\/schema\\\/logo\\\/image\\\/\",\"url\":\"https:\\\/\\\/www.uartes.edu.ec\\\/sitio\\\/wp-content\\\/uploads\\\/2022\\\/07\\\/logo-ua-horizontal.png\",\"contentUrl\":\"https:\\\/\\\/www.uartes.edu.ec\\\/sitio\\\/wp-content\\\/uploads\\\/2022\\\/07\\\/logo-ua-horizontal.png\",\"width\":800,\"height\":276,\"caption\":\"Universidad de las Artes\"},\"image\":{\"@id\":\"https:\\\/\\\/www.uartes.edu.ec\\\/sitio\\\/#\\\/schema\\\/logo\\\/image\\\/\"},\"sameAs\":[\"https:\\\/\\\/www.facebook.com\\\/uartesec\",\"https:\\\/\\\/x.com\\\/uartesec\",\"https:\\\/\\\/www.tiktok.com\\\/@uartesec\"]},{\"@type\":\"Person\",\"@id\":\"https:\\\/\\\/www.uartes.edu.ec\\\/sitio\\\/#\\\/schema\\\/person\\\/efa1b8275797664fd7f13a79ccc0b1f4\",\"name\":\"ccortez\",\"image\":{\"@type\":\"ImageObject\",\"inLanguage\":\"es\",\"@id\":\"https:\\\/\\\/secure.gravatar.com\\\/avatar\\\/b2a6f664a3ae8e074346ef91775736c5ec479e637ecced6842de9dc98b5da9cd?s=96&d=mm&r=g\",\"url\":\"https:\\\/\\\/secure.gravatar.com\\\/avatar\\\/b2a6f664a3ae8e074346ef91775736c5ec479e637ecced6842de9dc98b5da9cd?s=96&d=mm&r=g\",\"contentUrl\":\"https:\\\/\\\/secure.gravatar.com\\\/avatar\\\/b2a6f664a3ae8e074346ef91775736c5ec479e637ecced6842de9dc98b5da9cd?s=96&d=mm&r=g\",\"caption\":\"ccortez\"},\"url\":\"https:\\\/\\\/www.uartes.edu.ec\\\/sitio\\\/blog\\\/author\\\/ccortez\\\/\"}]}<\/script>\n<!-- \/ Yoast SEO plugin. -->","yoast_head_json":{"title":"Universidad de las Artes - Talleres, residencia, charlas magistrales y conciertos constan en la agenda que para este a\u00f1o program\u00f3 CASE con AES Ecuador","description":"Universidad de las Artes - Talleres, residencia, charlas magistrales y conciertos constan en la agenda que para este a\u00f1o program\u00f3 CASE con AES Ecuador","robots":{"index":"index","follow":"follow","max-snippet":"max-snippet:-1","max-image-preview":"max-image-preview:large","max-video-preview":"max-video-preview:-1"},"canonical":"https:\/\/www.uartes.edu.ec\/sitio\/blog\/2024\/07\/10\/talleres-residencia-charlas-y-conciertos-en-la-agenda-que-en-su-viii-edicion-case-programo-con-aes-ecuador\/","og_locale":"es_ES","og_type":"article","og_title":"Universidad de las Artes - Talleres, residencia, charlas magistrales y conciertos constan en la agenda que para este a\u00f1o program\u00f3 CASE con AES Ecuador","og_description":"Universidad de las Artes - Talleres, residencia, charlas magistrales y conciertos constan en la agenda que para este a\u00f1o program\u00f3 CASE con AES Ecuador","og_url":"https:\/\/www.uartes.edu.ec\/sitio\/blog\/2024\/07\/10\/talleres-residencia-charlas-y-conciertos-en-la-agenda-que-en-su-viii-edicion-case-programo-con-aes-ecuador\/","og_site_name":"Universidad de las Artes","article_publisher":"https:\/\/www.facebook.com\/uartesec","article_published_time":"2024-07-10T20:19:00+00:00","article_modified_time":"2024-08-14T22:00:47+00:00","og_image":[{"width":2000,"height":1333,"url":"https:\/\/www.uartes.edu.ec\/sitio\/wp-content\/uploads\/2024\/07\/04-CASE.jpg","type":"image\/jpeg"}],"author":"ccortez","twitter_card":"summary_large_image","twitter_creator":"@uartesec","twitter_site":"@uartesec","twitter_misc":{"Escrito por":"ccortez","Tiempo de lectura":"8 minutos"},"schema":{"@context":"https:\/\/schema.org","@graph":[{"@type":"Article","@id":"https:\/\/www.uartes.edu.ec\/sitio\/blog\/2024\/07\/10\/talleres-residencia-charlas-y-conciertos-en-la-agenda-que-en-su-viii-edicion-case-programo-con-aes-ecuador\/#article","isPartOf":{"@id":"https:\/\/www.uartes.edu.ec\/sitio\/blog\/2024\/07\/10\/talleres-residencia-charlas-y-conciertos-en-la-agenda-que-en-su-viii-edicion-case-programo-con-aes-ecuador\/"},"author":{"name":"ccortez","@id":"https:\/\/www.uartes.edu.ec\/sitio\/#\/schema\/person\/efa1b8275797664fd7f13a79ccc0b1f4"},"headline":"Talleres, residencia, charlas magistrales y conciertos constan en la agenda que para este a\u00f1o program\u00f3 CASE con AES Ecuador","datePublished":"2024-07-10T20:19:00+00:00","dateModified":"2024-08-14T22:00:47+00:00","mainEntityOfPage":{"@id":"https:\/\/www.uartes.edu.ec\/sitio\/blog\/2024\/07\/10\/talleres-residencia-charlas-y-conciertos-en-la-agenda-que-en-su-viii-edicion-case-programo-con-aes-ecuador\/"},"wordCount":1473,"commentCount":0,"publisher":{"@id":"https:\/\/www.uartes.edu.ec\/sitio\/#organization"},"image":{"@id":"https:\/\/www.uartes.edu.ec\/sitio\/blog\/2024\/07\/10\/talleres-residencia-charlas-y-conciertos-en-la-agenda-que-en-su-viii-edicion-case-programo-con-aes-ecuador\/#primaryimage"},"thumbnailUrl":"https:\/\/www.uartes.edu.ec\/sitio\/wp-content\/uploads\/2024\/07\/04-CASE.jpg","keywords":["producci\u00f3n musical"],"articleSection":["Acad\u00e9mico","Alumni","Artes","Artes Sonoras","Docentes","Estudiantes","Gesti\u00f3n"],"inLanguage":"es","potentialAction":[{"@type":"CommentAction","name":"Comment","target":["https:\/\/www.uartes.edu.ec\/sitio\/blog\/2024\/07\/10\/talleres-residencia-charlas-y-conciertos-en-la-agenda-que-en-su-viii-edicion-case-programo-con-aes-ecuador\/#respond"]}]},{"@type":["WebPage","ItemPage"],"@id":"https:\/\/www.uartes.edu.ec\/sitio\/blog\/2024\/07\/10\/talleres-residencia-charlas-y-conciertos-en-la-agenda-que-en-su-viii-edicion-case-programo-con-aes-ecuador\/","url":"https:\/\/www.uartes.edu.ec\/sitio\/blog\/2024\/07\/10\/talleres-residencia-charlas-y-conciertos-en-la-agenda-que-en-su-viii-edicion-case-programo-con-aes-ecuador\/","name":"Universidad de las Artes - Talleres, residencia, charlas magistrales y conciertos constan en la agenda que para este a\u00f1o program\u00f3 CASE con AES Ecuador","isPartOf":{"@id":"https:\/\/www.uartes.edu.ec\/sitio\/#website"},"primaryImageOfPage":{"@id":"https:\/\/www.uartes.edu.ec\/sitio\/blog\/2024\/07\/10\/talleres-residencia-charlas-y-conciertos-en-la-agenda-que-en-su-viii-edicion-case-programo-con-aes-ecuador\/#primaryimage"},"image":{"@id":"https:\/\/www.uartes.edu.ec\/sitio\/blog\/2024\/07\/10\/talleres-residencia-charlas-y-conciertos-en-la-agenda-que-en-su-viii-edicion-case-programo-con-aes-ecuador\/#primaryimage"},"thumbnailUrl":"https:\/\/www.uartes.edu.ec\/sitio\/wp-content\/uploads\/2024\/07\/04-CASE.jpg","datePublished":"2024-07-10T20:19:00+00:00","dateModified":"2024-08-14T22:00:47+00:00","description":"Universidad de las Artes - Talleres, residencia, charlas magistrales y conciertos constan en la agenda que para este a\u00f1o program\u00f3 CASE con AES Ecuador","breadcrumb":{"@id":"https:\/\/www.uartes.edu.ec\/sitio\/blog\/2024\/07\/10\/talleres-residencia-charlas-y-conciertos-en-la-agenda-que-en-su-viii-edicion-case-programo-con-aes-ecuador\/#breadcrumb"},"inLanguage":"es","potentialAction":[{"@type":"ReadAction","target":["https:\/\/www.uartes.edu.ec\/sitio\/blog\/2024\/07\/10\/talleres-residencia-charlas-y-conciertos-en-la-agenda-que-en-su-viii-edicion-case-programo-con-aes-ecuador\/"]}]},{"@type":"ImageObject","inLanguage":"es","@id":"https:\/\/www.uartes.edu.ec\/sitio\/blog\/2024\/07\/10\/talleres-residencia-charlas-y-conciertos-en-la-agenda-que-en-su-viii-edicion-case-programo-con-aes-ecuador\/#primaryimage","url":"https:\/\/www.uartes.edu.ec\/sitio\/wp-content\/uploads\/2024\/07\/04-CASE.jpg","contentUrl":"https:\/\/www.uartes.edu.ec\/sitio\/wp-content\/uploads\/2024\/07\/04-CASE.jpg","width":2000,"height":1333},{"@type":"BreadcrumbList","@id":"https:\/\/www.uartes.edu.ec\/sitio\/blog\/2024\/07\/10\/talleres-residencia-charlas-y-conciertos-en-la-agenda-que-en-su-viii-edicion-case-programo-con-aes-ecuador\/#breadcrumb","itemListElement":[{"@type":"ListItem","position":1,"name":"Inicio","item":"https:\/\/www.uartes.edu.ec\/sitio\/"},{"@type":"ListItem","position":2,"name":"Talleres, residencia, charlas magistrales y conciertos constan en la agenda que para este a\u00f1o program\u00f3 CASE con AES Ecuador"}]},{"@type":"WebSite","@id":"https:\/\/www.uartes.edu.ec\/sitio\/#website","url":"https:\/\/www.uartes.edu.ec\/sitio\/","name":"Universidad de las Artes","description":"Sitio oficial de la Universidad Nacional de las Artes del Ecuador","publisher":{"@id":"https:\/\/www.uartes.edu.ec\/sitio\/#organization"},"potentialAction":[{"@type":"SearchAction","target":{"@type":"EntryPoint","urlTemplate":"https:\/\/www.uartes.edu.ec\/sitio\/?s={search_term_string}"},"query-input":{"@type":"PropertyValueSpecification","valueRequired":true,"valueName":"search_term_string"}}],"inLanguage":"es"},{"@type":"Organization","@id":"https:\/\/www.uartes.edu.ec\/sitio\/#organization","name":"Universidad de las Artes","url":"https:\/\/www.uartes.edu.ec\/sitio\/","logo":{"@type":"ImageObject","inLanguage":"es","@id":"https:\/\/www.uartes.edu.ec\/sitio\/#\/schema\/logo\/image\/","url":"https:\/\/www.uartes.edu.ec\/sitio\/wp-content\/uploads\/2022\/07\/logo-ua-horizontal.png","contentUrl":"https:\/\/www.uartes.edu.ec\/sitio\/wp-content\/uploads\/2022\/07\/logo-ua-horizontal.png","width":800,"height":276,"caption":"Universidad de las Artes"},"image":{"@id":"https:\/\/www.uartes.edu.ec\/sitio\/#\/schema\/logo\/image\/"},"sameAs":["https:\/\/www.facebook.com\/uartesec","https:\/\/x.com\/uartesec","https:\/\/www.tiktok.com\/@uartesec"]},{"@type":"Person","@id":"https:\/\/www.uartes.edu.ec\/sitio\/#\/schema\/person\/efa1b8275797664fd7f13a79ccc0b1f4","name":"ccortez","image":{"@type":"ImageObject","inLanguage":"es","@id":"https:\/\/secure.gravatar.com\/avatar\/b2a6f664a3ae8e074346ef91775736c5ec479e637ecced6842de9dc98b5da9cd?s=96&d=mm&r=g","url":"https:\/\/secure.gravatar.com\/avatar\/b2a6f664a3ae8e074346ef91775736c5ec479e637ecced6842de9dc98b5da9cd?s=96&d=mm&r=g","contentUrl":"https:\/\/secure.gravatar.com\/avatar\/b2a6f664a3ae8e074346ef91775736c5ec479e637ecced6842de9dc98b5da9cd?s=96&d=mm&r=g","caption":"ccortez"},"url":"https:\/\/www.uartes.edu.ec\/sitio\/blog\/author\/ccortez\/"}]}},"uagb_featured_image_src":{"full":["https:\/\/www.uartes.edu.ec\/sitio\/wp-content\/uploads\/2024\/07\/04-CASE.jpg",2000,1333,false],"thumbnail":["https:\/\/www.uartes.edu.ec\/sitio\/wp-content\/uploads\/2024\/07\/04-CASE-150x150.jpg",150,150,true],"medium":["https:\/\/www.uartes.edu.ec\/sitio\/wp-content\/uploads\/2024\/07\/04-CASE-300x200.jpg",300,200,true],"medium_large":["https:\/\/www.uartes.edu.ec\/sitio\/wp-content\/uploads\/2024\/07\/04-CASE-768x512.jpg",768,512,true],"large":["https:\/\/www.uartes.edu.ec\/sitio\/wp-content\/uploads\/2024\/07\/04-CASE-644x429.jpg",644,429,true],"1536x1536":["https:\/\/www.uartes.edu.ec\/sitio\/wp-content\/uploads\/2024\/07\/04-CASE-1536x1024.jpg",1536,1024,true],"2048x2048":["https:\/\/www.uartes.edu.ec\/sitio\/wp-content\/uploads\/2024\/07\/04-CASE.jpg",2000,1333,false],"trp-custom-language-flag":["https:\/\/www.uartes.edu.ec\/sitio\/wp-content\/uploads\/2024\/07\/04-CASE-18x12.jpg",18,12,true],"htmega_size_585x295":["https:\/\/www.uartes.edu.ec\/sitio\/wp-content\/uploads\/2024\/07\/04-CASE-585x295.jpg",585,295,true],"htmega_size_1170x536":["https:\/\/www.uartes.edu.ec\/sitio\/wp-content\/uploads\/2024\/07\/04-CASE-1170x536.jpg",1170,536,true],"htmega_size_396x360":["https:\/\/www.uartes.edu.ec\/sitio\/wp-content\/uploads\/2024\/07\/04-CASE-396x360.jpg",396,360,true],"gb-block-post-grid-landscape":["https:\/\/www.uartes.edu.ec\/sitio\/wp-content\/uploads\/2024\/07\/04-CASE.jpg",600,400,false],"gb-block-post-grid-square":["https:\/\/www.uartes.edu.ec\/sitio\/wp-content\/uploads\/2024\/07\/04-CASE.jpg",600,400,false],"university-hub-thumb":["https:\/\/www.uartes.edu.ec\/sitio\/wp-content\/uploads\/2024\/07\/04-CASE-400x267.jpg",400,267,true]},"uagb_author_info":{"display_name":"ccortez","author_link":"https:\/\/www.uartes.edu.ec\/sitio\/blog\/author\/ccortez\/"},"uagb_comment_info":0,"uagb_excerpt":"Docentes de la UArtes participan junto con ponentes nacionales e internacionales en las Conferencias de Audio y Sonido del Ecuador (CASE), organizadas por la Escuela de Artes Sonoras. En la jornada inaugural, la coordinadora de la carrera de Producci\u00f3n Musical, Bernarda Ubidia, destac\u00f3 la intervenci\u00f3n en esta edici\u00f3n de la Asociaci\u00f3n de Ingenieros de Sonido&hellip;","featured_image_src":"https:\/\/www.uartes.edu.ec\/sitio\/wp-content\/uploads\/2024\/07\/04-CASE.jpg","featured_image_src_square":"https:\/\/www.uartes.edu.ec\/sitio\/wp-content\/uploads\/2024\/07\/04-CASE.jpg","author_info":{"display_name":"ccortez","author_link":"https:\/\/www.uartes.edu.ec\/sitio\/blog\/author\/ccortez\/"},"publishpress_future_workflow_manual_trigger":{"enabledWorkflows":[]},"distributor_meta":false,"distributor_terms":false,"distributor_media":false,"distributor_original_site_name":"Universidad de las Artes","distributor_original_site_url":"https:\/\/www.uartes.edu.ec\/sitio","push-errors":false,"_links":{"self":[{"href":"https:\/\/www.uartes.edu.ec\/sitio\/wp-json\/wp\/v2\/posts\/58319","targetHints":{"allow":["GET"]}}],"collection":[{"href":"https:\/\/www.uartes.edu.ec\/sitio\/wp-json\/wp\/v2\/posts"}],"about":[{"href":"https:\/\/www.uartes.edu.ec\/sitio\/wp-json\/wp\/v2\/types\/post"}],"author":[{"embeddable":true,"href":"https:\/\/www.uartes.edu.ec\/sitio\/wp-json\/wp\/v2\/users\/10"}],"replies":[{"embeddable":true,"href":"https:\/\/www.uartes.edu.ec\/sitio\/wp-json\/wp\/v2\/comments?post=58319"}],"version-history":[{"count":21,"href":"https:\/\/www.uartes.edu.ec\/sitio\/wp-json\/wp\/v2\/posts\/58319\/revisions"}],"predecessor-version":[{"id":60696,"href":"https:\/\/www.uartes.edu.ec\/sitio\/wp-json\/wp\/v2\/posts\/58319\/revisions\/60696"}],"wp:featuredmedia":[{"embeddable":true,"href":"https:\/\/www.uartes.edu.ec\/sitio\/wp-json\/wp\/v2\/media\/58324"}],"wp:attachment":[{"href":"https:\/\/www.uartes.edu.ec\/sitio\/wp-json\/wp\/v2\/media?parent=58319"}],"wp:term":[{"taxonomy":"category","embeddable":true,"href":"https:\/\/www.uartes.edu.ec\/sitio\/wp-json\/wp\/v2\/categories?post=58319"},{"taxonomy":"post_tag","embeddable":true,"href":"https:\/\/www.uartes.edu.ec\/sitio\/wp-json\/wp\/v2\/tags?post=58319"},{"taxonomy":"infouartes","embeddable":true,"href":"https:\/\/www.uartes.edu.ec\/sitio\/wp-json\/wp\/v2\/infouartes?post=58319"}],"curies":[{"name":"wp","href":"https:\/\/api.w.org\/{rel}","templated":true}]}}