{"id":58362,"date":"2024-07-11T13:42:34","date_gmt":"2024-07-11T18:42:34","guid":{"rendered":"https:\/\/www.uartes.edu.ec\/sitio\/?p=58362"},"modified":"2024-07-25T09:52:12","modified_gmt":"2024-07-25T14:52:12","slug":"vida-y-legado-muestra-inaugurada-en-la-cceng-en-homenaje-a-hernan-zuniga-por-las-seis-decadas-que-ha-dedicado-al-arte","status":"publish","type":"post","link":"https:\/\/www.uartes.edu.ec\/sitio\/blog\/2024\/07\/11\/vida-y-legado-muestra-inaugurada-en-la-cceng-en-homenaje-a-hernan-zuniga-por-las-seis-decadas-que-ha-dedicado-al-arte\/","title":{"rendered":"\u201cVida y legado\u201d, muestra inaugurada en la CCENG en homenaje a Hern\u00e1n Z\u00fa\u00f1iga por las seis d\u00e9cadas que ha dedicado al arte"},"content":{"rendered":"\n<p>En reconocimiento a la trayectoria del maestro Hern\u00e1n Z\u00fa\u00f1iga Alb\u00e1n, docente de la Universidad de las Artes, quien lleva seis d\u00e9cadas de una multidisciplinaria y prol\u00edfica producci\u00f3n art\u00edstica, se inaugur\u00f3 este martes 9 de julio la muestra \u201cVida y legado\u201d, en el Museo Manuel Rend\u00f3n Seminario de la Casa de la Cultura Ecuatoriana N\u00facleo del Guayas (CCENG), donde permanecer\u00e1 hasta el pr\u00f3ximo viernes 26.<\/p>\n\n\n\n<p>Artes visuales, literarias, medios alternativos y montajes perform\u00e1ticos son algunos de los \u00e1mbitos de Hern\u00e1n Z\u00fa\u00f1iga (Ambato, 1948). De ello da cuenta el texto que recibe a quienes visitan \u201cVida y legado\u201d, donde tambi\u00e9n se indica que la exposici\u00f3n fue organizada por las artistas Janet Alejandro y Rossana Mart\u00ednez, integrantes del Grupo Hol\u00edstico, Vinculaci\u00f3n Comunitaria del Taller de Gr\u00e1fica Eloy Alfaro de la UArtes.<\/p>\n\n\n\n<p>\u201cLa intenci\u00f3n museol\u00f3gica propone un ejercicio curatorial que integra las obras de artistas de varias generaciones que han estado vinculados al quehacer art\u00edstico del maestro neo expresionista, perteneciente a la generaci\u00f3n intermedia de la llamada Escuela de Pintura de Guayaquil\u201d, resalta el escrito y explica tambi\u00e9n que el montaje museogr\u00e1fico del conjunto de obras expuestas que dialogan pretende crear una narrativa pl\u00e1stica con piezas pict\u00f3ricas de la reserva patrimonial de la Casa de la Cultura Ecuatoriana N\u00facleo del Guayas.<\/p>\n\n\n<div class=\"wp-block-image\">\n<figure class=\"aligncenter size-large\"><img fetchpriority=\"high\" decoding=\"async\" width=\"644\" height=\"429\" src=\"https:\/\/www.uartes.edu.ec\/sitio\/wp-content\/uploads\/2024\/07\/02-HOMENAJE-HZA-644x429.jpg\" alt=\"\" class=\"wp-image-58365\" srcset=\"https:\/\/www.uartes.edu.ec\/sitio\/wp-content\/uploads\/2024\/07\/02-HOMENAJE-HZA-644x429.jpg 644w, https:\/\/www.uartes.edu.ec\/sitio\/wp-content\/uploads\/2024\/07\/02-HOMENAJE-HZA-300x200.jpg 300w, https:\/\/www.uartes.edu.ec\/sitio\/wp-content\/uploads\/2024\/07\/02-HOMENAJE-HZA-768x512.jpg 768w, https:\/\/www.uartes.edu.ec\/sitio\/wp-content\/uploads\/2024\/07\/02-HOMENAJE-HZA-1536x1024.jpg 1536w, https:\/\/www.uartes.edu.ec\/sitio\/wp-content\/uploads\/2024\/07\/02-HOMENAJE-HZA-18x12.jpg 18w, https:\/\/www.uartes.edu.ec\/sitio\/wp-content\/uploads\/2024\/07\/02-HOMENAJE-HZA-400x267.jpg 400w, https:\/\/www.uartes.edu.ec\/sitio\/wp-content\/uploads\/2024\/07\/02-HOMENAJE-HZA-272x182.jpg 272w, https:\/\/www.uartes.edu.ec\/sitio\/wp-content\/uploads\/2024\/07\/02-HOMENAJE-HZA.jpg 2000w\" sizes=\"(max-width: 644px) 100vw, 644px\" \/><\/figure>\n<\/div>\n\n\n<p>El rector de la UArtes, doctor William Herrera, acompa\u00f1\u00f3 al maestro Z\u00fa\u00f1iga en la inauguraci\u00f3n de la muestra, acto presidido por la directora de la CCENG, doctora Martha Rizzo, y presenciado por miembros de la entidad e invitados. En su intervenci\u00f3n anot\u00f3 celebrar los esfuerzos e iniciativas de la instituci\u00f3n cultural por darle vida a lo que considera es un s\u00edmbolo cultural de la ciudad y del pa\u00eds. Resalt\u00f3 las acciones por sacarla adelante en estos tiempos tan cr\u00edticos en los que se necesita colocar en el centro de la sociedad y el espacio p\u00fablico a las artes y la cultura.<\/p>\n\n\n\n<p>El trabajo del maestro Hern\u00e1n Z\u00fa\u00f1iga Alb\u00e1n y su legado art\u00edstico para la comunidad UArtes, la ciudad y el pa\u00eds son fundamentales, agreg\u00f3, mencion\u00e1ndolo como un formador de generaciones de licenciados en Artes Visuales que han participado en los talleres que son parte de las iniciativas que el pintor, escultor, muralista, grabador, restaurador y poeta tiene en la agenda de trabajo de nuestra universidad y en vinculaci\u00f3n con la sociedad.<\/p>\n\n\n\n<p>La doctora Rizzo tuvo, asimismo, sentidas palabras para Hern\u00e1n Z\u00fa\u00f1iga, de quien se hizo una rese\u00f1a personal y art\u00edstica. La ense\u00f1anza ha sido una constante en su vida, pero tambi\u00e9n, entre otros cargos, se ha desempe\u00f1ado como director de la Pinacoteca Moderna de la CCENG (1993\u20132007), donde en 1995 fund\u00f3 el taller Artes Gr\u00e1ficas Galo Galecio, que funcion\u00f3 hasta 2007 y de 2007 a 2011 fue director del Museo del Grabado en la Fundaci\u00f3n Garza Roja.<\/p>\n\n\n<div class=\"wp-block-image\">\n<figure class=\"aligncenter size-large\"><img decoding=\"async\" width=\"644\" height=\"429\" src=\"https:\/\/www.uartes.edu.ec\/sitio\/wp-content\/uploads\/2024\/07\/01-HOMENAJE-HZA-644x429.jpg\" alt=\"\" class=\"wp-image-58366\" srcset=\"https:\/\/www.uartes.edu.ec\/sitio\/wp-content\/uploads\/2024\/07\/01-HOMENAJE-HZA-644x429.jpg 644w, https:\/\/www.uartes.edu.ec\/sitio\/wp-content\/uploads\/2024\/07\/01-HOMENAJE-HZA-300x200.jpg 300w, https:\/\/www.uartes.edu.ec\/sitio\/wp-content\/uploads\/2024\/07\/01-HOMENAJE-HZA-768x512.jpg 768w, https:\/\/www.uartes.edu.ec\/sitio\/wp-content\/uploads\/2024\/07\/01-HOMENAJE-HZA-1536x1024.jpg 1536w, https:\/\/www.uartes.edu.ec\/sitio\/wp-content\/uploads\/2024\/07\/01-HOMENAJE-HZA-18x12.jpg 18w, https:\/\/www.uartes.edu.ec\/sitio\/wp-content\/uploads\/2024\/07\/01-HOMENAJE-HZA-400x267.jpg 400w, https:\/\/www.uartes.edu.ec\/sitio\/wp-content\/uploads\/2024\/07\/01-HOMENAJE-HZA-272x182.jpg 272w, https:\/\/www.uartes.edu.ec\/sitio\/wp-content\/uploads\/2024\/07\/01-HOMENAJE-HZA.jpg 2000w\" sizes=\"(max-width: 644px) 100vw, 644px\" \/><\/figure>\n<\/div>\n\n\n<p>El maestro Z\u00fa\u00f1iga tuvo emotivas palabras de agradecimiento por la muestra y refiri\u00f3 que cada n\u00facleo de la Casa de la Cultura Ecuatoriana es una trinchera de amor, de humanidad, de resistencia y de liberaci\u00f3n. Mencion\u00f3 la sinergia reinante de varios sectores en el espacio y a tres generaciones y dirigentes emblem\u00e1ticos; la presencia del rector William Herrera liderando la UArtes, \u201cque es un logro de los esp\u00edritus liberadores; es un ente de Guayaquil convertido en una resistencia (\u2026)\u201d, expres\u00f3. &nbsp;&nbsp;<\/p>\n\n\n\n<p>Una placa de reconocimiento le fue entregada, en cuyo contenido se lee: \u201cEste homenaje es una inquietud cumplida, con grata satisfacci\u00f3n por el reconocimiento a su loable labor de artista \u2013 docente, en su periplo vivencial de los siglos XX \u2013 XXI. Gracias al querido maestro por sus seis d\u00e9cadas de trayectoria multidisciplinaria en el arte ecuatoriano. Siendo su pensamiento el poder compartir a todos los dones que le han sido ofrecidos\u201d; constan los nombres de pintores y grabadores y de las organizadoras de la muestra.<\/p>\n\n\n\n<h3 class=\"wp-block-heading\">Un recorrido por la exposici\u00f3n<\/h3>\n\n\n\n<p>En \u201cVida y legado\u201d se exhiben obras de variadas t\u00e9cnicas y dimensiones. \u00d3leos, acr\u00edlicos, tiza\/pastel\/cartulina, litograf\u00edas, lin\u00f3leos, xilograf\u00edas, aerograf\u00edas, linograf\u00edas, cartograf\u00eda, acuarelas, monotipo, entre otros. &nbsp;<\/p>\n\n\n<div class=\"wp-block-image\">\n<figure class=\"aligncenter size-large\"><img decoding=\"async\" width=\"644\" height=\"429\" src=\"https:\/\/www.uartes.edu.ec\/sitio\/wp-content\/uploads\/2024\/07\/13-HOMENAJE-HZA-644x429.jpg\" alt=\"\" class=\"wp-image-58368\" srcset=\"https:\/\/www.uartes.edu.ec\/sitio\/wp-content\/uploads\/2024\/07\/13-HOMENAJE-HZA-644x429.jpg 644w, https:\/\/www.uartes.edu.ec\/sitio\/wp-content\/uploads\/2024\/07\/13-HOMENAJE-HZA-300x200.jpg 300w, https:\/\/www.uartes.edu.ec\/sitio\/wp-content\/uploads\/2024\/07\/13-HOMENAJE-HZA-768x512.jpg 768w, https:\/\/www.uartes.edu.ec\/sitio\/wp-content\/uploads\/2024\/07\/13-HOMENAJE-HZA-1536x1024.jpg 1536w, https:\/\/www.uartes.edu.ec\/sitio\/wp-content\/uploads\/2024\/07\/13-HOMENAJE-HZA-18x12.jpg 18w, https:\/\/www.uartes.edu.ec\/sitio\/wp-content\/uploads\/2024\/07\/13-HOMENAJE-HZA-400x267.jpg 400w, https:\/\/www.uartes.edu.ec\/sitio\/wp-content\/uploads\/2024\/07\/13-HOMENAJE-HZA-272x182.jpg 272w, https:\/\/www.uartes.edu.ec\/sitio\/wp-content\/uploads\/2024\/07\/13-HOMENAJE-HZA.jpg 2000w\" sizes=\"(max-width: 644px) 100vw, 644px\" \/><\/figure>\n<\/div>\n\n\n<p>Como se\u00f1ala el texto que recibe a los visitantes en el Museo Manuel Rend\u00f3n Seminario, junto con las obras de Hern\u00e1n Z\u00fa\u00f1iga est\u00e1n \u201clas de maestros que fueron amigos referentes y de artistas que se han sumado de manera emocional al evento colectivo, recreando la po\u00e9tica impronta de un imaginario social que los identifica como creadores coet\u00e1neos\u201d.<\/p>\n\n\n\n<p>Del maestro Z\u00fa\u00f1iga, entre otras: \u201cCr\u00f3nicas de los esteros\u201d, \u201cInfluencers\u201d, \u201cMusa on\u00edrica\u201d, \u201cLa virgen de los sicarios\u201d, \u201cAbducci\u00f3n\u201d y \u201cCiegos\u201d, en cuya descripci\u00f3n se se\u00f1ala que fue la primera pieza que exhibi\u00f3 en 1965, a sus 17 a\u00f1os.<\/p>\n\n\n\n<p>\u201cEl salado\u201d, de Jorge Swett; \u201cComposici\u00f3n\u201d, de Humberto Mor\u00e9; \u201cBailarina descansando\u201d, de Manuel Rend\u00f3n; \u201cPersonaje # 3\u201d, de F\u00e9lix Ar\u00e1uz; \u201cGuisa\u201d, de Enrique T\u00e1bara; \u201c\u00c1rboles y casa\u201d, de Luis Miranda; \u201cComposici\u00f3n\u201d, de Araceli Gilbert; \u201cCon palco gratis\u201d, de Judith Rodr\u00edguez; \u201cBajo relieve\u201d, de C\u00e9sar Andrade; \u201cF\u00e9lix Ar\u00e1uz\u201d, de Juan Villafuerte; \u201c\u00c1rboles y casa\u201d, de Luis Miranda; y \u201cVelada con Bobby Short\u201d, de Sol\u00e1 Franco. Tambi\u00e9n, \u201cEl alquimista\u201d, de Trilce Z\u00fa\u00f1iga Pes\u00e1ntez, hija del docente UArtes; y de las organizadoras de la muestra, Janet Alejandro y Rossana Mart\u00ednez, trabajos como \u201cLegado HZA\u201d y \u201cSincron\u00eda de mitos\u201d, respectivamente. \u00a0<\/p>\n\n\n<div class=\"wp-block-image\">\n<figure class=\"aligncenter size-large\"><img loading=\"lazy\" decoding=\"async\" width=\"644\" height=\"429\" src=\"https:\/\/www.uartes.edu.ec\/sitio\/wp-content\/uploads\/2024\/07\/12-HOMENAJE-HZA-644x429.jpg\" alt=\"\" class=\"wp-image-58370\" srcset=\"https:\/\/www.uartes.edu.ec\/sitio\/wp-content\/uploads\/2024\/07\/12-HOMENAJE-HZA-644x429.jpg 644w, https:\/\/www.uartes.edu.ec\/sitio\/wp-content\/uploads\/2024\/07\/12-HOMENAJE-HZA-300x200.jpg 300w, https:\/\/www.uartes.edu.ec\/sitio\/wp-content\/uploads\/2024\/07\/12-HOMENAJE-HZA-768x512.jpg 768w, https:\/\/www.uartes.edu.ec\/sitio\/wp-content\/uploads\/2024\/07\/12-HOMENAJE-HZA-1536x1024.jpg 1536w, https:\/\/www.uartes.edu.ec\/sitio\/wp-content\/uploads\/2024\/07\/12-HOMENAJE-HZA-18x12.jpg 18w, https:\/\/www.uartes.edu.ec\/sitio\/wp-content\/uploads\/2024\/07\/12-HOMENAJE-HZA-400x267.jpg 400w, https:\/\/www.uartes.edu.ec\/sitio\/wp-content\/uploads\/2024\/07\/12-HOMENAJE-HZA-272x182.jpg 272w, https:\/\/www.uartes.edu.ec\/sitio\/wp-content\/uploads\/2024\/07\/12-HOMENAJE-HZA.jpg 2000w\" sizes=\"(max-width: 644px) 100vw, 644px\" \/><\/figure>\n<\/div>\n\n\n<p>Entre otras propuestas constan, asimismo: \u201cEncuentro en la naturaleza\u201d, de Alemania Guarderas; \u201cAncestras\u201d, de Mariela Garc\u00eda; \u201cPerfect Time to Play\u201d, de Lina Linkimer; \u201cEl ensayo\u201d, de Helmer Quezada; \u201cG\u00e9nesis de la naturaleza\u201d, de Jos\u00e9 Land\u00edn; \u201cCivitas\u201d, de Joaqu\u00edn Serrano; \u201cVisi\u00f3n 1798\u201d, de V\u00edctor Hugo Mu\u00f1oz; \u201cLl\u00f3rame un r\u00edo\u201d, de Virgilio Valero; \u201cAgon\u00eda a colores\u201d, de Nerio P\u00e9rez; \u201cAl maestro con cari\u00f1o\u201d, de Narcisa L\u00f3pez; \u201cA su paso del tiempo\u201d, de Jacinto Torres; \u201cNoche m\u00e1gica\u201d, de Nelly Aspiazu; \u201cEl legado\u201d, de Ivone Velasco; y &#8220;Composici\u00f3n urbana&#8221;, de Hern\u00e1n Z\u00fa\u00f1iga Moscoso, hijo del maestro.<\/p>\n\n\n\n<p>\u201cEl cerro Santa Ana\u201d, de Mar\u00eda Elena Hurtado; \u201cElla es\u201d, de Josefina Sempertegui; \u201cSomos uno\u201d, de Olga Guevara; \u201cWhitman levitando\u201d, de Gloria Raymond; \u201cPronto proyector\u201d, de Kevin Alarc\u00f3n; \u201cHome Sweet home\u201d, de Ronald Soria; \u201cGalaxias telem\u00e1ticas\u201d, de Rupertvonwandrake; \u201cEstampadores de sue\u00f1os\u201d, de Noem\u00ed Cabrera; \u201cReminiscencia del camino\u201d, de Judith Hasing; \u201cMemorias de visiones ajenas\u201d, de Marco San Mart\u00edn\u201d; y \u201cVolatilidad\u201d, de Francisco V\u00e1sconez.<\/p>\n\n\n\n<p>\u201cDanzando\u201d, de Cristian Moreano; \u201cResurgimiento\u201d, de \u00c9dgar Calder\u00f3n; \u201cCan\u00edbales comestibles\u201d, serie de Abd\u00f3n Segovia; \u201cCalle arriba A y B\u201d, serie de Orl\u00edn Ram\u00edrez; \u201cMujer guitarra\u201d, de Miguel Yaulema; \u201cNi\u00f1a\u201d, de Alba Calder\u00f3n de Gil; \u201cSuburbio azul\u201d, de Manuel Ugarte; \u201cTanque\u201d, de Le\u00f3n Ricaurte; \u201cEvoluci\u00f3n\u201d, de Sim\u00f3n Carrillo; y &#8220;Perfiles&#8221;, de Kianna Medina Z\u00fa\u00f1iga, nieta de Hern\u00e1n Z\u00fa\u00f1iga Alb\u00e1n, a quien acompa\u00f1\u00f3 a la inauguraci\u00f3n de la muestra su hija Kafkiana Z\u00fa\u00f1iga Moscoso.\u00a0\u00a0<\/p>\n\n\n\n<p>La muestra \u201cVida y legado\u201d se puede visitar de lunes a viernes, de 09:00 a 18:00.<\/p>\n","protected":false},"excerpt":{"rendered":"<p>En reconocimiento a la trayectoria del maestro Hern\u00e1n Z\u00fa\u00f1iga Alb\u00e1n, docente de la Universidad de las Artes, quien lleva seis d\u00e9cadas de una multidisciplinaria y prol\u00edfica producci\u00f3n art\u00edstica, se inaugur\u00f3 este martes 9 de julio la muestra \u201cVida y legado\u201d, en el Museo Manuel Rend\u00f3n Seminario de la Casa de la Cultura Ecuatoriana N\u00facleo del Guayas (CCENG), donde permanecer\u00e1 hasta el pr\u00f3ximo viernes 26.<\/p>\n","protected":false},"author":10,"featured_media":58364,"comment_status":"open","ping_status":"open","sticky":false,"template":"","format":"standard","meta":{"_acf_changed":false,"_uag_custom_page_level_css":"","_monsterinsights_skip_tracking":false,"_monsterinsights_sitenote_active":false,"_monsterinsights_sitenote_note":"","_monsterinsights_sitenote_category":0,"cybocfi_hide_featured_image":"","footnotes":""},"categories":[80,82,157,75,84],"tags":[709],"infouartes":[],"class_list":["post-58362","post","type-post","status-publish","format-standard","has-post-thumbnail","hentry","category-academico","category-artes","category-artes-visuales","category-docentes","category-rectorado","tag-reconocimiento"],"acf":[],"yoast_head":"<!-- This site is optimized with the Yoast SEO plugin v27.4 - https:\/\/yoast.com\/product\/yoast-seo-wordpress\/ -->\n<title>Universidad de las Artes - \u201cVida y legado\u201d, muestra inaugurada en la CCENG en homenaje a Hern\u00e1n Z\u00fa\u00f1iga por las seis d\u00e9cadas que ha dedicado al arte<\/title>\n<meta name=\"description\" content=\"Universidad de las Artes - \u201cVida y legado\u201d, muestra inaugurada en la CCENG en homenaje a Hern\u00e1n Z\u00fa\u00f1iga por las seis d\u00e9cadas que ha dedicado al arte\" \/>\n<meta name=\"robots\" content=\"index, follow, max-snippet:-1, max-image-preview:large, max-video-preview:-1\" \/>\n<link rel=\"canonical\" href=\"https:\/\/www.uartes.edu.ec\/sitio\/blog\/2024\/07\/11\/vida-y-legado-muestra-inaugurada-en-la-cceng-en-homenaje-a-hernan-zuniga-por-las-seis-decadas-que-ha-dedicado-al-arte\/\" \/>\n<meta property=\"og:locale\" content=\"es_ES\" \/>\n<meta property=\"og:type\" content=\"article\" \/>\n<meta property=\"og:title\" content=\"Universidad de las Artes - \u201cVida y legado\u201d, muestra inaugurada en la CCENG en homenaje a Hern\u00e1n Z\u00fa\u00f1iga por las seis d\u00e9cadas que ha dedicado al arte\" \/>\n<meta property=\"og:description\" content=\"Universidad de las Artes - \u201cVida y legado\u201d, muestra inaugurada en la CCENG en homenaje a Hern\u00e1n Z\u00fa\u00f1iga por las seis d\u00e9cadas que ha dedicado al arte\" \/>\n<meta property=\"og:url\" content=\"https:\/\/www.uartes.edu.ec\/sitio\/blog\/2024\/07\/11\/vida-y-legado-muestra-inaugurada-en-la-cceng-en-homenaje-a-hernan-zuniga-por-las-seis-decadas-que-ha-dedicado-al-arte\/\" \/>\n<meta property=\"og:site_name\" content=\"Universidad de las Artes\" \/>\n<meta property=\"article:publisher\" content=\"https:\/\/www.facebook.com\/uartesec\" \/>\n<meta property=\"article:published_time\" content=\"2024-07-11T18:42:34+00:00\" \/>\n<meta property=\"article:modified_time\" content=\"2024-07-25T14:52:12+00:00\" \/>\n<meta property=\"og:image\" content=\"https:\/\/www.uartes.edu.ec\/sitio\/wp-content\/uploads\/2024\/07\/10-HOMENAJE-HZA.jpg\" \/>\n\t<meta property=\"og:image:width\" content=\"2000\" \/>\n\t<meta property=\"og:image:height\" content=\"1333\" \/>\n\t<meta property=\"og:image:type\" content=\"image\/jpeg\" \/>\n<meta name=\"author\" content=\"ccortez\" \/>\n<meta name=\"twitter:card\" content=\"summary_large_image\" \/>\n<meta name=\"twitter:creator\" content=\"@uartesec\" \/>\n<meta name=\"twitter:site\" content=\"@uartesec\" \/>\n<meta name=\"twitter:label1\" content=\"Escrito por\" \/>\n\t<meta name=\"twitter:data1\" content=\"ccortez\" \/>\n\t<meta name=\"twitter:label2\" content=\"Tiempo de lectura\" \/>\n\t<meta name=\"twitter:data2\" content=\"6 minutos\" \/>\n<script type=\"application\/ld+json\" class=\"yoast-schema-graph\">{\"@context\":\"https:\\\/\\\/schema.org\",\"@graph\":[{\"@type\":\"Article\",\"@id\":\"https:\\\/\\\/www.uartes.edu.ec\\\/sitio\\\/blog\\\/2024\\\/07\\\/11\\\/vida-y-legado-muestra-inaugurada-en-la-cceng-en-homenaje-a-hernan-zuniga-por-las-seis-decadas-que-ha-dedicado-al-arte\\\/#article\",\"isPartOf\":{\"@id\":\"https:\\\/\\\/www.uartes.edu.ec\\\/sitio\\\/blog\\\/2024\\\/07\\\/11\\\/vida-y-legado-muestra-inaugurada-en-la-cceng-en-homenaje-a-hernan-zuniga-por-las-seis-decadas-que-ha-dedicado-al-arte\\\/\"},\"author\":{\"name\":\"ccortez\",\"@id\":\"https:\\\/\\\/www.uartes.edu.ec\\\/sitio\\\/#\\\/schema\\\/person\\\/efa1b8275797664fd7f13a79ccc0b1f4\"},\"headline\":\"\u201cVida y legado\u201d, muestra inaugurada en la CCENG en homenaje a Hern\u00e1n Z\u00fa\u00f1iga por las seis d\u00e9cadas que ha dedicado al arte\",\"datePublished\":\"2024-07-11T18:42:34+00:00\",\"dateModified\":\"2024-07-25T14:52:12+00:00\",\"mainEntityOfPage\":{\"@id\":\"https:\\\/\\\/www.uartes.edu.ec\\\/sitio\\\/blog\\\/2024\\\/07\\\/11\\\/vida-y-legado-muestra-inaugurada-en-la-cceng-en-homenaje-a-hernan-zuniga-por-las-seis-decadas-que-ha-dedicado-al-arte\\\/\"},\"wordCount\":1232,\"commentCount\":0,\"publisher\":{\"@id\":\"https:\\\/\\\/www.uartes.edu.ec\\\/sitio\\\/#organization\"},\"image\":{\"@id\":\"https:\\\/\\\/www.uartes.edu.ec\\\/sitio\\\/blog\\\/2024\\\/07\\\/11\\\/vida-y-legado-muestra-inaugurada-en-la-cceng-en-homenaje-a-hernan-zuniga-por-las-seis-decadas-que-ha-dedicado-al-arte\\\/#primaryimage\"},\"thumbnailUrl\":\"https:\\\/\\\/www.uartes.edu.ec\\\/sitio\\\/wp-content\\\/uploads\\\/2024\\\/07\\\/10-HOMENAJE-HZA.jpg\",\"keywords\":[\"reconocimiento\"],\"articleSection\":[\"Acad\u00e9mico\",\"Artes\",\"Artes Visuales\",\"Docentes\",\"Rectorado\"],\"inLanguage\":\"es\",\"potentialAction\":[{\"@type\":\"CommentAction\",\"name\":\"Comment\",\"target\":[\"https:\\\/\\\/www.uartes.edu.ec\\\/sitio\\\/blog\\\/2024\\\/07\\\/11\\\/vida-y-legado-muestra-inaugurada-en-la-cceng-en-homenaje-a-hernan-zuniga-por-las-seis-decadas-que-ha-dedicado-al-arte\\\/#respond\"]}]},{\"@type\":[\"WebPage\",\"ItemPage\"],\"@id\":\"https:\\\/\\\/www.uartes.edu.ec\\\/sitio\\\/blog\\\/2024\\\/07\\\/11\\\/vida-y-legado-muestra-inaugurada-en-la-cceng-en-homenaje-a-hernan-zuniga-por-las-seis-decadas-que-ha-dedicado-al-arte\\\/\",\"url\":\"https:\\\/\\\/www.uartes.edu.ec\\\/sitio\\\/blog\\\/2024\\\/07\\\/11\\\/vida-y-legado-muestra-inaugurada-en-la-cceng-en-homenaje-a-hernan-zuniga-por-las-seis-decadas-que-ha-dedicado-al-arte\\\/\",\"name\":\"Universidad de las Artes - \u201cVida y legado\u201d, muestra inaugurada en la CCENG en homenaje a Hern\u00e1n Z\u00fa\u00f1iga por las seis d\u00e9cadas que ha dedicado al arte\",\"isPartOf\":{\"@id\":\"https:\\\/\\\/www.uartes.edu.ec\\\/sitio\\\/#website\"},\"primaryImageOfPage\":{\"@id\":\"https:\\\/\\\/www.uartes.edu.ec\\\/sitio\\\/blog\\\/2024\\\/07\\\/11\\\/vida-y-legado-muestra-inaugurada-en-la-cceng-en-homenaje-a-hernan-zuniga-por-las-seis-decadas-que-ha-dedicado-al-arte\\\/#primaryimage\"},\"image\":{\"@id\":\"https:\\\/\\\/www.uartes.edu.ec\\\/sitio\\\/blog\\\/2024\\\/07\\\/11\\\/vida-y-legado-muestra-inaugurada-en-la-cceng-en-homenaje-a-hernan-zuniga-por-las-seis-decadas-que-ha-dedicado-al-arte\\\/#primaryimage\"},\"thumbnailUrl\":\"https:\\\/\\\/www.uartes.edu.ec\\\/sitio\\\/wp-content\\\/uploads\\\/2024\\\/07\\\/10-HOMENAJE-HZA.jpg\",\"datePublished\":\"2024-07-11T18:42:34+00:00\",\"dateModified\":\"2024-07-25T14:52:12+00:00\",\"description\":\"Universidad de las Artes - \u201cVida y legado\u201d, muestra inaugurada en la CCENG en homenaje a Hern\u00e1n Z\u00fa\u00f1iga por las seis d\u00e9cadas que ha dedicado al arte\",\"breadcrumb\":{\"@id\":\"https:\\\/\\\/www.uartes.edu.ec\\\/sitio\\\/blog\\\/2024\\\/07\\\/11\\\/vida-y-legado-muestra-inaugurada-en-la-cceng-en-homenaje-a-hernan-zuniga-por-las-seis-decadas-que-ha-dedicado-al-arte\\\/#breadcrumb\"},\"inLanguage\":\"es\",\"potentialAction\":[{\"@type\":\"ReadAction\",\"target\":[\"https:\\\/\\\/www.uartes.edu.ec\\\/sitio\\\/blog\\\/2024\\\/07\\\/11\\\/vida-y-legado-muestra-inaugurada-en-la-cceng-en-homenaje-a-hernan-zuniga-por-las-seis-decadas-que-ha-dedicado-al-arte\\\/\"]}]},{\"@type\":\"ImageObject\",\"inLanguage\":\"es\",\"@id\":\"https:\\\/\\\/www.uartes.edu.ec\\\/sitio\\\/blog\\\/2024\\\/07\\\/11\\\/vida-y-legado-muestra-inaugurada-en-la-cceng-en-homenaje-a-hernan-zuniga-por-las-seis-decadas-que-ha-dedicado-al-arte\\\/#primaryimage\",\"url\":\"https:\\\/\\\/www.uartes.edu.ec\\\/sitio\\\/wp-content\\\/uploads\\\/2024\\\/07\\\/10-HOMENAJE-HZA.jpg\",\"contentUrl\":\"https:\\\/\\\/www.uartes.edu.ec\\\/sitio\\\/wp-content\\\/uploads\\\/2024\\\/07\\\/10-HOMENAJE-HZA.jpg\",\"width\":2000,\"height\":1333},{\"@type\":\"BreadcrumbList\",\"@id\":\"https:\\\/\\\/www.uartes.edu.ec\\\/sitio\\\/blog\\\/2024\\\/07\\\/11\\\/vida-y-legado-muestra-inaugurada-en-la-cceng-en-homenaje-a-hernan-zuniga-por-las-seis-decadas-que-ha-dedicado-al-arte\\\/#breadcrumb\",\"itemListElement\":[{\"@type\":\"ListItem\",\"position\":1,\"name\":\"Inicio\",\"item\":\"https:\\\/\\\/www.uartes.edu.ec\\\/sitio\\\/\"},{\"@type\":\"ListItem\",\"position\":2,\"name\":\"\u201cVida y legado\u201d, muestra inaugurada en la CCENG en homenaje a Hern\u00e1n Z\u00fa\u00f1iga por las seis d\u00e9cadas que ha dedicado al arte\"}]},{\"@type\":\"WebSite\",\"@id\":\"https:\\\/\\\/www.uartes.edu.ec\\\/sitio\\\/#website\",\"url\":\"https:\\\/\\\/www.uartes.edu.ec\\\/sitio\\\/\",\"name\":\"Universidad de las Artes\",\"description\":\"Sitio oficial de la Universidad Nacional de las Artes del Ecuador\",\"publisher\":{\"@id\":\"https:\\\/\\\/www.uartes.edu.ec\\\/sitio\\\/#organization\"},\"potentialAction\":[{\"@type\":\"SearchAction\",\"target\":{\"@type\":\"EntryPoint\",\"urlTemplate\":\"https:\\\/\\\/www.uartes.edu.ec\\\/sitio\\\/?s={search_term_string}\"},\"query-input\":{\"@type\":\"PropertyValueSpecification\",\"valueRequired\":true,\"valueName\":\"search_term_string\"}}],\"inLanguage\":\"es\"},{\"@type\":\"Organization\",\"@id\":\"https:\\\/\\\/www.uartes.edu.ec\\\/sitio\\\/#organization\",\"name\":\"Universidad de las Artes\",\"url\":\"https:\\\/\\\/www.uartes.edu.ec\\\/sitio\\\/\",\"logo\":{\"@type\":\"ImageObject\",\"inLanguage\":\"es\",\"@id\":\"https:\\\/\\\/www.uartes.edu.ec\\\/sitio\\\/#\\\/schema\\\/logo\\\/image\\\/\",\"url\":\"https:\\\/\\\/www.uartes.edu.ec\\\/sitio\\\/wp-content\\\/uploads\\\/2022\\\/07\\\/logo-ua-horizontal.png\",\"contentUrl\":\"https:\\\/\\\/www.uartes.edu.ec\\\/sitio\\\/wp-content\\\/uploads\\\/2022\\\/07\\\/logo-ua-horizontal.png\",\"width\":800,\"height\":276,\"caption\":\"Universidad de las Artes\"},\"image\":{\"@id\":\"https:\\\/\\\/www.uartes.edu.ec\\\/sitio\\\/#\\\/schema\\\/logo\\\/image\\\/\"},\"sameAs\":[\"https:\\\/\\\/www.facebook.com\\\/uartesec\",\"https:\\\/\\\/x.com\\\/uartesec\",\"https:\\\/\\\/www.tiktok.com\\\/@uartesec\"]},{\"@type\":\"Person\",\"@id\":\"https:\\\/\\\/www.uartes.edu.ec\\\/sitio\\\/#\\\/schema\\\/person\\\/efa1b8275797664fd7f13a79ccc0b1f4\",\"name\":\"ccortez\",\"image\":{\"@type\":\"ImageObject\",\"inLanguage\":\"es\",\"@id\":\"https:\\\/\\\/secure.gravatar.com\\\/avatar\\\/b2a6f664a3ae8e074346ef91775736c5ec479e637ecced6842de9dc98b5da9cd?s=96&d=mm&r=g\",\"url\":\"https:\\\/\\\/secure.gravatar.com\\\/avatar\\\/b2a6f664a3ae8e074346ef91775736c5ec479e637ecced6842de9dc98b5da9cd?s=96&d=mm&r=g\",\"contentUrl\":\"https:\\\/\\\/secure.gravatar.com\\\/avatar\\\/b2a6f664a3ae8e074346ef91775736c5ec479e637ecced6842de9dc98b5da9cd?s=96&d=mm&r=g\",\"caption\":\"ccortez\"},\"url\":\"https:\\\/\\\/www.uartes.edu.ec\\\/sitio\\\/blog\\\/author\\\/ccortez\\\/\"}]}<\/script>\n<!-- \/ Yoast SEO plugin. -->","yoast_head_json":{"title":"Universidad de las Artes - \u201cVida y legado\u201d, muestra inaugurada en la CCENG en homenaje a Hern\u00e1n Z\u00fa\u00f1iga por las seis d\u00e9cadas que ha dedicado al arte","description":"Universidad de las Artes - \u201cVida y legado\u201d, muestra inaugurada en la CCENG en homenaje a Hern\u00e1n Z\u00fa\u00f1iga por las seis d\u00e9cadas que ha dedicado al arte","robots":{"index":"index","follow":"follow","max-snippet":"max-snippet:-1","max-image-preview":"max-image-preview:large","max-video-preview":"max-video-preview:-1"},"canonical":"https:\/\/www.uartes.edu.ec\/sitio\/blog\/2024\/07\/11\/vida-y-legado-muestra-inaugurada-en-la-cceng-en-homenaje-a-hernan-zuniga-por-las-seis-decadas-que-ha-dedicado-al-arte\/","og_locale":"es_ES","og_type":"article","og_title":"Universidad de las Artes - \u201cVida y legado\u201d, muestra inaugurada en la CCENG en homenaje a Hern\u00e1n Z\u00fa\u00f1iga por las seis d\u00e9cadas que ha dedicado al arte","og_description":"Universidad de las Artes - \u201cVida y legado\u201d, muestra inaugurada en la CCENG en homenaje a Hern\u00e1n Z\u00fa\u00f1iga por las seis d\u00e9cadas que ha dedicado al arte","og_url":"https:\/\/www.uartes.edu.ec\/sitio\/blog\/2024\/07\/11\/vida-y-legado-muestra-inaugurada-en-la-cceng-en-homenaje-a-hernan-zuniga-por-las-seis-decadas-que-ha-dedicado-al-arte\/","og_site_name":"Universidad de las Artes","article_publisher":"https:\/\/www.facebook.com\/uartesec","article_published_time":"2024-07-11T18:42:34+00:00","article_modified_time":"2024-07-25T14:52:12+00:00","og_image":[{"width":2000,"height":1333,"url":"https:\/\/www.uartes.edu.ec\/sitio\/wp-content\/uploads\/2024\/07\/10-HOMENAJE-HZA.jpg","type":"image\/jpeg"}],"author":"ccortez","twitter_card":"summary_large_image","twitter_creator":"@uartesec","twitter_site":"@uartesec","twitter_misc":{"Escrito por":"ccortez","Tiempo de lectura":"6 minutos"},"schema":{"@context":"https:\/\/schema.org","@graph":[{"@type":"Article","@id":"https:\/\/www.uartes.edu.ec\/sitio\/blog\/2024\/07\/11\/vida-y-legado-muestra-inaugurada-en-la-cceng-en-homenaje-a-hernan-zuniga-por-las-seis-decadas-que-ha-dedicado-al-arte\/#article","isPartOf":{"@id":"https:\/\/www.uartes.edu.ec\/sitio\/blog\/2024\/07\/11\/vida-y-legado-muestra-inaugurada-en-la-cceng-en-homenaje-a-hernan-zuniga-por-las-seis-decadas-que-ha-dedicado-al-arte\/"},"author":{"name":"ccortez","@id":"https:\/\/www.uartes.edu.ec\/sitio\/#\/schema\/person\/efa1b8275797664fd7f13a79ccc0b1f4"},"headline":"\u201cVida y legado\u201d, muestra inaugurada en la CCENG en homenaje a Hern\u00e1n Z\u00fa\u00f1iga por las seis d\u00e9cadas que ha dedicado al arte","datePublished":"2024-07-11T18:42:34+00:00","dateModified":"2024-07-25T14:52:12+00:00","mainEntityOfPage":{"@id":"https:\/\/www.uartes.edu.ec\/sitio\/blog\/2024\/07\/11\/vida-y-legado-muestra-inaugurada-en-la-cceng-en-homenaje-a-hernan-zuniga-por-las-seis-decadas-que-ha-dedicado-al-arte\/"},"wordCount":1232,"commentCount":0,"publisher":{"@id":"https:\/\/www.uartes.edu.ec\/sitio\/#organization"},"image":{"@id":"https:\/\/www.uartes.edu.ec\/sitio\/blog\/2024\/07\/11\/vida-y-legado-muestra-inaugurada-en-la-cceng-en-homenaje-a-hernan-zuniga-por-las-seis-decadas-que-ha-dedicado-al-arte\/#primaryimage"},"thumbnailUrl":"https:\/\/www.uartes.edu.ec\/sitio\/wp-content\/uploads\/2024\/07\/10-HOMENAJE-HZA.jpg","keywords":["reconocimiento"],"articleSection":["Acad\u00e9mico","Artes","Artes Visuales","Docentes","Rectorado"],"inLanguage":"es","potentialAction":[{"@type":"CommentAction","name":"Comment","target":["https:\/\/www.uartes.edu.ec\/sitio\/blog\/2024\/07\/11\/vida-y-legado-muestra-inaugurada-en-la-cceng-en-homenaje-a-hernan-zuniga-por-las-seis-decadas-que-ha-dedicado-al-arte\/#respond"]}]},{"@type":["WebPage","ItemPage"],"@id":"https:\/\/www.uartes.edu.ec\/sitio\/blog\/2024\/07\/11\/vida-y-legado-muestra-inaugurada-en-la-cceng-en-homenaje-a-hernan-zuniga-por-las-seis-decadas-que-ha-dedicado-al-arte\/","url":"https:\/\/www.uartes.edu.ec\/sitio\/blog\/2024\/07\/11\/vida-y-legado-muestra-inaugurada-en-la-cceng-en-homenaje-a-hernan-zuniga-por-las-seis-decadas-que-ha-dedicado-al-arte\/","name":"Universidad de las Artes - \u201cVida y legado\u201d, muestra inaugurada en la CCENG en homenaje a Hern\u00e1n Z\u00fa\u00f1iga por las seis d\u00e9cadas que ha dedicado al arte","isPartOf":{"@id":"https:\/\/www.uartes.edu.ec\/sitio\/#website"},"primaryImageOfPage":{"@id":"https:\/\/www.uartes.edu.ec\/sitio\/blog\/2024\/07\/11\/vida-y-legado-muestra-inaugurada-en-la-cceng-en-homenaje-a-hernan-zuniga-por-las-seis-decadas-que-ha-dedicado-al-arte\/#primaryimage"},"image":{"@id":"https:\/\/www.uartes.edu.ec\/sitio\/blog\/2024\/07\/11\/vida-y-legado-muestra-inaugurada-en-la-cceng-en-homenaje-a-hernan-zuniga-por-las-seis-decadas-que-ha-dedicado-al-arte\/#primaryimage"},"thumbnailUrl":"https:\/\/www.uartes.edu.ec\/sitio\/wp-content\/uploads\/2024\/07\/10-HOMENAJE-HZA.jpg","datePublished":"2024-07-11T18:42:34+00:00","dateModified":"2024-07-25T14:52:12+00:00","description":"Universidad de las Artes - \u201cVida y legado\u201d, muestra inaugurada en la CCENG en homenaje a Hern\u00e1n Z\u00fa\u00f1iga por las seis d\u00e9cadas que ha dedicado al arte","breadcrumb":{"@id":"https:\/\/www.uartes.edu.ec\/sitio\/blog\/2024\/07\/11\/vida-y-legado-muestra-inaugurada-en-la-cceng-en-homenaje-a-hernan-zuniga-por-las-seis-decadas-que-ha-dedicado-al-arte\/#breadcrumb"},"inLanguage":"es","potentialAction":[{"@type":"ReadAction","target":["https:\/\/www.uartes.edu.ec\/sitio\/blog\/2024\/07\/11\/vida-y-legado-muestra-inaugurada-en-la-cceng-en-homenaje-a-hernan-zuniga-por-las-seis-decadas-que-ha-dedicado-al-arte\/"]}]},{"@type":"ImageObject","inLanguage":"es","@id":"https:\/\/www.uartes.edu.ec\/sitio\/blog\/2024\/07\/11\/vida-y-legado-muestra-inaugurada-en-la-cceng-en-homenaje-a-hernan-zuniga-por-las-seis-decadas-que-ha-dedicado-al-arte\/#primaryimage","url":"https:\/\/www.uartes.edu.ec\/sitio\/wp-content\/uploads\/2024\/07\/10-HOMENAJE-HZA.jpg","contentUrl":"https:\/\/www.uartes.edu.ec\/sitio\/wp-content\/uploads\/2024\/07\/10-HOMENAJE-HZA.jpg","width":2000,"height":1333},{"@type":"BreadcrumbList","@id":"https:\/\/www.uartes.edu.ec\/sitio\/blog\/2024\/07\/11\/vida-y-legado-muestra-inaugurada-en-la-cceng-en-homenaje-a-hernan-zuniga-por-las-seis-decadas-que-ha-dedicado-al-arte\/#breadcrumb","itemListElement":[{"@type":"ListItem","position":1,"name":"Inicio","item":"https:\/\/www.uartes.edu.ec\/sitio\/"},{"@type":"ListItem","position":2,"name":"\u201cVida y legado\u201d, muestra inaugurada en la CCENG en homenaje a Hern\u00e1n Z\u00fa\u00f1iga por las seis d\u00e9cadas que ha dedicado al arte"}]},{"@type":"WebSite","@id":"https:\/\/www.uartes.edu.ec\/sitio\/#website","url":"https:\/\/www.uartes.edu.ec\/sitio\/","name":"Universidad de las Artes","description":"Sitio oficial de la Universidad Nacional de las Artes del Ecuador","publisher":{"@id":"https:\/\/www.uartes.edu.ec\/sitio\/#organization"},"potentialAction":[{"@type":"SearchAction","target":{"@type":"EntryPoint","urlTemplate":"https:\/\/www.uartes.edu.ec\/sitio\/?s={search_term_string}"},"query-input":{"@type":"PropertyValueSpecification","valueRequired":true,"valueName":"search_term_string"}}],"inLanguage":"es"},{"@type":"Organization","@id":"https:\/\/www.uartes.edu.ec\/sitio\/#organization","name":"Universidad de las Artes","url":"https:\/\/www.uartes.edu.ec\/sitio\/","logo":{"@type":"ImageObject","inLanguage":"es","@id":"https:\/\/www.uartes.edu.ec\/sitio\/#\/schema\/logo\/image\/","url":"https:\/\/www.uartes.edu.ec\/sitio\/wp-content\/uploads\/2022\/07\/logo-ua-horizontal.png","contentUrl":"https:\/\/www.uartes.edu.ec\/sitio\/wp-content\/uploads\/2022\/07\/logo-ua-horizontal.png","width":800,"height":276,"caption":"Universidad de las Artes"},"image":{"@id":"https:\/\/www.uartes.edu.ec\/sitio\/#\/schema\/logo\/image\/"},"sameAs":["https:\/\/www.facebook.com\/uartesec","https:\/\/x.com\/uartesec","https:\/\/www.tiktok.com\/@uartesec"]},{"@type":"Person","@id":"https:\/\/www.uartes.edu.ec\/sitio\/#\/schema\/person\/efa1b8275797664fd7f13a79ccc0b1f4","name":"ccortez","image":{"@type":"ImageObject","inLanguage":"es","@id":"https:\/\/secure.gravatar.com\/avatar\/b2a6f664a3ae8e074346ef91775736c5ec479e637ecced6842de9dc98b5da9cd?s=96&d=mm&r=g","url":"https:\/\/secure.gravatar.com\/avatar\/b2a6f664a3ae8e074346ef91775736c5ec479e637ecced6842de9dc98b5da9cd?s=96&d=mm&r=g","contentUrl":"https:\/\/secure.gravatar.com\/avatar\/b2a6f664a3ae8e074346ef91775736c5ec479e637ecced6842de9dc98b5da9cd?s=96&d=mm&r=g","caption":"ccortez"},"url":"https:\/\/www.uartes.edu.ec\/sitio\/blog\/author\/ccortez\/"}]}},"uagb_featured_image_src":{"full":["https:\/\/www.uartes.edu.ec\/sitio\/wp-content\/uploads\/2024\/07\/10-HOMENAJE-HZA.jpg",2000,1333,false],"thumbnail":["https:\/\/www.uartes.edu.ec\/sitio\/wp-content\/uploads\/2024\/07\/10-HOMENAJE-HZA-150x150.jpg",150,150,true],"medium":["https:\/\/www.uartes.edu.ec\/sitio\/wp-content\/uploads\/2024\/07\/10-HOMENAJE-HZA-300x200.jpg",300,200,true],"medium_large":["https:\/\/www.uartes.edu.ec\/sitio\/wp-content\/uploads\/2024\/07\/10-HOMENAJE-HZA-768x512.jpg",768,512,true],"large":["https:\/\/www.uartes.edu.ec\/sitio\/wp-content\/uploads\/2024\/07\/10-HOMENAJE-HZA-644x429.jpg",644,429,true],"1536x1536":["https:\/\/www.uartes.edu.ec\/sitio\/wp-content\/uploads\/2024\/07\/10-HOMENAJE-HZA-1536x1024.jpg",1536,1024,true],"2048x2048":["https:\/\/www.uartes.edu.ec\/sitio\/wp-content\/uploads\/2024\/07\/10-HOMENAJE-HZA.jpg",2000,1333,false],"trp-custom-language-flag":["https:\/\/www.uartes.edu.ec\/sitio\/wp-content\/uploads\/2024\/07\/10-HOMENAJE-HZA-18x12.jpg",18,12,true],"htmega_size_585x295":["https:\/\/www.uartes.edu.ec\/sitio\/wp-content\/uploads\/2024\/07\/10-HOMENAJE-HZA-585x295.jpg",585,295,true],"htmega_size_1170x536":["https:\/\/www.uartes.edu.ec\/sitio\/wp-content\/uploads\/2024\/07\/10-HOMENAJE-HZA-1170x536.jpg",1170,536,true],"htmega_size_396x360":["https:\/\/www.uartes.edu.ec\/sitio\/wp-content\/uploads\/2024\/07\/10-HOMENAJE-HZA-396x360.jpg",396,360,true],"gb-block-post-grid-landscape":["https:\/\/www.uartes.edu.ec\/sitio\/wp-content\/uploads\/2024\/07\/10-HOMENAJE-HZA.jpg",600,400,false],"gb-block-post-grid-square":["https:\/\/www.uartes.edu.ec\/sitio\/wp-content\/uploads\/2024\/07\/10-HOMENAJE-HZA.jpg",600,400,false],"university-hub-thumb":["https:\/\/www.uartes.edu.ec\/sitio\/wp-content\/uploads\/2024\/07\/10-HOMENAJE-HZA-400x267.jpg",400,267,true]},"uagb_author_info":{"display_name":"ccortez","author_link":"https:\/\/www.uartes.edu.ec\/sitio\/blog\/author\/ccortez\/"},"uagb_comment_info":0,"uagb_excerpt":"En reconocimiento a la trayectoria del maestro Hern\u00e1n Z\u00fa\u00f1iga Alb\u00e1n, docente de la Universidad de las Artes, quien lleva seis d\u00e9cadas de una multidisciplinaria y prol\u00edfica producci\u00f3n art\u00edstica, se inaugur\u00f3 este martes 9 de julio la muestra \u201cVida y legado\u201d, en el Museo Manuel Rend\u00f3n Seminario de la Casa de la Cultura Ecuatoriana N\u00facleo del&hellip;","featured_image_src":"https:\/\/www.uartes.edu.ec\/sitio\/wp-content\/uploads\/2024\/07\/10-HOMENAJE-HZA.jpg","featured_image_src_square":"https:\/\/www.uartes.edu.ec\/sitio\/wp-content\/uploads\/2024\/07\/10-HOMENAJE-HZA.jpg","author_info":{"display_name":"ccortez","author_link":"https:\/\/www.uartes.edu.ec\/sitio\/blog\/author\/ccortez\/"},"publishpress_future_workflow_manual_trigger":{"enabledWorkflows":[]},"distributor_meta":false,"distributor_terms":false,"distributor_media":false,"distributor_original_site_name":"Universidad de las Artes","distributor_original_site_url":"https:\/\/www.uartes.edu.ec\/sitio","push-errors":false,"_links":{"self":[{"href":"https:\/\/www.uartes.edu.ec\/sitio\/wp-json\/wp\/v2\/posts\/58362","targetHints":{"allow":["GET"]}}],"collection":[{"href":"https:\/\/www.uartes.edu.ec\/sitio\/wp-json\/wp\/v2\/posts"}],"about":[{"href":"https:\/\/www.uartes.edu.ec\/sitio\/wp-json\/wp\/v2\/types\/post"}],"author":[{"embeddable":true,"href":"https:\/\/www.uartes.edu.ec\/sitio\/wp-json\/wp\/v2\/users\/10"}],"replies":[{"embeddable":true,"href":"https:\/\/www.uartes.edu.ec\/sitio\/wp-json\/wp\/v2\/comments?post=58362"}],"version-history":[{"count":13,"href":"https:\/\/www.uartes.edu.ec\/sitio\/wp-json\/wp\/v2\/posts\/58362\/revisions"}],"predecessor-version":[{"id":59176,"href":"https:\/\/www.uartes.edu.ec\/sitio\/wp-json\/wp\/v2\/posts\/58362\/revisions\/59176"}],"wp:featuredmedia":[{"embeddable":true,"href":"https:\/\/www.uartes.edu.ec\/sitio\/wp-json\/wp\/v2\/media\/58364"}],"wp:attachment":[{"href":"https:\/\/www.uartes.edu.ec\/sitio\/wp-json\/wp\/v2\/media?parent=58362"}],"wp:term":[{"taxonomy":"category","embeddable":true,"href":"https:\/\/www.uartes.edu.ec\/sitio\/wp-json\/wp\/v2\/categories?post=58362"},{"taxonomy":"post_tag","embeddable":true,"href":"https:\/\/www.uartes.edu.ec\/sitio\/wp-json\/wp\/v2\/tags?post=58362"},{"taxonomy":"infouartes","embeddable":true,"href":"https:\/\/www.uartes.edu.ec\/sitio\/wp-json\/wp\/v2\/infouartes?post=58362"}],"curies":[{"name":"wp","href":"https:\/\/api.w.org\/{rel}","templated":true}]}}