{"id":58401,"date":"2024-07-11T14:40:00","date_gmt":"2024-07-11T19:40:00","guid":{"rendered":"https:\/\/www.uartes.edu.ec\/sitio\/?p=58401"},"modified":"2024-07-27T22:25:42","modified_gmt":"2024-07-28T03:25:42","slug":"jimi-vilema-graduado-de-la-carrera-de-cine-en-campana-para-concluir-corto-lucia-del-cual-es-su-productor","status":"publish","type":"post","link":"https:\/\/www.uartes.edu.ec\/sitio\/blog\/2024\/07\/11\/jimi-vilema-graduado-de-la-carrera-de-cine-en-campana-para-concluir-corto-lucia-del-cual-es-su-productor\/","title":{"rendered":"Jimi Vilema, graduado de la carrera de Cine, impulsa campa\u00f1a para concluir el corto \u201cLuc\u00eda\u201d del cual es su productor"},"content":{"rendered":"\n<p><em>Luc\u00eda<\/em> es un proyecto que creado con talento construido en la Universidad de las Artes, en las carreras de Cine, Creaci\u00f3n Teatral, M\u00fasica y Danza. Jimi Vilema, graduado UArtes en 2022, lo comenta en alusi\u00f3n al cortometraje del cual es su productor. Lo desarroll\u00f3 junto a Isabela Bonilla y Amari Grunauer, en la direcci\u00f3n, quienes a los 17 a\u00f1os obtuvieron del IFCI (Instituto de Fomento a la Creatividad y la Innovaci\u00f3n) el reconocimiento de mejor guion para su propuesta.<\/p>\n\n\n\n<p>El g\u00e9nero del cortometraje <em>Luc\u00eda<\/em> es de terror psicol\u00f3gico y narra la pelea interna de una solitaria mujer contra el caos de su mente, donde nada es lo que parece. Una historia que habla de la importancia de la salud mental y que busca dar voz a m\u00e1s mujeres y nuevos talentos, expresa Vilema.<\/p>\n\n\n\n<p>Agrega que su enfoque como productor ha sido crear historias que hagan saltar al espectador de su asiento, pero con un trasfondo social que genere un impacto positivo, mezclando el entusiasmo de j\u00f3venes talentos con la experiencia de grandes profesionales del cine. Por ello, para concluir la posproducci\u00f3n de la propuesta f\u00edlmica impulsa la campa\u00f1a de crowdfunding #TodosSomosLucia.<\/p>\n\n\n<div class=\"wp-block-image\">\n<figure class=\"aligncenter size-large\"><img fetchpriority=\"high\" decoding=\"async\" width=\"644\" height=\"429\" src=\"https:\/\/www.uartes.edu.ec\/sitio\/wp-content\/uploads\/2024\/07\/04-CORTOMETRAJE-LUCIA-644x429.jpg\" alt=\"\" class=\"wp-image-58403\" srcset=\"https:\/\/www.uartes.edu.ec\/sitio\/wp-content\/uploads\/2024\/07\/04-CORTOMETRAJE-LUCIA-644x429.jpg 644w, https:\/\/www.uartes.edu.ec\/sitio\/wp-content\/uploads\/2024\/07\/04-CORTOMETRAJE-LUCIA-300x200.jpg 300w, https:\/\/www.uartes.edu.ec\/sitio\/wp-content\/uploads\/2024\/07\/04-CORTOMETRAJE-LUCIA-768x512.jpg 768w, https:\/\/www.uartes.edu.ec\/sitio\/wp-content\/uploads\/2024\/07\/04-CORTOMETRAJE-LUCIA-1536x1024.jpg 1536w, https:\/\/www.uartes.edu.ec\/sitio\/wp-content\/uploads\/2024\/07\/04-CORTOMETRAJE-LUCIA-18x12.jpg 18w, https:\/\/www.uartes.edu.ec\/sitio\/wp-content\/uploads\/2024\/07\/04-CORTOMETRAJE-LUCIA-400x267.jpg 400w, https:\/\/www.uartes.edu.ec\/sitio\/wp-content\/uploads\/2024\/07\/04-CORTOMETRAJE-LUCIA-272x182.jpg 272w, https:\/\/www.uartes.edu.ec\/sitio\/wp-content\/uploads\/2024\/07\/04-CORTOMETRAJE-LUCIA.jpg 2000w\" sizes=\"(max-width: 644px) 100vw, 644px\" \/><\/figure>\n<\/div>\n\n\n<p>Acerca de la g\u00e9nesis del proyecto, de las j\u00f3venes directoras y de las motivaciones para desarrollar el proyecto, Vilema revela que conoci\u00f3 a Isabela Bonilla y Amari Grunauer cuando ellas ten\u00edan 16 a\u00f1os. Una amiga los contact\u00f3, manifest\u00e1ndole el deseo de grabar una historia que escribieron juntas durante el confinamiento por el COVID-19.<\/p>\n\n\n\n<p>\u201cTodo lo que hab\u00edan escrito y su estructura lo consiguieron mediante tutoriales y sitios web de c\u00f3mo escribir un guion de cine. Al leer el guion y mantener una primera reuni\u00f3n virtual con ellas me llam\u00f3 la atenci\u00f3n dos puntos que me animaron a aceptar producir el cortometraje: el entusiasmo y la correcta escritura de un guion de cine\u201d, anota Vilema.<\/p>\n\n\n\n<p>Reconoce que estaba consciente del arduo trabajo que tendr\u00eda, pues deb\u00eda \u2013primero\u2013ense\u00f1arles el lenguaje cinematogr\u00e1fico que la historia requer\u00eda y mantener su voz durante todos los procesos.&nbsp;Sin embargo, el poder brindar el apoyo que hubiera querido recibir en sus inicios en el cine result\u00f3 una motivaci\u00f3n.<\/p>\n\n\n<div class=\"wp-block-image\">\n<figure class=\"aligncenter size-large\"><img decoding=\"async\" width=\"644\" height=\"429\" src=\"https:\/\/www.uartes.edu.ec\/sitio\/wp-content\/uploads\/2024\/07\/05-CORTOMETRAJE-LUCIA-644x429.jpg\" alt=\"\" class=\"wp-image-58404\" srcset=\"https:\/\/www.uartes.edu.ec\/sitio\/wp-content\/uploads\/2024\/07\/05-CORTOMETRAJE-LUCIA-644x429.jpg 644w, https:\/\/www.uartes.edu.ec\/sitio\/wp-content\/uploads\/2024\/07\/05-CORTOMETRAJE-LUCIA-300x200.jpg 300w, https:\/\/www.uartes.edu.ec\/sitio\/wp-content\/uploads\/2024\/07\/05-CORTOMETRAJE-LUCIA-768x512.jpg 768w, https:\/\/www.uartes.edu.ec\/sitio\/wp-content\/uploads\/2024\/07\/05-CORTOMETRAJE-LUCIA-1536x1024.jpg 1536w, https:\/\/www.uartes.edu.ec\/sitio\/wp-content\/uploads\/2024\/07\/05-CORTOMETRAJE-LUCIA-18x12.jpg 18w, https:\/\/www.uartes.edu.ec\/sitio\/wp-content\/uploads\/2024\/07\/05-CORTOMETRAJE-LUCIA-400x267.jpg 400w, https:\/\/www.uartes.edu.ec\/sitio\/wp-content\/uploads\/2024\/07\/05-CORTOMETRAJE-LUCIA-272x182.jpg 272w, https:\/\/www.uartes.edu.ec\/sitio\/wp-content\/uploads\/2024\/07\/05-CORTOMETRAJE-LUCIA.jpg 2000w\" sizes=\"(max-width: 644px) 100vw, 644px\" \/><\/figure>\n<\/div>\n\n\n<p>\u201cDurante los primeros meses trabajamos arduamente con Adriana Alvarado, quien ayud\u00f3 a estructurar de mejor manera una historia que comenzaba a caminar por s\u00ed sola, mientras busc\u00e1bamos el financiamiento para realizar la producci\u00f3n. Supe que \u00edbamos por buen camino cuando Josu\u00e9 Miranda, director de fotograf\u00eda de varias pel\u00edculas en Ecuador y director de <em>La Dama Tapada,<\/em> la primera de terror hecha en el pa\u00eds, acept\u00f3 colaborar\u201d.&nbsp;<\/p>\n\n\n\n<p>Tiempo despu\u00e9s, agrega, recibieron la notificaci\u00f3n de que hab\u00edan ganado el reconocimiento del IFCI. \u201cHubo gratos comentarios que aplaud\u00edan el trabajo hecho y el \u00edmpetu de Isabela y Amauri por querer contar una historia fuerte que habla de la salud mental, as\u00ed como de la realidad de las personas que sufren trastornos mentales; una historia tan cruda como la realidad misma\u201d.<\/p>\n\n\n\n<p>Al revisar los elementos externos del cortometraje, como la canci\u00f3n, descubrieron lo costoso que pueden resultar los derechos, indica. \u201cSi&nbsp;bien el guion propon\u00eda el tema <em>Where or When<\/em> de Peggy Lee, el costo nos alejaba de la idea de contar con esa pieza dentro del corto. Surgi\u00f3 entonces una idea arriesgada, pero que enriquecer\u00eda el cortometraje: crear nuestra propia canci\u00f3n interpretada por Isabela, quien con miedos acept\u00f3 hacerlo. Adem\u00e1s de escribir, ella cuenta con una voz y un talento musical incre\u00edbles y aunque nunca hab\u00eda realizado una interpretaci\u00f3n fuera de su dormitorio, siendo ella su \u00fanico espectador, logr\u00f3 componer una canci\u00f3n desde cero, la cual ahora protagoniza el cortometraje; se llama <em>Inevitable Ways<\/em>\u201d.&nbsp;&nbsp;<\/p>\n\n\n<div class=\"wp-block-image\">\n<figure class=\"aligncenter size-large\"><img decoding=\"async\" width=\"644\" height=\"429\" src=\"https:\/\/www.uartes.edu.ec\/sitio\/wp-content\/uploads\/2024\/07\/06-CORTOMETRAJE-LUCIA-644x429.jpg\" alt=\"\" class=\"wp-image-58405\" srcset=\"https:\/\/www.uartes.edu.ec\/sitio\/wp-content\/uploads\/2024\/07\/06-CORTOMETRAJE-LUCIA-644x429.jpg 644w, https:\/\/www.uartes.edu.ec\/sitio\/wp-content\/uploads\/2024\/07\/06-CORTOMETRAJE-LUCIA-300x200.jpg 300w, https:\/\/www.uartes.edu.ec\/sitio\/wp-content\/uploads\/2024\/07\/06-CORTOMETRAJE-LUCIA-768x512.jpg 768w, https:\/\/www.uartes.edu.ec\/sitio\/wp-content\/uploads\/2024\/07\/06-CORTOMETRAJE-LUCIA-1536x1024.jpg 1536w, https:\/\/www.uartes.edu.ec\/sitio\/wp-content\/uploads\/2024\/07\/06-CORTOMETRAJE-LUCIA-18x12.jpg 18w, https:\/\/www.uartes.edu.ec\/sitio\/wp-content\/uploads\/2024\/07\/06-CORTOMETRAJE-LUCIA-400x267.jpg 400w, https:\/\/www.uartes.edu.ec\/sitio\/wp-content\/uploads\/2024\/07\/06-CORTOMETRAJE-LUCIA-272x182.jpg 272w, https:\/\/www.uartes.edu.ec\/sitio\/wp-content\/uploads\/2024\/07\/06-CORTOMETRAJE-LUCIA.jpg 2000w\" sizes=\"(max-width: 644px) 100vw, 644px\" \/><\/figure>\n<\/div>\n\n\n<p>De c\u00f3mo conformar la crew para la realizaci\u00f3n del corto, Vilema indica que analizaron tres premisas:&nbsp;mezclar la experiencia con j\u00f3venes talentos; integrar mayoritariamente a mujeres, a fin de lograr una \u00edntima comprensi\u00f3n de la historia; y conformar un grupo que respete la visi\u00f3n de las dos directoras pese a la inexperiencia y edad\u201d.&nbsp;<\/p>\n\n\n\n<p>Al equipo se unieron compa\u00f1eros que Vilema hab\u00eda conocido&nbsp;durante su preparaci\u00f3n acad\u00e9mica en la UArtes y otros de cuyo trabajo en los laboratorios de rodajes hab\u00eda escuchado. A la realizaci\u00f3n del corto se suman: D\u00e9bora Rosero, productora de arte; Mayro Romero, directora de arte; Andrea Portillo, dise\u00f1adora de sonido; G\u00e9nesis Barahona, vestuarista; Andrea Sarango, maquillista; Jonathan Mu\u00f1oz, segundo de c\u00e1mara; Diego Coello, foquista; Arturo Moreno, microfonista; Selene Ch\u00e1vez, productora de campo; Jahaira Pilligua, continuista; y Khristel&nbsp;Ortiz, coach de baile.<\/p>\n\n\n\n<p>Con su experiencia aportaron Josu\u00e9 Miranda, como director de fotograf\u00eda; Michelle Prendes, como productora ejecutiva; Xavier Andrade, como scrip doctor; Alberto Pablo, como tutor de direcci\u00f3n; Iv\u00e1n Mora, en la musicalizaci\u00f3n; y Pablo Encalada, en la mezcla y doblaje \u201cTalvez se me escapen algunos nombres porque la lista de quienes que nos han ayudado a llegar a donde estamos es larga\u201d.<\/p>\n\n\n<div class=\"wp-block-image\">\n<figure class=\"aligncenter size-large\"><img loading=\"lazy\" decoding=\"async\" width=\"644\" height=\"429\" src=\"https:\/\/www.uartes.edu.ec\/sitio\/wp-content\/uploads\/2024\/07\/01-CORTOMETRAJE-LUCIA-644x429.jpg\" alt=\"\" class=\"wp-image-58406\" srcset=\"https:\/\/www.uartes.edu.ec\/sitio\/wp-content\/uploads\/2024\/07\/01-CORTOMETRAJE-LUCIA-644x429.jpg 644w, https:\/\/www.uartes.edu.ec\/sitio\/wp-content\/uploads\/2024\/07\/01-CORTOMETRAJE-LUCIA-300x200.jpg 300w, https:\/\/www.uartes.edu.ec\/sitio\/wp-content\/uploads\/2024\/07\/01-CORTOMETRAJE-LUCIA-768x512.jpg 768w, https:\/\/www.uartes.edu.ec\/sitio\/wp-content\/uploads\/2024\/07\/01-CORTOMETRAJE-LUCIA-1536x1024.jpg 1536w, https:\/\/www.uartes.edu.ec\/sitio\/wp-content\/uploads\/2024\/07\/01-CORTOMETRAJE-LUCIA-18x12.jpg 18w, https:\/\/www.uartes.edu.ec\/sitio\/wp-content\/uploads\/2024\/07\/01-CORTOMETRAJE-LUCIA-400x267.jpg 400w, https:\/\/www.uartes.edu.ec\/sitio\/wp-content\/uploads\/2024\/07\/01-CORTOMETRAJE-LUCIA-272x182.jpg 272w, https:\/\/www.uartes.edu.ec\/sitio\/wp-content\/uploads\/2024\/07\/01-CORTOMETRAJE-LUCIA.jpg 2000w\" sizes=\"(max-width: 644px) 100vw, 644px\" \/><\/figure>\n<\/div>\n\n\n<p>En cuanto al proceso de casting, el graduado UArtes se\u00f1ala que fue especial, ya que como era la primera vez que Bonilla y Grunauer iban a ver su guion materializado result\u00f3 una gran prueba para identificar errores y aciertos. \u201cLuego de varias jordanas logramos elegir a quienes dar\u00edan rostro a esta historia: Mar\u00eda Paullet Ar\u00e9valo, como la protagonista adulta; Anais Rodr\u00edguez, en la piel de Camila; Anelie Ch\u00e1vez, como Luc\u00eda ni\u00f1a; Valentina Mor\u00e1n, como Renata; Michelle Prendes, como la mam\u00e1 de Luc\u00eda; I\u00f1aqui Moreno, como el pap\u00e1 de Luc\u00eda\u201d.<\/p>\n\n\n\n<p>Tras quince d\u00edas de preproducci\u00f3n, explica Vilema, llegaron los d\u00edas del rodaje donde se ver\u00eda si el trabajo realizado hasta ese momento era suficiente.&nbsp;\u201cRecuerdo que esa tarde y noche, el gobierno anunci\u00f3 los primeros cortes de Luz, que comenzar\u00edan justamente durante nuestra primera jornada. Corr\u00edamos en c\u00edrculos tratando de averiguar si en las locaciones en esos horarios hab\u00eda luz, pero nadie ten\u00eda la informaci\u00f3n certera. Afortunadamente nuestra crew supo c\u00f3mo resolverlo y logramos conseguir (rentar) generadores que soporten el rodaje\u201d.&nbsp;<\/p>\n\n\n\t\t\t\t\t<div\n\t\t\t\t\t\tclass=\"wp-block-uagb-image-gallery uagb-block-21bbc8a1     \"\n\t\t\t\t\t\tstyle=\"\"\n\t\t\t\t\t>\n\t\t\t\t\t\t\t\t\t\t\t<div class=\"spectra-image-gallery spectra-image-gallery__layout--grid spectra-image-gallery__layout--grid-col-2 spectra-image-gallery__layout--grid-col-tab-2 spectra-image-gallery__layout--grid-col-mob-2\">\n\t\t\t\t\t\t\t\t\t\t\t<div class='spectra-image-gallery__media-wrapper' data-spectra-gallery-image-id='58409' tabindex=\"0\">\n\t\t\t\t\t\t\t<div class=\"spectra-image-gallery__media spectra-image-gallery__media--grid\">\n\t\t\t\t<picture>\n\t\t\t\t\t<source media=\"(min-width: 1024px)\" srcset=\"https:\/\/www.uartes.edu.ec\/sitio\/wp-content\/uploads\/2024\/07\/07-CORTOMETRAJE-LUCIA-644x429.jpg\">\n\t\t\t\t\t<source media=\"(min-width: 768px)\" srcset=\"https:\/\/www.uartes.edu.ec\/sitio\/wp-content\/uploads\/2024\/07\/07-CORTOMETRAJE-LUCIA-644x429.jpg\">\n\t\t\t\t\t<img decoding=\"async\" class=\"spectra-image-gallery__media-thumbnail spectra-image-gallery__media-thumbnail--grid\" src=\"https:\/\/www.uartes.edu.ec\/sitio\/wp-content\/uploads\/2024\/07\/07-CORTOMETRAJE-LUCIA-300x200.jpg\" alt=\"\" loading=\"lazy\" \/>\n\t\t\t\t<\/picture>\n\t\t\t\t<div class=\"spectra-image-gallery__media-thumbnail-blurrer\"><\/div>\n\t\t\t\t\t\t\t\t\t\t\t<div class=\"spectra-image-gallery__media-thumbnail-caption-wrapper spectra-image-gallery__media-thumbnail-caption-wrapper--overlay\">\n\t\t\t\t\t\t\t\t\t\t\t<div class=\"spectra-image-gallery__media-thumbnail-caption spectra-image-gallery__media-thumbnail-caption--overlay\">\n\t\t\t\t\tSin leyenda\t\t\t\t<\/div>\n\t\t\t\t\t\t\t\t\t\t<\/div>\n\t\t\t\t\t\t\t\t\t<\/div>\n\t\t\t\t\t\t<\/div>\n\t\t\t\t\t\t<div class='spectra-image-gallery__media-wrapper' data-spectra-gallery-image-id='58407' tabindex=\"0\">\n\t\t\t\t\t\t\t<div class=\"spectra-image-gallery__media spectra-image-gallery__media--grid\">\n\t\t\t\t<picture>\n\t\t\t\t\t<source media=\"(min-width: 1024px)\" srcset=\"https:\/\/www.uartes.edu.ec\/sitio\/wp-content\/uploads\/2024\/07\/09-CORTOMETRAJE-LUCIA-644x429.jpg\">\n\t\t\t\t\t<source media=\"(min-width: 768px)\" srcset=\"https:\/\/www.uartes.edu.ec\/sitio\/wp-content\/uploads\/2024\/07\/09-CORTOMETRAJE-LUCIA-644x429.jpg\">\n\t\t\t\t\t<img decoding=\"async\" class=\"spectra-image-gallery__media-thumbnail spectra-image-gallery__media-thumbnail--grid\" src=\"https:\/\/www.uartes.edu.ec\/sitio\/wp-content\/uploads\/2024\/07\/09-CORTOMETRAJE-LUCIA-300x200.jpg\" alt=\"\" loading=\"lazy\" \/>\n\t\t\t\t<\/picture>\n\t\t\t\t<div class=\"spectra-image-gallery__media-thumbnail-blurrer\"><\/div>\n\t\t\t\t\t\t\t\t\t\t\t<div class=\"spectra-image-gallery__media-thumbnail-caption-wrapper spectra-image-gallery__media-thumbnail-caption-wrapper--overlay\">\n\t\t\t\t\t\t\t\t\t\t\t<div class=\"spectra-image-gallery__media-thumbnail-caption spectra-image-gallery__media-thumbnail-caption--overlay\">\n\t\t\t\t\tSin leyenda\t\t\t\t<\/div>\n\t\t\t\t\t\t\t\t\t\t<\/div>\n\t\t\t\t\t\t\t\t\t<\/div>\n\t\t\t\t\t\t<\/div>\n\t\t\t\t\t\t\t\t\t\t<\/div>\n\t\t\t\t\t\t\t\t\t\t\t\t\t\t\t\t\t\t<\/div>\n\t\t\t\t\t\t\t\t\t\n\n\n<p><\/p>\n\n\n\n<p>Fueron cuatros largos d\u00edas de rodaje, pero emocionantes, asegura el productor. \u201cRevis\u00e1bamos las tomas y ve\u00edamos que en la pantalla estaba la historia que quer\u00edamos contar. Todo el trabajo hab\u00eda valido la pena\u201d.<\/p>\n\n\n\n<p>Ahora, \u201cnos encontramos en la etapa de posproducci\u00f3n e impulsando la campa\u00f1a de crowdfunding. Nuestra meta es recaudar 5 mil d\u00f3lares para concluir el proyecto, asegurar la presencia de <em>Luc\u00eda<\/em> en festivales de cine internacionales y, principalmente, llevar nuestro corto a colegios, comunidades y escuelas en un programa que hemos desarrollado junto a la Direcci\u00f3n de la Mujer del Municipio de Guayaquil, donde hablaremos del arte en los procesos de recuperaci\u00f3n de la salud mental\u201d, concluye Jimi Vilema, quien invita a colaborar o compartir para que su llamado llegue a m\u00e1s personas.&nbsp;<\/p>\n\n\n\n<p>M\u00e1s informaci\u00f3n de c\u00f3mo colaborar en la campa\u00f1a&nbsp;<a href=\"https:\/\/vaki.co\/es\/vaki\/todossomoslucia)\">https:\/\/vaki.co\/es\/vaki\/todossomoslucia)<\/a><br>Teaser&nbsp;<a href=\"https:\/\/youtu.be\/LstjMJ_egK8?si=5m6TCPVqU8dlZjul\">https:\/\/youtu.be\/LstjMJ_egK8?si=5m6TCPVqU8dlZjul<\/a><br>En redes: @toquillaFilms<\/p>\n\n\n<div class=\"wp-block-image\">\n<figure class=\"aligncenter size-large\"><img loading=\"lazy\" decoding=\"async\" width=\"644\" height=\"429\" src=\"https:\/\/www.uartes.edu.ec\/sitio\/wp-content\/uploads\/2024\/07\/08-CORTOMETRAJE-LUCIA-644x429.jpg\" alt=\"\" class=\"wp-image-58408\" srcset=\"https:\/\/www.uartes.edu.ec\/sitio\/wp-content\/uploads\/2024\/07\/08-CORTOMETRAJE-LUCIA-644x429.jpg 644w, https:\/\/www.uartes.edu.ec\/sitio\/wp-content\/uploads\/2024\/07\/08-CORTOMETRAJE-LUCIA-300x200.jpg 300w, https:\/\/www.uartes.edu.ec\/sitio\/wp-content\/uploads\/2024\/07\/08-CORTOMETRAJE-LUCIA-768x512.jpg 768w, https:\/\/www.uartes.edu.ec\/sitio\/wp-content\/uploads\/2024\/07\/08-CORTOMETRAJE-LUCIA-1536x1024.jpg 1536w, https:\/\/www.uartes.edu.ec\/sitio\/wp-content\/uploads\/2024\/07\/08-CORTOMETRAJE-LUCIA-18x12.jpg 18w, https:\/\/www.uartes.edu.ec\/sitio\/wp-content\/uploads\/2024\/07\/08-CORTOMETRAJE-LUCIA-400x267.jpg 400w, https:\/\/www.uartes.edu.ec\/sitio\/wp-content\/uploads\/2024\/07\/08-CORTOMETRAJE-LUCIA-272x182.jpg 272w, https:\/\/www.uartes.edu.ec\/sitio\/wp-content\/uploads\/2024\/07\/08-CORTOMETRAJE-LUCIA.jpg 2000w\" sizes=\"(max-width: 644px) 100vw, 644px\" \/><\/figure>\n<\/div>\n\n\n<p>Fotos: Cortes\u00eda Jimi Vilema, licenciado en Cine por la UArtes.<\/p>\n\n\n\n<p><\/p>\n","protected":false},"excerpt":{"rendered":"<p>\u201cLuc\u00eda\u201d es un proyecto creado con talento construido en la UArtes, en las carreras de Cine, Creaci\u00f3n Teatral, M\u00fasica y Danza. El alumnus Jimi Vilema lo se\u00f1ala en alusi\u00f3n al corto del cual es su productor. Lo desarroll\u00f3 con Isabela Bonilla y Amari Grunauer, en la direcci\u00f3n, quienes obtuvieron del IFCI el reconocimiento de mejor guion para su propuesta f\u00edlmica; ahora impulsan la campa\u00f1a de crowdfunding #TodosSomosLucia para concluirla.<\/p>\n","protected":false},"author":10,"featured_media":58402,"comment_status":"open","ping_status":"open","sticky":false,"template":"","format":"standard","meta":{"_acf_changed":false,"_uag_custom_page_level_css":"","_monsterinsights_skip_tracking":false,"_monsterinsights_sitenote_active":false,"_monsterinsights_sitenote_note":"","_monsterinsights_sitenote_category":0,"cybocfi_hide_featured_image":"","footnotes":""},"categories":[490,82,147,77],"tags":[518],"infouartes":[],"class_list":["post-58401","post","type-post","status-publish","format-standard","has-post-thumbnail","hentry","category-alumni","category-artes","category-cine","category-gestion","tag-produccion"],"acf":[],"yoast_head":"<!-- This site is optimized with the Yoast SEO plugin v27.4 - https:\/\/yoast.com\/product\/yoast-seo-wordpress\/ -->\n<title>Universidad de las Artes - Jimi Vilema, graduado de la carrera de Cine, impulsa campa\u00f1a para concluir el corto \u201cLuc\u00eda\u201d del cual es su productor<\/title>\n<meta name=\"description\" content=\"Universidad de las Artes - Jimi Vilema, graduado de la carrera de Cine, impulsa campa\u00f1a para concluir el corto \u201cLuc\u00eda\u201d del cual es su productor\" \/>\n<meta name=\"robots\" content=\"index, follow, max-snippet:-1, max-image-preview:large, max-video-preview:-1\" \/>\n<link rel=\"canonical\" href=\"https:\/\/www.uartes.edu.ec\/sitio\/blog\/2024\/07\/11\/jimi-vilema-graduado-de-la-carrera-de-cine-en-campana-para-concluir-corto-lucia-del-cual-es-su-productor\/\" \/>\n<meta property=\"og:locale\" content=\"es_ES\" \/>\n<meta property=\"og:type\" content=\"article\" \/>\n<meta property=\"og:title\" content=\"Universidad de las Artes - Jimi Vilema, graduado de la carrera de Cine, impulsa campa\u00f1a para concluir el corto \u201cLuc\u00eda\u201d del cual es su productor\" \/>\n<meta property=\"og:description\" content=\"Universidad de las Artes - Jimi Vilema, graduado de la carrera de Cine, impulsa campa\u00f1a para concluir el corto \u201cLuc\u00eda\u201d del cual es su productor\" \/>\n<meta property=\"og:url\" content=\"https:\/\/www.uartes.edu.ec\/sitio\/blog\/2024\/07\/11\/jimi-vilema-graduado-de-la-carrera-de-cine-en-campana-para-concluir-corto-lucia-del-cual-es-su-productor\/\" \/>\n<meta property=\"og:site_name\" content=\"Universidad de las Artes\" \/>\n<meta property=\"article:publisher\" content=\"https:\/\/www.facebook.com\/uartesec\" \/>\n<meta property=\"article:published_time\" content=\"2024-07-11T19:40:00+00:00\" \/>\n<meta property=\"article:modified_time\" content=\"2024-07-28T03:25:42+00:00\" \/>\n<meta property=\"og:image\" content=\"https:\/\/www.uartes.edu.ec\/sitio\/wp-content\/uploads\/2024\/07\/02-CORTOMETRAJE-LUCIA.jpg\" \/>\n\t<meta property=\"og:image:width\" content=\"2000\" \/>\n\t<meta property=\"og:image:height\" content=\"1333\" \/>\n\t<meta property=\"og:image:type\" content=\"image\/jpeg\" \/>\n<meta name=\"author\" content=\"ccortez\" \/>\n<meta name=\"twitter:card\" content=\"summary_large_image\" \/>\n<meta name=\"twitter:creator\" content=\"@uartesec\" \/>\n<meta name=\"twitter:site\" content=\"@uartesec\" \/>\n<meta name=\"twitter:label1\" content=\"Escrito por\" \/>\n\t<meta name=\"twitter:data1\" content=\"ccortez\" \/>\n\t<meta name=\"twitter:label2\" content=\"Tiempo de lectura\" \/>\n\t<meta name=\"twitter:data2\" content=\"7 minutos\" \/>\n<script type=\"application\/ld+json\" class=\"yoast-schema-graph\">{\"@context\":\"https:\\\/\\\/schema.org\",\"@graph\":[{\"@type\":\"Article\",\"@id\":\"https:\\\/\\\/www.uartes.edu.ec\\\/sitio\\\/blog\\\/2024\\\/07\\\/11\\\/jimi-vilema-graduado-de-la-carrera-de-cine-en-campana-para-concluir-corto-lucia-del-cual-es-su-productor\\\/#article\",\"isPartOf\":{\"@id\":\"https:\\\/\\\/www.uartes.edu.ec\\\/sitio\\\/blog\\\/2024\\\/07\\\/11\\\/jimi-vilema-graduado-de-la-carrera-de-cine-en-campana-para-concluir-corto-lucia-del-cual-es-su-productor\\\/\"},\"author\":{\"name\":\"ccortez\",\"@id\":\"https:\\\/\\\/www.uartes.edu.ec\\\/sitio\\\/#\\\/schema\\\/person\\\/efa1b8275797664fd7f13a79ccc0b1f4\"},\"headline\":\"Jimi Vilema, graduado de la carrera de Cine, impulsa campa\u00f1a para concluir el corto \u201cLuc\u00eda\u201d del cual es su productor\",\"datePublished\":\"2024-07-11T19:40:00+00:00\",\"dateModified\":\"2024-07-28T03:25:42+00:00\",\"mainEntityOfPage\":{\"@id\":\"https:\\\/\\\/www.uartes.edu.ec\\\/sitio\\\/blog\\\/2024\\\/07\\\/11\\\/jimi-vilema-graduado-de-la-carrera-de-cine-en-campana-para-concluir-corto-lucia-del-cual-es-su-productor\\\/\"},\"wordCount\":1263,\"commentCount\":0,\"publisher\":{\"@id\":\"https:\\\/\\\/www.uartes.edu.ec\\\/sitio\\\/#organization\"},\"image\":{\"@id\":\"https:\\\/\\\/www.uartes.edu.ec\\\/sitio\\\/blog\\\/2024\\\/07\\\/11\\\/jimi-vilema-graduado-de-la-carrera-de-cine-en-campana-para-concluir-corto-lucia-del-cual-es-su-productor\\\/#primaryimage\"},\"thumbnailUrl\":\"https:\\\/\\\/www.uartes.edu.ec\\\/sitio\\\/wp-content\\\/uploads\\\/2024\\\/07\\\/02-CORTOMETRAJE-LUCIA.jpg\",\"keywords\":[\"producci\u00f3n\"],\"articleSection\":[\"Alumni\",\"Artes\",\"Cine\",\"Gesti\u00f3n\"],\"inLanguage\":\"es\",\"potentialAction\":[{\"@type\":\"CommentAction\",\"name\":\"Comment\",\"target\":[\"https:\\\/\\\/www.uartes.edu.ec\\\/sitio\\\/blog\\\/2024\\\/07\\\/11\\\/jimi-vilema-graduado-de-la-carrera-de-cine-en-campana-para-concluir-corto-lucia-del-cual-es-su-productor\\\/#respond\"]}]},{\"@type\":[\"WebPage\",\"ItemPage\"],\"@id\":\"https:\\\/\\\/www.uartes.edu.ec\\\/sitio\\\/blog\\\/2024\\\/07\\\/11\\\/jimi-vilema-graduado-de-la-carrera-de-cine-en-campana-para-concluir-corto-lucia-del-cual-es-su-productor\\\/\",\"url\":\"https:\\\/\\\/www.uartes.edu.ec\\\/sitio\\\/blog\\\/2024\\\/07\\\/11\\\/jimi-vilema-graduado-de-la-carrera-de-cine-en-campana-para-concluir-corto-lucia-del-cual-es-su-productor\\\/\",\"name\":\"Universidad de las Artes - Jimi Vilema, graduado de la carrera de Cine, impulsa campa\u00f1a para concluir el corto \u201cLuc\u00eda\u201d del cual es su productor\",\"isPartOf\":{\"@id\":\"https:\\\/\\\/www.uartes.edu.ec\\\/sitio\\\/#website\"},\"primaryImageOfPage\":{\"@id\":\"https:\\\/\\\/www.uartes.edu.ec\\\/sitio\\\/blog\\\/2024\\\/07\\\/11\\\/jimi-vilema-graduado-de-la-carrera-de-cine-en-campana-para-concluir-corto-lucia-del-cual-es-su-productor\\\/#primaryimage\"},\"image\":{\"@id\":\"https:\\\/\\\/www.uartes.edu.ec\\\/sitio\\\/blog\\\/2024\\\/07\\\/11\\\/jimi-vilema-graduado-de-la-carrera-de-cine-en-campana-para-concluir-corto-lucia-del-cual-es-su-productor\\\/#primaryimage\"},\"thumbnailUrl\":\"https:\\\/\\\/www.uartes.edu.ec\\\/sitio\\\/wp-content\\\/uploads\\\/2024\\\/07\\\/02-CORTOMETRAJE-LUCIA.jpg\",\"datePublished\":\"2024-07-11T19:40:00+00:00\",\"dateModified\":\"2024-07-28T03:25:42+00:00\",\"description\":\"Universidad de las Artes - Jimi Vilema, graduado de la carrera de Cine, impulsa campa\u00f1a para concluir el corto \u201cLuc\u00eda\u201d del cual es su productor\",\"breadcrumb\":{\"@id\":\"https:\\\/\\\/www.uartes.edu.ec\\\/sitio\\\/blog\\\/2024\\\/07\\\/11\\\/jimi-vilema-graduado-de-la-carrera-de-cine-en-campana-para-concluir-corto-lucia-del-cual-es-su-productor\\\/#breadcrumb\"},\"inLanguage\":\"es\",\"potentialAction\":[{\"@type\":\"ReadAction\",\"target\":[\"https:\\\/\\\/www.uartes.edu.ec\\\/sitio\\\/blog\\\/2024\\\/07\\\/11\\\/jimi-vilema-graduado-de-la-carrera-de-cine-en-campana-para-concluir-corto-lucia-del-cual-es-su-productor\\\/\"]}]},{\"@type\":\"ImageObject\",\"inLanguage\":\"es\",\"@id\":\"https:\\\/\\\/www.uartes.edu.ec\\\/sitio\\\/blog\\\/2024\\\/07\\\/11\\\/jimi-vilema-graduado-de-la-carrera-de-cine-en-campana-para-concluir-corto-lucia-del-cual-es-su-productor\\\/#primaryimage\",\"url\":\"https:\\\/\\\/www.uartes.edu.ec\\\/sitio\\\/wp-content\\\/uploads\\\/2024\\\/07\\\/02-CORTOMETRAJE-LUCIA.jpg\",\"contentUrl\":\"https:\\\/\\\/www.uartes.edu.ec\\\/sitio\\\/wp-content\\\/uploads\\\/2024\\\/07\\\/02-CORTOMETRAJE-LUCIA.jpg\",\"width\":2000,\"height\":1333},{\"@type\":\"BreadcrumbList\",\"@id\":\"https:\\\/\\\/www.uartes.edu.ec\\\/sitio\\\/blog\\\/2024\\\/07\\\/11\\\/jimi-vilema-graduado-de-la-carrera-de-cine-en-campana-para-concluir-corto-lucia-del-cual-es-su-productor\\\/#breadcrumb\",\"itemListElement\":[{\"@type\":\"ListItem\",\"position\":1,\"name\":\"Inicio\",\"item\":\"https:\\\/\\\/www.uartes.edu.ec\\\/sitio\\\/\"},{\"@type\":\"ListItem\",\"position\":2,\"name\":\"Jimi Vilema, graduado de la carrera de Cine, impulsa campa\u00f1a para concluir el corto \u201cLuc\u00eda\u201d del cual es su productor\"}]},{\"@type\":\"WebSite\",\"@id\":\"https:\\\/\\\/www.uartes.edu.ec\\\/sitio\\\/#website\",\"url\":\"https:\\\/\\\/www.uartes.edu.ec\\\/sitio\\\/\",\"name\":\"Universidad de las Artes\",\"description\":\"Sitio oficial de la Universidad Nacional de las Artes del Ecuador\",\"publisher\":{\"@id\":\"https:\\\/\\\/www.uartes.edu.ec\\\/sitio\\\/#organization\"},\"potentialAction\":[{\"@type\":\"SearchAction\",\"target\":{\"@type\":\"EntryPoint\",\"urlTemplate\":\"https:\\\/\\\/www.uartes.edu.ec\\\/sitio\\\/?s={search_term_string}\"},\"query-input\":{\"@type\":\"PropertyValueSpecification\",\"valueRequired\":true,\"valueName\":\"search_term_string\"}}],\"inLanguage\":\"es\"},{\"@type\":\"Organization\",\"@id\":\"https:\\\/\\\/www.uartes.edu.ec\\\/sitio\\\/#organization\",\"name\":\"Universidad de las Artes\",\"url\":\"https:\\\/\\\/www.uartes.edu.ec\\\/sitio\\\/\",\"logo\":{\"@type\":\"ImageObject\",\"inLanguage\":\"es\",\"@id\":\"https:\\\/\\\/www.uartes.edu.ec\\\/sitio\\\/#\\\/schema\\\/logo\\\/image\\\/\",\"url\":\"https:\\\/\\\/www.uartes.edu.ec\\\/sitio\\\/wp-content\\\/uploads\\\/2022\\\/07\\\/logo-ua-horizontal.png\",\"contentUrl\":\"https:\\\/\\\/www.uartes.edu.ec\\\/sitio\\\/wp-content\\\/uploads\\\/2022\\\/07\\\/logo-ua-horizontal.png\",\"width\":800,\"height\":276,\"caption\":\"Universidad de las Artes\"},\"image\":{\"@id\":\"https:\\\/\\\/www.uartes.edu.ec\\\/sitio\\\/#\\\/schema\\\/logo\\\/image\\\/\"},\"sameAs\":[\"https:\\\/\\\/www.facebook.com\\\/uartesec\",\"https:\\\/\\\/x.com\\\/uartesec\",\"https:\\\/\\\/www.tiktok.com\\\/@uartesec\"]},{\"@type\":\"Person\",\"@id\":\"https:\\\/\\\/www.uartes.edu.ec\\\/sitio\\\/#\\\/schema\\\/person\\\/efa1b8275797664fd7f13a79ccc0b1f4\",\"name\":\"ccortez\",\"image\":{\"@type\":\"ImageObject\",\"inLanguage\":\"es\",\"@id\":\"https:\\\/\\\/secure.gravatar.com\\\/avatar\\\/b2a6f664a3ae8e074346ef91775736c5ec479e637ecced6842de9dc98b5da9cd?s=96&d=mm&r=g\",\"url\":\"https:\\\/\\\/secure.gravatar.com\\\/avatar\\\/b2a6f664a3ae8e074346ef91775736c5ec479e637ecced6842de9dc98b5da9cd?s=96&d=mm&r=g\",\"contentUrl\":\"https:\\\/\\\/secure.gravatar.com\\\/avatar\\\/b2a6f664a3ae8e074346ef91775736c5ec479e637ecced6842de9dc98b5da9cd?s=96&d=mm&r=g\",\"caption\":\"ccortez\"},\"url\":\"https:\\\/\\\/www.uartes.edu.ec\\\/sitio\\\/blog\\\/author\\\/ccortez\\\/\"}]}<\/script>\n<!-- \/ Yoast SEO plugin. -->","yoast_head_json":{"title":"Universidad de las Artes - Jimi Vilema, graduado de la carrera de Cine, impulsa campa\u00f1a para concluir el corto \u201cLuc\u00eda\u201d del cual es su productor","description":"Universidad de las Artes - Jimi Vilema, graduado de la carrera de Cine, impulsa campa\u00f1a para concluir el corto \u201cLuc\u00eda\u201d del cual es su productor","robots":{"index":"index","follow":"follow","max-snippet":"max-snippet:-1","max-image-preview":"max-image-preview:large","max-video-preview":"max-video-preview:-1"},"canonical":"https:\/\/www.uartes.edu.ec\/sitio\/blog\/2024\/07\/11\/jimi-vilema-graduado-de-la-carrera-de-cine-en-campana-para-concluir-corto-lucia-del-cual-es-su-productor\/","og_locale":"es_ES","og_type":"article","og_title":"Universidad de las Artes - Jimi Vilema, graduado de la carrera de Cine, impulsa campa\u00f1a para concluir el corto \u201cLuc\u00eda\u201d del cual es su productor","og_description":"Universidad de las Artes - Jimi Vilema, graduado de la carrera de Cine, impulsa campa\u00f1a para concluir el corto \u201cLuc\u00eda\u201d del cual es su productor","og_url":"https:\/\/www.uartes.edu.ec\/sitio\/blog\/2024\/07\/11\/jimi-vilema-graduado-de-la-carrera-de-cine-en-campana-para-concluir-corto-lucia-del-cual-es-su-productor\/","og_site_name":"Universidad de las Artes","article_publisher":"https:\/\/www.facebook.com\/uartesec","article_published_time":"2024-07-11T19:40:00+00:00","article_modified_time":"2024-07-28T03:25:42+00:00","og_image":[{"width":2000,"height":1333,"url":"https:\/\/www.uartes.edu.ec\/sitio\/wp-content\/uploads\/2024\/07\/02-CORTOMETRAJE-LUCIA.jpg","type":"image\/jpeg"}],"author":"ccortez","twitter_card":"summary_large_image","twitter_creator":"@uartesec","twitter_site":"@uartesec","twitter_misc":{"Escrito por":"ccortez","Tiempo de lectura":"7 minutos"},"schema":{"@context":"https:\/\/schema.org","@graph":[{"@type":"Article","@id":"https:\/\/www.uartes.edu.ec\/sitio\/blog\/2024\/07\/11\/jimi-vilema-graduado-de-la-carrera-de-cine-en-campana-para-concluir-corto-lucia-del-cual-es-su-productor\/#article","isPartOf":{"@id":"https:\/\/www.uartes.edu.ec\/sitio\/blog\/2024\/07\/11\/jimi-vilema-graduado-de-la-carrera-de-cine-en-campana-para-concluir-corto-lucia-del-cual-es-su-productor\/"},"author":{"name":"ccortez","@id":"https:\/\/www.uartes.edu.ec\/sitio\/#\/schema\/person\/efa1b8275797664fd7f13a79ccc0b1f4"},"headline":"Jimi Vilema, graduado de la carrera de Cine, impulsa campa\u00f1a para concluir el corto \u201cLuc\u00eda\u201d del cual es su productor","datePublished":"2024-07-11T19:40:00+00:00","dateModified":"2024-07-28T03:25:42+00:00","mainEntityOfPage":{"@id":"https:\/\/www.uartes.edu.ec\/sitio\/blog\/2024\/07\/11\/jimi-vilema-graduado-de-la-carrera-de-cine-en-campana-para-concluir-corto-lucia-del-cual-es-su-productor\/"},"wordCount":1263,"commentCount":0,"publisher":{"@id":"https:\/\/www.uartes.edu.ec\/sitio\/#organization"},"image":{"@id":"https:\/\/www.uartes.edu.ec\/sitio\/blog\/2024\/07\/11\/jimi-vilema-graduado-de-la-carrera-de-cine-en-campana-para-concluir-corto-lucia-del-cual-es-su-productor\/#primaryimage"},"thumbnailUrl":"https:\/\/www.uartes.edu.ec\/sitio\/wp-content\/uploads\/2024\/07\/02-CORTOMETRAJE-LUCIA.jpg","keywords":["producci\u00f3n"],"articleSection":["Alumni","Artes","Cine","Gesti\u00f3n"],"inLanguage":"es","potentialAction":[{"@type":"CommentAction","name":"Comment","target":["https:\/\/www.uartes.edu.ec\/sitio\/blog\/2024\/07\/11\/jimi-vilema-graduado-de-la-carrera-de-cine-en-campana-para-concluir-corto-lucia-del-cual-es-su-productor\/#respond"]}]},{"@type":["WebPage","ItemPage"],"@id":"https:\/\/www.uartes.edu.ec\/sitio\/blog\/2024\/07\/11\/jimi-vilema-graduado-de-la-carrera-de-cine-en-campana-para-concluir-corto-lucia-del-cual-es-su-productor\/","url":"https:\/\/www.uartes.edu.ec\/sitio\/blog\/2024\/07\/11\/jimi-vilema-graduado-de-la-carrera-de-cine-en-campana-para-concluir-corto-lucia-del-cual-es-su-productor\/","name":"Universidad de las Artes - Jimi Vilema, graduado de la carrera de Cine, impulsa campa\u00f1a para concluir el corto \u201cLuc\u00eda\u201d del cual es su productor","isPartOf":{"@id":"https:\/\/www.uartes.edu.ec\/sitio\/#website"},"primaryImageOfPage":{"@id":"https:\/\/www.uartes.edu.ec\/sitio\/blog\/2024\/07\/11\/jimi-vilema-graduado-de-la-carrera-de-cine-en-campana-para-concluir-corto-lucia-del-cual-es-su-productor\/#primaryimage"},"image":{"@id":"https:\/\/www.uartes.edu.ec\/sitio\/blog\/2024\/07\/11\/jimi-vilema-graduado-de-la-carrera-de-cine-en-campana-para-concluir-corto-lucia-del-cual-es-su-productor\/#primaryimage"},"thumbnailUrl":"https:\/\/www.uartes.edu.ec\/sitio\/wp-content\/uploads\/2024\/07\/02-CORTOMETRAJE-LUCIA.jpg","datePublished":"2024-07-11T19:40:00+00:00","dateModified":"2024-07-28T03:25:42+00:00","description":"Universidad de las Artes - Jimi Vilema, graduado de la carrera de Cine, impulsa campa\u00f1a para concluir el corto \u201cLuc\u00eda\u201d del cual es su productor","breadcrumb":{"@id":"https:\/\/www.uartes.edu.ec\/sitio\/blog\/2024\/07\/11\/jimi-vilema-graduado-de-la-carrera-de-cine-en-campana-para-concluir-corto-lucia-del-cual-es-su-productor\/#breadcrumb"},"inLanguage":"es","potentialAction":[{"@type":"ReadAction","target":["https:\/\/www.uartes.edu.ec\/sitio\/blog\/2024\/07\/11\/jimi-vilema-graduado-de-la-carrera-de-cine-en-campana-para-concluir-corto-lucia-del-cual-es-su-productor\/"]}]},{"@type":"ImageObject","inLanguage":"es","@id":"https:\/\/www.uartes.edu.ec\/sitio\/blog\/2024\/07\/11\/jimi-vilema-graduado-de-la-carrera-de-cine-en-campana-para-concluir-corto-lucia-del-cual-es-su-productor\/#primaryimage","url":"https:\/\/www.uartes.edu.ec\/sitio\/wp-content\/uploads\/2024\/07\/02-CORTOMETRAJE-LUCIA.jpg","contentUrl":"https:\/\/www.uartes.edu.ec\/sitio\/wp-content\/uploads\/2024\/07\/02-CORTOMETRAJE-LUCIA.jpg","width":2000,"height":1333},{"@type":"BreadcrumbList","@id":"https:\/\/www.uartes.edu.ec\/sitio\/blog\/2024\/07\/11\/jimi-vilema-graduado-de-la-carrera-de-cine-en-campana-para-concluir-corto-lucia-del-cual-es-su-productor\/#breadcrumb","itemListElement":[{"@type":"ListItem","position":1,"name":"Inicio","item":"https:\/\/www.uartes.edu.ec\/sitio\/"},{"@type":"ListItem","position":2,"name":"Jimi Vilema, graduado de la carrera de Cine, impulsa campa\u00f1a para concluir el corto \u201cLuc\u00eda\u201d del cual es su productor"}]},{"@type":"WebSite","@id":"https:\/\/www.uartes.edu.ec\/sitio\/#website","url":"https:\/\/www.uartes.edu.ec\/sitio\/","name":"Universidad de las Artes","description":"Sitio oficial de la Universidad Nacional de las Artes del Ecuador","publisher":{"@id":"https:\/\/www.uartes.edu.ec\/sitio\/#organization"},"potentialAction":[{"@type":"SearchAction","target":{"@type":"EntryPoint","urlTemplate":"https:\/\/www.uartes.edu.ec\/sitio\/?s={search_term_string}"},"query-input":{"@type":"PropertyValueSpecification","valueRequired":true,"valueName":"search_term_string"}}],"inLanguage":"es"},{"@type":"Organization","@id":"https:\/\/www.uartes.edu.ec\/sitio\/#organization","name":"Universidad de las Artes","url":"https:\/\/www.uartes.edu.ec\/sitio\/","logo":{"@type":"ImageObject","inLanguage":"es","@id":"https:\/\/www.uartes.edu.ec\/sitio\/#\/schema\/logo\/image\/","url":"https:\/\/www.uartes.edu.ec\/sitio\/wp-content\/uploads\/2022\/07\/logo-ua-horizontal.png","contentUrl":"https:\/\/www.uartes.edu.ec\/sitio\/wp-content\/uploads\/2022\/07\/logo-ua-horizontal.png","width":800,"height":276,"caption":"Universidad de las Artes"},"image":{"@id":"https:\/\/www.uartes.edu.ec\/sitio\/#\/schema\/logo\/image\/"},"sameAs":["https:\/\/www.facebook.com\/uartesec","https:\/\/x.com\/uartesec","https:\/\/www.tiktok.com\/@uartesec"]},{"@type":"Person","@id":"https:\/\/www.uartes.edu.ec\/sitio\/#\/schema\/person\/efa1b8275797664fd7f13a79ccc0b1f4","name":"ccortez","image":{"@type":"ImageObject","inLanguage":"es","@id":"https:\/\/secure.gravatar.com\/avatar\/b2a6f664a3ae8e074346ef91775736c5ec479e637ecced6842de9dc98b5da9cd?s=96&d=mm&r=g","url":"https:\/\/secure.gravatar.com\/avatar\/b2a6f664a3ae8e074346ef91775736c5ec479e637ecced6842de9dc98b5da9cd?s=96&d=mm&r=g","contentUrl":"https:\/\/secure.gravatar.com\/avatar\/b2a6f664a3ae8e074346ef91775736c5ec479e637ecced6842de9dc98b5da9cd?s=96&d=mm&r=g","caption":"ccortez"},"url":"https:\/\/www.uartes.edu.ec\/sitio\/blog\/author\/ccortez\/"}]}},"uagb_featured_image_src":{"full":["https:\/\/www.uartes.edu.ec\/sitio\/wp-content\/uploads\/2024\/07\/02-CORTOMETRAJE-LUCIA.jpg",2000,1333,false],"thumbnail":["https:\/\/www.uartes.edu.ec\/sitio\/wp-content\/uploads\/2024\/07\/02-CORTOMETRAJE-LUCIA-150x150.jpg",150,150,true],"medium":["https:\/\/www.uartes.edu.ec\/sitio\/wp-content\/uploads\/2024\/07\/02-CORTOMETRAJE-LUCIA-300x200.jpg",300,200,true],"medium_large":["https:\/\/www.uartes.edu.ec\/sitio\/wp-content\/uploads\/2024\/07\/02-CORTOMETRAJE-LUCIA-768x512.jpg",768,512,true],"large":["https:\/\/www.uartes.edu.ec\/sitio\/wp-content\/uploads\/2024\/07\/02-CORTOMETRAJE-LUCIA-644x429.jpg",644,429,true],"1536x1536":["https:\/\/www.uartes.edu.ec\/sitio\/wp-content\/uploads\/2024\/07\/02-CORTOMETRAJE-LUCIA-1536x1024.jpg",1536,1024,true],"2048x2048":["https:\/\/www.uartes.edu.ec\/sitio\/wp-content\/uploads\/2024\/07\/02-CORTOMETRAJE-LUCIA.jpg",2000,1333,false],"trp-custom-language-flag":["https:\/\/www.uartes.edu.ec\/sitio\/wp-content\/uploads\/2024\/07\/02-CORTOMETRAJE-LUCIA-18x12.jpg",18,12,true],"htmega_size_585x295":["https:\/\/www.uartes.edu.ec\/sitio\/wp-content\/uploads\/2024\/07\/02-CORTOMETRAJE-LUCIA-585x295.jpg",585,295,true],"htmega_size_1170x536":["https:\/\/www.uartes.edu.ec\/sitio\/wp-content\/uploads\/2024\/07\/02-CORTOMETRAJE-LUCIA-1170x536.jpg",1170,536,true],"htmega_size_396x360":["https:\/\/www.uartes.edu.ec\/sitio\/wp-content\/uploads\/2024\/07\/02-CORTOMETRAJE-LUCIA-396x360.jpg",396,360,true],"gb-block-post-grid-landscape":["https:\/\/www.uartes.edu.ec\/sitio\/wp-content\/uploads\/2024\/07\/02-CORTOMETRAJE-LUCIA.jpg",600,400,false],"gb-block-post-grid-square":["https:\/\/www.uartes.edu.ec\/sitio\/wp-content\/uploads\/2024\/07\/02-CORTOMETRAJE-LUCIA.jpg",600,400,false],"university-hub-thumb":["https:\/\/www.uartes.edu.ec\/sitio\/wp-content\/uploads\/2024\/07\/02-CORTOMETRAJE-LUCIA-400x267.jpg",400,267,true]},"uagb_author_info":{"display_name":"ccortez","author_link":"https:\/\/www.uartes.edu.ec\/sitio\/blog\/author\/ccortez\/"},"uagb_comment_info":0,"uagb_excerpt":"\u201cLuc\u00eda\u201d es un proyecto creado con talento construido en la UArtes, en las carreras de Cine, Creaci\u00f3n Teatral, M\u00fasica y Danza. El alumnus Jimi Vilema lo se\u00f1ala en alusi\u00f3n al corto del cual es su productor. Lo desarroll\u00f3 con Isabela Bonilla y Amari Grunauer, en la direcci\u00f3n, quienes obtuvieron del IFCI el reconocimiento de mejor&hellip;","featured_image_src":"https:\/\/www.uartes.edu.ec\/sitio\/wp-content\/uploads\/2024\/07\/02-CORTOMETRAJE-LUCIA.jpg","featured_image_src_square":"https:\/\/www.uartes.edu.ec\/sitio\/wp-content\/uploads\/2024\/07\/02-CORTOMETRAJE-LUCIA.jpg","author_info":{"display_name":"ccortez","author_link":"https:\/\/www.uartes.edu.ec\/sitio\/blog\/author\/ccortez\/"},"publishpress_future_workflow_manual_trigger":{"enabledWorkflows":[]},"distributor_meta":false,"distributor_terms":false,"distributor_media":false,"distributor_original_site_name":"Universidad de las Artes","distributor_original_site_url":"https:\/\/www.uartes.edu.ec\/sitio","push-errors":false,"_links":{"self":[{"href":"https:\/\/www.uartes.edu.ec\/sitio\/wp-json\/wp\/v2\/posts\/58401","targetHints":{"allow":["GET"]}}],"collection":[{"href":"https:\/\/www.uartes.edu.ec\/sitio\/wp-json\/wp\/v2\/posts"}],"about":[{"href":"https:\/\/www.uartes.edu.ec\/sitio\/wp-json\/wp\/v2\/types\/post"}],"author":[{"embeddable":true,"href":"https:\/\/www.uartes.edu.ec\/sitio\/wp-json\/wp\/v2\/users\/10"}],"replies":[{"embeddable":true,"href":"https:\/\/www.uartes.edu.ec\/sitio\/wp-json\/wp\/v2\/comments?post=58401"}],"version-history":[{"count":17,"href":"https:\/\/www.uartes.edu.ec\/sitio\/wp-json\/wp\/v2\/posts\/58401\/revisions"}],"predecessor-version":[{"id":59599,"href":"https:\/\/www.uartes.edu.ec\/sitio\/wp-json\/wp\/v2\/posts\/58401\/revisions\/59599"}],"wp:featuredmedia":[{"embeddable":true,"href":"https:\/\/www.uartes.edu.ec\/sitio\/wp-json\/wp\/v2\/media\/58402"}],"wp:attachment":[{"href":"https:\/\/www.uartes.edu.ec\/sitio\/wp-json\/wp\/v2\/media?parent=58401"}],"wp:term":[{"taxonomy":"category","embeddable":true,"href":"https:\/\/www.uartes.edu.ec\/sitio\/wp-json\/wp\/v2\/categories?post=58401"},{"taxonomy":"post_tag","embeddable":true,"href":"https:\/\/www.uartes.edu.ec\/sitio\/wp-json\/wp\/v2\/tags?post=58401"},{"taxonomy":"infouartes","embeddable":true,"href":"https:\/\/www.uartes.edu.ec\/sitio\/wp-json\/wp\/v2\/infouartes?post=58401"}],"curies":[{"name":"wp","href":"https:\/\/api.w.org\/{rel}","templated":true}]}}