{"id":58865,"date":"2024-07-18T18:22:00","date_gmt":"2024-07-18T23:22:00","guid":{"rendered":"https:\/\/www.uartes.edu.ec\/sitio\/?p=58865"},"modified":"2025-10-21T11:10:07","modified_gmt":"2025-10-21T16:10:07","slug":"encuentro-cultural-afrodescendiente-voces-de-la-memoria","status":"publish","type":"post","link":"https:\/\/www.uartes.edu.ec\/sitio\/blog\/2024\/07\/18\/encuentro-cultural-afrodescendiente-voces-de-la-memoria\/","title":{"rendered":"Un encuentro cultural con las voces, la memoria y la identidad afrodescendiente"},"content":{"rendered":"\n<p>Ibsen Hern\u00e1ndez, quien se define como un afroecuatoriano hijo de la di\u00e1spora africana y es autor de obras como \u201cTe dar\u00e9 una tunda\u201d, dio inicio con la charla \u201cLas huellas que dejaron nuestros abuelos\u201d a los dos d\u00edas del \u201cEncuentro cultural afrodescendiente, voces de la memoria\u201d, organizado por la Secretar\u00eda de Bienestar Universitario y la alumnus Jaqueline Velarde, Se\u00f1orita Cimarrona 2023; en la programaci\u00f3n de las jornadas constan tambi\u00e9n talleres, proyecci\u00f3n f\u00edlmica, feria de emprendimientos, espacios gastron\u00f3micos, entre otras actividades art\u00edsticas, culturales y l\u00fadicas.<\/p>\n\n\n\n<p>La intervenci\u00f3n de Hern\u00e1ndez tuvo lugar la ma\u00f1ana de hoy, jueves 18 de julio, en la Biblioteca de las Artes, seguida por la proyecci\u00f3n del documental \u201cCimarr\u00f3nicamente\u201d, de la autor\u00eda de la docente Ana Carrillo, directora del Departamento Transversal de Teor\u00edas Cr\u00edticas y Pr\u00e1cticas Experimentales; y la propuesta de integraci\u00f3n infantil \u201cCuenta cuentos tradicionales de la cultura afrodescendiente\u201d, a cargo de Jackeline Velarde.<\/p>\n\n\n<div class=\"wp-block-image\">\n<figure class=\"aligncenter size-large\"><img fetchpriority=\"high\" decoding=\"async\" width=\"644\" height=\"429\" src=\"https:\/\/www.uartes.edu.ec\/sitio\/wp-content\/uploads\/2024\/07\/07-ENCUENTRO-CULTURAL-AFRODESCENDIENTE-BIENESTAR-UNIVERSITARIO-644x429.jpg\" alt=\"\" class=\"wp-image-58867\" srcset=\"https:\/\/www.uartes.edu.ec\/sitio\/wp-content\/uploads\/2024\/07\/07-ENCUENTRO-CULTURAL-AFRODESCENDIENTE-BIENESTAR-UNIVERSITARIO-644x429.jpg 644w, https:\/\/www.uartes.edu.ec\/sitio\/wp-content\/uploads\/2024\/07\/07-ENCUENTRO-CULTURAL-AFRODESCENDIENTE-BIENESTAR-UNIVERSITARIO-300x200.jpg 300w, https:\/\/www.uartes.edu.ec\/sitio\/wp-content\/uploads\/2024\/07\/07-ENCUENTRO-CULTURAL-AFRODESCENDIENTE-BIENESTAR-UNIVERSITARIO-768x512.jpg 768w, https:\/\/www.uartes.edu.ec\/sitio\/wp-content\/uploads\/2024\/07\/07-ENCUENTRO-CULTURAL-AFRODESCENDIENTE-BIENESTAR-UNIVERSITARIO-1536x1024.jpg 1536w, https:\/\/www.uartes.edu.ec\/sitio\/wp-content\/uploads\/2024\/07\/07-ENCUENTRO-CULTURAL-AFRODESCENDIENTE-BIENESTAR-UNIVERSITARIO-18x12.jpg 18w, https:\/\/www.uartes.edu.ec\/sitio\/wp-content\/uploads\/2024\/07\/07-ENCUENTRO-CULTURAL-AFRODESCENDIENTE-BIENESTAR-UNIVERSITARIO-400x267.jpg 400w, https:\/\/www.uartes.edu.ec\/sitio\/wp-content\/uploads\/2024\/07\/07-ENCUENTRO-CULTURAL-AFRODESCENDIENTE-BIENESTAR-UNIVERSITARIO-272x182.jpg 272w, https:\/\/www.uartes.edu.ec\/sitio\/wp-content\/uploads\/2024\/07\/07-ENCUENTRO-CULTURAL-AFRODESCENDIENTE-BIENESTAR-UNIVERSITARIO.jpg 2000w\" sizes=\"(max-width: 644px) 100vw, 644px\" \/><\/figure>\n<\/div>\n\n\n<p>Estas actividades se desarrollaron en el primer piso y la sala R\u00eda del repositorio de la Universidad de las Artes y contaron con la asistencia de autoridades universitarias, como el vicerrector acad\u00e9mico Bradley Hilgert, docentes, estudiantes, administrativos, organizaciones aliadas y p\u00fablico en general.<\/p>\n\n\n\n<p>Dise\u00f1ado para celebrar y conmemorar la memoria, historia e identidad de nuestro pueblo afrodescendiente, con un enfoque especial en la tradici\u00f3n oral, el encuentro continu\u00f3 en su primer d\u00eda con el mentidero \u201cTradici\u00f3n oral, cuentos y saberes afrodescendientes\u201d dirigido por Ronal Medina; se desarroll\u00f3 desde el Malakita, en el Pasaje Illingworth del antiguo Palacio de la Gobernaci\u00f3n, sede matriz de la UArtes. En ese mismo espacio, Fernando Arroyo imparti\u00f3 el taller \u201cIntegraci\u00f3n\/Danza de la memoria negra\u201d.<\/p>\n\n\n\t\t\t\t\t<div\n\t\t\t\t\t\tclass=\"wp-block-uagb-image-gallery uagb-block-9d8a75f4     \"\n\t\t\t\t\t\tstyle=\"\"\n\t\t\t\t\t>\n\t\t\t\t\t\t\t\t\t\t\t<div class=\"spectra-image-gallery spectra-image-gallery__layout--grid spectra-image-gallery__layout--grid-col-2 spectra-image-gallery__layout--grid-col-tab-2 spectra-image-gallery__layout--grid-col-mob-2\">\n\t\t\t\t\t\t\t\t\t\t\t<div class='spectra-image-gallery__media-wrapper' data-spectra-gallery-image-id='58869' tabindex=\"0\">\n\t\t\t\t\t\t\t<div class=\"spectra-image-gallery__media spectra-image-gallery__media--grid\">\n\t\t\t\t<picture>\n\t\t\t\t\t<source media=\"(min-width: 1024px)\" srcset=\"https:\/\/www.uartes.edu.ec\/sitio\/wp-content\/uploads\/2024\/07\/13-ENCUENTRO-CULTURAL-AFRODESCENDIENTE-BIENESTAR-UNIVERSITARIO-644x429.jpg\">\n\t\t\t\t\t<source media=\"(min-width: 768px)\" srcset=\"https:\/\/www.uartes.edu.ec\/sitio\/wp-content\/uploads\/2024\/07\/13-ENCUENTRO-CULTURAL-AFRODESCENDIENTE-BIENESTAR-UNIVERSITARIO-644x429.jpg\">\n\t\t\t\t\t<img decoding=\"async\" class=\"spectra-image-gallery__media-thumbnail spectra-image-gallery__media-thumbnail--grid\" src=\"https:\/\/www.uartes.edu.ec\/sitio\/wp-content\/uploads\/2024\/07\/13-ENCUENTRO-CULTURAL-AFRODESCENDIENTE-BIENESTAR-UNIVERSITARIO-300x200.jpg\" alt=\"\" loading=\"lazy\" \/>\n\t\t\t\t<\/picture>\n\t\t\t\t<div class=\"spectra-image-gallery__media-thumbnail-blurrer\"><\/div>\n\t\t\t\t\t\t\t\t\t\t\t<div class=\"spectra-image-gallery__media-thumbnail-caption-wrapper spectra-image-gallery__media-thumbnail-caption-wrapper--overlay\">\n\t\t\t\t\t\t\t\t\t\t\t<div class=\"spectra-image-gallery__media-thumbnail-caption spectra-image-gallery__media-thumbnail-caption--overlay\">\n\t\t\t\t\tSin leyenda\t\t\t\t<\/div>\n\t\t\t\t\t\t\t\t\t\t<\/div>\n\t\t\t\t\t\t\t\t\t<\/div>\n\t\t\t\t\t\t<\/div>\n\t\t\t\t\t\t<div class='spectra-image-gallery__media-wrapper' data-spectra-gallery-image-id='58868' tabindex=\"0\">\n\t\t\t\t\t\t\t<div class=\"spectra-image-gallery__media spectra-image-gallery__media--grid\">\n\t\t\t\t<picture>\n\t\t\t\t\t<source media=\"(min-width: 1024px)\" srcset=\"https:\/\/www.uartes.edu.ec\/sitio\/wp-content\/uploads\/2024\/07\/16-ENCUENTRO-CULTURAL-AFRODESCENDIENTE-BIENESTAR-UNIVERSITARIO-644x429.jpg\">\n\t\t\t\t\t<source media=\"(min-width: 768px)\" srcset=\"https:\/\/www.uartes.edu.ec\/sitio\/wp-content\/uploads\/2024\/07\/16-ENCUENTRO-CULTURAL-AFRODESCENDIENTE-BIENESTAR-UNIVERSITARIO-644x429.jpg\">\n\t\t\t\t\t<img decoding=\"async\" class=\"spectra-image-gallery__media-thumbnail spectra-image-gallery__media-thumbnail--grid\" src=\"https:\/\/www.uartes.edu.ec\/sitio\/wp-content\/uploads\/2024\/07\/16-ENCUENTRO-CULTURAL-AFRODESCENDIENTE-BIENESTAR-UNIVERSITARIO-300x200.jpg\" alt=\"\" loading=\"lazy\" \/>\n\t\t\t\t<\/picture>\n\t\t\t\t<div class=\"spectra-image-gallery__media-thumbnail-blurrer\"><\/div>\n\t\t\t\t\t\t\t\t\t\t\t<div class=\"spectra-image-gallery__media-thumbnail-caption-wrapper spectra-image-gallery__media-thumbnail-caption-wrapper--overlay\">\n\t\t\t\t\t\t\t\t\t\t\t<div class=\"spectra-image-gallery__media-thumbnail-caption spectra-image-gallery__media-thumbnail-caption--overlay\">\n\t\t\t\t\tSin leyenda\t\t\t\t<\/div>\n\t\t\t\t\t\t\t\t\t\t<\/div>\n\t\t\t\t\t\t\t\t\t<\/div>\n\t\t\t\t\t\t<\/div>\n\t\t\t\t\t\t\t\t\t\t<\/div>\n\t\t\t\t\t\t\t\t\t\t\t\t\t\t\t\t\t\t<\/div>\n\t\t\t\t\t\t\t\t\t\n\n\n<p><\/p>\n\n\n\n<h3 class=\"wp-block-heading\">Feria de emprendimiento, taller, danza y canto<\/h3>\n\n\n\n<p>Ma\u00f1ana, viernes 19, las actividades del encuentro se iniciar\u00e1n en el Pasaje Illingworth con una feria de emprendimiento que tendr\u00e1 art\u00edculos artesanales y gastronom\u00eda t\u00edpica. Habr\u00e1 tambi\u00e9n el taller \u201cHistoria del trenzado y turbante\u201d, dictado por Abel Mideros y Norma Rodr\u00edguez, quienes explicar\u00e1n sus g\u00e9nesis y realizar\u00e1n trenzas en vivo e indicar\u00e1n las formas de usar los turbantes; un \u201cOpen Maic\u201d con cantos tradicionales de la cultura afroecuatoriana, como arrullos y alabaos; la presentaci\u00f3n de \u201cDanza de la memoria negra\u201d; y un Afrojam Experimental, con m\u00fasica y danza org\u00e1nica afroecuatoriana para todos, pues se invitar\u00e1 a la comunidad universitaria a tomar parte con improvisaciones musicales.<\/p>\n","protected":false},"excerpt":{"rendered":"<p>Ibsen Hern\u00e1ndez, quien se define como un afroecuatoriano hijo de la di\u00e1spora africana y es autor de obras como \u201cTe dar\u00e9 una tunda\u201d, dio inicio con la charla \u201cLas huellas que dejaron nuestros abuelos\u201d a los dos d\u00edas del \u201cEncuentro cultural afrodescendiente, voces de la memoria\u201d, organizado por la Secretar\u00eda de Bienestar Universitario y la alumnus Jaqueline Velarde, Se\u00f1orita Cimarrona 2023; en la programaci\u00f3n constan tambi\u00e9n talleres, proyecci\u00f3n f\u00edlmica, feria de emprendimientos, espacios gastron\u00f3micos, entre otras actividades.<\/p>\n","protected":false},"author":10,"featured_media":58866,"comment_status":"open","ping_status":"open","sticky":false,"template":"","format":"standard","meta":{"_acf_changed":false,"_uag_custom_page_level_css":"","_monsterinsights_skip_tracking":false,"_monsterinsights_sitenote_active":false,"_monsterinsights_sitenote_note":"","_monsterinsights_sitenote_category":0,"cybocfi_hide_featured_image":"","footnotes":""},"categories":[80,75,76,77,83],"tags":[45],"infouartes":[],"class_list":["post-58865","post","type-post","status-publish","format-standard","has-post-thumbnail","hentry","category-academico","category-docentes","category-estudiantes","category-gestion","category-sedes","tag-bienestar-universitario"],"acf":[],"yoast_head":"<!-- This site is optimized with the Yoast SEO plugin v27.4 - https:\/\/yoast.com\/product\/yoast-seo-wordpress\/ -->\n<title>Universidad de las Artes - Un encuentro cultural con las voces, la memoria y la identidad afrodescendiente<\/title>\n<meta name=\"description\" content=\"Universidad de las Artes - Un encuentro cultural con las voces, la memoria y la identidad afrodescendiente\" \/>\n<meta name=\"robots\" content=\"index, follow, max-snippet:-1, max-image-preview:large, max-video-preview:-1\" \/>\n<link rel=\"canonical\" href=\"https:\/\/www.uartes.edu.ec\/sitio\/blog\/2024\/07\/18\/encuentro-cultural-afrodescendiente-voces-de-la-memoria\/\" \/>\n<meta property=\"og:locale\" content=\"es_ES\" \/>\n<meta property=\"og:type\" content=\"article\" \/>\n<meta property=\"og:title\" content=\"Universidad de las Artes - Un encuentro cultural con las voces, la memoria y la identidad afrodescendiente\" \/>\n<meta property=\"og:description\" content=\"Universidad de las Artes - Un encuentro cultural con las voces, la memoria y la identidad afrodescendiente\" \/>\n<meta property=\"og:url\" content=\"https:\/\/www.uartes.edu.ec\/sitio\/blog\/2024\/07\/18\/encuentro-cultural-afrodescendiente-voces-de-la-memoria\/\" \/>\n<meta property=\"og:site_name\" content=\"Universidad de las Artes\" \/>\n<meta property=\"article:publisher\" content=\"https:\/\/www.facebook.com\/uartesec\" \/>\n<meta property=\"article:published_time\" content=\"2024-07-18T23:22:00+00:00\" \/>\n<meta property=\"article:modified_time\" content=\"2025-10-21T16:10:07+00:00\" \/>\n<meta property=\"og:image\" content=\"https:\/\/www.uartes.edu.ec\/sitio\/wp-content\/uploads\/2024\/07\/01-ENCUENTRO-CULTURAL-AFRODESCENDIENTE-BIENESTAR-UNIVERSITARIO.jpg\" \/>\n\t<meta property=\"og:image:width\" content=\"2000\" \/>\n\t<meta property=\"og:image:height\" content=\"1333\" \/>\n\t<meta property=\"og:image:type\" content=\"image\/jpeg\" \/>\n<meta name=\"author\" content=\"ccortez\" \/>\n<meta name=\"twitter:card\" content=\"summary_large_image\" \/>\n<meta name=\"twitter:creator\" content=\"@uartesec\" \/>\n<meta name=\"twitter:site\" content=\"@uartesec\" \/>\n<meta name=\"twitter:label1\" content=\"Escrito por\" \/>\n\t<meta name=\"twitter:data1\" content=\"ccortez\" \/>\n\t<meta name=\"twitter:label2\" content=\"Tiempo de lectura\" \/>\n\t<meta name=\"twitter:data2\" content=\"3 minutos\" \/>\n<script type=\"application\/ld+json\" class=\"yoast-schema-graph\">{\"@context\":\"https:\\\/\\\/schema.org\",\"@graph\":[{\"@type\":\"Article\",\"@id\":\"https:\\\/\\\/www.uartes.edu.ec\\\/sitio\\\/blog\\\/2024\\\/07\\\/18\\\/encuentro-cultural-afrodescendiente-voces-de-la-memoria\\\/#article\",\"isPartOf\":{\"@id\":\"https:\\\/\\\/www.uartes.edu.ec\\\/sitio\\\/blog\\\/2024\\\/07\\\/18\\\/encuentro-cultural-afrodescendiente-voces-de-la-memoria\\\/\"},\"author\":{\"name\":\"ccortez\",\"@id\":\"https:\\\/\\\/www.uartes.edu.ec\\\/sitio\\\/#\\\/schema\\\/person\\\/efa1b8275797664fd7f13a79ccc0b1f4\"},\"headline\":\"Un encuentro cultural con las voces, la memoria y la identidad afrodescendiente\",\"datePublished\":\"2024-07-18T23:22:00+00:00\",\"dateModified\":\"2025-10-21T16:10:07+00:00\",\"mainEntityOfPage\":{\"@id\":\"https:\\\/\\\/www.uartes.edu.ec\\\/sitio\\\/blog\\\/2024\\\/07\\\/18\\\/encuentro-cultural-afrodescendiente-voces-de-la-memoria\\\/\"},\"wordCount\":433,\"commentCount\":0,\"publisher\":{\"@id\":\"https:\\\/\\\/www.uartes.edu.ec\\\/sitio\\\/#organization\"},\"image\":{\"@id\":\"https:\\\/\\\/www.uartes.edu.ec\\\/sitio\\\/blog\\\/2024\\\/07\\\/18\\\/encuentro-cultural-afrodescendiente-voces-de-la-memoria\\\/#primaryimage\"},\"thumbnailUrl\":\"https:\\\/\\\/www.uartes.edu.ec\\\/sitio\\\/wp-content\\\/uploads\\\/2024\\\/07\\\/01-ENCUENTRO-CULTURAL-AFRODESCENDIENTE-BIENESTAR-UNIVERSITARIO.jpg\",\"keywords\":[\"bienestar universitario\"],\"articleSection\":[\"Acad\u00e9mico\",\"Docentes\",\"Estudiantes\",\"Gesti\u00f3n\",\"Sedes\"],\"inLanguage\":\"es\",\"potentialAction\":[{\"@type\":\"CommentAction\",\"name\":\"Comment\",\"target\":[\"https:\\\/\\\/www.uartes.edu.ec\\\/sitio\\\/blog\\\/2024\\\/07\\\/18\\\/encuentro-cultural-afrodescendiente-voces-de-la-memoria\\\/#respond\"]}]},{\"@type\":[\"WebPage\",\"ItemPage\"],\"@id\":\"https:\\\/\\\/www.uartes.edu.ec\\\/sitio\\\/blog\\\/2024\\\/07\\\/18\\\/encuentro-cultural-afrodescendiente-voces-de-la-memoria\\\/\",\"url\":\"https:\\\/\\\/www.uartes.edu.ec\\\/sitio\\\/blog\\\/2024\\\/07\\\/18\\\/encuentro-cultural-afrodescendiente-voces-de-la-memoria\\\/\",\"name\":\"Universidad de las Artes - Un encuentro cultural con las voces, la memoria y la identidad afrodescendiente\",\"isPartOf\":{\"@id\":\"https:\\\/\\\/www.uartes.edu.ec\\\/sitio\\\/#website\"},\"primaryImageOfPage\":{\"@id\":\"https:\\\/\\\/www.uartes.edu.ec\\\/sitio\\\/blog\\\/2024\\\/07\\\/18\\\/encuentro-cultural-afrodescendiente-voces-de-la-memoria\\\/#primaryimage\"},\"image\":{\"@id\":\"https:\\\/\\\/www.uartes.edu.ec\\\/sitio\\\/blog\\\/2024\\\/07\\\/18\\\/encuentro-cultural-afrodescendiente-voces-de-la-memoria\\\/#primaryimage\"},\"thumbnailUrl\":\"https:\\\/\\\/www.uartes.edu.ec\\\/sitio\\\/wp-content\\\/uploads\\\/2024\\\/07\\\/01-ENCUENTRO-CULTURAL-AFRODESCENDIENTE-BIENESTAR-UNIVERSITARIO.jpg\",\"datePublished\":\"2024-07-18T23:22:00+00:00\",\"dateModified\":\"2025-10-21T16:10:07+00:00\",\"description\":\"Universidad de las Artes - Un encuentro cultural con las voces, la memoria y la identidad afrodescendiente\",\"breadcrumb\":{\"@id\":\"https:\\\/\\\/www.uartes.edu.ec\\\/sitio\\\/blog\\\/2024\\\/07\\\/18\\\/encuentro-cultural-afrodescendiente-voces-de-la-memoria\\\/#breadcrumb\"},\"inLanguage\":\"es\",\"potentialAction\":[{\"@type\":\"ReadAction\",\"target\":[\"https:\\\/\\\/www.uartes.edu.ec\\\/sitio\\\/blog\\\/2024\\\/07\\\/18\\\/encuentro-cultural-afrodescendiente-voces-de-la-memoria\\\/\"]}]},{\"@type\":\"ImageObject\",\"inLanguage\":\"es\",\"@id\":\"https:\\\/\\\/www.uartes.edu.ec\\\/sitio\\\/blog\\\/2024\\\/07\\\/18\\\/encuentro-cultural-afrodescendiente-voces-de-la-memoria\\\/#primaryimage\",\"url\":\"https:\\\/\\\/www.uartes.edu.ec\\\/sitio\\\/wp-content\\\/uploads\\\/2024\\\/07\\\/01-ENCUENTRO-CULTURAL-AFRODESCENDIENTE-BIENESTAR-UNIVERSITARIO.jpg\",\"contentUrl\":\"https:\\\/\\\/www.uartes.edu.ec\\\/sitio\\\/wp-content\\\/uploads\\\/2024\\\/07\\\/01-ENCUENTRO-CULTURAL-AFRODESCENDIENTE-BIENESTAR-UNIVERSITARIO.jpg\",\"width\":2000,\"height\":1333},{\"@type\":\"BreadcrumbList\",\"@id\":\"https:\\\/\\\/www.uartes.edu.ec\\\/sitio\\\/blog\\\/2024\\\/07\\\/18\\\/encuentro-cultural-afrodescendiente-voces-de-la-memoria\\\/#breadcrumb\",\"itemListElement\":[{\"@type\":\"ListItem\",\"position\":1,\"name\":\"Inicio\",\"item\":\"https:\\\/\\\/www.uartes.edu.ec\\\/sitio\\\/\"},{\"@type\":\"ListItem\",\"position\":2,\"name\":\"Un encuentro cultural con las voces, la memoria y la identidad afrodescendiente\"}]},{\"@type\":\"WebSite\",\"@id\":\"https:\\\/\\\/www.uartes.edu.ec\\\/sitio\\\/#website\",\"url\":\"https:\\\/\\\/www.uartes.edu.ec\\\/sitio\\\/\",\"name\":\"Universidad de las Artes\",\"description\":\"Sitio oficial de la Universidad Nacional de las Artes del Ecuador\",\"publisher\":{\"@id\":\"https:\\\/\\\/www.uartes.edu.ec\\\/sitio\\\/#organization\"},\"potentialAction\":[{\"@type\":\"SearchAction\",\"target\":{\"@type\":\"EntryPoint\",\"urlTemplate\":\"https:\\\/\\\/www.uartes.edu.ec\\\/sitio\\\/?s={search_term_string}\"},\"query-input\":{\"@type\":\"PropertyValueSpecification\",\"valueRequired\":true,\"valueName\":\"search_term_string\"}}],\"inLanguage\":\"es\"},{\"@type\":\"Organization\",\"@id\":\"https:\\\/\\\/www.uartes.edu.ec\\\/sitio\\\/#organization\",\"name\":\"Universidad de las Artes\",\"url\":\"https:\\\/\\\/www.uartes.edu.ec\\\/sitio\\\/\",\"logo\":{\"@type\":\"ImageObject\",\"inLanguage\":\"es\",\"@id\":\"https:\\\/\\\/www.uartes.edu.ec\\\/sitio\\\/#\\\/schema\\\/logo\\\/image\\\/\",\"url\":\"https:\\\/\\\/www.uartes.edu.ec\\\/sitio\\\/wp-content\\\/uploads\\\/2022\\\/07\\\/logo-ua-horizontal.png\",\"contentUrl\":\"https:\\\/\\\/www.uartes.edu.ec\\\/sitio\\\/wp-content\\\/uploads\\\/2022\\\/07\\\/logo-ua-horizontal.png\",\"width\":800,\"height\":276,\"caption\":\"Universidad de las Artes\"},\"image\":{\"@id\":\"https:\\\/\\\/www.uartes.edu.ec\\\/sitio\\\/#\\\/schema\\\/logo\\\/image\\\/\"},\"sameAs\":[\"https:\\\/\\\/www.facebook.com\\\/uartesec\",\"https:\\\/\\\/x.com\\\/uartesec\",\"https:\\\/\\\/www.tiktok.com\\\/@uartesec\"]},{\"@type\":\"Person\",\"@id\":\"https:\\\/\\\/www.uartes.edu.ec\\\/sitio\\\/#\\\/schema\\\/person\\\/efa1b8275797664fd7f13a79ccc0b1f4\",\"name\":\"ccortez\",\"image\":{\"@type\":\"ImageObject\",\"inLanguage\":\"es\",\"@id\":\"https:\\\/\\\/secure.gravatar.com\\\/avatar\\\/b2a6f664a3ae8e074346ef91775736c5ec479e637ecced6842de9dc98b5da9cd?s=96&d=mm&r=g\",\"url\":\"https:\\\/\\\/secure.gravatar.com\\\/avatar\\\/b2a6f664a3ae8e074346ef91775736c5ec479e637ecced6842de9dc98b5da9cd?s=96&d=mm&r=g\",\"contentUrl\":\"https:\\\/\\\/secure.gravatar.com\\\/avatar\\\/b2a6f664a3ae8e074346ef91775736c5ec479e637ecced6842de9dc98b5da9cd?s=96&d=mm&r=g\",\"caption\":\"ccortez\"},\"url\":\"https:\\\/\\\/www.uartes.edu.ec\\\/sitio\\\/blog\\\/author\\\/ccortez\\\/\"}]}<\/script>\n<!-- \/ Yoast SEO plugin. -->","yoast_head_json":{"title":"Universidad de las Artes - Un encuentro cultural con las voces, la memoria y la identidad afrodescendiente","description":"Universidad de las Artes - Un encuentro cultural con las voces, la memoria y la identidad afrodescendiente","robots":{"index":"index","follow":"follow","max-snippet":"max-snippet:-1","max-image-preview":"max-image-preview:large","max-video-preview":"max-video-preview:-1"},"canonical":"https:\/\/www.uartes.edu.ec\/sitio\/blog\/2024\/07\/18\/encuentro-cultural-afrodescendiente-voces-de-la-memoria\/","og_locale":"es_ES","og_type":"article","og_title":"Universidad de las Artes - Un encuentro cultural con las voces, la memoria y la identidad afrodescendiente","og_description":"Universidad de las Artes - Un encuentro cultural con las voces, la memoria y la identidad afrodescendiente","og_url":"https:\/\/www.uartes.edu.ec\/sitio\/blog\/2024\/07\/18\/encuentro-cultural-afrodescendiente-voces-de-la-memoria\/","og_site_name":"Universidad de las Artes","article_publisher":"https:\/\/www.facebook.com\/uartesec","article_published_time":"2024-07-18T23:22:00+00:00","article_modified_time":"2025-10-21T16:10:07+00:00","og_image":[{"width":2000,"height":1333,"url":"https:\/\/www.uartes.edu.ec\/sitio\/wp-content\/uploads\/2024\/07\/01-ENCUENTRO-CULTURAL-AFRODESCENDIENTE-BIENESTAR-UNIVERSITARIO.jpg","type":"image\/jpeg"}],"author":"ccortez","twitter_card":"summary_large_image","twitter_creator":"@uartesec","twitter_site":"@uartesec","twitter_misc":{"Escrito por":"ccortez","Tiempo de lectura":"3 minutos"},"schema":{"@context":"https:\/\/schema.org","@graph":[{"@type":"Article","@id":"https:\/\/www.uartes.edu.ec\/sitio\/blog\/2024\/07\/18\/encuentro-cultural-afrodescendiente-voces-de-la-memoria\/#article","isPartOf":{"@id":"https:\/\/www.uartes.edu.ec\/sitio\/blog\/2024\/07\/18\/encuentro-cultural-afrodescendiente-voces-de-la-memoria\/"},"author":{"name":"ccortez","@id":"https:\/\/www.uartes.edu.ec\/sitio\/#\/schema\/person\/efa1b8275797664fd7f13a79ccc0b1f4"},"headline":"Un encuentro cultural con las voces, la memoria y la identidad afrodescendiente","datePublished":"2024-07-18T23:22:00+00:00","dateModified":"2025-10-21T16:10:07+00:00","mainEntityOfPage":{"@id":"https:\/\/www.uartes.edu.ec\/sitio\/blog\/2024\/07\/18\/encuentro-cultural-afrodescendiente-voces-de-la-memoria\/"},"wordCount":433,"commentCount":0,"publisher":{"@id":"https:\/\/www.uartes.edu.ec\/sitio\/#organization"},"image":{"@id":"https:\/\/www.uartes.edu.ec\/sitio\/blog\/2024\/07\/18\/encuentro-cultural-afrodescendiente-voces-de-la-memoria\/#primaryimage"},"thumbnailUrl":"https:\/\/www.uartes.edu.ec\/sitio\/wp-content\/uploads\/2024\/07\/01-ENCUENTRO-CULTURAL-AFRODESCENDIENTE-BIENESTAR-UNIVERSITARIO.jpg","keywords":["bienestar universitario"],"articleSection":["Acad\u00e9mico","Docentes","Estudiantes","Gesti\u00f3n","Sedes"],"inLanguage":"es","potentialAction":[{"@type":"CommentAction","name":"Comment","target":["https:\/\/www.uartes.edu.ec\/sitio\/blog\/2024\/07\/18\/encuentro-cultural-afrodescendiente-voces-de-la-memoria\/#respond"]}]},{"@type":["WebPage","ItemPage"],"@id":"https:\/\/www.uartes.edu.ec\/sitio\/blog\/2024\/07\/18\/encuentro-cultural-afrodescendiente-voces-de-la-memoria\/","url":"https:\/\/www.uartes.edu.ec\/sitio\/blog\/2024\/07\/18\/encuentro-cultural-afrodescendiente-voces-de-la-memoria\/","name":"Universidad de las Artes - Un encuentro cultural con las voces, la memoria y la identidad afrodescendiente","isPartOf":{"@id":"https:\/\/www.uartes.edu.ec\/sitio\/#website"},"primaryImageOfPage":{"@id":"https:\/\/www.uartes.edu.ec\/sitio\/blog\/2024\/07\/18\/encuentro-cultural-afrodescendiente-voces-de-la-memoria\/#primaryimage"},"image":{"@id":"https:\/\/www.uartes.edu.ec\/sitio\/blog\/2024\/07\/18\/encuentro-cultural-afrodescendiente-voces-de-la-memoria\/#primaryimage"},"thumbnailUrl":"https:\/\/www.uartes.edu.ec\/sitio\/wp-content\/uploads\/2024\/07\/01-ENCUENTRO-CULTURAL-AFRODESCENDIENTE-BIENESTAR-UNIVERSITARIO.jpg","datePublished":"2024-07-18T23:22:00+00:00","dateModified":"2025-10-21T16:10:07+00:00","description":"Universidad de las Artes - Un encuentro cultural con las voces, la memoria y la identidad afrodescendiente","breadcrumb":{"@id":"https:\/\/www.uartes.edu.ec\/sitio\/blog\/2024\/07\/18\/encuentro-cultural-afrodescendiente-voces-de-la-memoria\/#breadcrumb"},"inLanguage":"es","potentialAction":[{"@type":"ReadAction","target":["https:\/\/www.uartes.edu.ec\/sitio\/blog\/2024\/07\/18\/encuentro-cultural-afrodescendiente-voces-de-la-memoria\/"]}]},{"@type":"ImageObject","inLanguage":"es","@id":"https:\/\/www.uartes.edu.ec\/sitio\/blog\/2024\/07\/18\/encuentro-cultural-afrodescendiente-voces-de-la-memoria\/#primaryimage","url":"https:\/\/www.uartes.edu.ec\/sitio\/wp-content\/uploads\/2024\/07\/01-ENCUENTRO-CULTURAL-AFRODESCENDIENTE-BIENESTAR-UNIVERSITARIO.jpg","contentUrl":"https:\/\/www.uartes.edu.ec\/sitio\/wp-content\/uploads\/2024\/07\/01-ENCUENTRO-CULTURAL-AFRODESCENDIENTE-BIENESTAR-UNIVERSITARIO.jpg","width":2000,"height":1333},{"@type":"BreadcrumbList","@id":"https:\/\/www.uartes.edu.ec\/sitio\/blog\/2024\/07\/18\/encuentro-cultural-afrodescendiente-voces-de-la-memoria\/#breadcrumb","itemListElement":[{"@type":"ListItem","position":1,"name":"Inicio","item":"https:\/\/www.uartes.edu.ec\/sitio\/"},{"@type":"ListItem","position":2,"name":"Un encuentro cultural con las voces, la memoria y la identidad afrodescendiente"}]},{"@type":"WebSite","@id":"https:\/\/www.uartes.edu.ec\/sitio\/#website","url":"https:\/\/www.uartes.edu.ec\/sitio\/","name":"Universidad de las Artes","description":"Sitio oficial de la Universidad Nacional de las Artes del Ecuador","publisher":{"@id":"https:\/\/www.uartes.edu.ec\/sitio\/#organization"},"potentialAction":[{"@type":"SearchAction","target":{"@type":"EntryPoint","urlTemplate":"https:\/\/www.uartes.edu.ec\/sitio\/?s={search_term_string}"},"query-input":{"@type":"PropertyValueSpecification","valueRequired":true,"valueName":"search_term_string"}}],"inLanguage":"es"},{"@type":"Organization","@id":"https:\/\/www.uartes.edu.ec\/sitio\/#organization","name":"Universidad de las Artes","url":"https:\/\/www.uartes.edu.ec\/sitio\/","logo":{"@type":"ImageObject","inLanguage":"es","@id":"https:\/\/www.uartes.edu.ec\/sitio\/#\/schema\/logo\/image\/","url":"https:\/\/www.uartes.edu.ec\/sitio\/wp-content\/uploads\/2022\/07\/logo-ua-horizontal.png","contentUrl":"https:\/\/www.uartes.edu.ec\/sitio\/wp-content\/uploads\/2022\/07\/logo-ua-horizontal.png","width":800,"height":276,"caption":"Universidad de las Artes"},"image":{"@id":"https:\/\/www.uartes.edu.ec\/sitio\/#\/schema\/logo\/image\/"},"sameAs":["https:\/\/www.facebook.com\/uartesec","https:\/\/x.com\/uartesec","https:\/\/www.tiktok.com\/@uartesec"]},{"@type":"Person","@id":"https:\/\/www.uartes.edu.ec\/sitio\/#\/schema\/person\/efa1b8275797664fd7f13a79ccc0b1f4","name":"ccortez","image":{"@type":"ImageObject","inLanguage":"es","@id":"https:\/\/secure.gravatar.com\/avatar\/b2a6f664a3ae8e074346ef91775736c5ec479e637ecced6842de9dc98b5da9cd?s=96&d=mm&r=g","url":"https:\/\/secure.gravatar.com\/avatar\/b2a6f664a3ae8e074346ef91775736c5ec479e637ecced6842de9dc98b5da9cd?s=96&d=mm&r=g","contentUrl":"https:\/\/secure.gravatar.com\/avatar\/b2a6f664a3ae8e074346ef91775736c5ec479e637ecced6842de9dc98b5da9cd?s=96&d=mm&r=g","caption":"ccortez"},"url":"https:\/\/www.uartes.edu.ec\/sitio\/blog\/author\/ccortez\/"}]}},"uagb_featured_image_src":{"full":["https:\/\/www.uartes.edu.ec\/sitio\/wp-content\/uploads\/2024\/07\/01-ENCUENTRO-CULTURAL-AFRODESCENDIENTE-BIENESTAR-UNIVERSITARIO.jpg",2000,1333,false],"thumbnail":["https:\/\/www.uartes.edu.ec\/sitio\/wp-content\/uploads\/2024\/07\/01-ENCUENTRO-CULTURAL-AFRODESCENDIENTE-BIENESTAR-UNIVERSITARIO-150x150.jpg",150,150,true],"medium":["https:\/\/www.uartes.edu.ec\/sitio\/wp-content\/uploads\/2024\/07\/01-ENCUENTRO-CULTURAL-AFRODESCENDIENTE-BIENESTAR-UNIVERSITARIO-300x200.jpg",300,200,true],"medium_large":["https:\/\/www.uartes.edu.ec\/sitio\/wp-content\/uploads\/2024\/07\/01-ENCUENTRO-CULTURAL-AFRODESCENDIENTE-BIENESTAR-UNIVERSITARIO-768x512.jpg",768,512,true],"large":["https:\/\/www.uartes.edu.ec\/sitio\/wp-content\/uploads\/2024\/07\/01-ENCUENTRO-CULTURAL-AFRODESCENDIENTE-BIENESTAR-UNIVERSITARIO-644x429.jpg",644,429,true],"1536x1536":["https:\/\/www.uartes.edu.ec\/sitio\/wp-content\/uploads\/2024\/07\/01-ENCUENTRO-CULTURAL-AFRODESCENDIENTE-BIENESTAR-UNIVERSITARIO-1536x1024.jpg",1536,1024,true],"2048x2048":["https:\/\/www.uartes.edu.ec\/sitio\/wp-content\/uploads\/2024\/07\/01-ENCUENTRO-CULTURAL-AFRODESCENDIENTE-BIENESTAR-UNIVERSITARIO.jpg",2000,1333,false],"trp-custom-language-flag":["https:\/\/www.uartes.edu.ec\/sitio\/wp-content\/uploads\/2024\/07\/01-ENCUENTRO-CULTURAL-AFRODESCENDIENTE-BIENESTAR-UNIVERSITARIO-18x12.jpg",18,12,true],"htmega_size_585x295":["https:\/\/www.uartes.edu.ec\/sitio\/wp-content\/uploads\/2024\/07\/01-ENCUENTRO-CULTURAL-AFRODESCENDIENTE-BIENESTAR-UNIVERSITARIO-585x295.jpg",585,295,true],"htmega_size_1170x536":["https:\/\/www.uartes.edu.ec\/sitio\/wp-content\/uploads\/2024\/07\/01-ENCUENTRO-CULTURAL-AFRODESCENDIENTE-BIENESTAR-UNIVERSITARIO-1170x536.jpg",1170,536,true],"htmega_size_396x360":["https:\/\/www.uartes.edu.ec\/sitio\/wp-content\/uploads\/2024\/07\/01-ENCUENTRO-CULTURAL-AFRODESCENDIENTE-BIENESTAR-UNIVERSITARIO-396x360.jpg",396,360,true],"gb-block-post-grid-landscape":["https:\/\/www.uartes.edu.ec\/sitio\/wp-content\/uploads\/2024\/07\/01-ENCUENTRO-CULTURAL-AFRODESCENDIENTE-BIENESTAR-UNIVERSITARIO.jpg",600,400,false],"gb-block-post-grid-square":["https:\/\/www.uartes.edu.ec\/sitio\/wp-content\/uploads\/2024\/07\/01-ENCUENTRO-CULTURAL-AFRODESCENDIENTE-BIENESTAR-UNIVERSITARIO.jpg",600,400,false],"university-hub-thumb":["https:\/\/www.uartes.edu.ec\/sitio\/wp-content\/uploads\/2024\/07\/01-ENCUENTRO-CULTURAL-AFRODESCENDIENTE-BIENESTAR-UNIVERSITARIO-400x267.jpg",400,267,true]},"uagb_author_info":{"display_name":"ccortez","author_link":"https:\/\/www.uartes.edu.ec\/sitio\/blog\/author\/ccortez\/"},"uagb_comment_info":0,"uagb_excerpt":"Ibsen Hern\u00e1ndez, quien se define como un afroecuatoriano hijo de la di\u00e1spora africana y es autor de obras como \u201cTe dar\u00e9 una tunda\u201d, dio inicio con la charla \u201cLas huellas que dejaron nuestros abuelos\u201d a los dos d\u00edas del \u201cEncuentro cultural afrodescendiente, voces de la memoria\u201d, organizado por la Secretar\u00eda de Bienestar Universitario y la&hellip;","featured_image_src":"https:\/\/www.uartes.edu.ec\/sitio\/wp-content\/uploads\/2024\/07\/01-ENCUENTRO-CULTURAL-AFRODESCENDIENTE-BIENESTAR-UNIVERSITARIO.jpg","featured_image_src_square":"https:\/\/www.uartes.edu.ec\/sitio\/wp-content\/uploads\/2024\/07\/01-ENCUENTRO-CULTURAL-AFRODESCENDIENTE-BIENESTAR-UNIVERSITARIO.jpg","author_info":{"display_name":"ccortez","author_link":"https:\/\/www.uartes.edu.ec\/sitio\/blog\/author\/ccortez\/"},"publishpress_future_workflow_manual_trigger":{"enabledWorkflows":[]},"distributor_meta":false,"distributor_terms":false,"distributor_media":false,"distributor_original_site_name":"Universidad de las Artes","distributor_original_site_url":"https:\/\/www.uartes.edu.ec\/sitio","push-errors":false,"_links":{"self":[{"href":"https:\/\/www.uartes.edu.ec\/sitio\/wp-json\/wp\/v2\/posts\/58865","targetHints":{"allow":["GET"]}}],"collection":[{"href":"https:\/\/www.uartes.edu.ec\/sitio\/wp-json\/wp\/v2\/posts"}],"about":[{"href":"https:\/\/www.uartes.edu.ec\/sitio\/wp-json\/wp\/v2\/types\/post"}],"author":[{"embeddable":true,"href":"https:\/\/www.uartes.edu.ec\/sitio\/wp-json\/wp\/v2\/users\/10"}],"replies":[{"embeddable":true,"href":"https:\/\/www.uartes.edu.ec\/sitio\/wp-json\/wp\/v2\/comments?post=58865"}],"version-history":[{"count":14,"href":"https:\/\/www.uartes.edu.ec\/sitio\/wp-json\/wp\/v2\/posts\/58865\/revisions"}],"predecessor-version":[{"id":80712,"href":"https:\/\/www.uartes.edu.ec\/sitio\/wp-json\/wp\/v2\/posts\/58865\/revisions\/80712"}],"wp:featuredmedia":[{"embeddable":true,"href":"https:\/\/www.uartes.edu.ec\/sitio\/wp-json\/wp\/v2\/media\/58866"}],"wp:attachment":[{"href":"https:\/\/www.uartes.edu.ec\/sitio\/wp-json\/wp\/v2\/media?parent=58865"}],"wp:term":[{"taxonomy":"category","embeddable":true,"href":"https:\/\/www.uartes.edu.ec\/sitio\/wp-json\/wp\/v2\/categories?post=58865"},{"taxonomy":"post_tag","embeddable":true,"href":"https:\/\/www.uartes.edu.ec\/sitio\/wp-json\/wp\/v2\/tags?post=58865"},{"taxonomy":"infouartes","embeddable":true,"href":"https:\/\/www.uartes.edu.ec\/sitio\/wp-json\/wp\/v2\/infouartes?post=58865"}],"curies":[{"name":"wp","href":"https:\/\/api.w.org\/{rel}","templated":true}]}}