{"id":59375,"date":"2024-07-25T16:48:00","date_gmt":"2024-07-25T21:48:00","guid":{"rendered":"https:\/\/www.uartes.edu.ec\/sitio\/?p=59375"},"modified":"2024-07-26T13:59:12","modified_gmt":"2024-07-26T18:59:12","slug":"rector-william-herrera-recibe-de-la-asamblea-nacional-la-condecoracion-vicente-rocafuerte-al-merito-educativo","status":"publish","type":"post","link":"https:\/\/www.uartes.edu.ec\/sitio\/blog\/2024\/07\/25\/rector-william-herrera-recibe-de-la-asamblea-nacional-la-condecoracion-vicente-rocafuerte-al-merito-educativo\/","title":{"rendered":"El rector William Herrera recibe de la Asamblea Nacional la condecoraci\u00f3n Vicente Rocafuerte al m\u00e9rito educativo"},"content":{"rendered":"\n<p>Por los 489 a\u00f1os del inicio del proceso fundacional de Guayaquil, la Asamblea Nacional sesion\u00f3 este mi\u00e9rcoles 24 de julio en la ciudad. La ceremonia se efectu\u00f3 en la&nbsp;Universidad Tecnol\u00f3gica Empresarial de Guayaquil (UTEG), donde se entregaron reconocimientos, acuerdos legislativos y condecoraciones a ilustres ciudadanos e&nbsp;instituciones por sus m\u00e9ritos en los \u00e1mbitos social, educativo, cultural, deportivo y econ\u00f3mico.<\/p>\n\n\n\n<p>El rector de la Universidad de las Artes, doctor William Herrera R\u00edos, recibi\u00f3 del Parlamento Nacional la condecoraci\u00f3n Vicente Rocafuerte al m\u00e9rito educativo.<\/p>\n\n\n\n<p>Firmado por el presidente de la asamblea Henry Kronfle, en el considerando se indica que a trav\u00e9s de su trayectoria William Herrera R\u00edos ha demostrado una pasi\u00f3n inigualable por la educaci\u00f3n y un profundo compromiso con el desarrollo de los estudiantes ecuatorianos y con el progreso de nuestra sociedad y que su liderazgo, dedicaci\u00f3n y compromiso inquebrantable han sido fundamentales en la construcci\u00f3n y fortalecimiento de la educaci\u00f3n en el Ecuador.<\/p>\n\n\n\n<figure class=\"wp-block-gallery has-nested-images columns-default is-cropped wp-block-gallery-1 is-layout-flex wp-block-gallery-is-layout-flex\">\n<figure class=\"wp-block-image size-large\"><img fetchpriority=\"high\" decoding=\"async\" width=\"644\" height=\"429\" data-id=\"59383\" src=\"https:\/\/www.uartes.edu.ec\/sitio\/wp-content\/uploads\/2024\/07\/09-SESION-489-FUNDACION-GQUIL-RECONOCIMIENTO-ASAMBLEA-644x429.jpg\" alt=\"\" class=\"wp-image-59383\" srcset=\"https:\/\/www.uartes.edu.ec\/sitio\/wp-content\/uploads\/2024\/07\/09-SESION-489-FUNDACION-GQUIL-RECONOCIMIENTO-ASAMBLEA-644x429.jpg 644w, https:\/\/www.uartes.edu.ec\/sitio\/wp-content\/uploads\/2024\/07\/09-SESION-489-FUNDACION-GQUIL-RECONOCIMIENTO-ASAMBLEA-300x200.jpg 300w, https:\/\/www.uartes.edu.ec\/sitio\/wp-content\/uploads\/2024\/07\/09-SESION-489-FUNDACION-GQUIL-RECONOCIMIENTO-ASAMBLEA-768x512.jpg 768w, https:\/\/www.uartes.edu.ec\/sitio\/wp-content\/uploads\/2024\/07\/09-SESION-489-FUNDACION-GQUIL-RECONOCIMIENTO-ASAMBLEA-1536x1024.jpg 1536w, https:\/\/www.uartes.edu.ec\/sitio\/wp-content\/uploads\/2024\/07\/09-SESION-489-FUNDACION-GQUIL-RECONOCIMIENTO-ASAMBLEA-18x12.jpg 18w, https:\/\/www.uartes.edu.ec\/sitio\/wp-content\/uploads\/2024\/07\/09-SESION-489-FUNDACION-GQUIL-RECONOCIMIENTO-ASAMBLEA-400x267.jpg 400w, https:\/\/www.uartes.edu.ec\/sitio\/wp-content\/uploads\/2024\/07\/09-SESION-489-FUNDACION-GQUIL-RECONOCIMIENTO-ASAMBLEA-272x182.jpg 272w, https:\/\/www.uartes.edu.ec\/sitio\/wp-content\/uploads\/2024\/07\/09-SESION-489-FUNDACION-GQUIL-RECONOCIMIENTO-ASAMBLEA.jpg 2000w\" sizes=\"(max-width: 644px) 100vw, 644px\" \/><\/figure>\n\n\n\n<figure class=\"wp-block-image size-large\"><img decoding=\"async\" width=\"644\" height=\"429\" data-id=\"59382\" src=\"https:\/\/www.uartes.edu.ec\/sitio\/wp-content\/uploads\/2024\/07\/12-SESION-489-FUNDACION-GQUIL-RECONOCIMIENTO-ASAMBLEA-644x429.jpg\" alt=\"\" class=\"wp-image-59382\" srcset=\"https:\/\/www.uartes.edu.ec\/sitio\/wp-content\/uploads\/2024\/07\/12-SESION-489-FUNDACION-GQUIL-RECONOCIMIENTO-ASAMBLEA-644x429.jpg 644w, https:\/\/www.uartes.edu.ec\/sitio\/wp-content\/uploads\/2024\/07\/12-SESION-489-FUNDACION-GQUIL-RECONOCIMIENTO-ASAMBLEA-300x200.jpg 300w, https:\/\/www.uartes.edu.ec\/sitio\/wp-content\/uploads\/2024\/07\/12-SESION-489-FUNDACION-GQUIL-RECONOCIMIENTO-ASAMBLEA-768x512.jpg 768w, https:\/\/www.uartes.edu.ec\/sitio\/wp-content\/uploads\/2024\/07\/12-SESION-489-FUNDACION-GQUIL-RECONOCIMIENTO-ASAMBLEA-1536x1024.jpg 1536w, https:\/\/www.uartes.edu.ec\/sitio\/wp-content\/uploads\/2024\/07\/12-SESION-489-FUNDACION-GQUIL-RECONOCIMIENTO-ASAMBLEA-18x12.jpg 18w, https:\/\/www.uartes.edu.ec\/sitio\/wp-content\/uploads\/2024\/07\/12-SESION-489-FUNDACION-GQUIL-RECONOCIMIENTO-ASAMBLEA-400x267.jpg 400w, https:\/\/www.uartes.edu.ec\/sitio\/wp-content\/uploads\/2024\/07\/12-SESION-489-FUNDACION-GQUIL-RECONOCIMIENTO-ASAMBLEA-272x182.jpg 272w, https:\/\/www.uartes.edu.ec\/sitio\/wp-content\/uploads\/2024\/07\/12-SESION-489-FUNDACION-GQUIL-RECONOCIMIENTO-ASAMBLEA.jpg 2000w\" sizes=\"(max-width: 644px) 100vw, 644px\" \/><\/figure>\n<\/figure>\n\n\n\n<p>Es por esta raz\u00f3n que la Asamblea Nacional con manifiesta congratulaci\u00f3n resalta y hace p\u00fablico el reconocimiento a excepcionales ciudadanos que sobresalen por sus ejecutor\u00edas e invariable compromiso con la comunidad y el pa\u00eds.<\/p>\n\n\n\n<p>En ejercicio de sus atribuciones, el parlamento ecuatoriano exalta la val\u00eda y ejecutor\u00edas realizadas por el rector de la Universidad de las Artes, motivado en reconocer su visi\u00f3n, liderazgo y pasi\u00f3n por impulsar la educaci\u00f3n de calidad dentro del Ecuador.<\/p>\n\n\n\n<p>Para el doctor Herrera la condecoraci\u00f3n Vicente Rocafuerte recibida es un reconocimiento a la UArtes y lo que ha significado para el sistema de educaci\u00f3n superior tener una universidad que apueste por la educaci\u00f3n art\u00edstica de calidad, porque se reconozca a la investigaci\u00f3n art\u00edstica como fuente de conocimiento y por su aporte en general al desarrollo de la cultura y de la sociedad guayaquile\u00f1a.<\/p>\n\n\n\n<figure class=\"wp-block-gallery has-nested-images columns-default is-cropped wp-block-gallery-2 is-layout-flex wp-block-gallery-is-layout-flex\">\n<figure class=\"wp-block-image size-large\"><img decoding=\"async\" width=\"644\" height=\"429\" data-id=\"59386\" src=\"https:\/\/www.uartes.edu.ec\/sitio\/wp-content\/uploads\/2024\/07\/05-SESION-489-FUNDACION-GQUIL-RECONOCIMIENTO-ASAMBLEA-644x429.jpg\" alt=\"\" class=\"wp-image-59386\" srcset=\"https:\/\/www.uartes.edu.ec\/sitio\/wp-content\/uploads\/2024\/07\/05-SESION-489-FUNDACION-GQUIL-RECONOCIMIENTO-ASAMBLEA-644x429.jpg 644w, https:\/\/www.uartes.edu.ec\/sitio\/wp-content\/uploads\/2024\/07\/05-SESION-489-FUNDACION-GQUIL-RECONOCIMIENTO-ASAMBLEA-300x200.jpg 300w, https:\/\/www.uartes.edu.ec\/sitio\/wp-content\/uploads\/2024\/07\/05-SESION-489-FUNDACION-GQUIL-RECONOCIMIENTO-ASAMBLEA-768x512.jpg 768w, https:\/\/www.uartes.edu.ec\/sitio\/wp-content\/uploads\/2024\/07\/05-SESION-489-FUNDACION-GQUIL-RECONOCIMIENTO-ASAMBLEA-1536x1024.jpg 1536w, https:\/\/www.uartes.edu.ec\/sitio\/wp-content\/uploads\/2024\/07\/05-SESION-489-FUNDACION-GQUIL-RECONOCIMIENTO-ASAMBLEA-18x12.jpg 18w, https:\/\/www.uartes.edu.ec\/sitio\/wp-content\/uploads\/2024\/07\/05-SESION-489-FUNDACION-GQUIL-RECONOCIMIENTO-ASAMBLEA-400x267.jpg 400w, https:\/\/www.uartes.edu.ec\/sitio\/wp-content\/uploads\/2024\/07\/05-SESION-489-FUNDACION-GQUIL-RECONOCIMIENTO-ASAMBLEA-272x182.jpg 272w, https:\/\/www.uartes.edu.ec\/sitio\/wp-content\/uploads\/2024\/07\/05-SESION-489-FUNDACION-GQUIL-RECONOCIMIENTO-ASAMBLEA.jpg 2000w\" sizes=\"(max-width: 644px) 100vw, 644px\" \/><\/figure>\n\n\n\n<figure class=\"wp-block-image size-large\"><img loading=\"lazy\" decoding=\"async\" width=\"644\" height=\"429\" data-id=\"59385\" src=\"https:\/\/www.uartes.edu.ec\/sitio\/wp-content\/uploads\/2024\/07\/03-SESION-489-FUNDACION-GQUIL-RECONOCIMIENTO-ASAMBLEA-1-644x429.jpg\" alt=\"\" class=\"wp-image-59385\" srcset=\"https:\/\/www.uartes.edu.ec\/sitio\/wp-content\/uploads\/2024\/07\/03-SESION-489-FUNDACION-GQUIL-RECONOCIMIENTO-ASAMBLEA-1-644x429.jpg 644w, https:\/\/www.uartes.edu.ec\/sitio\/wp-content\/uploads\/2024\/07\/03-SESION-489-FUNDACION-GQUIL-RECONOCIMIENTO-ASAMBLEA-1-300x200.jpg 300w, https:\/\/www.uartes.edu.ec\/sitio\/wp-content\/uploads\/2024\/07\/03-SESION-489-FUNDACION-GQUIL-RECONOCIMIENTO-ASAMBLEA-1-768x512.jpg 768w, https:\/\/www.uartes.edu.ec\/sitio\/wp-content\/uploads\/2024\/07\/03-SESION-489-FUNDACION-GQUIL-RECONOCIMIENTO-ASAMBLEA-1-1536x1024.jpg 1536w, https:\/\/www.uartes.edu.ec\/sitio\/wp-content\/uploads\/2024\/07\/03-SESION-489-FUNDACION-GQUIL-RECONOCIMIENTO-ASAMBLEA-1-18x12.jpg 18w, https:\/\/www.uartes.edu.ec\/sitio\/wp-content\/uploads\/2024\/07\/03-SESION-489-FUNDACION-GQUIL-RECONOCIMIENTO-ASAMBLEA-1-400x267.jpg 400w, https:\/\/www.uartes.edu.ec\/sitio\/wp-content\/uploads\/2024\/07\/03-SESION-489-FUNDACION-GQUIL-RECONOCIMIENTO-ASAMBLEA-1-272x182.jpg 272w, https:\/\/www.uartes.edu.ec\/sitio\/wp-content\/uploads\/2024\/07\/03-SESION-489-FUNDACION-GQUIL-RECONOCIMIENTO-ASAMBLEA-1.jpg 2000w\" sizes=\"(max-width: 644px) 100vw, 644px\" \/><\/figure>\n<\/figure>\n\n\n\n<p>Indic\u00f3 que este reconocimiento tambi\u00e9n se hizo al grupo de universidades de Guayaquil y a los esfuerzos que han hecho los rectores y rectoras para establecer agendas colectivas de trabajo, como las que UArtes mantiene con la Escuela Superior Polit\u00e9cnica del Litoral (Espol) y las universidades Cat\u00f3lica y Casa Grande para la movilidad estudiantil; con Espol, Casa Grande y Universidad de Guayaquil para los temas de bienestar universitario; y Espol y Universidad de Especialidades Esp\u00edritu Santo (UEES) en la iniciativa Mangle Inc., pensando en los grandes desaf\u00edos que tiene la ciudad y en la alianza con otros sectores estrat\u00e9gicos, como el privado y el gobierno local.<\/p>\n\n\n\n<p>La entrega de las condecoraciones en los \u00e1mbitos social, educativo, cultural, deportivo y econ\u00f3mico la hicieron el presidente del Parlamento Nacional y varios legisladores. Acompa\u00f1\u00f3 a nuestro rector a la sesi\u00f3n solemne Mar\u00eda Jos\u00e9 Icaza, directora de Vinculaci\u00f3n con la Sociedad.<\/p>\n","protected":false},"excerpt":{"rendered":"<p>En la sesi\u00f3n solemne que la Asamblea Nacional tuvo en Guayaquil este 24 de julio, por los 489 a\u00f1os del inicio de su proceso fundacional, se entregaron reconocimientos y acuerdos legislativos a ilustres ciudadanos e instituciones por sus m\u00e9ritos en los \u00e1mbitos social, educativo, cultural, deportivo y econ\u00f3mico. El rector UArtes, Dr. William Herrera R\u00edos, recibi\u00f3 la condecoraci\u00f3n Vicente Rocafuerte.<\/p>\n","protected":false},"author":10,"featured_media":59381,"comment_status":"open","ping_status":"open","sticky":false,"template":"","format":"standard","meta":{"_acf_changed":false,"_uag_custom_page_level_css":"","_monsterinsights_skip_tracking":false,"_monsterinsights_sitenote_active":false,"_monsterinsights_sitenote_note":"","_monsterinsights_sitenote_category":0,"cybocfi_hide_featured_image":"","footnotes":""},"categories":[80,77,84],"tags":[709],"infouartes":[],"class_list":["post-59375","post","type-post","status-publish","format-standard","has-post-thumbnail","hentry","category-academico","category-gestion","category-rectorado","tag-reconocimiento"],"acf":[],"yoast_head":"<!-- This site is optimized with the Yoast SEO plugin v27.4 - https:\/\/yoast.com\/product\/yoast-seo-wordpress\/ -->\n<title>Universidad de las Artes - El rector William Herrera recibe de la Asamblea Nacional la condecoraci\u00f3n Vicente Rocafuerte al m\u00e9rito educativo<\/title>\n<meta name=\"description\" content=\"Universidad de las Artes - El rector William Herrera recibe de la Asamblea Nacional la condecoraci\u00f3n Vicente Rocafuerte al m\u00e9rito educativo\" \/>\n<meta name=\"robots\" content=\"index, follow, max-snippet:-1, max-image-preview:large, max-video-preview:-1\" \/>\n<link rel=\"canonical\" href=\"https:\/\/www.uartes.edu.ec\/sitio\/blog\/2024\/07\/25\/rector-william-herrera-recibe-de-la-asamblea-nacional-la-condecoracion-vicente-rocafuerte-al-merito-educativo\/\" \/>\n<meta property=\"og:locale\" content=\"es_ES\" \/>\n<meta property=\"og:type\" content=\"article\" \/>\n<meta property=\"og:title\" content=\"Universidad de las Artes - El rector William Herrera recibe de la Asamblea Nacional la condecoraci\u00f3n Vicente Rocafuerte al m\u00e9rito educativo\" \/>\n<meta property=\"og:description\" content=\"Universidad de las Artes - El rector William Herrera recibe de la Asamblea Nacional la condecoraci\u00f3n Vicente Rocafuerte al m\u00e9rito educativo\" \/>\n<meta property=\"og:url\" content=\"https:\/\/www.uartes.edu.ec\/sitio\/blog\/2024\/07\/25\/rector-william-herrera-recibe-de-la-asamblea-nacional-la-condecoracion-vicente-rocafuerte-al-merito-educativo\/\" \/>\n<meta property=\"og:site_name\" content=\"Universidad de las Artes\" \/>\n<meta property=\"article:publisher\" content=\"https:\/\/www.facebook.com\/uartesec\" \/>\n<meta property=\"article:published_time\" content=\"2024-07-25T21:48:00+00:00\" \/>\n<meta property=\"article:modified_time\" content=\"2024-07-26T18:59:12+00:00\" \/>\n<meta property=\"og:image\" content=\"https:\/\/www.uartes.edu.ec\/sitio\/wp-content\/uploads\/2024\/07\/02-SESION-489-FUNDACION-GQUIL-RECONOCIMIENTO-ASAMBLEA.jpg\" \/>\n\t<meta property=\"og:image:width\" content=\"2000\" \/>\n\t<meta property=\"og:image:height\" content=\"1333\" \/>\n\t<meta property=\"og:image:type\" content=\"image\/jpeg\" \/>\n<meta name=\"author\" content=\"ccortez\" \/>\n<meta name=\"twitter:card\" content=\"summary_large_image\" \/>\n<meta name=\"twitter:creator\" content=\"@uartesec\" \/>\n<meta name=\"twitter:site\" content=\"@uartesec\" \/>\n<meta name=\"twitter:label1\" content=\"Escrito por\" \/>\n\t<meta name=\"twitter:data1\" content=\"ccortez\" \/>\n\t<meta name=\"twitter:label2\" content=\"Tiempo de lectura\" \/>\n\t<meta name=\"twitter:data2\" content=\"4 minutos\" \/>\n<script type=\"application\/ld+json\" class=\"yoast-schema-graph\">{\"@context\":\"https:\\\/\\\/schema.org\",\"@graph\":[{\"@type\":\"Article\",\"@id\":\"https:\\\/\\\/www.uartes.edu.ec\\\/sitio\\\/blog\\\/2024\\\/07\\\/25\\\/rector-william-herrera-recibe-de-la-asamblea-nacional-la-condecoracion-vicente-rocafuerte-al-merito-educativo\\\/#article\",\"isPartOf\":{\"@id\":\"https:\\\/\\\/www.uartes.edu.ec\\\/sitio\\\/blog\\\/2024\\\/07\\\/25\\\/rector-william-herrera-recibe-de-la-asamblea-nacional-la-condecoracion-vicente-rocafuerte-al-merito-educativo\\\/\"},\"author\":{\"name\":\"ccortez\",\"@id\":\"https:\\\/\\\/www.uartes.edu.ec\\\/sitio\\\/#\\\/schema\\\/person\\\/efa1b8275797664fd7f13a79ccc0b1f4\"},\"headline\":\"El rector William Herrera recibe de la Asamblea Nacional la condecoraci\u00f3n Vicente Rocafuerte al m\u00e9rito educativo\",\"datePublished\":\"2024-07-25T21:48:00+00:00\",\"dateModified\":\"2024-07-26T18:59:12+00:00\",\"mainEntityOfPage\":{\"@id\":\"https:\\\/\\\/www.uartes.edu.ec\\\/sitio\\\/blog\\\/2024\\\/07\\\/25\\\/rector-william-herrera-recibe-de-la-asamblea-nacional-la-condecoracion-vicente-rocafuerte-al-merito-educativo\\\/\"},\"wordCount\":499,\"commentCount\":0,\"publisher\":{\"@id\":\"https:\\\/\\\/www.uartes.edu.ec\\\/sitio\\\/#organization\"},\"image\":{\"@id\":\"https:\\\/\\\/www.uartes.edu.ec\\\/sitio\\\/blog\\\/2024\\\/07\\\/25\\\/rector-william-herrera-recibe-de-la-asamblea-nacional-la-condecoracion-vicente-rocafuerte-al-merito-educativo\\\/#primaryimage\"},\"thumbnailUrl\":\"https:\\\/\\\/www.uartes.edu.ec\\\/sitio\\\/wp-content\\\/uploads\\\/2024\\\/07\\\/02-SESION-489-FUNDACION-GQUIL-RECONOCIMIENTO-ASAMBLEA.jpg\",\"keywords\":[\"reconocimiento\"],\"articleSection\":[\"Acad\u00e9mico\",\"Gesti\u00f3n\",\"Rectorado\"],\"inLanguage\":\"es\",\"potentialAction\":[{\"@type\":\"CommentAction\",\"name\":\"Comment\",\"target\":[\"https:\\\/\\\/www.uartes.edu.ec\\\/sitio\\\/blog\\\/2024\\\/07\\\/25\\\/rector-william-herrera-recibe-de-la-asamblea-nacional-la-condecoracion-vicente-rocafuerte-al-merito-educativo\\\/#respond\"]}]},{\"@type\":[\"WebPage\",\"ItemPage\"],\"@id\":\"https:\\\/\\\/www.uartes.edu.ec\\\/sitio\\\/blog\\\/2024\\\/07\\\/25\\\/rector-william-herrera-recibe-de-la-asamblea-nacional-la-condecoracion-vicente-rocafuerte-al-merito-educativo\\\/\",\"url\":\"https:\\\/\\\/www.uartes.edu.ec\\\/sitio\\\/blog\\\/2024\\\/07\\\/25\\\/rector-william-herrera-recibe-de-la-asamblea-nacional-la-condecoracion-vicente-rocafuerte-al-merito-educativo\\\/\",\"name\":\"Universidad de las Artes - El rector William Herrera recibe de la Asamblea Nacional la condecoraci\u00f3n Vicente Rocafuerte al m\u00e9rito educativo\",\"isPartOf\":{\"@id\":\"https:\\\/\\\/www.uartes.edu.ec\\\/sitio\\\/#website\"},\"primaryImageOfPage\":{\"@id\":\"https:\\\/\\\/www.uartes.edu.ec\\\/sitio\\\/blog\\\/2024\\\/07\\\/25\\\/rector-william-herrera-recibe-de-la-asamblea-nacional-la-condecoracion-vicente-rocafuerte-al-merito-educativo\\\/#primaryimage\"},\"image\":{\"@id\":\"https:\\\/\\\/www.uartes.edu.ec\\\/sitio\\\/blog\\\/2024\\\/07\\\/25\\\/rector-william-herrera-recibe-de-la-asamblea-nacional-la-condecoracion-vicente-rocafuerte-al-merito-educativo\\\/#primaryimage\"},\"thumbnailUrl\":\"https:\\\/\\\/www.uartes.edu.ec\\\/sitio\\\/wp-content\\\/uploads\\\/2024\\\/07\\\/02-SESION-489-FUNDACION-GQUIL-RECONOCIMIENTO-ASAMBLEA.jpg\",\"datePublished\":\"2024-07-25T21:48:00+00:00\",\"dateModified\":\"2024-07-26T18:59:12+00:00\",\"description\":\"Universidad de las Artes - El rector William Herrera recibe de la Asamblea Nacional la condecoraci\u00f3n Vicente Rocafuerte al m\u00e9rito educativo\",\"breadcrumb\":{\"@id\":\"https:\\\/\\\/www.uartes.edu.ec\\\/sitio\\\/blog\\\/2024\\\/07\\\/25\\\/rector-william-herrera-recibe-de-la-asamblea-nacional-la-condecoracion-vicente-rocafuerte-al-merito-educativo\\\/#breadcrumb\"},\"inLanguage\":\"es\",\"potentialAction\":[{\"@type\":\"ReadAction\",\"target\":[\"https:\\\/\\\/www.uartes.edu.ec\\\/sitio\\\/blog\\\/2024\\\/07\\\/25\\\/rector-william-herrera-recibe-de-la-asamblea-nacional-la-condecoracion-vicente-rocafuerte-al-merito-educativo\\\/\"]}]},{\"@type\":\"ImageObject\",\"inLanguage\":\"es\",\"@id\":\"https:\\\/\\\/www.uartes.edu.ec\\\/sitio\\\/blog\\\/2024\\\/07\\\/25\\\/rector-william-herrera-recibe-de-la-asamblea-nacional-la-condecoracion-vicente-rocafuerte-al-merito-educativo\\\/#primaryimage\",\"url\":\"https:\\\/\\\/www.uartes.edu.ec\\\/sitio\\\/wp-content\\\/uploads\\\/2024\\\/07\\\/02-SESION-489-FUNDACION-GQUIL-RECONOCIMIENTO-ASAMBLEA.jpg\",\"contentUrl\":\"https:\\\/\\\/www.uartes.edu.ec\\\/sitio\\\/wp-content\\\/uploads\\\/2024\\\/07\\\/02-SESION-489-FUNDACION-GQUIL-RECONOCIMIENTO-ASAMBLEA.jpg\",\"width\":2000,\"height\":1333},{\"@type\":\"BreadcrumbList\",\"@id\":\"https:\\\/\\\/www.uartes.edu.ec\\\/sitio\\\/blog\\\/2024\\\/07\\\/25\\\/rector-william-herrera-recibe-de-la-asamblea-nacional-la-condecoracion-vicente-rocafuerte-al-merito-educativo\\\/#breadcrumb\",\"itemListElement\":[{\"@type\":\"ListItem\",\"position\":1,\"name\":\"Inicio\",\"item\":\"https:\\\/\\\/www.uartes.edu.ec\\\/sitio\\\/\"},{\"@type\":\"ListItem\",\"position\":2,\"name\":\"El rector William Herrera recibe de la Asamblea Nacional la condecoraci\u00f3n Vicente Rocafuerte al m\u00e9rito educativo\"}]},{\"@type\":\"WebSite\",\"@id\":\"https:\\\/\\\/www.uartes.edu.ec\\\/sitio\\\/#website\",\"url\":\"https:\\\/\\\/www.uartes.edu.ec\\\/sitio\\\/\",\"name\":\"Universidad de las Artes\",\"description\":\"Sitio oficial de la Universidad Nacional de las Artes del Ecuador\",\"publisher\":{\"@id\":\"https:\\\/\\\/www.uartes.edu.ec\\\/sitio\\\/#organization\"},\"potentialAction\":[{\"@type\":\"SearchAction\",\"target\":{\"@type\":\"EntryPoint\",\"urlTemplate\":\"https:\\\/\\\/www.uartes.edu.ec\\\/sitio\\\/?s={search_term_string}\"},\"query-input\":{\"@type\":\"PropertyValueSpecification\",\"valueRequired\":true,\"valueName\":\"search_term_string\"}}],\"inLanguage\":\"es\"},{\"@type\":\"Organization\",\"@id\":\"https:\\\/\\\/www.uartes.edu.ec\\\/sitio\\\/#organization\",\"name\":\"Universidad de las Artes\",\"url\":\"https:\\\/\\\/www.uartes.edu.ec\\\/sitio\\\/\",\"logo\":{\"@type\":\"ImageObject\",\"inLanguage\":\"es\",\"@id\":\"https:\\\/\\\/www.uartes.edu.ec\\\/sitio\\\/#\\\/schema\\\/logo\\\/image\\\/\",\"url\":\"https:\\\/\\\/www.uartes.edu.ec\\\/sitio\\\/wp-content\\\/uploads\\\/2022\\\/07\\\/logo-ua-horizontal.png\",\"contentUrl\":\"https:\\\/\\\/www.uartes.edu.ec\\\/sitio\\\/wp-content\\\/uploads\\\/2022\\\/07\\\/logo-ua-horizontal.png\",\"width\":800,\"height\":276,\"caption\":\"Universidad de las Artes\"},\"image\":{\"@id\":\"https:\\\/\\\/www.uartes.edu.ec\\\/sitio\\\/#\\\/schema\\\/logo\\\/image\\\/\"},\"sameAs\":[\"https:\\\/\\\/www.facebook.com\\\/uartesec\",\"https:\\\/\\\/x.com\\\/uartesec\",\"https:\\\/\\\/www.tiktok.com\\\/@uartesec\"]},{\"@type\":\"Person\",\"@id\":\"https:\\\/\\\/www.uartes.edu.ec\\\/sitio\\\/#\\\/schema\\\/person\\\/efa1b8275797664fd7f13a79ccc0b1f4\",\"name\":\"ccortez\",\"image\":{\"@type\":\"ImageObject\",\"inLanguage\":\"es\",\"@id\":\"https:\\\/\\\/secure.gravatar.com\\\/avatar\\\/b2a6f664a3ae8e074346ef91775736c5ec479e637ecced6842de9dc98b5da9cd?s=96&d=mm&r=g\",\"url\":\"https:\\\/\\\/secure.gravatar.com\\\/avatar\\\/b2a6f664a3ae8e074346ef91775736c5ec479e637ecced6842de9dc98b5da9cd?s=96&d=mm&r=g\",\"contentUrl\":\"https:\\\/\\\/secure.gravatar.com\\\/avatar\\\/b2a6f664a3ae8e074346ef91775736c5ec479e637ecced6842de9dc98b5da9cd?s=96&d=mm&r=g\",\"caption\":\"ccortez\"},\"url\":\"https:\\\/\\\/www.uartes.edu.ec\\\/sitio\\\/blog\\\/author\\\/ccortez\\\/\"}]}<\/script>\n<!-- \/ Yoast SEO plugin. -->","yoast_head_json":{"title":"Universidad de las Artes - El rector William Herrera recibe de la Asamblea Nacional la condecoraci\u00f3n Vicente Rocafuerte al m\u00e9rito educativo","description":"Universidad de las Artes - El rector William Herrera recibe de la Asamblea Nacional la condecoraci\u00f3n Vicente Rocafuerte al m\u00e9rito educativo","robots":{"index":"index","follow":"follow","max-snippet":"max-snippet:-1","max-image-preview":"max-image-preview:large","max-video-preview":"max-video-preview:-1"},"canonical":"https:\/\/www.uartes.edu.ec\/sitio\/blog\/2024\/07\/25\/rector-william-herrera-recibe-de-la-asamblea-nacional-la-condecoracion-vicente-rocafuerte-al-merito-educativo\/","og_locale":"es_ES","og_type":"article","og_title":"Universidad de las Artes - El rector William Herrera recibe de la Asamblea Nacional la condecoraci\u00f3n Vicente Rocafuerte al m\u00e9rito educativo","og_description":"Universidad de las Artes - El rector William Herrera recibe de la Asamblea Nacional la condecoraci\u00f3n Vicente Rocafuerte al m\u00e9rito educativo","og_url":"https:\/\/www.uartes.edu.ec\/sitio\/blog\/2024\/07\/25\/rector-william-herrera-recibe-de-la-asamblea-nacional-la-condecoracion-vicente-rocafuerte-al-merito-educativo\/","og_site_name":"Universidad de las Artes","article_publisher":"https:\/\/www.facebook.com\/uartesec","article_published_time":"2024-07-25T21:48:00+00:00","article_modified_time":"2024-07-26T18:59:12+00:00","og_image":[{"width":2000,"height":1333,"url":"https:\/\/www.uartes.edu.ec\/sitio\/wp-content\/uploads\/2024\/07\/02-SESION-489-FUNDACION-GQUIL-RECONOCIMIENTO-ASAMBLEA.jpg","type":"image\/jpeg"}],"author":"ccortez","twitter_card":"summary_large_image","twitter_creator":"@uartesec","twitter_site":"@uartesec","twitter_misc":{"Escrito por":"ccortez","Tiempo de lectura":"4 minutos"},"schema":{"@context":"https:\/\/schema.org","@graph":[{"@type":"Article","@id":"https:\/\/www.uartes.edu.ec\/sitio\/blog\/2024\/07\/25\/rector-william-herrera-recibe-de-la-asamblea-nacional-la-condecoracion-vicente-rocafuerte-al-merito-educativo\/#article","isPartOf":{"@id":"https:\/\/www.uartes.edu.ec\/sitio\/blog\/2024\/07\/25\/rector-william-herrera-recibe-de-la-asamblea-nacional-la-condecoracion-vicente-rocafuerte-al-merito-educativo\/"},"author":{"name":"ccortez","@id":"https:\/\/www.uartes.edu.ec\/sitio\/#\/schema\/person\/efa1b8275797664fd7f13a79ccc0b1f4"},"headline":"El rector William Herrera recibe de la Asamblea Nacional la condecoraci\u00f3n Vicente Rocafuerte al m\u00e9rito educativo","datePublished":"2024-07-25T21:48:00+00:00","dateModified":"2024-07-26T18:59:12+00:00","mainEntityOfPage":{"@id":"https:\/\/www.uartes.edu.ec\/sitio\/blog\/2024\/07\/25\/rector-william-herrera-recibe-de-la-asamblea-nacional-la-condecoracion-vicente-rocafuerte-al-merito-educativo\/"},"wordCount":499,"commentCount":0,"publisher":{"@id":"https:\/\/www.uartes.edu.ec\/sitio\/#organization"},"image":{"@id":"https:\/\/www.uartes.edu.ec\/sitio\/blog\/2024\/07\/25\/rector-william-herrera-recibe-de-la-asamblea-nacional-la-condecoracion-vicente-rocafuerte-al-merito-educativo\/#primaryimage"},"thumbnailUrl":"https:\/\/www.uartes.edu.ec\/sitio\/wp-content\/uploads\/2024\/07\/02-SESION-489-FUNDACION-GQUIL-RECONOCIMIENTO-ASAMBLEA.jpg","keywords":["reconocimiento"],"articleSection":["Acad\u00e9mico","Gesti\u00f3n","Rectorado"],"inLanguage":"es","potentialAction":[{"@type":"CommentAction","name":"Comment","target":["https:\/\/www.uartes.edu.ec\/sitio\/blog\/2024\/07\/25\/rector-william-herrera-recibe-de-la-asamblea-nacional-la-condecoracion-vicente-rocafuerte-al-merito-educativo\/#respond"]}]},{"@type":["WebPage","ItemPage"],"@id":"https:\/\/www.uartes.edu.ec\/sitio\/blog\/2024\/07\/25\/rector-william-herrera-recibe-de-la-asamblea-nacional-la-condecoracion-vicente-rocafuerte-al-merito-educativo\/","url":"https:\/\/www.uartes.edu.ec\/sitio\/blog\/2024\/07\/25\/rector-william-herrera-recibe-de-la-asamblea-nacional-la-condecoracion-vicente-rocafuerte-al-merito-educativo\/","name":"Universidad de las Artes - El rector William Herrera recibe de la Asamblea Nacional la condecoraci\u00f3n Vicente Rocafuerte al m\u00e9rito educativo","isPartOf":{"@id":"https:\/\/www.uartes.edu.ec\/sitio\/#website"},"primaryImageOfPage":{"@id":"https:\/\/www.uartes.edu.ec\/sitio\/blog\/2024\/07\/25\/rector-william-herrera-recibe-de-la-asamblea-nacional-la-condecoracion-vicente-rocafuerte-al-merito-educativo\/#primaryimage"},"image":{"@id":"https:\/\/www.uartes.edu.ec\/sitio\/blog\/2024\/07\/25\/rector-william-herrera-recibe-de-la-asamblea-nacional-la-condecoracion-vicente-rocafuerte-al-merito-educativo\/#primaryimage"},"thumbnailUrl":"https:\/\/www.uartes.edu.ec\/sitio\/wp-content\/uploads\/2024\/07\/02-SESION-489-FUNDACION-GQUIL-RECONOCIMIENTO-ASAMBLEA.jpg","datePublished":"2024-07-25T21:48:00+00:00","dateModified":"2024-07-26T18:59:12+00:00","description":"Universidad de las Artes - El rector William Herrera recibe de la Asamblea Nacional la condecoraci\u00f3n Vicente Rocafuerte al m\u00e9rito educativo","breadcrumb":{"@id":"https:\/\/www.uartes.edu.ec\/sitio\/blog\/2024\/07\/25\/rector-william-herrera-recibe-de-la-asamblea-nacional-la-condecoracion-vicente-rocafuerte-al-merito-educativo\/#breadcrumb"},"inLanguage":"es","potentialAction":[{"@type":"ReadAction","target":["https:\/\/www.uartes.edu.ec\/sitio\/blog\/2024\/07\/25\/rector-william-herrera-recibe-de-la-asamblea-nacional-la-condecoracion-vicente-rocafuerte-al-merito-educativo\/"]}]},{"@type":"ImageObject","inLanguage":"es","@id":"https:\/\/www.uartes.edu.ec\/sitio\/blog\/2024\/07\/25\/rector-william-herrera-recibe-de-la-asamblea-nacional-la-condecoracion-vicente-rocafuerte-al-merito-educativo\/#primaryimage","url":"https:\/\/www.uartes.edu.ec\/sitio\/wp-content\/uploads\/2024\/07\/02-SESION-489-FUNDACION-GQUIL-RECONOCIMIENTO-ASAMBLEA.jpg","contentUrl":"https:\/\/www.uartes.edu.ec\/sitio\/wp-content\/uploads\/2024\/07\/02-SESION-489-FUNDACION-GQUIL-RECONOCIMIENTO-ASAMBLEA.jpg","width":2000,"height":1333},{"@type":"BreadcrumbList","@id":"https:\/\/www.uartes.edu.ec\/sitio\/blog\/2024\/07\/25\/rector-william-herrera-recibe-de-la-asamblea-nacional-la-condecoracion-vicente-rocafuerte-al-merito-educativo\/#breadcrumb","itemListElement":[{"@type":"ListItem","position":1,"name":"Inicio","item":"https:\/\/www.uartes.edu.ec\/sitio\/"},{"@type":"ListItem","position":2,"name":"El rector William Herrera recibe de la Asamblea Nacional la condecoraci\u00f3n Vicente Rocafuerte al m\u00e9rito educativo"}]},{"@type":"WebSite","@id":"https:\/\/www.uartes.edu.ec\/sitio\/#website","url":"https:\/\/www.uartes.edu.ec\/sitio\/","name":"Universidad de las Artes","description":"Sitio oficial de la Universidad Nacional de las Artes del Ecuador","publisher":{"@id":"https:\/\/www.uartes.edu.ec\/sitio\/#organization"},"potentialAction":[{"@type":"SearchAction","target":{"@type":"EntryPoint","urlTemplate":"https:\/\/www.uartes.edu.ec\/sitio\/?s={search_term_string}"},"query-input":{"@type":"PropertyValueSpecification","valueRequired":true,"valueName":"search_term_string"}}],"inLanguage":"es"},{"@type":"Organization","@id":"https:\/\/www.uartes.edu.ec\/sitio\/#organization","name":"Universidad de las Artes","url":"https:\/\/www.uartes.edu.ec\/sitio\/","logo":{"@type":"ImageObject","inLanguage":"es","@id":"https:\/\/www.uartes.edu.ec\/sitio\/#\/schema\/logo\/image\/","url":"https:\/\/www.uartes.edu.ec\/sitio\/wp-content\/uploads\/2022\/07\/logo-ua-horizontal.png","contentUrl":"https:\/\/www.uartes.edu.ec\/sitio\/wp-content\/uploads\/2022\/07\/logo-ua-horizontal.png","width":800,"height":276,"caption":"Universidad de las Artes"},"image":{"@id":"https:\/\/www.uartes.edu.ec\/sitio\/#\/schema\/logo\/image\/"},"sameAs":["https:\/\/www.facebook.com\/uartesec","https:\/\/x.com\/uartesec","https:\/\/www.tiktok.com\/@uartesec"]},{"@type":"Person","@id":"https:\/\/www.uartes.edu.ec\/sitio\/#\/schema\/person\/efa1b8275797664fd7f13a79ccc0b1f4","name":"ccortez","image":{"@type":"ImageObject","inLanguage":"es","@id":"https:\/\/secure.gravatar.com\/avatar\/b2a6f664a3ae8e074346ef91775736c5ec479e637ecced6842de9dc98b5da9cd?s=96&d=mm&r=g","url":"https:\/\/secure.gravatar.com\/avatar\/b2a6f664a3ae8e074346ef91775736c5ec479e637ecced6842de9dc98b5da9cd?s=96&d=mm&r=g","contentUrl":"https:\/\/secure.gravatar.com\/avatar\/b2a6f664a3ae8e074346ef91775736c5ec479e637ecced6842de9dc98b5da9cd?s=96&d=mm&r=g","caption":"ccortez"},"url":"https:\/\/www.uartes.edu.ec\/sitio\/blog\/author\/ccortez\/"}]}},"uagb_featured_image_src":{"full":["https:\/\/www.uartes.edu.ec\/sitio\/wp-content\/uploads\/2024\/07\/02-SESION-489-FUNDACION-GQUIL-RECONOCIMIENTO-ASAMBLEA.jpg",2000,1333,false],"thumbnail":["https:\/\/www.uartes.edu.ec\/sitio\/wp-content\/uploads\/2024\/07\/02-SESION-489-FUNDACION-GQUIL-RECONOCIMIENTO-ASAMBLEA-150x150.jpg",150,150,true],"medium":["https:\/\/www.uartes.edu.ec\/sitio\/wp-content\/uploads\/2024\/07\/02-SESION-489-FUNDACION-GQUIL-RECONOCIMIENTO-ASAMBLEA-300x200.jpg",300,200,true],"medium_large":["https:\/\/www.uartes.edu.ec\/sitio\/wp-content\/uploads\/2024\/07\/02-SESION-489-FUNDACION-GQUIL-RECONOCIMIENTO-ASAMBLEA-768x512.jpg",768,512,true],"large":["https:\/\/www.uartes.edu.ec\/sitio\/wp-content\/uploads\/2024\/07\/02-SESION-489-FUNDACION-GQUIL-RECONOCIMIENTO-ASAMBLEA-644x429.jpg",644,429,true],"1536x1536":["https:\/\/www.uartes.edu.ec\/sitio\/wp-content\/uploads\/2024\/07\/02-SESION-489-FUNDACION-GQUIL-RECONOCIMIENTO-ASAMBLEA-1536x1024.jpg",1536,1024,true],"2048x2048":["https:\/\/www.uartes.edu.ec\/sitio\/wp-content\/uploads\/2024\/07\/02-SESION-489-FUNDACION-GQUIL-RECONOCIMIENTO-ASAMBLEA.jpg",2000,1333,false],"trp-custom-language-flag":["https:\/\/www.uartes.edu.ec\/sitio\/wp-content\/uploads\/2024\/07\/02-SESION-489-FUNDACION-GQUIL-RECONOCIMIENTO-ASAMBLEA-18x12.jpg",18,12,true],"htmega_size_585x295":["https:\/\/www.uartes.edu.ec\/sitio\/wp-content\/uploads\/2024\/07\/02-SESION-489-FUNDACION-GQUIL-RECONOCIMIENTO-ASAMBLEA-585x295.jpg",585,295,true],"htmega_size_1170x536":["https:\/\/www.uartes.edu.ec\/sitio\/wp-content\/uploads\/2024\/07\/02-SESION-489-FUNDACION-GQUIL-RECONOCIMIENTO-ASAMBLEA-1170x536.jpg",1170,536,true],"htmega_size_396x360":["https:\/\/www.uartes.edu.ec\/sitio\/wp-content\/uploads\/2024\/07\/02-SESION-489-FUNDACION-GQUIL-RECONOCIMIENTO-ASAMBLEA-396x360.jpg",396,360,true],"gb-block-post-grid-landscape":["https:\/\/www.uartes.edu.ec\/sitio\/wp-content\/uploads\/2024\/07\/02-SESION-489-FUNDACION-GQUIL-RECONOCIMIENTO-ASAMBLEA.jpg",600,400,false],"gb-block-post-grid-square":["https:\/\/www.uartes.edu.ec\/sitio\/wp-content\/uploads\/2024\/07\/02-SESION-489-FUNDACION-GQUIL-RECONOCIMIENTO-ASAMBLEA.jpg",600,400,false],"university-hub-thumb":["https:\/\/www.uartes.edu.ec\/sitio\/wp-content\/uploads\/2024\/07\/02-SESION-489-FUNDACION-GQUIL-RECONOCIMIENTO-ASAMBLEA-400x267.jpg",400,267,true]},"uagb_author_info":{"display_name":"ccortez","author_link":"https:\/\/www.uartes.edu.ec\/sitio\/blog\/author\/ccortez\/"},"uagb_comment_info":0,"uagb_excerpt":"En la sesi\u00f3n solemne que la Asamblea Nacional tuvo en Guayaquil este 24 de julio, por los 489 a\u00f1os del inicio de su proceso fundacional, se entregaron reconocimientos y acuerdos legislativos a ilustres ciudadanos e instituciones por sus m\u00e9ritos en los \u00e1mbitos social, educativo, cultural, deportivo y econ\u00f3mico. El rector UArtes, Dr. William Herrera R\u00edos,&hellip;","featured_image_src":"https:\/\/www.uartes.edu.ec\/sitio\/wp-content\/uploads\/2024\/07\/02-SESION-489-FUNDACION-GQUIL-RECONOCIMIENTO-ASAMBLEA.jpg","featured_image_src_square":"https:\/\/www.uartes.edu.ec\/sitio\/wp-content\/uploads\/2024\/07\/02-SESION-489-FUNDACION-GQUIL-RECONOCIMIENTO-ASAMBLEA.jpg","author_info":{"display_name":"ccortez","author_link":"https:\/\/www.uartes.edu.ec\/sitio\/blog\/author\/ccortez\/"},"publishpress_future_workflow_manual_trigger":{"enabledWorkflows":[]},"distributor_meta":false,"distributor_terms":false,"distributor_media":false,"distributor_original_site_name":"Universidad de las Artes","distributor_original_site_url":"https:\/\/www.uartes.edu.ec\/sitio","push-errors":false,"_links":{"self":[{"href":"https:\/\/www.uartes.edu.ec\/sitio\/wp-json\/wp\/v2\/posts\/59375","targetHints":{"allow":["GET"]}}],"collection":[{"href":"https:\/\/www.uartes.edu.ec\/sitio\/wp-json\/wp\/v2\/posts"}],"about":[{"href":"https:\/\/www.uartes.edu.ec\/sitio\/wp-json\/wp\/v2\/types\/post"}],"author":[{"embeddable":true,"href":"https:\/\/www.uartes.edu.ec\/sitio\/wp-json\/wp\/v2\/users\/10"}],"replies":[{"embeddable":true,"href":"https:\/\/www.uartes.edu.ec\/sitio\/wp-json\/wp\/v2\/comments?post=59375"}],"version-history":[{"count":12,"href":"https:\/\/www.uartes.edu.ec\/sitio\/wp-json\/wp\/v2\/posts\/59375\/revisions"}],"predecessor-version":[{"id":59401,"href":"https:\/\/www.uartes.edu.ec\/sitio\/wp-json\/wp\/v2\/posts\/59375\/revisions\/59401"}],"wp:featuredmedia":[{"embeddable":true,"href":"https:\/\/www.uartes.edu.ec\/sitio\/wp-json\/wp\/v2\/media\/59381"}],"wp:attachment":[{"href":"https:\/\/www.uartes.edu.ec\/sitio\/wp-json\/wp\/v2\/media?parent=59375"}],"wp:term":[{"taxonomy":"category","embeddable":true,"href":"https:\/\/www.uartes.edu.ec\/sitio\/wp-json\/wp\/v2\/categories?post=59375"},{"taxonomy":"post_tag","embeddable":true,"href":"https:\/\/www.uartes.edu.ec\/sitio\/wp-json\/wp\/v2\/tags?post=59375"},{"taxonomy":"infouartes","embeddable":true,"href":"https:\/\/www.uartes.edu.ec\/sitio\/wp-json\/wp\/v2\/infouartes?post=59375"}],"curies":[{"name":"wp","href":"https:\/\/api.w.org\/{rel}","templated":true}]}}