{"id":59482,"date":"2024-07-22T14:18:00","date_gmt":"2024-07-22T19:18:00","guid":{"rendered":"https:\/\/www.uartes.edu.ec\/sitio\/?p=59482"},"modified":"2024-07-27T17:50:16","modified_gmt":"2024-07-27T22:50:16","slug":"estudiantes-uartes-conocieron-en-taller-las-tecnicas-basicas-del-masaje-como-herramienta-pedagogica","status":"publish","type":"post","link":"https:\/\/www.uartes.edu.ec\/sitio\/blog\/2024\/07\/22\/estudiantes-uartes-conocieron-en-taller-las-tecnicas-basicas-del-masaje-como-herramienta-pedagogica\/","title":{"rendered":"Se impartieron en taller \u201cT\u00e9cnicas b\u00e1sicas del masaje como herramienta pedag\u00f3gica\u201d"},"content":{"rendered":"\n<p>Dirigido a la comunidad estudiantil UArtes y organizado por la Direcci\u00f3n de <a>Acompa\u00f1amiento al \u00c9xito Acad\u00e9mico<\/a> (DAEA), del 15 al 19 de julio se desarroll\u00f3 el taller \u201cT\u00e9cnicas b\u00e1sicas del masaje como herramienta pedag\u00f3gica\u201d, Lo imparti\u00f3 Virginia Tovar P\u00e9rez, en la Sala de Usos M\u00faltiples del pabell\u00f3n Araceli Gilbert del antiguo Palacio de la Gobernaci\u00f3n, sede matriz de nuestra instituci\u00f3n. &nbsp;<\/p>\n\n\n\n<p>Tovar P\u00e9rez tiene formaci\u00f3n en masaje terap\u00e9utico y es licenciada en m\u00fasica, con menci\u00f3n en Educaci\u00f3n. Comenta que el taller se dise\u00f1\u00f3 para que los alumnos aprendieran herramientas sencillas del masaje \u201cy puedan ayudarse y ayudar a otros a relajar su cuerpo en momentos de tensi\u00f3n del d\u00eda a d\u00eda\u201d. A la convocatoria de inscripci\u00f3n respondieron estudiantes de todas las escuelas, en especial de Artes Esc\u00e9nicas y Artes Sonoras.<\/p>\n\n\n\n<p>\u201cCursar las carreras de Danza y Creaci\u00f3n Teatral los lleva a un trabajo corporal constante, igual sucede con los de Artes Musicales e incluso con Producci\u00f3n Musical, debido a las ejecuciones instrumentales, por ello la propuesta del masaje terap\u00e9utico como una herramienta que les permitir\u00e1 en el momento que lo precisen atender una lesi\u00f3n leve y\/o contracturas\u201d, expres\u00f3 Tovar P\u00e9rez.<\/p>\n\n\n\t\t\t\t\t<div\n\t\t\t\t\t\tclass=\"wp-block-uagb-image-gallery uagb-block-9b54cfaa     \"\n\t\t\t\t\t\tstyle=\"\"\n\t\t\t\t\t>\n\t\t\t\t\t\t\t\t\t\t\t<div class=\"spectra-image-gallery spectra-image-gallery__layout--grid spectra-image-gallery__layout--grid-col-2 spectra-image-gallery__layout--grid-col-tab-2 spectra-image-gallery__layout--grid-col-mob-2\">\n\t\t\t\t\t\t\t\t\t\t\t<div class='spectra-image-gallery__media-wrapper' data-spectra-gallery-image-id='59484' tabindex=\"0\">\n\t\t\t\t\t\t\t<div class=\"spectra-image-gallery__media spectra-image-gallery__media--grid\">\n\t\t\t\t<picture>\n\t\t\t\t\t<source media=\"(min-width: 1024px)\" srcset=\"https:\/\/www.uartes.edu.ec\/sitio\/wp-content\/uploads\/2024\/07\/01-CLASE-DE-MASAJE-SUM-GOBERNACION-644x429.jpg\">\n\t\t\t\t\t<source media=\"(min-width: 768px)\" srcset=\"https:\/\/www.uartes.edu.ec\/sitio\/wp-content\/uploads\/2024\/07\/01-CLASE-DE-MASAJE-SUM-GOBERNACION-644x429.jpg\">\n\t\t\t\t\t<img decoding=\"async\" class=\"spectra-image-gallery__media-thumbnail spectra-image-gallery__media-thumbnail--grid\" src=\"https:\/\/www.uartes.edu.ec\/sitio\/wp-content\/uploads\/2024\/07\/01-CLASE-DE-MASAJE-SUM-GOBERNACION-300x200.jpg\" alt=\"\" loading=\"lazy\" \/>\n\t\t\t\t<\/picture>\n\t\t\t\t<div class=\"spectra-image-gallery__media-thumbnail-blurrer\"><\/div>\n\t\t\t\t\t\t\t\t\t\t\t<div class=\"spectra-image-gallery__media-thumbnail-caption-wrapper spectra-image-gallery__media-thumbnail-caption-wrapper--overlay\">\n\t\t\t\t\t\t\t\t\t\t\t<div class=\"spectra-image-gallery__media-thumbnail-caption spectra-image-gallery__media-thumbnail-caption--overlay\">\n\t\t\t\t\tSin leyenda\t\t\t\t<\/div>\n\t\t\t\t\t\t\t\t\t\t<\/div>\n\t\t\t\t\t\t\t\t\t<\/div>\n\t\t\t\t\t\t<\/div>\n\t\t\t\t\t\t<div class='spectra-image-gallery__media-wrapper' data-spectra-gallery-image-id='59485' tabindex=\"0\">\n\t\t\t\t\t\t\t<div class=\"spectra-image-gallery__media spectra-image-gallery__media--grid\">\n\t\t\t\t<picture>\n\t\t\t\t\t<source media=\"(min-width: 1024px)\" srcset=\"https:\/\/www.uartes.edu.ec\/sitio\/wp-content\/uploads\/2024\/07\/03-CLASE-DE-MASAJE-SUM-GOBERNACION-644x429.jpg\">\n\t\t\t\t\t<source media=\"(min-width: 768px)\" srcset=\"https:\/\/www.uartes.edu.ec\/sitio\/wp-content\/uploads\/2024\/07\/03-CLASE-DE-MASAJE-SUM-GOBERNACION-644x429.jpg\">\n\t\t\t\t\t<img decoding=\"async\" class=\"spectra-image-gallery__media-thumbnail spectra-image-gallery__media-thumbnail--grid\" src=\"https:\/\/www.uartes.edu.ec\/sitio\/wp-content\/uploads\/2024\/07\/03-CLASE-DE-MASAJE-SUM-GOBERNACION-300x200.jpg\" alt=\"\" loading=\"lazy\" \/>\n\t\t\t\t<\/picture>\n\t\t\t\t<div class=\"spectra-image-gallery__media-thumbnail-blurrer\"><\/div>\n\t\t\t\t\t\t\t\t\t\t\t<div class=\"spectra-image-gallery__media-thumbnail-caption-wrapper spectra-image-gallery__media-thumbnail-caption-wrapper--overlay\">\n\t\t\t\t\t\t\t\t\t\t\t<div class=\"spectra-image-gallery__media-thumbnail-caption spectra-image-gallery__media-thumbnail-caption--overlay\">\n\t\t\t\t\tSin leyenda\t\t\t\t<\/div>\n\t\t\t\t\t\t\t\t\t\t<\/div>\n\t\t\t\t\t\t\t\t\t<\/div>\n\t\t\t\t\t\t<\/div>\n\t\t\t\t\t\t\t\t\t\t<\/div>\n\t\t\t\t\t\t\t\t\t\t\t\t\t\t\t\t\t\t<\/div>\n\t\t\t\t\t\t\t\t\t\n\n\n<p>En la Sala de Usos M\u00faltiples, la tallerista coloc\u00f3 una camilla y previo a iniciar la explicaci\u00f3n de c\u00f3mo realizar los masajes, en una pantalla mostr\u00f3 y analiz\u00f3 con los participantes la anatom\u00eda humana y su estructura \u00f3sea, as\u00ed como las partes del cuerpo d\u00f3nde realizar los masajes; desde la columna vertebral hasta, y en especial, las extremidades, sobre todo, de las inferiores que son las que mayormente podr\u00edan registrar lesiones menores.<\/p>\n\n\n\n<p>Como recursos para recibir la capacitaci\u00f3n, a los estudiantes se les pidi\u00f3 llevar mats o esterillas de yoga, aceites o cremas y una toalla. La instructora anot\u00f3 que la idea del taller era crear en el propio ambiente universitario las condiciones para que puedan dar un masaje y relajar ciertas partes del cuerpo sin necesidad de tener una camilla; que puedan ayudarse y ayudar a otros a relajar su cuerpo, reiter\u00f3.<\/p>\n\n\n\n<p>En el taller explic\u00f3 masajes que van espec\u00edficamente hacia una lesi\u00f3n. \u201cSi hay alguna contractura en la espalda, el masaje va a esa contractura y con una t\u00e9cnica adecuada, como movimientos manuales, se va a descontracturar y mejorar muscularmente\u201d. Lo que siempre explica, a\u00f1adi\u00f3, es que se trata de un masaje a nivel muscular no \u00f3seo, no a nivel de huesos sino solo la estructura del cuerpo a nivel muscular. \u201cEl masaje forma parte de un tratamiento, porque si hay alguna afecci\u00f3n se debe recurrir a un traumat\u00f3logo y el masaje forma parte de ese tratamiento que ayudar\u00e1 al paciente a mejorar m\u00e1s r\u00e1pido\u201d.<\/p>\n\n\n\t\t\t\t\t<div\n\t\t\t\t\t\tclass=\"wp-block-uagb-image-gallery uagb-block-8c24137b     \"\n\t\t\t\t\t\tstyle=\"\"\n\t\t\t\t\t>\n\t\t\t\t\t\t\t\t\t\t\t<div class=\"spectra-image-gallery spectra-image-gallery__layout--grid spectra-image-gallery__layout--grid-col-2 spectra-image-gallery__layout--grid-col-tab-2 spectra-image-gallery__layout--grid-col-mob-2\">\n\t\t\t\t\t\t\t\t\t\t\t<div class='spectra-image-gallery__media-wrapper' data-spectra-gallery-image-id='59486' tabindex=\"0\">\n\t\t\t\t\t\t\t<div class=\"spectra-image-gallery__media spectra-image-gallery__media--grid\">\n\t\t\t\t<picture>\n\t\t\t\t\t<source media=\"(min-width: 1024px)\" srcset=\"https:\/\/www.uartes.edu.ec\/sitio\/wp-content\/uploads\/2024\/07\/02-CLASE-DE-MASAJE-SUM-GOBERNACION-644x429.jpg\">\n\t\t\t\t\t<source media=\"(min-width: 768px)\" srcset=\"https:\/\/www.uartes.edu.ec\/sitio\/wp-content\/uploads\/2024\/07\/02-CLASE-DE-MASAJE-SUM-GOBERNACION-644x429.jpg\">\n\t\t\t\t\t<img decoding=\"async\" class=\"spectra-image-gallery__media-thumbnail spectra-image-gallery__media-thumbnail--grid\" src=\"https:\/\/www.uartes.edu.ec\/sitio\/wp-content\/uploads\/2024\/07\/02-CLASE-DE-MASAJE-SUM-GOBERNACION-300x200.jpg\" alt=\"\" loading=\"lazy\" \/>\n\t\t\t\t<\/picture>\n\t\t\t\t<div class=\"spectra-image-gallery__media-thumbnail-blurrer\"><\/div>\n\t\t\t\t\t\t\t\t\t\t\t<div class=\"spectra-image-gallery__media-thumbnail-caption-wrapper spectra-image-gallery__media-thumbnail-caption-wrapper--overlay\">\n\t\t\t\t\t\t\t\t\t\t\t<div class=\"spectra-image-gallery__media-thumbnail-caption spectra-image-gallery__media-thumbnail-caption--overlay\">\n\t\t\t\t\tSin leyenda\t\t\t\t<\/div>\n\t\t\t\t\t\t\t\t\t\t<\/div>\n\t\t\t\t\t\t\t\t\t<\/div>\n\t\t\t\t\t\t<\/div>\n\t\t\t\t\t\t<div class='spectra-image-gallery__media-wrapper' data-spectra-gallery-image-id='59487' tabindex=\"0\">\n\t\t\t\t\t\t\t<div class=\"spectra-image-gallery__media spectra-image-gallery__media--grid\">\n\t\t\t\t<picture>\n\t\t\t\t\t<source media=\"(min-width: 1024px)\" srcset=\"https:\/\/www.uartes.edu.ec\/sitio\/wp-content\/uploads\/2024\/07\/05-CLASE-DE-MASAJE-SUM-GOBERNACION-644x429.jpg\">\n\t\t\t\t\t<source media=\"(min-width: 768px)\" srcset=\"https:\/\/www.uartes.edu.ec\/sitio\/wp-content\/uploads\/2024\/07\/05-CLASE-DE-MASAJE-SUM-GOBERNACION-644x429.jpg\">\n\t\t\t\t\t<img decoding=\"async\" class=\"spectra-image-gallery__media-thumbnail spectra-image-gallery__media-thumbnail--grid\" src=\"https:\/\/www.uartes.edu.ec\/sitio\/wp-content\/uploads\/2024\/07\/05-CLASE-DE-MASAJE-SUM-GOBERNACION-300x200.jpg\" alt=\"\" loading=\"lazy\" \/>\n\t\t\t\t<\/picture>\n\t\t\t\t<div class=\"spectra-image-gallery__media-thumbnail-blurrer\"><\/div>\n\t\t\t\t\t\t\t\t\t\t\t<div class=\"spectra-image-gallery__media-thumbnail-caption-wrapper spectra-image-gallery__media-thumbnail-caption-wrapper--overlay\">\n\t\t\t\t\t\t\t\t\t\t\t<div class=\"spectra-image-gallery__media-thumbnail-caption spectra-image-gallery__media-thumbnail-caption--overlay\">\n\t\t\t\t\tSin leyenda\t\t\t\t<\/div>\n\t\t\t\t\t\t\t\t\t\t<\/div>\n\t\t\t\t\t\t\t\t\t<\/div>\n\t\t\t\t\t\t<\/div>\n\t\t\t\t\t\t\t\t\t\t<\/div>\n\t\t\t\t\t\t\t\t\t\t\t\t\t\t\t\t\t\t<\/div>\n\t\t\t\t\t\t\t\t\t\n\n\n<p>Mediante el masaje se atiende la contractura y se trabaja tambi\u00e9n con la relajaci\u00f3n, \u201cporque una vez que un cuerpo est\u00e1 relajado se puede asimilar mejor un tratamiento, se puede incluso dormir mejor\u201d, dijo y revel\u00f3 que como pedagoga que es envi\u00f3 a la Secretar\u00eda de Bienestar Universitario de la UArtes la propuesta para realizar un taller que permitiera dar a conocer t\u00e9cnicas para ayudarse en las actividades curriculares de sus carreras.<\/p>\n\n\n\n<p>Desde la Direcci\u00f3n de Acompa\u00f1amiento al \u00c9xito Acad\u00e9mico, Juan Jos\u00e9 Rocha, su director, se\u00f1al\u00f3 que constantemente se est\u00e1n promoviendo talleres para brindar a los estudiantes herramientas y recursos que contribuyan con su preparaci\u00f3n acad\u00e9mica. Es un trabajo conjunto con todos los departamentos y direcciones de la UArtes, como su Secretar\u00eda de Bienestar Universitario.<\/p>\n\n\n\n<p><\/p>\n","protected":false},"excerpt":{"rendered":"<p>El taller fue dise\u00f1ado para que los alumnos UArtes aprendieran herramientas sencillas del masaje, a fin de puedan ayudarse y ayudar a otros a relajar su cuerpo en momentos de tensi\u00f3n, se\u00f1al\u00f3 Virginia Tovar, quien plante\u00f3 la propuesta para toda la comunidad estudiantil, en especial para quienes cursan en la Escuela de Artes Esc\u00e9nicas las carreras de Danza y Creaci\u00f3n Teatral, por el intenso trabajo corporal que demanda su preparaci\u00f3n acad\u00e9mica. <\/p>\n","protected":false},"author":10,"featured_media":59483,"comment_status":"open","ping_status":"open","sticky":false,"template":"","format":"standard","meta":{"_acf_changed":false,"_uag_custom_page_level_css":"","_monsterinsights_skip_tracking":false,"_monsterinsights_sitenote_active":false,"_monsterinsights_sitenote_note":"","_monsterinsights_sitenote_category":0,"cybocfi_hide_featured_image":"","footnotes":""},"categories":[80,159,150,157,147,76,175,83],"tags":[538],"infouartes":[],"class_list":["post-59482","post","type-post","status-publish","format-standard","has-post-thumbnail","hentry","category-academico","category-artes-escenicas","category-artes-sonoras","category-artes-visuales","category-cine","category-estudiantes","category-literatura","category-sedes","tag-capacitacion"],"acf":[],"yoast_head":"<!-- This site is optimized with the Yoast SEO plugin v27.4 - https:\/\/yoast.com\/product\/yoast-seo-wordpress\/ -->\n<title>Universidad de las Artes - Se impartieron en taller \u201cT\u00e9cnicas b\u00e1sicas del masaje como herramienta pedag\u00f3gica\u201d<\/title>\n<meta name=\"description\" content=\"Universidad de las Artes - Se impartieron en taller \u201cT\u00e9cnicas b\u00e1sicas del masaje como herramienta pedag\u00f3gica\u201d\" \/>\n<meta name=\"robots\" content=\"index, follow, max-snippet:-1, max-image-preview:large, max-video-preview:-1\" \/>\n<link rel=\"canonical\" href=\"https:\/\/www.uartes.edu.ec\/sitio\/blog\/2024\/07\/22\/estudiantes-uartes-conocieron-en-taller-las-tecnicas-basicas-del-masaje-como-herramienta-pedagogica\/\" \/>\n<meta property=\"og:locale\" content=\"es_ES\" \/>\n<meta property=\"og:type\" content=\"article\" \/>\n<meta property=\"og:title\" content=\"Universidad de las Artes - Se impartieron en taller \u201cT\u00e9cnicas b\u00e1sicas del masaje como herramienta pedag\u00f3gica\u201d\" \/>\n<meta property=\"og:description\" content=\"Universidad de las Artes - Se impartieron en taller \u201cT\u00e9cnicas b\u00e1sicas del masaje como herramienta pedag\u00f3gica\u201d\" \/>\n<meta property=\"og:url\" content=\"https:\/\/www.uartes.edu.ec\/sitio\/blog\/2024\/07\/22\/estudiantes-uartes-conocieron-en-taller-las-tecnicas-basicas-del-masaje-como-herramienta-pedagogica\/\" \/>\n<meta property=\"og:site_name\" content=\"Universidad de las Artes\" \/>\n<meta property=\"article:publisher\" content=\"https:\/\/www.facebook.com\/uartesec\" \/>\n<meta property=\"article:published_time\" content=\"2024-07-22T19:18:00+00:00\" \/>\n<meta property=\"article:modified_time\" content=\"2024-07-27T22:50:16+00:00\" \/>\n<meta property=\"og:image\" content=\"https:\/\/www.uartes.edu.ec\/sitio\/wp-content\/uploads\/2024\/07\/04-CLASE-DE-MASAJE-SUM-GOBERNACION.jpg\" \/>\n\t<meta property=\"og:image:width\" content=\"2000\" \/>\n\t<meta property=\"og:image:height\" content=\"1333\" \/>\n\t<meta property=\"og:image:type\" content=\"image\/jpeg\" \/>\n<meta name=\"author\" content=\"ccortez\" \/>\n<meta name=\"twitter:card\" content=\"summary_large_image\" \/>\n<meta name=\"twitter:creator\" content=\"@uartesec\" \/>\n<meta name=\"twitter:site\" content=\"@uartesec\" \/>\n<meta name=\"twitter:label1\" content=\"Escrito por\" \/>\n\t<meta name=\"twitter:data1\" content=\"ccortez\" \/>\n\t<meta name=\"twitter:label2\" content=\"Tiempo de lectura\" \/>\n\t<meta name=\"twitter:data2\" content=\"3 minutos\" \/>\n<script type=\"application\/ld+json\" class=\"yoast-schema-graph\">{\"@context\":\"https:\\\/\\\/schema.org\",\"@graph\":[{\"@type\":\"Article\",\"@id\":\"https:\\\/\\\/www.uartes.edu.ec\\\/sitio\\\/blog\\\/2024\\\/07\\\/22\\\/estudiantes-uartes-conocieron-en-taller-las-tecnicas-basicas-del-masaje-como-herramienta-pedagogica\\\/#article\",\"isPartOf\":{\"@id\":\"https:\\\/\\\/www.uartes.edu.ec\\\/sitio\\\/blog\\\/2024\\\/07\\\/22\\\/estudiantes-uartes-conocieron-en-taller-las-tecnicas-basicas-del-masaje-como-herramienta-pedagogica\\\/\"},\"author\":{\"name\":\"ccortez\",\"@id\":\"https:\\\/\\\/www.uartes.edu.ec\\\/sitio\\\/#\\\/schema\\\/person\\\/efa1b8275797664fd7f13a79ccc0b1f4\"},\"headline\":\"Se impartieron en taller \u201cT\u00e9cnicas b\u00e1sicas del masaje como herramienta pedag\u00f3gica\u201d\",\"datePublished\":\"2024-07-22T19:18:00+00:00\",\"dateModified\":\"2024-07-27T22:50:16+00:00\",\"mainEntityOfPage\":{\"@id\":\"https:\\\/\\\/www.uartes.edu.ec\\\/sitio\\\/blog\\\/2024\\\/07\\\/22\\\/estudiantes-uartes-conocieron-en-taller-las-tecnicas-basicas-del-masaje-como-herramienta-pedagogica\\\/\"},\"wordCount\":629,\"commentCount\":0,\"publisher\":{\"@id\":\"https:\\\/\\\/www.uartes.edu.ec\\\/sitio\\\/#organization\"},\"image\":{\"@id\":\"https:\\\/\\\/www.uartes.edu.ec\\\/sitio\\\/blog\\\/2024\\\/07\\\/22\\\/estudiantes-uartes-conocieron-en-taller-las-tecnicas-basicas-del-masaje-como-herramienta-pedagogica\\\/#primaryimage\"},\"thumbnailUrl\":\"https:\\\/\\\/www.uartes.edu.ec\\\/sitio\\\/wp-content\\\/uploads\\\/2024\\\/07\\\/04-CLASE-DE-MASAJE-SUM-GOBERNACION.jpg\",\"keywords\":[\"capacitaci\u00f3n\"],\"articleSection\":[\"Acad\u00e9mico\",\"Artes Esc\u00e9nicas\",\"Artes Sonoras\",\"Artes Visuales\",\"Cine\",\"Estudiantes\",\"Literatura\",\"Sedes\"],\"inLanguage\":\"es\",\"potentialAction\":[{\"@type\":\"CommentAction\",\"name\":\"Comment\",\"target\":[\"https:\\\/\\\/www.uartes.edu.ec\\\/sitio\\\/blog\\\/2024\\\/07\\\/22\\\/estudiantes-uartes-conocieron-en-taller-las-tecnicas-basicas-del-masaje-como-herramienta-pedagogica\\\/#respond\"]}]},{\"@type\":[\"WebPage\",\"ItemPage\"],\"@id\":\"https:\\\/\\\/www.uartes.edu.ec\\\/sitio\\\/blog\\\/2024\\\/07\\\/22\\\/estudiantes-uartes-conocieron-en-taller-las-tecnicas-basicas-del-masaje-como-herramienta-pedagogica\\\/\",\"url\":\"https:\\\/\\\/www.uartes.edu.ec\\\/sitio\\\/blog\\\/2024\\\/07\\\/22\\\/estudiantes-uartes-conocieron-en-taller-las-tecnicas-basicas-del-masaje-como-herramienta-pedagogica\\\/\",\"name\":\"Universidad de las Artes - Se impartieron en taller \u201cT\u00e9cnicas b\u00e1sicas del masaje como herramienta pedag\u00f3gica\u201d\",\"isPartOf\":{\"@id\":\"https:\\\/\\\/www.uartes.edu.ec\\\/sitio\\\/#website\"},\"primaryImageOfPage\":{\"@id\":\"https:\\\/\\\/www.uartes.edu.ec\\\/sitio\\\/blog\\\/2024\\\/07\\\/22\\\/estudiantes-uartes-conocieron-en-taller-las-tecnicas-basicas-del-masaje-como-herramienta-pedagogica\\\/#primaryimage\"},\"image\":{\"@id\":\"https:\\\/\\\/www.uartes.edu.ec\\\/sitio\\\/blog\\\/2024\\\/07\\\/22\\\/estudiantes-uartes-conocieron-en-taller-las-tecnicas-basicas-del-masaje-como-herramienta-pedagogica\\\/#primaryimage\"},\"thumbnailUrl\":\"https:\\\/\\\/www.uartes.edu.ec\\\/sitio\\\/wp-content\\\/uploads\\\/2024\\\/07\\\/04-CLASE-DE-MASAJE-SUM-GOBERNACION.jpg\",\"datePublished\":\"2024-07-22T19:18:00+00:00\",\"dateModified\":\"2024-07-27T22:50:16+00:00\",\"description\":\"Universidad de las Artes - Se impartieron en taller \u201cT\u00e9cnicas b\u00e1sicas del masaje como herramienta pedag\u00f3gica\u201d\",\"breadcrumb\":{\"@id\":\"https:\\\/\\\/www.uartes.edu.ec\\\/sitio\\\/blog\\\/2024\\\/07\\\/22\\\/estudiantes-uartes-conocieron-en-taller-las-tecnicas-basicas-del-masaje-como-herramienta-pedagogica\\\/#breadcrumb\"},\"inLanguage\":\"es\",\"potentialAction\":[{\"@type\":\"ReadAction\",\"target\":[\"https:\\\/\\\/www.uartes.edu.ec\\\/sitio\\\/blog\\\/2024\\\/07\\\/22\\\/estudiantes-uartes-conocieron-en-taller-las-tecnicas-basicas-del-masaje-como-herramienta-pedagogica\\\/\"]}]},{\"@type\":\"ImageObject\",\"inLanguage\":\"es\",\"@id\":\"https:\\\/\\\/www.uartes.edu.ec\\\/sitio\\\/blog\\\/2024\\\/07\\\/22\\\/estudiantes-uartes-conocieron-en-taller-las-tecnicas-basicas-del-masaje-como-herramienta-pedagogica\\\/#primaryimage\",\"url\":\"https:\\\/\\\/www.uartes.edu.ec\\\/sitio\\\/wp-content\\\/uploads\\\/2024\\\/07\\\/04-CLASE-DE-MASAJE-SUM-GOBERNACION.jpg\",\"contentUrl\":\"https:\\\/\\\/www.uartes.edu.ec\\\/sitio\\\/wp-content\\\/uploads\\\/2024\\\/07\\\/04-CLASE-DE-MASAJE-SUM-GOBERNACION.jpg\",\"width\":2000,\"height\":1333},{\"@type\":\"BreadcrumbList\",\"@id\":\"https:\\\/\\\/www.uartes.edu.ec\\\/sitio\\\/blog\\\/2024\\\/07\\\/22\\\/estudiantes-uartes-conocieron-en-taller-las-tecnicas-basicas-del-masaje-como-herramienta-pedagogica\\\/#breadcrumb\",\"itemListElement\":[{\"@type\":\"ListItem\",\"position\":1,\"name\":\"Inicio\",\"item\":\"https:\\\/\\\/www.uartes.edu.ec\\\/sitio\\\/\"},{\"@type\":\"ListItem\",\"position\":2,\"name\":\"Se impartieron en taller \u201cT\u00e9cnicas b\u00e1sicas del masaje como herramienta pedag\u00f3gica\u201d\"}]},{\"@type\":\"WebSite\",\"@id\":\"https:\\\/\\\/www.uartes.edu.ec\\\/sitio\\\/#website\",\"url\":\"https:\\\/\\\/www.uartes.edu.ec\\\/sitio\\\/\",\"name\":\"Universidad de las Artes\",\"description\":\"Sitio oficial de la Universidad Nacional de las Artes del Ecuador\",\"publisher\":{\"@id\":\"https:\\\/\\\/www.uartes.edu.ec\\\/sitio\\\/#organization\"},\"potentialAction\":[{\"@type\":\"SearchAction\",\"target\":{\"@type\":\"EntryPoint\",\"urlTemplate\":\"https:\\\/\\\/www.uartes.edu.ec\\\/sitio\\\/?s={search_term_string}\"},\"query-input\":{\"@type\":\"PropertyValueSpecification\",\"valueRequired\":true,\"valueName\":\"search_term_string\"}}],\"inLanguage\":\"es\"},{\"@type\":\"Organization\",\"@id\":\"https:\\\/\\\/www.uartes.edu.ec\\\/sitio\\\/#organization\",\"name\":\"Universidad de las Artes\",\"url\":\"https:\\\/\\\/www.uartes.edu.ec\\\/sitio\\\/\",\"logo\":{\"@type\":\"ImageObject\",\"inLanguage\":\"es\",\"@id\":\"https:\\\/\\\/www.uartes.edu.ec\\\/sitio\\\/#\\\/schema\\\/logo\\\/image\\\/\",\"url\":\"https:\\\/\\\/www.uartes.edu.ec\\\/sitio\\\/wp-content\\\/uploads\\\/2022\\\/07\\\/logo-ua-horizontal.png\",\"contentUrl\":\"https:\\\/\\\/www.uartes.edu.ec\\\/sitio\\\/wp-content\\\/uploads\\\/2022\\\/07\\\/logo-ua-horizontal.png\",\"width\":800,\"height\":276,\"caption\":\"Universidad de las Artes\"},\"image\":{\"@id\":\"https:\\\/\\\/www.uartes.edu.ec\\\/sitio\\\/#\\\/schema\\\/logo\\\/image\\\/\"},\"sameAs\":[\"https:\\\/\\\/www.facebook.com\\\/uartesec\",\"https:\\\/\\\/x.com\\\/uartesec\",\"https:\\\/\\\/www.tiktok.com\\\/@uartesec\"]},{\"@type\":\"Person\",\"@id\":\"https:\\\/\\\/www.uartes.edu.ec\\\/sitio\\\/#\\\/schema\\\/person\\\/efa1b8275797664fd7f13a79ccc0b1f4\",\"name\":\"ccortez\",\"image\":{\"@type\":\"ImageObject\",\"inLanguage\":\"es\",\"@id\":\"https:\\\/\\\/secure.gravatar.com\\\/avatar\\\/b2a6f664a3ae8e074346ef91775736c5ec479e637ecced6842de9dc98b5da9cd?s=96&d=mm&r=g\",\"url\":\"https:\\\/\\\/secure.gravatar.com\\\/avatar\\\/b2a6f664a3ae8e074346ef91775736c5ec479e637ecced6842de9dc98b5da9cd?s=96&d=mm&r=g\",\"contentUrl\":\"https:\\\/\\\/secure.gravatar.com\\\/avatar\\\/b2a6f664a3ae8e074346ef91775736c5ec479e637ecced6842de9dc98b5da9cd?s=96&d=mm&r=g\",\"caption\":\"ccortez\"},\"url\":\"https:\\\/\\\/www.uartes.edu.ec\\\/sitio\\\/blog\\\/author\\\/ccortez\\\/\"}]}<\/script>\n<!-- \/ Yoast SEO plugin. -->","yoast_head_json":{"title":"Universidad de las Artes - Se impartieron en taller \u201cT\u00e9cnicas b\u00e1sicas del masaje como herramienta pedag\u00f3gica\u201d","description":"Universidad de las Artes - Se impartieron en taller \u201cT\u00e9cnicas b\u00e1sicas del masaje como herramienta pedag\u00f3gica\u201d","robots":{"index":"index","follow":"follow","max-snippet":"max-snippet:-1","max-image-preview":"max-image-preview:large","max-video-preview":"max-video-preview:-1"},"canonical":"https:\/\/www.uartes.edu.ec\/sitio\/blog\/2024\/07\/22\/estudiantes-uartes-conocieron-en-taller-las-tecnicas-basicas-del-masaje-como-herramienta-pedagogica\/","og_locale":"es_ES","og_type":"article","og_title":"Universidad de las Artes - Se impartieron en taller \u201cT\u00e9cnicas b\u00e1sicas del masaje como herramienta pedag\u00f3gica\u201d","og_description":"Universidad de las Artes - Se impartieron en taller \u201cT\u00e9cnicas b\u00e1sicas del masaje como herramienta pedag\u00f3gica\u201d","og_url":"https:\/\/www.uartes.edu.ec\/sitio\/blog\/2024\/07\/22\/estudiantes-uartes-conocieron-en-taller-las-tecnicas-basicas-del-masaje-como-herramienta-pedagogica\/","og_site_name":"Universidad de las Artes","article_publisher":"https:\/\/www.facebook.com\/uartesec","article_published_time":"2024-07-22T19:18:00+00:00","article_modified_time":"2024-07-27T22:50:16+00:00","og_image":[{"width":2000,"height":1333,"url":"https:\/\/www.uartes.edu.ec\/sitio\/wp-content\/uploads\/2024\/07\/04-CLASE-DE-MASAJE-SUM-GOBERNACION.jpg","type":"image\/jpeg"}],"author":"ccortez","twitter_card":"summary_large_image","twitter_creator":"@uartesec","twitter_site":"@uartesec","twitter_misc":{"Escrito por":"ccortez","Tiempo de lectura":"3 minutos"},"schema":{"@context":"https:\/\/schema.org","@graph":[{"@type":"Article","@id":"https:\/\/www.uartes.edu.ec\/sitio\/blog\/2024\/07\/22\/estudiantes-uartes-conocieron-en-taller-las-tecnicas-basicas-del-masaje-como-herramienta-pedagogica\/#article","isPartOf":{"@id":"https:\/\/www.uartes.edu.ec\/sitio\/blog\/2024\/07\/22\/estudiantes-uartes-conocieron-en-taller-las-tecnicas-basicas-del-masaje-como-herramienta-pedagogica\/"},"author":{"name":"ccortez","@id":"https:\/\/www.uartes.edu.ec\/sitio\/#\/schema\/person\/efa1b8275797664fd7f13a79ccc0b1f4"},"headline":"Se impartieron en taller \u201cT\u00e9cnicas b\u00e1sicas del masaje como herramienta pedag\u00f3gica\u201d","datePublished":"2024-07-22T19:18:00+00:00","dateModified":"2024-07-27T22:50:16+00:00","mainEntityOfPage":{"@id":"https:\/\/www.uartes.edu.ec\/sitio\/blog\/2024\/07\/22\/estudiantes-uartes-conocieron-en-taller-las-tecnicas-basicas-del-masaje-como-herramienta-pedagogica\/"},"wordCount":629,"commentCount":0,"publisher":{"@id":"https:\/\/www.uartes.edu.ec\/sitio\/#organization"},"image":{"@id":"https:\/\/www.uartes.edu.ec\/sitio\/blog\/2024\/07\/22\/estudiantes-uartes-conocieron-en-taller-las-tecnicas-basicas-del-masaje-como-herramienta-pedagogica\/#primaryimage"},"thumbnailUrl":"https:\/\/www.uartes.edu.ec\/sitio\/wp-content\/uploads\/2024\/07\/04-CLASE-DE-MASAJE-SUM-GOBERNACION.jpg","keywords":["capacitaci\u00f3n"],"articleSection":["Acad\u00e9mico","Artes Esc\u00e9nicas","Artes Sonoras","Artes Visuales","Cine","Estudiantes","Literatura","Sedes"],"inLanguage":"es","potentialAction":[{"@type":"CommentAction","name":"Comment","target":["https:\/\/www.uartes.edu.ec\/sitio\/blog\/2024\/07\/22\/estudiantes-uartes-conocieron-en-taller-las-tecnicas-basicas-del-masaje-como-herramienta-pedagogica\/#respond"]}]},{"@type":["WebPage","ItemPage"],"@id":"https:\/\/www.uartes.edu.ec\/sitio\/blog\/2024\/07\/22\/estudiantes-uartes-conocieron-en-taller-las-tecnicas-basicas-del-masaje-como-herramienta-pedagogica\/","url":"https:\/\/www.uartes.edu.ec\/sitio\/blog\/2024\/07\/22\/estudiantes-uartes-conocieron-en-taller-las-tecnicas-basicas-del-masaje-como-herramienta-pedagogica\/","name":"Universidad de las Artes - Se impartieron en taller \u201cT\u00e9cnicas b\u00e1sicas del masaje como herramienta pedag\u00f3gica\u201d","isPartOf":{"@id":"https:\/\/www.uartes.edu.ec\/sitio\/#website"},"primaryImageOfPage":{"@id":"https:\/\/www.uartes.edu.ec\/sitio\/blog\/2024\/07\/22\/estudiantes-uartes-conocieron-en-taller-las-tecnicas-basicas-del-masaje-como-herramienta-pedagogica\/#primaryimage"},"image":{"@id":"https:\/\/www.uartes.edu.ec\/sitio\/blog\/2024\/07\/22\/estudiantes-uartes-conocieron-en-taller-las-tecnicas-basicas-del-masaje-como-herramienta-pedagogica\/#primaryimage"},"thumbnailUrl":"https:\/\/www.uartes.edu.ec\/sitio\/wp-content\/uploads\/2024\/07\/04-CLASE-DE-MASAJE-SUM-GOBERNACION.jpg","datePublished":"2024-07-22T19:18:00+00:00","dateModified":"2024-07-27T22:50:16+00:00","description":"Universidad de las Artes - Se impartieron en taller \u201cT\u00e9cnicas b\u00e1sicas del masaje como herramienta pedag\u00f3gica\u201d","breadcrumb":{"@id":"https:\/\/www.uartes.edu.ec\/sitio\/blog\/2024\/07\/22\/estudiantes-uartes-conocieron-en-taller-las-tecnicas-basicas-del-masaje-como-herramienta-pedagogica\/#breadcrumb"},"inLanguage":"es","potentialAction":[{"@type":"ReadAction","target":["https:\/\/www.uartes.edu.ec\/sitio\/blog\/2024\/07\/22\/estudiantes-uartes-conocieron-en-taller-las-tecnicas-basicas-del-masaje-como-herramienta-pedagogica\/"]}]},{"@type":"ImageObject","inLanguage":"es","@id":"https:\/\/www.uartes.edu.ec\/sitio\/blog\/2024\/07\/22\/estudiantes-uartes-conocieron-en-taller-las-tecnicas-basicas-del-masaje-como-herramienta-pedagogica\/#primaryimage","url":"https:\/\/www.uartes.edu.ec\/sitio\/wp-content\/uploads\/2024\/07\/04-CLASE-DE-MASAJE-SUM-GOBERNACION.jpg","contentUrl":"https:\/\/www.uartes.edu.ec\/sitio\/wp-content\/uploads\/2024\/07\/04-CLASE-DE-MASAJE-SUM-GOBERNACION.jpg","width":2000,"height":1333},{"@type":"BreadcrumbList","@id":"https:\/\/www.uartes.edu.ec\/sitio\/blog\/2024\/07\/22\/estudiantes-uartes-conocieron-en-taller-las-tecnicas-basicas-del-masaje-como-herramienta-pedagogica\/#breadcrumb","itemListElement":[{"@type":"ListItem","position":1,"name":"Inicio","item":"https:\/\/www.uartes.edu.ec\/sitio\/"},{"@type":"ListItem","position":2,"name":"Se impartieron en taller \u201cT\u00e9cnicas b\u00e1sicas del masaje como herramienta pedag\u00f3gica\u201d"}]},{"@type":"WebSite","@id":"https:\/\/www.uartes.edu.ec\/sitio\/#website","url":"https:\/\/www.uartes.edu.ec\/sitio\/","name":"Universidad de las Artes","description":"Sitio oficial de la Universidad Nacional de las Artes del Ecuador","publisher":{"@id":"https:\/\/www.uartes.edu.ec\/sitio\/#organization"},"potentialAction":[{"@type":"SearchAction","target":{"@type":"EntryPoint","urlTemplate":"https:\/\/www.uartes.edu.ec\/sitio\/?s={search_term_string}"},"query-input":{"@type":"PropertyValueSpecification","valueRequired":true,"valueName":"search_term_string"}}],"inLanguage":"es"},{"@type":"Organization","@id":"https:\/\/www.uartes.edu.ec\/sitio\/#organization","name":"Universidad de las Artes","url":"https:\/\/www.uartes.edu.ec\/sitio\/","logo":{"@type":"ImageObject","inLanguage":"es","@id":"https:\/\/www.uartes.edu.ec\/sitio\/#\/schema\/logo\/image\/","url":"https:\/\/www.uartes.edu.ec\/sitio\/wp-content\/uploads\/2022\/07\/logo-ua-horizontal.png","contentUrl":"https:\/\/www.uartes.edu.ec\/sitio\/wp-content\/uploads\/2022\/07\/logo-ua-horizontal.png","width":800,"height":276,"caption":"Universidad de las Artes"},"image":{"@id":"https:\/\/www.uartes.edu.ec\/sitio\/#\/schema\/logo\/image\/"},"sameAs":["https:\/\/www.facebook.com\/uartesec","https:\/\/x.com\/uartesec","https:\/\/www.tiktok.com\/@uartesec"]},{"@type":"Person","@id":"https:\/\/www.uartes.edu.ec\/sitio\/#\/schema\/person\/efa1b8275797664fd7f13a79ccc0b1f4","name":"ccortez","image":{"@type":"ImageObject","inLanguage":"es","@id":"https:\/\/secure.gravatar.com\/avatar\/b2a6f664a3ae8e074346ef91775736c5ec479e637ecced6842de9dc98b5da9cd?s=96&d=mm&r=g","url":"https:\/\/secure.gravatar.com\/avatar\/b2a6f664a3ae8e074346ef91775736c5ec479e637ecced6842de9dc98b5da9cd?s=96&d=mm&r=g","contentUrl":"https:\/\/secure.gravatar.com\/avatar\/b2a6f664a3ae8e074346ef91775736c5ec479e637ecced6842de9dc98b5da9cd?s=96&d=mm&r=g","caption":"ccortez"},"url":"https:\/\/www.uartes.edu.ec\/sitio\/blog\/author\/ccortez\/"}]}},"uagb_featured_image_src":{"full":["https:\/\/www.uartes.edu.ec\/sitio\/wp-content\/uploads\/2024\/07\/04-CLASE-DE-MASAJE-SUM-GOBERNACION.jpg",2000,1333,false],"thumbnail":["https:\/\/www.uartes.edu.ec\/sitio\/wp-content\/uploads\/2024\/07\/04-CLASE-DE-MASAJE-SUM-GOBERNACION-150x150.jpg",150,150,true],"medium":["https:\/\/www.uartes.edu.ec\/sitio\/wp-content\/uploads\/2024\/07\/04-CLASE-DE-MASAJE-SUM-GOBERNACION-300x200.jpg",300,200,true],"medium_large":["https:\/\/www.uartes.edu.ec\/sitio\/wp-content\/uploads\/2024\/07\/04-CLASE-DE-MASAJE-SUM-GOBERNACION-768x512.jpg",768,512,true],"large":["https:\/\/www.uartes.edu.ec\/sitio\/wp-content\/uploads\/2024\/07\/04-CLASE-DE-MASAJE-SUM-GOBERNACION-644x429.jpg",644,429,true],"1536x1536":["https:\/\/www.uartes.edu.ec\/sitio\/wp-content\/uploads\/2024\/07\/04-CLASE-DE-MASAJE-SUM-GOBERNACION-1536x1024.jpg",1536,1024,true],"2048x2048":["https:\/\/www.uartes.edu.ec\/sitio\/wp-content\/uploads\/2024\/07\/04-CLASE-DE-MASAJE-SUM-GOBERNACION.jpg",2000,1333,false],"trp-custom-language-flag":["https:\/\/www.uartes.edu.ec\/sitio\/wp-content\/uploads\/2024\/07\/04-CLASE-DE-MASAJE-SUM-GOBERNACION-18x12.jpg",18,12,true],"htmega_size_585x295":["https:\/\/www.uartes.edu.ec\/sitio\/wp-content\/uploads\/2024\/07\/04-CLASE-DE-MASAJE-SUM-GOBERNACION-585x295.jpg",585,295,true],"htmega_size_1170x536":["https:\/\/www.uartes.edu.ec\/sitio\/wp-content\/uploads\/2024\/07\/04-CLASE-DE-MASAJE-SUM-GOBERNACION-1170x536.jpg",1170,536,true],"htmega_size_396x360":["https:\/\/www.uartes.edu.ec\/sitio\/wp-content\/uploads\/2024\/07\/04-CLASE-DE-MASAJE-SUM-GOBERNACION-396x360.jpg",396,360,true],"gb-block-post-grid-landscape":["https:\/\/www.uartes.edu.ec\/sitio\/wp-content\/uploads\/2024\/07\/04-CLASE-DE-MASAJE-SUM-GOBERNACION.jpg",600,400,false],"gb-block-post-grid-square":["https:\/\/www.uartes.edu.ec\/sitio\/wp-content\/uploads\/2024\/07\/04-CLASE-DE-MASAJE-SUM-GOBERNACION.jpg",600,400,false],"university-hub-thumb":["https:\/\/www.uartes.edu.ec\/sitio\/wp-content\/uploads\/2024\/07\/04-CLASE-DE-MASAJE-SUM-GOBERNACION-400x267.jpg",400,267,true]},"uagb_author_info":{"display_name":"ccortez","author_link":"https:\/\/www.uartes.edu.ec\/sitio\/blog\/author\/ccortez\/"},"uagb_comment_info":0,"uagb_excerpt":"El taller fue dise\u00f1ado para que los alumnos UArtes aprendieran herramientas sencillas del masaje, a fin de puedan ayudarse y ayudar a otros a relajar su cuerpo en momentos de tensi\u00f3n, se\u00f1al\u00f3 Virginia Tovar, quien plante\u00f3 la propuesta para toda la comunidad estudiantil, en especial para quienes cursan en la Escuela de Artes Esc\u00e9nicas las&hellip;","featured_image_src":"https:\/\/www.uartes.edu.ec\/sitio\/wp-content\/uploads\/2024\/07\/04-CLASE-DE-MASAJE-SUM-GOBERNACION.jpg","featured_image_src_square":"https:\/\/www.uartes.edu.ec\/sitio\/wp-content\/uploads\/2024\/07\/04-CLASE-DE-MASAJE-SUM-GOBERNACION.jpg","author_info":{"display_name":"ccortez","author_link":"https:\/\/www.uartes.edu.ec\/sitio\/blog\/author\/ccortez\/"},"publishpress_future_workflow_manual_trigger":{"enabledWorkflows":[]},"distributor_meta":false,"distributor_terms":false,"distributor_media":false,"distributor_original_site_name":"Universidad de las Artes","distributor_original_site_url":"https:\/\/www.uartes.edu.ec\/sitio","push-errors":false,"_links":{"self":[{"href":"https:\/\/www.uartes.edu.ec\/sitio\/wp-json\/wp\/v2\/posts\/59482","targetHints":{"allow":["GET"]}}],"collection":[{"href":"https:\/\/www.uartes.edu.ec\/sitio\/wp-json\/wp\/v2\/posts"}],"about":[{"href":"https:\/\/www.uartes.edu.ec\/sitio\/wp-json\/wp\/v2\/types\/post"}],"author":[{"embeddable":true,"href":"https:\/\/www.uartes.edu.ec\/sitio\/wp-json\/wp\/v2\/users\/10"}],"replies":[{"embeddable":true,"href":"https:\/\/www.uartes.edu.ec\/sitio\/wp-json\/wp\/v2\/comments?post=59482"}],"version-history":[{"count":12,"href":"https:\/\/www.uartes.edu.ec\/sitio\/wp-json\/wp\/v2\/posts\/59482\/revisions"}],"predecessor-version":[{"id":59502,"href":"https:\/\/www.uartes.edu.ec\/sitio\/wp-json\/wp\/v2\/posts\/59482\/revisions\/59502"}],"wp:featuredmedia":[{"embeddable":true,"href":"https:\/\/www.uartes.edu.ec\/sitio\/wp-json\/wp\/v2\/media\/59483"}],"wp:attachment":[{"href":"https:\/\/www.uartes.edu.ec\/sitio\/wp-json\/wp\/v2\/media?parent=59482"}],"wp:term":[{"taxonomy":"category","embeddable":true,"href":"https:\/\/www.uartes.edu.ec\/sitio\/wp-json\/wp\/v2\/categories?post=59482"},{"taxonomy":"post_tag","embeddable":true,"href":"https:\/\/www.uartes.edu.ec\/sitio\/wp-json\/wp\/v2\/tags?post=59482"},{"taxonomy":"infouartes","embeddable":true,"href":"https:\/\/www.uartes.edu.ec\/sitio\/wp-json\/wp\/v2\/infouartes?post=59482"}],"curies":[{"name":"wp","href":"https:\/\/api.w.org\/{rel}","templated":true}]}}