{"id":59600,"date":"2024-07-12T17:55:00","date_gmt":"2024-07-12T22:55:00","guid":{"rendered":"https:\/\/www.uartes.edu.ec\/sitio\/?p=59600"},"modified":"2024-08-14T17:05:19","modified_gmt":"2024-08-14T22:05:19","slug":"que-te-dicen-los-sonidos-el-productor-musical-ricardo-cortes-ahonda-en-la-inquietud","status":"publish","type":"post","link":"https:\/\/www.uartes.edu.ec\/sitio\/blog\/2024\/07\/12\/que-te-dicen-los-sonidos-el-productor-musical-ricardo-cortes-ahonda-en-la-inquietud\/","title":{"rendered":"\u201c\u00bfQu\u00e9 te dicen los sonidos?\u201d, el productor musical y audiovisual Ricardo Cort\u00e9s dio respuestas en su conferencia en CASE"},"content":{"rendered":"\n<p>Los sonidos no solo transmiten informaci\u00f3n auditiva, sino que tambi\u00e9n evocan emociones, establecen atm\u00f3sferas y reflejan la intenci\u00f3n detr\u00e1s de las palabras. Ricardo Cort\u00e9s, con su vasta experiencia en la producci\u00f3n musical y audiovisual, tom\u00f3 parte de las Conferencias de Audio y Sonido (CASE), organizadas por la Escuela de Artes Sonoras de la UArtes para responder la inquietud de \u201c\u00bfQu\u00e9 te dicen los sonidos?\u201d.<\/p>\n\n\n\n<p>Su intervenci\u00f3n tuvo lugar este 11 de julio, en la Sala de Experimentaci\u00f3n Sonora del MZ14 Centro de Producci\u00f3n e Innovaci\u00f3n UArtes. En esta edici\u00f3n, CASE comparti\u00f3 agenda con la Asociaci\u00f3n de Ingenieros de Sonido (AES, por sus siglas en ingl\u00e9s) y justamente Cort\u00e9s, tambi\u00e9n inmerso en la publicidad y la locuci\u00f3n comercial, lleg\u00f3 al evento por la AES.<\/p>\n\n\n\n<p>En su exposici\u00f3n destac\u00f3 la importancia de c\u00f3mo se dicen las cosas por encima del qu\u00e9 se dice. Su perspectiva ahond\u00f3 en la poderosa influencia que tienen los sonidos y las t\u00e9cnicas de producci\u00f3n en la comunicaci\u00f3n efectiva y la creaci\u00f3n de mensajes impactantes.<\/p>\n\n\n\n<p>Como productor musical y audiovisual, Ricardo Cort\u00e9s dijo comprender que el timbre, la din\u00e1mica, el ritmo y otros elementos sonoros pueden transformar completamente la forma en que se percibe un mensaje o una pieza musical.<\/p>\n\n\n\n<p>La evoluci\u00f3n del lenguaje y la importancia del sonido en la comunicaci\u00f3n humana han sido temas fundamentales a lo largo de la historia. Desde el inicio, el o\u00eddo humano ha jugado un papel crucial en la construcci\u00f3n de im\u00e1genes y la transmisi\u00f3n de mensajes, especialmente en medios como la radio donde el sonido puede ser manipulado para construir narrativas poderosas.<\/p>\n\n\n<div class=\"wp-block-image\">\n<figure class=\"aligncenter size-large\"><img fetchpriority=\"high\" decoding=\"async\" width=\"644\" height=\"429\" src=\"https:\/\/www.uartes.edu.ec\/sitio\/wp-content\/uploads\/2024\/07\/11-CASE-1-644x429.jpg\" alt=\"\" class=\"wp-image-59602\" srcset=\"https:\/\/www.uartes.edu.ec\/sitio\/wp-content\/uploads\/2024\/07\/11-CASE-1-644x429.jpg 644w, https:\/\/www.uartes.edu.ec\/sitio\/wp-content\/uploads\/2024\/07\/11-CASE-1-300x200.jpg 300w, https:\/\/www.uartes.edu.ec\/sitio\/wp-content\/uploads\/2024\/07\/11-CASE-1-768x512.jpg 768w, https:\/\/www.uartes.edu.ec\/sitio\/wp-content\/uploads\/2024\/07\/11-CASE-1-1536x1024.jpg 1536w, https:\/\/www.uartes.edu.ec\/sitio\/wp-content\/uploads\/2024\/07\/11-CASE-1-18x12.jpg 18w, https:\/\/www.uartes.edu.ec\/sitio\/wp-content\/uploads\/2024\/07\/11-CASE-1-400x267.jpg 400w, https:\/\/www.uartes.edu.ec\/sitio\/wp-content\/uploads\/2024\/07\/11-CASE-1-272x182.jpg 272w, https:\/\/www.uartes.edu.ec\/sitio\/wp-content\/uploads\/2024\/07\/11-CASE-1.jpg 2000w\" sizes=\"(max-width: 644px) 100vw, 644px\" \/><\/figure>\n<\/div>\n\n\n<p>Comparativamente, el lenguaje ha sido un factor determinante en el \u00e9xito evolutivo del ser humano como especie dominante en la Tierra. A trav\u00e9s del lenguaje, los seres humanos pueden comunicar ideas complejas, coordinarse en grupos grandes y transmitir conocimientos de generaci\u00f3n en generaci\u00f3n. Esta habilidad ling\u00fc\u00edstica tambi\u00e9n se ha manifestado en formas culturales y religiosas, donde el sonido y la m\u00fasica desempe\u00f1an roles significativos, sin importan la regi\u00f3n de su origen.<\/p>\n\n\n\n<p>La m\u00fasica, con su origen en el cortejo y la espiritualidad, proporciona un terreno f\u00e9rtil para el an\u00e1lisis cultural y emocional, indic\u00f3 Cort\u00e9s. Desde tiempos antiguos, la m\u00fasica ha sido utilizada en ceremonias religiosas para evocar estados espirituales profundos y para conectar con lo trascendental. Este aspecto espiritual se refleja en diversas pr\u00e1cticas religiosas alrededor del mundo, independientemente de su origen cultural espec\u00edfico, destacando la universalidad del poder emocional y espiritual del sonido.<\/p>\n\n\n\n<p>En el contexto del desarrollo humano, se ha observado que los sonidos familiares, como la voz materna durante el embarazo, tienen un impacto profundo en el desarrollo temprano del o\u00eddo y en la conexi\u00f3n emocional entre madre e hijo desde etapas muy tempranas. Este fen\u00f3meno subraya la capacidad innata del ser humano para responder y conectarse emocionalmente a trav\u00e9s del sonido, mucho antes de nacer.<\/p>\n\n\n\n<p>La influencia de Pit\u00e1goras y su exploraci\u00f3n de las proporciones y relaciones arm\u00f3nicas en las cuerdas musicales han sido fundamentales en la comprensi\u00f3n te\u00f3rica de la m\u00fasica. La escala pitag\u00f3rica, basada en intervalos que reflejan consonancias y disonancias, ha influenciado profundamente el desarrollo de la teor\u00eda musical occidental y la percepci\u00f3n auditiva de la armon\u00eda.<\/p>\n\n\n\n<h3 class=\"wp-block-heading\">La m\u00fasica y el cine<\/h3>\n\n\n\n<p>El documental &#8220;La Danza Foli&#8221; explora profundamente el papel fundamental del ritmo en la vida cultural y espiritual de las comunidades africanas, precis\u00f3 Cort\u00e9s. Desde la alimentaci\u00f3n hasta el duelo y desde los momentos de celebraci\u00f3n hasta los momentos de reflexi\u00f3n, el ritmo impregna cada aspecto de la vida diaria. A trav\u00e9s de la m\u00fasica y la danza se establece una conexi\u00f3n \u00edntima con lo espiritual y lo emocional, transmitiendo historias, emociones y tradiciones de generaci\u00f3n en generaci\u00f3n.<\/p>\n\n\n\n<p>En t\u00e9rminos de psicoac\u00fastica, que es una rama de la psicof\u00edsica que estudia la percepci\u00f3n auditiva y c\u00f3mo el cerebro interpreta el sonido, se entiende que el sonido tiene un impacto profundo en nuestra experiencia sensorial y emocional. Como mencion\u00f3 Ricardo Cort\u00e9s, la armon\u00eda, la melod\u00eda y el ritmo son elementos que dotan a la m\u00fasica de un esp\u00edritu emocional, capaz de entretener, informar y conectar con audiencias de manera significativa.<\/p>\n\n\n\n<p>Cuando se trata de la relaci\u00f3n entre la m\u00fasica y el cine, la m\u00fasica en la cinematograf\u00eda desempe\u00f1a un papel crucial en la narrativa emocional y en la creaci\u00f3n de atm\u00f3sferas. La m\u00fasica puede subrayar el drama, intensificar la tensi\u00f3n o evocar nostalgia, proporcionando una capa adicional de significado y profundidad emocional a las im\u00e1genes visuales. Esta simbiosis entre el sonido y la imagen no solo enriquece la experiencia cinematogr\u00e1fica, sino que tambi\u00e9n ilustra c\u00f3mo el sonido puede afectar nuestras emociones y percepciones de manera poderosa y duradera.<\/p>\n\n\n\n<p>Recomendar\u00eda explorar la pel\u00edcula \u201cLa m\u00fasica en el cine\u201d, que seguramente ofrecer\u00e1 una perspectiva fascinante sobre c\u00f3mo la m\u00fasica ha sido utilizada a lo largo de la historia del cine para transformar y enriquecer las narrativas visuales, destacando as\u00ed la importancia del sonido como un elemento expresivo y emocional en la cinematograf\u00eda moderna.<\/p>\n\n\n\n<p>Ricardo Cort\u00e9s, al recomendar la pel\u00edcula \u201cCaveman\u201d, que incluye sonidos de The Beatles, invit\u00f3 a reflexionar a la audiencia sobre el impacto y la importancia de la m\u00fasica en la transmisi\u00f3n de mensajes y emociones. The Beatles son conocidos por su habilidad para utilizar sonidos agudos y sensibles que evocan una amplia gama de emociones en los oyentes. Esta capacidad de manipular intencionalmente el sonido para complementar la intenci\u00f3n del mensaje subraya la idea de que la m\u00fasica no es solo un medio de entretenimiento, sino una herramienta poderosa para la comunicaci\u00f3n emocional y conce<\/p>\n\n\n\n<h3 class=\"wp-block-heading\">Escuchar cr\u00edticamente<\/h3>\n\n\n\n<p>En el campo de la producci\u00f3n musical, Cort\u00e9s enfatiz\u00f3 la necesidad de escuchar cr\u00edticamente, prestando atenci\u00f3n a la ambientaci\u00f3n, los planos sonoros y la espacialidad para crear una atm\u00f3sfera sonora que transmita sentido y profundidad. La elecci\u00f3n de frecuencias y tonalidades no solo afecta el equilibrio y el \u201cmood\u201d espiritual de una canci\u00f3n, sino que tambi\u00e9n influye en la percepci\u00f3n emocional y mental del oyente.<\/p>\n\n\n\n<p>El mensaje fundamental detr\u00e1s de las ense\u00f1anzas de Ricardo Cort\u00e9s es que la m\u00fasica y los sonidos deben conectar emocionalmente con el p\u00fablico y cumplir con su prop\u00f3sito subyacente. No se trata simplemente de seguir convenciones o imitar estilos existentes, sino de aportar originalidad y autenticidad a trav\u00e9s de la creatividad y la innovaci\u00f3n. Al final, el objetivo es claro: la m\u00fasica y los sonidos deben sonar bien para el p\u00fablico, ya que es este \u00faltimo quien finalmente juzga y experimenta la obra musical de manera emocional y perceptiva.<\/p>\n\n\n\n<p>Esta frase, \u201cno hacemos m\u00fasica para el m\u00fasico ni sonidos para el ingeniero, sino para el p\u00fablico, si suena bien todo vale\u201d, refleja una perspectiva importante en el mundo de la producci\u00f3n musical y el audio en general. A menudo se atribuye a la idea de que, al final del d\u00eda, la calidad de la m\u00fasica y el sonido se eval\u00faa en funci\u00f3n de c\u00f3mo es percibida y disfrutada por el p\u00fablico, m\u00e1s que por las opiniones t\u00e9cnicas o las preferencias personales de los m\u00fasicos o ingenieros de sonido.<\/p>\n\n\n\n<p>Texto: Eleinn Rivera, estudiante de la Escuela de Literatura.<br>Foto: Camila Guerrero, docente de la Escuela de Artes Visuales.<\/p>\n","protected":false},"excerpt":{"rendered":"<p>Los sonidos no solo transmiten informaci\u00f3n auditiva, sino que tambi\u00e9n evocan emociones, establecen atm\u00f3sferas y reflejan la intenci\u00f3n detr\u00e1s de las palabras. Ricardo Cort\u00e9s, con su amplia experiencia en la producci\u00f3n musical y audiovisual, tom\u00f3 parte de las Conferencias de Audio y Sonido (CASE), organizadas por la Escuela de Artes Sonoras de la UArtes para responder la inquietud \u201c\u00bfQu\u00e9 te dicen los sonidos?\u201d.<\/p>\n","protected":false},"author":10,"featured_media":59601,"comment_status":"open","ping_status":"open","sticky":false,"template":"","format":"standard","meta":{"_acf_changed":false,"_uag_custom_page_level_css":"","_monsterinsights_skip_tracking":false,"_monsterinsights_sitenote_active":false,"_monsterinsights_sitenote_note":"","_monsterinsights_sitenote_category":0,"cybocfi_hide_featured_image":"","footnotes":""},"categories":[80,490,82,150,75,76,77,83],"tags":[679],"infouartes":[],"class_list":["post-59600","post","type-post","status-publish","format-standard","has-post-thumbnail","hentry","category-academico","category-alumni","category-artes","category-artes-sonoras","category-docentes","category-estudiantes","category-gestion","category-sedes","tag-conferencias"],"acf":[],"yoast_head":"<!-- This site is optimized with the Yoast SEO plugin v27.4 - https:\/\/yoast.com\/product\/yoast-seo-wordpress\/ -->\n<title>Universidad de las Artes - \u201c\u00bfQu\u00e9 te dicen los sonidos?\u201d, el productor musical y audiovisual Ricardo Cort\u00e9s dio respuestas en su conferencia en CASE<\/title>\n<meta name=\"description\" content=\"Universidad de las Artes - \u201c\u00bfQu\u00e9 te dicen los sonidos?\u201d, el productor musical y audiovisual Ricardo Cort\u00e9s dio respuestas en su conferencia en CASE\" \/>\n<meta name=\"robots\" content=\"index, follow, max-snippet:-1, max-image-preview:large, max-video-preview:-1\" \/>\n<link rel=\"canonical\" href=\"https:\/\/www.uartes.edu.ec\/sitio\/blog\/2024\/07\/12\/que-te-dicen-los-sonidos-el-productor-musical-ricardo-cortes-ahonda-en-la-inquietud\/\" \/>\n<meta property=\"og:locale\" content=\"es_ES\" \/>\n<meta property=\"og:type\" content=\"article\" \/>\n<meta property=\"og:title\" content=\"Universidad de las Artes - \u201c\u00bfQu\u00e9 te dicen los sonidos?\u201d, el productor musical y audiovisual Ricardo Cort\u00e9s dio respuestas en su conferencia en CASE\" \/>\n<meta property=\"og:description\" content=\"Universidad de las Artes - \u201c\u00bfQu\u00e9 te dicen los sonidos?\u201d, el productor musical y audiovisual Ricardo Cort\u00e9s dio respuestas en su conferencia en CASE\" \/>\n<meta property=\"og:url\" content=\"https:\/\/www.uartes.edu.ec\/sitio\/blog\/2024\/07\/12\/que-te-dicen-los-sonidos-el-productor-musical-ricardo-cortes-ahonda-en-la-inquietud\/\" \/>\n<meta property=\"og:site_name\" content=\"Universidad de las Artes\" \/>\n<meta property=\"article:publisher\" content=\"https:\/\/www.facebook.com\/uartesec\" \/>\n<meta property=\"article:published_time\" content=\"2024-07-12T22:55:00+00:00\" \/>\n<meta property=\"article:modified_time\" content=\"2024-08-14T22:05:19+00:00\" \/>\n<meta property=\"og:image\" content=\"https:\/\/www.uartes.edu.ec\/sitio\/wp-content\/uploads\/2024\/07\/RICARDO-CORTEZ-QUE-TE-DICEN-LOS-SONIDOS.jpg\" \/>\n\t<meta property=\"og:image:width\" content=\"2000\" \/>\n\t<meta property=\"og:image:height\" content=\"1333\" \/>\n\t<meta property=\"og:image:type\" content=\"image\/jpeg\" \/>\n<meta name=\"author\" content=\"ccortez\" \/>\n<meta name=\"twitter:card\" content=\"summary_large_image\" \/>\n<meta name=\"twitter:creator\" content=\"@uartesec\" \/>\n<meta name=\"twitter:site\" content=\"@uartesec\" \/>\n<meta name=\"twitter:label1\" content=\"Escrito por\" \/>\n\t<meta name=\"twitter:data1\" content=\"ccortez\" \/>\n\t<meta name=\"twitter:label2\" content=\"Tiempo de lectura\" \/>\n\t<meta name=\"twitter:data2\" content=\"6 minutos\" \/>\n<script type=\"application\/ld+json\" class=\"yoast-schema-graph\">{\"@context\":\"https:\\\/\\\/schema.org\",\"@graph\":[{\"@type\":\"Article\",\"@id\":\"https:\\\/\\\/www.uartes.edu.ec\\\/sitio\\\/blog\\\/2024\\\/07\\\/12\\\/que-te-dicen-los-sonidos-el-productor-musical-ricardo-cortes-ahonda-en-la-inquietud\\\/#article\",\"isPartOf\":{\"@id\":\"https:\\\/\\\/www.uartes.edu.ec\\\/sitio\\\/blog\\\/2024\\\/07\\\/12\\\/que-te-dicen-los-sonidos-el-productor-musical-ricardo-cortes-ahonda-en-la-inquietud\\\/\"},\"author\":{\"name\":\"ccortez\",\"@id\":\"https:\\\/\\\/www.uartes.edu.ec\\\/sitio\\\/#\\\/schema\\\/person\\\/efa1b8275797664fd7f13a79ccc0b1f4\"},\"headline\":\"\u201c\u00bfQu\u00e9 te dicen los sonidos?\u201d, el productor musical y audiovisual Ricardo Cort\u00e9s dio respuestas en su conferencia en CASE\",\"datePublished\":\"2024-07-12T22:55:00+00:00\",\"dateModified\":\"2024-08-14T22:05:19+00:00\",\"mainEntityOfPage\":{\"@id\":\"https:\\\/\\\/www.uartes.edu.ec\\\/sitio\\\/blog\\\/2024\\\/07\\\/12\\\/que-te-dicen-los-sonidos-el-productor-musical-ricardo-cortes-ahonda-en-la-inquietud\\\/\"},\"wordCount\":1339,\"commentCount\":0,\"publisher\":{\"@id\":\"https:\\\/\\\/www.uartes.edu.ec\\\/sitio\\\/#organization\"},\"image\":{\"@id\":\"https:\\\/\\\/www.uartes.edu.ec\\\/sitio\\\/blog\\\/2024\\\/07\\\/12\\\/que-te-dicen-los-sonidos-el-productor-musical-ricardo-cortes-ahonda-en-la-inquietud\\\/#primaryimage\"},\"thumbnailUrl\":\"https:\\\/\\\/www.uartes.edu.ec\\\/sitio\\\/wp-content\\\/uploads\\\/2024\\\/07\\\/RICARDO-CORTEZ-QUE-TE-DICEN-LOS-SONIDOS.jpg\",\"keywords\":[\"conferencias\"],\"articleSection\":[\"Acad\u00e9mico\",\"Alumni\",\"Artes\",\"Artes Sonoras\",\"Docentes\",\"Estudiantes\",\"Gesti\u00f3n\",\"Sedes\"],\"inLanguage\":\"es\",\"potentialAction\":[{\"@type\":\"CommentAction\",\"name\":\"Comment\",\"target\":[\"https:\\\/\\\/www.uartes.edu.ec\\\/sitio\\\/blog\\\/2024\\\/07\\\/12\\\/que-te-dicen-los-sonidos-el-productor-musical-ricardo-cortes-ahonda-en-la-inquietud\\\/#respond\"]}]},{\"@type\":[\"WebPage\",\"ItemPage\"],\"@id\":\"https:\\\/\\\/www.uartes.edu.ec\\\/sitio\\\/blog\\\/2024\\\/07\\\/12\\\/que-te-dicen-los-sonidos-el-productor-musical-ricardo-cortes-ahonda-en-la-inquietud\\\/\",\"url\":\"https:\\\/\\\/www.uartes.edu.ec\\\/sitio\\\/blog\\\/2024\\\/07\\\/12\\\/que-te-dicen-los-sonidos-el-productor-musical-ricardo-cortes-ahonda-en-la-inquietud\\\/\",\"name\":\"Universidad de las Artes - \u201c\u00bfQu\u00e9 te dicen los sonidos?\u201d, el productor musical y audiovisual Ricardo Cort\u00e9s dio respuestas en su conferencia en CASE\",\"isPartOf\":{\"@id\":\"https:\\\/\\\/www.uartes.edu.ec\\\/sitio\\\/#website\"},\"primaryImageOfPage\":{\"@id\":\"https:\\\/\\\/www.uartes.edu.ec\\\/sitio\\\/blog\\\/2024\\\/07\\\/12\\\/que-te-dicen-los-sonidos-el-productor-musical-ricardo-cortes-ahonda-en-la-inquietud\\\/#primaryimage\"},\"image\":{\"@id\":\"https:\\\/\\\/www.uartes.edu.ec\\\/sitio\\\/blog\\\/2024\\\/07\\\/12\\\/que-te-dicen-los-sonidos-el-productor-musical-ricardo-cortes-ahonda-en-la-inquietud\\\/#primaryimage\"},\"thumbnailUrl\":\"https:\\\/\\\/www.uartes.edu.ec\\\/sitio\\\/wp-content\\\/uploads\\\/2024\\\/07\\\/RICARDO-CORTEZ-QUE-TE-DICEN-LOS-SONIDOS.jpg\",\"datePublished\":\"2024-07-12T22:55:00+00:00\",\"dateModified\":\"2024-08-14T22:05:19+00:00\",\"description\":\"Universidad de las Artes - \u201c\u00bfQu\u00e9 te dicen los sonidos?\u201d, el productor musical y audiovisual Ricardo Cort\u00e9s dio respuestas en su conferencia en CASE\",\"breadcrumb\":{\"@id\":\"https:\\\/\\\/www.uartes.edu.ec\\\/sitio\\\/blog\\\/2024\\\/07\\\/12\\\/que-te-dicen-los-sonidos-el-productor-musical-ricardo-cortes-ahonda-en-la-inquietud\\\/#breadcrumb\"},\"inLanguage\":\"es\",\"potentialAction\":[{\"@type\":\"ReadAction\",\"target\":[\"https:\\\/\\\/www.uartes.edu.ec\\\/sitio\\\/blog\\\/2024\\\/07\\\/12\\\/que-te-dicen-los-sonidos-el-productor-musical-ricardo-cortes-ahonda-en-la-inquietud\\\/\"]}]},{\"@type\":\"ImageObject\",\"inLanguage\":\"es\",\"@id\":\"https:\\\/\\\/www.uartes.edu.ec\\\/sitio\\\/blog\\\/2024\\\/07\\\/12\\\/que-te-dicen-los-sonidos-el-productor-musical-ricardo-cortes-ahonda-en-la-inquietud\\\/#primaryimage\",\"url\":\"https:\\\/\\\/www.uartes.edu.ec\\\/sitio\\\/wp-content\\\/uploads\\\/2024\\\/07\\\/RICARDO-CORTEZ-QUE-TE-DICEN-LOS-SONIDOS.jpg\",\"contentUrl\":\"https:\\\/\\\/www.uartes.edu.ec\\\/sitio\\\/wp-content\\\/uploads\\\/2024\\\/07\\\/RICARDO-CORTEZ-QUE-TE-DICEN-LOS-SONIDOS.jpg\",\"width\":2000,\"height\":1333},{\"@type\":\"BreadcrumbList\",\"@id\":\"https:\\\/\\\/www.uartes.edu.ec\\\/sitio\\\/blog\\\/2024\\\/07\\\/12\\\/que-te-dicen-los-sonidos-el-productor-musical-ricardo-cortes-ahonda-en-la-inquietud\\\/#breadcrumb\",\"itemListElement\":[{\"@type\":\"ListItem\",\"position\":1,\"name\":\"Inicio\",\"item\":\"https:\\\/\\\/www.uartes.edu.ec\\\/sitio\\\/\"},{\"@type\":\"ListItem\",\"position\":2,\"name\":\"\u201c\u00bfQu\u00e9 te dicen los sonidos?\u201d, el productor musical y audiovisual Ricardo Cort\u00e9s dio respuestas en su conferencia en CASE\"}]},{\"@type\":\"WebSite\",\"@id\":\"https:\\\/\\\/www.uartes.edu.ec\\\/sitio\\\/#website\",\"url\":\"https:\\\/\\\/www.uartes.edu.ec\\\/sitio\\\/\",\"name\":\"Universidad de las Artes\",\"description\":\"Sitio oficial de la Universidad Nacional de las Artes del Ecuador\",\"publisher\":{\"@id\":\"https:\\\/\\\/www.uartes.edu.ec\\\/sitio\\\/#organization\"},\"potentialAction\":[{\"@type\":\"SearchAction\",\"target\":{\"@type\":\"EntryPoint\",\"urlTemplate\":\"https:\\\/\\\/www.uartes.edu.ec\\\/sitio\\\/?s={search_term_string}\"},\"query-input\":{\"@type\":\"PropertyValueSpecification\",\"valueRequired\":true,\"valueName\":\"search_term_string\"}}],\"inLanguage\":\"es\"},{\"@type\":\"Organization\",\"@id\":\"https:\\\/\\\/www.uartes.edu.ec\\\/sitio\\\/#organization\",\"name\":\"Universidad de las Artes\",\"url\":\"https:\\\/\\\/www.uartes.edu.ec\\\/sitio\\\/\",\"logo\":{\"@type\":\"ImageObject\",\"inLanguage\":\"es\",\"@id\":\"https:\\\/\\\/www.uartes.edu.ec\\\/sitio\\\/#\\\/schema\\\/logo\\\/image\\\/\",\"url\":\"https:\\\/\\\/www.uartes.edu.ec\\\/sitio\\\/wp-content\\\/uploads\\\/2022\\\/07\\\/logo-ua-horizontal.png\",\"contentUrl\":\"https:\\\/\\\/www.uartes.edu.ec\\\/sitio\\\/wp-content\\\/uploads\\\/2022\\\/07\\\/logo-ua-horizontal.png\",\"width\":800,\"height\":276,\"caption\":\"Universidad de las Artes\"},\"image\":{\"@id\":\"https:\\\/\\\/www.uartes.edu.ec\\\/sitio\\\/#\\\/schema\\\/logo\\\/image\\\/\"},\"sameAs\":[\"https:\\\/\\\/www.facebook.com\\\/uartesec\",\"https:\\\/\\\/x.com\\\/uartesec\",\"https:\\\/\\\/www.tiktok.com\\\/@uartesec\"]},{\"@type\":\"Person\",\"@id\":\"https:\\\/\\\/www.uartes.edu.ec\\\/sitio\\\/#\\\/schema\\\/person\\\/efa1b8275797664fd7f13a79ccc0b1f4\",\"name\":\"ccortez\",\"image\":{\"@type\":\"ImageObject\",\"inLanguage\":\"es\",\"@id\":\"https:\\\/\\\/secure.gravatar.com\\\/avatar\\\/b2a6f664a3ae8e074346ef91775736c5ec479e637ecced6842de9dc98b5da9cd?s=96&d=mm&r=g\",\"url\":\"https:\\\/\\\/secure.gravatar.com\\\/avatar\\\/b2a6f664a3ae8e074346ef91775736c5ec479e637ecced6842de9dc98b5da9cd?s=96&d=mm&r=g\",\"contentUrl\":\"https:\\\/\\\/secure.gravatar.com\\\/avatar\\\/b2a6f664a3ae8e074346ef91775736c5ec479e637ecced6842de9dc98b5da9cd?s=96&d=mm&r=g\",\"caption\":\"ccortez\"},\"url\":\"https:\\\/\\\/www.uartes.edu.ec\\\/sitio\\\/blog\\\/author\\\/ccortez\\\/\"}]}<\/script>\n<!-- \/ Yoast SEO plugin. -->","yoast_head_json":{"title":"Universidad de las Artes - \u201c\u00bfQu\u00e9 te dicen los sonidos?\u201d, el productor musical y audiovisual Ricardo Cort\u00e9s dio respuestas en su conferencia en CASE","description":"Universidad de las Artes - \u201c\u00bfQu\u00e9 te dicen los sonidos?\u201d, el productor musical y audiovisual Ricardo Cort\u00e9s dio respuestas en su conferencia en CASE","robots":{"index":"index","follow":"follow","max-snippet":"max-snippet:-1","max-image-preview":"max-image-preview:large","max-video-preview":"max-video-preview:-1"},"canonical":"https:\/\/www.uartes.edu.ec\/sitio\/blog\/2024\/07\/12\/que-te-dicen-los-sonidos-el-productor-musical-ricardo-cortes-ahonda-en-la-inquietud\/","og_locale":"es_ES","og_type":"article","og_title":"Universidad de las Artes - \u201c\u00bfQu\u00e9 te dicen los sonidos?\u201d, el productor musical y audiovisual Ricardo Cort\u00e9s dio respuestas en su conferencia en CASE","og_description":"Universidad de las Artes - \u201c\u00bfQu\u00e9 te dicen los sonidos?\u201d, el productor musical y audiovisual Ricardo Cort\u00e9s dio respuestas en su conferencia en CASE","og_url":"https:\/\/www.uartes.edu.ec\/sitio\/blog\/2024\/07\/12\/que-te-dicen-los-sonidos-el-productor-musical-ricardo-cortes-ahonda-en-la-inquietud\/","og_site_name":"Universidad de las Artes","article_publisher":"https:\/\/www.facebook.com\/uartesec","article_published_time":"2024-07-12T22:55:00+00:00","article_modified_time":"2024-08-14T22:05:19+00:00","og_image":[{"width":2000,"height":1333,"url":"https:\/\/www.uartes.edu.ec\/sitio\/wp-content\/uploads\/2024\/07\/RICARDO-CORTEZ-QUE-TE-DICEN-LOS-SONIDOS.jpg","type":"image\/jpeg"}],"author":"ccortez","twitter_card":"summary_large_image","twitter_creator":"@uartesec","twitter_site":"@uartesec","twitter_misc":{"Escrito por":"ccortez","Tiempo de lectura":"6 minutos"},"schema":{"@context":"https:\/\/schema.org","@graph":[{"@type":"Article","@id":"https:\/\/www.uartes.edu.ec\/sitio\/blog\/2024\/07\/12\/que-te-dicen-los-sonidos-el-productor-musical-ricardo-cortes-ahonda-en-la-inquietud\/#article","isPartOf":{"@id":"https:\/\/www.uartes.edu.ec\/sitio\/blog\/2024\/07\/12\/que-te-dicen-los-sonidos-el-productor-musical-ricardo-cortes-ahonda-en-la-inquietud\/"},"author":{"name":"ccortez","@id":"https:\/\/www.uartes.edu.ec\/sitio\/#\/schema\/person\/efa1b8275797664fd7f13a79ccc0b1f4"},"headline":"\u201c\u00bfQu\u00e9 te dicen los sonidos?\u201d, el productor musical y audiovisual Ricardo Cort\u00e9s dio respuestas en su conferencia en CASE","datePublished":"2024-07-12T22:55:00+00:00","dateModified":"2024-08-14T22:05:19+00:00","mainEntityOfPage":{"@id":"https:\/\/www.uartes.edu.ec\/sitio\/blog\/2024\/07\/12\/que-te-dicen-los-sonidos-el-productor-musical-ricardo-cortes-ahonda-en-la-inquietud\/"},"wordCount":1339,"commentCount":0,"publisher":{"@id":"https:\/\/www.uartes.edu.ec\/sitio\/#organization"},"image":{"@id":"https:\/\/www.uartes.edu.ec\/sitio\/blog\/2024\/07\/12\/que-te-dicen-los-sonidos-el-productor-musical-ricardo-cortes-ahonda-en-la-inquietud\/#primaryimage"},"thumbnailUrl":"https:\/\/www.uartes.edu.ec\/sitio\/wp-content\/uploads\/2024\/07\/RICARDO-CORTEZ-QUE-TE-DICEN-LOS-SONIDOS.jpg","keywords":["conferencias"],"articleSection":["Acad\u00e9mico","Alumni","Artes","Artes Sonoras","Docentes","Estudiantes","Gesti\u00f3n","Sedes"],"inLanguage":"es","potentialAction":[{"@type":"CommentAction","name":"Comment","target":["https:\/\/www.uartes.edu.ec\/sitio\/blog\/2024\/07\/12\/que-te-dicen-los-sonidos-el-productor-musical-ricardo-cortes-ahonda-en-la-inquietud\/#respond"]}]},{"@type":["WebPage","ItemPage"],"@id":"https:\/\/www.uartes.edu.ec\/sitio\/blog\/2024\/07\/12\/que-te-dicen-los-sonidos-el-productor-musical-ricardo-cortes-ahonda-en-la-inquietud\/","url":"https:\/\/www.uartes.edu.ec\/sitio\/blog\/2024\/07\/12\/que-te-dicen-los-sonidos-el-productor-musical-ricardo-cortes-ahonda-en-la-inquietud\/","name":"Universidad de las Artes - \u201c\u00bfQu\u00e9 te dicen los sonidos?\u201d, el productor musical y audiovisual Ricardo Cort\u00e9s dio respuestas en su conferencia en CASE","isPartOf":{"@id":"https:\/\/www.uartes.edu.ec\/sitio\/#website"},"primaryImageOfPage":{"@id":"https:\/\/www.uartes.edu.ec\/sitio\/blog\/2024\/07\/12\/que-te-dicen-los-sonidos-el-productor-musical-ricardo-cortes-ahonda-en-la-inquietud\/#primaryimage"},"image":{"@id":"https:\/\/www.uartes.edu.ec\/sitio\/blog\/2024\/07\/12\/que-te-dicen-los-sonidos-el-productor-musical-ricardo-cortes-ahonda-en-la-inquietud\/#primaryimage"},"thumbnailUrl":"https:\/\/www.uartes.edu.ec\/sitio\/wp-content\/uploads\/2024\/07\/RICARDO-CORTEZ-QUE-TE-DICEN-LOS-SONIDOS.jpg","datePublished":"2024-07-12T22:55:00+00:00","dateModified":"2024-08-14T22:05:19+00:00","description":"Universidad de las Artes - \u201c\u00bfQu\u00e9 te dicen los sonidos?\u201d, el productor musical y audiovisual Ricardo Cort\u00e9s dio respuestas en su conferencia en CASE","breadcrumb":{"@id":"https:\/\/www.uartes.edu.ec\/sitio\/blog\/2024\/07\/12\/que-te-dicen-los-sonidos-el-productor-musical-ricardo-cortes-ahonda-en-la-inquietud\/#breadcrumb"},"inLanguage":"es","potentialAction":[{"@type":"ReadAction","target":["https:\/\/www.uartes.edu.ec\/sitio\/blog\/2024\/07\/12\/que-te-dicen-los-sonidos-el-productor-musical-ricardo-cortes-ahonda-en-la-inquietud\/"]}]},{"@type":"ImageObject","inLanguage":"es","@id":"https:\/\/www.uartes.edu.ec\/sitio\/blog\/2024\/07\/12\/que-te-dicen-los-sonidos-el-productor-musical-ricardo-cortes-ahonda-en-la-inquietud\/#primaryimage","url":"https:\/\/www.uartes.edu.ec\/sitio\/wp-content\/uploads\/2024\/07\/RICARDO-CORTEZ-QUE-TE-DICEN-LOS-SONIDOS.jpg","contentUrl":"https:\/\/www.uartes.edu.ec\/sitio\/wp-content\/uploads\/2024\/07\/RICARDO-CORTEZ-QUE-TE-DICEN-LOS-SONIDOS.jpg","width":2000,"height":1333},{"@type":"BreadcrumbList","@id":"https:\/\/www.uartes.edu.ec\/sitio\/blog\/2024\/07\/12\/que-te-dicen-los-sonidos-el-productor-musical-ricardo-cortes-ahonda-en-la-inquietud\/#breadcrumb","itemListElement":[{"@type":"ListItem","position":1,"name":"Inicio","item":"https:\/\/www.uartes.edu.ec\/sitio\/"},{"@type":"ListItem","position":2,"name":"\u201c\u00bfQu\u00e9 te dicen los sonidos?\u201d, el productor musical y audiovisual Ricardo Cort\u00e9s dio respuestas en su conferencia en CASE"}]},{"@type":"WebSite","@id":"https:\/\/www.uartes.edu.ec\/sitio\/#website","url":"https:\/\/www.uartes.edu.ec\/sitio\/","name":"Universidad de las Artes","description":"Sitio oficial de la Universidad Nacional de las Artes del Ecuador","publisher":{"@id":"https:\/\/www.uartes.edu.ec\/sitio\/#organization"},"potentialAction":[{"@type":"SearchAction","target":{"@type":"EntryPoint","urlTemplate":"https:\/\/www.uartes.edu.ec\/sitio\/?s={search_term_string}"},"query-input":{"@type":"PropertyValueSpecification","valueRequired":true,"valueName":"search_term_string"}}],"inLanguage":"es"},{"@type":"Organization","@id":"https:\/\/www.uartes.edu.ec\/sitio\/#organization","name":"Universidad de las Artes","url":"https:\/\/www.uartes.edu.ec\/sitio\/","logo":{"@type":"ImageObject","inLanguage":"es","@id":"https:\/\/www.uartes.edu.ec\/sitio\/#\/schema\/logo\/image\/","url":"https:\/\/www.uartes.edu.ec\/sitio\/wp-content\/uploads\/2022\/07\/logo-ua-horizontal.png","contentUrl":"https:\/\/www.uartes.edu.ec\/sitio\/wp-content\/uploads\/2022\/07\/logo-ua-horizontal.png","width":800,"height":276,"caption":"Universidad de las Artes"},"image":{"@id":"https:\/\/www.uartes.edu.ec\/sitio\/#\/schema\/logo\/image\/"},"sameAs":["https:\/\/www.facebook.com\/uartesec","https:\/\/x.com\/uartesec","https:\/\/www.tiktok.com\/@uartesec"]},{"@type":"Person","@id":"https:\/\/www.uartes.edu.ec\/sitio\/#\/schema\/person\/efa1b8275797664fd7f13a79ccc0b1f4","name":"ccortez","image":{"@type":"ImageObject","inLanguage":"es","@id":"https:\/\/secure.gravatar.com\/avatar\/b2a6f664a3ae8e074346ef91775736c5ec479e637ecced6842de9dc98b5da9cd?s=96&d=mm&r=g","url":"https:\/\/secure.gravatar.com\/avatar\/b2a6f664a3ae8e074346ef91775736c5ec479e637ecced6842de9dc98b5da9cd?s=96&d=mm&r=g","contentUrl":"https:\/\/secure.gravatar.com\/avatar\/b2a6f664a3ae8e074346ef91775736c5ec479e637ecced6842de9dc98b5da9cd?s=96&d=mm&r=g","caption":"ccortez"},"url":"https:\/\/www.uartes.edu.ec\/sitio\/blog\/author\/ccortez\/"}]}},"uagb_featured_image_src":{"full":["https:\/\/www.uartes.edu.ec\/sitio\/wp-content\/uploads\/2024\/07\/RICARDO-CORTEZ-QUE-TE-DICEN-LOS-SONIDOS.jpg",2000,1333,false],"thumbnail":["https:\/\/www.uartes.edu.ec\/sitio\/wp-content\/uploads\/2024\/07\/RICARDO-CORTEZ-QUE-TE-DICEN-LOS-SONIDOS-150x150.jpg",150,150,true],"medium":["https:\/\/www.uartes.edu.ec\/sitio\/wp-content\/uploads\/2024\/07\/RICARDO-CORTEZ-QUE-TE-DICEN-LOS-SONIDOS-300x200.jpg",300,200,true],"medium_large":["https:\/\/www.uartes.edu.ec\/sitio\/wp-content\/uploads\/2024\/07\/RICARDO-CORTEZ-QUE-TE-DICEN-LOS-SONIDOS-768x512.jpg",768,512,true],"large":["https:\/\/www.uartes.edu.ec\/sitio\/wp-content\/uploads\/2024\/07\/RICARDO-CORTEZ-QUE-TE-DICEN-LOS-SONIDOS-644x429.jpg",644,429,true],"1536x1536":["https:\/\/www.uartes.edu.ec\/sitio\/wp-content\/uploads\/2024\/07\/RICARDO-CORTEZ-QUE-TE-DICEN-LOS-SONIDOS-1536x1024.jpg",1536,1024,true],"2048x2048":["https:\/\/www.uartes.edu.ec\/sitio\/wp-content\/uploads\/2024\/07\/RICARDO-CORTEZ-QUE-TE-DICEN-LOS-SONIDOS.jpg",2000,1333,false],"trp-custom-language-flag":["https:\/\/www.uartes.edu.ec\/sitio\/wp-content\/uploads\/2024\/07\/RICARDO-CORTEZ-QUE-TE-DICEN-LOS-SONIDOS-18x12.jpg",18,12,true],"htmega_size_585x295":["https:\/\/www.uartes.edu.ec\/sitio\/wp-content\/uploads\/2024\/07\/RICARDO-CORTEZ-QUE-TE-DICEN-LOS-SONIDOS-585x295.jpg",585,295,true],"htmega_size_1170x536":["https:\/\/www.uartes.edu.ec\/sitio\/wp-content\/uploads\/2024\/07\/RICARDO-CORTEZ-QUE-TE-DICEN-LOS-SONIDOS-1170x536.jpg",1170,536,true],"htmega_size_396x360":["https:\/\/www.uartes.edu.ec\/sitio\/wp-content\/uploads\/2024\/07\/RICARDO-CORTEZ-QUE-TE-DICEN-LOS-SONIDOS-396x360.jpg",396,360,true],"gb-block-post-grid-landscape":["https:\/\/www.uartes.edu.ec\/sitio\/wp-content\/uploads\/2024\/07\/RICARDO-CORTEZ-QUE-TE-DICEN-LOS-SONIDOS.jpg",600,400,false],"gb-block-post-grid-square":["https:\/\/www.uartes.edu.ec\/sitio\/wp-content\/uploads\/2024\/07\/RICARDO-CORTEZ-QUE-TE-DICEN-LOS-SONIDOS.jpg",600,400,false],"university-hub-thumb":["https:\/\/www.uartes.edu.ec\/sitio\/wp-content\/uploads\/2024\/07\/RICARDO-CORTEZ-QUE-TE-DICEN-LOS-SONIDOS-400x267.jpg",400,267,true]},"uagb_author_info":{"display_name":"ccortez","author_link":"https:\/\/www.uartes.edu.ec\/sitio\/blog\/author\/ccortez\/"},"uagb_comment_info":0,"uagb_excerpt":"Los sonidos no solo transmiten informaci\u00f3n auditiva, sino que tambi\u00e9n evocan emociones, establecen atm\u00f3sferas y reflejan la intenci\u00f3n detr\u00e1s de las palabras. Ricardo Cort\u00e9s, con su amplia experiencia en la producci\u00f3n musical y audiovisual, tom\u00f3 parte de las Conferencias de Audio y Sonido (CASE), organizadas por la Escuela de Artes Sonoras de la UArtes para&hellip;","featured_image_src":"https:\/\/www.uartes.edu.ec\/sitio\/wp-content\/uploads\/2024\/07\/RICARDO-CORTEZ-QUE-TE-DICEN-LOS-SONIDOS.jpg","featured_image_src_square":"https:\/\/www.uartes.edu.ec\/sitio\/wp-content\/uploads\/2024\/07\/RICARDO-CORTEZ-QUE-TE-DICEN-LOS-SONIDOS.jpg","author_info":{"display_name":"ccortez","author_link":"https:\/\/www.uartes.edu.ec\/sitio\/blog\/author\/ccortez\/"},"publishpress_future_workflow_manual_trigger":{"enabledWorkflows":[]},"distributor_meta":false,"distributor_terms":false,"distributor_media":false,"distributor_original_site_name":"Universidad de las Artes","distributor_original_site_url":"https:\/\/www.uartes.edu.ec\/sitio","push-errors":false,"_links":{"self":[{"href":"https:\/\/www.uartes.edu.ec\/sitio\/wp-json\/wp\/v2\/posts\/59600","targetHints":{"allow":["GET"]}}],"collection":[{"href":"https:\/\/www.uartes.edu.ec\/sitio\/wp-json\/wp\/v2\/posts"}],"about":[{"href":"https:\/\/www.uartes.edu.ec\/sitio\/wp-json\/wp\/v2\/types\/post"}],"author":[{"embeddable":true,"href":"https:\/\/www.uartes.edu.ec\/sitio\/wp-json\/wp\/v2\/users\/10"}],"replies":[{"embeddable":true,"href":"https:\/\/www.uartes.edu.ec\/sitio\/wp-json\/wp\/v2\/comments?post=59600"}],"version-history":[{"count":7,"href":"https:\/\/www.uartes.edu.ec\/sitio\/wp-json\/wp\/v2\/posts\/59600\/revisions"}],"predecessor-version":[{"id":60699,"href":"https:\/\/www.uartes.edu.ec\/sitio\/wp-json\/wp\/v2\/posts\/59600\/revisions\/60699"}],"wp:featuredmedia":[{"embeddable":true,"href":"https:\/\/www.uartes.edu.ec\/sitio\/wp-json\/wp\/v2\/media\/59601"}],"wp:attachment":[{"href":"https:\/\/www.uartes.edu.ec\/sitio\/wp-json\/wp\/v2\/media?parent=59600"}],"wp:term":[{"taxonomy":"category","embeddable":true,"href":"https:\/\/www.uartes.edu.ec\/sitio\/wp-json\/wp\/v2\/categories?post=59600"},{"taxonomy":"post_tag","embeddable":true,"href":"https:\/\/www.uartes.edu.ec\/sitio\/wp-json\/wp\/v2\/tags?post=59600"},{"taxonomy":"infouartes","embeddable":true,"href":"https:\/\/www.uartes.edu.ec\/sitio\/wp-json\/wp\/v2\/infouartes?post=59600"}],"curies":[{"name":"wp","href":"https:\/\/api.w.org\/{rel}","templated":true}]}}