{"id":59658,"date":"2024-07-29T10:17:27","date_gmt":"2024-07-29T15:17:27","guid":{"rendered":"https:\/\/www.uartes.edu.ec\/sitio\/?p=59658"},"modified":"2024-10-21T15:33:51","modified_gmt":"2024-10-21T20:33:51","slug":"conagopare-guayas-y-uartes-se-reunen-el-impulso-de-acciones-para-el-acceso-a-la-educacion-artistica-y-cultural-en-comunidades-rurales","status":"publish","type":"post","link":"https:\/\/www.uartes.edu.ec\/sitio\/blog\/2024\/07\/29\/conagopare-guayas-y-uartes-se-reunen-el-impulso-de-acciones-para-el-acceso-a-la-educacion-artistica-y-cultural-en-comunidades-rurales\/","title":{"rendered":"Conagopare Guayas y UArtes se re\u00fanen para impulsar el acceso a la educaci\u00f3n art\u00edstica y cultural en comunidades rurales"},"content":{"rendered":"\n<p>Con el prop\u00f3sito de desarrollar acciones conjuntas, el pasado 23 de julio la Universidad de las Artes y el Conagopare Guayas mantuvieron una reuni\u00f3n de trabajo en la que se abordaron temas de mutuo inter\u00e9s y de beneficio tanto para nuestra comunidad universitaria como para las parroquias rurales de esta provincia.<\/p>\n\n\n\n<p>Conagopare son las siglas del Consejo Nacional de Gobiernos Parroquiales Rurales del Ecuador, una instituci\u00f3n que tiene como misi\u00f3n representar los intereses comunes de los Gobiernos Aut\u00f3nomos Descentralizados Parroquiales Rurales (GADPRs) a nivel nacional, procurando la articulaci\u00f3n de los objetivos y estrategias con los otros niveles de gobierno, velando por la preservaci\u00f3n de su autonom\u00eda y participando en procesos de fortalecimiento de los GADPRs, a trav\u00e9s de asesoramiento, asistencia t\u00e9cnica y ejecuci\u00f3n de programas y proyectos de capacitaci\u00f3n y formaci\u00f3n, de turismo comunitario, de desarrollo econ\u00f3mico, las artes, la cultura y el deporte, en beneficio del sector rural.<\/p>\n\n\n\n<p>Bajo este contexto, la presidenta de Conagopare Guayas, Iliana Mora Vergara, manifest\u00f3 a nuestro rector William Herrera el inter\u00e9s por mantener una reuni\u00f3n de trabajo, a fin de exponer diferentes iniciativas con las que se busca fomentar el acceso a la educaci\u00f3n art\u00edstica y cultural en las comunidades rurales, as\u00ed como promover el desarrollo de habilidades creativas entre los j\u00f3venes.<\/p>\n\n\n<div class=\"wp-block-image\">\n<figure class=\"aligncenter size-large\"><img fetchpriority=\"high\" decoding=\"async\" width=\"644\" height=\"429\" src=\"https:\/\/www.uartes.edu.ec\/sitio\/wp-content\/uploads\/2024\/07\/02-CONOGOPARE-UARTES-1-644x429.jpg\" alt=\"\" class=\"wp-image-59663\" srcset=\"https:\/\/www.uartes.edu.ec\/sitio\/wp-content\/uploads\/2024\/07\/02-CONOGOPARE-UARTES-1-644x429.jpg 644w, https:\/\/www.uartes.edu.ec\/sitio\/wp-content\/uploads\/2024\/07\/02-CONOGOPARE-UARTES-1-300x200.jpg 300w, https:\/\/www.uartes.edu.ec\/sitio\/wp-content\/uploads\/2024\/07\/02-CONOGOPARE-UARTES-1-768x512.jpg 768w, https:\/\/www.uartes.edu.ec\/sitio\/wp-content\/uploads\/2024\/07\/02-CONOGOPARE-UARTES-1-1536x1024.jpg 1536w, https:\/\/www.uartes.edu.ec\/sitio\/wp-content\/uploads\/2024\/07\/02-CONOGOPARE-UARTES-1-18x12.jpg 18w, https:\/\/www.uartes.edu.ec\/sitio\/wp-content\/uploads\/2024\/07\/02-CONOGOPARE-UARTES-1-400x267.jpg 400w, https:\/\/www.uartes.edu.ec\/sitio\/wp-content\/uploads\/2024\/07\/02-CONOGOPARE-UARTES-1-272x182.jpg 272w, https:\/\/www.uartes.edu.ec\/sitio\/wp-content\/uploads\/2024\/07\/02-CONOGOPARE-UARTES-1.jpg 2000w\" sizes=\"(max-width: 644px) 100vw, 644px\" \/><\/figure>\n<\/div>\n\n\n<p>El rector William Herrera coincidi\u00f3 con Mora en la necesidad de crear oportunidades que permitan a los j\u00f3venes de las parroquias rurales explorar su potencial y contribuir al desarrollo de sus comunidades. Es as\u00ed que la reuni\u00f3n se concret\u00f3 y por parte de nuestra instituci\u00f3n participaron Mar\u00eda Jos\u00e9 Icaza, directora de Vinculaci\u00f3n con la Sociedad, y de su equipo Patricio S\u00e1nchez y Ronny Ramos; la secretar\u00eda Administrativa, Sara Tobar; la jefa de Pr\u00e1cticas PreProfesionales (PPP), Janina Su\u00e1rez; la directora de Formaci\u00f3n Continua, Natalia Tamayo; la gerente de UArtes EP, Sabrina Ibarra; la directora de Comunicaci\u00f3n, Susan Romero; la directora de Admisiones, Mar\u00eda Fernanda Plaza; y el director del Instituto Latinoamericano de Investigaci\u00f3n en Artes (ILIA), Pablo Cardoso. <\/p>\n\n\n\n<p>La presidenta Conagopare Guayas indic\u00f3 que, aunque la entidad que preside no tiene injerencia directa en los temas de presupuesto ni en las decisiones que toman los gobiernos locales, s\u00ed les concierne la recopilaci\u00f3n de informaci\u00f3n, as\u00ed como plantear propuestas para el fomento del acceso a la educaci\u00f3n art\u00edstica y cultural en las comunidades rurales.<\/p>\n\n\n<div class=\"wp-block-image\">\n<figure class=\"aligncenter size-large\"><img decoding=\"async\" width=\"644\" height=\"429\" src=\"https:\/\/www.uartes.edu.ec\/sitio\/wp-content\/uploads\/2024\/07\/03-CONOGOPARE-UARTES-1-644x429.jpg\" alt=\"\" class=\"wp-image-59664\" srcset=\"https:\/\/www.uartes.edu.ec\/sitio\/wp-content\/uploads\/2024\/07\/03-CONOGOPARE-UARTES-1-644x429.jpg 644w, https:\/\/www.uartes.edu.ec\/sitio\/wp-content\/uploads\/2024\/07\/03-CONOGOPARE-UARTES-1-300x200.jpg 300w, https:\/\/www.uartes.edu.ec\/sitio\/wp-content\/uploads\/2024\/07\/03-CONOGOPARE-UARTES-1-768x512.jpg 768w, https:\/\/www.uartes.edu.ec\/sitio\/wp-content\/uploads\/2024\/07\/03-CONOGOPARE-UARTES-1-1536x1024.jpg 1536w, https:\/\/www.uartes.edu.ec\/sitio\/wp-content\/uploads\/2024\/07\/03-CONOGOPARE-UARTES-1-18x12.jpg 18w, https:\/\/www.uartes.edu.ec\/sitio\/wp-content\/uploads\/2024\/07\/03-CONOGOPARE-UARTES-1-400x267.jpg 400w, https:\/\/www.uartes.edu.ec\/sitio\/wp-content\/uploads\/2024\/07\/03-CONOGOPARE-UARTES-1-272x182.jpg 272w, https:\/\/www.uartes.edu.ec\/sitio\/wp-content\/uploads\/2024\/07\/03-CONOGOPARE-UARTES-1.jpg 2000w\" sizes=\"(max-width: 644px) 100vw, 644px\" \/><\/figure>\n<\/div>\n\n\n<p>Ese levantamiento de datos, se coincidi\u00f3 en la reuni\u00f3n, son necesarios para determinar, por ejemplo, cu\u00e1ntas personas trabajan en los \u00e1mbitos del arte y de la cultura en cada municipio, los n\u00fameros de ni\u00f1os y j\u00f3venes en las \u00e1reas rurales, entre otros. Todo encaminado a generar iniciativas como el proyecto Escuelas de las Artes del Guayas que nuestra universidad lleva adelante con la Prefectura de esta provincia y que han beneficiado a algunas parroquias rurales en las activaciones art\u00edsticas programadas los d\u00edas s\u00e1bados en la Sala R\u00eda de la Biblioteca de las Artes y en el MZ14 Centro de Producci\u00f3n e Innovaci\u00f3n UArtes.<\/p>\n\n\n\n<p>Tambi\u00e9n se habl\u00f3 del impulso de campa\u00f1as de difusi\u00f3n de la oferta acad\u00e9mica de la UArtes en los cantones y el dise\u00f1o de consultor\u00edas que pudieran ser manejadas por UArtes EP, entre otros. Al t\u00e9rmino de la reuni\u00f3n de trabajo se plante\u00f3 realizar, en lo posterior, una m\u00e1s t\u00e9cnica entre los equipos de Conagopare Guayas y de las \u00e1reas de nuestra instituci\u00f3n que estuvieron presentes.<\/p>\n","protected":false},"excerpt":{"rendered":"<p>Fomentar el acceso a la educaci\u00f3n art\u00edstica y cultural en las comunidades rurales, as\u00ed como promover el desarrollo de habilidades creativas entre los j\u00f3venes, son algunos de los objetivos planteados en la reuni\u00f3n de trabajo propuesta desde la presidencia en Guayas del Consejo Nacional de Gobiernos Parroquiales Rurales del Ecuador (Conagopare) con la Universidad de las Artes.  <\/p>\n","protected":false},"author":10,"featured_media":59659,"comment_status":"open","ping_status":"open","sticky":false,"template":"","format":"standard","meta":{"_acf_changed":false,"_uag_custom_page_level_css":"","_monsterinsights_skip_tracking":false,"_monsterinsights_sitenote_active":false,"_monsterinsights_sitenote_note":"","_monsterinsights_sitenote_category":0,"cybocfi_hide_featured_image":"","footnotes":""},"categories":[80,438,82,77,84,83,79],"tags":[528],"infouartes":[1287],"class_list":["post-59658","post","type-post","status-publish","format-standard","has-post-thumbnail","hentry","category-academico","category-administrativos","category-artes","category-gestion","category-rectorado","category-sedes","category-vinculo","tag-relacionamiento","infouartes-somos-uartes"],"acf":[],"yoast_head":"<!-- This site is optimized with the Yoast SEO plugin v27.4 - https:\/\/yoast.com\/product\/yoast-seo-wordpress\/ -->\n<title>Universidad de las Artes - Conagopare Guayas y UArtes se re\u00fanen para impulsar el acceso a la educaci\u00f3n art\u00edstica y cultural en comunidades rurales<\/title>\n<meta name=\"description\" content=\"Universidad de las Artes - Conagopare Guayas y UArtes se re\u00fanen para impulsar el acceso a la educaci\u00f3n art\u00edstica y cultural en comunidades rurales\" \/>\n<meta name=\"robots\" content=\"index, follow, max-snippet:-1, max-image-preview:large, max-video-preview:-1\" \/>\n<link rel=\"canonical\" href=\"https:\/\/www.uartes.edu.ec\/sitio\/blog\/2024\/07\/29\/conagopare-guayas-y-uartes-se-reunen-el-impulso-de-acciones-para-el-acceso-a-la-educacion-artistica-y-cultural-en-comunidades-rurales\/\" \/>\n<meta property=\"og:locale\" content=\"es_ES\" \/>\n<meta property=\"og:type\" content=\"article\" \/>\n<meta property=\"og:title\" content=\"Universidad de las Artes - Conagopare Guayas y UArtes se re\u00fanen para impulsar el acceso a la educaci\u00f3n art\u00edstica y cultural en comunidades rurales\" \/>\n<meta property=\"og:description\" content=\"Universidad de las Artes - Conagopare Guayas y UArtes se re\u00fanen para impulsar el acceso a la educaci\u00f3n art\u00edstica y cultural en comunidades rurales\" \/>\n<meta property=\"og:url\" content=\"https:\/\/www.uartes.edu.ec\/sitio\/blog\/2024\/07\/29\/conagopare-guayas-y-uartes-se-reunen-el-impulso-de-acciones-para-el-acceso-a-la-educacion-artistica-y-cultural-en-comunidades-rurales\/\" \/>\n<meta property=\"og:site_name\" content=\"Universidad de las Artes\" \/>\n<meta property=\"article:publisher\" content=\"https:\/\/www.facebook.com\/uartesec\" \/>\n<meta property=\"article:published_time\" content=\"2024-07-29T15:17:27+00:00\" \/>\n<meta property=\"article:modified_time\" content=\"2024-10-21T20:33:51+00:00\" \/>\n<meta property=\"og:image\" content=\"https:\/\/www.uartes.edu.ec\/sitio\/wp-content\/uploads\/2024\/07\/01-CONOGOPARE-UARTES.jpg\" \/>\n\t<meta property=\"og:image:width\" content=\"2000\" \/>\n\t<meta property=\"og:image:height\" content=\"1333\" \/>\n\t<meta property=\"og:image:type\" content=\"image\/jpeg\" \/>\n<meta name=\"author\" content=\"ccortez\" \/>\n<meta name=\"twitter:card\" content=\"summary_large_image\" \/>\n<meta name=\"twitter:creator\" content=\"@uartesec\" \/>\n<meta name=\"twitter:site\" content=\"@uartesec\" \/>\n<meta name=\"twitter:label1\" content=\"Escrito por\" \/>\n\t<meta name=\"twitter:data1\" content=\"ccortez\" \/>\n\t<meta name=\"twitter:label2\" content=\"Tiempo de lectura\" \/>\n\t<meta name=\"twitter:data2\" content=\"4 minutos\" \/>\n<script type=\"application\/ld+json\" class=\"yoast-schema-graph\">{\"@context\":\"https:\\\/\\\/schema.org\",\"@graph\":[{\"@type\":\"Article\",\"@id\":\"https:\\\/\\\/www.uartes.edu.ec\\\/sitio\\\/blog\\\/2024\\\/07\\\/29\\\/conagopare-guayas-y-uartes-se-reunen-el-impulso-de-acciones-para-el-acceso-a-la-educacion-artistica-y-cultural-en-comunidades-rurales\\\/#article\",\"isPartOf\":{\"@id\":\"https:\\\/\\\/www.uartes.edu.ec\\\/sitio\\\/blog\\\/2024\\\/07\\\/29\\\/conagopare-guayas-y-uartes-se-reunen-el-impulso-de-acciones-para-el-acceso-a-la-educacion-artistica-y-cultural-en-comunidades-rurales\\\/\"},\"author\":{\"name\":\"ccortez\",\"@id\":\"https:\\\/\\\/www.uartes.edu.ec\\\/sitio\\\/#\\\/schema\\\/person\\\/efa1b8275797664fd7f13a79ccc0b1f4\"},\"headline\":\"Conagopare Guayas y UArtes se re\u00fanen para impulsar el acceso a la educaci\u00f3n art\u00edstica y cultural en comunidades rurales\",\"datePublished\":\"2024-07-29T15:17:27+00:00\",\"dateModified\":\"2024-10-21T20:33:51+00:00\",\"mainEntityOfPage\":{\"@id\":\"https:\\\/\\\/www.uartes.edu.ec\\\/sitio\\\/blog\\\/2024\\\/07\\\/29\\\/conagopare-guayas-y-uartes-se-reunen-el-impulso-de-acciones-para-el-acceso-a-la-educacion-artistica-y-cultural-en-comunidades-rurales\\\/\"},\"wordCount\":629,\"commentCount\":0,\"publisher\":{\"@id\":\"https:\\\/\\\/www.uartes.edu.ec\\\/sitio\\\/#organization\"},\"image\":{\"@id\":\"https:\\\/\\\/www.uartes.edu.ec\\\/sitio\\\/blog\\\/2024\\\/07\\\/29\\\/conagopare-guayas-y-uartes-se-reunen-el-impulso-de-acciones-para-el-acceso-a-la-educacion-artistica-y-cultural-en-comunidades-rurales\\\/#primaryimage\"},\"thumbnailUrl\":\"https:\\\/\\\/www.uartes.edu.ec\\\/sitio\\\/wp-content\\\/uploads\\\/2024\\\/07\\\/01-CONOGOPARE-UARTES.jpg\",\"keywords\":[\"relacionamiento\"],\"articleSection\":[\"Acad\u00e9mico\",\"Administrativos\",\"Artes\",\"Gesti\u00f3n\",\"Rectorado\",\"Sedes\",\"V\u00ednculo\"],\"inLanguage\":\"es\",\"potentialAction\":[{\"@type\":\"CommentAction\",\"name\":\"Comment\",\"target\":[\"https:\\\/\\\/www.uartes.edu.ec\\\/sitio\\\/blog\\\/2024\\\/07\\\/29\\\/conagopare-guayas-y-uartes-se-reunen-el-impulso-de-acciones-para-el-acceso-a-la-educacion-artistica-y-cultural-en-comunidades-rurales\\\/#respond\"]}]},{\"@type\":[\"WebPage\",\"ItemPage\"],\"@id\":\"https:\\\/\\\/www.uartes.edu.ec\\\/sitio\\\/blog\\\/2024\\\/07\\\/29\\\/conagopare-guayas-y-uartes-se-reunen-el-impulso-de-acciones-para-el-acceso-a-la-educacion-artistica-y-cultural-en-comunidades-rurales\\\/\",\"url\":\"https:\\\/\\\/www.uartes.edu.ec\\\/sitio\\\/blog\\\/2024\\\/07\\\/29\\\/conagopare-guayas-y-uartes-se-reunen-el-impulso-de-acciones-para-el-acceso-a-la-educacion-artistica-y-cultural-en-comunidades-rurales\\\/\",\"name\":\"Universidad de las Artes - Conagopare Guayas y UArtes se re\u00fanen para impulsar el acceso a la educaci\u00f3n art\u00edstica y cultural en comunidades rurales\",\"isPartOf\":{\"@id\":\"https:\\\/\\\/www.uartes.edu.ec\\\/sitio\\\/#website\"},\"primaryImageOfPage\":{\"@id\":\"https:\\\/\\\/www.uartes.edu.ec\\\/sitio\\\/blog\\\/2024\\\/07\\\/29\\\/conagopare-guayas-y-uartes-se-reunen-el-impulso-de-acciones-para-el-acceso-a-la-educacion-artistica-y-cultural-en-comunidades-rurales\\\/#primaryimage\"},\"image\":{\"@id\":\"https:\\\/\\\/www.uartes.edu.ec\\\/sitio\\\/blog\\\/2024\\\/07\\\/29\\\/conagopare-guayas-y-uartes-se-reunen-el-impulso-de-acciones-para-el-acceso-a-la-educacion-artistica-y-cultural-en-comunidades-rurales\\\/#primaryimage\"},\"thumbnailUrl\":\"https:\\\/\\\/www.uartes.edu.ec\\\/sitio\\\/wp-content\\\/uploads\\\/2024\\\/07\\\/01-CONOGOPARE-UARTES.jpg\",\"datePublished\":\"2024-07-29T15:17:27+00:00\",\"dateModified\":\"2024-10-21T20:33:51+00:00\",\"description\":\"Universidad de las Artes - Conagopare Guayas y UArtes se re\u00fanen para impulsar el acceso a la educaci\u00f3n art\u00edstica y cultural en comunidades rurales\",\"breadcrumb\":{\"@id\":\"https:\\\/\\\/www.uartes.edu.ec\\\/sitio\\\/blog\\\/2024\\\/07\\\/29\\\/conagopare-guayas-y-uartes-se-reunen-el-impulso-de-acciones-para-el-acceso-a-la-educacion-artistica-y-cultural-en-comunidades-rurales\\\/#breadcrumb\"},\"inLanguage\":\"es\",\"potentialAction\":[{\"@type\":\"ReadAction\",\"target\":[\"https:\\\/\\\/www.uartes.edu.ec\\\/sitio\\\/blog\\\/2024\\\/07\\\/29\\\/conagopare-guayas-y-uartes-se-reunen-el-impulso-de-acciones-para-el-acceso-a-la-educacion-artistica-y-cultural-en-comunidades-rurales\\\/\"]}]},{\"@type\":\"ImageObject\",\"inLanguage\":\"es\",\"@id\":\"https:\\\/\\\/www.uartes.edu.ec\\\/sitio\\\/blog\\\/2024\\\/07\\\/29\\\/conagopare-guayas-y-uartes-se-reunen-el-impulso-de-acciones-para-el-acceso-a-la-educacion-artistica-y-cultural-en-comunidades-rurales\\\/#primaryimage\",\"url\":\"https:\\\/\\\/www.uartes.edu.ec\\\/sitio\\\/wp-content\\\/uploads\\\/2024\\\/07\\\/01-CONOGOPARE-UARTES.jpg\",\"contentUrl\":\"https:\\\/\\\/www.uartes.edu.ec\\\/sitio\\\/wp-content\\\/uploads\\\/2024\\\/07\\\/01-CONOGOPARE-UARTES.jpg\",\"width\":2000,\"height\":1333},{\"@type\":\"BreadcrumbList\",\"@id\":\"https:\\\/\\\/www.uartes.edu.ec\\\/sitio\\\/blog\\\/2024\\\/07\\\/29\\\/conagopare-guayas-y-uartes-se-reunen-el-impulso-de-acciones-para-el-acceso-a-la-educacion-artistica-y-cultural-en-comunidades-rurales\\\/#breadcrumb\",\"itemListElement\":[{\"@type\":\"ListItem\",\"position\":1,\"name\":\"Inicio\",\"item\":\"https:\\\/\\\/www.uartes.edu.ec\\\/sitio\\\/\"},{\"@type\":\"ListItem\",\"position\":2,\"name\":\"Conagopare Guayas y UArtes se re\u00fanen para impulsar el acceso a la educaci\u00f3n art\u00edstica y cultural en comunidades rurales\"}]},{\"@type\":\"WebSite\",\"@id\":\"https:\\\/\\\/www.uartes.edu.ec\\\/sitio\\\/#website\",\"url\":\"https:\\\/\\\/www.uartes.edu.ec\\\/sitio\\\/\",\"name\":\"Universidad de las Artes\",\"description\":\"Sitio oficial de la Universidad Nacional de las Artes del Ecuador\",\"publisher\":{\"@id\":\"https:\\\/\\\/www.uartes.edu.ec\\\/sitio\\\/#organization\"},\"potentialAction\":[{\"@type\":\"SearchAction\",\"target\":{\"@type\":\"EntryPoint\",\"urlTemplate\":\"https:\\\/\\\/www.uartes.edu.ec\\\/sitio\\\/?s={search_term_string}\"},\"query-input\":{\"@type\":\"PropertyValueSpecification\",\"valueRequired\":true,\"valueName\":\"search_term_string\"}}],\"inLanguage\":\"es\"},{\"@type\":\"Organization\",\"@id\":\"https:\\\/\\\/www.uartes.edu.ec\\\/sitio\\\/#organization\",\"name\":\"Universidad de las Artes\",\"url\":\"https:\\\/\\\/www.uartes.edu.ec\\\/sitio\\\/\",\"logo\":{\"@type\":\"ImageObject\",\"inLanguage\":\"es\",\"@id\":\"https:\\\/\\\/www.uartes.edu.ec\\\/sitio\\\/#\\\/schema\\\/logo\\\/image\\\/\",\"url\":\"https:\\\/\\\/www.uartes.edu.ec\\\/sitio\\\/wp-content\\\/uploads\\\/2022\\\/07\\\/logo-ua-horizontal.png\",\"contentUrl\":\"https:\\\/\\\/www.uartes.edu.ec\\\/sitio\\\/wp-content\\\/uploads\\\/2022\\\/07\\\/logo-ua-horizontal.png\",\"width\":800,\"height\":276,\"caption\":\"Universidad de las Artes\"},\"image\":{\"@id\":\"https:\\\/\\\/www.uartes.edu.ec\\\/sitio\\\/#\\\/schema\\\/logo\\\/image\\\/\"},\"sameAs\":[\"https:\\\/\\\/www.facebook.com\\\/uartesec\",\"https:\\\/\\\/x.com\\\/uartesec\",\"https:\\\/\\\/www.tiktok.com\\\/@uartesec\"]},{\"@type\":\"Person\",\"@id\":\"https:\\\/\\\/www.uartes.edu.ec\\\/sitio\\\/#\\\/schema\\\/person\\\/efa1b8275797664fd7f13a79ccc0b1f4\",\"name\":\"ccortez\",\"image\":{\"@type\":\"ImageObject\",\"inLanguage\":\"es\",\"@id\":\"https:\\\/\\\/secure.gravatar.com\\\/avatar\\\/b2a6f664a3ae8e074346ef91775736c5ec479e637ecced6842de9dc98b5da9cd?s=96&d=mm&r=g\",\"url\":\"https:\\\/\\\/secure.gravatar.com\\\/avatar\\\/b2a6f664a3ae8e074346ef91775736c5ec479e637ecced6842de9dc98b5da9cd?s=96&d=mm&r=g\",\"contentUrl\":\"https:\\\/\\\/secure.gravatar.com\\\/avatar\\\/b2a6f664a3ae8e074346ef91775736c5ec479e637ecced6842de9dc98b5da9cd?s=96&d=mm&r=g\",\"caption\":\"ccortez\"},\"url\":\"https:\\\/\\\/www.uartes.edu.ec\\\/sitio\\\/blog\\\/author\\\/ccortez\\\/\"}]}<\/script>\n<!-- \/ Yoast SEO plugin. -->","yoast_head_json":{"title":"Universidad de las Artes - Conagopare Guayas y UArtes se re\u00fanen para impulsar el acceso a la educaci\u00f3n art\u00edstica y cultural en comunidades rurales","description":"Universidad de las Artes - Conagopare Guayas y UArtes se re\u00fanen para impulsar el acceso a la educaci\u00f3n art\u00edstica y cultural en comunidades rurales","robots":{"index":"index","follow":"follow","max-snippet":"max-snippet:-1","max-image-preview":"max-image-preview:large","max-video-preview":"max-video-preview:-1"},"canonical":"https:\/\/www.uartes.edu.ec\/sitio\/blog\/2024\/07\/29\/conagopare-guayas-y-uartes-se-reunen-el-impulso-de-acciones-para-el-acceso-a-la-educacion-artistica-y-cultural-en-comunidades-rurales\/","og_locale":"es_ES","og_type":"article","og_title":"Universidad de las Artes - Conagopare Guayas y UArtes se re\u00fanen para impulsar el acceso a la educaci\u00f3n art\u00edstica y cultural en comunidades rurales","og_description":"Universidad de las Artes - Conagopare Guayas y UArtes se re\u00fanen para impulsar el acceso a la educaci\u00f3n art\u00edstica y cultural en comunidades rurales","og_url":"https:\/\/www.uartes.edu.ec\/sitio\/blog\/2024\/07\/29\/conagopare-guayas-y-uartes-se-reunen-el-impulso-de-acciones-para-el-acceso-a-la-educacion-artistica-y-cultural-en-comunidades-rurales\/","og_site_name":"Universidad de las Artes","article_publisher":"https:\/\/www.facebook.com\/uartesec","article_published_time":"2024-07-29T15:17:27+00:00","article_modified_time":"2024-10-21T20:33:51+00:00","og_image":[{"width":2000,"height":1333,"url":"https:\/\/www.uartes.edu.ec\/sitio\/wp-content\/uploads\/2024\/07\/01-CONOGOPARE-UARTES.jpg","type":"image\/jpeg"}],"author":"ccortez","twitter_card":"summary_large_image","twitter_creator":"@uartesec","twitter_site":"@uartesec","twitter_misc":{"Escrito por":"ccortez","Tiempo de lectura":"4 minutos"},"schema":{"@context":"https:\/\/schema.org","@graph":[{"@type":"Article","@id":"https:\/\/www.uartes.edu.ec\/sitio\/blog\/2024\/07\/29\/conagopare-guayas-y-uartes-se-reunen-el-impulso-de-acciones-para-el-acceso-a-la-educacion-artistica-y-cultural-en-comunidades-rurales\/#article","isPartOf":{"@id":"https:\/\/www.uartes.edu.ec\/sitio\/blog\/2024\/07\/29\/conagopare-guayas-y-uartes-se-reunen-el-impulso-de-acciones-para-el-acceso-a-la-educacion-artistica-y-cultural-en-comunidades-rurales\/"},"author":{"name":"ccortez","@id":"https:\/\/www.uartes.edu.ec\/sitio\/#\/schema\/person\/efa1b8275797664fd7f13a79ccc0b1f4"},"headline":"Conagopare Guayas y UArtes se re\u00fanen para impulsar el acceso a la educaci\u00f3n art\u00edstica y cultural en comunidades rurales","datePublished":"2024-07-29T15:17:27+00:00","dateModified":"2024-10-21T20:33:51+00:00","mainEntityOfPage":{"@id":"https:\/\/www.uartes.edu.ec\/sitio\/blog\/2024\/07\/29\/conagopare-guayas-y-uartes-se-reunen-el-impulso-de-acciones-para-el-acceso-a-la-educacion-artistica-y-cultural-en-comunidades-rurales\/"},"wordCount":629,"commentCount":0,"publisher":{"@id":"https:\/\/www.uartes.edu.ec\/sitio\/#organization"},"image":{"@id":"https:\/\/www.uartes.edu.ec\/sitio\/blog\/2024\/07\/29\/conagopare-guayas-y-uartes-se-reunen-el-impulso-de-acciones-para-el-acceso-a-la-educacion-artistica-y-cultural-en-comunidades-rurales\/#primaryimage"},"thumbnailUrl":"https:\/\/www.uartes.edu.ec\/sitio\/wp-content\/uploads\/2024\/07\/01-CONOGOPARE-UARTES.jpg","keywords":["relacionamiento"],"articleSection":["Acad\u00e9mico","Administrativos","Artes","Gesti\u00f3n","Rectorado","Sedes","V\u00ednculo"],"inLanguage":"es","potentialAction":[{"@type":"CommentAction","name":"Comment","target":["https:\/\/www.uartes.edu.ec\/sitio\/blog\/2024\/07\/29\/conagopare-guayas-y-uartes-se-reunen-el-impulso-de-acciones-para-el-acceso-a-la-educacion-artistica-y-cultural-en-comunidades-rurales\/#respond"]}]},{"@type":["WebPage","ItemPage"],"@id":"https:\/\/www.uartes.edu.ec\/sitio\/blog\/2024\/07\/29\/conagopare-guayas-y-uartes-se-reunen-el-impulso-de-acciones-para-el-acceso-a-la-educacion-artistica-y-cultural-en-comunidades-rurales\/","url":"https:\/\/www.uartes.edu.ec\/sitio\/blog\/2024\/07\/29\/conagopare-guayas-y-uartes-se-reunen-el-impulso-de-acciones-para-el-acceso-a-la-educacion-artistica-y-cultural-en-comunidades-rurales\/","name":"Universidad de las Artes - Conagopare Guayas y UArtes se re\u00fanen para impulsar el acceso a la educaci\u00f3n art\u00edstica y cultural en comunidades rurales","isPartOf":{"@id":"https:\/\/www.uartes.edu.ec\/sitio\/#website"},"primaryImageOfPage":{"@id":"https:\/\/www.uartes.edu.ec\/sitio\/blog\/2024\/07\/29\/conagopare-guayas-y-uartes-se-reunen-el-impulso-de-acciones-para-el-acceso-a-la-educacion-artistica-y-cultural-en-comunidades-rurales\/#primaryimage"},"image":{"@id":"https:\/\/www.uartes.edu.ec\/sitio\/blog\/2024\/07\/29\/conagopare-guayas-y-uartes-se-reunen-el-impulso-de-acciones-para-el-acceso-a-la-educacion-artistica-y-cultural-en-comunidades-rurales\/#primaryimage"},"thumbnailUrl":"https:\/\/www.uartes.edu.ec\/sitio\/wp-content\/uploads\/2024\/07\/01-CONOGOPARE-UARTES.jpg","datePublished":"2024-07-29T15:17:27+00:00","dateModified":"2024-10-21T20:33:51+00:00","description":"Universidad de las Artes - Conagopare Guayas y UArtes se re\u00fanen para impulsar el acceso a la educaci\u00f3n art\u00edstica y cultural en comunidades rurales","breadcrumb":{"@id":"https:\/\/www.uartes.edu.ec\/sitio\/blog\/2024\/07\/29\/conagopare-guayas-y-uartes-se-reunen-el-impulso-de-acciones-para-el-acceso-a-la-educacion-artistica-y-cultural-en-comunidades-rurales\/#breadcrumb"},"inLanguage":"es","potentialAction":[{"@type":"ReadAction","target":["https:\/\/www.uartes.edu.ec\/sitio\/blog\/2024\/07\/29\/conagopare-guayas-y-uartes-se-reunen-el-impulso-de-acciones-para-el-acceso-a-la-educacion-artistica-y-cultural-en-comunidades-rurales\/"]}]},{"@type":"ImageObject","inLanguage":"es","@id":"https:\/\/www.uartes.edu.ec\/sitio\/blog\/2024\/07\/29\/conagopare-guayas-y-uartes-se-reunen-el-impulso-de-acciones-para-el-acceso-a-la-educacion-artistica-y-cultural-en-comunidades-rurales\/#primaryimage","url":"https:\/\/www.uartes.edu.ec\/sitio\/wp-content\/uploads\/2024\/07\/01-CONOGOPARE-UARTES.jpg","contentUrl":"https:\/\/www.uartes.edu.ec\/sitio\/wp-content\/uploads\/2024\/07\/01-CONOGOPARE-UARTES.jpg","width":2000,"height":1333},{"@type":"BreadcrumbList","@id":"https:\/\/www.uartes.edu.ec\/sitio\/blog\/2024\/07\/29\/conagopare-guayas-y-uartes-se-reunen-el-impulso-de-acciones-para-el-acceso-a-la-educacion-artistica-y-cultural-en-comunidades-rurales\/#breadcrumb","itemListElement":[{"@type":"ListItem","position":1,"name":"Inicio","item":"https:\/\/www.uartes.edu.ec\/sitio\/"},{"@type":"ListItem","position":2,"name":"Conagopare Guayas y UArtes se re\u00fanen para impulsar el acceso a la educaci\u00f3n art\u00edstica y cultural en comunidades rurales"}]},{"@type":"WebSite","@id":"https:\/\/www.uartes.edu.ec\/sitio\/#website","url":"https:\/\/www.uartes.edu.ec\/sitio\/","name":"Universidad de las Artes","description":"Sitio oficial de la Universidad Nacional de las Artes del Ecuador","publisher":{"@id":"https:\/\/www.uartes.edu.ec\/sitio\/#organization"},"potentialAction":[{"@type":"SearchAction","target":{"@type":"EntryPoint","urlTemplate":"https:\/\/www.uartes.edu.ec\/sitio\/?s={search_term_string}"},"query-input":{"@type":"PropertyValueSpecification","valueRequired":true,"valueName":"search_term_string"}}],"inLanguage":"es"},{"@type":"Organization","@id":"https:\/\/www.uartes.edu.ec\/sitio\/#organization","name":"Universidad de las Artes","url":"https:\/\/www.uartes.edu.ec\/sitio\/","logo":{"@type":"ImageObject","inLanguage":"es","@id":"https:\/\/www.uartes.edu.ec\/sitio\/#\/schema\/logo\/image\/","url":"https:\/\/www.uartes.edu.ec\/sitio\/wp-content\/uploads\/2022\/07\/logo-ua-horizontal.png","contentUrl":"https:\/\/www.uartes.edu.ec\/sitio\/wp-content\/uploads\/2022\/07\/logo-ua-horizontal.png","width":800,"height":276,"caption":"Universidad de las Artes"},"image":{"@id":"https:\/\/www.uartes.edu.ec\/sitio\/#\/schema\/logo\/image\/"},"sameAs":["https:\/\/www.facebook.com\/uartesec","https:\/\/x.com\/uartesec","https:\/\/www.tiktok.com\/@uartesec"]},{"@type":"Person","@id":"https:\/\/www.uartes.edu.ec\/sitio\/#\/schema\/person\/efa1b8275797664fd7f13a79ccc0b1f4","name":"ccortez","image":{"@type":"ImageObject","inLanguage":"es","@id":"https:\/\/secure.gravatar.com\/avatar\/b2a6f664a3ae8e074346ef91775736c5ec479e637ecced6842de9dc98b5da9cd?s=96&d=mm&r=g","url":"https:\/\/secure.gravatar.com\/avatar\/b2a6f664a3ae8e074346ef91775736c5ec479e637ecced6842de9dc98b5da9cd?s=96&d=mm&r=g","contentUrl":"https:\/\/secure.gravatar.com\/avatar\/b2a6f664a3ae8e074346ef91775736c5ec479e637ecced6842de9dc98b5da9cd?s=96&d=mm&r=g","caption":"ccortez"},"url":"https:\/\/www.uartes.edu.ec\/sitio\/blog\/author\/ccortez\/"}]}},"uagb_featured_image_src":{"full":["https:\/\/www.uartes.edu.ec\/sitio\/wp-content\/uploads\/2024\/07\/01-CONOGOPARE-UARTES.jpg",2000,1333,false],"thumbnail":["https:\/\/www.uartes.edu.ec\/sitio\/wp-content\/uploads\/2024\/07\/01-CONOGOPARE-UARTES-150x150.jpg",150,150,true],"medium":["https:\/\/www.uartes.edu.ec\/sitio\/wp-content\/uploads\/2024\/07\/01-CONOGOPARE-UARTES-300x200.jpg",300,200,true],"medium_large":["https:\/\/www.uartes.edu.ec\/sitio\/wp-content\/uploads\/2024\/07\/01-CONOGOPARE-UARTES-768x512.jpg",768,512,true],"large":["https:\/\/www.uartes.edu.ec\/sitio\/wp-content\/uploads\/2024\/07\/01-CONOGOPARE-UARTES-644x429.jpg",644,429,true],"1536x1536":["https:\/\/www.uartes.edu.ec\/sitio\/wp-content\/uploads\/2024\/07\/01-CONOGOPARE-UARTES-1536x1024.jpg",1536,1024,true],"2048x2048":["https:\/\/www.uartes.edu.ec\/sitio\/wp-content\/uploads\/2024\/07\/01-CONOGOPARE-UARTES.jpg",2000,1333,false],"trp-custom-language-flag":["https:\/\/www.uartes.edu.ec\/sitio\/wp-content\/uploads\/2024\/07\/01-CONOGOPARE-UARTES-18x12.jpg",18,12,true],"htmega_size_585x295":["https:\/\/www.uartes.edu.ec\/sitio\/wp-content\/uploads\/2024\/07\/01-CONOGOPARE-UARTES-585x295.jpg",585,295,true],"htmega_size_1170x536":["https:\/\/www.uartes.edu.ec\/sitio\/wp-content\/uploads\/2024\/07\/01-CONOGOPARE-UARTES-1170x536.jpg",1170,536,true],"htmega_size_396x360":["https:\/\/www.uartes.edu.ec\/sitio\/wp-content\/uploads\/2024\/07\/01-CONOGOPARE-UARTES-396x360.jpg",396,360,true],"gb-block-post-grid-landscape":["https:\/\/www.uartes.edu.ec\/sitio\/wp-content\/uploads\/2024\/07\/01-CONOGOPARE-UARTES.jpg",600,400,false],"gb-block-post-grid-square":["https:\/\/www.uartes.edu.ec\/sitio\/wp-content\/uploads\/2024\/07\/01-CONOGOPARE-UARTES.jpg",600,400,false],"university-hub-thumb":["https:\/\/www.uartes.edu.ec\/sitio\/wp-content\/uploads\/2024\/07\/01-CONOGOPARE-UARTES-400x267.jpg",400,267,true]},"uagb_author_info":{"display_name":"ccortez","author_link":"https:\/\/www.uartes.edu.ec\/sitio\/blog\/author\/ccortez\/"},"uagb_comment_info":0,"uagb_excerpt":"Fomentar el acceso a la educaci\u00f3n art\u00edstica y cultural en las comunidades rurales, as\u00ed como promover el desarrollo de habilidades creativas entre los j\u00f3venes, son algunos de los objetivos planteados en la reuni\u00f3n de trabajo propuesta desde la presidencia en Guayas del Consejo Nacional de Gobiernos Parroquiales Rurales del Ecuador (Conagopare) con la Universidad de&hellip;","featured_image_src":"https:\/\/www.uartes.edu.ec\/sitio\/wp-content\/uploads\/2024\/07\/01-CONOGOPARE-UARTES.jpg","featured_image_src_square":"https:\/\/www.uartes.edu.ec\/sitio\/wp-content\/uploads\/2024\/07\/01-CONOGOPARE-UARTES.jpg","author_info":{"display_name":"ccortez","author_link":"https:\/\/www.uartes.edu.ec\/sitio\/blog\/author\/ccortez\/"},"publishpress_future_workflow_manual_trigger":{"enabledWorkflows":[]},"distributor_meta":false,"distributor_terms":false,"distributor_media":false,"distributor_original_site_name":"Universidad de las Artes","distributor_original_site_url":"https:\/\/www.uartes.edu.ec\/sitio","push-errors":false,"_links":{"self":[{"href":"https:\/\/www.uartes.edu.ec\/sitio\/wp-json\/wp\/v2\/posts\/59658","targetHints":{"allow":["GET"]}}],"collection":[{"href":"https:\/\/www.uartes.edu.ec\/sitio\/wp-json\/wp\/v2\/posts"}],"about":[{"href":"https:\/\/www.uartes.edu.ec\/sitio\/wp-json\/wp\/v2\/types\/post"}],"author":[{"embeddable":true,"href":"https:\/\/www.uartes.edu.ec\/sitio\/wp-json\/wp\/v2\/users\/10"}],"replies":[{"embeddable":true,"href":"https:\/\/www.uartes.edu.ec\/sitio\/wp-json\/wp\/v2\/comments?post=59658"}],"version-history":[{"count":11,"href":"https:\/\/www.uartes.edu.ec\/sitio\/wp-json\/wp\/v2\/posts\/59658\/revisions"}],"predecessor-version":[{"id":59680,"href":"https:\/\/www.uartes.edu.ec\/sitio\/wp-json\/wp\/v2\/posts\/59658\/revisions\/59680"}],"wp:featuredmedia":[{"embeddable":true,"href":"https:\/\/www.uartes.edu.ec\/sitio\/wp-json\/wp\/v2\/media\/59659"}],"wp:attachment":[{"href":"https:\/\/www.uartes.edu.ec\/sitio\/wp-json\/wp\/v2\/media?parent=59658"}],"wp:term":[{"taxonomy":"category","embeddable":true,"href":"https:\/\/www.uartes.edu.ec\/sitio\/wp-json\/wp\/v2\/categories?post=59658"},{"taxonomy":"post_tag","embeddable":true,"href":"https:\/\/www.uartes.edu.ec\/sitio\/wp-json\/wp\/v2\/tags?post=59658"},{"taxonomy":"infouartes","embeddable":true,"href":"https:\/\/www.uartes.edu.ec\/sitio\/wp-json\/wp\/v2\/infouartes?post=59658"}],"curies":[{"name":"wp","href":"https:\/\/api.w.org\/{rel}","templated":true}]}}