{"id":59902,"date":"2024-07-30T09:37:00","date_gmt":"2024-07-30T14:37:00","guid":{"rendered":"https:\/\/www.uartes.edu.ec\/sitio\/?p=59902"},"modified":"2024-08-02T19:08:21","modified_gmt":"2024-08-03T00:08:21","slug":"alumnus-khrystel-ortiz-y-la-practica-complementaria-para-aprender-y-compartir-nuevos-generos-musicales","status":"publish","type":"post","link":"https:\/\/www.uartes.edu.ec\/sitio\/blog\/2024\/07\/30\/alumnus-khrystel-ortiz-y-la-practica-complementaria-para-aprender-y-compartir-nuevos-generos-musicales\/","title":{"rendered":"Alumnus Khrystel Ortiz, en la docencia con la Pr\u00e1ctica Complementaria para compartir g\u00e9neros musicales como la salsa"},"content":{"rendered":"\n<p>Se gradu\u00f3 en la Universidad de las Artes y luego de responder y ganar la convocatoria Alumni UArtes 2022 que lanz\u00f3 la Biblioteca de la Artes, Khrystel Ortiz dict\u00f3 el taller \u201cAl son de salsa y bachata\u201d, el cual arranc\u00f3 en octubre del a\u00f1o en menci\u00f3n. Dada la acogida que tuvo por parte del p\u00fablico en 2023 volvi\u00f3 con un nuevo taller al que titul\u00f3 \u201cBailando ritmos tropicales\u201d. En la actualidad, la alumnus dicta en la Escuela de Artes Esc\u00e9nicas una asignatura en la que ahonda con los estudiantes en la importancia de aprender nuevos g\u00e9neros musicales. Uno de los objetivos, se\u00f1ala, es que adquieran el conocimiento y la pr\u00e1ctica en las distintas categor\u00edas de la danza.<\/p>\n\n\n\n<p>Khrystel Ortiz cursa ahora una maestr\u00eda en Docencia Universitaria en la UNIR, raz\u00f3n por la cual solicit\u00f3 hacer sus pr\u00e1cticas en la UArtes y la materia que imparte es Pr\u00e1ctica Complementaria, la cual lleva a los estudiantes a aprender g\u00e9neros que se articulan con todos los lineamientos de la danza contempor\u00e1nea, para dar la posibilidad de incluir en la malla asignaturas que profundicen el saber e incursionen en la salsa, el flamenco, la cumbia, el vallenato, entre otros.<\/p>\n\n\n<div class=\"wp-block-image\">\n<figure class=\"aligncenter size-large\"><img fetchpriority=\"high\" decoding=\"async\" width=\"644\" height=\"483\" src=\"https:\/\/www.uartes.edu.ec\/sitio\/wp-content\/uploads\/2024\/07\/khrytel-644x483.jpg\" alt=\"\" class=\"wp-image-60046\" srcset=\"https:\/\/www.uartes.edu.ec\/sitio\/wp-content\/uploads\/2024\/07\/khrytel-644x483.jpg 644w, https:\/\/www.uartes.edu.ec\/sitio\/wp-content\/uploads\/2024\/07\/khrytel-300x225.jpg 300w, https:\/\/www.uartes.edu.ec\/sitio\/wp-content\/uploads\/2024\/07\/khrytel-768x576.jpg 768w, https:\/\/www.uartes.edu.ec\/sitio\/wp-content\/uploads\/2024\/07\/khrytel-1536x1152.jpg 1536w, https:\/\/www.uartes.edu.ec\/sitio\/wp-content\/uploads\/2024\/07\/khrytel-16x12.jpg 16w, https:\/\/www.uartes.edu.ec\/sitio\/wp-content\/uploads\/2024\/07\/khrytel-400x300.jpg 400w, https:\/\/www.uartes.edu.ec\/sitio\/wp-content\/uploads\/2024\/07\/khrytel.jpg 2000w\" sizes=\"(max-width: 644px) 100vw, 644px\" \/><\/figure>\n<\/div>\n\n\n<p>\u201cLa materia de salsa es nueva, pero los estudiantes han respondido s\u00faper bien. Los chicos est\u00e1n ansiosos de ver una muestra de c\u00f3mo articulamos la salsa y no solamente como salsa, sino como rumba, as\u00ed que lo trabajamos desde la t\u00e9cnica y la sensaci\u00f3n, desde la exploraci\u00f3n\u201d, explica Ortiz, mostrando su entusiasmo por la acogida que est\u00e1 recibiendo el g\u00e9nero en sus clases.<\/p>\n\n\n\n<p>\u201cLa salsa es el g\u00e9nero musical que m\u00e1s caracteriza a Latinoam\u00e9rica por sus mezclas de sonidos y ritmos y, aunque los ecuatorianos bailan y disfrutan mucho de \u00e9l, es importante saber que la salsa no naci\u00f3 en Ecuador. Es una mezcla de todo, de ritmos y g\u00e9neros que se han ido afinando en muchos lugares. El estudio lo hacen desde el an\u00e1lisis del contexto hist\u00f3rico, desde el aporte pol\u00edtico, el arte danc\u00edstico que a medida de los a\u00f1os ha venido teniendo la salsa, que la salsa no est\u00e1 desligada de la danza en general. No naci\u00f3 en Ecuador, pero somos latinos y corre por las venas igual que un torrente\u201d<\/p>\n\n\n\n<p>La maestr\u00eda que cursa, se\u00f1ala Ortiz, s\u00ed tiene que ver con la salsa. \u201cTiene que ver mucho con los implementos pedag\u00f3gicos partiendo desde la ra\u00edz de la salsa y la rumba, porque en la rumba puedo encontrar un poco m\u00e1s estas herramientas sensoriales, experienciales, energ\u00e9ticas, que podemos encontrar en la danza contempor\u00e1nea\u201d.<\/p>\n\n\n<div class=\"wp-block-image\">\n<figure class=\"aligncenter size-large\"><img decoding=\"async\" width=\"644\" height=\"429\" src=\"https:\/\/www.uartes.edu.ec\/sitio\/wp-content\/uploads\/2024\/07\/04-Krhistel-Ortiz-644x429.jpg\" alt=\"\" class=\"wp-image-59904\" srcset=\"https:\/\/www.uartes.edu.ec\/sitio\/wp-content\/uploads\/2024\/07\/04-Krhistel-Ortiz-644x429.jpg 644w, https:\/\/www.uartes.edu.ec\/sitio\/wp-content\/uploads\/2024\/07\/04-Krhistel-Ortiz-300x200.jpg 300w, https:\/\/www.uartes.edu.ec\/sitio\/wp-content\/uploads\/2024\/07\/04-Krhistel-Ortiz-768x512.jpg 768w, https:\/\/www.uartes.edu.ec\/sitio\/wp-content\/uploads\/2024\/07\/04-Krhistel-Ortiz-1536x1024.jpg 1536w, https:\/\/www.uartes.edu.ec\/sitio\/wp-content\/uploads\/2024\/07\/04-Krhistel-Ortiz-18x12.jpg 18w, https:\/\/www.uartes.edu.ec\/sitio\/wp-content\/uploads\/2024\/07\/04-Krhistel-Ortiz-400x267.jpg 400w, https:\/\/www.uartes.edu.ec\/sitio\/wp-content\/uploads\/2024\/07\/04-Krhistel-Ortiz-272x182.jpg 272w, https:\/\/www.uartes.edu.ec\/sitio\/wp-content\/uploads\/2024\/07\/04-Krhistel-Ortiz.jpg 2000w\" sizes=\"(max-width: 644px) 100vw, 644px\" \/><\/figure>\n<\/div>\n\n\n<p>Khrystel Ortiz expresa que ella, como profesora de salsa, no busca deconstruir la salsa, sino que aspira a que la gente pueda comprender mejor el estilo y el movimiento desde las bases contempor\u00e1neas que tenemos. As\u00ed mismo, confiesa que no se puede desligar la m\u00fasica del baile, aunque se crea que s\u00ed, no es lo mismo, se necesita la percusi\u00f3n. Al no haber un bombo que d\u00e9 la marcaci\u00f3n de la pista, es dif\u00edcil danzar en silencio, no se puede desligar un aspecto del otro.<\/p>\n\n\n\n<p>La profesora de Pr\u00e1cticas Complementarias recuerda que en su ni\u00f1ez escuch\u00f3 hablar del poeta y abogado Di\u00f3genes Cuero, quien cre\u00f3 un festival de m\u00fasica de danza afro. El poeta viaj\u00f3 por la costa del Pac\u00edfico e invit\u00f3 a personas de Colombia, Per\u00fa, Venezuela y, aunque la m\u00fasica era la misma, se distingu\u00eda la nacionalidad de los invitados por el movimiento de los cuerpos, la forma en la que marcaban el ritmo y c\u00f3mo se sent\u00edan las canciones. Cuando Di\u00f3genes falleci\u00f3 con \u00e9l se fue la iniciativa de este festival. Con el tiempo intentaron reactivar este festival, pero nunca m\u00e1s fue igual, porque la gesti\u00f3n que \u00e9l hac\u00eda era grande. Esa es la importancia de difundir las culturas.<\/p>\n\n\n<div class=\"wp-block-image\">\n<figure class=\"aligncenter size-large\"><img decoding=\"async\" width=\"644\" height=\"429\" src=\"https:\/\/www.uartes.edu.ec\/sitio\/wp-content\/uploads\/2024\/07\/01-Krhistel-Ortiz-644x429.jpg\" alt=\"\" class=\"wp-image-59905\" srcset=\"https:\/\/www.uartes.edu.ec\/sitio\/wp-content\/uploads\/2024\/07\/01-Krhistel-Ortiz-644x429.jpg 644w, https:\/\/www.uartes.edu.ec\/sitio\/wp-content\/uploads\/2024\/07\/01-Krhistel-Ortiz-300x200.jpg 300w, https:\/\/www.uartes.edu.ec\/sitio\/wp-content\/uploads\/2024\/07\/01-Krhistel-Ortiz-768x512.jpg 768w, https:\/\/www.uartes.edu.ec\/sitio\/wp-content\/uploads\/2024\/07\/01-Krhistel-Ortiz-1536x1024.jpg 1536w, https:\/\/www.uartes.edu.ec\/sitio\/wp-content\/uploads\/2024\/07\/01-Krhistel-Ortiz-18x12.jpg 18w, https:\/\/www.uartes.edu.ec\/sitio\/wp-content\/uploads\/2024\/07\/01-Krhistel-Ortiz-400x267.jpg 400w, https:\/\/www.uartes.edu.ec\/sitio\/wp-content\/uploads\/2024\/07\/01-Krhistel-Ortiz-272x182.jpg 272w, https:\/\/www.uartes.edu.ec\/sitio\/wp-content\/uploads\/2024\/07\/01-Krhistel-Ortiz.jpg 2000w\" sizes=\"(max-width: 644px) 100vw, 644px\" \/><\/figure>\n<\/div>\n\n\n<p>Parte de nuestra cultura e identidad es la salsa, por eso es bueno que existan personas que trabajen por la cultura, que hacen un aporte y que, mueran o no, dejen un rastro o registro de las danzas tradicionales: c\u00f3mo las crearon, una partitura de c\u00f3mo se desarrollan, cu\u00e1l es la caracter\u00edstica del movimiento de cada una de ellas. Ese es el objetivo principal de la materia: inmortalizar el arte de la danza.<\/p>\n\n\n\n<p>El arte expresa identidad y al danzar te dejas llevar por la m\u00fasica, tus pies dejan de tocar el piso y comienzan a volar. Tus caderas se mueven al ritmo del tempo, los delicados y gr\u00e1ciles brazos mantienen el equilibrio en la cuerda floja de la finita canci\u00f3n, aquella que recorre venas y se convierte en algo casi igual de importante que la sangre o el ox\u00edgeno. Es curioso el impacto que tiene la m\u00fasica y sus distintos g\u00e9neros sobre las personas. Es un arte que se convierte en magia y te hace bailar hasta perder los pies y que crezcan las alas.<\/p>\n","protected":false},"excerpt":{"rendered":"<p>Tras ganar la convocatoria Alumni UArtes 2022, Khrystel Ortiz dict\u00f3 en la Biblioteca de las Artes el taller \u201cAl son de salsa y bachata\u201d y debido a la acogida que tuvo al a\u00f1o siguiente dio un segundo taller al que titul\u00f3 \u201cBailando ritmos tropicales\u201d. Ahora nuestra graduada cursa una maestr\u00eda en la UNIR y se sum\u00f3 a la planta docente de la Escuela de Artes Esc\u00e9nicas para impartir la materia de Pr\u00e1ctica Complementaria con la que ahonda en g\u00e9neros como la salsa.<\/p>\n","protected":false},"author":10,"featured_media":59903,"comment_status":"open","ping_status":"open","sticky":false,"template":"","format":"standard","meta":{"_acf_changed":false,"_uag_custom_page_level_css":"","_monsterinsights_skip_tracking":false,"_monsterinsights_sitenote_active":false,"_monsterinsights_sitenote_note":"","_monsterinsights_sitenote_category":0,"cybocfi_hide_featured_image":"","footnotes":""},"categories":[80,82,159,75,284,83],"tags":[1254],"infouartes":[],"class_list":["post-59902","post","type-post","status-publish","format-standard","has-post-thumbnail","hentry","category-academico","category-artes","category-artes-escenicas","category-docentes","category-investigacion","category-sedes","tag-catedra"],"acf":[],"yoast_head":"<!-- This site is optimized with the Yoast SEO plugin v27.4 - https:\/\/yoast.com\/product\/yoast-seo-wordpress\/ -->\n<title>Universidad de las Artes - Alumnus Khrystel Ortiz, en la docencia con la Pr\u00e1ctica Complementaria para compartir g\u00e9neros musicales como la salsa<\/title>\n<meta name=\"description\" content=\"Universidad de las Artes - Alumnus Khrystel Ortiz, en la docencia con la Pr\u00e1ctica Complementaria para compartir g\u00e9neros musicales como la salsa\" \/>\n<meta name=\"robots\" content=\"index, follow, max-snippet:-1, max-image-preview:large, max-video-preview:-1\" \/>\n<link rel=\"canonical\" href=\"https:\/\/www.uartes.edu.ec\/sitio\/blog\/2024\/07\/30\/alumnus-khrystel-ortiz-y-la-practica-complementaria-para-aprender-y-compartir-nuevos-generos-musicales\/\" \/>\n<meta property=\"og:locale\" content=\"es_ES\" \/>\n<meta property=\"og:type\" content=\"article\" \/>\n<meta property=\"og:title\" content=\"Universidad de las Artes - Alumnus Khrystel Ortiz, en la docencia con la Pr\u00e1ctica Complementaria para compartir g\u00e9neros musicales como la salsa\" \/>\n<meta property=\"og:description\" content=\"Universidad de las Artes - Alumnus Khrystel Ortiz, en la docencia con la Pr\u00e1ctica Complementaria para compartir g\u00e9neros musicales como la salsa\" \/>\n<meta property=\"og:url\" content=\"https:\/\/www.uartes.edu.ec\/sitio\/blog\/2024\/07\/30\/alumnus-khrystel-ortiz-y-la-practica-complementaria-para-aprender-y-compartir-nuevos-generos-musicales\/\" \/>\n<meta property=\"og:site_name\" content=\"Universidad de las Artes\" \/>\n<meta property=\"article:publisher\" content=\"https:\/\/www.facebook.com\/uartesec\" \/>\n<meta property=\"article:published_time\" content=\"2024-07-30T14:37:00+00:00\" \/>\n<meta property=\"article:modified_time\" content=\"2024-08-03T00:08:21+00:00\" \/>\n<meta property=\"og:image\" content=\"https:\/\/www.uartes.edu.ec\/sitio\/wp-content\/uploads\/2024\/07\/02-Krhistel-Ortiz.jpg\" \/>\n\t<meta property=\"og:image:width\" content=\"2000\" \/>\n\t<meta property=\"og:image:height\" content=\"1333\" \/>\n\t<meta property=\"og:image:type\" content=\"image\/jpeg\" \/>\n<meta name=\"author\" content=\"ccortez\" \/>\n<meta name=\"twitter:card\" content=\"summary_large_image\" \/>\n<meta name=\"twitter:creator\" content=\"@uartesec\" \/>\n<meta name=\"twitter:site\" content=\"@uartesec\" \/>\n<meta name=\"twitter:label1\" content=\"Escrito por\" \/>\n\t<meta name=\"twitter:data1\" content=\"ccortez\" \/>\n\t<meta name=\"twitter:label2\" content=\"Tiempo de lectura\" \/>\n\t<meta name=\"twitter:data2\" content=\"5 minutos\" \/>\n<script type=\"application\/ld+json\" class=\"yoast-schema-graph\">{\"@context\":\"https:\\\/\\\/schema.org\",\"@graph\":[{\"@type\":\"Article\",\"@id\":\"https:\\\/\\\/www.uartes.edu.ec\\\/sitio\\\/blog\\\/2024\\\/07\\\/30\\\/alumnus-khrystel-ortiz-y-la-practica-complementaria-para-aprender-y-compartir-nuevos-generos-musicales\\\/#article\",\"isPartOf\":{\"@id\":\"https:\\\/\\\/www.uartes.edu.ec\\\/sitio\\\/blog\\\/2024\\\/07\\\/30\\\/alumnus-khrystel-ortiz-y-la-practica-complementaria-para-aprender-y-compartir-nuevos-generos-musicales\\\/\"},\"author\":{\"name\":\"ccortez\",\"@id\":\"https:\\\/\\\/www.uartes.edu.ec\\\/sitio\\\/#\\\/schema\\\/person\\\/efa1b8275797664fd7f13a79ccc0b1f4\"},\"headline\":\"Alumnus Khrystel Ortiz, en la docencia con la Pr\u00e1ctica Complementaria para compartir g\u00e9neros musicales como la salsa\",\"datePublished\":\"2024-07-30T14:37:00+00:00\",\"dateModified\":\"2024-08-03T00:08:21+00:00\",\"mainEntityOfPage\":{\"@id\":\"https:\\\/\\\/www.uartes.edu.ec\\\/sitio\\\/blog\\\/2024\\\/07\\\/30\\\/alumnus-khrystel-ortiz-y-la-practica-complementaria-para-aprender-y-compartir-nuevos-generos-musicales\\\/\"},\"wordCount\":880,\"commentCount\":0,\"publisher\":{\"@id\":\"https:\\\/\\\/www.uartes.edu.ec\\\/sitio\\\/#organization\"},\"image\":{\"@id\":\"https:\\\/\\\/www.uartes.edu.ec\\\/sitio\\\/blog\\\/2024\\\/07\\\/30\\\/alumnus-khrystel-ortiz-y-la-practica-complementaria-para-aprender-y-compartir-nuevos-generos-musicales\\\/#primaryimage\"},\"thumbnailUrl\":\"https:\\\/\\\/www.uartes.edu.ec\\\/sitio\\\/wp-content\\\/uploads\\\/2024\\\/07\\\/02-Krhistel-Ortiz.jpg\",\"keywords\":[\"c\u00e1tedra\"],\"articleSection\":[\"Acad\u00e9mico\",\"Artes\",\"Artes Esc\u00e9nicas\",\"Docentes\",\"Investigaci\u00f3n\",\"Sedes\"],\"inLanguage\":\"es\",\"potentialAction\":[{\"@type\":\"CommentAction\",\"name\":\"Comment\",\"target\":[\"https:\\\/\\\/www.uartes.edu.ec\\\/sitio\\\/blog\\\/2024\\\/07\\\/30\\\/alumnus-khrystel-ortiz-y-la-practica-complementaria-para-aprender-y-compartir-nuevos-generos-musicales\\\/#respond\"]}]},{\"@type\":[\"WebPage\",\"ItemPage\"],\"@id\":\"https:\\\/\\\/www.uartes.edu.ec\\\/sitio\\\/blog\\\/2024\\\/07\\\/30\\\/alumnus-khrystel-ortiz-y-la-practica-complementaria-para-aprender-y-compartir-nuevos-generos-musicales\\\/\",\"url\":\"https:\\\/\\\/www.uartes.edu.ec\\\/sitio\\\/blog\\\/2024\\\/07\\\/30\\\/alumnus-khrystel-ortiz-y-la-practica-complementaria-para-aprender-y-compartir-nuevos-generos-musicales\\\/\",\"name\":\"Universidad de las Artes - Alumnus Khrystel Ortiz, en la docencia con la Pr\u00e1ctica Complementaria para compartir g\u00e9neros musicales como la salsa\",\"isPartOf\":{\"@id\":\"https:\\\/\\\/www.uartes.edu.ec\\\/sitio\\\/#website\"},\"primaryImageOfPage\":{\"@id\":\"https:\\\/\\\/www.uartes.edu.ec\\\/sitio\\\/blog\\\/2024\\\/07\\\/30\\\/alumnus-khrystel-ortiz-y-la-practica-complementaria-para-aprender-y-compartir-nuevos-generos-musicales\\\/#primaryimage\"},\"image\":{\"@id\":\"https:\\\/\\\/www.uartes.edu.ec\\\/sitio\\\/blog\\\/2024\\\/07\\\/30\\\/alumnus-khrystel-ortiz-y-la-practica-complementaria-para-aprender-y-compartir-nuevos-generos-musicales\\\/#primaryimage\"},\"thumbnailUrl\":\"https:\\\/\\\/www.uartes.edu.ec\\\/sitio\\\/wp-content\\\/uploads\\\/2024\\\/07\\\/02-Krhistel-Ortiz.jpg\",\"datePublished\":\"2024-07-30T14:37:00+00:00\",\"dateModified\":\"2024-08-03T00:08:21+00:00\",\"description\":\"Universidad de las Artes - Alumnus Khrystel Ortiz, en la docencia con la Pr\u00e1ctica Complementaria para compartir g\u00e9neros musicales como la salsa\",\"breadcrumb\":{\"@id\":\"https:\\\/\\\/www.uartes.edu.ec\\\/sitio\\\/blog\\\/2024\\\/07\\\/30\\\/alumnus-khrystel-ortiz-y-la-practica-complementaria-para-aprender-y-compartir-nuevos-generos-musicales\\\/#breadcrumb\"},\"inLanguage\":\"es\",\"potentialAction\":[{\"@type\":\"ReadAction\",\"target\":[\"https:\\\/\\\/www.uartes.edu.ec\\\/sitio\\\/blog\\\/2024\\\/07\\\/30\\\/alumnus-khrystel-ortiz-y-la-practica-complementaria-para-aprender-y-compartir-nuevos-generos-musicales\\\/\"]}]},{\"@type\":\"ImageObject\",\"inLanguage\":\"es\",\"@id\":\"https:\\\/\\\/www.uartes.edu.ec\\\/sitio\\\/blog\\\/2024\\\/07\\\/30\\\/alumnus-khrystel-ortiz-y-la-practica-complementaria-para-aprender-y-compartir-nuevos-generos-musicales\\\/#primaryimage\",\"url\":\"https:\\\/\\\/www.uartes.edu.ec\\\/sitio\\\/wp-content\\\/uploads\\\/2024\\\/07\\\/02-Krhistel-Ortiz.jpg\",\"contentUrl\":\"https:\\\/\\\/www.uartes.edu.ec\\\/sitio\\\/wp-content\\\/uploads\\\/2024\\\/07\\\/02-Krhistel-Ortiz.jpg\",\"width\":2000,\"height\":1333},{\"@type\":\"BreadcrumbList\",\"@id\":\"https:\\\/\\\/www.uartes.edu.ec\\\/sitio\\\/blog\\\/2024\\\/07\\\/30\\\/alumnus-khrystel-ortiz-y-la-practica-complementaria-para-aprender-y-compartir-nuevos-generos-musicales\\\/#breadcrumb\",\"itemListElement\":[{\"@type\":\"ListItem\",\"position\":1,\"name\":\"Inicio\",\"item\":\"https:\\\/\\\/www.uartes.edu.ec\\\/sitio\\\/\"},{\"@type\":\"ListItem\",\"position\":2,\"name\":\"Alumnus Khrystel Ortiz, en la docencia con la Pr\u00e1ctica Complementaria para compartir g\u00e9neros musicales como la salsa\"}]},{\"@type\":\"WebSite\",\"@id\":\"https:\\\/\\\/www.uartes.edu.ec\\\/sitio\\\/#website\",\"url\":\"https:\\\/\\\/www.uartes.edu.ec\\\/sitio\\\/\",\"name\":\"Universidad de las Artes\",\"description\":\"Sitio oficial de la Universidad Nacional de las Artes del Ecuador\",\"publisher\":{\"@id\":\"https:\\\/\\\/www.uartes.edu.ec\\\/sitio\\\/#organization\"},\"potentialAction\":[{\"@type\":\"SearchAction\",\"target\":{\"@type\":\"EntryPoint\",\"urlTemplate\":\"https:\\\/\\\/www.uartes.edu.ec\\\/sitio\\\/?s={search_term_string}\"},\"query-input\":{\"@type\":\"PropertyValueSpecification\",\"valueRequired\":true,\"valueName\":\"search_term_string\"}}],\"inLanguage\":\"es\"},{\"@type\":\"Organization\",\"@id\":\"https:\\\/\\\/www.uartes.edu.ec\\\/sitio\\\/#organization\",\"name\":\"Universidad de las Artes\",\"url\":\"https:\\\/\\\/www.uartes.edu.ec\\\/sitio\\\/\",\"logo\":{\"@type\":\"ImageObject\",\"inLanguage\":\"es\",\"@id\":\"https:\\\/\\\/www.uartes.edu.ec\\\/sitio\\\/#\\\/schema\\\/logo\\\/image\\\/\",\"url\":\"https:\\\/\\\/www.uartes.edu.ec\\\/sitio\\\/wp-content\\\/uploads\\\/2022\\\/07\\\/logo-ua-horizontal.png\",\"contentUrl\":\"https:\\\/\\\/www.uartes.edu.ec\\\/sitio\\\/wp-content\\\/uploads\\\/2022\\\/07\\\/logo-ua-horizontal.png\",\"width\":800,\"height\":276,\"caption\":\"Universidad de las Artes\"},\"image\":{\"@id\":\"https:\\\/\\\/www.uartes.edu.ec\\\/sitio\\\/#\\\/schema\\\/logo\\\/image\\\/\"},\"sameAs\":[\"https:\\\/\\\/www.facebook.com\\\/uartesec\",\"https:\\\/\\\/x.com\\\/uartesec\",\"https:\\\/\\\/www.tiktok.com\\\/@uartesec\"]},{\"@type\":\"Person\",\"@id\":\"https:\\\/\\\/www.uartes.edu.ec\\\/sitio\\\/#\\\/schema\\\/person\\\/efa1b8275797664fd7f13a79ccc0b1f4\",\"name\":\"ccortez\",\"image\":{\"@type\":\"ImageObject\",\"inLanguage\":\"es\",\"@id\":\"https:\\\/\\\/secure.gravatar.com\\\/avatar\\\/b2a6f664a3ae8e074346ef91775736c5ec479e637ecced6842de9dc98b5da9cd?s=96&d=mm&r=g\",\"url\":\"https:\\\/\\\/secure.gravatar.com\\\/avatar\\\/b2a6f664a3ae8e074346ef91775736c5ec479e637ecced6842de9dc98b5da9cd?s=96&d=mm&r=g\",\"contentUrl\":\"https:\\\/\\\/secure.gravatar.com\\\/avatar\\\/b2a6f664a3ae8e074346ef91775736c5ec479e637ecced6842de9dc98b5da9cd?s=96&d=mm&r=g\",\"caption\":\"ccortez\"},\"url\":\"https:\\\/\\\/www.uartes.edu.ec\\\/sitio\\\/blog\\\/author\\\/ccortez\\\/\"}]}<\/script>\n<!-- \/ Yoast SEO plugin. -->","yoast_head_json":{"title":"Universidad de las Artes - Alumnus Khrystel Ortiz, en la docencia con la Pr\u00e1ctica Complementaria para compartir g\u00e9neros musicales como la salsa","description":"Universidad de las Artes - Alumnus Khrystel Ortiz, en la docencia con la Pr\u00e1ctica Complementaria para compartir g\u00e9neros musicales como la salsa","robots":{"index":"index","follow":"follow","max-snippet":"max-snippet:-1","max-image-preview":"max-image-preview:large","max-video-preview":"max-video-preview:-1"},"canonical":"https:\/\/www.uartes.edu.ec\/sitio\/blog\/2024\/07\/30\/alumnus-khrystel-ortiz-y-la-practica-complementaria-para-aprender-y-compartir-nuevos-generos-musicales\/","og_locale":"es_ES","og_type":"article","og_title":"Universidad de las Artes - Alumnus Khrystel Ortiz, en la docencia con la Pr\u00e1ctica Complementaria para compartir g\u00e9neros musicales como la salsa","og_description":"Universidad de las Artes - Alumnus Khrystel Ortiz, en la docencia con la Pr\u00e1ctica Complementaria para compartir g\u00e9neros musicales como la salsa","og_url":"https:\/\/www.uartes.edu.ec\/sitio\/blog\/2024\/07\/30\/alumnus-khrystel-ortiz-y-la-practica-complementaria-para-aprender-y-compartir-nuevos-generos-musicales\/","og_site_name":"Universidad de las Artes","article_publisher":"https:\/\/www.facebook.com\/uartesec","article_published_time":"2024-07-30T14:37:00+00:00","article_modified_time":"2024-08-03T00:08:21+00:00","og_image":[{"width":2000,"height":1333,"url":"https:\/\/www.uartes.edu.ec\/sitio\/wp-content\/uploads\/2024\/07\/02-Krhistel-Ortiz.jpg","type":"image\/jpeg"}],"author":"ccortez","twitter_card":"summary_large_image","twitter_creator":"@uartesec","twitter_site":"@uartesec","twitter_misc":{"Escrito por":"ccortez","Tiempo de lectura":"5 minutos"},"schema":{"@context":"https:\/\/schema.org","@graph":[{"@type":"Article","@id":"https:\/\/www.uartes.edu.ec\/sitio\/blog\/2024\/07\/30\/alumnus-khrystel-ortiz-y-la-practica-complementaria-para-aprender-y-compartir-nuevos-generos-musicales\/#article","isPartOf":{"@id":"https:\/\/www.uartes.edu.ec\/sitio\/blog\/2024\/07\/30\/alumnus-khrystel-ortiz-y-la-practica-complementaria-para-aprender-y-compartir-nuevos-generos-musicales\/"},"author":{"name":"ccortez","@id":"https:\/\/www.uartes.edu.ec\/sitio\/#\/schema\/person\/efa1b8275797664fd7f13a79ccc0b1f4"},"headline":"Alumnus Khrystel Ortiz, en la docencia con la Pr\u00e1ctica Complementaria para compartir g\u00e9neros musicales como la salsa","datePublished":"2024-07-30T14:37:00+00:00","dateModified":"2024-08-03T00:08:21+00:00","mainEntityOfPage":{"@id":"https:\/\/www.uartes.edu.ec\/sitio\/blog\/2024\/07\/30\/alumnus-khrystel-ortiz-y-la-practica-complementaria-para-aprender-y-compartir-nuevos-generos-musicales\/"},"wordCount":880,"commentCount":0,"publisher":{"@id":"https:\/\/www.uartes.edu.ec\/sitio\/#organization"},"image":{"@id":"https:\/\/www.uartes.edu.ec\/sitio\/blog\/2024\/07\/30\/alumnus-khrystel-ortiz-y-la-practica-complementaria-para-aprender-y-compartir-nuevos-generos-musicales\/#primaryimage"},"thumbnailUrl":"https:\/\/www.uartes.edu.ec\/sitio\/wp-content\/uploads\/2024\/07\/02-Krhistel-Ortiz.jpg","keywords":["c\u00e1tedra"],"articleSection":["Acad\u00e9mico","Artes","Artes Esc\u00e9nicas","Docentes","Investigaci\u00f3n","Sedes"],"inLanguage":"es","potentialAction":[{"@type":"CommentAction","name":"Comment","target":["https:\/\/www.uartes.edu.ec\/sitio\/blog\/2024\/07\/30\/alumnus-khrystel-ortiz-y-la-practica-complementaria-para-aprender-y-compartir-nuevos-generos-musicales\/#respond"]}]},{"@type":["WebPage","ItemPage"],"@id":"https:\/\/www.uartes.edu.ec\/sitio\/blog\/2024\/07\/30\/alumnus-khrystel-ortiz-y-la-practica-complementaria-para-aprender-y-compartir-nuevos-generos-musicales\/","url":"https:\/\/www.uartes.edu.ec\/sitio\/blog\/2024\/07\/30\/alumnus-khrystel-ortiz-y-la-practica-complementaria-para-aprender-y-compartir-nuevos-generos-musicales\/","name":"Universidad de las Artes - Alumnus Khrystel Ortiz, en la docencia con la Pr\u00e1ctica Complementaria para compartir g\u00e9neros musicales como la salsa","isPartOf":{"@id":"https:\/\/www.uartes.edu.ec\/sitio\/#website"},"primaryImageOfPage":{"@id":"https:\/\/www.uartes.edu.ec\/sitio\/blog\/2024\/07\/30\/alumnus-khrystel-ortiz-y-la-practica-complementaria-para-aprender-y-compartir-nuevos-generos-musicales\/#primaryimage"},"image":{"@id":"https:\/\/www.uartes.edu.ec\/sitio\/blog\/2024\/07\/30\/alumnus-khrystel-ortiz-y-la-practica-complementaria-para-aprender-y-compartir-nuevos-generos-musicales\/#primaryimage"},"thumbnailUrl":"https:\/\/www.uartes.edu.ec\/sitio\/wp-content\/uploads\/2024\/07\/02-Krhistel-Ortiz.jpg","datePublished":"2024-07-30T14:37:00+00:00","dateModified":"2024-08-03T00:08:21+00:00","description":"Universidad de las Artes - Alumnus Khrystel Ortiz, en la docencia con la Pr\u00e1ctica Complementaria para compartir g\u00e9neros musicales como la salsa","breadcrumb":{"@id":"https:\/\/www.uartes.edu.ec\/sitio\/blog\/2024\/07\/30\/alumnus-khrystel-ortiz-y-la-practica-complementaria-para-aprender-y-compartir-nuevos-generos-musicales\/#breadcrumb"},"inLanguage":"es","potentialAction":[{"@type":"ReadAction","target":["https:\/\/www.uartes.edu.ec\/sitio\/blog\/2024\/07\/30\/alumnus-khrystel-ortiz-y-la-practica-complementaria-para-aprender-y-compartir-nuevos-generos-musicales\/"]}]},{"@type":"ImageObject","inLanguage":"es","@id":"https:\/\/www.uartes.edu.ec\/sitio\/blog\/2024\/07\/30\/alumnus-khrystel-ortiz-y-la-practica-complementaria-para-aprender-y-compartir-nuevos-generos-musicales\/#primaryimage","url":"https:\/\/www.uartes.edu.ec\/sitio\/wp-content\/uploads\/2024\/07\/02-Krhistel-Ortiz.jpg","contentUrl":"https:\/\/www.uartes.edu.ec\/sitio\/wp-content\/uploads\/2024\/07\/02-Krhistel-Ortiz.jpg","width":2000,"height":1333},{"@type":"BreadcrumbList","@id":"https:\/\/www.uartes.edu.ec\/sitio\/blog\/2024\/07\/30\/alumnus-khrystel-ortiz-y-la-practica-complementaria-para-aprender-y-compartir-nuevos-generos-musicales\/#breadcrumb","itemListElement":[{"@type":"ListItem","position":1,"name":"Inicio","item":"https:\/\/www.uartes.edu.ec\/sitio\/"},{"@type":"ListItem","position":2,"name":"Alumnus Khrystel Ortiz, en la docencia con la Pr\u00e1ctica Complementaria para compartir g\u00e9neros musicales como la salsa"}]},{"@type":"WebSite","@id":"https:\/\/www.uartes.edu.ec\/sitio\/#website","url":"https:\/\/www.uartes.edu.ec\/sitio\/","name":"Universidad de las Artes","description":"Sitio oficial de la Universidad Nacional de las Artes del Ecuador","publisher":{"@id":"https:\/\/www.uartes.edu.ec\/sitio\/#organization"},"potentialAction":[{"@type":"SearchAction","target":{"@type":"EntryPoint","urlTemplate":"https:\/\/www.uartes.edu.ec\/sitio\/?s={search_term_string}"},"query-input":{"@type":"PropertyValueSpecification","valueRequired":true,"valueName":"search_term_string"}}],"inLanguage":"es"},{"@type":"Organization","@id":"https:\/\/www.uartes.edu.ec\/sitio\/#organization","name":"Universidad de las Artes","url":"https:\/\/www.uartes.edu.ec\/sitio\/","logo":{"@type":"ImageObject","inLanguage":"es","@id":"https:\/\/www.uartes.edu.ec\/sitio\/#\/schema\/logo\/image\/","url":"https:\/\/www.uartes.edu.ec\/sitio\/wp-content\/uploads\/2022\/07\/logo-ua-horizontal.png","contentUrl":"https:\/\/www.uartes.edu.ec\/sitio\/wp-content\/uploads\/2022\/07\/logo-ua-horizontal.png","width":800,"height":276,"caption":"Universidad de las Artes"},"image":{"@id":"https:\/\/www.uartes.edu.ec\/sitio\/#\/schema\/logo\/image\/"},"sameAs":["https:\/\/www.facebook.com\/uartesec","https:\/\/x.com\/uartesec","https:\/\/www.tiktok.com\/@uartesec"]},{"@type":"Person","@id":"https:\/\/www.uartes.edu.ec\/sitio\/#\/schema\/person\/efa1b8275797664fd7f13a79ccc0b1f4","name":"ccortez","image":{"@type":"ImageObject","inLanguage":"es","@id":"https:\/\/secure.gravatar.com\/avatar\/b2a6f664a3ae8e074346ef91775736c5ec479e637ecced6842de9dc98b5da9cd?s=96&d=mm&r=g","url":"https:\/\/secure.gravatar.com\/avatar\/b2a6f664a3ae8e074346ef91775736c5ec479e637ecced6842de9dc98b5da9cd?s=96&d=mm&r=g","contentUrl":"https:\/\/secure.gravatar.com\/avatar\/b2a6f664a3ae8e074346ef91775736c5ec479e637ecced6842de9dc98b5da9cd?s=96&d=mm&r=g","caption":"ccortez"},"url":"https:\/\/www.uartes.edu.ec\/sitio\/blog\/author\/ccortez\/"}]}},"uagb_featured_image_src":{"full":["https:\/\/www.uartes.edu.ec\/sitio\/wp-content\/uploads\/2024\/07\/02-Krhistel-Ortiz.jpg",2000,1333,false],"thumbnail":["https:\/\/www.uartes.edu.ec\/sitio\/wp-content\/uploads\/2024\/07\/02-Krhistel-Ortiz-150x150.jpg",150,150,true],"medium":["https:\/\/www.uartes.edu.ec\/sitio\/wp-content\/uploads\/2024\/07\/02-Krhistel-Ortiz-300x200.jpg",300,200,true],"medium_large":["https:\/\/www.uartes.edu.ec\/sitio\/wp-content\/uploads\/2024\/07\/02-Krhistel-Ortiz-768x512.jpg",768,512,true],"large":["https:\/\/www.uartes.edu.ec\/sitio\/wp-content\/uploads\/2024\/07\/02-Krhistel-Ortiz-644x429.jpg",644,429,true],"1536x1536":["https:\/\/www.uartes.edu.ec\/sitio\/wp-content\/uploads\/2024\/07\/02-Krhistel-Ortiz-1536x1024.jpg",1536,1024,true],"2048x2048":["https:\/\/www.uartes.edu.ec\/sitio\/wp-content\/uploads\/2024\/07\/02-Krhistel-Ortiz.jpg",2000,1333,false],"trp-custom-language-flag":["https:\/\/www.uartes.edu.ec\/sitio\/wp-content\/uploads\/2024\/07\/02-Krhistel-Ortiz-18x12.jpg",18,12,true],"htmega_size_585x295":["https:\/\/www.uartes.edu.ec\/sitio\/wp-content\/uploads\/2024\/07\/02-Krhistel-Ortiz-585x295.jpg",585,295,true],"htmega_size_1170x536":["https:\/\/www.uartes.edu.ec\/sitio\/wp-content\/uploads\/2024\/07\/02-Krhistel-Ortiz-1170x536.jpg",1170,536,true],"htmega_size_396x360":["https:\/\/www.uartes.edu.ec\/sitio\/wp-content\/uploads\/2024\/07\/02-Krhistel-Ortiz-396x360.jpg",396,360,true],"gb-block-post-grid-landscape":["https:\/\/www.uartes.edu.ec\/sitio\/wp-content\/uploads\/2024\/07\/02-Krhistel-Ortiz.jpg",600,400,false],"gb-block-post-grid-square":["https:\/\/www.uartes.edu.ec\/sitio\/wp-content\/uploads\/2024\/07\/02-Krhistel-Ortiz.jpg",600,400,false],"university-hub-thumb":["https:\/\/www.uartes.edu.ec\/sitio\/wp-content\/uploads\/2024\/07\/02-Krhistel-Ortiz-400x267.jpg",400,267,true]},"uagb_author_info":{"display_name":"ccortez","author_link":"https:\/\/www.uartes.edu.ec\/sitio\/blog\/author\/ccortez\/"},"uagb_comment_info":0,"uagb_excerpt":"Tras ganar la convocatoria Alumni UArtes 2022, Khrystel Ortiz dict\u00f3 en la Biblioteca de las Artes el taller \u201cAl son de salsa y bachata\u201d y debido a la acogida que tuvo al a\u00f1o siguiente dio un segundo taller al que titul\u00f3 \u201cBailando ritmos tropicales\u201d. Ahora nuestra graduada cursa una maestr\u00eda en la UNIR y se&hellip;","featured_image_src":"https:\/\/www.uartes.edu.ec\/sitio\/wp-content\/uploads\/2024\/07\/02-Krhistel-Ortiz.jpg","featured_image_src_square":"https:\/\/www.uartes.edu.ec\/sitio\/wp-content\/uploads\/2024\/07\/02-Krhistel-Ortiz.jpg","author_info":{"display_name":"ccortez","author_link":"https:\/\/www.uartes.edu.ec\/sitio\/blog\/author\/ccortez\/"},"publishpress_future_workflow_manual_trigger":{"enabledWorkflows":[]},"distributor_meta":false,"distributor_terms":false,"distributor_media":false,"distributor_original_site_name":"Universidad de las Artes","distributor_original_site_url":"https:\/\/www.uartes.edu.ec\/sitio","push-errors":false,"_links":{"self":[{"href":"https:\/\/www.uartes.edu.ec\/sitio\/wp-json\/wp\/v2\/posts\/59902","targetHints":{"allow":["GET"]}}],"collection":[{"href":"https:\/\/www.uartes.edu.ec\/sitio\/wp-json\/wp\/v2\/posts"}],"about":[{"href":"https:\/\/www.uartes.edu.ec\/sitio\/wp-json\/wp\/v2\/types\/post"}],"author":[{"embeddable":true,"href":"https:\/\/www.uartes.edu.ec\/sitio\/wp-json\/wp\/v2\/users\/10"}],"replies":[{"embeddable":true,"href":"https:\/\/www.uartes.edu.ec\/sitio\/wp-json\/wp\/v2\/comments?post=59902"}],"version-history":[{"count":9,"href":"https:\/\/www.uartes.edu.ec\/sitio\/wp-json\/wp\/v2\/posts\/59902\/revisions"}],"predecessor-version":[{"id":60181,"href":"https:\/\/www.uartes.edu.ec\/sitio\/wp-json\/wp\/v2\/posts\/59902\/revisions\/60181"}],"wp:featuredmedia":[{"embeddable":true,"href":"https:\/\/www.uartes.edu.ec\/sitio\/wp-json\/wp\/v2\/media\/59903"}],"wp:attachment":[{"href":"https:\/\/www.uartes.edu.ec\/sitio\/wp-json\/wp\/v2\/media?parent=59902"}],"wp:term":[{"taxonomy":"category","embeddable":true,"href":"https:\/\/www.uartes.edu.ec\/sitio\/wp-json\/wp\/v2\/categories?post=59902"},{"taxonomy":"post_tag","embeddable":true,"href":"https:\/\/www.uartes.edu.ec\/sitio\/wp-json\/wp\/v2\/tags?post=59902"},{"taxonomy":"infouartes","embeddable":true,"href":"https:\/\/www.uartes.edu.ec\/sitio\/wp-json\/wp\/v2\/infouartes?post=59902"}],"curies":[{"name":"wp","href":"https:\/\/api.w.org\/{rel}","templated":true}]}}