{"id":60115,"date":"2024-07-31T16:17:00","date_gmt":"2024-07-31T21:17:00","guid":{"rendered":"https:\/\/www.uartes.edu.ec\/sitio\/?p=60115"},"modified":"2024-08-02T15:28:28","modified_gmt":"2024-08-02T20:28:28","slug":"en-lanzamiento-de-la-maestria-en-composicion-musical-y-artes-sonoras-graduados-y-maestrandos-mostraron-tecnicas-innovadoras","status":"publish","type":"post","link":"https:\/\/www.uartes.edu.ec\/sitio\/blog\/2024\/07\/31\/en-lanzamiento-de-la-maestria-en-composicion-musical-y-artes-sonoras-graduados-y-maestrandos-mostraron-tecnicas-innovadoras\/","title":{"rendered":"En el lanzamiento de la maestr\u00eda en Composici\u00f3n Musical y Artes Sonoras"},"content":{"rendered":"\n<p>La Universidad de las Artes y su Escuela de Posgrados dieron inicio el 25 de julio a las postulaciones para la maestr\u00eda en Composici\u00f3n Musical y Artes Sonoras, las cuales se mantendr\u00e1n hasta el 31 de agosto. Un d\u00eda antes de la apertura \u2013el mi\u00e9rcoles 24\u2013, en la Sala de Experimentaci\u00f3n Sonora del MZ14 Centro de Producci\u00f3n e Innovaci\u00f3n UArtes se realiz\u00f3 su lanzamiento, acto en el que participaron maestrandos y graduados de la carrera de cuarto nivel.<\/p>\n\n\n\n<p>Presidieron el acto Cristian Villavicencio, artista, docente y director de la Escuela de Posgrados, y Adina Izarra, coordinadora de la maestr\u00eda en Composici\u00f3n Musical y Artes Sonoras, quienes hicieron \u00e9nfasis de las diferentes narrativas y propuestas art\u00edsticas que plantea el programa de estudios.<\/p>\n\n\n\n<p>En la cita se mostr\u00f3 el resultado final de ese juego entre arte y tecnolog\u00eda que se busca profundizar. Participaron como panelistas los artistas Evelyn Mor\u00e1n, Monserrat Vela, Luli Herrera y Jos\u00e9 Luis Garc\u00eda, quienes con orgullo dieron a conocer sus obras y manifestaron su predisposici\u00f3n al momento de responder preguntas, aclarar dudas o simplemente exponer el trasfondo de sus creaciones.<\/p>\n\n\n<div class=\"wp-block-image\">\n<figure class=\"aligncenter size-large\"><img fetchpriority=\"high\" decoding=\"async\" width=\"644\" height=\"429\" src=\"https:\/\/www.uartes.edu.ec\/sitio\/wp-content\/uploads\/2024\/08\/02-LANZAMIENTO-MCMAS-644x429.jpg\" alt=\"\" class=\"wp-image-60117\" srcset=\"https:\/\/www.uartes.edu.ec\/sitio\/wp-content\/uploads\/2024\/08\/02-LANZAMIENTO-MCMAS-644x429.jpg 644w, https:\/\/www.uartes.edu.ec\/sitio\/wp-content\/uploads\/2024\/08\/02-LANZAMIENTO-MCMAS-300x200.jpg 300w, https:\/\/www.uartes.edu.ec\/sitio\/wp-content\/uploads\/2024\/08\/02-LANZAMIENTO-MCMAS-768x512.jpg 768w, https:\/\/www.uartes.edu.ec\/sitio\/wp-content\/uploads\/2024\/08\/02-LANZAMIENTO-MCMAS-1536x1024.jpg 1536w, https:\/\/www.uartes.edu.ec\/sitio\/wp-content\/uploads\/2024\/08\/02-LANZAMIENTO-MCMAS-18x12.jpg 18w, https:\/\/www.uartes.edu.ec\/sitio\/wp-content\/uploads\/2024\/08\/02-LANZAMIENTO-MCMAS-400x267.jpg 400w, https:\/\/www.uartes.edu.ec\/sitio\/wp-content\/uploads\/2024\/08\/02-LANZAMIENTO-MCMAS-272x182.jpg 272w, https:\/\/www.uartes.edu.ec\/sitio\/wp-content\/uploads\/2024\/08\/02-LANZAMIENTO-MCMAS.jpg 2000w\" sizes=\"(max-width: 644px) 100vw, 644px\" \/><\/figure>\n<\/div>\n\n\n<p>Evelyn Mor\u00e1n present\u00f3 un producto musical basado en un trabajo de investigaci\u00f3n sobre el requinto electr\u00f3nico y voz femenina. Dijo que su obra se basa en un poema escrito por la poetisa ecuatoriana Ixora Zambrano en la d\u00e9cada de los ochenta en el que trata el abuso infantil.<\/p>\n\n\n\n<p>\u201cA veces hacemos de la vista gorda, pero diariamente se denuncian catorce casos de abusos infantiles. En el 2023 se conoce que hubo cincuenta y tres mil casos abiertos de abusos\u201d, refiri\u00f3 Mor\u00e1n a manera de introducci\u00f3n para contextualizar su presentaci\u00f3n musical a la que titul\u00f3 \u201cAullemos al dolor\u201d.<\/p>\n\n\n\n<p>Haciendo uso del requinto, un instrumento de cuerda muy similar a la guitarra, pero afinado con una nota m\u00e1s alta y de menor tama\u00f1o, Mor\u00e1n cant\u00f3 los siguientes versos: \u201cTodos nosotros hemos perdido a una hija, raptada, violada\u2026 El violador es el t\u00edo, el amigo, el hermano o el mismo padre. Los monstruos hechos un monstruo de rencor, acumularon odio, enturbiadas de pornorgraf\u00eda, locura y muerte. Pido la muerte para los pobres monstruos violadores, aunque matarlo no sea la \u00faltima verdad, aunque la \u00faltima verdad sea la paz\u201d.<\/p>\n\n\n<div class=\"wp-block-image\">\n<figure class=\"aligncenter size-large\"><img decoding=\"async\" width=\"644\" height=\"429\" src=\"https:\/\/www.uartes.edu.ec\/sitio\/wp-content\/uploads\/2024\/08\/03-LANZAMIENTO-MCMAS-644x429.jpg\" alt=\"\" class=\"wp-image-60118\" srcset=\"https:\/\/www.uartes.edu.ec\/sitio\/wp-content\/uploads\/2024\/08\/03-LANZAMIENTO-MCMAS-644x429.jpg 644w, https:\/\/www.uartes.edu.ec\/sitio\/wp-content\/uploads\/2024\/08\/03-LANZAMIENTO-MCMAS-300x200.jpg 300w, https:\/\/www.uartes.edu.ec\/sitio\/wp-content\/uploads\/2024\/08\/03-LANZAMIENTO-MCMAS-768x512.jpg 768w, https:\/\/www.uartes.edu.ec\/sitio\/wp-content\/uploads\/2024\/08\/03-LANZAMIENTO-MCMAS-1536x1024.jpg 1536w, https:\/\/www.uartes.edu.ec\/sitio\/wp-content\/uploads\/2024\/08\/03-LANZAMIENTO-MCMAS-18x12.jpg 18w, https:\/\/www.uartes.edu.ec\/sitio\/wp-content\/uploads\/2024\/08\/03-LANZAMIENTO-MCMAS-400x267.jpg 400w, https:\/\/www.uartes.edu.ec\/sitio\/wp-content\/uploads\/2024\/08\/03-LANZAMIENTO-MCMAS-272x182.jpg 272w, https:\/\/www.uartes.edu.ec\/sitio\/wp-content\/uploads\/2024\/08\/03-LANZAMIENTO-MCMAS.jpg 2000w\" sizes=\"(max-width: 644px) 100vw, 644px\" \/><\/figure>\n<\/div>\n\n\n<p>Parte de la composici\u00f3n de esta pieza es comunitaria, es decir, fue una compilaci\u00f3n de voces de mujeres de distintas edades, de distintos sentires. La experiencia fue diferente para esposas, hijas, madres y abuelas que estaban reunidas, pues a cada una le atraves\u00f3 el poema de forma personal y se reflej\u00f3 en la grabaci\u00f3n de sus voces.<\/p>\n\n\n\n<p>Seguidamente y como resultado de la evoluci\u00f3n en est\u00e9ticas, sonoridades y texturas distintas se present\u00f3 el video de Jos\u00e9 Luis Garc\u00eda, quien confes\u00f3 que el objetivo principal era crear una banda sonora para el personaje y la protagonista de su audiovisual. La muestra se fragment\u00f3 en siete escenas: Algos Mortis, Livor Mortis, Rigor Mortis, Destajador, Tensei, Sakura y Kawai. \u201cLa combinaci\u00f3n de m\u00fasica e im\u00e1genes complementarias reafirma el concepto de que no hay vida si no hay muerte\u201d, dijo.<\/p>\n\n\n\n<p>As\u00ed mismo, Monserrat Vela habl\u00f3 de \u201cLa tigra\u201d, obra que titul\u00f3 as\u00ed, revel\u00f3, en honor y referencia al reconocido autor Jos\u00e9 de la Cuadra, la cual se divide en cinco partes, pero para la presentaci\u00f3n solo se plantearon la parte tres y cuatro de la composici\u00f3n original. \u201cLo que yo quer\u00eda hacer era algo as\u00ed como una banda sonora del cuento, pues, as\u00ed como hay bandas sonoras para el cine, \u00bfpor qu\u00e9 no para el cuento?\u201d, propuso.<\/p>\n\n\n<div class=\"wp-block-image\">\n<figure class=\"aligncenter size-large\"><img decoding=\"async\" width=\"644\" height=\"429\" src=\"https:\/\/www.uartes.edu.ec\/sitio\/wp-content\/uploads\/2024\/08\/04-LANZAMIENTO-MCMAS-644x429.jpg\" alt=\"\" class=\"wp-image-60119\" srcset=\"https:\/\/www.uartes.edu.ec\/sitio\/wp-content\/uploads\/2024\/08\/04-LANZAMIENTO-MCMAS-644x429.jpg 644w, https:\/\/www.uartes.edu.ec\/sitio\/wp-content\/uploads\/2024\/08\/04-LANZAMIENTO-MCMAS-300x200.jpg 300w, https:\/\/www.uartes.edu.ec\/sitio\/wp-content\/uploads\/2024\/08\/04-LANZAMIENTO-MCMAS-768x512.jpg 768w, https:\/\/www.uartes.edu.ec\/sitio\/wp-content\/uploads\/2024\/08\/04-LANZAMIENTO-MCMAS-1536x1024.jpg 1536w, https:\/\/www.uartes.edu.ec\/sitio\/wp-content\/uploads\/2024\/08\/04-LANZAMIENTO-MCMAS-18x12.jpg 18w, https:\/\/www.uartes.edu.ec\/sitio\/wp-content\/uploads\/2024\/08\/04-LANZAMIENTO-MCMAS-400x267.jpg 400w, https:\/\/www.uartes.edu.ec\/sitio\/wp-content\/uploads\/2024\/08\/04-LANZAMIENTO-MCMAS-272x182.jpg 272w, https:\/\/www.uartes.edu.ec\/sitio\/wp-content\/uploads\/2024\/08\/04-LANZAMIENTO-MCMAS.jpg 2000w\" sizes=\"(max-width: 644px) 100vw, 644px\" \/><\/figure>\n<\/div>\n\n\n<p>Sin embargo, su imaginaci\u00f3n y creatividad la llev\u00f3 a crear un asunto sonoro de ese universo que expresa el cuento, por lo que escogi\u00f3 cinco escenas claves del relato y para cada una de ellas compuso m\u00fasica. Vela anot\u00f3 que busca hacer una descripci\u00f3n, no solamente de los personajes o situaciones, sino tambi\u00e9n de la interioridad de estos personajes.<\/p>\n\n\n\n<p>El lanzamiento del programa de posgrado en Composici\u00f3n Musical y Artes Sonoras se enfoc\u00f3 en t\u00e9cnicas innovadoras del \u00faltimo siglo, llenas de tecnolog\u00eda que se integran con los estilos propios de los artistas, porque \u2013en palabras de ellos mismos\u2013 fue \u201cun ba\u00f1o de tecnolog\u00eda\u201d.<\/p>\n\n\n\n<h3 class=\"wp-block-heading\">Modalidad del programa y perfiles<\/h3>\n\n\n\n<p>La modalidad de aprendizaje de la maestr\u00eda en Composici\u00f3n Musical y Artes Sonoras es h\u00edbrida. Est\u00e1 dirigida a profesionales con t\u00edtulo de tercer nivel de grado, debidamente registrado por el \u00f3rgano rector de la pol\u00edtica p\u00fablica de educaci\u00f3n superior y con experiencia en creaci\u00f3n musical y artes sonoras, y en caso de que el t\u00edtulo en menci\u00f3n se haya obtenido en el exterior, el postulante deber\u00e1 presentarlo debidamente apostillado o legalizado por v\u00eda consular.<\/p>\n\n\n\n<p>En el perfil de egreso de la maestr\u00eda se indica, entre otros, el dominio de programas de edici\u00f3n y creaci\u00f3n musical para adaptar creaciones a diversos formatos; la composici\u00f3n de m\u00fasica original para diversos formatos; la aplicaci\u00f3n de referentes te\u00f3ricos y conceptuales de m\u00fasica y arte sonoro en la creaci\u00f3n de trabajos de autor\u00eda; curar y gestionar  proyectos musicales, para concierto, grabaci\u00f3n u otra aplicaci\u00f3n art\u00edstica; dise\u00f1ar y ejecutar proyectos musicales, as\u00ed como procesos art\u00edsticos donde la m\u00fasica particip\u00e9 de una forma u otra; y desarrollar investigaciones desde enfoques trans, inter y multidisciplinarios en los diferentes \u00e1mbitos del sistema de la cultura musical, especialmente en el \u00e1rea de la creaci\u00f3n.<\/p>\n\n\n\n<p>Tambi\u00e9n, propiciar y desarrollar encuadres conceptuales epistemol\u00f3gicos y vinculados a las ciencias sociales afines al campo de las artes sonoras; perfeccionar la metodolog\u00eda del trabajo pr\u00e1ctico grupal en sus funciones investigativas, t\u00e9cnicas y comunicativas; relacionar la m\u00fasica como una manifestaci\u00f3n imbricada inexorablemente no solo a otros eventos art\u00edsticos sino tambi\u00e9n a los contextos socioecon\u00f3micos, pol\u00edticos, sociales y culturales en un espacio y tiempo dados; respetar la diversidad cultural, religiosa, de posiciones pol\u00edticas, de g\u00e9nero, sexualidad, as\u00ed como inculcar el aprendizaje dentro de esta pluralidad, as\u00ed como la individualidad creadora tanto de los compositores\/as en su derecho a seleccionar repertorio, estilo y maneras de proyecci\u00f3n.<\/p>\n\n\n\n<p>Texto: Romina Ram\u00edrez, estudiante de la Escuela de Literatura\/Edici\u00f3n: Carmen Cortez, Dircom<\/p>\n","protected":false},"excerpt":{"rendered":"<p>La Universidad de las Artes y su Escuela de Posgrados dieron inicio el 25 de julio a las postulaciones para la maestr\u00eda en Composici\u00f3n Musical y Artes Sonoras, las cuales se mantendr\u00e1n hasta el 31 de agosto. Un d\u00eda antes de la apertura \u2013el mi\u00e9rcoles 24\u2013, en la Sala de Experimentaci\u00f3n Sonora del MZ14 Centro de Producci\u00f3n e Innovaci\u00f3n UArtes se realiz\u00f3 su lanzamiento, acto en el que participaron maestrandos y graduados de la carrera de cuarto nivel.<\/p>\n","protected":false},"author":10,"featured_media":60116,"comment_status":"open","ping_status":"open","sticky":false,"template":"","format":"standard","meta":{"_acf_changed":false,"_uag_custom_page_level_css":"","_monsterinsights_skip_tracking":false,"_monsterinsights_sitenote_active":false,"_monsterinsights_sitenote_note":"","_monsterinsights_sitenote_category":0,"cybocfi_hide_featured_image":"","footnotes":""},"categories":[80,75,76,77,264],"tags":[533],"infouartes":[],"class_list":["post-60115","post","type-post","status-publish","format-standard","has-post-thumbnail","hentry","category-academico","category-docentes","category-estudiantes","category-gestion","category-maestrias","tag-presentacion"],"acf":[],"yoast_head":"<!-- This site is optimized with the Yoast SEO plugin v27.4 - https:\/\/yoast.com\/product\/yoast-seo-wordpress\/ -->\n<title>Universidad de las Artes - En el lanzamiento de la maestr\u00eda en Composici\u00f3n Musical y Artes Sonoras<\/title>\n<meta name=\"description\" content=\"Universidad de las Artes - En el lanzamiento de la maestr\u00eda en Composici\u00f3n Musical y Artes Sonoras\" \/>\n<meta name=\"robots\" content=\"index, follow, max-snippet:-1, max-image-preview:large, max-video-preview:-1\" \/>\n<link rel=\"canonical\" href=\"https:\/\/www.uartes.edu.ec\/sitio\/blog\/2024\/07\/31\/en-lanzamiento-de-la-maestria-en-composicion-musical-y-artes-sonoras-graduados-y-maestrandos-mostraron-tecnicas-innovadoras\/\" \/>\n<meta property=\"og:locale\" content=\"es_ES\" \/>\n<meta property=\"og:type\" content=\"article\" \/>\n<meta property=\"og:title\" content=\"Universidad de las Artes - En el lanzamiento de la maestr\u00eda en Composici\u00f3n Musical y Artes Sonoras\" \/>\n<meta property=\"og:description\" content=\"Universidad de las Artes - En el lanzamiento de la maestr\u00eda en Composici\u00f3n Musical y Artes Sonoras\" \/>\n<meta property=\"og:url\" content=\"https:\/\/www.uartes.edu.ec\/sitio\/blog\/2024\/07\/31\/en-lanzamiento-de-la-maestria-en-composicion-musical-y-artes-sonoras-graduados-y-maestrandos-mostraron-tecnicas-innovadoras\/\" \/>\n<meta property=\"og:site_name\" content=\"Universidad de las Artes\" \/>\n<meta property=\"article:publisher\" content=\"https:\/\/www.facebook.com\/uartesec\" \/>\n<meta property=\"article:published_time\" content=\"2024-07-31T21:17:00+00:00\" \/>\n<meta property=\"article:modified_time\" content=\"2024-08-02T20:28:28+00:00\" \/>\n<meta property=\"og:image\" content=\"https:\/\/www.uartes.edu.ec\/sitio\/wp-content\/uploads\/2024\/08\/05-LANZAMIENTO-MCMAS.jpg\" \/>\n\t<meta property=\"og:image:width\" content=\"2000\" \/>\n\t<meta property=\"og:image:height\" content=\"1333\" \/>\n\t<meta property=\"og:image:type\" content=\"image\/jpeg\" \/>\n<meta name=\"author\" content=\"ccortez\" \/>\n<meta name=\"twitter:card\" content=\"summary_large_image\" \/>\n<meta name=\"twitter:creator\" content=\"@uartesec\" \/>\n<meta name=\"twitter:site\" content=\"@uartesec\" \/>\n<meta name=\"twitter:label1\" content=\"Escrito por\" \/>\n\t<meta name=\"twitter:data1\" content=\"ccortez\" \/>\n\t<meta name=\"twitter:label2\" content=\"Tiempo de lectura\" \/>\n\t<meta name=\"twitter:data2\" content=\"6 minutos\" \/>\n<script type=\"application\/ld+json\" class=\"yoast-schema-graph\">{\"@context\":\"https:\\\/\\\/schema.org\",\"@graph\":[{\"@type\":\"Article\",\"@id\":\"https:\\\/\\\/www.uartes.edu.ec\\\/sitio\\\/blog\\\/2024\\\/07\\\/31\\\/en-lanzamiento-de-la-maestria-en-composicion-musical-y-artes-sonoras-graduados-y-maestrandos-mostraron-tecnicas-innovadoras\\\/#article\",\"isPartOf\":{\"@id\":\"https:\\\/\\\/www.uartes.edu.ec\\\/sitio\\\/blog\\\/2024\\\/07\\\/31\\\/en-lanzamiento-de-la-maestria-en-composicion-musical-y-artes-sonoras-graduados-y-maestrandos-mostraron-tecnicas-innovadoras\\\/\"},\"author\":{\"name\":\"ccortez\",\"@id\":\"https:\\\/\\\/www.uartes.edu.ec\\\/sitio\\\/#\\\/schema\\\/person\\\/efa1b8275797664fd7f13a79ccc0b1f4\"},\"headline\":\"En el lanzamiento de la maestr\u00eda en Composici\u00f3n Musical y Artes Sonoras\",\"datePublished\":\"2024-07-31T21:17:00+00:00\",\"dateModified\":\"2024-08-02T20:28:28+00:00\",\"mainEntityOfPage\":{\"@id\":\"https:\\\/\\\/www.uartes.edu.ec\\\/sitio\\\/blog\\\/2024\\\/07\\\/31\\\/en-lanzamiento-de-la-maestria-en-composicion-musical-y-artes-sonoras-graduados-y-maestrandos-mostraron-tecnicas-innovadoras\\\/\"},\"wordCount\":1092,\"commentCount\":0,\"publisher\":{\"@id\":\"https:\\\/\\\/www.uartes.edu.ec\\\/sitio\\\/#organization\"},\"image\":{\"@id\":\"https:\\\/\\\/www.uartes.edu.ec\\\/sitio\\\/blog\\\/2024\\\/07\\\/31\\\/en-lanzamiento-de-la-maestria-en-composicion-musical-y-artes-sonoras-graduados-y-maestrandos-mostraron-tecnicas-innovadoras\\\/#primaryimage\"},\"thumbnailUrl\":\"https:\\\/\\\/www.uartes.edu.ec\\\/sitio\\\/wp-content\\\/uploads\\\/2024\\\/08\\\/05-LANZAMIENTO-MCMAS.jpg\",\"keywords\":[\"presentaci\u00f3n\"],\"articleSection\":[\"Acad\u00e9mico\",\"Docentes\",\"Estudiantes\",\"Gesti\u00f3n\",\"Maestr\u00edas\"],\"inLanguage\":\"es\",\"potentialAction\":[{\"@type\":\"CommentAction\",\"name\":\"Comment\",\"target\":[\"https:\\\/\\\/www.uartes.edu.ec\\\/sitio\\\/blog\\\/2024\\\/07\\\/31\\\/en-lanzamiento-de-la-maestria-en-composicion-musical-y-artes-sonoras-graduados-y-maestrandos-mostraron-tecnicas-innovadoras\\\/#respond\"]}]},{\"@type\":[\"WebPage\",\"ItemPage\"],\"@id\":\"https:\\\/\\\/www.uartes.edu.ec\\\/sitio\\\/blog\\\/2024\\\/07\\\/31\\\/en-lanzamiento-de-la-maestria-en-composicion-musical-y-artes-sonoras-graduados-y-maestrandos-mostraron-tecnicas-innovadoras\\\/\",\"url\":\"https:\\\/\\\/www.uartes.edu.ec\\\/sitio\\\/blog\\\/2024\\\/07\\\/31\\\/en-lanzamiento-de-la-maestria-en-composicion-musical-y-artes-sonoras-graduados-y-maestrandos-mostraron-tecnicas-innovadoras\\\/\",\"name\":\"Universidad de las Artes - En el lanzamiento de la maestr\u00eda en Composici\u00f3n Musical y Artes Sonoras\",\"isPartOf\":{\"@id\":\"https:\\\/\\\/www.uartes.edu.ec\\\/sitio\\\/#website\"},\"primaryImageOfPage\":{\"@id\":\"https:\\\/\\\/www.uartes.edu.ec\\\/sitio\\\/blog\\\/2024\\\/07\\\/31\\\/en-lanzamiento-de-la-maestria-en-composicion-musical-y-artes-sonoras-graduados-y-maestrandos-mostraron-tecnicas-innovadoras\\\/#primaryimage\"},\"image\":{\"@id\":\"https:\\\/\\\/www.uartes.edu.ec\\\/sitio\\\/blog\\\/2024\\\/07\\\/31\\\/en-lanzamiento-de-la-maestria-en-composicion-musical-y-artes-sonoras-graduados-y-maestrandos-mostraron-tecnicas-innovadoras\\\/#primaryimage\"},\"thumbnailUrl\":\"https:\\\/\\\/www.uartes.edu.ec\\\/sitio\\\/wp-content\\\/uploads\\\/2024\\\/08\\\/05-LANZAMIENTO-MCMAS.jpg\",\"datePublished\":\"2024-07-31T21:17:00+00:00\",\"dateModified\":\"2024-08-02T20:28:28+00:00\",\"description\":\"Universidad de las Artes - En el lanzamiento de la maestr\u00eda en Composici\u00f3n Musical y Artes Sonoras\",\"breadcrumb\":{\"@id\":\"https:\\\/\\\/www.uartes.edu.ec\\\/sitio\\\/blog\\\/2024\\\/07\\\/31\\\/en-lanzamiento-de-la-maestria-en-composicion-musical-y-artes-sonoras-graduados-y-maestrandos-mostraron-tecnicas-innovadoras\\\/#breadcrumb\"},\"inLanguage\":\"es\",\"potentialAction\":[{\"@type\":\"ReadAction\",\"target\":[\"https:\\\/\\\/www.uartes.edu.ec\\\/sitio\\\/blog\\\/2024\\\/07\\\/31\\\/en-lanzamiento-de-la-maestria-en-composicion-musical-y-artes-sonoras-graduados-y-maestrandos-mostraron-tecnicas-innovadoras\\\/\"]}]},{\"@type\":\"ImageObject\",\"inLanguage\":\"es\",\"@id\":\"https:\\\/\\\/www.uartes.edu.ec\\\/sitio\\\/blog\\\/2024\\\/07\\\/31\\\/en-lanzamiento-de-la-maestria-en-composicion-musical-y-artes-sonoras-graduados-y-maestrandos-mostraron-tecnicas-innovadoras\\\/#primaryimage\",\"url\":\"https:\\\/\\\/www.uartes.edu.ec\\\/sitio\\\/wp-content\\\/uploads\\\/2024\\\/08\\\/05-LANZAMIENTO-MCMAS.jpg\",\"contentUrl\":\"https:\\\/\\\/www.uartes.edu.ec\\\/sitio\\\/wp-content\\\/uploads\\\/2024\\\/08\\\/05-LANZAMIENTO-MCMAS.jpg\",\"width\":2000,\"height\":1333},{\"@type\":\"BreadcrumbList\",\"@id\":\"https:\\\/\\\/www.uartes.edu.ec\\\/sitio\\\/blog\\\/2024\\\/07\\\/31\\\/en-lanzamiento-de-la-maestria-en-composicion-musical-y-artes-sonoras-graduados-y-maestrandos-mostraron-tecnicas-innovadoras\\\/#breadcrumb\",\"itemListElement\":[{\"@type\":\"ListItem\",\"position\":1,\"name\":\"Inicio\",\"item\":\"https:\\\/\\\/www.uartes.edu.ec\\\/sitio\\\/\"},{\"@type\":\"ListItem\",\"position\":2,\"name\":\"En el lanzamiento de la maestr\u00eda en Composici\u00f3n Musical y Artes Sonoras\"}]},{\"@type\":\"WebSite\",\"@id\":\"https:\\\/\\\/www.uartes.edu.ec\\\/sitio\\\/#website\",\"url\":\"https:\\\/\\\/www.uartes.edu.ec\\\/sitio\\\/\",\"name\":\"Universidad de las Artes\",\"description\":\"Sitio oficial de la Universidad Nacional de las Artes del Ecuador\",\"publisher\":{\"@id\":\"https:\\\/\\\/www.uartes.edu.ec\\\/sitio\\\/#organization\"},\"potentialAction\":[{\"@type\":\"SearchAction\",\"target\":{\"@type\":\"EntryPoint\",\"urlTemplate\":\"https:\\\/\\\/www.uartes.edu.ec\\\/sitio\\\/?s={search_term_string}\"},\"query-input\":{\"@type\":\"PropertyValueSpecification\",\"valueRequired\":true,\"valueName\":\"search_term_string\"}}],\"inLanguage\":\"es\"},{\"@type\":\"Organization\",\"@id\":\"https:\\\/\\\/www.uartes.edu.ec\\\/sitio\\\/#organization\",\"name\":\"Universidad de las Artes\",\"url\":\"https:\\\/\\\/www.uartes.edu.ec\\\/sitio\\\/\",\"logo\":{\"@type\":\"ImageObject\",\"inLanguage\":\"es\",\"@id\":\"https:\\\/\\\/www.uartes.edu.ec\\\/sitio\\\/#\\\/schema\\\/logo\\\/image\\\/\",\"url\":\"https:\\\/\\\/www.uartes.edu.ec\\\/sitio\\\/wp-content\\\/uploads\\\/2022\\\/07\\\/logo-ua-horizontal.png\",\"contentUrl\":\"https:\\\/\\\/www.uartes.edu.ec\\\/sitio\\\/wp-content\\\/uploads\\\/2022\\\/07\\\/logo-ua-horizontal.png\",\"width\":800,\"height\":276,\"caption\":\"Universidad de las Artes\"},\"image\":{\"@id\":\"https:\\\/\\\/www.uartes.edu.ec\\\/sitio\\\/#\\\/schema\\\/logo\\\/image\\\/\"},\"sameAs\":[\"https:\\\/\\\/www.facebook.com\\\/uartesec\",\"https:\\\/\\\/x.com\\\/uartesec\",\"https:\\\/\\\/www.tiktok.com\\\/@uartesec\"]},{\"@type\":\"Person\",\"@id\":\"https:\\\/\\\/www.uartes.edu.ec\\\/sitio\\\/#\\\/schema\\\/person\\\/efa1b8275797664fd7f13a79ccc0b1f4\",\"name\":\"ccortez\",\"image\":{\"@type\":\"ImageObject\",\"inLanguage\":\"es\",\"@id\":\"https:\\\/\\\/secure.gravatar.com\\\/avatar\\\/b2a6f664a3ae8e074346ef91775736c5ec479e637ecced6842de9dc98b5da9cd?s=96&d=mm&r=g\",\"url\":\"https:\\\/\\\/secure.gravatar.com\\\/avatar\\\/b2a6f664a3ae8e074346ef91775736c5ec479e637ecced6842de9dc98b5da9cd?s=96&d=mm&r=g\",\"contentUrl\":\"https:\\\/\\\/secure.gravatar.com\\\/avatar\\\/b2a6f664a3ae8e074346ef91775736c5ec479e637ecced6842de9dc98b5da9cd?s=96&d=mm&r=g\",\"caption\":\"ccortez\"},\"url\":\"https:\\\/\\\/www.uartes.edu.ec\\\/sitio\\\/blog\\\/author\\\/ccortez\\\/\"}]}<\/script>\n<!-- \/ Yoast SEO plugin. -->","yoast_head_json":{"title":"Universidad de las Artes - En el lanzamiento de la maestr\u00eda en Composici\u00f3n Musical y Artes Sonoras","description":"Universidad de las Artes - En el lanzamiento de la maestr\u00eda en Composici\u00f3n Musical y Artes Sonoras","robots":{"index":"index","follow":"follow","max-snippet":"max-snippet:-1","max-image-preview":"max-image-preview:large","max-video-preview":"max-video-preview:-1"},"canonical":"https:\/\/www.uartes.edu.ec\/sitio\/blog\/2024\/07\/31\/en-lanzamiento-de-la-maestria-en-composicion-musical-y-artes-sonoras-graduados-y-maestrandos-mostraron-tecnicas-innovadoras\/","og_locale":"es_ES","og_type":"article","og_title":"Universidad de las Artes - En el lanzamiento de la maestr\u00eda en Composici\u00f3n Musical y Artes Sonoras","og_description":"Universidad de las Artes - En el lanzamiento de la maestr\u00eda en Composici\u00f3n Musical y Artes Sonoras","og_url":"https:\/\/www.uartes.edu.ec\/sitio\/blog\/2024\/07\/31\/en-lanzamiento-de-la-maestria-en-composicion-musical-y-artes-sonoras-graduados-y-maestrandos-mostraron-tecnicas-innovadoras\/","og_site_name":"Universidad de las Artes","article_publisher":"https:\/\/www.facebook.com\/uartesec","article_published_time":"2024-07-31T21:17:00+00:00","article_modified_time":"2024-08-02T20:28:28+00:00","og_image":[{"width":2000,"height":1333,"url":"https:\/\/www.uartes.edu.ec\/sitio\/wp-content\/uploads\/2024\/08\/05-LANZAMIENTO-MCMAS.jpg","type":"image\/jpeg"}],"author":"ccortez","twitter_card":"summary_large_image","twitter_creator":"@uartesec","twitter_site":"@uartesec","twitter_misc":{"Escrito por":"ccortez","Tiempo de lectura":"6 minutos"},"schema":{"@context":"https:\/\/schema.org","@graph":[{"@type":"Article","@id":"https:\/\/www.uartes.edu.ec\/sitio\/blog\/2024\/07\/31\/en-lanzamiento-de-la-maestria-en-composicion-musical-y-artes-sonoras-graduados-y-maestrandos-mostraron-tecnicas-innovadoras\/#article","isPartOf":{"@id":"https:\/\/www.uartes.edu.ec\/sitio\/blog\/2024\/07\/31\/en-lanzamiento-de-la-maestria-en-composicion-musical-y-artes-sonoras-graduados-y-maestrandos-mostraron-tecnicas-innovadoras\/"},"author":{"name":"ccortez","@id":"https:\/\/www.uartes.edu.ec\/sitio\/#\/schema\/person\/efa1b8275797664fd7f13a79ccc0b1f4"},"headline":"En el lanzamiento de la maestr\u00eda en Composici\u00f3n Musical y Artes Sonoras","datePublished":"2024-07-31T21:17:00+00:00","dateModified":"2024-08-02T20:28:28+00:00","mainEntityOfPage":{"@id":"https:\/\/www.uartes.edu.ec\/sitio\/blog\/2024\/07\/31\/en-lanzamiento-de-la-maestria-en-composicion-musical-y-artes-sonoras-graduados-y-maestrandos-mostraron-tecnicas-innovadoras\/"},"wordCount":1092,"commentCount":0,"publisher":{"@id":"https:\/\/www.uartes.edu.ec\/sitio\/#organization"},"image":{"@id":"https:\/\/www.uartes.edu.ec\/sitio\/blog\/2024\/07\/31\/en-lanzamiento-de-la-maestria-en-composicion-musical-y-artes-sonoras-graduados-y-maestrandos-mostraron-tecnicas-innovadoras\/#primaryimage"},"thumbnailUrl":"https:\/\/www.uartes.edu.ec\/sitio\/wp-content\/uploads\/2024\/08\/05-LANZAMIENTO-MCMAS.jpg","keywords":["presentaci\u00f3n"],"articleSection":["Acad\u00e9mico","Docentes","Estudiantes","Gesti\u00f3n","Maestr\u00edas"],"inLanguage":"es","potentialAction":[{"@type":"CommentAction","name":"Comment","target":["https:\/\/www.uartes.edu.ec\/sitio\/blog\/2024\/07\/31\/en-lanzamiento-de-la-maestria-en-composicion-musical-y-artes-sonoras-graduados-y-maestrandos-mostraron-tecnicas-innovadoras\/#respond"]}]},{"@type":["WebPage","ItemPage"],"@id":"https:\/\/www.uartes.edu.ec\/sitio\/blog\/2024\/07\/31\/en-lanzamiento-de-la-maestria-en-composicion-musical-y-artes-sonoras-graduados-y-maestrandos-mostraron-tecnicas-innovadoras\/","url":"https:\/\/www.uartes.edu.ec\/sitio\/blog\/2024\/07\/31\/en-lanzamiento-de-la-maestria-en-composicion-musical-y-artes-sonoras-graduados-y-maestrandos-mostraron-tecnicas-innovadoras\/","name":"Universidad de las Artes - En el lanzamiento de la maestr\u00eda en Composici\u00f3n Musical y Artes Sonoras","isPartOf":{"@id":"https:\/\/www.uartes.edu.ec\/sitio\/#website"},"primaryImageOfPage":{"@id":"https:\/\/www.uartes.edu.ec\/sitio\/blog\/2024\/07\/31\/en-lanzamiento-de-la-maestria-en-composicion-musical-y-artes-sonoras-graduados-y-maestrandos-mostraron-tecnicas-innovadoras\/#primaryimage"},"image":{"@id":"https:\/\/www.uartes.edu.ec\/sitio\/blog\/2024\/07\/31\/en-lanzamiento-de-la-maestria-en-composicion-musical-y-artes-sonoras-graduados-y-maestrandos-mostraron-tecnicas-innovadoras\/#primaryimage"},"thumbnailUrl":"https:\/\/www.uartes.edu.ec\/sitio\/wp-content\/uploads\/2024\/08\/05-LANZAMIENTO-MCMAS.jpg","datePublished":"2024-07-31T21:17:00+00:00","dateModified":"2024-08-02T20:28:28+00:00","description":"Universidad de las Artes - En el lanzamiento de la maestr\u00eda en Composici\u00f3n Musical y Artes Sonoras","breadcrumb":{"@id":"https:\/\/www.uartes.edu.ec\/sitio\/blog\/2024\/07\/31\/en-lanzamiento-de-la-maestria-en-composicion-musical-y-artes-sonoras-graduados-y-maestrandos-mostraron-tecnicas-innovadoras\/#breadcrumb"},"inLanguage":"es","potentialAction":[{"@type":"ReadAction","target":["https:\/\/www.uartes.edu.ec\/sitio\/blog\/2024\/07\/31\/en-lanzamiento-de-la-maestria-en-composicion-musical-y-artes-sonoras-graduados-y-maestrandos-mostraron-tecnicas-innovadoras\/"]}]},{"@type":"ImageObject","inLanguage":"es","@id":"https:\/\/www.uartes.edu.ec\/sitio\/blog\/2024\/07\/31\/en-lanzamiento-de-la-maestria-en-composicion-musical-y-artes-sonoras-graduados-y-maestrandos-mostraron-tecnicas-innovadoras\/#primaryimage","url":"https:\/\/www.uartes.edu.ec\/sitio\/wp-content\/uploads\/2024\/08\/05-LANZAMIENTO-MCMAS.jpg","contentUrl":"https:\/\/www.uartes.edu.ec\/sitio\/wp-content\/uploads\/2024\/08\/05-LANZAMIENTO-MCMAS.jpg","width":2000,"height":1333},{"@type":"BreadcrumbList","@id":"https:\/\/www.uartes.edu.ec\/sitio\/blog\/2024\/07\/31\/en-lanzamiento-de-la-maestria-en-composicion-musical-y-artes-sonoras-graduados-y-maestrandos-mostraron-tecnicas-innovadoras\/#breadcrumb","itemListElement":[{"@type":"ListItem","position":1,"name":"Inicio","item":"https:\/\/www.uartes.edu.ec\/sitio\/"},{"@type":"ListItem","position":2,"name":"En el lanzamiento de la maestr\u00eda en Composici\u00f3n Musical y Artes Sonoras"}]},{"@type":"WebSite","@id":"https:\/\/www.uartes.edu.ec\/sitio\/#website","url":"https:\/\/www.uartes.edu.ec\/sitio\/","name":"Universidad de las Artes","description":"Sitio oficial de la Universidad Nacional de las Artes del Ecuador","publisher":{"@id":"https:\/\/www.uartes.edu.ec\/sitio\/#organization"},"potentialAction":[{"@type":"SearchAction","target":{"@type":"EntryPoint","urlTemplate":"https:\/\/www.uartes.edu.ec\/sitio\/?s={search_term_string}"},"query-input":{"@type":"PropertyValueSpecification","valueRequired":true,"valueName":"search_term_string"}}],"inLanguage":"es"},{"@type":"Organization","@id":"https:\/\/www.uartes.edu.ec\/sitio\/#organization","name":"Universidad de las Artes","url":"https:\/\/www.uartes.edu.ec\/sitio\/","logo":{"@type":"ImageObject","inLanguage":"es","@id":"https:\/\/www.uartes.edu.ec\/sitio\/#\/schema\/logo\/image\/","url":"https:\/\/www.uartes.edu.ec\/sitio\/wp-content\/uploads\/2022\/07\/logo-ua-horizontal.png","contentUrl":"https:\/\/www.uartes.edu.ec\/sitio\/wp-content\/uploads\/2022\/07\/logo-ua-horizontal.png","width":800,"height":276,"caption":"Universidad de las Artes"},"image":{"@id":"https:\/\/www.uartes.edu.ec\/sitio\/#\/schema\/logo\/image\/"},"sameAs":["https:\/\/www.facebook.com\/uartesec","https:\/\/x.com\/uartesec","https:\/\/www.tiktok.com\/@uartesec"]},{"@type":"Person","@id":"https:\/\/www.uartes.edu.ec\/sitio\/#\/schema\/person\/efa1b8275797664fd7f13a79ccc0b1f4","name":"ccortez","image":{"@type":"ImageObject","inLanguage":"es","@id":"https:\/\/secure.gravatar.com\/avatar\/b2a6f664a3ae8e074346ef91775736c5ec479e637ecced6842de9dc98b5da9cd?s=96&d=mm&r=g","url":"https:\/\/secure.gravatar.com\/avatar\/b2a6f664a3ae8e074346ef91775736c5ec479e637ecced6842de9dc98b5da9cd?s=96&d=mm&r=g","contentUrl":"https:\/\/secure.gravatar.com\/avatar\/b2a6f664a3ae8e074346ef91775736c5ec479e637ecced6842de9dc98b5da9cd?s=96&d=mm&r=g","caption":"ccortez"},"url":"https:\/\/www.uartes.edu.ec\/sitio\/blog\/author\/ccortez\/"}]}},"uagb_featured_image_src":{"full":["https:\/\/www.uartes.edu.ec\/sitio\/wp-content\/uploads\/2024\/08\/05-LANZAMIENTO-MCMAS.jpg",2000,1333,false],"thumbnail":["https:\/\/www.uartes.edu.ec\/sitio\/wp-content\/uploads\/2024\/08\/05-LANZAMIENTO-MCMAS-150x150.jpg",150,150,true],"medium":["https:\/\/www.uartes.edu.ec\/sitio\/wp-content\/uploads\/2024\/08\/05-LANZAMIENTO-MCMAS-300x200.jpg",300,200,true],"medium_large":["https:\/\/www.uartes.edu.ec\/sitio\/wp-content\/uploads\/2024\/08\/05-LANZAMIENTO-MCMAS-768x512.jpg",768,512,true],"large":["https:\/\/www.uartes.edu.ec\/sitio\/wp-content\/uploads\/2024\/08\/05-LANZAMIENTO-MCMAS-644x429.jpg",644,429,true],"1536x1536":["https:\/\/www.uartes.edu.ec\/sitio\/wp-content\/uploads\/2024\/08\/05-LANZAMIENTO-MCMAS-1536x1024.jpg",1536,1024,true],"2048x2048":["https:\/\/www.uartes.edu.ec\/sitio\/wp-content\/uploads\/2024\/08\/05-LANZAMIENTO-MCMAS.jpg",2000,1333,false],"trp-custom-language-flag":["https:\/\/www.uartes.edu.ec\/sitio\/wp-content\/uploads\/2024\/08\/05-LANZAMIENTO-MCMAS-18x12.jpg",18,12,true],"htmega_size_585x295":["https:\/\/www.uartes.edu.ec\/sitio\/wp-content\/uploads\/2024\/08\/05-LANZAMIENTO-MCMAS-585x295.jpg",585,295,true],"htmega_size_1170x536":["https:\/\/www.uartes.edu.ec\/sitio\/wp-content\/uploads\/2024\/08\/05-LANZAMIENTO-MCMAS-1170x536.jpg",1170,536,true],"htmega_size_396x360":["https:\/\/www.uartes.edu.ec\/sitio\/wp-content\/uploads\/2024\/08\/05-LANZAMIENTO-MCMAS-396x360.jpg",396,360,true],"gb-block-post-grid-landscape":["https:\/\/www.uartes.edu.ec\/sitio\/wp-content\/uploads\/2024\/08\/05-LANZAMIENTO-MCMAS.jpg",600,400,false],"gb-block-post-grid-square":["https:\/\/www.uartes.edu.ec\/sitio\/wp-content\/uploads\/2024\/08\/05-LANZAMIENTO-MCMAS.jpg",600,400,false],"university-hub-thumb":["https:\/\/www.uartes.edu.ec\/sitio\/wp-content\/uploads\/2024\/08\/05-LANZAMIENTO-MCMAS-400x267.jpg",400,267,true]},"uagb_author_info":{"display_name":"ccortez","author_link":"https:\/\/www.uartes.edu.ec\/sitio\/blog\/author\/ccortez\/"},"uagb_comment_info":0,"uagb_excerpt":"La Universidad de las Artes y su Escuela de Posgrados dieron inicio el 25 de julio a las postulaciones para la maestr\u00eda en Composici\u00f3n Musical y Artes Sonoras, las cuales se mantendr\u00e1n hasta el 31 de agosto. Un d\u00eda antes de la apertura \u2013el mi\u00e9rcoles 24\u2013, en la Sala de Experimentaci\u00f3n Sonora del MZ14 Centro&hellip;","featured_image_src":"https:\/\/www.uartes.edu.ec\/sitio\/wp-content\/uploads\/2024\/08\/05-LANZAMIENTO-MCMAS.jpg","featured_image_src_square":"https:\/\/www.uartes.edu.ec\/sitio\/wp-content\/uploads\/2024\/08\/05-LANZAMIENTO-MCMAS.jpg","author_info":{"display_name":"ccortez","author_link":"https:\/\/www.uartes.edu.ec\/sitio\/blog\/author\/ccortez\/"},"publishpress_future_workflow_manual_trigger":{"enabledWorkflows":[]},"distributor_meta":false,"distributor_terms":false,"distributor_media":false,"distributor_original_site_name":"Universidad de las Artes","distributor_original_site_url":"https:\/\/www.uartes.edu.ec\/sitio","push-errors":false,"_links":{"self":[{"href":"https:\/\/www.uartes.edu.ec\/sitio\/wp-json\/wp\/v2\/posts\/60115","targetHints":{"allow":["GET"]}}],"collection":[{"href":"https:\/\/www.uartes.edu.ec\/sitio\/wp-json\/wp\/v2\/posts"}],"about":[{"href":"https:\/\/www.uartes.edu.ec\/sitio\/wp-json\/wp\/v2\/types\/post"}],"author":[{"embeddable":true,"href":"https:\/\/www.uartes.edu.ec\/sitio\/wp-json\/wp\/v2\/users\/10"}],"replies":[{"embeddable":true,"href":"https:\/\/www.uartes.edu.ec\/sitio\/wp-json\/wp\/v2\/comments?post=60115"}],"version-history":[{"count":4,"href":"https:\/\/www.uartes.edu.ec\/sitio\/wp-json\/wp\/v2\/posts\/60115\/revisions"}],"predecessor-version":[{"id":60125,"href":"https:\/\/www.uartes.edu.ec\/sitio\/wp-json\/wp\/v2\/posts\/60115\/revisions\/60125"}],"wp:featuredmedia":[{"embeddable":true,"href":"https:\/\/www.uartes.edu.ec\/sitio\/wp-json\/wp\/v2\/media\/60116"}],"wp:attachment":[{"href":"https:\/\/www.uartes.edu.ec\/sitio\/wp-json\/wp\/v2\/media?parent=60115"}],"wp:term":[{"taxonomy":"category","embeddable":true,"href":"https:\/\/www.uartes.edu.ec\/sitio\/wp-json\/wp\/v2\/categories?post=60115"},{"taxonomy":"post_tag","embeddable":true,"href":"https:\/\/www.uartes.edu.ec\/sitio\/wp-json\/wp\/v2\/tags?post=60115"},{"taxonomy":"infouartes","embeddable":true,"href":"https:\/\/www.uartes.edu.ec\/sitio\/wp-json\/wp\/v2\/infouartes?post=60115"}],"curies":[{"name":"wp","href":"https:\/\/api.w.org\/{rel}","templated":true}]}}