{"id":60418,"date":"2024-08-05T17:48:45","date_gmt":"2024-08-05T22:48:45","guid":{"rendered":"https:\/\/www.uartes.edu.ec\/sitio\/?p=60418"},"modified":"2024-08-08T18:41:10","modified_gmt":"2024-08-08T23:41:10","slug":"artista-y-docente-xavier-patino-recibio-la-condecoracion-perla-del-pacifico-por-su-aporte-a-guayaquil","status":"publish","type":"post","link":"https:\/\/www.uartes.edu.ec\/sitio\/blog\/2024\/08\/05\/artista-y-docente-xavier-patino-recibio-la-condecoracion-perla-del-pacifico-por-su-aporte-a-guayaquil\/","title":{"rendered":"El artista y docente Xavier Pati\u00f1o recibi\u00f3 del Gobierno la condecoraci\u00f3n Perla del Pac\u00edfico por su aporte a Guayaquil"},"content":{"rendered":"\n<p>Por su aporte a la ciudad, el artista Xavier Pati\u00f1o recibi\u00f3 durante las fiestas julianas la condecoraci\u00f3n Perla del Pac\u00edfico, otorgada por el Gobierno nacional en la sesi\u00f3n solemne por los 489 a\u00f1os de la fundaci\u00f3n de Guayaquil. En sus redes sociales, la ministra de Cultura y Patrimonio, Romina Mu\u00f1oz, coment\u00f3 el reconocimiento citando al docente de la Escuela de Artes Visuales de la UArtes como un formador de formadores con amplia experiencia y conocimientos.<\/p>\n\n\n\n<p>Es fundador del Instituto Tecnol\u00f3gico de Artes del Ecuador (ITAE), el primero dedicado a la educaci\u00f3n en artes de tercer nivel en el Litoral. Adem\u00e1s, es uno de los precursores del arte contempor\u00e1neo de Guayaquil con el colectivo La Artefactor\u00eda en los a\u00f1os ochenta. Su trabajo como docente ha transformado a generaciones y a la din\u00e1mica cultural de la ciudad, expres\u00f3 Romina Mu\u00f1oz en Instagram, anotando que ella fue su alumna \u201cy una de las afortunadas de ser parte de ese m\u00e1gico proceso\u201d.<\/p>\n\n\n\n<p>\u201cGracias por tu comprometido trabajo, por tu encanto, humor y convicci\u00f3n. Gracias por invitarnos a so\u00f1ar. Sigues dando regalos \u00fanicos a Guayaquil y muchos hoy lo celebramos\u201d, finaliz\u00f3 la ministra Mu\u00f1oz.<\/p>\n\n\n\n<p>La Escuela de Artes Visuales tambi\u00e9n se hizo eco de la condecoraci\u00f3n a Xavier Pati\u00f1o, recordando que fue su director y goza de una destacada trayectoria art\u00edstica nacional e internacional. \u201cNos sentimos complacidos de que siga formando artistas desde las aulas de nuestra carrera\u201d, precisa desde Facebook la escuela, hoy bajo la direcci\u00f3n de Rusl\u00e1n Torres.<\/p>\n\n\n<div class=\"wp-block-image\">\n<figure class=\"aligncenter size-large\"><img fetchpriority=\"high\" decoding=\"async\" width=\"644\" height=\"429\" src=\"https:\/\/www.uartes.edu.ec\/sitio\/wp-content\/uploads\/2024\/08\/03-XAVIER-PATINO-644x429.jpg\" alt=\"\" class=\"wp-image-60438\" srcset=\"https:\/\/www.uartes.edu.ec\/sitio\/wp-content\/uploads\/2024\/08\/03-XAVIER-PATINO-644x429.jpg 644w, https:\/\/www.uartes.edu.ec\/sitio\/wp-content\/uploads\/2024\/08\/03-XAVIER-PATINO-300x200.jpg 300w, https:\/\/www.uartes.edu.ec\/sitio\/wp-content\/uploads\/2024\/08\/03-XAVIER-PATINO-768x512.jpg 768w, https:\/\/www.uartes.edu.ec\/sitio\/wp-content\/uploads\/2024\/08\/03-XAVIER-PATINO-1536x1024.jpg 1536w, https:\/\/www.uartes.edu.ec\/sitio\/wp-content\/uploads\/2024\/08\/03-XAVIER-PATINO-18x12.jpg 18w, https:\/\/www.uartes.edu.ec\/sitio\/wp-content\/uploads\/2024\/08\/03-XAVIER-PATINO-600x400.jpg 600w, https:\/\/www.uartes.edu.ec\/sitio\/wp-content\/uploads\/2024\/08\/03-XAVIER-PATINO-400x267.jpg 400w, https:\/\/www.uartes.edu.ec\/sitio\/wp-content\/uploads\/2024\/08\/03-XAVIER-PATINO-272x182.jpg 272w, https:\/\/www.uartes.edu.ec\/sitio\/wp-content\/uploads\/2024\/08\/03-XAVIER-PATINO.jpg 2000w\" sizes=\"(max-width: 644px) 100vw, 644px\" \/><\/figure>\n<\/div>\n\n\n<h3 class=\"wp-block-heading\">Trabajo como artista y acad\u00e9mico<\/h3>\n\n\n\n<p>\u00bfQu\u00e9 significa para Xavier Pati\u00f1o recibir la condecoraci\u00f3n Perla del Pac\u00edfico?, le preguntamos al maestro, quien a lo largo de su trayectoria ha recibido muchos otros reconocimientos, pero \u201cuno como este no, es el primero, y lo recibo con humildad, como todos los premios que me he ganado en la vida\u201d. Que hayan visto su trabajo, experiencia y aporte a la sociedad son circunstancias, expresa, pues hay mucha gente valios\u00edsima que a veces muere sin ser reconocida \u201cy es una pena, por ello recibo el reconocimiento con esa reflexi\u00f3n\u201d.<\/p>\n\n\n\n<p>Se reconoce su trabajo como artista y acad\u00e9mico. En la docencia comenz\u00f3 a los 18 a\u00f1os y son ya 45 dando clases sin parar. Recuerda que entr\u00f3 en una escuela apenas se gradu\u00f3 de Bellas Artes; fue en enero y en abril ya estaba trabajando como profesor. Necesitaba c\u00f3mo vivir, pues no quer\u00eda depender mucho de sus padres, aunque ellos siempre lo apoyaron. \u201cVengo de una clase media, pero privilegiada porque tuve estudios, comida, casa, no me falt\u00f3 nada\u201d.<\/p>\n\n\n\n<p>La clase que comenz\u00f3 a dictar en una escuela fue de dibujo y a ni\u00f1os de primero a sexto grado. No sab\u00eda c\u00f3mo dar las clases, as\u00ed que tuvo que investigar y leer para saber c\u00f3mo atender a tantos ni\u00f1os y tenerlos ocupados. Comenta que el d\u00eda de la condecoraci\u00f3n que le otorg\u00f3 el Gobierno nacional, el 25 de julio pasado, se le acerc\u00f3 a felicitarlo un alumno de aquella escuela que hab\u00eda ido por otros motivos. \u201cYa es un profesional que tiene hijos y hasta nietos\u201d, refiere.<\/p>\n\n\n\n<p>No cree tener tantas obras realizadas como Jorge Velarde, que ha pasado pintando tambi\u00e9n 45 a\u00f1os, pero s\u00ed ha hecho muchas y no solo de pintura, sino tambi\u00e9n instalaciones y ensambles, las cuales siempre le han interesado.<\/p>\n\n\n<div class=\"wp-block-image\">\n<figure class=\"aligncenter size-large\"><img decoding=\"async\" width=\"644\" height=\"429\" src=\"https:\/\/www.uartes.edu.ec\/sitio\/wp-content\/uploads\/2024\/08\/04-XAVIER-PATINO-644x429.jpg\" alt=\"\" class=\"wp-image-60439\" srcset=\"https:\/\/www.uartes.edu.ec\/sitio\/wp-content\/uploads\/2024\/08\/04-XAVIER-PATINO-644x429.jpg 644w, https:\/\/www.uartes.edu.ec\/sitio\/wp-content\/uploads\/2024\/08\/04-XAVIER-PATINO-300x200.jpg 300w, https:\/\/www.uartes.edu.ec\/sitio\/wp-content\/uploads\/2024\/08\/04-XAVIER-PATINO-768x512.jpg 768w, https:\/\/www.uartes.edu.ec\/sitio\/wp-content\/uploads\/2024\/08\/04-XAVIER-PATINO-1536x1024.jpg 1536w, https:\/\/www.uartes.edu.ec\/sitio\/wp-content\/uploads\/2024\/08\/04-XAVIER-PATINO-18x12.jpg 18w, https:\/\/www.uartes.edu.ec\/sitio\/wp-content\/uploads\/2024\/08\/04-XAVIER-PATINO-600x400.jpg 600w, https:\/\/www.uartes.edu.ec\/sitio\/wp-content\/uploads\/2024\/08\/04-XAVIER-PATINO-400x267.jpg 400w, https:\/\/www.uartes.edu.ec\/sitio\/wp-content\/uploads\/2024\/08\/04-XAVIER-PATINO-272x182.jpg 272w, https:\/\/www.uartes.edu.ec\/sitio\/wp-content\/uploads\/2024\/08\/04-XAVIER-PATINO.jpg 2000w\" sizes=\"(max-width: 644px) 100vw, 644px\" \/><\/figure>\n<\/div>\n\n\n<p>Le da gusto que le hayan reconocido su trabajo art\u00edstico, que ha compartido con la docencia. Cuando trabaj\u00f3 en la unidad educativa indica que no lo hizo a tiempo completo, sino dos d\u00edas a la semana y el resto iba a su taller a pintar. \u201cNunca dej\u00e9 de pintar, nunca\u201d, revela, asegurando que para \u00e9l ser artista es una cuesti\u00f3n de vida.&nbsp;<\/p>\n\n\n\n<p>La condecoraci\u00f3n tiene tambi\u00e9n un significado de gratitud: el de la ahora ministra de Cultura y Patrimonio, quien considera debe haber propuesto su nombre para el reconocimiento porque ni el gobernador ni el presidente de la Rep\u00fablica lo conocen ni saben de su trayectoria y tampoco es de los que llaman para que le concedan premio alguno, refiere Pati\u00f1o, a quien le enorgullece el desenvolvimiento de Romina Mu\u00f1oz. \u201cPese a que no tiene todos los recursos para atender las necesidades de la cultura est\u00e1 haciendo un buen trabajo\u201d.<\/p>\n\n\n\n<p>Lamenta que, en las pol\u00edticas de los estados \u2013no solo en Ecuador, sino en Latinoam\u00e9rica\u2013 el arte y la cultura sean relegados.&nbsp;\u201cLa educaci\u00f3n art\u00edstica siempre es cuestionada porque es costosa, pero necesaria; como dec\u00eda (Jos\u00e9) Ortega y Gasset: el cuerpo no se alimenta solamente de l\u00edquido y s\u00f3lido, tambi\u00e9n hay otras cosas que tenemos que alimentar, como el conocimiento, el arte y la cultura\u201d.&nbsp;<\/p>\n\n\n\n<h3 class=\"wp-block-heading\">Sus mayores obras y la UArtes<\/h3>\n\n\n\n<p>\u00bfCu\u00e1l es su mayor obra de Xavier Pati\u00f1o? A nivel personal responde que su familia, que ha sido la base para que se pudiera desenvolver en lo que hace y a nivel art\u00edstico: el ITAE, al que considera una obra de arte. \u201cDio paso a muchas cosas, incluso a la Universidad de las Artes. Creo que cuando el entonces presidente Rafael Correa vio que el instituto era peque\u00f1o pens\u00f3 en una instituci\u00f3n m\u00e1s grande y s\u00f3lida y surgi\u00f3 la UArtes, que me parece fue, junto con las otras tres instituciones de educaci\u00f3n superior emblem\u00e1ticas, un gran proyecto\u201d.<\/p>\n\n\n<div class=\"wp-block-image\">\n<figure class=\"aligncenter size-large\"><img decoding=\"async\" width=\"644\" height=\"429\" src=\"https:\/\/www.uartes.edu.ec\/sitio\/wp-content\/uploads\/2024\/08\/05-XAVIER-PATINO-644x429.jpg\" alt=\"\" class=\"wp-image-60440\" srcset=\"https:\/\/www.uartes.edu.ec\/sitio\/wp-content\/uploads\/2024\/08\/05-XAVIER-PATINO-644x429.jpg 644w, https:\/\/www.uartes.edu.ec\/sitio\/wp-content\/uploads\/2024\/08\/05-XAVIER-PATINO-300x200.jpg 300w, https:\/\/www.uartes.edu.ec\/sitio\/wp-content\/uploads\/2024\/08\/05-XAVIER-PATINO-768x512.jpg 768w, https:\/\/www.uartes.edu.ec\/sitio\/wp-content\/uploads\/2024\/08\/05-XAVIER-PATINO-1536x1024.jpg 1536w, https:\/\/www.uartes.edu.ec\/sitio\/wp-content\/uploads\/2024\/08\/05-XAVIER-PATINO-18x12.jpg 18w, https:\/\/www.uartes.edu.ec\/sitio\/wp-content\/uploads\/2024\/08\/05-XAVIER-PATINO-600x400.jpg 600w, https:\/\/www.uartes.edu.ec\/sitio\/wp-content\/uploads\/2024\/08\/05-XAVIER-PATINO-400x267.jpg 400w, https:\/\/www.uartes.edu.ec\/sitio\/wp-content\/uploads\/2024\/08\/05-XAVIER-PATINO-272x182.jpg 272w, https:\/\/www.uartes.edu.ec\/sitio\/wp-content\/uploads\/2024\/08\/05-XAVIER-PATINO.jpg 2000w\" sizes=\"(max-width: 644px) 100vw, 644px\" \/><\/figure>\n<\/div>\n\n\n<p>Diez a\u00f1os para una universidad no es nada, opina Pati\u00f1o, de all\u00ed que considere que la UArtes est\u00e1 todav\u00eda en construcci\u00f3n, \u201cpero hemos dado buenos pasos y creo que as\u00ed va a seguir siendo\u201d.&nbsp;<\/p>\n\n\n\n<p>De cara a la formaci\u00f3n art\u00edstica, \u00bfcu\u00e1nto hemos evolucionado? Pati\u00f1o considera que la Universidad de las Artes puso a Guayaquil a la vanguardia del arte contempor\u00e1neo en el Ecuador. \u201cAqu\u00ed se han dado movimientos art\u00edsticos importantes y artistas j\u00f3venes que han aportado para que eso suceda\u201d.<\/p>\n\n\n\n<p>Contrario a lo que se piensa, \u00e9l ha podido vivir del arte. Reconoce que antes hab\u00eda m\u00e1s galer\u00edas, no obstante, hoy el arte es m\u00e1s competitivo y profesional. Ha cambiado la percepci\u00f3n de la gente. El artista ya no es alguien que anda por ah\u00ed de vida bohemia, sino un profesional. \u201cPensar en entrar en la Universidad de las Artes ya genera un punto de partida importante, porque no es que se va a pintar a un taller o a libar, va a estudiar\u201d.<\/p>\n\n\n\n<p>Y no solo es un profesional del arte, como lo son quienes estudian Medicina o Arquitectura, es un investigador, alguien que piensa y aporta a la sociedad desde las artes con la transmisi\u00f3n de conocimientos y experiencias. Se han cerrado m\u00e1s espacios expositivos, sin embargo, los estudiantes y\/o artistas siempre se las arreglan para encontrar nuevos y es fundamental porque se perdi\u00f3 la idea del cubo blanco y se buscan alternativas.<\/p>\n\n\n\n<p>Pati\u00f1o tiene dos hijos, Francisco e Irina, quien vive en Berl\u00edn. Al primero, quien lo hizo abuelo de Emilio, el arte no lo ha cautivado; a la menor le interesa mucho y tambi\u00e9n la gesti\u00f3n. \u201cCreo que va a terminar haciendo algo de gesti\u00f3n en el mundo del arte, con galer\u00edas o movilizando artistas a otros pa\u00edses\u201d.<\/p>\n\n\n\n<p>En el bicentenario, Xavier Pati\u00f1o recibi\u00f3 una medalla por su gesti\u00f3n y trayectoria art\u00edstica por parte del Municipio de Guayaquil.&nbsp;\u201cFuera no he ganado premios, pues las competencias son complejas, pero he sido invitado a bienales internacionales\u201d.<\/p>\n","protected":false},"excerpt":{"rendered":"<p>Por su aporte a la ciudad, el artista Xavier Pati\u00f1o recibi\u00f3 la condecoraci\u00f3n Perla del Pac\u00edfico, otorgada por el Gobierno nacional en la sesi\u00f3n solemne por Guayaquil. En sus redes sociales, la ministra de Cultura y Patrimonio, Romina Mu\u00f1oz, coment\u00f3 el reconocimiento citando al docente de la Escuela de Artes Visuales de la UArtes como un formador de formadores con amplia experiencia y conocimientos. <\/p>\n","protected":false},"author":10,"featured_media":60437,"comment_status":"open","ping_status":"open","sticky":false,"template":"","format":"standard","meta":{"_acf_changed":false,"_uag_custom_page_level_css":"","_monsterinsights_skip_tracking":false,"_monsterinsights_sitenote_active":false,"_monsterinsights_sitenote_note":"","_monsterinsights_sitenote_category":0,"cybocfi_hide_featured_image":"","footnotes":""},"categories":[157,75],"tags":[709],"infouartes":[],"class_list":["post-60418","post","type-post","status-publish","format-standard","has-post-thumbnail","hentry","category-artes-visuales","category-docentes","tag-reconocimiento"],"acf":[],"yoast_head":"<!-- This site is optimized with the Yoast SEO plugin v27.4 - https:\/\/yoast.com\/product\/yoast-seo-wordpress\/ -->\n<title>Universidad de las Artes - El artista y docente Xavier Pati\u00f1o recibi\u00f3 del Gobierno la condecoraci\u00f3n Perla del Pac\u00edfico por su aporte a Guayaquil<\/title>\n<meta name=\"description\" content=\"Universidad de las Artes - El artista y docente Xavier Pati\u00f1o recibi\u00f3 del Gobierno la condecoraci\u00f3n Perla del Pac\u00edfico por su aporte a Guayaquil\" \/>\n<meta name=\"robots\" content=\"index, follow, max-snippet:-1, max-image-preview:large, max-video-preview:-1\" \/>\n<link rel=\"canonical\" href=\"https:\/\/www.uartes.edu.ec\/sitio\/blog\/2024\/08\/05\/artista-y-docente-xavier-patino-recibio-la-condecoracion-perla-del-pacifico-por-su-aporte-a-guayaquil\/\" \/>\n<meta property=\"og:locale\" content=\"es_ES\" \/>\n<meta property=\"og:type\" content=\"article\" \/>\n<meta property=\"og:title\" content=\"Universidad de las Artes - El artista y docente Xavier Pati\u00f1o recibi\u00f3 del Gobierno la condecoraci\u00f3n Perla del Pac\u00edfico por su aporte a Guayaquil\" \/>\n<meta property=\"og:description\" content=\"Universidad de las Artes - El artista y docente Xavier Pati\u00f1o recibi\u00f3 del Gobierno la condecoraci\u00f3n Perla del Pac\u00edfico por su aporte a Guayaquil\" \/>\n<meta property=\"og:url\" content=\"https:\/\/www.uartes.edu.ec\/sitio\/blog\/2024\/08\/05\/artista-y-docente-xavier-patino-recibio-la-condecoracion-perla-del-pacifico-por-su-aporte-a-guayaquil\/\" \/>\n<meta property=\"og:site_name\" content=\"Universidad de las Artes\" \/>\n<meta property=\"article:publisher\" content=\"https:\/\/www.facebook.com\/uartesec\" \/>\n<meta property=\"article:published_time\" content=\"2024-08-05T22:48:45+00:00\" \/>\n<meta property=\"article:modified_time\" content=\"2024-08-08T23:41:10+00:00\" \/>\n<meta property=\"og:image\" content=\"https:\/\/www.uartes.edu.ec\/sitio\/wp-content\/uploads\/2024\/08\/02-XAVIER-PATINO.jpg\" \/>\n\t<meta property=\"og:image:width\" content=\"2000\" \/>\n\t<meta property=\"og:image:height\" content=\"1333\" \/>\n\t<meta property=\"og:image:type\" content=\"image\/jpeg\" \/>\n<meta name=\"author\" content=\"ccortez\" \/>\n<meta name=\"twitter:card\" content=\"summary_large_image\" \/>\n<meta name=\"twitter:creator\" content=\"@uartesec\" \/>\n<meta name=\"twitter:site\" content=\"@uartesec\" \/>\n<meta name=\"twitter:label1\" content=\"Escrito por\" \/>\n\t<meta name=\"twitter:data1\" content=\"ccortez\" \/>\n\t<meta name=\"twitter:label2\" content=\"Tiempo de lectura\" \/>\n\t<meta name=\"twitter:data2\" content=\"7 minutos\" \/>\n<script type=\"application\/ld+json\" class=\"yoast-schema-graph\">{\"@context\":\"https:\\\/\\\/schema.org\",\"@graph\":[{\"@type\":\"Article\",\"@id\":\"https:\\\/\\\/www.uartes.edu.ec\\\/sitio\\\/blog\\\/2024\\\/08\\\/05\\\/artista-y-docente-xavier-patino-recibio-la-condecoracion-perla-del-pacifico-por-su-aporte-a-guayaquil\\\/#article\",\"isPartOf\":{\"@id\":\"https:\\\/\\\/www.uartes.edu.ec\\\/sitio\\\/blog\\\/2024\\\/08\\\/05\\\/artista-y-docente-xavier-patino-recibio-la-condecoracion-perla-del-pacifico-por-su-aporte-a-guayaquil\\\/\"},\"author\":{\"name\":\"ccortez\",\"@id\":\"https:\\\/\\\/www.uartes.edu.ec\\\/sitio\\\/#\\\/schema\\\/person\\\/efa1b8275797664fd7f13a79ccc0b1f4\"},\"headline\":\"El artista y docente Xavier Pati\u00f1o recibi\u00f3 del Gobierno la condecoraci\u00f3n Perla del Pac\u00edfico por su aporte a Guayaquil\",\"datePublished\":\"2024-08-05T22:48:45+00:00\",\"dateModified\":\"2024-08-08T23:41:10+00:00\",\"mainEntityOfPage\":{\"@id\":\"https:\\\/\\\/www.uartes.edu.ec\\\/sitio\\\/blog\\\/2024\\\/08\\\/05\\\/artista-y-docente-xavier-patino-recibio-la-condecoracion-perla-del-pacifico-por-su-aporte-a-guayaquil\\\/\"},\"wordCount\":1312,\"commentCount\":0,\"publisher\":{\"@id\":\"https:\\\/\\\/www.uartes.edu.ec\\\/sitio\\\/#organization\"},\"image\":{\"@id\":\"https:\\\/\\\/www.uartes.edu.ec\\\/sitio\\\/blog\\\/2024\\\/08\\\/05\\\/artista-y-docente-xavier-patino-recibio-la-condecoracion-perla-del-pacifico-por-su-aporte-a-guayaquil\\\/#primaryimage\"},\"thumbnailUrl\":\"https:\\\/\\\/www.uartes.edu.ec\\\/sitio\\\/wp-content\\\/uploads\\\/2024\\\/08\\\/02-XAVIER-PATINO.jpg\",\"keywords\":[\"reconocimiento\"],\"articleSection\":[\"Artes Visuales\",\"Docentes\"],\"inLanguage\":\"es\",\"potentialAction\":[{\"@type\":\"CommentAction\",\"name\":\"Comment\",\"target\":[\"https:\\\/\\\/www.uartes.edu.ec\\\/sitio\\\/blog\\\/2024\\\/08\\\/05\\\/artista-y-docente-xavier-patino-recibio-la-condecoracion-perla-del-pacifico-por-su-aporte-a-guayaquil\\\/#respond\"]}]},{\"@type\":[\"WebPage\",\"ItemPage\"],\"@id\":\"https:\\\/\\\/www.uartes.edu.ec\\\/sitio\\\/blog\\\/2024\\\/08\\\/05\\\/artista-y-docente-xavier-patino-recibio-la-condecoracion-perla-del-pacifico-por-su-aporte-a-guayaquil\\\/\",\"url\":\"https:\\\/\\\/www.uartes.edu.ec\\\/sitio\\\/blog\\\/2024\\\/08\\\/05\\\/artista-y-docente-xavier-patino-recibio-la-condecoracion-perla-del-pacifico-por-su-aporte-a-guayaquil\\\/\",\"name\":\"Universidad de las Artes - El artista y docente Xavier Pati\u00f1o recibi\u00f3 del Gobierno la condecoraci\u00f3n Perla del Pac\u00edfico por su aporte a Guayaquil\",\"isPartOf\":{\"@id\":\"https:\\\/\\\/www.uartes.edu.ec\\\/sitio\\\/#website\"},\"primaryImageOfPage\":{\"@id\":\"https:\\\/\\\/www.uartes.edu.ec\\\/sitio\\\/blog\\\/2024\\\/08\\\/05\\\/artista-y-docente-xavier-patino-recibio-la-condecoracion-perla-del-pacifico-por-su-aporte-a-guayaquil\\\/#primaryimage\"},\"image\":{\"@id\":\"https:\\\/\\\/www.uartes.edu.ec\\\/sitio\\\/blog\\\/2024\\\/08\\\/05\\\/artista-y-docente-xavier-patino-recibio-la-condecoracion-perla-del-pacifico-por-su-aporte-a-guayaquil\\\/#primaryimage\"},\"thumbnailUrl\":\"https:\\\/\\\/www.uartes.edu.ec\\\/sitio\\\/wp-content\\\/uploads\\\/2024\\\/08\\\/02-XAVIER-PATINO.jpg\",\"datePublished\":\"2024-08-05T22:48:45+00:00\",\"dateModified\":\"2024-08-08T23:41:10+00:00\",\"description\":\"Universidad de las Artes - El artista y docente Xavier Pati\u00f1o recibi\u00f3 del Gobierno la condecoraci\u00f3n Perla del Pac\u00edfico por su aporte a Guayaquil\",\"breadcrumb\":{\"@id\":\"https:\\\/\\\/www.uartes.edu.ec\\\/sitio\\\/blog\\\/2024\\\/08\\\/05\\\/artista-y-docente-xavier-patino-recibio-la-condecoracion-perla-del-pacifico-por-su-aporte-a-guayaquil\\\/#breadcrumb\"},\"inLanguage\":\"es\",\"potentialAction\":[{\"@type\":\"ReadAction\",\"target\":[\"https:\\\/\\\/www.uartes.edu.ec\\\/sitio\\\/blog\\\/2024\\\/08\\\/05\\\/artista-y-docente-xavier-patino-recibio-la-condecoracion-perla-del-pacifico-por-su-aporte-a-guayaquil\\\/\"]}]},{\"@type\":\"ImageObject\",\"inLanguage\":\"es\",\"@id\":\"https:\\\/\\\/www.uartes.edu.ec\\\/sitio\\\/blog\\\/2024\\\/08\\\/05\\\/artista-y-docente-xavier-patino-recibio-la-condecoracion-perla-del-pacifico-por-su-aporte-a-guayaquil\\\/#primaryimage\",\"url\":\"https:\\\/\\\/www.uartes.edu.ec\\\/sitio\\\/wp-content\\\/uploads\\\/2024\\\/08\\\/02-XAVIER-PATINO.jpg\",\"contentUrl\":\"https:\\\/\\\/www.uartes.edu.ec\\\/sitio\\\/wp-content\\\/uploads\\\/2024\\\/08\\\/02-XAVIER-PATINO.jpg\",\"width\":2000,\"height\":1333},{\"@type\":\"BreadcrumbList\",\"@id\":\"https:\\\/\\\/www.uartes.edu.ec\\\/sitio\\\/blog\\\/2024\\\/08\\\/05\\\/artista-y-docente-xavier-patino-recibio-la-condecoracion-perla-del-pacifico-por-su-aporte-a-guayaquil\\\/#breadcrumb\",\"itemListElement\":[{\"@type\":\"ListItem\",\"position\":1,\"name\":\"Inicio\",\"item\":\"https:\\\/\\\/www.uartes.edu.ec\\\/sitio\\\/\"},{\"@type\":\"ListItem\",\"position\":2,\"name\":\"El artista y docente Xavier Pati\u00f1o recibi\u00f3 del Gobierno la condecoraci\u00f3n Perla del Pac\u00edfico por su aporte a Guayaquil\"}]},{\"@type\":\"WebSite\",\"@id\":\"https:\\\/\\\/www.uartes.edu.ec\\\/sitio\\\/#website\",\"url\":\"https:\\\/\\\/www.uartes.edu.ec\\\/sitio\\\/\",\"name\":\"Universidad de las Artes\",\"description\":\"Sitio oficial de la Universidad Nacional de las Artes del Ecuador\",\"publisher\":{\"@id\":\"https:\\\/\\\/www.uartes.edu.ec\\\/sitio\\\/#organization\"},\"potentialAction\":[{\"@type\":\"SearchAction\",\"target\":{\"@type\":\"EntryPoint\",\"urlTemplate\":\"https:\\\/\\\/www.uartes.edu.ec\\\/sitio\\\/?s={search_term_string}\"},\"query-input\":{\"@type\":\"PropertyValueSpecification\",\"valueRequired\":true,\"valueName\":\"search_term_string\"}}],\"inLanguage\":\"es\"},{\"@type\":\"Organization\",\"@id\":\"https:\\\/\\\/www.uartes.edu.ec\\\/sitio\\\/#organization\",\"name\":\"Universidad de las Artes\",\"url\":\"https:\\\/\\\/www.uartes.edu.ec\\\/sitio\\\/\",\"logo\":{\"@type\":\"ImageObject\",\"inLanguage\":\"es\",\"@id\":\"https:\\\/\\\/www.uartes.edu.ec\\\/sitio\\\/#\\\/schema\\\/logo\\\/image\\\/\",\"url\":\"https:\\\/\\\/www.uartes.edu.ec\\\/sitio\\\/wp-content\\\/uploads\\\/2022\\\/07\\\/logo-ua-horizontal.png\",\"contentUrl\":\"https:\\\/\\\/www.uartes.edu.ec\\\/sitio\\\/wp-content\\\/uploads\\\/2022\\\/07\\\/logo-ua-horizontal.png\",\"width\":800,\"height\":276,\"caption\":\"Universidad de las Artes\"},\"image\":{\"@id\":\"https:\\\/\\\/www.uartes.edu.ec\\\/sitio\\\/#\\\/schema\\\/logo\\\/image\\\/\"},\"sameAs\":[\"https:\\\/\\\/www.facebook.com\\\/uartesec\",\"https:\\\/\\\/x.com\\\/uartesec\",\"https:\\\/\\\/www.tiktok.com\\\/@uartesec\"]},{\"@type\":\"Person\",\"@id\":\"https:\\\/\\\/www.uartes.edu.ec\\\/sitio\\\/#\\\/schema\\\/person\\\/efa1b8275797664fd7f13a79ccc0b1f4\",\"name\":\"ccortez\",\"image\":{\"@type\":\"ImageObject\",\"inLanguage\":\"es\",\"@id\":\"https:\\\/\\\/secure.gravatar.com\\\/avatar\\\/b2a6f664a3ae8e074346ef91775736c5ec479e637ecced6842de9dc98b5da9cd?s=96&d=mm&r=g\",\"url\":\"https:\\\/\\\/secure.gravatar.com\\\/avatar\\\/b2a6f664a3ae8e074346ef91775736c5ec479e637ecced6842de9dc98b5da9cd?s=96&d=mm&r=g\",\"contentUrl\":\"https:\\\/\\\/secure.gravatar.com\\\/avatar\\\/b2a6f664a3ae8e074346ef91775736c5ec479e637ecced6842de9dc98b5da9cd?s=96&d=mm&r=g\",\"caption\":\"ccortez\"},\"url\":\"https:\\\/\\\/www.uartes.edu.ec\\\/sitio\\\/blog\\\/author\\\/ccortez\\\/\"}]}<\/script>\n<!-- \/ Yoast SEO plugin. -->","yoast_head_json":{"title":"Universidad de las Artes - El artista y docente Xavier Pati\u00f1o recibi\u00f3 del Gobierno la condecoraci\u00f3n Perla del Pac\u00edfico por su aporte a Guayaquil","description":"Universidad de las Artes - El artista y docente Xavier Pati\u00f1o recibi\u00f3 del Gobierno la condecoraci\u00f3n Perla del Pac\u00edfico por su aporte a Guayaquil","robots":{"index":"index","follow":"follow","max-snippet":"max-snippet:-1","max-image-preview":"max-image-preview:large","max-video-preview":"max-video-preview:-1"},"canonical":"https:\/\/www.uartes.edu.ec\/sitio\/blog\/2024\/08\/05\/artista-y-docente-xavier-patino-recibio-la-condecoracion-perla-del-pacifico-por-su-aporte-a-guayaquil\/","og_locale":"es_ES","og_type":"article","og_title":"Universidad de las Artes - El artista y docente Xavier Pati\u00f1o recibi\u00f3 del Gobierno la condecoraci\u00f3n Perla del Pac\u00edfico por su aporte a Guayaquil","og_description":"Universidad de las Artes - El artista y docente Xavier Pati\u00f1o recibi\u00f3 del Gobierno la condecoraci\u00f3n Perla del Pac\u00edfico por su aporte a Guayaquil","og_url":"https:\/\/www.uartes.edu.ec\/sitio\/blog\/2024\/08\/05\/artista-y-docente-xavier-patino-recibio-la-condecoracion-perla-del-pacifico-por-su-aporte-a-guayaquil\/","og_site_name":"Universidad de las Artes","article_publisher":"https:\/\/www.facebook.com\/uartesec","article_published_time":"2024-08-05T22:48:45+00:00","article_modified_time":"2024-08-08T23:41:10+00:00","og_image":[{"width":2000,"height":1333,"url":"https:\/\/www.uartes.edu.ec\/sitio\/wp-content\/uploads\/2024\/08\/02-XAVIER-PATINO.jpg","type":"image\/jpeg"}],"author":"ccortez","twitter_card":"summary_large_image","twitter_creator":"@uartesec","twitter_site":"@uartesec","twitter_misc":{"Escrito por":"ccortez","Tiempo de lectura":"7 minutos"},"schema":{"@context":"https:\/\/schema.org","@graph":[{"@type":"Article","@id":"https:\/\/www.uartes.edu.ec\/sitio\/blog\/2024\/08\/05\/artista-y-docente-xavier-patino-recibio-la-condecoracion-perla-del-pacifico-por-su-aporte-a-guayaquil\/#article","isPartOf":{"@id":"https:\/\/www.uartes.edu.ec\/sitio\/blog\/2024\/08\/05\/artista-y-docente-xavier-patino-recibio-la-condecoracion-perla-del-pacifico-por-su-aporte-a-guayaquil\/"},"author":{"name":"ccortez","@id":"https:\/\/www.uartes.edu.ec\/sitio\/#\/schema\/person\/efa1b8275797664fd7f13a79ccc0b1f4"},"headline":"El artista y docente Xavier Pati\u00f1o recibi\u00f3 del Gobierno la condecoraci\u00f3n Perla del Pac\u00edfico por su aporte a Guayaquil","datePublished":"2024-08-05T22:48:45+00:00","dateModified":"2024-08-08T23:41:10+00:00","mainEntityOfPage":{"@id":"https:\/\/www.uartes.edu.ec\/sitio\/blog\/2024\/08\/05\/artista-y-docente-xavier-patino-recibio-la-condecoracion-perla-del-pacifico-por-su-aporte-a-guayaquil\/"},"wordCount":1312,"commentCount":0,"publisher":{"@id":"https:\/\/www.uartes.edu.ec\/sitio\/#organization"},"image":{"@id":"https:\/\/www.uartes.edu.ec\/sitio\/blog\/2024\/08\/05\/artista-y-docente-xavier-patino-recibio-la-condecoracion-perla-del-pacifico-por-su-aporte-a-guayaquil\/#primaryimage"},"thumbnailUrl":"https:\/\/www.uartes.edu.ec\/sitio\/wp-content\/uploads\/2024\/08\/02-XAVIER-PATINO.jpg","keywords":["reconocimiento"],"articleSection":["Artes Visuales","Docentes"],"inLanguage":"es","potentialAction":[{"@type":"CommentAction","name":"Comment","target":["https:\/\/www.uartes.edu.ec\/sitio\/blog\/2024\/08\/05\/artista-y-docente-xavier-patino-recibio-la-condecoracion-perla-del-pacifico-por-su-aporte-a-guayaquil\/#respond"]}]},{"@type":["WebPage","ItemPage"],"@id":"https:\/\/www.uartes.edu.ec\/sitio\/blog\/2024\/08\/05\/artista-y-docente-xavier-patino-recibio-la-condecoracion-perla-del-pacifico-por-su-aporte-a-guayaquil\/","url":"https:\/\/www.uartes.edu.ec\/sitio\/blog\/2024\/08\/05\/artista-y-docente-xavier-patino-recibio-la-condecoracion-perla-del-pacifico-por-su-aporte-a-guayaquil\/","name":"Universidad de las Artes - El artista y docente Xavier Pati\u00f1o recibi\u00f3 del Gobierno la condecoraci\u00f3n Perla del Pac\u00edfico por su aporte a Guayaquil","isPartOf":{"@id":"https:\/\/www.uartes.edu.ec\/sitio\/#website"},"primaryImageOfPage":{"@id":"https:\/\/www.uartes.edu.ec\/sitio\/blog\/2024\/08\/05\/artista-y-docente-xavier-patino-recibio-la-condecoracion-perla-del-pacifico-por-su-aporte-a-guayaquil\/#primaryimage"},"image":{"@id":"https:\/\/www.uartes.edu.ec\/sitio\/blog\/2024\/08\/05\/artista-y-docente-xavier-patino-recibio-la-condecoracion-perla-del-pacifico-por-su-aporte-a-guayaquil\/#primaryimage"},"thumbnailUrl":"https:\/\/www.uartes.edu.ec\/sitio\/wp-content\/uploads\/2024\/08\/02-XAVIER-PATINO.jpg","datePublished":"2024-08-05T22:48:45+00:00","dateModified":"2024-08-08T23:41:10+00:00","description":"Universidad de las Artes - El artista y docente Xavier Pati\u00f1o recibi\u00f3 del Gobierno la condecoraci\u00f3n Perla del Pac\u00edfico por su aporte a Guayaquil","breadcrumb":{"@id":"https:\/\/www.uartes.edu.ec\/sitio\/blog\/2024\/08\/05\/artista-y-docente-xavier-patino-recibio-la-condecoracion-perla-del-pacifico-por-su-aporte-a-guayaquil\/#breadcrumb"},"inLanguage":"es","potentialAction":[{"@type":"ReadAction","target":["https:\/\/www.uartes.edu.ec\/sitio\/blog\/2024\/08\/05\/artista-y-docente-xavier-patino-recibio-la-condecoracion-perla-del-pacifico-por-su-aporte-a-guayaquil\/"]}]},{"@type":"ImageObject","inLanguage":"es","@id":"https:\/\/www.uartes.edu.ec\/sitio\/blog\/2024\/08\/05\/artista-y-docente-xavier-patino-recibio-la-condecoracion-perla-del-pacifico-por-su-aporte-a-guayaquil\/#primaryimage","url":"https:\/\/www.uartes.edu.ec\/sitio\/wp-content\/uploads\/2024\/08\/02-XAVIER-PATINO.jpg","contentUrl":"https:\/\/www.uartes.edu.ec\/sitio\/wp-content\/uploads\/2024\/08\/02-XAVIER-PATINO.jpg","width":2000,"height":1333},{"@type":"BreadcrumbList","@id":"https:\/\/www.uartes.edu.ec\/sitio\/blog\/2024\/08\/05\/artista-y-docente-xavier-patino-recibio-la-condecoracion-perla-del-pacifico-por-su-aporte-a-guayaquil\/#breadcrumb","itemListElement":[{"@type":"ListItem","position":1,"name":"Inicio","item":"https:\/\/www.uartes.edu.ec\/sitio\/"},{"@type":"ListItem","position":2,"name":"El artista y docente Xavier Pati\u00f1o recibi\u00f3 del Gobierno la condecoraci\u00f3n Perla del Pac\u00edfico por su aporte a Guayaquil"}]},{"@type":"WebSite","@id":"https:\/\/www.uartes.edu.ec\/sitio\/#website","url":"https:\/\/www.uartes.edu.ec\/sitio\/","name":"Universidad de las Artes","description":"Sitio oficial de la Universidad Nacional de las Artes del Ecuador","publisher":{"@id":"https:\/\/www.uartes.edu.ec\/sitio\/#organization"},"potentialAction":[{"@type":"SearchAction","target":{"@type":"EntryPoint","urlTemplate":"https:\/\/www.uartes.edu.ec\/sitio\/?s={search_term_string}"},"query-input":{"@type":"PropertyValueSpecification","valueRequired":true,"valueName":"search_term_string"}}],"inLanguage":"es"},{"@type":"Organization","@id":"https:\/\/www.uartes.edu.ec\/sitio\/#organization","name":"Universidad de las Artes","url":"https:\/\/www.uartes.edu.ec\/sitio\/","logo":{"@type":"ImageObject","inLanguage":"es","@id":"https:\/\/www.uartes.edu.ec\/sitio\/#\/schema\/logo\/image\/","url":"https:\/\/www.uartes.edu.ec\/sitio\/wp-content\/uploads\/2022\/07\/logo-ua-horizontal.png","contentUrl":"https:\/\/www.uartes.edu.ec\/sitio\/wp-content\/uploads\/2022\/07\/logo-ua-horizontal.png","width":800,"height":276,"caption":"Universidad de las Artes"},"image":{"@id":"https:\/\/www.uartes.edu.ec\/sitio\/#\/schema\/logo\/image\/"},"sameAs":["https:\/\/www.facebook.com\/uartesec","https:\/\/x.com\/uartesec","https:\/\/www.tiktok.com\/@uartesec"]},{"@type":"Person","@id":"https:\/\/www.uartes.edu.ec\/sitio\/#\/schema\/person\/efa1b8275797664fd7f13a79ccc0b1f4","name":"ccortez","image":{"@type":"ImageObject","inLanguage":"es","@id":"https:\/\/secure.gravatar.com\/avatar\/b2a6f664a3ae8e074346ef91775736c5ec479e637ecced6842de9dc98b5da9cd?s=96&d=mm&r=g","url":"https:\/\/secure.gravatar.com\/avatar\/b2a6f664a3ae8e074346ef91775736c5ec479e637ecced6842de9dc98b5da9cd?s=96&d=mm&r=g","contentUrl":"https:\/\/secure.gravatar.com\/avatar\/b2a6f664a3ae8e074346ef91775736c5ec479e637ecced6842de9dc98b5da9cd?s=96&d=mm&r=g","caption":"ccortez"},"url":"https:\/\/www.uartes.edu.ec\/sitio\/blog\/author\/ccortez\/"}]}},"uagb_featured_image_src":{"full":["https:\/\/www.uartes.edu.ec\/sitio\/wp-content\/uploads\/2024\/08\/02-XAVIER-PATINO.jpg",2000,1333,false],"thumbnail":["https:\/\/www.uartes.edu.ec\/sitio\/wp-content\/uploads\/2024\/08\/02-XAVIER-PATINO-150x150.jpg",150,150,true],"medium":["https:\/\/www.uartes.edu.ec\/sitio\/wp-content\/uploads\/2024\/08\/02-XAVIER-PATINO-300x200.jpg",300,200,true],"medium_large":["https:\/\/www.uartes.edu.ec\/sitio\/wp-content\/uploads\/2024\/08\/02-XAVIER-PATINO-768x512.jpg",768,512,true],"large":["https:\/\/www.uartes.edu.ec\/sitio\/wp-content\/uploads\/2024\/08\/02-XAVIER-PATINO-644x429.jpg",644,429,true],"1536x1536":["https:\/\/www.uartes.edu.ec\/sitio\/wp-content\/uploads\/2024\/08\/02-XAVIER-PATINO-1536x1024.jpg",1536,1024,true],"2048x2048":["https:\/\/www.uartes.edu.ec\/sitio\/wp-content\/uploads\/2024\/08\/02-XAVIER-PATINO.jpg",2000,1333,false],"trp-custom-language-flag":["https:\/\/www.uartes.edu.ec\/sitio\/wp-content\/uploads\/2024\/08\/02-XAVIER-PATINO-18x12.jpg",18,12,true],"htmega_size_585x295":["https:\/\/www.uartes.edu.ec\/sitio\/wp-content\/uploads\/2024\/08\/02-XAVIER-PATINO-585x295.jpg",585,295,true],"htmega_size_1170x536":["https:\/\/www.uartes.edu.ec\/sitio\/wp-content\/uploads\/2024\/08\/02-XAVIER-PATINO-1170x536.jpg",1170,536,true],"htmega_size_396x360":["https:\/\/www.uartes.edu.ec\/sitio\/wp-content\/uploads\/2024\/08\/02-XAVIER-PATINO-396x360.jpg",396,360,true],"gb-block-post-grid-landscape":["https:\/\/www.uartes.edu.ec\/sitio\/wp-content\/uploads\/2024\/08\/02-XAVIER-PATINO-600x400.jpg",600,400,true],"gb-block-post-grid-square":["https:\/\/www.uartes.edu.ec\/sitio\/wp-content\/uploads\/2024\/08\/02-XAVIER-PATINO-600x600.jpg",600,600,true],"university-hub-thumb":["https:\/\/www.uartes.edu.ec\/sitio\/wp-content\/uploads\/2024\/08\/02-XAVIER-PATINO-400x267.jpg",400,267,true]},"uagb_author_info":{"display_name":"ccortez","author_link":"https:\/\/www.uartes.edu.ec\/sitio\/blog\/author\/ccortez\/"},"uagb_comment_info":0,"uagb_excerpt":"Por su aporte a la ciudad, el artista Xavier Pati\u00f1o recibi\u00f3 la condecoraci\u00f3n Perla del Pac\u00edfico, otorgada por el Gobierno nacional en la sesi\u00f3n solemne por Guayaquil. En sus redes sociales, la ministra de Cultura y Patrimonio, Romina Mu\u00f1oz, coment\u00f3 el reconocimiento citando al docente de la Escuela de Artes Visuales de la UArtes como&hellip;","featured_image_src":"https:\/\/www.uartes.edu.ec\/sitio\/wp-content\/uploads\/2024\/08\/02-XAVIER-PATINO-600x400.jpg","featured_image_src_square":"https:\/\/www.uartes.edu.ec\/sitio\/wp-content\/uploads\/2024\/08\/02-XAVIER-PATINO-600x600.jpg","author_info":{"display_name":"ccortez","author_link":"https:\/\/www.uartes.edu.ec\/sitio\/blog\/author\/ccortez\/"},"publishpress_future_workflow_manual_trigger":{"enabledWorkflows":[]},"distributor_meta":false,"distributor_terms":false,"distributor_media":false,"distributor_original_site_name":"Universidad de las Artes","distributor_original_site_url":"https:\/\/www.uartes.edu.ec\/sitio","push-errors":false,"_links":{"self":[{"href":"https:\/\/www.uartes.edu.ec\/sitio\/wp-json\/wp\/v2\/posts\/60418","targetHints":{"allow":["GET"]}}],"collection":[{"href":"https:\/\/www.uartes.edu.ec\/sitio\/wp-json\/wp\/v2\/posts"}],"about":[{"href":"https:\/\/www.uartes.edu.ec\/sitio\/wp-json\/wp\/v2\/types\/post"}],"author":[{"embeddable":true,"href":"https:\/\/www.uartes.edu.ec\/sitio\/wp-json\/wp\/v2\/users\/10"}],"replies":[{"embeddable":true,"href":"https:\/\/www.uartes.edu.ec\/sitio\/wp-json\/wp\/v2\/comments?post=60418"}],"version-history":[{"count":10,"href":"https:\/\/www.uartes.edu.ec\/sitio\/wp-json\/wp\/v2\/posts\/60418\/revisions"}],"predecessor-version":[{"id":60453,"href":"https:\/\/www.uartes.edu.ec\/sitio\/wp-json\/wp\/v2\/posts\/60418\/revisions\/60453"}],"wp:featuredmedia":[{"embeddable":true,"href":"https:\/\/www.uartes.edu.ec\/sitio\/wp-json\/wp\/v2\/media\/60437"}],"wp:attachment":[{"href":"https:\/\/www.uartes.edu.ec\/sitio\/wp-json\/wp\/v2\/media?parent=60418"}],"wp:term":[{"taxonomy":"category","embeddable":true,"href":"https:\/\/www.uartes.edu.ec\/sitio\/wp-json\/wp\/v2\/categories?post=60418"},{"taxonomy":"post_tag","embeddable":true,"href":"https:\/\/www.uartes.edu.ec\/sitio\/wp-json\/wp\/v2\/tags?post=60418"},{"taxonomy":"infouartes","embeddable":true,"href":"https:\/\/www.uartes.edu.ec\/sitio\/wp-json\/wp\/v2\/infouartes?post=60418"}],"curies":[{"name":"wp","href":"https:\/\/api.w.org\/{rel}","templated":true}]}}