{"id":605,"date":"2017-07-13T15:48:42","date_gmt":"2017-07-13T20:48:42","guid":{"rendered":"http:\/\/www.uartes.edu.ec\/infouartes\/?p=605"},"modified":"2024-07-04T11:54:15","modified_gmt":"2024-07-04T16:54:15","slug":"empleados-y-trabajadores-se-organizan-provisionalmente-como-asociacion","status":"publish","type":"post","link":"https:\/\/www.uartes.edu.ec\/sitio\/blog\/2017\/07\/13\/empleados-y-trabajadores-se-organizan-provisionalmente-como-asociacion\/","title":{"rendered":"Empleados y trabajadores se organizan provisionalmente como asociaci\u00f3n"},"content":{"rendered":"<p>La tarde de este mi\u00e9rcoles 12 de julio de 2017, los empleados\/as y trabajadores\/as de la Universidad de las Artes del Ecuador (UArtes), en asamblea general, nombraron una directiva provisional en el camino a la constituci\u00f3n de la asociaci\u00f3n de empleados y trabajadores permanente de la instituci\u00f3n.<\/p>\n<p>\u201cLa intenci\u00f3n de la Directiva provisional es guiar y liderar el proceso hasta constituir la asociaci\u00f3n de empleados\/as y trabajadores\/as de la UArtes\u201d, as\u00ed lo manifest\u00f3 Oscar Valencia, director del \u00e1rea administrativa y financiera.<\/p>\n<p>La asamblea general eligi\u00f3 por mayor\u00eda de votos a Dario Gaibor, como Presidente provisional, Ver\u00f3nica Orellana, Tesorera, y Andr\u00e9s Sotomayor, Secretario.<\/p>\n<p>Este es uno de los elementos, junto a la asociaci\u00f3n de los docentes y constituci\u00f3n del Gobierno Estudiantil, necesarios para la conformaci\u00f3n del \u00d3rgano Colegiado Acad\u00e9mico Superior, que permitir\u00e1 a la UArtes avanzar hacia la autonom\u00eda universitaria.<\/p>\n<p>La nueva directiva adem\u00e1s deleg\u00f3 a un integrante a la Comisi\u00f3n General de Evaluaci\u00f3n Interna, aprobada por la Comisi\u00f3n Gestora el pasado mes de mayo, que ser\u00e1 la responsable de la ejecuci\u00f3n de los procesos de autoevaluaci\u00f3n, de la coordinaci\u00f3n institucional con el CEAACES, as\u00ed como del seguimiento de las pol\u00edticas y planes que implemente la instituci\u00f3n para avanzar en la excelencia acad\u00e9mica y la eficiencia de su gesti\u00f3n. La designaci\u00f3n recay\u00f3 en Paola Mac\u00edas y su elecci\u00f3n estuvo acompa\u00f1ada de una Comisi\u00f3n Veedora con el \u00e1nimo de transparentar el proceso.<\/p>\n<p>La Comisi\u00f3n General de Evaluaci\u00f3n Interna estar\u00e1 conformada adem\u00e1s por representantes de las autoridades de la instituci\u00f3n, de las Escuelas, \u00e1reas administrativas, docentes y estudiantes de la UArtes.<\/p>\n","protected":false},"excerpt":{"rendered":"<p>La tarde de este mi\u00e9rcoles 12 de julio de 2017, los empleados\/as y trabajadores\/as de la Universidad de las Artes del Ecuador (UArtes), en asamblea general, nombraron una directiva provisional en el camino a la constituci\u00f3n de la asociaci\u00f3n de empleados y trabajadores permanente de la instituci\u00f3n. \u201cLa intenci\u00f3n de la Directiva provisional es guiar [&hellip;]<\/p>\n","protected":false},"author":1,"featured_media":607,"comment_status":"closed","ping_status":"open","sticky":false,"template":"","format":"standard","meta":{"_acf_changed":false,"_uag_custom_page_level_css":"","_monsterinsights_skip_tracking":false,"_monsterinsights_sitenote_active":false,"_monsterinsights_sitenote_note":"","_monsterinsights_sitenote_category":0,"cybocfi_hide_featured_image":"","footnotes":""},"categories":[77],"tags":[],"infouartes":[],"class_list":["post-605","post","type-post","status-publish","format-standard","has-post-thumbnail","hentry","category-gestion"],"acf":[],"yoast_head":"<!-- This site is optimized with the Yoast SEO plugin v27.4 - https:\/\/yoast.com\/product\/yoast-seo-wordpress\/ -->\n<title>Universidad de las Artes - Empleados y trabajadores se organizan provisionalmente como asociaci\u00f3n<\/title>\n<meta name=\"description\" content=\"Universidad de las Artes - Empleados y trabajadores se organizan provisionalmente como asociaci\u00f3n\" \/>\n<meta name=\"robots\" content=\"index, follow, max-snippet:-1, max-image-preview:large, max-video-preview:-1\" \/>\n<link rel=\"canonical\" href=\"https:\/\/www.uartes.edu.ec\/sitio\/blog\/2017\/07\/13\/empleados-y-trabajadores-se-organizan-provisionalmente-como-asociacion\/\" \/>\n<meta property=\"og:locale\" content=\"es_ES\" \/>\n<meta property=\"og:type\" content=\"article\" \/>\n<meta property=\"og:title\" content=\"Universidad de las Artes - Empleados y trabajadores se organizan provisionalmente como asociaci\u00f3n\" \/>\n<meta property=\"og:description\" content=\"Universidad de las Artes - Empleados y trabajadores se organizan provisionalmente como asociaci\u00f3n\" \/>\n<meta property=\"og:url\" content=\"https:\/\/www.uartes.edu.ec\/sitio\/blog\/2017\/07\/13\/empleados-y-trabajadores-se-organizan-provisionalmente-como-asociacion\/\" \/>\n<meta property=\"og:site_name\" content=\"Universidad de las Artes\" \/>\n<meta property=\"article:publisher\" content=\"https:\/\/www.facebook.com\/uartesec\" \/>\n<meta property=\"article:published_time\" content=\"2017-07-13T20:48:42+00:00\" \/>\n<meta property=\"article:modified_time\" content=\"2024-07-04T16:54:15+00:00\" \/>\n<meta name=\"author\" content=\"Universidad de las Artes\" \/>\n<meta name=\"twitter:card\" content=\"summary_large_image\" \/>\n<meta name=\"twitter:creator\" content=\"@uartesec\" \/>\n<meta name=\"twitter:site\" content=\"@uartesec\" \/>\n<meta name=\"twitter:label1\" content=\"Escrito por\" \/>\n\t<meta name=\"twitter:data1\" content=\"Universidad de las Artes\" \/>\n\t<meta name=\"twitter:label2\" content=\"Tiempo de lectura\" \/>\n\t<meta name=\"twitter:data2\" content=\"1 minuto\" \/>\n<script type=\"application\/ld+json\" class=\"yoast-schema-graph\">{\"@context\":\"https:\\\/\\\/schema.org\",\"@graph\":[{\"@type\":\"Article\",\"@id\":\"https:\\\/\\\/www.uartes.edu.ec\\\/sitio\\\/blog\\\/2017\\\/07\\\/13\\\/empleados-y-trabajadores-se-organizan-provisionalmente-como-asociacion\\\/#article\",\"isPartOf\":{\"@id\":\"https:\\\/\\\/www.uartes.edu.ec\\\/sitio\\\/blog\\\/2017\\\/07\\\/13\\\/empleados-y-trabajadores-se-organizan-provisionalmente-como-asociacion\\\/\"},\"author\":{\"name\":\"Universidad de las Artes\",\"@id\":\"https:\\\/\\\/www.uartes.edu.ec\\\/sitio\\\/#\\\/schema\\\/person\\\/f33f8c1d2af0d5c80a38c8abf458184a\"},\"headline\":\"Empleados y trabajadores se organizan provisionalmente como asociaci\u00f3n\",\"datePublished\":\"2017-07-13T20:48:42+00:00\",\"dateModified\":\"2024-07-04T16:54:15+00:00\",\"mainEntityOfPage\":{\"@id\":\"https:\\\/\\\/www.uartes.edu.ec\\\/sitio\\\/blog\\\/2017\\\/07\\\/13\\\/empleados-y-trabajadores-se-organizan-provisionalmente-como-asociacion\\\/\"},\"wordCount\":303,\"publisher\":{\"@id\":\"https:\\\/\\\/www.uartes.edu.ec\\\/sitio\\\/#organization\"},\"image\":{\"@id\":\"https:\\\/\\\/www.uartes.edu.ec\\\/sitio\\\/blog\\\/2017\\\/07\\\/13\\\/empleados-y-trabajadores-se-organizan-provisionalmente-como-asociacion\\\/#primaryimage\"},\"thumbnailUrl\":\"\",\"articleSection\":[\"Gesti\u00f3n\"],\"inLanguage\":\"es\"},{\"@type\":[\"WebPage\",\"ItemPage\"],\"@id\":\"https:\\\/\\\/www.uartes.edu.ec\\\/sitio\\\/blog\\\/2017\\\/07\\\/13\\\/empleados-y-trabajadores-se-organizan-provisionalmente-como-asociacion\\\/\",\"url\":\"https:\\\/\\\/www.uartes.edu.ec\\\/sitio\\\/blog\\\/2017\\\/07\\\/13\\\/empleados-y-trabajadores-se-organizan-provisionalmente-como-asociacion\\\/\",\"name\":\"Universidad de las Artes - Empleados y trabajadores se organizan provisionalmente como asociaci\u00f3n\",\"isPartOf\":{\"@id\":\"https:\\\/\\\/www.uartes.edu.ec\\\/sitio\\\/#website\"},\"primaryImageOfPage\":{\"@id\":\"https:\\\/\\\/www.uartes.edu.ec\\\/sitio\\\/blog\\\/2017\\\/07\\\/13\\\/empleados-y-trabajadores-se-organizan-provisionalmente-como-asociacion\\\/#primaryimage\"},\"image\":{\"@id\":\"https:\\\/\\\/www.uartes.edu.ec\\\/sitio\\\/blog\\\/2017\\\/07\\\/13\\\/empleados-y-trabajadores-se-organizan-provisionalmente-como-asociacion\\\/#primaryimage\"},\"thumbnailUrl\":\"\",\"datePublished\":\"2017-07-13T20:48:42+00:00\",\"dateModified\":\"2024-07-04T16:54:15+00:00\",\"description\":\"Universidad de las Artes - Empleados y trabajadores se organizan provisionalmente como asociaci\u00f3n\",\"breadcrumb\":{\"@id\":\"https:\\\/\\\/www.uartes.edu.ec\\\/sitio\\\/blog\\\/2017\\\/07\\\/13\\\/empleados-y-trabajadores-se-organizan-provisionalmente-como-asociacion\\\/#breadcrumb\"},\"inLanguage\":\"es\",\"potentialAction\":[{\"@type\":\"ReadAction\",\"target\":[\"https:\\\/\\\/www.uartes.edu.ec\\\/sitio\\\/blog\\\/2017\\\/07\\\/13\\\/empleados-y-trabajadores-se-organizan-provisionalmente-como-asociacion\\\/\"]}]},{\"@type\":\"ImageObject\",\"inLanguage\":\"es\",\"@id\":\"https:\\\/\\\/www.uartes.edu.ec\\\/sitio\\\/blog\\\/2017\\\/07\\\/13\\\/empleados-y-trabajadores-se-organizan-provisionalmente-como-asociacion\\\/#primaryimage\",\"url\":\"\",\"contentUrl\":\"\"},{\"@type\":\"BreadcrumbList\",\"@id\":\"https:\\\/\\\/www.uartes.edu.ec\\\/sitio\\\/blog\\\/2017\\\/07\\\/13\\\/empleados-y-trabajadores-se-organizan-provisionalmente-como-asociacion\\\/#breadcrumb\",\"itemListElement\":[{\"@type\":\"ListItem\",\"position\":1,\"name\":\"Inicio\",\"item\":\"https:\\\/\\\/www.uartes.edu.ec\\\/sitio\\\/\"},{\"@type\":\"ListItem\",\"position\":2,\"name\":\"Empleados y trabajadores se organizan provisionalmente como asociaci\u00f3n\"}]},{\"@type\":\"WebSite\",\"@id\":\"https:\\\/\\\/www.uartes.edu.ec\\\/sitio\\\/#website\",\"url\":\"https:\\\/\\\/www.uartes.edu.ec\\\/sitio\\\/\",\"name\":\"Universidad de las Artes\",\"description\":\"Sitio oficial de la Universidad Nacional de las Artes del Ecuador\",\"publisher\":{\"@id\":\"https:\\\/\\\/www.uartes.edu.ec\\\/sitio\\\/#organization\"},\"potentialAction\":[{\"@type\":\"SearchAction\",\"target\":{\"@type\":\"EntryPoint\",\"urlTemplate\":\"https:\\\/\\\/www.uartes.edu.ec\\\/sitio\\\/?s={search_term_string}\"},\"query-input\":{\"@type\":\"PropertyValueSpecification\",\"valueRequired\":true,\"valueName\":\"search_term_string\"}}],\"inLanguage\":\"es\"},{\"@type\":\"Organization\",\"@id\":\"https:\\\/\\\/www.uartes.edu.ec\\\/sitio\\\/#organization\",\"name\":\"Universidad de las Artes\",\"url\":\"https:\\\/\\\/www.uartes.edu.ec\\\/sitio\\\/\",\"logo\":{\"@type\":\"ImageObject\",\"inLanguage\":\"es\",\"@id\":\"https:\\\/\\\/www.uartes.edu.ec\\\/sitio\\\/#\\\/schema\\\/logo\\\/image\\\/\",\"url\":\"https:\\\/\\\/www.uartes.edu.ec\\\/sitio\\\/wp-content\\\/uploads\\\/2022\\\/07\\\/logo-ua-horizontal.png\",\"contentUrl\":\"https:\\\/\\\/www.uartes.edu.ec\\\/sitio\\\/wp-content\\\/uploads\\\/2022\\\/07\\\/logo-ua-horizontal.png\",\"width\":800,\"height\":276,\"caption\":\"Universidad de las Artes\"},\"image\":{\"@id\":\"https:\\\/\\\/www.uartes.edu.ec\\\/sitio\\\/#\\\/schema\\\/logo\\\/image\\\/\"},\"sameAs\":[\"https:\\\/\\\/www.facebook.com\\\/uartesec\",\"https:\\\/\\\/x.com\\\/uartesec\",\"https:\\\/\\\/www.tiktok.com\\\/@uartesec\"]},{\"@type\":\"Person\",\"@id\":\"https:\\\/\\\/www.uartes.edu.ec\\\/sitio\\\/#\\\/schema\\\/person\\\/f33f8c1d2af0d5c80a38c8abf458184a\",\"name\":\"Universidad de las Artes\",\"image\":{\"@type\":\"ImageObject\",\"inLanguage\":\"es\",\"@id\":\"https:\\\/\\\/secure.gravatar.com\\\/avatar\\\/52e4757902f5cfa5ac52d020e5be83cae5487519154b6c35482fe08d589f3c13?s=96&d=mm&r=g\",\"url\":\"https:\\\/\\\/secure.gravatar.com\\\/avatar\\\/52e4757902f5cfa5ac52d020e5be83cae5487519154b6c35482fe08d589f3c13?s=96&d=mm&r=g\",\"contentUrl\":\"https:\\\/\\\/secure.gravatar.com\\\/avatar\\\/52e4757902f5cfa5ac52d020e5be83cae5487519154b6c35482fe08d589f3c13?s=96&d=mm&r=g\",\"caption\":\"Universidad de las Artes\"},\"url\":\"https:\\\/\\\/www.uartes.edu.ec\\\/sitio\\\/blog\\\/author\\\/dircomadm\\\/\"}]}<\/script>\n<!-- \/ Yoast SEO plugin. -->","yoast_head_json":{"title":"Universidad de las Artes - Empleados y trabajadores se organizan provisionalmente como asociaci\u00f3n","description":"Universidad de las Artes - Empleados y trabajadores se organizan provisionalmente como asociaci\u00f3n","robots":{"index":"index","follow":"follow","max-snippet":"max-snippet:-1","max-image-preview":"max-image-preview:large","max-video-preview":"max-video-preview:-1"},"canonical":"https:\/\/www.uartes.edu.ec\/sitio\/blog\/2017\/07\/13\/empleados-y-trabajadores-se-organizan-provisionalmente-como-asociacion\/","og_locale":"es_ES","og_type":"article","og_title":"Universidad de las Artes - Empleados y trabajadores se organizan provisionalmente como asociaci\u00f3n","og_description":"Universidad de las Artes - Empleados y trabajadores se organizan provisionalmente como asociaci\u00f3n","og_url":"https:\/\/www.uartes.edu.ec\/sitio\/blog\/2017\/07\/13\/empleados-y-trabajadores-se-organizan-provisionalmente-como-asociacion\/","og_site_name":"Universidad de las Artes","article_publisher":"https:\/\/www.facebook.com\/uartesec","article_published_time":"2017-07-13T20:48:42+00:00","article_modified_time":"2024-07-04T16:54:15+00:00","author":"Universidad de las Artes","twitter_card":"summary_large_image","twitter_creator":"@uartesec","twitter_site":"@uartesec","twitter_misc":{"Escrito por":"Universidad de las Artes","Tiempo de lectura":"1 minuto"},"schema":{"@context":"https:\/\/schema.org","@graph":[{"@type":"Article","@id":"https:\/\/www.uartes.edu.ec\/sitio\/blog\/2017\/07\/13\/empleados-y-trabajadores-se-organizan-provisionalmente-como-asociacion\/#article","isPartOf":{"@id":"https:\/\/www.uartes.edu.ec\/sitio\/blog\/2017\/07\/13\/empleados-y-trabajadores-se-organizan-provisionalmente-como-asociacion\/"},"author":{"name":"Universidad de las Artes","@id":"https:\/\/www.uartes.edu.ec\/sitio\/#\/schema\/person\/f33f8c1d2af0d5c80a38c8abf458184a"},"headline":"Empleados y trabajadores se organizan provisionalmente como asociaci\u00f3n","datePublished":"2017-07-13T20:48:42+00:00","dateModified":"2024-07-04T16:54:15+00:00","mainEntityOfPage":{"@id":"https:\/\/www.uartes.edu.ec\/sitio\/blog\/2017\/07\/13\/empleados-y-trabajadores-se-organizan-provisionalmente-como-asociacion\/"},"wordCount":303,"publisher":{"@id":"https:\/\/www.uartes.edu.ec\/sitio\/#organization"},"image":{"@id":"https:\/\/www.uartes.edu.ec\/sitio\/blog\/2017\/07\/13\/empleados-y-trabajadores-se-organizan-provisionalmente-como-asociacion\/#primaryimage"},"thumbnailUrl":"","articleSection":["Gesti\u00f3n"],"inLanguage":"es"},{"@type":["WebPage","ItemPage"],"@id":"https:\/\/www.uartes.edu.ec\/sitio\/blog\/2017\/07\/13\/empleados-y-trabajadores-se-organizan-provisionalmente-como-asociacion\/","url":"https:\/\/www.uartes.edu.ec\/sitio\/blog\/2017\/07\/13\/empleados-y-trabajadores-se-organizan-provisionalmente-como-asociacion\/","name":"Universidad de las Artes - Empleados y trabajadores se organizan provisionalmente como asociaci\u00f3n","isPartOf":{"@id":"https:\/\/www.uartes.edu.ec\/sitio\/#website"},"primaryImageOfPage":{"@id":"https:\/\/www.uartes.edu.ec\/sitio\/blog\/2017\/07\/13\/empleados-y-trabajadores-se-organizan-provisionalmente-como-asociacion\/#primaryimage"},"image":{"@id":"https:\/\/www.uartes.edu.ec\/sitio\/blog\/2017\/07\/13\/empleados-y-trabajadores-se-organizan-provisionalmente-como-asociacion\/#primaryimage"},"thumbnailUrl":"","datePublished":"2017-07-13T20:48:42+00:00","dateModified":"2024-07-04T16:54:15+00:00","description":"Universidad de las Artes - Empleados y trabajadores se organizan provisionalmente como asociaci\u00f3n","breadcrumb":{"@id":"https:\/\/www.uartes.edu.ec\/sitio\/blog\/2017\/07\/13\/empleados-y-trabajadores-se-organizan-provisionalmente-como-asociacion\/#breadcrumb"},"inLanguage":"es","potentialAction":[{"@type":"ReadAction","target":["https:\/\/www.uartes.edu.ec\/sitio\/blog\/2017\/07\/13\/empleados-y-trabajadores-se-organizan-provisionalmente-como-asociacion\/"]}]},{"@type":"ImageObject","inLanguage":"es","@id":"https:\/\/www.uartes.edu.ec\/sitio\/blog\/2017\/07\/13\/empleados-y-trabajadores-se-organizan-provisionalmente-como-asociacion\/#primaryimage","url":"","contentUrl":""},{"@type":"BreadcrumbList","@id":"https:\/\/www.uartes.edu.ec\/sitio\/blog\/2017\/07\/13\/empleados-y-trabajadores-se-organizan-provisionalmente-como-asociacion\/#breadcrumb","itemListElement":[{"@type":"ListItem","position":1,"name":"Inicio","item":"https:\/\/www.uartes.edu.ec\/sitio\/"},{"@type":"ListItem","position":2,"name":"Empleados y trabajadores se organizan provisionalmente como asociaci\u00f3n"}]},{"@type":"WebSite","@id":"https:\/\/www.uartes.edu.ec\/sitio\/#website","url":"https:\/\/www.uartes.edu.ec\/sitio\/","name":"Universidad de las Artes","description":"Sitio oficial de la Universidad Nacional de las Artes del Ecuador","publisher":{"@id":"https:\/\/www.uartes.edu.ec\/sitio\/#organization"},"potentialAction":[{"@type":"SearchAction","target":{"@type":"EntryPoint","urlTemplate":"https:\/\/www.uartes.edu.ec\/sitio\/?s={search_term_string}"},"query-input":{"@type":"PropertyValueSpecification","valueRequired":true,"valueName":"search_term_string"}}],"inLanguage":"es"},{"@type":"Organization","@id":"https:\/\/www.uartes.edu.ec\/sitio\/#organization","name":"Universidad de las Artes","url":"https:\/\/www.uartes.edu.ec\/sitio\/","logo":{"@type":"ImageObject","inLanguage":"es","@id":"https:\/\/www.uartes.edu.ec\/sitio\/#\/schema\/logo\/image\/","url":"https:\/\/www.uartes.edu.ec\/sitio\/wp-content\/uploads\/2022\/07\/logo-ua-horizontal.png","contentUrl":"https:\/\/www.uartes.edu.ec\/sitio\/wp-content\/uploads\/2022\/07\/logo-ua-horizontal.png","width":800,"height":276,"caption":"Universidad de las Artes"},"image":{"@id":"https:\/\/www.uartes.edu.ec\/sitio\/#\/schema\/logo\/image\/"},"sameAs":["https:\/\/www.facebook.com\/uartesec","https:\/\/x.com\/uartesec","https:\/\/www.tiktok.com\/@uartesec"]},{"@type":"Person","@id":"https:\/\/www.uartes.edu.ec\/sitio\/#\/schema\/person\/f33f8c1d2af0d5c80a38c8abf458184a","name":"Universidad de las Artes","image":{"@type":"ImageObject","inLanguage":"es","@id":"https:\/\/secure.gravatar.com\/avatar\/52e4757902f5cfa5ac52d020e5be83cae5487519154b6c35482fe08d589f3c13?s=96&d=mm&r=g","url":"https:\/\/secure.gravatar.com\/avatar\/52e4757902f5cfa5ac52d020e5be83cae5487519154b6c35482fe08d589f3c13?s=96&d=mm&r=g","contentUrl":"https:\/\/secure.gravatar.com\/avatar\/52e4757902f5cfa5ac52d020e5be83cae5487519154b6c35482fe08d589f3c13?s=96&d=mm&r=g","caption":"Universidad de las Artes"},"url":"https:\/\/www.uartes.edu.ec\/sitio\/blog\/author\/dircomadm\/"}]}},"uagb_featured_image_src":{"full":false,"thumbnail":false,"medium":false,"medium_large":false,"large":false,"1536x1536":false,"2048x2048":false,"trp-custom-language-flag":false,"htmega_size_585x295":false,"htmega_size_1170x536":false,"htmega_size_396x360":false,"gb-block-post-grid-landscape":false,"gb-block-post-grid-square":false,"university-hub-thumb":false},"uagb_author_info":{"display_name":"Universidad de las Artes","author_link":"https:\/\/www.uartes.edu.ec\/sitio\/blog\/author\/dircomadm\/"},"uagb_comment_info":0,"uagb_excerpt":"La tarde de este mi\u00e9rcoles 12 de julio de 2017, los empleados\/as y trabajadores\/as de la Universidad de las Artes del Ecuador (UArtes), en asamblea general, nombraron una directiva provisional en el camino a la constituci\u00f3n de la asociaci\u00f3n de empleados y trabajadores permanente de la instituci\u00f3n. \u201cLa intenci\u00f3n de la Directiva provisional es guiar&hellip;","featured_image_src":null,"featured_image_src_square":null,"author_info":{"display_name":"Universidad de las Artes","author_link":"https:\/\/www.uartes.edu.ec\/sitio\/blog\/author\/dircomadm\/"},"publishpress_future_workflow_manual_trigger":{"enabledWorkflows":[]},"distributor_meta":false,"distributor_terms":false,"distributor_media":false,"distributor_original_site_name":"Universidad de las Artes","distributor_original_site_url":"https:\/\/www.uartes.edu.ec\/sitio","push-errors":false,"_links":{"self":[{"href":"https:\/\/www.uartes.edu.ec\/sitio\/wp-json\/wp\/v2\/posts\/605","targetHints":{"allow":["GET"]}}],"collection":[{"href":"https:\/\/www.uartes.edu.ec\/sitio\/wp-json\/wp\/v2\/posts"}],"about":[{"href":"https:\/\/www.uartes.edu.ec\/sitio\/wp-json\/wp\/v2\/types\/post"}],"author":[{"embeddable":true,"href":"https:\/\/www.uartes.edu.ec\/sitio\/wp-json\/wp\/v2\/users\/1"}],"replies":[{"embeddable":true,"href":"https:\/\/www.uartes.edu.ec\/sitio\/wp-json\/wp\/v2\/comments?post=605"}],"version-history":[{"count":1,"href":"https:\/\/www.uartes.edu.ec\/sitio\/wp-json\/wp\/v2\/posts\/605\/revisions"}],"predecessor-version":[{"id":58020,"href":"https:\/\/www.uartes.edu.ec\/sitio\/wp-json\/wp\/v2\/posts\/605\/revisions\/58020"}],"wp:featuredmedia":[{"embeddable":true,"href":"https:\/\/www.uartes.edu.ec\/sitio\/wp-json\/"}],"wp:attachment":[{"href":"https:\/\/www.uartes.edu.ec\/sitio\/wp-json\/wp\/v2\/media?parent=605"}],"wp:term":[{"taxonomy":"category","embeddable":true,"href":"https:\/\/www.uartes.edu.ec\/sitio\/wp-json\/wp\/v2\/categories?post=605"},{"taxonomy":"post_tag","embeddable":true,"href":"https:\/\/www.uartes.edu.ec\/sitio\/wp-json\/wp\/v2\/tags?post=605"},{"taxonomy":"infouartes","embeddable":true,"href":"https:\/\/www.uartes.edu.ec\/sitio\/wp-json\/wp\/v2\/infouartes?post=605"}],"curies":[{"name":"wp","href":"https:\/\/api.w.org\/{rel}","templated":true}]}}