{"id":60719,"date":"2024-07-15T16:56:00","date_gmt":"2024-07-15T21:56:00","guid":{"rendered":"https:\/\/www.uartes.edu.ec\/sitio\/?p=60719"},"modified":"2024-08-14T18:04:36","modified_gmt":"2024-08-14T23:04:36","slug":"gilberto-rivero-y-la-grabacion-de-la-seccion-de-vientos-en-case-charla-y-concierto-con-el-reconocido-musico","status":"publish","type":"post","link":"https:\/\/www.uartes.edu.ec\/sitio\/blog\/2024\/07\/15\/gilberto-rivero-y-la-grabacion-de-la-seccion-de-vientos-en-case-charla-y-concierto-con-el-reconocido-musico\/","title":{"rendered":"Gilberto Rivero y la grabaci\u00f3n de la secci\u00f3n de vientos; en CASE con charla y concierto"},"content":{"rendered":"\n<p>En las Conferencias de Audio y Sonido del Ecuador (CASE), organizado por la Escuela de Artes Sonoras de la Universidad de las Artes, el saxofonista Gilberto Rivero, conocido por su profunda pasi\u00f3n por el jazz y su habilidad para transmitir conocimientos musicales, brind\u00f3 la charla \u201cGrabando la secci\u00f3n de vientos\u201d y tambi\u00e9n ofreci\u00f3 un concierto. Ambas actividades tuvieron lugar el pasado 10 de julio, en la segunda de las cinco jornadas de la cita.<\/p>\n\n\n\n<p>Con su caracter\u00edstico carisma y conocimiento profundo del jazz, Rivero inici\u00f3 su intervenci\u00f3n en la charla enfoc\u00e1ndose en las diferentes colocaciones del saxof\u00f3n. Explic\u00f3 c\u00f3mo la posici\u00f3n del instrumento y el \u00e1ngulo de soplado pueden influir en el tono y la resonancia. &#8220;Cada colocaci\u00f3n tiene su propia voz, desde el suave susurro de un \u00e1ngulo suave hasta el brillo agudo de un \u00e1ngulo m\u00e1s pronunciado&#8221;.<\/p>\n\n\n\n<p>Pas\u00f3 luego a la lectura musical, destacando la importancia de la interpretaci\u00f3n precisa de los s\u00edmbolos en la partitura. &#8220;Cada nota y s\u00edmbolo tiene un significado&#8221;, enfatiz\u00f3, mientras condujo a los estudiantes UArtes que acudieron a su charla a trav\u00e9s de complicados pasajes de partituras de jazz. &#8220;La lectura musical es la clave para capturar la esencia del jazz, donde cada ritmo y fraseo cuenta una historia diferente&#8221;.<\/p>\n\n\n\n<h3 class=\"wp-block-heading\">Complejidad emocional del jazz<\/h3>\n\n\n\n<p>La siguiente lecci\u00f3n se centr\u00f3 en la articulaci\u00f3n y el control din\u00e1mico, dos elementos cruciales para expresar la complejidad emocional del jazz. Gilberto Rivero demostr\u00f3 con maestr\u00eda c\u00f3mo una ligera variaci\u00f3n en la articulaci\u00f3n puede transformar una frase musical, creando contrastes que mantienen a los oyentes cautivados.<\/p>\n\n\n\n<p>&#8220;Ajustar finales de fase y dimensiones de las notas es como esculpir el sonido&#8221;, explic\u00f3, guindo a los estudiantes a trav\u00e9s de ejercicios meticulosos para perfeccionar la precisi\u00f3n y la cohesi\u00f3n del grupo. &#8220;La fase final de una nota puede determinar su impacto emocional y su resonancia en la mezcla general&#8221;, agreg\u00f3.<\/p>\n\n\n\n<p>Sin embargo, la verdadera complejidad y desaf\u00edo del jazz se revel\u00f3 cuando Rivero abord\u00f3 la interacci\u00f3n entre saxofonistas en un ensamble. &#8220;El jazz es conversaci\u00f3n y colaboraci\u00f3n&#8221;, dijo, destacando c\u00f3mo cada saxofonista debe encontrar su voz \u00fanica mientras armoniza con otros. &#8220;Es un equilibrio delicado entre la individualidad y la armon\u00eda colectiva&#8221;.<\/p>\n\n\n\n<p>Para tocar jazz con otros saxofonistas deben no solo dominar la t\u00e9cnica, sino tambi\u00e9n desarrollar un o\u00eddo atento y una sensibilidad musical refinada. Es una danza compleja de improvisaci\u00f3n y respuesta, donde la empat\u00eda musical y el respeto por el espacio de cada m\u00fasico son fundamentales.<\/p>\n\n\n\n<h3 class=\"wp-block-heading\">El desempe\u00f1o depende de los m\u00fasicos<\/h3>\n\n\n\n<p>&#8220;Grabamos tres l\u00edneas de \u2018Big Bang\u2019 para resaltar las diferencias en el ritmo, la finalizaci\u00f3n de las notas y la libertad interpretativa. Ense\u00f1amos que la ejecuci\u00f3n inicial es crucial y no se puede depender completamente de la posproducci\u00f3n para corregir deficiencias, esto se corrige en vivo, ya que puede comprometer la calidad del sonido despu\u00e9s de horas de grabaci\u00f3n exhaustiva. Los cantantes, luego de horas de esfuerzo, pueden desgastarse, afectando el resultado final\u201d.<\/p>\n\n\n\n<p>Sostuvo que en el estudio el desempe\u00f1o depende de los m\u00fasicos. \u201cSi no est\u00e1n satisfechos con los resultados, busquen otro estudio. No teman corregir, ajustar o sugerir innovaciones a los cantantes para asegurar que la m\u00fasica sea mel\u00f3dica y convincente\u201d, precis\u00f3.<\/p>\n\n\n\n<p>Al final de la lecci\u00f3n, mientras los estudiantes se despiden con gratitud y respeto, Gilberto Rivero reflej\u00f3 su propia pasi\u00f3n por el jazz y por ense\u00f1ar. \u201cEl jazz nos desaf\u00eda a crecer como m\u00fasicos y como personas\u201d, anot\u00f3 con convicci\u00f3n, a\u00f1adiendo que \u201ces un viaje de descubrimiento constante, donde la colaboraci\u00f3n y el aprendizaje nunca terminan\u201d.<\/p>\n\n\n\n<p>Texto: Eleinn Rivera, estudiante de la Escuela de Literatura UArtes.<\/p>\n","protected":false},"excerpt":{"rendered":"<p>En las Conferencias de Audio y Sonido del Ecuador (CASE), organizado por la Escuela de Artes Sonoras de la Universidad de las Artes, el saxofonista Gilberto Rivero, conocido por su profunda pasi\u00f3n por el jazz y su habilidad para transmitir conocimientos musicales, brind\u00f3 la charla \u201cGrabando la secci\u00f3n de vientos\u201d y tambi\u00e9n ofreci\u00f3 un concierto. Ambas actividades tuvieron lugar el pasado 10 de julio, en la segunda de las cinco jornadas de la cita. <\/p>\n","protected":false},"author":10,"featured_media":60720,"comment_status":"open","ping_status":"open","sticky":false,"template":"","format":"standard","meta":{"_acf_changed":false,"_uag_custom_page_level_css":"","_monsterinsights_skip_tracking":false,"_monsterinsights_sitenote_active":false,"_monsterinsights_sitenote_note":"","_monsterinsights_sitenote_category":0,"cybocfi_hide_featured_image":"","footnotes":""},"categories":[80,490,82,150,75,284,83],"tags":[679],"infouartes":[],"class_list":["post-60719","post","type-post","status-publish","format-standard","has-post-thumbnail","hentry","category-academico","category-alumni","category-artes","category-artes-sonoras","category-docentes","category-investigacion","category-sedes","tag-conferencias"],"acf":[],"yoast_head":"<!-- This site is optimized with the Yoast SEO plugin v27.4 - https:\/\/yoast.com\/product\/yoast-seo-wordpress\/ -->\n<title>Universidad de las Artes - Gilberto Rivero y la grabaci\u00f3n de la secci\u00f3n de vientos; en CASE con charla y concierto<\/title>\n<meta name=\"description\" content=\"Universidad de las Artes - Gilberto Rivero y la grabaci\u00f3n de la secci\u00f3n de vientos; en CASE con charla y concierto\" \/>\n<meta name=\"robots\" content=\"index, follow, max-snippet:-1, max-image-preview:large, max-video-preview:-1\" \/>\n<link rel=\"canonical\" href=\"https:\/\/www.uartes.edu.ec\/sitio\/blog\/2024\/07\/15\/gilberto-rivero-y-la-grabacion-de-la-seccion-de-vientos-en-case-charla-y-concierto-con-el-reconocido-musico\/\" \/>\n<meta property=\"og:locale\" content=\"es_ES\" \/>\n<meta property=\"og:type\" content=\"article\" \/>\n<meta property=\"og:title\" content=\"Universidad de las Artes - Gilberto Rivero y la grabaci\u00f3n de la secci\u00f3n de vientos; en CASE con charla y concierto\" \/>\n<meta property=\"og:description\" content=\"Universidad de las Artes - Gilberto Rivero y la grabaci\u00f3n de la secci\u00f3n de vientos; en CASE con charla y concierto\" \/>\n<meta property=\"og:url\" content=\"https:\/\/www.uartes.edu.ec\/sitio\/blog\/2024\/07\/15\/gilberto-rivero-y-la-grabacion-de-la-seccion-de-vientos-en-case-charla-y-concierto-con-el-reconocido-musico\/\" \/>\n<meta property=\"og:site_name\" content=\"Universidad de las Artes\" \/>\n<meta property=\"article:publisher\" content=\"https:\/\/www.facebook.com\/uartesec\" \/>\n<meta property=\"article:published_time\" content=\"2024-07-15T21:56:00+00:00\" \/>\n<meta property=\"article:modified_time\" content=\"2024-08-14T23:04:36+00:00\" \/>\n<meta property=\"og:image\" content=\"https:\/\/www.uartes.edu.ec\/sitio\/wp-content\/uploads\/2024\/08\/Gilberto2-Rivera.jpg\" \/>\n\t<meta property=\"og:image:width\" content=\"2000\" \/>\n\t<meta property=\"og:image:height\" content=\"1500\" \/>\n\t<meta property=\"og:image:type\" content=\"image\/jpeg\" \/>\n<meta name=\"author\" content=\"ccortez\" \/>\n<meta name=\"twitter:card\" content=\"summary_large_image\" \/>\n<meta name=\"twitter:creator\" content=\"@uartesec\" \/>\n<meta name=\"twitter:site\" content=\"@uartesec\" \/>\n<meta name=\"twitter:label1\" content=\"Escrito por\" \/>\n\t<meta name=\"twitter:data1\" content=\"ccortez\" \/>\n\t<meta name=\"twitter:label2\" content=\"Tiempo de lectura\" \/>\n\t<meta name=\"twitter:data2\" content=\"3 minutos\" \/>\n<script type=\"application\/ld+json\" class=\"yoast-schema-graph\">{\"@context\":\"https:\\\/\\\/schema.org\",\"@graph\":[{\"@type\":\"Article\",\"@id\":\"https:\\\/\\\/www.uartes.edu.ec\\\/sitio\\\/blog\\\/2024\\\/07\\\/15\\\/gilberto-rivero-y-la-grabacion-de-la-seccion-de-vientos-en-case-charla-y-concierto-con-el-reconocido-musico\\\/#article\",\"isPartOf\":{\"@id\":\"https:\\\/\\\/www.uartes.edu.ec\\\/sitio\\\/blog\\\/2024\\\/07\\\/15\\\/gilberto-rivero-y-la-grabacion-de-la-seccion-de-vientos-en-case-charla-y-concierto-con-el-reconocido-musico\\\/\"},\"author\":{\"name\":\"ccortez\",\"@id\":\"https:\\\/\\\/www.uartes.edu.ec\\\/sitio\\\/#\\\/schema\\\/person\\\/efa1b8275797664fd7f13a79ccc0b1f4\"},\"headline\":\"Gilberto Rivero y la grabaci\u00f3n de la secci\u00f3n de vientos; en CASE con charla y concierto\",\"datePublished\":\"2024-07-15T21:56:00+00:00\",\"dateModified\":\"2024-08-14T23:04:36+00:00\",\"mainEntityOfPage\":{\"@id\":\"https:\\\/\\\/www.uartes.edu.ec\\\/sitio\\\/blog\\\/2024\\\/07\\\/15\\\/gilberto-rivero-y-la-grabacion-de-la-seccion-de-vientos-en-case-charla-y-concierto-con-el-reconocido-musico\\\/\"},\"wordCount\":670,\"commentCount\":0,\"publisher\":{\"@id\":\"https:\\\/\\\/www.uartes.edu.ec\\\/sitio\\\/#organization\"},\"image\":{\"@id\":\"https:\\\/\\\/www.uartes.edu.ec\\\/sitio\\\/blog\\\/2024\\\/07\\\/15\\\/gilberto-rivero-y-la-grabacion-de-la-seccion-de-vientos-en-case-charla-y-concierto-con-el-reconocido-musico\\\/#primaryimage\"},\"thumbnailUrl\":\"https:\\\/\\\/www.uartes.edu.ec\\\/sitio\\\/wp-content\\\/uploads\\\/2024\\\/08\\\/Gilberto2-Rivera.jpg\",\"keywords\":[\"conferencias\"],\"articleSection\":[\"Acad\u00e9mico\",\"Alumni\",\"Artes\",\"Artes Sonoras\",\"Docentes\",\"Investigaci\u00f3n\",\"Sedes\"],\"inLanguage\":\"es\",\"potentialAction\":[{\"@type\":\"CommentAction\",\"name\":\"Comment\",\"target\":[\"https:\\\/\\\/www.uartes.edu.ec\\\/sitio\\\/blog\\\/2024\\\/07\\\/15\\\/gilberto-rivero-y-la-grabacion-de-la-seccion-de-vientos-en-case-charla-y-concierto-con-el-reconocido-musico\\\/#respond\"]}]},{\"@type\":[\"WebPage\",\"ItemPage\"],\"@id\":\"https:\\\/\\\/www.uartes.edu.ec\\\/sitio\\\/blog\\\/2024\\\/07\\\/15\\\/gilberto-rivero-y-la-grabacion-de-la-seccion-de-vientos-en-case-charla-y-concierto-con-el-reconocido-musico\\\/\",\"url\":\"https:\\\/\\\/www.uartes.edu.ec\\\/sitio\\\/blog\\\/2024\\\/07\\\/15\\\/gilberto-rivero-y-la-grabacion-de-la-seccion-de-vientos-en-case-charla-y-concierto-con-el-reconocido-musico\\\/\",\"name\":\"Universidad de las Artes - Gilberto Rivero y la grabaci\u00f3n de la secci\u00f3n de vientos; en CASE con charla y concierto\",\"isPartOf\":{\"@id\":\"https:\\\/\\\/www.uartes.edu.ec\\\/sitio\\\/#website\"},\"primaryImageOfPage\":{\"@id\":\"https:\\\/\\\/www.uartes.edu.ec\\\/sitio\\\/blog\\\/2024\\\/07\\\/15\\\/gilberto-rivero-y-la-grabacion-de-la-seccion-de-vientos-en-case-charla-y-concierto-con-el-reconocido-musico\\\/#primaryimage\"},\"image\":{\"@id\":\"https:\\\/\\\/www.uartes.edu.ec\\\/sitio\\\/blog\\\/2024\\\/07\\\/15\\\/gilberto-rivero-y-la-grabacion-de-la-seccion-de-vientos-en-case-charla-y-concierto-con-el-reconocido-musico\\\/#primaryimage\"},\"thumbnailUrl\":\"https:\\\/\\\/www.uartes.edu.ec\\\/sitio\\\/wp-content\\\/uploads\\\/2024\\\/08\\\/Gilberto2-Rivera.jpg\",\"datePublished\":\"2024-07-15T21:56:00+00:00\",\"dateModified\":\"2024-08-14T23:04:36+00:00\",\"description\":\"Universidad de las Artes - Gilberto Rivero y la grabaci\u00f3n de la secci\u00f3n de vientos; en CASE con charla y concierto\",\"breadcrumb\":{\"@id\":\"https:\\\/\\\/www.uartes.edu.ec\\\/sitio\\\/blog\\\/2024\\\/07\\\/15\\\/gilberto-rivero-y-la-grabacion-de-la-seccion-de-vientos-en-case-charla-y-concierto-con-el-reconocido-musico\\\/#breadcrumb\"},\"inLanguage\":\"es\",\"potentialAction\":[{\"@type\":\"ReadAction\",\"target\":[\"https:\\\/\\\/www.uartes.edu.ec\\\/sitio\\\/blog\\\/2024\\\/07\\\/15\\\/gilberto-rivero-y-la-grabacion-de-la-seccion-de-vientos-en-case-charla-y-concierto-con-el-reconocido-musico\\\/\"]}]},{\"@type\":\"ImageObject\",\"inLanguage\":\"es\",\"@id\":\"https:\\\/\\\/www.uartes.edu.ec\\\/sitio\\\/blog\\\/2024\\\/07\\\/15\\\/gilberto-rivero-y-la-grabacion-de-la-seccion-de-vientos-en-case-charla-y-concierto-con-el-reconocido-musico\\\/#primaryimage\",\"url\":\"https:\\\/\\\/www.uartes.edu.ec\\\/sitio\\\/wp-content\\\/uploads\\\/2024\\\/08\\\/Gilberto2-Rivera.jpg\",\"contentUrl\":\"https:\\\/\\\/www.uartes.edu.ec\\\/sitio\\\/wp-content\\\/uploads\\\/2024\\\/08\\\/Gilberto2-Rivera.jpg\",\"width\":2000,\"height\":1500},{\"@type\":\"BreadcrumbList\",\"@id\":\"https:\\\/\\\/www.uartes.edu.ec\\\/sitio\\\/blog\\\/2024\\\/07\\\/15\\\/gilberto-rivero-y-la-grabacion-de-la-seccion-de-vientos-en-case-charla-y-concierto-con-el-reconocido-musico\\\/#breadcrumb\",\"itemListElement\":[{\"@type\":\"ListItem\",\"position\":1,\"name\":\"Inicio\",\"item\":\"https:\\\/\\\/www.uartes.edu.ec\\\/sitio\\\/\"},{\"@type\":\"ListItem\",\"position\":2,\"name\":\"Gilberto Rivero y la grabaci\u00f3n de la secci\u00f3n de vientos; en CASE con charla y concierto\"}]},{\"@type\":\"WebSite\",\"@id\":\"https:\\\/\\\/www.uartes.edu.ec\\\/sitio\\\/#website\",\"url\":\"https:\\\/\\\/www.uartes.edu.ec\\\/sitio\\\/\",\"name\":\"Universidad de las Artes\",\"description\":\"Sitio oficial de la Universidad Nacional de las Artes del Ecuador\",\"publisher\":{\"@id\":\"https:\\\/\\\/www.uartes.edu.ec\\\/sitio\\\/#organization\"},\"potentialAction\":[{\"@type\":\"SearchAction\",\"target\":{\"@type\":\"EntryPoint\",\"urlTemplate\":\"https:\\\/\\\/www.uartes.edu.ec\\\/sitio\\\/?s={search_term_string}\"},\"query-input\":{\"@type\":\"PropertyValueSpecification\",\"valueRequired\":true,\"valueName\":\"search_term_string\"}}],\"inLanguage\":\"es\"},{\"@type\":\"Organization\",\"@id\":\"https:\\\/\\\/www.uartes.edu.ec\\\/sitio\\\/#organization\",\"name\":\"Universidad de las Artes\",\"url\":\"https:\\\/\\\/www.uartes.edu.ec\\\/sitio\\\/\",\"logo\":{\"@type\":\"ImageObject\",\"inLanguage\":\"es\",\"@id\":\"https:\\\/\\\/www.uartes.edu.ec\\\/sitio\\\/#\\\/schema\\\/logo\\\/image\\\/\",\"url\":\"https:\\\/\\\/www.uartes.edu.ec\\\/sitio\\\/wp-content\\\/uploads\\\/2022\\\/07\\\/logo-ua-horizontal.png\",\"contentUrl\":\"https:\\\/\\\/www.uartes.edu.ec\\\/sitio\\\/wp-content\\\/uploads\\\/2022\\\/07\\\/logo-ua-horizontal.png\",\"width\":800,\"height\":276,\"caption\":\"Universidad de las Artes\"},\"image\":{\"@id\":\"https:\\\/\\\/www.uartes.edu.ec\\\/sitio\\\/#\\\/schema\\\/logo\\\/image\\\/\"},\"sameAs\":[\"https:\\\/\\\/www.facebook.com\\\/uartesec\",\"https:\\\/\\\/x.com\\\/uartesec\",\"https:\\\/\\\/www.tiktok.com\\\/@uartesec\"]},{\"@type\":\"Person\",\"@id\":\"https:\\\/\\\/www.uartes.edu.ec\\\/sitio\\\/#\\\/schema\\\/person\\\/efa1b8275797664fd7f13a79ccc0b1f4\",\"name\":\"ccortez\",\"image\":{\"@type\":\"ImageObject\",\"inLanguage\":\"es\",\"@id\":\"https:\\\/\\\/secure.gravatar.com\\\/avatar\\\/b2a6f664a3ae8e074346ef91775736c5ec479e637ecced6842de9dc98b5da9cd?s=96&d=mm&r=g\",\"url\":\"https:\\\/\\\/secure.gravatar.com\\\/avatar\\\/b2a6f664a3ae8e074346ef91775736c5ec479e637ecced6842de9dc98b5da9cd?s=96&d=mm&r=g\",\"contentUrl\":\"https:\\\/\\\/secure.gravatar.com\\\/avatar\\\/b2a6f664a3ae8e074346ef91775736c5ec479e637ecced6842de9dc98b5da9cd?s=96&d=mm&r=g\",\"caption\":\"ccortez\"},\"url\":\"https:\\\/\\\/www.uartes.edu.ec\\\/sitio\\\/blog\\\/author\\\/ccortez\\\/\"}]}<\/script>\n<!-- \/ Yoast SEO plugin. -->","yoast_head_json":{"title":"Universidad de las Artes - Gilberto Rivero y la grabaci\u00f3n de la secci\u00f3n de vientos; en CASE con charla y concierto","description":"Universidad de las Artes - Gilberto Rivero y la grabaci\u00f3n de la secci\u00f3n de vientos; en CASE con charla y concierto","robots":{"index":"index","follow":"follow","max-snippet":"max-snippet:-1","max-image-preview":"max-image-preview:large","max-video-preview":"max-video-preview:-1"},"canonical":"https:\/\/www.uartes.edu.ec\/sitio\/blog\/2024\/07\/15\/gilberto-rivero-y-la-grabacion-de-la-seccion-de-vientos-en-case-charla-y-concierto-con-el-reconocido-musico\/","og_locale":"es_ES","og_type":"article","og_title":"Universidad de las Artes - Gilberto Rivero y la grabaci\u00f3n de la secci\u00f3n de vientos; en CASE con charla y concierto","og_description":"Universidad de las Artes - Gilberto Rivero y la grabaci\u00f3n de la secci\u00f3n de vientos; en CASE con charla y concierto","og_url":"https:\/\/www.uartes.edu.ec\/sitio\/blog\/2024\/07\/15\/gilberto-rivero-y-la-grabacion-de-la-seccion-de-vientos-en-case-charla-y-concierto-con-el-reconocido-musico\/","og_site_name":"Universidad de las Artes","article_publisher":"https:\/\/www.facebook.com\/uartesec","article_published_time":"2024-07-15T21:56:00+00:00","article_modified_time":"2024-08-14T23:04:36+00:00","og_image":[{"width":2000,"height":1500,"url":"https:\/\/www.uartes.edu.ec\/sitio\/wp-content\/uploads\/2024\/08\/Gilberto2-Rivera.jpg","type":"image\/jpeg"}],"author":"ccortez","twitter_card":"summary_large_image","twitter_creator":"@uartesec","twitter_site":"@uartesec","twitter_misc":{"Escrito por":"ccortez","Tiempo de lectura":"3 minutos"},"schema":{"@context":"https:\/\/schema.org","@graph":[{"@type":"Article","@id":"https:\/\/www.uartes.edu.ec\/sitio\/blog\/2024\/07\/15\/gilberto-rivero-y-la-grabacion-de-la-seccion-de-vientos-en-case-charla-y-concierto-con-el-reconocido-musico\/#article","isPartOf":{"@id":"https:\/\/www.uartes.edu.ec\/sitio\/blog\/2024\/07\/15\/gilberto-rivero-y-la-grabacion-de-la-seccion-de-vientos-en-case-charla-y-concierto-con-el-reconocido-musico\/"},"author":{"name":"ccortez","@id":"https:\/\/www.uartes.edu.ec\/sitio\/#\/schema\/person\/efa1b8275797664fd7f13a79ccc0b1f4"},"headline":"Gilberto Rivero y la grabaci\u00f3n de la secci\u00f3n de vientos; en CASE con charla y concierto","datePublished":"2024-07-15T21:56:00+00:00","dateModified":"2024-08-14T23:04:36+00:00","mainEntityOfPage":{"@id":"https:\/\/www.uartes.edu.ec\/sitio\/blog\/2024\/07\/15\/gilberto-rivero-y-la-grabacion-de-la-seccion-de-vientos-en-case-charla-y-concierto-con-el-reconocido-musico\/"},"wordCount":670,"commentCount":0,"publisher":{"@id":"https:\/\/www.uartes.edu.ec\/sitio\/#organization"},"image":{"@id":"https:\/\/www.uartes.edu.ec\/sitio\/blog\/2024\/07\/15\/gilberto-rivero-y-la-grabacion-de-la-seccion-de-vientos-en-case-charla-y-concierto-con-el-reconocido-musico\/#primaryimage"},"thumbnailUrl":"https:\/\/www.uartes.edu.ec\/sitio\/wp-content\/uploads\/2024\/08\/Gilberto2-Rivera.jpg","keywords":["conferencias"],"articleSection":["Acad\u00e9mico","Alumni","Artes","Artes Sonoras","Docentes","Investigaci\u00f3n","Sedes"],"inLanguage":"es","potentialAction":[{"@type":"CommentAction","name":"Comment","target":["https:\/\/www.uartes.edu.ec\/sitio\/blog\/2024\/07\/15\/gilberto-rivero-y-la-grabacion-de-la-seccion-de-vientos-en-case-charla-y-concierto-con-el-reconocido-musico\/#respond"]}]},{"@type":["WebPage","ItemPage"],"@id":"https:\/\/www.uartes.edu.ec\/sitio\/blog\/2024\/07\/15\/gilberto-rivero-y-la-grabacion-de-la-seccion-de-vientos-en-case-charla-y-concierto-con-el-reconocido-musico\/","url":"https:\/\/www.uartes.edu.ec\/sitio\/blog\/2024\/07\/15\/gilberto-rivero-y-la-grabacion-de-la-seccion-de-vientos-en-case-charla-y-concierto-con-el-reconocido-musico\/","name":"Universidad de las Artes - Gilberto Rivero y la grabaci\u00f3n de la secci\u00f3n de vientos; en CASE con charla y concierto","isPartOf":{"@id":"https:\/\/www.uartes.edu.ec\/sitio\/#website"},"primaryImageOfPage":{"@id":"https:\/\/www.uartes.edu.ec\/sitio\/blog\/2024\/07\/15\/gilberto-rivero-y-la-grabacion-de-la-seccion-de-vientos-en-case-charla-y-concierto-con-el-reconocido-musico\/#primaryimage"},"image":{"@id":"https:\/\/www.uartes.edu.ec\/sitio\/blog\/2024\/07\/15\/gilberto-rivero-y-la-grabacion-de-la-seccion-de-vientos-en-case-charla-y-concierto-con-el-reconocido-musico\/#primaryimage"},"thumbnailUrl":"https:\/\/www.uartes.edu.ec\/sitio\/wp-content\/uploads\/2024\/08\/Gilberto2-Rivera.jpg","datePublished":"2024-07-15T21:56:00+00:00","dateModified":"2024-08-14T23:04:36+00:00","description":"Universidad de las Artes - Gilberto Rivero y la grabaci\u00f3n de la secci\u00f3n de vientos; en CASE con charla y concierto","breadcrumb":{"@id":"https:\/\/www.uartes.edu.ec\/sitio\/blog\/2024\/07\/15\/gilberto-rivero-y-la-grabacion-de-la-seccion-de-vientos-en-case-charla-y-concierto-con-el-reconocido-musico\/#breadcrumb"},"inLanguage":"es","potentialAction":[{"@type":"ReadAction","target":["https:\/\/www.uartes.edu.ec\/sitio\/blog\/2024\/07\/15\/gilberto-rivero-y-la-grabacion-de-la-seccion-de-vientos-en-case-charla-y-concierto-con-el-reconocido-musico\/"]}]},{"@type":"ImageObject","inLanguage":"es","@id":"https:\/\/www.uartes.edu.ec\/sitio\/blog\/2024\/07\/15\/gilberto-rivero-y-la-grabacion-de-la-seccion-de-vientos-en-case-charla-y-concierto-con-el-reconocido-musico\/#primaryimage","url":"https:\/\/www.uartes.edu.ec\/sitio\/wp-content\/uploads\/2024\/08\/Gilberto2-Rivera.jpg","contentUrl":"https:\/\/www.uartes.edu.ec\/sitio\/wp-content\/uploads\/2024\/08\/Gilberto2-Rivera.jpg","width":2000,"height":1500},{"@type":"BreadcrumbList","@id":"https:\/\/www.uartes.edu.ec\/sitio\/blog\/2024\/07\/15\/gilberto-rivero-y-la-grabacion-de-la-seccion-de-vientos-en-case-charla-y-concierto-con-el-reconocido-musico\/#breadcrumb","itemListElement":[{"@type":"ListItem","position":1,"name":"Inicio","item":"https:\/\/www.uartes.edu.ec\/sitio\/"},{"@type":"ListItem","position":2,"name":"Gilberto Rivero y la grabaci\u00f3n de la secci\u00f3n de vientos; en CASE con charla y concierto"}]},{"@type":"WebSite","@id":"https:\/\/www.uartes.edu.ec\/sitio\/#website","url":"https:\/\/www.uartes.edu.ec\/sitio\/","name":"Universidad de las Artes","description":"Sitio oficial de la Universidad Nacional de las Artes del Ecuador","publisher":{"@id":"https:\/\/www.uartes.edu.ec\/sitio\/#organization"},"potentialAction":[{"@type":"SearchAction","target":{"@type":"EntryPoint","urlTemplate":"https:\/\/www.uartes.edu.ec\/sitio\/?s={search_term_string}"},"query-input":{"@type":"PropertyValueSpecification","valueRequired":true,"valueName":"search_term_string"}}],"inLanguage":"es"},{"@type":"Organization","@id":"https:\/\/www.uartes.edu.ec\/sitio\/#organization","name":"Universidad de las Artes","url":"https:\/\/www.uartes.edu.ec\/sitio\/","logo":{"@type":"ImageObject","inLanguage":"es","@id":"https:\/\/www.uartes.edu.ec\/sitio\/#\/schema\/logo\/image\/","url":"https:\/\/www.uartes.edu.ec\/sitio\/wp-content\/uploads\/2022\/07\/logo-ua-horizontal.png","contentUrl":"https:\/\/www.uartes.edu.ec\/sitio\/wp-content\/uploads\/2022\/07\/logo-ua-horizontal.png","width":800,"height":276,"caption":"Universidad de las Artes"},"image":{"@id":"https:\/\/www.uartes.edu.ec\/sitio\/#\/schema\/logo\/image\/"},"sameAs":["https:\/\/www.facebook.com\/uartesec","https:\/\/x.com\/uartesec","https:\/\/www.tiktok.com\/@uartesec"]},{"@type":"Person","@id":"https:\/\/www.uartes.edu.ec\/sitio\/#\/schema\/person\/efa1b8275797664fd7f13a79ccc0b1f4","name":"ccortez","image":{"@type":"ImageObject","inLanguage":"es","@id":"https:\/\/secure.gravatar.com\/avatar\/b2a6f664a3ae8e074346ef91775736c5ec479e637ecced6842de9dc98b5da9cd?s=96&d=mm&r=g","url":"https:\/\/secure.gravatar.com\/avatar\/b2a6f664a3ae8e074346ef91775736c5ec479e637ecced6842de9dc98b5da9cd?s=96&d=mm&r=g","contentUrl":"https:\/\/secure.gravatar.com\/avatar\/b2a6f664a3ae8e074346ef91775736c5ec479e637ecced6842de9dc98b5da9cd?s=96&d=mm&r=g","caption":"ccortez"},"url":"https:\/\/www.uartes.edu.ec\/sitio\/blog\/author\/ccortez\/"}]}},"uagb_featured_image_src":{"full":["https:\/\/www.uartes.edu.ec\/sitio\/wp-content\/uploads\/2024\/08\/Gilberto2-Rivera.jpg",2000,1500,false],"thumbnail":["https:\/\/www.uartes.edu.ec\/sitio\/wp-content\/uploads\/2024\/08\/Gilberto2-Rivera-150x150.jpg",150,150,true],"medium":["https:\/\/www.uartes.edu.ec\/sitio\/wp-content\/uploads\/2024\/08\/Gilberto2-Rivera-300x225.jpg",300,225,true],"medium_large":["https:\/\/www.uartes.edu.ec\/sitio\/wp-content\/uploads\/2024\/08\/Gilberto2-Rivera-768x576.jpg",768,576,true],"large":["https:\/\/www.uartes.edu.ec\/sitio\/wp-content\/uploads\/2024\/08\/Gilberto2-Rivera-644x483.jpg",644,483,true],"1536x1536":["https:\/\/www.uartes.edu.ec\/sitio\/wp-content\/uploads\/2024\/08\/Gilberto2-Rivera-1536x1152.jpg",1536,1152,true],"2048x2048":["https:\/\/www.uartes.edu.ec\/sitio\/wp-content\/uploads\/2024\/08\/Gilberto2-Rivera.jpg",2000,1500,false],"trp-custom-language-flag":["https:\/\/www.uartes.edu.ec\/sitio\/wp-content\/uploads\/2024\/08\/Gilberto2-Rivera-16x12.jpg",16,12,true],"htmega_size_585x295":["https:\/\/www.uartes.edu.ec\/sitio\/wp-content\/uploads\/2024\/08\/Gilberto2-Rivera-585x295.jpg",585,295,true],"htmega_size_1170x536":["https:\/\/www.uartes.edu.ec\/sitio\/wp-content\/uploads\/2024\/08\/Gilberto2-Rivera-1170x536.jpg",1170,536,true],"htmega_size_396x360":["https:\/\/www.uartes.edu.ec\/sitio\/wp-content\/uploads\/2024\/08\/Gilberto2-Rivera-396x360.jpg",396,360,true],"gb-block-post-grid-landscape":["https:\/\/www.uartes.edu.ec\/sitio\/wp-content\/uploads\/2024\/08\/Gilberto2-Rivera-600x400.jpg",600,400,true],"gb-block-post-grid-square":["https:\/\/www.uartes.edu.ec\/sitio\/wp-content\/uploads\/2024\/08\/Gilberto2-Rivera-600x600.jpg",600,600,true],"university-hub-thumb":["https:\/\/www.uartes.edu.ec\/sitio\/wp-content\/uploads\/2024\/08\/Gilberto2-Rivera-400x300.jpg",400,300,true],"mailpoet_newsletter_max":["https:\/\/www.uartes.edu.ec\/sitio\/wp-content\/uploads\/2024\/08\/Gilberto2-Rivera.jpg",1320,990,false]},"uagb_author_info":{"display_name":"ccortez","author_link":"https:\/\/www.uartes.edu.ec\/sitio\/blog\/author\/ccortez\/"},"uagb_comment_info":0,"uagb_excerpt":"En las Conferencias de Audio y Sonido del Ecuador (CASE), organizado por la Escuela de Artes Sonoras de la Universidad de las Artes, el saxofonista Gilberto Rivero, conocido por su profunda pasi\u00f3n por el jazz y su habilidad para transmitir conocimientos musicales, brind\u00f3 la charla \u201cGrabando la secci\u00f3n de vientos\u201d y tambi\u00e9n ofreci\u00f3 un concierto.&hellip;","featured_image_src":"https:\/\/www.uartes.edu.ec\/sitio\/wp-content\/uploads\/2024\/08\/Gilberto2-Rivera-600x400.jpg","featured_image_src_square":"https:\/\/www.uartes.edu.ec\/sitio\/wp-content\/uploads\/2024\/08\/Gilberto2-Rivera-600x600.jpg","author_info":{"display_name":"ccortez","author_link":"https:\/\/www.uartes.edu.ec\/sitio\/blog\/author\/ccortez\/"},"publishpress_future_workflow_manual_trigger":{"enabledWorkflows":[]},"distributor_meta":false,"distributor_terms":false,"distributor_media":false,"distributor_original_site_name":"Universidad de las Artes","distributor_original_site_url":"https:\/\/www.uartes.edu.ec\/sitio","push-errors":false,"_links":{"self":[{"href":"https:\/\/www.uartes.edu.ec\/sitio\/wp-json\/wp\/v2\/posts\/60719","targetHints":{"allow":["GET"]}}],"collection":[{"href":"https:\/\/www.uartes.edu.ec\/sitio\/wp-json\/wp\/v2\/posts"}],"about":[{"href":"https:\/\/www.uartes.edu.ec\/sitio\/wp-json\/wp\/v2\/types\/post"}],"author":[{"embeddable":true,"href":"https:\/\/www.uartes.edu.ec\/sitio\/wp-json\/wp\/v2\/users\/10"}],"replies":[{"embeddable":true,"href":"https:\/\/www.uartes.edu.ec\/sitio\/wp-json\/wp\/v2\/comments?post=60719"}],"version-history":[{"count":7,"href":"https:\/\/www.uartes.edu.ec\/sitio\/wp-json\/wp\/v2\/posts\/60719\/revisions"}],"predecessor-version":[{"id":60729,"href":"https:\/\/www.uartes.edu.ec\/sitio\/wp-json\/wp\/v2\/posts\/60719\/revisions\/60729"}],"wp:featuredmedia":[{"embeddable":true,"href":"https:\/\/www.uartes.edu.ec\/sitio\/wp-json\/wp\/v2\/media\/60720"}],"wp:attachment":[{"href":"https:\/\/www.uartes.edu.ec\/sitio\/wp-json\/wp\/v2\/media?parent=60719"}],"wp:term":[{"taxonomy":"category","embeddable":true,"href":"https:\/\/www.uartes.edu.ec\/sitio\/wp-json\/wp\/v2\/categories?post=60719"},{"taxonomy":"post_tag","embeddable":true,"href":"https:\/\/www.uartes.edu.ec\/sitio\/wp-json\/wp\/v2\/tags?post=60719"},{"taxonomy":"infouartes","embeddable":true,"href":"https:\/\/www.uartes.edu.ec\/sitio\/wp-json\/wp\/v2\/infouartes?post=60719"}],"curies":[{"name":"wp","href":"https:\/\/api.w.org\/{rel}","templated":true}]}}