{"id":61405,"date":"2024-09-04T18:54:19","date_gmt":"2024-09-04T23:54:19","guid":{"rendered":"https:\/\/www.uartes.edu.ec\/sitio\/?p=61405"},"modified":"2025-08-07T11:53:44","modified_gmt":"2025-08-07T16:53:44","slug":"yuliana-ortiz-invitada-al-festival-internacional-de-literatura-filba-2024-por-fiebre-de-carnaval","status":"publish","type":"post","link":"https:\/\/www.uartes.edu.ec\/sitio\/blog\/2024\/09\/04\/yuliana-ortiz-invitada-al-festival-internacional-de-literatura-filba-2024-por-fiebre-de-carnaval\/","title":{"rendered":"Yuliana Ortiz Ruano, invitada al Festival Internacional de Literatura Filba 2024"},"content":{"rendered":"\n<p>En este a\u00f1o, la obra \u201cFiebre de carnaval\u201d de Yuliana Ortiz Ruano fue publicada en Argentina por Concreto Editorial y la escritora ecuatoriana ha sido invitada para hablar de esta su primera novela en el Festival Internacional de Literatura Filba 2024, que va por su d\u00e9cimo sexta edici\u00f3n y se desarrollar\u00e1 del 26 al 29 de septiembre en Buenos Aires. \u00a0\u00a0<\/p>\n\n\n\n<p>El Filba es un encuentro de lectores, escritores y traductores.&nbsp;Su programaci\u00f3n incluye entrevistas, di\u00e1logos, talleres, lecturas, recitales po\u00e9ticos, performances, m\u00fasica, conversaciones, bibliotecas abiertas, entre otros, convirti\u00e9ndolo en uno de los espacios que m\u00e1s ox\u00edgeno inyecta al pensamiento y la creatividad en el continente. Con sede en Buenos Aires y fundado en 2008, el evento busca siempre poner a debate temas de actualidad.<\/p>\n\n\n\n<p>De su participaci\u00f3n en el Filba, Yuliana Ortiz, graduada en Literatura \u2013con menci\u00f3n en Artes y Escritura\u2013 en la Universidad de las Artes, comenta que har\u00e1 una disertaci\u00f3n de su obra en el Museo de Arte Latinoamericano de Buenos Aires (Malba) y en los cuatro d\u00edas del evento est\u00e1 previsto que haga lectura de poes\u00eda. Cabe anotar que, junto con \u201cFiebre de Carnaval\u201d, la tambi\u00e9n docente de investigaci\u00f3n de la UArtes ha publicado varios poemarios.<\/p>\n\n\n\n<p>Junto con Yuliana Ortiz, al Filba 2024 est\u00e1n convocados escritores como Jesse Ball (Nueva York, 1978), quien es narrador, poeta y docente, y la brit\u00e1nica Nell Leyshon, fundadora de The Outsiders Project, una instituci\u00f3n que se encarga de llevar la escritura y el poder de la narrativa a personas en situaciones problem\u00e1ticas o vulnerables, como encierro y migraci\u00f3n.<\/p>\n\n\n<div class=\"wp-block-image\">\n<figure class=\"aligncenter size-large\"><img fetchpriority=\"high\" decoding=\"async\" width=\"644\" height=\"429\" src=\"https:\/\/www.uartes.edu.ec\/sitio\/wp-content\/uploads\/2024\/09\/02-CRONOTOPIAS-YULIANA-ORTIZ-644x429.jpg\" alt=\"\" class=\"wp-image-61407\" srcset=\"https:\/\/www.uartes.edu.ec\/sitio\/wp-content\/uploads\/2024\/09\/02-CRONOTOPIAS-YULIANA-ORTIZ-644x429.jpg 644w, https:\/\/www.uartes.edu.ec\/sitio\/wp-content\/uploads\/2024\/09\/02-CRONOTOPIAS-YULIANA-ORTIZ-300x200.jpg 300w, https:\/\/www.uartes.edu.ec\/sitio\/wp-content\/uploads\/2024\/09\/02-CRONOTOPIAS-YULIANA-ORTIZ-768x512.jpg 768w, https:\/\/www.uartes.edu.ec\/sitio\/wp-content\/uploads\/2024\/09\/02-CRONOTOPIAS-YULIANA-ORTIZ-1536x1024.jpg 1536w, https:\/\/www.uartes.edu.ec\/sitio\/wp-content\/uploads\/2024\/09\/02-CRONOTOPIAS-YULIANA-ORTIZ-18x12.jpg 18w, https:\/\/www.uartes.edu.ec\/sitio\/wp-content\/uploads\/2024\/09\/02-CRONOTOPIAS-YULIANA-ORTIZ-600x400.jpg 600w, https:\/\/www.uartes.edu.ec\/sitio\/wp-content\/uploads\/2024\/09\/02-CRONOTOPIAS-YULIANA-ORTIZ-400x267.jpg 400w, https:\/\/www.uartes.edu.ec\/sitio\/wp-content\/uploads\/2024\/09\/02-CRONOTOPIAS-YULIANA-ORTIZ-272x182.jpg 272w, https:\/\/www.uartes.edu.ec\/sitio\/wp-content\/uploads\/2024\/09\/02-CRONOTOPIAS-YULIANA-ORTIZ.jpg 2000w\" sizes=\"(max-width: 644px) 100vw, 644px\" \/><\/figure>\n<\/div>\n\n\n<p>De la escritora ecuatoriana, en el sitio web de Filba consta ya su biograf\u00eda. Tras la pregunta \u00bfqui\u00e9n es Yuliana Ortiz Ruano?, se detalla \u2013entre otros datos\u2013 que naci\u00f3 en Esmeraldas (Ecuador, 1992), que estudi\u00f3 en la UArtes y se desempe\u00f1a como t\u00e9cnica en investigaci\u00f3n, que es DJ de m\u00fasica afro del Pac\u00edfico y que form\u00f3 parte del grupo de investigadoras de Latinoam\u00e9rica y el Caribe en el Mapeo de Feminismos Negros en Abya Yala, Re-existencia transfronteriza \u00abentre aqu\u00ed y all\u00e1\u00bb.&nbsp;<\/p>\n\n\n\n<p>De su obra se menciona que desde 2016 ha publicado libros de poes\u00eda, como \u201cSovoz\u201d (2016), \u201cCanciones desde el fin del mundo (2021) y \u201cCuaderno del imposible retorno a Pangea\u201d&nbsp;(2021).&nbsp;\u201cFiebre de carnaval\u201d, su primera novela, ha sido ganadora de m\u00faltiples reconocimientos entre los que destacan el premio IESS, concedido por La IILA (Organizzazione Internazionale Italo-Latino Americana), Energheia (Associazione Culturale Matera), Edizioni SUR y Scuola del libro.&nbsp;<\/p>\n\n\n\n<p>Otra pregunta planteada para dar cuenta de su producci\u00f3n literaria es: \u00bfDe qu\u00e9 escribe Yuliana Ortiz Ruano?, la respuesta destaca que su obra explora la identidad, el g\u00e9nero, la migraci\u00f3n, la memoria y la experiencia de los pueblos afrodescendientes en Am\u00e9rica Latina y su estilo literario combina elementos po\u00e9ticos y narrativos.&nbsp;Su inter\u00e9s est\u00e9tico est\u00e1 en el lenguaje con el que trabaja, en especial al llevar la oralidad, el ritmo y las sonoridades de Esmeraldas y su gente.<\/p>\n\n\n\n<p>Con respecto a sus referentes literarios, se menciona que Yuliana reconoce a Kamau Brathwaite, Marosa di Giorgio, Jos\u00e9 Lezama Lima, Argentina Chiriboga, Candelario Obeso, Yolanda Arroyo Pizarro y Mayra Santos-Febres como los autores que configuran lo que ella llama \u201cla intuici\u00f3n de una lengua desobediente\u201d.<\/p>\n\n\n\n<p>Y entre sus recomendaciones: el libro \u201cBorn to Slow\u00a0Horses\u201d de Kamau Brathwaite; la pel\u00edcula \u201cFishing her\u201d\u00a0de Ana Mar\u00eda Jessie; la canci\u00f3n \u201cOnly you\u201d de Steve Monite; el paisaje, la orilla de la Isla J\u00fapiter al sur de Esmeraldas; y el escritor, Francesco Careri.\u00a0<\/p>\n\n\n\n<p>Sitio web del Festival Internacional de Literatura Filba 2024:<br><a href=\"https:\/\/filba.org.ar\/noticias\/yuliana-ortiz-ruano-participara-en-el-filba-internacional-2024_450\">https:\/\/filba.org.ar\/noticias\/yuliana-ortiz-ruano-participara-en-el-filba-internacional-2024_450<\/a><\/p>\n","protected":false},"excerpt":{"rendered":"<p>En este a\u00f1o, la obra \u201cFiebre de carnaval\u201d de Yuliana Ortiz fue publicada en Argentina por Concreto Editorial y la escritora ecuatoriana ha sido invitada para hablar de esta su primera novela en la edici\u00f3n 16 del Festival Internacional de Literatura Filba 2024, que se realizar\u00e1 del 26 al 29 de septiembre en Buenos Aires. Es un encuentro de lectores, escritores y traductores; su programaci\u00f3n incluye di\u00e1logos, talleres, lecturas, recitales y performances.<\/p>\n","protected":false},"author":10,"featured_media":61406,"comment_status":"open","ping_status":"open","sticky":false,"template":"","format":"standard","meta":{"_acf_changed":false,"_uag_custom_page_level_css":"","_monsterinsights_skip_tracking":false,"_monsterinsights_sitenote_active":false,"_monsterinsights_sitenote_note":"","_monsterinsights_sitenote_category":0,"cybocfi_hide_featured_image":"","footnotes":""},"categories":[80,490],"tags":[527],"infouartes":[],"class_list":["post-61405","post","type-post","status-publish","format-standard","has-post-thumbnail","hentry","category-academico","category-alumni","tag-publicacion"],"acf":[],"yoast_head":"<!-- This site is optimized with the Yoast SEO plugin v27.4 - https:\/\/yoast.com\/product\/yoast-seo-wordpress\/ -->\n<title>Universidad de las Artes - Yuliana Ortiz Ruano, invitada al Festival Internacional de Literatura Filba 2024<\/title>\n<meta name=\"description\" content=\"Universidad de las Artes - Yuliana Ortiz Ruano, invitada al Festival Internacional de Literatura Filba 2024\" \/>\n<meta name=\"robots\" content=\"index, follow, max-snippet:-1, max-image-preview:large, max-video-preview:-1\" \/>\n<link rel=\"canonical\" href=\"https:\/\/www.uartes.edu.ec\/sitio\/blog\/2024\/09\/04\/yuliana-ortiz-invitada-al-festival-internacional-de-literatura-filba-2024-por-fiebre-de-carnaval\/\" \/>\n<meta property=\"og:locale\" content=\"es_ES\" \/>\n<meta property=\"og:type\" content=\"article\" \/>\n<meta property=\"og:title\" content=\"Universidad de las Artes - Yuliana Ortiz Ruano, invitada al Festival Internacional de Literatura Filba 2024\" \/>\n<meta property=\"og:description\" content=\"Universidad de las Artes - Yuliana Ortiz Ruano, invitada al Festival Internacional de Literatura Filba 2024\" \/>\n<meta property=\"og:url\" content=\"https:\/\/www.uartes.edu.ec\/sitio\/blog\/2024\/09\/04\/yuliana-ortiz-invitada-al-festival-internacional-de-literatura-filba-2024-por-fiebre-de-carnaval\/\" \/>\n<meta property=\"og:site_name\" content=\"Universidad de las Artes\" \/>\n<meta property=\"article:publisher\" content=\"https:\/\/www.facebook.com\/uartesec\" \/>\n<meta property=\"article:published_time\" content=\"2024-09-04T23:54:19+00:00\" \/>\n<meta property=\"article:modified_time\" content=\"2025-08-07T16:53:44+00:00\" \/>\n<meta property=\"og:image\" content=\"https:\/\/www.uartes.edu.ec\/sitio\/wp-content\/uploads\/2024\/09\/02-YULIANA-ORTIZ.jpg\" \/>\n\t<meta property=\"og:image:width\" content=\"2000\" \/>\n\t<meta property=\"og:image:height\" content=\"1333\" \/>\n\t<meta property=\"og:image:type\" content=\"image\/jpeg\" \/>\n<meta name=\"author\" content=\"ccortez\" \/>\n<meta name=\"twitter:card\" content=\"summary_large_image\" \/>\n<meta name=\"twitter:creator\" content=\"@uartesec\" \/>\n<meta name=\"twitter:site\" content=\"@uartesec\" \/>\n<meta name=\"twitter:label1\" content=\"Escrito por\" \/>\n\t<meta name=\"twitter:data1\" content=\"ccortez\" \/>\n\t<meta name=\"twitter:label2\" content=\"Tiempo de lectura\" \/>\n\t<meta name=\"twitter:data2\" content=\"4 minutos\" \/>\n<script type=\"application\/ld+json\" class=\"yoast-schema-graph\">{\"@context\":\"https:\\\/\\\/schema.org\",\"@graph\":[{\"@type\":\"Article\",\"@id\":\"https:\\\/\\\/www.uartes.edu.ec\\\/sitio\\\/blog\\\/2024\\\/09\\\/04\\\/yuliana-ortiz-invitada-al-festival-internacional-de-literatura-filba-2024-por-fiebre-de-carnaval\\\/#article\",\"isPartOf\":{\"@id\":\"https:\\\/\\\/www.uartes.edu.ec\\\/sitio\\\/blog\\\/2024\\\/09\\\/04\\\/yuliana-ortiz-invitada-al-festival-internacional-de-literatura-filba-2024-por-fiebre-de-carnaval\\\/\"},\"author\":{\"name\":\"ccortez\",\"@id\":\"https:\\\/\\\/www.uartes.edu.ec\\\/sitio\\\/#\\\/schema\\\/person\\\/efa1b8275797664fd7f13a79ccc0b1f4\"},\"headline\":\"Yuliana Ortiz Ruano, invitada al Festival Internacional de Literatura Filba 2024\",\"datePublished\":\"2024-09-04T23:54:19+00:00\",\"dateModified\":\"2025-08-07T16:53:44+00:00\",\"mainEntityOfPage\":{\"@id\":\"https:\\\/\\\/www.uartes.edu.ec\\\/sitio\\\/blog\\\/2024\\\/09\\\/04\\\/yuliana-ortiz-invitada-al-festival-internacional-de-literatura-filba-2024-por-fiebre-de-carnaval\\\/\"},\"wordCount\":636,\"commentCount\":0,\"publisher\":{\"@id\":\"https:\\\/\\\/www.uartes.edu.ec\\\/sitio\\\/#organization\"},\"image\":{\"@id\":\"https:\\\/\\\/www.uartes.edu.ec\\\/sitio\\\/blog\\\/2024\\\/09\\\/04\\\/yuliana-ortiz-invitada-al-festival-internacional-de-literatura-filba-2024-por-fiebre-de-carnaval\\\/#primaryimage\"},\"thumbnailUrl\":\"https:\\\/\\\/www.uartes.edu.ec\\\/sitio\\\/wp-content\\\/uploads\\\/2024\\\/09\\\/02-YULIANA-ORTIZ.jpg\",\"keywords\":[\"publicaci\u00f3n\"],\"articleSection\":[\"Acad\u00e9mico\",\"Alumni\"],\"inLanguage\":\"es\",\"potentialAction\":[{\"@type\":\"CommentAction\",\"name\":\"Comment\",\"target\":[\"https:\\\/\\\/www.uartes.edu.ec\\\/sitio\\\/blog\\\/2024\\\/09\\\/04\\\/yuliana-ortiz-invitada-al-festival-internacional-de-literatura-filba-2024-por-fiebre-de-carnaval\\\/#respond\"]}]},{\"@type\":[\"WebPage\",\"ItemPage\"],\"@id\":\"https:\\\/\\\/www.uartes.edu.ec\\\/sitio\\\/blog\\\/2024\\\/09\\\/04\\\/yuliana-ortiz-invitada-al-festival-internacional-de-literatura-filba-2024-por-fiebre-de-carnaval\\\/\",\"url\":\"https:\\\/\\\/www.uartes.edu.ec\\\/sitio\\\/blog\\\/2024\\\/09\\\/04\\\/yuliana-ortiz-invitada-al-festival-internacional-de-literatura-filba-2024-por-fiebre-de-carnaval\\\/\",\"name\":\"Universidad de las Artes - Yuliana Ortiz Ruano, invitada al Festival Internacional de Literatura Filba 2024\",\"isPartOf\":{\"@id\":\"https:\\\/\\\/www.uartes.edu.ec\\\/sitio\\\/#website\"},\"primaryImageOfPage\":{\"@id\":\"https:\\\/\\\/www.uartes.edu.ec\\\/sitio\\\/blog\\\/2024\\\/09\\\/04\\\/yuliana-ortiz-invitada-al-festival-internacional-de-literatura-filba-2024-por-fiebre-de-carnaval\\\/#primaryimage\"},\"image\":{\"@id\":\"https:\\\/\\\/www.uartes.edu.ec\\\/sitio\\\/blog\\\/2024\\\/09\\\/04\\\/yuliana-ortiz-invitada-al-festival-internacional-de-literatura-filba-2024-por-fiebre-de-carnaval\\\/#primaryimage\"},\"thumbnailUrl\":\"https:\\\/\\\/www.uartes.edu.ec\\\/sitio\\\/wp-content\\\/uploads\\\/2024\\\/09\\\/02-YULIANA-ORTIZ.jpg\",\"datePublished\":\"2024-09-04T23:54:19+00:00\",\"dateModified\":\"2025-08-07T16:53:44+00:00\",\"description\":\"Universidad de las Artes - Yuliana Ortiz Ruano, invitada al Festival Internacional de Literatura Filba 2024\",\"breadcrumb\":{\"@id\":\"https:\\\/\\\/www.uartes.edu.ec\\\/sitio\\\/blog\\\/2024\\\/09\\\/04\\\/yuliana-ortiz-invitada-al-festival-internacional-de-literatura-filba-2024-por-fiebre-de-carnaval\\\/#breadcrumb\"},\"inLanguage\":\"es\",\"potentialAction\":[{\"@type\":\"ReadAction\",\"target\":[\"https:\\\/\\\/www.uartes.edu.ec\\\/sitio\\\/blog\\\/2024\\\/09\\\/04\\\/yuliana-ortiz-invitada-al-festival-internacional-de-literatura-filba-2024-por-fiebre-de-carnaval\\\/\"]}]},{\"@type\":\"ImageObject\",\"inLanguage\":\"es\",\"@id\":\"https:\\\/\\\/www.uartes.edu.ec\\\/sitio\\\/blog\\\/2024\\\/09\\\/04\\\/yuliana-ortiz-invitada-al-festival-internacional-de-literatura-filba-2024-por-fiebre-de-carnaval\\\/#primaryimage\",\"url\":\"https:\\\/\\\/www.uartes.edu.ec\\\/sitio\\\/wp-content\\\/uploads\\\/2024\\\/09\\\/02-YULIANA-ORTIZ.jpg\",\"contentUrl\":\"https:\\\/\\\/www.uartes.edu.ec\\\/sitio\\\/wp-content\\\/uploads\\\/2024\\\/09\\\/02-YULIANA-ORTIZ.jpg\",\"width\":2000,\"height\":1333},{\"@type\":\"BreadcrumbList\",\"@id\":\"https:\\\/\\\/www.uartes.edu.ec\\\/sitio\\\/blog\\\/2024\\\/09\\\/04\\\/yuliana-ortiz-invitada-al-festival-internacional-de-literatura-filba-2024-por-fiebre-de-carnaval\\\/#breadcrumb\",\"itemListElement\":[{\"@type\":\"ListItem\",\"position\":1,\"name\":\"Inicio\",\"item\":\"https:\\\/\\\/www.uartes.edu.ec\\\/sitio\\\/\"},{\"@type\":\"ListItem\",\"position\":2,\"name\":\"Yuliana Ortiz Ruano, invitada al Festival Internacional de Literatura Filba 2024\"}]},{\"@type\":\"WebSite\",\"@id\":\"https:\\\/\\\/www.uartes.edu.ec\\\/sitio\\\/#website\",\"url\":\"https:\\\/\\\/www.uartes.edu.ec\\\/sitio\\\/\",\"name\":\"Universidad de las Artes\",\"description\":\"Sitio oficial de la Universidad Nacional de las Artes del Ecuador\",\"publisher\":{\"@id\":\"https:\\\/\\\/www.uartes.edu.ec\\\/sitio\\\/#organization\"},\"potentialAction\":[{\"@type\":\"SearchAction\",\"target\":{\"@type\":\"EntryPoint\",\"urlTemplate\":\"https:\\\/\\\/www.uartes.edu.ec\\\/sitio\\\/?s={search_term_string}\"},\"query-input\":{\"@type\":\"PropertyValueSpecification\",\"valueRequired\":true,\"valueName\":\"search_term_string\"}}],\"inLanguage\":\"es\"},{\"@type\":\"Organization\",\"@id\":\"https:\\\/\\\/www.uartes.edu.ec\\\/sitio\\\/#organization\",\"name\":\"Universidad de las Artes\",\"url\":\"https:\\\/\\\/www.uartes.edu.ec\\\/sitio\\\/\",\"logo\":{\"@type\":\"ImageObject\",\"inLanguage\":\"es\",\"@id\":\"https:\\\/\\\/www.uartes.edu.ec\\\/sitio\\\/#\\\/schema\\\/logo\\\/image\\\/\",\"url\":\"https:\\\/\\\/www.uartes.edu.ec\\\/sitio\\\/wp-content\\\/uploads\\\/2022\\\/07\\\/logo-ua-horizontal.png\",\"contentUrl\":\"https:\\\/\\\/www.uartes.edu.ec\\\/sitio\\\/wp-content\\\/uploads\\\/2022\\\/07\\\/logo-ua-horizontal.png\",\"width\":800,\"height\":276,\"caption\":\"Universidad de las Artes\"},\"image\":{\"@id\":\"https:\\\/\\\/www.uartes.edu.ec\\\/sitio\\\/#\\\/schema\\\/logo\\\/image\\\/\"},\"sameAs\":[\"https:\\\/\\\/www.facebook.com\\\/uartesec\",\"https:\\\/\\\/x.com\\\/uartesec\",\"https:\\\/\\\/www.tiktok.com\\\/@uartesec\"]},{\"@type\":\"Person\",\"@id\":\"https:\\\/\\\/www.uartes.edu.ec\\\/sitio\\\/#\\\/schema\\\/person\\\/efa1b8275797664fd7f13a79ccc0b1f4\",\"name\":\"ccortez\",\"image\":{\"@type\":\"ImageObject\",\"inLanguage\":\"es\",\"@id\":\"https:\\\/\\\/secure.gravatar.com\\\/avatar\\\/b2a6f664a3ae8e074346ef91775736c5ec479e637ecced6842de9dc98b5da9cd?s=96&d=mm&r=g\",\"url\":\"https:\\\/\\\/secure.gravatar.com\\\/avatar\\\/b2a6f664a3ae8e074346ef91775736c5ec479e637ecced6842de9dc98b5da9cd?s=96&d=mm&r=g\",\"contentUrl\":\"https:\\\/\\\/secure.gravatar.com\\\/avatar\\\/b2a6f664a3ae8e074346ef91775736c5ec479e637ecced6842de9dc98b5da9cd?s=96&d=mm&r=g\",\"caption\":\"ccortez\"},\"url\":\"https:\\\/\\\/www.uartes.edu.ec\\\/sitio\\\/blog\\\/author\\\/ccortez\\\/\"}]}<\/script>\n<!-- \/ Yoast SEO plugin. -->","yoast_head_json":{"title":"Universidad de las Artes - Yuliana Ortiz Ruano, invitada al Festival Internacional de Literatura Filba 2024","description":"Universidad de las Artes - Yuliana Ortiz Ruano, invitada al Festival Internacional de Literatura Filba 2024","robots":{"index":"index","follow":"follow","max-snippet":"max-snippet:-1","max-image-preview":"max-image-preview:large","max-video-preview":"max-video-preview:-1"},"canonical":"https:\/\/www.uartes.edu.ec\/sitio\/blog\/2024\/09\/04\/yuliana-ortiz-invitada-al-festival-internacional-de-literatura-filba-2024-por-fiebre-de-carnaval\/","og_locale":"es_ES","og_type":"article","og_title":"Universidad de las Artes - Yuliana Ortiz Ruano, invitada al Festival Internacional de Literatura Filba 2024","og_description":"Universidad de las Artes - Yuliana Ortiz Ruano, invitada al Festival Internacional de Literatura Filba 2024","og_url":"https:\/\/www.uartes.edu.ec\/sitio\/blog\/2024\/09\/04\/yuliana-ortiz-invitada-al-festival-internacional-de-literatura-filba-2024-por-fiebre-de-carnaval\/","og_site_name":"Universidad de las Artes","article_publisher":"https:\/\/www.facebook.com\/uartesec","article_published_time":"2024-09-04T23:54:19+00:00","article_modified_time":"2025-08-07T16:53:44+00:00","og_image":[{"width":2000,"height":1333,"url":"https:\/\/www.uartes.edu.ec\/sitio\/wp-content\/uploads\/2024\/09\/02-YULIANA-ORTIZ.jpg","type":"image\/jpeg"}],"author":"ccortez","twitter_card":"summary_large_image","twitter_creator":"@uartesec","twitter_site":"@uartesec","twitter_misc":{"Escrito por":"ccortez","Tiempo de lectura":"4 minutos"},"schema":{"@context":"https:\/\/schema.org","@graph":[{"@type":"Article","@id":"https:\/\/www.uartes.edu.ec\/sitio\/blog\/2024\/09\/04\/yuliana-ortiz-invitada-al-festival-internacional-de-literatura-filba-2024-por-fiebre-de-carnaval\/#article","isPartOf":{"@id":"https:\/\/www.uartes.edu.ec\/sitio\/blog\/2024\/09\/04\/yuliana-ortiz-invitada-al-festival-internacional-de-literatura-filba-2024-por-fiebre-de-carnaval\/"},"author":{"name":"ccortez","@id":"https:\/\/www.uartes.edu.ec\/sitio\/#\/schema\/person\/efa1b8275797664fd7f13a79ccc0b1f4"},"headline":"Yuliana Ortiz Ruano, invitada al Festival Internacional de Literatura Filba 2024","datePublished":"2024-09-04T23:54:19+00:00","dateModified":"2025-08-07T16:53:44+00:00","mainEntityOfPage":{"@id":"https:\/\/www.uartes.edu.ec\/sitio\/blog\/2024\/09\/04\/yuliana-ortiz-invitada-al-festival-internacional-de-literatura-filba-2024-por-fiebre-de-carnaval\/"},"wordCount":636,"commentCount":0,"publisher":{"@id":"https:\/\/www.uartes.edu.ec\/sitio\/#organization"},"image":{"@id":"https:\/\/www.uartes.edu.ec\/sitio\/blog\/2024\/09\/04\/yuliana-ortiz-invitada-al-festival-internacional-de-literatura-filba-2024-por-fiebre-de-carnaval\/#primaryimage"},"thumbnailUrl":"https:\/\/www.uartes.edu.ec\/sitio\/wp-content\/uploads\/2024\/09\/02-YULIANA-ORTIZ.jpg","keywords":["publicaci\u00f3n"],"articleSection":["Acad\u00e9mico","Alumni"],"inLanguage":"es","potentialAction":[{"@type":"CommentAction","name":"Comment","target":["https:\/\/www.uartes.edu.ec\/sitio\/blog\/2024\/09\/04\/yuliana-ortiz-invitada-al-festival-internacional-de-literatura-filba-2024-por-fiebre-de-carnaval\/#respond"]}]},{"@type":["WebPage","ItemPage"],"@id":"https:\/\/www.uartes.edu.ec\/sitio\/blog\/2024\/09\/04\/yuliana-ortiz-invitada-al-festival-internacional-de-literatura-filba-2024-por-fiebre-de-carnaval\/","url":"https:\/\/www.uartes.edu.ec\/sitio\/blog\/2024\/09\/04\/yuliana-ortiz-invitada-al-festival-internacional-de-literatura-filba-2024-por-fiebre-de-carnaval\/","name":"Universidad de las Artes - Yuliana Ortiz Ruano, invitada al Festival Internacional de Literatura Filba 2024","isPartOf":{"@id":"https:\/\/www.uartes.edu.ec\/sitio\/#website"},"primaryImageOfPage":{"@id":"https:\/\/www.uartes.edu.ec\/sitio\/blog\/2024\/09\/04\/yuliana-ortiz-invitada-al-festival-internacional-de-literatura-filba-2024-por-fiebre-de-carnaval\/#primaryimage"},"image":{"@id":"https:\/\/www.uartes.edu.ec\/sitio\/blog\/2024\/09\/04\/yuliana-ortiz-invitada-al-festival-internacional-de-literatura-filba-2024-por-fiebre-de-carnaval\/#primaryimage"},"thumbnailUrl":"https:\/\/www.uartes.edu.ec\/sitio\/wp-content\/uploads\/2024\/09\/02-YULIANA-ORTIZ.jpg","datePublished":"2024-09-04T23:54:19+00:00","dateModified":"2025-08-07T16:53:44+00:00","description":"Universidad de las Artes - Yuliana Ortiz Ruano, invitada al Festival Internacional de Literatura Filba 2024","breadcrumb":{"@id":"https:\/\/www.uartes.edu.ec\/sitio\/blog\/2024\/09\/04\/yuliana-ortiz-invitada-al-festival-internacional-de-literatura-filba-2024-por-fiebre-de-carnaval\/#breadcrumb"},"inLanguage":"es","potentialAction":[{"@type":"ReadAction","target":["https:\/\/www.uartes.edu.ec\/sitio\/blog\/2024\/09\/04\/yuliana-ortiz-invitada-al-festival-internacional-de-literatura-filba-2024-por-fiebre-de-carnaval\/"]}]},{"@type":"ImageObject","inLanguage":"es","@id":"https:\/\/www.uartes.edu.ec\/sitio\/blog\/2024\/09\/04\/yuliana-ortiz-invitada-al-festival-internacional-de-literatura-filba-2024-por-fiebre-de-carnaval\/#primaryimage","url":"https:\/\/www.uartes.edu.ec\/sitio\/wp-content\/uploads\/2024\/09\/02-YULIANA-ORTIZ.jpg","contentUrl":"https:\/\/www.uartes.edu.ec\/sitio\/wp-content\/uploads\/2024\/09\/02-YULIANA-ORTIZ.jpg","width":2000,"height":1333},{"@type":"BreadcrumbList","@id":"https:\/\/www.uartes.edu.ec\/sitio\/blog\/2024\/09\/04\/yuliana-ortiz-invitada-al-festival-internacional-de-literatura-filba-2024-por-fiebre-de-carnaval\/#breadcrumb","itemListElement":[{"@type":"ListItem","position":1,"name":"Inicio","item":"https:\/\/www.uartes.edu.ec\/sitio\/"},{"@type":"ListItem","position":2,"name":"Yuliana Ortiz Ruano, invitada al Festival Internacional de Literatura Filba 2024"}]},{"@type":"WebSite","@id":"https:\/\/www.uartes.edu.ec\/sitio\/#website","url":"https:\/\/www.uartes.edu.ec\/sitio\/","name":"Universidad de las Artes","description":"Sitio oficial de la Universidad Nacional de las Artes del Ecuador","publisher":{"@id":"https:\/\/www.uartes.edu.ec\/sitio\/#organization"},"potentialAction":[{"@type":"SearchAction","target":{"@type":"EntryPoint","urlTemplate":"https:\/\/www.uartes.edu.ec\/sitio\/?s={search_term_string}"},"query-input":{"@type":"PropertyValueSpecification","valueRequired":true,"valueName":"search_term_string"}}],"inLanguage":"es"},{"@type":"Organization","@id":"https:\/\/www.uartes.edu.ec\/sitio\/#organization","name":"Universidad de las Artes","url":"https:\/\/www.uartes.edu.ec\/sitio\/","logo":{"@type":"ImageObject","inLanguage":"es","@id":"https:\/\/www.uartes.edu.ec\/sitio\/#\/schema\/logo\/image\/","url":"https:\/\/www.uartes.edu.ec\/sitio\/wp-content\/uploads\/2022\/07\/logo-ua-horizontal.png","contentUrl":"https:\/\/www.uartes.edu.ec\/sitio\/wp-content\/uploads\/2022\/07\/logo-ua-horizontal.png","width":800,"height":276,"caption":"Universidad de las Artes"},"image":{"@id":"https:\/\/www.uartes.edu.ec\/sitio\/#\/schema\/logo\/image\/"},"sameAs":["https:\/\/www.facebook.com\/uartesec","https:\/\/x.com\/uartesec","https:\/\/www.tiktok.com\/@uartesec"]},{"@type":"Person","@id":"https:\/\/www.uartes.edu.ec\/sitio\/#\/schema\/person\/efa1b8275797664fd7f13a79ccc0b1f4","name":"ccortez","image":{"@type":"ImageObject","inLanguage":"es","@id":"https:\/\/secure.gravatar.com\/avatar\/b2a6f664a3ae8e074346ef91775736c5ec479e637ecced6842de9dc98b5da9cd?s=96&d=mm&r=g","url":"https:\/\/secure.gravatar.com\/avatar\/b2a6f664a3ae8e074346ef91775736c5ec479e637ecced6842de9dc98b5da9cd?s=96&d=mm&r=g","contentUrl":"https:\/\/secure.gravatar.com\/avatar\/b2a6f664a3ae8e074346ef91775736c5ec479e637ecced6842de9dc98b5da9cd?s=96&d=mm&r=g","caption":"ccortez"},"url":"https:\/\/www.uartes.edu.ec\/sitio\/blog\/author\/ccortez\/"}]}},"uagb_featured_image_src":{"full":["https:\/\/www.uartes.edu.ec\/sitio\/wp-content\/uploads\/2024\/09\/02-YULIANA-ORTIZ.jpg",2000,1333,false],"thumbnail":["https:\/\/www.uartes.edu.ec\/sitio\/wp-content\/uploads\/2024\/09\/02-YULIANA-ORTIZ-150x150.jpg",150,150,true],"medium":["https:\/\/www.uartes.edu.ec\/sitio\/wp-content\/uploads\/2024\/09\/02-YULIANA-ORTIZ-300x200.jpg",300,200,true],"medium_large":["https:\/\/www.uartes.edu.ec\/sitio\/wp-content\/uploads\/2024\/09\/02-YULIANA-ORTIZ-768x512.jpg",768,512,true],"large":["https:\/\/www.uartes.edu.ec\/sitio\/wp-content\/uploads\/2024\/09\/02-YULIANA-ORTIZ-644x429.jpg",644,429,true],"1536x1536":["https:\/\/www.uartes.edu.ec\/sitio\/wp-content\/uploads\/2024\/09\/02-YULIANA-ORTIZ-1536x1024.jpg",1536,1024,true],"2048x2048":["https:\/\/www.uartes.edu.ec\/sitio\/wp-content\/uploads\/2024\/09\/02-YULIANA-ORTIZ.jpg",2000,1333,false],"trp-custom-language-flag":["https:\/\/www.uartes.edu.ec\/sitio\/wp-content\/uploads\/2024\/09\/02-YULIANA-ORTIZ-18x12.jpg",18,12,true],"htmega_size_585x295":["https:\/\/www.uartes.edu.ec\/sitio\/wp-content\/uploads\/2024\/09\/02-YULIANA-ORTIZ-585x295.jpg",585,295,true],"htmega_size_1170x536":["https:\/\/www.uartes.edu.ec\/sitio\/wp-content\/uploads\/2024\/09\/02-YULIANA-ORTIZ-1170x536.jpg",1170,536,true],"htmega_size_396x360":["https:\/\/www.uartes.edu.ec\/sitio\/wp-content\/uploads\/2024\/09\/02-YULIANA-ORTIZ-396x360.jpg",396,360,true],"gb-block-post-grid-landscape":["https:\/\/www.uartes.edu.ec\/sitio\/wp-content\/uploads\/2024\/09\/02-YULIANA-ORTIZ-600x400.jpg",600,400,true],"gb-block-post-grid-square":["https:\/\/www.uartes.edu.ec\/sitio\/wp-content\/uploads\/2024\/09\/02-YULIANA-ORTIZ-600x600.jpg",600,600,true],"university-hub-thumb":["https:\/\/www.uartes.edu.ec\/sitio\/wp-content\/uploads\/2024\/09\/02-YULIANA-ORTIZ-400x267.jpg",400,267,true]},"uagb_author_info":{"display_name":"ccortez","author_link":"https:\/\/www.uartes.edu.ec\/sitio\/blog\/author\/ccortez\/"},"uagb_comment_info":0,"uagb_excerpt":"En este a\u00f1o, la obra \u201cFiebre de carnaval\u201d de Yuliana Ortiz fue publicada en Argentina por Concreto Editorial y la escritora ecuatoriana ha sido invitada para hablar de esta su primera novela en la edici\u00f3n 16 del Festival Internacional de Literatura Filba 2024, que se realizar\u00e1 del 26 al 29 de septiembre en Buenos Aires.&hellip;","featured_image_src":"https:\/\/www.uartes.edu.ec\/sitio\/wp-content\/uploads\/2024\/09\/02-YULIANA-ORTIZ-600x400.jpg","featured_image_src_square":"https:\/\/www.uartes.edu.ec\/sitio\/wp-content\/uploads\/2024\/09\/02-YULIANA-ORTIZ-600x600.jpg","author_info":{"display_name":"ccortez","author_link":"https:\/\/www.uartes.edu.ec\/sitio\/blog\/author\/ccortez\/"},"publishpress_future_workflow_manual_trigger":{"enabledWorkflows":[]},"distributor_meta":false,"distributor_terms":false,"distributor_media":false,"distributor_original_site_name":"Universidad de las Artes","distributor_original_site_url":"https:\/\/www.uartes.edu.ec\/sitio","push-errors":false,"_links":{"self":[{"href":"https:\/\/www.uartes.edu.ec\/sitio\/wp-json\/wp\/v2\/posts\/61405","targetHints":{"allow":["GET"]}}],"collection":[{"href":"https:\/\/www.uartes.edu.ec\/sitio\/wp-json\/wp\/v2\/posts"}],"about":[{"href":"https:\/\/www.uartes.edu.ec\/sitio\/wp-json\/wp\/v2\/types\/post"}],"author":[{"embeddable":true,"href":"https:\/\/www.uartes.edu.ec\/sitio\/wp-json\/wp\/v2\/users\/10"}],"replies":[{"embeddable":true,"href":"https:\/\/www.uartes.edu.ec\/sitio\/wp-json\/wp\/v2\/comments?post=61405"}],"version-history":[{"count":7,"href":"https:\/\/www.uartes.edu.ec\/sitio\/wp-json\/wp\/v2\/posts\/61405\/revisions"}],"predecessor-version":[{"id":76485,"href":"https:\/\/www.uartes.edu.ec\/sitio\/wp-json\/wp\/v2\/posts\/61405\/revisions\/76485"}],"wp:featuredmedia":[{"embeddable":true,"href":"https:\/\/www.uartes.edu.ec\/sitio\/wp-json\/wp\/v2\/media\/61406"}],"wp:attachment":[{"href":"https:\/\/www.uartes.edu.ec\/sitio\/wp-json\/wp\/v2\/media?parent=61405"}],"wp:term":[{"taxonomy":"category","embeddable":true,"href":"https:\/\/www.uartes.edu.ec\/sitio\/wp-json\/wp\/v2\/categories?post=61405"},{"taxonomy":"post_tag","embeddable":true,"href":"https:\/\/www.uartes.edu.ec\/sitio\/wp-json\/wp\/v2\/tags?post=61405"},{"taxonomy":"infouartes","embeddable":true,"href":"https:\/\/www.uartes.edu.ec\/sitio\/wp-json\/wp\/v2\/infouartes?post=61405"}],"curies":[{"name":"wp","href":"https:\/\/api.w.org\/{rel}","templated":true}]}}