{"id":619,"date":"2017-07-20T18:24:24","date_gmt":"2017-07-20T23:24:24","guid":{"rendered":"http:\/\/www.uartes.edu.ec\/infouartes\/?p=619"},"modified":"2024-07-04T11:54:15","modified_gmt":"2024-07-04T16:54:15","slug":"rector-mantuvo-reunion-de-trabajo-con-embajador-de-francia-en-ecuador","status":"publish","type":"post","link":"https:\/\/www.uartes.edu.ec\/sitio\/blog\/2017\/07\/20\/rector-mantuvo-reunion-de-trabajo-con-embajador-de-francia-en-ecuador\/","title":{"rendered":"Rector mantuvo reuni\u00f3n de trabajo con Embajador de Francia en Ecuador"},"content":{"rendered":"<p>Ramiro Noriega, Rector de la Universidad de las Artes del Ecuador (UArtes), mantuvo una reuni\u00f3n de trabajo con Jean-Baptiste CHAUVIN, Embajador de Francia en Ecuador, y Thierry Sou\u00ebt, c\u00f3nsul de Guayaquil. En el encuentro intervino adem\u00e1s Patricio Larriva, Director de Relaciones Internacionales de la instituci\u00f3n.<\/p>\n<p>Durante la reuni\u00f3n, el Rector de la UArtes destac\u00f3 los convenios que la Universidad mantiene con instituciones en Francia como la Universidad Paris 1 Panth\u00e9on-Sorbonne, La F\u00e9mis y, pr\u00f3ximamente, con el Institut National des Langues et Civilisations Orientales (INALCO). A su vez, destac\u00f3 la relaci\u00f3n de cooperaci\u00f3n que mantiene con la Universidad Paris 3 Sorbonne Nouvelle, la \u00c9cole\u00a0des\u00a0Beaux-Arts, el Institut de recherche et d&#8217;innovation (IRI) del Centro Pompidou, entre otros.<\/p>\n<p>La UArtes, al ser una instituci\u00f3n de educaci\u00f3n superior dedicada a la formaci\u00f3n en artes, ha constituido un sistema interno de gesti\u00f3n que asegure que sus estudiantes tengan \u00e9xito en sus estudios. En ese marco, los programas de intercambio, proyectos acad\u00e9micos \u2013 art\u00edsticos, programas de cooperaci\u00f3n que resulten del v\u00ednculo entre instituciones francesas y la Universidad, son cruciales para fortalecer el plan de internacionalizaci\u00f3n institucional y sumar al \u00e9xito estudiantil.<\/p>\n<p>En el di\u00e1logo se habl\u00f3 de la posibilidad de trabajar con la intenci\u00f3n de implementar las becas Erasmus para estudiantes de la UArtes<strong>. <\/strong>\u201cEsta es una herramienta extraordinaria y hay que aprovecharla\u201d, destac\u00f3 el Embajador; quien adem\u00e1s se comprometi\u00f3 a trabajar de cerca sobre las posibilidades de colaboraci\u00f3n entre la Embajada y la UArtes.<\/p>\n<p>\u201cLa UArtes tiene el desaf\u00edo de instalar en la sociedad el valor que tiene la econom\u00eda creativa. Por eso este debe ser un proyecto general y no s\u00f3lo acad\u00e9mico\u201d, concluy\u00f3 el Rector.<\/p>\n","protected":false},"excerpt":{"rendered":"<p>Ramiro Noriega, Rector de la Universidad de las Artes del Ecuador (UArtes), mantuvo una reuni\u00f3n de trabajo con Jean-Baptiste CHAUVIN, Embajador de Francia en Ecuador, y Thierry Sou\u00ebt, c\u00f3nsul de Guayaquil. En el encuentro intervino adem\u00e1s Patricio Larriva, Director de Relaciones Internacionales de la instituci\u00f3n. Durante la reuni\u00f3n, el Rector de la UArtes destac\u00f3 los [&hellip;]<\/p>\n","protected":false},"author":1,"featured_media":620,"comment_status":"closed","ping_status":"open","sticky":false,"template":"","format":"standard","meta":{"_acf_changed":false,"_uag_custom_page_level_css":"","_monsterinsights_skip_tracking":false,"_monsterinsights_sitenote_active":false,"_monsterinsights_sitenote_note":"","_monsterinsights_sitenote_category":0,"cybocfi_hide_featured_image":"","footnotes":""},"categories":[84],"tags":[],"infouartes":[],"class_list":["post-619","post","type-post","status-publish","format-standard","has-post-thumbnail","hentry","category-rectorado"],"acf":[],"yoast_head":"<!-- This site is optimized with the Yoast SEO plugin v27.4 - https:\/\/yoast.com\/product\/yoast-seo-wordpress\/ -->\n<title>Universidad de las Artes - Rector mantuvo reuni\u00f3n de trabajo con Embajador de Francia en Ecuador<\/title>\n<meta name=\"description\" content=\"Universidad de las Artes - Rector mantuvo reuni\u00f3n de trabajo con Embajador de Francia en Ecuador\" \/>\n<meta name=\"robots\" content=\"index, follow, max-snippet:-1, max-image-preview:large, max-video-preview:-1\" \/>\n<link rel=\"canonical\" href=\"https:\/\/www.uartes.edu.ec\/sitio\/blog\/2017\/07\/20\/rector-mantuvo-reunion-de-trabajo-con-embajador-de-francia-en-ecuador\/\" \/>\n<meta property=\"og:locale\" content=\"es_ES\" \/>\n<meta property=\"og:type\" content=\"article\" \/>\n<meta property=\"og:title\" content=\"Universidad de las Artes - Rector mantuvo reuni\u00f3n de trabajo con Embajador de Francia en Ecuador\" \/>\n<meta property=\"og:description\" content=\"Universidad de las Artes - Rector mantuvo reuni\u00f3n de trabajo con Embajador de Francia en Ecuador\" \/>\n<meta property=\"og:url\" content=\"https:\/\/www.uartes.edu.ec\/sitio\/blog\/2017\/07\/20\/rector-mantuvo-reunion-de-trabajo-con-embajador-de-francia-en-ecuador\/\" \/>\n<meta property=\"og:site_name\" content=\"Universidad de las Artes\" \/>\n<meta property=\"article:publisher\" content=\"https:\/\/www.facebook.com\/uartesec\" \/>\n<meta property=\"article:published_time\" content=\"2017-07-20T23:24:24+00:00\" \/>\n<meta property=\"article:modified_time\" content=\"2024-07-04T16:54:15+00:00\" \/>\n<meta name=\"author\" content=\"Universidad de las Artes\" \/>\n<meta name=\"twitter:card\" content=\"summary_large_image\" \/>\n<meta name=\"twitter:creator\" content=\"@uartesec\" \/>\n<meta name=\"twitter:site\" content=\"@uartesec\" \/>\n<meta name=\"twitter:label1\" content=\"Escrito por\" \/>\n\t<meta name=\"twitter:data1\" content=\"Universidad de las Artes\" \/>\n\t<meta name=\"twitter:label2\" content=\"Tiempo de lectura\" \/>\n\t<meta name=\"twitter:data2\" content=\"1 minuto\" \/>\n<script type=\"application\/ld+json\" class=\"yoast-schema-graph\">{\"@context\":\"https:\\\/\\\/schema.org\",\"@graph\":[{\"@type\":\"Article\",\"@id\":\"https:\\\/\\\/www.uartes.edu.ec\\\/sitio\\\/blog\\\/2017\\\/07\\\/20\\\/rector-mantuvo-reunion-de-trabajo-con-embajador-de-francia-en-ecuador\\\/#article\",\"isPartOf\":{\"@id\":\"https:\\\/\\\/www.uartes.edu.ec\\\/sitio\\\/blog\\\/2017\\\/07\\\/20\\\/rector-mantuvo-reunion-de-trabajo-con-embajador-de-francia-en-ecuador\\\/\"},\"author\":{\"name\":\"Universidad de las Artes\",\"@id\":\"https:\\\/\\\/www.uartes.edu.ec\\\/sitio\\\/#\\\/schema\\\/person\\\/f33f8c1d2af0d5c80a38c8abf458184a\"},\"headline\":\"Rector mantuvo reuni\u00f3n de trabajo con Embajador de Francia en Ecuador\",\"datePublished\":\"2017-07-20T23:24:24+00:00\",\"dateModified\":\"2024-07-04T16:54:15+00:00\",\"mainEntityOfPage\":{\"@id\":\"https:\\\/\\\/www.uartes.edu.ec\\\/sitio\\\/blog\\\/2017\\\/07\\\/20\\\/rector-mantuvo-reunion-de-trabajo-con-embajador-de-francia-en-ecuador\\\/\"},\"wordCount\":311,\"publisher\":{\"@id\":\"https:\\\/\\\/www.uartes.edu.ec\\\/sitio\\\/#organization\"},\"image\":{\"@id\":\"https:\\\/\\\/www.uartes.edu.ec\\\/sitio\\\/blog\\\/2017\\\/07\\\/20\\\/rector-mantuvo-reunion-de-trabajo-con-embajador-de-francia-en-ecuador\\\/#primaryimage\"},\"thumbnailUrl\":\"\",\"articleSection\":[\"Rectorado\"],\"inLanguage\":\"es\"},{\"@type\":[\"WebPage\",\"ItemPage\"],\"@id\":\"https:\\\/\\\/www.uartes.edu.ec\\\/sitio\\\/blog\\\/2017\\\/07\\\/20\\\/rector-mantuvo-reunion-de-trabajo-con-embajador-de-francia-en-ecuador\\\/\",\"url\":\"https:\\\/\\\/www.uartes.edu.ec\\\/sitio\\\/blog\\\/2017\\\/07\\\/20\\\/rector-mantuvo-reunion-de-trabajo-con-embajador-de-francia-en-ecuador\\\/\",\"name\":\"Universidad de las Artes - Rector mantuvo reuni\u00f3n de trabajo con Embajador de Francia en Ecuador\",\"isPartOf\":{\"@id\":\"https:\\\/\\\/www.uartes.edu.ec\\\/sitio\\\/#website\"},\"primaryImageOfPage\":{\"@id\":\"https:\\\/\\\/www.uartes.edu.ec\\\/sitio\\\/blog\\\/2017\\\/07\\\/20\\\/rector-mantuvo-reunion-de-trabajo-con-embajador-de-francia-en-ecuador\\\/#primaryimage\"},\"image\":{\"@id\":\"https:\\\/\\\/www.uartes.edu.ec\\\/sitio\\\/blog\\\/2017\\\/07\\\/20\\\/rector-mantuvo-reunion-de-trabajo-con-embajador-de-francia-en-ecuador\\\/#primaryimage\"},\"thumbnailUrl\":\"\",\"datePublished\":\"2017-07-20T23:24:24+00:00\",\"dateModified\":\"2024-07-04T16:54:15+00:00\",\"description\":\"Universidad de las Artes - Rector mantuvo reuni\u00f3n de trabajo con Embajador de Francia en Ecuador\",\"breadcrumb\":{\"@id\":\"https:\\\/\\\/www.uartes.edu.ec\\\/sitio\\\/blog\\\/2017\\\/07\\\/20\\\/rector-mantuvo-reunion-de-trabajo-con-embajador-de-francia-en-ecuador\\\/#breadcrumb\"},\"inLanguage\":\"es\",\"potentialAction\":[{\"@type\":\"ReadAction\",\"target\":[\"https:\\\/\\\/www.uartes.edu.ec\\\/sitio\\\/blog\\\/2017\\\/07\\\/20\\\/rector-mantuvo-reunion-de-trabajo-con-embajador-de-francia-en-ecuador\\\/\"]}]},{\"@type\":\"ImageObject\",\"inLanguage\":\"es\",\"@id\":\"https:\\\/\\\/www.uartes.edu.ec\\\/sitio\\\/blog\\\/2017\\\/07\\\/20\\\/rector-mantuvo-reunion-de-trabajo-con-embajador-de-francia-en-ecuador\\\/#primaryimage\",\"url\":\"\",\"contentUrl\":\"\"},{\"@type\":\"BreadcrumbList\",\"@id\":\"https:\\\/\\\/www.uartes.edu.ec\\\/sitio\\\/blog\\\/2017\\\/07\\\/20\\\/rector-mantuvo-reunion-de-trabajo-con-embajador-de-francia-en-ecuador\\\/#breadcrumb\",\"itemListElement\":[{\"@type\":\"ListItem\",\"position\":1,\"name\":\"Inicio\",\"item\":\"https:\\\/\\\/www.uartes.edu.ec\\\/sitio\\\/\"},{\"@type\":\"ListItem\",\"position\":2,\"name\":\"Rector mantuvo reuni\u00f3n de trabajo con Embajador de Francia en Ecuador\"}]},{\"@type\":\"WebSite\",\"@id\":\"https:\\\/\\\/www.uartes.edu.ec\\\/sitio\\\/#website\",\"url\":\"https:\\\/\\\/www.uartes.edu.ec\\\/sitio\\\/\",\"name\":\"Universidad de las Artes\",\"description\":\"Sitio oficial de la Universidad Nacional de las Artes del Ecuador\",\"publisher\":{\"@id\":\"https:\\\/\\\/www.uartes.edu.ec\\\/sitio\\\/#organization\"},\"potentialAction\":[{\"@type\":\"SearchAction\",\"target\":{\"@type\":\"EntryPoint\",\"urlTemplate\":\"https:\\\/\\\/www.uartes.edu.ec\\\/sitio\\\/?s={search_term_string}\"},\"query-input\":{\"@type\":\"PropertyValueSpecification\",\"valueRequired\":true,\"valueName\":\"search_term_string\"}}],\"inLanguage\":\"es\"},{\"@type\":\"Organization\",\"@id\":\"https:\\\/\\\/www.uartes.edu.ec\\\/sitio\\\/#organization\",\"name\":\"Universidad de las Artes\",\"url\":\"https:\\\/\\\/www.uartes.edu.ec\\\/sitio\\\/\",\"logo\":{\"@type\":\"ImageObject\",\"inLanguage\":\"es\",\"@id\":\"https:\\\/\\\/www.uartes.edu.ec\\\/sitio\\\/#\\\/schema\\\/logo\\\/image\\\/\",\"url\":\"https:\\\/\\\/www.uartes.edu.ec\\\/sitio\\\/wp-content\\\/uploads\\\/2022\\\/07\\\/logo-ua-horizontal.png\",\"contentUrl\":\"https:\\\/\\\/www.uartes.edu.ec\\\/sitio\\\/wp-content\\\/uploads\\\/2022\\\/07\\\/logo-ua-horizontal.png\",\"width\":800,\"height\":276,\"caption\":\"Universidad de las Artes\"},\"image\":{\"@id\":\"https:\\\/\\\/www.uartes.edu.ec\\\/sitio\\\/#\\\/schema\\\/logo\\\/image\\\/\"},\"sameAs\":[\"https:\\\/\\\/www.facebook.com\\\/uartesec\",\"https:\\\/\\\/x.com\\\/uartesec\",\"https:\\\/\\\/www.tiktok.com\\\/@uartesec\"]},{\"@type\":\"Person\",\"@id\":\"https:\\\/\\\/www.uartes.edu.ec\\\/sitio\\\/#\\\/schema\\\/person\\\/f33f8c1d2af0d5c80a38c8abf458184a\",\"name\":\"Universidad de las Artes\",\"image\":{\"@type\":\"ImageObject\",\"inLanguage\":\"es\",\"@id\":\"https:\\\/\\\/secure.gravatar.com\\\/avatar\\\/52e4757902f5cfa5ac52d020e5be83cae5487519154b6c35482fe08d589f3c13?s=96&d=mm&r=g\",\"url\":\"https:\\\/\\\/secure.gravatar.com\\\/avatar\\\/52e4757902f5cfa5ac52d020e5be83cae5487519154b6c35482fe08d589f3c13?s=96&d=mm&r=g\",\"contentUrl\":\"https:\\\/\\\/secure.gravatar.com\\\/avatar\\\/52e4757902f5cfa5ac52d020e5be83cae5487519154b6c35482fe08d589f3c13?s=96&d=mm&r=g\",\"caption\":\"Universidad de las Artes\"},\"url\":\"https:\\\/\\\/www.uartes.edu.ec\\\/sitio\\\/blog\\\/author\\\/dircomadm\\\/\"}]}<\/script>\n<!-- \/ Yoast SEO plugin. -->","yoast_head_json":{"title":"Universidad de las Artes - Rector mantuvo reuni\u00f3n de trabajo con Embajador de Francia en Ecuador","description":"Universidad de las Artes - Rector mantuvo reuni\u00f3n de trabajo con Embajador de Francia en Ecuador","robots":{"index":"index","follow":"follow","max-snippet":"max-snippet:-1","max-image-preview":"max-image-preview:large","max-video-preview":"max-video-preview:-1"},"canonical":"https:\/\/www.uartes.edu.ec\/sitio\/blog\/2017\/07\/20\/rector-mantuvo-reunion-de-trabajo-con-embajador-de-francia-en-ecuador\/","og_locale":"es_ES","og_type":"article","og_title":"Universidad de las Artes - Rector mantuvo reuni\u00f3n de trabajo con Embajador de Francia en Ecuador","og_description":"Universidad de las Artes - Rector mantuvo reuni\u00f3n de trabajo con Embajador de Francia en Ecuador","og_url":"https:\/\/www.uartes.edu.ec\/sitio\/blog\/2017\/07\/20\/rector-mantuvo-reunion-de-trabajo-con-embajador-de-francia-en-ecuador\/","og_site_name":"Universidad de las Artes","article_publisher":"https:\/\/www.facebook.com\/uartesec","article_published_time":"2017-07-20T23:24:24+00:00","article_modified_time":"2024-07-04T16:54:15+00:00","author":"Universidad de las Artes","twitter_card":"summary_large_image","twitter_creator":"@uartesec","twitter_site":"@uartesec","twitter_misc":{"Escrito por":"Universidad de las Artes","Tiempo de lectura":"1 minuto"},"schema":{"@context":"https:\/\/schema.org","@graph":[{"@type":"Article","@id":"https:\/\/www.uartes.edu.ec\/sitio\/blog\/2017\/07\/20\/rector-mantuvo-reunion-de-trabajo-con-embajador-de-francia-en-ecuador\/#article","isPartOf":{"@id":"https:\/\/www.uartes.edu.ec\/sitio\/blog\/2017\/07\/20\/rector-mantuvo-reunion-de-trabajo-con-embajador-de-francia-en-ecuador\/"},"author":{"name":"Universidad de las Artes","@id":"https:\/\/www.uartes.edu.ec\/sitio\/#\/schema\/person\/f33f8c1d2af0d5c80a38c8abf458184a"},"headline":"Rector mantuvo reuni\u00f3n de trabajo con Embajador de Francia en Ecuador","datePublished":"2017-07-20T23:24:24+00:00","dateModified":"2024-07-04T16:54:15+00:00","mainEntityOfPage":{"@id":"https:\/\/www.uartes.edu.ec\/sitio\/blog\/2017\/07\/20\/rector-mantuvo-reunion-de-trabajo-con-embajador-de-francia-en-ecuador\/"},"wordCount":311,"publisher":{"@id":"https:\/\/www.uartes.edu.ec\/sitio\/#organization"},"image":{"@id":"https:\/\/www.uartes.edu.ec\/sitio\/blog\/2017\/07\/20\/rector-mantuvo-reunion-de-trabajo-con-embajador-de-francia-en-ecuador\/#primaryimage"},"thumbnailUrl":"","articleSection":["Rectorado"],"inLanguage":"es"},{"@type":["WebPage","ItemPage"],"@id":"https:\/\/www.uartes.edu.ec\/sitio\/blog\/2017\/07\/20\/rector-mantuvo-reunion-de-trabajo-con-embajador-de-francia-en-ecuador\/","url":"https:\/\/www.uartes.edu.ec\/sitio\/blog\/2017\/07\/20\/rector-mantuvo-reunion-de-trabajo-con-embajador-de-francia-en-ecuador\/","name":"Universidad de las Artes - Rector mantuvo reuni\u00f3n de trabajo con Embajador de Francia en Ecuador","isPartOf":{"@id":"https:\/\/www.uartes.edu.ec\/sitio\/#website"},"primaryImageOfPage":{"@id":"https:\/\/www.uartes.edu.ec\/sitio\/blog\/2017\/07\/20\/rector-mantuvo-reunion-de-trabajo-con-embajador-de-francia-en-ecuador\/#primaryimage"},"image":{"@id":"https:\/\/www.uartes.edu.ec\/sitio\/blog\/2017\/07\/20\/rector-mantuvo-reunion-de-trabajo-con-embajador-de-francia-en-ecuador\/#primaryimage"},"thumbnailUrl":"","datePublished":"2017-07-20T23:24:24+00:00","dateModified":"2024-07-04T16:54:15+00:00","description":"Universidad de las Artes - Rector mantuvo reuni\u00f3n de trabajo con Embajador de Francia en Ecuador","breadcrumb":{"@id":"https:\/\/www.uartes.edu.ec\/sitio\/blog\/2017\/07\/20\/rector-mantuvo-reunion-de-trabajo-con-embajador-de-francia-en-ecuador\/#breadcrumb"},"inLanguage":"es","potentialAction":[{"@type":"ReadAction","target":["https:\/\/www.uartes.edu.ec\/sitio\/blog\/2017\/07\/20\/rector-mantuvo-reunion-de-trabajo-con-embajador-de-francia-en-ecuador\/"]}]},{"@type":"ImageObject","inLanguage":"es","@id":"https:\/\/www.uartes.edu.ec\/sitio\/blog\/2017\/07\/20\/rector-mantuvo-reunion-de-trabajo-con-embajador-de-francia-en-ecuador\/#primaryimage","url":"","contentUrl":""},{"@type":"BreadcrumbList","@id":"https:\/\/www.uartes.edu.ec\/sitio\/blog\/2017\/07\/20\/rector-mantuvo-reunion-de-trabajo-con-embajador-de-francia-en-ecuador\/#breadcrumb","itemListElement":[{"@type":"ListItem","position":1,"name":"Inicio","item":"https:\/\/www.uartes.edu.ec\/sitio\/"},{"@type":"ListItem","position":2,"name":"Rector mantuvo reuni\u00f3n de trabajo con Embajador de Francia en Ecuador"}]},{"@type":"WebSite","@id":"https:\/\/www.uartes.edu.ec\/sitio\/#website","url":"https:\/\/www.uartes.edu.ec\/sitio\/","name":"Universidad de las Artes","description":"Sitio oficial de la Universidad Nacional de las Artes del Ecuador","publisher":{"@id":"https:\/\/www.uartes.edu.ec\/sitio\/#organization"},"potentialAction":[{"@type":"SearchAction","target":{"@type":"EntryPoint","urlTemplate":"https:\/\/www.uartes.edu.ec\/sitio\/?s={search_term_string}"},"query-input":{"@type":"PropertyValueSpecification","valueRequired":true,"valueName":"search_term_string"}}],"inLanguage":"es"},{"@type":"Organization","@id":"https:\/\/www.uartes.edu.ec\/sitio\/#organization","name":"Universidad de las Artes","url":"https:\/\/www.uartes.edu.ec\/sitio\/","logo":{"@type":"ImageObject","inLanguage":"es","@id":"https:\/\/www.uartes.edu.ec\/sitio\/#\/schema\/logo\/image\/","url":"https:\/\/www.uartes.edu.ec\/sitio\/wp-content\/uploads\/2022\/07\/logo-ua-horizontal.png","contentUrl":"https:\/\/www.uartes.edu.ec\/sitio\/wp-content\/uploads\/2022\/07\/logo-ua-horizontal.png","width":800,"height":276,"caption":"Universidad de las Artes"},"image":{"@id":"https:\/\/www.uartes.edu.ec\/sitio\/#\/schema\/logo\/image\/"},"sameAs":["https:\/\/www.facebook.com\/uartesec","https:\/\/x.com\/uartesec","https:\/\/www.tiktok.com\/@uartesec"]},{"@type":"Person","@id":"https:\/\/www.uartes.edu.ec\/sitio\/#\/schema\/person\/f33f8c1d2af0d5c80a38c8abf458184a","name":"Universidad de las Artes","image":{"@type":"ImageObject","inLanguage":"es","@id":"https:\/\/secure.gravatar.com\/avatar\/52e4757902f5cfa5ac52d020e5be83cae5487519154b6c35482fe08d589f3c13?s=96&d=mm&r=g","url":"https:\/\/secure.gravatar.com\/avatar\/52e4757902f5cfa5ac52d020e5be83cae5487519154b6c35482fe08d589f3c13?s=96&d=mm&r=g","contentUrl":"https:\/\/secure.gravatar.com\/avatar\/52e4757902f5cfa5ac52d020e5be83cae5487519154b6c35482fe08d589f3c13?s=96&d=mm&r=g","caption":"Universidad de las Artes"},"url":"https:\/\/www.uartes.edu.ec\/sitio\/blog\/author\/dircomadm\/"}]}},"uagb_featured_image_src":{"full":false,"thumbnail":false,"medium":false,"medium_large":false,"large":false,"1536x1536":false,"2048x2048":false,"trp-custom-language-flag":false,"htmega_size_585x295":false,"htmega_size_1170x536":false,"htmega_size_396x360":false,"gb-block-post-grid-landscape":false,"gb-block-post-grid-square":false,"university-hub-thumb":false},"uagb_author_info":{"display_name":"Universidad de las Artes","author_link":"https:\/\/www.uartes.edu.ec\/sitio\/blog\/author\/dircomadm\/"},"uagb_comment_info":0,"uagb_excerpt":"Ramiro Noriega, Rector de la Universidad de las Artes del Ecuador (UArtes), mantuvo una reuni\u00f3n de trabajo con Jean-Baptiste CHAUVIN, Embajador de Francia en Ecuador, y Thierry Sou\u00ebt, c\u00f3nsul de Guayaquil. En el encuentro intervino adem\u00e1s Patricio Larriva, Director de Relaciones Internacionales de la instituci\u00f3n. Durante la reuni\u00f3n, el Rector de la UArtes destac\u00f3 los&hellip;","featured_image_src":null,"featured_image_src_square":null,"author_info":{"display_name":"Universidad de las Artes","author_link":"https:\/\/www.uartes.edu.ec\/sitio\/blog\/author\/dircomadm\/"},"publishpress_future_workflow_manual_trigger":{"enabledWorkflows":[]},"distributor_meta":false,"distributor_terms":false,"distributor_media":false,"distributor_original_site_name":"Universidad de las Artes","distributor_original_site_url":"https:\/\/www.uartes.edu.ec\/sitio","push-errors":false,"_links":{"self":[{"href":"https:\/\/www.uartes.edu.ec\/sitio\/wp-json\/wp\/v2\/posts\/619","targetHints":{"allow":["GET"]}}],"collection":[{"href":"https:\/\/www.uartes.edu.ec\/sitio\/wp-json\/wp\/v2\/posts"}],"about":[{"href":"https:\/\/www.uartes.edu.ec\/sitio\/wp-json\/wp\/v2\/types\/post"}],"author":[{"embeddable":true,"href":"https:\/\/www.uartes.edu.ec\/sitio\/wp-json\/wp\/v2\/users\/1"}],"replies":[{"embeddable":true,"href":"https:\/\/www.uartes.edu.ec\/sitio\/wp-json\/wp\/v2\/comments?post=619"}],"version-history":[{"count":1,"href":"https:\/\/www.uartes.edu.ec\/sitio\/wp-json\/wp\/v2\/posts\/619\/revisions"}],"predecessor-version":[{"id":58018,"href":"https:\/\/www.uartes.edu.ec\/sitio\/wp-json\/wp\/v2\/posts\/619\/revisions\/58018"}],"wp:featuredmedia":[{"embeddable":true,"href":"https:\/\/www.uartes.edu.ec\/sitio\/wp-json\/"}],"wp:attachment":[{"href":"https:\/\/www.uartes.edu.ec\/sitio\/wp-json\/wp\/v2\/media?parent=619"}],"wp:term":[{"taxonomy":"category","embeddable":true,"href":"https:\/\/www.uartes.edu.ec\/sitio\/wp-json\/wp\/v2\/categories?post=619"},{"taxonomy":"post_tag","embeddable":true,"href":"https:\/\/www.uartes.edu.ec\/sitio\/wp-json\/wp\/v2\/tags?post=619"},{"taxonomy":"infouartes","embeddable":true,"href":"https:\/\/www.uartes.edu.ec\/sitio\/wp-json\/wp\/v2\/infouartes?post=619"}],"curies":[{"name":"wp","href":"https:\/\/api.w.org\/{rel}","templated":true}]}}