{"id":62228,"date":"2024-09-25T14:07:00","date_gmt":"2024-09-25T19:07:00","guid":{"rendered":"https:\/\/www.uartes.edu.ec\/sitio\/?p=62228"},"modified":"2024-10-21T14:58:47","modified_gmt":"2024-10-21T19:58:47","slug":"convenio-especifico-con-el-fce-para-que-estudiantes-uartes-puedan-cumplir-ppp-en-sus-proyectos-y-actividades","status":"publish","type":"post","link":"https:\/\/www.uartes.edu.ec\/sitio\/blog\/2024\/09\/25\/convenio-especifico-con-el-fce-para-que-estudiantes-uartes-puedan-cumplir-ppp-en-sus-proyectos-y-actividades\/","title":{"rendered":"Convenio espec\u00edfico con el FCE para que los estudiantes UArtes realicen Pr\u00e1cticas PreProfesionales en proyectos conjuntos"},"content":{"rendered":"\n<p>Los estudiantes de grado de la Universidad de las Artes podr\u00e1n cumplir con sus horas de Pr\u00e1cticas PreProfesionales en los proyectos y actividades de la Fundaci\u00f3n Fondo de Cultura Econ\u00f3mica Ecuador (FCE). El pasado viernes 20 de septiembre nuestra instituci\u00f3n firm\u00f3 un convenio espec\u00edfico con el grupo editorial asentado en M\u00e9xico y con presencia en la mayor\u00eda de pa\u00edses hispano hablantes.<\/p>\n\n\n\n<p>Se encuentra tambi\u00e9n en Ecuador y en la UArtes est\u00e1n las dos librer\u00edas que abri\u00f3 en Guayaquil. En la Sala R\u00eda de la Biblioteca de las Artes, la librer\u00eda Rita Lecumberri con obras especialmente dirigidas a ni\u00f1as, ni\u00f1os y adolescentes, y en el MZ14 Centro de Producci\u00f3n e Innovaci\u00f3n la Miguel Donoso, donde justamente se suscribi\u00f3 el acuerdo.<\/p>\n\n\n\n<p>Por la UArtes firm\u00f3 la doctora Janina Su\u00e1rez, jefa de Pr\u00e1cticas PreProfesionales, y por el Fondo de Cultura Econ\u00f3mica su directora ejecutiva en Ecuador, ingeniera&nbsp;Paulina Abarca, quien se\u00f1al\u00f3 a InfoUArtes la importancia de darle mayor promoci\u00f3n a la presencia del FCE en la ciudad. \u201cY para los estudiantes es important\u00edsimo que conozcan el medio en el que se desenvolver\u00e1n\u201d, anot\u00f3 en alusi\u00f3n a que ser\u00e1n los alumnos de la Escuela de Literatura quienes seguramente aplicar\u00e1n para realizar las PPP en las librer\u00edas.<\/p>\n\n\n<div class=\"wp-block-image\">\n<figure class=\"aligncenter size-large\"><img fetchpriority=\"high\" decoding=\"async\" width=\"644\" height=\"483\" src=\"https:\/\/www.uartes.edu.ec\/sitio\/wp-content\/uploads\/2024\/09\/convenioPPP4-644x483.jpg\" alt=\"\" class=\"wp-image-62230\" srcset=\"https:\/\/www.uartes.edu.ec\/sitio\/wp-content\/uploads\/2024\/09\/convenioPPP4-644x483.jpg 644w, https:\/\/www.uartes.edu.ec\/sitio\/wp-content\/uploads\/2024\/09\/convenioPPP4-300x225.jpg 300w, https:\/\/www.uartes.edu.ec\/sitio\/wp-content\/uploads\/2024\/09\/convenioPPP4-768x576.jpg 768w, https:\/\/www.uartes.edu.ec\/sitio\/wp-content\/uploads\/2024\/09\/convenioPPP4-1536x1152.jpg 1536w, https:\/\/www.uartes.edu.ec\/sitio\/wp-content\/uploads\/2024\/09\/convenioPPP4-16x12.jpg 16w, https:\/\/www.uartes.edu.ec\/sitio\/wp-content\/uploads\/2024\/09\/convenioPPP4-400x300.jpg 400w, https:\/\/www.uartes.edu.ec\/sitio\/wp-content\/uploads\/2024\/09\/convenioPPP4.jpg 1778w\" sizes=\"(max-width: 644px) 100vw, 644px\" \/><\/figure>\n<\/div>\n\n\n<p>\u201cSon dos los objetivos que nos hemos planteado, dar a conocer las librer\u00edas y que los chicos tengan el pre\u00e1mbulo del \u00e1mbito a desenvolverse\u201d, expres\u00f3 Abarca, revelando que con la librer\u00eda Carlos Fuentes que el FCE tiene en Quito trabajaron mucho para promoverla. \u201cPiensan que somos una instituci\u00f3n p\u00fablica y que no vendemos libros, queremos desvirtuar aquello y que sepan que nuestras obras son de muy buena calidad y sus precios son muy bajos\u201d. Cont\u00f3 que desde la casa matriz en M\u00e9xico se dispuso que el costo de los libros sea asequible, incluso desde 1,50 y 2 d\u00f3lares.<\/p>\n\n\n\n<p>Abarca agreg\u00f3 que el convenio espec\u00edfico con la UArtes \u201ces una muestra clave del compromiso mutuo que compartimos por la promoci\u00f3n del conocimiento y de la cultura. Es un privilegio ser parte del camino formativo de los estudiantes de la carrera de Literatura y tener la oportunidad de que el fondo sea un lugar donde poder desarrollar sus proyectos y creatividad\u201d.<\/p>\n\n\n\n<p>La escritora y docente Siomara Espa\u00f1a, coordinadora de Pr\u00e1cticas PreProfesionales de la Escuela de Literatura, expres\u00f3 que el Fondo de Cultura Econ\u00f3mica es un baluarte para la universidad y nuestros estudiantes de todas las carreras, pero particularmente para los de Literatura. \u201cCreo que el convenio es un gran acierto, pues les permitir\u00e1 realizar sus procesos de pr\u00e1cticas y viabilizar posibilidades de nuevas actividades que est\u00e9n relacionadas en ese marco de pr\u00e1cticas, en ese marco de la lectura y todo lo que entra\u00f1a el proceso lector\u201d.&nbsp;<\/p>\n\n\n<div class=\"wp-block-image\">\n<figure class=\"aligncenter size-large\"><img decoding=\"async\" width=\"644\" height=\"483\" src=\"https:\/\/www.uartes.edu.ec\/sitio\/wp-content\/uploads\/2024\/09\/convenioPPP5-644x483.jpg\" alt=\"\" class=\"wp-image-62235\" srcset=\"https:\/\/www.uartes.edu.ec\/sitio\/wp-content\/uploads\/2024\/09\/convenioPPP5-644x483.jpg 644w, https:\/\/www.uartes.edu.ec\/sitio\/wp-content\/uploads\/2024\/09\/convenioPPP5-300x225.jpg 300w, https:\/\/www.uartes.edu.ec\/sitio\/wp-content\/uploads\/2024\/09\/convenioPPP5-768x576.jpg 768w, https:\/\/www.uartes.edu.ec\/sitio\/wp-content\/uploads\/2024\/09\/convenioPPP5-1536x1152.jpg 1536w, https:\/\/www.uartes.edu.ec\/sitio\/wp-content\/uploads\/2024\/09\/convenioPPP5-16x12.jpg 16w, https:\/\/www.uartes.edu.ec\/sitio\/wp-content\/uploads\/2024\/09\/convenioPPP5-400x300.jpg 400w, https:\/\/www.uartes.edu.ec\/sitio\/wp-content\/uploads\/2024\/09\/convenioPPP5.jpg 1778w\" sizes=\"(max-width: 644px) 100vw, 644px\" \/><\/figure>\n<\/div>\n\n\n<p>Espa\u00f1a coment\u00f3 que no hab\u00eda estado en la coordinaci\u00f3n de las PPP de Literatura, la cual considera sustancial para la universidad, pues es el lugar donde nuestros estudiantes empiezan el proceso profesionalizante; un \u00e1rea importante que hay que cuidar y potenciar.&nbsp;<\/p>\n\n\n\n<p>Xavier Oquendo, asesor cultural de la Fundaci\u00f3n Fondo de Cultura Econ\u00f3mica Ecuador, se\u00f1al\u00f3 que con la suscripci\u00f3n se busca&nbsp;formar tambi\u00e9n los estudiantes UArtes en las diferentes Pr\u00e1cticas PreProfesionales ligadas con la escritura creativa, los talleres de mediaci\u00f3n lectora, los c\u00edrculos del libro, \u201cun trabajo que pueda articular a las dos instituciones y volver un efecto mancomunado para la sociedad\u201d.&nbsp;<\/p>\n\n\n\n<p>En su intervenci\u00f3n, Janina Su\u00e1rez revel\u00f3 que se aprovech\u00f3 la participaci\u00f3n del FCE en la Feria Internacional del Libro de Guayaquil, que se desarroll\u00f3 del 18 al 22 de septiembre para conocerse en persona \u2013en alusi\u00f3n a la presencia en la ciudad de la directora ejecutiva y el asesor cultural del fondo\u2013 y planificar todo el recorrido que tendr\u00e1 el convenio, fortaleciendo as\u00ed los relacionamientos interinstitucionales.<\/p>\n\n\n\t\t\t\t\t<div\n\t\t\t\t\t\tclass=\"wp-block-uagb-image-gallery uagb-block-a13d6e0d     \"\n\t\t\t\t\t\tstyle=\"\"\n\t\t\t\t\t>\n\t\t\t\t\t\t\t\t\t\t\t<div class=\"spectra-image-gallery spectra-image-gallery__layout--grid spectra-image-gallery__layout--grid-col-2 spectra-image-gallery__layout--grid-col-tab-2 spectra-image-gallery__layout--grid-col-mob-2\">\n\t\t\t\t\t\t\t\t\t\t\t<div class='spectra-image-gallery__media-wrapper' data-spectra-gallery-image-id='62236' tabindex=\"0\">\n\t\t\t\t\t\t\t<div class=\"spectra-image-gallery__media spectra-image-gallery__media--grid\">\n\t\t\t\t<picture>\n\t\t\t\t\t<source media=\"(min-width: 1024px)\" srcset=\"https:\/\/www.uartes.edu.ec\/sitio\/wp-content\/uploads\/2024\/09\/convenioPPP66-644x483.jpg\">\n\t\t\t\t\t<source media=\"(min-width: 768px)\" srcset=\"https:\/\/www.uartes.edu.ec\/sitio\/wp-content\/uploads\/2024\/09\/convenioPPP66-644x483.jpg\">\n\t\t\t\t\t<img decoding=\"async\" class=\"spectra-image-gallery__media-thumbnail spectra-image-gallery__media-thumbnail--grid\" src=\"https:\/\/www.uartes.edu.ec\/sitio\/wp-content\/uploads\/2024\/09\/convenioPPP66-300x225.jpg\" alt=\"\" loading=\"lazy\" \/>\n\t\t\t\t<\/picture>\n\t\t\t\t<div class=\"spectra-image-gallery__media-thumbnail-blurrer\"><\/div>\n\t\t\t\t\t\t\t\t\t\t\t<div class=\"spectra-image-gallery__media-thumbnail-caption-wrapper spectra-image-gallery__media-thumbnail-caption-wrapper--overlay\">\n\t\t\t\t\t\t\t\t\t\t\t<div class=\"spectra-image-gallery__media-thumbnail-caption spectra-image-gallery__media-thumbnail-caption--overlay\">\n\t\t\t\t\tSin leyenda\t\t\t\t<\/div>\n\t\t\t\t\t\t\t\t\t\t<\/div>\n\t\t\t\t\t\t\t\t\t<\/div>\n\t\t\t\t\t\t<\/div>\n\t\t\t\t\t\t<div class='spectra-image-gallery__media-wrapper' data-spectra-gallery-image-id='62237' tabindex=\"0\">\n\t\t\t\t\t\t\t<div class=\"spectra-image-gallery__media spectra-image-gallery__media--grid\">\n\t\t\t\t<picture>\n\t\t\t\t\t<source media=\"(min-width: 1024px)\" srcset=\"https:\/\/www.uartes.edu.ec\/sitio\/wp-content\/uploads\/2024\/09\/convenioPPP7-1-644x461.jpg\">\n\t\t\t\t\t<source media=\"(min-width: 768px)\" srcset=\"https:\/\/www.uartes.edu.ec\/sitio\/wp-content\/uploads\/2024\/09\/convenioPPP7-1-644x461.jpg\">\n\t\t\t\t\t<img decoding=\"async\" class=\"spectra-image-gallery__media-thumbnail spectra-image-gallery__media-thumbnail--grid\" src=\"https:\/\/www.uartes.edu.ec\/sitio\/wp-content\/uploads\/2024\/09\/convenioPPP7-1-300x215.jpg\" alt=\"\" loading=\"lazy\" \/>\n\t\t\t\t<\/picture>\n\t\t\t\t<div class=\"spectra-image-gallery__media-thumbnail-blurrer\"><\/div>\n\t\t\t\t\t\t\t\t\t\t\t<div class=\"spectra-image-gallery__media-thumbnail-caption-wrapper spectra-image-gallery__media-thumbnail-caption-wrapper--overlay\">\n\t\t\t\t\t\t\t\t\t\t\t<div class=\"spectra-image-gallery__media-thumbnail-caption spectra-image-gallery__media-thumbnail-caption--overlay\">\n\t\t\t\t\tSin leyenda\t\t\t\t<\/div>\n\t\t\t\t\t\t\t\t\t\t<\/div>\n\t\t\t\t\t\t\t\t\t<\/div>\n\t\t\t\t\t\t<\/div>\n\t\t\t\t\t\t\t\t\t\t<\/div>\n\t\t\t\t\t\t\t\t\t\t\t\t\t\t\t\t\t\t<\/div>\n\t\t\t\t\t\t\t\t\t\n\n\n<p><\/p>\n\n\n\n<p>\u201cNuestro inter\u00e9s es que desde otras \u00e1reas de la Universidad de las Artes puedan tener puntos de referencia las dos librer\u00edas del fondo y as\u00ed se logre una din\u00e1mica m\u00e1s activa\u201d, anot\u00f3 en torno a la convocatoria que se har\u00e1 para que los estudiantes hagan las Pr\u00e1cticas PreProfesionales, lo cual se desarrollar\u00e1 a partir del semestre A 2025\u201d.<\/p>\n\n\n\n<p>En su contenido, el convenio espec\u00edfico se\u00f1ala, entre otros puntos, la ejecuci\u00f3n de actividades orientadas a la aplicaci\u00f3n de conocimientos y\/o al desarrollo de competencias profesionales por parte de los estudiantes de grado de la UArtes, a trav\u00e9s del cumplimiento de las horas de PPP en los proyectos y actividades de FCE, las cuales por su car\u00e1cter y efecto acad\u00e9mico no generan ning\u00fan v\u00ednculo ni obligaci\u00f3n laboral, y de pasant\u00edas, seg\u00fan la normativa correspondiente, complementando la formaci\u00f3n los alumnos, y contribuyendo a la gesti\u00f3n institucional de la entidad receptora.<\/p>\n\n\n\n<p>La Fundaci\u00f3n Fondo de Cultura Econ\u00f3mica Ecuador tiene personer\u00eda jur\u00eddica sin \u00e1nimo de lucro y su actividad principal es la promoci\u00f3n, el fomento, la edici\u00f3n, la publicaci\u00f3n, la exhibici\u00f3n y la comercializaci\u00f3n de obras escritas o registradas en toda clase de medios tradicionales o electr\u00f3nicos, con la finalidad de difundirlas y facilitar su acceso a todos los sectores de la poblaci\u00f3n.<\/p>\n\n\n<div class=\"wp-block-image\">\n<figure class=\"aligncenter size-large\"><img decoding=\"async\" width=\"644\" height=\"483\" src=\"https:\/\/www.uartes.edu.ec\/sitio\/wp-content\/uploads\/2024\/09\/convenioPPP1-644x483.jpg\" alt=\"\" class=\"wp-image-62232\" srcset=\"https:\/\/www.uartes.edu.ec\/sitio\/wp-content\/uploads\/2024\/09\/convenioPPP1-644x483.jpg 644w, https:\/\/www.uartes.edu.ec\/sitio\/wp-content\/uploads\/2024\/09\/convenioPPP1-300x225.jpg 300w, https:\/\/www.uartes.edu.ec\/sitio\/wp-content\/uploads\/2024\/09\/convenioPPP1-768x576.jpg 768w, https:\/\/www.uartes.edu.ec\/sitio\/wp-content\/uploads\/2024\/09\/convenioPPP1-1536x1152.jpg 1536w, https:\/\/www.uartes.edu.ec\/sitio\/wp-content\/uploads\/2024\/09\/convenioPPP1-16x12.jpg 16w, https:\/\/www.uartes.edu.ec\/sitio\/wp-content\/uploads\/2024\/09\/convenioPPP1-400x300.jpg 400w, https:\/\/www.uartes.edu.ec\/sitio\/wp-content\/uploads\/2024\/09\/convenioPPP1.jpg 1778w\" sizes=\"(max-width: 644px) 100vw, 644px\" \/><\/figure>\n<\/div>\n\n\n<p>El 19 de julio del 2018 suscribi\u00f3 con la UArtes un Convenio Marco de Cooperaci\u00f3n Interinstitucional, con diez a\u00f1os de vigencia, con el objeto de: \u201c(\u2026) establecer las bases para generar actividades acad\u00e9micas, art\u00edsticas, culturales, de difusi\u00f3n y de vinculaci\u00f3n con la comunidad, de inter\u00e9s mutuo, dirigidas a la consecuci\u00f3n de los objetivos de ambas instituciones y al fortalecimiento de la relaci\u00f3n diplom\u00e1tica y cultural entre Ecuador y M\u00e9xico.<\/p>\n\n\n\n<p>Como grupo editorial, el FCE es una instituci\u00f3n p\u00fablica mexicana de car\u00e1cter cultural con una significante importancia en el campo literario, por lo que su presencia en Ecuador y en la Universidad de las Artes es beneficiosa para la creaci\u00f3n de puentes y conformaci\u00f3n de ecosistemas donde estudiantes de la UArtes pueden ser parte para ganar experiencia y generar redes de contactos.<\/p>\n\n\n\n<p>Para la Jefatura de Pr\u00e1cticas Preprofesionales de la Universidad de las Artes, es de particular inter\u00e9s articularse estrat\u00e9gicamente con las instituciones con quienes ya existe un relacionamiento sostenido con el fin de operativizar los acuerdos suscritos mediante el cumplimiento de las horas de PPP de los estudiantes UArtes en actividades y entornos acordes a su perfil de egreso.<\/p>\n","protected":false},"excerpt":{"rendered":"<p>Nuestros estudiantes podr\u00e1n cumplir sus Pr\u00e1cticas PreProfesionales en el Fondo de Cultura Econ\u00f3mica Ecuador (FCE). El 20 de septiembre se firm\u00f3 un convenio espec\u00edfico con el grupo editorial asentado en M\u00e9xico y con presencia en varios pa\u00edses del mundo. Se encuentra tambi\u00e9n en Ecuador y en la UArtes est\u00e1n las librer\u00edas que abri\u00f3 en Guayaquil: Rita Lecumberri, en la Sala R\u00eda, y Miguel Donoso, en el MZ14.<\/p>\n","protected":false},"author":10,"featured_media":62229,"comment_status":"open","ping_status":"open","sticky":false,"template":"","format":"standard","meta":{"_acf_changed":false,"_uag_custom_page_level_css":"","_monsterinsights_skip_tracking":false,"_monsterinsights_sitenote_active":false,"_monsterinsights_sitenote_note":"","_monsterinsights_sitenote_category":0,"cybocfi_hide_featured_image":"","footnotes":""},"categories":[80,76,77,83],"tags":[1278],"infouartes":[1287],"class_list":["post-62228","post","type-post","status-publish","format-standard","has-post-thumbnail","hentry","category-academico","category-estudiantes","category-gestion","category-sedes","tag-practicas-preprofesionales","infouartes-somos-uartes"],"acf":[],"yoast_head":"<!-- This site is optimized with the Yoast SEO plugin v27.4 - https:\/\/yoast.com\/product\/yoast-seo-wordpress\/ -->\n<title>Universidad de las Artes - Convenio espec\u00edfico con el FCE para que los estudiantes UArtes realicen Pr\u00e1cticas PreProfesionales en proyectos conjuntos<\/title>\n<meta name=\"description\" content=\"Universidad de las Artes - Convenio espec\u00edfico con el FCE para que los estudiantes UArtes realicen Pr\u00e1cticas PreProfesionales en proyectos conjuntos\" \/>\n<meta name=\"robots\" content=\"index, follow, max-snippet:-1, max-image-preview:large, max-video-preview:-1\" \/>\n<link rel=\"canonical\" href=\"https:\/\/www.uartes.edu.ec\/sitio\/blog\/2024\/09\/25\/convenio-especifico-con-el-fce-para-que-estudiantes-uartes-puedan-cumplir-ppp-en-sus-proyectos-y-actividades\/\" \/>\n<meta property=\"og:locale\" content=\"es_ES\" \/>\n<meta property=\"og:type\" content=\"article\" \/>\n<meta property=\"og:title\" content=\"Universidad de las Artes - Convenio espec\u00edfico con el FCE para que los estudiantes UArtes realicen Pr\u00e1cticas PreProfesionales en proyectos conjuntos\" \/>\n<meta property=\"og:description\" content=\"Universidad de las Artes - Convenio espec\u00edfico con el FCE para que los estudiantes UArtes realicen Pr\u00e1cticas PreProfesionales en proyectos conjuntos\" \/>\n<meta property=\"og:url\" content=\"https:\/\/www.uartes.edu.ec\/sitio\/blog\/2024\/09\/25\/convenio-especifico-con-el-fce-para-que-estudiantes-uartes-puedan-cumplir-ppp-en-sus-proyectos-y-actividades\/\" \/>\n<meta property=\"og:site_name\" content=\"Universidad de las Artes\" \/>\n<meta property=\"article:publisher\" content=\"https:\/\/www.facebook.com\/uartesec\" \/>\n<meta property=\"article:published_time\" content=\"2024-09-25T19:07:00+00:00\" \/>\n<meta property=\"article:modified_time\" content=\"2024-10-21T19:58:47+00:00\" \/>\n<meta property=\"og:image\" content=\"https:\/\/www.uartes.edu.ec\/sitio\/wp-content\/uploads\/2024\/09\/convenioPPP2.jpg\" \/>\n\t<meta property=\"og:image:width\" content=\"1778\" \/>\n\t<meta property=\"og:image:height\" content=\"1333\" \/>\n\t<meta property=\"og:image:type\" content=\"image\/jpeg\" \/>\n<meta name=\"author\" content=\"ccortez\" \/>\n<meta name=\"twitter:card\" content=\"summary_large_image\" \/>\n<meta name=\"twitter:creator\" content=\"@uartesec\" \/>\n<meta name=\"twitter:site\" content=\"@uartesec\" \/>\n<meta name=\"twitter:label1\" content=\"Escrito por\" \/>\n\t<meta name=\"twitter:data1\" content=\"ccortez\" \/>\n\t<meta name=\"twitter:label2\" content=\"Tiempo de lectura\" \/>\n\t<meta name=\"twitter:data2\" content=\"6 minutos\" \/>\n<script type=\"application\/ld+json\" class=\"yoast-schema-graph\">{\"@context\":\"https:\\\/\\\/schema.org\",\"@graph\":[{\"@type\":\"Article\",\"@id\":\"https:\\\/\\\/www.uartes.edu.ec\\\/sitio\\\/blog\\\/2024\\\/09\\\/25\\\/convenio-especifico-con-el-fce-para-que-estudiantes-uartes-puedan-cumplir-ppp-en-sus-proyectos-y-actividades\\\/#article\",\"isPartOf\":{\"@id\":\"https:\\\/\\\/www.uartes.edu.ec\\\/sitio\\\/blog\\\/2024\\\/09\\\/25\\\/convenio-especifico-con-el-fce-para-que-estudiantes-uartes-puedan-cumplir-ppp-en-sus-proyectos-y-actividades\\\/\"},\"author\":{\"name\":\"ccortez\",\"@id\":\"https:\\\/\\\/www.uartes.edu.ec\\\/sitio\\\/#\\\/schema\\\/person\\\/efa1b8275797664fd7f13a79ccc0b1f4\"},\"headline\":\"Convenio espec\u00edfico con el FCE para que los estudiantes UArtes realicen Pr\u00e1cticas PreProfesionales en proyectos conjuntos\",\"datePublished\":\"2024-09-25T19:07:00+00:00\",\"dateModified\":\"2024-10-21T19:58:47+00:00\",\"mainEntityOfPage\":{\"@id\":\"https:\\\/\\\/www.uartes.edu.ec\\\/sitio\\\/blog\\\/2024\\\/09\\\/25\\\/convenio-especifico-con-el-fce-para-que-estudiantes-uartes-puedan-cumplir-ppp-en-sus-proyectos-y-actividades\\\/\"},\"wordCount\":1134,\"commentCount\":0,\"publisher\":{\"@id\":\"https:\\\/\\\/www.uartes.edu.ec\\\/sitio\\\/#organization\"},\"image\":{\"@id\":\"https:\\\/\\\/www.uartes.edu.ec\\\/sitio\\\/blog\\\/2024\\\/09\\\/25\\\/convenio-especifico-con-el-fce-para-que-estudiantes-uartes-puedan-cumplir-ppp-en-sus-proyectos-y-actividades\\\/#primaryimage\"},\"thumbnailUrl\":\"https:\\\/\\\/www.uartes.edu.ec\\\/sitio\\\/wp-content\\\/uploads\\\/2024\\\/09\\\/convenioPPP2.jpg\",\"keywords\":[\"pr\u00e1cticas preprofesionales\"],\"articleSection\":[\"Acad\u00e9mico\",\"Estudiantes\",\"Gesti\u00f3n\",\"Sedes\"],\"inLanguage\":\"es\",\"potentialAction\":[{\"@type\":\"CommentAction\",\"name\":\"Comment\",\"target\":[\"https:\\\/\\\/www.uartes.edu.ec\\\/sitio\\\/blog\\\/2024\\\/09\\\/25\\\/convenio-especifico-con-el-fce-para-que-estudiantes-uartes-puedan-cumplir-ppp-en-sus-proyectos-y-actividades\\\/#respond\"]}]},{\"@type\":[\"WebPage\",\"ItemPage\"],\"@id\":\"https:\\\/\\\/www.uartes.edu.ec\\\/sitio\\\/blog\\\/2024\\\/09\\\/25\\\/convenio-especifico-con-el-fce-para-que-estudiantes-uartes-puedan-cumplir-ppp-en-sus-proyectos-y-actividades\\\/\",\"url\":\"https:\\\/\\\/www.uartes.edu.ec\\\/sitio\\\/blog\\\/2024\\\/09\\\/25\\\/convenio-especifico-con-el-fce-para-que-estudiantes-uartes-puedan-cumplir-ppp-en-sus-proyectos-y-actividades\\\/\",\"name\":\"Universidad de las Artes - Convenio espec\u00edfico con el FCE para que los estudiantes UArtes realicen Pr\u00e1cticas PreProfesionales en proyectos conjuntos\",\"isPartOf\":{\"@id\":\"https:\\\/\\\/www.uartes.edu.ec\\\/sitio\\\/#website\"},\"primaryImageOfPage\":{\"@id\":\"https:\\\/\\\/www.uartes.edu.ec\\\/sitio\\\/blog\\\/2024\\\/09\\\/25\\\/convenio-especifico-con-el-fce-para-que-estudiantes-uartes-puedan-cumplir-ppp-en-sus-proyectos-y-actividades\\\/#primaryimage\"},\"image\":{\"@id\":\"https:\\\/\\\/www.uartes.edu.ec\\\/sitio\\\/blog\\\/2024\\\/09\\\/25\\\/convenio-especifico-con-el-fce-para-que-estudiantes-uartes-puedan-cumplir-ppp-en-sus-proyectos-y-actividades\\\/#primaryimage\"},\"thumbnailUrl\":\"https:\\\/\\\/www.uartes.edu.ec\\\/sitio\\\/wp-content\\\/uploads\\\/2024\\\/09\\\/convenioPPP2.jpg\",\"datePublished\":\"2024-09-25T19:07:00+00:00\",\"dateModified\":\"2024-10-21T19:58:47+00:00\",\"description\":\"Universidad de las Artes - Convenio espec\u00edfico con el FCE para que los estudiantes UArtes realicen Pr\u00e1cticas PreProfesionales en proyectos conjuntos\",\"breadcrumb\":{\"@id\":\"https:\\\/\\\/www.uartes.edu.ec\\\/sitio\\\/blog\\\/2024\\\/09\\\/25\\\/convenio-especifico-con-el-fce-para-que-estudiantes-uartes-puedan-cumplir-ppp-en-sus-proyectos-y-actividades\\\/#breadcrumb\"},\"inLanguage\":\"es\",\"potentialAction\":[{\"@type\":\"ReadAction\",\"target\":[\"https:\\\/\\\/www.uartes.edu.ec\\\/sitio\\\/blog\\\/2024\\\/09\\\/25\\\/convenio-especifico-con-el-fce-para-que-estudiantes-uartes-puedan-cumplir-ppp-en-sus-proyectos-y-actividades\\\/\"]}]},{\"@type\":\"ImageObject\",\"inLanguage\":\"es\",\"@id\":\"https:\\\/\\\/www.uartes.edu.ec\\\/sitio\\\/blog\\\/2024\\\/09\\\/25\\\/convenio-especifico-con-el-fce-para-que-estudiantes-uartes-puedan-cumplir-ppp-en-sus-proyectos-y-actividades\\\/#primaryimage\",\"url\":\"https:\\\/\\\/www.uartes.edu.ec\\\/sitio\\\/wp-content\\\/uploads\\\/2024\\\/09\\\/convenioPPP2.jpg\",\"contentUrl\":\"https:\\\/\\\/www.uartes.edu.ec\\\/sitio\\\/wp-content\\\/uploads\\\/2024\\\/09\\\/convenioPPP2.jpg\",\"width\":1778,\"height\":1333},{\"@type\":\"BreadcrumbList\",\"@id\":\"https:\\\/\\\/www.uartes.edu.ec\\\/sitio\\\/blog\\\/2024\\\/09\\\/25\\\/convenio-especifico-con-el-fce-para-que-estudiantes-uartes-puedan-cumplir-ppp-en-sus-proyectos-y-actividades\\\/#breadcrumb\",\"itemListElement\":[{\"@type\":\"ListItem\",\"position\":1,\"name\":\"Inicio\",\"item\":\"https:\\\/\\\/www.uartes.edu.ec\\\/sitio\\\/\"},{\"@type\":\"ListItem\",\"position\":2,\"name\":\"Convenio espec\u00edfico con el FCE para que los estudiantes UArtes realicen Pr\u00e1cticas PreProfesionales en proyectos conjuntos\"}]},{\"@type\":\"WebSite\",\"@id\":\"https:\\\/\\\/www.uartes.edu.ec\\\/sitio\\\/#website\",\"url\":\"https:\\\/\\\/www.uartes.edu.ec\\\/sitio\\\/\",\"name\":\"Universidad de las Artes\",\"description\":\"Sitio oficial de la Universidad Nacional de las Artes del Ecuador\",\"publisher\":{\"@id\":\"https:\\\/\\\/www.uartes.edu.ec\\\/sitio\\\/#organization\"},\"potentialAction\":[{\"@type\":\"SearchAction\",\"target\":{\"@type\":\"EntryPoint\",\"urlTemplate\":\"https:\\\/\\\/www.uartes.edu.ec\\\/sitio\\\/?s={search_term_string}\"},\"query-input\":{\"@type\":\"PropertyValueSpecification\",\"valueRequired\":true,\"valueName\":\"search_term_string\"}}],\"inLanguage\":\"es\"},{\"@type\":\"Organization\",\"@id\":\"https:\\\/\\\/www.uartes.edu.ec\\\/sitio\\\/#organization\",\"name\":\"Universidad de las Artes\",\"url\":\"https:\\\/\\\/www.uartes.edu.ec\\\/sitio\\\/\",\"logo\":{\"@type\":\"ImageObject\",\"inLanguage\":\"es\",\"@id\":\"https:\\\/\\\/www.uartes.edu.ec\\\/sitio\\\/#\\\/schema\\\/logo\\\/image\\\/\",\"url\":\"https:\\\/\\\/www.uartes.edu.ec\\\/sitio\\\/wp-content\\\/uploads\\\/2022\\\/07\\\/logo-ua-horizontal.png\",\"contentUrl\":\"https:\\\/\\\/www.uartes.edu.ec\\\/sitio\\\/wp-content\\\/uploads\\\/2022\\\/07\\\/logo-ua-horizontal.png\",\"width\":800,\"height\":276,\"caption\":\"Universidad de las Artes\"},\"image\":{\"@id\":\"https:\\\/\\\/www.uartes.edu.ec\\\/sitio\\\/#\\\/schema\\\/logo\\\/image\\\/\"},\"sameAs\":[\"https:\\\/\\\/www.facebook.com\\\/uartesec\",\"https:\\\/\\\/x.com\\\/uartesec\",\"https:\\\/\\\/www.tiktok.com\\\/@uartesec\"]},{\"@type\":\"Person\",\"@id\":\"https:\\\/\\\/www.uartes.edu.ec\\\/sitio\\\/#\\\/schema\\\/person\\\/efa1b8275797664fd7f13a79ccc0b1f4\",\"name\":\"ccortez\",\"image\":{\"@type\":\"ImageObject\",\"inLanguage\":\"es\",\"@id\":\"https:\\\/\\\/secure.gravatar.com\\\/avatar\\\/b2a6f664a3ae8e074346ef91775736c5ec479e637ecced6842de9dc98b5da9cd?s=96&d=mm&r=g\",\"url\":\"https:\\\/\\\/secure.gravatar.com\\\/avatar\\\/b2a6f664a3ae8e074346ef91775736c5ec479e637ecced6842de9dc98b5da9cd?s=96&d=mm&r=g\",\"contentUrl\":\"https:\\\/\\\/secure.gravatar.com\\\/avatar\\\/b2a6f664a3ae8e074346ef91775736c5ec479e637ecced6842de9dc98b5da9cd?s=96&d=mm&r=g\",\"caption\":\"ccortez\"},\"url\":\"https:\\\/\\\/www.uartes.edu.ec\\\/sitio\\\/blog\\\/author\\\/ccortez\\\/\"}]}<\/script>\n<!-- \/ Yoast SEO plugin. -->","yoast_head_json":{"title":"Universidad de las Artes - Convenio espec\u00edfico con el FCE para que los estudiantes UArtes realicen Pr\u00e1cticas PreProfesionales en proyectos conjuntos","description":"Universidad de las Artes - Convenio espec\u00edfico con el FCE para que los estudiantes UArtes realicen Pr\u00e1cticas PreProfesionales en proyectos conjuntos","robots":{"index":"index","follow":"follow","max-snippet":"max-snippet:-1","max-image-preview":"max-image-preview:large","max-video-preview":"max-video-preview:-1"},"canonical":"https:\/\/www.uartes.edu.ec\/sitio\/blog\/2024\/09\/25\/convenio-especifico-con-el-fce-para-que-estudiantes-uartes-puedan-cumplir-ppp-en-sus-proyectos-y-actividades\/","og_locale":"es_ES","og_type":"article","og_title":"Universidad de las Artes - Convenio espec\u00edfico con el FCE para que los estudiantes UArtes realicen Pr\u00e1cticas PreProfesionales en proyectos conjuntos","og_description":"Universidad de las Artes - Convenio espec\u00edfico con el FCE para que los estudiantes UArtes realicen Pr\u00e1cticas PreProfesionales en proyectos conjuntos","og_url":"https:\/\/www.uartes.edu.ec\/sitio\/blog\/2024\/09\/25\/convenio-especifico-con-el-fce-para-que-estudiantes-uartes-puedan-cumplir-ppp-en-sus-proyectos-y-actividades\/","og_site_name":"Universidad de las Artes","article_publisher":"https:\/\/www.facebook.com\/uartesec","article_published_time":"2024-09-25T19:07:00+00:00","article_modified_time":"2024-10-21T19:58:47+00:00","og_image":[{"width":1778,"height":1333,"url":"https:\/\/www.uartes.edu.ec\/sitio\/wp-content\/uploads\/2024\/09\/convenioPPP2.jpg","type":"image\/jpeg"}],"author":"ccortez","twitter_card":"summary_large_image","twitter_creator":"@uartesec","twitter_site":"@uartesec","twitter_misc":{"Escrito por":"ccortez","Tiempo de lectura":"6 minutos"},"schema":{"@context":"https:\/\/schema.org","@graph":[{"@type":"Article","@id":"https:\/\/www.uartes.edu.ec\/sitio\/blog\/2024\/09\/25\/convenio-especifico-con-el-fce-para-que-estudiantes-uartes-puedan-cumplir-ppp-en-sus-proyectos-y-actividades\/#article","isPartOf":{"@id":"https:\/\/www.uartes.edu.ec\/sitio\/blog\/2024\/09\/25\/convenio-especifico-con-el-fce-para-que-estudiantes-uartes-puedan-cumplir-ppp-en-sus-proyectos-y-actividades\/"},"author":{"name":"ccortez","@id":"https:\/\/www.uartes.edu.ec\/sitio\/#\/schema\/person\/efa1b8275797664fd7f13a79ccc0b1f4"},"headline":"Convenio espec\u00edfico con el FCE para que los estudiantes UArtes realicen Pr\u00e1cticas PreProfesionales en proyectos conjuntos","datePublished":"2024-09-25T19:07:00+00:00","dateModified":"2024-10-21T19:58:47+00:00","mainEntityOfPage":{"@id":"https:\/\/www.uartes.edu.ec\/sitio\/blog\/2024\/09\/25\/convenio-especifico-con-el-fce-para-que-estudiantes-uartes-puedan-cumplir-ppp-en-sus-proyectos-y-actividades\/"},"wordCount":1134,"commentCount":0,"publisher":{"@id":"https:\/\/www.uartes.edu.ec\/sitio\/#organization"},"image":{"@id":"https:\/\/www.uartes.edu.ec\/sitio\/blog\/2024\/09\/25\/convenio-especifico-con-el-fce-para-que-estudiantes-uartes-puedan-cumplir-ppp-en-sus-proyectos-y-actividades\/#primaryimage"},"thumbnailUrl":"https:\/\/www.uartes.edu.ec\/sitio\/wp-content\/uploads\/2024\/09\/convenioPPP2.jpg","keywords":["pr\u00e1cticas preprofesionales"],"articleSection":["Acad\u00e9mico","Estudiantes","Gesti\u00f3n","Sedes"],"inLanguage":"es","potentialAction":[{"@type":"CommentAction","name":"Comment","target":["https:\/\/www.uartes.edu.ec\/sitio\/blog\/2024\/09\/25\/convenio-especifico-con-el-fce-para-que-estudiantes-uartes-puedan-cumplir-ppp-en-sus-proyectos-y-actividades\/#respond"]}]},{"@type":["WebPage","ItemPage"],"@id":"https:\/\/www.uartes.edu.ec\/sitio\/blog\/2024\/09\/25\/convenio-especifico-con-el-fce-para-que-estudiantes-uartes-puedan-cumplir-ppp-en-sus-proyectos-y-actividades\/","url":"https:\/\/www.uartes.edu.ec\/sitio\/blog\/2024\/09\/25\/convenio-especifico-con-el-fce-para-que-estudiantes-uartes-puedan-cumplir-ppp-en-sus-proyectos-y-actividades\/","name":"Universidad de las Artes - Convenio espec\u00edfico con el FCE para que los estudiantes UArtes realicen Pr\u00e1cticas PreProfesionales en proyectos conjuntos","isPartOf":{"@id":"https:\/\/www.uartes.edu.ec\/sitio\/#website"},"primaryImageOfPage":{"@id":"https:\/\/www.uartes.edu.ec\/sitio\/blog\/2024\/09\/25\/convenio-especifico-con-el-fce-para-que-estudiantes-uartes-puedan-cumplir-ppp-en-sus-proyectos-y-actividades\/#primaryimage"},"image":{"@id":"https:\/\/www.uartes.edu.ec\/sitio\/blog\/2024\/09\/25\/convenio-especifico-con-el-fce-para-que-estudiantes-uartes-puedan-cumplir-ppp-en-sus-proyectos-y-actividades\/#primaryimage"},"thumbnailUrl":"https:\/\/www.uartes.edu.ec\/sitio\/wp-content\/uploads\/2024\/09\/convenioPPP2.jpg","datePublished":"2024-09-25T19:07:00+00:00","dateModified":"2024-10-21T19:58:47+00:00","description":"Universidad de las Artes - Convenio espec\u00edfico con el FCE para que los estudiantes UArtes realicen Pr\u00e1cticas PreProfesionales en proyectos conjuntos","breadcrumb":{"@id":"https:\/\/www.uartes.edu.ec\/sitio\/blog\/2024\/09\/25\/convenio-especifico-con-el-fce-para-que-estudiantes-uartes-puedan-cumplir-ppp-en-sus-proyectos-y-actividades\/#breadcrumb"},"inLanguage":"es","potentialAction":[{"@type":"ReadAction","target":["https:\/\/www.uartes.edu.ec\/sitio\/blog\/2024\/09\/25\/convenio-especifico-con-el-fce-para-que-estudiantes-uartes-puedan-cumplir-ppp-en-sus-proyectos-y-actividades\/"]}]},{"@type":"ImageObject","inLanguage":"es","@id":"https:\/\/www.uartes.edu.ec\/sitio\/blog\/2024\/09\/25\/convenio-especifico-con-el-fce-para-que-estudiantes-uartes-puedan-cumplir-ppp-en-sus-proyectos-y-actividades\/#primaryimage","url":"https:\/\/www.uartes.edu.ec\/sitio\/wp-content\/uploads\/2024\/09\/convenioPPP2.jpg","contentUrl":"https:\/\/www.uartes.edu.ec\/sitio\/wp-content\/uploads\/2024\/09\/convenioPPP2.jpg","width":1778,"height":1333},{"@type":"BreadcrumbList","@id":"https:\/\/www.uartes.edu.ec\/sitio\/blog\/2024\/09\/25\/convenio-especifico-con-el-fce-para-que-estudiantes-uartes-puedan-cumplir-ppp-en-sus-proyectos-y-actividades\/#breadcrumb","itemListElement":[{"@type":"ListItem","position":1,"name":"Inicio","item":"https:\/\/www.uartes.edu.ec\/sitio\/"},{"@type":"ListItem","position":2,"name":"Convenio espec\u00edfico con el FCE para que los estudiantes UArtes realicen Pr\u00e1cticas PreProfesionales en proyectos conjuntos"}]},{"@type":"WebSite","@id":"https:\/\/www.uartes.edu.ec\/sitio\/#website","url":"https:\/\/www.uartes.edu.ec\/sitio\/","name":"Universidad de las Artes","description":"Sitio oficial de la Universidad Nacional de las Artes del Ecuador","publisher":{"@id":"https:\/\/www.uartes.edu.ec\/sitio\/#organization"},"potentialAction":[{"@type":"SearchAction","target":{"@type":"EntryPoint","urlTemplate":"https:\/\/www.uartes.edu.ec\/sitio\/?s={search_term_string}"},"query-input":{"@type":"PropertyValueSpecification","valueRequired":true,"valueName":"search_term_string"}}],"inLanguage":"es"},{"@type":"Organization","@id":"https:\/\/www.uartes.edu.ec\/sitio\/#organization","name":"Universidad de las Artes","url":"https:\/\/www.uartes.edu.ec\/sitio\/","logo":{"@type":"ImageObject","inLanguage":"es","@id":"https:\/\/www.uartes.edu.ec\/sitio\/#\/schema\/logo\/image\/","url":"https:\/\/www.uartes.edu.ec\/sitio\/wp-content\/uploads\/2022\/07\/logo-ua-horizontal.png","contentUrl":"https:\/\/www.uartes.edu.ec\/sitio\/wp-content\/uploads\/2022\/07\/logo-ua-horizontal.png","width":800,"height":276,"caption":"Universidad de las Artes"},"image":{"@id":"https:\/\/www.uartes.edu.ec\/sitio\/#\/schema\/logo\/image\/"},"sameAs":["https:\/\/www.facebook.com\/uartesec","https:\/\/x.com\/uartesec","https:\/\/www.tiktok.com\/@uartesec"]},{"@type":"Person","@id":"https:\/\/www.uartes.edu.ec\/sitio\/#\/schema\/person\/efa1b8275797664fd7f13a79ccc0b1f4","name":"ccortez","image":{"@type":"ImageObject","inLanguage":"es","@id":"https:\/\/secure.gravatar.com\/avatar\/b2a6f664a3ae8e074346ef91775736c5ec479e637ecced6842de9dc98b5da9cd?s=96&d=mm&r=g","url":"https:\/\/secure.gravatar.com\/avatar\/b2a6f664a3ae8e074346ef91775736c5ec479e637ecced6842de9dc98b5da9cd?s=96&d=mm&r=g","contentUrl":"https:\/\/secure.gravatar.com\/avatar\/b2a6f664a3ae8e074346ef91775736c5ec479e637ecced6842de9dc98b5da9cd?s=96&d=mm&r=g","caption":"ccortez"},"url":"https:\/\/www.uartes.edu.ec\/sitio\/blog\/author\/ccortez\/"}]}},"uagb_featured_image_src":{"full":["https:\/\/www.uartes.edu.ec\/sitio\/wp-content\/uploads\/2024\/09\/convenioPPP2.jpg",1778,1333,false],"thumbnail":["https:\/\/www.uartes.edu.ec\/sitio\/wp-content\/uploads\/2024\/09\/convenioPPP2-150x150.jpg",150,150,true],"medium":["https:\/\/www.uartes.edu.ec\/sitio\/wp-content\/uploads\/2024\/09\/convenioPPP2-300x225.jpg",300,225,true],"medium_large":["https:\/\/www.uartes.edu.ec\/sitio\/wp-content\/uploads\/2024\/09\/convenioPPP2-768x576.jpg",768,576,true],"large":["https:\/\/www.uartes.edu.ec\/sitio\/wp-content\/uploads\/2024\/09\/convenioPPP2-644x483.jpg",644,483,true],"1536x1536":["https:\/\/www.uartes.edu.ec\/sitio\/wp-content\/uploads\/2024\/09\/convenioPPP2-1536x1152.jpg",1536,1152,true],"2048x2048":["https:\/\/www.uartes.edu.ec\/sitio\/wp-content\/uploads\/2024\/09\/convenioPPP2.jpg",1778,1333,false],"trp-custom-language-flag":["https:\/\/www.uartes.edu.ec\/sitio\/wp-content\/uploads\/2024\/09\/convenioPPP2-16x12.jpg",16,12,true],"htmega_size_585x295":["https:\/\/www.uartes.edu.ec\/sitio\/wp-content\/uploads\/2024\/09\/convenioPPP2-585x295.jpg",585,295,true],"htmega_size_1170x536":["https:\/\/www.uartes.edu.ec\/sitio\/wp-content\/uploads\/2024\/09\/convenioPPP2-1170x536.jpg",1170,536,true],"htmega_size_396x360":["https:\/\/www.uartes.edu.ec\/sitio\/wp-content\/uploads\/2024\/09\/convenioPPP2-396x360.jpg",396,360,true],"gb-block-post-grid-landscape":["https:\/\/www.uartes.edu.ec\/sitio\/wp-content\/uploads\/2024\/09\/convenioPPP2-600x400.jpg",600,400,true],"gb-block-post-grid-square":["https:\/\/www.uartes.edu.ec\/sitio\/wp-content\/uploads\/2024\/09\/convenioPPP2-600x600.jpg",600,600,true],"university-hub-thumb":["https:\/\/www.uartes.edu.ec\/sitio\/wp-content\/uploads\/2024\/09\/convenioPPP2-400x300.jpg",400,300,true],"mailpoet_newsletter_max":["https:\/\/www.uartes.edu.ec\/sitio\/wp-content\/uploads\/2024\/09\/convenioPPP2.jpg",1320,990,false]},"uagb_author_info":{"display_name":"ccortez","author_link":"https:\/\/www.uartes.edu.ec\/sitio\/blog\/author\/ccortez\/"},"uagb_comment_info":0,"uagb_excerpt":"Nuestros estudiantes podr\u00e1n cumplir sus Pr\u00e1cticas PreProfesionales en el Fondo de Cultura Econ\u00f3mica Ecuador (FCE). El 20 de septiembre se firm\u00f3 un convenio espec\u00edfico con el grupo editorial asentado en M\u00e9xico y con presencia en varios pa\u00edses del mundo. Se encuentra tambi\u00e9n en Ecuador y en la UArtes est\u00e1n las librer\u00edas que abri\u00f3 en Guayaquil:&hellip;","featured_image_src":"https:\/\/www.uartes.edu.ec\/sitio\/wp-content\/uploads\/2024\/09\/convenioPPP2-600x400.jpg","featured_image_src_square":"https:\/\/www.uartes.edu.ec\/sitio\/wp-content\/uploads\/2024\/09\/convenioPPP2-600x600.jpg","author_info":{"display_name":"ccortez","author_link":"https:\/\/www.uartes.edu.ec\/sitio\/blog\/author\/ccortez\/"},"publishpress_future_workflow_manual_trigger":{"enabledWorkflows":[]},"distributor_meta":false,"distributor_terms":false,"distributor_media":false,"distributor_original_site_name":"Universidad de las Artes","distributor_original_site_url":"https:\/\/www.uartes.edu.ec\/sitio","push-errors":false,"_links":{"self":[{"href":"https:\/\/www.uartes.edu.ec\/sitio\/wp-json\/wp\/v2\/posts\/62228","targetHints":{"allow":["GET"]}}],"collection":[{"href":"https:\/\/www.uartes.edu.ec\/sitio\/wp-json\/wp\/v2\/posts"}],"about":[{"href":"https:\/\/www.uartes.edu.ec\/sitio\/wp-json\/wp\/v2\/types\/post"}],"author":[{"embeddable":true,"href":"https:\/\/www.uartes.edu.ec\/sitio\/wp-json\/wp\/v2\/users\/10"}],"replies":[{"embeddable":true,"href":"https:\/\/www.uartes.edu.ec\/sitio\/wp-json\/wp\/v2\/comments?post=62228"}],"version-history":[{"count":12,"href":"https:\/\/www.uartes.edu.ec\/sitio\/wp-json\/wp\/v2\/posts\/62228\/revisions"}],"predecessor-version":[{"id":62256,"href":"https:\/\/www.uartes.edu.ec\/sitio\/wp-json\/wp\/v2\/posts\/62228\/revisions\/62256"}],"wp:featuredmedia":[{"embeddable":true,"href":"https:\/\/www.uartes.edu.ec\/sitio\/wp-json\/wp\/v2\/media\/62229"}],"wp:attachment":[{"href":"https:\/\/www.uartes.edu.ec\/sitio\/wp-json\/wp\/v2\/media?parent=62228"}],"wp:term":[{"taxonomy":"category","embeddable":true,"href":"https:\/\/www.uartes.edu.ec\/sitio\/wp-json\/wp\/v2\/categories?post=62228"},{"taxonomy":"post_tag","embeddable":true,"href":"https:\/\/www.uartes.edu.ec\/sitio\/wp-json\/wp\/v2\/tags?post=62228"},{"taxonomy":"infouartes","embeddable":true,"href":"https:\/\/www.uartes.edu.ec\/sitio\/wp-json\/wp\/v2\/infouartes?post=62228"}],"curies":[{"name":"wp","href":"https:\/\/api.w.org\/{rel}","templated":true}]}}