{"id":62337,"date":"2024-09-27T12:24:37","date_gmt":"2024-09-27T17:24:37","guid":{"rendered":"https:\/\/www.uartes.edu.ec\/sitio\/?p=62337"},"modified":"2024-12-03T18:37:25","modified_gmt":"2024-12-03T23:37:25","slug":"tres-jornadas-tendra-la-fiesta-intercolegial-que-organiza-la-uartes-presentaciones-de-ii-edicion-seran-en-el-maac","status":"publish","type":"post","link":"https:\/\/www.uartes.edu.ec\/sitio\/blog\/2024\/09\/27\/tres-jornadas-tendra-la-fiesta-intercolegial-que-organiza-la-uartes-presentaciones-de-ii-edicion-seran-en-el-maac\/","title":{"rendered":"Tres jornadas tendr\u00e1 FIESTA intercolegial que organiza UArtes; este a\u00f1o en el MAAC"},"content":{"rendered":"\n<p>El Festival Intercolegial de las Artes Esc\u00e9nicas, FIESTA, tendr\u00e1 en noviembre pr\u00f3ximo su segunda edici\u00f3n. Tras la primera experiencia de la cita, en la que diez planteles de Guayaquil y Dur\u00e1n participaron con obras de teatro y danza, la propuesta regresa con miras a consolidarse como un espacio fundamental para la creatividad y la expresi\u00f3n art\u00edstica de los y las j\u00f3venes de esta ciudad y las aleda\u00f1as.<\/p>\n\n\n\n<p>FIESTA es parte del proyecto de v\u00ednculo con la comunidad \u201cAproximaci\u00f3n a la praxis de las artes esc\u00e9nicas\u201d, cuya directora es la docente Tatiana Ugalde y su codirector, el tambi\u00e9n acad\u00e9mico An\u00edbal P\u00e1ez, quien comenta que una de sus fases es tratar de visitar los colegios de Guayaquil y sectores aleda\u00f1os con propuestas de talleres y presentaciones de nuestros estudiantes, a fin de difundir las carreras de Creaci\u00f3n Teatral y Danza.<\/p>\n\n\n\n<p>Y es, justamente, por esa vinculaci\u00f3n con la comunidad que los estudiantes de los colegios y unidades educativas tambi\u00e9n visitan la UArtes, extendi\u00e9ndose as\u00ed el inter\u00e9s por tomar parte en un festival que los prueba en el escenario.<\/p>\n\n\n<div class=\"wp-block-image\">\n<figure class=\"aligncenter size-large\"><img fetchpriority=\"high\" decoding=\"async\" width=\"644\" height=\"429\" src=\"https:\/\/www.uartes.edu.ec\/sitio\/wp-content\/uploads\/2024\/10\/INTERCOLEGIAL-FIESTA-ARTES-ESCENICAS-644x429.jpg\" alt=\"\" class=\"wp-image-62370\" srcset=\"https:\/\/www.uartes.edu.ec\/sitio\/wp-content\/uploads\/2024\/10\/INTERCOLEGIAL-FIESTA-ARTES-ESCENICAS-644x429.jpg 644w, https:\/\/www.uartes.edu.ec\/sitio\/wp-content\/uploads\/2024\/10\/INTERCOLEGIAL-FIESTA-ARTES-ESCENICAS-300x200.jpg 300w, https:\/\/www.uartes.edu.ec\/sitio\/wp-content\/uploads\/2024\/10\/INTERCOLEGIAL-FIESTA-ARTES-ESCENICAS-768x512.jpg 768w, https:\/\/www.uartes.edu.ec\/sitio\/wp-content\/uploads\/2024\/10\/INTERCOLEGIAL-FIESTA-ARTES-ESCENICAS-1536x1024.jpg 1536w, https:\/\/www.uartes.edu.ec\/sitio\/wp-content\/uploads\/2024\/10\/INTERCOLEGIAL-FIESTA-ARTES-ESCENICAS-18x12.jpg 18w, https:\/\/www.uartes.edu.ec\/sitio\/wp-content\/uploads\/2024\/10\/INTERCOLEGIAL-FIESTA-ARTES-ESCENICAS-600x400.jpg 600w, https:\/\/www.uartes.edu.ec\/sitio\/wp-content\/uploads\/2024\/10\/INTERCOLEGIAL-FIESTA-ARTES-ESCENICAS-400x267.jpg 400w, https:\/\/www.uartes.edu.ec\/sitio\/wp-content\/uploads\/2024\/10\/INTERCOLEGIAL-FIESTA-ARTES-ESCENICAS-272x182.jpg 272w, https:\/\/www.uartes.edu.ec\/sitio\/wp-content\/uploads\/2024\/10\/INTERCOLEGIAL-FIESTA-ARTES-ESCENICAS.jpg 2000w\" sizes=\"(max-width: 644px) 100vw, 644px\" \/><\/figure>\n<\/div>\n\n\n<p>La convocatoria con sus especificaciones est\u00e1 abierta, agrega P\u00e1ez y anota que dadas las condiciones t\u00e9cnicas que se requieren, el MAAC (Museo Antropol\u00f3gico y de Arte Contempor\u00e1neo) apoya la iniciativa de FIESTA brindando sus espacios. Esa es una novedad y la segunda es que ser\u00e1n tres las jornadas de la cita: los d\u00edas 26, 27 y 28 de noviembre del 2024.<\/p>\n\n\n\n<p>\u201cUna de las razones por las que lo hacemos el festival en el MAAC son las condiciones que tiene un teatro para presentar este tipo de propuestas, brindando un entorno m\u00e1s inspirador para las presentaciones\u201d, refiere P\u00e1ez y comparte la expectativa que desde la Escuela de Artes Esc\u00e9nicas se tiene de contar en la segunda edici\u00f3n programada con m\u00e1s colegios interviniendo.<\/p>\n\n\n\n<p>Admiti\u00f3 el anhelo de la organizaci\u00f3n de FIESTA de contar con el apoyo de la empresa privada para cubrir, por ejemplo, el refrigerio de los estudiantes participantes. Adelant\u00f3 tambi\u00e9n que para las tres jornadas de la cita est\u00e1 programada la intervenci\u00f3n de un jurado especializado en teatro y danza.<\/p>\n\n\n<div class=\"wp-block-image\">\n<figure class=\"aligncenter size-large\"><img decoding=\"async\" width=\"644\" height=\"429\" src=\"https:\/\/www.uartes.edu.ec\/sitio\/wp-content\/uploads\/2024\/10\/07-FIESTA-DIA-1-PRESENTACION-644x429.jpg\" alt=\"\" class=\"wp-image-62371\" srcset=\"https:\/\/www.uartes.edu.ec\/sitio\/wp-content\/uploads\/2024\/10\/07-FIESTA-DIA-1-PRESENTACION-644x429.jpg 644w, https:\/\/www.uartes.edu.ec\/sitio\/wp-content\/uploads\/2024\/10\/07-FIESTA-DIA-1-PRESENTACION-300x200.jpg 300w, https:\/\/www.uartes.edu.ec\/sitio\/wp-content\/uploads\/2024\/10\/07-FIESTA-DIA-1-PRESENTACION-768x512.jpg 768w, https:\/\/www.uartes.edu.ec\/sitio\/wp-content\/uploads\/2024\/10\/07-FIESTA-DIA-1-PRESENTACION-1536x1024.jpg 1536w, https:\/\/www.uartes.edu.ec\/sitio\/wp-content\/uploads\/2024\/10\/07-FIESTA-DIA-1-PRESENTACION-18x12.jpg 18w, https:\/\/www.uartes.edu.ec\/sitio\/wp-content\/uploads\/2024\/10\/07-FIESTA-DIA-1-PRESENTACION-600x400.jpg 600w, https:\/\/www.uartes.edu.ec\/sitio\/wp-content\/uploads\/2024\/10\/07-FIESTA-DIA-1-PRESENTACION-400x267.jpg 400w, https:\/\/www.uartes.edu.ec\/sitio\/wp-content\/uploads\/2024\/10\/07-FIESTA-DIA-1-PRESENTACION-272x182.jpg 272w, https:\/\/www.uartes.edu.ec\/sitio\/wp-content\/uploads\/2024\/10\/07-FIESTA-DIA-1-PRESENTACION.jpg 2000w\" sizes=\"(max-width: 644px) 100vw, 644px\" \/><\/figure>\n<\/div>\n\n\n<p>Si bien FIESTA no se promociona como un certamen competitivo, hemos conformado un grupo de profesionales del teatro y de la danza, quienes podr\u00e1n elegir los aspectos que consideren destacables y seg\u00fan ello se otorgar\u00e1n menciones honor\u00edficas como un reconocimiento por el esfuerzo de cada participante, expresa el docente UArtes. Los espectadores, a\u00f1ade, podr\u00e1n participar de la votaci\u00f3n de una menci\u00f3n honor\u00edfica especial: premio del p\u00fablico. Cada grupo recibir\u00e1 un diploma de participaci\u00f3n certificado por la Universidad de las Artes.<\/p>\n\n\n\n<p>Las bases para participar en FIESTA han sido publicadas en las redes sociales de la Escuela de Artes Esc\u00e9nicas UArtes. Importante tomar en cuenta las especificaciones all\u00ed se\u00f1aladas, las cuales tienen que ver con las condiciones del montaje para las dos categor\u00edas \u2013teatro y danza\u2013 que tiene el festival. Esto porque hay medidas espec\u00edficas para, por ejemplo, la escenograf\u00eda, la iluminaci\u00f3n, el sonido, entre otros.<\/p>\n\n\n\n<p>M\u00e1s informaci\u00f3n en: <a href=\"https:\/\/www.canva.com\/design\/DAGQ9x0GEEE\/OG_8tdGQBsnZL8tvTAu_CQ\/edit\">https:\/\/www.canva.com\/design\/DAGQ9x0GEEE\/OG_8tdGQBsnZL8tvTAu_CQ\/edit<\/a><\/p>\n\n\n\n<p>Im\u00e1genes: corresponden a la primera edici\u00f3n del Festival Intercolegial de las Artes Esc\u00e9nicas, FIESTA.<\/p>\n","protected":false},"excerpt":{"rendered":"<p>El Festival Intercolegial de las Artes Esc\u00e9nicas, FIESTA, tendr\u00e1 en noviembre su segunda edici\u00f3n. Tras la primera experiencia de la cita, en la que diez planteles de Guayaquil y Dur\u00e1n participaron con obras de teatro y danza, la propuesta regresa con miras a consolidarse como espacio fundamental para la creatividad y la expresi\u00f3n art\u00edstica de los j\u00f3venes. En este 2024, el evento que organiza la Escuela de Artes Esc\u00e9nicas de la UArtes se desarrollar\u00e1 en el MAAC.<\/p>\n","protected":false},"author":10,"featured_media":62369,"comment_status":"open","ping_status":"open","sticky":false,"template":"","format":"standard","meta":{"_acf_changed":false,"_uag_custom_page_level_css":"","_monsterinsights_skip_tracking":false,"_monsterinsights_sitenote_active":false,"_monsterinsights_sitenote_note":"","_monsterinsights_sitenote_category":0,"cybocfi_hide_featured_image":"","footnotes":""},"categories":[82,159,75,77,83,79],"tags":[1237],"infouartes":[1290],"class_list":["post-62337","post","type-post","status-publish","format-standard","has-post-thumbnail","hentry","category-artes","category-artes-escenicas","category-docentes","category-gestion","category-sedes","category-vinculo","tag-vinculacion-con-la-sociedad","infouartes-para-la-comunidad"],"acf":[],"yoast_head":"<!-- This site is optimized with the Yoast SEO plugin v27.4 - https:\/\/yoast.com\/product\/yoast-seo-wordpress\/ -->\n<title>Universidad de las Artes - Tres jornadas tendr\u00e1 FIESTA intercolegial que organiza UArtes; este a\u00f1o en el MAAC<\/title>\n<meta name=\"description\" content=\"Universidad de las Artes - Tres jornadas tendr\u00e1 FIESTA intercolegial que organiza UArtes; este a\u00f1o en el MAAC\" \/>\n<meta name=\"robots\" content=\"index, follow, max-snippet:-1, max-image-preview:large, max-video-preview:-1\" \/>\n<link rel=\"canonical\" href=\"https:\/\/www.uartes.edu.ec\/sitio\/blog\/2024\/09\/27\/tres-jornadas-tendra-la-fiesta-intercolegial-que-organiza-la-uartes-presentaciones-de-ii-edicion-seran-en-el-maac\/\" \/>\n<meta property=\"og:locale\" content=\"es_ES\" \/>\n<meta property=\"og:type\" content=\"article\" \/>\n<meta property=\"og:title\" content=\"Universidad de las Artes - Tres jornadas tendr\u00e1 FIESTA intercolegial que organiza UArtes; este a\u00f1o en el MAAC\" \/>\n<meta property=\"og:description\" content=\"Universidad de las Artes - Tres jornadas tendr\u00e1 FIESTA intercolegial que organiza UArtes; este a\u00f1o en el MAAC\" \/>\n<meta property=\"og:url\" content=\"https:\/\/www.uartes.edu.ec\/sitio\/blog\/2024\/09\/27\/tres-jornadas-tendra-la-fiesta-intercolegial-que-organiza-la-uartes-presentaciones-de-ii-edicion-seran-en-el-maac\/\" \/>\n<meta property=\"og:site_name\" content=\"Universidad de las Artes\" \/>\n<meta property=\"article:publisher\" content=\"https:\/\/www.facebook.com\/uartesec\" \/>\n<meta property=\"article:published_time\" content=\"2024-09-27T17:24:37+00:00\" \/>\n<meta property=\"article:modified_time\" content=\"2024-12-03T23:37:25+00:00\" \/>\n<meta property=\"og:image\" content=\"https:\/\/www.uartes.edu.ec\/sitio\/wp-content\/uploads\/2024\/10\/10-FIESTA-DIA-1-PRESENTACION.jpg\" \/>\n\t<meta property=\"og:image:width\" content=\"2000\" \/>\n\t<meta property=\"og:image:height\" content=\"1333\" \/>\n\t<meta property=\"og:image:type\" content=\"image\/jpeg\" \/>\n<meta name=\"author\" content=\"ccortez\" \/>\n<meta name=\"twitter:card\" content=\"summary_large_image\" \/>\n<meta name=\"twitter:creator\" content=\"@uartesec\" \/>\n<meta name=\"twitter:site\" content=\"@uartesec\" \/>\n<meta name=\"twitter:label1\" content=\"Escrito por\" \/>\n\t<meta name=\"twitter:data1\" content=\"ccortez\" \/>\n\t<meta name=\"twitter:label2\" content=\"Tiempo de lectura\" \/>\n\t<meta name=\"twitter:data2\" content=\"3 minutos\" \/>\n<script type=\"application\/ld+json\" class=\"yoast-schema-graph\">{\"@context\":\"https:\\\/\\\/schema.org\",\"@graph\":[{\"@type\":\"Article\",\"@id\":\"https:\\\/\\\/www.uartes.edu.ec\\\/sitio\\\/blog\\\/2024\\\/09\\\/27\\\/tres-jornadas-tendra-la-fiesta-intercolegial-que-organiza-la-uartes-presentaciones-de-ii-edicion-seran-en-el-maac\\\/#article\",\"isPartOf\":{\"@id\":\"https:\\\/\\\/www.uartes.edu.ec\\\/sitio\\\/blog\\\/2024\\\/09\\\/27\\\/tres-jornadas-tendra-la-fiesta-intercolegial-que-organiza-la-uartes-presentaciones-de-ii-edicion-seran-en-el-maac\\\/\"},\"author\":{\"name\":\"ccortez\",\"@id\":\"https:\\\/\\\/www.uartes.edu.ec\\\/sitio\\\/#\\\/schema\\\/person\\\/efa1b8275797664fd7f13a79ccc0b1f4\"},\"headline\":\"Tres jornadas tendr\u00e1 FIESTA intercolegial que organiza UArtes; este a\u00f1o en el MAAC\",\"datePublished\":\"2024-09-27T17:24:37+00:00\",\"dateModified\":\"2024-12-03T23:37:25+00:00\",\"mainEntityOfPage\":{\"@id\":\"https:\\\/\\\/www.uartes.edu.ec\\\/sitio\\\/blog\\\/2024\\\/09\\\/27\\\/tres-jornadas-tendra-la-fiesta-intercolegial-que-organiza-la-uartes-presentaciones-de-ii-edicion-seran-en-el-maac\\\/\"},\"wordCount\":589,\"commentCount\":0,\"publisher\":{\"@id\":\"https:\\\/\\\/www.uartes.edu.ec\\\/sitio\\\/#organization\"},\"image\":{\"@id\":\"https:\\\/\\\/www.uartes.edu.ec\\\/sitio\\\/blog\\\/2024\\\/09\\\/27\\\/tres-jornadas-tendra-la-fiesta-intercolegial-que-organiza-la-uartes-presentaciones-de-ii-edicion-seran-en-el-maac\\\/#primaryimage\"},\"thumbnailUrl\":\"https:\\\/\\\/www.uartes.edu.ec\\\/sitio\\\/wp-content\\\/uploads\\\/2024\\\/10\\\/10-FIESTA-DIA-1-PRESENTACION.jpg\",\"keywords\":[\"vinculaci\u00f3n con la sociedad\"],\"articleSection\":[\"Artes\",\"Artes Esc\u00e9nicas\",\"Docentes\",\"Gesti\u00f3n\",\"Sedes\",\"V\u00ednculo\"],\"inLanguage\":\"es\",\"potentialAction\":[{\"@type\":\"CommentAction\",\"name\":\"Comment\",\"target\":[\"https:\\\/\\\/www.uartes.edu.ec\\\/sitio\\\/blog\\\/2024\\\/09\\\/27\\\/tres-jornadas-tendra-la-fiesta-intercolegial-que-organiza-la-uartes-presentaciones-de-ii-edicion-seran-en-el-maac\\\/#respond\"]}]},{\"@type\":[\"WebPage\",\"ItemPage\"],\"@id\":\"https:\\\/\\\/www.uartes.edu.ec\\\/sitio\\\/blog\\\/2024\\\/09\\\/27\\\/tres-jornadas-tendra-la-fiesta-intercolegial-que-organiza-la-uartes-presentaciones-de-ii-edicion-seran-en-el-maac\\\/\",\"url\":\"https:\\\/\\\/www.uartes.edu.ec\\\/sitio\\\/blog\\\/2024\\\/09\\\/27\\\/tres-jornadas-tendra-la-fiesta-intercolegial-que-organiza-la-uartes-presentaciones-de-ii-edicion-seran-en-el-maac\\\/\",\"name\":\"Universidad de las Artes - Tres jornadas tendr\u00e1 FIESTA intercolegial que organiza UArtes; este a\u00f1o en el MAAC\",\"isPartOf\":{\"@id\":\"https:\\\/\\\/www.uartes.edu.ec\\\/sitio\\\/#website\"},\"primaryImageOfPage\":{\"@id\":\"https:\\\/\\\/www.uartes.edu.ec\\\/sitio\\\/blog\\\/2024\\\/09\\\/27\\\/tres-jornadas-tendra-la-fiesta-intercolegial-que-organiza-la-uartes-presentaciones-de-ii-edicion-seran-en-el-maac\\\/#primaryimage\"},\"image\":{\"@id\":\"https:\\\/\\\/www.uartes.edu.ec\\\/sitio\\\/blog\\\/2024\\\/09\\\/27\\\/tres-jornadas-tendra-la-fiesta-intercolegial-que-organiza-la-uartes-presentaciones-de-ii-edicion-seran-en-el-maac\\\/#primaryimage\"},\"thumbnailUrl\":\"https:\\\/\\\/www.uartes.edu.ec\\\/sitio\\\/wp-content\\\/uploads\\\/2024\\\/10\\\/10-FIESTA-DIA-1-PRESENTACION.jpg\",\"datePublished\":\"2024-09-27T17:24:37+00:00\",\"dateModified\":\"2024-12-03T23:37:25+00:00\",\"description\":\"Universidad de las Artes - Tres jornadas tendr\u00e1 FIESTA intercolegial que organiza UArtes; este a\u00f1o en el MAAC\",\"breadcrumb\":{\"@id\":\"https:\\\/\\\/www.uartes.edu.ec\\\/sitio\\\/blog\\\/2024\\\/09\\\/27\\\/tres-jornadas-tendra-la-fiesta-intercolegial-que-organiza-la-uartes-presentaciones-de-ii-edicion-seran-en-el-maac\\\/#breadcrumb\"},\"inLanguage\":\"es\",\"potentialAction\":[{\"@type\":\"ReadAction\",\"target\":[\"https:\\\/\\\/www.uartes.edu.ec\\\/sitio\\\/blog\\\/2024\\\/09\\\/27\\\/tres-jornadas-tendra-la-fiesta-intercolegial-que-organiza-la-uartes-presentaciones-de-ii-edicion-seran-en-el-maac\\\/\"]}]},{\"@type\":\"ImageObject\",\"inLanguage\":\"es\",\"@id\":\"https:\\\/\\\/www.uartes.edu.ec\\\/sitio\\\/blog\\\/2024\\\/09\\\/27\\\/tres-jornadas-tendra-la-fiesta-intercolegial-que-organiza-la-uartes-presentaciones-de-ii-edicion-seran-en-el-maac\\\/#primaryimage\",\"url\":\"https:\\\/\\\/www.uartes.edu.ec\\\/sitio\\\/wp-content\\\/uploads\\\/2024\\\/10\\\/10-FIESTA-DIA-1-PRESENTACION.jpg\",\"contentUrl\":\"https:\\\/\\\/www.uartes.edu.ec\\\/sitio\\\/wp-content\\\/uploads\\\/2024\\\/10\\\/10-FIESTA-DIA-1-PRESENTACION.jpg\",\"width\":2000,\"height\":1333},{\"@type\":\"BreadcrumbList\",\"@id\":\"https:\\\/\\\/www.uartes.edu.ec\\\/sitio\\\/blog\\\/2024\\\/09\\\/27\\\/tres-jornadas-tendra-la-fiesta-intercolegial-que-organiza-la-uartes-presentaciones-de-ii-edicion-seran-en-el-maac\\\/#breadcrumb\",\"itemListElement\":[{\"@type\":\"ListItem\",\"position\":1,\"name\":\"Inicio\",\"item\":\"https:\\\/\\\/www.uartes.edu.ec\\\/sitio\\\/\"},{\"@type\":\"ListItem\",\"position\":2,\"name\":\"Tres jornadas tendr\u00e1 FIESTA intercolegial que organiza UArtes; este a\u00f1o en el MAAC\"}]},{\"@type\":\"WebSite\",\"@id\":\"https:\\\/\\\/www.uartes.edu.ec\\\/sitio\\\/#website\",\"url\":\"https:\\\/\\\/www.uartes.edu.ec\\\/sitio\\\/\",\"name\":\"Universidad de las Artes\",\"description\":\"Sitio oficial de la Universidad Nacional de las Artes del Ecuador\",\"publisher\":{\"@id\":\"https:\\\/\\\/www.uartes.edu.ec\\\/sitio\\\/#organization\"},\"potentialAction\":[{\"@type\":\"SearchAction\",\"target\":{\"@type\":\"EntryPoint\",\"urlTemplate\":\"https:\\\/\\\/www.uartes.edu.ec\\\/sitio\\\/?s={search_term_string}\"},\"query-input\":{\"@type\":\"PropertyValueSpecification\",\"valueRequired\":true,\"valueName\":\"search_term_string\"}}],\"inLanguage\":\"es\"},{\"@type\":\"Organization\",\"@id\":\"https:\\\/\\\/www.uartes.edu.ec\\\/sitio\\\/#organization\",\"name\":\"Universidad de las Artes\",\"url\":\"https:\\\/\\\/www.uartes.edu.ec\\\/sitio\\\/\",\"logo\":{\"@type\":\"ImageObject\",\"inLanguage\":\"es\",\"@id\":\"https:\\\/\\\/www.uartes.edu.ec\\\/sitio\\\/#\\\/schema\\\/logo\\\/image\\\/\",\"url\":\"https:\\\/\\\/www.uartes.edu.ec\\\/sitio\\\/wp-content\\\/uploads\\\/2022\\\/07\\\/logo-ua-horizontal.png\",\"contentUrl\":\"https:\\\/\\\/www.uartes.edu.ec\\\/sitio\\\/wp-content\\\/uploads\\\/2022\\\/07\\\/logo-ua-horizontal.png\",\"width\":800,\"height\":276,\"caption\":\"Universidad de las Artes\"},\"image\":{\"@id\":\"https:\\\/\\\/www.uartes.edu.ec\\\/sitio\\\/#\\\/schema\\\/logo\\\/image\\\/\"},\"sameAs\":[\"https:\\\/\\\/www.facebook.com\\\/uartesec\",\"https:\\\/\\\/x.com\\\/uartesec\",\"https:\\\/\\\/www.tiktok.com\\\/@uartesec\"]},{\"@type\":\"Person\",\"@id\":\"https:\\\/\\\/www.uartes.edu.ec\\\/sitio\\\/#\\\/schema\\\/person\\\/efa1b8275797664fd7f13a79ccc0b1f4\",\"name\":\"ccortez\",\"image\":{\"@type\":\"ImageObject\",\"inLanguage\":\"es\",\"@id\":\"https:\\\/\\\/secure.gravatar.com\\\/avatar\\\/b2a6f664a3ae8e074346ef91775736c5ec479e637ecced6842de9dc98b5da9cd?s=96&d=mm&r=g\",\"url\":\"https:\\\/\\\/secure.gravatar.com\\\/avatar\\\/b2a6f664a3ae8e074346ef91775736c5ec479e637ecced6842de9dc98b5da9cd?s=96&d=mm&r=g\",\"contentUrl\":\"https:\\\/\\\/secure.gravatar.com\\\/avatar\\\/b2a6f664a3ae8e074346ef91775736c5ec479e637ecced6842de9dc98b5da9cd?s=96&d=mm&r=g\",\"caption\":\"ccortez\"},\"url\":\"https:\\\/\\\/www.uartes.edu.ec\\\/sitio\\\/blog\\\/author\\\/ccortez\\\/\"}]}<\/script>\n<!-- \/ Yoast SEO plugin. -->","yoast_head_json":{"title":"Universidad de las Artes - Tres jornadas tendr\u00e1 FIESTA intercolegial que organiza UArtes; este a\u00f1o en el MAAC","description":"Universidad de las Artes - Tres jornadas tendr\u00e1 FIESTA intercolegial que organiza UArtes; este a\u00f1o en el MAAC","robots":{"index":"index","follow":"follow","max-snippet":"max-snippet:-1","max-image-preview":"max-image-preview:large","max-video-preview":"max-video-preview:-1"},"canonical":"https:\/\/www.uartes.edu.ec\/sitio\/blog\/2024\/09\/27\/tres-jornadas-tendra-la-fiesta-intercolegial-que-organiza-la-uartes-presentaciones-de-ii-edicion-seran-en-el-maac\/","og_locale":"es_ES","og_type":"article","og_title":"Universidad de las Artes - Tres jornadas tendr\u00e1 FIESTA intercolegial que organiza UArtes; este a\u00f1o en el MAAC","og_description":"Universidad de las Artes - Tres jornadas tendr\u00e1 FIESTA intercolegial que organiza UArtes; este a\u00f1o en el MAAC","og_url":"https:\/\/www.uartes.edu.ec\/sitio\/blog\/2024\/09\/27\/tres-jornadas-tendra-la-fiesta-intercolegial-que-organiza-la-uartes-presentaciones-de-ii-edicion-seran-en-el-maac\/","og_site_name":"Universidad de las Artes","article_publisher":"https:\/\/www.facebook.com\/uartesec","article_published_time":"2024-09-27T17:24:37+00:00","article_modified_time":"2024-12-03T23:37:25+00:00","og_image":[{"width":2000,"height":1333,"url":"https:\/\/www.uartes.edu.ec\/sitio\/wp-content\/uploads\/2024\/10\/10-FIESTA-DIA-1-PRESENTACION.jpg","type":"image\/jpeg"}],"author":"ccortez","twitter_card":"summary_large_image","twitter_creator":"@uartesec","twitter_site":"@uartesec","twitter_misc":{"Escrito por":"ccortez","Tiempo de lectura":"3 minutos"},"schema":{"@context":"https:\/\/schema.org","@graph":[{"@type":"Article","@id":"https:\/\/www.uartes.edu.ec\/sitio\/blog\/2024\/09\/27\/tres-jornadas-tendra-la-fiesta-intercolegial-que-organiza-la-uartes-presentaciones-de-ii-edicion-seran-en-el-maac\/#article","isPartOf":{"@id":"https:\/\/www.uartes.edu.ec\/sitio\/blog\/2024\/09\/27\/tres-jornadas-tendra-la-fiesta-intercolegial-que-organiza-la-uartes-presentaciones-de-ii-edicion-seran-en-el-maac\/"},"author":{"name":"ccortez","@id":"https:\/\/www.uartes.edu.ec\/sitio\/#\/schema\/person\/efa1b8275797664fd7f13a79ccc0b1f4"},"headline":"Tres jornadas tendr\u00e1 FIESTA intercolegial que organiza UArtes; este a\u00f1o en el MAAC","datePublished":"2024-09-27T17:24:37+00:00","dateModified":"2024-12-03T23:37:25+00:00","mainEntityOfPage":{"@id":"https:\/\/www.uartes.edu.ec\/sitio\/blog\/2024\/09\/27\/tres-jornadas-tendra-la-fiesta-intercolegial-que-organiza-la-uartes-presentaciones-de-ii-edicion-seran-en-el-maac\/"},"wordCount":589,"commentCount":0,"publisher":{"@id":"https:\/\/www.uartes.edu.ec\/sitio\/#organization"},"image":{"@id":"https:\/\/www.uartes.edu.ec\/sitio\/blog\/2024\/09\/27\/tres-jornadas-tendra-la-fiesta-intercolegial-que-organiza-la-uartes-presentaciones-de-ii-edicion-seran-en-el-maac\/#primaryimage"},"thumbnailUrl":"https:\/\/www.uartes.edu.ec\/sitio\/wp-content\/uploads\/2024\/10\/10-FIESTA-DIA-1-PRESENTACION.jpg","keywords":["vinculaci\u00f3n con la sociedad"],"articleSection":["Artes","Artes Esc\u00e9nicas","Docentes","Gesti\u00f3n","Sedes","V\u00ednculo"],"inLanguage":"es","potentialAction":[{"@type":"CommentAction","name":"Comment","target":["https:\/\/www.uartes.edu.ec\/sitio\/blog\/2024\/09\/27\/tres-jornadas-tendra-la-fiesta-intercolegial-que-organiza-la-uartes-presentaciones-de-ii-edicion-seran-en-el-maac\/#respond"]}]},{"@type":["WebPage","ItemPage"],"@id":"https:\/\/www.uartes.edu.ec\/sitio\/blog\/2024\/09\/27\/tres-jornadas-tendra-la-fiesta-intercolegial-que-organiza-la-uartes-presentaciones-de-ii-edicion-seran-en-el-maac\/","url":"https:\/\/www.uartes.edu.ec\/sitio\/blog\/2024\/09\/27\/tres-jornadas-tendra-la-fiesta-intercolegial-que-organiza-la-uartes-presentaciones-de-ii-edicion-seran-en-el-maac\/","name":"Universidad de las Artes - Tres jornadas tendr\u00e1 FIESTA intercolegial que organiza UArtes; este a\u00f1o en el MAAC","isPartOf":{"@id":"https:\/\/www.uartes.edu.ec\/sitio\/#website"},"primaryImageOfPage":{"@id":"https:\/\/www.uartes.edu.ec\/sitio\/blog\/2024\/09\/27\/tres-jornadas-tendra-la-fiesta-intercolegial-que-organiza-la-uartes-presentaciones-de-ii-edicion-seran-en-el-maac\/#primaryimage"},"image":{"@id":"https:\/\/www.uartes.edu.ec\/sitio\/blog\/2024\/09\/27\/tres-jornadas-tendra-la-fiesta-intercolegial-que-organiza-la-uartes-presentaciones-de-ii-edicion-seran-en-el-maac\/#primaryimage"},"thumbnailUrl":"https:\/\/www.uartes.edu.ec\/sitio\/wp-content\/uploads\/2024\/10\/10-FIESTA-DIA-1-PRESENTACION.jpg","datePublished":"2024-09-27T17:24:37+00:00","dateModified":"2024-12-03T23:37:25+00:00","description":"Universidad de las Artes - Tres jornadas tendr\u00e1 FIESTA intercolegial que organiza UArtes; este a\u00f1o en el MAAC","breadcrumb":{"@id":"https:\/\/www.uartes.edu.ec\/sitio\/blog\/2024\/09\/27\/tres-jornadas-tendra-la-fiesta-intercolegial-que-organiza-la-uartes-presentaciones-de-ii-edicion-seran-en-el-maac\/#breadcrumb"},"inLanguage":"es","potentialAction":[{"@type":"ReadAction","target":["https:\/\/www.uartes.edu.ec\/sitio\/blog\/2024\/09\/27\/tres-jornadas-tendra-la-fiesta-intercolegial-que-organiza-la-uartes-presentaciones-de-ii-edicion-seran-en-el-maac\/"]}]},{"@type":"ImageObject","inLanguage":"es","@id":"https:\/\/www.uartes.edu.ec\/sitio\/blog\/2024\/09\/27\/tres-jornadas-tendra-la-fiesta-intercolegial-que-organiza-la-uartes-presentaciones-de-ii-edicion-seran-en-el-maac\/#primaryimage","url":"https:\/\/www.uartes.edu.ec\/sitio\/wp-content\/uploads\/2024\/10\/10-FIESTA-DIA-1-PRESENTACION.jpg","contentUrl":"https:\/\/www.uartes.edu.ec\/sitio\/wp-content\/uploads\/2024\/10\/10-FIESTA-DIA-1-PRESENTACION.jpg","width":2000,"height":1333},{"@type":"BreadcrumbList","@id":"https:\/\/www.uartes.edu.ec\/sitio\/blog\/2024\/09\/27\/tres-jornadas-tendra-la-fiesta-intercolegial-que-organiza-la-uartes-presentaciones-de-ii-edicion-seran-en-el-maac\/#breadcrumb","itemListElement":[{"@type":"ListItem","position":1,"name":"Inicio","item":"https:\/\/www.uartes.edu.ec\/sitio\/"},{"@type":"ListItem","position":2,"name":"Tres jornadas tendr\u00e1 FIESTA intercolegial que organiza UArtes; este a\u00f1o en el MAAC"}]},{"@type":"WebSite","@id":"https:\/\/www.uartes.edu.ec\/sitio\/#website","url":"https:\/\/www.uartes.edu.ec\/sitio\/","name":"Universidad de las Artes","description":"Sitio oficial de la Universidad Nacional de las Artes del Ecuador","publisher":{"@id":"https:\/\/www.uartes.edu.ec\/sitio\/#organization"},"potentialAction":[{"@type":"SearchAction","target":{"@type":"EntryPoint","urlTemplate":"https:\/\/www.uartes.edu.ec\/sitio\/?s={search_term_string}"},"query-input":{"@type":"PropertyValueSpecification","valueRequired":true,"valueName":"search_term_string"}}],"inLanguage":"es"},{"@type":"Organization","@id":"https:\/\/www.uartes.edu.ec\/sitio\/#organization","name":"Universidad de las Artes","url":"https:\/\/www.uartes.edu.ec\/sitio\/","logo":{"@type":"ImageObject","inLanguage":"es","@id":"https:\/\/www.uartes.edu.ec\/sitio\/#\/schema\/logo\/image\/","url":"https:\/\/www.uartes.edu.ec\/sitio\/wp-content\/uploads\/2022\/07\/logo-ua-horizontal.png","contentUrl":"https:\/\/www.uartes.edu.ec\/sitio\/wp-content\/uploads\/2022\/07\/logo-ua-horizontal.png","width":800,"height":276,"caption":"Universidad de las Artes"},"image":{"@id":"https:\/\/www.uartes.edu.ec\/sitio\/#\/schema\/logo\/image\/"},"sameAs":["https:\/\/www.facebook.com\/uartesec","https:\/\/x.com\/uartesec","https:\/\/www.tiktok.com\/@uartesec"]},{"@type":"Person","@id":"https:\/\/www.uartes.edu.ec\/sitio\/#\/schema\/person\/efa1b8275797664fd7f13a79ccc0b1f4","name":"ccortez","image":{"@type":"ImageObject","inLanguage":"es","@id":"https:\/\/secure.gravatar.com\/avatar\/b2a6f664a3ae8e074346ef91775736c5ec479e637ecced6842de9dc98b5da9cd?s=96&d=mm&r=g","url":"https:\/\/secure.gravatar.com\/avatar\/b2a6f664a3ae8e074346ef91775736c5ec479e637ecced6842de9dc98b5da9cd?s=96&d=mm&r=g","contentUrl":"https:\/\/secure.gravatar.com\/avatar\/b2a6f664a3ae8e074346ef91775736c5ec479e637ecced6842de9dc98b5da9cd?s=96&d=mm&r=g","caption":"ccortez"},"url":"https:\/\/www.uartes.edu.ec\/sitio\/blog\/author\/ccortez\/"}]}},"uagb_featured_image_src":{"full":["https:\/\/www.uartes.edu.ec\/sitio\/wp-content\/uploads\/2024\/10\/10-FIESTA-DIA-1-PRESENTACION.jpg",2000,1333,false],"thumbnail":["https:\/\/www.uartes.edu.ec\/sitio\/wp-content\/uploads\/2024\/10\/10-FIESTA-DIA-1-PRESENTACION-150x150.jpg",150,150,true],"medium":["https:\/\/www.uartes.edu.ec\/sitio\/wp-content\/uploads\/2024\/10\/10-FIESTA-DIA-1-PRESENTACION-300x200.jpg",300,200,true],"medium_large":["https:\/\/www.uartes.edu.ec\/sitio\/wp-content\/uploads\/2024\/10\/10-FIESTA-DIA-1-PRESENTACION-768x512.jpg",768,512,true],"large":["https:\/\/www.uartes.edu.ec\/sitio\/wp-content\/uploads\/2024\/10\/10-FIESTA-DIA-1-PRESENTACION-644x429.jpg",644,429,true],"1536x1536":["https:\/\/www.uartes.edu.ec\/sitio\/wp-content\/uploads\/2024\/10\/10-FIESTA-DIA-1-PRESENTACION-1536x1024.jpg",1536,1024,true],"2048x2048":["https:\/\/www.uartes.edu.ec\/sitio\/wp-content\/uploads\/2024\/10\/10-FIESTA-DIA-1-PRESENTACION.jpg",2000,1333,false],"trp-custom-language-flag":["https:\/\/www.uartes.edu.ec\/sitio\/wp-content\/uploads\/2024\/10\/10-FIESTA-DIA-1-PRESENTACION-18x12.jpg",18,12,true],"htmega_size_585x295":["https:\/\/www.uartes.edu.ec\/sitio\/wp-content\/uploads\/2024\/10\/10-FIESTA-DIA-1-PRESENTACION-585x295.jpg",585,295,true],"htmega_size_1170x536":["https:\/\/www.uartes.edu.ec\/sitio\/wp-content\/uploads\/2024\/10\/10-FIESTA-DIA-1-PRESENTACION-1170x536.jpg",1170,536,true],"htmega_size_396x360":["https:\/\/www.uartes.edu.ec\/sitio\/wp-content\/uploads\/2024\/10\/10-FIESTA-DIA-1-PRESENTACION-396x360.jpg",396,360,true],"gb-block-post-grid-landscape":["https:\/\/www.uartes.edu.ec\/sitio\/wp-content\/uploads\/2024\/10\/10-FIESTA-DIA-1-PRESENTACION-600x400.jpg",600,400,true],"gb-block-post-grid-square":["https:\/\/www.uartes.edu.ec\/sitio\/wp-content\/uploads\/2024\/10\/10-FIESTA-DIA-1-PRESENTACION-600x600.jpg",600,600,true],"university-hub-thumb":["https:\/\/www.uartes.edu.ec\/sitio\/wp-content\/uploads\/2024\/10\/10-FIESTA-DIA-1-PRESENTACION-400x267.jpg",400,267,true]},"uagb_author_info":{"display_name":"ccortez","author_link":"https:\/\/www.uartes.edu.ec\/sitio\/blog\/author\/ccortez\/"},"uagb_comment_info":0,"uagb_excerpt":"El Festival Intercolegial de las Artes Esc\u00e9nicas, FIESTA, tendr\u00e1 en noviembre su segunda edici\u00f3n. Tras la primera experiencia de la cita, en la que diez planteles de Guayaquil y Dur\u00e1n participaron con obras de teatro y danza, la propuesta regresa con miras a consolidarse como espacio fundamental para la creatividad y la expresi\u00f3n art\u00edstica de&hellip;","featured_image_src":"https:\/\/www.uartes.edu.ec\/sitio\/wp-content\/uploads\/2024\/10\/10-FIESTA-DIA-1-PRESENTACION-600x400.jpg","featured_image_src_square":"https:\/\/www.uartes.edu.ec\/sitio\/wp-content\/uploads\/2024\/10\/10-FIESTA-DIA-1-PRESENTACION-600x600.jpg","author_info":{"display_name":"ccortez","author_link":"https:\/\/www.uartes.edu.ec\/sitio\/blog\/author\/ccortez\/"},"publishpress_future_workflow_manual_trigger":{"enabledWorkflows":[]},"distributor_meta":false,"distributor_terms":false,"distributor_media":false,"distributor_original_site_name":"Universidad de las Artes","distributor_original_site_url":"https:\/\/www.uartes.edu.ec\/sitio","push-errors":false,"_links":{"self":[{"href":"https:\/\/www.uartes.edu.ec\/sitio\/wp-json\/wp\/v2\/posts\/62337","targetHints":{"allow":["GET"]}}],"collection":[{"href":"https:\/\/www.uartes.edu.ec\/sitio\/wp-json\/wp\/v2\/posts"}],"about":[{"href":"https:\/\/www.uartes.edu.ec\/sitio\/wp-json\/wp\/v2\/types\/post"}],"author":[{"embeddable":true,"href":"https:\/\/www.uartes.edu.ec\/sitio\/wp-json\/wp\/v2\/users\/10"}],"replies":[{"embeddable":true,"href":"https:\/\/www.uartes.edu.ec\/sitio\/wp-json\/wp\/v2\/comments?post=62337"}],"version-history":[{"count":11,"href":"https:\/\/www.uartes.edu.ec\/sitio\/wp-json\/wp\/v2\/posts\/62337\/revisions"}],"predecessor-version":[{"id":65551,"href":"https:\/\/www.uartes.edu.ec\/sitio\/wp-json\/wp\/v2\/posts\/62337\/revisions\/65551"}],"wp:featuredmedia":[{"embeddable":true,"href":"https:\/\/www.uartes.edu.ec\/sitio\/wp-json\/wp\/v2\/media\/62369"}],"wp:attachment":[{"href":"https:\/\/www.uartes.edu.ec\/sitio\/wp-json\/wp\/v2\/media?parent=62337"}],"wp:term":[{"taxonomy":"category","embeddable":true,"href":"https:\/\/www.uartes.edu.ec\/sitio\/wp-json\/wp\/v2\/categories?post=62337"},{"taxonomy":"post_tag","embeddable":true,"href":"https:\/\/www.uartes.edu.ec\/sitio\/wp-json\/wp\/v2\/tags?post=62337"},{"taxonomy":"infouartes","embeddable":true,"href":"https:\/\/www.uartes.edu.ec\/sitio\/wp-json\/wp\/v2\/infouartes?post=62337"}],"curies":[{"name":"wp","href":"https:\/\/api.w.org\/{rel}","templated":true}]}}