{"id":62780,"date":"2024-10-08T16:39:00","date_gmt":"2024-10-08T21:39:00","guid":{"rendered":"https:\/\/www.uartes.edu.ec\/sitio\/?p=62780"},"modified":"2024-11-12T09:09:17","modified_gmt":"2024-11-12T14:09:17","slug":"encuentros-de-arte-educacion-y-espacio-publico","status":"publish","type":"post","link":"https:\/\/www.uartes.edu.ec\/sitio\/blog\/2024\/10\/08\/encuentros-de-arte-educacion-y-espacio-publico\/","title":{"rendered":"Vivimos en comunidad encuentros de arte, educaci\u00f3n y espacio p\u00fablico de Manglar"},"content":{"rendered":"\n<p>Tras la presentaci\u00f3n en territorio de los resultados de la primera de cuatro residencias art\u00edsticas que se vienen desarrollando en los barrios de Guayaquil desde el pasado 16 de septiembre, la Universidad de las Artes y su Escuela de Literatura realizaron este lunes 7 de octubre el acto inaugural de \u201cManglar 2024: Encuentros de arte, educaci\u00f3n y espacio p\u00fablico\u201d, organizado por los docentes de la carrera de Educaci\u00f3n Art\u00edstica Intercultural y el Departamento Transversal de Teor\u00edas Cr\u00edticas y Pr\u00e1cticas Experimentales.<\/p>\n\n\n\n<p>Manglar es una estrategia de tejido colectivo que promueve la colaboraci\u00f3n entre la universidad y diversas organizaciones y grupos para abordar problem\u00e1ticas sociales, culturales y ambientales a trav\u00e9s de la educaci\u00f3n art\u00edstica y procesos comunitarios mediados por las artes. La propuesta busca fortalecer al modelo educativo universitario conectando el territorio como escenario de aprendizaje intercultural.<\/p>\n\n\n\n<p>Para este a\u00f1o, su tercera edici\u00f3n, la convocatoria p\u00fablica dirigida a educadores, artistas, gestores culturales, investigadores, trabajadores de la cultura, colectivos y comunidades estuvo direccionada a la creaci\u00f3n de obras art\u00edsticas procesuales en residencia, enfocadas en la problematizaci\u00f3n participativa en barrios espec\u00edficos de Guayaquil.<\/p>\n\n\n\n<p>De all\u00ed que las actividades de Manglar \u2013que concluir\u00e1n el 12 de octubre\u2013 se desarrollar\u00e1n tanto en la UArtes como en los territorios donde docentes y estudiantes han venido desarrollando los proyectos de vinculaci\u00f3n con la comunidad. Justamente, a los barrios del Cerro del Carmen, Isla Trinitaria, Monte Sina\u00ed y Basti\u00f3n Popular llegaron con sus propuestas las y los artistas que respondieron y ganaron la convocatoria p\u00fablica de residencia art\u00edstica comunitaria \u201cIntermareal\u201d.<\/p>\n\n\n<div class=\"wp-block-image\">\n<figure class=\"aligncenter size-large\"><img fetchpriority=\"high\" decoding=\"async\" width=\"644\" height=\"429\" src=\"https:\/\/www.uartes.edu.ec\/sitio\/wp-content\/uploads\/2024\/10\/02-MANGLAR-INAUGURACION-644x429.jpg\" alt=\"\" class=\"wp-image-62797\" srcset=\"https:\/\/www.uartes.edu.ec\/sitio\/wp-content\/uploads\/2024\/10\/02-MANGLAR-INAUGURACION-644x429.jpg 644w, https:\/\/www.uartes.edu.ec\/sitio\/wp-content\/uploads\/2024\/10\/02-MANGLAR-INAUGURACION-300x200.jpg 300w, https:\/\/www.uartes.edu.ec\/sitio\/wp-content\/uploads\/2024\/10\/02-MANGLAR-INAUGURACION-768x512.jpg 768w, https:\/\/www.uartes.edu.ec\/sitio\/wp-content\/uploads\/2024\/10\/02-MANGLAR-INAUGURACION-1536x1024.jpg 1536w, https:\/\/www.uartes.edu.ec\/sitio\/wp-content\/uploads\/2024\/10\/02-MANGLAR-INAUGURACION-18x12.jpg 18w, https:\/\/www.uartes.edu.ec\/sitio\/wp-content\/uploads\/2024\/10\/02-MANGLAR-INAUGURACION-600x400.jpg 600w, https:\/\/www.uartes.edu.ec\/sitio\/wp-content\/uploads\/2024\/10\/02-MANGLAR-INAUGURACION-400x267.jpg 400w, https:\/\/www.uartes.edu.ec\/sitio\/wp-content\/uploads\/2024\/10\/02-MANGLAR-INAUGURACION-272x182.jpg 272w, https:\/\/www.uartes.edu.ec\/sitio\/wp-content\/uploads\/2024\/10\/02-MANGLAR-INAUGURACION.jpg 2000w\" sizes=\"(max-width: 644px) 100vw, 644px\" \/><\/figure>\n<\/div>\n\n\n<h3 class=\"wp-block-heading\">Desplazamientos al territorio<\/h3>\n\n\n\n<p>La inauguraci\u00f3n de Manglar se hizo en la Plaza P\u00fablica del MZ14 Centro de Producci\u00f3n e Innovaci\u00f3n UArtes y cont\u00f3 con la participaci\u00f3n del rector William Herrera, de los vicerrectores Olga L\u00f3pez y Bradley Hilgert, de la directora de la Escuela de Literatura, Alejandra Zambrano, de docentes, estudiantes, funcionarios y p\u00fablico en general. Byron Cevallos, coordinador de la carrera de Educaci\u00f3n Art\u00edstica Intercultural, inici\u00f3 la presentaci\u00f3n de la cita mencionando sus actividades y los debates que se tendr\u00edan en torno al espacio p\u00fablico, las artes y la educaci\u00f3n.<\/p>\n\n\n\n<p>En su intervenci\u00f3n, el rector William Herrera destac\u00f3 algunas ideas de la agenda de Manglar, como los desplazamientos al territorio. \u201cEn muchos espacios hemos hablado de la importancia de circulaci\u00f3n en doble v\u00eda que tiene la UArtes, cuando abre las puertas a las comunidades, organizaciones y colectivos para recibir sus propuestas y cuando la universidad va a las comunidades, barrios y sectores\u201d.<\/p>\n\n\n\n<p>As\u00ed como en el Cerro del Carmen, mencion\u00f3 los desplazamientos a Basti\u00f3n Popular, Monte Sina\u00ed e Isla Trinitaria, los cuales fortalecen el interaprendizaje, muy presentes en la universidad. Tambi\u00e9n, los espacios de intercambio y mesas de di\u00e1logo, donde se articulan las funciones sustantivas de la educaci\u00f3n superior, pues se abordar\u00e1n temas sobre procesos pedag\u00f3gicos, proyectos de vinculaci\u00f3n con la comunidad y de investigaci\u00f3n con la participaci\u00f3n de docentes, estudiantes y graduados.<\/p>\n\n\n\n<p>El rector destac\u00f3 el concepto para definir los espacios. La idea de rizomas apunta a una fundamental de la UArtes \u2013presente desde su creaci\u00f3n\u2013: la desjerarquizaci\u00f3n de los saberes. \u201cNos hace pensar en la importancia de tener esa desjerarquizaci\u00f3n de los espacios de di\u00e1logo. Me parece que esos dos elementos de la agenda son fundamentales para entender y compartir las formas de trabajo que tiene la universidad\u201d y resalt\u00f3 el esp\u00edritu que atraviesa toda la agenda: la responsabilidad pol\u00edtica y \u00e9tica que tenemos como universidad p\u00fablica y actores de la educaci\u00f3n p\u00fablica.<\/p>\n\n\n\n<h3 class=\"wp-block-heading\">Las relaciones especulativas<\/h3>\n\n\n\n<p>Alejandra Zambrano, directora de la Escuela de Literatura, inici\u00f3 su intervenci\u00f3n se\u00f1alando que del lat\u00edn <em>specularis,<\/em> la palabra especular puede ser verbo o adjetivo. Como acci\u00f3n tiene varias acepciones: implica \u201creflexionar en un plano te\u00f3rico o hacer conjeturas\u201d y tambi\u00e9n \u201cmirar con atenci\u00f3n algo para reconocerlo y examinarlo\u201d. \u201cEn el libro <em>Five Manifestos for the Beautiful World,<\/em> publicado recientemente en la colecci\u00f3n Alquimia de Penguin Random House Canad\u00e1, Joseph Pierce, ciudadano de la naci\u00f3n Cherokee, profesor de Literatura de la Universidad de Stony Brook, nos recuerda, sin embargo, que la acepci\u00f3n adjetivada de la palabra especular tiene que ver con el espejo, con lo di\u00e1fano, con el reflejo\u201d.<\/p>\n\n\n<div class=\"wp-block-image\">\n<figure class=\"aligncenter size-large\"><img decoding=\"async\" width=\"644\" height=\"429\" src=\"https:\/\/www.uartes.edu.ec\/sitio\/wp-content\/uploads\/2024\/10\/05-MANGLAR-INAUGURACION-644x429.jpg\" alt=\"\" class=\"wp-image-62795\" srcset=\"https:\/\/www.uartes.edu.ec\/sitio\/wp-content\/uploads\/2024\/10\/05-MANGLAR-INAUGURACION-644x429.jpg 644w, https:\/\/www.uartes.edu.ec\/sitio\/wp-content\/uploads\/2024\/10\/05-MANGLAR-INAUGURACION-300x200.jpg 300w, https:\/\/www.uartes.edu.ec\/sitio\/wp-content\/uploads\/2024\/10\/05-MANGLAR-INAUGURACION-768x512.jpg 768w, https:\/\/www.uartes.edu.ec\/sitio\/wp-content\/uploads\/2024\/10\/05-MANGLAR-INAUGURACION-1536x1024.jpg 1536w, https:\/\/www.uartes.edu.ec\/sitio\/wp-content\/uploads\/2024\/10\/05-MANGLAR-INAUGURACION-18x12.jpg 18w, https:\/\/www.uartes.edu.ec\/sitio\/wp-content\/uploads\/2024\/10\/05-MANGLAR-INAUGURACION-600x400.jpg 600w, https:\/\/www.uartes.edu.ec\/sitio\/wp-content\/uploads\/2024\/10\/05-MANGLAR-INAUGURACION-400x267.jpg 400w, https:\/\/www.uartes.edu.ec\/sitio\/wp-content\/uploads\/2024\/10\/05-MANGLAR-INAUGURACION-272x182.jpg 272w, https:\/\/www.uartes.edu.ec\/sitio\/wp-content\/uploads\/2024\/10\/05-MANGLAR-INAUGURACION.jpg 2000w\" sizes=\"(max-width: 644px) 100vw, 644px\" \/><\/figure>\n<\/div>\n\n\n<p>Este doble significado, anot\u00f3 Zambrano, lleva a Pierce a proponer la idea de un manifiesto sobre\/de\/desde las relaciones especulativas como declaraci\u00f3n de principios para un mundo bello. Agreg\u00f3 que la palabra relaci\u00f3n tiene tambi\u00e9n varios alcances. Es una exposici\u00f3n de hechos (relato, narraci\u00f3n, descripci\u00f3n), as\u00ed como conexi\u00f3n (nexo, v\u00ednculo, correspondencia). Habla de los lazos de parentesco, de amistad, laborales; habla de las explicaciones, normalmente escritas, que se hacen a autoridades.<\/p>\n\n\n\n<p>\u00bfQu\u00e9 tienen que ver las relaciones especulativas con el Manglar?, se cuestion\u00f3 Zambrano y anot\u00f3 que cuando piensa en el manglar como \u00e1rea bi\u00f3tica, ubicada geogr\u00e1ficamente en las \u00e1reas intermareales de las zonas t\u00f3rridas y tropicales del planeta, conformada por \u00e1rboles de 3 o 4 metros de altura con ra\u00edces tolerantes a la salinidad, resilientes y tercamente protectoras, lo imagina como met\u00e1fora de lo que la carrera de Educaci\u00f3n Art\u00edstica Intercultural y, por sin\u00e9cdoque, la UArtes quiere defender y reivindicar.<\/p>\n\n\n\n<p>La universidad junto con aliados estrat\u00e9gicos, sean centros culturales, instituciones p\u00fablicas y privadas, gobiernos aut\u00f3nomos descentralizados, organizaciones sin fines de lucro, emprendimientos, escuelas, etc., podr\u00edan entenderse como las ra\u00edces de los mangles que buscan no solo oxigenar el espacio que entre ellos se genera y organiza, sino tambi\u00e9n salvaguardar la vida humana, no-humana, y m\u00e1s que humana que lucha diariamente contra las imposiciones de la l\u00f3gica del capital, indic\u00f3 Zambrano.<\/p>\n\n\n\n<p>Cont\u00f3 que por la ma\u00f1ana asistieron a la inauguraci\u00f3n de un atelier\/biblioteca, un espacio l\u00fadico en la Escuela Fiscal del Cerro del Carmen, y que cuando Byron Cevallos le pregunt\u00f3 a un ni\u00f1o lo que significaba el manglar, sin dudar le contest\u00f3 que donde trabaja su padre cuando no hay veda de cangrejos. \u201cPara algunas familias, el manglar es hogar, lugar de trabajo o de investigaci\u00f3n, para otros, es una postal o un paisaje bello, destino tur\u00edstico. Siempre es, sin embargo, un \u00e1rea vulnerable, al acecho de promotores de proyectos inmobiliarios, tur\u00edsticos o de la industria camaronera, por ejemplo, que sigue pensando que ese ecosistema es \u2018solo manglar\u2019\u201d.<\/p>\n\n\n\n<p>Dijo preguntarse que, si la relaci\u00f3n es nexo y narraci\u00f3n, si especular es examinar (mirar hacia afuera) y examinar(se) como ejercicio de introspecci\u00f3n, \u201cque Manglar d\u00e9 cuenta de nuestro compromiso por revisar nuestras pr\u00e1cticas pedag\u00f3gicas y art\u00edsticas para ayudar\/ayudarnos a contar nuestras historias de parentesco, de resistencia, de lucha y de amor desde y por nuestros territorios con la finalidad de seguir entrenando (y amplificando) nuestra capacidad imaginativa. Otro(s) mundos antirracistas, decoloniales, feministas y con enfoque interseccional desde una \u00e9tica planetaria, son posibles.<\/p>\n\n\n<div class=\"wp-block-image\">\n<figure class=\"aligncenter size-large\"><img decoding=\"async\" width=\"644\" height=\"429\" src=\"https:\/\/www.uartes.edu.ec\/sitio\/wp-content\/uploads\/2024\/10\/01-MANGLAR-INAUGURACION-644x429.jpg\" alt=\"\" class=\"wp-image-62798\" srcset=\"https:\/\/www.uartes.edu.ec\/sitio\/wp-content\/uploads\/2024\/10\/01-MANGLAR-INAUGURACION-644x429.jpg 644w, https:\/\/www.uartes.edu.ec\/sitio\/wp-content\/uploads\/2024\/10\/01-MANGLAR-INAUGURACION-300x200.jpg 300w, https:\/\/www.uartes.edu.ec\/sitio\/wp-content\/uploads\/2024\/10\/01-MANGLAR-INAUGURACION-768x512.jpg 768w, https:\/\/www.uartes.edu.ec\/sitio\/wp-content\/uploads\/2024\/10\/01-MANGLAR-INAUGURACION-1536x1024.jpg 1536w, https:\/\/www.uartes.edu.ec\/sitio\/wp-content\/uploads\/2024\/10\/01-MANGLAR-INAUGURACION-18x12.jpg 18w, https:\/\/www.uartes.edu.ec\/sitio\/wp-content\/uploads\/2024\/10\/01-MANGLAR-INAUGURACION-600x400.jpg 600w, https:\/\/www.uartes.edu.ec\/sitio\/wp-content\/uploads\/2024\/10\/01-MANGLAR-INAUGURACION-400x267.jpg 400w, https:\/\/www.uartes.edu.ec\/sitio\/wp-content\/uploads\/2024\/10\/01-MANGLAR-INAUGURACION-272x182.jpg 272w, https:\/\/www.uartes.edu.ec\/sitio\/wp-content\/uploads\/2024\/10\/01-MANGLAR-INAUGURACION.jpg 2000w\" sizes=\"(max-width: 644px) 100vw, 644px\" \/><\/figure>\n<\/div>\n\n\n<p>\u201cComo dice Pierce en su manifiesto, el llamado ser\u00eda no a la humanizaci\u00f3n sino a la posibilidad de relacionarnos de otras maneras m\u00e1s dignas y sensibles. Esa sigue siendo la apuesta que desde la Escuela de Literatura procuramos se materialice en nuestras clases, nuestras investigaciones y proyectos de vinculaci\u00f3n con la sociedad. No es f\u00e1cil, pero seguiremos trabajando para formar profesionales que articulen creatividad, experimentaci\u00f3n, reflexi\u00f3n y conocimiento en la creaci\u00f3n pedag\u00f3gica; y, que sostengan procesos transformadores de ense\u00f1anza-aprendizaje formal y no-formal de manera \u00e9tica, intercultural y colaborativa, en y m\u00e1s all\u00e1 de las aulas, en zonas urbanas y rurales\u201d.<\/p>\n\n\n\n<p>Cabe anotar que Joseph Pierce, el autor que mencion\u00f3 la directora de la Escuela de Literatura en su intervenci\u00f3n, se encontraba en el acto inaugural, pues seguidamente brind\u00f3 la charla \u201cEl cuerpo indio: desde la etno- a la indige-pornograf\u00eda\u201d.<\/p>\n\n\n\n<h3 class=\"wp-block-heading\">Los ejes de Manglar<\/h3>\n\n\n\n<p>Antes del cierre de la inauguraci\u00f3n de Manglar, el docente Byron Cevallos hizo referencia a los tres ejes que cruzan la experiencia de la presente edici\u00f3n: Tejido social comunitario, Creaci\u00f3n art\u00edstica colectiva en territorio y Memoria y saberes ancestrales. Cuando hablamos de ra\u00edces y rizomas tambi\u00e9n estamos pensando en c\u00f3mo recomponer ese tejido social que en el Guayaquil de los \u00faltimos 100 a\u00f1os ha sido fracturado por la violencia e inseguridad sistem\u00e1tica, quebrantando relaciones sociales, humanas y afectivas, secuestrando a toda la sociedad, principalmente a los sectores vulnerables de Guayaquil.<\/p>\n\n\n\n<p>Manglar, dijo Cevallos, puede ser una idea de tejido de construcci\u00f3n de estos discursos y de reapropiamiento de la memoria colectiva. Para nosotros es clave la relaci\u00f3n que hay con el entorno socionatural. El desarrollo extractivista ha impuesto una mirada de crecimiento, donde paulatinamente todos los espacios p\u00fablicos se van llenando de cemento. Esto nos lleva a repensar hacia d\u00f3nde estamos yendo con este estilo de vida. El desarrollo econ\u00f3mico est\u00e1 planteando una forma y estilo de vida que hace que nos desprendamos de la relaci\u00f3n y conexi\u00f3n que tenemos con el entorno natural. Es fundamental, dijo, que las artes se planteen esta discusi\u00f3n de la crisis social y ambiental en la que estamos inmersos.<\/p>\n\n\n\n<p>Cevallos dio cuenta tambi\u00e9n de las actividades de Manglar en sus componentes: Intermareal, la residencia de proyectos art\u00edsticos comunitarios en Guayaquil; Rizomas, las mesas de di\u00e1logo de intercambio de saberes y experiencias culturales; Aula abierta, talleres abiertos a la colectividad sobre metodolog\u00edas educativas en artes y experiencias de gesti\u00f3n cultural comunitaria, con proyecciones de pel\u00edculas y foros; y Asamblea comunitaria \u201cMangle Rojo\u201d, a desarrollarse al finalizar el evento, espacio en el que se recoger\u00e1n las experiencias y conclusiones de las cuatro propuestas en residencia; se finalizar\u00e1 con un concierto de clausura.<\/p>\n\n\n\n<p><\/p>\n","protected":false},"excerpt":{"rendered":"<p>Tras la presentaci\u00f3n en territorio de los resultados de la primera de cuatro residencias art\u00edsticas en distintos barrios de Guayaquil, la UArtes y su Escuela de Literatura realizaron este lunes 7 de octubre el acto inaugural de \u201cManglar 2024: Encuentros de arte, educaci\u00f3n y espacio p\u00fablico\u201d, organizado por la carrera de Educaci\u00f3n Art\u00edstica Intercultural y el Departamento Transversal de Teor\u00edas Cr\u00edticas y Pr\u00e1cticas Experimentales.<\/p>\n","protected":false},"author":10,"featured_media":62796,"comment_status":"open","ping_status":"open","sticky":false,"template":"","format":"standard","meta":{"_acf_changed":false,"_uag_custom_page_level_css":"","_monsterinsights_skip_tracking":false,"_monsterinsights_sitenote_active":false,"_monsterinsights_sitenote_note":"","_monsterinsights_sitenote_category":0,"cybocfi_hide_featured_image":"","footnotes":""},"categories":[80,82,75,76,284,175,83,79],"tags":[1284],"infouartes":[1287],"class_list":["post-62780","post","type-post","status-publish","format-standard","has-post-thumbnail","hentry","category-academico","category-artes","category-docentes","category-estudiantes","category-investigacion","category-literatura","category-sedes","category-vinculo","tag-manglar-2024","infouartes-somos-uartes"],"acf":[],"yoast_head":"<!-- This site is optimized with the Yoast SEO plugin v27.4 - https:\/\/yoast.com\/product\/yoast-seo-wordpress\/ -->\n<title>Universidad de las Artes - Vivimos en comunidad encuentros de arte, educaci\u00f3n y espacio p\u00fablico de Manglar<\/title>\n<meta name=\"description\" content=\"Universidad de las Artes - Vivimos en comunidad encuentros de arte, educaci\u00f3n y espacio p\u00fablico de Manglar\" \/>\n<meta name=\"robots\" content=\"index, follow, max-snippet:-1, max-image-preview:large, max-video-preview:-1\" \/>\n<link rel=\"canonical\" href=\"https:\/\/www.uartes.edu.ec\/sitio\/blog\/2024\/10\/08\/encuentros-de-arte-educacion-y-espacio-publico\/\" \/>\n<meta property=\"og:locale\" content=\"es_ES\" \/>\n<meta property=\"og:type\" content=\"article\" \/>\n<meta property=\"og:title\" content=\"Universidad de las Artes - Vivimos en comunidad encuentros de arte, educaci\u00f3n y espacio p\u00fablico de Manglar\" \/>\n<meta property=\"og:description\" content=\"Universidad de las Artes - Vivimos en comunidad encuentros de arte, educaci\u00f3n y espacio p\u00fablico de Manglar\" \/>\n<meta property=\"og:url\" content=\"https:\/\/www.uartes.edu.ec\/sitio\/blog\/2024\/10\/08\/encuentros-de-arte-educacion-y-espacio-publico\/\" \/>\n<meta property=\"og:site_name\" content=\"Universidad de las Artes\" \/>\n<meta property=\"article:publisher\" content=\"https:\/\/www.facebook.com\/uartesec\" \/>\n<meta property=\"article:published_time\" content=\"2024-10-08T21:39:00+00:00\" \/>\n<meta property=\"article:modified_time\" content=\"2024-11-12T14:09:17+00:00\" \/>\n<meta property=\"og:image\" content=\"https:\/\/www.uartes.edu.ec\/sitio\/wp-content\/uploads\/2024\/10\/06-MANGLAR-INAUGURACION.jpg\" \/>\n\t<meta property=\"og:image:width\" content=\"2000\" \/>\n\t<meta property=\"og:image:height\" content=\"1333\" \/>\n\t<meta property=\"og:image:type\" content=\"image\/jpeg\" \/>\n<meta name=\"author\" content=\"ccortez\" \/>\n<meta name=\"twitter:card\" content=\"summary_large_image\" \/>\n<meta name=\"twitter:creator\" content=\"@uartesec\" \/>\n<meta name=\"twitter:site\" content=\"@uartesec\" \/>\n<meta name=\"twitter:label1\" content=\"Escrito por\" \/>\n\t<meta name=\"twitter:data1\" content=\"ccortez\" \/>\n\t<meta name=\"twitter:label2\" content=\"Tiempo de lectura\" \/>\n\t<meta name=\"twitter:data2\" content=\"8 minutos\" \/>\n<script type=\"application\/ld+json\" class=\"yoast-schema-graph\">{\"@context\":\"https:\\\/\\\/schema.org\",\"@graph\":[{\"@type\":\"Article\",\"@id\":\"https:\\\/\\\/www.uartes.edu.ec\\\/sitio\\\/blog\\\/2024\\\/10\\\/08\\\/encuentros-de-arte-educacion-y-espacio-publico\\\/#article\",\"isPartOf\":{\"@id\":\"https:\\\/\\\/www.uartes.edu.ec\\\/sitio\\\/blog\\\/2024\\\/10\\\/08\\\/encuentros-de-arte-educacion-y-espacio-publico\\\/\"},\"author\":{\"name\":\"ccortez\",\"@id\":\"https:\\\/\\\/www.uartes.edu.ec\\\/sitio\\\/#\\\/schema\\\/person\\\/efa1b8275797664fd7f13a79ccc0b1f4\"},\"headline\":\"Vivimos en comunidad encuentros de arte, educaci\u00f3n y espacio p\u00fablico de Manglar\",\"datePublished\":\"2024-10-08T21:39:00+00:00\",\"dateModified\":\"2024-11-12T14:09:17+00:00\",\"mainEntityOfPage\":{\"@id\":\"https:\\\/\\\/www.uartes.edu.ec\\\/sitio\\\/blog\\\/2024\\\/10\\\/08\\\/encuentros-de-arte-educacion-y-espacio-publico\\\/\"},\"wordCount\":1687,\"commentCount\":0,\"publisher\":{\"@id\":\"https:\\\/\\\/www.uartes.edu.ec\\\/sitio\\\/#organization\"},\"image\":{\"@id\":\"https:\\\/\\\/www.uartes.edu.ec\\\/sitio\\\/blog\\\/2024\\\/10\\\/08\\\/encuentros-de-arte-educacion-y-espacio-publico\\\/#primaryimage\"},\"thumbnailUrl\":\"https:\\\/\\\/www.uartes.edu.ec\\\/sitio\\\/wp-content\\\/uploads\\\/2024\\\/10\\\/06-MANGLAR-INAUGURACION.jpg\",\"keywords\":[\"Manglar 2024\"],\"articleSection\":[\"Acad\u00e9mico\",\"Artes\",\"Docentes\",\"Estudiantes\",\"Investigaci\u00f3n\",\"Literatura\",\"Sedes\",\"V\u00ednculo\"],\"inLanguage\":\"es\",\"potentialAction\":[{\"@type\":\"CommentAction\",\"name\":\"Comment\",\"target\":[\"https:\\\/\\\/www.uartes.edu.ec\\\/sitio\\\/blog\\\/2024\\\/10\\\/08\\\/encuentros-de-arte-educacion-y-espacio-publico\\\/#respond\"]}]},{\"@type\":[\"WebPage\",\"ItemPage\"],\"@id\":\"https:\\\/\\\/www.uartes.edu.ec\\\/sitio\\\/blog\\\/2024\\\/10\\\/08\\\/encuentros-de-arte-educacion-y-espacio-publico\\\/\",\"url\":\"https:\\\/\\\/www.uartes.edu.ec\\\/sitio\\\/blog\\\/2024\\\/10\\\/08\\\/encuentros-de-arte-educacion-y-espacio-publico\\\/\",\"name\":\"Universidad de las Artes - Vivimos en comunidad encuentros de arte, educaci\u00f3n y espacio p\u00fablico de Manglar\",\"isPartOf\":{\"@id\":\"https:\\\/\\\/www.uartes.edu.ec\\\/sitio\\\/#website\"},\"primaryImageOfPage\":{\"@id\":\"https:\\\/\\\/www.uartes.edu.ec\\\/sitio\\\/blog\\\/2024\\\/10\\\/08\\\/encuentros-de-arte-educacion-y-espacio-publico\\\/#primaryimage\"},\"image\":{\"@id\":\"https:\\\/\\\/www.uartes.edu.ec\\\/sitio\\\/blog\\\/2024\\\/10\\\/08\\\/encuentros-de-arte-educacion-y-espacio-publico\\\/#primaryimage\"},\"thumbnailUrl\":\"https:\\\/\\\/www.uartes.edu.ec\\\/sitio\\\/wp-content\\\/uploads\\\/2024\\\/10\\\/06-MANGLAR-INAUGURACION.jpg\",\"datePublished\":\"2024-10-08T21:39:00+00:00\",\"dateModified\":\"2024-11-12T14:09:17+00:00\",\"description\":\"Universidad de las Artes - Vivimos en comunidad encuentros de arte, educaci\u00f3n y espacio p\u00fablico de Manglar\",\"breadcrumb\":{\"@id\":\"https:\\\/\\\/www.uartes.edu.ec\\\/sitio\\\/blog\\\/2024\\\/10\\\/08\\\/encuentros-de-arte-educacion-y-espacio-publico\\\/#breadcrumb\"},\"inLanguage\":\"es\",\"potentialAction\":[{\"@type\":\"ReadAction\",\"target\":[\"https:\\\/\\\/www.uartes.edu.ec\\\/sitio\\\/blog\\\/2024\\\/10\\\/08\\\/encuentros-de-arte-educacion-y-espacio-publico\\\/\"]}]},{\"@type\":\"ImageObject\",\"inLanguage\":\"es\",\"@id\":\"https:\\\/\\\/www.uartes.edu.ec\\\/sitio\\\/blog\\\/2024\\\/10\\\/08\\\/encuentros-de-arte-educacion-y-espacio-publico\\\/#primaryimage\",\"url\":\"https:\\\/\\\/www.uartes.edu.ec\\\/sitio\\\/wp-content\\\/uploads\\\/2024\\\/10\\\/06-MANGLAR-INAUGURACION.jpg\",\"contentUrl\":\"https:\\\/\\\/www.uartes.edu.ec\\\/sitio\\\/wp-content\\\/uploads\\\/2024\\\/10\\\/06-MANGLAR-INAUGURACION.jpg\",\"width\":2000,\"height\":1333},{\"@type\":\"BreadcrumbList\",\"@id\":\"https:\\\/\\\/www.uartes.edu.ec\\\/sitio\\\/blog\\\/2024\\\/10\\\/08\\\/encuentros-de-arte-educacion-y-espacio-publico\\\/#breadcrumb\",\"itemListElement\":[{\"@type\":\"ListItem\",\"position\":1,\"name\":\"Inicio\",\"item\":\"https:\\\/\\\/www.uartes.edu.ec\\\/sitio\\\/\"},{\"@type\":\"ListItem\",\"position\":2,\"name\":\"Vivimos en comunidad encuentros de arte, educaci\u00f3n y espacio p\u00fablico de Manglar\"}]},{\"@type\":\"WebSite\",\"@id\":\"https:\\\/\\\/www.uartes.edu.ec\\\/sitio\\\/#website\",\"url\":\"https:\\\/\\\/www.uartes.edu.ec\\\/sitio\\\/\",\"name\":\"Universidad de las Artes\",\"description\":\"Sitio oficial de la Universidad Nacional de las Artes del Ecuador\",\"publisher\":{\"@id\":\"https:\\\/\\\/www.uartes.edu.ec\\\/sitio\\\/#organization\"},\"potentialAction\":[{\"@type\":\"SearchAction\",\"target\":{\"@type\":\"EntryPoint\",\"urlTemplate\":\"https:\\\/\\\/www.uartes.edu.ec\\\/sitio\\\/?s={search_term_string}\"},\"query-input\":{\"@type\":\"PropertyValueSpecification\",\"valueRequired\":true,\"valueName\":\"search_term_string\"}}],\"inLanguage\":\"es\"},{\"@type\":\"Organization\",\"@id\":\"https:\\\/\\\/www.uartes.edu.ec\\\/sitio\\\/#organization\",\"name\":\"Universidad de las Artes\",\"url\":\"https:\\\/\\\/www.uartes.edu.ec\\\/sitio\\\/\",\"logo\":{\"@type\":\"ImageObject\",\"inLanguage\":\"es\",\"@id\":\"https:\\\/\\\/www.uartes.edu.ec\\\/sitio\\\/#\\\/schema\\\/logo\\\/image\\\/\",\"url\":\"https:\\\/\\\/www.uartes.edu.ec\\\/sitio\\\/wp-content\\\/uploads\\\/2022\\\/07\\\/logo-ua-horizontal.png\",\"contentUrl\":\"https:\\\/\\\/www.uartes.edu.ec\\\/sitio\\\/wp-content\\\/uploads\\\/2022\\\/07\\\/logo-ua-horizontal.png\",\"width\":800,\"height\":276,\"caption\":\"Universidad de las Artes\"},\"image\":{\"@id\":\"https:\\\/\\\/www.uartes.edu.ec\\\/sitio\\\/#\\\/schema\\\/logo\\\/image\\\/\"},\"sameAs\":[\"https:\\\/\\\/www.facebook.com\\\/uartesec\",\"https:\\\/\\\/x.com\\\/uartesec\",\"https:\\\/\\\/www.tiktok.com\\\/@uartesec\"]},{\"@type\":\"Person\",\"@id\":\"https:\\\/\\\/www.uartes.edu.ec\\\/sitio\\\/#\\\/schema\\\/person\\\/efa1b8275797664fd7f13a79ccc0b1f4\",\"name\":\"ccortez\",\"image\":{\"@type\":\"ImageObject\",\"inLanguage\":\"es\",\"@id\":\"https:\\\/\\\/secure.gravatar.com\\\/avatar\\\/b2a6f664a3ae8e074346ef91775736c5ec479e637ecced6842de9dc98b5da9cd?s=96&d=mm&r=g\",\"url\":\"https:\\\/\\\/secure.gravatar.com\\\/avatar\\\/b2a6f664a3ae8e074346ef91775736c5ec479e637ecced6842de9dc98b5da9cd?s=96&d=mm&r=g\",\"contentUrl\":\"https:\\\/\\\/secure.gravatar.com\\\/avatar\\\/b2a6f664a3ae8e074346ef91775736c5ec479e637ecced6842de9dc98b5da9cd?s=96&d=mm&r=g\",\"caption\":\"ccortez\"},\"url\":\"https:\\\/\\\/www.uartes.edu.ec\\\/sitio\\\/blog\\\/author\\\/ccortez\\\/\"}]}<\/script>\n<!-- \/ Yoast SEO plugin. -->","yoast_head_json":{"title":"Universidad de las Artes - Vivimos en comunidad encuentros de arte, educaci\u00f3n y espacio p\u00fablico de Manglar","description":"Universidad de las Artes - Vivimos en comunidad encuentros de arte, educaci\u00f3n y espacio p\u00fablico de Manglar","robots":{"index":"index","follow":"follow","max-snippet":"max-snippet:-1","max-image-preview":"max-image-preview:large","max-video-preview":"max-video-preview:-1"},"canonical":"https:\/\/www.uartes.edu.ec\/sitio\/blog\/2024\/10\/08\/encuentros-de-arte-educacion-y-espacio-publico\/","og_locale":"es_ES","og_type":"article","og_title":"Universidad de las Artes - Vivimos en comunidad encuentros de arte, educaci\u00f3n y espacio p\u00fablico de Manglar","og_description":"Universidad de las Artes - Vivimos en comunidad encuentros de arte, educaci\u00f3n y espacio p\u00fablico de Manglar","og_url":"https:\/\/www.uartes.edu.ec\/sitio\/blog\/2024\/10\/08\/encuentros-de-arte-educacion-y-espacio-publico\/","og_site_name":"Universidad de las Artes","article_publisher":"https:\/\/www.facebook.com\/uartesec","article_published_time":"2024-10-08T21:39:00+00:00","article_modified_time":"2024-11-12T14:09:17+00:00","og_image":[{"width":2000,"height":1333,"url":"https:\/\/www.uartes.edu.ec\/sitio\/wp-content\/uploads\/2024\/10\/06-MANGLAR-INAUGURACION.jpg","type":"image\/jpeg"}],"author":"ccortez","twitter_card":"summary_large_image","twitter_creator":"@uartesec","twitter_site":"@uartesec","twitter_misc":{"Escrito por":"ccortez","Tiempo de lectura":"8 minutos"},"schema":{"@context":"https:\/\/schema.org","@graph":[{"@type":"Article","@id":"https:\/\/www.uartes.edu.ec\/sitio\/blog\/2024\/10\/08\/encuentros-de-arte-educacion-y-espacio-publico\/#article","isPartOf":{"@id":"https:\/\/www.uartes.edu.ec\/sitio\/blog\/2024\/10\/08\/encuentros-de-arte-educacion-y-espacio-publico\/"},"author":{"name":"ccortez","@id":"https:\/\/www.uartes.edu.ec\/sitio\/#\/schema\/person\/efa1b8275797664fd7f13a79ccc0b1f4"},"headline":"Vivimos en comunidad encuentros de arte, educaci\u00f3n y espacio p\u00fablico de Manglar","datePublished":"2024-10-08T21:39:00+00:00","dateModified":"2024-11-12T14:09:17+00:00","mainEntityOfPage":{"@id":"https:\/\/www.uartes.edu.ec\/sitio\/blog\/2024\/10\/08\/encuentros-de-arte-educacion-y-espacio-publico\/"},"wordCount":1687,"commentCount":0,"publisher":{"@id":"https:\/\/www.uartes.edu.ec\/sitio\/#organization"},"image":{"@id":"https:\/\/www.uartes.edu.ec\/sitio\/blog\/2024\/10\/08\/encuentros-de-arte-educacion-y-espacio-publico\/#primaryimage"},"thumbnailUrl":"https:\/\/www.uartes.edu.ec\/sitio\/wp-content\/uploads\/2024\/10\/06-MANGLAR-INAUGURACION.jpg","keywords":["Manglar 2024"],"articleSection":["Acad\u00e9mico","Artes","Docentes","Estudiantes","Investigaci\u00f3n","Literatura","Sedes","V\u00ednculo"],"inLanguage":"es","potentialAction":[{"@type":"CommentAction","name":"Comment","target":["https:\/\/www.uartes.edu.ec\/sitio\/blog\/2024\/10\/08\/encuentros-de-arte-educacion-y-espacio-publico\/#respond"]}]},{"@type":["WebPage","ItemPage"],"@id":"https:\/\/www.uartes.edu.ec\/sitio\/blog\/2024\/10\/08\/encuentros-de-arte-educacion-y-espacio-publico\/","url":"https:\/\/www.uartes.edu.ec\/sitio\/blog\/2024\/10\/08\/encuentros-de-arte-educacion-y-espacio-publico\/","name":"Universidad de las Artes - Vivimos en comunidad encuentros de arte, educaci\u00f3n y espacio p\u00fablico de Manglar","isPartOf":{"@id":"https:\/\/www.uartes.edu.ec\/sitio\/#website"},"primaryImageOfPage":{"@id":"https:\/\/www.uartes.edu.ec\/sitio\/blog\/2024\/10\/08\/encuentros-de-arte-educacion-y-espacio-publico\/#primaryimage"},"image":{"@id":"https:\/\/www.uartes.edu.ec\/sitio\/blog\/2024\/10\/08\/encuentros-de-arte-educacion-y-espacio-publico\/#primaryimage"},"thumbnailUrl":"https:\/\/www.uartes.edu.ec\/sitio\/wp-content\/uploads\/2024\/10\/06-MANGLAR-INAUGURACION.jpg","datePublished":"2024-10-08T21:39:00+00:00","dateModified":"2024-11-12T14:09:17+00:00","description":"Universidad de las Artes - Vivimos en comunidad encuentros de arte, educaci\u00f3n y espacio p\u00fablico de Manglar","breadcrumb":{"@id":"https:\/\/www.uartes.edu.ec\/sitio\/blog\/2024\/10\/08\/encuentros-de-arte-educacion-y-espacio-publico\/#breadcrumb"},"inLanguage":"es","potentialAction":[{"@type":"ReadAction","target":["https:\/\/www.uartes.edu.ec\/sitio\/blog\/2024\/10\/08\/encuentros-de-arte-educacion-y-espacio-publico\/"]}]},{"@type":"ImageObject","inLanguage":"es","@id":"https:\/\/www.uartes.edu.ec\/sitio\/blog\/2024\/10\/08\/encuentros-de-arte-educacion-y-espacio-publico\/#primaryimage","url":"https:\/\/www.uartes.edu.ec\/sitio\/wp-content\/uploads\/2024\/10\/06-MANGLAR-INAUGURACION.jpg","contentUrl":"https:\/\/www.uartes.edu.ec\/sitio\/wp-content\/uploads\/2024\/10\/06-MANGLAR-INAUGURACION.jpg","width":2000,"height":1333},{"@type":"BreadcrumbList","@id":"https:\/\/www.uartes.edu.ec\/sitio\/blog\/2024\/10\/08\/encuentros-de-arte-educacion-y-espacio-publico\/#breadcrumb","itemListElement":[{"@type":"ListItem","position":1,"name":"Inicio","item":"https:\/\/www.uartes.edu.ec\/sitio\/"},{"@type":"ListItem","position":2,"name":"Vivimos en comunidad encuentros de arte, educaci\u00f3n y espacio p\u00fablico de Manglar"}]},{"@type":"WebSite","@id":"https:\/\/www.uartes.edu.ec\/sitio\/#website","url":"https:\/\/www.uartes.edu.ec\/sitio\/","name":"Universidad de las Artes","description":"Sitio oficial de la Universidad Nacional de las Artes del Ecuador","publisher":{"@id":"https:\/\/www.uartes.edu.ec\/sitio\/#organization"},"potentialAction":[{"@type":"SearchAction","target":{"@type":"EntryPoint","urlTemplate":"https:\/\/www.uartes.edu.ec\/sitio\/?s={search_term_string}"},"query-input":{"@type":"PropertyValueSpecification","valueRequired":true,"valueName":"search_term_string"}}],"inLanguage":"es"},{"@type":"Organization","@id":"https:\/\/www.uartes.edu.ec\/sitio\/#organization","name":"Universidad de las Artes","url":"https:\/\/www.uartes.edu.ec\/sitio\/","logo":{"@type":"ImageObject","inLanguage":"es","@id":"https:\/\/www.uartes.edu.ec\/sitio\/#\/schema\/logo\/image\/","url":"https:\/\/www.uartes.edu.ec\/sitio\/wp-content\/uploads\/2022\/07\/logo-ua-horizontal.png","contentUrl":"https:\/\/www.uartes.edu.ec\/sitio\/wp-content\/uploads\/2022\/07\/logo-ua-horizontal.png","width":800,"height":276,"caption":"Universidad de las Artes"},"image":{"@id":"https:\/\/www.uartes.edu.ec\/sitio\/#\/schema\/logo\/image\/"},"sameAs":["https:\/\/www.facebook.com\/uartesec","https:\/\/x.com\/uartesec","https:\/\/www.tiktok.com\/@uartesec"]},{"@type":"Person","@id":"https:\/\/www.uartes.edu.ec\/sitio\/#\/schema\/person\/efa1b8275797664fd7f13a79ccc0b1f4","name":"ccortez","image":{"@type":"ImageObject","inLanguage":"es","@id":"https:\/\/secure.gravatar.com\/avatar\/b2a6f664a3ae8e074346ef91775736c5ec479e637ecced6842de9dc98b5da9cd?s=96&d=mm&r=g","url":"https:\/\/secure.gravatar.com\/avatar\/b2a6f664a3ae8e074346ef91775736c5ec479e637ecced6842de9dc98b5da9cd?s=96&d=mm&r=g","contentUrl":"https:\/\/secure.gravatar.com\/avatar\/b2a6f664a3ae8e074346ef91775736c5ec479e637ecced6842de9dc98b5da9cd?s=96&d=mm&r=g","caption":"ccortez"},"url":"https:\/\/www.uartes.edu.ec\/sitio\/blog\/author\/ccortez\/"}]}},"uagb_featured_image_src":{"full":["https:\/\/www.uartes.edu.ec\/sitio\/wp-content\/uploads\/2024\/10\/06-MANGLAR-INAUGURACION.jpg",2000,1333,false],"thumbnail":["https:\/\/www.uartes.edu.ec\/sitio\/wp-content\/uploads\/2024\/10\/06-MANGLAR-INAUGURACION-150x150.jpg",150,150,true],"medium":["https:\/\/www.uartes.edu.ec\/sitio\/wp-content\/uploads\/2024\/10\/06-MANGLAR-INAUGURACION-300x200.jpg",300,200,true],"medium_large":["https:\/\/www.uartes.edu.ec\/sitio\/wp-content\/uploads\/2024\/10\/06-MANGLAR-INAUGURACION-768x512.jpg",768,512,true],"large":["https:\/\/www.uartes.edu.ec\/sitio\/wp-content\/uploads\/2024\/10\/06-MANGLAR-INAUGURACION-644x429.jpg",644,429,true],"1536x1536":["https:\/\/www.uartes.edu.ec\/sitio\/wp-content\/uploads\/2024\/10\/06-MANGLAR-INAUGURACION-1536x1024.jpg",1536,1024,true],"2048x2048":["https:\/\/www.uartes.edu.ec\/sitio\/wp-content\/uploads\/2024\/10\/06-MANGLAR-INAUGURACION.jpg",2000,1333,false],"trp-custom-language-flag":["https:\/\/www.uartes.edu.ec\/sitio\/wp-content\/uploads\/2024\/10\/06-MANGLAR-INAUGURACION-18x12.jpg",18,12,true],"htmega_size_585x295":["https:\/\/www.uartes.edu.ec\/sitio\/wp-content\/uploads\/2024\/10\/06-MANGLAR-INAUGURACION-585x295.jpg",585,295,true],"htmega_size_1170x536":["https:\/\/www.uartes.edu.ec\/sitio\/wp-content\/uploads\/2024\/10\/06-MANGLAR-INAUGURACION-1170x536.jpg",1170,536,true],"htmega_size_396x360":["https:\/\/www.uartes.edu.ec\/sitio\/wp-content\/uploads\/2024\/10\/06-MANGLAR-INAUGURACION-396x360.jpg",396,360,true],"gb-block-post-grid-landscape":["https:\/\/www.uartes.edu.ec\/sitio\/wp-content\/uploads\/2024\/10\/06-MANGLAR-INAUGURACION-600x400.jpg",600,400,true],"gb-block-post-grid-square":["https:\/\/www.uartes.edu.ec\/sitio\/wp-content\/uploads\/2024\/10\/06-MANGLAR-INAUGURACION-600x600.jpg",600,600,true],"university-hub-thumb":["https:\/\/www.uartes.edu.ec\/sitio\/wp-content\/uploads\/2024\/10\/06-MANGLAR-INAUGURACION-400x267.jpg",400,267,true],"mailpoet_newsletter_max":["https:\/\/www.uartes.edu.ec\/sitio\/wp-content\/uploads\/2024\/10\/06-MANGLAR-INAUGURACION.jpg",1320,880,false]},"uagb_author_info":{"display_name":"ccortez","author_link":"https:\/\/www.uartes.edu.ec\/sitio\/blog\/author\/ccortez\/"},"uagb_comment_info":0,"uagb_excerpt":"Tras la presentaci\u00f3n en territorio de los resultados de la primera de cuatro residencias art\u00edsticas en distintos barrios de Guayaquil, la UArtes y su Escuela de Literatura realizaron este lunes 7 de octubre el acto inaugural de \u201cManglar 2024: Encuentros de arte, educaci\u00f3n y espacio p\u00fablico\u201d, organizado por la carrera de Educaci\u00f3n Art\u00edstica Intercultural y&hellip;","featured_image_src":"https:\/\/www.uartes.edu.ec\/sitio\/wp-content\/uploads\/2024\/10\/06-MANGLAR-INAUGURACION-600x400.jpg","featured_image_src_square":"https:\/\/www.uartes.edu.ec\/sitio\/wp-content\/uploads\/2024\/10\/06-MANGLAR-INAUGURACION-600x600.jpg","author_info":{"display_name":"ccortez","author_link":"https:\/\/www.uartes.edu.ec\/sitio\/blog\/author\/ccortez\/"},"publishpress_future_workflow_manual_trigger":{"enabledWorkflows":[]},"distributor_meta":false,"distributor_terms":false,"distributor_media":false,"distributor_original_site_name":"Universidad de las Artes","distributor_original_site_url":"https:\/\/www.uartes.edu.ec\/sitio","push-errors":false,"_links":{"self":[{"href":"https:\/\/www.uartes.edu.ec\/sitio\/wp-json\/wp\/v2\/posts\/62780","targetHints":{"allow":["GET"]}}],"collection":[{"href":"https:\/\/www.uartes.edu.ec\/sitio\/wp-json\/wp\/v2\/posts"}],"about":[{"href":"https:\/\/www.uartes.edu.ec\/sitio\/wp-json\/wp\/v2\/types\/post"}],"author":[{"embeddable":true,"href":"https:\/\/www.uartes.edu.ec\/sitio\/wp-json\/wp\/v2\/users\/10"}],"replies":[{"embeddable":true,"href":"https:\/\/www.uartes.edu.ec\/sitio\/wp-json\/wp\/v2\/comments?post=62780"}],"version-history":[{"count":16,"href":"https:\/\/www.uartes.edu.ec\/sitio\/wp-json\/wp\/v2\/posts\/62780\/revisions"}],"predecessor-version":[{"id":62836,"href":"https:\/\/www.uartes.edu.ec\/sitio\/wp-json\/wp\/v2\/posts\/62780\/revisions\/62836"}],"wp:featuredmedia":[{"embeddable":true,"href":"https:\/\/www.uartes.edu.ec\/sitio\/wp-json\/wp\/v2\/media\/62796"}],"wp:attachment":[{"href":"https:\/\/www.uartes.edu.ec\/sitio\/wp-json\/wp\/v2\/media?parent=62780"}],"wp:term":[{"taxonomy":"category","embeddable":true,"href":"https:\/\/www.uartes.edu.ec\/sitio\/wp-json\/wp\/v2\/categories?post=62780"},{"taxonomy":"post_tag","embeddable":true,"href":"https:\/\/www.uartes.edu.ec\/sitio\/wp-json\/wp\/v2\/tags?post=62780"},{"taxonomy":"infouartes","embeddable":true,"href":"https:\/\/www.uartes.edu.ec\/sitio\/wp-json\/wp\/v2\/infouartes?post=62780"}],"curies":[{"name":"wp","href":"https:\/\/api.w.org\/{rel}","templated":true}]}}