{"id":62800,"date":"2024-10-08T15:32:00","date_gmt":"2024-10-08T20:32:00","guid":{"rendered":"https:\/\/www.uartes.edu.ec\/sitio\/?p=62800"},"modified":"2024-11-12T09:09:43","modified_gmt":"2024-11-12T14:09:43","slug":"manglar-2024-resultados-de-residencia-comunitaria-de-la-artista-mishell-banda-en-el-cerro-del-carmen","status":"publish","type":"post","link":"https:\/\/www.uartes.edu.ec\/sitio\/blog\/2024\/10\/08\/manglar-2024-resultados-de-residencia-comunitaria-de-la-artista-mishell-banda-en-el-cerro-del-carmen\/","title":{"rendered":"Manglar 2024: resultados de la residencia comunitaria que la artista Mishell Banda desarroll\u00f3 en escuela del Cerro del Carmen"},"content":{"rendered":"\n<p>Con la muestra de los resultados de la residencia comunitaria que la artista Mishell Banda realiz\u00f3 en el barrio del Cerro del Carmen, la Universidad de las Artes y su Escuela de Literatura dieron inicio este lunes 7 de octubre a \u201cManglar 2024: Encuentros de arte, educaci\u00f3n y espacio p\u00fablico\u201d, evento organizado por la carrera de Educaci\u00f3n Art\u00edstica Intercultural y el Departamento Transversal de Teor\u00edas Cr\u00edticas y Pr\u00e1cticas Experimentales.<\/p>\n\n\n\n<p>En la Escuela Fiscal Cerro del Carmen, ni\u00f1os, ni\u00f1as, profesores, padres de familia y habitantes del sector se congregaron para ver en acci\u00f3n a los peque\u00f1os participantes de la residencia y sus creaciones en torno al teatro y la expresi\u00f3n corporal. Junto a Mishell Banda y autoridades del plantel estuvieron, entre otros, la directora y los docentes de la Escuela de Literatura UArtes: Alejandra Zambrano; Byron Cevallos, tambi\u00e9n coordinador de la carrera de Educaci\u00f3n Art\u00edstica Intercultural; y Pedro Mujica, quien desarrolla en el lugar el proyecto de vinculaci\u00f3n con la comunidad \u201cFeria\u201d e hizo la presentaci\u00f3n de la muestra.&nbsp;&nbsp;&nbsp;<\/p>\n\n\n\n<p>En este a\u00f1o, las actividades de Manglar se desarrollan en la Plaza P\u00fablica del MZ14 Centro de Producci\u00f3n e Innovaci\u00f3n UArtes, con mesas de di\u00e1logo en torno a temas relacionados con los extractivismos, las artes y la resistencia comunitaria; el fortalecimiento de actores en territorios; y los m\u00e9todos de trabajo para la conformaci\u00f3n de espacios seguros. Y la Biblioteca de las Artes, en cuyo sal\u00f3n Multifuncional tiene lugar \u2013del 8 al 10 de octubre\u2013 el taller pedag\u00f3gico \u201cTendencias de las narrativas del siglo XXI\u201d con el escritor, investigador y acad\u00e9mico Joseph Pierce, de la Universidad de Stony Brook.<\/p>\n\n\n<div class=\"wp-block-image\">\n<figure class=\"aligncenter size-large\"><img fetchpriority=\"high\" decoding=\"async\" width=\"644\" height=\"429\" src=\"https:\/\/www.uartes.edu.ec\/sitio\/wp-content\/uploads\/2024\/10\/15-MANGLAR-CERRO-CARMEN-RESIDENCIA-644x429.jpg\" alt=\"\" class=\"wp-image-62789\" srcset=\"https:\/\/www.uartes.edu.ec\/sitio\/wp-content\/uploads\/2024\/10\/15-MANGLAR-CERRO-CARMEN-RESIDENCIA-644x429.jpg 644w, https:\/\/www.uartes.edu.ec\/sitio\/wp-content\/uploads\/2024\/10\/15-MANGLAR-CERRO-CARMEN-RESIDENCIA-300x200.jpg 300w, https:\/\/www.uartes.edu.ec\/sitio\/wp-content\/uploads\/2024\/10\/15-MANGLAR-CERRO-CARMEN-RESIDENCIA-768x512.jpg 768w, https:\/\/www.uartes.edu.ec\/sitio\/wp-content\/uploads\/2024\/10\/15-MANGLAR-CERRO-CARMEN-RESIDENCIA-1536x1024.jpg 1536w, https:\/\/www.uartes.edu.ec\/sitio\/wp-content\/uploads\/2024\/10\/15-MANGLAR-CERRO-CARMEN-RESIDENCIA-18x12.jpg 18w, https:\/\/www.uartes.edu.ec\/sitio\/wp-content\/uploads\/2024\/10\/15-MANGLAR-CERRO-CARMEN-RESIDENCIA-600x400.jpg 600w, https:\/\/www.uartes.edu.ec\/sitio\/wp-content\/uploads\/2024\/10\/15-MANGLAR-CERRO-CARMEN-RESIDENCIA-400x267.jpg 400w, https:\/\/www.uartes.edu.ec\/sitio\/wp-content\/uploads\/2024\/10\/15-MANGLAR-CERRO-CARMEN-RESIDENCIA-272x182.jpg 272w, https:\/\/www.uartes.edu.ec\/sitio\/wp-content\/uploads\/2024\/10\/15-MANGLAR-CERRO-CARMEN-RESIDENCIA.jpg 2000w\" sizes=\"(max-width: 644px) 100vw, 644px\" \/><\/figure>\n<\/div>\n\n\n<p>Manglar tambi\u00e9n est\u00e1 en los barrios de la ciudad donde se han llevado a la pr\u00e1ctica las propuestas de los y las artistas que \u2013como Mishell Banda\u2013 respondieron y ganaron la convocatoria p\u00fablica de residencia de proyectos art\u00edsticos comunitarios \u201cIntermareal\u201d. Junto con el Cerro del Carmen constan Monte Sina\u00ed, Isla Trinitaria y Basti\u00f3n Popular.<\/p>\n\n\n\n<p>Al igual que las otras tres residencias art\u00edsticas comunitarias de Manglar, Mishell Banda arranc\u00f3 con su proyecto en territorio el pasado 16 de septiembre. Dirigido a los ni\u00f1os de la Escuela Fiscal del Cerro del Carmen este se enfoc\u00f3 en la utilizaci\u00f3n de herramientas de danza de contacto e improvisaci\u00f3n, teatro y expresi\u00f3n corporal.<\/p>\n\n\n\n<h3 class=\"wp-block-heading\">Propuesta se origin\u00f3 de una tesis<\/h3>\n\n\n\n<p>En di\u00e1logo con InfoUArtes, la artista residente, graduada en la UArtes, revel\u00f3 que su propuesta tiene origen en la tesis \u201cMecanograf\u00edas Kinest\u00e9sicas\u201d, orientada al trabajo con personas invidentes y que, posteriormente, lo ampli\u00f3 para incluir a personas con y sin diversidad funcional en general.<\/p>\n\n\n\n<p>\u201cTrabajamos con ni\u00f1os y ni\u00f1as de 9 a 11 a\u00f1os, explorando sus imaginarios y po\u00e9ticas propias. Como resultado, se crearon peque\u00f1as micropiezas teatrales basadas en leyendas aut\u00f3ctonas de Guayaquil. Los ni\u00f1os escribieron sus propios guiones y tambi\u00e9n participaron en la creaci\u00f3n de la escenograf\u00eda. Este proyecto busca integrar la diversidad de senti-pensares de ni\u00f1xs con y sin diversidad funcional a trav\u00e9s de una muestra art\u00edstica que refleje dicho proceso pedag\u00f3gico\u201d, anot\u00f3 Banda.<\/p>\n\n\n<div class=\"wp-block-image\">\n<figure class=\"aligncenter size-large\"><img decoding=\"async\" width=\"644\" height=\"429\" src=\"https:\/\/www.uartes.edu.ec\/sitio\/wp-content\/uploads\/2024\/10\/19-MANGLAR-CERRO-CARMEN-RESIDENCIA-644x429.jpg\" alt=\"\" class=\"wp-image-62785\" srcset=\"https:\/\/www.uartes.edu.ec\/sitio\/wp-content\/uploads\/2024\/10\/19-MANGLAR-CERRO-CARMEN-RESIDENCIA-644x429.jpg 644w, https:\/\/www.uartes.edu.ec\/sitio\/wp-content\/uploads\/2024\/10\/19-MANGLAR-CERRO-CARMEN-RESIDENCIA-300x200.jpg 300w, https:\/\/www.uartes.edu.ec\/sitio\/wp-content\/uploads\/2024\/10\/19-MANGLAR-CERRO-CARMEN-RESIDENCIA-768x512.jpg 768w, https:\/\/www.uartes.edu.ec\/sitio\/wp-content\/uploads\/2024\/10\/19-MANGLAR-CERRO-CARMEN-RESIDENCIA-1536x1024.jpg 1536w, https:\/\/www.uartes.edu.ec\/sitio\/wp-content\/uploads\/2024\/10\/19-MANGLAR-CERRO-CARMEN-RESIDENCIA-18x12.jpg 18w, https:\/\/www.uartes.edu.ec\/sitio\/wp-content\/uploads\/2024\/10\/19-MANGLAR-CERRO-CARMEN-RESIDENCIA-600x400.jpg 600w, https:\/\/www.uartes.edu.ec\/sitio\/wp-content\/uploads\/2024\/10\/19-MANGLAR-CERRO-CARMEN-RESIDENCIA-400x267.jpg 400w, https:\/\/www.uartes.edu.ec\/sitio\/wp-content\/uploads\/2024\/10\/19-MANGLAR-CERRO-CARMEN-RESIDENCIA-272x182.jpg 272w, https:\/\/www.uartes.edu.ec\/sitio\/wp-content\/uploads\/2024\/10\/19-MANGLAR-CERRO-CARMEN-RESIDENCIA.jpg 2000w\" sizes=\"(max-width: 644px) 100vw, 644px\" \/><\/figure>\n<\/div>\n\n\n<p>M\u00e1s all\u00e1 del resultado final, la artista agreg\u00f3 que se puso \u00e9nfasis en el intercambio de saberes, construidos a partir del imaginario propio de los ni\u00f1xs, desarrollado durante las clases a trav\u00e9s de ejercicios l\u00fadicos en los que se trabaj\u00f3 la escucha, la creatividad y la auto-expresi\u00f3n.<\/p>\n\n\n\n<p>&#8220;Para m\u00ed, este tipo de procesos llevados a cabo en Manglar dan cuenta de la importancia de que el arte llegue a comunidades donde hay poco o nulo acceso a las artes esc\u00e9nicas, ya que la educaci\u00f3n corporal debe ser algo fundamental impartido dentro y fuera de las escuelas. Esto permite que lxs ni\u00f1xs aprendan a conocer sus propios cuerpos, conociendo sus l\u00edmites y validando sus deseos\/necesidades, lo cual le permite estar m\u00e1s conectadxs consigo mismxs y, por supuesto, tambi\u00e9n con su entorno\u201d, expres\u00f3 la artista.<\/p>\n\n\n\n<p>Destac\u00f3 la importancia de recordar y tener presente \u201cque el primer territorio que debemos aprender a habitar es nuestro cuerpo, con todas las complejidades que esto amerita, m\u00e1s para ellxs que est\u00e1n en pleno cambio y ebullici\u00f3n\u201d.<\/p>\n\n\n\n<p>Desde su bagaje como tallerista\/gu\u00eda pedag\u00f3gica, Mishell Banda coment\u00f3 que ya ha implementado proyectos similares en otras instancias, tanto en la segunda fase del proyecto de \u201cMecanograf\u00edas Kinest\u00e9sicas\u201d \u2013que igualmente se trabaj\u00f3 con ni\u00f1xs de un rango etario similar dentro de la provincia de Imbabura\u2013 como en otros proyectos en los que ha trabajado con p\u00fablicos adultos o adultos mayores kichwas.<\/p>\n\n\n\n<p>Mishell Banda concluy\u00f3 que \u201cMecanograf\u00edas Kinest\u00e9sicas\u201d se traduce como la capacidad que tenemos todas y todos de escribir e inscribir en el espacio con nuestros sentidos, independientemente de nuestra condici\u00f3n f\u00edsica\/mental o experiencia corporal previa ligada al arte esc\u00e9nico. *\u201cIntermareal\u201d es uno de los componentes de Manglar 2024, que arranc\u00f3 el lunes 7 de octubre y concluir\u00e1 el s\u00e1bado 12; son las residencias de proyectos art\u00edsticos comunitarios en Guayaquil.<\/p>\n\n\n<div class=\"wp-block-image\">\n<figure class=\"aligncenter size-large\"><img decoding=\"async\" width=\"644\" height=\"429\" src=\"https:\/\/www.uartes.edu.ec\/sitio\/wp-content\/uploads\/2024\/10\/18-MANGLAR-CERRO-CARMEN-RESIDENCIA-644x429.jpg\" alt=\"\" class=\"wp-image-62786\" srcset=\"https:\/\/www.uartes.edu.ec\/sitio\/wp-content\/uploads\/2024\/10\/18-MANGLAR-CERRO-CARMEN-RESIDENCIA-644x429.jpg 644w, https:\/\/www.uartes.edu.ec\/sitio\/wp-content\/uploads\/2024\/10\/18-MANGLAR-CERRO-CARMEN-RESIDENCIA-300x200.jpg 300w, https:\/\/www.uartes.edu.ec\/sitio\/wp-content\/uploads\/2024\/10\/18-MANGLAR-CERRO-CARMEN-RESIDENCIA-768x512.jpg 768w, https:\/\/www.uartes.edu.ec\/sitio\/wp-content\/uploads\/2024\/10\/18-MANGLAR-CERRO-CARMEN-RESIDENCIA-1536x1024.jpg 1536w, https:\/\/www.uartes.edu.ec\/sitio\/wp-content\/uploads\/2024\/10\/18-MANGLAR-CERRO-CARMEN-RESIDENCIA-18x12.jpg 18w, https:\/\/www.uartes.edu.ec\/sitio\/wp-content\/uploads\/2024\/10\/18-MANGLAR-CERRO-CARMEN-RESIDENCIA-600x400.jpg 600w, https:\/\/www.uartes.edu.ec\/sitio\/wp-content\/uploads\/2024\/10\/18-MANGLAR-CERRO-CARMEN-RESIDENCIA-400x267.jpg 400w, https:\/\/www.uartes.edu.ec\/sitio\/wp-content\/uploads\/2024\/10\/18-MANGLAR-CERRO-CARMEN-RESIDENCIA-272x182.jpg 272w, https:\/\/www.uartes.edu.ec\/sitio\/wp-content\/uploads\/2024\/10\/18-MANGLAR-CERRO-CARMEN-RESIDENCIA.jpg 2000w\" sizes=\"(max-width: 644px) 100vw, 644px\" \/><\/figure>\n<\/div>\n\n\n<p>Fotos: Pa\u00fal Betancur, estudiante UArtes que integr\u00f3 el equipo Manglar 2024. <br>En las im\u00e1genes, los ni\u00f1os y ni\u00f1as de la Escuela Fiscal Cerro del Carmen que participaron en la residencia comunitaria, guiada por la artista Mishell Banda. Constan tambi\u00e9n los docentes Byron Cevallos (i), Juan Jos\u00e9 Rocha, Alejandra Zambrano y Pedro Mujica, quien desarrolla en el sector el proyecto de vinculaci\u00f3n con la comunidad &#8220;Feria&#8221;.<\/p>\n\n\n\n<p><\/p>\n","protected":false},"excerpt":{"rendered":"<p>En la residencia art\u00edstica comunitaria del encuentro Manglar 2024, la tallerista\/gu\u00eda pedag\u00f3gica Mishell Banda trabaj\u00f3 con ni\u00f1os de la Escuela del Cerro del Carmen el proyecto \u201cMecanograf\u00edas Kinest\u00e9sicas: diversidad art\u00edstica\u201d, el cual los llev\u00f3 a crear peque\u00f1as micropiezas teatrales basadas en leyendas de Guayaquil. La artista, graduada UArtes, fue una de las ganadoras de la convocatoria p\u00fablica de la cita. <\/p>\n","protected":false},"author":10,"featured_media":62787,"comment_status":"open","ping_status":"open","sticky":false,"template":"","format":"standard","meta":{"_acf_changed":false,"_uag_custom_page_level_css":"","_monsterinsights_skip_tracking":false,"_monsterinsights_sitenote_active":false,"_monsterinsights_sitenote_note":"","_monsterinsights_sitenote_category":0,"cybocfi_hide_featured_image":"","footnotes":""},"categories":[80,82,75,76,77,284,175,83,79],"tags":[521],"infouartes":[1289],"class_list":["post-62800","post","type-post","status-publish","format-standard","has-post-thumbnail","hentry","category-academico","category-artes","category-docentes","category-estudiantes","category-gestion","category-investigacion","category-literatura","category-sedes","category-vinculo","tag-encuentro","infouartes-investigar-las-artes"],"acf":[],"yoast_head":"<!-- This site is optimized with the Yoast SEO plugin v27.4 - https:\/\/yoast.com\/product\/yoast-seo-wordpress\/ -->\n<title>Universidad de las Artes - Manglar 2024: resultados de la residencia comunitaria que la artista Mishell Banda desarroll\u00f3 en escuela del Cerro del Carmen<\/title>\n<meta name=\"description\" content=\"Universidad de las Artes - Manglar 2024: resultados de la residencia comunitaria que la artista Mishell Banda desarroll\u00f3 en escuela del Cerro del Carmen\" \/>\n<meta name=\"robots\" content=\"index, follow, max-snippet:-1, max-image-preview:large, max-video-preview:-1\" \/>\n<link rel=\"canonical\" href=\"https:\/\/www.uartes.edu.ec\/sitio\/blog\/2024\/10\/08\/manglar-2024-resultados-de-residencia-comunitaria-de-la-artista-mishell-banda-en-el-cerro-del-carmen\/\" \/>\n<meta property=\"og:locale\" content=\"es_ES\" \/>\n<meta property=\"og:type\" content=\"article\" \/>\n<meta property=\"og:title\" content=\"Universidad de las Artes - Manglar 2024: resultados de la residencia comunitaria que la artista Mishell Banda desarroll\u00f3 en escuela del Cerro del Carmen\" \/>\n<meta property=\"og:description\" content=\"Universidad de las Artes - Manglar 2024: resultados de la residencia comunitaria que la artista Mishell Banda desarroll\u00f3 en escuela del Cerro del Carmen\" \/>\n<meta property=\"og:url\" content=\"https:\/\/www.uartes.edu.ec\/sitio\/blog\/2024\/10\/08\/manglar-2024-resultados-de-residencia-comunitaria-de-la-artista-mishell-banda-en-el-cerro-del-carmen\/\" \/>\n<meta property=\"og:site_name\" content=\"Universidad de las Artes\" \/>\n<meta property=\"article:publisher\" content=\"https:\/\/www.facebook.com\/uartesec\" \/>\n<meta property=\"article:published_time\" content=\"2024-10-08T20:32:00+00:00\" \/>\n<meta property=\"article:modified_time\" content=\"2024-11-12T14:09:43+00:00\" \/>\n<meta property=\"og:image\" content=\"https:\/\/www.uartes.edu.ec\/sitio\/wp-content\/uploads\/2024\/10\/17-MANGLAR-CERRO-CARMEN-RESIDENCIA.jpg\" \/>\n\t<meta property=\"og:image:width\" content=\"2000\" \/>\n\t<meta property=\"og:image:height\" content=\"1333\" \/>\n\t<meta property=\"og:image:type\" content=\"image\/jpeg\" \/>\n<meta name=\"author\" content=\"ccortez\" \/>\n<meta name=\"twitter:card\" content=\"summary_large_image\" \/>\n<meta name=\"twitter:creator\" content=\"@uartesec\" \/>\n<meta name=\"twitter:site\" content=\"@uartesec\" \/>\n<meta name=\"twitter:label1\" content=\"Escrito por\" \/>\n\t<meta name=\"twitter:data1\" content=\"ccortez\" \/>\n\t<meta name=\"twitter:label2\" content=\"Tiempo de lectura\" \/>\n\t<meta name=\"twitter:data2\" content=\"5 minutos\" \/>\n<script type=\"application\/ld+json\" class=\"yoast-schema-graph\">{\"@context\":\"https:\\\/\\\/schema.org\",\"@graph\":[{\"@type\":\"Article\",\"@id\":\"https:\\\/\\\/www.uartes.edu.ec\\\/sitio\\\/blog\\\/2024\\\/10\\\/08\\\/manglar-2024-resultados-de-residencia-comunitaria-de-la-artista-mishell-banda-en-el-cerro-del-carmen\\\/#article\",\"isPartOf\":{\"@id\":\"https:\\\/\\\/www.uartes.edu.ec\\\/sitio\\\/blog\\\/2024\\\/10\\\/08\\\/manglar-2024-resultados-de-residencia-comunitaria-de-la-artista-mishell-banda-en-el-cerro-del-carmen\\\/\"},\"author\":{\"name\":\"ccortez\",\"@id\":\"https:\\\/\\\/www.uartes.edu.ec\\\/sitio\\\/#\\\/schema\\\/person\\\/efa1b8275797664fd7f13a79ccc0b1f4\"},\"headline\":\"Manglar 2024: resultados de la residencia comunitaria que la artista Mishell Banda desarroll\u00f3 en escuela del Cerro del Carmen\",\"datePublished\":\"2024-10-08T20:32:00+00:00\",\"dateModified\":\"2024-11-12T14:09:43+00:00\",\"mainEntityOfPage\":{\"@id\":\"https:\\\/\\\/www.uartes.edu.ec\\\/sitio\\\/blog\\\/2024\\\/10\\\/08\\\/manglar-2024-resultados-de-residencia-comunitaria-de-la-artista-mishell-banda-en-el-cerro-del-carmen\\\/\"},\"wordCount\":961,\"commentCount\":0,\"publisher\":{\"@id\":\"https:\\\/\\\/www.uartes.edu.ec\\\/sitio\\\/#organization\"},\"image\":{\"@id\":\"https:\\\/\\\/www.uartes.edu.ec\\\/sitio\\\/blog\\\/2024\\\/10\\\/08\\\/manglar-2024-resultados-de-residencia-comunitaria-de-la-artista-mishell-banda-en-el-cerro-del-carmen\\\/#primaryimage\"},\"thumbnailUrl\":\"https:\\\/\\\/www.uartes.edu.ec\\\/sitio\\\/wp-content\\\/uploads\\\/2024\\\/10\\\/17-MANGLAR-CERRO-CARMEN-RESIDENCIA.jpg\",\"keywords\":[\"encuentro\"],\"articleSection\":[\"Acad\u00e9mico\",\"Artes\",\"Docentes\",\"Estudiantes\",\"Gesti\u00f3n\",\"Investigaci\u00f3n\",\"Literatura\",\"Sedes\",\"V\u00ednculo\"],\"inLanguage\":\"es\",\"potentialAction\":[{\"@type\":\"CommentAction\",\"name\":\"Comment\",\"target\":[\"https:\\\/\\\/www.uartes.edu.ec\\\/sitio\\\/blog\\\/2024\\\/10\\\/08\\\/manglar-2024-resultados-de-residencia-comunitaria-de-la-artista-mishell-banda-en-el-cerro-del-carmen\\\/#respond\"]}]},{\"@type\":[\"WebPage\",\"ItemPage\"],\"@id\":\"https:\\\/\\\/www.uartes.edu.ec\\\/sitio\\\/blog\\\/2024\\\/10\\\/08\\\/manglar-2024-resultados-de-residencia-comunitaria-de-la-artista-mishell-banda-en-el-cerro-del-carmen\\\/\",\"url\":\"https:\\\/\\\/www.uartes.edu.ec\\\/sitio\\\/blog\\\/2024\\\/10\\\/08\\\/manglar-2024-resultados-de-residencia-comunitaria-de-la-artista-mishell-banda-en-el-cerro-del-carmen\\\/\",\"name\":\"Universidad de las Artes - Manglar 2024: resultados de la residencia comunitaria que la artista Mishell Banda desarroll\u00f3 en escuela del Cerro del Carmen\",\"isPartOf\":{\"@id\":\"https:\\\/\\\/www.uartes.edu.ec\\\/sitio\\\/#website\"},\"primaryImageOfPage\":{\"@id\":\"https:\\\/\\\/www.uartes.edu.ec\\\/sitio\\\/blog\\\/2024\\\/10\\\/08\\\/manglar-2024-resultados-de-residencia-comunitaria-de-la-artista-mishell-banda-en-el-cerro-del-carmen\\\/#primaryimage\"},\"image\":{\"@id\":\"https:\\\/\\\/www.uartes.edu.ec\\\/sitio\\\/blog\\\/2024\\\/10\\\/08\\\/manglar-2024-resultados-de-residencia-comunitaria-de-la-artista-mishell-banda-en-el-cerro-del-carmen\\\/#primaryimage\"},\"thumbnailUrl\":\"https:\\\/\\\/www.uartes.edu.ec\\\/sitio\\\/wp-content\\\/uploads\\\/2024\\\/10\\\/17-MANGLAR-CERRO-CARMEN-RESIDENCIA.jpg\",\"datePublished\":\"2024-10-08T20:32:00+00:00\",\"dateModified\":\"2024-11-12T14:09:43+00:00\",\"description\":\"Universidad de las Artes - Manglar 2024: resultados de la residencia comunitaria que la artista Mishell Banda desarroll\u00f3 en escuela del Cerro del Carmen\",\"breadcrumb\":{\"@id\":\"https:\\\/\\\/www.uartes.edu.ec\\\/sitio\\\/blog\\\/2024\\\/10\\\/08\\\/manglar-2024-resultados-de-residencia-comunitaria-de-la-artista-mishell-banda-en-el-cerro-del-carmen\\\/#breadcrumb\"},\"inLanguage\":\"es\",\"potentialAction\":[{\"@type\":\"ReadAction\",\"target\":[\"https:\\\/\\\/www.uartes.edu.ec\\\/sitio\\\/blog\\\/2024\\\/10\\\/08\\\/manglar-2024-resultados-de-residencia-comunitaria-de-la-artista-mishell-banda-en-el-cerro-del-carmen\\\/\"]}]},{\"@type\":\"ImageObject\",\"inLanguage\":\"es\",\"@id\":\"https:\\\/\\\/www.uartes.edu.ec\\\/sitio\\\/blog\\\/2024\\\/10\\\/08\\\/manglar-2024-resultados-de-residencia-comunitaria-de-la-artista-mishell-banda-en-el-cerro-del-carmen\\\/#primaryimage\",\"url\":\"https:\\\/\\\/www.uartes.edu.ec\\\/sitio\\\/wp-content\\\/uploads\\\/2024\\\/10\\\/17-MANGLAR-CERRO-CARMEN-RESIDENCIA.jpg\",\"contentUrl\":\"https:\\\/\\\/www.uartes.edu.ec\\\/sitio\\\/wp-content\\\/uploads\\\/2024\\\/10\\\/17-MANGLAR-CERRO-CARMEN-RESIDENCIA.jpg\",\"width\":2000,\"height\":1333},{\"@type\":\"BreadcrumbList\",\"@id\":\"https:\\\/\\\/www.uartes.edu.ec\\\/sitio\\\/blog\\\/2024\\\/10\\\/08\\\/manglar-2024-resultados-de-residencia-comunitaria-de-la-artista-mishell-banda-en-el-cerro-del-carmen\\\/#breadcrumb\",\"itemListElement\":[{\"@type\":\"ListItem\",\"position\":1,\"name\":\"Inicio\",\"item\":\"https:\\\/\\\/www.uartes.edu.ec\\\/sitio\\\/\"},{\"@type\":\"ListItem\",\"position\":2,\"name\":\"Manglar 2024: resultados de la residencia comunitaria que la artista Mishell Banda desarroll\u00f3 en escuela del Cerro del Carmen\"}]},{\"@type\":\"WebSite\",\"@id\":\"https:\\\/\\\/www.uartes.edu.ec\\\/sitio\\\/#website\",\"url\":\"https:\\\/\\\/www.uartes.edu.ec\\\/sitio\\\/\",\"name\":\"Universidad de las Artes\",\"description\":\"Sitio oficial de la Universidad Nacional de las Artes del Ecuador\",\"publisher\":{\"@id\":\"https:\\\/\\\/www.uartes.edu.ec\\\/sitio\\\/#organization\"},\"potentialAction\":[{\"@type\":\"SearchAction\",\"target\":{\"@type\":\"EntryPoint\",\"urlTemplate\":\"https:\\\/\\\/www.uartes.edu.ec\\\/sitio\\\/?s={search_term_string}\"},\"query-input\":{\"@type\":\"PropertyValueSpecification\",\"valueRequired\":true,\"valueName\":\"search_term_string\"}}],\"inLanguage\":\"es\"},{\"@type\":\"Organization\",\"@id\":\"https:\\\/\\\/www.uartes.edu.ec\\\/sitio\\\/#organization\",\"name\":\"Universidad de las Artes\",\"url\":\"https:\\\/\\\/www.uartes.edu.ec\\\/sitio\\\/\",\"logo\":{\"@type\":\"ImageObject\",\"inLanguage\":\"es\",\"@id\":\"https:\\\/\\\/www.uartes.edu.ec\\\/sitio\\\/#\\\/schema\\\/logo\\\/image\\\/\",\"url\":\"https:\\\/\\\/www.uartes.edu.ec\\\/sitio\\\/wp-content\\\/uploads\\\/2022\\\/07\\\/logo-ua-horizontal.png\",\"contentUrl\":\"https:\\\/\\\/www.uartes.edu.ec\\\/sitio\\\/wp-content\\\/uploads\\\/2022\\\/07\\\/logo-ua-horizontal.png\",\"width\":800,\"height\":276,\"caption\":\"Universidad de las Artes\"},\"image\":{\"@id\":\"https:\\\/\\\/www.uartes.edu.ec\\\/sitio\\\/#\\\/schema\\\/logo\\\/image\\\/\"},\"sameAs\":[\"https:\\\/\\\/www.facebook.com\\\/uartesec\",\"https:\\\/\\\/x.com\\\/uartesec\",\"https:\\\/\\\/www.tiktok.com\\\/@uartesec\"]},{\"@type\":\"Person\",\"@id\":\"https:\\\/\\\/www.uartes.edu.ec\\\/sitio\\\/#\\\/schema\\\/person\\\/efa1b8275797664fd7f13a79ccc0b1f4\",\"name\":\"ccortez\",\"image\":{\"@type\":\"ImageObject\",\"inLanguage\":\"es\",\"@id\":\"https:\\\/\\\/secure.gravatar.com\\\/avatar\\\/b2a6f664a3ae8e074346ef91775736c5ec479e637ecced6842de9dc98b5da9cd?s=96&d=mm&r=g\",\"url\":\"https:\\\/\\\/secure.gravatar.com\\\/avatar\\\/b2a6f664a3ae8e074346ef91775736c5ec479e637ecced6842de9dc98b5da9cd?s=96&d=mm&r=g\",\"contentUrl\":\"https:\\\/\\\/secure.gravatar.com\\\/avatar\\\/b2a6f664a3ae8e074346ef91775736c5ec479e637ecced6842de9dc98b5da9cd?s=96&d=mm&r=g\",\"caption\":\"ccortez\"},\"url\":\"https:\\\/\\\/www.uartes.edu.ec\\\/sitio\\\/blog\\\/author\\\/ccortez\\\/\"}]}<\/script>\n<!-- \/ Yoast SEO plugin. -->","yoast_head_json":{"title":"Universidad de las Artes - Manglar 2024: resultados de la residencia comunitaria que la artista Mishell Banda desarroll\u00f3 en escuela del Cerro del Carmen","description":"Universidad de las Artes - Manglar 2024: resultados de la residencia comunitaria que la artista Mishell Banda desarroll\u00f3 en escuela del Cerro del Carmen","robots":{"index":"index","follow":"follow","max-snippet":"max-snippet:-1","max-image-preview":"max-image-preview:large","max-video-preview":"max-video-preview:-1"},"canonical":"https:\/\/www.uartes.edu.ec\/sitio\/blog\/2024\/10\/08\/manglar-2024-resultados-de-residencia-comunitaria-de-la-artista-mishell-banda-en-el-cerro-del-carmen\/","og_locale":"es_ES","og_type":"article","og_title":"Universidad de las Artes - Manglar 2024: resultados de la residencia comunitaria que la artista Mishell Banda desarroll\u00f3 en escuela del Cerro del Carmen","og_description":"Universidad de las Artes - Manglar 2024: resultados de la residencia comunitaria que la artista Mishell Banda desarroll\u00f3 en escuela del Cerro del Carmen","og_url":"https:\/\/www.uartes.edu.ec\/sitio\/blog\/2024\/10\/08\/manglar-2024-resultados-de-residencia-comunitaria-de-la-artista-mishell-banda-en-el-cerro-del-carmen\/","og_site_name":"Universidad de las Artes","article_publisher":"https:\/\/www.facebook.com\/uartesec","article_published_time":"2024-10-08T20:32:00+00:00","article_modified_time":"2024-11-12T14:09:43+00:00","og_image":[{"width":2000,"height":1333,"url":"https:\/\/www.uartes.edu.ec\/sitio\/wp-content\/uploads\/2024\/10\/17-MANGLAR-CERRO-CARMEN-RESIDENCIA.jpg","type":"image\/jpeg"}],"author":"ccortez","twitter_card":"summary_large_image","twitter_creator":"@uartesec","twitter_site":"@uartesec","twitter_misc":{"Escrito por":"ccortez","Tiempo de lectura":"5 minutos"},"schema":{"@context":"https:\/\/schema.org","@graph":[{"@type":"Article","@id":"https:\/\/www.uartes.edu.ec\/sitio\/blog\/2024\/10\/08\/manglar-2024-resultados-de-residencia-comunitaria-de-la-artista-mishell-banda-en-el-cerro-del-carmen\/#article","isPartOf":{"@id":"https:\/\/www.uartes.edu.ec\/sitio\/blog\/2024\/10\/08\/manglar-2024-resultados-de-residencia-comunitaria-de-la-artista-mishell-banda-en-el-cerro-del-carmen\/"},"author":{"name":"ccortez","@id":"https:\/\/www.uartes.edu.ec\/sitio\/#\/schema\/person\/efa1b8275797664fd7f13a79ccc0b1f4"},"headline":"Manglar 2024: resultados de la residencia comunitaria que la artista Mishell Banda desarroll\u00f3 en escuela del Cerro del Carmen","datePublished":"2024-10-08T20:32:00+00:00","dateModified":"2024-11-12T14:09:43+00:00","mainEntityOfPage":{"@id":"https:\/\/www.uartes.edu.ec\/sitio\/blog\/2024\/10\/08\/manglar-2024-resultados-de-residencia-comunitaria-de-la-artista-mishell-banda-en-el-cerro-del-carmen\/"},"wordCount":961,"commentCount":0,"publisher":{"@id":"https:\/\/www.uartes.edu.ec\/sitio\/#organization"},"image":{"@id":"https:\/\/www.uartes.edu.ec\/sitio\/blog\/2024\/10\/08\/manglar-2024-resultados-de-residencia-comunitaria-de-la-artista-mishell-banda-en-el-cerro-del-carmen\/#primaryimage"},"thumbnailUrl":"https:\/\/www.uartes.edu.ec\/sitio\/wp-content\/uploads\/2024\/10\/17-MANGLAR-CERRO-CARMEN-RESIDENCIA.jpg","keywords":["encuentro"],"articleSection":["Acad\u00e9mico","Artes","Docentes","Estudiantes","Gesti\u00f3n","Investigaci\u00f3n","Literatura","Sedes","V\u00ednculo"],"inLanguage":"es","potentialAction":[{"@type":"CommentAction","name":"Comment","target":["https:\/\/www.uartes.edu.ec\/sitio\/blog\/2024\/10\/08\/manglar-2024-resultados-de-residencia-comunitaria-de-la-artista-mishell-banda-en-el-cerro-del-carmen\/#respond"]}]},{"@type":["WebPage","ItemPage"],"@id":"https:\/\/www.uartes.edu.ec\/sitio\/blog\/2024\/10\/08\/manglar-2024-resultados-de-residencia-comunitaria-de-la-artista-mishell-banda-en-el-cerro-del-carmen\/","url":"https:\/\/www.uartes.edu.ec\/sitio\/blog\/2024\/10\/08\/manglar-2024-resultados-de-residencia-comunitaria-de-la-artista-mishell-banda-en-el-cerro-del-carmen\/","name":"Universidad de las Artes - Manglar 2024: resultados de la residencia comunitaria que la artista Mishell Banda desarroll\u00f3 en escuela del Cerro del Carmen","isPartOf":{"@id":"https:\/\/www.uartes.edu.ec\/sitio\/#website"},"primaryImageOfPage":{"@id":"https:\/\/www.uartes.edu.ec\/sitio\/blog\/2024\/10\/08\/manglar-2024-resultados-de-residencia-comunitaria-de-la-artista-mishell-banda-en-el-cerro-del-carmen\/#primaryimage"},"image":{"@id":"https:\/\/www.uartes.edu.ec\/sitio\/blog\/2024\/10\/08\/manglar-2024-resultados-de-residencia-comunitaria-de-la-artista-mishell-banda-en-el-cerro-del-carmen\/#primaryimage"},"thumbnailUrl":"https:\/\/www.uartes.edu.ec\/sitio\/wp-content\/uploads\/2024\/10\/17-MANGLAR-CERRO-CARMEN-RESIDENCIA.jpg","datePublished":"2024-10-08T20:32:00+00:00","dateModified":"2024-11-12T14:09:43+00:00","description":"Universidad de las Artes - Manglar 2024: resultados de la residencia comunitaria que la artista Mishell Banda desarroll\u00f3 en escuela del Cerro del Carmen","breadcrumb":{"@id":"https:\/\/www.uartes.edu.ec\/sitio\/blog\/2024\/10\/08\/manglar-2024-resultados-de-residencia-comunitaria-de-la-artista-mishell-banda-en-el-cerro-del-carmen\/#breadcrumb"},"inLanguage":"es","potentialAction":[{"@type":"ReadAction","target":["https:\/\/www.uartes.edu.ec\/sitio\/blog\/2024\/10\/08\/manglar-2024-resultados-de-residencia-comunitaria-de-la-artista-mishell-banda-en-el-cerro-del-carmen\/"]}]},{"@type":"ImageObject","inLanguage":"es","@id":"https:\/\/www.uartes.edu.ec\/sitio\/blog\/2024\/10\/08\/manglar-2024-resultados-de-residencia-comunitaria-de-la-artista-mishell-banda-en-el-cerro-del-carmen\/#primaryimage","url":"https:\/\/www.uartes.edu.ec\/sitio\/wp-content\/uploads\/2024\/10\/17-MANGLAR-CERRO-CARMEN-RESIDENCIA.jpg","contentUrl":"https:\/\/www.uartes.edu.ec\/sitio\/wp-content\/uploads\/2024\/10\/17-MANGLAR-CERRO-CARMEN-RESIDENCIA.jpg","width":2000,"height":1333},{"@type":"BreadcrumbList","@id":"https:\/\/www.uartes.edu.ec\/sitio\/blog\/2024\/10\/08\/manglar-2024-resultados-de-residencia-comunitaria-de-la-artista-mishell-banda-en-el-cerro-del-carmen\/#breadcrumb","itemListElement":[{"@type":"ListItem","position":1,"name":"Inicio","item":"https:\/\/www.uartes.edu.ec\/sitio\/"},{"@type":"ListItem","position":2,"name":"Manglar 2024: resultados de la residencia comunitaria que la artista Mishell Banda desarroll\u00f3 en escuela del Cerro del Carmen"}]},{"@type":"WebSite","@id":"https:\/\/www.uartes.edu.ec\/sitio\/#website","url":"https:\/\/www.uartes.edu.ec\/sitio\/","name":"Universidad de las Artes","description":"Sitio oficial de la Universidad Nacional de las Artes del Ecuador","publisher":{"@id":"https:\/\/www.uartes.edu.ec\/sitio\/#organization"},"potentialAction":[{"@type":"SearchAction","target":{"@type":"EntryPoint","urlTemplate":"https:\/\/www.uartes.edu.ec\/sitio\/?s={search_term_string}"},"query-input":{"@type":"PropertyValueSpecification","valueRequired":true,"valueName":"search_term_string"}}],"inLanguage":"es"},{"@type":"Organization","@id":"https:\/\/www.uartes.edu.ec\/sitio\/#organization","name":"Universidad de las Artes","url":"https:\/\/www.uartes.edu.ec\/sitio\/","logo":{"@type":"ImageObject","inLanguage":"es","@id":"https:\/\/www.uartes.edu.ec\/sitio\/#\/schema\/logo\/image\/","url":"https:\/\/www.uartes.edu.ec\/sitio\/wp-content\/uploads\/2022\/07\/logo-ua-horizontal.png","contentUrl":"https:\/\/www.uartes.edu.ec\/sitio\/wp-content\/uploads\/2022\/07\/logo-ua-horizontal.png","width":800,"height":276,"caption":"Universidad de las Artes"},"image":{"@id":"https:\/\/www.uartes.edu.ec\/sitio\/#\/schema\/logo\/image\/"},"sameAs":["https:\/\/www.facebook.com\/uartesec","https:\/\/x.com\/uartesec","https:\/\/www.tiktok.com\/@uartesec"]},{"@type":"Person","@id":"https:\/\/www.uartes.edu.ec\/sitio\/#\/schema\/person\/efa1b8275797664fd7f13a79ccc0b1f4","name":"ccortez","image":{"@type":"ImageObject","inLanguage":"es","@id":"https:\/\/secure.gravatar.com\/avatar\/b2a6f664a3ae8e074346ef91775736c5ec479e637ecced6842de9dc98b5da9cd?s=96&d=mm&r=g","url":"https:\/\/secure.gravatar.com\/avatar\/b2a6f664a3ae8e074346ef91775736c5ec479e637ecced6842de9dc98b5da9cd?s=96&d=mm&r=g","contentUrl":"https:\/\/secure.gravatar.com\/avatar\/b2a6f664a3ae8e074346ef91775736c5ec479e637ecced6842de9dc98b5da9cd?s=96&d=mm&r=g","caption":"ccortez"},"url":"https:\/\/www.uartes.edu.ec\/sitio\/blog\/author\/ccortez\/"}]}},"uagb_featured_image_src":{"full":["https:\/\/www.uartes.edu.ec\/sitio\/wp-content\/uploads\/2024\/10\/17-MANGLAR-CERRO-CARMEN-RESIDENCIA.jpg",2000,1333,false],"thumbnail":["https:\/\/www.uartes.edu.ec\/sitio\/wp-content\/uploads\/2024\/10\/17-MANGLAR-CERRO-CARMEN-RESIDENCIA-150x150.jpg",150,150,true],"medium":["https:\/\/www.uartes.edu.ec\/sitio\/wp-content\/uploads\/2024\/10\/17-MANGLAR-CERRO-CARMEN-RESIDENCIA-300x200.jpg",300,200,true],"medium_large":["https:\/\/www.uartes.edu.ec\/sitio\/wp-content\/uploads\/2024\/10\/17-MANGLAR-CERRO-CARMEN-RESIDENCIA-768x512.jpg",768,512,true],"large":["https:\/\/www.uartes.edu.ec\/sitio\/wp-content\/uploads\/2024\/10\/17-MANGLAR-CERRO-CARMEN-RESIDENCIA-644x429.jpg",644,429,true],"1536x1536":["https:\/\/www.uartes.edu.ec\/sitio\/wp-content\/uploads\/2024\/10\/17-MANGLAR-CERRO-CARMEN-RESIDENCIA-1536x1024.jpg",1536,1024,true],"2048x2048":["https:\/\/www.uartes.edu.ec\/sitio\/wp-content\/uploads\/2024\/10\/17-MANGLAR-CERRO-CARMEN-RESIDENCIA.jpg",2000,1333,false],"trp-custom-language-flag":["https:\/\/www.uartes.edu.ec\/sitio\/wp-content\/uploads\/2024\/10\/17-MANGLAR-CERRO-CARMEN-RESIDENCIA-18x12.jpg",18,12,true],"htmega_size_585x295":["https:\/\/www.uartes.edu.ec\/sitio\/wp-content\/uploads\/2024\/10\/17-MANGLAR-CERRO-CARMEN-RESIDENCIA-585x295.jpg",585,295,true],"htmega_size_1170x536":["https:\/\/www.uartes.edu.ec\/sitio\/wp-content\/uploads\/2024\/10\/17-MANGLAR-CERRO-CARMEN-RESIDENCIA-1170x536.jpg",1170,536,true],"htmega_size_396x360":["https:\/\/www.uartes.edu.ec\/sitio\/wp-content\/uploads\/2024\/10\/17-MANGLAR-CERRO-CARMEN-RESIDENCIA-396x360.jpg",396,360,true],"gb-block-post-grid-landscape":["https:\/\/www.uartes.edu.ec\/sitio\/wp-content\/uploads\/2024\/10\/17-MANGLAR-CERRO-CARMEN-RESIDENCIA-600x400.jpg",600,400,true],"gb-block-post-grid-square":["https:\/\/www.uartes.edu.ec\/sitio\/wp-content\/uploads\/2024\/10\/17-MANGLAR-CERRO-CARMEN-RESIDENCIA-600x600.jpg",600,600,true],"university-hub-thumb":["https:\/\/www.uartes.edu.ec\/sitio\/wp-content\/uploads\/2024\/10\/17-MANGLAR-CERRO-CARMEN-RESIDENCIA-400x267.jpg",400,267,true],"mailpoet_newsletter_max":["https:\/\/www.uartes.edu.ec\/sitio\/wp-content\/uploads\/2024\/10\/17-MANGLAR-CERRO-CARMEN-RESIDENCIA.jpg",1320,880,false]},"uagb_author_info":{"display_name":"ccortez","author_link":"https:\/\/www.uartes.edu.ec\/sitio\/blog\/author\/ccortez\/"},"uagb_comment_info":0,"uagb_excerpt":"En la residencia art\u00edstica comunitaria del encuentro Manglar 2024, la tallerista\/gu\u00eda pedag\u00f3gica Mishell Banda trabaj\u00f3 con ni\u00f1os de la Escuela del Cerro del Carmen el proyecto \u201cMecanograf\u00edas Kinest\u00e9sicas: diversidad art\u00edstica\u201d, el cual los llev\u00f3 a crear peque\u00f1as micropiezas teatrales basadas en leyendas de Guayaquil. La artista, graduada UArtes, fue una de las ganadoras de la&hellip;","featured_image_src":"https:\/\/www.uartes.edu.ec\/sitio\/wp-content\/uploads\/2024\/10\/17-MANGLAR-CERRO-CARMEN-RESIDENCIA-600x400.jpg","featured_image_src_square":"https:\/\/www.uartes.edu.ec\/sitio\/wp-content\/uploads\/2024\/10\/17-MANGLAR-CERRO-CARMEN-RESIDENCIA-600x600.jpg","author_info":{"display_name":"ccortez","author_link":"https:\/\/www.uartes.edu.ec\/sitio\/blog\/author\/ccortez\/"},"publishpress_future_workflow_manual_trigger":{"enabledWorkflows":[]},"distributor_meta":false,"distributor_terms":false,"distributor_media":false,"distributor_original_site_name":"Universidad de las Artes","distributor_original_site_url":"https:\/\/www.uartes.edu.ec\/sitio","push-errors":false,"_links":{"self":[{"href":"https:\/\/www.uartes.edu.ec\/sitio\/wp-json\/wp\/v2\/posts\/62800","targetHints":{"allow":["GET"]}}],"collection":[{"href":"https:\/\/www.uartes.edu.ec\/sitio\/wp-json\/wp\/v2\/posts"}],"about":[{"href":"https:\/\/www.uartes.edu.ec\/sitio\/wp-json\/wp\/v2\/types\/post"}],"author":[{"embeddable":true,"href":"https:\/\/www.uartes.edu.ec\/sitio\/wp-json\/wp\/v2\/users\/10"}],"replies":[{"embeddable":true,"href":"https:\/\/www.uartes.edu.ec\/sitio\/wp-json\/wp\/v2\/comments?post=62800"}],"version-history":[{"count":8,"href":"https:\/\/www.uartes.edu.ec\/sitio\/wp-json\/wp\/v2\/posts\/62800\/revisions"}],"predecessor-version":[{"id":62813,"href":"https:\/\/www.uartes.edu.ec\/sitio\/wp-json\/wp\/v2\/posts\/62800\/revisions\/62813"}],"wp:featuredmedia":[{"embeddable":true,"href":"https:\/\/www.uartes.edu.ec\/sitio\/wp-json\/wp\/v2\/media\/62787"}],"wp:attachment":[{"href":"https:\/\/www.uartes.edu.ec\/sitio\/wp-json\/wp\/v2\/media?parent=62800"}],"wp:term":[{"taxonomy":"category","embeddable":true,"href":"https:\/\/www.uartes.edu.ec\/sitio\/wp-json\/wp\/v2\/categories?post=62800"},{"taxonomy":"post_tag","embeddable":true,"href":"https:\/\/www.uartes.edu.ec\/sitio\/wp-json\/wp\/v2\/tags?post=62800"},{"taxonomy":"infouartes","embeddable":true,"href":"https:\/\/www.uartes.edu.ec\/sitio\/wp-json\/wp\/v2\/infouartes?post=62800"}],"curies":[{"name":"wp","href":"https:\/\/api.w.org\/{rel}","templated":true}]}}