{"id":6324,"date":"2020-02-19T11:04:09","date_gmt":"2020-02-19T16:04:09","guid":{"rendered":"http:\/\/www.uartes.edu.ec\/sitio\/?p=6324"},"modified":"2024-07-04T11:48:34","modified_gmt":"2024-07-04T16:48:34","slug":"universidad-de-las-artes-junto-al-centro-de-adolescentes-infractores-de-varones-realizaron-cierre-del-primer-modulo-de-trabajo","status":"publish","type":"post","link":"https:\/\/www.uartes.edu.ec\/sitio\/blog\/2020\/02\/19\/universidad-de-las-artes-junto-al-centro-de-adolescentes-infractores-de-varones-realizaron-cierre-del-primer-modulo-de-trabajo\/","title":{"rendered":"Universidad de las Artes junto al Centro de Adolescentes Infractores de Varones realizaron cierre del primer m\u00f3dulo de trabajo"},"content":{"rendered":"\n<p>La docente de la Escuela de Cine, Priscilla Aguirre, fue la encargada de dirigir estas sesiones de trabajo en conjunto con las personas privadas de libertad. Estos procesos comenzaron en el Centro de Rehabilitaci\u00f3n Social Femenino Guayas, a trav\u00e9s de talleres que involucraban: cine, fotograf\u00eda, teatro y m\u00fasica. Estos espacios de creaci\u00f3n, en palabras de la docente, representan una v\u00eda de expresi\u00f3n y una oportunidad para las personas privadas de libertad, volvi\u00e9ndose m\u00e1s creativas y haciendo que se sientan seguras.&nbsp; Despu\u00e9s de pasar tres m\u00f3dulos exitosos en la c\u00e1rcel de mujeres, en agosto de 2019, comenz\u00f3 este nuevo proyecto en el Centro de Adolescentes Infractores de Varones de Guayaquil, donde Priscilla Aguirre desea ampliar su conocimiento en la rehabilitaci\u00f3n social a trav\u00e9s del arte. El nuevo proyecto se llama &#8220;Mirando Mi Mundo: Programa Educativo Art\u00edstico de Reinserci\u00f3n Social en el Centro de Adolescentes Infractores de Guayaquil.&#8221;<\/p>\n\n\n\n<p>El cierre\nde este m\u00f3dulo cont\u00f3 con la presencia de Ramiro Noriega, rector de la UArtes, quien\nse\u00f1al\u00f3 la importancia de la continuidad de estos proyectos para entender el\narte como un eje fundamental de transformaci\u00f3n. &nbsp;Tambi\u00e9n lo acompa\u00f1aron: Andrey Astaiza, Vicerrector\nde&nbsp;Relaciones Internacionales y Vinculaci\u00f3n con la Comunidad, Maria Jos\u00e9\nIcaza, Directora de Vinculaci\u00f3n con la Comunidad, Juan Martin Cueva, Director de la Escuela de Cine, y los docentes\nJulie Tome y Abel Arcos, junto a familiares de los privados de libertad. Para\nel cierre de este primer momento se realiz\u00f3 la presentaci\u00f3n de los trabajos finales:\nuna exposici\u00f3n fotogr\u00e1fica titulada \u201cMirando Mi Mundo\u201d y la proyecci\u00f3n de 8\ncortometrajes hechos en conjunto entre los adolescentes privados de la\nlibertad, los estudiantes de Cine que realizan sus pr\u00e1cticas pre profesionales\nde V\u00ednculo con la Comunidad en este proyecto y la docente. En el evento se\ndialog\u00f3 sobre las experiencias compartidas en este primer m\u00f3dulo y se realiz\u00f3\nla entrega de diplomas para los adolescentes del centro de rehabilitaci\u00f3n que cumplieron\ncomo talleristas.<\/p>\n\n\n\n<div class=\"wp-block-image\"><figure class=\"aligncenter size-large\"><img fetchpriority=\"high\" decoding=\"async\" width=\"644\" height=\"429\" src=\"http:\/\/www.uartes.edu.ec\/sitio\/wp-content\/uploads\/2020\/02\/RAMIRO-NORIEGA-CENTRO-DE-REHABILITACION-VARONES-5-ok-644x429.jpg\" alt=\"\" class=\"wp-image-6325\" srcset=\"https:\/\/www.uartes.edu.ec\/sitio\/wp-content\/uploads\/2020\/02\/RAMIRO-NORIEGA-CENTRO-DE-REHABILITACION-VARONES-5-ok-644x429.jpg 644w, https:\/\/www.uartes.edu.ec\/sitio\/wp-content\/uploads\/2020\/02\/RAMIRO-NORIEGA-CENTRO-DE-REHABILITACION-VARONES-5-ok-300x200.jpg 300w, https:\/\/www.uartes.edu.ec\/sitio\/wp-content\/uploads\/2020\/02\/RAMIRO-NORIEGA-CENTRO-DE-REHABILITACION-VARONES-5-ok-768x512.jpg 768w, https:\/\/www.uartes.edu.ec\/sitio\/wp-content\/uploads\/2020\/02\/RAMIRO-NORIEGA-CENTRO-DE-REHABILITACION-VARONES-5-ok-1536x1024.jpg 1536w, https:\/\/www.uartes.edu.ec\/sitio\/wp-content\/uploads\/2020\/02\/RAMIRO-NORIEGA-CENTRO-DE-REHABILITACION-VARONES-5-ok-600x400.jpg 600w, https:\/\/www.uartes.edu.ec\/sitio\/wp-content\/uploads\/2020\/02\/RAMIRO-NORIEGA-CENTRO-DE-REHABILITACION-VARONES-5-ok-400x267.jpg 400w, https:\/\/www.uartes.edu.ec\/sitio\/wp-content\/uploads\/2020\/02\/RAMIRO-NORIEGA-CENTRO-DE-REHABILITACION-VARONES-5-ok-272x182.jpg 272w, https:\/\/www.uartes.edu.ec\/sitio\/wp-content\/uploads\/2020\/02\/RAMIRO-NORIEGA-CENTRO-DE-REHABILITACION-VARONES-5-ok.jpg 2000w\" sizes=\"(max-width: 644px) 100vw, 644px\" \/><\/figure><\/div>\n\n\n\n<p>Priscilla\nAguirre nos cont\u00f3 que su primera experiencia con el centro de adolescentes fue\nal grabar una serie en dicho lugar y que estuvo impresionada por las\ncapacidades y actitudes que tuvieron los chicos durante el rodaje. Al comienzo\nde este proyecto se sumaron dos estudiantes de la Carrera de Cine, y al final\nde esta primera parte, once estudiantes han sido parte del proceso: Diego\nLucero, G\u00e9nesis Carvajal, Stephano Rodr\u00edguez, Johnatan Mu\u00f1oz, Fabio Lascano,\nDominik Erazo, Rodrigo Moran, Jordy Tapia, Belen Acebo, Esther Pe\u00f1afiel y\nAnthony Moreno.<\/p>\n\n\n\n<p>En el transcurso del taller se pudo observar como las clases tienen un efecto positivo en los adolescentes, logrando explorar otras facetas de sus propias fortalezas para poder realizar un cambio en su vida, se\u00f1al\u00f3 la docente a cargo del proyecto.<\/p>\n\n\n\n<div class=\"wp-block-image\"><figure class=\"aligncenter size-large\"><img decoding=\"async\" width=\"644\" height=\"429\" src=\"http:\/\/www.uartes.edu.ec\/sitio\/wp-content\/uploads\/2020\/02\/RAMIRO-NORIEGA-CENTRO-DE-REHABILITACION-VARONES-3-644x429.jpg\" alt=\"\" class=\"wp-image-6326\" srcset=\"https:\/\/www.uartes.edu.ec\/sitio\/wp-content\/uploads\/2020\/02\/RAMIRO-NORIEGA-CENTRO-DE-REHABILITACION-VARONES-3-644x429.jpg 644w, https:\/\/www.uartes.edu.ec\/sitio\/wp-content\/uploads\/2020\/02\/RAMIRO-NORIEGA-CENTRO-DE-REHABILITACION-VARONES-3-300x200.jpg 300w, https:\/\/www.uartes.edu.ec\/sitio\/wp-content\/uploads\/2020\/02\/RAMIRO-NORIEGA-CENTRO-DE-REHABILITACION-VARONES-3-768x512.jpg 768w, https:\/\/www.uartes.edu.ec\/sitio\/wp-content\/uploads\/2020\/02\/RAMIRO-NORIEGA-CENTRO-DE-REHABILITACION-VARONES-3-1536x1024.jpg 1536w, https:\/\/www.uartes.edu.ec\/sitio\/wp-content\/uploads\/2020\/02\/RAMIRO-NORIEGA-CENTRO-DE-REHABILITACION-VARONES-3-600x400.jpg 600w, https:\/\/www.uartes.edu.ec\/sitio\/wp-content\/uploads\/2020\/02\/RAMIRO-NORIEGA-CENTRO-DE-REHABILITACION-VARONES-3-400x267.jpg 400w, https:\/\/www.uartes.edu.ec\/sitio\/wp-content\/uploads\/2020\/02\/RAMIRO-NORIEGA-CENTRO-DE-REHABILITACION-VARONES-3-272x182.jpg 272w, https:\/\/www.uartes.edu.ec\/sitio\/wp-content\/uploads\/2020\/02\/RAMIRO-NORIEGA-CENTRO-DE-REHABILITACION-VARONES-3.jpg 2000w\" sizes=\"(max-width: 644px) 100vw, 644px\" \/><\/figure><\/div>\n\n\n\n<p><em>Cr\u00e9ditos fotogr\u00e1ficos: Maria Jos\u00e9 Mu\u00f1oz \u2022 Universidad de las Artes<\/em><\/p>\n","protected":false},"excerpt":{"rendered":"<p>El nuevo proyecto se llama &#8220;Mirando Mi Mundo: Programa Educativo Art\u00edstico de Reinserci\u00f3n Social en el Centro de Adolescentes Infractores de Guayaquil.&#8221;<\/p>\n","protected":false},"author":1,"featured_media":6330,"comment_status":"closed","ping_status":"closed","sticky":false,"template":"","format":"standard","meta":{"_acf_changed":false,"_uag_custom_page_level_css":"","_monsterinsights_skip_tracking":false,"_monsterinsights_sitenote_active":false,"_monsterinsights_sitenote_note":"","_monsterinsights_sitenote_category":0,"cybocfi_hide_featured_image":"","footnotes":""},"categories":[147,77,79],"tags":[],"infouartes":[],"class_list":["post-6324","post","type-post","status-publish","format-standard","has-post-thumbnail","hentry","category-cine","category-gestion","category-vinculo"],"acf":[],"yoast_head":"<!-- This site is optimized with the Yoast SEO plugin v27.4 - https:\/\/yoast.com\/product\/yoast-seo-wordpress\/ -->\n<title>Universidad de las Artes - Universidad de las Artes junto al Centro de Adolescentes Infractores de Varones realizaron cierre del primer m\u00f3dulo de trabajo<\/title>\n<meta name=\"description\" content=\"Universidad de las Artes - Universidad de las Artes junto al Centro de Adolescentes Infractores de Varones realizaron cierre del primer m\u00f3dulo de trabajo\" \/>\n<meta name=\"robots\" content=\"index, follow, max-snippet:-1, max-image-preview:large, max-video-preview:-1\" \/>\n<link rel=\"canonical\" href=\"https:\/\/www.uartes.edu.ec\/sitio\/blog\/2020\/02\/19\/universidad-de-las-artes-junto-al-centro-de-adolescentes-infractores-de-varones-realizaron-cierre-del-primer-modulo-de-trabajo\/\" \/>\n<meta property=\"og:locale\" content=\"es_ES\" \/>\n<meta property=\"og:type\" content=\"article\" \/>\n<meta property=\"og:title\" content=\"Universidad de las Artes - Universidad de las Artes junto al Centro de Adolescentes Infractores de Varones realizaron cierre del primer m\u00f3dulo de trabajo\" \/>\n<meta property=\"og:description\" content=\"Universidad de las Artes - Universidad de las Artes junto al Centro de Adolescentes Infractores de Varones realizaron cierre del primer m\u00f3dulo de trabajo\" \/>\n<meta property=\"og:url\" content=\"https:\/\/www.uartes.edu.ec\/sitio\/blog\/2020\/02\/19\/universidad-de-las-artes-junto-al-centro-de-adolescentes-infractores-de-varones-realizaron-cierre-del-primer-modulo-de-trabajo\/\" \/>\n<meta property=\"og:site_name\" content=\"Universidad de las Artes\" \/>\n<meta property=\"article:publisher\" content=\"https:\/\/www.facebook.com\/uartesec\" \/>\n<meta property=\"article:published_time\" content=\"2020-02-19T16:04:09+00:00\" \/>\n<meta property=\"article:modified_time\" content=\"2024-07-04T16:48:34+00:00\" \/>\n<meta property=\"og:image\" content=\"https:\/\/www.uartes.edu.ec\/sitio\/wp-content\/uploads\/2020\/02\/WhatsApp-Image-2020-02-20-at-08.38.jpg\" \/>\n\t<meta property=\"og:image:width\" content=\"1280\" \/>\n\t<meta property=\"og:image:height\" content=\"853\" \/>\n\t<meta property=\"og:image:type\" content=\"image\/jpeg\" \/>\n<meta name=\"author\" content=\"Universidad de las Artes\" \/>\n<meta name=\"twitter:card\" content=\"summary_large_image\" \/>\n<meta name=\"twitter:creator\" content=\"@uartesec\" \/>\n<meta name=\"twitter:site\" content=\"@uartesec\" \/>\n<meta name=\"twitter:label1\" content=\"Escrito por\" \/>\n\t<meta name=\"twitter:data1\" content=\"Universidad de las Artes\" \/>\n\t<meta name=\"twitter:label2\" content=\"Tiempo de lectura\" \/>\n\t<meta name=\"twitter:data2\" content=\"2 minutos\" \/>\n<script type=\"application\/ld+json\" class=\"yoast-schema-graph\">{\"@context\":\"https:\\\/\\\/schema.org\",\"@graph\":[{\"@type\":\"Article\",\"@id\":\"https:\\\/\\\/www.uartes.edu.ec\\\/sitio\\\/blog\\\/2020\\\/02\\\/19\\\/universidad-de-las-artes-junto-al-centro-de-adolescentes-infractores-de-varones-realizaron-cierre-del-primer-modulo-de-trabajo\\\/#article\",\"isPartOf\":{\"@id\":\"https:\\\/\\\/www.uartes.edu.ec\\\/sitio\\\/blog\\\/2020\\\/02\\\/19\\\/universidad-de-las-artes-junto-al-centro-de-adolescentes-infractores-de-varones-realizaron-cierre-del-primer-modulo-de-trabajo\\\/\"},\"author\":{\"name\":\"Universidad de las Artes\",\"@id\":\"https:\\\/\\\/www.uartes.edu.ec\\\/sitio\\\/#\\\/schema\\\/person\\\/f33f8c1d2af0d5c80a38c8abf458184a\"},\"headline\":\"Universidad de las Artes junto al Centro de Adolescentes Infractores de Varones realizaron cierre del primer m\u00f3dulo de trabajo\",\"datePublished\":\"2020-02-19T16:04:09+00:00\",\"dateModified\":\"2024-07-04T16:48:34+00:00\",\"mainEntityOfPage\":{\"@id\":\"https:\\\/\\\/www.uartes.edu.ec\\\/sitio\\\/blog\\\/2020\\\/02\\\/19\\\/universidad-de-las-artes-junto-al-centro-de-adolescentes-infractores-de-varones-realizaron-cierre-del-primer-modulo-de-trabajo\\\/\"},\"wordCount\":518,\"publisher\":{\"@id\":\"https:\\\/\\\/www.uartes.edu.ec\\\/sitio\\\/#organization\"},\"image\":{\"@id\":\"https:\\\/\\\/www.uartes.edu.ec\\\/sitio\\\/blog\\\/2020\\\/02\\\/19\\\/universidad-de-las-artes-junto-al-centro-de-adolescentes-infractores-de-varones-realizaron-cierre-del-primer-modulo-de-trabajo\\\/#primaryimage\"},\"thumbnailUrl\":\"https:\\\/\\\/www.uartes.edu.ec\\\/sitio\\\/wp-content\\\/uploads\\\/2020\\\/02\\\/WhatsApp-Image-2020-02-20-at-08.38.jpg\",\"articleSection\":[\"Cine\",\"Gesti\u00f3n\",\"V\u00ednculo\"],\"inLanguage\":\"es\"},{\"@type\":[\"WebPage\",\"ItemPage\"],\"@id\":\"https:\\\/\\\/www.uartes.edu.ec\\\/sitio\\\/blog\\\/2020\\\/02\\\/19\\\/universidad-de-las-artes-junto-al-centro-de-adolescentes-infractores-de-varones-realizaron-cierre-del-primer-modulo-de-trabajo\\\/\",\"url\":\"https:\\\/\\\/www.uartes.edu.ec\\\/sitio\\\/blog\\\/2020\\\/02\\\/19\\\/universidad-de-las-artes-junto-al-centro-de-adolescentes-infractores-de-varones-realizaron-cierre-del-primer-modulo-de-trabajo\\\/\",\"name\":\"Universidad de las Artes - Universidad de las Artes junto al Centro de Adolescentes Infractores de Varones realizaron cierre del primer m\u00f3dulo de trabajo\",\"isPartOf\":{\"@id\":\"https:\\\/\\\/www.uartes.edu.ec\\\/sitio\\\/#website\"},\"primaryImageOfPage\":{\"@id\":\"https:\\\/\\\/www.uartes.edu.ec\\\/sitio\\\/blog\\\/2020\\\/02\\\/19\\\/universidad-de-las-artes-junto-al-centro-de-adolescentes-infractores-de-varones-realizaron-cierre-del-primer-modulo-de-trabajo\\\/#primaryimage\"},\"image\":{\"@id\":\"https:\\\/\\\/www.uartes.edu.ec\\\/sitio\\\/blog\\\/2020\\\/02\\\/19\\\/universidad-de-las-artes-junto-al-centro-de-adolescentes-infractores-de-varones-realizaron-cierre-del-primer-modulo-de-trabajo\\\/#primaryimage\"},\"thumbnailUrl\":\"https:\\\/\\\/www.uartes.edu.ec\\\/sitio\\\/wp-content\\\/uploads\\\/2020\\\/02\\\/WhatsApp-Image-2020-02-20-at-08.38.jpg\",\"datePublished\":\"2020-02-19T16:04:09+00:00\",\"dateModified\":\"2024-07-04T16:48:34+00:00\",\"description\":\"Universidad de las Artes - Universidad de las Artes junto al Centro de Adolescentes Infractores de Varones realizaron cierre del primer m\u00f3dulo de trabajo\",\"breadcrumb\":{\"@id\":\"https:\\\/\\\/www.uartes.edu.ec\\\/sitio\\\/blog\\\/2020\\\/02\\\/19\\\/universidad-de-las-artes-junto-al-centro-de-adolescentes-infractores-de-varones-realizaron-cierre-del-primer-modulo-de-trabajo\\\/#breadcrumb\"},\"inLanguage\":\"es\",\"potentialAction\":[{\"@type\":\"ReadAction\",\"target\":[\"https:\\\/\\\/www.uartes.edu.ec\\\/sitio\\\/blog\\\/2020\\\/02\\\/19\\\/universidad-de-las-artes-junto-al-centro-de-adolescentes-infractores-de-varones-realizaron-cierre-del-primer-modulo-de-trabajo\\\/\"]}]},{\"@type\":\"ImageObject\",\"inLanguage\":\"es\",\"@id\":\"https:\\\/\\\/www.uartes.edu.ec\\\/sitio\\\/blog\\\/2020\\\/02\\\/19\\\/universidad-de-las-artes-junto-al-centro-de-adolescentes-infractores-de-varones-realizaron-cierre-del-primer-modulo-de-trabajo\\\/#primaryimage\",\"url\":\"https:\\\/\\\/www.uartes.edu.ec\\\/sitio\\\/wp-content\\\/uploads\\\/2020\\\/02\\\/WhatsApp-Image-2020-02-20-at-08.38.jpg\",\"contentUrl\":\"https:\\\/\\\/www.uartes.edu.ec\\\/sitio\\\/wp-content\\\/uploads\\\/2020\\\/02\\\/WhatsApp-Image-2020-02-20-at-08.38.jpg\",\"width\":1280,\"height\":853},{\"@type\":\"BreadcrumbList\",\"@id\":\"https:\\\/\\\/www.uartes.edu.ec\\\/sitio\\\/blog\\\/2020\\\/02\\\/19\\\/universidad-de-las-artes-junto-al-centro-de-adolescentes-infractores-de-varones-realizaron-cierre-del-primer-modulo-de-trabajo\\\/#breadcrumb\",\"itemListElement\":[{\"@type\":\"ListItem\",\"position\":1,\"name\":\"Inicio\",\"item\":\"https:\\\/\\\/www.uartes.edu.ec\\\/sitio\\\/\"},{\"@type\":\"ListItem\",\"position\":2,\"name\":\"Universidad de las Artes junto al Centro de Adolescentes Infractores de Varones realizaron cierre del primer m\u00f3dulo de trabajo\"}]},{\"@type\":\"WebSite\",\"@id\":\"https:\\\/\\\/www.uartes.edu.ec\\\/sitio\\\/#website\",\"url\":\"https:\\\/\\\/www.uartes.edu.ec\\\/sitio\\\/\",\"name\":\"Universidad de las Artes\",\"description\":\"Sitio oficial de la Universidad Nacional de las Artes del Ecuador\",\"publisher\":{\"@id\":\"https:\\\/\\\/www.uartes.edu.ec\\\/sitio\\\/#organization\"},\"potentialAction\":[{\"@type\":\"SearchAction\",\"target\":{\"@type\":\"EntryPoint\",\"urlTemplate\":\"https:\\\/\\\/www.uartes.edu.ec\\\/sitio\\\/?s={search_term_string}\"},\"query-input\":{\"@type\":\"PropertyValueSpecification\",\"valueRequired\":true,\"valueName\":\"search_term_string\"}}],\"inLanguage\":\"es\"},{\"@type\":\"Organization\",\"@id\":\"https:\\\/\\\/www.uartes.edu.ec\\\/sitio\\\/#organization\",\"name\":\"Universidad de las Artes\",\"url\":\"https:\\\/\\\/www.uartes.edu.ec\\\/sitio\\\/\",\"logo\":{\"@type\":\"ImageObject\",\"inLanguage\":\"es\",\"@id\":\"https:\\\/\\\/www.uartes.edu.ec\\\/sitio\\\/#\\\/schema\\\/logo\\\/image\\\/\",\"url\":\"https:\\\/\\\/www.uartes.edu.ec\\\/sitio\\\/wp-content\\\/uploads\\\/2022\\\/07\\\/logo-ua-horizontal.png\",\"contentUrl\":\"https:\\\/\\\/www.uartes.edu.ec\\\/sitio\\\/wp-content\\\/uploads\\\/2022\\\/07\\\/logo-ua-horizontal.png\",\"width\":800,\"height\":276,\"caption\":\"Universidad de las Artes\"},\"image\":{\"@id\":\"https:\\\/\\\/www.uartes.edu.ec\\\/sitio\\\/#\\\/schema\\\/logo\\\/image\\\/\"},\"sameAs\":[\"https:\\\/\\\/www.facebook.com\\\/uartesec\",\"https:\\\/\\\/x.com\\\/uartesec\",\"https:\\\/\\\/www.tiktok.com\\\/@uartesec\"]},{\"@type\":\"Person\",\"@id\":\"https:\\\/\\\/www.uartes.edu.ec\\\/sitio\\\/#\\\/schema\\\/person\\\/f33f8c1d2af0d5c80a38c8abf458184a\",\"name\":\"Universidad de las Artes\",\"image\":{\"@type\":\"ImageObject\",\"inLanguage\":\"es\",\"@id\":\"https:\\\/\\\/secure.gravatar.com\\\/avatar\\\/52e4757902f5cfa5ac52d020e5be83cae5487519154b6c35482fe08d589f3c13?s=96&d=mm&r=g\",\"url\":\"https:\\\/\\\/secure.gravatar.com\\\/avatar\\\/52e4757902f5cfa5ac52d020e5be83cae5487519154b6c35482fe08d589f3c13?s=96&d=mm&r=g\",\"contentUrl\":\"https:\\\/\\\/secure.gravatar.com\\\/avatar\\\/52e4757902f5cfa5ac52d020e5be83cae5487519154b6c35482fe08d589f3c13?s=96&d=mm&r=g\",\"caption\":\"Universidad de las Artes\"},\"url\":\"https:\\\/\\\/www.uartes.edu.ec\\\/sitio\\\/blog\\\/author\\\/dircomadm\\\/\"}]}<\/script>\n<!-- \/ Yoast SEO plugin. -->","yoast_head_json":{"title":"Universidad de las Artes - Universidad de las Artes junto al Centro de Adolescentes Infractores de Varones realizaron cierre del primer m\u00f3dulo de trabajo","description":"Universidad de las Artes - Universidad de las Artes junto al Centro de Adolescentes Infractores de Varones realizaron cierre del primer m\u00f3dulo de trabajo","robots":{"index":"index","follow":"follow","max-snippet":"max-snippet:-1","max-image-preview":"max-image-preview:large","max-video-preview":"max-video-preview:-1"},"canonical":"https:\/\/www.uartes.edu.ec\/sitio\/blog\/2020\/02\/19\/universidad-de-las-artes-junto-al-centro-de-adolescentes-infractores-de-varones-realizaron-cierre-del-primer-modulo-de-trabajo\/","og_locale":"es_ES","og_type":"article","og_title":"Universidad de las Artes - Universidad de las Artes junto al Centro de Adolescentes Infractores de Varones realizaron cierre del primer m\u00f3dulo de trabajo","og_description":"Universidad de las Artes - Universidad de las Artes junto al Centro de Adolescentes Infractores de Varones realizaron cierre del primer m\u00f3dulo de trabajo","og_url":"https:\/\/www.uartes.edu.ec\/sitio\/blog\/2020\/02\/19\/universidad-de-las-artes-junto-al-centro-de-adolescentes-infractores-de-varones-realizaron-cierre-del-primer-modulo-de-trabajo\/","og_site_name":"Universidad de las Artes","article_publisher":"https:\/\/www.facebook.com\/uartesec","article_published_time":"2020-02-19T16:04:09+00:00","article_modified_time":"2024-07-04T16:48:34+00:00","og_image":[{"width":1280,"height":853,"url":"https:\/\/www.uartes.edu.ec\/sitio\/wp-content\/uploads\/2020\/02\/WhatsApp-Image-2020-02-20-at-08.38.jpg","type":"image\/jpeg"}],"author":"Universidad de las Artes","twitter_card":"summary_large_image","twitter_creator":"@uartesec","twitter_site":"@uartesec","twitter_misc":{"Escrito por":"Universidad de las Artes","Tiempo de lectura":"2 minutos"},"schema":{"@context":"https:\/\/schema.org","@graph":[{"@type":"Article","@id":"https:\/\/www.uartes.edu.ec\/sitio\/blog\/2020\/02\/19\/universidad-de-las-artes-junto-al-centro-de-adolescentes-infractores-de-varones-realizaron-cierre-del-primer-modulo-de-trabajo\/#article","isPartOf":{"@id":"https:\/\/www.uartes.edu.ec\/sitio\/blog\/2020\/02\/19\/universidad-de-las-artes-junto-al-centro-de-adolescentes-infractores-de-varones-realizaron-cierre-del-primer-modulo-de-trabajo\/"},"author":{"name":"Universidad de las Artes","@id":"https:\/\/www.uartes.edu.ec\/sitio\/#\/schema\/person\/f33f8c1d2af0d5c80a38c8abf458184a"},"headline":"Universidad de las Artes junto al Centro de Adolescentes Infractores de Varones realizaron cierre del primer m\u00f3dulo de trabajo","datePublished":"2020-02-19T16:04:09+00:00","dateModified":"2024-07-04T16:48:34+00:00","mainEntityOfPage":{"@id":"https:\/\/www.uartes.edu.ec\/sitio\/blog\/2020\/02\/19\/universidad-de-las-artes-junto-al-centro-de-adolescentes-infractores-de-varones-realizaron-cierre-del-primer-modulo-de-trabajo\/"},"wordCount":518,"publisher":{"@id":"https:\/\/www.uartes.edu.ec\/sitio\/#organization"},"image":{"@id":"https:\/\/www.uartes.edu.ec\/sitio\/blog\/2020\/02\/19\/universidad-de-las-artes-junto-al-centro-de-adolescentes-infractores-de-varones-realizaron-cierre-del-primer-modulo-de-trabajo\/#primaryimage"},"thumbnailUrl":"https:\/\/www.uartes.edu.ec\/sitio\/wp-content\/uploads\/2020\/02\/WhatsApp-Image-2020-02-20-at-08.38.jpg","articleSection":["Cine","Gesti\u00f3n","V\u00ednculo"],"inLanguage":"es"},{"@type":["WebPage","ItemPage"],"@id":"https:\/\/www.uartes.edu.ec\/sitio\/blog\/2020\/02\/19\/universidad-de-las-artes-junto-al-centro-de-adolescentes-infractores-de-varones-realizaron-cierre-del-primer-modulo-de-trabajo\/","url":"https:\/\/www.uartes.edu.ec\/sitio\/blog\/2020\/02\/19\/universidad-de-las-artes-junto-al-centro-de-adolescentes-infractores-de-varones-realizaron-cierre-del-primer-modulo-de-trabajo\/","name":"Universidad de las Artes - Universidad de las Artes junto al Centro de Adolescentes Infractores de Varones realizaron cierre del primer m\u00f3dulo de trabajo","isPartOf":{"@id":"https:\/\/www.uartes.edu.ec\/sitio\/#website"},"primaryImageOfPage":{"@id":"https:\/\/www.uartes.edu.ec\/sitio\/blog\/2020\/02\/19\/universidad-de-las-artes-junto-al-centro-de-adolescentes-infractores-de-varones-realizaron-cierre-del-primer-modulo-de-trabajo\/#primaryimage"},"image":{"@id":"https:\/\/www.uartes.edu.ec\/sitio\/blog\/2020\/02\/19\/universidad-de-las-artes-junto-al-centro-de-adolescentes-infractores-de-varones-realizaron-cierre-del-primer-modulo-de-trabajo\/#primaryimage"},"thumbnailUrl":"https:\/\/www.uartes.edu.ec\/sitio\/wp-content\/uploads\/2020\/02\/WhatsApp-Image-2020-02-20-at-08.38.jpg","datePublished":"2020-02-19T16:04:09+00:00","dateModified":"2024-07-04T16:48:34+00:00","description":"Universidad de las Artes - Universidad de las Artes junto al Centro de Adolescentes Infractores de Varones realizaron cierre del primer m\u00f3dulo de trabajo","breadcrumb":{"@id":"https:\/\/www.uartes.edu.ec\/sitio\/blog\/2020\/02\/19\/universidad-de-las-artes-junto-al-centro-de-adolescentes-infractores-de-varones-realizaron-cierre-del-primer-modulo-de-trabajo\/#breadcrumb"},"inLanguage":"es","potentialAction":[{"@type":"ReadAction","target":["https:\/\/www.uartes.edu.ec\/sitio\/blog\/2020\/02\/19\/universidad-de-las-artes-junto-al-centro-de-adolescentes-infractores-de-varones-realizaron-cierre-del-primer-modulo-de-trabajo\/"]}]},{"@type":"ImageObject","inLanguage":"es","@id":"https:\/\/www.uartes.edu.ec\/sitio\/blog\/2020\/02\/19\/universidad-de-las-artes-junto-al-centro-de-adolescentes-infractores-de-varones-realizaron-cierre-del-primer-modulo-de-trabajo\/#primaryimage","url":"https:\/\/www.uartes.edu.ec\/sitio\/wp-content\/uploads\/2020\/02\/WhatsApp-Image-2020-02-20-at-08.38.jpg","contentUrl":"https:\/\/www.uartes.edu.ec\/sitio\/wp-content\/uploads\/2020\/02\/WhatsApp-Image-2020-02-20-at-08.38.jpg","width":1280,"height":853},{"@type":"BreadcrumbList","@id":"https:\/\/www.uartes.edu.ec\/sitio\/blog\/2020\/02\/19\/universidad-de-las-artes-junto-al-centro-de-adolescentes-infractores-de-varones-realizaron-cierre-del-primer-modulo-de-trabajo\/#breadcrumb","itemListElement":[{"@type":"ListItem","position":1,"name":"Inicio","item":"https:\/\/www.uartes.edu.ec\/sitio\/"},{"@type":"ListItem","position":2,"name":"Universidad de las Artes junto al Centro de Adolescentes Infractores de Varones realizaron cierre del primer m\u00f3dulo de trabajo"}]},{"@type":"WebSite","@id":"https:\/\/www.uartes.edu.ec\/sitio\/#website","url":"https:\/\/www.uartes.edu.ec\/sitio\/","name":"Universidad de las Artes","description":"Sitio oficial de la Universidad Nacional de las Artes del Ecuador","publisher":{"@id":"https:\/\/www.uartes.edu.ec\/sitio\/#organization"},"potentialAction":[{"@type":"SearchAction","target":{"@type":"EntryPoint","urlTemplate":"https:\/\/www.uartes.edu.ec\/sitio\/?s={search_term_string}"},"query-input":{"@type":"PropertyValueSpecification","valueRequired":true,"valueName":"search_term_string"}}],"inLanguage":"es"},{"@type":"Organization","@id":"https:\/\/www.uartes.edu.ec\/sitio\/#organization","name":"Universidad de las Artes","url":"https:\/\/www.uartes.edu.ec\/sitio\/","logo":{"@type":"ImageObject","inLanguage":"es","@id":"https:\/\/www.uartes.edu.ec\/sitio\/#\/schema\/logo\/image\/","url":"https:\/\/www.uartes.edu.ec\/sitio\/wp-content\/uploads\/2022\/07\/logo-ua-horizontal.png","contentUrl":"https:\/\/www.uartes.edu.ec\/sitio\/wp-content\/uploads\/2022\/07\/logo-ua-horizontal.png","width":800,"height":276,"caption":"Universidad de las Artes"},"image":{"@id":"https:\/\/www.uartes.edu.ec\/sitio\/#\/schema\/logo\/image\/"},"sameAs":["https:\/\/www.facebook.com\/uartesec","https:\/\/x.com\/uartesec","https:\/\/www.tiktok.com\/@uartesec"]},{"@type":"Person","@id":"https:\/\/www.uartes.edu.ec\/sitio\/#\/schema\/person\/f33f8c1d2af0d5c80a38c8abf458184a","name":"Universidad de las Artes","image":{"@type":"ImageObject","inLanguage":"es","@id":"https:\/\/secure.gravatar.com\/avatar\/52e4757902f5cfa5ac52d020e5be83cae5487519154b6c35482fe08d589f3c13?s=96&d=mm&r=g","url":"https:\/\/secure.gravatar.com\/avatar\/52e4757902f5cfa5ac52d020e5be83cae5487519154b6c35482fe08d589f3c13?s=96&d=mm&r=g","contentUrl":"https:\/\/secure.gravatar.com\/avatar\/52e4757902f5cfa5ac52d020e5be83cae5487519154b6c35482fe08d589f3c13?s=96&d=mm&r=g","caption":"Universidad de las Artes"},"url":"https:\/\/www.uartes.edu.ec\/sitio\/blog\/author\/dircomadm\/"}]}},"uagb_featured_image_src":{"full":["https:\/\/www.uartes.edu.ec\/sitio\/wp-content\/uploads\/2020\/02\/WhatsApp-Image-2020-02-20-at-08.38.jpg",1280,853,false],"thumbnail":["https:\/\/www.uartes.edu.ec\/sitio\/wp-content\/uploads\/2020\/02\/WhatsApp-Image-2020-02-20-at-08.38-150x150.jpg",150,150,true],"medium":["https:\/\/www.uartes.edu.ec\/sitio\/wp-content\/uploads\/2020\/02\/WhatsApp-Image-2020-02-20-at-08.38-300x200.jpg",300,200,true],"medium_large":["https:\/\/www.uartes.edu.ec\/sitio\/wp-content\/uploads\/2020\/02\/WhatsApp-Image-2020-02-20-at-08.38-768x512.jpg",768,512,true],"large":["https:\/\/www.uartes.edu.ec\/sitio\/wp-content\/uploads\/2020\/02\/WhatsApp-Image-2020-02-20-at-08.38-644x429.jpg",644,429,true],"1536x1536":["https:\/\/www.uartes.edu.ec\/sitio\/wp-content\/uploads\/2020\/02\/WhatsApp-Image-2020-02-20-at-08.38.jpg",1280,853,false],"2048x2048":["https:\/\/www.uartes.edu.ec\/sitio\/wp-content\/uploads\/2020\/02\/WhatsApp-Image-2020-02-20-at-08.38.jpg",1280,853,false],"trp-custom-language-flag":["https:\/\/www.uartes.edu.ec\/sitio\/wp-content\/uploads\/2020\/02\/WhatsApp-Image-2020-02-20-at-08.38.jpg",18,12,false],"htmega_size_585x295":["https:\/\/www.uartes.edu.ec\/sitio\/wp-content\/uploads\/2020\/02\/WhatsApp-Image-2020-02-20-at-08.38.jpg",443,295,false],"htmega_size_1170x536":["https:\/\/www.uartes.edu.ec\/sitio\/wp-content\/uploads\/2020\/02\/WhatsApp-Image-2020-02-20-at-08.38.jpg",804,536,false],"htmega_size_396x360":["https:\/\/www.uartes.edu.ec\/sitio\/wp-content\/uploads\/2020\/02\/WhatsApp-Image-2020-02-20-at-08.38.jpg",396,264,false],"gb-block-post-grid-landscape":["https:\/\/www.uartes.edu.ec\/sitio\/wp-content\/uploads\/2020\/02\/WhatsApp-Image-2020-02-20-at-08.38.jpg",600,400,false],"gb-block-post-grid-square":["https:\/\/www.uartes.edu.ec\/sitio\/wp-content\/uploads\/2020\/02\/WhatsApp-Image-2020-02-20-at-08.38.jpg",600,400,false],"university-hub-thumb":["https:\/\/www.uartes.edu.ec\/sitio\/wp-content\/uploads\/2020\/02\/WhatsApp-Image-2020-02-20-at-08.38-400x267.jpg",400,267,true],"mailpoet_newsletter_max":["https:\/\/www.uartes.edu.ec\/sitio\/wp-content\/uploads\/2020\/02\/WhatsApp-Image-2020-02-20-at-08.38.jpg",1280,853,false]},"uagb_author_info":{"display_name":"Universidad de las Artes","author_link":"https:\/\/www.uartes.edu.ec\/sitio\/blog\/author\/dircomadm\/"},"uagb_comment_info":0,"uagb_excerpt":"El nuevo proyecto se llama \"Mirando Mi Mundo: Programa Educativo Art\u00edstico de Reinserci\u00f3n Social en el Centro de Adolescentes Infractores de Guayaquil.\"","featured_image_src":"https:\/\/www.uartes.edu.ec\/sitio\/wp-content\/uploads\/2020\/02\/WhatsApp-Image-2020-02-20-at-08.38.jpg","featured_image_src_square":"https:\/\/www.uartes.edu.ec\/sitio\/wp-content\/uploads\/2020\/02\/WhatsApp-Image-2020-02-20-at-08.38.jpg","author_info":{"display_name":"Universidad de las Artes","author_link":"https:\/\/www.uartes.edu.ec\/sitio\/blog\/author\/dircomadm\/"},"publishpress_future_workflow_manual_trigger":{"enabledWorkflows":[]},"distributor_meta":false,"distributor_terms":false,"distributor_media":false,"distributor_original_site_name":"Universidad de las Artes","distributor_original_site_url":"https:\/\/www.uartes.edu.ec\/sitio","push-errors":false,"_links":{"self":[{"href":"https:\/\/www.uartes.edu.ec\/sitio\/wp-json\/wp\/v2\/posts\/6324","targetHints":{"allow":["GET"]}}],"collection":[{"href":"https:\/\/www.uartes.edu.ec\/sitio\/wp-json\/wp\/v2\/posts"}],"about":[{"href":"https:\/\/www.uartes.edu.ec\/sitio\/wp-json\/wp\/v2\/types\/post"}],"author":[{"embeddable":true,"href":"https:\/\/www.uartes.edu.ec\/sitio\/wp-json\/wp\/v2\/users\/1"}],"replies":[{"embeddable":true,"href":"https:\/\/www.uartes.edu.ec\/sitio\/wp-json\/wp\/v2\/comments?post=6324"}],"version-history":[{"count":3,"href":"https:\/\/www.uartes.edu.ec\/sitio\/wp-json\/wp\/v2\/posts\/6324\/revisions"}],"predecessor-version":[{"id":57669,"href":"https:\/\/www.uartes.edu.ec\/sitio\/wp-json\/wp\/v2\/posts\/6324\/revisions\/57669"}],"wp:featuredmedia":[{"embeddable":true,"href":"https:\/\/www.uartes.edu.ec\/sitio\/wp-json\/wp\/v2\/media\/6330"}],"wp:attachment":[{"href":"https:\/\/www.uartes.edu.ec\/sitio\/wp-json\/wp\/v2\/media?parent=6324"}],"wp:term":[{"taxonomy":"category","embeddable":true,"href":"https:\/\/www.uartes.edu.ec\/sitio\/wp-json\/wp\/v2\/categories?post=6324"},{"taxonomy":"post_tag","embeddable":true,"href":"https:\/\/www.uartes.edu.ec\/sitio\/wp-json\/wp\/v2\/tags?post=6324"},{"taxonomy":"infouartes","embeddable":true,"href":"https:\/\/www.uartes.edu.ec\/sitio\/wp-json\/wp\/v2\/infouartes?post=6324"}],"curies":[{"name":"wp","href":"https:\/\/api.w.org\/{rel}","templated":true}]}}