{"id":63722,"date":"2024-10-26T15:17:21","date_gmt":"2024-10-26T20:17:21","guid":{"rendered":"https:\/\/www.uartes.edu.ec\/sitio\/?p=63722"},"modified":"2024-10-30T16:44:07","modified_gmt":"2024-10-30T21:44:07","slug":"colombiana-daniela-gomez-inicio-intervenciones-en-el-v-encuentro-escenico-con-una-evocacion-de-gestos-cotidianos","status":"publish","type":"post","link":"https:\/\/www.uartes.edu.ec\/sitio\/blog\/2024\/10\/26\/colombiana-daniela-gomez-inicio-intervenciones-en-el-v-encuentro-escenico-con-una-evocacion-de-gestos-cotidianos\/","title":{"rendered":"Una evocaci\u00f3n de gestos cotidianos en las intervenciones de la colombiana Daniela G\u00f3mez en el V Encuentro Esc\u00e9nico UArtes"},"content":{"rendered":"\n<p>La presentaci\u00f3n \u201cRelinchario: todo sobre la mesa\u201d, la charla magistral \u201cTrazos existencia\u201d y el conversatorio \u201cArde la casa: im\u00e1genes e imagin-acciones que desbordan lo cotidiano\u201d, que comparti\u00f3 con la boliviana Paulina O\u00f1a y el alumnus Javier C\u00e1rdenas, son las actividades de la artista colombiana Daniela G\u00f3mez en el V Encuentro Esc\u00e9nico de la Universidad de las Artes, evento hito de la Escuela de Artes Esc\u00e9nicas. <\/p>\n\n\n\n<p>El \u201crelinchario\u201d que propuso Daniela G\u00f3mez \u2013y que se present\u00f3 este viernes 25\u2013 surgi\u00f3 entre muchas figuras, dando como resultado \u201cun despertar del instinto y de la animalidad para habitar un poco el lugar intermedio de estar en la presencia esc\u00e9nica y no esc\u00e9nica, en esa contradicci\u00f3n\u201d.<\/p>\n\n\n\n<p>De la presentaci\u00f3n, la colombiana manifest\u00f3 lo poderoso que result\u00f3 \u201cabrir este portal junto con las profesoras y los profesores de la Escuela de Artes Esc\u00e9nicas\u201d y destac\u00f3 el contagioso entusiasmo de los estudiantes. \u201cEs una alegr\u00eda poder venir a compartirse desde una honestidad\u201d, dijo visiblemente emocionada por lo que hab\u00eda llevado a la escena.<\/p>\n\n\n\n<p>\u201cRelinchario: todo sobre la mesa\u201d se concibe como una evocaci\u00f3n de gestos cotidianos, gestos que suceden al interior de una familia, una casa, un apartamento; como poner la mesa d\u00eda tras d\u00eda, comida tras comida. Es tambi\u00e9n una manifestaci\u00f3n de gestos extraordinarios, como leer su propia poes\u00eda, cantar canciones de otros y saltar incesantemente mientras se relatan dolores, ahogos, amores y aventuras. Es una evocaci\u00f3n de ausencias. Es una evocaci\u00f3n de rabia comprimida y deseo\u201d.&nbsp;<\/p>\n\n\n\n<h3 class=\"wp-block-heading\">Ejes fundamentales e inherentes<\/h3>\n\n\n\n<p>En la inauguraci\u00f3n del encuentro, y tambi\u00e9n de las lecturas que hab\u00eda hecho previa a su participaci\u00f3n, Daniela G\u00f3mez destac\u00f3 los tres ejes fundamentales del Modelo Educativo y Pedag\u00f3gico de la UArtes, los cuales fueron mencionados por nuestro rector William Herrera en su intervenci\u00f3n de bienvenida. Sentipensar, saber cuidar y saber crear est\u00e1n presentes en cada una de las participaciones de la cita, confirm\u00f3 la invitada. \u201cCada uno (de los artistas creadores convocados) los bordea desde su particularidad y que eso se pueda compartir es lo m\u00e1s poderoso\u201d.<\/p>\n\n\n\n<p>En cuanto al conversatorio de hoy, el equipo organizador del encuentro document\u00f3 previamente que en \u201cArde la casa: im\u00e1genes e imagin-acciones que desbordan lo cotidiano\u201d, G\u00f3mez, O\u00f1a y C\u00e1rdenas mostrar\u00e1n \u201cpr\u00e1cticas laboratoriales y\/o de puesta en escena que toman la casa como elemento de pensamiento-creaci\u00f3n en el amplio sentido del t\u00e9rmino, reconoci\u00e9ndola como lugar de memorias, cruces-regulaciones-interacciones relacionales, fugas. Conversar sobre y desde la casa\/hogar es pensar este espacio como lugar donde resuena la vida, pero tambi\u00e9n como espacio donde late una potencia po\u00e9tica a abrirse que la interroga, la desborda, la vibratiliza, mediante conjuros performativos diversos\u201d.<\/p>\n\n\n\n<p>De la charla magistral, Daniela G\u00f3mez refiri\u00f3 que se trataron de \u201ctrazos de existencia o de consistencia\u201d, puesto que considera important\u00edsimo poner en movimiento desde las entra\u00f1as\u201d.<\/p>\n\n\n\n<h3 class=\"wp-block-heading\">Trayectoria y creaciones<\/h3>\n\n\n\n<p>Daniela G\u00f3mez es bailarina, estudiante del movimiento, la improvisaci\u00f3n, observadora de la naturaleza, docente de danza implicada en la relaci\u00f3n con los cuerpos diversos, el espacio, el tiempo. En sus creaciones la palabra ha sido provocaci\u00f3n para llevar a cabo procesos de investigaci\u00f3n creaci\u00f3n, acerc\u00e1ndose de manera intuitiva a la escritura expandida, centrada en lo que acontece, integrando la oralidad que relata un cuerpo y sus recuerdos. Se form\u00f3 en la Universidad Distrital Francisco Jos\u00e9 de Caldas como maestra en Artes Esc\u00e9nicas, opci\u00f3n Danza contempor\u00e1nea 2015; realiz\u00f3 residencias art\u00edsticas en M\u00e9xico, Espa\u00f1a y Colombia. Actualmente es parte de la compa\u00f1\u00eda Bogotana Danza Com\u00fan, que est\u00e1 vinculada al trabajo colectivo y circula su obra de manera independiente.<\/p>\n","protected":false},"excerpt":{"rendered":"<p>La presentaci\u00f3n \u201cRelinchario: todo sobre la mesa\u201d, la charla magistral \u201cTrazos existencia\u201d y el conversatorio \u201cArde la casa: im\u00e1genes e imagin-acciones que desbordan lo cotidiano\u201d, que comparti\u00f3 con la boliviana Paulina O\u00f1a y el alumnus Javier C\u00e1rdenas, son las actividades de la artista colombiana Daniela G\u00f3mez en el V Encuentro Esc\u00e9nico, evento hito de la Escuela de Artes Esc\u00e9nicas de la UArtes.<\/p>\n","protected":false},"author":10,"featured_media":63723,"comment_status":"open","ping_status":"open","sticky":false,"template":"","format":"standard","meta":{"_acf_changed":false,"_uag_custom_page_level_css":"","_monsterinsights_skip_tracking":false,"_monsterinsights_sitenote_active":false,"_monsterinsights_sitenote_note":"","_monsterinsights_sitenote_category":0,"cybocfi_hide_featured_image":"","footnotes":""},"categories":[80,490,82,159,75,76,77,284,83],"tags":[518],"infouartes":[1289],"class_list":["post-63722","post","type-post","status-publish","format-standard","has-post-thumbnail","hentry","category-academico","category-alumni","category-artes","category-artes-escenicas","category-docentes","category-estudiantes","category-gestion","category-investigacion","category-sedes","tag-produccion","infouartes-investigar-las-artes"],"acf":[],"yoast_head":"<!-- This site is optimized with the Yoast SEO plugin v27.4 - https:\/\/yoast.com\/product\/yoast-seo-wordpress\/ -->\n<title>Universidad de las Artes - Una evocaci\u00f3n de gestos cotidianos en las intervenciones de la colombiana Daniela G\u00f3mez en el V Encuentro Esc\u00e9nico UArtes<\/title>\n<meta name=\"description\" content=\"Universidad de las Artes - Una evocaci\u00f3n de gestos cotidianos en las intervenciones de la colombiana Daniela G\u00f3mez en el V Encuentro Esc\u00e9nico UArtes\" \/>\n<meta name=\"robots\" content=\"index, follow, max-snippet:-1, max-image-preview:large, max-video-preview:-1\" \/>\n<link rel=\"canonical\" href=\"https:\/\/www.uartes.edu.ec\/sitio\/blog\/2024\/10\/26\/colombiana-daniela-gomez-inicio-intervenciones-en-el-v-encuentro-escenico-con-una-evocacion-de-gestos-cotidianos\/\" \/>\n<meta property=\"og:locale\" content=\"es_ES\" \/>\n<meta property=\"og:type\" content=\"article\" \/>\n<meta property=\"og:title\" content=\"Universidad de las Artes - Una evocaci\u00f3n de gestos cotidianos en las intervenciones de la colombiana Daniela G\u00f3mez en el V Encuentro Esc\u00e9nico UArtes\" \/>\n<meta property=\"og:description\" content=\"Universidad de las Artes - Una evocaci\u00f3n de gestos cotidianos en las intervenciones de la colombiana Daniela G\u00f3mez en el V Encuentro Esc\u00e9nico UArtes\" \/>\n<meta property=\"og:url\" content=\"https:\/\/www.uartes.edu.ec\/sitio\/blog\/2024\/10\/26\/colombiana-daniela-gomez-inicio-intervenciones-en-el-v-encuentro-escenico-con-una-evocacion-de-gestos-cotidianos\/\" \/>\n<meta property=\"og:site_name\" content=\"Universidad de las Artes\" \/>\n<meta property=\"article:publisher\" content=\"https:\/\/www.facebook.com\/uartesec\" \/>\n<meta property=\"article:published_time\" content=\"2024-10-26T20:17:21+00:00\" \/>\n<meta property=\"article:modified_time\" content=\"2024-10-30T21:44:07+00:00\" \/>\n<meta property=\"og:image\" content=\"https:\/\/www.uartes.edu.ec\/sitio\/wp-content\/uploads\/2024\/10\/20-ENCUENTRO-ESCENICO-JUEVES-23-OCTUBRE-CONVERSATORIO.jpg\" \/>\n\t<meta property=\"og:image:width\" content=\"2000\" \/>\n\t<meta property=\"og:image:height\" content=\"1333\" \/>\n\t<meta property=\"og:image:type\" content=\"image\/jpeg\" \/>\n<meta name=\"author\" content=\"ccortez\" \/>\n<meta name=\"twitter:card\" content=\"summary_large_image\" \/>\n<meta name=\"twitter:creator\" content=\"@uartesec\" \/>\n<meta name=\"twitter:site\" content=\"@uartesec\" \/>\n<meta name=\"twitter:label1\" content=\"Escrito por\" \/>\n\t<meta name=\"twitter:data1\" content=\"ccortez\" \/>\n\t<meta name=\"twitter:label2\" content=\"Tiempo de lectura\" \/>\n\t<meta name=\"twitter:data2\" content=\"3 minutos\" \/>\n<script type=\"application\/ld+json\" class=\"yoast-schema-graph\">{\"@context\":\"https:\\\/\\\/schema.org\",\"@graph\":[{\"@type\":\"Article\",\"@id\":\"https:\\\/\\\/www.uartes.edu.ec\\\/sitio\\\/blog\\\/2024\\\/10\\\/26\\\/colombiana-daniela-gomez-inicio-intervenciones-en-el-v-encuentro-escenico-con-una-evocacion-de-gestos-cotidianos\\\/#article\",\"isPartOf\":{\"@id\":\"https:\\\/\\\/www.uartes.edu.ec\\\/sitio\\\/blog\\\/2024\\\/10\\\/26\\\/colombiana-daniela-gomez-inicio-intervenciones-en-el-v-encuentro-escenico-con-una-evocacion-de-gestos-cotidianos\\\/\"},\"author\":{\"name\":\"ccortez\",\"@id\":\"https:\\\/\\\/www.uartes.edu.ec\\\/sitio\\\/#\\\/schema\\\/person\\\/efa1b8275797664fd7f13a79ccc0b1f4\"},\"headline\":\"Una evocaci\u00f3n de gestos cotidianos en las intervenciones de la colombiana Daniela G\u00f3mez en el V Encuentro Esc\u00e9nico UArtes\",\"datePublished\":\"2024-10-26T20:17:21+00:00\",\"dateModified\":\"2024-10-30T21:44:07+00:00\",\"mainEntityOfPage\":{\"@id\":\"https:\\\/\\\/www.uartes.edu.ec\\\/sitio\\\/blog\\\/2024\\\/10\\\/26\\\/colombiana-daniela-gomez-inicio-intervenciones-en-el-v-encuentro-escenico-con-una-evocacion-de-gestos-cotidianos\\\/\"},\"wordCount\":661,\"commentCount\":0,\"publisher\":{\"@id\":\"https:\\\/\\\/www.uartes.edu.ec\\\/sitio\\\/#organization\"},\"image\":{\"@id\":\"https:\\\/\\\/www.uartes.edu.ec\\\/sitio\\\/blog\\\/2024\\\/10\\\/26\\\/colombiana-daniela-gomez-inicio-intervenciones-en-el-v-encuentro-escenico-con-una-evocacion-de-gestos-cotidianos\\\/#primaryimage\"},\"thumbnailUrl\":\"https:\\\/\\\/www.uartes.edu.ec\\\/sitio\\\/wp-content\\\/uploads\\\/2024\\\/10\\\/20-ENCUENTRO-ESCENICO-JUEVES-23-OCTUBRE-CONVERSATORIO.jpg\",\"keywords\":[\"producci\u00f3n\"],\"articleSection\":[\"Acad\u00e9mico\",\"Alumni\",\"Artes\",\"Artes Esc\u00e9nicas\",\"Docentes\",\"Estudiantes\",\"Gesti\u00f3n\",\"Investigaci\u00f3n\",\"Sedes\"],\"inLanguage\":\"es\",\"potentialAction\":[{\"@type\":\"CommentAction\",\"name\":\"Comment\",\"target\":[\"https:\\\/\\\/www.uartes.edu.ec\\\/sitio\\\/blog\\\/2024\\\/10\\\/26\\\/colombiana-daniela-gomez-inicio-intervenciones-en-el-v-encuentro-escenico-con-una-evocacion-de-gestos-cotidianos\\\/#respond\"]}]},{\"@type\":[\"WebPage\",\"ItemPage\"],\"@id\":\"https:\\\/\\\/www.uartes.edu.ec\\\/sitio\\\/blog\\\/2024\\\/10\\\/26\\\/colombiana-daniela-gomez-inicio-intervenciones-en-el-v-encuentro-escenico-con-una-evocacion-de-gestos-cotidianos\\\/\",\"url\":\"https:\\\/\\\/www.uartes.edu.ec\\\/sitio\\\/blog\\\/2024\\\/10\\\/26\\\/colombiana-daniela-gomez-inicio-intervenciones-en-el-v-encuentro-escenico-con-una-evocacion-de-gestos-cotidianos\\\/\",\"name\":\"Universidad de las Artes - Una evocaci\u00f3n de gestos cotidianos en las intervenciones de la colombiana Daniela G\u00f3mez en el V Encuentro Esc\u00e9nico UArtes\",\"isPartOf\":{\"@id\":\"https:\\\/\\\/www.uartes.edu.ec\\\/sitio\\\/#website\"},\"primaryImageOfPage\":{\"@id\":\"https:\\\/\\\/www.uartes.edu.ec\\\/sitio\\\/blog\\\/2024\\\/10\\\/26\\\/colombiana-daniela-gomez-inicio-intervenciones-en-el-v-encuentro-escenico-con-una-evocacion-de-gestos-cotidianos\\\/#primaryimage\"},\"image\":{\"@id\":\"https:\\\/\\\/www.uartes.edu.ec\\\/sitio\\\/blog\\\/2024\\\/10\\\/26\\\/colombiana-daniela-gomez-inicio-intervenciones-en-el-v-encuentro-escenico-con-una-evocacion-de-gestos-cotidianos\\\/#primaryimage\"},\"thumbnailUrl\":\"https:\\\/\\\/www.uartes.edu.ec\\\/sitio\\\/wp-content\\\/uploads\\\/2024\\\/10\\\/20-ENCUENTRO-ESCENICO-JUEVES-23-OCTUBRE-CONVERSATORIO.jpg\",\"datePublished\":\"2024-10-26T20:17:21+00:00\",\"dateModified\":\"2024-10-30T21:44:07+00:00\",\"description\":\"Universidad de las Artes - Una evocaci\u00f3n de gestos cotidianos en las intervenciones de la colombiana Daniela G\u00f3mez en el V Encuentro Esc\u00e9nico UArtes\",\"breadcrumb\":{\"@id\":\"https:\\\/\\\/www.uartes.edu.ec\\\/sitio\\\/blog\\\/2024\\\/10\\\/26\\\/colombiana-daniela-gomez-inicio-intervenciones-en-el-v-encuentro-escenico-con-una-evocacion-de-gestos-cotidianos\\\/#breadcrumb\"},\"inLanguage\":\"es\",\"potentialAction\":[{\"@type\":\"ReadAction\",\"target\":[\"https:\\\/\\\/www.uartes.edu.ec\\\/sitio\\\/blog\\\/2024\\\/10\\\/26\\\/colombiana-daniela-gomez-inicio-intervenciones-en-el-v-encuentro-escenico-con-una-evocacion-de-gestos-cotidianos\\\/\"]}]},{\"@type\":\"ImageObject\",\"inLanguage\":\"es\",\"@id\":\"https:\\\/\\\/www.uartes.edu.ec\\\/sitio\\\/blog\\\/2024\\\/10\\\/26\\\/colombiana-daniela-gomez-inicio-intervenciones-en-el-v-encuentro-escenico-con-una-evocacion-de-gestos-cotidianos\\\/#primaryimage\",\"url\":\"https:\\\/\\\/www.uartes.edu.ec\\\/sitio\\\/wp-content\\\/uploads\\\/2024\\\/10\\\/20-ENCUENTRO-ESCENICO-JUEVES-23-OCTUBRE-CONVERSATORIO.jpg\",\"contentUrl\":\"https:\\\/\\\/www.uartes.edu.ec\\\/sitio\\\/wp-content\\\/uploads\\\/2024\\\/10\\\/20-ENCUENTRO-ESCENICO-JUEVES-23-OCTUBRE-CONVERSATORIO.jpg\",\"width\":2000,\"height\":1333},{\"@type\":\"BreadcrumbList\",\"@id\":\"https:\\\/\\\/www.uartes.edu.ec\\\/sitio\\\/blog\\\/2024\\\/10\\\/26\\\/colombiana-daniela-gomez-inicio-intervenciones-en-el-v-encuentro-escenico-con-una-evocacion-de-gestos-cotidianos\\\/#breadcrumb\",\"itemListElement\":[{\"@type\":\"ListItem\",\"position\":1,\"name\":\"Inicio\",\"item\":\"https:\\\/\\\/www.uartes.edu.ec\\\/sitio\\\/\"},{\"@type\":\"ListItem\",\"position\":2,\"name\":\"Una evocaci\u00f3n de gestos cotidianos en las intervenciones de la colombiana Daniela G\u00f3mez en el V Encuentro Esc\u00e9nico UArtes\"}]},{\"@type\":\"WebSite\",\"@id\":\"https:\\\/\\\/www.uartes.edu.ec\\\/sitio\\\/#website\",\"url\":\"https:\\\/\\\/www.uartes.edu.ec\\\/sitio\\\/\",\"name\":\"Universidad de las Artes\",\"description\":\"Sitio oficial de la Universidad Nacional de las Artes del Ecuador\",\"publisher\":{\"@id\":\"https:\\\/\\\/www.uartes.edu.ec\\\/sitio\\\/#organization\"},\"potentialAction\":[{\"@type\":\"SearchAction\",\"target\":{\"@type\":\"EntryPoint\",\"urlTemplate\":\"https:\\\/\\\/www.uartes.edu.ec\\\/sitio\\\/?s={search_term_string}\"},\"query-input\":{\"@type\":\"PropertyValueSpecification\",\"valueRequired\":true,\"valueName\":\"search_term_string\"}}],\"inLanguage\":\"es\"},{\"@type\":\"Organization\",\"@id\":\"https:\\\/\\\/www.uartes.edu.ec\\\/sitio\\\/#organization\",\"name\":\"Universidad de las Artes\",\"url\":\"https:\\\/\\\/www.uartes.edu.ec\\\/sitio\\\/\",\"logo\":{\"@type\":\"ImageObject\",\"inLanguage\":\"es\",\"@id\":\"https:\\\/\\\/www.uartes.edu.ec\\\/sitio\\\/#\\\/schema\\\/logo\\\/image\\\/\",\"url\":\"https:\\\/\\\/www.uartes.edu.ec\\\/sitio\\\/wp-content\\\/uploads\\\/2022\\\/07\\\/logo-ua-horizontal.png\",\"contentUrl\":\"https:\\\/\\\/www.uartes.edu.ec\\\/sitio\\\/wp-content\\\/uploads\\\/2022\\\/07\\\/logo-ua-horizontal.png\",\"width\":800,\"height\":276,\"caption\":\"Universidad de las Artes\"},\"image\":{\"@id\":\"https:\\\/\\\/www.uartes.edu.ec\\\/sitio\\\/#\\\/schema\\\/logo\\\/image\\\/\"},\"sameAs\":[\"https:\\\/\\\/www.facebook.com\\\/uartesec\",\"https:\\\/\\\/x.com\\\/uartesec\",\"https:\\\/\\\/www.tiktok.com\\\/@uartesec\"]},{\"@type\":\"Person\",\"@id\":\"https:\\\/\\\/www.uartes.edu.ec\\\/sitio\\\/#\\\/schema\\\/person\\\/efa1b8275797664fd7f13a79ccc0b1f4\",\"name\":\"ccortez\",\"image\":{\"@type\":\"ImageObject\",\"inLanguage\":\"es\",\"@id\":\"https:\\\/\\\/secure.gravatar.com\\\/avatar\\\/b2a6f664a3ae8e074346ef91775736c5ec479e637ecced6842de9dc98b5da9cd?s=96&d=mm&r=g\",\"url\":\"https:\\\/\\\/secure.gravatar.com\\\/avatar\\\/b2a6f664a3ae8e074346ef91775736c5ec479e637ecced6842de9dc98b5da9cd?s=96&d=mm&r=g\",\"contentUrl\":\"https:\\\/\\\/secure.gravatar.com\\\/avatar\\\/b2a6f664a3ae8e074346ef91775736c5ec479e637ecced6842de9dc98b5da9cd?s=96&d=mm&r=g\",\"caption\":\"ccortez\"},\"url\":\"https:\\\/\\\/www.uartes.edu.ec\\\/sitio\\\/blog\\\/author\\\/ccortez\\\/\"}]}<\/script>\n<!-- \/ Yoast SEO plugin. -->","yoast_head_json":{"title":"Universidad de las Artes - Una evocaci\u00f3n de gestos cotidianos en las intervenciones de la colombiana Daniela G\u00f3mez en el V Encuentro Esc\u00e9nico UArtes","description":"Universidad de las Artes - Una evocaci\u00f3n de gestos cotidianos en las intervenciones de la colombiana Daniela G\u00f3mez en el V Encuentro Esc\u00e9nico UArtes","robots":{"index":"index","follow":"follow","max-snippet":"max-snippet:-1","max-image-preview":"max-image-preview:large","max-video-preview":"max-video-preview:-1"},"canonical":"https:\/\/www.uartes.edu.ec\/sitio\/blog\/2024\/10\/26\/colombiana-daniela-gomez-inicio-intervenciones-en-el-v-encuentro-escenico-con-una-evocacion-de-gestos-cotidianos\/","og_locale":"es_ES","og_type":"article","og_title":"Universidad de las Artes - Una evocaci\u00f3n de gestos cotidianos en las intervenciones de la colombiana Daniela G\u00f3mez en el V Encuentro Esc\u00e9nico UArtes","og_description":"Universidad de las Artes - Una evocaci\u00f3n de gestos cotidianos en las intervenciones de la colombiana Daniela G\u00f3mez en el V Encuentro Esc\u00e9nico UArtes","og_url":"https:\/\/www.uartes.edu.ec\/sitio\/blog\/2024\/10\/26\/colombiana-daniela-gomez-inicio-intervenciones-en-el-v-encuentro-escenico-con-una-evocacion-de-gestos-cotidianos\/","og_site_name":"Universidad de las Artes","article_publisher":"https:\/\/www.facebook.com\/uartesec","article_published_time":"2024-10-26T20:17:21+00:00","article_modified_time":"2024-10-30T21:44:07+00:00","og_image":[{"width":2000,"height":1333,"url":"https:\/\/www.uartes.edu.ec\/sitio\/wp-content\/uploads\/2024\/10\/20-ENCUENTRO-ESCENICO-JUEVES-23-OCTUBRE-CONVERSATORIO.jpg","type":"image\/jpeg"}],"author":"ccortez","twitter_card":"summary_large_image","twitter_creator":"@uartesec","twitter_site":"@uartesec","twitter_misc":{"Escrito por":"ccortez","Tiempo de lectura":"3 minutos"},"schema":{"@context":"https:\/\/schema.org","@graph":[{"@type":"Article","@id":"https:\/\/www.uartes.edu.ec\/sitio\/blog\/2024\/10\/26\/colombiana-daniela-gomez-inicio-intervenciones-en-el-v-encuentro-escenico-con-una-evocacion-de-gestos-cotidianos\/#article","isPartOf":{"@id":"https:\/\/www.uartes.edu.ec\/sitio\/blog\/2024\/10\/26\/colombiana-daniela-gomez-inicio-intervenciones-en-el-v-encuentro-escenico-con-una-evocacion-de-gestos-cotidianos\/"},"author":{"name":"ccortez","@id":"https:\/\/www.uartes.edu.ec\/sitio\/#\/schema\/person\/efa1b8275797664fd7f13a79ccc0b1f4"},"headline":"Una evocaci\u00f3n de gestos cotidianos en las intervenciones de la colombiana Daniela G\u00f3mez en el V Encuentro Esc\u00e9nico UArtes","datePublished":"2024-10-26T20:17:21+00:00","dateModified":"2024-10-30T21:44:07+00:00","mainEntityOfPage":{"@id":"https:\/\/www.uartes.edu.ec\/sitio\/blog\/2024\/10\/26\/colombiana-daniela-gomez-inicio-intervenciones-en-el-v-encuentro-escenico-con-una-evocacion-de-gestos-cotidianos\/"},"wordCount":661,"commentCount":0,"publisher":{"@id":"https:\/\/www.uartes.edu.ec\/sitio\/#organization"},"image":{"@id":"https:\/\/www.uartes.edu.ec\/sitio\/blog\/2024\/10\/26\/colombiana-daniela-gomez-inicio-intervenciones-en-el-v-encuentro-escenico-con-una-evocacion-de-gestos-cotidianos\/#primaryimage"},"thumbnailUrl":"https:\/\/www.uartes.edu.ec\/sitio\/wp-content\/uploads\/2024\/10\/20-ENCUENTRO-ESCENICO-JUEVES-23-OCTUBRE-CONVERSATORIO.jpg","keywords":["producci\u00f3n"],"articleSection":["Acad\u00e9mico","Alumni","Artes","Artes Esc\u00e9nicas","Docentes","Estudiantes","Gesti\u00f3n","Investigaci\u00f3n","Sedes"],"inLanguage":"es","potentialAction":[{"@type":"CommentAction","name":"Comment","target":["https:\/\/www.uartes.edu.ec\/sitio\/blog\/2024\/10\/26\/colombiana-daniela-gomez-inicio-intervenciones-en-el-v-encuentro-escenico-con-una-evocacion-de-gestos-cotidianos\/#respond"]}]},{"@type":["WebPage","ItemPage"],"@id":"https:\/\/www.uartes.edu.ec\/sitio\/blog\/2024\/10\/26\/colombiana-daniela-gomez-inicio-intervenciones-en-el-v-encuentro-escenico-con-una-evocacion-de-gestos-cotidianos\/","url":"https:\/\/www.uartes.edu.ec\/sitio\/blog\/2024\/10\/26\/colombiana-daniela-gomez-inicio-intervenciones-en-el-v-encuentro-escenico-con-una-evocacion-de-gestos-cotidianos\/","name":"Universidad de las Artes - Una evocaci\u00f3n de gestos cotidianos en las intervenciones de la colombiana Daniela G\u00f3mez en el V Encuentro Esc\u00e9nico UArtes","isPartOf":{"@id":"https:\/\/www.uartes.edu.ec\/sitio\/#website"},"primaryImageOfPage":{"@id":"https:\/\/www.uartes.edu.ec\/sitio\/blog\/2024\/10\/26\/colombiana-daniela-gomez-inicio-intervenciones-en-el-v-encuentro-escenico-con-una-evocacion-de-gestos-cotidianos\/#primaryimage"},"image":{"@id":"https:\/\/www.uartes.edu.ec\/sitio\/blog\/2024\/10\/26\/colombiana-daniela-gomez-inicio-intervenciones-en-el-v-encuentro-escenico-con-una-evocacion-de-gestos-cotidianos\/#primaryimage"},"thumbnailUrl":"https:\/\/www.uartes.edu.ec\/sitio\/wp-content\/uploads\/2024\/10\/20-ENCUENTRO-ESCENICO-JUEVES-23-OCTUBRE-CONVERSATORIO.jpg","datePublished":"2024-10-26T20:17:21+00:00","dateModified":"2024-10-30T21:44:07+00:00","description":"Universidad de las Artes - Una evocaci\u00f3n de gestos cotidianos en las intervenciones de la colombiana Daniela G\u00f3mez en el V Encuentro Esc\u00e9nico UArtes","breadcrumb":{"@id":"https:\/\/www.uartes.edu.ec\/sitio\/blog\/2024\/10\/26\/colombiana-daniela-gomez-inicio-intervenciones-en-el-v-encuentro-escenico-con-una-evocacion-de-gestos-cotidianos\/#breadcrumb"},"inLanguage":"es","potentialAction":[{"@type":"ReadAction","target":["https:\/\/www.uartes.edu.ec\/sitio\/blog\/2024\/10\/26\/colombiana-daniela-gomez-inicio-intervenciones-en-el-v-encuentro-escenico-con-una-evocacion-de-gestos-cotidianos\/"]}]},{"@type":"ImageObject","inLanguage":"es","@id":"https:\/\/www.uartes.edu.ec\/sitio\/blog\/2024\/10\/26\/colombiana-daniela-gomez-inicio-intervenciones-en-el-v-encuentro-escenico-con-una-evocacion-de-gestos-cotidianos\/#primaryimage","url":"https:\/\/www.uartes.edu.ec\/sitio\/wp-content\/uploads\/2024\/10\/20-ENCUENTRO-ESCENICO-JUEVES-23-OCTUBRE-CONVERSATORIO.jpg","contentUrl":"https:\/\/www.uartes.edu.ec\/sitio\/wp-content\/uploads\/2024\/10\/20-ENCUENTRO-ESCENICO-JUEVES-23-OCTUBRE-CONVERSATORIO.jpg","width":2000,"height":1333},{"@type":"BreadcrumbList","@id":"https:\/\/www.uartes.edu.ec\/sitio\/blog\/2024\/10\/26\/colombiana-daniela-gomez-inicio-intervenciones-en-el-v-encuentro-escenico-con-una-evocacion-de-gestos-cotidianos\/#breadcrumb","itemListElement":[{"@type":"ListItem","position":1,"name":"Inicio","item":"https:\/\/www.uartes.edu.ec\/sitio\/"},{"@type":"ListItem","position":2,"name":"Una evocaci\u00f3n de gestos cotidianos en las intervenciones de la colombiana Daniela G\u00f3mez en el V Encuentro Esc\u00e9nico UArtes"}]},{"@type":"WebSite","@id":"https:\/\/www.uartes.edu.ec\/sitio\/#website","url":"https:\/\/www.uartes.edu.ec\/sitio\/","name":"Universidad de las Artes","description":"Sitio oficial de la Universidad Nacional de las Artes del Ecuador","publisher":{"@id":"https:\/\/www.uartes.edu.ec\/sitio\/#organization"},"potentialAction":[{"@type":"SearchAction","target":{"@type":"EntryPoint","urlTemplate":"https:\/\/www.uartes.edu.ec\/sitio\/?s={search_term_string}"},"query-input":{"@type":"PropertyValueSpecification","valueRequired":true,"valueName":"search_term_string"}}],"inLanguage":"es"},{"@type":"Organization","@id":"https:\/\/www.uartes.edu.ec\/sitio\/#organization","name":"Universidad de las Artes","url":"https:\/\/www.uartes.edu.ec\/sitio\/","logo":{"@type":"ImageObject","inLanguage":"es","@id":"https:\/\/www.uartes.edu.ec\/sitio\/#\/schema\/logo\/image\/","url":"https:\/\/www.uartes.edu.ec\/sitio\/wp-content\/uploads\/2022\/07\/logo-ua-horizontal.png","contentUrl":"https:\/\/www.uartes.edu.ec\/sitio\/wp-content\/uploads\/2022\/07\/logo-ua-horizontal.png","width":800,"height":276,"caption":"Universidad de las Artes"},"image":{"@id":"https:\/\/www.uartes.edu.ec\/sitio\/#\/schema\/logo\/image\/"},"sameAs":["https:\/\/www.facebook.com\/uartesec","https:\/\/x.com\/uartesec","https:\/\/www.tiktok.com\/@uartesec"]},{"@type":"Person","@id":"https:\/\/www.uartes.edu.ec\/sitio\/#\/schema\/person\/efa1b8275797664fd7f13a79ccc0b1f4","name":"ccortez","image":{"@type":"ImageObject","inLanguage":"es","@id":"https:\/\/secure.gravatar.com\/avatar\/b2a6f664a3ae8e074346ef91775736c5ec479e637ecced6842de9dc98b5da9cd?s=96&d=mm&r=g","url":"https:\/\/secure.gravatar.com\/avatar\/b2a6f664a3ae8e074346ef91775736c5ec479e637ecced6842de9dc98b5da9cd?s=96&d=mm&r=g","contentUrl":"https:\/\/secure.gravatar.com\/avatar\/b2a6f664a3ae8e074346ef91775736c5ec479e637ecced6842de9dc98b5da9cd?s=96&d=mm&r=g","caption":"ccortez"},"url":"https:\/\/www.uartes.edu.ec\/sitio\/blog\/author\/ccortez\/"}]}},"uagb_featured_image_src":{"full":["https:\/\/www.uartes.edu.ec\/sitio\/wp-content\/uploads\/2024\/10\/20-ENCUENTRO-ESCENICO-JUEVES-23-OCTUBRE-CONVERSATORIO.jpg",2000,1333,false],"thumbnail":["https:\/\/www.uartes.edu.ec\/sitio\/wp-content\/uploads\/2024\/10\/20-ENCUENTRO-ESCENICO-JUEVES-23-OCTUBRE-CONVERSATORIO-150x150.jpg",150,150,true],"medium":["https:\/\/www.uartes.edu.ec\/sitio\/wp-content\/uploads\/2024\/10\/20-ENCUENTRO-ESCENICO-JUEVES-23-OCTUBRE-CONVERSATORIO-300x200.jpg",300,200,true],"medium_large":["https:\/\/www.uartes.edu.ec\/sitio\/wp-content\/uploads\/2024\/10\/20-ENCUENTRO-ESCENICO-JUEVES-23-OCTUBRE-CONVERSATORIO-768x512.jpg",768,512,true],"large":["https:\/\/www.uartes.edu.ec\/sitio\/wp-content\/uploads\/2024\/10\/20-ENCUENTRO-ESCENICO-JUEVES-23-OCTUBRE-CONVERSATORIO-644x429.jpg",644,429,true],"1536x1536":["https:\/\/www.uartes.edu.ec\/sitio\/wp-content\/uploads\/2024\/10\/20-ENCUENTRO-ESCENICO-JUEVES-23-OCTUBRE-CONVERSATORIO-1536x1024.jpg",1536,1024,true],"2048x2048":["https:\/\/www.uartes.edu.ec\/sitio\/wp-content\/uploads\/2024\/10\/20-ENCUENTRO-ESCENICO-JUEVES-23-OCTUBRE-CONVERSATORIO.jpg",2000,1333,false],"trp-custom-language-flag":["https:\/\/www.uartes.edu.ec\/sitio\/wp-content\/uploads\/2024\/10\/20-ENCUENTRO-ESCENICO-JUEVES-23-OCTUBRE-CONVERSATORIO-18x12.jpg",18,12,true],"htmega_size_585x295":["https:\/\/www.uartes.edu.ec\/sitio\/wp-content\/uploads\/2024\/10\/20-ENCUENTRO-ESCENICO-JUEVES-23-OCTUBRE-CONVERSATORIO-585x295.jpg",585,295,true],"htmega_size_1170x536":["https:\/\/www.uartes.edu.ec\/sitio\/wp-content\/uploads\/2024\/10\/20-ENCUENTRO-ESCENICO-JUEVES-23-OCTUBRE-CONVERSATORIO-1170x536.jpg",1170,536,true],"htmega_size_396x360":["https:\/\/www.uartes.edu.ec\/sitio\/wp-content\/uploads\/2024\/10\/20-ENCUENTRO-ESCENICO-JUEVES-23-OCTUBRE-CONVERSATORIO-396x360.jpg",396,360,true],"gb-block-post-grid-landscape":["https:\/\/www.uartes.edu.ec\/sitio\/wp-content\/uploads\/2024\/10\/20-ENCUENTRO-ESCENICO-JUEVES-23-OCTUBRE-CONVERSATORIO-600x400.jpg",600,400,true],"gb-block-post-grid-square":["https:\/\/www.uartes.edu.ec\/sitio\/wp-content\/uploads\/2024\/10\/20-ENCUENTRO-ESCENICO-JUEVES-23-OCTUBRE-CONVERSATORIO-600x600.jpg",600,600,true],"university-hub-thumb":["https:\/\/www.uartes.edu.ec\/sitio\/wp-content\/uploads\/2024\/10\/20-ENCUENTRO-ESCENICO-JUEVES-23-OCTUBRE-CONVERSATORIO-400x267.jpg",400,267,true]},"uagb_author_info":{"display_name":"ccortez","author_link":"https:\/\/www.uartes.edu.ec\/sitio\/blog\/author\/ccortez\/"},"uagb_comment_info":0,"uagb_excerpt":"La presentaci\u00f3n \u201cRelinchario: todo sobre la mesa\u201d, la charla magistral \u201cTrazos existencia\u201d y el conversatorio \u201cArde la casa: im\u00e1genes e imagin-acciones que desbordan lo cotidiano\u201d, que comparti\u00f3 con la boliviana Paulina O\u00f1a y el alumnus Javier C\u00e1rdenas, son las actividades de la artista colombiana Daniela G\u00f3mez en el V Encuentro Esc\u00e9nico, evento hito de la&hellip;","featured_image_src":"https:\/\/www.uartes.edu.ec\/sitio\/wp-content\/uploads\/2024\/10\/20-ENCUENTRO-ESCENICO-JUEVES-23-OCTUBRE-CONVERSATORIO-600x400.jpg","featured_image_src_square":"https:\/\/www.uartes.edu.ec\/sitio\/wp-content\/uploads\/2024\/10\/20-ENCUENTRO-ESCENICO-JUEVES-23-OCTUBRE-CONVERSATORIO-600x600.jpg","author_info":{"display_name":"ccortez","author_link":"https:\/\/www.uartes.edu.ec\/sitio\/blog\/author\/ccortez\/"},"publishpress_future_workflow_manual_trigger":{"enabledWorkflows":[]},"distributor_meta":false,"distributor_terms":false,"distributor_media":false,"distributor_original_site_name":"Universidad de las Artes","distributor_original_site_url":"https:\/\/www.uartes.edu.ec\/sitio","push-errors":false,"_links":{"self":[{"href":"https:\/\/www.uartes.edu.ec\/sitio\/wp-json\/wp\/v2\/posts\/63722","targetHints":{"allow":["GET"]}}],"collection":[{"href":"https:\/\/www.uartes.edu.ec\/sitio\/wp-json\/wp\/v2\/posts"}],"about":[{"href":"https:\/\/www.uartes.edu.ec\/sitio\/wp-json\/wp\/v2\/types\/post"}],"author":[{"embeddable":true,"href":"https:\/\/www.uartes.edu.ec\/sitio\/wp-json\/wp\/v2\/users\/10"}],"replies":[{"embeddable":true,"href":"https:\/\/www.uartes.edu.ec\/sitio\/wp-json\/wp\/v2\/comments?post=63722"}],"version-history":[{"count":8,"href":"https:\/\/www.uartes.edu.ec\/sitio\/wp-json\/wp\/v2\/posts\/63722\/revisions"}],"predecessor-version":[{"id":63741,"href":"https:\/\/www.uartes.edu.ec\/sitio\/wp-json\/wp\/v2\/posts\/63722\/revisions\/63741"}],"wp:featuredmedia":[{"embeddable":true,"href":"https:\/\/www.uartes.edu.ec\/sitio\/wp-json\/wp\/v2\/media\/63723"}],"wp:attachment":[{"href":"https:\/\/www.uartes.edu.ec\/sitio\/wp-json\/wp\/v2\/media?parent=63722"}],"wp:term":[{"taxonomy":"category","embeddable":true,"href":"https:\/\/www.uartes.edu.ec\/sitio\/wp-json\/wp\/v2\/categories?post=63722"},{"taxonomy":"post_tag","embeddable":true,"href":"https:\/\/www.uartes.edu.ec\/sitio\/wp-json\/wp\/v2\/tags?post=63722"},{"taxonomy":"infouartes","embeddable":true,"href":"https:\/\/www.uartes.edu.ec\/sitio\/wp-json\/wp\/v2\/infouartes?post=63722"}],"curies":[{"name":"wp","href":"https:\/\/api.w.org\/{rel}","templated":true}]}}