{"id":64419,"date":"2024-11-12T16:37:00","date_gmt":"2024-11-12T21:37:00","guid":{"rendered":"https:\/\/www.uartes.edu.ec\/sitio\/?p=64419"},"modified":"2024-11-13T12:56:44","modified_gmt":"2024-11-13T17:56:44","slug":"creada-por-estudiantes-de-literatura-entropica-tiene-3-publicaciones-y-presencia-en-4-encuentros-editoriales","status":"publish","type":"post","link":"https:\/\/www.uartes.edu.ec\/sitio\/blog\/2024\/11\/12\/creada-por-estudiantes-de-literatura-entropica-tiene-3-publicaciones-y-presencia-en-4-encuentros-editoriales\/","title":{"rendered":"Creada por estudiantes de la Escuela de Literatura, Editorial Entr\u00f3pica ha llevado sus publicaciones a 4 citas editoriales"},"content":{"rendered":"\n<p>Como un proyecto de clase. Primero en Introducci\u00f3n a la Edici\u00f3n, asignatura dictada por Camila Corral, y luego Edici\u00f3n 1, a cargo de la docente Mar\u00eda Paulina Briones. As\u00ed fue concebida por los estudiantes Gabriel Delgado, Dayanna Garc\u00eda y Micaela Ron, de la Escuela de Literatura de la Universidad de las Artes, la editorial independiente artesanal Entr\u00f3pica, que surgi\u00f3 en 2023 y ha participado a la fecha en cuatro ferias de libros.<\/p>\n\n\n\n<p>La m\u00e1s reciente fue la feria de Libre Libro, Encuentro de Editoriales Independientes, organizada por la UArtes. All\u00ed, la Editorial Entr\u00f3pica no solo tuvo su stand donde mostr\u00f3 sus publicaciones, sino que Gabriel Delgado y Dayanna Garc\u00eda, quienes se mantuvieron en el proyecto, participaron el viernes 8 de noviembre en un conversatorio con Camila Corral en torno a la g\u00e9nesis de la propuesta y sus procesos. Esa cita, enmarcada como una Novedad Editorial, constituy\u00f3 la presentaci\u00f3n del sello.<\/p>\n\n\n\n<p>Delgado anot\u00f3 que en Edici\u00f3n 1, la docente Mar\u00eda Paulina Briones anim\u00f3 a sus estudiantes a crear un sello editorial que estuviera de acuerdo con sus intenciones e hiciera publicaciones que consideraran necesarias realizar. Para esto, en la materia Introducci\u00f3n a la Edici\u00f3n que les dio Camila Corral \u2013tambi\u00e9n docente y directora de Investigaci\u00f3n y Pedagog\u00eda\u2013 ya hab\u00edan anidado esa idea, por lo que el planteamiento les pareci\u00f3 el detonante para materializarla.<\/p>\n\n\n<div class=\"wp-block-image\">\n<figure class=\"aligncenter size-large\"><img fetchpriority=\"high\" decoding=\"async\" width=\"644\" height=\"429\" src=\"https:\/\/www.uartes.edu.ec\/sitio\/wp-content\/uploads\/2024\/11\/31-EDITORIAL-ENTROPICA-644x429.jpg\" alt=\"\" class=\"wp-image-64421\" srcset=\"https:\/\/www.uartes.edu.ec\/sitio\/wp-content\/uploads\/2024\/11\/31-EDITORIAL-ENTROPICA-644x429.jpg 644w, https:\/\/www.uartes.edu.ec\/sitio\/wp-content\/uploads\/2024\/11\/31-EDITORIAL-ENTROPICA-300x200.jpg 300w, https:\/\/www.uartes.edu.ec\/sitio\/wp-content\/uploads\/2024\/11\/31-EDITORIAL-ENTROPICA-768x512.jpg 768w, https:\/\/www.uartes.edu.ec\/sitio\/wp-content\/uploads\/2024\/11\/31-EDITORIAL-ENTROPICA-1536x1024.jpg 1536w, https:\/\/www.uartes.edu.ec\/sitio\/wp-content\/uploads\/2024\/11\/31-EDITORIAL-ENTROPICA-18x12.jpg 18w, https:\/\/www.uartes.edu.ec\/sitio\/wp-content\/uploads\/2024\/11\/31-EDITORIAL-ENTROPICA-600x400.jpg 600w, https:\/\/www.uartes.edu.ec\/sitio\/wp-content\/uploads\/2024\/11\/31-EDITORIAL-ENTROPICA-400x267.jpg 400w, https:\/\/www.uartes.edu.ec\/sitio\/wp-content\/uploads\/2024\/11\/31-EDITORIAL-ENTROPICA-272x182.jpg 272w, https:\/\/www.uartes.edu.ec\/sitio\/wp-content\/uploads\/2024\/11\/31-EDITORIAL-ENTROPICA.jpg 2000w\" sizes=\"(max-width: 644px) 100vw, 644px\" \/><\/figure>\n<\/div>\n\n\n<p>Al proyecto hab\u00eda que ponerle nombre y a Delgado le entusiasm\u00f3 llamarla Entr\u00f3pica, palabra que etimol\u00f3gicamente proviene de Entrop\u00eda, que en f\u00edsica hace alusi\u00f3n a la medida del desorden de un sistema. Esa tensi\u00f3n del t\u00e9rmino le interes\u00f3, anot\u00f3 el estudiante editor, porque ten\u00eda que ver con la intenci\u00f3n de publicar narrativas que salieran del statu quo y surgieran de las periferias, de esas voces que no han sido publicadas o no han sido tomadas en cuenta.<\/p>\n\n\n\n<p>Creado el sello, su primera propuesta editorial fue \u201cGuayaquil de mis quereres\u201d, una obra hecha a mano y cuyos relatos ilustr\u00f3 Antonia Aguirre, de Cuenca. Le sigui\u00f3 \u201cCabanga: ep\u00edstolas despu\u00e9s de la p\u00e9rdida\u201d, la cual surgi\u00f3 de una convocatoria abierta a los estudiantes UArtes. \u201cSolicitamos textos en forma de carta que estuvieran dirigidas a alguien, algo o un territorio importante y querido que hayan perdido\u201d, dijo Delgado.<\/p>\n\n\n\n<p>Agreg\u00f3 que \u201cCabanga\u201d significa ese sentimiento de nostalgia tras una p\u00e9rdida y que con la publicaci\u00f3n se propuso junto con Dayanna Garc\u00eda apelar a aquellos sentimientos que provienen del duelo como un proceso que atraviesa el humano de diversas formas y por diferentes razones, no solo la ausencia de un ser querido. Por esa raz\u00f3n, en la publicaci\u00f3n el formato de carta es fundamental para exaltar lo personal que pueden llegar a ser estos procesos, \u201cy decidimos concebirlo como libro cartonero siendo el cart\u00f3n aquel material con el que se env\u00eda o te llega un paquete\u201d.<\/p>\n\n\n<div class=\"wp-block-image\">\n<figure class=\"aligncenter size-large is-resized\"><img decoding=\"async\" width=\"644\" height=\"483\" src=\"https:\/\/www.uartes.edu.ec\/sitio\/wp-content\/uploads\/2024\/11\/Entro12--644x483.jpg\" alt=\"\" class=\"wp-image-64424\" style=\"width:465px;height:auto\" srcset=\"https:\/\/www.uartes.edu.ec\/sitio\/wp-content\/uploads\/2024\/11\/Entro12--644x483.jpg 644w, https:\/\/www.uartes.edu.ec\/sitio\/wp-content\/uploads\/2024\/11\/Entro12--300x225.jpg 300w, https:\/\/www.uartes.edu.ec\/sitio\/wp-content\/uploads\/2024\/11\/Entro12--768x576.jpg 768w, https:\/\/www.uartes.edu.ec\/sitio\/wp-content\/uploads\/2024\/11\/Entro12--1536x1152.jpg 1536w, https:\/\/www.uartes.edu.ec\/sitio\/wp-content\/uploads\/2024\/11\/Entro12--16x12.jpg 16w, https:\/\/www.uartes.edu.ec\/sitio\/wp-content\/uploads\/2024\/11\/Entro12--400x300.jpg 400w, https:\/\/www.uartes.edu.ec\/sitio\/wp-content\/uploads\/2024\/11\/Entro12-.jpg 1777w\" sizes=\"(max-width: 644px) 100vw, 644px\" \/><\/figure>\n<\/div>\n\n\n<p>\u201cCabanga\u201d tambi\u00e9n surgi\u00f3 de la necesidad de crear para un proyecto de vinculaci\u00f3n con la sociedad y lo empezaron a realizar, d\u00e1ndose cuenta en el proceso de las relaciones que se pod\u00edan generar en cuanto a personas o empresas que podr\u00edan contribuir como distribuidora del papel y material de cocido.<\/p>\n\n\n\n<p>La m\u00e1s reciente publicaci\u00f3n del sello Entr\u00f3pica es el fanzine \u201cAmar como\u201d, de Micaela Ron. \u201cLo que buscamos hacer con todas las propuestas editoriales que tenemos es que el contenido responda al contenedor, es decir, que el libro como objeto no sea solamente el m\u00f3vil de lo que lleva el texto, sino que responda a lo que necesita el texto\u201d.<\/p>\n\n\n\n<p>Hasta el momento, Editorial Entr\u00f3pica ha publicado a amigos y compa\u00f1eros. Delgado subray\u00f3 que el tema de hacerlo se demoniza, cuando en la pr\u00e1ctica a lo que apunta es a la gestaci\u00f3n de las econom\u00edas afectivas, las cuales se promueven mucho en el sector independiente \u201cy, al fin de cuentas, \u00bfcon qui\u00e9nes nos apoyamos?, nos apoyamos con quienes conocemos\u201d.<\/p>\n\n\n\n<p>A\u00f1adi\u00f3 que participar en ferias es una forma de crear redes y v\u00ednculos, se va conociendo gente y compartiendo un poco todo lo que hacemos. Ponder\u00f3 el gesto de contar con un espacio en el que participen editores y escritores que se est\u00e1n iniciando y\/o que todav\u00eda no se han graduado. \u201cEl tema de lo acad\u00e9mico no deber\u00eda incidir en cuanto a la producci\u00f3n editorial. Si eres capaz de crear un texto, entonces Editorial Entr\u00f3pica acoge a esas nuevas voces porque creemos y tenemos esta responsabilidad de que sean le\u00eddas\u201d.&nbsp;<\/p>\n\n\n\n<figure class=\"wp-block-gallery has-nested-images columns-default is-cropped wp-block-gallery-1 is-layout-flex wp-block-gallery-is-layout-flex\">\n<figure class=\"wp-block-image size-large\"><img decoding=\"async\" width=\"644\" height=\"429\" data-id=\"64426\" src=\"https:\/\/www.uartes.edu.ec\/sitio\/wp-content\/uploads\/2024\/11\/32-EDITORIAL-ENTROPICA-644x429.jpg\" alt=\"\" class=\"wp-image-64426\" srcset=\"https:\/\/www.uartes.edu.ec\/sitio\/wp-content\/uploads\/2024\/11\/32-EDITORIAL-ENTROPICA-644x429.jpg 644w, https:\/\/www.uartes.edu.ec\/sitio\/wp-content\/uploads\/2024\/11\/32-EDITORIAL-ENTROPICA-300x200.jpg 300w, https:\/\/www.uartes.edu.ec\/sitio\/wp-content\/uploads\/2024\/11\/32-EDITORIAL-ENTROPICA-768x512.jpg 768w, https:\/\/www.uartes.edu.ec\/sitio\/wp-content\/uploads\/2024\/11\/32-EDITORIAL-ENTROPICA-1536x1024.jpg 1536w, https:\/\/www.uartes.edu.ec\/sitio\/wp-content\/uploads\/2024\/11\/32-EDITORIAL-ENTROPICA-18x12.jpg 18w, https:\/\/www.uartes.edu.ec\/sitio\/wp-content\/uploads\/2024\/11\/32-EDITORIAL-ENTROPICA-600x400.jpg 600w, https:\/\/www.uartes.edu.ec\/sitio\/wp-content\/uploads\/2024\/11\/32-EDITORIAL-ENTROPICA-400x267.jpg 400w, https:\/\/www.uartes.edu.ec\/sitio\/wp-content\/uploads\/2024\/11\/32-EDITORIAL-ENTROPICA-272x182.jpg 272w, https:\/\/www.uartes.edu.ec\/sitio\/wp-content\/uploads\/2024\/11\/32-EDITORIAL-ENTROPICA.jpg 2000w\" sizes=\"(max-width: 644px) 100vw, 644px\" \/><\/figure>\n\n\n\n<figure class=\"wp-block-image size-large\"><img loading=\"lazy\" decoding=\"async\" width=\"644\" height=\"644\" data-id=\"64427\" src=\"https:\/\/www.uartes.edu.ec\/sitio\/wp-content\/uploads\/2024\/11\/Entro14-644x644.jpg\" alt=\"\" class=\"wp-image-64427\" srcset=\"https:\/\/www.uartes.edu.ec\/sitio\/wp-content\/uploads\/2024\/11\/Entro14-644x644.jpg 644w, https:\/\/www.uartes.edu.ec\/sitio\/wp-content\/uploads\/2024\/11\/Entro14-300x300.jpg 300w, https:\/\/www.uartes.edu.ec\/sitio\/wp-content\/uploads\/2024\/11\/Entro14-150x150.jpg 150w, https:\/\/www.uartes.edu.ec\/sitio\/wp-content\/uploads\/2024\/11\/Entro14-768x768.jpg 768w, https:\/\/www.uartes.edu.ec\/sitio\/wp-content\/uploads\/2024\/11\/Entro14-1536x1536.jpg 1536w, https:\/\/www.uartes.edu.ec\/sitio\/wp-content\/uploads\/2024\/11\/Entro14-12x12.jpg 12w, https:\/\/www.uartes.edu.ec\/sitio\/wp-content\/uploads\/2024\/11\/Entro14-60x60.jpg 60w, https:\/\/www.uartes.edu.ec\/sitio\/wp-content\/uploads\/2024\/11\/Entro14-600x600.jpg 600w, https:\/\/www.uartes.edu.ec\/sitio\/wp-content\/uploads\/2024\/11\/Entro14.jpg 2000w\" sizes=\"(max-width: 644px) 100vw, 644px\" \/><\/figure>\n<\/figure>\n\n\n\n<p><\/p>\n\n\n\n<p>Del trabajo que junto a Garc\u00eda realiza para el sello editorial, Delgado revel\u00f3 encargarse del dise\u00f1o y de la conceptualizaci\u00f3n del proyecto a publicar y destac\u00f3 el proceso de manufactura que observan las publicaciones.<\/p>\n\n\n\n<p>De las participaciones de la Editorial Entr\u00f3pica en ferias, Delgado mencion\u00f3 la presencia que el sello tuvo en Museo Tomado, asimismo, de editoriales y libreros independientes, organizado por La Colectiva; tuvo lugar en el museo Presley Norton los pasados 2 y 3 de agosto. Estuvo en la Feria Internacional del Libro Guayaquil 2024 (FIL GYE) en el stand de La Casa Morada. Y en el Encuentro de Literatura Independiente que realiz\u00f3 la Facultad de Artes de la Universidad Casa Grande el 24, 25 y 26 de octubre anterior.<\/p>\n\n\n\n<p>De los proyectos del sello, Delgado adelant\u00f3 iniciar una peque\u00f1a colecci\u00f3n de publicaciones peri\u00f3dicas en formato fanzines y lanzar una nueva colecci\u00f3n, a la que han denominado Kioskera, la cual se sumar\u00eda a las que ya tienen: Silla vac\u00eda, cuyas narrativas tienen que ver con las p\u00e9rdidas y ausencias, y Aguas mansas, que es de poes\u00eda. \u201cExiste el inter\u00e9s de una autora ya con varias obras publicadas de que Entr\u00f3pica le edite un nuevo libro, lo cual nos resulta un desaf\u00edo\u201d.<\/p>\n\n\n\n<p>Mantener el formato y continuar con producciones de bajo costo y de consumo r\u00e1pido constan entre los prop\u00f3sitos de la editorial, que busca tambi\u00e9n continuar participando en ferias de libros en esta ciudad y otras del pa\u00eds, e incluso fuera.<\/p>\n\n\n<div class=\"wp-block-image\">\n<figure class=\"aligncenter size-large is-resized\"><img loading=\"lazy\" decoding=\"async\" width=\"644\" height=\"483\" src=\"https:\/\/www.uartes.edu.ec\/sitio\/wp-content\/uploads\/2024\/11\/Entro13-644x483.jpg\" alt=\"\" class=\"wp-image-64425\" style=\"width:524px;height:auto\" srcset=\"https:\/\/www.uartes.edu.ec\/sitio\/wp-content\/uploads\/2024\/11\/Entro13-644x483.jpg 644w, https:\/\/www.uartes.edu.ec\/sitio\/wp-content\/uploads\/2024\/11\/Entro13-300x225.jpg 300w, https:\/\/www.uartes.edu.ec\/sitio\/wp-content\/uploads\/2024\/11\/Entro13-768x576.jpg 768w, https:\/\/www.uartes.edu.ec\/sitio\/wp-content\/uploads\/2024\/11\/Entro13-1536x1152.jpg 1536w, https:\/\/www.uartes.edu.ec\/sitio\/wp-content\/uploads\/2024\/11\/Entro13-16x12.jpg 16w, https:\/\/www.uartes.edu.ec\/sitio\/wp-content\/uploads\/2024\/11\/Entro13-400x300.jpg 400w, https:\/\/www.uartes.edu.ec\/sitio\/wp-content\/uploads\/2024\/11\/Entro13.jpg 1777w\" sizes=\"(max-width: 644px) 100vw, 644px\" \/><\/figure>\n<\/div>\n\n\n<p>Realizar la gesti\u00f3n los ayuda a ganar experiencia, cont\u00f3. Y es que para la feria de Libre Libro realizaron todos los pasos y procesos de las editoriales independientes. No por ser una editorial de estudiantes de la UArtes se saltaron esos pasos, al contrario. \u201cSiempre acudimos a Libre Libro y haber formado parte como expositores y hacer la presentaci\u00f3n del sello es una realidad que nos emociona\u201d.<\/p>\n\n\n\n<h3 class=\"wp-block-heading\">Sobre los editores<\/h3>\n\n\n\n<p>Gabriel Delgado, guayaco por nacimiento, manaba de coraz\u00f3n. Desde 2002 encuentra sentido a la vida en las artes y las p\u00e1ginas de los libros. En la carrera de Literatura de la UArtes cursa el itinerario de Edici\u00f3n y Creaci\u00f3n. Su pasi\u00f3n por la edici\u00f3n surge por la necesidad de transmutar narrativas de periferia en diferentes cuerpos y materialidades del objeto que llamamos \u201clibro\u201d. Lo que m\u00e1s le importa cuando edita es volverse uno con el papel y la m\u00e1quina; lo que menos, las fallas que hacen de cada libro una experiencia impar. Cree en el libro como causa y consecuencia del sentido de comunidad.<\/p>\n\n\n\n<p>Es jefe editor en Entr\u00f3pica, editorial independiente en la que ha tenido a su cargo dos publicaciones: \u201cGuayaquil de mis quereres\u201d y \u201cCabanga: ep\u00edstolas despu\u00e9s de la p\u00e9rdida\u201d. Es tambi\u00e9n asistente de gesti\u00f3n de la editorial de la Escuela de Literatura: el Hipop\u00f3tamo, Taller de Edici\u00f3n y Creaci\u00f3n.<\/p>\n\n\n\n<p>Dayanna Garc\u00eda, guayaquile\u00f1a de 22 a\u00f1os, es la co-creadora junto a Gabriel Delgado de Entr\u00f3pica. Actualmente cursa el sexto semestre de la carrera de Literatura, en el itinerario de Edici\u00f3n y Creaci\u00f3n. Lee todo lo que llegue a sus manos y cree que la mejor forma de explicar la realidad es a trav\u00e9s de la ficci\u00f3n. Es una de las creadoras del universo que llega a darle una Entrop\u00eda a la literatura.<\/p>\n\n\n\n<p>Texto: Carmen Cortez\/Dircom y Eleinn Rivera, estudiante de la Escuela de Literatura UArtes.<\/p>\n","protected":false},"excerpt":{"rendered":"<p>Surgi\u00f3 como un proyecto de clase y en la reciente edici\u00f3n de Libre Libro, la d\u00e9cima en este 2024, la Editorial Entr\u00f3pica tuvo su lanzamiento. En un conversatorio con la docente Camila Corral, los estudiantes de la Escuela de Literatura Gabriel Delgado y Dayanna Garc\u00eda hablaron de sus inicios, procesos y publicaciones. Adem\u00e1s, en la feria del encuentro de editoriales independientes realizada por la UArtes el sello tuvo su stand.<\/p>\n","protected":false},"author":10,"featured_media":64420,"comment_status":"open","ping_status":"open","sticky":false,"template":"","format":"standard","meta":{"_acf_changed":false,"_uag_custom_page_level_css":"","_monsterinsights_skip_tracking":false,"_monsterinsights_sitenote_active":false,"_monsterinsights_sitenote_note":"","_monsterinsights_sitenote_category":0,"cybocfi_hide_featured_image":"","footnotes":""},"categories":[80,82,75,76,77,175],"tags":[518],"infouartes":[],"class_list":["post-64419","post","type-post","status-publish","format-standard","has-post-thumbnail","hentry","category-academico","category-artes","category-docentes","category-estudiantes","category-gestion","category-literatura","tag-produccion"],"acf":[],"yoast_head":"<!-- This site is optimized with the Yoast SEO plugin v27.4 - https:\/\/yoast.com\/product\/yoast-seo-wordpress\/ -->\n<title>Universidad de las Artes - Creada por estudiantes de la Escuela de Literatura, Editorial Entr\u00f3pica ha llevado sus publicaciones a 4 citas editoriales<\/title>\n<meta name=\"description\" content=\"Universidad de las Artes - Creada por estudiantes de la Escuela de Literatura, Editorial Entr\u00f3pica ha llevado sus publicaciones a 4 citas editoriales\" \/>\n<meta name=\"robots\" content=\"index, follow, max-snippet:-1, max-image-preview:large, max-video-preview:-1\" \/>\n<link rel=\"canonical\" href=\"https:\/\/www.uartes.edu.ec\/sitio\/blog\/2024\/11\/12\/creada-por-estudiantes-de-literatura-entropica-tiene-3-publicaciones-y-presencia-en-4-encuentros-editoriales\/\" \/>\n<meta property=\"og:locale\" content=\"es_ES\" \/>\n<meta property=\"og:type\" content=\"article\" \/>\n<meta property=\"og:title\" content=\"Universidad de las Artes - Creada por estudiantes de la Escuela de Literatura, Editorial Entr\u00f3pica ha llevado sus publicaciones a 4 citas editoriales\" \/>\n<meta property=\"og:description\" content=\"Universidad de las Artes - Creada por estudiantes de la Escuela de Literatura, Editorial Entr\u00f3pica ha llevado sus publicaciones a 4 citas editoriales\" \/>\n<meta property=\"og:url\" content=\"https:\/\/www.uartes.edu.ec\/sitio\/blog\/2024\/11\/12\/creada-por-estudiantes-de-literatura-entropica-tiene-3-publicaciones-y-presencia-en-4-encuentros-editoriales\/\" \/>\n<meta property=\"og:site_name\" content=\"Universidad de las Artes\" \/>\n<meta property=\"article:publisher\" content=\"https:\/\/www.facebook.com\/uartesec\" \/>\n<meta property=\"article:published_time\" content=\"2024-11-12T21:37:00+00:00\" \/>\n<meta property=\"article:modified_time\" content=\"2024-11-13T17:56:44+00:00\" \/>\n<meta property=\"og:image\" content=\"https:\/\/www.uartes.edu.ec\/sitio\/wp-content\/uploads\/2024\/11\/33-EDITORIAL-ENTROPICA.jpg\" \/>\n\t<meta property=\"og:image:width\" content=\"2000\" \/>\n\t<meta property=\"og:image:height\" content=\"1333\" \/>\n\t<meta property=\"og:image:type\" content=\"image\/jpeg\" \/>\n<meta name=\"author\" content=\"ccortez\" \/>\n<meta name=\"twitter:card\" content=\"summary_large_image\" \/>\n<meta name=\"twitter:creator\" content=\"@uartesec\" \/>\n<meta name=\"twitter:site\" content=\"@uartesec\" \/>\n<meta name=\"twitter:label1\" content=\"Escrito por\" \/>\n\t<meta name=\"twitter:data1\" content=\"ccortez\" \/>\n\t<meta name=\"twitter:label2\" content=\"Tiempo de lectura\" \/>\n\t<meta name=\"twitter:data2\" content=\"8 minutos\" \/>\n<script type=\"application\/ld+json\" class=\"yoast-schema-graph\">{\"@context\":\"https:\\\/\\\/schema.org\",\"@graph\":[{\"@type\":\"Article\",\"@id\":\"https:\\\/\\\/www.uartes.edu.ec\\\/sitio\\\/blog\\\/2024\\\/11\\\/12\\\/creada-por-estudiantes-de-literatura-entropica-tiene-3-publicaciones-y-presencia-en-4-encuentros-editoriales\\\/#article\",\"isPartOf\":{\"@id\":\"https:\\\/\\\/www.uartes.edu.ec\\\/sitio\\\/blog\\\/2024\\\/11\\\/12\\\/creada-por-estudiantes-de-literatura-entropica-tiene-3-publicaciones-y-presencia-en-4-encuentros-editoriales\\\/\"},\"author\":{\"name\":\"ccortez\",\"@id\":\"https:\\\/\\\/www.uartes.edu.ec\\\/sitio\\\/#\\\/schema\\\/person\\\/efa1b8275797664fd7f13a79ccc0b1f4\"},\"headline\":\"Creada por estudiantes de la Escuela de Literatura, Editorial Entr\u00f3pica ha llevado sus publicaciones a 4 citas editoriales\",\"datePublished\":\"2024-11-12T21:37:00+00:00\",\"dateModified\":\"2024-11-13T17:56:44+00:00\",\"mainEntityOfPage\":{\"@id\":\"https:\\\/\\\/www.uartes.edu.ec\\\/sitio\\\/blog\\\/2024\\\/11\\\/12\\\/creada-por-estudiantes-de-literatura-entropica-tiene-3-publicaciones-y-presencia-en-4-encuentros-editoriales\\\/\"},\"wordCount\":1390,\"commentCount\":0,\"publisher\":{\"@id\":\"https:\\\/\\\/www.uartes.edu.ec\\\/sitio\\\/#organization\"},\"image\":{\"@id\":\"https:\\\/\\\/www.uartes.edu.ec\\\/sitio\\\/blog\\\/2024\\\/11\\\/12\\\/creada-por-estudiantes-de-literatura-entropica-tiene-3-publicaciones-y-presencia-en-4-encuentros-editoriales\\\/#primaryimage\"},\"thumbnailUrl\":\"https:\\\/\\\/www.uartes.edu.ec\\\/sitio\\\/wp-content\\\/uploads\\\/2024\\\/11\\\/33-EDITORIAL-ENTROPICA.jpg\",\"keywords\":[\"producci\u00f3n\"],\"articleSection\":[\"Acad\u00e9mico\",\"Artes\",\"Docentes\",\"Estudiantes\",\"Gesti\u00f3n\",\"Literatura\"],\"inLanguage\":\"es\",\"potentialAction\":[{\"@type\":\"CommentAction\",\"name\":\"Comment\",\"target\":[\"https:\\\/\\\/www.uartes.edu.ec\\\/sitio\\\/blog\\\/2024\\\/11\\\/12\\\/creada-por-estudiantes-de-literatura-entropica-tiene-3-publicaciones-y-presencia-en-4-encuentros-editoriales\\\/#respond\"]}]},{\"@type\":[\"WebPage\",\"ItemPage\"],\"@id\":\"https:\\\/\\\/www.uartes.edu.ec\\\/sitio\\\/blog\\\/2024\\\/11\\\/12\\\/creada-por-estudiantes-de-literatura-entropica-tiene-3-publicaciones-y-presencia-en-4-encuentros-editoriales\\\/\",\"url\":\"https:\\\/\\\/www.uartes.edu.ec\\\/sitio\\\/blog\\\/2024\\\/11\\\/12\\\/creada-por-estudiantes-de-literatura-entropica-tiene-3-publicaciones-y-presencia-en-4-encuentros-editoriales\\\/\",\"name\":\"Universidad de las Artes - Creada por estudiantes de la Escuela de Literatura, Editorial Entr\u00f3pica ha llevado sus publicaciones a 4 citas editoriales\",\"isPartOf\":{\"@id\":\"https:\\\/\\\/www.uartes.edu.ec\\\/sitio\\\/#website\"},\"primaryImageOfPage\":{\"@id\":\"https:\\\/\\\/www.uartes.edu.ec\\\/sitio\\\/blog\\\/2024\\\/11\\\/12\\\/creada-por-estudiantes-de-literatura-entropica-tiene-3-publicaciones-y-presencia-en-4-encuentros-editoriales\\\/#primaryimage\"},\"image\":{\"@id\":\"https:\\\/\\\/www.uartes.edu.ec\\\/sitio\\\/blog\\\/2024\\\/11\\\/12\\\/creada-por-estudiantes-de-literatura-entropica-tiene-3-publicaciones-y-presencia-en-4-encuentros-editoriales\\\/#primaryimage\"},\"thumbnailUrl\":\"https:\\\/\\\/www.uartes.edu.ec\\\/sitio\\\/wp-content\\\/uploads\\\/2024\\\/11\\\/33-EDITORIAL-ENTROPICA.jpg\",\"datePublished\":\"2024-11-12T21:37:00+00:00\",\"dateModified\":\"2024-11-13T17:56:44+00:00\",\"description\":\"Universidad de las Artes - Creada por estudiantes de la Escuela de Literatura, Editorial Entr\u00f3pica ha llevado sus publicaciones a 4 citas editoriales\",\"breadcrumb\":{\"@id\":\"https:\\\/\\\/www.uartes.edu.ec\\\/sitio\\\/blog\\\/2024\\\/11\\\/12\\\/creada-por-estudiantes-de-literatura-entropica-tiene-3-publicaciones-y-presencia-en-4-encuentros-editoriales\\\/#breadcrumb\"},\"inLanguage\":\"es\",\"potentialAction\":[{\"@type\":\"ReadAction\",\"target\":[\"https:\\\/\\\/www.uartes.edu.ec\\\/sitio\\\/blog\\\/2024\\\/11\\\/12\\\/creada-por-estudiantes-de-literatura-entropica-tiene-3-publicaciones-y-presencia-en-4-encuentros-editoriales\\\/\"]}]},{\"@type\":\"ImageObject\",\"inLanguage\":\"es\",\"@id\":\"https:\\\/\\\/www.uartes.edu.ec\\\/sitio\\\/blog\\\/2024\\\/11\\\/12\\\/creada-por-estudiantes-de-literatura-entropica-tiene-3-publicaciones-y-presencia-en-4-encuentros-editoriales\\\/#primaryimage\",\"url\":\"https:\\\/\\\/www.uartes.edu.ec\\\/sitio\\\/wp-content\\\/uploads\\\/2024\\\/11\\\/33-EDITORIAL-ENTROPICA.jpg\",\"contentUrl\":\"https:\\\/\\\/www.uartes.edu.ec\\\/sitio\\\/wp-content\\\/uploads\\\/2024\\\/11\\\/33-EDITORIAL-ENTROPICA.jpg\",\"width\":2000,\"height\":1333},{\"@type\":\"BreadcrumbList\",\"@id\":\"https:\\\/\\\/www.uartes.edu.ec\\\/sitio\\\/blog\\\/2024\\\/11\\\/12\\\/creada-por-estudiantes-de-literatura-entropica-tiene-3-publicaciones-y-presencia-en-4-encuentros-editoriales\\\/#breadcrumb\",\"itemListElement\":[{\"@type\":\"ListItem\",\"position\":1,\"name\":\"Inicio\",\"item\":\"https:\\\/\\\/www.uartes.edu.ec\\\/sitio\\\/\"},{\"@type\":\"ListItem\",\"position\":2,\"name\":\"Creada por estudiantes de la Escuela de Literatura, Editorial Entr\u00f3pica ha llevado sus publicaciones a 4 citas editoriales\"}]},{\"@type\":\"WebSite\",\"@id\":\"https:\\\/\\\/www.uartes.edu.ec\\\/sitio\\\/#website\",\"url\":\"https:\\\/\\\/www.uartes.edu.ec\\\/sitio\\\/\",\"name\":\"Universidad de las Artes\",\"description\":\"Sitio oficial de la Universidad Nacional de las Artes del Ecuador\",\"publisher\":{\"@id\":\"https:\\\/\\\/www.uartes.edu.ec\\\/sitio\\\/#organization\"},\"potentialAction\":[{\"@type\":\"SearchAction\",\"target\":{\"@type\":\"EntryPoint\",\"urlTemplate\":\"https:\\\/\\\/www.uartes.edu.ec\\\/sitio\\\/?s={search_term_string}\"},\"query-input\":{\"@type\":\"PropertyValueSpecification\",\"valueRequired\":true,\"valueName\":\"search_term_string\"}}],\"inLanguage\":\"es\"},{\"@type\":\"Organization\",\"@id\":\"https:\\\/\\\/www.uartes.edu.ec\\\/sitio\\\/#organization\",\"name\":\"Universidad de las Artes\",\"url\":\"https:\\\/\\\/www.uartes.edu.ec\\\/sitio\\\/\",\"logo\":{\"@type\":\"ImageObject\",\"inLanguage\":\"es\",\"@id\":\"https:\\\/\\\/www.uartes.edu.ec\\\/sitio\\\/#\\\/schema\\\/logo\\\/image\\\/\",\"url\":\"https:\\\/\\\/www.uartes.edu.ec\\\/sitio\\\/wp-content\\\/uploads\\\/2022\\\/07\\\/logo-ua-horizontal.png\",\"contentUrl\":\"https:\\\/\\\/www.uartes.edu.ec\\\/sitio\\\/wp-content\\\/uploads\\\/2022\\\/07\\\/logo-ua-horizontal.png\",\"width\":800,\"height\":276,\"caption\":\"Universidad de las Artes\"},\"image\":{\"@id\":\"https:\\\/\\\/www.uartes.edu.ec\\\/sitio\\\/#\\\/schema\\\/logo\\\/image\\\/\"},\"sameAs\":[\"https:\\\/\\\/www.facebook.com\\\/uartesec\",\"https:\\\/\\\/x.com\\\/uartesec\",\"https:\\\/\\\/www.tiktok.com\\\/@uartesec\"]},{\"@type\":\"Person\",\"@id\":\"https:\\\/\\\/www.uartes.edu.ec\\\/sitio\\\/#\\\/schema\\\/person\\\/efa1b8275797664fd7f13a79ccc0b1f4\",\"name\":\"ccortez\",\"image\":{\"@type\":\"ImageObject\",\"inLanguage\":\"es\",\"@id\":\"https:\\\/\\\/secure.gravatar.com\\\/avatar\\\/b2a6f664a3ae8e074346ef91775736c5ec479e637ecced6842de9dc98b5da9cd?s=96&d=mm&r=g\",\"url\":\"https:\\\/\\\/secure.gravatar.com\\\/avatar\\\/b2a6f664a3ae8e074346ef91775736c5ec479e637ecced6842de9dc98b5da9cd?s=96&d=mm&r=g\",\"contentUrl\":\"https:\\\/\\\/secure.gravatar.com\\\/avatar\\\/b2a6f664a3ae8e074346ef91775736c5ec479e637ecced6842de9dc98b5da9cd?s=96&d=mm&r=g\",\"caption\":\"ccortez\"},\"url\":\"https:\\\/\\\/www.uartes.edu.ec\\\/sitio\\\/blog\\\/author\\\/ccortez\\\/\"}]}<\/script>\n<!-- \/ Yoast SEO plugin. -->","yoast_head_json":{"title":"Universidad de las Artes - Creada por estudiantes de la Escuela de Literatura, Editorial Entr\u00f3pica ha llevado sus publicaciones a 4 citas editoriales","description":"Universidad de las Artes - Creada por estudiantes de la Escuela de Literatura, Editorial Entr\u00f3pica ha llevado sus publicaciones a 4 citas editoriales","robots":{"index":"index","follow":"follow","max-snippet":"max-snippet:-1","max-image-preview":"max-image-preview:large","max-video-preview":"max-video-preview:-1"},"canonical":"https:\/\/www.uartes.edu.ec\/sitio\/blog\/2024\/11\/12\/creada-por-estudiantes-de-literatura-entropica-tiene-3-publicaciones-y-presencia-en-4-encuentros-editoriales\/","og_locale":"es_ES","og_type":"article","og_title":"Universidad de las Artes - Creada por estudiantes de la Escuela de Literatura, Editorial Entr\u00f3pica ha llevado sus publicaciones a 4 citas editoriales","og_description":"Universidad de las Artes - Creada por estudiantes de la Escuela de Literatura, Editorial Entr\u00f3pica ha llevado sus publicaciones a 4 citas editoriales","og_url":"https:\/\/www.uartes.edu.ec\/sitio\/blog\/2024\/11\/12\/creada-por-estudiantes-de-literatura-entropica-tiene-3-publicaciones-y-presencia-en-4-encuentros-editoriales\/","og_site_name":"Universidad de las Artes","article_publisher":"https:\/\/www.facebook.com\/uartesec","article_published_time":"2024-11-12T21:37:00+00:00","article_modified_time":"2024-11-13T17:56:44+00:00","og_image":[{"width":2000,"height":1333,"url":"https:\/\/www.uartes.edu.ec\/sitio\/wp-content\/uploads\/2024\/11\/33-EDITORIAL-ENTROPICA.jpg","type":"image\/jpeg"}],"author":"ccortez","twitter_card":"summary_large_image","twitter_creator":"@uartesec","twitter_site":"@uartesec","twitter_misc":{"Escrito por":"ccortez","Tiempo de lectura":"8 minutos"},"schema":{"@context":"https:\/\/schema.org","@graph":[{"@type":"Article","@id":"https:\/\/www.uartes.edu.ec\/sitio\/blog\/2024\/11\/12\/creada-por-estudiantes-de-literatura-entropica-tiene-3-publicaciones-y-presencia-en-4-encuentros-editoriales\/#article","isPartOf":{"@id":"https:\/\/www.uartes.edu.ec\/sitio\/blog\/2024\/11\/12\/creada-por-estudiantes-de-literatura-entropica-tiene-3-publicaciones-y-presencia-en-4-encuentros-editoriales\/"},"author":{"name":"ccortez","@id":"https:\/\/www.uartes.edu.ec\/sitio\/#\/schema\/person\/efa1b8275797664fd7f13a79ccc0b1f4"},"headline":"Creada por estudiantes de la Escuela de Literatura, Editorial Entr\u00f3pica ha llevado sus publicaciones a 4 citas editoriales","datePublished":"2024-11-12T21:37:00+00:00","dateModified":"2024-11-13T17:56:44+00:00","mainEntityOfPage":{"@id":"https:\/\/www.uartes.edu.ec\/sitio\/blog\/2024\/11\/12\/creada-por-estudiantes-de-literatura-entropica-tiene-3-publicaciones-y-presencia-en-4-encuentros-editoriales\/"},"wordCount":1390,"commentCount":0,"publisher":{"@id":"https:\/\/www.uartes.edu.ec\/sitio\/#organization"},"image":{"@id":"https:\/\/www.uartes.edu.ec\/sitio\/blog\/2024\/11\/12\/creada-por-estudiantes-de-literatura-entropica-tiene-3-publicaciones-y-presencia-en-4-encuentros-editoriales\/#primaryimage"},"thumbnailUrl":"https:\/\/www.uartes.edu.ec\/sitio\/wp-content\/uploads\/2024\/11\/33-EDITORIAL-ENTROPICA.jpg","keywords":["producci\u00f3n"],"articleSection":["Acad\u00e9mico","Artes","Docentes","Estudiantes","Gesti\u00f3n","Literatura"],"inLanguage":"es","potentialAction":[{"@type":"CommentAction","name":"Comment","target":["https:\/\/www.uartes.edu.ec\/sitio\/blog\/2024\/11\/12\/creada-por-estudiantes-de-literatura-entropica-tiene-3-publicaciones-y-presencia-en-4-encuentros-editoriales\/#respond"]}]},{"@type":["WebPage","ItemPage"],"@id":"https:\/\/www.uartes.edu.ec\/sitio\/blog\/2024\/11\/12\/creada-por-estudiantes-de-literatura-entropica-tiene-3-publicaciones-y-presencia-en-4-encuentros-editoriales\/","url":"https:\/\/www.uartes.edu.ec\/sitio\/blog\/2024\/11\/12\/creada-por-estudiantes-de-literatura-entropica-tiene-3-publicaciones-y-presencia-en-4-encuentros-editoriales\/","name":"Universidad de las Artes - Creada por estudiantes de la Escuela de Literatura, Editorial Entr\u00f3pica ha llevado sus publicaciones a 4 citas editoriales","isPartOf":{"@id":"https:\/\/www.uartes.edu.ec\/sitio\/#website"},"primaryImageOfPage":{"@id":"https:\/\/www.uartes.edu.ec\/sitio\/blog\/2024\/11\/12\/creada-por-estudiantes-de-literatura-entropica-tiene-3-publicaciones-y-presencia-en-4-encuentros-editoriales\/#primaryimage"},"image":{"@id":"https:\/\/www.uartes.edu.ec\/sitio\/blog\/2024\/11\/12\/creada-por-estudiantes-de-literatura-entropica-tiene-3-publicaciones-y-presencia-en-4-encuentros-editoriales\/#primaryimage"},"thumbnailUrl":"https:\/\/www.uartes.edu.ec\/sitio\/wp-content\/uploads\/2024\/11\/33-EDITORIAL-ENTROPICA.jpg","datePublished":"2024-11-12T21:37:00+00:00","dateModified":"2024-11-13T17:56:44+00:00","description":"Universidad de las Artes - Creada por estudiantes de la Escuela de Literatura, Editorial Entr\u00f3pica ha llevado sus publicaciones a 4 citas editoriales","breadcrumb":{"@id":"https:\/\/www.uartes.edu.ec\/sitio\/blog\/2024\/11\/12\/creada-por-estudiantes-de-literatura-entropica-tiene-3-publicaciones-y-presencia-en-4-encuentros-editoriales\/#breadcrumb"},"inLanguage":"es","potentialAction":[{"@type":"ReadAction","target":["https:\/\/www.uartes.edu.ec\/sitio\/blog\/2024\/11\/12\/creada-por-estudiantes-de-literatura-entropica-tiene-3-publicaciones-y-presencia-en-4-encuentros-editoriales\/"]}]},{"@type":"ImageObject","inLanguage":"es","@id":"https:\/\/www.uartes.edu.ec\/sitio\/blog\/2024\/11\/12\/creada-por-estudiantes-de-literatura-entropica-tiene-3-publicaciones-y-presencia-en-4-encuentros-editoriales\/#primaryimage","url":"https:\/\/www.uartes.edu.ec\/sitio\/wp-content\/uploads\/2024\/11\/33-EDITORIAL-ENTROPICA.jpg","contentUrl":"https:\/\/www.uartes.edu.ec\/sitio\/wp-content\/uploads\/2024\/11\/33-EDITORIAL-ENTROPICA.jpg","width":2000,"height":1333},{"@type":"BreadcrumbList","@id":"https:\/\/www.uartes.edu.ec\/sitio\/blog\/2024\/11\/12\/creada-por-estudiantes-de-literatura-entropica-tiene-3-publicaciones-y-presencia-en-4-encuentros-editoriales\/#breadcrumb","itemListElement":[{"@type":"ListItem","position":1,"name":"Inicio","item":"https:\/\/www.uartes.edu.ec\/sitio\/"},{"@type":"ListItem","position":2,"name":"Creada por estudiantes de la Escuela de Literatura, Editorial Entr\u00f3pica ha llevado sus publicaciones a 4 citas editoriales"}]},{"@type":"WebSite","@id":"https:\/\/www.uartes.edu.ec\/sitio\/#website","url":"https:\/\/www.uartes.edu.ec\/sitio\/","name":"Universidad de las Artes","description":"Sitio oficial de la Universidad Nacional de las Artes del Ecuador","publisher":{"@id":"https:\/\/www.uartes.edu.ec\/sitio\/#organization"},"potentialAction":[{"@type":"SearchAction","target":{"@type":"EntryPoint","urlTemplate":"https:\/\/www.uartes.edu.ec\/sitio\/?s={search_term_string}"},"query-input":{"@type":"PropertyValueSpecification","valueRequired":true,"valueName":"search_term_string"}}],"inLanguage":"es"},{"@type":"Organization","@id":"https:\/\/www.uartes.edu.ec\/sitio\/#organization","name":"Universidad de las Artes","url":"https:\/\/www.uartes.edu.ec\/sitio\/","logo":{"@type":"ImageObject","inLanguage":"es","@id":"https:\/\/www.uartes.edu.ec\/sitio\/#\/schema\/logo\/image\/","url":"https:\/\/www.uartes.edu.ec\/sitio\/wp-content\/uploads\/2022\/07\/logo-ua-horizontal.png","contentUrl":"https:\/\/www.uartes.edu.ec\/sitio\/wp-content\/uploads\/2022\/07\/logo-ua-horizontal.png","width":800,"height":276,"caption":"Universidad de las Artes"},"image":{"@id":"https:\/\/www.uartes.edu.ec\/sitio\/#\/schema\/logo\/image\/"},"sameAs":["https:\/\/www.facebook.com\/uartesec","https:\/\/x.com\/uartesec","https:\/\/www.tiktok.com\/@uartesec"]},{"@type":"Person","@id":"https:\/\/www.uartes.edu.ec\/sitio\/#\/schema\/person\/efa1b8275797664fd7f13a79ccc0b1f4","name":"ccortez","image":{"@type":"ImageObject","inLanguage":"es","@id":"https:\/\/secure.gravatar.com\/avatar\/b2a6f664a3ae8e074346ef91775736c5ec479e637ecced6842de9dc98b5da9cd?s=96&d=mm&r=g","url":"https:\/\/secure.gravatar.com\/avatar\/b2a6f664a3ae8e074346ef91775736c5ec479e637ecced6842de9dc98b5da9cd?s=96&d=mm&r=g","contentUrl":"https:\/\/secure.gravatar.com\/avatar\/b2a6f664a3ae8e074346ef91775736c5ec479e637ecced6842de9dc98b5da9cd?s=96&d=mm&r=g","caption":"ccortez"},"url":"https:\/\/www.uartes.edu.ec\/sitio\/blog\/author\/ccortez\/"}]}},"uagb_featured_image_src":{"full":["https:\/\/www.uartes.edu.ec\/sitio\/wp-content\/uploads\/2024\/11\/33-EDITORIAL-ENTROPICA.jpg",2000,1333,false],"thumbnail":["https:\/\/www.uartes.edu.ec\/sitio\/wp-content\/uploads\/2024\/11\/33-EDITORIAL-ENTROPICA-150x150.jpg",150,150,true],"medium":["https:\/\/www.uartes.edu.ec\/sitio\/wp-content\/uploads\/2024\/11\/33-EDITORIAL-ENTROPICA-300x200.jpg",300,200,true],"medium_large":["https:\/\/www.uartes.edu.ec\/sitio\/wp-content\/uploads\/2024\/11\/33-EDITORIAL-ENTROPICA-768x512.jpg",768,512,true],"large":["https:\/\/www.uartes.edu.ec\/sitio\/wp-content\/uploads\/2024\/11\/33-EDITORIAL-ENTROPICA-644x429.jpg",644,429,true],"1536x1536":["https:\/\/www.uartes.edu.ec\/sitio\/wp-content\/uploads\/2024\/11\/33-EDITORIAL-ENTROPICA-1536x1024.jpg",1536,1024,true],"2048x2048":["https:\/\/www.uartes.edu.ec\/sitio\/wp-content\/uploads\/2024\/11\/33-EDITORIAL-ENTROPICA.jpg",2000,1333,false],"trp-custom-language-flag":["https:\/\/www.uartes.edu.ec\/sitio\/wp-content\/uploads\/2024\/11\/33-EDITORIAL-ENTROPICA-18x12.jpg",18,12,true],"htmega_size_585x295":["https:\/\/www.uartes.edu.ec\/sitio\/wp-content\/uploads\/2024\/11\/33-EDITORIAL-ENTROPICA-585x295.jpg",585,295,true],"htmega_size_1170x536":["https:\/\/www.uartes.edu.ec\/sitio\/wp-content\/uploads\/2024\/11\/33-EDITORIAL-ENTROPICA-1170x536.jpg",1170,536,true],"htmega_size_396x360":["https:\/\/www.uartes.edu.ec\/sitio\/wp-content\/uploads\/2024\/11\/33-EDITORIAL-ENTROPICA-396x360.jpg",396,360,true],"gb-block-post-grid-landscape":["https:\/\/www.uartes.edu.ec\/sitio\/wp-content\/uploads\/2024\/11\/33-EDITORIAL-ENTROPICA-600x400.jpg",600,400,true],"gb-block-post-grid-square":["https:\/\/www.uartes.edu.ec\/sitio\/wp-content\/uploads\/2024\/11\/33-EDITORIAL-ENTROPICA-600x600.jpg",600,600,true],"university-hub-thumb":["https:\/\/www.uartes.edu.ec\/sitio\/wp-content\/uploads\/2024\/11\/33-EDITORIAL-ENTROPICA-400x267.jpg",400,267,true]},"uagb_author_info":{"display_name":"ccortez","author_link":"https:\/\/www.uartes.edu.ec\/sitio\/blog\/author\/ccortez\/"},"uagb_comment_info":0,"uagb_excerpt":"Surgi\u00f3 como un proyecto de clase y en la reciente edici\u00f3n de Libre Libro, la d\u00e9cima en este 2024, la Editorial Entr\u00f3pica tuvo su lanzamiento. En un conversatorio con la docente Camila Corral, los estudiantes de la Escuela de Literatura Gabriel Delgado y Dayanna Garc\u00eda hablaron de sus inicios, procesos y publicaciones. Adem\u00e1s, en la&hellip;","featured_image_src":"https:\/\/www.uartes.edu.ec\/sitio\/wp-content\/uploads\/2024\/11\/33-EDITORIAL-ENTROPICA-600x400.jpg","featured_image_src_square":"https:\/\/www.uartes.edu.ec\/sitio\/wp-content\/uploads\/2024\/11\/33-EDITORIAL-ENTROPICA-600x600.jpg","author_info":{"display_name":"ccortez","author_link":"https:\/\/www.uartes.edu.ec\/sitio\/blog\/author\/ccortez\/"},"publishpress_future_workflow_manual_trigger":{"enabledWorkflows":[]},"distributor_meta":false,"distributor_terms":false,"distributor_media":false,"distributor_original_site_name":"Universidad de las Artes","distributor_original_site_url":"https:\/\/www.uartes.edu.ec\/sitio","push-errors":false,"_links":{"self":[{"href":"https:\/\/www.uartes.edu.ec\/sitio\/wp-json\/wp\/v2\/posts\/64419","targetHints":{"allow":["GET"]}}],"collection":[{"href":"https:\/\/www.uartes.edu.ec\/sitio\/wp-json\/wp\/v2\/posts"}],"about":[{"href":"https:\/\/www.uartes.edu.ec\/sitio\/wp-json\/wp\/v2\/types\/post"}],"author":[{"embeddable":true,"href":"https:\/\/www.uartes.edu.ec\/sitio\/wp-json\/wp\/v2\/users\/10"}],"replies":[{"embeddable":true,"href":"https:\/\/www.uartes.edu.ec\/sitio\/wp-json\/wp\/v2\/comments?post=64419"}],"version-history":[{"count":9,"href":"https:\/\/www.uartes.edu.ec\/sitio\/wp-json\/wp\/v2\/posts\/64419\/revisions"}],"predecessor-version":[{"id":64448,"href":"https:\/\/www.uartes.edu.ec\/sitio\/wp-json\/wp\/v2\/posts\/64419\/revisions\/64448"}],"wp:featuredmedia":[{"embeddable":true,"href":"https:\/\/www.uartes.edu.ec\/sitio\/wp-json\/wp\/v2\/media\/64420"}],"wp:attachment":[{"href":"https:\/\/www.uartes.edu.ec\/sitio\/wp-json\/wp\/v2\/media?parent=64419"}],"wp:term":[{"taxonomy":"category","embeddable":true,"href":"https:\/\/www.uartes.edu.ec\/sitio\/wp-json\/wp\/v2\/categories?post=64419"},{"taxonomy":"post_tag","embeddable":true,"href":"https:\/\/www.uartes.edu.ec\/sitio\/wp-json\/wp\/v2\/tags?post=64419"},{"taxonomy":"infouartes","embeddable":true,"href":"https:\/\/www.uartes.edu.ec\/sitio\/wp-json\/wp\/v2\/infouartes?post=64419"}],"curies":[{"name":"wp","href":"https:\/\/api.w.org\/{rel}","templated":true}]}}