{"id":65135,"date":"2024-11-24T11:20:00","date_gmt":"2024-11-24T16:20:00","guid":{"rendered":"https:\/\/www.uartes.edu.ec\/sitio\/?p=65135"},"modified":"2024-11-25T10:19:24","modified_gmt":"2024-11-25T15:19:24","slug":"la-uartes-abre-sus-puertas-26-y-27de-noviembre-tenemos-casa-abierta","status":"publish","type":"post","link":"https:\/\/www.uartes.edu.ec\/sitio\/blog\/2024\/11\/24\/la-uartes-abre-sus-puertas-26-y-27de-noviembre-tenemos-casa-abierta\/","title":{"rendered":"La UArtes abre sus puertas: 26 y 27 de noviembre tendremos Casa Abierta"},"content":{"rendered":"\n<p>La Universidad de las Artes abrir\u00e1 sus puertas el martes 26 y el mi\u00e9rcoles 27 de noviembre en una Casa Abierta concebida para dar a conocer no solo sus espacios e instalaciones, sino su oferta acad\u00e9mica de pregrado y posgrado, su Modelo Educativo y Pedag\u00f3gico y todos los servicios que ofrece como instituci\u00f3n de educaci\u00f3n superior p\u00fablica. Habr\u00e1 presentaciones en vivo, talleres interactivos, recorridos guiados y stands informativos.<\/p>\n\n\n\n<p>Organizada por la Direcci\u00f3n de Admisiones UArtes, a cargo de la mag\u00edster Nikita F\u00e9lix Galarza e integrada por las funcionarias Doris Romero y Jennifer Asencio, la actividad busca destacar la importancia de las artes y la educaci\u00f3n art\u00edstica en nuestra sociedad.<\/p>\n\n\n\n<p>Es la primera Casa Abierta que realiza la UArtes y aunque est\u00e1 principalmente dirigida a los educandos que est\u00e1n a punto de culminar su bachillerato, a quienes ya se han graduado y a los profesionales que aspiran a cursar estudios de cuarto nivel, esta apertura es tambi\u00e9n una invitaci\u00f3n para que el p\u00fablico en general la recorra y conozca de la educaci\u00f3n p\u00fablica y de calidad que brindan sus cinco escuelas de pregrado: Cine, Literatura, Artes Sonoras, Artes Visuales y Artes Esc\u00e9nicas, con sus ocho carreras, as\u00ed como su Escuela de Posgrados con sus seis maestr\u00edas vigentes.<\/p>\n\n\n\n<p>Para las presentaciones en vivo se han programado conciertos, exhibiciones teatrales, proyecciones cinematogr\u00e1ficas y muestras art\u00edsticas realizadas por nuestros estudiantes y docentes. La propuesta de los talleres interactivos de la Casa Abierta es una invitaci\u00f3n para, mediante actividades pr\u00e1cticas y charlas especializadas, profundizar en el mundo de las artes y la cultura. En los recorridos guiados se mostrar\u00e1n las instalaciones, los espacios de creaci\u00f3n, laboratorios y dem\u00e1s \u00e1reas que forman parte de la formaci\u00f3n integral de los estudiantes UArtes. Y en los stands informativos, adem\u00e1s del detalle de cada una de nuestras carreras, se dar\u00e1n a conocer los programas acad\u00e9micos y servicios estudiantiles con los que contamos.<\/p>\n\n\n\n<h3 class=\"wp-block-heading\">Programaci\u00f3n de los d\u00edas<\/h3>\n\n\n\n<p>La Casa Abierta UArtes se desarrollar\u00e1 desde las 10:00 hasta las 16:00 y el punto de encuentro es el antiguo Palacio de la Gobernaci\u00f3n, sede matriz de nuestra instituci\u00f3n.<\/p>\n\n\n\n<p>Tras el acto inaugural, en el espacio Malakita del Pasaje Illingworth se presentar\u00e1n los grupos Adelhaid y Aspy Band y del proyecto Aproximaci\u00f3n a la Praxis de la Escuela de Artes Esc\u00e9nicas. Habr\u00e1 un Open MAIC seguido por la charla \u201cLa literatura como oficio, posibilidades para el futuro\u201d, el taller y demostraci\u00f3n sonora: Marimba \u2013 Gamel\u00e1n, un set de m\u00fasica electr\u00f3nica y la presentaci\u00f3n art\u00edstica por la Aelit. En la Galer\u00eda del CIF, ubicada en el MZ14 Centro de Producci\u00f3n e Innovaci\u00f3n, se har\u00e1 una presentaci\u00f3n magistral de video mapping y en la Sala de Cine se proyectar\u00e1n los trabajos de titulaci\u00f3n de la maestr\u00eda de Cine Documental.<\/p>\n\n\n\n<p>Las actividades del 27 de noviembre arrancar\u00e1n con una charla acerca del Modelo Educativo y Pedag\u00f3gico de la Universidad de las Artes. Ser\u00e1 en la Sala de Cine del MZ14, donde, seguidamente, se har\u00e1 un cine foro. En la Plaza P\u00fablica de este mismo espacio habr\u00e1 una segunda presentaci\u00f3n del Proyecto Aproximaci\u00f3n a la Praxis de la Escuela de Artes Esc\u00e9nicas. En el Sal\u00f3n de Usos M\u00faltiples que est\u00e1 en el Pabell\u00f3n Araceli Gilbert de nuestra sede matriz se desarrollar\u00e1 el taller \u201cBailando mi nombre\u201d y en el Malakita: Ensamble de Marimba, la presentaci\u00f3n art\u00edstica por la Aelit.<\/p>\n\n\n\n<p>Tambi\u00e9n en el Sal\u00f3n de Usos M\u00faltiples del Pabell\u00f3n Araceli Gilbert habr\u00e1 un Live Looping y Composici\u00f3n en tiempo real. En el tercer piso de la Biblioteca de las Artes se realizar\u00e1n las presentaciones de los libros: Cat\u00e1logo \u201cPrompt me \/ si lo imaginas\u201d y \u201cPar\u00eds 5\u201d, de Liliana Miraglia, seguido este por un di\u00e1logo sobre la obra.<\/p>\n","protected":false},"excerpt":{"rendered":"<p>La Universidad de las Artes abrir\u00e1 sus puertas el martes 26 y el mi\u00e9rcoles 27 de noviembre en una Casa Abierta donde dar\u00e1 a conocer sus instalaciones, su oferta acad\u00e9mica de pregrado y posgrado, su Modelo Educativo y Pedag\u00f3gico y todos los servicios que ofrece como instituci\u00f3n de educaci\u00f3n superior p\u00fablica. Organizada por la Direcci\u00f3n de Admisiones, en los dos d\u00edas de actividades habr\u00e1 presentaciones en vivo, talleres interactivos, recorridos guiados y stands informativos. <\/p>\n","protected":false},"author":10,"featured_media":65136,"comment_status":"open","ping_status":"open","sticky":false,"template":"","format":"standard","meta":{"_acf_changed":false,"_uag_custom_page_level_css":"","_monsterinsights_skip_tracking":false,"_monsterinsights_sitenote_active":false,"_monsterinsights_sitenote_note":"","_monsterinsights_sitenote_category":0,"cybocfi_hide_featured_image":"","footnotes":""},"categories":[80,159,150,157,147,75,76,77,175],"tags":[517],"infouartes":[],"class_list":["post-65135","post","type-post","status-publish","format-standard","has-post-thumbnail","hentry","category-academico","category-artes-escenicas","category-artes-sonoras","category-artes-visuales","category-cine","category-docentes","category-estudiantes","category-gestion","category-literatura","tag-exposicion"],"acf":[],"yoast_head":"<!-- This site is optimized with the Yoast SEO plugin v27.4 - https:\/\/yoast.com\/product\/yoast-seo-wordpress\/ -->\n<title>Universidad de las Artes - La UArtes abre sus puertas: 26 y 27 de noviembre tendremos Casa Abierta<\/title>\n<meta name=\"description\" content=\"Universidad de las Artes - La UArtes abre sus puertas: 26 y 27 de noviembre tendremos Casa Abierta\" \/>\n<meta name=\"robots\" content=\"index, follow, max-snippet:-1, max-image-preview:large, max-video-preview:-1\" \/>\n<link rel=\"canonical\" href=\"https:\/\/www.uartes.edu.ec\/sitio\/blog\/2024\/11\/24\/la-uartes-abre-sus-puertas-26-y-27de-noviembre-tenemos-casa-abierta\/\" \/>\n<meta property=\"og:locale\" content=\"es_ES\" \/>\n<meta property=\"og:type\" content=\"article\" \/>\n<meta property=\"og:title\" content=\"Universidad de las Artes - La UArtes abre sus puertas: 26 y 27 de noviembre tendremos Casa Abierta\" \/>\n<meta property=\"og:description\" content=\"Universidad de las Artes - La UArtes abre sus puertas: 26 y 27 de noviembre tendremos Casa Abierta\" \/>\n<meta property=\"og:url\" content=\"https:\/\/www.uartes.edu.ec\/sitio\/blog\/2024\/11\/24\/la-uartes-abre-sus-puertas-26-y-27de-noviembre-tenemos-casa-abierta\/\" \/>\n<meta property=\"og:site_name\" content=\"Universidad de las Artes\" \/>\n<meta property=\"article:publisher\" content=\"https:\/\/www.facebook.com\/uartesec\" \/>\n<meta property=\"article:published_time\" content=\"2024-11-24T16:20:00+00:00\" \/>\n<meta property=\"article:modified_time\" content=\"2024-11-25T15:19:24+00:00\" \/>\n<meta property=\"og:image\" content=\"https:\/\/www.uartes.edu.ec\/sitio\/wp-content\/uploads\/2024\/11\/CASA-ABIERTA-UARTES-2024-WEB.jpg\" \/>\n\t<meta property=\"og:image:width\" content=\"2000\" \/>\n\t<meta property=\"og:image:height\" content=\"1333\" \/>\n\t<meta property=\"og:image:type\" content=\"image\/jpeg\" \/>\n<meta name=\"author\" content=\"ccortez\" \/>\n<meta name=\"twitter:card\" content=\"summary_large_image\" \/>\n<meta name=\"twitter:creator\" content=\"@uartesec\" \/>\n<meta name=\"twitter:site\" content=\"@uartesec\" \/>\n<meta name=\"twitter:label1\" content=\"Escrito por\" \/>\n\t<meta name=\"twitter:data1\" content=\"ccortez\" \/>\n\t<meta name=\"twitter:label2\" content=\"Tiempo de lectura\" \/>\n\t<meta name=\"twitter:data2\" content=\"3 minutos\" \/>\n<script type=\"application\/ld+json\" class=\"yoast-schema-graph\">{\"@context\":\"https:\\\/\\\/schema.org\",\"@graph\":[{\"@type\":\"Article\",\"@id\":\"https:\\\/\\\/www.uartes.edu.ec\\\/sitio\\\/blog\\\/2024\\\/11\\\/24\\\/la-uartes-abre-sus-puertas-26-y-27de-noviembre-tenemos-casa-abierta\\\/#article\",\"isPartOf\":{\"@id\":\"https:\\\/\\\/www.uartes.edu.ec\\\/sitio\\\/blog\\\/2024\\\/11\\\/24\\\/la-uartes-abre-sus-puertas-26-y-27de-noviembre-tenemos-casa-abierta\\\/\"},\"author\":{\"name\":\"ccortez\",\"@id\":\"https:\\\/\\\/www.uartes.edu.ec\\\/sitio\\\/#\\\/schema\\\/person\\\/efa1b8275797664fd7f13a79ccc0b1f4\"},\"headline\":\"La UArtes abre sus puertas: 26 y 27 de noviembre tendremos Casa Abierta\",\"datePublished\":\"2024-11-24T16:20:00+00:00\",\"dateModified\":\"2024-11-25T15:19:24+00:00\",\"mainEntityOfPage\":{\"@id\":\"https:\\\/\\\/www.uartes.edu.ec\\\/sitio\\\/blog\\\/2024\\\/11\\\/24\\\/la-uartes-abre-sus-puertas-26-y-27de-noviembre-tenemos-casa-abierta\\\/\"},\"wordCount\":683,\"commentCount\":0,\"publisher\":{\"@id\":\"https:\\\/\\\/www.uartes.edu.ec\\\/sitio\\\/#organization\"},\"image\":{\"@id\":\"https:\\\/\\\/www.uartes.edu.ec\\\/sitio\\\/blog\\\/2024\\\/11\\\/24\\\/la-uartes-abre-sus-puertas-26-y-27de-noviembre-tenemos-casa-abierta\\\/#primaryimage\"},\"thumbnailUrl\":\"https:\\\/\\\/www.uartes.edu.ec\\\/sitio\\\/wp-content\\\/uploads\\\/2024\\\/11\\\/CASA-ABIERTA-UARTES-2024-WEB.jpg\",\"keywords\":[\"exposici\u00f3n\"],\"articleSection\":[\"Acad\u00e9mico\",\"Artes Esc\u00e9nicas\",\"Artes Sonoras\",\"Artes Visuales\",\"Cine\",\"Docentes\",\"Estudiantes\",\"Gesti\u00f3n\",\"Literatura\"],\"inLanguage\":\"es\",\"potentialAction\":[{\"@type\":\"CommentAction\",\"name\":\"Comment\",\"target\":[\"https:\\\/\\\/www.uartes.edu.ec\\\/sitio\\\/blog\\\/2024\\\/11\\\/24\\\/la-uartes-abre-sus-puertas-26-y-27de-noviembre-tenemos-casa-abierta\\\/#respond\"]}]},{\"@type\":[\"WebPage\",\"ItemPage\"],\"@id\":\"https:\\\/\\\/www.uartes.edu.ec\\\/sitio\\\/blog\\\/2024\\\/11\\\/24\\\/la-uartes-abre-sus-puertas-26-y-27de-noviembre-tenemos-casa-abierta\\\/\",\"url\":\"https:\\\/\\\/www.uartes.edu.ec\\\/sitio\\\/blog\\\/2024\\\/11\\\/24\\\/la-uartes-abre-sus-puertas-26-y-27de-noviembre-tenemos-casa-abierta\\\/\",\"name\":\"Universidad de las Artes - La UArtes abre sus puertas: 26 y 27 de noviembre tendremos Casa Abierta\",\"isPartOf\":{\"@id\":\"https:\\\/\\\/www.uartes.edu.ec\\\/sitio\\\/#website\"},\"primaryImageOfPage\":{\"@id\":\"https:\\\/\\\/www.uartes.edu.ec\\\/sitio\\\/blog\\\/2024\\\/11\\\/24\\\/la-uartes-abre-sus-puertas-26-y-27de-noviembre-tenemos-casa-abierta\\\/#primaryimage\"},\"image\":{\"@id\":\"https:\\\/\\\/www.uartes.edu.ec\\\/sitio\\\/blog\\\/2024\\\/11\\\/24\\\/la-uartes-abre-sus-puertas-26-y-27de-noviembre-tenemos-casa-abierta\\\/#primaryimage\"},\"thumbnailUrl\":\"https:\\\/\\\/www.uartes.edu.ec\\\/sitio\\\/wp-content\\\/uploads\\\/2024\\\/11\\\/CASA-ABIERTA-UARTES-2024-WEB.jpg\",\"datePublished\":\"2024-11-24T16:20:00+00:00\",\"dateModified\":\"2024-11-25T15:19:24+00:00\",\"description\":\"Universidad de las Artes - La UArtes abre sus puertas: 26 y 27 de noviembre tendremos Casa Abierta\",\"breadcrumb\":{\"@id\":\"https:\\\/\\\/www.uartes.edu.ec\\\/sitio\\\/blog\\\/2024\\\/11\\\/24\\\/la-uartes-abre-sus-puertas-26-y-27de-noviembre-tenemos-casa-abierta\\\/#breadcrumb\"},\"inLanguage\":\"es\",\"potentialAction\":[{\"@type\":\"ReadAction\",\"target\":[\"https:\\\/\\\/www.uartes.edu.ec\\\/sitio\\\/blog\\\/2024\\\/11\\\/24\\\/la-uartes-abre-sus-puertas-26-y-27de-noviembre-tenemos-casa-abierta\\\/\"]}]},{\"@type\":\"ImageObject\",\"inLanguage\":\"es\",\"@id\":\"https:\\\/\\\/www.uartes.edu.ec\\\/sitio\\\/blog\\\/2024\\\/11\\\/24\\\/la-uartes-abre-sus-puertas-26-y-27de-noviembre-tenemos-casa-abierta\\\/#primaryimage\",\"url\":\"https:\\\/\\\/www.uartes.edu.ec\\\/sitio\\\/wp-content\\\/uploads\\\/2024\\\/11\\\/CASA-ABIERTA-UARTES-2024-WEB.jpg\",\"contentUrl\":\"https:\\\/\\\/www.uartes.edu.ec\\\/sitio\\\/wp-content\\\/uploads\\\/2024\\\/11\\\/CASA-ABIERTA-UARTES-2024-WEB.jpg\",\"width\":2000,\"height\":1333},{\"@type\":\"BreadcrumbList\",\"@id\":\"https:\\\/\\\/www.uartes.edu.ec\\\/sitio\\\/blog\\\/2024\\\/11\\\/24\\\/la-uartes-abre-sus-puertas-26-y-27de-noviembre-tenemos-casa-abierta\\\/#breadcrumb\",\"itemListElement\":[{\"@type\":\"ListItem\",\"position\":1,\"name\":\"Inicio\",\"item\":\"https:\\\/\\\/www.uartes.edu.ec\\\/sitio\\\/\"},{\"@type\":\"ListItem\",\"position\":2,\"name\":\"La UArtes abre sus puertas: 26 y 27 de noviembre tendremos Casa Abierta\"}]},{\"@type\":\"WebSite\",\"@id\":\"https:\\\/\\\/www.uartes.edu.ec\\\/sitio\\\/#website\",\"url\":\"https:\\\/\\\/www.uartes.edu.ec\\\/sitio\\\/\",\"name\":\"Universidad de las Artes\",\"description\":\"Sitio oficial de la Universidad Nacional de las Artes del Ecuador\",\"publisher\":{\"@id\":\"https:\\\/\\\/www.uartes.edu.ec\\\/sitio\\\/#organization\"},\"potentialAction\":[{\"@type\":\"SearchAction\",\"target\":{\"@type\":\"EntryPoint\",\"urlTemplate\":\"https:\\\/\\\/www.uartes.edu.ec\\\/sitio\\\/?s={search_term_string}\"},\"query-input\":{\"@type\":\"PropertyValueSpecification\",\"valueRequired\":true,\"valueName\":\"search_term_string\"}}],\"inLanguage\":\"es\"},{\"@type\":\"Organization\",\"@id\":\"https:\\\/\\\/www.uartes.edu.ec\\\/sitio\\\/#organization\",\"name\":\"Universidad de las Artes\",\"url\":\"https:\\\/\\\/www.uartes.edu.ec\\\/sitio\\\/\",\"logo\":{\"@type\":\"ImageObject\",\"inLanguage\":\"es\",\"@id\":\"https:\\\/\\\/www.uartes.edu.ec\\\/sitio\\\/#\\\/schema\\\/logo\\\/image\\\/\",\"url\":\"https:\\\/\\\/www.uartes.edu.ec\\\/sitio\\\/wp-content\\\/uploads\\\/2022\\\/07\\\/logo-ua-horizontal.png\",\"contentUrl\":\"https:\\\/\\\/www.uartes.edu.ec\\\/sitio\\\/wp-content\\\/uploads\\\/2022\\\/07\\\/logo-ua-horizontal.png\",\"width\":800,\"height\":276,\"caption\":\"Universidad de las Artes\"},\"image\":{\"@id\":\"https:\\\/\\\/www.uartes.edu.ec\\\/sitio\\\/#\\\/schema\\\/logo\\\/image\\\/\"},\"sameAs\":[\"https:\\\/\\\/www.facebook.com\\\/uartesec\",\"https:\\\/\\\/x.com\\\/uartesec\",\"https:\\\/\\\/www.tiktok.com\\\/@uartesec\"]},{\"@type\":\"Person\",\"@id\":\"https:\\\/\\\/www.uartes.edu.ec\\\/sitio\\\/#\\\/schema\\\/person\\\/efa1b8275797664fd7f13a79ccc0b1f4\",\"name\":\"ccortez\",\"image\":{\"@type\":\"ImageObject\",\"inLanguage\":\"es\",\"@id\":\"https:\\\/\\\/secure.gravatar.com\\\/avatar\\\/b2a6f664a3ae8e074346ef91775736c5ec479e637ecced6842de9dc98b5da9cd?s=96&d=mm&r=g\",\"url\":\"https:\\\/\\\/secure.gravatar.com\\\/avatar\\\/b2a6f664a3ae8e074346ef91775736c5ec479e637ecced6842de9dc98b5da9cd?s=96&d=mm&r=g\",\"contentUrl\":\"https:\\\/\\\/secure.gravatar.com\\\/avatar\\\/b2a6f664a3ae8e074346ef91775736c5ec479e637ecced6842de9dc98b5da9cd?s=96&d=mm&r=g\",\"caption\":\"ccortez\"},\"url\":\"https:\\\/\\\/www.uartes.edu.ec\\\/sitio\\\/blog\\\/author\\\/ccortez\\\/\"}]}<\/script>\n<!-- \/ Yoast SEO plugin. -->","yoast_head_json":{"title":"Universidad de las Artes - La UArtes abre sus puertas: 26 y 27 de noviembre tendremos Casa Abierta","description":"Universidad de las Artes - La UArtes abre sus puertas: 26 y 27 de noviembre tendremos Casa Abierta","robots":{"index":"index","follow":"follow","max-snippet":"max-snippet:-1","max-image-preview":"max-image-preview:large","max-video-preview":"max-video-preview:-1"},"canonical":"https:\/\/www.uartes.edu.ec\/sitio\/blog\/2024\/11\/24\/la-uartes-abre-sus-puertas-26-y-27de-noviembre-tenemos-casa-abierta\/","og_locale":"es_ES","og_type":"article","og_title":"Universidad de las Artes - La UArtes abre sus puertas: 26 y 27 de noviembre tendremos Casa Abierta","og_description":"Universidad de las Artes - La UArtes abre sus puertas: 26 y 27 de noviembre tendremos Casa Abierta","og_url":"https:\/\/www.uartes.edu.ec\/sitio\/blog\/2024\/11\/24\/la-uartes-abre-sus-puertas-26-y-27de-noviembre-tenemos-casa-abierta\/","og_site_name":"Universidad de las Artes","article_publisher":"https:\/\/www.facebook.com\/uartesec","article_published_time":"2024-11-24T16:20:00+00:00","article_modified_time":"2024-11-25T15:19:24+00:00","og_image":[{"width":2000,"height":1333,"url":"https:\/\/www.uartes.edu.ec\/sitio\/wp-content\/uploads\/2024\/11\/CASA-ABIERTA-UARTES-2024-WEB.jpg","type":"image\/jpeg"}],"author":"ccortez","twitter_card":"summary_large_image","twitter_creator":"@uartesec","twitter_site":"@uartesec","twitter_misc":{"Escrito por":"ccortez","Tiempo de lectura":"3 minutos"},"schema":{"@context":"https:\/\/schema.org","@graph":[{"@type":"Article","@id":"https:\/\/www.uartes.edu.ec\/sitio\/blog\/2024\/11\/24\/la-uartes-abre-sus-puertas-26-y-27de-noviembre-tenemos-casa-abierta\/#article","isPartOf":{"@id":"https:\/\/www.uartes.edu.ec\/sitio\/blog\/2024\/11\/24\/la-uartes-abre-sus-puertas-26-y-27de-noviembre-tenemos-casa-abierta\/"},"author":{"name":"ccortez","@id":"https:\/\/www.uartes.edu.ec\/sitio\/#\/schema\/person\/efa1b8275797664fd7f13a79ccc0b1f4"},"headline":"La UArtes abre sus puertas: 26 y 27 de noviembre tendremos Casa Abierta","datePublished":"2024-11-24T16:20:00+00:00","dateModified":"2024-11-25T15:19:24+00:00","mainEntityOfPage":{"@id":"https:\/\/www.uartes.edu.ec\/sitio\/blog\/2024\/11\/24\/la-uartes-abre-sus-puertas-26-y-27de-noviembre-tenemos-casa-abierta\/"},"wordCount":683,"commentCount":0,"publisher":{"@id":"https:\/\/www.uartes.edu.ec\/sitio\/#organization"},"image":{"@id":"https:\/\/www.uartes.edu.ec\/sitio\/blog\/2024\/11\/24\/la-uartes-abre-sus-puertas-26-y-27de-noviembre-tenemos-casa-abierta\/#primaryimage"},"thumbnailUrl":"https:\/\/www.uartes.edu.ec\/sitio\/wp-content\/uploads\/2024\/11\/CASA-ABIERTA-UARTES-2024-WEB.jpg","keywords":["exposici\u00f3n"],"articleSection":["Acad\u00e9mico","Artes Esc\u00e9nicas","Artes Sonoras","Artes Visuales","Cine","Docentes","Estudiantes","Gesti\u00f3n","Literatura"],"inLanguage":"es","potentialAction":[{"@type":"CommentAction","name":"Comment","target":["https:\/\/www.uartes.edu.ec\/sitio\/blog\/2024\/11\/24\/la-uartes-abre-sus-puertas-26-y-27de-noviembre-tenemos-casa-abierta\/#respond"]}]},{"@type":["WebPage","ItemPage"],"@id":"https:\/\/www.uartes.edu.ec\/sitio\/blog\/2024\/11\/24\/la-uartes-abre-sus-puertas-26-y-27de-noviembre-tenemos-casa-abierta\/","url":"https:\/\/www.uartes.edu.ec\/sitio\/blog\/2024\/11\/24\/la-uartes-abre-sus-puertas-26-y-27de-noviembre-tenemos-casa-abierta\/","name":"Universidad de las Artes - La UArtes abre sus puertas: 26 y 27 de noviembre tendremos Casa Abierta","isPartOf":{"@id":"https:\/\/www.uartes.edu.ec\/sitio\/#website"},"primaryImageOfPage":{"@id":"https:\/\/www.uartes.edu.ec\/sitio\/blog\/2024\/11\/24\/la-uartes-abre-sus-puertas-26-y-27de-noviembre-tenemos-casa-abierta\/#primaryimage"},"image":{"@id":"https:\/\/www.uartes.edu.ec\/sitio\/blog\/2024\/11\/24\/la-uartes-abre-sus-puertas-26-y-27de-noviembre-tenemos-casa-abierta\/#primaryimage"},"thumbnailUrl":"https:\/\/www.uartes.edu.ec\/sitio\/wp-content\/uploads\/2024\/11\/CASA-ABIERTA-UARTES-2024-WEB.jpg","datePublished":"2024-11-24T16:20:00+00:00","dateModified":"2024-11-25T15:19:24+00:00","description":"Universidad de las Artes - La UArtes abre sus puertas: 26 y 27 de noviembre tendremos Casa Abierta","breadcrumb":{"@id":"https:\/\/www.uartes.edu.ec\/sitio\/blog\/2024\/11\/24\/la-uartes-abre-sus-puertas-26-y-27de-noviembre-tenemos-casa-abierta\/#breadcrumb"},"inLanguage":"es","potentialAction":[{"@type":"ReadAction","target":["https:\/\/www.uartes.edu.ec\/sitio\/blog\/2024\/11\/24\/la-uartes-abre-sus-puertas-26-y-27de-noviembre-tenemos-casa-abierta\/"]}]},{"@type":"ImageObject","inLanguage":"es","@id":"https:\/\/www.uartes.edu.ec\/sitio\/blog\/2024\/11\/24\/la-uartes-abre-sus-puertas-26-y-27de-noviembre-tenemos-casa-abierta\/#primaryimage","url":"https:\/\/www.uartes.edu.ec\/sitio\/wp-content\/uploads\/2024\/11\/CASA-ABIERTA-UARTES-2024-WEB.jpg","contentUrl":"https:\/\/www.uartes.edu.ec\/sitio\/wp-content\/uploads\/2024\/11\/CASA-ABIERTA-UARTES-2024-WEB.jpg","width":2000,"height":1333},{"@type":"BreadcrumbList","@id":"https:\/\/www.uartes.edu.ec\/sitio\/blog\/2024\/11\/24\/la-uartes-abre-sus-puertas-26-y-27de-noviembre-tenemos-casa-abierta\/#breadcrumb","itemListElement":[{"@type":"ListItem","position":1,"name":"Inicio","item":"https:\/\/www.uartes.edu.ec\/sitio\/"},{"@type":"ListItem","position":2,"name":"La UArtes abre sus puertas: 26 y 27 de noviembre tendremos Casa Abierta"}]},{"@type":"WebSite","@id":"https:\/\/www.uartes.edu.ec\/sitio\/#website","url":"https:\/\/www.uartes.edu.ec\/sitio\/","name":"Universidad de las Artes","description":"Sitio oficial de la Universidad Nacional de las Artes del Ecuador","publisher":{"@id":"https:\/\/www.uartes.edu.ec\/sitio\/#organization"},"potentialAction":[{"@type":"SearchAction","target":{"@type":"EntryPoint","urlTemplate":"https:\/\/www.uartes.edu.ec\/sitio\/?s={search_term_string}"},"query-input":{"@type":"PropertyValueSpecification","valueRequired":true,"valueName":"search_term_string"}}],"inLanguage":"es"},{"@type":"Organization","@id":"https:\/\/www.uartes.edu.ec\/sitio\/#organization","name":"Universidad de las Artes","url":"https:\/\/www.uartes.edu.ec\/sitio\/","logo":{"@type":"ImageObject","inLanguage":"es","@id":"https:\/\/www.uartes.edu.ec\/sitio\/#\/schema\/logo\/image\/","url":"https:\/\/www.uartes.edu.ec\/sitio\/wp-content\/uploads\/2022\/07\/logo-ua-horizontal.png","contentUrl":"https:\/\/www.uartes.edu.ec\/sitio\/wp-content\/uploads\/2022\/07\/logo-ua-horizontal.png","width":800,"height":276,"caption":"Universidad de las Artes"},"image":{"@id":"https:\/\/www.uartes.edu.ec\/sitio\/#\/schema\/logo\/image\/"},"sameAs":["https:\/\/www.facebook.com\/uartesec","https:\/\/x.com\/uartesec","https:\/\/www.tiktok.com\/@uartesec"]},{"@type":"Person","@id":"https:\/\/www.uartes.edu.ec\/sitio\/#\/schema\/person\/efa1b8275797664fd7f13a79ccc0b1f4","name":"ccortez","image":{"@type":"ImageObject","inLanguage":"es","@id":"https:\/\/secure.gravatar.com\/avatar\/b2a6f664a3ae8e074346ef91775736c5ec479e637ecced6842de9dc98b5da9cd?s=96&d=mm&r=g","url":"https:\/\/secure.gravatar.com\/avatar\/b2a6f664a3ae8e074346ef91775736c5ec479e637ecced6842de9dc98b5da9cd?s=96&d=mm&r=g","contentUrl":"https:\/\/secure.gravatar.com\/avatar\/b2a6f664a3ae8e074346ef91775736c5ec479e637ecced6842de9dc98b5da9cd?s=96&d=mm&r=g","caption":"ccortez"},"url":"https:\/\/www.uartes.edu.ec\/sitio\/blog\/author\/ccortez\/"}]}},"uagb_featured_image_src":{"full":["https:\/\/www.uartes.edu.ec\/sitio\/wp-content\/uploads\/2024\/11\/CASA-ABIERTA-UARTES-2024-WEB.jpg",2000,1333,false],"thumbnail":["https:\/\/www.uartes.edu.ec\/sitio\/wp-content\/uploads\/2024\/11\/CASA-ABIERTA-UARTES-2024-WEB-150x150.jpg",150,150,true],"medium":["https:\/\/www.uartes.edu.ec\/sitio\/wp-content\/uploads\/2024\/11\/CASA-ABIERTA-UARTES-2024-WEB-300x200.jpg",300,200,true],"medium_large":["https:\/\/www.uartes.edu.ec\/sitio\/wp-content\/uploads\/2024\/11\/CASA-ABIERTA-UARTES-2024-WEB-768x512.jpg",768,512,true],"large":["https:\/\/www.uartes.edu.ec\/sitio\/wp-content\/uploads\/2024\/11\/CASA-ABIERTA-UARTES-2024-WEB-644x429.jpg",644,429,true],"1536x1536":["https:\/\/www.uartes.edu.ec\/sitio\/wp-content\/uploads\/2024\/11\/CASA-ABIERTA-UARTES-2024-WEB-1536x1024.jpg",1536,1024,true],"2048x2048":["https:\/\/www.uartes.edu.ec\/sitio\/wp-content\/uploads\/2024\/11\/CASA-ABIERTA-UARTES-2024-WEB.jpg",2000,1333,false],"trp-custom-language-flag":["https:\/\/www.uartes.edu.ec\/sitio\/wp-content\/uploads\/2024\/11\/CASA-ABIERTA-UARTES-2024-WEB-18x12.jpg",18,12,true],"htmega_size_585x295":["https:\/\/www.uartes.edu.ec\/sitio\/wp-content\/uploads\/2024\/11\/CASA-ABIERTA-UARTES-2024-WEB-585x295.jpg",585,295,true],"htmega_size_1170x536":["https:\/\/www.uartes.edu.ec\/sitio\/wp-content\/uploads\/2024\/11\/CASA-ABIERTA-UARTES-2024-WEB-1170x536.jpg",1170,536,true],"htmega_size_396x360":["https:\/\/www.uartes.edu.ec\/sitio\/wp-content\/uploads\/2024\/11\/CASA-ABIERTA-UARTES-2024-WEB-396x360.jpg",396,360,true],"gb-block-post-grid-landscape":["https:\/\/www.uartes.edu.ec\/sitio\/wp-content\/uploads\/2024\/11\/CASA-ABIERTA-UARTES-2024-WEB-600x400.jpg",600,400,true],"gb-block-post-grid-square":["https:\/\/www.uartes.edu.ec\/sitio\/wp-content\/uploads\/2024\/11\/CASA-ABIERTA-UARTES-2024-WEB-600x600.jpg",600,600,true],"university-hub-thumb":["https:\/\/www.uartes.edu.ec\/sitio\/wp-content\/uploads\/2024\/11\/CASA-ABIERTA-UARTES-2024-WEB-400x267.jpg",400,267,true]},"uagb_author_info":{"display_name":"ccortez","author_link":"https:\/\/www.uartes.edu.ec\/sitio\/blog\/author\/ccortez\/"},"uagb_comment_info":0,"uagb_excerpt":"La Universidad de las Artes abrir\u00e1 sus puertas el martes 26 y el mi\u00e9rcoles 27 de noviembre en una Casa Abierta donde dar\u00e1 a conocer sus instalaciones, su oferta acad\u00e9mica de pregrado y posgrado, su Modelo Educativo y Pedag\u00f3gico y todos los servicios que ofrece como instituci\u00f3n de educaci\u00f3n superior p\u00fablica. Organizada por la Direcci\u00f3n&hellip;","featured_image_src":"https:\/\/www.uartes.edu.ec\/sitio\/wp-content\/uploads\/2024\/11\/CASA-ABIERTA-UARTES-2024-WEB-600x400.jpg","featured_image_src_square":"https:\/\/www.uartes.edu.ec\/sitio\/wp-content\/uploads\/2024\/11\/CASA-ABIERTA-UARTES-2024-WEB-600x600.jpg","author_info":{"display_name":"ccortez","author_link":"https:\/\/www.uartes.edu.ec\/sitio\/blog\/author\/ccortez\/"},"publishpress_future_workflow_manual_trigger":{"enabledWorkflows":[]},"distributor_meta":false,"distributor_terms":false,"distributor_media":false,"distributor_original_site_name":"Universidad de las Artes","distributor_original_site_url":"https:\/\/www.uartes.edu.ec\/sitio","push-errors":false,"_links":{"self":[{"href":"https:\/\/www.uartes.edu.ec\/sitio\/wp-json\/wp\/v2\/posts\/65135","targetHints":{"allow":["GET"]}}],"collection":[{"href":"https:\/\/www.uartes.edu.ec\/sitio\/wp-json\/wp\/v2\/posts"}],"about":[{"href":"https:\/\/www.uartes.edu.ec\/sitio\/wp-json\/wp\/v2\/types\/post"}],"author":[{"embeddable":true,"href":"https:\/\/www.uartes.edu.ec\/sitio\/wp-json\/wp\/v2\/users\/10"}],"replies":[{"embeddable":true,"href":"https:\/\/www.uartes.edu.ec\/sitio\/wp-json\/wp\/v2\/comments?post=65135"}],"version-history":[{"count":5,"href":"https:\/\/www.uartes.edu.ec\/sitio\/wp-json\/wp\/v2\/posts\/65135\/revisions"}],"predecessor-version":[{"id":65186,"href":"https:\/\/www.uartes.edu.ec\/sitio\/wp-json\/wp\/v2\/posts\/65135\/revisions\/65186"}],"wp:featuredmedia":[{"embeddable":true,"href":"https:\/\/www.uartes.edu.ec\/sitio\/wp-json\/wp\/v2\/media\/65136"}],"wp:attachment":[{"href":"https:\/\/www.uartes.edu.ec\/sitio\/wp-json\/wp\/v2\/media?parent=65135"}],"wp:term":[{"taxonomy":"category","embeddable":true,"href":"https:\/\/www.uartes.edu.ec\/sitio\/wp-json\/wp\/v2\/categories?post=65135"},{"taxonomy":"post_tag","embeddable":true,"href":"https:\/\/www.uartes.edu.ec\/sitio\/wp-json\/wp\/v2\/tags?post=65135"},{"taxonomy":"infouartes","embeddable":true,"href":"https:\/\/www.uartes.edu.ec\/sitio\/wp-json\/wp\/v2\/infouartes?post=65135"}],"curies":[{"name":"wp","href":"https:\/\/api.w.org\/{rel}","templated":true}]}}