{"id":65230,"date":"2024-11-24T17:02:00","date_gmt":"2024-11-24T22:02:00","guid":{"rendered":"https:\/\/www.uartes.edu.ec\/sitio\/?p=65230"},"modified":"2024-12-06T14:50:35","modified_gmt":"2024-12-06T19:50:35","slug":"docente-uartes-roberto-moscoso-realiza-en-cuenca-una-residencia-artistica-urdimbres-sonoros-es-su-proyecto","status":"publish","type":"post","link":"https:\/\/www.uartes.edu.ec\/sitio\/blog\/2024\/11\/24\/docente-uartes-roberto-moscoso-realiza-en-cuenca-una-residencia-artistica-urdimbres-sonoros-es-su-proyecto\/","title":{"rendered":"Docente UArtes Roberto Moscoso cumple residencia art\u00edstica en Cuenca; su proyecto de investigaci\u00f3n es \u201cUrdimbres Sonoros\u201d"},"content":{"rendered":"\n<p>Roberto Moscoso, docente de la Escuela de Artes Sonoras de la Universidad de las Artes, es uno de los seis artistas nacionales que fueron seleccionados para participar en el programa de residencias art\u00edsticas y proyectos de investigaci\u00f3n, creaci\u00f3n y exhibici\u00f3n, convocatoria que por primera vez realiz\u00f3 la Alcald\u00eda de Cuenca, a trav\u00e9s de su Direcci\u00f3n General de Cultura, Recreaci\u00f3n y Conocimiento, la Red de Museos Municipales y el Museo Municipal de Arte Moderno (MMAM).<\/p>\n\n\n\n<p>El programa, se\u00f1alaron sus organizadores, se concibi\u00f3 con el prop\u00f3sito de apoyar a artistas locales y nacionales en la producci\u00f3n de obras que dialoguen con las reservas de arte, la historia, la arquitectura, el contexto cultural del museo y su entorno comunitario; la propuesta, en suma, es un espacio para explorar, crear e inspirarse en el patrimonio cultural de Cuenca y del pa\u00eds.<\/p>\n\n\n\n<p>Desde la capital azuaya, donde lleva dos de las tres semanas que durar\u00e1 la residencia art\u00edstica, Roberto Moscoso (Cuenca, 1985) coment\u00f3 que para \u00e9l tambi\u00e9n la convocatoria a la que postul\u00f3 es la primera en la que toma parte como artista y docente de la UArtes. Su proyecto const\u00f3 entre los 72 que se presentaron y de los cuales el jurado \u2013integrado por Pedro Soler, Marcelino Garc\u00eda y Alexandra Kennedy\u2013 seleccion\u00f3 a los seis.<\/p>\n\n\n<div class=\"wp-block-image\">\n<figure class=\"aligncenter size-large is-resized\"><img fetchpriority=\"high\" decoding=\"async\" width=\"644\" height=\"509\" src=\"https:\/\/www.uartes.edu.ec\/sitio\/wp-content\/uploads\/2024\/11\/Roberto00-644x509.jpg\" alt=\"\" class=\"wp-image-65239\" style=\"width:540px;height:auto\" srcset=\"https:\/\/www.uartes.edu.ec\/sitio\/wp-content\/uploads\/2024\/11\/Roberto00-644x509.jpg 644w, https:\/\/www.uartes.edu.ec\/sitio\/wp-content\/uploads\/2024\/11\/Roberto00-300x237.jpg 300w, https:\/\/www.uartes.edu.ec\/sitio\/wp-content\/uploads\/2024\/11\/Roberto00-15x12.jpg 15w, https:\/\/www.uartes.edu.ec\/sitio\/wp-content\/uploads\/2024\/11\/Roberto00-379x300.jpg 379w, https:\/\/www.uartes.edu.ec\/sitio\/wp-content\/uploads\/2024\/11\/Roberto00.jpg 650w\" sizes=\"(max-width: 644px) 100vw, 644px\" \/><\/figure>\n<\/div>\n\n\n<p>Moscoso interviene en la residencia art\u00edstica con \u201cUrdimbres Sonoros\u201d, una instalaci\u00f3n que trabaja con materiales como vasijas de barro, cabuya y ra\u00edces naturales, con los que recrea paisajes sonoros del barrio Todos Santos, el m\u00e1s antiguo de la ciudad de Cuenca. Ahora es un lugar bastante comercial, refiri\u00f3, pero fue asentamiento Ca\u00f1ari e incaico, un espacio con mucha historia donde actualmente est\u00e1n locales de manufactura, panader\u00edas, discotecas, restaurantes&#8230; Un sitio neur\u00e1lgico de la econom\u00eda y de la convivencia cuencana, expres\u00f3.<\/p>\n\n\n\n<p>Como parte de la investigaci\u00f3n para su proyecto, Roberto Moscoso ha tenido acceso a los archivos del Museo Municipal de Arte Moderno donde se encuentran importantes documentos y registros, como el acta de fundaci\u00f3n de la ciudad y las partituras de un reconocido compositor cuencano. Tambi\u00e9n ha podido entrar a la reserva arqueol\u00f3gica y de arte, compuesta por 18.000 piezas de varias culturas, de las cuales est\u00e1 utilizando instrumentos sonoros como ocarinas, silbatos y silbatos dobles para crear la instalaci\u00f3n. \u201cHay flautas de barro con figuras de serpientes, hay una flauta de hueso muy chiquita que tiene un sonido muy agudo, hay lit\u00f3fonos \u2013que son piedras que suenan\u2013; hay una gran variedad de instrumentos sonoros dentro del museo\u201d, anot\u00f3.<\/p>\n\n\n\n<p>La residencia art\u00edstica se desarrolla tanto en el Museo Municipal de Arte Moderno como en el Museo Remigio Crespo Toral, que fue la casa del connotado poeta y pol\u00edtico de principio del siglo XX, un espacio que tiene un peso muy importante sobre la ciudad y donde Roberto Moscoso pidi\u00f3 estar. Se\u00f1al\u00f3 que, a principios del siglo pasado, el vate cuencano integr\u00f3 junto a personajes como Honorato V\u00e1squez y Julio Mar\u00eda Matovelle el llamado Grupo de Cuenca, que en la administraci\u00f3n de Jij\u00f3n y Caama\u00f1o logr\u00f3 que se trajera al pa\u00eds al arque\u00f3logo Max Uhle, quien investig\u00f3 las ruinas de la ciudad de Tomebamba, hallando muchos vestigios.<\/p>\n\n\n<div class=\"wp-block-image\">\n<figure class=\"aligncenter size-large is-resized\"><img decoding=\"async\" width=\"644\" height=\"483\" src=\"https:\/\/www.uartes.edu.ec\/sitio\/wp-content\/uploads\/2024\/11\/Roberto1-644x483.jpg\" alt=\"\" class=\"wp-image-65236\" style=\"width:568px;height:auto\" srcset=\"https:\/\/www.uartes.edu.ec\/sitio\/wp-content\/uploads\/2024\/11\/Roberto1-644x483.jpg 644w, https:\/\/www.uartes.edu.ec\/sitio\/wp-content\/uploads\/2024\/11\/Roberto1-300x225.jpg 300w, https:\/\/www.uartes.edu.ec\/sitio\/wp-content\/uploads\/2024\/11\/Roberto1-768x576.jpg 768w, https:\/\/www.uartes.edu.ec\/sitio\/wp-content\/uploads\/2024\/11\/Roberto1-16x12.jpg 16w, https:\/\/www.uartes.edu.ec\/sitio\/wp-content\/uploads\/2024\/11\/Roberto1-400x300.jpg 400w, https:\/\/www.uartes.edu.ec\/sitio\/wp-content\/uploads\/2024\/11\/Roberto1.jpg 1440w\" sizes=\"(max-width: 644px) 100vw, 644px\" \/><\/figure>\n<\/div>\n\n\n<figure class=\"wp-block-gallery has-nested-images columns-default is-cropped wp-block-gallery-1 is-layout-flex wp-block-gallery-is-layout-flex\">\n<figure class=\"wp-block-image size-large\"><img decoding=\"async\" width=\"644\" height=\"483\" data-id=\"65242\" src=\"https:\/\/www.uartes.edu.ec\/sitio\/wp-content\/uploads\/2024\/11\/Roberto2-644x483.jpg\" alt=\"\" class=\"wp-image-65242\" srcset=\"https:\/\/www.uartes.edu.ec\/sitio\/wp-content\/uploads\/2024\/11\/Roberto2-644x483.jpg 644w, https:\/\/www.uartes.edu.ec\/sitio\/wp-content\/uploads\/2024\/11\/Roberto2-300x225.jpg 300w, https:\/\/www.uartes.edu.ec\/sitio\/wp-content\/uploads\/2024\/11\/Roberto2-768x576.jpg 768w, https:\/\/www.uartes.edu.ec\/sitio\/wp-content\/uploads\/2024\/11\/Roberto2-16x12.jpg 16w, https:\/\/www.uartes.edu.ec\/sitio\/wp-content\/uploads\/2024\/11\/Roberto2-400x300.jpg 400w, https:\/\/www.uartes.edu.ec\/sitio\/wp-content\/uploads\/2024\/11\/Roberto2.jpg 1440w\" sizes=\"(max-width: 644px) 100vw, 644px\" \/><\/figure>\n\n\n\n<figure class=\"wp-block-image size-large\"><img loading=\"lazy\" decoding=\"async\" width=\"644\" height=\"483\" data-id=\"65241\" src=\"https:\/\/www.uartes.edu.ec\/sitio\/wp-content\/uploads\/2024\/11\/Roberto4-644x483.jpg\" alt=\"\" class=\"wp-image-65241\" srcset=\"https:\/\/www.uartes.edu.ec\/sitio\/wp-content\/uploads\/2024\/11\/Roberto4-644x483.jpg 644w, https:\/\/www.uartes.edu.ec\/sitio\/wp-content\/uploads\/2024\/11\/Roberto4-300x225.jpg 300w, https:\/\/www.uartes.edu.ec\/sitio\/wp-content\/uploads\/2024\/11\/Roberto4-768x576.jpg 768w, https:\/\/www.uartes.edu.ec\/sitio\/wp-content\/uploads\/2024\/11\/Roberto4-16x12.jpg 16w, https:\/\/www.uartes.edu.ec\/sitio\/wp-content\/uploads\/2024\/11\/Roberto4-400x300.jpg 400w, https:\/\/www.uartes.edu.ec\/sitio\/wp-content\/uploads\/2024\/11\/Roberto4.jpg 1440w\" sizes=\"(max-width: 644px) 100vw, 644px\" \/><\/figure>\n<\/figure>\n\n\n\n<p><\/p>\n\n\n\n<p>Volviendo al proceso de la instalaci\u00f3n sonora, que ser\u00e1 el resultado de la residencia art\u00edstica que realiza, Roberto Moscoso anot\u00f3 que a manera de vasijas funerarias y ra\u00edces escenificar\u00e1 un subterr\u00e1neo, que en quichua o en la cultura andina se llama Uku Pacha, la tierra de abajo o el \u00e1rea de abajo. Esto para invitar a reflexionar sobre los vestigios, a pesar de que se construya sobre ellos.<\/p>\n\n\n\n<p>\u201cNuestra identidad o la base de nuestra identidad est\u00e1 muy marcada por estas culturas. Venimos del mestizaje, pero la base de la pir\u00e1mide de nuestra identidad son estas culturas\u201d, reiter\u00f3. Al momento del di\u00e1logo con InfoUArtes, Roberto Moscoso ya hab\u00eda participado junto con los otros residentes art\u00edsticos en la firma de un convenio con la Direcci\u00f3n General de Cultura, Recreaci\u00f3n y Conocimiento, donde se comprometieron, entre otros puntos, a brindar charlas y talleres a la comunidad, as\u00ed como exponer de manera conjunta los resultados de sus trabajos durante la residencia.<\/p>\n\n\n\n<p>Moscoso est\u00e1 en el proceso de concluir su obra, comprando lo que necesita para la instalaci\u00f3n sonora \u2013para lo cual recibi\u00f3 del Municipio de Cuenca tres mil d\u00f3lares\u2013 y se prepara, al igual que los otros artistas, para la muestra colectiva que se inaugurar\u00e1 el 2 de diciembre pr\u00f3ximo y mantendr\u00e1 entre uno y tres meses (tiempo que est\u00e1 por confirmarse). Para ma\u00f1ana, lunes 25 de noviembre, prev\u00e9 dar en al auditorio del Museo Remigio Crespo Toral un taller abierto al p\u00fablico, para el que est\u00e1n invitados los estudiantes de la Universidad Nacional de Educaci\u00f3n (UNAE). Como una actividad extra, cont\u00f3 que tambi\u00e9n est\u00e1 programada la presentaci\u00f3n de los portafolios de los artistas a la comunidad, a fin de mostrar lo que han trabajado.<\/p>\n\n\n<div class=\"wp-block-image\">\n<figure class=\"aligncenter size-large\"><img loading=\"lazy\" decoding=\"async\" width=\"644\" height=\"384\" src=\"https:\/\/www.uartes.edu.ec\/sitio\/wp-content\/uploads\/2024\/11\/Roberto0-644x384.jpg\" alt=\"\" class=\"wp-image-65240\" srcset=\"https:\/\/www.uartes.edu.ec\/sitio\/wp-content\/uploads\/2024\/11\/Roberto0-644x384.jpg 644w, https:\/\/www.uartes.edu.ec\/sitio\/wp-content\/uploads\/2024\/11\/Roberto0-300x179.jpg 300w, https:\/\/www.uartes.edu.ec\/sitio\/wp-content\/uploads\/2024\/11\/Roberto0-18x12.jpg 18w, https:\/\/www.uartes.edu.ec\/sitio\/wp-content\/uploads\/2024\/11\/Roberto0-400x238.jpg 400w, https:\/\/www.uartes.edu.ec\/sitio\/wp-content\/uploads\/2024\/11\/Roberto0.jpg 671w\" sizes=\"(max-width: 644px) 100vw, 644px\" \/><\/figure>\n<\/div>\n\n\n<p>Aunque se encuentra en Cuenca, Moscoso no ha dejado de dar clases a sus alumnos UArtes, lo cual realiza de manera virtual. Adelant\u00f3 que al regresar a Guayaquil aspira a realizar una exposici\u00f3n no solo con los resultados de su proyecto en la residencia art\u00edstica cuencana, sino de todos los artistas participantes, as\u00ed como un taller para compartir con la comunidad estudiantil la experiencia; la retribuci\u00f3n tambi\u00e9n es parte del proceso.<\/p>\n\n\n\n<p>Roberto Moscoso realiz\u00f3 sus estudios superiores y de cuarto nivel en la Universidad de Cuenca, donde obtuvo una licenciatura en Composici\u00f3n Musical y un masterado en Pedagog\u00eda e Investigaci\u00f3n Musical. Complement\u00f3 su formaci\u00f3n con un diplomado en Creaci\u00f3n Sonora con Nuevas Tecnolog\u00edas en el Centro Mexicano para la M\u00fasica y las Artes Sonoras (CMMAS).<\/p>\n\n\n\n<p>Texto: Carmen Cortez\/Dircom. Fotos: cuenta de FB de los organizadores de la residencia art\u00edstica.<\/p>\n","protected":false},"excerpt":{"rendered":"<p>Roberto Moscoso, docente de la Escuela de Artes Sonoras, es uno de los seis artistas nacionales que fueron seleccionados para participar en el programa de residencias art\u00edsticas y proyectos de investigaci\u00f3n, creaci\u00f3n y exhibici\u00f3n, convocatoria que por primera vez realiz\u00f3 la Alcald\u00eda de Cuenca, a trav\u00e9s de su Direcci\u00f3n de Cultura, Recreaci\u00f3n y Conocimiento, la Red de Museos Municipales y el Museo Municipal de Arte Moderno.<\/p>\n","protected":false},"author":10,"featured_media":65234,"comment_status":"open","ping_status":"open","sticky":false,"template":"","format":"standard","meta":{"_acf_changed":false,"_uag_custom_page_level_css":"","_monsterinsights_skip_tracking":false,"_monsterinsights_sitenote_active":false,"_monsterinsights_sitenote_note":"","_monsterinsights_sitenote_category":0,"cybocfi_hide_featured_image":"","footnotes":""},"categories":[80,82,150,75,77,284,79],"tags":[],"infouartes":[],"class_list":["post-65230","post","type-post","status-publish","format-standard","has-post-thumbnail","hentry","category-academico","category-artes","category-artes-sonoras","category-docentes","category-gestion","category-investigacion","category-vinculo"],"acf":[],"yoast_head":"<!-- This site is optimized with the Yoast SEO plugin v27.4 - https:\/\/yoast.com\/product\/yoast-seo-wordpress\/ -->\n<title>Universidad de las Artes - Docente UArtes Roberto Moscoso cumple residencia art\u00edstica en Cuenca; su proyecto de investigaci\u00f3n es \u201cUrdimbres Sonoros\u201d<\/title>\n<meta name=\"description\" content=\"Universidad de las Artes - Docente UArtes Roberto Moscoso cumple residencia art\u00edstica en Cuenca; su proyecto de investigaci\u00f3n es \u201cUrdimbres Sonoros\u201d\" \/>\n<meta name=\"robots\" content=\"index, follow, max-snippet:-1, max-image-preview:large, max-video-preview:-1\" \/>\n<link rel=\"canonical\" href=\"https:\/\/www.uartes.edu.ec\/sitio\/blog\/2024\/11\/24\/docente-uartes-roberto-moscoso-realiza-en-cuenca-una-residencia-artistica-urdimbres-sonoros-es-su-proyecto\/\" \/>\n<meta property=\"og:locale\" content=\"es_ES\" \/>\n<meta property=\"og:type\" content=\"article\" \/>\n<meta property=\"og:title\" content=\"Universidad de las Artes - Docente UArtes Roberto Moscoso cumple residencia art\u00edstica en Cuenca; su proyecto de investigaci\u00f3n es \u201cUrdimbres Sonoros\u201d\" \/>\n<meta property=\"og:description\" content=\"Universidad de las Artes - Docente UArtes Roberto Moscoso cumple residencia art\u00edstica en Cuenca; su proyecto de investigaci\u00f3n es \u201cUrdimbres Sonoros\u201d\" \/>\n<meta property=\"og:url\" content=\"https:\/\/www.uartes.edu.ec\/sitio\/blog\/2024\/11\/24\/docente-uartes-roberto-moscoso-realiza-en-cuenca-una-residencia-artistica-urdimbres-sonoros-es-su-proyecto\/\" \/>\n<meta property=\"og:site_name\" content=\"Universidad de las Artes\" \/>\n<meta property=\"article:publisher\" content=\"https:\/\/www.facebook.com\/uartesec\" \/>\n<meta property=\"article:published_time\" content=\"2024-11-24T22:02:00+00:00\" \/>\n<meta property=\"article:modified_time\" content=\"2024-12-06T19:50:35+00:00\" \/>\n<meta property=\"og:image\" content=\"https:\/\/www.uartes.edu.ec\/sitio\/wp-content\/uploads\/2024\/11\/01-ROBERTO-MOSCOSO-1.jpg\" \/>\n\t<meta property=\"og:image:width\" content=\"2000\" \/>\n\t<meta property=\"og:image:height\" content=\"1333\" \/>\n\t<meta property=\"og:image:type\" content=\"image\/jpeg\" \/>\n<meta name=\"author\" content=\"ccortez\" \/>\n<meta name=\"twitter:card\" content=\"summary_large_image\" \/>\n<meta name=\"twitter:creator\" content=\"@uartesec\" \/>\n<meta name=\"twitter:site\" content=\"@uartesec\" \/>\n<meta name=\"twitter:label1\" content=\"Escrito por\" \/>\n\t<meta name=\"twitter:data1\" content=\"ccortez\" \/>\n\t<meta name=\"twitter:label2\" content=\"Tiempo de lectura\" \/>\n\t<meta name=\"twitter:data2\" content=\"6 minutos\" \/>\n<script type=\"application\/ld+json\" class=\"yoast-schema-graph\">{\"@context\":\"https:\\\/\\\/schema.org\",\"@graph\":[{\"@type\":\"Article\",\"@id\":\"https:\\\/\\\/www.uartes.edu.ec\\\/sitio\\\/blog\\\/2024\\\/11\\\/24\\\/docente-uartes-roberto-moscoso-realiza-en-cuenca-una-residencia-artistica-urdimbres-sonoros-es-su-proyecto\\\/#article\",\"isPartOf\":{\"@id\":\"https:\\\/\\\/www.uartes.edu.ec\\\/sitio\\\/blog\\\/2024\\\/11\\\/24\\\/docente-uartes-roberto-moscoso-realiza-en-cuenca-una-residencia-artistica-urdimbres-sonoros-es-su-proyecto\\\/\"},\"author\":{\"name\":\"ccortez\",\"@id\":\"https:\\\/\\\/www.uartes.edu.ec\\\/sitio\\\/#\\\/schema\\\/person\\\/efa1b8275797664fd7f13a79ccc0b1f4\"},\"headline\":\"Docente UArtes Roberto Moscoso cumple residencia art\u00edstica en Cuenca; su proyecto de investigaci\u00f3n es \u201cUrdimbres Sonoros\u201d\",\"datePublished\":\"2024-11-24T22:02:00+00:00\",\"dateModified\":\"2024-12-06T19:50:35+00:00\",\"mainEntityOfPage\":{\"@id\":\"https:\\\/\\\/www.uartes.edu.ec\\\/sitio\\\/blog\\\/2024\\\/11\\\/24\\\/docente-uartes-roberto-moscoso-realiza-en-cuenca-una-residencia-artistica-urdimbres-sonoros-es-su-proyecto\\\/\"},\"wordCount\":1023,\"commentCount\":0,\"publisher\":{\"@id\":\"https:\\\/\\\/www.uartes.edu.ec\\\/sitio\\\/#organization\"},\"image\":{\"@id\":\"https:\\\/\\\/www.uartes.edu.ec\\\/sitio\\\/blog\\\/2024\\\/11\\\/24\\\/docente-uartes-roberto-moscoso-realiza-en-cuenca-una-residencia-artistica-urdimbres-sonoros-es-su-proyecto\\\/#primaryimage\"},\"thumbnailUrl\":\"https:\\\/\\\/www.uartes.edu.ec\\\/sitio\\\/wp-content\\\/uploads\\\/2024\\\/11\\\/01-ROBERTO-MOSCOSO-1.jpg\",\"articleSection\":[\"Acad\u00e9mico\",\"Artes\",\"Artes Sonoras\",\"Docentes\",\"Gesti\u00f3n\",\"Investigaci\u00f3n\",\"V\u00ednculo\"],\"inLanguage\":\"es\",\"potentialAction\":[{\"@type\":\"CommentAction\",\"name\":\"Comment\",\"target\":[\"https:\\\/\\\/www.uartes.edu.ec\\\/sitio\\\/blog\\\/2024\\\/11\\\/24\\\/docente-uartes-roberto-moscoso-realiza-en-cuenca-una-residencia-artistica-urdimbres-sonoros-es-su-proyecto\\\/#respond\"]}]},{\"@type\":[\"WebPage\",\"ItemPage\"],\"@id\":\"https:\\\/\\\/www.uartes.edu.ec\\\/sitio\\\/blog\\\/2024\\\/11\\\/24\\\/docente-uartes-roberto-moscoso-realiza-en-cuenca-una-residencia-artistica-urdimbres-sonoros-es-su-proyecto\\\/\",\"url\":\"https:\\\/\\\/www.uartes.edu.ec\\\/sitio\\\/blog\\\/2024\\\/11\\\/24\\\/docente-uartes-roberto-moscoso-realiza-en-cuenca-una-residencia-artistica-urdimbres-sonoros-es-su-proyecto\\\/\",\"name\":\"Universidad de las Artes - Docente UArtes Roberto Moscoso cumple residencia art\u00edstica en Cuenca; su proyecto de investigaci\u00f3n es \u201cUrdimbres Sonoros\u201d\",\"isPartOf\":{\"@id\":\"https:\\\/\\\/www.uartes.edu.ec\\\/sitio\\\/#website\"},\"primaryImageOfPage\":{\"@id\":\"https:\\\/\\\/www.uartes.edu.ec\\\/sitio\\\/blog\\\/2024\\\/11\\\/24\\\/docente-uartes-roberto-moscoso-realiza-en-cuenca-una-residencia-artistica-urdimbres-sonoros-es-su-proyecto\\\/#primaryimage\"},\"image\":{\"@id\":\"https:\\\/\\\/www.uartes.edu.ec\\\/sitio\\\/blog\\\/2024\\\/11\\\/24\\\/docente-uartes-roberto-moscoso-realiza-en-cuenca-una-residencia-artistica-urdimbres-sonoros-es-su-proyecto\\\/#primaryimage\"},\"thumbnailUrl\":\"https:\\\/\\\/www.uartes.edu.ec\\\/sitio\\\/wp-content\\\/uploads\\\/2024\\\/11\\\/01-ROBERTO-MOSCOSO-1.jpg\",\"datePublished\":\"2024-11-24T22:02:00+00:00\",\"dateModified\":\"2024-12-06T19:50:35+00:00\",\"description\":\"Universidad de las Artes - Docente UArtes Roberto Moscoso cumple residencia art\u00edstica en Cuenca; su proyecto de investigaci\u00f3n es \u201cUrdimbres Sonoros\u201d\",\"breadcrumb\":{\"@id\":\"https:\\\/\\\/www.uartes.edu.ec\\\/sitio\\\/blog\\\/2024\\\/11\\\/24\\\/docente-uartes-roberto-moscoso-realiza-en-cuenca-una-residencia-artistica-urdimbres-sonoros-es-su-proyecto\\\/#breadcrumb\"},\"inLanguage\":\"es\",\"potentialAction\":[{\"@type\":\"ReadAction\",\"target\":[\"https:\\\/\\\/www.uartes.edu.ec\\\/sitio\\\/blog\\\/2024\\\/11\\\/24\\\/docente-uartes-roberto-moscoso-realiza-en-cuenca-una-residencia-artistica-urdimbres-sonoros-es-su-proyecto\\\/\"]}]},{\"@type\":\"ImageObject\",\"inLanguage\":\"es\",\"@id\":\"https:\\\/\\\/www.uartes.edu.ec\\\/sitio\\\/blog\\\/2024\\\/11\\\/24\\\/docente-uartes-roberto-moscoso-realiza-en-cuenca-una-residencia-artistica-urdimbres-sonoros-es-su-proyecto\\\/#primaryimage\",\"url\":\"https:\\\/\\\/www.uartes.edu.ec\\\/sitio\\\/wp-content\\\/uploads\\\/2024\\\/11\\\/01-ROBERTO-MOSCOSO-1.jpg\",\"contentUrl\":\"https:\\\/\\\/www.uartes.edu.ec\\\/sitio\\\/wp-content\\\/uploads\\\/2024\\\/11\\\/01-ROBERTO-MOSCOSO-1.jpg\",\"width\":2000,\"height\":1333},{\"@type\":\"BreadcrumbList\",\"@id\":\"https:\\\/\\\/www.uartes.edu.ec\\\/sitio\\\/blog\\\/2024\\\/11\\\/24\\\/docente-uartes-roberto-moscoso-realiza-en-cuenca-una-residencia-artistica-urdimbres-sonoros-es-su-proyecto\\\/#breadcrumb\",\"itemListElement\":[{\"@type\":\"ListItem\",\"position\":1,\"name\":\"Inicio\",\"item\":\"https:\\\/\\\/www.uartes.edu.ec\\\/sitio\\\/\"},{\"@type\":\"ListItem\",\"position\":2,\"name\":\"Docente UArtes Roberto Moscoso cumple residencia art\u00edstica en Cuenca; su proyecto de investigaci\u00f3n es \u201cUrdimbres Sonoros\u201d\"}]},{\"@type\":\"WebSite\",\"@id\":\"https:\\\/\\\/www.uartes.edu.ec\\\/sitio\\\/#website\",\"url\":\"https:\\\/\\\/www.uartes.edu.ec\\\/sitio\\\/\",\"name\":\"Universidad de las Artes\",\"description\":\"Sitio oficial de la Universidad Nacional de las Artes del Ecuador\",\"publisher\":{\"@id\":\"https:\\\/\\\/www.uartes.edu.ec\\\/sitio\\\/#organization\"},\"potentialAction\":[{\"@type\":\"SearchAction\",\"target\":{\"@type\":\"EntryPoint\",\"urlTemplate\":\"https:\\\/\\\/www.uartes.edu.ec\\\/sitio\\\/?s={search_term_string}\"},\"query-input\":{\"@type\":\"PropertyValueSpecification\",\"valueRequired\":true,\"valueName\":\"search_term_string\"}}],\"inLanguage\":\"es\"},{\"@type\":\"Organization\",\"@id\":\"https:\\\/\\\/www.uartes.edu.ec\\\/sitio\\\/#organization\",\"name\":\"Universidad de las Artes\",\"url\":\"https:\\\/\\\/www.uartes.edu.ec\\\/sitio\\\/\",\"logo\":{\"@type\":\"ImageObject\",\"inLanguage\":\"es\",\"@id\":\"https:\\\/\\\/www.uartes.edu.ec\\\/sitio\\\/#\\\/schema\\\/logo\\\/image\\\/\",\"url\":\"https:\\\/\\\/www.uartes.edu.ec\\\/sitio\\\/wp-content\\\/uploads\\\/2022\\\/07\\\/logo-ua-horizontal.png\",\"contentUrl\":\"https:\\\/\\\/www.uartes.edu.ec\\\/sitio\\\/wp-content\\\/uploads\\\/2022\\\/07\\\/logo-ua-horizontal.png\",\"width\":800,\"height\":276,\"caption\":\"Universidad de las Artes\"},\"image\":{\"@id\":\"https:\\\/\\\/www.uartes.edu.ec\\\/sitio\\\/#\\\/schema\\\/logo\\\/image\\\/\"},\"sameAs\":[\"https:\\\/\\\/www.facebook.com\\\/uartesec\",\"https:\\\/\\\/x.com\\\/uartesec\",\"https:\\\/\\\/www.tiktok.com\\\/@uartesec\"]},{\"@type\":\"Person\",\"@id\":\"https:\\\/\\\/www.uartes.edu.ec\\\/sitio\\\/#\\\/schema\\\/person\\\/efa1b8275797664fd7f13a79ccc0b1f4\",\"name\":\"ccortez\",\"image\":{\"@type\":\"ImageObject\",\"inLanguage\":\"es\",\"@id\":\"https:\\\/\\\/secure.gravatar.com\\\/avatar\\\/b2a6f664a3ae8e074346ef91775736c5ec479e637ecced6842de9dc98b5da9cd?s=96&d=mm&r=g\",\"url\":\"https:\\\/\\\/secure.gravatar.com\\\/avatar\\\/b2a6f664a3ae8e074346ef91775736c5ec479e637ecced6842de9dc98b5da9cd?s=96&d=mm&r=g\",\"contentUrl\":\"https:\\\/\\\/secure.gravatar.com\\\/avatar\\\/b2a6f664a3ae8e074346ef91775736c5ec479e637ecced6842de9dc98b5da9cd?s=96&d=mm&r=g\",\"caption\":\"ccortez\"},\"url\":\"https:\\\/\\\/www.uartes.edu.ec\\\/sitio\\\/blog\\\/author\\\/ccortez\\\/\"}]}<\/script>\n<!-- \/ Yoast SEO plugin. -->","yoast_head_json":{"title":"Universidad de las Artes - Docente UArtes Roberto Moscoso cumple residencia art\u00edstica en Cuenca; su proyecto de investigaci\u00f3n es \u201cUrdimbres Sonoros\u201d","description":"Universidad de las Artes - Docente UArtes Roberto Moscoso cumple residencia art\u00edstica en Cuenca; su proyecto de investigaci\u00f3n es \u201cUrdimbres Sonoros\u201d","robots":{"index":"index","follow":"follow","max-snippet":"max-snippet:-1","max-image-preview":"max-image-preview:large","max-video-preview":"max-video-preview:-1"},"canonical":"https:\/\/www.uartes.edu.ec\/sitio\/blog\/2024\/11\/24\/docente-uartes-roberto-moscoso-realiza-en-cuenca-una-residencia-artistica-urdimbres-sonoros-es-su-proyecto\/","og_locale":"es_ES","og_type":"article","og_title":"Universidad de las Artes - Docente UArtes Roberto Moscoso cumple residencia art\u00edstica en Cuenca; su proyecto de investigaci\u00f3n es \u201cUrdimbres Sonoros\u201d","og_description":"Universidad de las Artes - Docente UArtes Roberto Moscoso cumple residencia art\u00edstica en Cuenca; su proyecto de investigaci\u00f3n es \u201cUrdimbres Sonoros\u201d","og_url":"https:\/\/www.uartes.edu.ec\/sitio\/blog\/2024\/11\/24\/docente-uartes-roberto-moscoso-realiza-en-cuenca-una-residencia-artistica-urdimbres-sonoros-es-su-proyecto\/","og_site_name":"Universidad de las Artes","article_publisher":"https:\/\/www.facebook.com\/uartesec","article_published_time":"2024-11-24T22:02:00+00:00","article_modified_time":"2024-12-06T19:50:35+00:00","og_image":[{"width":2000,"height":1333,"url":"https:\/\/www.uartes.edu.ec\/sitio\/wp-content\/uploads\/2024\/11\/01-ROBERTO-MOSCOSO-1.jpg","type":"image\/jpeg"}],"author":"ccortez","twitter_card":"summary_large_image","twitter_creator":"@uartesec","twitter_site":"@uartesec","twitter_misc":{"Escrito por":"ccortez","Tiempo de lectura":"6 minutos"},"schema":{"@context":"https:\/\/schema.org","@graph":[{"@type":"Article","@id":"https:\/\/www.uartes.edu.ec\/sitio\/blog\/2024\/11\/24\/docente-uartes-roberto-moscoso-realiza-en-cuenca-una-residencia-artistica-urdimbres-sonoros-es-su-proyecto\/#article","isPartOf":{"@id":"https:\/\/www.uartes.edu.ec\/sitio\/blog\/2024\/11\/24\/docente-uartes-roberto-moscoso-realiza-en-cuenca-una-residencia-artistica-urdimbres-sonoros-es-su-proyecto\/"},"author":{"name":"ccortez","@id":"https:\/\/www.uartes.edu.ec\/sitio\/#\/schema\/person\/efa1b8275797664fd7f13a79ccc0b1f4"},"headline":"Docente UArtes Roberto Moscoso cumple residencia art\u00edstica en Cuenca; su proyecto de investigaci\u00f3n es \u201cUrdimbres Sonoros\u201d","datePublished":"2024-11-24T22:02:00+00:00","dateModified":"2024-12-06T19:50:35+00:00","mainEntityOfPage":{"@id":"https:\/\/www.uartes.edu.ec\/sitio\/blog\/2024\/11\/24\/docente-uartes-roberto-moscoso-realiza-en-cuenca-una-residencia-artistica-urdimbres-sonoros-es-su-proyecto\/"},"wordCount":1023,"commentCount":0,"publisher":{"@id":"https:\/\/www.uartes.edu.ec\/sitio\/#organization"},"image":{"@id":"https:\/\/www.uartes.edu.ec\/sitio\/blog\/2024\/11\/24\/docente-uartes-roberto-moscoso-realiza-en-cuenca-una-residencia-artistica-urdimbres-sonoros-es-su-proyecto\/#primaryimage"},"thumbnailUrl":"https:\/\/www.uartes.edu.ec\/sitio\/wp-content\/uploads\/2024\/11\/01-ROBERTO-MOSCOSO-1.jpg","articleSection":["Acad\u00e9mico","Artes","Artes Sonoras","Docentes","Gesti\u00f3n","Investigaci\u00f3n","V\u00ednculo"],"inLanguage":"es","potentialAction":[{"@type":"CommentAction","name":"Comment","target":["https:\/\/www.uartes.edu.ec\/sitio\/blog\/2024\/11\/24\/docente-uartes-roberto-moscoso-realiza-en-cuenca-una-residencia-artistica-urdimbres-sonoros-es-su-proyecto\/#respond"]}]},{"@type":["WebPage","ItemPage"],"@id":"https:\/\/www.uartes.edu.ec\/sitio\/blog\/2024\/11\/24\/docente-uartes-roberto-moscoso-realiza-en-cuenca-una-residencia-artistica-urdimbres-sonoros-es-su-proyecto\/","url":"https:\/\/www.uartes.edu.ec\/sitio\/blog\/2024\/11\/24\/docente-uartes-roberto-moscoso-realiza-en-cuenca-una-residencia-artistica-urdimbres-sonoros-es-su-proyecto\/","name":"Universidad de las Artes - Docente UArtes Roberto Moscoso cumple residencia art\u00edstica en Cuenca; su proyecto de investigaci\u00f3n es \u201cUrdimbres Sonoros\u201d","isPartOf":{"@id":"https:\/\/www.uartes.edu.ec\/sitio\/#website"},"primaryImageOfPage":{"@id":"https:\/\/www.uartes.edu.ec\/sitio\/blog\/2024\/11\/24\/docente-uartes-roberto-moscoso-realiza-en-cuenca-una-residencia-artistica-urdimbres-sonoros-es-su-proyecto\/#primaryimage"},"image":{"@id":"https:\/\/www.uartes.edu.ec\/sitio\/blog\/2024\/11\/24\/docente-uartes-roberto-moscoso-realiza-en-cuenca-una-residencia-artistica-urdimbres-sonoros-es-su-proyecto\/#primaryimage"},"thumbnailUrl":"https:\/\/www.uartes.edu.ec\/sitio\/wp-content\/uploads\/2024\/11\/01-ROBERTO-MOSCOSO-1.jpg","datePublished":"2024-11-24T22:02:00+00:00","dateModified":"2024-12-06T19:50:35+00:00","description":"Universidad de las Artes - Docente UArtes Roberto Moscoso cumple residencia art\u00edstica en Cuenca; su proyecto de investigaci\u00f3n es \u201cUrdimbres Sonoros\u201d","breadcrumb":{"@id":"https:\/\/www.uartes.edu.ec\/sitio\/blog\/2024\/11\/24\/docente-uartes-roberto-moscoso-realiza-en-cuenca-una-residencia-artistica-urdimbres-sonoros-es-su-proyecto\/#breadcrumb"},"inLanguage":"es","potentialAction":[{"@type":"ReadAction","target":["https:\/\/www.uartes.edu.ec\/sitio\/blog\/2024\/11\/24\/docente-uartes-roberto-moscoso-realiza-en-cuenca-una-residencia-artistica-urdimbres-sonoros-es-su-proyecto\/"]}]},{"@type":"ImageObject","inLanguage":"es","@id":"https:\/\/www.uartes.edu.ec\/sitio\/blog\/2024\/11\/24\/docente-uartes-roberto-moscoso-realiza-en-cuenca-una-residencia-artistica-urdimbres-sonoros-es-su-proyecto\/#primaryimage","url":"https:\/\/www.uartes.edu.ec\/sitio\/wp-content\/uploads\/2024\/11\/01-ROBERTO-MOSCOSO-1.jpg","contentUrl":"https:\/\/www.uartes.edu.ec\/sitio\/wp-content\/uploads\/2024\/11\/01-ROBERTO-MOSCOSO-1.jpg","width":2000,"height":1333},{"@type":"BreadcrumbList","@id":"https:\/\/www.uartes.edu.ec\/sitio\/blog\/2024\/11\/24\/docente-uartes-roberto-moscoso-realiza-en-cuenca-una-residencia-artistica-urdimbres-sonoros-es-su-proyecto\/#breadcrumb","itemListElement":[{"@type":"ListItem","position":1,"name":"Inicio","item":"https:\/\/www.uartes.edu.ec\/sitio\/"},{"@type":"ListItem","position":2,"name":"Docente UArtes Roberto Moscoso cumple residencia art\u00edstica en Cuenca; su proyecto de investigaci\u00f3n es \u201cUrdimbres Sonoros\u201d"}]},{"@type":"WebSite","@id":"https:\/\/www.uartes.edu.ec\/sitio\/#website","url":"https:\/\/www.uartes.edu.ec\/sitio\/","name":"Universidad de las Artes","description":"Sitio oficial de la Universidad Nacional de las Artes del Ecuador","publisher":{"@id":"https:\/\/www.uartes.edu.ec\/sitio\/#organization"},"potentialAction":[{"@type":"SearchAction","target":{"@type":"EntryPoint","urlTemplate":"https:\/\/www.uartes.edu.ec\/sitio\/?s={search_term_string}"},"query-input":{"@type":"PropertyValueSpecification","valueRequired":true,"valueName":"search_term_string"}}],"inLanguage":"es"},{"@type":"Organization","@id":"https:\/\/www.uartes.edu.ec\/sitio\/#organization","name":"Universidad de las Artes","url":"https:\/\/www.uartes.edu.ec\/sitio\/","logo":{"@type":"ImageObject","inLanguage":"es","@id":"https:\/\/www.uartes.edu.ec\/sitio\/#\/schema\/logo\/image\/","url":"https:\/\/www.uartes.edu.ec\/sitio\/wp-content\/uploads\/2022\/07\/logo-ua-horizontal.png","contentUrl":"https:\/\/www.uartes.edu.ec\/sitio\/wp-content\/uploads\/2022\/07\/logo-ua-horizontal.png","width":800,"height":276,"caption":"Universidad de las Artes"},"image":{"@id":"https:\/\/www.uartes.edu.ec\/sitio\/#\/schema\/logo\/image\/"},"sameAs":["https:\/\/www.facebook.com\/uartesec","https:\/\/x.com\/uartesec","https:\/\/www.tiktok.com\/@uartesec"]},{"@type":"Person","@id":"https:\/\/www.uartes.edu.ec\/sitio\/#\/schema\/person\/efa1b8275797664fd7f13a79ccc0b1f4","name":"ccortez","image":{"@type":"ImageObject","inLanguage":"es","@id":"https:\/\/secure.gravatar.com\/avatar\/b2a6f664a3ae8e074346ef91775736c5ec479e637ecced6842de9dc98b5da9cd?s=96&d=mm&r=g","url":"https:\/\/secure.gravatar.com\/avatar\/b2a6f664a3ae8e074346ef91775736c5ec479e637ecced6842de9dc98b5da9cd?s=96&d=mm&r=g","contentUrl":"https:\/\/secure.gravatar.com\/avatar\/b2a6f664a3ae8e074346ef91775736c5ec479e637ecced6842de9dc98b5da9cd?s=96&d=mm&r=g","caption":"ccortez"},"url":"https:\/\/www.uartes.edu.ec\/sitio\/blog\/author\/ccortez\/"}]}},"uagb_featured_image_src":{"full":["https:\/\/www.uartes.edu.ec\/sitio\/wp-content\/uploads\/2024\/11\/01-ROBERTO-MOSCOSO-1.jpg",2000,1333,false],"thumbnail":["https:\/\/www.uartes.edu.ec\/sitio\/wp-content\/uploads\/2024\/11\/01-ROBERTO-MOSCOSO-1-150x150.jpg",150,150,true],"medium":["https:\/\/www.uartes.edu.ec\/sitio\/wp-content\/uploads\/2024\/11\/01-ROBERTO-MOSCOSO-1-300x200.jpg",300,200,true],"medium_large":["https:\/\/www.uartes.edu.ec\/sitio\/wp-content\/uploads\/2024\/11\/01-ROBERTO-MOSCOSO-1-768x512.jpg",768,512,true],"large":["https:\/\/www.uartes.edu.ec\/sitio\/wp-content\/uploads\/2024\/11\/01-ROBERTO-MOSCOSO-1-644x429.jpg",644,429,true],"1536x1536":["https:\/\/www.uartes.edu.ec\/sitio\/wp-content\/uploads\/2024\/11\/01-ROBERTO-MOSCOSO-1-1536x1024.jpg",1536,1024,true],"2048x2048":["https:\/\/www.uartes.edu.ec\/sitio\/wp-content\/uploads\/2024\/11\/01-ROBERTO-MOSCOSO-1.jpg",2000,1333,false],"trp-custom-language-flag":["https:\/\/www.uartes.edu.ec\/sitio\/wp-content\/uploads\/2024\/11\/01-ROBERTO-MOSCOSO-1-18x12.jpg",18,12,true],"htmega_size_585x295":["https:\/\/www.uartes.edu.ec\/sitio\/wp-content\/uploads\/2024\/11\/01-ROBERTO-MOSCOSO-1-585x295.jpg",585,295,true],"htmega_size_1170x536":["https:\/\/www.uartes.edu.ec\/sitio\/wp-content\/uploads\/2024\/11\/01-ROBERTO-MOSCOSO-1-1170x536.jpg",1170,536,true],"htmega_size_396x360":["https:\/\/www.uartes.edu.ec\/sitio\/wp-content\/uploads\/2024\/11\/01-ROBERTO-MOSCOSO-1-396x360.jpg",396,360,true],"gb-block-post-grid-landscape":["https:\/\/www.uartes.edu.ec\/sitio\/wp-content\/uploads\/2024\/11\/01-ROBERTO-MOSCOSO-1-600x400.jpg",600,400,true],"gb-block-post-grid-square":["https:\/\/www.uartes.edu.ec\/sitio\/wp-content\/uploads\/2024\/11\/01-ROBERTO-MOSCOSO-1-600x600.jpg",600,600,true],"university-hub-thumb":["https:\/\/www.uartes.edu.ec\/sitio\/wp-content\/uploads\/2024\/11\/01-ROBERTO-MOSCOSO-1-400x267.jpg",400,267,true]},"uagb_author_info":{"display_name":"ccortez","author_link":"https:\/\/www.uartes.edu.ec\/sitio\/blog\/author\/ccortez\/"},"uagb_comment_info":0,"uagb_excerpt":"Roberto Moscoso, docente de la Escuela de Artes Sonoras, es uno de los seis artistas nacionales que fueron seleccionados para participar en el programa de residencias art\u00edsticas y proyectos de investigaci\u00f3n, creaci\u00f3n y exhibici\u00f3n, convocatoria que por primera vez realiz\u00f3 la Alcald\u00eda de Cuenca, a trav\u00e9s de su Direcci\u00f3n de Cultura, Recreaci\u00f3n y Conocimiento, la&hellip;","featured_image_src":"https:\/\/www.uartes.edu.ec\/sitio\/wp-content\/uploads\/2024\/11\/01-ROBERTO-MOSCOSO-1-600x400.jpg","featured_image_src_square":"https:\/\/www.uartes.edu.ec\/sitio\/wp-content\/uploads\/2024\/11\/01-ROBERTO-MOSCOSO-1-600x600.jpg","author_info":{"display_name":"ccortez","author_link":"https:\/\/www.uartes.edu.ec\/sitio\/blog\/author\/ccortez\/"},"publishpress_future_workflow_manual_trigger":{"enabledWorkflows":[]},"distributor_meta":false,"distributor_terms":false,"distributor_media":false,"distributor_original_site_name":"Universidad de las Artes","distributor_original_site_url":"https:\/\/www.uartes.edu.ec\/sitio","push-errors":false,"_links":{"self":[{"href":"https:\/\/www.uartes.edu.ec\/sitio\/wp-json\/wp\/v2\/posts\/65230","targetHints":{"allow":["GET"]}}],"collection":[{"href":"https:\/\/www.uartes.edu.ec\/sitio\/wp-json\/wp\/v2\/posts"}],"about":[{"href":"https:\/\/www.uartes.edu.ec\/sitio\/wp-json\/wp\/v2\/types\/post"}],"author":[{"embeddable":true,"href":"https:\/\/www.uartes.edu.ec\/sitio\/wp-json\/wp\/v2\/users\/10"}],"replies":[{"embeddable":true,"href":"https:\/\/www.uartes.edu.ec\/sitio\/wp-json\/wp\/v2\/comments?post=65230"}],"version-history":[{"count":8,"href":"https:\/\/www.uartes.edu.ec\/sitio\/wp-json\/wp\/v2\/posts\/65230\/revisions"}],"predecessor-version":[{"id":65348,"href":"https:\/\/www.uartes.edu.ec\/sitio\/wp-json\/wp\/v2\/posts\/65230\/revisions\/65348"}],"wp:featuredmedia":[{"embeddable":true,"href":"https:\/\/www.uartes.edu.ec\/sitio\/wp-json\/wp\/v2\/media\/65234"}],"wp:attachment":[{"href":"https:\/\/www.uartes.edu.ec\/sitio\/wp-json\/wp\/v2\/media?parent=65230"}],"wp:term":[{"taxonomy":"category","embeddable":true,"href":"https:\/\/www.uartes.edu.ec\/sitio\/wp-json\/wp\/v2\/categories?post=65230"},{"taxonomy":"post_tag","embeddable":true,"href":"https:\/\/www.uartes.edu.ec\/sitio\/wp-json\/wp\/v2\/tags?post=65230"},{"taxonomy":"infouartes","embeddable":true,"href":"https:\/\/www.uartes.edu.ec\/sitio\/wp-json\/wp\/v2\/infouartes?post=65230"}],"curies":[{"name":"wp","href":"https:\/\/api.w.org\/{rel}","templated":true}]}}