{"id":65301,"date":"2024-11-14T11:45:58","date_gmt":"2024-11-14T16:45:58","guid":{"rendered":"https:\/\/www.uartes.edu.ec\/sitio\/?p=65301"},"modified":"2024-11-26T11:59:18","modified_gmt":"2024-11-26T16:59:18","slug":"encuentro-editorial-diferente-y-festivo","status":"publish","type":"post","link":"https:\/\/www.uartes.edu.ec\/sitio\/blog\/2024\/11\/14\/encuentro-editorial-diferente-y-festivo\/","title":{"rendered":"Encuentro editorial diferente y festivo"},"content":{"rendered":"\n<p><strong>En este 2024<\/strong><strong>, la feria de Libre Libro<\/strong><strong> <\/strong><strong>se desarroll\u00f3 en el Pasaje Illingworth, en el coraz\u00f3n de la Universidad de las Artes, su sede matriz, otorgando un espacio mucho m\u00e1s visible y amplio que en la Plaza P\u00fablica del MZ14 Centro de Producci\u00f3n e Innovaci\u00f3n UArtes. Como librero del Fondo de Cultura Econ\u00f3mica Ecuador, siempre me emociona participar en est<\/strong><strong>a<\/strong><strong>s <\/strong><strong>cita<\/strong><strong>s, pero la d\u00e9cima edici\u00f3n del evento hito de la Escuela de Literatura me dej\u00f3 una sensaci\u00f3n particularmente especial. <\/strong><strong>F<\/strong><strong>ue un encuentro con<\/strong><strong> los estudiantes, docentes y <\/strong><strong>p\u00fablico en general<\/strong><strong> <\/strong><strong>que marc\u00f3 diferencias en la log\u00edstica y el ambiente, lo cual hizo que todo fuera m\u00e1s din\u00e1mico y gratificante.<\/strong><\/p>\n\n\n\n<p><strong>Cuando me enter\u00e9 de que la feria <\/strong><strong>de Libre Libro <\/strong><strong>se mudaba, lo primero que pens\u00e9 fue en el espacio. A veces, las ferias anteriores en <\/strong><strong>el<\/strong><strong> MZ14 parec\u00edan un poco limitadas, tanto por el espacio f\u00edsico como por la percepci\u00f3n que tiene la gente del lugar<\/strong><strong>, seguramente porque muchos desconocen de todas las actividades art\u00edsticas, culturales y acad\u00e9micas que all\u00ed se desarrollan<\/strong><strong>. <\/strong><strong><\/strong><\/p>\n\n\n\n<p><strong>La ubicaci\u00f3n de este a\u00f1o <\/strong><strong>del recinto ferial <\/strong><strong>fue un acierto total. El Pasaje Illingworth, con su amplitud, permiti\u00f3 que el flujo del p\u00fablico fuera m\u00e1s constante y que los libros pudieran ser vistos y disfrutados sin esa sensaci\u00f3n de enc<\/strong><strong>ierro<\/strong><strong>. Los buses pasaban <\/strong><strong>del lado del Malec\u00f3n Sim\u00f3n Bol\u00edvar y<\/strong><strong> las per<\/strong><strong>sonas caminaban <\/strong><strong>ya sea para ver las publica<\/strong><strong>ciones expuestas o <\/strong><strong>comprarlas, y eso nos permiti\u00f3 conectar con gente que no ten\u00eda mucho conocimiento sobre la actividad. Fue como abrir las puertas a nuevos lectores.<\/strong><\/p>\n\n\n<div class=\"wp-block-image\">\n<figure class=\"aligncenter size-large is-resized\"><img fetchpriority=\"high\" decoding=\"async\" width=\"644\" height=\"540\" src=\"https:\/\/www.uartes.edu.ec\/sitio\/wp-content\/uploads\/2024\/11\/FCE13-644x540.jpg\" alt=\"\" class=\"wp-image-65303\" style=\"width:534px;height:auto\" srcset=\"https:\/\/www.uartes.edu.ec\/sitio\/wp-content\/uploads\/2024\/11\/FCE13-644x540.jpg 644w, https:\/\/www.uartes.edu.ec\/sitio\/wp-content\/uploads\/2024\/11\/FCE13-300x252.jpg 300w, https:\/\/www.uartes.edu.ec\/sitio\/wp-content\/uploads\/2024\/11\/FCE13-14x12.jpg 14w, https:\/\/www.uartes.edu.ec\/sitio\/wp-content\/uploads\/2024\/11\/FCE13-358x300.jpg 358w, https:\/\/www.uartes.edu.ec\/sitio\/wp-content\/uploads\/2024\/11\/FCE13.jpg 652w\" sizes=\"(max-width: 644px) 100vw, 644px\" \/><\/figure>\n<\/div>\n\n\n<p><strong>Lo que m\u00e1s me entusiasma de encuentros como Libre Libro es la oportunidad de representar al Fondo de Cultura Econ\u00f3mica, una editorial que tiene una historia, una filosof\u00eda y una selecci\u00f3n de t\u00edtulos que considero esenciales para cualquier amante de l<\/strong><strong>a lectura<\/strong><strong>. Esta vez, adem\u00e1s, contamos con un evento dentro de la feria que me dej\u00f3 impresionado: la presentaci\u00f3n de<\/strong><strong> la obra<\/strong><strong> \u201cLos \u00faltimos d\u00edas de Pompeya\u201d de <\/strong><strong>la poeta ecuatoriana <\/strong><strong>Sonia Manzano. Ver a tantas personas intere<\/strong><strong>sadas<\/strong><strong> comprando el libro, leyendo sus p\u00e1ginas y pidi\u00e9ndole a la autora su firma fue una experiencia indescriptible. Para nosotros, como libreros, ese tipo de momentos reflejan el verdadero impacto cultural de lo que hacemos.<\/strong><\/p>\n\n\n\n<p><strong>Sabemos que la clave de cualquier feria est\u00e1 en la oferta de libros. E<\/strong><strong>n el Fondo de Cultura Econ\u00f3mica<\/strong><strong> contamos con miles de t\u00edtulos, pero no todos son adecuados para una feria como esta. Sab\u00edamos que el p\u00fablico ser\u00eda variado, desde estudiantes hasta profesionales, por lo que optamos por llevar una selecci\u00f3n que cubriera distintos intereses.<\/strong><strong> Desde libros de arte, econom\u00eda y<\/strong><strong> educaci\u00f3n hasta colecciones para los m\u00e1s j\u00f3venes. El stand est<\/strong><strong>uvo<\/strong><strong> lleno de t\u00edtulos de bolsillo<\/strong><strong>, f\u00e1ciles de llevar, accesibles<\/strong><strong> y<\/strong><strong>,<\/strong><strong> por supuesto, de gran calidad a un <\/strong><strong>m\u00f3dico <\/strong><strong>presupuesto. Adem\u00e1s, nos enfocamos especialmente en libros que pudieran despertar el inter\u00e9s de los estudiantes, ya que ese es un <\/strong><strong>p\u00fablico clave. Las colecciones \u201c<\/strong><strong>Viento del <\/strong><strong>p<\/strong><strong>ueblo<\/strong><strong>\u201d fue<\/strong><strong> un \u00e9xito total<\/strong><strong>, no solo por los costos \u2013tuvimos<\/strong><strong> libros <\/strong><strong>desde<\/strong><strong> $<\/strong><strong> <\/strong><strong>1,50<\/strong><strong>\u2013 sino por su gran<\/strong><strong> variedad de temas<\/strong><strong>: d<\/strong><strong>esde poes\u00eda hasta novela gr\u00e1fi<\/strong><strong>ca.<\/strong><\/p>\n\n\n\n<figure class=\"wp-block-gallery has-nested-images columns-default is-cropped wp-block-gallery-1 is-layout-flex wp-block-gallery-is-layout-flex\">\n<figure class=\"wp-block-image size-large\"><img decoding=\"async\" width=\"644\" height=\"429\" data-id=\"65305\" src=\"https:\/\/www.uartes.edu.ec\/sitio\/wp-content\/uploads\/2024\/11\/09-6NOV-LIBRE-LIBRO-644x429.jpg\" alt=\"\" class=\"wp-image-65305\" srcset=\"https:\/\/www.uartes.edu.ec\/sitio\/wp-content\/uploads\/2024\/11\/09-6NOV-LIBRE-LIBRO-644x429.jpg 644w, https:\/\/www.uartes.edu.ec\/sitio\/wp-content\/uploads\/2024\/11\/09-6NOV-LIBRE-LIBRO-300x200.jpg 300w, https:\/\/www.uartes.edu.ec\/sitio\/wp-content\/uploads\/2024\/11\/09-6NOV-LIBRE-LIBRO-768x512.jpg 768w, https:\/\/www.uartes.edu.ec\/sitio\/wp-content\/uploads\/2024\/11\/09-6NOV-LIBRE-LIBRO-1536x1024.jpg 1536w, https:\/\/www.uartes.edu.ec\/sitio\/wp-content\/uploads\/2024\/11\/09-6NOV-LIBRE-LIBRO-18x12.jpg 18w, https:\/\/www.uartes.edu.ec\/sitio\/wp-content\/uploads\/2024\/11\/09-6NOV-LIBRE-LIBRO-600x400.jpg 600w, https:\/\/www.uartes.edu.ec\/sitio\/wp-content\/uploads\/2024\/11\/09-6NOV-LIBRE-LIBRO-400x267.jpg 400w, https:\/\/www.uartes.edu.ec\/sitio\/wp-content\/uploads\/2024\/11\/09-6NOV-LIBRE-LIBRO-272x182.jpg 272w, https:\/\/www.uartes.edu.ec\/sitio\/wp-content\/uploads\/2024\/11\/09-6NOV-LIBRE-LIBRO.jpg 2000w\" sizes=\"(max-width: 644px) 100vw, 644px\" \/><\/figure>\n\n\n\n<figure class=\"wp-block-image size-large\"><img decoding=\"async\" width=\"644\" height=\"429\" data-id=\"65304\" src=\"https:\/\/www.uartes.edu.ec\/sitio\/wp-content\/uploads\/2024\/11\/06-6NOV-LIBRE-LIBRO-644x429.jpg\" alt=\"\" class=\"wp-image-65304\" srcset=\"https:\/\/www.uartes.edu.ec\/sitio\/wp-content\/uploads\/2024\/11\/06-6NOV-LIBRE-LIBRO-644x429.jpg 644w, https:\/\/www.uartes.edu.ec\/sitio\/wp-content\/uploads\/2024\/11\/06-6NOV-LIBRE-LIBRO-300x200.jpg 300w, https:\/\/www.uartes.edu.ec\/sitio\/wp-content\/uploads\/2024\/11\/06-6NOV-LIBRE-LIBRO-768x512.jpg 768w, https:\/\/www.uartes.edu.ec\/sitio\/wp-content\/uploads\/2024\/11\/06-6NOV-LIBRE-LIBRO-1536x1024.jpg 1536w, https:\/\/www.uartes.edu.ec\/sitio\/wp-content\/uploads\/2024\/11\/06-6NOV-LIBRE-LIBRO-18x12.jpg 18w, https:\/\/www.uartes.edu.ec\/sitio\/wp-content\/uploads\/2024\/11\/06-6NOV-LIBRE-LIBRO-600x400.jpg 600w, https:\/\/www.uartes.edu.ec\/sitio\/wp-content\/uploads\/2024\/11\/06-6NOV-LIBRE-LIBRO-400x267.jpg 400w, https:\/\/www.uartes.edu.ec\/sitio\/wp-content\/uploads\/2024\/11\/06-6NOV-LIBRE-LIBRO-272x182.jpg 272w, https:\/\/www.uartes.edu.ec\/sitio\/wp-content\/uploads\/2024\/11\/06-6NOV-LIBRE-LIBRO.jpg 2000w\" sizes=\"(max-width: 644px) 100vw, 644px\" \/><\/figure>\n<\/figure>\n\n\n\n<p><strong>Hubo un tema que me preocup<\/strong><strong>\u00f3<\/strong><strong> desde antes de la feria: la venta de libros infantiles. En ediciones pasadas, notamos que no era f\u00e1cil mover este tipo de <\/strong><strong>publicaciones, p<\/strong><strong>ero este a\u00f1o<\/strong><strong> fue notorio que <\/strong><strong>el inter\u00e9s por la literatura inf<\/strong><strong>antil aument\u00f3. Durante la feria<\/strong><strong> llevamos una buena selecci\u00f3n de libros para ni\u00f1os y, sorprendentemente, varios de ellos se fueron. Aunque las ventas de libros infantiles a\u00fan enfrentan altibajos, esta feria nos dio una peque\u00f1a esperanza de que, con la oferta adecuada, este segmento puede revitalizarse. <\/strong><strong><\/strong><\/p>\n\n\n\n<p><strong>Junto con la librer\u00eda Miguel Donoso Pareja, ubicada en el MZ14, el FCE tiene su segunda librer\u00eda en Guayaquil en la Biblioteca de las Artes. Es la <\/strong><strong>Rita Lecumberri<\/strong><strong>,<\/strong><strong> <\/strong><strong>que <\/strong><strong>no estaba pasando en su mejor apogeo<\/strong><strong> dadas<\/strong><strong> las dificultades <\/strong><strong>que atravesamos como <\/strong><strong>pa\u00eds<\/strong><strong> y\/<\/strong><strong>o <\/strong><strong>quiz\u00e1s porque muchos a\u00fan desconocen que all\u00ed se pueden encontrar libros<\/strong><strong> infantil<\/strong><strong>es<\/strong><strong>, <\/strong><strong>sin embargo, en la feria organizada por la Escuela de Literatura UArtes <\/strong><strong>el p\u00fablico se llev\u00f3 mucho m\u00e1s que un libro en su bolsillo.<\/strong><\/p>\n\n\n\n<p><strong>Asimismo, en comparaci\u00f3n <\/strong><strong>con a\u00f1os anteriores<\/strong><strong>, en esta edici\u00f3n hall\u00e9 otra notable<\/strong><strong> diferencia<\/strong><strong>:<\/strong><strong> el comportamiento de los clientes. Las personas se sent\u00edan m\u00e1s relajadas<\/strong><strong> y<\/strong><strong> felices. Hab\u00eda m\u00e1s variedad de libros, m\u00e1s espacio para explorar y la accesibilidad era mucho mejor. Los estudiantes, en particular, se mostraron m\u00e1s interesados<\/strong><strong> y con<\/strong><strong> los eventos <\/strong><strong>programados tanto en el Pasaje I<\/strong><strong>llingworth<\/strong><strong> como en el MZ14, la atm\u00f3sfera result\u00f3<\/strong><strong> festiva<\/strong><strong>. Fue evidente que <\/strong><strong>la feria se sinti\u00f3 como un lugar vivo, lleno de ideas, de intercambio y de cultura.<\/strong><\/p>\n\n\n<div class=\"wp-block-image\">\n<figure class=\"aligncenter size-large\"><img loading=\"lazy\" decoding=\"async\" width=\"644\" height=\"429\" src=\"https:\/\/www.uartes.edu.ec\/sitio\/wp-content\/uploads\/2024\/11\/05-6NOV-LIBRE-LIBRO-644x429.jpg\" alt=\"\" class=\"wp-image-65306\" srcset=\"https:\/\/www.uartes.edu.ec\/sitio\/wp-content\/uploads\/2024\/11\/05-6NOV-LIBRE-LIBRO-644x429.jpg 644w, https:\/\/www.uartes.edu.ec\/sitio\/wp-content\/uploads\/2024\/11\/05-6NOV-LIBRE-LIBRO-300x200.jpg 300w, https:\/\/www.uartes.edu.ec\/sitio\/wp-content\/uploads\/2024\/11\/05-6NOV-LIBRE-LIBRO-768x512.jpg 768w, https:\/\/www.uartes.edu.ec\/sitio\/wp-content\/uploads\/2024\/11\/05-6NOV-LIBRE-LIBRO-1536x1024.jpg 1536w, https:\/\/www.uartes.edu.ec\/sitio\/wp-content\/uploads\/2024\/11\/05-6NOV-LIBRE-LIBRO-18x12.jpg 18w, https:\/\/www.uartes.edu.ec\/sitio\/wp-content\/uploads\/2024\/11\/05-6NOV-LIBRE-LIBRO-600x400.jpg 600w, https:\/\/www.uartes.edu.ec\/sitio\/wp-content\/uploads\/2024\/11\/05-6NOV-LIBRE-LIBRO-400x267.jpg 400w, https:\/\/www.uartes.edu.ec\/sitio\/wp-content\/uploads\/2024\/11\/05-6NOV-LIBRE-LIBRO-272x182.jpg 272w, https:\/\/www.uartes.edu.ec\/sitio\/wp-content\/uploads\/2024\/11\/05-6NOV-LIBRE-LIBRO.jpg 2000w\" sizes=\"(max-width: 644px) 100vw, 644px\" \/><\/figure>\n<\/div>\n\n\n<p><strong>Entre<\/strong><strong> los momentos agradables de <\/strong><strong>l<\/strong><strong>a feria <\/strong><strong>puedo citar tambi\u00e9n <\/strong><strong>el contacto con otras editoriales. Conoc\u00ed a algunos representantes de <\/strong><strong>Editorial <\/strong><strong>Blanca<\/strong><strong>, de Quito<\/strong><strong>, <\/strong><strong>de la <\/strong><strong>que hasta ese momento <\/strong><strong>des<\/strong><strong>conoc\u00eda. <\/strong><strong>Ese v\u00ednculo entre editoriales permite que exista no solo un intercambio de experiencias, sino de publicaciones. En e<\/strong><strong>l Fondo de Cultura Econ\u00f3mica<\/strong><strong> se encuentran ahora, por ejemplo, varios de los libros de la editorial mencionada<\/strong><strong>. Como librero<\/strong><strong> debo revelas que estas oportunidades son oro puro<\/strong><strong> porque siempre estamos buscando n<\/strong><strong>ovedades para nuestros clientes<\/strong><strong> y<\/strong><strong> <\/strong><strong>colaboraciones <\/strong><strong>de este tipo enriquecen <\/strong><strong>nuestra oferta y demanda.<\/strong><\/p>\n\n\n\n<p><strong>Al final de la feria<\/strong><strong> de Libre Libro<\/strong><strong>, cuando todo estaba por terminar, me sent\u00ed satisfecho. <\/strong><strong>L<\/strong><strong>as ventas fueron positivas<\/strong><strong> y el encuentro librero<\/strong><strong> cumpli\u00f3 su funci\u00f3n: acercar los libros <\/strong><strong>a la gente, fomentar la lectura<\/strong><strong> y crear un ambiente en el que todos<\/strong><strong> <\/strong><strong>pudieron interactuar con la cultura de una manera org\u00e1nica y divertida. Si bien siempre hay retos para los libreros, como mantener el stand atractivo o seleccionar los t\u00edtulos adecuados, el verdadero reto est\u00e1 en seguir manteniendo esa chispa viva, esa conexi\u00f3n con los lectores. Despu\u00e9s de todo, ese es el prop\u00f3sito de estar en una feria: acercar a las personas al mundo de los libros y hacer que lleven un pedazo de ese mundo a casa.<\/strong><\/p>\n\n\n\n<p><strong>Colaboraci\u00f3n<\/strong><strong>: Jorge Palacios, librero del Fondo de Cultura Econ\u00f3mica.<\/strong><strong> Edici\u00f3n: Carmen Cortez\/Dircom.<\/strong><\/p>\n","protected":false},"excerpt":{"rendered":"<p>El retorno de la feria de Libre Libro al Pasaje Illingworth gener\u00f3 muchas emociones para quienes han sido part\u00edcipes de las anteriores ediciones del Encuentro de Editoriales Independientes organizado por la UArtes. Jorge Palacios, a cargo de la librer\u00eda Miguel Donoso Pareja del Fondo de Cultura Econ\u00f3mica Ecuador, ubicada en el MZ14, comparte su experiencia como uno de los expositores del recinto ferial; el siguiente art\u00edculo es el resultado de un di\u00e1logo previo con Eleinn Rivera, estudiante de la Escuela de Literatura.<\/p>\n","protected":false},"author":10,"featured_media":65302,"comment_status":"open","ping_status":"open","sticky":false,"template":"","format":"standard","meta":{"_acf_changed":false,"_uag_custom_page_level_css":"","_monsterinsights_skip_tracking":false,"_monsterinsights_sitenote_active":false,"_monsterinsights_sitenote_note":"","_monsterinsights_sitenote_category":0,"cybocfi_hide_featured_image":"","footnotes":""},"categories":[80,490,82,75,76,77,175,83],"tags":[547],"infouartes":[],"class_list":["post-65301","post","type-post","status-publish","format-standard","has-post-thumbnail","hentry","category-academico","category-alumni","category-artes","category-docentes","category-estudiantes","category-gestion","category-literatura","category-sedes","tag-libre-libro"],"acf":[],"yoast_head":"<!-- This site is optimized with the Yoast SEO plugin v27.4 - https:\/\/yoast.com\/product\/yoast-seo-wordpress\/ -->\n<title>Universidad de las Artes - Encuentro editorial diferente y festivo<\/title>\n<meta name=\"description\" content=\"Universidad de las Artes - Encuentro editorial diferente y festivo\" \/>\n<meta name=\"robots\" content=\"index, follow, max-snippet:-1, max-image-preview:large, max-video-preview:-1\" \/>\n<link rel=\"canonical\" href=\"https:\/\/www.uartes.edu.ec\/sitio\/blog\/2024\/11\/14\/encuentro-editorial-diferente-y-festivo\/\" \/>\n<meta property=\"og:locale\" content=\"es_ES\" \/>\n<meta property=\"og:type\" content=\"article\" \/>\n<meta property=\"og:title\" content=\"Universidad de las Artes - Encuentro editorial diferente y festivo\" \/>\n<meta property=\"og:description\" content=\"Universidad de las Artes - Encuentro editorial diferente y festivo\" \/>\n<meta property=\"og:url\" content=\"https:\/\/www.uartes.edu.ec\/sitio\/blog\/2024\/11\/14\/encuentro-editorial-diferente-y-festivo\/\" \/>\n<meta property=\"og:site_name\" content=\"Universidad de las Artes\" \/>\n<meta property=\"article:publisher\" content=\"https:\/\/www.facebook.com\/uartesec\" \/>\n<meta property=\"article:published_time\" content=\"2024-11-14T16:45:58+00:00\" \/>\n<meta property=\"article:modified_time\" content=\"2024-11-26T16:59:18+00:00\" \/>\n<meta property=\"og:image\" content=\"https:\/\/www.uartes.edu.ec\/sitio\/wp-content\/uploads\/2024\/11\/10-6NOV-LIBRE-LIBRO-1.jpg\" \/>\n\t<meta property=\"og:image:width\" content=\"2000\" \/>\n\t<meta property=\"og:image:height\" content=\"1333\" \/>\n\t<meta property=\"og:image:type\" content=\"image\/jpeg\" \/>\n<meta name=\"author\" content=\"ccortez\" \/>\n<meta name=\"twitter:card\" content=\"summary_large_image\" \/>\n<meta name=\"twitter:creator\" content=\"@uartesec\" \/>\n<meta name=\"twitter:site\" content=\"@uartesec\" \/>\n<meta name=\"twitter:label1\" content=\"Escrito por\" \/>\n\t<meta name=\"twitter:data1\" content=\"ccortez\" \/>\n\t<meta name=\"twitter:label2\" content=\"Tiempo de lectura\" \/>\n\t<meta name=\"twitter:data2\" content=\"6 minutos\" \/>\n<script type=\"application\/ld+json\" class=\"yoast-schema-graph\">{\"@context\":\"https:\\\/\\\/schema.org\",\"@graph\":[{\"@type\":\"Article\",\"@id\":\"https:\\\/\\\/www.uartes.edu.ec\\\/sitio\\\/blog\\\/2024\\\/11\\\/14\\\/encuentro-editorial-diferente-y-festivo\\\/#article\",\"isPartOf\":{\"@id\":\"https:\\\/\\\/www.uartes.edu.ec\\\/sitio\\\/blog\\\/2024\\\/11\\\/14\\\/encuentro-editorial-diferente-y-festivo\\\/\"},\"author\":{\"name\":\"ccortez\",\"@id\":\"https:\\\/\\\/www.uartes.edu.ec\\\/sitio\\\/#\\\/schema\\\/person\\\/efa1b8275797664fd7f13a79ccc0b1f4\"},\"headline\":\"Encuentro editorial diferente y festivo\",\"datePublished\":\"2024-11-14T16:45:58+00:00\",\"dateModified\":\"2024-11-26T16:59:18+00:00\",\"mainEntityOfPage\":{\"@id\":\"https:\\\/\\\/www.uartes.edu.ec\\\/sitio\\\/blog\\\/2024\\\/11\\\/14\\\/encuentro-editorial-diferente-y-festivo\\\/\"},\"wordCount\":1112,\"commentCount\":0,\"publisher\":{\"@id\":\"https:\\\/\\\/www.uartes.edu.ec\\\/sitio\\\/#organization\"},\"image\":{\"@id\":\"https:\\\/\\\/www.uartes.edu.ec\\\/sitio\\\/blog\\\/2024\\\/11\\\/14\\\/encuentro-editorial-diferente-y-festivo\\\/#primaryimage\"},\"thumbnailUrl\":\"https:\\\/\\\/www.uartes.edu.ec\\\/sitio\\\/wp-content\\\/uploads\\\/2024\\\/11\\\/10-6NOV-LIBRE-LIBRO-1.jpg\",\"keywords\":[\"Libre Libro\"],\"articleSection\":[\"Acad\u00e9mico\",\"Alumni\",\"Artes\",\"Docentes\",\"Estudiantes\",\"Gesti\u00f3n\",\"Literatura\",\"Sedes\"],\"inLanguage\":\"es\",\"potentialAction\":[{\"@type\":\"CommentAction\",\"name\":\"Comment\",\"target\":[\"https:\\\/\\\/www.uartes.edu.ec\\\/sitio\\\/blog\\\/2024\\\/11\\\/14\\\/encuentro-editorial-diferente-y-festivo\\\/#respond\"]}]},{\"@type\":[\"WebPage\",\"ItemPage\"],\"@id\":\"https:\\\/\\\/www.uartes.edu.ec\\\/sitio\\\/blog\\\/2024\\\/11\\\/14\\\/encuentro-editorial-diferente-y-festivo\\\/\",\"url\":\"https:\\\/\\\/www.uartes.edu.ec\\\/sitio\\\/blog\\\/2024\\\/11\\\/14\\\/encuentro-editorial-diferente-y-festivo\\\/\",\"name\":\"Universidad de las Artes - Encuentro editorial diferente y festivo\",\"isPartOf\":{\"@id\":\"https:\\\/\\\/www.uartes.edu.ec\\\/sitio\\\/#website\"},\"primaryImageOfPage\":{\"@id\":\"https:\\\/\\\/www.uartes.edu.ec\\\/sitio\\\/blog\\\/2024\\\/11\\\/14\\\/encuentro-editorial-diferente-y-festivo\\\/#primaryimage\"},\"image\":{\"@id\":\"https:\\\/\\\/www.uartes.edu.ec\\\/sitio\\\/blog\\\/2024\\\/11\\\/14\\\/encuentro-editorial-diferente-y-festivo\\\/#primaryimage\"},\"thumbnailUrl\":\"https:\\\/\\\/www.uartes.edu.ec\\\/sitio\\\/wp-content\\\/uploads\\\/2024\\\/11\\\/10-6NOV-LIBRE-LIBRO-1.jpg\",\"datePublished\":\"2024-11-14T16:45:58+00:00\",\"dateModified\":\"2024-11-26T16:59:18+00:00\",\"description\":\"Universidad de las Artes - Encuentro editorial diferente y festivo\",\"breadcrumb\":{\"@id\":\"https:\\\/\\\/www.uartes.edu.ec\\\/sitio\\\/blog\\\/2024\\\/11\\\/14\\\/encuentro-editorial-diferente-y-festivo\\\/#breadcrumb\"},\"inLanguage\":\"es\",\"potentialAction\":[{\"@type\":\"ReadAction\",\"target\":[\"https:\\\/\\\/www.uartes.edu.ec\\\/sitio\\\/blog\\\/2024\\\/11\\\/14\\\/encuentro-editorial-diferente-y-festivo\\\/\"]}]},{\"@type\":\"ImageObject\",\"inLanguage\":\"es\",\"@id\":\"https:\\\/\\\/www.uartes.edu.ec\\\/sitio\\\/blog\\\/2024\\\/11\\\/14\\\/encuentro-editorial-diferente-y-festivo\\\/#primaryimage\",\"url\":\"https:\\\/\\\/www.uartes.edu.ec\\\/sitio\\\/wp-content\\\/uploads\\\/2024\\\/11\\\/10-6NOV-LIBRE-LIBRO-1.jpg\",\"contentUrl\":\"https:\\\/\\\/www.uartes.edu.ec\\\/sitio\\\/wp-content\\\/uploads\\\/2024\\\/11\\\/10-6NOV-LIBRE-LIBRO-1.jpg\",\"width\":2000,\"height\":1333},{\"@type\":\"BreadcrumbList\",\"@id\":\"https:\\\/\\\/www.uartes.edu.ec\\\/sitio\\\/blog\\\/2024\\\/11\\\/14\\\/encuentro-editorial-diferente-y-festivo\\\/#breadcrumb\",\"itemListElement\":[{\"@type\":\"ListItem\",\"position\":1,\"name\":\"Inicio\",\"item\":\"https:\\\/\\\/www.uartes.edu.ec\\\/sitio\\\/\"},{\"@type\":\"ListItem\",\"position\":2,\"name\":\"Encuentro editorial diferente y festivo\"}]},{\"@type\":\"WebSite\",\"@id\":\"https:\\\/\\\/www.uartes.edu.ec\\\/sitio\\\/#website\",\"url\":\"https:\\\/\\\/www.uartes.edu.ec\\\/sitio\\\/\",\"name\":\"Universidad de las Artes\",\"description\":\"Sitio oficial de la Universidad Nacional de las Artes del Ecuador\",\"publisher\":{\"@id\":\"https:\\\/\\\/www.uartes.edu.ec\\\/sitio\\\/#organization\"},\"potentialAction\":[{\"@type\":\"SearchAction\",\"target\":{\"@type\":\"EntryPoint\",\"urlTemplate\":\"https:\\\/\\\/www.uartes.edu.ec\\\/sitio\\\/?s={search_term_string}\"},\"query-input\":{\"@type\":\"PropertyValueSpecification\",\"valueRequired\":true,\"valueName\":\"search_term_string\"}}],\"inLanguage\":\"es\"},{\"@type\":\"Organization\",\"@id\":\"https:\\\/\\\/www.uartes.edu.ec\\\/sitio\\\/#organization\",\"name\":\"Universidad de las Artes\",\"url\":\"https:\\\/\\\/www.uartes.edu.ec\\\/sitio\\\/\",\"logo\":{\"@type\":\"ImageObject\",\"inLanguage\":\"es\",\"@id\":\"https:\\\/\\\/www.uartes.edu.ec\\\/sitio\\\/#\\\/schema\\\/logo\\\/image\\\/\",\"url\":\"https:\\\/\\\/www.uartes.edu.ec\\\/sitio\\\/wp-content\\\/uploads\\\/2022\\\/07\\\/logo-ua-horizontal.png\",\"contentUrl\":\"https:\\\/\\\/www.uartes.edu.ec\\\/sitio\\\/wp-content\\\/uploads\\\/2022\\\/07\\\/logo-ua-horizontal.png\",\"width\":800,\"height\":276,\"caption\":\"Universidad de las Artes\"},\"image\":{\"@id\":\"https:\\\/\\\/www.uartes.edu.ec\\\/sitio\\\/#\\\/schema\\\/logo\\\/image\\\/\"},\"sameAs\":[\"https:\\\/\\\/www.facebook.com\\\/uartesec\",\"https:\\\/\\\/x.com\\\/uartesec\",\"https:\\\/\\\/www.tiktok.com\\\/@uartesec\"]},{\"@type\":\"Person\",\"@id\":\"https:\\\/\\\/www.uartes.edu.ec\\\/sitio\\\/#\\\/schema\\\/person\\\/efa1b8275797664fd7f13a79ccc0b1f4\",\"name\":\"ccortez\",\"image\":{\"@type\":\"ImageObject\",\"inLanguage\":\"es\",\"@id\":\"https:\\\/\\\/secure.gravatar.com\\\/avatar\\\/b2a6f664a3ae8e074346ef91775736c5ec479e637ecced6842de9dc98b5da9cd?s=96&d=mm&r=g\",\"url\":\"https:\\\/\\\/secure.gravatar.com\\\/avatar\\\/b2a6f664a3ae8e074346ef91775736c5ec479e637ecced6842de9dc98b5da9cd?s=96&d=mm&r=g\",\"contentUrl\":\"https:\\\/\\\/secure.gravatar.com\\\/avatar\\\/b2a6f664a3ae8e074346ef91775736c5ec479e637ecced6842de9dc98b5da9cd?s=96&d=mm&r=g\",\"caption\":\"ccortez\"},\"url\":\"https:\\\/\\\/www.uartes.edu.ec\\\/sitio\\\/blog\\\/author\\\/ccortez\\\/\"}]}<\/script>\n<!-- \/ Yoast SEO plugin. -->","yoast_head_json":{"title":"Universidad de las Artes - Encuentro editorial diferente y festivo","description":"Universidad de las Artes - Encuentro editorial diferente y festivo","robots":{"index":"index","follow":"follow","max-snippet":"max-snippet:-1","max-image-preview":"max-image-preview:large","max-video-preview":"max-video-preview:-1"},"canonical":"https:\/\/www.uartes.edu.ec\/sitio\/blog\/2024\/11\/14\/encuentro-editorial-diferente-y-festivo\/","og_locale":"es_ES","og_type":"article","og_title":"Universidad de las Artes - Encuentro editorial diferente y festivo","og_description":"Universidad de las Artes - Encuentro editorial diferente y festivo","og_url":"https:\/\/www.uartes.edu.ec\/sitio\/blog\/2024\/11\/14\/encuentro-editorial-diferente-y-festivo\/","og_site_name":"Universidad de las Artes","article_publisher":"https:\/\/www.facebook.com\/uartesec","article_published_time":"2024-11-14T16:45:58+00:00","article_modified_time":"2024-11-26T16:59:18+00:00","og_image":[{"width":2000,"height":1333,"url":"https:\/\/www.uartes.edu.ec\/sitio\/wp-content\/uploads\/2024\/11\/10-6NOV-LIBRE-LIBRO-1.jpg","type":"image\/jpeg"}],"author":"ccortez","twitter_card":"summary_large_image","twitter_creator":"@uartesec","twitter_site":"@uartesec","twitter_misc":{"Escrito por":"ccortez","Tiempo de lectura":"6 minutos"},"schema":{"@context":"https:\/\/schema.org","@graph":[{"@type":"Article","@id":"https:\/\/www.uartes.edu.ec\/sitio\/blog\/2024\/11\/14\/encuentro-editorial-diferente-y-festivo\/#article","isPartOf":{"@id":"https:\/\/www.uartes.edu.ec\/sitio\/blog\/2024\/11\/14\/encuentro-editorial-diferente-y-festivo\/"},"author":{"name":"ccortez","@id":"https:\/\/www.uartes.edu.ec\/sitio\/#\/schema\/person\/efa1b8275797664fd7f13a79ccc0b1f4"},"headline":"Encuentro editorial diferente y festivo","datePublished":"2024-11-14T16:45:58+00:00","dateModified":"2024-11-26T16:59:18+00:00","mainEntityOfPage":{"@id":"https:\/\/www.uartes.edu.ec\/sitio\/blog\/2024\/11\/14\/encuentro-editorial-diferente-y-festivo\/"},"wordCount":1112,"commentCount":0,"publisher":{"@id":"https:\/\/www.uartes.edu.ec\/sitio\/#organization"},"image":{"@id":"https:\/\/www.uartes.edu.ec\/sitio\/blog\/2024\/11\/14\/encuentro-editorial-diferente-y-festivo\/#primaryimage"},"thumbnailUrl":"https:\/\/www.uartes.edu.ec\/sitio\/wp-content\/uploads\/2024\/11\/10-6NOV-LIBRE-LIBRO-1.jpg","keywords":["Libre Libro"],"articleSection":["Acad\u00e9mico","Alumni","Artes","Docentes","Estudiantes","Gesti\u00f3n","Literatura","Sedes"],"inLanguage":"es","potentialAction":[{"@type":"CommentAction","name":"Comment","target":["https:\/\/www.uartes.edu.ec\/sitio\/blog\/2024\/11\/14\/encuentro-editorial-diferente-y-festivo\/#respond"]}]},{"@type":["WebPage","ItemPage"],"@id":"https:\/\/www.uartes.edu.ec\/sitio\/blog\/2024\/11\/14\/encuentro-editorial-diferente-y-festivo\/","url":"https:\/\/www.uartes.edu.ec\/sitio\/blog\/2024\/11\/14\/encuentro-editorial-diferente-y-festivo\/","name":"Universidad de las Artes - Encuentro editorial diferente y festivo","isPartOf":{"@id":"https:\/\/www.uartes.edu.ec\/sitio\/#website"},"primaryImageOfPage":{"@id":"https:\/\/www.uartes.edu.ec\/sitio\/blog\/2024\/11\/14\/encuentro-editorial-diferente-y-festivo\/#primaryimage"},"image":{"@id":"https:\/\/www.uartes.edu.ec\/sitio\/blog\/2024\/11\/14\/encuentro-editorial-diferente-y-festivo\/#primaryimage"},"thumbnailUrl":"https:\/\/www.uartes.edu.ec\/sitio\/wp-content\/uploads\/2024\/11\/10-6NOV-LIBRE-LIBRO-1.jpg","datePublished":"2024-11-14T16:45:58+00:00","dateModified":"2024-11-26T16:59:18+00:00","description":"Universidad de las Artes - Encuentro editorial diferente y festivo","breadcrumb":{"@id":"https:\/\/www.uartes.edu.ec\/sitio\/blog\/2024\/11\/14\/encuentro-editorial-diferente-y-festivo\/#breadcrumb"},"inLanguage":"es","potentialAction":[{"@type":"ReadAction","target":["https:\/\/www.uartes.edu.ec\/sitio\/blog\/2024\/11\/14\/encuentro-editorial-diferente-y-festivo\/"]}]},{"@type":"ImageObject","inLanguage":"es","@id":"https:\/\/www.uartes.edu.ec\/sitio\/blog\/2024\/11\/14\/encuentro-editorial-diferente-y-festivo\/#primaryimage","url":"https:\/\/www.uartes.edu.ec\/sitio\/wp-content\/uploads\/2024\/11\/10-6NOV-LIBRE-LIBRO-1.jpg","contentUrl":"https:\/\/www.uartes.edu.ec\/sitio\/wp-content\/uploads\/2024\/11\/10-6NOV-LIBRE-LIBRO-1.jpg","width":2000,"height":1333},{"@type":"BreadcrumbList","@id":"https:\/\/www.uartes.edu.ec\/sitio\/blog\/2024\/11\/14\/encuentro-editorial-diferente-y-festivo\/#breadcrumb","itemListElement":[{"@type":"ListItem","position":1,"name":"Inicio","item":"https:\/\/www.uartes.edu.ec\/sitio\/"},{"@type":"ListItem","position":2,"name":"Encuentro editorial diferente y festivo"}]},{"@type":"WebSite","@id":"https:\/\/www.uartes.edu.ec\/sitio\/#website","url":"https:\/\/www.uartes.edu.ec\/sitio\/","name":"Universidad de las Artes","description":"Sitio oficial de la Universidad Nacional de las Artes del Ecuador","publisher":{"@id":"https:\/\/www.uartes.edu.ec\/sitio\/#organization"},"potentialAction":[{"@type":"SearchAction","target":{"@type":"EntryPoint","urlTemplate":"https:\/\/www.uartes.edu.ec\/sitio\/?s={search_term_string}"},"query-input":{"@type":"PropertyValueSpecification","valueRequired":true,"valueName":"search_term_string"}}],"inLanguage":"es"},{"@type":"Organization","@id":"https:\/\/www.uartes.edu.ec\/sitio\/#organization","name":"Universidad de las Artes","url":"https:\/\/www.uartes.edu.ec\/sitio\/","logo":{"@type":"ImageObject","inLanguage":"es","@id":"https:\/\/www.uartes.edu.ec\/sitio\/#\/schema\/logo\/image\/","url":"https:\/\/www.uartes.edu.ec\/sitio\/wp-content\/uploads\/2022\/07\/logo-ua-horizontal.png","contentUrl":"https:\/\/www.uartes.edu.ec\/sitio\/wp-content\/uploads\/2022\/07\/logo-ua-horizontal.png","width":800,"height":276,"caption":"Universidad de las Artes"},"image":{"@id":"https:\/\/www.uartes.edu.ec\/sitio\/#\/schema\/logo\/image\/"},"sameAs":["https:\/\/www.facebook.com\/uartesec","https:\/\/x.com\/uartesec","https:\/\/www.tiktok.com\/@uartesec"]},{"@type":"Person","@id":"https:\/\/www.uartes.edu.ec\/sitio\/#\/schema\/person\/efa1b8275797664fd7f13a79ccc0b1f4","name":"ccortez","image":{"@type":"ImageObject","inLanguage":"es","@id":"https:\/\/secure.gravatar.com\/avatar\/b2a6f664a3ae8e074346ef91775736c5ec479e637ecced6842de9dc98b5da9cd?s=96&d=mm&r=g","url":"https:\/\/secure.gravatar.com\/avatar\/b2a6f664a3ae8e074346ef91775736c5ec479e637ecced6842de9dc98b5da9cd?s=96&d=mm&r=g","contentUrl":"https:\/\/secure.gravatar.com\/avatar\/b2a6f664a3ae8e074346ef91775736c5ec479e637ecced6842de9dc98b5da9cd?s=96&d=mm&r=g","caption":"ccortez"},"url":"https:\/\/www.uartes.edu.ec\/sitio\/blog\/author\/ccortez\/"}]}},"uagb_featured_image_src":{"full":["https:\/\/www.uartes.edu.ec\/sitio\/wp-content\/uploads\/2024\/11\/10-6NOV-LIBRE-LIBRO-1.jpg",2000,1333,false],"thumbnail":["https:\/\/www.uartes.edu.ec\/sitio\/wp-content\/uploads\/2024\/11\/10-6NOV-LIBRE-LIBRO-1-150x150.jpg",150,150,true],"medium":["https:\/\/www.uartes.edu.ec\/sitio\/wp-content\/uploads\/2024\/11\/10-6NOV-LIBRE-LIBRO-1-300x200.jpg",300,200,true],"medium_large":["https:\/\/www.uartes.edu.ec\/sitio\/wp-content\/uploads\/2024\/11\/10-6NOV-LIBRE-LIBRO-1-768x512.jpg",768,512,true],"large":["https:\/\/www.uartes.edu.ec\/sitio\/wp-content\/uploads\/2024\/11\/10-6NOV-LIBRE-LIBRO-1-644x429.jpg",644,429,true],"1536x1536":["https:\/\/www.uartes.edu.ec\/sitio\/wp-content\/uploads\/2024\/11\/10-6NOV-LIBRE-LIBRO-1-1536x1024.jpg",1536,1024,true],"2048x2048":["https:\/\/www.uartes.edu.ec\/sitio\/wp-content\/uploads\/2024\/11\/10-6NOV-LIBRE-LIBRO-1.jpg",2000,1333,false],"trp-custom-language-flag":["https:\/\/www.uartes.edu.ec\/sitio\/wp-content\/uploads\/2024\/11\/10-6NOV-LIBRE-LIBRO-1-18x12.jpg",18,12,true],"htmega_size_585x295":["https:\/\/www.uartes.edu.ec\/sitio\/wp-content\/uploads\/2024\/11\/10-6NOV-LIBRE-LIBRO-1-585x295.jpg",585,295,true],"htmega_size_1170x536":["https:\/\/www.uartes.edu.ec\/sitio\/wp-content\/uploads\/2024\/11\/10-6NOV-LIBRE-LIBRO-1-1170x536.jpg",1170,536,true],"htmega_size_396x360":["https:\/\/www.uartes.edu.ec\/sitio\/wp-content\/uploads\/2024\/11\/10-6NOV-LIBRE-LIBRO-1-396x360.jpg",396,360,true],"gb-block-post-grid-landscape":["https:\/\/www.uartes.edu.ec\/sitio\/wp-content\/uploads\/2024\/11\/10-6NOV-LIBRE-LIBRO-1-600x400.jpg",600,400,true],"gb-block-post-grid-square":["https:\/\/www.uartes.edu.ec\/sitio\/wp-content\/uploads\/2024\/11\/10-6NOV-LIBRE-LIBRO-1-600x600.jpg",600,600,true],"university-hub-thumb":["https:\/\/www.uartes.edu.ec\/sitio\/wp-content\/uploads\/2024\/11\/10-6NOV-LIBRE-LIBRO-1-400x267.jpg",400,267,true]},"uagb_author_info":{"display_name":"ccortez","author_link":"https:\/\/www.uartes.edu.ec\/sitio\/blog\/author\/ccortez\/"},"uagb_comment_info":0,"uagb_excerpt":"El retorno de la feria de Libre Libro al Pasaje Illingworth gener\u00f3 muchas emociones para quienes han sido part\u00edcipes de las anteriores ediciones del Encuentro de Editoriales Independientes organizado por la UArtes. Jorge Palacios, a cargo de la librer\u00eda Miguel Donoso Pareja del Fondo de Cultura Econ\u00f3mica Ecuador, ubicada en el MZ14, comparte su experiencia&hellip;","featured_image_src":"https:\/\/www.uartes.edu.ec\/sitio\/wp-content\/uploads\/2024\/11\/10-6NOV-LIBRE-LIBRO-1-600x400.jpg","featured_image_src_square":"https:\/\/www.uartes.edu.ec\/sitio\/wp-content\/uploads\/2024\/11\/10-6NOV-LIBRE-LIBRO-1-600x600.jpg","author_info":{"display_name":"ccortez","author_link":"https:\/\/www.uartes.edu.ec\/sitio\/blog\/author\/ccortez\/"},"publishpress_future_workflow_manual_trigger":{"enabledWorkflows":[]},"distributor_meta":false,"distributor_terms":false,"distributor_media":false,"distributor_original_site_name":"Universidad de las Artes","distributor_original_site_url":"https:\/\/www.uartes.edu.ec\/sitio","push-errors":false,"_links":{"self":[{"href":"https:\/\/www.uartes.edu.ec\/sitio\/wp-json\/wp\/v2\/posts\/65301","targetHints":{"allow":["GET"]}}],"collection":[{"href":"https:\/\/www.uartes.edu.ec\/sitio\/wp-json\/wp\/v2\/posts"}],"about":[{"href":"https:\/\/www.uartes.edu.ec\/sitio\/wp-json\/wp\/v2\/types\/post"}],"author":[{"embeddable":true,"href":"https:\/\/www.uartes.edu.ec\/sitio\/wp-json\/wp\/v2\/users\/10"}],"replies":[{"embeddable":true,"href":"https:\/\/www.uartes.edu.ec\/sitio\/wp-json\/wp\/v2\/comments?post=65301"}],"version-history":[{"count":3,"href":"https:\/\/www.uartes.edu.ec\/sitio\/wp-json\/wp\/v2\/posts\/65301\/revisions"}],"predecessor-version":[{"id":65311,"href":"https:\/\/www.uartes.edu.ec\/sitio\/wp-json\/wp\/v2\/posts\/65301\/revisions\/65311"}],"wp:featuredmedia":[{"embeddable":true,"href":"https:\/\/www.uartes.edu.ec\/sitio\/wp-json\/wp\/v2\/media\/65302"}],"wp:attachment":[{"href":"https:\/\/www.uartes.edu.ec\/sitio\/wp-json\/wp\/v2\/media?parent=65301"}],"wp:term":[{"taxonomy":"category","embeddable":true,"href":"https:\/\/www.uartes.edu.ec\/sitio\/wp-json\/wp\/v2\/categories?post=65301"},{"taxonomy":"post_tag","embeddable":true,"href":"https:\/\/www.uartes.edu.ec\/sitio\/wp-json\/wp\/v2\/tags?post=65301"},{"taxonomy":"infouartes","embeddable":true,"href":"https:\/\/www.uartes.edu.ec\/sitio\/wp-json\/wp\/v2\/infouartes?post=65301"}],"curies":[{"name":"wp","href":"https:\/\/api.w.org\/{rel}","templated":true}]}}