{"id":66048,"date":"2024-12-05T10:57:00","date_gmt":"2024-12-05T15:57:00","guid":{"rendered":"https:\/\/www.uartes.edu.ec\/sitio\/?p=66048"},"modified":"2024-12-19T11:02:59","modified_gmt":"2024-12-19T16:02:59","slug":"observatorio-uartes-presento-el-4to-termometro-cultural-analisis-de-diagnosticos-propicio-mesa-de-trabajo-con-prefecturas","status":"publish","type":"post","link":"https:\/\/www.uartes.edu.ec\/sitio\/blog\/2024\/12\/05\/observatorio-uartes-presento-el-4to-termometro-cultural-analisis-de-diagnosticos-propicio-mesa-de-trabajo-con-prefecturas\/","title":{"rendered":"Observatorio present\u00f3 \u201c4to Term\u00f3metro Cultural\u201d con encuesta de capacidades provinciales para la gesti\u00f3n cultural"},"content":{"rendered":"\n<p>En alianza estrat\u00e9gica con el Consorcio de Gobiernos Aut\u00f3nomos Provinciales del Ecuador (Congope), a trav\u00e9s de la Unidad de Gesti\u00f3n Social, Interculturalidad y G\u00e9nero, el Observatorio de Pol\u00edticas y Econom\u00eda de la Cultura de la Universidad de las Artes present\u00f3 ayer, 4 de diciembre de 2024, su \u201c4to Term\u00f3metro Cultural\u201d, edici\u00f3n para la cual se dise\u00f1\u00f3 e implement\u00f3 la primera encuesta de capacidades provinciales para la gesti\u00f3n cultural.<\/p>\n\n\n\n<p>La presentaci\u00f3n, que tuvo lugar en la Biblioteca de las Artes y propici\u00f3 una mesa de di\u00e1logo y de trabajo, la presidieron los doctores William Herrera, rector de la Universidad de las Artes, y Pablo Cardoso, director del Observatorio de Pol\u00edticas y Econom\u00eda de la Cultura y del Instituto Latinoamericano de Investigaci\u00f3n en Artes (ILIA), conjuntamente con el especialista (e) de Gesti\u00f3n Social del Congope, Mario S\u00e1enz.<\/p>\n\n\n\n<p>Participaron en la presentaci\u00f3n representantes de las direcciones y unidades de cultura, patrimonio, arte, deportes, turismo y recreaci\u00f3n de las diferentes prefecturas provinciales del pa\u00eds, as\u00ed como Fidel Intriago, director de la Casa de la Cultura N\u00facleo de Manab\u00ed. Tras las respectivas bienvenida a los participantes, Pablo Cardoso indic\u00f3 que la jornada ten\u00eda como prop\u00f3sito presentar los resultados de un estudio trabajado por el Observatorio durante varios meses, a fin de realizar un primer diagn\u00f3stico sobre las capacidades provinciales para la gesti\u00f3n de la cultura.\u00a0<\/p>\n\n\n<div class=\"wp-block-image\">\n<figure class=\"aligncenter size-large\"><img fetchpriority=\"high\" decoding=\"async\" width=\"644\" height=\"483\" src=\"https:\/\/www.uartes.edu.ec\/sitio\/wp-content\/uploads\/2024\/12\/Observa-2-644x483.jpg\" alt=\"\" class=\"wp-image-66056\" srcset=\"https:\/\/www.uartes.edu.ec\/sitio\/wp-content\/uploads\/2024\/12\/Observa-2-644x483.jpg 644w, https:\/\/www.uartes.edu.ec\/sitio\/wp-content\/uploads\/2024\/12\/Observa-2-300x225.jpg 300w, https:\/\/www.uartes.edu.ec\/sitio\/wp-content\/uploads\/2024\/12\/Observa-2-768x576.jpg 768w, https:\/\/www.uartes.edu.ec\/sitio\/wp-content\/uploads\/2024\/12\/Observa-2-1536x1152.jpg 1536w, https:\/\/www.uartes.edu.ec\/sitio\/wp-content\/uploads\/2024\/12\/Observa-2-16x12.jpg 16w, https:\/\/www.uartes.edu.ec\/sitio\/wp-content\/uploads\/2024\/12\/Observa-2-400x300.jpg 400w, https:\/\/www.uartes.edu.ec\/sitio\/wp-content\/uploads\/2024\/12\/Observa-2.jpg 1656w\" sizes=\"(max-width: 644px) 100vw, 644px\" \/><\/figure>\n<\/div>\n\n\n<p>En su intervenci\u00f3n, el rector William Herrera indic\u00f3 que m\u00e1s all\u00e1 de la formaci\u00f3n de profesionales en el campo de las artes, nuestra instituci\u00f3n tiene en su agenda de trabajo el desarrollo de actividades como las enmarcadas en la presentaci\u00f3n para, de manera articulada con los actores locales y p\u00fablicos, propiciar acciones en beneficio de las pol\u00edticas p\u00fablicas de cultura, en funci\u00f3n del ejercicio de los derechos culturales y del fomento de las econom\u00edas de la cultura. \u201cTrabajar con los gobiernos locales significa para nosotros una gesti\u00f3n estrat\u00e9gica\u201d.<\/p>\n\n\n\n<p>Indic\u00f3 el rector que el Observatorio UArtes ha logrado levantar much\u00edsimos insumos, datos, an\u00e1lisis y publicaciones que pueden aportar informaci\u00f3n valiosa para pensar en la pol\u00edtica p\u00fablica, evaluarla y gestionarla \u201cy, en ese sentido, el Term\u00f3metro Cultural y las encuestas que se han levantado han tenido un impacto muy concreto\u201d.<\/p>\n\n\n\n<p>El doctor Herrera mencion\u00f3 los abordajes de los anteriores term\u00f3metros culturales, como las condiciones laborales de los trabajadores de las artes y la cultura; en coordinaci\u00f3n con la AME (Asociaci\u00f3n de Municipalidades Ecuatorianas), se evaluaron las capacidades a nivel de los municipios; y ahora, junto con el Congope, se eval\u00faa lo que est\u00e1 sucediendo a nivel de las prefecturas provinciales.<\/p>\n\n\n\n<p>Nuestra autoridad universitaria extendi\u00f3 una invitaci\u00f3n a los presentes para que cuenten con la Universidad las Artes como una aliada para acompa\u00f1ar sus propuestas en pol\u00edticas p\u00fablicas e iniciativas en beneficio de las artes, la cultura y la educaci\u00f3n art\u00edstica.<\/p>\n\n\n<div class=\"wp-block-image\">\n<figure class=\"aligncenter size-large\"><img decoding=\"async\" width=\"644\" height=\"419\" src=\"https:\/\/www.uartes.edu.ec\/sitio\/wp-content\/uploads\/2024\/12\/NOTA-1-1-644x419.jpg\" alt=\"\" class=\"wp-image-66052\" srcset=\"https:\/\/www.uartes.edu.ec\/sitio\/wp-content\/uploads\/2024\/12\/NOTA-1-1-644x419.jpg 644w, https:\/\/www.uartes.edu.ec\/sitio\/wp-content\/uploads\/2024\/12\/NOTA-1-1-300x195.jpg 300w, https:\/\/www.uartes.edu.ec\/sitio\/wp-content\/uploads\/2024\/12\/NOTA-1-1-768x499.jpg 768w, https:\/\/www.uartes.edu.ec\/sitio\/wp-content\/uploads\/2024\/12\/NOTA-1-1-1536x998.jpg 1536w, https:\/\/www.uartes.edu.ec\/sitio\/wp-content\/uploads\/2024\/12\/NOTA-1-1-18x12.jpg 18w, https:\/\/www.uartes.edu.ec\/sitio\/wp-content\/uploads\/2024\/12\/NOTA-1-1-400x260.jpg 400w, https:\/\/www.uartes.edu.ec\/sitio\/wp-content\/uploads\/2024\/12\/NOTA-1-1.jpg 2000w\" sizes=\"(max-width: 644px) 100vw, 644px\" \/><\/figure>\n<\/div>\n\n\n<p>Seguidamente, Pablo Cardoso mostr\u00f3 en pantalla el contenido del \u201c4to Term\u00f3metro Cultural\u201d, dividido en seis secciones que muestran resultados de la primera encuesta de diagn\u00f3stico de capacidades provinciales en la gesti\u00f3n cultural local. Su objetivo, reiter\u00f3, es contar con una visi\u00f3n panor\u00e1mica de las condiciones institucionales de los GAD provinciales en la administraci\u00f3n p\u00fablica de cultura.<\/p>\n\n\n\n<p>De cada secci\u00f3n, el director el Observatorio fue mostrando los resultados de la encuesta y analizando las respuestas obtenidas. Primero se hizo una \u201cIdentificaci\u00f3n de las prefecturas encuestadas\u201d por regi\u00f3n y provincia: Costa, Sierra y Oriente, Gal\u00e1pagos no porque no tiene prefectura. Respondieron 19 de 23 provincias; de la Sierra falt\u00f3 Ca\u00f1ar y del Oriente, Zamora Chinchipe y Orellana.<\/p>\n\n\n\n<p>Este proceso de investigaci\u00f3n, agreg\u00f3, se hizo conjuntamente con el Congope, que preside la prefecta de Pichincha, Paola Pab\u00f3n. En su representaci\u00f3n, Mario S\u00e1enz indic\u00f3 que la encuesta del \u201c4to Term\u00f3metro Cultural\u201d permite contar con un diagn\u00f3stico de las condiciones en que se encuentran los GAD provinciales para trabajar en los \u00e1mbitos del arte y de la cultura.&nbsp;<\/p>\n\n\n\n<p>Para la segunda secci\u00f3n: \u201cGesti\u00f3n normativa y pol\u00edticas culturales\u201d, Pablo Cardoso anot\u00f3 que se pregunt\u00f3 a las prefecturas si contaban con ordenanzas, reglamentos, planes, pol\u00edticas u otros instrumentos que regulen o fomenten las artes, la cultura o el patrimonio cultural. Revel\u00f3 que solo cinco respondieron tener ordenanzas y herramientas de pol\u00edticas p\u00fablicas para la cultura \u2013catorce de las 19 no las tienen\u2013, las cuales apuntan principalmente a la realizaci\u00f3n de eventos y a la promoci\u00f3n de las artes. \u00a0<\/p>\n\n\n<div class=\"wp-block-image\">\n<figure class=\"aligncenter size-large\"><img decoding=\"async\" width=\"644\" height=\"419\" src=\"https:\/\/www.uartes.edu.ec\/sitio\/wp-content\/uploads\/2024\/12\/NOTA-1.3-644x419.jpg\" alt=\"\" class=\"wp-image-66053\" srcset=\"https:\/\/www.uartes.edu.ec\/sitio\/wp-content\/uploads\/2024\/12\/NOTA-1.3-644x419.jpg 644w, https:\/\/www.uartes.edu.ec\/sitio\/wp-content\/uploads\/2024\/12\/NOTA-1.3-300x195.jpg 300w, https:\/\/www.uartes.edu.ec\/sitio\/wp-content\/uploads\/2024\/12\/NOTA-1.3-768x499.jpg 768w, https:\/\/www.uartes.edu.ec\/sitio\/wp-content\/uploads\/2024\/12\/NOTA-1.3-1536x998.jpg 1536w, https:\/\/www.uartes.edu.ec\/sitio\/wp-content\/uploads\/2024\/12\/NOTA-1.3-18x12.jpg 18w, https:\/\/www.uartes.edu.ec\/sitio\/wp-content\/uploads\/2024\/12\/NOTA-1.3-400x260.jpg 400w, https:\/\/www.uartes.edu.ec\/sitio\/wp-content\/uploads\/2024\/12\/NOTA-1.3.jpg 2000w\" sizes=\"(max-width: 644px) 100vw, 644px\" \/><\/figure>\n<\/div>\n\n\n<p>En este rubro, a la pregunta de que en caso de contar con una normativa de cultura se tiene planificado levantar y\/o realizar normativa\/s adicional\/es a las ya existentes, la respuesta fue en un ciento por ciento que no.<\/p>\n\n\n\n<p>En su tercera secci\u00f3n, el \u201c4to Term\u00f3metro Cultural\u201d aborda el \u201cPresupuesto\u201d: asignado, ejecutado y destinado a cultura. Las respuestas dieron como diagn\u00f3stico de que \u201ca nivel general se observa una buena ejecuci\u00f3n presupuestaria, salvo excepciones, y que ser\u00eda importante para futuras investigaciones adentrarse en el detalle de las cifras declaradas para estandarizarlas de forma \u00f3ptima\u201d.<\/p>\n\n\n\n<p>Tambi\u00e9n se determin\u00f3 que la mayor\u00eda de prefecturas considera que el presupuesto destinado a las artes, la cultura y el patrimonio es insuficiente. Y, apenas dos prefecturas han recibido apoyo t\u00e9cnico y\/o presupuestario de organismos internacionales. Un escenario, se dijo en el an\u00e1lisis conjunto, que evidencia las limitaciones operativas para las prefecturas en la gesti\u00f3n de arte y cultura.<\/p>\n\n\n\n<p>La cuarta, quinta y sexta secciones abordan en ese orden los temas: \u201cTalento Humano y Capacidades\u201d, \u201cRedes y mancomunidades\u201d y \u201cLineamientos y Procesos de gesti\u00f3n\u201d. As\u00ed como en las anteriores secciones, hubo reflexiones tanto de Pablo Cardoso, como de los participantes de la mesa de trabajo.<\/p>\n\n\n\n<p>Al t\u00e9rmino de la jornada, se firm\u00f3 una carta de intenci\u00f3n para la conformaci\u00f3n de la Red de GAD por la Cultura. Su contenido destac\u00f3 la presentaci\u00f3n que, a trav\u00e9s de su Observatorio de Pol\u00edtica y Econom\u00eda de la Cultura, hizo la Universidad de las Artes de un diagn\u00f3stico en torno a las capacidades provinciales para la gesti\u00f3n de la cultura, lo cual propici\u00f3 un di\u00e1logo proactivo con los representantes de ocho prefecturas del pa\u00eds y del Congope.<\/p>\n\n\n\n<figure class=\"wp-block-gallery has-nested-images columns-default is-cropped wp-block-gallery-1 is-layout-flex wp-block-gallery-is-layout-flex\">\n<figure class=\"wp-block-image size-large\"><img loading=\"lazy\" decoding=\"async\" width=\"644\" height=\"483\" data-id=\"66057\" src=\"https:\/\/www.uartes.edu.ec\/sitio\/wp-content\/uploads\/2024\/12\/Observa2-644x483.jpg\" alt=\"\" class=\"wp-image-66057\" srcset=\"https:\/\/www.uartes.edu.ec\/sitio\/wp-content\/uploads\/2024\/12\/Observa2-644x483.jpg 644w, https:\/\/www.uartes.edu.ec\/sitio\/wp-content\/uploads\/2024\/12\/Observa2-300x225.jpg 300w, https:\/\/www.uartes.edu.ec\/sitio\/wp-content\/uploads\/2024\/12\/Observa2-768x576.jpg 768w, https:\/\/www.uartes.edu.ec\/sitio\/wp-content\/uploads\/2024\/12\/Observa2-1536x1152.jpg 1536w, https:\/\/www.uartes.edu.ec\/sitio\/wp-content\/uploads\/2024\/12\/Observa2-16x12.jpg 16w, https:\/\/www.uartes.edu.ec\/sitio\/wp-content\/uploads\/2024\/12\/Observa2-400x300.jpg 400w, https:\/\/www.uartes.edu.ec\/sitio\/wp-content\/uploads\/2024\/12\/Observa2.jpg 1600w\" sizes=\"(max-width: 644px) 100vw, 644px\" \/><\/figure>\n\n\n\n<figure class=\"wp-block-image size-large\"><img loading=\"lazy\" decoding=\"async\" width=\"644\" height=\"419\" data-id=\"66054\" src=\"https:\/\/www.uartes.edu.ec\/sitio\/wp-content\/uploads\/2024\/12\/NOTA-1.2-644x419.jpg\" alt=\"\" class=\"wp-image-66054\" srcset=\"https:\/\/www.uartes.edu.ec\/sitio\/wp-content\/uploads\/2024\/12\/NOTA-1.2-644x419.jpg 644w, https:\/\/www.uartes.edu.ec\/sitio\/wp-content\/uploads\/2024\/12\/NOTA-1.2-300x195.jpg 300w, https:\/\/www.uartes.edu.ec\/sitio\/wp-content\/uploads\/2024\/12\/NOTA-1.2-768x499.jpg 768w, https:\/\/www.uartes.edu.ec\/sitio\/wp-content\/uploads\/2024\/12\/NOTA-1.2-1536x998.jpg 1536w, https:\/\/www.uartes.edu.ec\/sitio\/wp-content\/uploads\/2024\/12\/NOTA-1.2-18x12.jpg 18w, https:\/\/www.uartes.edu.ec\/sitio\/wp-content\/uploads\/2024\/12\/NOTA-1.2-400x260.jpg 400w, https:\/\/www.uartes.edu.ec\/sitio\/wp-content\/uploads\/2024\/12\/NOTA-1.2.jpg 2000w\" sizes=\"(max-width: 644px) 100vw, 644px\" \/><\/figure>\n<\/figure>\n\n\n\n<p>Entre los principales resultados del di\u00e1logo se estableci\u00f3 la necesidad de mejorar y optimizar las inversiones en cultura, incrementar las posibilidades de profesionalizaci\u00f3n y capacitaci\u00f3n de los\/las responsables de cultura y patrimonio y reforzar el relacionamiento entre instituciones del Sistema Nacional de Cultura, con el objetivo de compartir experiencias y generar sinergias en beneficio del sector cultural ecuatoriano; se identific\u00f3 como aliados estrat\u00e9gicos en estos procesos a la Universidad de las Artes de Ecuador y al Congope<\/p>\n\n\n\n<p>\u201cLos aqu\u00ed reunidos manifestamos nuestro inter\u00e9s en conformar la Red de GAD por la Cultura con el objetivo de generar una articulaci\u00f3n cooperativa interinstitucional en para la optimizaci\u00f3n y fortalecimiento de la gesti\u00f3n p\u00fablica del arte y la cultura\u201d, se lee en el documento firmado por William Herrera, rector UArtes; Pablo Cardoso, director del Observatorio; y Mario S\u00e1enz, por el Congope.<\/p>\n\n\n\n<p>Firmaron tambi\u00e9n la carta de intenci\u00f3n Rosa Holgu\u00edn, funcionaria de la Direcci\u00f3n de Turismo, Cultura y Patrimonio de la Prefectura de Manab\u00ed; Eduardo Rafael Flores, analista de Juventud, Arte, Cultura y Deporte de la Prefectura de El Oro; Willan Grefa, analista de Interculturalidad de la Prefectura de Napo, Jenny Ar\u00edzaga, directora de Cultura, Recreaci\u00f3n y Turismo de la Prefectura del Azuay; Daniela Idrovo, responsable de Cultura de la Prefectura del Azuay; Eduardo Gracia Cagua, especialista de Cultura de la Prefectura de Esmeraldas; Lisset Astudillo, coordinadora de Promoci\u00f3n de las Culturas Vivas Comunitarias y Memoria Social de la Prefectura de Pichincha; Gabriel Gallardo, director provincial de Arte y Cultura de la Prefectura del Guayas; y Gloria Lema, directora general de Gesti\u00f3n Social e Interculturalidad de la provincia de Chimborazo.<\/p>\n\n\n\n<p>Texto: Carmen Cortez\/Dircom. Fotos: Andrea Moreira\/MZ14 y Harold Maridue\u00f1a\/Biblioteca de las Artes.<\/p>\n","protected":false},"excerpt":{"rendered":"<p>En alianza estrat\u00e9gica con el Consorcio de Gobiernos Aut\u00f3nomos Provinciales del Ecuador (Congope), a trav\u00e9s de la Unidad de Gesti\u00f3n Social, Interculturalidad y G\u00e9nero, el Observatorio de Pol\u00edticas y Econom\u00eda de la Cultura de la Universidad de las Artes present\u00f3 ayer, 4 de diciembre de 2024, su \u201c4to Term\u00f3metro Cultural\u201d, edici\u00f3n para la cual se dise\u00f1\u00f3 e implement\u00f3 la primera encuesta de capacidades provinciales para la gesti\u00f3n cultural. <\/p>\n","protected":false},"author":10,"featured_media":66049,"comment_status":"open","ping_status":"open","sticky":false,"template":"","format":"standard","meta":{"_acf_changed":false,"_uag_custom_page_level_css":"","_monsterinsights_skip_tracking":false,"_monsterinsights_sitenote_active":false,"_monsterinsights_sitenote_note":"","_monsterinsights_sitenote_category":0,"cybocfi_hide_featured_image":"","footnotes":""},"categories":[80,77,284,83],"tags":[521],"infouartes":[1290],"class_list":["post-66048","post","type-post","status-publish","format-standard","has-post-thumbnail","hentry","category-academico","category-gestion","category-investigacion","category-sedes","tag-encuentro","infouartes-para-la-comunidad"],"acf":[],"yoast_head":"<!-- This site is optimized with the Yoast SEO plugin v27.4 - https:\/\/yoast.com\/product\/yoast-seo-wordpress\/ -->\n<title>Universidad de las Artes - Observatorio present\u00f3 \u201c4to Term\u00f3metro Cultural\u201d con encuesta de capacidades provinciales para la gesti\u00f3n cultural<\/title>\n<meta name=\"description\" content=\"Universidad de las Artes - Observatorio present\u00f3 \u201c4to Term\u00f3metro Cultural\u201d con encuesta de capacidades provinciales para la gesti\u00f3n cultural\" \/>\n<meta name=\"robots\" content=\"index, follow, max-snippet:-1, max-image-preview:large, max-video-preview:-1\" \/>\n<link rel=\"canonical\" href=\"https:\/\/www.uartes.edu.ec\/sitio\/blog\/2024\/12\/05\/observatorio-uartes-presento-el-4to-termometro-cultural-analisis-de-diagnosticos-propicio-mesa-de-trabajo-con-prefecturas\/\" \/>\n<meta property=\"og:locale\" content=\"es_ES\" \/>\n<meta property=\"og:type\" content=\"article\" \/>\n<meta property=\"og:title\" content=\"Universidad de las Artes - Observatorio present\u00f3 \u201c4to Term\u00f3metro Cultural\u201d con encuesta de capacidades provinciales para la gesti\u00f3n cultural\" \/>\n<meta property=\"og:description\" content=\"Universidad de las Artes - Observatorio present\u00f3 \u201c4to Term\u00f3metro Cultural\u201d con encuesta de capacidades provinciales para la gesti\u00f3n cultural\" \/>\n<meta property=\"og:url\" content=\"https:\/\/www.uartes.edu.ec\/sitio\/blog\/2024\/12\/05\/observatorio-uartes-presento-el-4to-termometro-cultural-analisis-de-diagnosticos-propicio-mesa-de-trabajo-con-prefecturas\/\" \/>\n<meta property=\"og:site_name\" content=\"Universidad de las Artes\" \/>\n<meta property=\"article:publisher\" content=\"https:\/\/www.facebook.com\/uartesec\" \/>\n<meta property=\"article:published_time\" content=\"2024-12-05T15:57:00+00:00\" \/>\n<meta property=\"article:modified_time\" content=\"2024-12-19T16:02:59+00:00\" \/>\n<meta property=\"og:image\" content=\"https:\/\/www.uartes.edu.ec\/sitio\/wp-content\/uploads\/2024\/12\/NOTA-1.1.jpg\" \/>\n\t<meta property=\"og:image:width\" content=\"2000\" \/>\n\t<meta property=\"og:image:height\" content=\"1300\" \/>\n\t<meta property=\"og:image:type\" content=\"image\/jpeg\" \/>\n<meta name=\"author\" content=\"ccortez\" \/>\n<meta name=\"twitter:card\" content=\"summary_large_image\" \/>\n<meta name=\"twitter:creator\" content=\"@uartesec\" \/>\n<meta name=\"twitter:site\" content=\"@uartesec\" \/>\n<meta name=\"twitter:label1\" content=\"Escrito por\" \/>\n\t<meta name=\"twitter:data1\" content=\"ccortez\" \/>\n\t<meta name=\"twitter:label2\" content=\"Tiempo de lectura\" \/>\n\t<meta name=\"twitter:data2\" content=\"7 minutos\" \/>\n<script type=\"application\/ld+json\" class=\"yoast-schema-graph\">{\"@context\":\"https:\\\/\\\/schema.org\",\"@graph\":[{\"@type\":\"Article\",\"@id\":\"https:\\\/\\\/www.uartes.edu.ec\\\/sitio\\\/blog\\\/2024\\\/12\\\/05\\\/observatorio-uartes-presento-el-4to-termometro-cultural-analisis-de-diagnosticos-propicio-mesa-de-trabajo-con-prefecturas\\\/#article\",\"isPartOf\":{\"@id\":\"https:\\\/\\\/www.uartes.edu.ec\\\/sitio\\\/blog\\\/2024\\\/12\\\/05\\\/observatorio-uartes-presento-el-4to-termometro-cultural-analisis-de-diagnosticos-propicio-mesa-de-trabajo-con-prefecturas\\\/\"},\"author\":{\"name\":\"ccortez\",\"@id\":\"https:\\\/\\\/www.uartes.edu.ec\\\/sitio\\\/#\\\/schema\\\/person\\\/efa1b8275797664fd7f13a79ccc0b1f4\"},\"headline\":\"Observatorio present\u00f3 \u201c4to Term\u00f3metro Cultural\u201d con encuesta de capacidades provinciales para la gesti\u00f3n cultural\",\"datePublished\":\"2024-12-05T15:57:00+00:00\",\"dateModified\":\"2024-12-19T16:02:59+00:00\",\"mainEntityOfPage\":{\"@id\":\"https:\\\/\\\/www.uartes.edu.ec\\\/sitio\\\/blog\\\/2024\\\/12\\\/05\\\/observatorio-uartes-presento-el-4to-termometro-cultural-analisis-de-diagnosticos-propicio-mesa-de-trabajo-con-prefecturas\\\/\"},\"wordCount\":1404,\"commentCount\":0,\"publisher\":{\"@id\":\"https:\\\/\\\/www.uartes.edu.ec\\\/sitio\\\/#organization\"},\"image\":{\"@id\":\"https:\\\/\\\/www.uartes.edu.ec\\\/sitio\\\/blog\\\/2024\\\/12\\\/05\\\/observatorio-uartes-presento-el-4to-termometro-cultural-analisis-de-diagnosticos-propicio-mesa-de-trabajo-con-prefecturas\\\/#primaryimage\"},\"thumbnailUrl\":\"https:\\\/\\\/www.uartes.edu.ec\\\/sitio\\\/wp-content\\\/uploads\\\/2024\\\/12\\\/NOTA-1.1.jpg\",\"keywords\":[\"encuentro\"],\"articleSection\":[\"Acad\u00e9mico\",\"Gesti\u00f3n\",\"Investigaci\u00f3n\",\"Sedes\"],\"inLanguage\":\"es\",\"potentialAction\":[{\"@type\":\"CommentAction\",\"name\":\"Comment\",\"target\":[\"https:\\\/\\\/www.uartes.edu.ec\\\/sitio\\\/blog\\\/2024\\\/12\\\/05\\\/observatorio-uartes-presento-el-4to-termometro-cultural-analisis-de-diagnosticos-propicio-mesa-de-trabajo-con-prefecturas\\\/#respond\"]}]},{\"@type\":[\"WebPage\",\"ItemPage\"],\"@id\":\"https:\\\/\\\/www.uartes.edu.ec\\\/sitio\\\/blog\\\/2024\\\/12\\\/05\\\/observatorio-uartes-presento-el-4to-termometro-cultural-analisis-de-diagnosticos-propicio-mesa-de-trabajo-con-prefecturas\\\/\",\"url\":\"https:\\\/\\\/www.uartes.edu.ec\\\/sitio\\\/blog\\\/2024\\\/12\\\/05\\\/observatorio-uartes-presento-el-4to-termometro-cultural-analisis-de-diagnosticos-propicio-mesa-de-trabajo-con-prefecturas\\\/\",\"name\":\"Universidad de las Artes - Observatorio present\u00f3 \u201c4to Term\u00f3metro Cultural\u201d con encuesta de capacidades provinciales para la gesti\u00f3n cultural\",\"isPartOf\":{\"@id\":\"https:\\\/\\\/www.uartes.edu.ec\\\/sitio\\\/#website\"},\"primaryImageOfPage\":{\"@id\":\"https:\\\/\\\/www.uartes.edu.ec\\\/sitio\\\/blog\\\/2024\\\/12\\\/05\\\/observatorio-uartes-presento-el-4to-termometro-cultural-analisis-de-diagnosticos-propicio-mesa-de-trabajo-con-prefecturas\\\/#primaryimage\"},\"image\":{\"@id\":\"https:\\\/\\\/www.uartes.edu.ec\\\/sitio\\\/blog\\\/2024\\\/12\\\/05\\\/observatorio-uartes-presento-el-4to-termometro-cultural-analisis-de-diagnosticos-propicio-mesa-de-trabajo-con-prefecturas\\\/#primaryimage\"},\"thumbnailUrl\":\"https:\\\/\\\/www.uartes.edu.ec\\\/sitio\\\/wp-content\\\/uploads\\\/2024\\\/12\\\/NOTA-1.1.jpg\",\"datePublished\":\"2024-12-05T15:57:00+00:00\",\"dateModified\":\"2024-12-19T16:02:59+00:00\",\"description\":\"Universidad de las Artes - Observatorio present\u00f3 \u201c4to Term\u00f3metro Cultural\u201d con encuesta de capacidades provinciales para la gesti\u00f3n cultural\",\"breadcrumb\":{\"@id\":\"https:\\\/\\\/www.uartes.edu.ec\\\/sitio\\\/blog\\\/2024\\\/12\\\/05\\\/observatorio-uartes-presento-el-4to-termometro-cultural-analisis-de-diagnosticos-propicio-mesa-de-trabajo-con-prefecturas\\\/#breadcrumb\"},\"inLanguage\":\"es\",\"potentialAction\":[{\"@type\":\"ReadAction\",\"target\":[\"https:\\\/\\\/www.uartes.edu.ec\\\/sitio\\\/blog\\\/2024\\\/12\\\/05\\\/observatorio-uartes-presento-el-4to-termometro-cultural-analisis-de-diagnosticos-propicio-mesa-de-trabajo-con-prefecturas\\\/\"]}]},{\"@type\":\"ImageObject\",\"inLanguage\":\"es\",\"@id\":\"https:\\\/\\\/www.uartes.edu.ec\\\/sitio\\\/blog\\\/2024\\\/12\\\/05\\\/observatorio-uartes-presento-el-4to-termometro-cultural-analisis-de-diagnosticos-propicio-mesa-de-trabajo-con-prefecturas\\\/#primaryimage\",\"url\":\"https:\\\/\\\/www.uartes.edu.ec\\\/sitio\\\/wp-content\\\/uploads\\\/2024\\\/12\\\/NOTA-1.1.jpg\",\"contentUrl\":\"https:\\\/\\\/www.uartes.edu.ec\\\/sitio\\\/wp-content\\\/uploads\\\/2024\\\/12\\\/NOTA-1.1.jpg\",\"width\":2000,\"height\":1300},{\"@type\":\"BreadcrumbList\",\"@id\":\"https:\\\/\\\/www.uartes.edu.ec\\\/sitio\\\/blog\\\/2024\\\/12\\\/05\\\/observatorio-uartes-presento-el-4to-termometro-cultural-analisis-de-diagnosticos-propicio-mesa-de-trabajo-con-prefecturas\\\/#breadcrumb\",\"itemListElement\":[{\"@type\":\"ListItem\",\"position\":1,\"name\":\"Inicio\",\"item\":\"https:\\\/\\\/www.uartes.edu.ec\\\/sitio\\\/\"},{\"@type\":\"ListItem\",\"position\":2,\"name\":\"Observatorio present\u00f3 \u201c4to Term\u00f3metro Cultural\u201d con encuesta de capacidades provinciales para la gesti\u00f3n cultural\"}]},{\"@type\":\"WebSite\",\"@id\":\"https:\\\/\\\/www.uartes.edu.ec\\\/sitio\\\/#website\",\"url\":\"https:\\\/\\\/www.uartes.edu.ec\\\/sitio\\\/\",\"name\":\"Universidad de las Artes\",\"description\":\"Sitio oficial de la Universidad Nacional de las Artes del Ecuador\",\"publisher\":{\"@id\":\"https:\\\/\\\/www.uartes.edu.ec\\\/sitio\\\/#organization\"},\"potentialAction\":[{\"@type\":\"SearchAction\",\"target\":{\"@type\":\"EntryPoint\",\"urlTemplate\":\"https:\\\/\\\/www.uartes.edu.ec\\\/sitio\\\/?s={search_term_string}\"},\"query-input\":{\"@type\":\"PropertyValueSpecification\",\"valueRequired\":true,\"valueName\":\"search_term_string\"}}],\"inLanguage\":\"es\"},{\"@type\":\"Organization\",\"@id\":\"https:\\\/\\\/www.uartes.edu.ec\\\/sitio\\\/#organization\",\"name\":\"Universidad de las Artes\",\"url\":\"https:\\\/\\\/www.uartes.edu.ec\\\/sitio\\\/\",\"logo\":{\"@type\":\"ImageObject\",\"inLanguage\":\"es\",\"@id\":\"https:\\\/\\\/www.uartes.edu.ec\\\/sitio\\\/#\\\/schema\\\/logo\\\/image\\\/\",\"url\":\"https:\\\/\\\/www.uartes.edu.ec\\\/sitio\\\/wp-content\\\/uploads\\\/2022\\\/07\\\/logo-ua-horizontal.png\",\"contentUrl\":\"https:\\\/\\\/www.uartes.edu.ec\\\/sitio\\\/wp-content\\\/uploads\\\/2022\\\/07\\\/logo-ua-horizontal.png\",\"width\":800,\"height\":276,\"caption\":\"Universidad de las Artes\"},\"image\":{\"@id\":\"https:\\\/\\\/www.uartes.edu.ec\\\/sitio\\\/#\\\/schema\\\/logo\\\/image\\\/\"},\"sameAs\":[\"https:\\\/\\\/www.facebook.com\\\/uartesec\",\"https:\\\/\\\/x.com\\\/uartesec\",\"https:\\\/\\\/www.tiktok.com\\\/@uartesec\"]},{\"@type\":\"Person\",\"@id\":\"https:\\\/\\\/www.uartes.edu.ec\\\/sitio\\\/#\\\/schema\\\/person\\\/efa1b8275797664fd7f13a79ccc0b1f4\",\"name\":\"ccortez\",\"image\":{\"@type\":\"ImageObject\",\"inLanguage\":\"es\",\"@id\":\"https:\\\/\\\/secure.gravatar.com\\\/avatar\\\/b2a6f664a3ae8e074346ef91775736c5ec479e637ecced6842de9dc98b5da9cd?s=96&d=mm&r=g\",\"url\":\"https:\\\/\\\/secure.gravatar.com\\\/avatar\\\/b2a6f664a3ae8e074346ef91775736c5ec479e637ecced6842de9dc98b5da9cd?s=96&d=mm&r=g\",\"contentUrl\":\"https:\\\/\\\/secure.gravatar.com\\\/avatar\\\/b2a6f664a3ae8e074346ef91775736c5ec479e637ecced6842de9dc98b5da9cd?s=96&d=mm&r=g\",\"caption\":\"ccortez\"},\"url\":\"https:\\\/\\\/www.uartes.edu.ec\\\/sitio\\\/blog\\\/author\\\/ccortez\\\/\"}]}<\/script>\n<!-- \/ Yoast SEO plugin. -->","yoast_head_json":{"title":"Universidad de las Artes - Observatorio present\u00f3 \u201c4to Term\u00f3metro Cultural\u201d con encuesta de capacidades provinciales para la gesti\u00f3n cultural","description":"Universidad de las Artes - Observatorio present\u00f3 \u201c4to Term\u00f3metro Cultural\u201d con encuesta de capacidades provinciales para la gesti\u00f3n cultural","robots":{"index":"index","follow":"follow","max-snippet":"max-snippet:-1","max-image-preview":"max-image-preview:large","max-video-preview":"max-video-preview:-1"},"canonical":"https:\/\/www.uartes.edu.ec\/sitio\/blog\/2024\/12\/05\/observatorio-uartes-presento-el-4to-termometro-cultural-analisis-de-diagnosticos-propicio-mesa-de-trabajo-con-prefecturas\/","og_locale":"es_ES","og_type":"article","og_title":"Universidad de las Artes - Observatorio present\u00f3 \u201c4to Term\u00f3metro Cultural\u201d con encuesta de capacidades provinciales para la gesti\u00f3n cultural","og_description":"Universidad de las Artes - Observatorio present\u00f3 \u201c4to Term\u00f3metro Cultural\u201d con encuesta de capacidades provinciales para la gesti\u00f3n cultural","og_url":"https:\/\/www.uartes.edu.ec\/sitio\/blog\/2024\/12\/05\/observatorio-uartes-presento-el-4to-termometro-cultural-analisis-de-diagnosticos-propicio-mesa-de-trabajo-con-prefecturas\/","og_site_name":"Universidad de las Artes","article_publisher":"https:\/\/www.facebook.com\/uartesec","article_published_time":"2024-12-05T15:57:00+00:00","article_modified_time":"2024-12-19T16:02:59+00:00","og_image":[{"width":2000,"height":1300,"url":"https:\/\/www.uartes.edu.ec\/sitio\/wp-content\/uploads\/2024\/12\/NOTA-1.1.jpg","type":"image\/jpeg"}],"author":"ccortez","twitter_card":"summary_large_image","twitter_creator":"@uartesec","twitter_site":"@uartesec","twitter_misc":{"Escrito por":"ccortez","Tiempo de lectura":"7 minutos"},"schema":{"@context":"https:\/\/schema.org","@graph":[{"@type":"Article","@id":"https:\/\/www.uartes.edu.ec\/sitio\/blog\/2024\/12\/05\/observatorio-uartes-presento-el-4to-termometro-cultural-analisis-de-diagnosticos-propicio-mesa-de-trabajo-con-prefecturas\/#article","isPartOf":{"@id":"https:\/\/www.uartes.edu.ec\/sitio\/blog\/2024\/12\/05\/observatorio-uartes-presento-el-4to-termometro-cultural-analisis-de-diagnosticos-propicio-mesa-de-trabajo-con-prefecturas\/"},"author":{"name":"ccortez","@id":"https:\/\/www.uartes.edu.ec\/sitio\/#\/schema\/person\/efa1b8275797664fd7f13a79ccc0b1f4"},"headline":"Observatorio present\u00f3 \u201c4to Term\u00f3metro Cultural\u201d con encuesta de capacidades provinciales para la gesti\u00f3n cultural","datePublished":"2024-12-05T15:57:00+00:00","dateModified":"2024-12-19T16:02:59+00:00","mainEntityOfPage":{"@id":"https:\/\/www.uartes.edu.ec\/sitio\/blog\/2024\/12\/05\/observatorio-uartes-presento-el-4to-termometro-cultural-analisis-de-diagnosticos-propicio-mesa-de-trabajo-con-prefecturas\/"},"wordCount":1404,"commentCount":0,"publisher":{"@id":"https:\/\/www.uartes.edu.ec\/sitio\/#organization"},"image":{"@id":"https:\/\/www.uartes.edu.ec\/sitio\/blog\/2024\/12\/05\/observatorio-uartes-presento-el-4to-termometro-cultural-analisis-de-diagnosticos-propicio-mesa-de-trabajo-con-prefecturas\/#primaryimage"},"thumbnailUrl":"https:\/\/www.uartes.edu.ec\/sitio\/wp-content\/uploads\/2024\/12\/NOTA-1.1.jpg","keywords":["encuentro"],"articleSection":["Acad\u00e9mico","Gesti\u00f3n","Investigaci\u00f3n","Sedes"],"inLanguage":"es","potentialAction":[{"@type":"CommentAction","name":"Comment","target":["https:\/\/www.uartes.edu.ec\/sitio\/blog\/2024\/12\/05\/observatorio-uartes-presento-el-4to-termometro-cultural-analisis-de-diagnosticos-propicio-mesa-de-trabajo-con-prefecturas\/#respond"]}]},{"@type":["WebPage","ItemPage"],"@id":"https:\/\/www.uartes.edu.ec\/sitio\/blog\/2024\/12\/05\/observatorio-uartes-presento-el-4to-termometro-cultural-analisis-de-diagnosticos-propicio-mesa-de-trabajo-con-prefecturas\/","url":"https:\/\/www.uartes.edu.ec\/sitio\/blog\/2024\/12\/05\/observatorio-uartes-presento-el-4to-termometro-cultural-analisis-de-diagnosticos-propicio-mesa-de-trabajo-con-prefecturas\/","name":"Universidad de las Artes - Observatorio present\u00f3 \u201c4to Term\u00f3metro Cultural\u201d con encuesta de capacidades provinciales para la gesti\u00f3n cultural","isPartOf":{"@id":"https:\/\/www.uartes.edu.ec\/sitio\/#website"},"primaryImageOfPage":{"@id":"https:\/\/www.uartes.edu.ec\/sitio\/blog\/2024\/12\/05\/observatorio-uartes-presento-el-4to-termometro-cultural-analisis-de-diagnosticos-propicio-mesa-de-trabajo-con-prefecturas\/#primaryimage"},"image":{"@id":"https:\/\/www.uartes.edu.ec\/sitio\/blog\/2024\/12\/05\/observatorio-uartes-presento-el-4to-termometro-cultural-analisis-de-diagnosticos-propicio-mesa-de-trabajo-con-prefecturas\/#primaryimage"},"thumbnailUrl":"https:\/\/www.uartes.edu.ec\/sitio\/wp-content\/uploads\/2024\/12\/NOTA-1.1.jpg","datePublished":"2024-12-05T15:57:00+00:00","dateModified":"2024-12-19T16:02:59+00:00","description":"Universidad de las Artes - Observatorio present\u00f3 \u201c4to Term\u00f3metro Cultural\u201d con encuesta de capacidades provinciales para la gesti\u00f3n cultural","breadcrumb":{"@id":"https:\/\/www.uartes.edu.ec\/sitio\/blog\/2024\/12\/05\/observatorio-uartes-presento-el-4to-termometro-cultural-analisis-de-diagnosticos-propicio-mesa-de-trabajo-con-prefecturas\/#breadcrumb"},"inLanguage":"es","potentialAction":[{"@type":"ReadAction","target":["https:\/\/www.uartes.edu.ec\/sitio\/blog\/2024\/12\/05\/observatorio-uartes-presento-el-4to-termometro-cultural-analisis-de-diagnosticos-propicio-mesa-de-trabajo-con-prefecturas\/"]}]},{"@type":"ImageObject","inLanguage":"es","@id":"https:\/\/www.uartes.edu.ec\/sitio\/blog\/2024\/12\/05\/observatorio-uartes-presento-el-4to-termometro-cultural-analisis-de-diagnosticos-propicio-mesa-de-trabajo-con-prefecturas\/#primaryimage","url":"https:\/\/www.uartes.edu.ec\/sitio\/wp-content\/uploads\/2024\/12\/NOTA-1.1.jpg","contentUrl":"https:\/\/www.uartes.edu.ec\/sitio\/wp-content\/uploads\/2024\/12\/NOTA-1.1.jpg","width":2000,"height":1300},{"@type":"BreadcrumbList","@id":"https:\/\/www.uartes.edu.ec\/sitio\/blog\/2024\/12\/05\/observatorio-uartes-presento-el-4to-termometro-cultural-analisis-de-diagnosticos-propicio-mesa-de-trabajo-con-prefecturas\/#breadcrumb","itemListElement":[{"@type":"ListItem","position":1,"name":"Inicio","item":"https:\/\/www.uartes.edu.ec\/sitio\/"},{"@type":"ListItem","position":2,"name":"Observatorio present\u00f3 \u201c4to Term\u00f3metro Cultural\u201d con encuesta de capacidades provinciales para la gesti\u00f3n cultural"}]},{"@type":"WebSite","@id":"https:\/\/www.uartes.edu.ec\/sitio\/#website","url":"https:\/\/www.uartes.edu.ec\/sitio\/","name":"Universidad de las Artes","description":"Sitio oficial de la Universidad Nacional de las Artes del Ecuador","publisher":{"@id":"https:\/\/www.uartes.edu.ec\/sitio\/#organization"},"potentialAction":[{"@type":"SearchAction","target":{"@type":"EntryPoint","urlTemplate":"https:\/\/www.uartes.edu.ec\/sitio\/?s={search_term_string}"},"query-input":{"@type":"PropertyValueSpecification","valueRequired":true,"valueName":"search_term_string"}}],"inLanguage":"es"},{"@type":"Organization","@id":"https:\/\/www.uartes.edu.ec\/sitio\/#organization","name":"Universidad de las Artes","url":"https:\/\/www.uartes.edu.ec\/sitio\/","logo":{"@type":"ImageObject","inLanguage":"es","@id":"https:\/\/www.uartes.edu.ec\/sitio\/#\/schema\/logo\/image\/","url":"https:\/\/www.uartes.edu.ec\/sitio\/wp-content\/uploads\/2022\/07\/logo-ua-horizontal.png","contentUrl":"https:\/\/www.uartes.edu.ec\/sitio\/wp-content\/uploads\/2022\/07\/logo-ua-horizontal.png","width":800,"height":276,"caption":"Universidad de las Artes"},"image":{"@id":"https:\/\/www.uartes.edu.ec\/sitio\/#\/schema\/logo\/image\/"},"sameAs":["https:\/\/www.facebook.com\/uartesec","https:\/\/x.com\/uartesec","https:\/\/www.tiktok.com\/@uartesec"]},{"@type":"Person","@id":"https:\/\/www.uartes.edu.ec\/sitio\/#\/schema\/person\/efa1b8275797664fd7f13a79ccc0b1f4","name":"ccortez","image":{"@type":"ImageObject","inLanguage":"es","@id":"https:\/\/secure.gravatar.com\/avatar\/b2a6f664a3ae8e074346ef91775736c5ec479e637ecced6842de9dc98b5da9cd?s=96&d=mm&r=g","url":"https:\/\/secure.gravatar.com\/avatar\/b2a6f664a3ae8e074346ef91775736c5ec479e637ecced6842de9dc98b5da9cd?s=96&d=mm&r=g","contentUrl":"https:\/\/secure.gravatar.com\/avatar\/b2a6f664a3ae8e074346ef91775736c5ec479e637ecced6842de9dc98b5da9cd?s=96&d=mm&r=g","caption":"ccortez"},"url":"https:\/\/www.uartes.edu.ec\/sitio\/blog\/author\/ccortez\/"}]}},"uagb_featured_image_src":{"full":["https:\/\/www.uartes.edu.ec\/sitio\/wp-content\/uploads\/2024\/12\/NOTA-1.1.jpg",2000,1300,false],"thumbnail":["https:\/\/www.uartes.edu.ec\/sitio\/wp-content\/uploads\/2024\/12\/NOTA-1.1-150x150.jpg",150,150,true],"medium":["https:\/\/www.uartes.edu.ec\/sitio\/wp-content\/uploads\/2024\/12\/NOTA-1.1-300x195.jpg",300,195,true],"medium_large":["https:\/\/www.uartes.edu.ec\/sitio\/wp-content\/uploads\/2024\/12\/NOTA-1.1-768x499.jpg",768,499,true],"large":["https:\/\/www.uartes.edu.ec\/sitio\/wp-content\/uploads\/2024\/12\/NOTA-1.1-644x419.jpg",644,419,true],"1536x1536":["https:\/\/www.uartes.edu.ec\/sitio\/wp-content\/uploads\/2024\/12\/NOTA-1.1-1536x998.jpg",1536,998,true],"2048x2048":["https:\/\/www.uartes.edu.ec\/sitio\/wp-content\/uploads\/2024\/12\/NOTA-1.1.jpg",2000,1300,false],"trp-custom-language-flag":["https:\/\/www.uartes.edu.ec\/sitio\/wp-content\/uploads\/2024\/12\/NOTA-1.1-18x12.jpg",18,12,true],"htmega_size_585x295":["https:\/\/www.uartes.edu.ec\/sitio\/wp-content\/uploads\/2024\/12\/NOTA-1.1-585x295.jpg",585,295,true],"htmega_size_1170x536":["https:\/\/www.uartes.edu.ec\/sitio\/wp-content\/uploads\/2024\/12\/NOTA-1.1-1170x536.jpg",1170,536,true],"htmega_size_396x360":["https:\/\/www.uartes.edu.ec\/sitio\/wp-content\/uploads\/2024\/12\/NOTA-1.1-396x360.jpg",396,360,true],"gb-block-post-grid-landscape":["https:\/\/www.uartes.edu.ec\/sitio\/wp-content\/uploads\/2024\/12\/NOTA-1.1-600x400.jpg",600,400,true],"gb-block-post-grid-square":["https:\/\/www.uartes.edu.ec\/sitio\/wp-content\/uploads\/2024\/12\/NOTA-1.1-600x600.jpg",600,600,true],"university-hub-thumb":["https:\/\/www.uartes.edu.ec\/sitio\/wp-content\/uploads\/2024\/12\/NOTA-1.1-400x260.jpg",400,260,true],"mailpoet_newsletter_max":["https:\/\/www.uartes.edu.ec\/sitio\/wp-content\/uploads\/2024\/12\/NOTA-1.1.jpg",1320,858,false]},"uagb_author_info":{"display_name":"ccortez","author_link":"https:\/\/www.uartes.edu.ec\/sitio\/blog\/author\/ccortez\/"},"uagb_comment_info":0,"uagb_excerpt":"En alianza estrat\u00e9gica con el Consorcio de Gobiernos Aut\u00f3nomos Provinciales del Ecuador (Congope), a trav\u00e9s de la Unidad de Gesti\u00f3n Social, Interculturalidad y G\u00e9nero, el Observatorio de Pol\u00edticas y Econom\u00eda de la Cultura de la Universidad de las Artes present\u00f3 ayer, 4 de diciembre de 2024, su \u201c4to Term\u00f3metro Cultural\u201d, edici\u00f3n para la cual se&hellip;","featured_image_src":"https:\/\/www.uartes.edu.ec\/sitio\/wp-content\/uploads\/2024\/12\/NOTA-1.1-600x400.jpg","featured_image_src_square":"https:\/\/www.uartes.edu.ec\/sitio\/wp-content\/uploads\/2024\/12\/NOTA-1.1-600x600.jpg","author_info":{"display_name":"ccortez","author_link":"https:\/\/www.uartes.edu.ec\/sitio\/blog\/author\/ccortez\/"},"publishpress_future_workflow_manual_trigger":{"enabledWorkflows":[]},"distributor_meta":false,"distributor_terms":false,"distributor_media":false,"distributor_original_site_name":"Universidad de las Artes","distributor_original_site_url":"https:\/\/www.uartes.edu.ec\/sitio","push-errors":false,"_links":{"self":[{"href":"https:\/\/www.uartes.edu.ec\/sitio\/wp-json\/wp\/v2\/posts\/66048","targetHints":{"allow":["GET"]}}],"collection":[{"href":"https:\/\/www.uartes.edu.ec\/sitio\/wp-json\/wp\/v2\/posts"}],"about":[{"href":"https:\/\/www.uartes.edu.ec\/sitio\/wp-json\/wp\/v2\/types\/post"}],"author":[{"embeddable":true,"href":"https:\/\/www.uartes.edu.ec\/sitio\/wp-json\/wp\/v2\/users\/10"}],"replies":[{"embeddable":true,"href":"https:\/\/www.uartes.edu.ec\/sitio\/wp-json\/wp\/v2\/comments?post=66048"}],"version-history":[{"count":4,"href":"https:\/\/www.uartes.edu.ec\/sitio\/wp-json\/wp\/v2\/posts\/66048\/revisions"}],"predecessor-version":[{"id":66074,"href":"https:\/\/www.uartes.edu.ec\/sitio\/wp-json\/wp\/v2\/posts\/66048\/revisions\/66074"}],"wp:featuredmedia":[{"embeddable":true,"href":"https:\/\/www.uartes.edu.ec\/sitio\/wp-json\/wp\/v2\/media\/66049"}],"wp:attachment":[{"href":"https:\/\/www.uartes.edu.ec\/sitio\/wp-json\/wp\/v2\/media?parent=66048"}],"wp:term":[{"taxonomy":"category","embeddable":true,"href":"https:\/\/www.uartes.edu.ec\/sitio\/wp-json\/wp\/v2\/categories?post=66048"},{"taxonomy":"post_tag","embeddable":true,"href":"https:\/\/www.uartes.edu.ec\/sitio\/wp-json\/wp\/v2\/tags?post=66048"},{"taxonomy":"infouartes","embeddable":true,"href":"https:\/\/www.uartes.edu.ec\/sitio\/wp-json\/wp\/v2\/infouartes?post=66048"}],"curies":[{"name":"wp","href":"https:\/\/api.w.org\/{rel}","templated":true}]}}