{"id":66432,"date":"2024-12-12T17:50:40","date_gmt":"2024-12-12T22:50:40","guid":{"rendered":"https:\/\/www.uartes.edu.ec\/sitio\/?p=66432"},"modified":"2024-12-19T10:22:44","modified_gmt":"2024-12-19T15:22:44","slug":"umbria-muestra-de-bitacora-v-en-la-rotativa","status":"publish","type":"post","link":"https:\/\/www.uartes.edu.ec\/sitio\/blog\/2024\/12\/12\/umbria-muestra-de-bitacora-v-en-la-rotativa\/","title":{"rendered":"\u201cUmbr\u00eda\u201d de Bit\u00e1cora V en La Rotativa"},"content":{"rendered":"\n<p>La Escuela de Artes Visuales de la Universidad de las Artes dio inicio este martes 10 de diciembre a la quinta edici\u00f3n de Bit\u00e1cora, evento hito que presenta de manera colectiva los procesos pedag\u00f3gicos de sus estudiantes. En esta ocasi\u00f3n exponen sus obras, en espacios como el MZ14 Centro de Producci\u00f3n e Innovaci\u00f3n y los edificios T\u00e1bara y El Tel\u00e9grafo, los alumnos que reciben las materias dictadas por los docentes Ruth Cruz Mendoza, Daniel Alvarado, Diego Massuco, Carlos Mor\u00e1n, William Hern\u00e1ndez y Saidel Brito.<\/p>\n\n\n\n<p>Las muestras de los estudiantes de Cruz y Alvarado ya pueden ser visitadas, pues se inauguraron entre el martes y ayer, mi\u00e9rcoles 11, en el MZ14 y El Tel\u00e9grafo. Los alumnos de Massuco, Mor\u00e1n, Hern\u00e1ndez y Brito expondr\u00e1n los d\u00edas 18 y 19 de diciembre.<\/p>\n\n\n\n<p>Las obras de los alumnos de Daniel Alvarado se encuentran desde ayer en La Rotativa, espacio de la planta baja del patrimonial edificio El Tel\u00e9grafo. La muestra se titula \u201cUmbr\u00eda\u201d y la componen trabajos del itinerario Escultura y la clase del Taller de Creaci\u00f3n y Pr\u00e1cticas de Espacio 1, as\u00ed como de asignaturas como Recursos Discursivos del Arte, Procesos de Creaci\u00f3n 1 y 2 y Perspectivas Modernas en Dibujo.<\/p>\n\n\n<div class=\"wp-block-image\">\n<figure class=\"aligncenter size-large\"><img fetchpriority=\"high\" decoding=\"async\" width=\"644\" height=\"429\" src=\"https:\/\/www.uartes.edu.ec\/sitio\/wp-content\/uploads\/2024\/12\/04-UMBRIA-BITACORA-ESCUELA-DE-ARTES-VISUALES-644x429.jpg\" alt=\"\" class=\"wp-image-66434\" srcset=\"https:\/\/www.uartes.edu.ec\/sitio\/wp-content\/uploads\/2024\/12\/04-UMBRIA-BITACORA-ESCUELA-DE-ARTES-VISUALES-644x429.jpg 644w, https:\/\/www.uartes.edu.ec\/sitio\/wp-content\/uploads\/2024\/12\/04-UMBRIA-BITACORA-ESCUELA-DE-ARTES-VISUALES-300x200.jpg 300w, https:\/\/www.uartes.edu.ec\/sitio\/wp-content\/uploads\/2024\/12\/04-UMBRIA-BITACORA-ESCUELA-DE-ARTES-VISUALES-768x512.jpg 768w, https:\/\/www.uartes.edu.ec\/sitio\/wp-content\/uploads\/2024\/12\/04-UMBRIA-BITACORA-ESCUELA-DE-ARTES-VISUALES-1536x1024.jpg 1536w, https:\/\/www.uartes.edu.ec\/sitio\/wp-content\/uploads\/2024\/12\/04-UMBRIA-BITACORA-ESCUELA-DE-ARTES-VISUALES-18x12.jpg 18w, https:\/\/www.uartes.edu.ec\/sitio\/wp-content\/uploads\/2024\/12\/04-UMBRIA-BITACORA-ESCUELA-DE-ARTES-VISUALES-600x400.jpg 600w, https:\/\/www.uartes.edu.ec\/sitio\/wp-content\/uploads\/2024\/12\/04-UMBRIA-BITACORA-ESCUELA-DE-ARTES-VISUALES-400x267.jpg 400w, https:\/\/www.uartes.edu.ec\/sitio\/wp-content\/uploads\/2024\/12\/04-UMBRIA-BITACORA-ESCUELA-DE-ARTES-VISUALES-272x182.jpg 272w, https:\/\/www.uartes.edu.ec\/sitio\/wp-content\/uploads\/2024\/12\/04-UMBRIA-BITACORA-ESCUELA-DE-ARTES-VISUALES.jpg 2000w\" sizes=\"(max-width: 644px) 100vw, 644px\" \/><\/figure>\n<\/div>\n\n\n<p>Son trabajos de estudiantes de varios semestres, principalmente de cuarto y quinto, y de quienes est\u00e1n por empezar su proceso de titulaci\u00f3n, refiri\u00f3 Alvarado. Destac\u00f3 tambi\u00e9n la participaci\u00f3n del artista Jorge <em>Chay<\/em> Velasco, quien fue invitado a tomar parte en la muestra de El Tel\u00e9grafo con una de sus obras; \u00e9l es escultor, hace instalaciones, est\u00e1 muy activo en el circuito de Guayaquil; adem\u00e1s, estudia en la UArtes la maestr\u00eda en Artes Visuales y Nuevos Medios.<\/p>\n\n\n\n<p>\u201cLo que se encuentra en La Rotativa son principalmente piezas escult\u00f3ricas e instalativas, objetos intervenidos. Lo que nos propusimos con los estudiantes, puntualmente desde la clase que corresponde al itinerario de Pr\u00e1cticas Tridimensionales, fue pensar el espacio de La Rotativa en di\u00e1logo con sus propuestas personales\u201d.<\/p>\n\n\n\n<p>Lo que puede significar la m\u00e1quina de impresi\u00f3n (rotativa), El Tel\u00e9grafo y su dimensi\u00f3n hist\u00f3rica en general, \u201cpero en total di\u00e1logo con lo que ellos hacen de manera personal. Es activar versiones distintas y lecturas desde distintos lugares\u201d, dijo Alvarado, quien de los estudiantes cit\u00f3 obras como la de Elizabeth Estupi\u00f1\u00e1n, quien se apropia de las est\u00e9ticas parasitarias de las zonas suburbanas y hace un emplazamiento en una parte de la m\u00e1quina con planchas de zinc, en una suerte de dise\u00f1o precario de viviendas.<\/p>\n\n\n<div class=\"wp-block-image\">\n<figure class=\"aligncenter size-large\"><img decoding=\"async\" width=\"644\" height=\"429\" src=\"https:\/\/www.uartes.edu.ec\/sitio\/wp-content\/uploads\/2024\/12\/05-UMBRIA-BITACORA-ESCUELA-DE-ARTES-VISUALES-644x429.jpg\" alt=\"\" class=\"wp-image-66435\" srcset=\"https:\/\/www.uartes.edu.ec\/sitio\/wp-content\/uploads\/2024\/12\/05-UMBRIA-BITACORA-ESCUELA-DE-ARTES-VISUALES-644x429.jpg 644w, https:\/\/www.uartes.edu.ec\/sitio\/wp-content\/uploads\/2024\/12\/05-UMBRIA-BITACORA-ESCUELA-DE-ARTES-VISUALES-300x200.jpg 300w, https:\/\/www.uartes.edu.ec\/sitio\/wp-content\/uploads\/2024\/12\/05-UMBRIA-BITACORA-ESCUELA-DE-ARTES-VISUALES-768x512.jpg 768w, https:\/\/www.uartes.edu.ec\/sitio\/wp-content\/uploads\/2024\/12\/05-UMBRIA-BITACORA-ESCUELA-DE-ARTES-VISUALES-1536x1024.jpg 1536w, https:\/\/www.uartes.edu.ec\/sitio\/wp-content\/uploads\/2024\/12\/05-UMBRIA-BITACORA-ESCUELA-DE-ARTES-VISUALES-18x12.jpg 18w, https:\/\/www.uartes.edu.ec\/sitio\/wp-content\/uploads\/2024\/12\/05-UMBRIA-BITACORA-ESCUELA-DE-ARTES-VISUALES-600x400.jpg 600w, https:\/\/www.uartes.edu.ec\/sitio\/wp-content\/uploads\/2024\/12\/05-UMBRIA-BITACORA-ESCUELA-DE-ARTES-VISUALES-400x267.jpg 400w, https:\/\/www.uartes.edu.ec\/sitio\/wp-content\/uploads\/2024\/12\/05-UMBRIA-BITACORA-ESCUELA-DE-ARTES-VISUALES-272x182.jpg 272w, https:\/\/www.uartes.edu.ec\/sitio\/wp-content\/uploads\/2024\/12\/05-UMBRIA-BITACORA-ESCUELA-DE-ARTES-VISUALES.jpg 2000w\" sizes=\"(max-width: 644px) 100vw, 644px\" \/><\/figure>\n<\/div>\n\n\n<p>\u201cTenemos tambi\u00e9n trabajos como el de Carolina Narv\u00e1ez, quien presenta la pieza escult\u00f3rica de una especie de criatura, que sale como en metamorfosis de la m\u00e1quina. Tiene alambres y asimila la est\u00e9tica de la oxidada rotativa y, al mismo tiempo, tiene partes de peri\u00f3dicos, como si fueran los impresos\u201d. Otra de las estudiantes, refiri\u00f3 el docente, aprovech\u00f3 toda la zona lateral de la m\u00e1quina para, mediante telas, cubrir el \u00e1rea que corresponder\u00eda a la sombra que esta genera. \u201cSin alejarse de sus po\u00e9ticas personales, ellos entablan di\u00e1logos\u201d.<\/p>\n\n\n\n<p>Tambi\u00e9n en la sala de la rotativa, y en sus paredes, se encuentran trabajos de alumnos de otras c\u00e1tedras en una selecci\u00f3n de propuestas. \u201cNo es un di\u00e1logo directo con la m\u00e1quina, pero s\u00ed obras que ve\u00edamos pod\u00edan ser exhibidas y complementar la propuesta del itinerario, puesto que tambi\u00e9n soy profesor de ellos y lo que hicimos fue una sumatoria de procesos\u201d.<\/p>\n\n\n\n<p>El docente Alvarado cont\u00f3 que es la segunda vez que ocupa junto con sus estudiantes y obras el espacio de La Rotativa. El semestre pasado no lo intervinieron con propuestas sobre la m\u00e1quina, indic\u00f3, sino que llevaron pupitres de las aulas para mostrar sus exploraciones y procesos. \u201cLo mostramos como un laboratorio, una combinaci\u00f3n entre aula y espacio de exhibici\u00f3n. Entonces la cantidad de alumnos fue mayor a la actual\u201d.<\/p>\n\n\n<div class=\"wp-block-image\">\n<figure class=\"aligncenter size-large\"><img decoding=\"async\" width=\"644\" height=\"429\" src=\"https:\/\/www.uartes.edu.ec\/sitio\/wp-content\/uploads\/2024\/12\/02-UMBRIA-BITACORA-ESCUELA-DE-ARTES-VISUALES-644x429.jpg\" alt=\"\" class=\"wp-image-66436\" srcset=\"https:\/\/www.uartes.edu.ec\/sitio\/wp-content\/uploads\/2024\/12\/02-UMBRIA-BITACORA-ESCUELA-DE-ARTES-VISUALES-644x429.jpg 644w, https:\/\/www.uartes.edu.ec\/sitio\/wp-content\/uploads\/2024\/12\/02-UMBRIA-BITACORA-ESCUELA-DE-ARTES-VISUALES-300x200.jpg 300w, https:\/\/www.uartes.edu.ec\/sitio\/wp-content\/uploads\/2024\/12\/02-UMBRIA-BITACORA-ESCUELA-DE-ARTES-VISUALES-768x512.jpg 768w, https:\/\/www.uartes.edu.ec\/sitio\/wp-content\/uploads\/2024\/12\/02-UMBRIA-BITACORA-ESCUELA-DE-ARTES-VISUALES-1536x1024.jpg 1536w, https:\/\/www.uartes.edu.ec\/sitio\/wp-content\/uploads\/2024\/12\/02-UMBRIA-BITACORA-ESCUELA-DE-ARTES-VISUALES-18x12.jpg 18w, https:\/\/www.uartes.edu.ec\/sitio\/wp-content\/uploads\/2024\/12\/02-UMBRIA-BITACORA-ESCUELA-DE-ARTES-VISUALES-600x400.jpg 600w, https:\/\/www.uartes.edu.ec\/sitio\/wp-content\/uploads\/2024\/12\/02-UMBRIA-BITACORA-ESCUELA-DE-ARTES-VISUALES-400x267.jpg 400w, https:\/\/www.uartes.edu.ec\/sitio\/wp-content\/uploads\/2024\/12\/02-UMBRIA-BITACORA-ESCUELA-DE-ARTES-VISUALES-272x182.jpg 272w, https:\/\/www.uartes.edu.ec\/sitio\/wp-content\/uploads\/2024\/12\/02-UMBRIA-BITACORA-ESCUELA-DE-ARTES-VISUALES.jpg 2000w\" sizes=\"(max-width: 644px) 100vw, 644px\" \/><\/figure>\n<\/div>\n\n<div class=\"wp-block-image\">\n<figure class=\"aligncenter size-large\"><img loading=\"lazy\" decoding=\"async\" width=\"644\" height=\"429\" src=\"https:\/\/www.uartes.edu.ec\/sitio\/wp-content\/uploads\/2024\/12\/03-UMBRIA-BITACORA-ESCUELA-DE-ARTES-VISUALES-644x429.jpg\" alt=\"\" class=\"wp-image-66437\" srcset=\"https:\/\/www.uartes.edu.ec\/sitio\/wp-content\/uploads\/2024\/12\/03-UMBRIA-BITACORA-ESCUELA-DE-ARTES-VISUALES-644x429.jpg 644w, https:\/\/www.uartes.edu.ec\/sitio\/wp-content\/uploads\/2024\/12\/03-UMBRIA-BITACORA-ESCUELA-DE-ARTES-VISUALES-300x200.jpg 300w, https:\/\/www.uartes.edu.ec\/sitio\/wp-content\/uploads\/2024\/12\/03-UMBRIA-BITACORA-ESCUELA-DE-ARTES-VISUALES-768x512.jpg 768w, https:\/\/www.uartes.edu.ec\/sitio\/wp-content\/uploads\/2024\/12\/03-UMBRIA-BITACORA-ESCUELA-DE-ARTES-VISUALES-1536x1024.jpg 1536w, https:\/\/www.uartes.edu.ec\/sitio\/wp-content\/uploads\/2024\/12\/03-UMBRIA-BITACORA-ESCUELA-DE-ARTES-VISUALES-18x12.jpg 18w, https:\/\/www.uartes.edu.ec\/sitio\/wp-content\/uploads\/2024\/12\/03-UMBRIA-BITACORA-ESCUELA-DE-ARTES-VISUALES-600x400.jpg 600w, https:\/\/www.uartes.edu.ec\/sitio\/wp-content\/uploads\/2024\/12\/03-UMBRIA-BITACORA-ESCUELA-DE-ARTES-VISUALES-400x267.jpg 400w, https:\/\/www.uartes.edu.ec\/sitio\/wp-content\/uploads\/2024\/12\/03-UMBRIA-BITACORA-ESCUELA-DE-ARTES-VISUALES-272x182.jpg 272w, https:\/\/www.uartes.edu.ec\/sitio\/wp-content\/uploads\/2024\/12\/03-UMBRIA-BITACORA-ESCUELA-DE-ARTES-VISUALES.jpg 2000w\" sizes=\"(max-width: 644px) 100vw, 644px\" \/><\/figure>\n<\/div>\n\n\n<p>Fue, adem\u00e1s, un primer ejercicio de lo que significa ocupar el espacio como expositivo, refiri\u00f3 Alvarado, mencionando como antecedente de que con su sentido hist\u00f3rico el sitio ya tuvo una muestra anterior: \u201cEl Siglo\u201d que la docente e investigadora Ana Gabriela Rivadeneira realiz\u00f3 en La Rotativa y que estuvo compuesta por im\u00e1genes extra\u00eddas de documentos y archivos hist\u00f3ricos nacionales, resultado de indagaciones que hizo sobre el siglo XX; reescritura en paredes de \u201cLas cruces sobre el agua\u201d, novela de Joaqu\u00edn Gallegos Lara; y, objetos de dimensiones variables de \u201cArqueolog\u00eda Futura\u201d.<\/p>\n\n\n\n<p>\u201cLa propuesta que tenemos es m\u00e1s ficcional. No est\u00e1 estrechamente vinculada al horizonte hist\u00f3rico, pol\u00edtico y social, que obviamente es sumamente v\u00e1lido, sino a c\u00f3mo los estudiantes adaptan sus po\u00e9ticas\u201d, anot\u00f3 Alvarado.&nbsp;<\/p>\n\n\n\n<h3 class=\"wp-block-heading\">Las muestras que se abren el 18 y 19 de diciembre<\/h3>\n\n\n\n<p>Acorde al cronograma de Bit\u00e1cora V, para el mi\u00e9rcoles 18 de diciembre est\u00e1 programada la inauguraci\u00f3n de \u201cPopurr\u00ed fotogr\u00e1fico\u201d, de las materias Fotograf\u00eda Avanzada 1 y Fotograf\u00eda B\u00e1sica que dictan los docentes Diego Massucco y Carlos Mor\u00e1n; ser\u00e1 en El Garaje del edificio T\u00e1bara, donde tambi\u00e9n se expondr\u00e1n los resultados de la materia Edici\u00f3n de Imagen Fija 1, que imparte Mor\u00e1n.<\/p>\n\n\n\n<p>El jueves 19 de diciembre, al primer piso del Museo Noboa Naranjo llegar\u00e1 \u201cPulsiones\u201d, muestra de los estudiantes de la materia Procesos de Creaci\u00f3n 1 que dicta el docente William Hern\u00e1ndez.<\/p>\n\n\n\n<p>Tambi\u00e9n el 19, en el aula 104 del primer piso del MZ14, se ver\u00e1 \u201cMantra (observamos, pero no juzgamos)\u201d, muestra de trabajos estudiantiles de la c\u00e1tedra Po\u00e9ticas Pict\u00f3ricas 1. Y en los cub\u00edculos de pintura, aula 105 del edificio T\u00e1bara, estar\u00e1 \u201cKairos\u201d, con las obras de los alumnos de Po\u00e9ticas Pict\u00f3ricas 2. Ambas materias las imparte Saidel Brito.<\/p>\n\n\n\n<p>Cr\u00e9ditos fotogr\u00e1ficos: pasantes de la Escuela de Artes Visuales 2024<\/p>\n\n\n\n<p><\/p>\n","protected":false},"excerpt":{"rendered":"<p>La Escuela de Artes Visuales de la Universidad de las Artes dio inicio este martes 10 de diciembre a la quinta edici\u00f3n de Bit\u00e1cora, evento hito que presenta de manera colectiva los procesos pedag\u00f3gicos de sus estudiantes. En esta ocasi\u00f3n exponen alumnos que reciben las asignaturas dictadas por los docentes Diego Alvarado, Ruth Cruz Mendoza, Diego Massuco, Carlos Mor\u00e1n, William Hern\u00e1ndez y Saidel Brito. En esta entrega, Alvarado da detalles de \u201cUmbr\u00eda\u201d, exposici\u00f3n de sus alumnos en el espacio La Rotativa de El Tel\u00e9grafo.<\/p>\n","protected":false},"author":10,"featured_media":66433,"comment_status":"open","ping_status":"open","sticky":false,"template":"","format":"standard","meta":{"_acf_changed":false,"_uag_custom_page_level_css":"","_monsterinsights_skip_tracking":false,"_monsterinsights_sitenote_active":false,"_monsterinsights_sitenote_note":"","_monsterinsights_sitenote_category":0,"cybocfi_hide_featured_image":"","footnotes":""},"categories":[80,82,157,75,76,77,83],"tags":[517],"infouartes":[1288],"class_list":["post-66432","post","type-post","status-publish","format-standard","has-post-thumbnail","hentry","category-academico","category-artes","category-artes-visuales","category-docentes","category-estudiantes","category-gestion","category-sedes","tag-exposicion","infouartes-produccion-artistica"],"acf":[],"yoast_head":"<!-- This site is optimized with the Yoast SEO plugin v27.4 - https:\/\/yoast.com\/product\/yoast-seo-wordpress\/ -->\n<title>Universidad de las Artes - \u201cUmbr\u00eda\u201d de Bit\u00e1cora V en La Rotativa<\/title>\n<meta name=\"description\" content=\"Universidad de las Artes - \u201cUmbr\u00eda\u201d de Bit\u00e1cora V en La Rotativa\" \/>\n<meta name=\"robots\" content=\"index, follow, max-snippet:-1, max-image-preview:large, max-video-preview:-1\" \/>\n<link rel=\"canonical\" href=\"https:\/\/www.uartes.edu.ec\/sitio\/blog\/2024\/12\/12\/umbria-muestra-de-bitacora-v-en-la-rotativa\/\" \/>\n<meta property=\"og:locale\" content=\"es_ES\" \/>\n<meta property=\"og:type\" content=\"article\" \/>\n<meta property=\"og:title\" content=\"Universidad de las Artes - \u201cUmbr\u00eda\u201d de Bit\u00e1cora V en La Rotativa\" \/>\n<meta property=\"og:description\" content=\"Universidad de las Artes - \u201cUmbr\u00eda\u201d de Bit\u00e1cora V en La Rotativa\" \/>\n<meta property=\"og:url\" content=\"https:\/\/www.uartes.edu.ec\/sitio\/blog\/2024\/12\/12\/umbria-muestra-de-bitacora-v-en-la-rotativa\/\" \/>\n<meta property=\"og:site_name\" content=\"Universidad de las Artes\" \/>\n<meta property=\"article:publisher\" content=\"https:\/\/www.facebook.com\/uartesec\" \/>\n<meta property=\"article:published_time\" content=\"2024-12-12T22:50:40+00:00\" \/>\n<meta property=\"article:modified_time\" content=\"2024-12-19T15:22:44+00:00\" \/>\n<meta property=\"og:image\" content=\"https:\/\/www.uartes.edu.ec\/sitio\/wp-content\/uploads\/2024\/12\/01-UMBRIA-BITACORA-ESCUELA-DE-ARTES-VISUALES.jpg\" \/>\n\t<meta property=\"og:image:width\" content=\"2000\" \/>\n\t<meta property=\"og:image:height\" content=\"1333\" \/>\n\t<meta property=\"og:image:type\" content=\"image\/jpeg\" \/>\n<meta name=\"author\" content=\"ccortez\" \/>\n<meta name=\"twitter:card\" content=\"summary_large_image\" \/>\n<meta name=\"twitter:creator\" content=\"@uartesec\" \/>\n<meta name=\"twitter:site\" content=\"@uartesec\" \/>\n<meta name=\"twitter:label1\" content=\"Escrito por\" \/>\n\t<meta name=\"twitter:data1\" content=\"ccortez\" \/>\n\t<meta name=\"twitter:label2\" content=\"Tiempo de lectura\" \/>\n\t<meta name=\"twitter:data2\" content=\"6 minutos\" \/>\n<script type=\"application\/ld+json\" class=\"yoast-schema-graph\">{\"@context\":\"https:\\\/\\\/schema.org\",\"@graph\":[{\"@type\":\"Article\",\"@id\":\"https:\\\/\\\/www.uartes.edu.ec\\\/sitio\\\/blog\\\/2024\\\/12\\\/12\\\/umbria-muestra-de-bitacora-v-en-la-rotativa\\\/#article\",\"isPartOf\":{\"@id\":\"https:\\\/\\\/www.uartes.edu.ec\\\/sitio\\\/blog\\\/2024\\\/12\\\/12\\\/umbria-muestra-de-bitacora-v-en-la-rotativa\\\/\"},\"author\":{\"name\":\"ccortez\",\"@id\":\"https:\\\/\\\/www.uartes.edu.ec\\\/sitio\\\/#\\\/schema\\\/person\\\/efa1b8275797664fd7f13a79ccc0b1f4\"},\"headline\":\"\u201cUmbr\u00eda\u201d de Bit\u00e1cora V en La Rotativa\",\"datePublished\":\"2024-12-12T22:50:40+00:00\",\"dateModified\":\"2024-12-19T15:22:44+00:00\",\"mainEntityOfPage\":{\"@id\":\"https:\\\/\\\/www.uartes.edu.ec\\\/sitio\\\/blog\\\/2024\\\/12\\\/12\\\/umbria-muestra-de-bitacora-v-en-la-rotativa\\\/\"},\"wordCount\":1006,\"commentCount\":0,\"publisher\":{\"@id\":\"https:\\\/\\\/www.uartes.edu.ec\\\/sitio\\\/#organization\"},\"image\":{\"@id\":\"https:\\\/\\\/www.uartes.edu.ec\\\/sitio\\\/blog\\\/2024\\\/12\\\/12\\\/umbria-muestra-de-bitacora-v-en-la-rotativa\\\/#primaryimage\"},\"thumbnailUrl\":\"https:\\\/\\\/www.uartes.edu.ec\\\/sitio\\\/wp-content\\\/uploads\\\/2024\\\/12\\\/01-UMBRIA-BITACORA-ESCUELA-DE-ARTES-VISUALES.jpg\",\"keywords\":[\"exposici\u00f3n\"],\"articleSection\":[\"Acad\u00e9mico\",\"Artes\",\"Artes Visuales\",\"Docentes\",\"Estudiantes\",\"Gesti\u00f3n\",\"Sedes\"],\"inLanguage\":\"es\",\"potentialAction\":[{\"@type\":\"CommentAction\",\"name\":\"Comment\",\"target\":[\"https:\\\/\\\/www.uartes.edu.ec\\\/sitio\\\/blog\\\/2024\\\/12\\\/12\\\/umbria-muestra-de-bitacora-v-en-la-rotativa\\\/#respond\"]}]},{\"@type\":[\"WebPage\",\"ItemPage\"],\"@id\":\"https:\\\/\\\/www.uartes.edu.ec\\\/sitio\\\/blog\\\/2024\\\/12\\\/12\\\/umbria-muestra-de-bitacora-v-en-la-rotativa\\\/\",\"url\":\"https:\\\/\\\/www.uartes.edu.ec\\\/sitio\\\/blog\\\/2024\\\/12\\\/12\\\/umbria-muestra-de-bitacora-v-en-la-rotativa\\\/\",\"name\":\"Universidad de las Artes - \u201cUmbr\u00eda\u201d de Bit\u00e1cora V en La Rotativa\",\"isPartOf\":{\"@id\":\"https:\\\/\\\/www.uartes.edu.ec\\\/sitio\\\/#website\"},\"primaryImageOfPage\":{\"@id\":\"https:\\\/\\\/www.uartes.edu.ec\\\/sitio\\\/blog\\\/2024\\\/12\\\/12\\\/umbria-muestra-de-bitacora-v-en-la-rotativa\\\/#primaryimage\"},\"image\":{\"@id\":\"https:\\\/\\\/www.uartes.edu.ec\\\/sitio\\\/blog\\\/2024\\\/12\\\/12\\\/umbria-muestra-de-bitacora-v-en-la-rotativa\\\/#primaryimage\"},\"thumbnailUrl\":\"https:\\\/\\\/www.uartes.edu.ec\\\/sitio\\\/wp-content\\\/uploads\\\/2024\\\/12\\\/01-UMBRIA-BITACORA-ESCUELA-DE-ARTES-VISUALES.jpg\",\"datePublished\":\"2024-12-12T22:50:40+00:00\",\"dateModified\":\"2024-12-19T15:22:44+00:00\",\"description\":\"Universidad de las Artes - \u201cUmbr\u00eda\u201d de Bit\u00e1cora V en La Rotativa\",\"breadcrumb\":{\"@id\":\"https:\\\/\\\/www.uartes.edu.ec\\\/sitio\\\/blog\\\/2024\\\/12\\\/12\\\/umbria-muestra-de-bitacora-v-en-la-rotativa\\\/#breadcrumb\"},\"inLanguage\":\"es\",\"potentialAction\":[{\"@type\":\"ReadAction\",\"target\":[\"https:\\\/\\\/www.uartes.edu.ec\\\/sitio\\\/blog\\\/2024\\\/12\\\/12\\\/umbria-muestra-de-bitacora-v-en-la-rotativa\\\/\"]}]},{\"@type\":\"ImageObject\",\"inLanguage\":\"es\",\"@id\":\"https:\\\/\\\/www.uartes.edu.ec\\\/sitio\\\/blog\\\/2024\\\/12\\\/12\\\/umbria-muestra-de-bitacora-v-en-la-rotativa\\\/#primaryimage\",\"url\":\"https:\\\/\\\/www.uartes.edu.ec\\\/sitio\\\/wp-content\\\/uploads\\\/2024\\\/12\\\/01-UMBRIA-BITACORA-ESCUELA-DE-ARTES-VISUALES.jpg\",\"contentUrl\":\"https:\\\/\\\/www.uartes.edu.ec\\\/sitio\\\/wp-content\\\/uploads\\\/2024\\\/12\\\/01-UMBRIA-BITACORA-ESCUELA-DE-ARTES-VISUALES.jpg\",\"width\":2000,\"height\":1333},{\"@type\":\"BreadcrumbList\",\"@id\":\"https:\\\/\\\/www.uartes.edu.ec\\\/sitio\\\/blog\\\/2024\\\/12\\\/12\\\/umbria-muestra-de-bitacora-v-en-la-rotativa\\\/#breadcrumb\",\"itemListElement\":[{\"@type\":\"ListItem\",\"position\":1,\"name\":\"Inicio\",\"item\":\"https:\\\/\\\/www.uartes.edu.ec\\\/sitio\\\/\"},{\"@type\":\"ListItem\",\"position\":2,\"name\":\"\u201cUmbr\u00eda\u201d de Bit\u00e1cora V en La Rotativa\"}]},{\"@type\":\"WebSite\",\"@id\":\"https:\\\/\\\/www.uartes.edu.ec\\\/sitio\\\/#website\",\"url\":\"https:\\\/\\\/www.uartes.edu.ec\\\/sitio\\\/\",\"name\":\"Universidad de las Artes\",\"description\":\"Sitio oficial de la Universidad Nacional de las Artes del Ecuador\",\"publisher\":{\"@id\":\"https:\\\/\\\/www.uartes.edu.ec\\\/sitio\\\/#organization\"},\"potentialAction\":[{\"@type\":\"SearchAction\",\"target\":{\"@type\":\"EntryPoint\",\"urlTemplate\":\"https:\\\/\\\/www.uartes.edu.ec\\\/sitio\\\/?s={search_term_string}\"},\"query-input\":{\"@type\":\"PropertyValueSpecification\",\"valueRequired\":true,\"valueName\":\"search_term_string\"}}],\"inLanguage\":\"es\"},{\"@type\":\"Organization\",\"@id\":\"https:\\\/\\\/www.uartes.edu.ec\\\/sitio\\\/#organization\",\"name\":\"Universidad de las Artes\",\"url\":\"https:\\\/\\\/www.uartes.edu.ec\\\/sitio\\\/\",\"logo\":{\"@type\":\"ImageObject\",\"inLanguage\":\"es\",\"@id\":\"https:\\\/\\\/www.uartes.edu.ec\\\/sitio\\\/#\\\/schema\\\/logo\\\/image\\\/\",\"url\":\"https:\\\/\\\/www.uartes.edu.ec\\\/sitio\\\/wp-content\\\/uploads\\\/2022\\\/07\\\/logo-ua-horizontal.png\",\"contentUrl\":\"https:\\\/\\\/www.uartes.edu.ec\\\/sitio\\\/wp-content\\\/uploads\\\/2022\\\/07\\\/logo-ua-horizontal.png\",\"width\":800,\"height\":276,\"caption\":\"Universidad de las Artes\"},\"image\":{\"@id\":\"https:\\\/\\\/www.uartes.edu.ec\\\/sitio\\\/#\\\/schema\\\/logo\\\/image\\\/\"},\"sameAs\":[\"https:\\\/\\\/www.facebook.com\\\/uartesec\",\"https:\\\/\\\/x.com\\\/uartesec\",\"https:\\\/\\\/www.tiktok.com\\\/@uartesec\"]},{\"@type\":\"Person\",\"@id\":\"https:\\\/\\\/www.uartes.edu.ec\\\/sitio\\\/#\\\/schema\\\/person\\\/efa1b8275797664fd7f13a79ccc0b1f4\",\"name\":\"ccortez\",\"image\":{\"@type\":\"ImageObject\",\"inLanguage\":\"es\",\"@id\":\"https:\\\/\\\/secure.gravatar.com\\\/avatar\\\/b2a6f664a3ae8e074346ef91775736c5ec479e637ecced6842de9dc98b5da9cd?s=96&d=mm&r=g\",\"url\":\"https:\\\/\\\/secure.gravatar.com\\\/avatar\\\/b2a6f664a3ae8e074346ef91775736c5ec479e637ecced6842de9dc98b5da9cd?s=96&d=mm&r=g\",\"contentUrl\":\"https:\\\/\\\/secure.gravatar.com\\\/avatar\\\/b2a6f664a3ae8e074346ef91775736c5ec479e637ecced6842de9dc98b5da9cd?s=96&d=mm&r=g\",\"caption\":\"ccortez\"},\"url\":\"https:\\\/\\\/www.uartes.edu.ec\\\/sitio\\\/blog\\\/author\\\/ccortez\\\/\"}]}<\/script>\n<!-- \/ Yoast SEO plugin. -->","yoast_head_json":{"title":"Universidad de las Artes - \u201cUmbr\u00eda\u201d de Bit\u00e1cora V en La Rotativa","description":"Universidad de las Artes - \u201cUmbr\u00eda\u201d de Bit\u00e1cora V en La Rotativa","robots":{"index":"index","follow":"follow","max-snippet":"max-snippet:-1","max-image-preview":"max-image-preview:large","max-video-preview":"max-video-preview:-1"},"canonical":"https:\/\/www.uartes.edu.ec\/sitio\/blog\/2024\/12\/12\/umbria-muestra-de-bitacora-v-en-la-rotativa\/","og_locale":"es_ES","og_type":"article","og_title":"Universidad de las Artes - \u201cUmbr\u00eda\u201d de Bit\u00e1cora V en La Rotativa","og_description":"Universidad de las Artes - \u201cUmbr\u00eda\u201d de Bit\u00e1cora V en La Rotativa","og_url":"https:\/\/www.uartes.edu.ec\/sitio\/blog\/2024\/12\/12\/umbria-muestra-de-bitacora-v-en-la-rotativa\/","og_site_name":"Universidad de las Artes","article_publisher":"https:\/\/www.facebook.com\/uartesec","article_published_time":"2024-12-12T22:50:40+00:00","article_modified_time":"2024-12-19T15:22:44+00:00","og_image":[{"width":2000,"height":1333,"url":"https:\/\/www.uartes.edu.ec\/sitio\/wp-content\/uploads\/2024\/12\/01-UMBRIA-BITACORA-ESCUELA-DE-ARTES-VISUALES.jpg","type":"image\/jpeg"}],"author":"ccortez","twitter_card":"summary_large_image","twitter_creator":"@uartesec","twitter_site":"@uartesec","twitter_misc":{"Escrito por":"ccortez","Tiempo de lectura":"6 minutos"},"schema":{"@context":"https:\/\/schema.org","@graph":[{"@type":"Article","@id":"https:\/\/www.uartes.edu.ec\/sitio\/blog\/2024\/12\/12\/umbria-muestra-de-bitacora-v-en-la-rotativa\/#article","isPartOf":{"@id":"https:\/\/www.uartes.edu.ec\/sitio\/blog\/2024\/12\/12\/umbria-muestra-de-bitacora-v-en-la-rotativa\/"},"author":{"name":"ccortez","@id":"https:\/\/www.uartes.edu.ec\/sitio\/#\/schema\/person\/efa1b8275797664fd7f13a79ccc0b1f4"},"headline":"\u201cUmbr\u00eda\u201d de Bit\u00e1cora V en La Rotativa","datePublished":"2024-12-12T22:50:40+00:00","dateModified":"2024-12-19T15:22:44+00:00","mainEntityOfPage":{"@id":"https:\/\/www.uartes.edu.ec\/sitio\/blog\/2024\/12\/12\/umbria-muestra-de-bitacora-v-en-la-rotativa\/"},"wordCount":1006,"commentCount":0,"publisher":{"@id":"https:\/\/www.uartes.edu.ec\/sitio\/#organization"},"image":{"@id":"https:\/\/www.uartes.edu.ec\/sitio\/blog\/2024\/12\/12\/umbria-muestra-de-bitacora-v-en-la-rotativa\/#primaryimage"},"thumbnailUrl":"https:\/\/www.uartes.edu.ec\/sitio\/wp-content\/uploads\/2024\/12\/01-UMBRIA-BITACORA-ESCUELA-DE-ARTES-VISUALES.jpg","keywords":["exposici\u00f3n"],"articleSection":["Acad\u00e9mico","Artes","Artes Visuales","Docentes","Estudiantes","Gesti\u00f3n","Sedes"],"inLanguage":"es","potentialAction":[{"@type":"CommentAction","name":"Comment","target":["https:\/\/www.uartes.edu.ec\/sitio\/blog\/2024\/12\/12\/umbria-muestra-de-bitacora-v-en-la-rotativa\/#respond"]}]},{"@type":["WebPage","ItemPage"],"@id":"https:\/\/www.uartes.edu.ec\/sitio\/blog\/2024\/12\/12\/umbria-muestra-de-bitacora-v-en-la-rotativa\/","url":"https:\/\/www.uartes.edu.ec\/sitio\/blog\/2024\/12\/12\/umbria-muestra-de-bitacora-v-en-la-rotativa\/","name":"Universidad de las Artes - \u201cUmbr\u00eda\u201d de Bit\u00e1cora V en La Rotativa","isPartOf":{"@id":"https:\/\/www.uartes.edu.ec\/sitio\/#website"},"primaryImageOfPage":{"@id":"https:\/\/www.uartes.edu.ec\/sitio\/blog\/2024\/12\/12\/umbria-muestra-de-bitacora-v-en-la-rotativa\/#primaryimage"},"image":{"@id":"https:\/\/www.uartes.edu.ec\/sitio\/blog\/2024\/12\/12\/umbria-muestra-de-bitacora-v-en-la-rotativa\/#primaryimage"},"thumbnailUrl":"https:\/\/www.uartes.edu.ec\/sitio\/wp-content\/uploads\/2024\/12\/01-UMBRIA-BITACORA-ESCUELA-DE-ARTES-VISUALES.jpg","datePublished":"2024-12-12T22:50:40+00:00","dateModified":"2024-12-19T15:22:44+00:00","description":"Universidad de las Artes - \u201cUmbr\u00eda\u201d de Bit\u00e1cora V en La Rotativa","breadcrumb":{"@id":"https:\/\/www.uartes.edu.ec\/sitio\/blog\/2024\/12\/12\/umbria-muestra-de-bitacora-v-en-la-rotativa\/#breadcrumb"},"inLanguage":"es","potentialAction":[{"@type":"ReadAction","target":["https:\/\/www.uartes.edu.ec\/sitio\/blog\/2024\/12\/12\/umbria-muestra-de-bitacora-v-en-la-rotativa\/"]}]},{"@type":"ImageObject","inLanguage":"es","@id":"https:\/\/www.uartes.edu.ec\/sitio\/blog\/2024\/12\/12\/umbria-muestra-de-bitacora-v-en-la-rotativa\/#primaryimage","url":"https:\/\/www.uartes.edu.ec\/sitio\/wp-content\/uploads\/2024\/12\/01-UMBRIA-BITACORA-ESCUELA-DE-ARTES-VISUALES.jpg","contentUrl":"https:\/\/www.uartes.edu.ec\/sitio\/wp-content\/uploads\/2024\/12\/01-UMBRIA-BITACORA-ESCUELA-DE-ARTES-VISUALES.jpg","width":2000,"height":1333},{"@type":"BreadcrumbList","@id":"https:\/\/www.uartes.edu.ec\/sitio\/blog\/2024\/12\/12\/umbria-muestra-de-bitacora-v-en-la-rotativa\/#breadcrumb","itemListElement":[{"@type":"ListItem","position":1,"name":"Inicio","item":"https:\/\/www.uartes.edu.ec\/sitio\/"},{"@type":"ListItem","position":2,"name":"\u201cUmbr\u00eda\u201d de Bit\u00e1cora V en La Rotativa"}]},{"@type":"WebSite","@id":"https:\/\/www.uartes.edu.ec\/sitio\/#website","url":"https:\/\/www.uartes.edu.ec\/sitio\/","name":"Universidad de las Artes","description":"Sitio oficial de la Universidad Nacional de las Artes del Ecuador","publisher":{"@id":"https:\/\/www.uartes.edu.ec\/sitio\/#organization"},"potentialAction":[{"@type":"SearchAction","target":{"@type":"EntryPoint","urlTemplate":"https:\/\/www.uartes.edu.ec\/sitio\/?s={search_term_string}"},"query-input":{"@type":"PropertyValueSpecification","valueRequired":true,"valueName":"search_term_string"}}],"inLanguage":"es"},{"@type":"Organization","@id":"https:\/\/www.uartes.edu.ec\/sitio\/#organization","name":"Universidad de las Artes","url":"https:\/\/www.uartes.edu.ec\/sitio\/","logo":{"@type":"ImageObject","inLanguage":"es","@id":"https:\/\/www.uartes.edu.ec\/sitio\/#\/schema\/logo\/image\/","url":"https:\/\/www.uartes.edu.ec\/sitio\/wp-content\/uploads\/2022\/07\/logo-ua-horizontal.png","contentUrl":"https:\/\/www.uartes.edu.ec\/sitio\/wp-content\/uploads\/2022\/07\/logo-ua-horizontal.png","width":800,"height":276,"caption":"Universidad de las Artes"},"image":{"@id":"https:\/\/www.uartes.edu.ec\/sitio\/#\/schema\/logo\/image\/"},"sameAs":["https:\/\/www.facebook.com\/uartesec","https:\/\/x.com\/uartesec","https:\/\/www.tiktok.com\/@uartesec"]},{"@type":"Person","@id":"https:\/\/www.uartes.edu.ec\/sitio\/#\/schema\/person\/efa1b8275797664fd7f13a79ccc0b1f4","name":"ccortez","image":{"@type":"ImageObject","inLanguage":"es","@id":"https:\/\/secure.gravatar.com\/avatar\/b2a6f664a3ae8e074346ef91775736c5ec479e637ecced6842de9dc98b5da9cd?s=96&d=mm&r=g","url":"https:\/\/secure.gravatar.com\/avatar\/b2a6f664a3ae8e074346ef91775736c5ec479e637ecced6842de9dc98b5da9cd?s=96&d=mm&r=g","contentUrl":"https:\/\/secure.gravatar.com\/avatar\/b2a6f664a3ae8e074346ef91775736c5ec479e637ecced6842de9dc98b5da9cd?s=96&d=mm&r=g","caption":"ccortez"},"url":"https:\/\/www.uartes.edu.ec\/sitio\/blog\/author\/ccortez\/"}]}},"uagb_featured_image_src":{"full":["https:\/\/www.uartes.edu.ec\/sitio\/wp-content\/uploads\/2024\/12\/01-UMBRIA-BITACORA-ESCUELA-DE-ARTES-VISUALES.jpg",2000,1333,false],"thumbnail":["https:\/\/www.uartes.edu.ec\/sitio\/wp-content\/uploads\/2024\/12\/01-UMBRIA-BITACORA-ESCUELA-DE-ARTES-VISUALES-150x150.jpg",150,150,true],"medium":["https:\/\/www.uartes.edu.ec\/sitio\/wp-content\/uploads\/2024\/12\/01-UMBRIA-BITACORA-ESCUELA-DE-ARTES-VISUALES-300x200.jpg",300,200,true],"medium_large":["https:\/\/www.uartes.edu.ec\/sitio\/wp-content\/uploads\/2024\/12\/01-UMBRIA-BITACORA-ESCUELA-DE-ARTES-VISUALES-768x512.jpg",768,512,true],"large":["https:\/\/www.uartes.edu.ec\/sitio\/wp-content\/uploads\/2024\/12\/01-UMBRIA-BITACORA-ESCUELA-DE-ARTES-VISUALES-644x429.jpg",644,429,true],"1536x1536":["https:\/\/www.uartes.edu.ec\/sitio\/wp-content\/uploads\/2024\/12\/01-UMBRIA-BITACORA-ESCUELA-DE-ARTES-VISUALES-1536x1024.jpg",1536,1024,true],"2048x2048":["https:\/\/www.uartes.edu.ec\/sitio\/wp-content\/uploads\/2024\/12\/01-UMBRIA-BITACORA-ESCUELA-DE-ARTES-VISUALES.jpg",2000,1333,false],"trp-custom-language-flag":["https:\/\/www.uartes.edu.ec\/sitio\/wp-content\/uploads\/2024\/12\/01-UMBRIA-BITACORA-ESCUELA-DE-ARTES-VISUALES-18x12.jpg",18,12,true],"htmega_size_585x295":["https:\/\/www.uartes.edu.ec\/sitio\/wp-content\/uploads\/2024\/12\/01-UMBRIA-BITACORA-ESCUELA-DE-ARTES-VISUALES-585x295.jpg",585,295,true],"htmega_size_1170x536":["https:\/\/www.uartes.edu.ec\/sitio\/wp-content\/uploads\/2024\/12\/01-UMBRIA-BITACORA-ESCUELA-DE-ARTES-VISUALES-1170x536.jpg",1170,536,true],"htmega_size_396x360":["https:\/\/www.uartes.edu.ec\/sitio\/wp-content\/uploads\/2024\/12\/01-UMBRIA-BITACORA-ESCUELA-DE-ARTES-VISUALES-396x360.jpg",396,360,true],"gb-block-post-grid-landscape":["https:\/\/www.uartes.edu.ec\/sitio\/wp-content\/uploads\/2024\/12\/01-UMBRIA-BITACORA-ESCUELA-DE-ARTES-VISUALES-600x400.jpg",600,400,true],"gb-block-post-grid-square":["https:\/\/www.uartes.edu.ec\/sitio\/wp-content\/uploads\/2024\/12\/01-UMBRIA-BITACORA-ESCUELA-DE-ARTES-VISUALES-600x600.jpg",600,600,true],"university-hub-thumb":["https:\/\/www.uartes.edu.ec\/sitio\/wp-content\/uploads\/2024\/12\/01-UMBRIA-BITACORA-ESCUELA-DE-ARTES-VISUALES-400x267.jpg",400,267,true]},"uagb_author_info":{"display_name":"ccortez","author_link":"https:\/\/www.uartes.edu.ec\/sitio\/blog\/author\/ccortez\/"},"uagb_comment_info":0,"uagb_excerpt":"La Escuela de Artes Visuales de la Universidad de las Artes dio inicio este martes 10 de diciembre a la quinta edici\u00f3n de Bit\u00e1cora, evento hito que presenta de manera colectiva los procesos pedag\u00f3gicos de sus estudiantes. En esta ocasi\u00f3n exponen alumnos que reciben las asignaturas dictadas por los docentes Diego Alvarado, Ruth Cruz Mendoza,&hellip;","featured_image_src":"https:\/\/www.uartes.edu.ec\/sitio\/wp-content\/uploads\/2024\/12\/01-UMBRIA-BITACORA-ESCUELA-DE-ARTES-VISUALES-600x400.jpg","featured_image_src_square":"https:\/\/www.uartes.edu.ec\/sitio\/wp-content\/uploads\/2024\/12\/01-UMBRIA-BITACORA-ESCUELA-DE-ARTES-VISUALES-600x600.jpg","author_info":{"display_name":"ccortez","author_link":"https:\/\/www.uartes.edu.ec\/sitio\/blog\/author\/ccortez\/"},"publishpress_future_workflow_manual_trigger":{"enabledWorkflows":[]},"distributor_meta":false,"distributor_terms":false,"distributor_media":false,"distributor_original_site_name":"Universidad de las Artes","distributor_original_site_url":"https:\/\/www.uartes.edu.ec\/sitio","push-errors":false,"_links":{"self":[{"href":"https:\/\/www.uartes.edu.ec\/sitio\/wp-json\/wp\/v2\/posts\/66432","targetHints":{"allow":["GET"]}}],"collection":[{"href":"https:\/\/www.uartes.edu.ec\/sitio\/wp-json\/wp\/v2\/posts"}],"about":[{"href":"https:\/\/www.uartes.edu.ec\/sitio\/wp-json\/wp\/v2\/types\/post"}],"author":[{"embeddable":true,"href":"https:\/\/www.uartes.edu.ec\/sitio\/wp-json\/wp\/v2\/users\/10"}],"replies":[{"embeddable":true,"href":"https:\/\/www.uartes.edu.ec\/sitio\/wp-json\/wp\/v2\/comments?post=66432"}],"version-history":[{"count":3,"href":"https:\/\/www.uartes.edu.ec\/sitio\/wp-json\/wp\/v2\/posts\/66432\/revisions"}],"predecessor-version":[{"id":66446,"href":"https:\/\/www.uartes.edu.ec\/sitio\/wp-json\/wp\/v2\/posts\/66432\/revisions\/66446"}],"wp:featuredmedia":[{"embeddable":true,"href":"https:\/\/www.uartes.edu.ec\/sitio\/wp-json\/wp\/v2\/media\/66433"}],"wp:attachment":[{"href":"https:\/\/www.uartes.edu.ec\/sitio\/wp-json\/wp\/v2\/media?parent=66432"}],"wp:term":[{"taxonomy":"category","embeddable":true,"href":"https:\/\/www.uartes.edu.ec\/sitio\/wp-json\/wp\/v2\/categories?post=66432"},{"taxonomy":"post_tag","embeddable":true,"href":"https:\/\/www.uartes.edu.ec\/sitio\/wp-json\/wp\/v2\/tags?post=66432"},{"taxonomy":"infouartes","embeddable":true,"href":"https:\/\/www.uartes.edu.ec\/sitio\/wp-json\/wp\/v2\/infouartes?post=66432"}],"curies":[{"name":"wp","href":"https:\/\/api.w.org\/{rel}","templated":true}]}}