{"id":66677,"date":"2024-12-17T15:33:00","date_gmt":"2024-12-17T20:33:00","guid":{"rendered":"https:\/\/www.uartes.edu.ec\/sitio\/?p=66677"},"modified":"2024-12-19T10:22:42","modified_gmt":"2024-12-19T15:22:42","slug":"aya-huma-rondalla-uartes-ensamble-coral-y-ejercicios-escenicos-en-ceremonias-de-graduacion","status":"publish","type":"post","link":"https:\/\/www.uartes.edu.ec\/sitio\/blog\/2024\/12\/17\/aya-huma-rondalla-uartes-ensamble-coral-y-ejercicios-escenicos-en-ceremonias-de-graduacion\/","title":{"rendered":"Aya Huma, Rondalla, Ensamble Coral y ejercicios esc\u00e9nicos en las graduaciones"},"content":{"rendered":"\n<p>La emoci\u00f3n de culminar sus estudios universitarios y alcanzar la meta de obtener sus respectivas licenciaturas fue evidente en los graduados y graduadas de la s\u00e9ptima promoci\u00f3n de la Universidad de las Artes, que este viernes 13 de diciembre recibieron sus t\u00edtulos en dos solemnes y sentidas ceremonias, realizadas ambas en el Pasaje Illingworth del Palacio de la Gobernaci\u00f3n, nuestra sede matriz.<\/p>\n\n\n\n<p>En la primera ceremonia, la UArtes gradu\u00f3 a los hoy licenciados en las carreras de Artes Sonoras y Literatura. De entre los graduados, Luis Francis Bautista Ullauri llam\u00f3 la atenci\u00f3n de sus hoy colegas en Producci\u00f3n Musical y Artes Musicales, los familiares y amigos que los acompa\u00f1aron y la comunidad universitaria en general al llevar la m\u00e1scara del Aya Huma, personaje principal de la fiesta andina del Inti Raymi, con importante significado espiritual para las comunidades ind\u00edgenas que se congregan en lugares sagrados para agradecer a la Pachamama por las cosechas.<\/p>\n\n\n<div class=\"wp-block-image\">\n<figure class=\"aligncenter size-large\"><img fetchpriority=\"high\" decoding=\"async\" width=\"644\" height=\"429\" src=\"https:\/\/www.uartes.edu.ec\/sitio\/wp-content\/uploads\/2024\/12\/01-GRADUACION-2024-1-1-644x429.jpg\" alt=\"\" class=\"wp-image-66679\" srcset=\"https:\/\/www.uartes.edu.ec\/sitio\/wp-content\/uploads\/2024\/12\/01-GRADUACION-2024-1-1-644x429.jpg 644w, https:\/\/www.uartes.edu.ec\/sitio\/wp-content\/uploads\/2024\/12\/01-GRADUACION-2024-1-1-300x200.jpg 300w, https:\/\/www.uartes.edu.ec\/sitio\/wp-content\/uploads\/2024\/12\/01-GRADUACION-2024-1-1-768x512.jpg 768w, https:\/\/www.uartes.edu.ec\/sitio\/wp-content\/uploads\/2024\/12\/01-GRADUACION-2024-1-1-1536x1024.jpg 1536w, https:\/\/www.uartes.edu.ec\/sitio\/wp-content\/uploads\/2024\/12\/01-GRADUACION-2024-1-1-18x12.jpg 18w, https:\/\/www.uartes.edu.ec\/sitio\/wp-content\/uploads\/2024\/12\/01-GRADUACION-2024-1-1-600x400.jpg 600w, https:\/\/www.uartes.edu.ec\/sitio\/wp-content\/uploads\/2024\/12\/01-GRADUACION-2024-1-1-400x267.jpg 400w, https:\/\/www.uartes.edu.ec\/sitio\/wp-content\/uploads\/2024\/12\/01-GRADUACION-2024-1-1-272x182.jpg 272w, https:\/\/www.uartes.edu.ec\/sitio\/wp-content\/uploads\/2024\/12\/01-GRADUACION-2024-1-1.jpg 2000w\" sizes=\"(max-width: 644px) 100vw, 644px\" \/><\/figure>\n<\/div>\n\n\n<p>Bautista Ullauri, cuya licenciatura es en Artes Musicales y Sonoras, indic\u00f3 que decidi\u00f3 llevar la m\u00e1scara de Aya Huma para su graduaci\u00f3n porque es parte de su identidad como runa (ind\u00edgena de los Andes). \u201cSoy un guambra andino que lleg\u00f3 a la Universidad de las Artes para estudiar m\u00fasica y que al t\u00e9rmino de esta preparaci\u00f3n acad\u00e9mica no solo se lleva los conocimientos, sino que, en paralelo, se reencontr\u00f3 a s\u00ed mismo a trav\u00e9s de la m\u00fasica de sus ancestros y sus ra\u00edces\u201d.<\/p>\n\n\n\n<p>Para el hoy licenciado, la m\u00e1scara del Aya Huma que llev\u00f3 es su esp\u00edritu gu\u00eda en la cosmovisi\u00f3n andina y m\u00e1s que un signo tiene que ver con un estilo de vida, con el reencuentro con las ra\u00edces y la espiritualidad. \u201cY le agradezco a la UArtes por ese reencuentro que me permiti\u00f3 tener conmigo mismo y con la m\u00fasica de mis ancestros\u201d.<\/p>\n\n\n\n<h3 class=\"wp-block-heading\">Ejercicios esc\u00e9nicos, Rondalla UArtes y Ensamble Coral <\/h3>\n\n\n<div class=\"wp-block-image\">\n<figure class=\"aligncenter size-large is-resized\"><img decoding=\"async\" width=\"644\" height=\"429\" src=\"https:\/\/www.uartes.edu.ec\/sitio\/wp-content\/uploads\/2024\/12\/02-SESION-MATUTINA-HIMNO-NACIONAL-644x429.jpg\" alt=\"\" class=\"wp-image-66680\" style=\"width:644px;height:auto\" srcset=\"https:\/\/www.uartes.edu.ec\/sitio\/wp-content\/uploads\/2024\/12\/02-SESION-MATUTINA-HIMNO-NACIONAL-644x429.jpg 644w, https:\/\/www.uartes.edu.ec\/sitio\/wp-content\/uploads\/2024\/12\/02-SESION-MATUTINA-HIMNO-NACIONAL-300x200.jpg 300w, https:\/\/www.uartes.edu.ec\/sitio\/wp-content\/uploads\/2024\/12\/02-SESION-MATUTINA-HIMNO-NACIONAL-768x512.jpg 768w, https:\/\/www.uartes.edu.ec\/sitio\/wp-content\/uploads\/2024\/12\/02-SESION-MATUTINA-HIMNO-NACIONAL-1536x1024.jpg 1536w, https:\/\/www.uartes.edu.ec\/sitio\/wp-content\/uploads\/2024\/12\/02-SESION-MATUTINA-HIMNO-NACIONAL-18x12.jpg 18w, https:\/\/www.uartes.edu.ec\/sitio\/wp-content\/uploads\/2024\/12\/02-SESION-MATUTINA-HIMNO-NACIONAL-600x400.jpg 600w, https:\/\/www.uartes.edu.ec\/sitio\/wp-content\/uploads\/2024\/12\/02-SESION-MATUTINA-HIMNO-NACIONAL-400x267.jpg 400w, https:\/\/www.uartes.edu.ec\/sitio\/wp-content\/uploads\/2024\/12\/02-SESION-MATUTINA-HIMNO-NACIONAL-272x182.jpg 272w, https:\/\/www.uartes.edu.ec\/sitio\/wp-content\/uploads\/2024\/12\/02-SESION-MATUTINA-HIMNO-NACIONAL.jpg 2000w\" sizes=\"(max-width: 644px) 100vw, 644px\" \/><\/figure>\n<\/div>\n\n\n<p><\/p>\n\n\n<div class=\"wp-block-image\">\n<figure class=\"aligncenter size-large\"><img decoding=\"async\" width=\"644\" height=\"429\" src=\"https:\/\/www.uartes.edu.ec\/sitio\/wp-content\/uploads\/2024\/12\/03-SESION-MATUTINA-INTERVENCION-EAS-644x429.jpg\" alt=\"\" class=\"wp-image-66681\" srcset=\"https:\/\/www.uartes.edu.ec\/sitio\/wp-content\/uploads\/2024\/12\/03-SESION-MATUTINA-INTERVENCION-EAS-644x429.jpg 644w, https:\/\/www.uartes.edu.ec\/sitio\/wp-content\/uploads\/2024\/12\/03-SESION-MATUTINA-INTERVENCION-EAS-300x200.jpg 300w, https:\/\/www.uartes.edu.ec\/sitio\/wp-content\/uploads\/2024\/12\/03-SESION-MATUTINA-INTERVENCION-EAS-768x512.jpg 768w, https:\/\/www.uartes.edu.ec\/sitio\/wp-content\/uploads\/2024\/12\/03-SESION-MATUTINA-INTERVENCION-EAS-1536x1024.jpg 1536w, https:\/\/www.uartes.edu.ec\/sitio\/wp-content\/uploads\/2024\/12\/03-SESION-MATUTINA-INTERVENCION-EAS-18x12.jpg 18w, https:\/\/www.uartes.edu.ec\/sitio\/wp-content\/uploads\/2024\/12\/03-SESION-MATUTINA-INTERVENCION-EAS-600x400.jpg 600w, https:\/\/www.uartes.edu.ec\/sitio\/wp-content\/uploads\/2024\/12\/03-SESION-MATUTINA-INTERVENCION-EAS-400x267.jpg 400w, https:\/\/www.uartes.edu.ec\/sitio\/wp-content\/uploads\/2024\/12\/03-SESION-MATUTINA-INTERVENCION-EAS-272x182.jpg 272w, https:\/\/www.uartes.edu.ec\/sitio\/wp-content\/uploads\/2024\/12\/03-SESION-MATUTINA-INTERVENCION-EAS.jpg 2000w\" sizes=\"(max-width: 644px) 100vw, 644px\" \/><\/figure>\n<\/div>\n\n\n<p>Tanto en la primera como en la segunda ceremonia de graduaci\u00f3n tuvieron destacada intervenci\u00f3n la Rondalla UArtes y el Ensamble Coral. La primera, dirigida por el docente Omar Dom\u00edngez, quien acompa\u00f1\u00f3 en el piano a los estudiantes en el piano a los alumnos Adolfo Rodr\u00edguez, Carlos V\u00e1sconez y Hadassah Clavijo en las interpretaciones de los himnos Nacional del Ecuador y de Guayaquil. La segunda agrupaci\u00f3n la dirigi\u00f3 el tambi\u00e9n profesor de la Escuela de Artes Sonoras Enrique Silva Gil, quien revel\u00f3 era la primera vez que sus integrantes ten\u00edan la oportunidad de presentarse en un acto tan importante. <\/p>\n\n\n\n<p>\u201cPara los chicos es emocionante. Son alrededor de 40 alumnos quienes los integran, aunque, a diferencia de un coro, el grupo va variando en cada semestre\u201d, cont\u00f3 el director y agreg\u00f3 que el tema \u201cYambo\u201d que interpretaron en la primera ceremonia es uno de los que trabajaron durante el semestre y consta en el repertorio del Ensamble Coral. &#8220;La experiencia de estas presentaciones aporta a su desarrollo como miembros de una agrupaci\u00f3n y\/o ensamble coral&#8221;, concluy\u00f3 Silva.<\/p>\n\n\n\n<p>En la segunda ceremonia de graduaci\u00f3n, en que la UArtes titul\u00f3 a los egresados en Artes Esc\u00e9nicas, Cine y Artes Visuales, hubo dos ejercicios esc\u00e9nicos. En el primero intervinieron Ronal Medina, quien cursa el quinto semestre de la carrera de Danza, y Kevin Mera, que igualmente est\u00e1 en quinto, pero de Creaci\u00f3n Teatral. En el segundo ejercicio participaron Kiara Hidalgo, Francisco Herrera y Michelle C\u00e1rdenas, todos de quinto semestre de Danza.<\/p>\n\n\n<div class=\"wp-block-image\">\n<figure class=\"aligncenter size-large\"><img loading=\"lazy\" decoding=\"async\" width=\"644\" height=\"429\" src=\"https:\/\/www.uartes.edu.ec\/sitio\/wp-content\/uploads\/2024\/12\/28-SESION-TARDE-GRADUACION-2024-644x429.jpg\" alt=\"\" class=\"wp-image-66682\" srcset=\"https:\/\/www.uartes.edu.ec\/sitio\/wp-content\/uploads\/2024\/12\/28-SESION-TARDE-GRADUACION-2024-644x429.jpg 644w, https:\/\/www.uartes.edu.ec\/sitio\/wp-content\/uploads\/2024\/12\/28-SESION-TARDE-GRADUACION-2024-300x200.jpg 300w, https:\/\/www.uartes.edu.ec\/sitio\/wp-content\/uploads\/2024\/12\/28-SESION-TARDE-GRADUACION-2024-768x512.jpg 768w, https:\/\/www.uartes.edu.ec\/sitio\/wp-content\/uploads\/2024\/12\/28-SESION-TARDE-GRADUACION-2024-1536x1024.jpg 1536w, https:\/\/www.uartes.edu.ec\/sitio\/wp-content\/uploads\/2024\/12\/28-SESION-TARDE-GRADUACION-2024-18x12.jpg 18w, https:\/\/www.uartes.edu.ec\/sitio\/wp-content\/uploads\/2024\/12\/28-SESION-TARDE-GRADUACION-2024-600x400.jpg 600w, https:\/\/www.uartes.edu.ec\/sitio\/wp-content\/uploads\/2024\/12\/28-SESION-TARDE-GRADUACION-2024-400x267.jpg 400w, https:\/\/www.uartes.edu.ec\/sitio\/wp-content\/uploads\/2024\/12\/28-SESION-TARDE-GRADUACION-2024-272x182.jpg 272w, https:\/\/www.uartes.edu.ec\/sitio\/wp-content\/uploads\/2024\/12\/28-SESION-TARDE-GRADUACION-2024.jpg 2000w\" sizes=\"(max-width: 644px) 100vw, 644px\" \/><\/figure>\n<\/div>\n\n<div class=\"wp-block-image\">\n<figure class=\"aligncenter size-large\"><img loading=\"lazy\" decoding=\"async\" width=\"644\" height=\"429\" src=\"https:\/\/www.uartes.edu.ec\/sitio\/wp-content\/uploads\/2024\/12\/23-SESION-TARDE-GRADUACION-2024-644x429.jpg\" alt=\"\" class=\"wp-image-66683\" srcset=\"https:\/\/www.uartes.edu.ec\/sitio\/wp-content\/uploads\/2024\/12\/23-SESION-TARDE-GRADUACION-2024-644x429.jpg 644w, https:\/\/www.uartes.edu.ec\/sitio\/wp-content\/uploads\/2024\/12\/23-SESION-TARDE-GRADUACION-2024-300x200.jpg 300w, https:\/\/www.uartes.edu.ec\/sitio\/wp-content\/uploads\/2024\/12\/23-SESION-TARDE-GRADUACION-2024-768x512.jpg 768w, https:\/\/www.uartes.edu.ec\/sitio\/wp-content\/uploads\/2024\/12\/23-SESION-TARDE-GRADUACION-2024-1536x1024.jpg 1536w, https:\/\/www.uartes.edu.ec\/sitio\/wp-content\/uploads\/2024\/12\/23-SESION-TARDE-GRADUACION-2024-18x12.jpg 18w, https:\/\/www.uartes.edu.ec\/sitio\/wp-content\/uploads\/2024\/12\/23-SESION-TARDE-GRADUACION-2024-600x400.jpg 600w, https:\/\/www.uartes.edu.ec\/sitio\/wp-content\/uploads\/2024\/12\/23-SESION-TARDE-GRADUACION-2024-400x267.jpg 400w, https:\/\/www.uartes.edu.ec\/sitio\/wp-content\/uploads\/2024\/12\/23-SESION-TARDE-GRADUACION-2024-272x182.jpg 272w, https:\/\/www.uartes.edu.ec\/sitio\/wp-content\/uploads\/2024\/12\/23-SESION-TARDE-GRADUACION-2024.jpg 2000w\" sizes=\"(max-width: 644px) 100vw, 644px\" \/><\/figure>\n<\/div>","protected":false},"excerpt":{"rendered":"<p>En la primera ceremonia, la UArtes gradu\u00f3 a los hoy licenciados en las carreras de Artes Sonoras y Literatura, y de entre los graduados Luis Bautista Ullauri llam\u00f3 la atenci\u00f3n de sus hoy colegas en Artes Musicales y p\u00fablico en general por llevar la m\u00e1scara del Aya Huma, personaje principal de la fiesta andina del Inti Raymi. Igual atenci\u00f3n tuvieron por sus desempe\u00f1os la Rondalla y el Ensamble Coral, as\u00ed como los ejercicios esc\u00e9nicos de estudiantes de Danza y Creaci\u00f3n Teatral. <\/p>\n","protected":false},"author":10,"featured_media":66678,"comment_status":"open","ping_status":"open","sticky":false,"template":"","format":"standard","meta":{"_acf_changed":false,"_uag_custom_page_level_css":"","_monsterinsights_skip_tracking":false,"_monsterinsights_sitenote_active":false,"_monsterinsights_sitenote_note":"","_monsterinsights_sitenote_category":0,"cybocfi_hide_featured_image":"","footnotes":""},"categories":[80,82,159,157,147,75,76,83],"tags":[1303],"infouartes":[1288],"class_list":["post-66677","post","type-post","status-publish","format-standard","has-post-thumbnail","hentry","category-academico","category-artes","category-artes-escenicas","category-artes-visuales","category-cine","category-docentes","category-estudiantes","category-sedes","tag-graduaciones","infouartes-produccion-artistica"],"acf":[],"yoast_head":"<!-- This site is optimized with the Yoast SEO plugin v27.4 - https:\/\/yoast.com\/product\/yoast-seo-wordpress\/ -->\n<title>Universidad de las Artes - Aya Huma, Rondalla, Ensamble Coral y ejercicios esc\u00e9nicos en las graduaciones<\/title>\n<meta name=\"description\" content=\"Universidad de las Artes - Aya Huma, Rondalla, Ensamble Coral y ejercicios esc\u00e9nicos en las graduaciones\" \/>\n<meta name=\"robots\" content=\"index, follow, max-snippet:-1, max-image-preview:large, max-video-preview:-1\" \/>\n<link rel=\"canonical\" href=\"https:\/\/www.uartes.edu.ec\/sitio\/blog\/2024\/12\/17\/aya-huma-rondalla-uartes-ensamble-coral-y-ejercicios-escenicos-en-ceremonias-de-graduacion\/\" \/>\n<meta property=\"og:locale\" content=\"es_ES\" \/>\n<meta property=\"og:type\" content=\"article\" \/>\n<meta property=\"og:title\" content=\"Universidad de las Artes - Aya Huma, Rondalla, Ensamble Coral y ejercicios esc\u00e9nicos en las graduaciones\" \/>\n<meta property=\"og:description\" content=\"Universidad de las Artes - Aya Huma, Rondalla, Ensamble Coral y ejercicios esc\u00e9nicos en las graduaciones\" \/>\n<meta property=\"og:url\" content=\"https:\/\/www.uartes.edu.ec\/sitio\/blog\/2024\/12\/17\/aya-huma-rondalla-uartes-ensamble-coral-y-ejercicios-escenicos-en-ceremonias-de-graduacion\/\" \/>\n<meta property=\"og:site_name\" content=\"Universidad de las Artes\" \/>\n<meta property=\"article:publisher\" content=\"https:\/\/www.facebook.com\/uartesec\" \/>\n<meta property=\"article:published_time\" content=\"2024-12-17T20:33:00+00:00\" \/>\n<meta property=\"article:modified_time\" content=\"2024-12-19T15:22:42+00:00\" \/>\n<meta property=\"og:image\" content=\"https:\/\/www.uartes.edu.ec\/sitio\/wp-content\/uploads\/2024\/12\/09-GRADUACION-2024.jpg\" \/>\n\t<meta property=\"og:image:width\" content=\"2000\" \/>\n\t<meta property=\"og:image:height\" content=\"1333\" \/>\n\t<meta property=\"og:image:type\" content=\"image\/jpeg\" \/>\n<meta name=\"author\" content=\"ccortez\" \/>\n<meta name=\"twitter:card\" content=\"summary_large_image\" \/>\n<meta name=\"twitter:creator\" content=\"@uartesec\" \/>\n<meta name=\"twitter:site\" content=\"@uartesec\" \/>\n<meta name=\"twitter:label1\" content=\"Escrito por\" \/>\n\t<meta name=\"twitter:data1\" content=\"ccortez\" \/>\n\t<meta name=\"twitter:label2\" content=\"Tiempo de lectura\" \/>\n\t<meta name=\"twitter:data2\" content=\"4 minutos\" \/>\n<script type=\"application\/ld+json\" class=\"yoast-schema-graph\">{\"@context\":\"https:\\\/\\\/schema.org\",\"@graph\":[{\"@type\":\"Article\",\"@id\":\"https:\\\/\\\/www.uartes.edu.ec\\\/sitio\\\/blog\\\/2024\\\/12\\\/17\\\/aya-huma-rondalla-uartes-ensamble-coral-y-ejercicios-escenicos-en-ceremonias-de-graduacion\\\/#article\",\"isPartOf\":{\"@id\":\"https:\\\/\\\/www.uartes.edu.ec\\\/sitio\\\/blog\\\/2024\\\/12\\\/17\\\/aya-huma-rondalla-uartes-ensamble-coral-y-ejercicios-escenicos-en-ceremonias-de-graduacion\\\/\"},\"author\":{\"name\":\"ccortez\",\"@id\":\"https:\\\/\\\/www.uartes.edu.ec\\\/sitio\\\/#\\\/schema\\\/person\\\/efa1b8275797664fd7f13a79ccc0b1f4\"},\"headline\":\"Aya Huma, Rondalla, Ensamble Coral y ejercicios esc\u00e9nicos en las graduaciones\",\"datePublished\":\"2024-12-17T20:33:00+00:00\",\"dateModified\":\"2024-12-19T15:22:42+00:00\",\"mainEntityOfPage\":{\"@id\":\"https:\\\/\\\/www.uartes.edu.ec\\\/sitio\\\/blog\\\/2024\\\/12\\\/17\\\/aya-huma-rondalla-uartes-ensamble-coral-y-ejercicios-escenicos-en-ceremonias-de-graduacion\\\/\"},\"wordCount\":605,\"commentCount\":0,\"publisher\":{\"@id\":\"https:\\\/\\\/www.uartes.edu.ec\\\/sitio\\\/#organization\"},\"image\":{\"@id\":\"https:\\\/\\\/www.uartes.edu.ec\\\/sitio\\\/blog\\\/2024\\\/12\\\/17\\\/aya-huma-rondalla-uartes-ensamble-coral-y-ejercicios-escenicos-en-ceremonias-de-graduacion\\\/#primaryimage\"},\"thumbnailUrl\":\"https:\\\/\\\/www.uartes.edu.ec\\\/sitio\\\/wp-content\\\/uploads\\\/2024\\\/12\\\/09-GRADUACION-2024.jpg\",\"keywords\":[\"graduaci\u00f3nes\"],\"articleSection\":[\"Acad\u00e9mico\",\"Artes\",\"Artes Esc\u00e9nicas\",\"Artes Visuales\",\"Cine\",\"Docentes\",\"Estudiantes\",\"Sedes\"],\"inLanguage\":\"es\",\"potentialAction\":[{\"@type\":\"CommentAction\",\"name\":\"Comment\",\"target\":[\"https:\\\/\\\/www.uartes.edu.ec\\\/sitio\\\/blog\\\/2024\\\/12\\\/17\\\/aya-huma-rondalla-uartes-ensamble-coral-y-ejercicios-escenicos-en-ceremonias-de-graduacion\\\/#respond\"]}]},{\"@type\":[\"WebPage\",\"ItemPage\"],\"@id\":\"https:\\\/\\\/www.uartes.edu.ec\\\/sitio\\\/blog\\\/2024\\\/12\\\/17\\\/aya-huma-rondalla-uartes-ensamble-coral-y-ejercicios-escenicos-en-ceremonias-de-graduacion\\\/\",\"url\":\"https:\\\/\\\/www.uartes.edu.ec\\\/sitio\\\/blog\\\/2024\\\/12\\\/17\\\/aya-huma-rondalla-uartes-ensamble-coral-y-ejercicios-escenicos-en-ceremonias-de-graduacion\\\/\",\"name\":\"Universidad de las Artes - Aya Huma, Rondalla, Ensamble Coral y ejercicios esc\u00e9nicos en las graduaciones\",\"isPartOf\":{\"@id\":\"https:\\\/\\\/www.uartes.edu.ec\\\/sitio\\\/#website\"},\"primaryImageOfPage\":{\"@id\":\"https:\\\/\\\/www.uartes.edu.ec\\\/sitio\\\/blog\\\/2024\\\/12\\\/17\\\/aya-huma-rondalla-uartes-ensamble-coral-y-ejercicios-escenicos-en-ceremonias-de-graduacion\\\/#primaryimage\"},\"image\":{\"@id\":\"https:\\\/\\\/www.uartes.edu.ec\\\/sitio\\\/blog\\\/2024\\\/12\\\/17\\\/aya-huma-rondalla-uartes-ensamble-coral-y-ejercicios-escenicos-en-ceremonias-de-graduacion\\\/#primaryimage\"},\"thumbnailUrl\":\"https:\\\/\\\/www.uartes.edu.ec\\\/sitio\\\/wp-content\\\/uploads\\\/2024\\\/12\\\/09-GRADUACION-2024.jpg\",\"datePublished\":\"2024-12-17T20:33:00+00:00\",\"dateModified\":\"2024-12-19T15:22:42+00:00\",\"description\":\"Universidad de las Artes - Aya Huma, Rondalla, Ensamble Coral y ejercicios esc\u00e9nicos en las graduaciones\",\"breadcrumb\":{\"@id\":\"https:\\\/\\\/www.uartes.edu.ec\\\/sitio\\\/blog\\\/2024\\\/12\\\/17\\\/aya-huma-rondalla-uartes-ensamble-coral-y-ejercicios-escenicos-en-ceremonias-de-graduacion\\\/#breadcrumb\"},\"inLanguage\":\"es\",\"potentialAction\":[{\"@type\":\"ReadAction\",\"target\":[\"https:\\\/\\\/www.uartes.edu.ec\\\/sitio\\\/blog\\\/2024\\\/12\\\/17\\\/aya-huma-rondalla-uartes-ensamble-coral-y-ejercicios-escenicos-en-ceremonias-de-graduacion\\\/\"]}]},{\"@type\":\"ImageObject\",\"inLanguage\":\"es\",\"@id\":\"https:\\\/\\\/www.uartes.edu.ec\\\/sitio\\\/blog\\\/2024\\\/12\\\/17\\\/aya-huma-rondalla-uartes-ensamble-coral-y-ejercicios-escenicos-en-ceremonias-de-graduacion\\\/#primaryimage\",\"url\":\"https:\\\/\\\/www.uartes.edu.ec\\\/sitio\\\/wp-content\\\/uploads\\\/2024\\\/12\\\/09-GRADUACION-2024.jpg\",\"contentUrl\":\"https:\\\/\\\/www.uartes.edu.ec\\\/sitio\\\/wp-content\\\/uploads\\\/2024\\\/12\\\/09-GRADUACION-2024.jpg\",\"width\":2000,\"height\":1333},{\"@type\":\"BreadcrumbList\",\"@id\":\"https:\\\/\\\/www.uartes.edu.ec\\\/sitio\\\/blog\\\/2024\\\/12\\\/17\\\/aya-huma-rondalla-uartes-ensamble-coral-y-ejercicios-escenicos-en-ceremonias-de-graduacion\\\/#breadcrumb\",\"itemListElement\":[{\"@type\":\"ListItem\",\"position\":1,\"name\":\"Inicio\",\"item\":\"https:\\\/\\\/www.uartes.edu.ec\\\/sitio\\\/\"},{\"@type\":\"ListItem\",\"position\":2,\"name\":\"Aya Huma, Rondalla, Ensamble Coral y ejercicios esc\u00e9nicos en las graduaciones\"}]},{\"@type\":\"WebSite\",\"@id\":\"https:\\\/\\\/www.uartes.edu.ec\\\/sitio\\\/#website\",\"url\":\"https:\\\/\\\/www.uartes.edu.ec\\\/sitio\\\/\",\"name\":\"Universidad de las Artes\",\"description\":\"Sitio oficial de la Universidad Nacional de las Artes del Ecuador\",\"publisher\":{\"@id\":\"https:\\\/\\\/www.uartes.edu.ec\\\/sitio\\\/#organization\"},\"potentialAction\":[{\"@type\":\"SearchAction\",\"target\":{\"@type\":\"EntryPoint\",\"urlTemplate\":\"https:\\\/\\\/www.uartes.edu.ec\\\/sitio\\\/?s={search_term_string}\"},\"query-input\":{\"@type\":\"PropertyValueSpecification\",\"valueRequired\":true,\"valueName\":\"search_term_string\"}}],\"inLanguage\":\"es\"},{\"@type\":\"Organization\",\"@id\":\"https:\\\/\\\/www.uartes.edu.ec\\\/sitio\\\/#organization\",\"name\":\"Universidad de las Artes\",\"url\":\"https:\\\/\\\/www.uartes.edu.ec\\\/sitio\\\/\",\"logo\":{\"@type\":\"ImageObject\",\"inLanguage\":\"es\",\"@id\":\"https:\\\/\\\/www.uartes.edu.ec\\\/sitio\\\/#\\\/schema\\\/logo\\\/image\\\/\",\"url\":\"https:\\\/\\\/www.uartes.edu.ec\\\/sitio\\\/wp-content\\\/uploads\\\/2022\\\/07\\\/logo-ua-horizontal.png\",\"contentUrl\":\"https:\\\/\\\/www.uartes.edu.ec\\\/sitio\\\/wp-content\\\/uploads\\\/2022\\\/07\\\/logo-ua-horizontal.png\",\"width\":800,\"height\":276,\"caption\":\"Universidad de las Artes\"},\"image\":{\"@id\":\"https:\\\/\\\/www.uartes.edu.ec\\\/sitio\\\/#\\\/schema\\\/logo\\\/image\\\/\"},\"sameAs\":[\"https:\\\/\\\/www.facebook.com\\\/uartesec\",\"https:\\\/\\\/x.com\\\/uartesec\",\"https:\\\/\\\/www.tiktok.com\\\/@uartesec\"]},{\"@type\":\"Person\",\"@id\":\"https:\\\/\\\/www.uartes.edu.ec\\\/sitio\\\/#\\\/schema\\\/person\\\/efa1b8275797664fd7f13a79ccc0b1f4\",\"name\":\"ccortez\",\"image\":{\"@type\":\"ImageObject\",\"inLanguage\":\"es\",\"@id\":\"https:\\\/\\\/secure.gravatar.com\\\/avatar\\\/b2a6f664a3ae8e074346ef91775736c5ec479e637ecced6842de9dc98b5da9cd?s=96&d=mm&r=g\",\"url\":\"https:\\\/\\\/secure.gravatar.com\\\/avatar\\\/b2a6f664a3ae8e074346ef91775736c5ec479e637ecced6842de9dc98b5da9cd?s=96&d=mm&r=g\",\"contentUrl\":\"https:\\\/\\\/secure.gravatar.com\\\/avatar\\\/b2a6f664a3ae8e074346ef91775736c5ec479e637ecced6842de9dc98b5da9cd?s=96&d=mm&r=g\",\"caption\":\"ccortez\"},\"url\":\"https:\\\/\\\/www.uartes.edu.ec\\\/sitio\\\/blog\\\/author\\\/ccortez\\\/\"}]}<\/script>\n<!-- \/ Yoast SEO plugin. -->","yoast_head_json":{"title":"Universidad de las Artes - Aya Huma, Rondalla, Ensamble Coral y ejercicios esc\u00e9nicos en las graduaciones","description":"Universidad de las Artes - Aya Huma, Rondalla, Ensamble Coral y ejercicios esc\u00e9nicos en las graduaciones","robots":{"index":"index","follow":"follow","max-snippet":"max-snippet:-1","max-image-preview":"max-image-preview:large","max-video-preview":"max-video-preview:-1"},"canonical":"https:\/\/www.uartes.edu.ec\/sitio\/blog\/2024\/12\/17\/aya-huma-rondalla-uartes-ensamble-coral-y-ejercicios-escenicos-en-ceremonias-de-graduacion\/","og_locale":"es_ES","og_type":"article","og_title":"Universidad de las Artes - Aya Huma, Rondalla, Ensamble Coral y ejercicios esc\u00e9nicos en las graduaciones","og_description":"Universidad de las Artes - Aya Huma, Rondalla, Ensamble Coral y ejercicios esc\u00e9nicos en las graduaciones","og_url":"https:\/\/www.uartes.edu.ec\/sitio\/blog\/2024\/12\/17\/aya-huma-rondalla-uartes-ensamble-coral-y-ejercicios-escenicos-en-ceremonias-de-graduacion\/","og_site_name":"Universidad de las Artes","article_publisher":"https:\/\/www.facebook.com\/uartesec","article_published_time":"2024-12-17T20:33:00+00:00","article_modified_time":"2024-12-19T15:22:42+00:00","og_image":[{"width":2000,"height":1333,"url":"https:\/\/www.uartes.edu.ec\/sitio\/wp-content\/uploads\/2024\/12\/09-GRADUACION-2024.jpg","type":"image\/jpeg"}],"author":"ccortez","twitter_card":"summary_large_image","twitter_creator":"@uartesec","twitter_site":"@uartesec","twitter_misc":{"Escrito por":"ccortez","Tiempo de lectura":"4 minutos"},"schema":{"@context":"https:\/\/schema.org","@graph":[{"@type":"Article","@id":"https:\/\/www.uartes.edu.ec\/sitio\/blog\/2024\/12\/17\/aya-huma-rondalla-uartes-ensamble-coral-y-ejercicios-escenicos-en-ceremonias-de-graduacion\/#article","isPartOf":{"@id":"https:\/\/www.uartes.edu.ec\/sitio\/blog\/2024\/12\/17\/aya-huma-rondalla-uartes-ensamble-coral-y-ejercicios-escenicos-en-ceremonias-de-graduacion\/"},"author":{"name":"ccortez","@id":"https:\/\/www.uartes.edu.ec\/sitio\/#\/schema\/person\/efa1b8275797664fd7f13a79ccc0b1f4"},"headline":"Aya Huma, Rondalla, Ensamble Coral y ejercicios esc\u00e9nicos en las graduaciones","datePublished":"2024-12-17T20:33:00+00:00","dateModified":"2024-12-19T15:22:42+00:00","mainEntityOfPage":{"@id":"https:\/\/www.uartes.edu.ec\/sitio\/blog\/2024\/12\/17\/aya-huma-rondalla-uartes-ensamble-coral-y-ejercicios-escenicos-en-ceremonias-de-graduacion\/"},"wordCount":605,"commentCount":0,"publisher":{"@id":"https:\/\/www.uartes.edu.ec\/sitio\/#organization"},"image":{"@id":"https:\/\/www.uartes.edu.ec\/sitio\/blog\/2024\/12\/17\/aya-huma-rondalla-uartes-ensamble-coral-y-ejercicios-escenicos-en-ceremonias-de-graduacion\/#primaryimage"},"thumbnailUrl":"https:\/\/www.uartes.edu.ec\/sitio\/wp-content\/uploads\/2024\/12\/09-GRADUACION-2024.jpg","keywords":["graduaci\u00f3nes"],"articleSection":["Acad\u00e9mico","Artes","Artes Esc\u00e9nicas","Artes Visuales","Cine","Docentes","Estudiantes","Sedes"],"inLanguage":"es","potentialAction":[{"@type":"CommentAction","name":"Comment","target":["https:\/\/www.uartes.edu.ec\/sitio\/blog\/2024\/12\/17\/aya-huma-rondalla-uartes-ensamble-coral-y-ejercicios-escenicos-en-ceremonias-de-graduacion\/#respond"]}]},{"@type":["WebPage","ItemPage"],"@id":"https:\/\/www.uartes.edu.ec\/sitio\/blog\/2024\/12\/17\/aya-huma-rondalla-uartes-ensamble-coral-y-ejercicios-escenicos-en-ceremonias-de-graduacion\/","url":"https:\/\/www.uartes.edu.ec\/sitio\/blog\/2024\/12\/17\/aya-huma-rondalla-uartes-ensamble-coral-y-ejercicios-escenicos-en-ceremonias-de-graduacion\/","name":"Universidad de las Artes - Aya Huma, Rondalla, Ensamble Coral y ejercicios esc\u00e9nicos en las graduaciones","isPartOf":{"@id":"https:\/\/www.uartes.edu.ec\/sitio\/#website"},"primaryImageOfPage":{"@id":"https:\/\/www.uartes.edu.ec\/sitio\/blog\/2024\/12\/17\/aya-huma-rondalla-uartes-ensamble-coral-y-ejercicios-escenicos-en-ceremonias-de-graduacion\/#primaryimage"},"image":{"@id":"https:\/\/www.uartes.edu.ec\/sitio\/blog\/2024\/12\/17\/aya-huma-rondalla-uartes-ensamble-coral-y-ejercicios-escenicos-en-ceremonias-de-graduacion\/#primaryimage"},"thumbnailUrl":"https:\/\/www.uartes.edu.ec\/sitio\/wp-content\/uploads\/2024\/12\/09-GRADUACION-2024.jpg","datePublished":"2024-12-17T20:33:00+00:00","dateModified":"2024-12-19T15:22:42+00:00","description":"Universidad de las Artes - Aya Huma, Rondalla, Ensamble Coral y ejercicios esc\u00e9nicos en las graduaciones","breadcrumb":{"@id":"https:\/\/www.uartes.edu.ec\/sitio\/blog\/2024\/12\/17\/aya-huma-rondalla-uartes-ensamble-coral-y-ejercicios-escenicos-en-ceremonias-de-graduacion\/#breadcrumb"},"inLanguage":"es","potentialAction":[{"@type":"ReadAction","target":["https:\/\/www.uartes.edu.ec\/sitio\/blog\/2024\/12\/17\/aya-huma-rondalla-uartes-ensamble-coral-y-ejercicios-escenicos-en-ceremonias-de-graduacion\/"]}]},{"@type":"ImageObject","inLanguage":"es","@id":"https:\/\/www.uartes.edu.ec\/sitio\/blog\/2024\/12\/17\/aya-huma-rondalla-uartes-ensamble-coral-y-ejercicios-escenicos-en-ceremonias-de-graduacion\/#primaryimage","url":"https:\/\/www.uartes.edu.ec\/sitio\/wp-content\/uploads\/2024\/12\/09-GRADUACION-2024.jpg","contentUrl":"https:\/\/www.uartes.edu.ec\/sitio\/wp-content\/uploads\/2024\/12\/09-GRADUACION-2024.jpg","width":2000,"height":1333},{"@type":"BreadcrumbList","@id":"https:\/\/www.uartes.edu.ec\/sitio\/blog\/2024\/12\/17\/aya-huma-rondalla-uartes-ensamble-coral-y-ejercicios-escenicos-en-ceremonias-de-graduacion\/#breadcrumb","itemListElement":[{"@type":"ListItem","position":1,"name":"Inicio","item":"https:\/\/www.uartes.edu.ec\/sitio\/"},{"@type":"ListItem","position":2,"name":"Aya Huma, Rondalla, Ensamble Coral y ejercicios esc\u00e9nicos en las graduaciones"}]},{"@type":"WebSite","@id":"https:\/\/www.uartes.edu.ec\/sitio\/#website","url":"https:\/\/www.uartes.edu.ec\/sitio\/","name":"Universidad de las Artes","description":"Sitio oficial de la Universidad Nacional de las Artes del Ecuador","publisher":{"@id":"https:\/\/www.uartes.edu.ec\/sitio\/#organization"},"potentialAction":[{"@type":"SearchAction","target":{"@type":"EntryPoint","urlTemplate":"https:\/\/www.uartes.edu.ec\/sitio\/?s={search_term_string}"},"query-input":{"@type":"PropertyValueSpecification","valueRequired":true,"valueName":"search_term_string"}}],"inLanguage":"es"},{"@type":"Organization","@id":"https:\/\/www.uartes.edu.ec\/sitio\/#organization","name":"Universidad de las Artes","url":"https:\/\/www.uartes.edu.ec\/sitio\/","logo":{"@type":"ImageObject","inLanguage":"es","@id":"https:\/\/www.uartes.edu.ec\/sitio\/#\/schema\/logo\/image\/","url":"https:\/\/www.uartes.edu.ec\/sitio\/wp-content\/uploads\/2022\/07\/logo-ua-horizontal.png","contentUrl":"https:\/\/www.uartes.edu.ec\/sitio\/wp-content\/uploads\/2022\/07\/logo-ua-horizontal.png","width":800,"height":276,"caption":"Universidad de las Artes"},"image":{"@id":"https:\/\/www.uartes.edu.ec\/sitio\/#\/schema\/logo\/image\/"},"sameAs":["https:\/\/www.facebook.com\/uartesec","https:\/\/x.com\/uartesec","https:\/\/www.tiktok.com\/@uartesec"]},{"@type":"Person","@id":"https:\/\/www.uartes.edu.ec\/sitio\/#\/schema\/person\/efa1b8275797664fd7f13a79ccc0b1f4","name":"ccortez","image":{"@type":"ImageObject","inLanguage":"es","@id":"https:\/\/secure.gravatar.com\/avatar\/b2a6f664a3ae8e074346ef91775736c5ec479e637ecced6842de9dc98b5da9cd?s=96&d=mm&r=g","url":"https:\/\/secure.gravatar.com\/avatar\/b2a6f664a3ae8e074346ef91775736c5ec479e637ecced6842de9dc98b5da9cd?s=96&d=mm&r=g","contentUrl":"https:\/\/secure.gravatar.com\/avatar\/b2a6f664a3ae8e074346ef91775736c5ec479e637ecced6842de9dc98b5da9cd?s=96&d=mm&r=g","caption":"ccortez"},"url":"https:\/\/www.uartes.edu.ec\/sitio\/blog\/author\/ccortez\/"}]}},"uagb_featured_image_src":{"full":["https:\/\/www.uartes.edu.ec\/sitio\/wp-content\/uploads\/2024\/12\/09-GRADUACION-2024.jpg",2000,1333,false],"thumbnail":["https:\/\/www.uartes.edu.ec\/sitio\/wp-content\/uploads\/2024\/12\/09-GRADUACION-2024-150x150.jpg",150,150,true],"medium":["https:\/\/www.uartes.edu.ec\/sitio\/wp-content\/uploads\/2024\/12\/09-GRADUACION-2024-300x200.jpg",300,200,true],"medium_large":["https:\/\/www.uartes.edu.ec\/sitio\/wp-content\/uploads\/2024\/12\/09-GRADUACION-2024-768x512.jpg",768,512,true],"large":["https:\/\/www.uartes.edu.ec\/sitio\/wp-content\/uploads\/2024\/12\/09-GRADUACION-2024-644x429.jpg",644,429,true],"1536x1536":["https:\/\/www.uartes.edu.ec\/sitio\/wp-content\/uploads\/2024\/12\/09-GRADUACION-2024-1536x1024.jpg",1536,1024,true],"2048x2048":["https:\/\/www.uartes.edu.ec\/sitio\/wp-content\/uploads\/2024\/12\/09-GRADUACION-2024.jpg",2000,1333,false],"trp-custom-language-flag":["https:\/\/www.uartes.edu.ec\/sitio\/wp-content\/uploads\/2024\/12\/09-GRADUACION-2024-18x12.jpg",18,12,true],"htmega_size_585x295":["https:\/\/www.uartes.edu.ec\/sitio\/wp-content\/uploads\/2024\/12\/09-GRADUACION-2024-585x295.jpg",585,295,true],"htmega_size_1170x536":["https:\/\/www.uartes.edu.ec\/sitio\/wp-content\/uploads\/2024\/12\/09-GRADUACION-2024-1170x536.jpg",1170,536,true],"htmega_size_396x360":["https:\/\/www.uartes.edu.ec\/sitio\/wp-content\/uploads\/2024\/12\/09-GRADUACION-2024-396x360.jpg",396,360,true],"gb-block-post-grid-landscape":["https:\/\/www.uartes.edu.ec\/sitio\/wp-content\/uploads\/2024\/12\/09-GRADUACION-2024-600x400.jpg",600,400,true],"gb-block-post-grid-square":["https:\/\/www.uartes.edu.ec\/sitio\/wp-content\/uploads\/2024\/12\/09-GRADUACION-2024-600x600.jpg",600,600,true],"university-hub-thumb":["https:\/\/www.uartes.edu.ec\/sitio\/wp-content\/uploads\/2024\/12\/09-GRADUACION-2024-400x267.jpg",400,267,true]},"uagb_author_info":{"display_name":"ccortez","author_link":"https:\/\/www.uartes.edu.ec\/sitio\/blog\/author\/ccortez\/"},"uagb_comment_info":0,"uagb_excerpt":"En la primera ceremonia, la UArtes gradu\u00f3 a los hoy licenciados en las carreras de Artes Sonoras y Literatura, y de entre los graduados Luis Bautista Ullauri llam\u00f3 la atenci\u00f3n de sus hoy colegas en Artes Musicales y p\u00fablico en general por llevar la m\u00e1scara del Aya Huma, personaje principal de la fiesta andina del&hellip;","featured_image_src":"https:\/\/www.uartes.edu.ec\/sitio\/wp-content\/uploads\/2024\/12\/09-GRADUACION-2024-600x400.jpg","featured_image_src_square":"https:\/\/www.uartes.edu.ec\/sitio\/wp-content\/uploads\/2024\/12\/09-GRADUACION-2024-600x600.jpg","author_info":{"display_name":"ccortez","author_link":"https:\/\/www.uartes.edu.ec\/sitio\/blog\/author\/ccortez\/"},"publishpress_future_workflow_manual_trigger":{"enabledWorkflows":[]},"distributor_meta":false,"distributor_terms":false,"distributor_media":false,"distributor_original_site_name":"Universidad de las Artes","distributor_original_site_url":"https:\/\/www.uartes.edu.ec\/sitio","push-errors":false,"_links":{"self":[{"href":"https:\/\/www.uartes.edu.ec\/sitio\/wp-json\/wp\/v2\/posts\/66677","targetHints":{"allow":["GET"]}}],"collection":[{"href":"https:\/\/www.uartes.edu.ec\/sitio\/wp-json\/wp\/v2\/posts"}],"about":[{"href":"https:\/\/www.uartes.edu.ec\/sitio\/wp-json\/wp\/v2\/types\/post"}],"author":[{"embeddable":true,"href":"https:\/\/www.uartes.edu.ec\/sitio\/wp-json\/wp\/v2\/users\/10"}],"replies":[{"embeddable":true,"href":"https:\/\/www.uartes.edu.ec\/sitio\/wp-json\/wp\/v2\/comments?post=66677"}],"version-history":[{"count":5,"href":"https:\/\/www.uartes.edu.ec\/sitio\/wp-json\/wp\/v2\/posts\/66677\/revisions"}],"predecessor-version":[{"id":66698,"href":"https:\/\/www.uartes.edu.ec\/sitio\/wp-json\/wp\/v2\/posts\/66677\/revisions\/66698"}],"wp:featuredmedia":[{"embeddable":true,"href":"https:\/\/www.uartes.edu.ec\/sitio\/wp-json\/wp\/v2\/media\/66678"}],"wp:attachment":[{"href":"https:\/\/www.uartes.edu.ec\/sitio\/wp-json\/wp\/v2\/media?parent=66677"}],"wp:term":[{"taxonomy":"category","embeddable":true,"href":"https:\/\/www.uartes.edu.ec\/sitio\/wp-json\/wp\/v2\/categories?post=66677"},{"taxonomy":"post_tag","embeddable":true,"href":"https:\/\/www.uartes.edu.ec\/sitio\/wp-json\/wp\/v2\/tags?post=66677"},{"taxonomy":"infouartes","embeddable":true,"href":"https:\/\/www.uartes.edu.ec\/sitio\/wp-json\/wp\/v2\/infouartes?post=66677"}],"curies":[{"name":"wp","href":"https:\/\/api.w.org\/{rel}","templated":true}]}}