{"id":66781,"date":"2024-12-12T20:14:00","date_gmt":"2024-12-13T01:14:00","guid":{"rendered":"https:\/\/www.uartes.edu.ec\/sitio\/?p=66781"},"modified":"2024-12-19T10:22:44","modified_gmt":"2024-12-19T15:22:44","slug":"relatos-enfrentamientos-y-conexiones-en-alli-fue-donde-muestra-de-graduados-que-esta-en-el-cif","status":"publish","type":"post","link":"https:\/\/www.uartes.edu.ec\/sitio\/blog\/2024\/12\/12\/relatos-enfrentamientos-y-conexiones-en-alli-fue-donde-muestra-de-graduados-que-esta-en-el-cif\/","title":{"rendered":"Relatos, conexiones y m\u00e1s en \u201cAll\u00ed fue donde\u2026\u201d, exposici\u00f3n colectiva en el CIF"},"content":{"rendered":"\n<p>Los trabajos art\u00edsticos de los estudiantes que ma\u00f1ana, viernes 13 de diciembre de 2024, recibir\u00e1n de la Universidad de las Artes sus t\u00edtulos como licenciados en Artes Visuales se pueden apreciar en la Galer\u00eda del CIF, ubicada en el MZ14 Centro de Producci\u00f3n e Innovaci\u00f3n UArtes.<\/p>\n\n\n\n<p>El t\u00edtulo de la muestra colectiva es \u201cAll\u00ed fue donde&#8230;\u201d y se inaugur\u00f3 hoy, jueves 12, en el marco de las actividades con las que la UArtes celebra la graduaci\u00f3n de su s\u00e9ptima promoci\u00f3n. La curadur\u00eda de la propuesta expositiva estuvo a cargo de Adriana Arias Garc\u00eda, Roger Zambrano y Paula \u00cd\u00f1iguez, quien tambi\u00e9n se grad\u00faan. Constan los trabajos de Melissa de la A, Kimberly Yagual, Charlotte F\u00f6rster, Ketgly Sol\u00f3rzano, Erick Balladares, Jacqueline Velarde, Yuri Espinoza, C\u00e9sar S\u00e1nchez, Daniel Lude\u00f1a e Irene Gonzabay.<\/p>\n\n\n\n<p>Asimismo, participan las obras de Mar\u00eda Jos\u00e9 Madrid, Daniel Zambrano, Victor Hugo Mendoza, Luis Alvarado, Ricardo Villarreal, Samuel Saltos, Josefina Narv\u00e1ez, Jaime Camacho y Mar\u00eda Wellington (LaGrufte).<\/p>\n\n\n\n<figure class=\"wp-block-gallery has-nested-images columns-default is-cropped wp-block-gallery-1 is-layout-flex wp-block-gallery-is-layout-flex\">\n<figure class=\"wp-block-image size-large\"><img fetchpriority=\"high\" decoding=\"async\" width=\"644\" height=\"429\" data-id=\"66787\" src=\"https:\/\/www.uartes.edu.ec\/sitio\/wp-content\/uploads\/2024\/12\/04-ALLI-FUE-DONDE-644x429.jpg\" alt=\"\" class=\"wp-image-66787\" srcset=\"https:\/\/www.uartes.edu.ec\/sitio\/wp-content\/uploads\/2024\/12\/04-ALLI-FUE-DONDE-644x429.jpg 644w, https:\/\/www.uartes.edu.ec\/sitio\/wp-content\/uploads\/2024\/12\/04-ALLI-FUE-DONDE-300x200.jpg 300w, https:\/\/www.uartes.edu.ec\/sitio\/wp-content\/uploads\/2024\/12\/04-ALLI-FUE-DONDE-768x512.jpg 768w, https:\/\/www.uartes.edu.ec\/sitio\/wp-content\/uploads\/2024\/12\/04-ALLI-FUE-DONDE-1536x1024.jpg 1536w, https:\/\/www.uartes.edu.ec\/sitio\/wp-content\/uploads\/2024\/12\/04-ALLI-FUE-DONDE-18x12.jpg 18w, https:\/\/www.uartes.edu.ec\/sitio\/wp-content\/uploads\/2024\/12\/04-ALLI-FUE-DONDE-600x400.jpg 600w, https:\/\/www.uartes.edu.ec\/sitio\/wp-content\/uploads\/2024\/12\/04-ALLI-FUE-DONDE-400x267.jpg 400w, https:\/\/www.uartes.edu.ec\/sitio\/wp-content\/uploads\/2024\/12\/04-ALLI-FUE-DONDE-272x182.jpg 272w, https:\/\/www.uartes.edu.ec\/sitio\/wp-content\/uploads\/2024\/12\/04-ALLI-FUE-DONDE.jpg 2000w\" sizes=\"(max-width: 644px) 100vw, 644px\" \/><\/figure>\n\n\n\n<figure class=\"wp-block-image size-large\"><img decoding=\"async\" width=\"644\" height=\"429\" data-id=\"66786\" src=\"https:\/\/www.uartes.edu.ec\/sitio\/wp-content\/uploads\/2024\/12\/02-ALLI-FUE-DONDE-644x429.jpg\" alt=\"\" class=\"wp-image-66786\" srcset=\"https:\/\/www.uartes.edu.ec\/sitio\/wp-content\/uploads\/2024\/12\/02-ALLI-FUE-DONDE-644x429.jpg 644w, https:\/\/www.uartes.edu.ec\/sitio\/wp-content\/uploads\/2024\/12\/02-ALLI-FUE-DONDE-300x200.jpg 300w, https:\/\/www.uartes.edu.ec\/sitio\/wp-content\/uploads\/2024\/12\/02-ALLI-FUE-DONDE-768x512.jpg 768w, https:\/\/www.uartes.edu.ec\/sitio\/wp-content\/uploads\/2024\/12\/02-ALLI-FUE-DONDE-1536x1024.jpg 1536w, https:\/\/www.uartes.edu.ec\/sitio\/wp-content\/uploads\/2024\/12\/02-ALLI-FUE-DONDE-18x12.jpg 18w, https:\/\/www.uartes.edu.ec\/sitio\/wp-content\/uploads\/2024\/12\/02-ALLI-FUE-DONDE-600x400.jpg 600w, https:\/\/www.uartes.edu.ec\/sitio\/wp-content\/uploads\/2024\/12\/02-ALLI-FUE-DONDE-400x267.jpg 400w, https:\/\/www.uartes.edu.ec\/sitio\/wp-content\/uploads\/2024\/12\/02-ALLI-FUE-DONDE-272x182.jpg 272w, https:\/\/www.uartes.edu.ec\/sitio\/wp-content\/uploads\/2024\/12\/02-ALLI-FUE-DONDE.jpg 2000w\" sizes=\"(max-width: 644px) 100vw, 644px\" \/><\/figure>\n<\/figure>\n\n\n\n<p>En el texto curatorial, Garc\u00eda, Zambrano e \u00cd\u00f1iguez explican que la muestra explora \u201crelatos, enfrentamientos y conexiones que no ocurrieron en paralelo, pero que est\u00e1n intr\u00ednsecamente relacionados por el habitar y el transitar\u201d. Los cuales seg\u00fan los curadores \u201cse convierten en motores de investigaciones, donde la exploraci\u00f3n de lo extra\u00f1o en lo cotidiano invita a descubrir lo extraordinario\u201d.<\/p>\n\n\n\n<p>Los curadores tambi\u00e9n destacan que este \u00faltimo gran relato de la cohorte 2024 permite identificar una sensibilidad compartida por los graduados: \u201cuna sensibilidad hacia las zonas del habitar, los modos de ver y recordar. Aquellos que configuraron nuestra existencia a trav\u00e9s de las vivencias, bajo el filtro de la memoria; que en algunos casos fue edificada como una casa c\u00e1lida y, en otros, como una en llamas, resquebrajada por una estructura de poder o marcada por una figura de ausencia\u201d.<\/p>\n\n\n\n<p>Desde esta perspectiva, a\u00f1aden que \u201cante las sutilezas y la po\u00e9tica de cada uno de los artistas, tomamos estos detonantes como oportunidades para observar estos h\u00e1bitats desde otro lugar\u201d.<\/p>\n\n\n\n<p>Bajo esta propuesta, los graduados presentar\u00e1n sus repertorios visuales no con la intenci\u00f3n de corregir lo existente, sino de cuestionar lo que se entiende como ordinario. A trav\u00e9s de esta reflexi\u00f3n, buscan resignificar lo cotidiano y mostrar c\u00f3mo aquello que parece mundano puede volverse trascendental al observarse desde un \u00e1ngulo diferente.<\/p>\n","protected":false},"excerpt":{"rendered":"<p>La muestra corresponde a los graduados en Artes Visuales. Ellos son: Melissa de la A, Kimberly Yagual, Charlotte F\u00f6rster, Ketgly Sol\u00f3rzano, Erick Balladares, Jacqueline Velarde, Yuri Espinoza, C\u00e9sar S\u00e1nchez, Daniel Lude\u00f1a, Irene Gonzabay, Mar\u00eda Madrid, Daniel Zambrano, V\u00edctor Mendoza, Luis Alvarado, Ricardo Villarreal, Samuel Saltos, Josefina Narv\u00e1ez, Jaime Camacho y Mar\u00eda Wellington. Son sus curadores: Adriana Arias, Roger Zambrano y Paula \u00cd\u00f1iguez.<\/p>\n","protected":false},"author":10,"featured_media":66784,"comment_status":"open","ping_status":"open","sticky":false,"template":"","format":"standard","meta":{"_acf_changed":false,"_uag_custom_page_level_css":"","_monsterinsights_skip_tracking":false,"_monsterinsights_sitenote_active":false,"_monsterinsights_sitenote_note":"","_monsterinsights_sitenote_category":0,"cybocfi_hide_featured_image":"","footnotes":""},"categories":[80,82,157,76,77,83],"tags":[517],"infouartes":[1288],"class_list":["post-66781","post","type-post","status-publish","format-standard","has-post-thumbnail","hentry","category-academico","category-artes","category-artes-visuales","category-estudiantes","category-gestion","category-sedes","tag-exposicion","infouartes-produccion-artistica"],"acf":[],"yoast_head":"<!-- This site is optimized with the Yoast SEO plugin v27.4 - https:\/\/yoast.com\/product\/yoast-seo-wordpress\/ -->\n<title>Universidad de las Artes - Relatos, conexiones y m\u00e1s en \u201cAll\u00ed fue donde\u2026\u201d, exposici\u00f3n colectiva en el CIF<\/title>\n<meta name=\"description\" content=\"Universidad de las Artes - Relatos, conexiones y m\u00e1s en \u201cAll\u00ed fue donde\u2026\u201d, exposici\u00f3n colectiva en el CIF\" \/>\n<meta name=\"robots\" content=\"index, follow, max-snippet:-1, max-image-preview:large, max-video-preview:-1\" \/>\n<link rel=\"canonical\" href=\"https:\/\/www.uartes.edu.ec\/sitio\/blog\/2024\/12\/12\/relatos-enfrentamientos-y-conexiones-en-alli-fue-donde-muestra-de-graduados-que-esta-en-el-cif\/\" \/>\n<meta property=\"og:locale\" content=\"es_ES\" \/>\n<meta property=\"og:type\" content=\"article\" \/>\n<meta property=\"og:title\" content=\"Universidad de las Artes - Relatos, conexiones y m\u00e1s en \u201cAll\u00ed fue donde\u2026\u201d, exposici\u00f3n colectiva en el CIF\" \/>\n<meta property=\"og:description\" content=\"Universidad de las Artes - Relatos, conexiones y m\u00e1s en \u201cAll\u00ed fue donde\u2026\u201d, exposici\u00f3n colectiva en el CIF\" \/>\n<meta property=\"og:url\" content=\"https:\/\/www.uartes.edu.ec\/sitio\/blog\/2024\/12\/12\/relatos-enfrentamientos-y-conexiones-en-alli-fue-donde-muestra-de-graduados-que-esta-en-el-cif\/\" \/>\n<meta property=\"og:site_name\" content=\"Universidad de las Artes\" \/>\n<meta property=\"article:publisher\" content=\"https:\/\/www.facebook.com\/uartesec\" \/>\n<meta property=\"article:published_time\" content=\"2024-12-13T01:14:00+00:00\" \/>\n<meta property=\"article:modified_time\" content=\"2024-12-19T15:22:44+00:00\" \/>\n<meta property=\"og:image\" content=\"https:\/\/www.uartes.edu.ec\/sitio\/wp-content\/uploads\/2024\/12\/03-ALLI-FUE-DONDE.jpg\" \/>\n\t<meta property=\"og:image:width\" content=\"2000\" \/>\n\t<meta property=\"og:image:height\" content=\"1333\" \/>\n\t<meta property=\"og:image:type\" content=\"image\/jpeg\" \/>\n<meta name=\"author\" content=\"ccortez\" \/>\n<meta name=\"twitter:card\" content=\"summary_large_image\" \/>\n<meta name=\"twitter:creator\" content=\"@uartesec\" \/>\n<meta name=\"twitter:site\" content=\"@uartesec\" \/>\n<meta name=\"twitter:label1\" content=\"Escrito por\" \/>\n\t<meta name=\"twitter:data1\" content=\"ccortez\" \/>\n\t<meta name=\"twitter:label2\" content=\"Tiempo de lectura\" \/>\n\t<meta name=\"twitter:data2\" content=\"3 minutos\" \/>\n<script type=\"application\/ld+json\" class=\"yoast-schema-graph\">{\"@context\":\"https:\\\/\\\/schema.org\",\"@graph\":[{\"@type\":\"Article\",\"@id\":\"https:\\\/\\\/www.uartes.edu.ec\\\/sitio\\\/blog\\\/2024\\\/12\\\/12\\\/relatos-enfrentamientos-y-conexiones-en-alli-fue-donde-muestra-de-graduados-que-esta-en-el-cif\\\/#article\",\"isPartOf\":{\"@id\":\"https:\\\/\\\/www.uartes.edu.ec\\\/sitio\\\/blog\\\/2024\\\/12\\\/12\\\/relatos-enfrentamientos-y-conexiones-en-alli-fue-donde-muestra-de-graduados-que-esta-en-el-cif\\\/\"},\"author\":{\"name\":\"ccortez\",\"@id\":\"https:\\\/\\\/www.uartes.edu.ec\\\/sitio\\\/#\\\/schema\\\/person\\\/efa1b8275797664fd7f13a79ccc0b1f4\"},\"headline\":\"Relatos, conexiones y m\u00e1s en \u201cAll\u00ed fue donde\u2026\u201d, exposici\u00f3n colectiva en el CIF\",\"datePublished\":\"2024-12-13T01:14:00+00:00\",\"dateModified\":\"2024-12-19T15:22:44+00:00\",\"mainEntityOfPage\":{\"@id\":\"https:\\\/\\\/www.uartes.edu.ec\\\/sitio\\\/blog\\\/2024\\\/12\\\/12\\\/relatos-enfrentamientos-y-conexiones-en-alli-fue-donde-muestra-de-graduados-que-esta-en-el-cif\\\/\"},\"wordCount\":425,\"commentCount\":0,\"publisher\":{\"@id\":\"https:\\\/\\\/www.uartes.edu.ec\\\/sitio\\\/#organization\"},\"image\":{\"@id\":\"https:\\\/\\\/www.uartes.edu.ec\\\/sitio\\\/blog\\\/2024\\\/12\\\/12\\\/relatos-enfrentamientos-y-conexiones-en-alli-fue-donde-muestra-de-graduados-que-esta-en-el-cif\\\/#primaryimage\"},\"thumbnailUrl\":\"https:\\\/\\\/www.uartes.edu.ec\\\/sitio\\\/wp-content\\\/uploads\\\/2024\\\/12\\\/03-ALLI-FUE-DONDE.jpg\",\"keywords\":[\"exposici\u00f3n\"],\"articleSection\":[\"Acad\u00e9mico\",\"Artes\",\"Artes Visuales\",\"Estudiantes\",\"Gesti\u00f3n\",\"Sedes\"],\"inLanguage\":\"es\",\"potentialAction\":[{\"@type\":\"CommentAction\",\"name\":\"Comment\",\"target\":[\"https:\\\/\\\/www.uartes.edu.ec\\\/sitio\\\/blog\\\/2024\\\/12\\\/12\\\/relatos-enfrentamientos-y-conexiones-en-alli-fue-donde-muestra-de-graduados-que-esta-en-el-cif\\\/#respond\"]}]},{\"@type\":[\"WebPage\",\"ItemPage\"],\"@id\":\"https:\\\/\\\/www.uartes.edu.ec\\\/sitio\\\/blog\\\/2024\\\/12\\\/12\\\/relatos-enfrentamientos-y-conexiones-en-alli-fue-donde-muestra-de-graduados-que-esta-en-el-cif\\\/\",\"url\":\"https:\\\/\\\/www.uartes.edu.ec\\\/sitio\\\/blog\\\/2024\\\/12\\\/12\\\/relatos-enfrentamientos-y-conexiones-en-alli-fue-donde-muestra-de-graduados-que-esta-en-el-cif\\\/\",\"name\":\"Universidad de las Artes - Relatos, conexiones y m\u00e1s en \u201cAll\u00ed fue donde\u2026\u201d, exposici\u00f3n colectiva en el CIF\",\"isPartOf\":{\"@id\":\"https:\\\/\\\/www.uartes.edu.ec\\\/sitio\\\/#website\"},\"primaryImageOfPage\":{\"@id\":\"https:\\\/\\\/www.uartes.edu.ec\\\/sitio\\\/blog\\\/2024\\\/12\\\/12\\\/relatos-enfrentamientos-y-conexiones-en-alli-fue-donde-muestra-de-graduados-que-esta-en-el-cif\\\/#primaryimage\"},\"image\":{\"@id\":\"https:\\\/\\\/www.uartes.edu.ec\\\/sitio\\\/blog\\\/2024\\\/12\\\/12\\\/relatos-enfrentamientos-y-conexiones-en-alli-fue-donde-muestra-de-graduados-que-esta-en-el-cif\\\/#primaryimage\"},\"thumbnailUrl\":\"https:\\\/\\\/www.uartes.edu.ec\\\/sitio\\\/wp-content\\\/uploads\\\/2024\\\/12\\\/03-ALLI-FUE-DONDE.jpg\",\"datePublished\":\"2024-12-13T01:14:00+00:00\",\"dateModified\":\"2024-12-19T15:22:44+00:00\",\"description\":\"Universidad de las Artes - Relatos, conexiones y m\u00e1s en \u201cAll\u00ed fue donde\u2026\u201d, exposici\u00f3n colectiva en el CIF\",\"breadcrumb\":{\"@id\":\"https:\\\/\\\/www.uartes.edu.ec\\\/sitio\\\/blog\\\/2024\\\/12\\\/12\\\/relatos-enfrentamientos-y-conexiones-en-alli-fue-donde-muestra-de-graduados-que-esta-en-el-cif\\\/#breadcrumb\"},\"inLanguage\":\"es\",\"potentialAction\":[{\"@type\":\"ReadAction\",\"target\":[\"https:\\\/\\\/www.uartes.edu.ec\\\/sitio\\\/blog\\\/2024\\\/12\\\/12\\\/relatos-enfrentamientos-y-conexiones-en-alli-fue-donde-muestra-de-graduados-que-esta-en-el-cif\\\/\"]}]},{\"@type\":\"ImageObject\",\"inLanguage\":\"es\",\"@id\":\"https:\\\/\\\/www.uartes.edu.ec\\\/sitio\\\/blog\\\/2024\\\/12\\\/12\\\/relatos-enfrentamientos-y-conexiones-en-alli-fue-donde-muestra-de-graduados-que-esta-en-el-cif\\\/#primaryimage\",\"url\":\"https:\\\/\\\/www.uartes.edu.ec\\\/sitio\\\/wp-content\\\/uploads\\\/2024\\\/12\\\/03-ALLI-FUE-DONDE.jpg\",\"contentUrl\":\"https:\\\/\\\/www.uartes.edu.ec\\\/sitio\\\/wp-content\\\/uploads\\\/2024\\\/12\\\/03-ALLI-FUE-DONDE.jpg\",\"width\":2000,\"height\":1333},{\"@type\":\"BreadcrumbList\",\"@id\":\"https:\\\/\\\/www.uartes.edu.ec\\\/sitio\\\/blog\\\/2024\\\/12\\\/12\\\/relatos-enfrentamientos-y-conexiones-en-alli-fue-donde-muestra-de-graduados-que-esta-en-el-cif\\\/#breadcrumb\",\"itemListElement\":[{\"@type\":\"ListItem\",\"position\":1,\"name\":\"Inicio\",\"item\":\"https:\\\/\\\/www.uartes.edu.ec\\\/sitio\\\/\"},{\"@type\":\"ListItem\",\"position\":2,\"name\":\"Relatos, conexiones y m\u00e1s en \u201cAll\u00ed fue donde\u2026\u201d, exposici\u00f3n colectiva en el CIF\"}]},{\"@type\":\"WebSite\",\"@id\":\"https:\\\/\\\/www.uartes.edu.ec\\\/sitio\\\/#website\",\"url\":\"https:\\\/\\\/www.uartes.edu.ec\\\/sitio\\\/\",\"name\":\"Universidad de las Artes\",\"description\":\"Sitio oficial de la Universidad Nacional de las Artes del Ecuador\",\"publisher\":{\"@id\":\"https:\\\/\\\/www.uartes.edu.ec\\\/sitio\\\/#organization\"},\"potentialAction\":[{\"@type\":\"SearchAction\",\"target\":{\"@type\":\"EntryPoint\",\"urlTemplate\":\"https:\\\/\\\/www.uartes.edu.ec\\\/sitio\\\/?s={search_term_string}\"},\"query-input\":{\"@type\":\"PropertyValueSpecification\",\"valueRequired\":true,\"valueName\":\"search_term_string\"}}],\"inLanguage\":\"es\"},{\"@type\":\"Organization\",\"@id\":\"https:\\\/\\\/www.uartes.edu.ec\\\/sitio\\\/#organization\",\"name\":\"Universidad de las Artes\",\"url\":\"https:\\\/\\\/www.uartes.edu.ec\\\/sitio\\\/\",\"logo\":{\"@type\":\"ImageObject\",\"inLanguage\":\"es\",\"@id\":\"https:\\\/\\\/www.uartes.edu.ec\\\/sitio\\\/#\\\/schema\\\/logo\\\/image\\\/\",\"url\":\"https:\\\/\\\/www.uartes.edu.ec\\\/sitio\\\/wp-content\\\/uploads\\\/2022\\\/07\\\/logo-ua-horizontal.png\",\"contentUrl\":\"https:\\\/\\\/www.uartes.edu.ec\\\/sitio\\\/wp-content\\\/uploads\\\/2022\\\/07\\\/logo-ua-horizontal.png\",\"width\":800,\"height\":276,\"caption\":\"Universidad de las Artes\"},\"image\":{\"@id\":\"https:\\\/\\\/www.uartes.edu.ec\\\/sitio\\\/#\\\/schema\\\/logo\\\/image\\\/\"},\"sameAs\":[\"https:\\\/\\\/www.facebook.com\\\/uartesec\",\"https:\\\/\\\/x.com\\\/uartesec\",\"https:\\\/\\\/www.tiktok.com\\\/@uartesec\"]},{\"@type\":\"Person\",\"@id\":\"https:\\\/\\\/www.uartes.edu.ec\\\/sitio\\\/#\\\/schema\\\/person\\\/efa1b8275797664fd7f13a79ccc0b1f4\",\"name\":\"ccortez\",\"image\":{\"@type\":\"ImageObject\",\"inLanguage\":\"es\",\"@id\":\"https:\\\/\\\/secure.gravatar.com\\\/avatar\\\/b2a6f664a3ae8e074346ef91775736c5ec479e637ecced6842de9dc98b5da9cd?s=96&d=mm&r=g\",\"url\":\"https:\\\/\\\/secure.gravatar.com\\\/avatar\\\/b2a6f664a3ae8e074346ef91775736c5ec479e637ecced6842de9dc98b5da9cd?s=96&d=mm&r=g\",\"contentUrl\":\"https:\\\/\\\/secure.gravatar.com\\\/avatar\\\/b2a6f664a3ae8e074346ef91775736c5ec479e637ecced6842de9dc98b5da9cd?s=96&d=mm&r=g\",\"caption\":\"ccortez\"},\"url\":\"https:\\\/\\\/www.uartes.edu.ec\\\/sitio\\\/blog\\\/author\\\/ccortez\\\/\"}]}<\/script>\n<!-- \/ Yoast SEO plugin. -->","yoast_head_json":{"title":"Universidad de las Artes - Relatos, conexiones y m\u00e1s en \u201cAll\u00ed fue donde\u2026\u201d, exposici\u00f3n colectiva en el CIF","description":"Universidad de las Artes - Relatos, conexiones y m\u00e1s en \u201cAll\u00ed fue donde\u2026\u201d, exposici\u00f3n colectiva en el CIF","robots":{"index":"index","follow":"follow","max-snippet":"max-snippet:-1","max-image-preview":"max-image-preview:large","max-video-preview":"max-video-preview:-1"},"canonical":"https:\/\/www.uartes.edu.ec\/sitio\/blog\/2024\/12\/12\/relatos-enfrentamientos-y-conexiones-en-alli-fue-donde-muestra-de-graduados-que-esta-en-el-cif\/","og_locale":"es_ES","og_type":"article","og_title":"Universidad de las Artes - Relatos, conexiones y m\u00e1s en \u201cAll\u00ed fue donde\u2026\u201d, exposici\u00f3n colectiva en el CIF","og_description":"Universidad de las Artes - Relatos, conexiones y m\u00e1s en \u201cAll\u00ed fue donde\u2026\u201d, exposici\u00f3n colectiva en el CIF","og_url":"https:\/\/www.uartes.edu.ec\/sitio\/blog\/2024\/12\/12\/relatos-enfrentamientos-y-conexiones-en-alli-fue-donde-muestra-de-graduados-que-esta-en-el-cif\/","og_site_name":"Universidad de las Artes","article_publisher":"https:\/\/www.facebook.com\/uartesec","article_published_time":"2024-12-13T01:14:00+00:00","article_modified_time":"2024-12-19T15:22:44+00:00","og_image":[{"width":2000,"height":1333,"url":"https:\/\/www.uartes.edu.ec\/sitio\/wp-content\/uploads\/2024\/12\/03-ALLI-FUE-DONDE.jpg","type":"image\/jpeg"}],"author":"ccortez","twitter_card":"summary_large_image","twitter_creator":"@uartesec","twitter_site":"@uartesec","twitter_misc":{"Escrito por":"ccortez","Tiempo de lectura":"3 minutos"},"schema":{"@context":"https:\/\/schema.org","@graph":[{"@type":"Article","@id":"https:\/\/www.uartes.edu.ec\/sitio\/blog\/2024\/12\/12\/relatos-enfrentamientos-y-conexiones-en-alli-fue-donde-muestra-de-graduados-que-esta-en-el-cif\/#article","isPartOf":{"@id":"https:\/\/www.uartes.edu.ec\/sitio\/blog\/2024\/12\/12\/relatos-enfrentamientos-y-conexiones-en-alli-fue-donde-muestra-de-graduados-que-esta-en-el-cif\/"},"author":{"name":"ccortez","@id":"https:\/\/www.uartes.edu.ec\/sitio\/#\/schema\/person\/efa1b8275797664fd7f13a79ccc0b1f4"},"headline":"Relatos, conexiones y m\u00e1s en \u201cAll\u00ed fue donde\u2026\u201d, exposici\u00f3n colectiva en el CIF","datePublished":"2024-12-13T01:14:00+00:00","dateModified":"2024-12-19T15:22:44+00:00","mainEntityOfPage":{"@id":"https:\/\/www.uartes.edu.ec\/sitio\/blog\/2024\/12\/12\/relatos-enfrentamientos-y-conexiones-en-alli-fue-donde-muestra-de-graduados-que-esta-en-el-cif\/"},"wordCount":425,"commentCount":0,"publisher":{"@id":"https:\/\/www.uartes.edu.ec\/sitio\/#organization"},"image":{"@id":"https:\/\/www.uartes.edu.ec\/sitio\/blog\/2024\/12\/12\/relatos-enfrentamientos-y-conexiones-en-alli-fue-donde-muestra-de-graduados-que-esta-en-el-cif\/#primaryimage"},"thumbnailUrl":"https:\/\/www.uartes.edu.ec\/sitio\/wp-content\/uploads\/2024\/12\/03-ALLI-FUE-DONDE.jpg","keywords":["exposici\u00f3n"],"articleSection":["Acad\u00e9mico","Artes","Artes Visuales","Estudiantes","Gesti\u00f3n","Sedes"],"inLanguage":"es","potentialAction":[{"@type":"CommentAction","name":"Comment","target":["https:\/\/www.uartes.edu.ec\/sitio\/blog\/2024\/12\/12\/relatos-enfrentamientos-y-conexiones-en-alli-fue-donde-muestra-de-graduados-que-esta-en-el-cif\/#respond"]}]},{"@type":["WebPage","ItemPage"],"@id":"https:\/\/www.uartes.edu.ec\/sitio\/blog\/2024\/12\/12\/relatos-enfrentamientos-y-conexiones-en-alli-fue-donde-muestra-de-graduados-que-esta-en-el-cif\/","url":"https:\/\/www.uartes.edu.ec\/sitio\/blog\/2024\/12\/12\/relatos-enfrentamientos-y-conexiones-en-alli-fue-donde-muestra-de-graduados-que-esta-en-el-cif\/","name":"Universidad de las Artes - Relatos, conexiones y m\u00e1s en \u201cAll\u00ed fue donde\u2026\u201d, exposici\u00f3n colectiva en el CIF","isPartOf":{"@id":"https:\/\/www.uartes.edu.ec\/sitio\/#website"},"primaryImageOfPage":{"@id":"https:\/\/www.uartes.edu.ec\/sitio\/blog\/2024\/12\/12\/relatos-enfrentamientos-y-conexiones-en-alli-fue-donde-muestra-de-graduados-que-esta-en-el-cif\/#primaryimage"},"image":{"@id":"https:\/\/www.uartes.edu.ec\/sitio\/blog\/2024\/12\/12\/relatos-enfrentamientos-y-conexiones-en-alli-fue-donde-muestra-de-graduados-que-esta-en-el-cif\/#primaryimage"},"thumbnailUrl":"https:\/\/www.uartes.edu.ec\/sitio\/wp-content\/uploads\/2024\/12\/03-ALLI-FUE-DONDE.jpg","datePublished":"2024-12-13T01:14:00+00:00","dateModified":"2024-12-19T15:22:44+00:00","description":"Universidad de las Artes - Relatos, conexiones y m\u00e1s en \u201cAll\u00ed fue donde\u2026\u201d, exposici\u00f3n colectiva en el CIF","breadcrumb":{"@id":"https:\/\/www.uartes.edu.ec\/sitio\/blog\/2024\/12\/12\/relatos-enfrentamientos-y-conexiones-en-alli-fue-donde-muestra-de-graduados-que-esta-en-el-cif\/#breadcrumb"},"inLanguage":"es","potentialAction":[{"@type":"ReadAction","target":["https:\/\/www.uartes.edu.ec\/sitio\/blog\/2024\/12\/12\/relatos-enfrentamientos-y-conexiones-en-alli-fue-donde-muestra-de-graduados-que-esta-en-el-cif\/"]}]},{"@type":"ImageObject","inLanguage":"es","@id":"https:\/\/www.uartes.edu.ec\/sitio\/blog\/2024\/12\/12\/relatos-enfrentamientos-y-conexiones-en-alli-fue-donde-muestra-de-graduados-que-esta-en-el-cif\/#primaryimage","url":"https:\/\/www.uartes.edu.ec\/sitio\/wp-content\/uploads\/2024\/12\/03-ALLI-FUE-DONDE.jpg","contentUrl":"https:\/\/www.uartes.edu.ec\/sitio\/wp-content\/uploads\/2024\/12\/03-ALLI-FUE-DONDE.jpg","width":2000,"height":1333},{"@type":"BreadcrumbList","@id":"https:\/\/www.uartes.edu.ec\/sitio\/blog\/2024\/12\/12\/relatos-enfrentamientos-y-conexiones-en-alli-fue-donde-muestra-de-graduados-que-esta-en-el-cif\/#breadcrumb","itemListElement":[{"@type":"ListItem","position":1,"name":"Inicio","item":"https:\/\/www.uartes.edu.ec\/sitio\/"},{"@type":"ListItem","position":2,"name":"Relatos, conexiones y m\u00e1s en \u201cAll\u00ed fue donde\u2026\u201d, exposici\u00f3n colectiva en el CIF"}]},{"@type":"WebSite","@id":"https:\/\/www.uartes.edu.ec\/sitio\/#website","url":"https:\/\/www.uartes.edu.ec\/sitio\/","name":"Universidad de las Artes","description":"Sitio oficial de la Universidad Nacional de las Artes del Ecuador","publisher":{"@id":"https:\/\/www.uartes.edu.ec\/sitio\/#organization"},"potentialAction":[{"@type":"SearchAction","target":{"@type":"EntryPoint","urlTemplate":"https:\/\/www.uartes.edu.ec\/sitio\/?s={search_term_string}"},"query-input":{"@type":"PropertyValueSpecification","valueRequired":true,"valueName":"search_term_string"}}],"inLanguage":"es"},{"@type":"Organization","@id":"https:\/\/www.uartes.edu.ec\/sitio\/#organization","name":"Universidad de las Artes","url":"https:\/\/www.uartes.edu.ec\/sitio\/","logo":{"@type":"ImageObject","inLanguage":"es","@id":"https:\/\/www.uartes.edu.ec\/sitio\/#\/schema\/logo\/image\/","url":"https:\/\/www.uartes.edu.ec\/sitio\/wp-content\/uploads\/2022\/07\/logo-ua-horizontal.png","contentUrl":"https:\/\/www.uartes.edu.ec\/sitio\/wp-content\/uploads\/2022\/07\/logo-ua-horizontal.png","width":800,"height":276,"caption":"Universidad de las Artes"},"image":{"@id":"https:\/\/www.uartes.edu.ec\/sitio\/#\/schema\/logo\/image\/"},"sameAs":["https:\/\/www.facebook.com\/uartesec","https:\/\/x.com\/uartesec","https:\/\/www.tiktok.com\/@uartesec"]},{"@type":"Person","@id":"https:\/\/www.uartes.edu.ec\/sitio\/#\/schema\/person\/efa1b8275797664fd7f13a79ccc0b1f4","name":"ccortez","image":{"@type":"ImageObject","inLanguage":"es","@id":"https:\/\/secure.gravatar.com\/avatar\/b2a6f664a3ae8e074346ef91775736c5ec479e637ecced6842de9dc98b5da9cd?s=96&d=mm&r=g","url":"https:\/\/secure.gravatar.com\/avatar\/b2a6f664a3ae8e074346ef91775736c5ec479e637ecced6842de9dc98b5da9cd?s=96&d=mm&r=g","contentUrl":"https:\/\/secure.gravatar.com\/avatar\/b2a6f664a3ae8e074346ef91775736c5ec479e637ecced6842de9dc98b5da9cd?s=96&d=mm&r=g","caption":"ccortez"},"url":"https:\/\/www.uartes.edu.ec\/sitio\/blog\/author\/ccortez\/"}]}},"uagb_featured_image_src":{"full":["https:\/\/www.uartes.edu.ec\/sitio\/wp-content\/uploads\/2024\/12\/03-ALLI-FUE-DONDE.jpg",2000,1333,false],"thumbnail":["https:\/\/www.uartes.edu.ec\/sitio\/wp-content\/uploads\/2024\/12\/03-ALLI-FUE-DONDE-150x150.jpg",150,150,true],"medium":["https:\/\/www.uartes.edu.ec\/sitio\/wp-content\/uploads\/2024\/12\/03-ALLI-FUE-DONDE-300x200.jpg",300,200,true],"medium_large":["https:\/\/www.uartes.edu.ec\/sitio\/wp-content\/uploads\/2024\/12\/03-ALLI-FUE-DONDE-768x512.jpg",768,512,true],"large":["https:\/\/www.uartes.edu.ec\/sitio\/wp-content\/uploads\/2024\/12\/03-ALLI-FUE-DONDE-644x429.jpg",644,429,true],"1536x1536":["https:\/\/www.uartes.edu.ec\/sitio\/wp-content\/uploads\/2024\/12\/03-ALLI-FUE-DONDE-1536x1024.jpg",1536,1024,true],"2048x2048":["https:\/\/www.uartes.edu.ec\/sitio\/wp-content\/uploads\/2024\/12\/03-ALLI-FUE-DONDE.jpg",2000,1333,false],"trp-custom-language-flag":["https:\/\/www.uartes.edu.ec\/sitio\/wp-content\/uploads\/2024\/12\/03-ALLI-FUE-DONDE-18x12.jpg",18,12,true],"htmega_size_585x295":["https:\/\/www.uartes.edu.ec\/sitio\/wp-content\/uploads\/2024\/12\/03-ALLI-FUE-DONDE-585x295.jpg",585,295,true],"htmega_size_1170x536":["https:\/\/www.uartes.edu.ec\/sitio\/wp-content\/uploads\/2024\/12\/03-ALLI-FUE-DONDE-1170x536.jpg",1170,536,true],"htmega_size_396x360":["https:\/\/www.uartes.edu.ec\/sitio\/wp-content\/uploads\/2024\/12\/03-ALLI-FUE-DONDE-396x360.jpg",396,360,true],"gb-block-post-grid-landscape":["https:\/\/www.uartes.edu.ec\/sitio\/wp-content\/uploads\/2024\/12\/03-ALLI-FUE-DONDE-600x400.jpg",600,400,true],"gb-block-post-grid-square":["https:\/\/www.uartes.edu.ec\/sitio\/wp-content\/uploads\/2024\/12\/03-ALLI-FUE-DONDE-600x600.jpg",600,600,true],"university-hub-thumb":["https:\/\/www.uartes.edu.ec\/sitio\/wp-content\/uploads\/2024\/12\/03-ALLI-FUE-DONDE-400x267.jpg",400,267,true]},"uagb_author_info":{"display_name":"ccortez","author_link":"https:\/\/www.uartes.edu.ec\/sitio\/blog\/author\/ccortez\/"},"uagb_comment_info":0,"uagb_excerpt":"La muestra corresponde a los graduados en Artes Visuales. Ellos son: Melissa de la A, Kimberly Yagual, Charlotte F\u00f6rster, Ketgly Sol\u00f3rzano, Erick Balladares, Jacqueline Velarde, Yuri Espinoza, C\u00e9sar S\u00e1nchez, Daniel Lude\u00f1a, Irene Gonzabay, Mar\u00eda Madrid, Daniel Zambrano, V\u00edctor Mendoza, Luis Alvarado, Ricardo Villarreal, Samuel Saltos, Josefina Narv\u00e1ez, Jaime Camacho y Mar\u00eda Wellington. Son sus curadores:&hellip;","featured_image_src":"https:\/\/www.uartes.edu.ec\/sitio\/wp-content\/uploads\/2024\/12\/03-ALLI-FUE-DONDE-600x400.jpg","featured_image_src_square":"https:\/\/www.uartes.edu.ec\/sitio\/wp-content\/uploads\/2024\/12\/03-ALLI-FUE-DONDE-600x600.jpg","author_info":{"display_name":"ccortez","author_link":"https:\/\/www.uartes.edu.ec\/sitio\/blog\/author\/ccortez\/"},"publishpress_future_workflow_manual_trigger":{"enabledWorkflows":[]},"distributor_meta":false,"distributor_terms":false,"distributor_media":false,"distributor_original_site_name":"Universidad de las Artes","distributor_original_site_url":"https:\/\/www.uartes.edu.ec\/sitio","push-errors":false,"_links":{"self":[{"href":"https:\/\/www.uartes.edu.ec\/sitio\/wp-json\/wp\/v2\/posts\/66781","targetHints":{"allow":["GET"]}}],"collection":[{"href":"https:\/\/www.uartes.edu.ec\/sitio\/wp-json\/wp\/v2\/posts"}],"about":[{"href":"https:\/\/www.uartes.edu.ec\/sitio\/wp-json\/wp\/v2\/types\/post"}],"author":[{"embeddable":true,"href":"https:\/\/www.uartes.edu.ec\/sitio\/wp-json\/wp\/v2\/users\/10"}],"replies":[{"embeddable":true,"href":"https:\/\/www.uartes.edu.ec\/sitio\/wp-json\/wp\/v2\/comments?post=66781"}],"version-history":[{"count":6,"href":"https:\/\/www.uartes.edu.ec\/sitio\/wp-json\/wp\/v2\/posts\/66781\/revisions"}],"predecessor-version":[{"id":66806,"href":"https:\/\/www.uartes.edu.ec\/sitio\/wp-json\/wp\/v2\/posts\/66781\/revisions\/66806"}],"wp:featuredmedia":[{"embeddable":true,"href":"https:\/\/www.uartes.edu.ec\/sitio\/wp-json\/wp\/v2\/media\/66784"}],"wp:attachment":[{"href":"https:\/\/www.uartes.edu.ec\/sitio\/wp-json\/wp\/v2\/media?parent=66781"}],"wp:term":[{"taxonomy":"category","embeddable":true,"href":"https:\/\/www.uartes.edu.ec\/sitio\/wp-json\/wp\/v2\/categories?post=66781"},{"taxonomy":"post_tag","embeddable":true,"href":"https:\/\/www.uartes.edu.ec\/sitio\/wp-json\/wp\/v2\/tags?post=66781"},{"taxonomy":"infouartes","embeddable":true,"href":"https:\/\/www.uartes.edu.ec\/sitio\/wp-json\/wp\/v2\/infouartes?post=66781"}],"curies":[{"name":"wp","href":"https:\/\/api.w.org\/{rel}","templated":true}]}}