{"id":6685,"date":"2020-04-14T10:47:36","date_gmt":"2020-04-14T15:47:36","guid":{"rendered":"http:\/\/www.uartes.edu.ec\/sitio\/?p=6685"},"modified":"2024-07-04T11:48:12","modified_gmt":"2024-07-04T16:48:12","slug":"alba-pena-desentrana-en-tesis-de-grado-lo-mitico-y-maravilloso-en-la-narrativa-de-jose-de-la-cuadra","status":"publish","type":"post","link":"https:\/\/www.uartes.edu.ec\/sitio\/blog\/2020\/04\/14\/alba-pena-desentrana-en-tesis-de-grado-lo-mitico-y-maravilloso-en-la-narrativa-de-jose-de-la-cuadra\/","title":{"rendered":"Alba Pe\u00f1a desentra\u00f1a en tesis de grado &#8220;Lo m\u00edtico  y maravilloso en la narrativa de Jos\u00e9 de la Cuadra&#8221;"},"content":{"rendered":"\n<p>Alba Emilia Pe\u00f1a Buena\u00f1o, estudiante de la\nEscuela de Literatura de la Universidad de las Artes, sustent\u00f3 v\u00eda\nvideoconferencia su tesis de grado. Sucedi\u00f3 el jueves 9 de abril de 2020. Ella\nda detalles de su presentaci\u00f3n, expone sus razones&nbsp; del tema que escogi\u00f3 y trabaj\u00f3 y de c\u00f3mo se\nprepar\u00f3 para defender su proyecto, adem\u00e1s de lo que har\u00e1 tras obtener la\nlicenciatura:<\/p>\n\n\n\n<p>Mi tesis fue de \u00edndole te\u00f3rica y se titul\u00f3:\n&#8220;Lo m\u00edtico y maravilloso en la narrativa de Jos\u00e9 de la Cuadra&#8221;. Procur\u00e9\ndesentra\u00f1ar c\u00f3mo el escritor ecuatoriano implement\u00f3 elementos de car\u00e1cter fant\u00e1stico\nen el seno de una narrativa realista.<\/p>\n\n\n\n<p>La raz\u00f3n por la cual propuse ese tema, m\u00e1s\nall\u00e1 del inter\u00e9s personal, fue el de constatar que ciertos escritos del autor\nguayaquile\u00f1o constituyen un antecedente de lo que a\u00f1os despu\u00e9s Alejo Carpentier\n(escritor cubano) denominar\u00eda como &#8220;lo real maravilloso&#8221;. As\u00ed\ntambi\u00e9n, fue el hecho de encontrar varios cuentos que colindan con esa\ndimensi\u00f3n y de los cuales no hab\u00eda estudios exhaustivos.<\/p>\n\n\n\n<p>La tesis estuvo programada de manera\npresencial, no obstante, por las circunstancias sanitarias que atraviesa el\npa\u00eds se cambi\u00f3 a la modalidad virtual. A pesar de ser joven, no manejo muy bien\nlos recursos tecnol\u00f3gicos, pero estuve gratamente sorprendida al notar la\nsimplicidad de la plataforma Zoom, por lo que no tuve ning\u00fan problema al\nmomento de utilizarla. <\/p>\n\n\n\n<p>Considero que mi sustentaci\u00f3n fue bastante\nsimilar a las que tuvieron mis compa\u00f1eros en el formato tradicional, pues tuve\n30 minutos para exponer mi tesis y las preguntas del tribunal tambi\u00e9n tomaron\nel tiempo estipulado en el reglamento de la universidad. <\/p>\n\n\n\n<p>Respecto a mis planes a futuro, en cuanto se\nregularice la emergencia sanitaria aspiro a buscar becas para aplicar una\nmaestr\u00eda en el exterior.<\/p>\n","protected":false},"excerpt":{"rendered":"<p>Alba Emilia Pe\u00f1a Buena\u00f1o, estudiante de la Escuela de Literatura de la Universidad de las Artes, sustent\u00f3 v\u00eda videoconferencia su tesis de grado. Sucedi\u00f3 el jueves 9 de abril de 2020. <\/p>\n","protected":false},"author":1,"featured_media":6682,"comment_status":"closed","ping_status":"closed","sticky":false,"template":"","format":"standard","meta":{"_acf_changed":false,"_uag_custom_page_level_css":"","_monsterinsights_skip_tracking":false,"_monsterinsights_sitenote_active":false,"_monsterinsights_sitenote_note":"","_monsterinsights_sitenote_category":0,"cybocfi_hide_featured_image":"","footnotes":""},"categories":[76,175],"tags":[211],"infouartes":[],"class_list":["post-6685","post","type-post","status-publish","format-standard","has-post-thumbnail","hentry","category-estudiantes","category-literatura","tag-covid19"],"acf":[],"yoast_head":"<!-- This site is optimized with the Yoast SEO plugin v27.4 - https:\/\/yoast.com\/product\/yoast-seo-wordpress\/ -->\n<title>Universidad de las Artes - Alba Pe\u00f1a desentra\u00f1a en tesis de grado &quot;Lo m\u00edtico y maravilloso en la narrativa de Jos\u00e9 de la Cuadra&quot;<\/title>\n<meta name=\"description\" content=\"Universidad de las Artes - Alba Pe\u00f1a desentra\u00f1a en tesis de grado &quot;Lo m\u00edtico y maravilloso en la narrativa de Jos\u00e9 de la Cuadra&quot;\" \/>\n<meta name=\"robots\" content=\"index, follow, max-snippet:-1, max-image-preview:large, max-video-preview:-1\" \/>\n<link rel=\"canonical\" href=\"https:\/\/www.uartes.edu.ec\/sitio\/blog\/2020\/04\/14\/alba-pena-desentrana-en-tesis-de-grado-lo-mitico-y-maravilloso-en-la-narrativa-de-jose-de-la-cuadra\/\" \/>\n<meta property=\"og:locale\" content=\"es_ES\" \/>\n<meta property=\"og:type\" content=\"article\" \/>\n<meta property=\"og:title\" content=\"Universidad de las Artes - Alba Pe\u00f1a desentra\u00f1a en tesis de grado &quot;Lo m\u00edtico y maravilloso en la narrativa de Jos\u00e9 de la Cuadra&quot;\" \/>\n<meta property=\"og:description\" content=\"Universidad de las Artes - Alba Pe\u00f1a desentra\u00f1a en tesis de grado &quot;Lo m\u00edtico y maravilloso en la narrativa de Jos\u00e9 de la Cuadra&quot;\" \/>\n<meta property=\"og:url\" content=\"https:\/\/www.uartes.edu.ec\/sitio\/blog\/2020\/04\/14\/alba-pena-desentrana-en-tesis-de-grado-lo-mitico-y-maravilloso-en-la-narrativa-de-jose-de-la-cuadra\/\" \/>\n<meta property=\"og:site_name\" content=\"Universidad de las Artes\" \/>\n<meta property=\"article:publisher\" content=\"https:\/\/www.facebook.com\/uartesec\" \/>\n<meta property=\"article:published_time\" content=\"2020-04-14T15:47:36+00:00\" \/>\n<meta property=\"article:modified_time\" content=\"2024-07-04T16:48:12+00:00\" \/>\n<meta property=\"og:image\" content=\"https:\/\/www.uartes.edu.ec\/sitio\/wp-content\/uploads\/2020\/04\/ALBA-PENA-REDES.jpg\" \/>\n\t<meta property=\"og:image:width\" content=\"900\" \/>\n\t<meta property=\"og:image:height\" content=\"600\" \/>\n\t<meta property=\"og:image:type\" content=\"image\/jpeg\" \/>\n<meta name=\"author\" content=\"Universidad de las Artes\" \/>\n<meta name=\"twitter:card\" content=\"summary_large_image\" \/>\n<meta name=\"twitter:creator\" content=\"@uartesec\" \/>\n<meta name=\"twitter:site\" content=\"@uartesec\" \/>\n<meta name=\"twitter:label1\" content=\"Escrito por\" \/>\n\t<meta name=\"twitter:data1\" content=\"Universidad de las Artes\" \/>\n\t<meta name=\"twitter:label2\" content=\"Tiempo de lectura\" \/>\n\t<meta name=\"twitter:data2\" content=\"2 minutos\" \/>\n<script type=\"application\/ld+json\" class=\"yoast-schema-graph\">{\"@context\":\"https:\\\/\\\/schema.org\",\"@graph\":[{\"@type\":\"Article\",\"@id\":\"https:\\\/\\\/www.uartes.edu.ec\\\/sitio\\\/blog\\\/2020\\\/04\\\/14\\\/alba-pena-desentrana-en-tesis-de-grado-lo-mitico-y-maravilloso-en-la-narrativa-de-jose-de-la-cuadra\\\/#article\",\"isPartOf\":{\"@id\":\"https:\\\/\\\/www.uartes.edu.ec\\\/sitio\\\/blog\\\/2020\\\/04\\\/14\\\/alba-pena-desentrana-en-tesis-de-grado-lo-mitico-y-maravilloso-en-la-narrativa-de-jose-de-la-cuadra\\\/\"},\"author\":{\"name\":\"Universidad de las Artes\",\"@id\":\"https:\\\/\\\/www.uartes.edu.ec\\\/sitio\\\/#\\\/schema\\\/person\\\/f33f8c1d2af0d5c80a38c8abf458184a\"},\"headline\":\"Alba Pe\u00f1a desentra\u00f1a en tesis de grado &#8220;Lo m\u00edtico y maravilloso en la narrativa de Jos\u00e9 de la Cuadra&#8221;\",\"datePublished\":\"2020-04-14T15:47:36+00:00\",\"dateModified\":\"2024-07-04T16:48:12+00:00\",\"mainEntityOfPage\":{\"@id\":\"https:\\\/\\\/www.uartes.edu.ec\\\/sitio\\\/blog\\\/2020\\\/04\\\/14\\\/alba-pena-desentrana-en-tesis-de-grado-lo-mitico-y-maravilloso-en-la-narrativa-de-jose-de-la-cuadra\\\/\"},\"wordCount\":337,\"publisher\":{\"@id\":\"https:\\\/\\\/www.uartes.edu.ec\\\/sitio\\\/#organization\"},\"image\":{\"@id\":\"https:\\\/\\\/www.uartes.edu.ec\\\/sitio\\\/blog\\\/2020\\\/04\\\/14\\\/alba-pena-desentrana-en-tesis-de-grado-lo-mitico-y-maravilloso-en-la-narrativa-de-jose-de-la-cuadra\\\/#primaryimage\"},\"thumbnailUrl\":\"https:\\\/\\\/www.uartes.edu.ec\\\/sitio\\\/wp-content\\\/uploads\\\/2020\\\/04\\\/ALBA-PENA-REDES.jpg\",\"keywords\":[\"covid19\"],\"articleSection\":[\"Estudiantes\",\"Literatura\"],\"inLanguage\":\"es\"},{\"@type\":[\"WebPage\",\"ItemPage\"],\"@id\":\"https:\\\/\\\/www.uartes.edu.ec\\\/sitio\\\/blog\\\/2020\\\/04\\\/14\\\/alba-pena-desentrana-en-tesis-de-grado-lo-mitico-y-maravilloso-en-la-narrativa-de-jose-de-la-cuadra\\\/\",\"url\":\"https:\\\/\\\/www.uartes.edu.ec\\\/sitio\\\/blog\\\/2020\\\/04\\\/14\\\/alba-pena-desentrana-en-tesis-de-grado-lo-mitico-y-maravilloso-en-la-narrativa-de-jose-de-la-cuadra\\\/\",\"name\":\"Universidad de las Artes - Alba Pe\u00f1a desentra\u00f1a en tesis de grado \\\"Lo m\u00edtico y maravilloso en la narrativa de Jos\u00e9 de la Cuadra\\\"\",\"isPartOf\":{\"@id\":\"https:\\\/\\\/www.uartes.edu.ec\\\/sitio\\\/#website\"},\"primaryImageOfPage\":{\"@id\":\"https:\\\/\\\/www.uartes.edu.ec\\\/sitio\\\/blog\\\/2020\\\/04\\\/14\\\/alba-pena-desentrana-en-tesis-de-grado-lo-mitico-y-maravilloso-en-la-narrativa-de-jose-de-la-cuadra\\\/#primaryimage\"},\"image\":{\"@id\":\"https:\\\/\\\/www.uartes.edu.ec\\\/sitio\\\/blog\\\/2020\\\/04\\\/14\\\/alba-pena-desentrana-en-tesis-de-grado-lo-mitico-y-maravilloso-en-la-narrativa-de-jose-de-la-cuadra\\\/#primaryimage\"},\"thumbnailUrl\":\"https:\\\/\\\/www.uartes.edu.ec\\\/sitio\\\/wp-content\\\/uploads\\\/2020\\\/04\\\/ALBA-PENA-REDES.jpg\",\"datePublished\":\"2020-04-14T15:47:36+00:00\",\"dateModified\":\"2024-07-04T16:48:12+00:00\",\"description\":\"Universidad de las Artes - Alba Pe\u00f1a desentra\u00f1a en tesis de grado \\\"Lo m\u00edtico y maravilloso en la narrativa de Jos\u00e9 de la Cuadra\\\"\",\"breadcrumb\":{\"@id\":\"https:\\\/\\\/www.uartes.edu.ec\\\/sitio\\\/blog\\\/2020\\\/04\\\/14\\\/alba-pena-desentrana-en-tesis-de-grado-lo-mitico-y-maravilloso-en-la-narrativa-de-jose-de-la-cuadra\\\/#breadcrumb\"},\"inLanguage\":\"es\",\"potentialAction\":[{\"@type\":\"ReadAction\",\"target\":[\"https:\\\/\\\/www.uartes.edu.ec\\\/sitio\\\/blog\\\/2020\\\/04\\\/14\\\/alba-pena-desentrana-en-tesis-de-grado-lo-mitico-y-maravilloso-en-la-narrativa-de-jose-de-la-cuadra\\\/\"]}]},{\"@type\":\"ImageObject\",\"inLanguage\":\"es\",\"@id\":\"https:\\\/\\\/www.uartes.edu.ec\\\/sitio\\\/blog\\\/2020\\\/04\\\/14\\\/alba-pena-desentrana-en-tesis-de-grado-lo-mitico-y-maravilloso-en-la-narrativa-de-jose-de-la-cuadra\\\/#primaryimage\",\"url\":\"https:\\\/\\\/www.uartes.edu.ec\\\/sitio\\\/wp-content\\\/uploads\\\/2020\\\/04\\\/ALBA-PENA-REDES.jpg\",\"contentUrl\":\"https:\\\/\\\/www.uartes.edu.ec\\\/sitio\\\/wp-content\\\/uploads\\\/2020\\\/04\\\/ALBA-PENA-REDES.jpg\",\"width\":900,\"height\":600},{\"@type\":\"BreadcrumbList\",\"@id\":\"https:\\\/\\\/www.uartes.edu.ec\\\/sitio\\\/blog\\\/2020\\\/04\\\/14\\\/alba-pena-desentrana-en-tesis-de-grado-lo-mitico-y-maravilloso-en-la-narrativa-de-jose-de-la-cuadra\\\/#breadcrumb\",\"itemListElement\":[{\"@type\":\"ListItem\",\"position\":1,\"name\":\"Inicio\",\"item\":\"https:\\\/\\\/www.uartes.edu.ec\\\/sitio\\\/\"},{\"@type\":\"ListItem\",\"position\":2,\"name\":\"Alba Pe\u00f1a desentra\u00f1a en tesis de grado \u00abLo m\u00edtico y maravilloso en la narrativa de Jos\u00e9 de la Cuadra\u00bb\"}]},{\"@type\":\"WebSite\",\"@id\":\"https:\\\/\\\/www.uartes.edu.ec\\\/sitio\\\/#website\",\"url\":\"https:\\\/\\\/www.uartes.edu.ec\\\/sitio\\\/\",\"name\":\"Universidad de las Artes\",\"description\":\"Sitio oficial de la Universidad Nacional de las Artes del Ecuador\",\"publisher\":{\"@id\":\"https:\\\/\\\/www.uartes.edu.ec\\\/sitio\\\/#organization\"},\"potentialAction\":[{\"@type\":\"SearchAction\",\"target\":{\"@type\":\"EntryPoint\",\"urlTemplate\":\"https:\\\/\\\/www.uartes.edu.ec\\\/sitio\\\/?s={search_term_string}\"},\"query-input\":{\"@type\":\"PropertyValueSpecification\",\"valueRequired\":true,\"valueName\":\"search_term_string\"}}],\"inLanguage\":\"es\"},{\"@type\":\"Organization\",\"@id\":\"https:\\\/\\\/www.uartes.edu.ec\\\/sitio\\\/#organization\",\"name\":\"Universidad de las Artes\",\"url\":\"https:\\\/\\\/www.uartes.edu.ec\\\/sitio\\\/\",\"logo\":{\"@type\":\"ImageObject\",\"inLanguage\":\"es\",\"@id\":\"https:\\\/\\\/www.uartes.edu.ec\\\/sitio\\\/#\\\/schema\\\/logo\\\/image\\\/\",\"url\":\"https:\\\/\\\/www.uartes.edu.ec\\\/sitio\\\/wp-content\\\/uploads\\\/2022\\\/07\\\/logo-ua-horizontal.png\",\"contentUrl\":\"https:\\\/\\\/www.uartes.edu.ec\\\/sitio\\\/wp-content\\\/uploads\\\/2022\\\/07\\\/logo-ua-horizontal.png\",\"width\":800,\"height\":276,\"caption\":\"Universidad de las Artes\"},\"image\":{\"@id\":\"https:\\\/\\\/www.uartes.edu.ec\\\/sitio\\\/#\\\/schema\\\/logo\\\/image\\\/\"},\"sameAs\":[\"https:\\\/\\\/www.facebook.com\\\/uartesec\",\"https:\\\/\\\/x.com\\\/uartesec\",\"https:\\\/\\\/www.tiktok.com\\\/@uartesec\"]},{\"@type\":\"Person\",\"@id\":\"https:\\\/\\\/www.uartes.edu.ec\\\/sitio\\\/#\\\/schema\\\/person\\\/f33f8c1d2af0d5c80a38c8abf458184a\",\"name\":\"Universidad de las Artes\",\"image\":{\"@type\":\"ImageObject\",\"inLanguage\":\"es\",\"@id\":\"https:\\\/\\\/secure.gravatar.com\\\/avatar\\\/52e4757902f5cfa5ac52d020e5be83cae5487519154b6c35482fe08d589f3c13?s=96&d=mm&r=g\",\"url\":\"https:\\\/\\\/secure.gravatar.com\\\/avatar\\\/52e4757902f5cfa5ac52d020e5be83cae5487519154b6c35482fe08d589f3c13?s=96&d=mm&r=g\",\"contentUrl\":\"https:\\\/\\\/secure.gravatar.com\\\/avatar\\\/52e4757902f5cfa5ac52d020e5be83cae5487519154b6c35482fe08d589f3c13?s=96&d=mm&r=g\",\"caption\":\"Universidad de las Artes\"},\"url\":\"https:\\\/\\\/www.uartes.edu.ec\\\/sitio\\\/blog\\\/author\\\/dircomadm\\\/\"}]}<\/script>\n<!-- \/ Yoast SEO plugin. -->","yoast_head_json":{"title":"Universidad de las Artes - Alba Pe\u00f1a desentra\u00f1a en tesis de grado \"Lo m\u00edtico y maravilloso en la narrativa de Jos\u00e9 de la Cuadra\"","description":"Universidad de las Artes - Alba Pe\u00f1a desentra\u00f1a en tesis de grado \"Lo m\u00edtico y maravilloso en la narrativa de Jos\u00e9 de la Cuadra\"","robots":{"index":"index","follow":"follow","max-snippet":"max-snippet:-1","max-image-preview":"max-image-preview:large","max-video-preview":"max-video-preview:-1"},"canonical":"https:\/\/www.uartes.edu.ec\/sitio\/blog\/2020\/04\/14\/alba-pena-desentrana-en-tesis-de-grado-lo-mitico-y-maravilloso-en-la-narrativa-de-jose-de-la-cuadra\/","og_locale":"es_ES","og_type":"article","og_title":"Universidad de las Artes - Alba Pe\u00f1a desentra\u00f1a en tesis de grado \"Lo m\u00edtico y maravilloso en la narrativa de Jos\u00e9 de la Cuadra\"","og_description":"Universidad de las Artes - Alba Pe\u00f1a desentra\u00f1a en tesis de grado \"Lo m\u00edtico y maravilloso en la narrativa de Jos\u00e9 de la Cuadra\"","og_url":"https:\/\/www.uartes.edu.ec\/sitio\/blog\/2020\/04\/14\/alba-pena-desentrana-en-tesis-de-grado-lo-mitico-y-maravilloso-en-la-narrativa-de-jose-de-la-cuadra\/","og_site_name":"Universidad de las Artes","article_publisher":"https:\/\/www.facebook.com\/uartesec","article_published_time":"2020-04-14T15:47:36+00:00","article_modified_time":"2024-07-04T16:48:12+00:00","og_image":[{"width":900,"height":600,"url":"https:\/\/www.uartes.edu.ec\/sitio\/wp-content\/uploads\/2020\/04\/ALBA-PENA-REDES.jpg","type":"image\/jpeg"}],"author":"Universidad de las Artes","twitter_card":"summary_large_image","twitter_creator":"@uartesec","twitter_site":"@uartesec","twitter_misc":{"Escrito por":"Universidad de las Artes","Tiempo de lectura":"2 minutos"},"schema":{"@context":"https:\/\/schema.org","@graph":[{"@type":"Article","@id":"https:\/\/www.uartes.edu.ec\/sitio\/blog\/2020\/04\/14\/alba-pena-desentrana-en-tesis-de-grado-lo-mitico-y-maravilloso-en-la-narrativa-de-jose-de-la-cuadra\/#article","isPartOf":{"@id":"https:\/\/www.uartes.edu.ec\/sitio\/blog\/2020\/04\/14\/alba-pena-desentrana-en-tesis-de-grado-lo-mitico-y-maravilloso-en-la-narrativa-de-jose-de-la-cuadra\/"},"author":{"name":"Universidad de las Artes","@id":"https:\/\/www.uartes.edu.ec\/sitio\/#\/schema\/person\/f33f8c1d2af0d5c80a38c8abf458184a"},"headline":"Alba Pe\u00f1a desentra\u00f1a en tesis de grado &#8220;Lo m\u00edtico y maravilloso en la narrativa de Jos\u00e9 de la Cuadra&#8221;","datePublished":"2020-04-14T15:47:36+00:00","dateModified":"2024-07-04T16:48:12+00:00","mainEntityOfPage":{"@id":"https:\/\/www.uartes.edu.ec\/sitio\/blog\/2020\/04\/14\/alba-pena-desentrana-en-tesis-de-grado-lo-mitico-y-maravilloso-en-la-narrativa-de-jose-de-la-cuadra\/"},"wordCount":337,"publisher":{"@id":"https:\/\/www.uartes.edu.ec\/sitio\/#organization"},"image":{"@id":"https:\/\/www.uartes.edu.ec\/sitio\/blog\/2020\/04\/14\/alba-pena-desentrana-en-tesis-de-grado-lo-mitico-y-maravilloso-en-la-narrativa-de-jose-de-la-cuadra\/#primaryimage"},"thumbnailUrl":"https:\/\/www.uartes.edu.ec\/sitio\/wp-content\/uploads\/2020\/04\/ALBA-PENA-REDES.jpg","keywords":["covid19"],"articleSection":["Estudiantes","Literatura"],"inLanguage":"es"},{"@type":["WebPage","ItemPage"],"@id":"https:\/\/www.uartes.edu.ec\/sitio\/blog\/2020\/04\/14\/alba-pena-desentrana-en-tesis-de-grado-lo-mitico-y-maravilloso-en-la-narrativa-de-jose-de-la-cuadra\/","url":"https:\/\/www.uartes.edu.ec\/sitio\/blog\/2020\/04\/14\/alba-pena-desentrana-en-tesis-de-grado-lo-mitico-y-maravilloso-en-la-narrativa-de-jose-de-la-cuadra\/","name":"Universidad de las Artes - Alba Pe\u00f1a desentra\u00f1a en tesis de grado \"Lo m\u00edtico y maravilloso en la narrativa de Jos\u00e9 de la Cuadra\"","isPartOf":{"@id":"https:\/\/www.uartes.edu.ec\/sitio\/#website"},"primaryImageOfPage":{"@id":"https:\/\/www.uartes.edu.ec\/sitio\/blog\/2020\/04\/14\/alba-pena-desentrana-en-tesis-de-grado-lo-mitico-y-maravilloso-en-la-narrativa-de-jose-de-la-cuadra\/#primaryimage"},"image":{"@id":"https:\/\/www.uartes.edu.ec\/sitio\/blog\/2020\/04\/14\/alba-pena-desentrana-en-tesis-de-grado-lo-mitico-y-maravilloso-en-la-narrativa-de-jose-de-la-cuadra\/#primaryimage"},"thumbnailUrl":"https:\/\/www.uartes.edu.ec\/sitio\/wp-content\/uploads\/2020\/04\/ALBA-PENA-REDES.jpg","datePublished":"2020-04-14T15:47:36+00:00","dateModified":"2024-07-04T16:48:12+00:00","description":"Universidad de las Artes - Alba Pe\u00f1a desentra\u00f1a en tesis de grado \"Lo m\u00edtico y maravilloso en la narrativa de Jos\u00e9 de la Cuadra\"","breadcrumb":{"@id":"https:\/\/www.uartes.edu.ec\/sitio\/blog\/2020\/04\/14\/alba-pena-desentrana-en-tesis-de-grado-lo-mitico-y-maravilloso-en-la-narrativa-de-jose-de-la-cuadra\/#breadcrumb"},"inLanguage":"es","potentialAction":[{"@type":"ReadAction","target":["https:\/\/www.uartes.edu.ec\/sitio\/blog\/2020\/04\/14\/alba-pena-desentrana-en-tesis-de-grado-lo-mitico-y-maravilloso-en-la-narrativa-de-jose-de-la-cuadra\/"]}]},{"@type":"ImageObject","inLanguage":"es","@id":"https:\/\/www.uartes.edu.ec\/sitio\/blog\/2020\/04\/14\/alba-pena-desentrana-en-tesis-de-grado-lo-mitico-y-maravilloso-en-la-narrativa-de-jose-de-la-cuadra\/#primaryimage","url":"https:\/\/www.uartes.edu.ec\/sitio\/wp-content\/uploads\/2020\/04\/ALBA-PENA-REDES.jpg","contentUrl":"https:\/\/www.uartes.edu.ec\/sitio\/wp-content\/uploads\/2020\/04\/ALBA-PENA-REDES.jpg","width":900,"height":600},{"@type":"BreadcrumbList","@id":"https:\/\/www.uartes.edu.ec\/sitio\/blog\/2020\/04\/14\/alba-pena-desentrana-en-tesis-de-grado-lo-mitico-y-maravilloso-en-la-narrativa-de-jose-de-la-cuadra\/#breadcrumb","itemListElement":[{"@type":"ListItem","position":1,"name":"Inicio","item":"https:\/\/www.uartes.edu.ec\/sitio\/"},{"@type":"ListItem","position":2,"name":"Alba Pe\u00f1a desentra\u00f1a en tesis de grado \u00abLo m\u00edtico y maravilloso en la narrativa de Jos\u00e9 de la Cuadra\u00bb"}]},{"@type":"WebSite","@id":"https:\/\/www.uartes.edu.ec\/sitio\/#website","url":"https:\/\/www.uartes.edu.ec\/sitio\/","name":"Universidad de las Artes","description":"Sitio oficial de la Universidad Nacional de las Artes del Ecuador","publisher":{"@id":"https:\/\/www.uartes.edu.ec\/sitio\/#organization"},"potentialAction":[{"@type":"SearchAction","target":{"@type":"EntryPoint","urlTemplate":"https:\/\/www.uartes.edu.ec\/sitio\/?s={search_term_string}"},"query-input":{"@type":"PropertyValueSpecification","valueRequired":true,"valueName":"search_term_string"}}],"inLanguage":"es"},{"@type":"Organization","@id":"https:\/\/www.uartes.edu.ec\/sitio\/#organization","name":"Universidad de las Artes","url":"https:\/\/www.uartes.edu.ec\/sitio\/","logo":{"@type":"ImageObject","inLanguage":"es","@id":"https:\/\/www.uartes.edu.ec\/sitio\/#\/schema\/logo\/image\/","url":"https:\/\/www.uartes.edu.ec\/sitio\/wp-content\/uploads\/2022\/07\/logo-ua-horizontal.png","contentUrl":"https:\/\/www.uartes.edu.ec\/sitio\/wp-content\/uploads\/2022\/07\/logo-ua-horizontal.png","width":800,"height":276,"caption":"Universidad de las Artes"},"image":{"@id":"https:\/\/www.uartes.edu.ec\/sitio\/#\/schema\/logo\/image\/"},"sameAs":["https:\/\/www.facebook.com\/uartesec","https:\/\/x.com\/uartesec","https:\/\/www.tiktok.com\/@uartesec"]},{"@type":"Person","@id":"https:\/\/www.uartes.edu.ec\/sitio\/#\/schema\/person\/f33f8c1d2af0d5c80a38c8abf458184a","name":"Universidad de las Artes","image":{"@type":"ImageObject","inLanguage":"es","@id":"https:\/\/secure.gravatar.com\/avatar\/52e4757902f5cfa5ac52d020e5be83cae5487519154b6c35482fe08d589f3c13?s=96&d=mm&r=g","url":"https:\/\/secure.gravatar.com\/avatar\/52e4757902f5cfa5ac52d020e5be83cae5487519154b6c35482fe08d589f3c13?s=96&d=mm&r=g","contentUrl":"https:\/\/secure.gravatar.com\/avatar\/52e4757902f5cfa5ac52d020e5be83cae5487519154b6c35482fe08d589f3c13?s=96&d=mm&r=g","caption":"Universidad de las Artes"},"url":"https:\/\/www.uartes.edu.ec\/sitio\/blog\/author\/dircomadm\/"}]}},"uagb_featured_image_src":{"full":["https:\/\/www.uartes.edu.ec\/sitio\/wp-content\/uploads\/2020\/04\/ALBA-PENA-REDES.jpg",900,600,false],"thumbnail":["https:\/\/www.uartes.edu.ec\/sitio\/wp-content\/uploads\/2020\/04\/ALBA-PENA-REDES-150x150.jpg",150,150,true],"medium":["https:\/\/www.uartes.edu.ec\/sitio\/wp-content\/uploads\/2020\/04\/ALBA-PENA-REDES-300x200.jpg",300,200,true],"medium_large":["https:\/\/www.uartes.edu.ec\/sitio\/wp-content\/uploads\/2020\/04\/ALBA-PENA-REDES-768x512.jpg",768,512,true],"large":["https:\/\/www.uartes.edu.ec\/sitio\/wp-content\/uploads\/2020\/04\/ALBA-PENA-REDES-644x429.jpg",644,429,true],"1536x1536":["https:\/\/www.uartes.edu.ec\/sitio\/wp-content\/uploads\/2020\/04\/ALBA-PENA-REDES.jpg",900,600,false],"2048x2048":["https:\/\/www.uartes.edu.ec\/sitio\/wp-content\/uploads\/2020\/04\/ALBA-PENA-REDES.jpg",900,600,false],"trp-custom-language-flag":["https:\/\/www.uartes.edu.ec\/sitio\/wp-content\/uploads\/2020\/04\/ALBA-PENA-REDES.jpg",18,12,false],"htmega_size_585x295":["https:\/\/www.uartes.edu.ec\/sitio\/wp-content\/uploads\/2020\/04\/ALBA-PENA-REDES.jpg",443,295,false],"htmega_size_1170x536":["https:\/\/www.uartes.edu.ec\/sitio\/wp-content\/uploads\/2020\/04\/ALBA-PENA-REDES.jpg",804,536,false],"htmega_size_396x360":["https:\/\/www.uartes.edu.ec\/sitio\/wp-content\/uploads\/2020\/04\/ALBA-PENA-REDES.jpg",396,264,false],"gb-block-post-grid-landscape":["https:\/\/www.uartes.edu.ec\/sitio\/wp-content\/uploads\/2020\/04\/ALBA-PENA-REDES.jpg",600,400,false],"gb-block-post-grid-square":["https:\/\/www.uartes.edu.ec\/sitio\/wp-content\/uploads\/2020\/04\/ALBA-PENA-REDES.jpg",600,400,false],"university-hub-thumb":["https:\/\/www.uartes.edu.ec\/sitio\/wp-content\/uploads\/2020\/04\/ALBA-PENA-REDES-400x267.jpg",400,267,true]},"uagb_author_info":{"display_name":"Universidad de las Artes","author_link":"https:\/\/www.uartes.edu.ec\/sitio\/blog\/author\/dircomadm\/"},"uagb_comment_info":0,"uagb_excerpt":"Alba Emilia Pe\u00f1a Buena\u00f1o, estudiante de la Escuela de Literatura de la Universidad de las Artes, sustent\u00f3 v\u00eda videoconferencia su tesis de grado. Sucedi\u00f3 el jueves 9 de abril de 2020.","featured_image_src":"https:\/\/www.uartes.edu.ec\/sitio\/wp-content\/uploads\/2020\/04\/ALBA-PENA-REDES.jpg","featured_image_src_square":"https:\/\/www.uartes.edu.ec\/sitio\/wp-content\/uploads\/2020\/04\/ALBA-PENA-REDES.jpg","author_info":{"display_name":"Universidad de las Artes","author_link":"https:\/\/www.uartes.edu.ec\/sitio\/blog\/author\/dircomadm\/"},"publishpress_future_workflow_manual_trigger":{"enabledWorkflows":[]},"distributor_meta":false,"distributor_terms":false,"distributor_media":false,"distributor_original_site_name":"Universidad de las Artes","distributor_original_site_url":"https:\/\/www.uartes.edu.ec\/sitio","push-errors":false,"_links":{"self":[{"href":"https:\/\/www.uartes.edu.ec\/sitio\/wp-json\/wp\/v2\/posts\/6685","targetHints":{"allow":["GET"]}}],"collection":[{"href":"https:\/\/www.uartes.edu.ec\/sitio\/wp-json\/wp\/v2\/posts"}],"about":[{"href":"https:\/\/www.uartes.edu.ec\/sitio\/wp-json\/wp\/v2\/types\/post"}],"author":[{"embeddable":true,"href":"https:\/\/www.uartes.edu.ec\/sitio\/wp-json\/wp\/v2\/users\/1"}],"replies":[{"embeddable":true,"href":"https:\/\/www.uartes.edu.ec\/sitio\/wp-json\/wp\/v2\/comments?post=6685"}],"version-history":[{"count":1,"href":"https:\/\/www.uartes.edu.ec\/sitio\/wp-json\/wp\/v2\/posts\/6685\/revisions"}],"predecessor-version":[{"id":6686,"href":"https:\/\/www.uartes.edu.ec\/sitio\/wp-json\/wp\/v2\/posts\/6685\/revisions\/6686"}],"wp:featuredmedia":[{"embeddable":true,"href":"https:\/\/www.uartes.edu.ec\/sitio\/wp-json\/wp\/v2\/media\/6682"}],"wp:attachment":[{"href":"https:\/\/www.uartes.edu.ec\/sitio\/wp-json\/wp\/v2\/media?parent=6685"}],"wp:term":[{"taxonomy":"category","embeddable":true,"href":"https:\/\/www.uartes.edu.ec\/sitio\/wp-json\/wp\/v2\/categories?post=6685"},{"taxonomy":"post_tag","embeddable":true,"href":"https:\/\/www.uartes.edu.ec\/sitio\/wp-json\/wp\/v2\/tags?post=6685"},{"taxonomy":"infouartes","embeddable":true,"href":"https:\/\/www.uartes.edu.ec\/sitio\/wp-json\/wp\/v2\/infouartes?post=6685"}],"curies":[{"name":"wp","href":"https:\/\/api.w.org\/{rel}","templated":true}]}}