{"id":6703,"date":"2020-04-15T16:37:29","date_gmt":"2020-04-15T21:37:29","guid":{"rendered":"http:\/\/www.uartes.edu.ec\/sitio\/?p=6703"},"modified":"2024-07-04T11:48:11","modified_gmt":"2024-07-04T16:48:11","slug":"red-de-apoyo-uartes-una-iniciativa-para-enfrentar-juntos-la-cuarentena","status":"publish","type":"post","link":"https:\/\/www.uartes.edu.ec\/sitio\/blog\/2020\/04\/15\/red-de-apoyo-uartes-una-iniciativa-para-enfrentar-juntos-la-cuarentena\/","title":{"rendered":"Red de Apoyo UArtes, una iniciativa  para enfrentar juntos la cuarentena"},"content":{"rendered":"\n<p>Con el prop\u00f3sito de acompa\u00f1ar a quienes conforman la\ncomunidad de la Universidad de las Artes y a sus familias y sortear juntos y por\ndiferentes v\u00edas las dificultades de la cuarentena nace la Red de Apoyo UArtes.\nLa integran de manera voluntaria docentes, personal administrativo y\nestudiantes, quienes formaron comisiones para atender todas las necesidades. <\/p>\n\n\n\n<p>As\u00ed, por ejemplo, la comisi\u00f3n de Comunicaci\u00f3n centraliza la\ninformaci\u00f3n y dise\u00f1a m\u00e9todos \u00e1giles de difusi\u00f3n; la de Finanzas recauda aportes\nvoluntarios y los administra; la de Recursos m\u00e9dicos y psicol\u00f3gicos identifica\nredes de servicios e insumos m\u00e9dicos y apoyo psicol\u00f3gico; la de Sectorizaci\u00f3n y\nlog\u00edstica determina proveedores, servicios y procedimientos para desarrollar\nmecanismos de donaci\u00f3n e intercambio; la de Apoyo acad\u00e9mico asesora en temas\ninstitucionales como matr\u00edculas en l\u00ednea, ofrece facilidades para el acceso a\nrecursos tecnol\u00f3gicos y manejo de plataforma y brinda acompa\u00f1amiento\nestudiantil y docente; y, la de Espacios de acogida desarrolla diversas\nacciones entre grupos para la creaci\u00f3n de actividades que permitan compartir\nexperiencias y espacios de encuentro.<\/p>\n\n\n\n<p>La solidaridad, empat\u00eda y sentido de comunidad har\u00e1n m\u00e1s\nllevaderos estos momentos de crisis indica la Red de Apoyo UArtes y desde los\ndistintos estamentos que conforman la Universidad de las Artes se expresa\nsolidaridad con la ciudadan\u00eda guayaquile\u00f1a que ha perdido a sus seres queridos,\nest\u00e1 cuidando a sus enfermos y trata de sobrellevar su duelo y su quebranto.<\/p>\n\n\n\n<p><a href=\"http:\/\/www.uartes.edu.ec\/sitio\/red-de-apoyo\/\">En el enlace<\/a>&nbsp;consta una base de datos recopilados por la Red de Apoyo UArtes con informaci\u00f3n sobre v\u00edveres, atenci\u00f3n m\u00e9dica y psicol\u00f3gica, medicina, etc. Al acceder a Cuarentena GYE se podr\u00e1 encontrar una completa lista de contactos de ambulancias, hoteles de aislamiento, bioseguridad, salud, transporte, alimentos, servicios m\u00e9dicos, ayuda psicol\u00f3gica, atenci\u00f3n para mascotas, educaci\u00f3n en l\u00ednea, entre otros. En el segmento Qu\u00e9date en casa se puede ingresar a una app con servicios disponibles localizados geogr\u00e1ficamente y en el hashtag #SeOfreceCovidEC hallar estos mismos servicios en Twitter.&nbsp;<\/p>\n\n\n\n<p>En el espacio Formulario de apoyo para la comunidad UArtes se propone extender redes de comunicaci\u00f3n para ayudas mutuas. En coordinaci\u00f3n con la Secretar\u00eda de Bienestar Universitario se conform\u00f3 un comit\u00e9 para el establecimiento de una comunicaci\u00f3n constante que permita responder -en la medida de las posibilidades- las necesidades que surjan; para ser parte se invita acceder al enlace\u00a0<a rel=\"noreferrer noopener\" href=\"https:\/\/forms.office.com\/Pages\/ResponsePage.aspx?id=hZZSix6jgECbXiLF90S1hSajMuAiuO1HkQ9OArMgsyRUMklYMVlKNllZUlRLSExRRUkxS1lBMFhaRS4u\" target=\"_blank\">Formulario<\/a>.<\/p>\n\n\n\n<p>La Red de Apoyo UArtes complementa el sitio con el Protocolo obligatorio de aislamiento COVID-19, el cual invita a descargar para su revisi\u00f3n; en Dona anima a contribuir con un fondo com\u00fan para ayuda inmediata a la comunidad universitaria; da a conocer los nombres y contactos de sus integrantes, organizados como Administrativos, Literatura, Cine, Producci\u00f3n Musical, Pedagog\u00eda de las Artes y Humanidades, Artes Musicales, Danza, Artes Visuales y Creaci\u00f3n Teatral; y, en Enlaces Externos proporciona links del Certificado de defunci\u00f3n en l\u00ednea e informaci\u00f3n sobre el COVID-19, el Ministerio de Salud P\u00fablica, el Coronavirus Ecuador, la Cruz Roja Ecuatoriana, el Municipio de Guayaquil y el Gobierno del Ecuador. <\/p>\n","protected":false},"excerpt":{"rendered":"<p>Con el prop\u00f3sito de acompa\u00f1ar a quienes conforman la comunidad de la Universidad de las Artes y a sus familias y sortear juntos y por diferentes v\u00edas las dificultades de la cuarentena nace la Red de Apoyo UArtes. <\/p>\n","protected":false},"author":1,"featured_media":6704,"comment_status":"closed","ping_status":"closed","sticky":false,"template":"","format":"standard","meta":{"_acf_changed":false,"_uag_custom_page_level_css":"","_monsterinsights_skip_tracking":false,"_monsterinsights_sitenote_active":false,"_monsterinsights_sitenote_note":"","_monsterinsights_sitenote_category":0,"cybocfi_hide_featured_image":"","footnotes":""},"categories":[75,76,77,79],"tags":[211,229],"infouartes":[],"class_list":["post-6703","post","type-post","status-publish","format-standard","has-post-thumbnail","hentry","category-docentes","category-estudiantes","category-gestion","category-vinculo","tag-covid19","tag-pedagogia-de-las-artes-y-humanidades"],"acf":[],"yoast_head":"<!-- This site is optimized with the Yoast SEO plugin v27.4 - https:\/\/yoast.com\/product\/yoast-seo-wordpress\/ -->\n<title>Universidad de las Artes - Red de Apoyo UArtes, una iniciativa para enfrentar juntos la cuarentena<\/title>\n<meta name=\"description\" content=\"Universidad de las Artes - Red de Apoyo UArtes, una iniciativa para enfrentar juntos la cuarentena\" \/>\n<meta name=\"robots\" content=\"index, follow, max-snippet:-1, max-image-preview:large, max-video-preview:-1\" \/>\n<link rel=\"canonical\" href=\"https:\/\/www.uartes.edu.ec\/sitio\/blog\/2020\/04\/15\/red-de-apoyo-uartes-una-iniciativa-para-enfrentar-juntos-la-cuarentena\/\" \/>\n<meta property=\"og:locale\" content=\"es_ES\" \/>\n<meta property=\"og:type\" content=\"article\" \/>\n<meta property=\"og:title\" content=\"Universidad de las Artes - Red de Apoyo UArtes, una iniciativa para enfrentar juntos la cuarentena\" \/>\n<meta property=\"og:description\" content=\"Universidad de las Artes - Red de Apoyo UArtes, una iniciativa para enfrentar juntos la cuarentena\" \/>\n<meta property=\"og:url\" content=\"https:\/\/www.uartes.edu.ec\/sitio\/blog\/2020\/04\/15\/red-de-apoyo-uartes-una-iniciativa-para-enfrentar-juntos-la-cuarentena\/\" \/>\n<meta property=\"og:site_name\" content=\"Universidad de las Artes\" \/>\n<meta property=\"article:publisher\" content=\"https:\/\/www.facebook.com\/uartesec\" \/>\n<meta property=\"article:published_time\" content=\"2020-04-15T21:37:29+00:00\" \/>\n<meta property=\"article:modified_time\" content=\"2024-07-04T16:48:11+00:00\" \/>\n<meta property=\"og:image\" content=\"https:\/\/www.uartes.edu.ec\/sitio\/wp-content\/uploads\/2020\/04\/UARTES-EN-CASA-PROPUESTA-3.jpg\" \/>\n\t<meta property=\"og:image:width\" content=\"1120\" \/>\n\t<meta property=\"og:image:height\" content=\"747\" \/>\n\t<meta property=\"og:image:type\" content=\"image\/jpeg\" \/>\n<meta name=\"author\" content=\"Universidad de las Artes\" \/>\n<meta name=\"twitter:card\" content=\"summary_large_image\" \/>\n<meta name=\"twitter:creator\" content=\"@uartesec\" \/>\n<meta name=\"twitter:site\" content=\"@uartesec\" \/>\n<meta name=\"twitter:label1\" content=\"Escrito por\" \/>\n\t<meta name=\"twitter:data1\" content=\"Universidad de las Artes\" \/>\n\t<meta name=\"twitter:label2\" content=\"Tiempo de lectura\" \/>\n\t<meta name=\"twitter:data2\" content=\"3 minutos\" \/>\n<script type=\"application\/ld+json\" class=\"yoast-schema-graph\">{\"@context\":\"https:\\\/\\\/schema.org\",\"@graph\":[{\"@type\":\"Article\",\"@id\":\"https:\\\/\\\/www.uartes.edu.ec\\\/sitio\\\/blog\\\/2020\\\/04\\\/15\\\/red-de-apoyo-uartes-una-iniciativa-para-enfrentar-juntos-la-cuarentena\\\/#article\",\"isPartOf\":{\"@id\":\"https:\\\/\\\/www.uartes.edu.ec\\\/sitio\\\/blog\\\/2020\\\/04\\\/15\\\/red-de-apoyo-uartes-una-iniciativa-para-enfrentar-juntos-la-cuarentena\\\/\"},\"author\":{\"name\":\"Universidad de las Artes\",\"@id\":\"https:\\\/\\\/www.uartes.edu.ec\\\/sitio\\\/#\\\/schema\\\/person\\\/f33f8c1d2af0d5c80a38c8abf458184a\"},\"headline\":\"Red de Apoyo UArtes, una iniciativa para enfrentar juntos la cuarentena\",\"datePublished\":\"2020-04-15T21:37:29+00:00\",\"dateModified\":\"2024-07-04T16:48:11+00:00\",\"mainEntityOfPage\":{\"@id\":\"https:\\\/\\\/www.uartes.edu.ec\\\/sitio\\\/blog\\\/2020\\\/04\\\/15\\\/red-de-apoyo-uartes-una-iniciativa-para-enfrentar-juntos-la-cuarentena\\\/\"},\"wordCount\":548,\"publisher\":{\"@id\":\"https:\\\/\\\/www.uartes.edu.ec\\\/sitio\\\/#organization\"},\"image\":{\"@id\":\"https:\\\/\\\/www.uartes.edu.ec\\\/sitio\\\/blog\\\/2020\\\/04\\\/15\\\/red-de-apoyo-uartes-una-iniciativa-para-enfrentar-juntos-la-cuarentena\\\/#primaryimage\"},\"thumbnailUrl\":\"https:\\\/\\\/www.uartes.edu.ec\\\/sitio\\\/wp-content\\\/uploads\\\/2020\\\/04\\\/UARTES-EN-CASA-PROPUESTA-3.jpg\",\"keywords\":[\"covid19\",\"Pedagog\u00eda de las Artes y Humanidades\"],\"articleSection\":[\"Docentes\",\"Estudiantes\",\"Gesti\u00f3n\",\"V\u00ednculo\"],\"inLanguage\":\"es\"},{\"@type\":[\"WebPage\",\"ItemPage\"],\"@id\":\"https:\\\/\\\/www.uartes.edu.ec\\\/sitio\\\/blog\\\/2020\\\/04\\\/15\\\/red-de-apoyo-uartes-una-iniciativa-para-enfrentar-juntos-la-cuarentena\\\/\",\"url\":\"https:\\\/\\\/www.uartes.edu.ec\\\/sitio\\\/blog\\\/2020\\\/04\\\/15\\\/red-de-apoyo-uartes-una-iniciativa-para-enfrentar-juntos-la-cuarentena\\\/\",\"name\":\"Universidad de las Artes - Red de Apoyo UArtes, una iniciativa para enfrentar juntos la cuarentena\",\"isPartOf\":{\"@id\":\"https:\\\/\\\/www.uartes.edu.ec\\\/sitio\\\/#website\"},\"primaryImageOfPage\":{\"@id\":\"https:\\\/\\\/www.uartes.edu.ec\\\/sitio\\\/blog\\\/2020\\\/04\\\/15\\\/red-de-apoyo-uartes-una-iniciativa-para-enfrentar-juntos-la-cuarentena\\\/#primaryimage\"},\"image\":{\"@id\":\"https:\\\/\\\/www.uartes.edu.ec\\\/sitio\\\/blog\\\/2020\\\/04\\\/15\\\/red-de-apoyo-uartes-una-iniciativa-para-enfrentar-juntos-la-cuarentena\\\/#primaryimage\"},\"thumbnailUrl\":\"https:\\\/\\\/www.uartes.edu.ec\\\/sitio\\\/wp-content\\\/uploads\\\/2020\\\/04\\\/UARTES-EN-CASA-PROPUESTA-3.jpg\",\"datePublished\":\"2020-04-15T21:37:29+00:00\",\"dateModified\":\"2024-07-04T16:48:11+00:00\",\"description\":\"Universidad de las Artes - Red de Apoyo UArtes, una iniciativa para enfrentar juntos la cuarentena\",\"breadcrumb\":{\"@id\":\"https:\\\/\\\/www.uartes.edu.ec\\\/sitio\\\/blog\\\/2020\\\/04\\\/15\\\/red-de-apoyo-uartes-una-iniciativa-para-enfrentar-juntos-la-cuarentena\\\/#breadcrumb\"},\"inLanguage\":\"es\",\"potentialAction\":[{\"@type\":\"ReadAction\",\"target\":[\"https:\\\/\\\/www.uartes.edu.ec\\\/sitio\\\/blog\\\/2020\\\/04\\\/15\\\/red-de-apoyo-uartes-una-iniciativa-para-enfrentar-juntos-la-cuarentena\\\/\"]}]},{\"@type\":\"ImageObject\",\"inLanguage\":\"es\",\"@id\":\"https:\\\/\\\/www.uartes.edu.ec\\\/sitio\\\/blog\\\/2020\\\/04\\\/15\\\/red-de-apoyo-uartes-una-iniciativa-para-enfrentar-juntos-la-cuarentena\\\/#primaryimage\",\"url\":\"https:\\\/\\\/www.uartes.edu.ec\\\/sitio\\\/wp-content\\\/uploads\\\/2020\\\/04\\\/UARTES-EN-CASA-PROPUESTA-3.jpg\",\"contentUrl\":\"https:\\\/\\\/www.uartes.edu.ec\\\/sitio\\\/wp-content\\\/uploads\\\/2020\\\/04\\\/UARTES-EN-CASA-PROPUESTA-3.jpg\",\"width\":1120,\"height\":747},{\"@type\":\"BreadcrumbList\",\"@id\":\"https:\\\/\\\/www.uartes.edu.ec\\\/sitio\\\/blog\\\/2020\\\/04\\\/15\\\/red-de-apoyo-uartes-una-iniciativa-para-enfrentar-juntos-la-cuarentena\\\/#breadcrumb\",\"itemListElement\":[{\"@type\":\"ListItem\",\"position\":1,\"name\":\"Inicio\",\"item\":\"https:\\\/\\\/www.uartes.edu.ec\\\/sitio\\\/\"},{\"@type\":\"ListItem\",\"position\":2,\"name\":\"Red de Apoyo UArtes, una iniciativa para enfrentar juntos la cuarentena\"}]},{\"@type\":\"WebSite\",\"@id\":\"https:\\\/\\\/www.uartes.edu.ec\\\/sitio\\\/#website\",\"url\":\"https:\\\/\\\/www.uartes.edu.ec\\\/sitio\\\/\",\"name\":\"Universidad de las Artes\",\"description\":\"Sitio oficial de la Universidad Nacional de las Artes del Ecuador\",\"publisher\":{\"@id\":\"https:\\\/\\\/www.uartes.edu.ec\\\/sitio\\\/#organization\"},\"potentialAction\":[{\"@type\":\"SearchAction\",\"target\":{\"@type\":\"EntryPoint\",\"urlTemplate\":\"https:\\\/\\\/www.uartes.edu.ec\\\/sitio\\\/?s={search_term_string}\"},\"query-input\":{\"@type\":\"PropertyValueSpecification\",\"valueRequired\":true,\"valueName\":\"search_term_string\"}}],\"inLanguage\":\"es\"},{\"@type\":\"Organization\",\"@id\":\"https:\\\/\\\/www.uartes.edu.ec\\\/sitio\\\/#organization\",\"name\":\"Universidad de las Artes\",\"url\":\"https:\\\/\\\/www.uartes.edu.ec\\\/sitio\\\/\",\"logo\":{\"@type\":\"ImageObject\",\"inLanguage\":\"es\",\"@id\":\"https:\\\/\\\/www.uartes.edu.ec\\\/sitio\\\/#\\\/schema\\\/logo\\\/image\\\/\",\"url\":\"https:\\\/\\\/www.uartes.edu.ec\\\/sitio\\\/wp-content\\\/uploads\\\/2022\\\/07\\\/logo-ua-horizontal.png\",\"contentUrl\":\"https:\\\/\\\/www.uartes.edu.ec\\\/sitio\\\/wp-content\\\/uploads\\\/2022\\\/07\\\/logo-ua-horizontal.png\",\"width\":800,\"height\":276,\"caption\":\"Universidad de las Artes\"},\"image\":{\"@id\":\"https:\\\/\\\/www.uartes.edu.ec\\\/sitio\\\/#\\\/schema\\\/logo\\\/image\\\/\"},\"sameAs\":[\"https:\\\/\\\/www.facebook.com\\\/uartesec\",\"https:\\\/\\\/x.com\\\/uartesec\",\"https:\\\/\\\/www.tiktok.com\\\/@uartesec\"]},{\"@type\":\"Person\",\"@id\":\"https:\\\/\\\/www.uartes.edu.ec\\\/sitio\\\/#\\\/schema\\\/person\\\/f33f8c1d2af0d5c80a38c8abf458184a\",\"name\":\"Universidad de las Artes\",\"image\":{\"@type\":\"ImageObject\",\"inLanguage\":\"es\",\"@id\":\"https:\\\/\\\/secure.gravatar.com\\\/avatar\\\/52e4757902f5cfa5ac52d020e5be83cae5487519154b6c35482fe08d589f3c13?s=96&d=mm&r=g\",\"url\":\"https:\\\/\\\/secure.gravatar.com\\\/avatar\\\/52e4757902f5cfa5ac52d020e5be83cae5487519154b6c35482fe08d589f3c13?s=96&d=mm&r=g\",\"contentUrl\":\"https:\\\/\\\/secure.gravatar.com\\\/avatar\\\/52e4757902f5cfa5ac52d020e5be83cae5487519154b6c35482fe08d589f3c13?s=96&d=mm&r=g\",\"caption\":\"Universidad de las Artes\"},\"url\":\"https:\\\/\\\/www.uartes.edu.ec\\\/sitio\\\/blog\\\/author\\\/dircomadm\\\/\"}]}<\/script>\n<!-- \/ Yoast SEO plugin. -->","yoast_head_json":{"title":"Universidad de las Artes - Red de Apoyo UArtes, una iniciativa para enfrentar juntos la cuarentena","description":"Universidad de las Artes - Red de Apoyo UArtes, una iniciativa para enfrentar juntos la cuarentena","robots":{"index":"index","follow":"follow","max-snippet":"max-snippet:-1","max-image-preview":"max-image-preview:large","max-video-preview":"max-video-preview:-1"},"canonical":"https:\/\/www.uartes.edu.ec\/sitio\/blog\/2020\/04\/15\/red-de-apoyo-uartes-una-iniciativa-para-enfrentar-juntos-la-cuarentena\/","og_locale":"es_ES","og_type":"article","og_title":"Universidad de las Artes - Red de Apoyo UArtes, una iniciativa para enfrentar juntos la cuarentena","og_description":"Universidad de las Artes - Red de Apoyo UArtes, una iniciativa para enfrentar juntos la cuarentena","og_url":"https:\/\/www.uartes.edu.ec\/sitio\/blog\/2020\/04\/15\/red-de-apoyo-uartes-una-iniciativa-para-enfrentar-juntos-la-cuarentena\/","og_site_name":"Universidad de las Artes","article_publisher":"https:\/\/www.facebook.com\/uartesec","article_published_time":"2020-04-15T21:37:29+00:00","article_modified_time":"2024-07-04T16:48:11+00:00","og_image":[{"width":1120,"height":747,"url":"https:\/\/www.uartes.edu.ec\/sitio\/wp-content\/uploads\/2020\/04\/UARTES-EN-CASA-PROPUESTA-3.jpg","type":"image\/jpeg"}],"author":"Universidad de las Artes","twitter_card":"summary_large_image","twitter_creator":"@uartesec","twitter_site":"@uartesec","twitter_misc":{"Escrito por":"Universidad de las Artes","Tiempo de lectura":"3 minutos"},"schema":{"@context":"https:\/\/schema.org","@graph":[{"@type":"Article","@id":"https:\/\/www.uartes.edu.ec\/sitio\/blog\/2020\/04\/15\/red-de-apoyo-uartes-una-iniciativa-para-enfrentar-juntos-la-cuarentena\/#article","isPartOf":{"@id":"https:\/\/www.uartes.edu.ec\/sitio\/blog\/2020\/04\/15\/red-de-apoyo-uartes-una-iniciativa-para-enfrentar-juntos-la-cuarentena\/"},"author":{"name":"Universidad de las Artes","@id":"https:\/\/www.uartes.edu.ec\/sitio\/#\/schema\/person\/f33f8c1d2af0d5c80a38c8abf458184a"},"headline":"Red de Apoyo UArtes, una iniciativa para enfrentar juntos la cuarentena","datePublished":"2020-04-15T21:37:29+00:00","dateModified":"2024-07-04T16:48:11+00:00","mainEntityOfPage":{"@id":"https:\/\/www.uartes.edu.ec\/sitio\/blog\/2020\/04\/15\/red-de-apoyo-uartes-una-iniciativa-para-enfrentar-juntos-la-cuarentena\/"},"wordCount":548,"publisher":{"@id":"https:\/\/www.uartes.edu.ec\/sitio\/#organization"},"image":{"@id":"https:\/\/www.uartes.edu.ec\/sitio\/blog\/2020\/04\/15\/red-de-apoyo-uartes-una-iniciativa-para-enfrentar-juntos-la-cuarentena\/#primaryimage"},"thumbnailUrl":"https:\/\/www.uartes.edu.ec\/sitio\/wp-content\/uploads\/2020\/04\/UARTES-EN-CASA-PROPUESTA-3.jpg","keywords":["covid19","Pedagog\u00eda de las Artes y Humanidades"],"articleSection":["Docentes","Estudiantes","Gesti\u00f3n","V\u00ednculo"],"inLanguage":"es"},{"@type":["WebPage","ItemPage"],"@id":"https:\/\/www.uartes.edu.ec\/sitio\/blog\/2020\/04\/15\/red-de-apoyo-uartes-una-iniciativa-para-enfrentar-juntos-la-cuarentena\/","url":"https:\/\/www.uartes.edu.ec\/sitio\/blog\/2020\/04\/15\/red-de-apoyo-uartes-una-iniciativa-para-enfrentar-juntos-la-cuarentena\/","name":"Universidad de las Artes - Red de Apoyo UArtes, una iniciativa para enfrentar juntos la cuarentena","isPartOf":{"@id":"https:\/\/www.uartes.edu.ec\/sitio\/#website"},"primaryImageOfPage":{"@id":"https:\/\/www.uartes.edu.ec\/sitio\/blog\/2020\/04\/15\/red-de-apoyo-uartes-una-iniciativa-para-enfrentar-juntos-la-cuarentena\/#primaryimage"},"image":{"@id":"https:\/\/www.uartes.edu.ec\/sitio\/blog\/2020\/04\/15\/red-de-apoyo-uartes-una-iniciativa-para-enfrentar-juntos-la-cuarentena\/#primaryimage"},"thumbnailUrl":"https:\/\/www.uartes.edu.ec\/sitio\/wp-content\/uploads\/2020\/04\/UARTES-EN-CASA-PROPUESTA-3.jpg","datePublished":"2020-04-15T21:37:29+00:00","dateModified":"2024-07-04T16:48:11+00:00","description":"Universidad de las Artes - Red de Apoyo UArtes, una iniciativa para enfrentar juntos la cuarentena","breadcrumb":{"@id":"https:\/\/www.uartes.edu.ec\/sitio\/blog\/2020\/04\/15\/red-de-apoyo-uartes-una-iniciativa-para-enfrentar-juntos-la-cuarentena\/#breadcrumb"},"inLanguage":"es","potentialAction":[{"@type":"ReadAction","target":["https:\/\/www.uartes.edu.ec\/sitio\/blog\/2020\/04\/15\/red-de-apoyo-uartes-una-iniciativa-para-enfrentar-juntos-la-cuarentena\/"]}]},{"@type":"ImageObject","inLanguage":"es","@id":"https:\/\/www.uartes.edu.ec\/sitio\/blog\/2020\/04\/15\/red-de-apoyo-uartes-una-iniciativa-para-enfrentar-juntos-la-cuarentena\/#primaryimage","url":"https:\/\/www.uartes.edu.ec\/sitio\/wp-content\/uploads\/2020\/04\/UARTES-EN-CASA-PROPUESTA-3.jpg","contentUrl":"https:\/\/www.uartes.edu.ec\/sitio\/wp-content\/uploads\/2020\/04\/UARTES-EN-CASA-PROPUESTA-3.jpg","width":1120,"height":747},{"@type":"BreadcrumbList","@id":"https:\/\/www.uartes.edu.ec\/sitio\/blog\/2020\/04\/15\/red-de-apoyo-uartes-una-iniciativa-para-enfrentar-juntos-la-cuarentena\/#breadcrumb","itemListElement":[{"@type":"ListItem","position":1,"name":"Inicio","item":"https:\/\/www.uartes.edu.ec\/sitio\/"},{"@type":"ListItem","position":2,"name":"Red de Apoyo UArtes, una iniciativa para enfrentar juntos la cuarentena"}]},{"@type":"WebSite","@id":"https:\/\/www.uartes.edu.ec\/sitio\/#website","url":"https:\/\/www.uartes.edu.ec\/sitio\/","name":"Universidad de las Artes","description":"Sitio oficial de la Universidad Nacional de las Artes del Ecuador","publisher":{"@id":"https:\/\/www.uartes.edu.ec\/sitio\/#organization"},"potentialAction":[{"@type":"SearchAction","target":{"@type":"EntryPoint","urlTemplate":"https:\/\/www.uartes.edu.ec\/sitio\/?s={search_term_string}"},"query-input":{"@type":"PropertyValueSpecification","valueRequired":true,"valueName":"search_term_string"}}],"inLanguage":"es"},{"@type":"Organization","@id":"https:\/\/www.uartes.edu.ec\/sitio\/#organization","name":"Universidad de las Artes","url":"https:\/\/www.uartes.edu.ec\/sitio\/","logo":{"@type":"ImageObject","inLanguage":"es","@id":"https:\/\/www.uartes.edu.ec\/sitio\/#\/schema\/logo\/image\/","url":"https:\/\/www.uartes.edu.ec\/sitio\/wp-content\/uploads\/2022\/07\/logo-ua-horizontal.png","contentUrl":"https:\/\/www.uartes.edu.ec\/sitio\/wp-content\/uploads\/2022\/07\/logo-ua-horizontal.png","width":800,"height":276,"caption":"Universidad de las Artes"},"image":{"@id":"https:\/\/www.uartes.edu.ec\/sitio\/#\/schema\/logo\/image\/"},"sameAs":["https:\/\/www.facebook.com\/uartesec","https:\/\/x.com\/uartesec","https:\/\/www.tiktok.com\/@uartesec"]},{"@type":"Person","@id":"https:\/\/www.uartes.edu.ec\/sitio\/#\/schema\/person\/f33f8c1d2af0d5c80a38c8abf458184a","name":"Universidad de las Artes","image":{"@type":"ImageObject","inLanguage":"es","@id":"https:\/\/secure.gravatar.com\/avatar\/52e4757902f5cfa5ac52d020e5be83cae5487519154b6c35482fe08d589f3c13?s=96&d=mm&r=g","url":"https:\/\/secure.gravatar.com\/avatar\/52e4757902f5cfa5ac52d020e5be83cae5487519154b6c35482fe08d589f3c13?s=96&d=mm&r=g","contentUrl":"https:\/\/secure.gravatar.com\/avatar\/52e4757902f5cfa5ac52d020e5be83cae5487519154b6c35482fe08d589f3c13?s=96&d=mm&r=g","caption":"Universidad de las Artes"},"url":"https:\/\/www.uartes.edu.ec\/sitio\/blog\/author\/dircomadm\/"}]}},"uagb_featured_image_src":{"full":["https:\/\/www.uartes.edu.ec\/sitio\/wp-content\/uploads\/2020\/04\/UARTES-EN-CASA-PROPUESTA-3.jpg",1120,747,false],"thumbnail":["https:\/\/www.uartes.edu.ec\/sitio\/wp-content\/uploads\/2020\/04\/UARTES-EN-CASA-PROPUESTA-3-150x150.jpg",150,150,true],"medium":["https:\/\/www.uartes.edu.ec\/sitio\/wp-content\/uploads\/2020\/04\/UARTES-EN-CASA-PROPUESTA-3-300x200.jpg",300,200,true],"medium_large":["https:\/\/www.uartes.edu.ec\/sitio\/wp-content\/uploads\/2020\/04\/UARTES-EN-CASA-PROPUESTA-3-768x512.jpg",768,512,true],"large":["https:\/\/www.uartes.edu.ec\/sitio\/wp-content\/uploads\/2020\/04\/UARTES-EN-CASA-PROPUESTA-3-644x430.jpg",644,430,true],"1536x1536":["https:\/\/www.uartes.edu.ec\/sitio\/wp-content\/uploads\/2020\/04\/UARTES-EN-CASA-PROPUESTA-3.jpg",1120,747,false],"2048x2048":["https:\/\/www.uartes.edu.ec\/sitio\/wp-content\/uploads\/2020\/04\/UARTES-EN-CASA-PROPUESTA-3.jpg",1120,747,false],"trp-custom-language-flag":["https:\/\/www.uartes.edu.ec\/sitio\/wp-content\/uploads\/2020\/04\/UARTES-EN-CASA-PROPUESTA-3.jpg",18,12,false],"htmega_size_585x295":["https:\/\/www.uartes.edu.ec\/sitio\/wp-content\/uploads\/2020\/04\/UARTES-EN-CASA-PROPUESTA-3.jpg",442,295,false],"htmega_size_1170x536":["https:\/\/www.uartes.edu.ec\/sitio\/wp-content\/uploads\/2020\/04\/UARTES-EN-CASA-PROPUESTA-3.jpg",804,536,false],"htmega_size_396x360":["https:\/\/www.uartes.edu.ec\/sitio\/wp-content\/uploads\/2020\/04\/UARTES-EN-CASA-PROPUESTA-3.jpg",396,264,false],"gb-block-post-grid-landscape":["https:\/\/www.uartes.edu.ec\/sitio\/wp-content\/uploads\/2020\/04\/UARTES-EN-CASA-PROPUESTA-3.jpg",600,400,false],"gb-block-post-grid-square":["https:\/\/www.uartes.edu.ec\/sitio\/wp-content\/uploads\/2020\/04\/UARTES-EN-CASA-PROPUESTA-3.jpg",600,400,false],"university-hub-thumb":["https:\/\/www.uartes.edu.ec\/sitio\/wp-content\/uploads\/2020\/04\/UARTES-EN-CASA-PROPUESTA-3-400x267.jpg",400,267,true]},"uagb_author_info":{"display_name":"Universidad de las Artes","author_link":"https:\/\/www.uartes.edu.ec\/sitio\/blog\/author\/dircomadm\/"},"uagb_comment_info":0,"uagb_excerpt":"Con el prop\u00f3sito de acompa\u00f1ar a quienes conforman la comunidad de la Universidad de las Artes y a sus familias y sortear juntos y por diferentes v\u00edas las dificultades de la cuarentena nace la Red de Apoyo UArtes.","featured_image_src":"https:\/\/www.uartes.edu.ec\/sitio\/wp-content\/uploads\/2020\/04\/UARTES-EN-CASA-PROPUESTA-3.jpg","featured_image_src_square":"https:\/\/www.uartes.edu.ec\/sitio\/wp-content\/uploads\/2020\/04\/UARTES-EN-CASA-PROPUESTA-3.jpg","author_info":{"display_name":"Universidad de las Artes","author_link":"https:\/\/www.uartes.edu.ec\/sitio\/blog\/author\/dircomadm\/"},"publishpress_future_workflow_manual_trigger":{"enabledWorkflows":[]},"distributor_meta":false,"distributor_terms":false,"distributor_media":false,"distributor_original_site_name":"Universidad de las Artes","distributor_original_site_url":"https:\/\/www.uartes.edu.ec\/sitio","push-errors":false,"_links":{"self":[{"href":"https:\/\/www.uartes.edu.ec\/sitio\/wp-json\/wp\/v2\/posts\/6703","targetHints":{"allow":["GET"]}}],"collection":[{"href":"https:\/\/www.uartes.edu.ec\/sitio\/wp-json\/wp\/v2\/posts"}],"about":[{"href":"https:\/\/www.uartes.edu.ec\/sitio\/wp-json\/wp\/v2\/types\/post"}],"author":[{"embeddable":true,"href":"https:\/\/www.uartes.edu.ec\/sitio\/wp-json\/wp\/v2\/users\/1"}],"replies":[{"embeddable":true,"href":"https:\/\/www.uartes.edu.ec\/sitio\/wp-json\/wp\/v2\/comments?post=6703"}],"version-history":[{"count":2,"href":"https:\/\/www.uartes.edu.ec\/sitio\/wp-json\/wp\/v2\/posts\/6703\/revisions"}],"predecessor-version":[{"id":6706,"href":"https:\/\/www.uartes.edu.ec\/sitio\/wp-json\/wp\/v2\/posts\/6703\/revisions\/6706"}],"wp:featuredmedia":[{"embeddable":true,"href":"https:\/\/www.uartes.edu.ec\/sitio\/wp-json\/wp\/v2\/media\/6704"}],"wp:attachment":[{"href":"https:\/\/www.uartes.edu.ec\/sitio\/wp-json\/wp\/v2\/media?parent=6703"}],"wp:term":[{"taxonomy":"category","embeddable":true,"href":"https:\/\/www.uartes.edu.ec\/sitio\/wp-json\/wp\/v2\/categories?post=6703"},{"taxonomy":"post_tag","embeddable":true,"href":"https:\/\/www.uartes.edu.ec\/sitio\/wp-json\/wp\/v2\/tags?post=6703"},{"taxonomy":"infouartes","embeddable":true,"href":"https:\/\/www.uartes.edu.ec\/sitio\/wp-json\/wp\/v2\/infouartes?post=6703"}],"curies":[{"name":"wp","href":"https:\/\/api.w.org\/{rel}","templated":true}]}}