{"id":67396,"date":"2025-01-17T16:56:00","date_gmt":"2025-01-17T21:56:00","guid":{"rendered":"https:\/\/www.uartes.edu.ec\/sitio\/?p=67396"},"modified":"2025-01-21T19:24:07","modified_gmt":"2025-01-22T00:24:07","slug":"suenan-las-tamagotchis-con-ovejas-electricas-muestra-de-titulacion-de-estudiante-noelia-sosa","status":"publish","type":"post","link":"https:\/\/www.uartes.edu.ec\/sitio\/blog\/2025\/01\/17\/suenan-las-tamagotchis-con-ovejas-electricas-muestra-de-titulacion-de-estudiante-noelia-sosa\/","title":{"rendered":"\u201c\u00bfSue\u00f1an las tamagotchis con ovejas el\u00e9ctricas?\u201d, muestra de titulaci\u00f3n de estudiante de Visuales Noelia Sosa"},"content":{"rendered":"\n<p>Tres a\u00f1os viene Noelia Sosa trabajando en la est\u00e9tica de esta propuesta, se\u00f1al\u00f3 la docente Gabriela Fabre en la inauguraci\u00f3n de la muestra de titulaci\u00f3n \u201c\u00bfSue\u00f1an las tamagotchis con ovejas el\u00e9ctricas?\u201d de la estudiante de la Escuela de Artes Visuales, de quien fue su tutora. El acto tuvo lugar este 15 de enero en el Garaje del edificio Enrique T\u00e1bara.<\/p>\n\n\n\n<p>Junto con los docentes y estudiantes de Artes Visuales y otras escuelas UArtes, a la apertura de la exposici\u00f3n acudi\u00f3 la vicerrectora de Posgrado e Investigaci\u00f3n en Artes, doctora Olga L\u00f3pez. En su intervenci\u00f3n, Sosa, quien art\u00edsticamente se da a conocer como <em>Sawness<\/em>, agradeci\u00f3 al p\u00fablico y a los profesores y compa\u00f1eros que colaboraron en sus procesos y en el montaje de las obras. Entre otros, a Gabriela Fabre, su tutora, y a Rosa Valdez, por colaborarle en la investigaci\u00f3n y producci\u00f3n de su documento de tesis y en la ejecuci\u00f3n de ciertas obras que, revel\u00f3, le cost\u00f3 cerrar.<\/p>\n\n\n\n<p>\u201cA las montajistas, gracias a su esfuerzo esta edici\u00f3n fuese posible, ya que ayudaron mucho en esta parte de montaje\u201d, anot\u00f3 Noelia Sosa, nombr\u00e1ndolas: Krystel Guerrero, G\u00e9nesis Alvarado, Angie Ponce, Alejandra Merino y Janira Calle.<\/p>\n\n\n<div class=\"wp-block-image\">\n<figure class=\"aligncenter size-large\"><img fetchpriority=\"high\" decoding=\"async\" width=\"644\" height=\"429\" src=\"https:\/\/www.uartes.edu.ec\/sitio\/wp-content\/uploads\/2025\/01\/01-NOELIA-SOSA-TABARA-1-644x429.jpg\" alt=\"\" class=\"wp-image-67399\" srcset=\"https:\/\/www.uartes.edu.ec\/sitio\/wp-content\/uploads\/2025\/01\/01-NOELIA-SOSA-TABARA-1-644x429.jpg 644w, https:\/\/www.uartes.edu.ec\/sitio\/wp-content\/uploads\/2025\/01\/01-NOELIA-SOSA-TABARA-1-300x200.jpg 300w, https:\/\/www.uartes.edu.ec\/sitio\/wp-content\/uploads\/2025\/01\/01-NOELIA-SOSA-TABARA-1-768x512.jpg 768w, https:\/\/www.uartes.edu.ec\/sitio\/wp-content\/uploads\/2025\/01\/01-NOELIA-SOSA-TABARA-1-1536x1024.jpg 1536w, https:\/\/www.uartes.edu.ec\/sitio\/wp-content\/uploads\/2025\/01\/01-NOELIA-SOSA-TABARA-1-18x12.jpg 18w, https:\/\/www.uartes.edu.ec\/sitio\/wp-content\/uploads\/2025\/01\/01-NOELIA-SOSA-TABARA-1-600x400.jpg 600w, https:\/\/www.uartes.edu.ec\/sitio\/wp-content\/uploads\/2025\/01\/01-NOELIA-SOSA-TABARA-1-400x267.jpg 400w, https:\/\/www.uartes.edu.ec\/sitio\/wp-content\/uploads\/2025\/01\/01-NOELIA-SOSA-TABARA-1-272x182.jpg 272w, https:\/\/www.uartes.edu.ec\/sitio\/wp-content\/uploads\/2025\/01\/01-NOELIA-SOSA-TABARA-1.jpg 2000w\" sizes=\"(max-width: 644px) 100vw, 644px\" \/><\/figure>\n<\/div>\n\n\n<p>De la muestra \u201c\u00bfSue\u00f1an las tamagotchis con ovejas el\u00e9ctricas?, en su texto curatorial, la docente Gabriela Fabre se\u00f1ala que los mundos subjetivos de Noelia Sosa se despliegan en la exposici\u00f3n, la cual re\u00fane una producci\u00f3n art\u00edstica construida a partir de una constante exploraci\u00f3n personal. \u201cEn estos mundos\/para\u00edsos, cargados de s\u00edmbolos y referencias, ella reflexiona sobre temas como la inocencia, la ingenuidad y el despertar de la conciencia. A trav\u00e9s de su obra, la artista recrea espacios en el que, desde una mirada fresca y provocadora, se cuestiona ideas sobre el cuerpo, la sexualidad, lo femenino, en un di\u00e1logo \u00edntimo y contempor\u00e1neo\u201d.<\/p>\n\n\n\n<p>Agrega que el universo visual de Noelia combina una est\u00e9tica girly que toma fuerza de elementos cotidianos y digitales, tales como las redes sociales y los memes, integr\u00e1ndolos en una narrativa que transforma lo trivial en algo profundamente significativo. Este contraste entre lo naif y lo consciente permite construir un relato que juega con la idealizaci\u00f3n, el humor y la autoconciencia, mostrando c\u00f3mo lo personal y lo colectivo convergen en un mismo espacio.<\/p>\n\n\n\n<p>Destaca, adem\u00e1s, la figura de su alter ego, <em>Sawness,<\/em> un personaje que resignifica lo cotidiano y lo transforma en un medio de exploraci\u00f3n emocional y est\u00e9tica. <em>Sawness <\/em>encarna la capacidad de convertir lo mundano \u2014consumo de m\u00fasica, videojuegos y series\u2014 en experiencias que reimaginan el para\u00edso desde una perspectiva moderna y autorreferencial.<\/p>\n\n\n\n<figure class=\"wp-block-gallery has-nested-images columns-default is-cropped wp-block-gallery-1 is-layout-flex wp-block-gallery-is-layout-flex\">\n<figure class=\"wp-block-image size-large\"><img decoding=\"async\" width=\"644\" height=\"429\" data-id=\"67401\" src=\"https:\/\/www.uartes.edu.ec\/sitio\/wp-content\/uploads\/2025\/01\/05-expo-el-garaje-noelia-sosa-1-644x429.jpg\" alt=\"\" class=\"wp-image-67401\" srcset=\"https:\/\/www.uartes.edu.ec\/sitio\/wp-content\/uploads\/2025\/01\/05-expo-el-garaje-noelia-sosa-1-644x429.jpg 644w, https:\/\/www.uartes.edu.ec\/sitio\/wp-content\/uploads\/2025\/01\/05-expo-el-garaje-noelia-sosa-1-300x200.jpg 300w, https:\/\/www.uartes.edu.ec\/sitio\/wp-content\/uploads\/2025\/01\/05-expo-el-garaje-noelia-sosa-1-768x512.jpg 768w, https:\/\/www.uartes.edu.ec\/sitio\/wp-content\/uploads\/2025\/01\/05-expo-el-garaje-noelia-sosa-1-1536x1024.jpg 1536w, https:\/\/www.uartes.edu.ec\/sitio\/wp-content\/uploads\/2025\/01\/05-expo-el-garaje-noelia-sosa-1-18x12.jpg 18w, https:\/\/www.uartes.edu.ec\/sitio\/wp-content\/uploads\/2025\/01\/05-expo-el-garaje-noelia-sosa-1-600x400.jpg 600w, https:\/\/www.uartes.edu.ec\/sitio\/wp-content\/uploads\/2025\/01\/05-expo-el-garaje-noelia-sosa-1-400x267.jpg 400w, https:\/\/www.uartes.edu.ec\/sitio\/wp-content\/uploads\/2025\/01\/05-expo-el-garaje-noelia-sosa-1-272x182.jpg 272w, https:\/\/www.uartes.edu.ec\/sitio\/wp-content\/uploads\/2025\/01\/05-expo-el-garaje-noelia-sosa-1.jpg 2000w\" sizes=\"(max-width: 644px) 100vw, 644px\" \/><\/figure>\n\n\n\n<figure class=\"wp-block-image size-large\"><img decoding=\"async\" width=\"644\" height=\"429\" data-id=\"67400\" src=\"https:\/\/www.uartes.edu.ec\/sitio\/wp-content\/uploads\/2025\/01\/02-expo-el-garaje-noelia-sosa-1-644x429.jpg\" alt=\"\" class=\"wp-image-67400\" srcset=\"https:\/\/www.uartes.edu.ec\/sitio\/wp-content\/uploads\/2025\/01\/02-expo-el-garaje-noelia-sosa-1-644x429.jpg 644w, https:\/\/www.uartes.edu.ec\/sitio\/wp-content\/uploads\/2025\/01\/02-expo-el-garaje-noelia-sosa-1-300x200.jpg 300w, https:\/\/www.uartes.edu.ec\/sitio\/wp-content\/uploads\/2025\/01\/02-expo-el-garaje-noelia-sosa-1-768x512.jpg 768w, https:\/\/www.uartes.edu.ec\/sitio\/wp-content\/uploads\/2025\/01\/02-expo-el-garaje-noelia-sosa-1-1536x1024.jpg 1536w, https:\/\/www.uartes.edu.ec\/sitio\/wp-content\/uploads\/2025\/01\/02-expo-el-garaje-noelia-sosa-1-18x12.jpg 18w, https:\/\/www.uartes.edu.ec\/sitio\/wp-content\/uploads\/2025\/01\/02-expo-el-garaje-noelia-sosa-1-600x400.jpg 600w, https:\/\/www.uartes.edu.ec\/sitio\/wp-content\/uploads\/2025\/01\/02-expo-el-garaje-noelia-sosa-1-400x267.jpg 400w, https:\/\/www.uartes.edu.ec\/sitio\/wp-content\/uploads\/2025\/01\/02-expo-el-garaje-noelia-sosa-1-272x182.jpg 272w, https:\/\/www.uartes.edu.ec\/sitio\/wp-content\/uploads\/2025\/01\/02-expo-el-garaje-noelia-sosa-1.jpg 2000w\" sizes=\"(max-width: 644px) 100vw, 644px\" \/><\/figure>\n<\/figure>\n\n\n\n<p><\/p>\n\n\n\n<p>La docente y tutora manifiesta que la exposici\u00f3n de Noelia Sosa, concebida como su proyecto de titulaci\u00f3n, representa un momento culminante en la trayectoria acad\u00e9mica de la artista, pero no un cierre. M\u00e1s bien, es una puerta abierta hacia nuevas historias y experiencias, donde la evoluci\u00f3n crom\u00e1tica, simb\u00f3lica y conceptual de su obra continuar\u00e1 expandiendo su universo art\u00edstico. Quiz\u00e1s con otros nombres, colores y formas, ella seguir\u00e1 creando para\u00edsos que cuestionan, conectan y transforman tanto sus universos ficcionales como lo real mismo.<\/p>\n\n\n\n<p>Acr\u00edlicos, pinturas mixtas sobre tela, objetos e impresi\u00f3n 3D y collage sobre madera son algunas de las t\u00e9cnicas que Noelia Sosa utiliz\u00f3 para sus obras, cuyos t\u00edtulos son, entre otros, \u201cEl secreto de las brujas\u201d, \u201cAcerca de las cartas para Dani\u201d, \u201cLamb (2021)\u201d, \u201cPensamientos tristes de una manaba triste n\u00famero uno\u201d, \u201c14-09-24\u201d, \u201cLo usual\u201d y \u201cQuerido Dios cuando me toque ir al cielo por favor d\u00e9jame traer a mi hombre aqu\u00ed\u201d.<\/p>\n\n\n<div class=\"wp-block-image\">\n<figure class=\"aligncenter size-large\"><img loading=\"lazy\" decoding=\"async\" width=\"644\" height=\"429\" src=\"https:\/\/www.uartes.edu.ec\/sitio\/wp-content\/uploads\/2025\/01\/04-expo-el-garaje-noelia-sosa-1-644x429.jpg\" alt=\"\" class=\"wp-image-67402\" srcset=\"https:\/\/www.uartes.edu.ec\/sitio\/wp-content\/uploads\/2025\/01\/04-expo-el-garaje-noelia-sosa-1-644x429.jpg 644w, https:\/\/www.uartes.edu.ec\/sitio\/wp-content\/uploads\/2025\/01\/04-expo-el-garaje-noelia-sosa-1-300x200.jpg 300w, https:\/\/www.uartes.edu.ec\/sitio\/wp-content\/uploads\/2025\/01\/04-expo-el-garaje-noelia-sosa-1-768x512.jpg 768w, https:\/\/www.uartes.edu.ec\/sitio\/wp-content\/uploads\/2025\/01\/04-expo-el-garaje-noelia-sosa-1-1536x1024.jpg 1536w, https:\/\/www.uartes.edu.ec\/sitio\/wp-content\/uploads\/2025\/01\/04-expo-el-garaje-noelia-sosa-1-18x12.jpg 18w, https:\/\/www.uartes.edu.ec\/sitio\/wp-content\/uploads\/2025\/01\/04-expo-el-garaje-noelia-sosa-1-600x400.jpg 600w, https:\/\/www.uartes.edu.ec\/sitio\/wp-content\/uploads\/2025\/01\/04-expo-el-garaje-noelia-sosa-1-400x267.jpg 400w, https:\/\/www.uartes.edu.ec\/sitio\/wp-content\/uploads\/2025\/01\/04-expo-el-garaje-noelia-sosa-1-272x182.jpg 272w, https:\/\/www.uartes.edu.ec\/sitio\/wp-content\/uploads\/2025\/01\/04-expo-el-garaje-noelia-sosa-1.jpg 2000w\" sizes=\"(max-width: 644px) 100vw, 644px\" \/><\/figure>\n<\/div>\n\n\n<p>\u201cSon alrededor de once obras, entre estas tres de objeto encontrado. Son obras que tratan de dignificar la cotidianidad, de las mujeres m\u00e1s que nada, pues creo hay otros artistas que trabajan con estos t\u00f3picos: la naturaleza, la pol\u00edtica\u2026 Yo trato de dignificar eso que est\u00e1 en el diario vivir, como la simpleza de los objetos, las personas y las relaciones intrahumanas\u201d.<\/p>\n\n\n\n<p>Lo t\u00edtulo \u201c\u00bfSue\u00f1an las tamagotchis con ovejas el\u00e9ctricas?\u201d en alusi\u00f3n al libro \u201cSue\u00f1an los androides con ovejas el\u00e9ctricas\u201d con el que hall\u00f3 un punto de encuentro con su contenido y el autor, quien, al igual que ella, trabajan en c\u00f3mo se introducen los medios electr\u00f3nicos en la cotidianidad y c\u00f3mo forman parte de la cultura y ayudan a tejer esta cultura contempor\u00e1nea, y c\u00f3mo la sensibilidad juega tambi\u00e9n un papel importante en esta formaci\u00f3n como personas.<\/p>\n\n\n\n<p>Sosa revel\u00f3 que toma sus distancias, pues le gusta trabajar en c\u00f3mo el lenguaje es capaz de adaptarse a nosotros, dignificar sucesos no extraordinarios. Ovejas el\u00e9ctricas porque trabaja mucho con la iconograf\u00eda de ovejas, con tamagotchis y alter ego. \u201cSon tres t\u00f3picos con los que trato, mucha iconograf\u00eda referente a la religi\u00f3n, la sexualidad y los nuevos medios digitales. En mi experiencia de vida los considero esenciales\u201d.<\/p>\n\n\n\n<p><\/p>\n","protected":false},"excerpt":{"rendered":"<p>Tres a\u00f1os viene Noelia Sosa trabajando en la est\u00e9tica de esta propuesta, dijo la docente Gabriela Fabre en la inauguraci\u00f3n de la muestra de titulaci\u00f3n \u201c\u00bfSue\u00f1an las tamagotchis con ovejas el\u00e9ctricas?\u201d de la estudiante de Artes Visuales de quien fue su tutora. &#8220;A trav\u00e9s de su obra, la artista se cuestiona ideas sobre el cuerpo, la sexualidad, lo femenino, en un di\u00e1logo \u00edntimo y contempor\u00e1neo&#8221;, se lee en el texto de sala. <\/p>\n","protected":false},"author":10,"featured_media":67398,"comment_status":"open","ping_status":"open","sticky":false,"template":"","format":"standard","meta":{"_acf_changed":false,"_uag_custom_page_level_css":"","_monsterinsights_skip_tracking":false,"_monsterinsights_sitenote_active":false,"_monsterinsights_sitenote_note":"","_monsterinsights_sitenote_category":0,"cybocfi_hide_featured_image":"","footnotes":""},"categories":[157,75,76,284,83],"tags":[517],"infouartes":[],"class_list":["post-67396","post","type-post","status-publish","format-standard","has-post-thumbnail","hentry","category-artes-visuales","category-docentes","category-estudiantes","category-investigacion","category-sedes","tag-exposicion"],"acf":[],"yoast_head":"<!-- This site is optimized with the Yoast SEO plugin v27.4 - https:\/\/yoast.com\/product\/yoast-seo-wordpress\/ -->\n<title>Universidad de las Artes - \u201c\u00bfSue\u00f1an las tamagotchis con ovejas el\u00e9ctricas?\u201d, muestra de titulaci\u00f3n de estudiante de Visuales Noelia Sosa<\/title>\n<meta name=\"description\" content=\"Universidad de las Artes - \u201c\u00bfSue\u00f1an las tamagotchis con ovejas el\u00e9ctricas?\u201d, muestra de titulaci\u00f3n de estudiante de Visuales Noelia Sosa\" \/>\n<meta name=\"robots\" content=\"index, follow, max-snippet:-1, max-image-preview:large, max-video-preview:-1\" \/>\n<link rel=\"canonical\" href=\"https:\/\/www.uartes.edu.ec\/sitio\/blog\/2025\/01\/17\/suenan-las-tamagotchis-con-ovejas-electricas-muestra-de-titulacion-de-estudiante-noelia-sosa\/\" \/>\n<meta property=\"og:locale\" content=\"es_ES\" \/>\n<meta property=\"og:type\" content=\"article\" \/>\n<meta property=\"og:title\" content=\"Universidad de las Artes - \u201c\u00bfSue\u00f1an las tamagotchis con ovejas el\u00e9ctricas?\u201d, muestra de titulaci\u00f3n de estudiante de Visuales Noelia Sosa\" \/>\n<meta property=\"og:description\" content=\"Universidad de las Artes - \u201c\u00bfSue\u00f1an las tamagotchis con ovejas el\u00e9ctricas?\u201d, muestra de titulaci\u00f3n de estudiante de Visuales Noelia Sosa\" \/>\n<meta property=\"og:url\" content=\"https:\/\/www.uartes.edu.ec\/sitio\/blog\/2025\/01\/17\/suenan-las-tamagotchis-con-ovejas-electricas-muestra-de-titulacion-de-estudiante-noelia-sosa\/\" \/>\n<meta property=\"og:site_name\" content=\"Universidad de las Artes\" \/>\n<meta property=\"article:publisher\" content=\"https:\/\/www.facebook.com\/uartesec\" \/>\n<meta property=\"article:published_time\" content=\"2025-01-17T21:56:00+00:00\" \/>\n<meta property=\"article:modified_time\" content=\"2025-01-22T00:24:07+00:00\" \/>\n<meta property=\"og:image\" content=\"https:\/\/www.uartes.edu.ec\/sitio\/wp-content\/uploads\/2025\/01\/03-expo-el-garaje-noelia-sosa-1.jpg\" \/>\n\t<meta property=\"og:image:width\" content=\"2000\" \/>\n\t<meta property=\"og:image:height\" content=\"1333\" \/>\n\t<meta property=\"og:image:type\" content=\"image\/jpeg\" \/>\n<meta name=\"author\" content=\"ccortez\" \/>\n<meta name=\"twitter:card\" content=\"summary_large_image\" \/>\n<meta name=\"twitter:creator\" content=\"@uartesec\" \/>\n<meta name=\"twitter:site\" content=\"@uartesec\" \/>\n<meta name=\"twitter:label1\" content=\"Escrito por\" \/>\n\t<meta name=\"twitter:data1\" content=\"ccortez\" \/>\n\t<meta name=\"twitter:label2\" content=\"Tiempo de lectura\" \/>\n\t<meta name=\"twitter:data2\" content=\"5 minutos\" \/>\n<script type=\"application\/ld+json\" class=\"yoast-schema-graph\">{\"@context\":\"https:\\\/\\\/schema.org\",\"@graph\":[{\"@type\":\"Article\",\"@id\":\"https:\\\/\\\/www.uartes.edu.ec\\\/sitio\\\/blog\\\/2025\\\/01\\\/17\\\/suenan-las-tamagotchis-con-ovejas-electricas-muestra-de-titulacion-de-estudiante-noelia-sosa\\\/#article\",\"isPartOf\":{\"@id\":\"https:\\\/\\\/www.uartes.edu.ec\\\/sitio\\\/blog\\\/2025\\\/01\\\/17\\\/suenan-las-tamagotchis-con-ovejas-electricas-muestra-de-titulacion-de-estudiante-noelia-sosa\\\/\"},\"author\":{\"name\":\"ccortez\",\"@id\":\"https:\\\/\\\/www.uartes.edu.ec\\\/sitio\\\/#\\\/schema\\\/person\\\/efa1b8275797664fd7f13a79ccc0b1f4\"},\"headline\":\"\u201c\u00bfSue\u00f1an las tamagotchis con ovejas el\u00e9ctricas?\u201d, muestra de titulaci\u00f3n de estudiante de Visuales Noelia Sosa\",\"datePublished\":\"2025-01-17T21:56:00+00:00\",\"dateModified\":\"2025-01-22T00:24:07+00:00\",\"mainEntityOfPage\":{\"@id\":\"https:\\\/\\\/www.uartes.edu.ec\\\/sitio\\\/blog\\\/2025\\\/01\\\/17\\\/suenan-las-tamagotchis-con-ovejas-electricas-muestra-de-titulacion-de-estudiante-noelia-sosa\\\/\"},\"wordCount\":877,\"commentCount\":0,\"publisher\":{\"@id\":\"https:\\\/\\\/www.uartes.edu.ec\\\/sitio\\\/#organization\"},\"image\":{\"@id\":\"https:\\\/\\\/www.uartes.edu.ec\\\/sitio\\\/blog\\\/2025\\\/01\\\/17\\\/suenan-las-tamagotchis-con-ovejas-electricas-muestra-de-titulacion-de-estudiante-noelia-sosa\\\/#primaryimage\"},\"thumbnailUrl\":\"https:\\\/\\\/www.uartes.edu.ec\\\/sitio\\\/wp-content\\\/uploads\\\/2025\\\/01\\\/03-expo-el-garaje-noelia-sosa-1.jpg\",\"keywords\":[\"exposici\u00f3n\"],\"articleSection\":[\"Artes Visuales\",\"Docentes\",\"Estudiantes\",\"Investigaci\u00f3n\",\"Sedes\"],\"inLanguage\":\"es\",\"potentialAction\":[{\"@type\":\"CommentAction\",\"name\":\"Comment\",\"target\":[\"https:\\\/\\\/www.uartes.edu.ec\\\/sitio\\\/blog\\\/2025\\\/01\\\/17\\\/suenan-las-tamagotchis-con-ovejas-electricas-muestra-de-titulacion-de-estudiante-noelia-sosa\\\/#respond\"]}]},{\"@type\":[\"WebPage\",\"ItemPage\"],\"@id\":\"https:\\\/\\\/www.uartes.edu.ec\\\/sitio\\\/blog\\\/2025\\\/01\\\/17\\\/suenan-las-tamagotchis-con-ovejas-electricas-muestra-de-titulacion-de-estudiante-noelia-sosa\\\/\",\"url\":\"https:\\\/\\\/www.uartes.edu.ec\\\/sitio\\\/blog\\\/2025\\\/01\\\/17\\\/suenan-las-tamagotchis-con-ovejas-electricas-muestra-de-titulacion-de-estudiante-noelia-sosa\\\/\",\"name\":\"Universidad de las Artes - \u201c\u00bfSue\u00f1an las tamagotchis con ovejas el\u00e9ctricas?\u201d, muestra de titulaci\u00f3n de estudiante de Visuales Noelia Sosa\",\"isPartOf\":{\"@id\":\"https:\\\/\\\/www.uartes.edu.ec\\\/sitio\\\/#website\"},\"primaryImageOfPage\":{\"@id\":\"https:\\\/\\\/www.uartes.edu.ec\\\/sitio\\\/blog\\\/2025\\\/01\\\/17\\\/suenan-las-tamagotchis-con-ovejas-electricas-muestra-de-titulacion-de-estudiante-noelia-sosa\\\/#primaryimage\"},\"image\":{\"@id\":\"https:\\\/\\\/www.uartes.edu.ec\\\/sitio\\\/blog\\\/2025\\\/01\\\/17\\\/suenan-las-tamagotchis-con-ovejas-electricas-muestra-de-titulacion-de-estudiante-noelia-sosa\\\/#primaryimage\"},\"thumbnailUrl\":\"https:\\\/\\\/www.uartes.edu.ec\\\/sitio\\\/wp-content\\\/uploads\\\/2025\\\/01\\\/03-expo-el-garaje-noelia-sosa-1.jpg\",\"datePublished\":\"2025-01-17T21:56:00+00:00\",\"dateModified\":\"2025-01-22T00:24:07+00:00\",\"description\":\"Universidad de las Artes - \u201c\u00bfSue\u00f1an las tamagotchis con ovejas el\u00e9ctricas?\u201d, muestra de titulaci\u00f3n de estudiante de Visuales Noelia Sosa\",\"breadcrumb\":{\"@id\":\"https:\\\/\\\/www.uartes.edu.ec\\\/sitio\\\/blog\\\/2025\\\/01\\\/17\\\/suenan-las-tamagotchis-con-ovejas-electricas-muestra-de-titulacion-de-estudiante-noelia-sosa\\\/#breadcrumb\"},\"inLanguage\":\"es\",\"potentialAction\":[{\"@type\":\"ReadAction\",\"target\":[\"https:\\\/\\\/www.uartes.edu.ec\\\/sitio\\\/blog\\\/2025\\\/01\\\/17\\\/suenan-las-tamagotchis-con-ovejas-electricas-muestra-de-titulacion-de-estudiante-noelia-sosa\\\/\"]}]},{\"@type\":\"ImageObject\",\"inLanguage\":\"es\",\"@id\":\"https:\\\/\\\/www.uartes.edu.ec\\\/sitio\\\/blog\\\/2025\\\/01\\\/17\\\/suenan-las-tamagotchis-con-ovejas-electricas-muestra-de-titulacion-de-estudiante-noelia-sosa\\\/#primaryimage\",\"url\":\"https:\\\/\\\/www.uartes.edu.ec\\\/sitio\\\/wp-content\\\/uploads\\\/2025\\\/01\\\/03-expo-el-garaje-noelia-sosa-1.jpg\",\"contentUrl\":\"https:\\\/\\\/www.uartes.edu.ec\\\/sitio\\\/wp-content\\\/uploads\\\/2025\\\/01\\\/03-expo-el-garaje-noelia-sosa-1.jpg\",\"width\":2000,\"height\":1333},{\"@type\":\"BreadcrumbList\",\"@id\":\"https:\\\/\\\/www.uartes.edu.ec\\\/sitio\\\/blog\\\/2025\\\/01\\\/17\\\/suenan-las-tamagotchis-con-ovejas-electricas-muestra-de-titulacion-de-estudiante-noelia-sosa\\\/#breadcrumb\",\"itemListElement\":[{\"@type\":\"ListItem\",\"position\":1,\"name\":\"Inicio\",\"item\":\"https:\\\/\\\/www.uartes.edu.ec\\\/sitio\\\/\"},{\"@type\":\"ListItem\",\"position\":2,\"name\":\"\u201c\u00bfSue\u00f1an las tamagotchis con ovejas el\u00e9ctricas?\u201d, muestra de titulaci\u00f3n de estudiante de Visuales Noelia Sosa\"}]},{\"@type\":\"WebSite\",\"@id\":\"https:\\\/\\\/www.uartes.edu.ec\\\/sitio\\\/#website\",\"url\":\"https:\\\/\\\/www.uartes.edu.ec\\\/sitio\\\/\",\"name\":\"Universidad de las Artes\",\"description\":\"Sitio oficial de la Universidad Nacional de las Artes del Ecuador\",\"publisher\":{\"@id\":\"https:\\\/\\\/www.uartes.edu.ec\\\/sitio\\\/#organization\"},\"potentialAction\":[{\"@type\":\"SearchAction\",\"target\":{\"@type\":\"EntryPoint\",\"urlTemplate\":\"https:\\\/\\\/www.uartes.edu.ec\\\/sitio\\\/?s={search_term_string}\"},\"query-input\":{\"@type\":\"PropertyValueSpecification\",\"valueRequired\":true,\"valueName\":\"search_term_string\"}}],\"inLanguage\":\"es\"},{\"@type\":\"Organization\",\"@id\":\"https:\\\/\\\/www.uartes.edu.ec\\\/sitio\\\/#organization\",\"name\":\"Universidad de las Artes\",\"url\":\"https:\\\/\\\/www.uartes.edu.ec\\\/sitio\\\/\",\"logo\":{\"@type\":\"ImageObject\",\"inLanguage\":\"es\",\"@id\":\"https:\\\/\\\/www.uartes.edu.ec\\\/sitio\\\/#\\\/schema\\\/logo\\\/image\\\/\",\"url\":\"https:\\\/\\\/www.uartes.edu.ec\\\/sitio\\\/wp-content\\\/uploads\\\/2022\\\/07\\\/logo-ua-horizontal.png\",\"contentUrl\":\"https:\\\/\\\/www.uartes.edu.ec\\\/sitio\\\/wp-content\\\/uploads\\\/2022\\\/07\\\/logo-ua-horizontal.png\",\"width\":800,\"height\":276,\"caption\":\"Universidad de las Artes\"},\"image\":{\"@id\":\"https:\\\/\\\/www.uartes.edu.ec\\\/sitio\\\/#\\\/schema\\\/logo\\\/image\\\/\"},\"sameAs\":[\"https:\\\/\\\/www.facebook.com\\\/uartesec\",\"https:\\\/\\\/x.com\\\/uartesec\",\"https:\\\/\\\/www.tiktok.com\\\/@uartesec\"]},{\"@type\":\"Person\",\"@id\":\"https:\\\/\\\/www.uartes.edu.ec\\\/sitio\\\/#\\\/schema\\\/person\\\/efa1b8275797664fd7f13a79ccc0b1f4\",\"name\":\"ccortez\",\"image\":{\"@type\":\"ImageObject\",\"inLanguage\":\"es\",\"@id\":\"https:\\\/\\\/secure.gravatar.com\\\/avatar\\\/b2a6f664a3ae8e074346ef91775736c5ec479e637ecced6842de9dc98b5da9cd?s=96&d=mm&r=g\",\"url\":\"https:\\\/\\\/secure.gravatar.com\\\/avatar\\\/b2a6f664a3ae8e074346ef91775736c5ec479e637ecced6842de9dc98b5da9cd?s=96&d=mm&r=g\",\"contentUrl\":\"https:\\\/\\\/secure.gravatar.com\\\/avatar\\\/b2a6f664a3ae8e074346ef91775736c5ec479e637ecced6842de9dc98b5da9cd?s=96&d=mm&r=g\",\"caption\":\"ccortez\"},\"url\":\"https:\\\/\\\/www.uartes.edu.ec\\\/sitio\\\/blog\\\/author\\\/ccortez\\\/\"}]}<\/script>\n<!-- \/ Yoast SEO plugin. -->","yoast_head_json":{"title":"Universidad de las Artes - \u201c\u00bfSue\u00f1an las tamagotchis con ovejas el\u00e9ctricas?\u201d, muestra de titulaci\u00f3n de estudiante de Visuales Noelia Sosa","description":"Universidad de las Artes - \u201c\u00bfSue\u00f1an las tamagotchis con ovejas el\u00e9ctricas?\u201d, muestra de titulaci\u00f3n de estudiante de Visuales Noelia Sosa","robots":{"index":"index","follow":"follow","max-snippet":"max-snippet:-1","max-image-preview":"max-image-preview:large","max-video-preview":"max-video-preview:-1"},"canonical":"https:\/\/www.uartes.edu.ec\/sitio\/blog\/2025\/01\/17\/suenan-las-tamagotchis-con-ovejas-electricas-muestra-de-titulacion-de-estudiante-noelia-sosa\/","og_locale":"es_ES","og_type":"article","og_title":"Universidad de las Artes - \u201c\u00bfSue\u00f1an las tamagotchis con ovejas el\u00e9ctricas?\u201d, muestra de titulaci\u00f3n de estudiante de Visuales Noelia Sosa","og_description":"Universidad de las Artes - \u201c\u00bfSue\u00f1an las tamagotchis con ovejas el\u00e9ctricas?\u201d, muestra de titulaci\u00f3n de estudiante de Visuales Noelia Sosa","og_url":"https:\/\/www.uartes.edu.ec\/sitio\/blog\/2025\/01\/17\/suenan-las-tamagotchis-con-ovejas-electricas-muestra-de-titulacion-de-estudiante-noelia-sosa\/","og_site_name":"Universidad de las Artes","article_publisher":"https:\/\/www.facebook.com\/uartesec","article_published_time":"2025-01-17T21:56:00+00:00","article_modified_time":"2025-01-22T00:24:07+00:00","og_image":[{"width":2000,"height":1333,"url":"https:\/\/www.uartes.edu.ec\/sitio\/wp-content\/uploads\/2025\/01\/03-expo-el-garaje-noelia-sosa-1.jpg","type":"image\/jpeg"}],"author":"ccortez","twitter_card":"summary_large_image","twitter_creator":"@uartesec","twitter_site":"@uartesec","twitter_misc":{"Escrito por":"ccortez","Tiempo de lectura":"5 minutos"},"schema":{"@context":"https:\/\/schema.org","@graph":[{"@type":"Article","@id":"https:\/\/www.uartes.edu.ec\/sitio\/blog\/2025\/01\/17\/suenan-las-tamagotchis-con-ovejas-electricas-muestra-de-titulacion-de-estudiante-noelia-sosa\/#article","isPartOf":{"@id":"https:\/\/www.uartes.edu.ec\/sitio\/blog\/2025\/01\/17\/suenan-las-tamagotchis-con-ovejas-electricas-muestra-de-titulacion-de-estudiante-noelia-sosa\/"},"author":{"name":"ccortez","@id":"https:\/\/www.uartes.edu.ec\/sitio\/#\/schema\/person\/efa1b8275797664fd7f13a79ccc0b1f4"},"headline":"\u201c\u00bfSue\u00f1an las tamagotchis con ovejas el\u00e9ctricas?\u201d, muestra de titulaci\u00f3n de estudiante de Visuales Noelia Sosa","datePublished":"2025-01-17T21:56:00+00:00","dateModified":"2025-01-22T00:24:07+00:00","mainEntityOfPage":{"@id":"https:\/\/www.uartes.edu.ec\/sitio\/blog\/2025\/01\/17\/suenan-las-tamagotchis-con-ovejas-electricas-muestra-de-titulacion-de-estudiante-noelia-sosa\/"},"wordCount":877,"commentCount":0,"publisher":{"@id":"https:\/\/www.uartes.edu.ec\/sitio\/#organization"},"image":{"@id":"https:\/\/www.uartes.edu.ec\/sitio\/blog\/2025\/01\/17\/suenan-las-tamagotchis-con-ovejas-electricas-muestra-de-titulacion-de-estudiante-noelia-sosa\/#primaryimage"},"thumbnailUrl":"https:\/\/www.uartes.edu.ec\/sitio\/wp-content\/uploads\/2025\/01\/03-expo-el-garaje-noelia-sosa-1.jpg","keywords":["exposici\u00f3n"],"articleSection":["Artes Visuales","Docentes","Estudiantes","Investigaci\u00f3n","Sedes"],"inLanguage":"es","potentialAction":[{"@type":"CommentAction","name":"Comment","target":["https:\/\/www.uartes.edu.ec\/sitio\/blog\/2025\/01\/17\/suenan-las-tamagotchis-con-ovejas-electricas-muestra-de-titulacion-de-estudiante-noelia-sosa\/#respond"]}]},{"@type":["WebPage","ItemPage"],"@id":"https:\/\/www.uartes.edu.ec\/sitio\/blog\/2025\/01\/17\/suenan-las-tamagotchis-con-ovejas-electricas-muestra-de-titulacion-de-estudiante-noelia-sosa\/","url":"https:\/\/www.uartes.edu.ec\/sitio\/blog\/2025\/01\/17\/suenan-las-tamagotchis-con-ovejas-electricas-muestra-de-titulacion-de-estudiante-noelia-sosa\/","name":"Universidad de las Artes - \u201c\u00bfSue\u00f1an las tamagotchis con ovejas el\u00e9ctricas?\u201d, muestra de titulaci\u00f3n de estudiante de Visuales Noelia Sosa","isPartOf":{"@id":"https:\/\/www.uartes.edu.ec\/sitio\/#website"},"primaryImageOfPage":{"@id":"https:\/\/www.uartes.edu.ec\/sitio\/blog\/2025\/01\/17\/suenan-las-tamagotchis-con-ovejas-electricas-muestra-de-titulacion-de-estudiante-noelia-sosa\/#primaryimage"},"image":{"@id":"https:\/\/www.uartes.edu.ec\/sitio\/blog\/2025\/01\/17\/suenan-las-tamagotchis-con-ovejas-electricas-muestra-de-titulacion-de-estudiante-noelia-sosa\/#primaryimage"},"thumbnailUrl":"https:\/\/www.uartes.edu.ec\/sitio\/wp-content\/uploads\/2025\/01\/03-expo-el-garaje-noelia-sosa-1.jpg","datePublished":"2025-01-17T21:56:00+00:00","dateModified":"2025-01-22T00:24:07+00:00","description":"Universidad de las Artes - \u201c\u00bfSue\u00f1an las tamagotchis con ovejas el\u00e9ctricas?\u201d, muestra de titulaci\u00f3n de estudiante de Visuales Noelia Sosa","breadcrumb":{"@id":"https:\/\/www.uartes.edu.ec\/sitio\/blog\/2025\/01\/17\/suenan-las-tamagotchis-con-ovejas-electricas-muestra-de-titulacion-de-estudiante-noelia-sosa\/#breadcrumb"},"inLanguage":"es","potentialAction":[{"@type":"ReadAction","target":["https:\/\/www.uartes.edu.ec\/sitio\/blog\/2025\/01\/17\/suenan-las-tamagotchis-con-ovejas-electricas-muestra-de-titulacion-de-estudiante-noelia-sosa\/"]}]},{"@type":"ImageObject","inLanguage":"es","@id":"https:\/\/www.uartes.edu.ec\/sitio\/blog\/2025\/01\/17\/suenan-las-tamagotchis-con-ovejas-electricas-muestra-de-titulacion-de-estudiante-noelia-sosa\/#primaryimage","url":"https:\/\/www.uartes.edu.ec\/sitio\/wp-content\/uploads\/2025\/01\/03-expo-el-garaje-noelia-sosa-1.jpg","contentUrl":"https:\/\/www.uartes.edu.ec\/sitio\/wp-content\/uploads\/2025\/01\/03-expo-el-garaje-noelia-sosa-1.jpg","width":2000,"height":1333},{"@type":"BreadcrumbList","@id":"https:\/\/www.uartes.edu.ec\/sitio\/blog\/2025\/01\/17\/suenan-las-tamagotchis-con-ovejas-electricas-muestra-de-titulacion-de-estudiante-noelia-sosa\/#breadcrumb","itemListElement":[{"@type":"ListItem","position":1,"name":"Inicio","item":"https:\/\/www.uartes.edu.ec\/sitio\/"},{"@type":"ListItem","position":2,"name":"\u201c\u00bfSue\u00f1an las tamagotchis con ovejas el\u00e9ctricas?\u201d, muestra de titulaci\u00f3n de estudiante de Visuales Noelia Sosa"}]},{"@type":"WebSite","@id":"https:\/\/www.uartes.edu.ec\/sitio\/#website","url":"https:\/\/www.uartes.edu.ec\/sitio\/","name":"Universidad de las Artes","description":"Sitio oficial de la Universidad Nacional de las Artes del Ecuador","publisher":{"@id":"https:\/\/www.uartes.edu.ec\/sitio\/#organization"},"potentialAction":[{"@type":"SearchAction","target":{"@type":"EntryPoint","urlTemplate":"https:\/\/www.uartes.edu.ec\/sitio\/?s={search_term_string}"},"query-input":{"@type":"PropertyValueSpecification","valueRequired":true,"valueName":"search_term_string"}}],"inLanguage":"es"},{"@type":"Organization","@id":"https:\/\/www.uartes.edu.ec\/sitio\/#organization","name":"Universidad de las Artes","url":"https:\/\/www.uartes.edu.ec\/sitio\/","logo":{"@type":"ImageObject","inLanguage":"es","@id":"https:\/\/www.uartes.edu.ec\/sitio\/#\/schema\/logo\/image\/","url":"https:\/\/www.uartes.edu.ec\/sitio\/wp-content\/uploads\/2022\/07\/logo-ua-horizontal.png","contentUrl":"https:\/\/www.uartes.edu.ec\/sitio\/wp-content\/uploads\/2022\/07\/logo-ua-horizontal.png","width":800,"height":276,"caption":"Universidad de las Artes"},"image":{"@id":"https:\/\/www.uartes.edu.ec\/sitio\/#\/schema\/logo\/image\/"},"sameAs":["https:\/\/www.facebook.com\/uartesec","https:\/\/x.com\/uartesec","https:\/\/www.tiktok.com\/@uartesec"]},{"@type":"Person","@id":"https:\/\/www.uartes.edu.ec\/sitio\/#\/schema\/person\/efa1b8275797664fd7f13a79ccc0b1f4","name":"ccortez","image":{"@type":"ImageObject","inLanguage":"es","@id":"https:\/\/secure.gravatar.com\/avatar\/b2a6f664a3ae8e074346ef91775736c5ec479e637ecced6842de9dc98b5da9cd?s=96&d=mm&r=g","url":"https:\/\/secure.gravatar.com\/avatar\/b2a6f664a3ae8e074346ef91775736c5ec479e637ecced6842de9dc98b5da9cd?s=96&d=mm&r=g","contentUrl":"https:\/\/secure.gravatar.com\/avatar\/b2a6f664a3ae8e074346ef91775736c5ec479e637ecced6842de9dc98b5da9cd?s=96&d=mm&r=g","caption":"ccortez"},"url":"https:\/\/www.uartes.edu.ec\/sitio\/blog\/author\/ccortez\/"}]}},"uagb_featured_image_src":{"full":["https:\/\/www.uartes.edu.ec\/sitio\/wp-content\/uploads\/2025\/01\/03-expo-el-garaje-noelia-sosa-1.jpg",2000,1333,false],"thumbnail":["https:\/\/www.uartes.edu.ec\/sitio\/wp-content\/uploads\/2025\/01\/03-expo-el-garaje-noelia-sosa-1-150x150.jpg",150,150,true],"medium":["https:\/\/www.uartes.edu.ec\/sitio\/wp-content\/uploads\/2025\/01\/03-expo-el-garaje-noelia-sosa-1-300x200.jpg",300,200,true],"medium_large":["https:\/\/www.uartes.edu.ec\/sitio\/wp-content\/uploads\/2025\/01\/03-expo-el-garaje-noelia-sosa-1-768x512.jpg",768,512,true],"large":["https:\/\/www.uartes.edu.ec\/sitio\/wp-content\/uploads\/2025\/01\/03-expo-el-garaje-noelia-sosa-1-644x429.jpg",644,429,true],"1536x1536":["https:\/\/www.uartes.edu.ec\/sitio\/wp-content\/uploads\/2025\/01\/03-expo-el-garaje-noelia-sosa-1-1536x1024.jpg",1536,1024,true],"2048x2048":["https:\/\/www.uartes.edu.ec\/sitio\/wp-content\/uploads\/2025\/01\/03-expo-el-garaje-noelia-sosa-1.jpg",2000,1333,false],"trp-custom-language-flag":["https:\/\/www.uartes.edu.ec\/sitio\/wp-content\/uploads\/2025\/01\/03-expo-el-garaje-noelia-sosa-1-18x12.jpg",18,12,true],"htmega_size_585x295":["https:\/\/www.uartes.edu.ec\/sitio\/wp-content\/uploads\/2025\/01\/03-expo-el-garaje-noelia-sosa-1-585x295.jpg",585,295,true],"htmega_size_1170x536":["https:\/\/www.uartes.edu.ec\/sitio\/wp-content\/uploads\/2025\/01\/03-expo-el-garaje-noelia-sosa-1-1170x536.jpg",1170,536,true],"htmega_size_396x360":["https:\/\/www.uartes.edu.ec\/sitio\/wp-content\/uploads\/2025\/01\/03-expo-el-garaje-noelia-sosa-1-396x360.jpg",396,360,true],"gb-block-post-grid-landscape":["https:\/\/www.uartes.edu.ec\/sitio\/wp-content\/uploads\/2025\/01\/03-expo-el-garaje-noelia-sosa-1-600x400.jpg",600,400,true],"gb-block-post-grid-square":["https:\/\/www.uartes.edu.ec\/sitio\/wp-content\/uploads\/2025\/01\/03-expo-el-garaje-noelia-sosa-1-600x600.jpg",600,600,true],"university-hub-thumb":["https:\/\/www.uartes.edu.ec\/sitio\/wp-content\/uploads\/2025\/01\/03-expo-el-garaje-noelia-sosa-1-400x267.jpg",400,267,true]},"uagb_author_info":{"display_name":"ccortez","author_link":"https:\/\/www.uartes.edu.ec\/sitio\/blog\/author\/ccortez\/"},"uagb_comment_info":0,"uagb_excerpt":"Tres a\u00f1os viene Noelia Sosa trabajando en la est\u00e9tica de esta propuesta, dijo la docente Gabriela Fabre en la inauguraci\u00f3n de la muestra de titulaci\u00f3n \u201c\u00bfSue\u00f1an las tamagotchis con ovejas el\u00e9ctricas?\u201d de la estudiante de Artes Visuales de quien fue su tutora. \"A trav\u00e9s de su obra, la artista se cuestiona ideas sobre el cuerpo,&hellip;","featured_image_src":"https:\/\/www.uartes.edu.ec\/sitio\/wp-content\/uploads\/2025\/01\/03-expo-el-garaje-noelia-sosa-1-600x400.jpg","featured_image_src_square":"https:\/\/www.uartes.edu.ec\/sitio\/wp-content\/uploads\/2025\/01\/03-expo-el-garaje-noelia-sosa-1-600x600.jpg","author_info":{"display_name":"ccortez","author_link":"https:\/\/www.uartes.edu.ec\/sitio\/blog\/author\/ccortez\/"},"publishpress_future_workflow_manual_trigger":{"enabledWorkflows":[]},"distributor_meta":false,"distributor_terms":false,"distributor_media":false,"distributor_original_site_name":"Universidad de las Artes","distributor_original_site_url":"https:\/\/www.uartes.edu.ec\/sitio","push-errors":false,"_links":{"self":[{"href":"https:\/\/www.uartes.edu.ec\/sitio\/wp-json\/wp\/v2\/posts\/67396","targetHints":{"allow":["GET"]}}],"collection":[{"href":"https:\/\/www.uartes.edu.ec\/sitio\/wp-json\/wp\/v2\/posts"}],"about":[{"href":"https:\/\/www.uartes.edu.ec\/sitio\/wp-json\/wp\/v2\/types\/post"}],"author":[{"embeddable":true,"href":"https:\/\/www.uartes.edu.ec\/sitio\/wp-json\/wp\/v2\/users\/10"}],"replies":[{"embeddable":true,"href":"https:\/\/www.uartes.edu.ec\/sitio\/wp-json\/wp\/v2\/comments?post=67396"}],"version-history":[{"count":3,"href":"https:\/\/www.uartes.edu.ec\/sitio\/wp-json\/wp\/v2\/posts\/67396\/revisions"}],"predecessor-version":[{"id":67411,"href":"https:\/\/www.uartes.edu.ec\/sitio\/wp-json\/wp\/v2\/posts\/67396\/revisions\/67411"}],"wp:featuredmedia":[{"embeddable":true,"href":"https:\/\/www.uartes.edu.ec\/sitio\/wp-json\/wp\/v2\/media\/67398"}],"wp:attachment":[{"href":"https:\/\/www.uartes.edu.ec\/sitio\/wp-json\/wp\/v2\/media?parent=67396"}],"wp:term":[{"taxonomy":"category","embeddable":true,"href":"https:\/\/www.uartes.edu.ec\/sitio\/wp-json\/wp\/v2\/categories?post=67396"},{"taxonomy":"post_tag","embeddable":true,"href":"https:\/\/www.uartes.edu.ec\/sitio\/wp-json\/wp\/v2\/tags?post=67396"},{"taxonomy":"infouartes","embeddable":true,"href":"https:\/\/www.uartes.edu.ec\/sitio\/wp-json\/wp\/v2\/infouartes?post=67396"}],"curies":[{"name":"wp","href":"https:\/\/api.w.org\/{rel}","templated":true}]}}