{"id":6740,"date":"2020-04-17T14:36:00","date_gmt":"2020-04-17T19:36:00","guid":{"rendered":"http:\/\/www.uartes.edu.ec\/sitio\/?p=6740"},"modified":"2024-07-04T11:48:11","modified_gmt":"2024-07-04T16:48:11","slug":"camille-enriquez-males-me-interesa-el-cine-que-cuestiona-realidades-sociales","status":"publish","type":"post","link":"https:\/\/www.uartes.edu.ec\/sitio\/blog\/2020\/04\/17\/camille-enriquez-males-me-interesa-el-cine-que-cuestiona-realidades-sociales\/","title":{"rendered":"Camille Enr\u00edquez Males: \u201cMe interesa el  cine que cuestiona realidades sociales\u201d"},"content":{"rendered":"\n<p>En videoconferencia, Camille Ana\u00eds Enr\u00edquez Males, de la Escuela de Cine de la Universidad de las Artes, realiz\u00f3 el jueves 9 de abril de 2020 la defensa de <em>Entre mangles y derivas,<\/em> el documental que grab\u00f3 para su tesis de grado y que lo hizo tras conocer la comunidad de Bellavista en el Golfo de Guayaquil. \u201cMe interesa el cine que cuestiona realidades sociales, memorias colectivas y resistencias invisibilizadas (\u2026). Hacer este trabajo era una forma de&nbsp; homenaje a todas estas resistencias que se han mantenido en lucha por a\u00f1os en Guayaquil\u201d.<\/p>\n\n\n\n<p>El arte y el cine generan un di\u00e1logo con estas problem\u00e1ticas, anota Camille Enr\u00edquez y narra el proceso de <em>Entre mangles y derivas,<\/em> su concepci\u00f3n, la investigaci\u00f3n y los tiempos: Conoc\u00ed a Adri\u00e1n, uno de los personajes de mi documental, quien pertenece a la comunidad de Bellavista en el Golfo de Guayaquil y me invit\u00f3 a visitarla. Cuando acud\u00ed constat\u00e9 su problem\u00e1tica. El despojo por parte de una gran camaronera y el olvido del Estado y del Municipio frente a estas comunidades.<\/p>\n\n\n\n<p>Conocer esta realidad, agrega, le hizo pensar en todas las otras realidades sociales de comunidades que han sido despojadas por empresas privadas o por el propio Estado. \u201cYo soy de Imbabura, el extractivismo abarca una gran parte de esta provincia, una realidad que afecta mucho no solo a las comunidades, sino a todos por el da\u00f1o al medio ambiente\u201d.<\/p>\n\n\n\n<p>Camille Enr\u00edquez comenta que el t\u00edtulo <em>Entre mangles y derivas<\/em> surge a partir de la memoria colectiva de los comuneros. \u201cAntes de asentarse en el Golfo, lxs primerxs habitantes llegaron desde Posorja, eran n\u00f3madas, viv\u00edan en una balandra \u2013peque\u00f1a embarcaci\u00f3n de madera\u2013 y se asentaban tambi\u00e9n en la tierra de Bellavista. Su vida mantiene una estrecha relaci\u00f3n con el r\u00edo Guayas y la pesca artesanal. El agua les provee de alimento y los ha movilizado por a\u00f1os\u201d.<\/p>\n\n\n\n<p>Desde el inicio del proyecto, a\u00f1ade, trat\u00f3 de seguir la l\u00ednea documental como proceso subjetivo. Parti\u00f3 desde la investigaci\u00f3n con peque\u00f1os y largos lapsos. \u201cEmpec\u00e9 desde finales de 2018, realic\u00e9 constantes viajes y a partir de esta frecuencia pude hacer una interacci\u00f3n con la poblaci\u00f3n de Bellavista. Busqu\u00e9 mis propios procesos de est\u00e9tica narrativa.&nbsp;Mi investigaci\u00f3n y el encuentro con la comunidad giraron en torno a la etnograf\u00eda como recurso que se abre a la experiencia de la observaci\u00f3n, proponiendo alternativas y formas de experimentaci\u00f3n hacia mi propia manera de hacer cine, desafiando las formas de un cine convencional y jugando con los l\u00edmites entre la objetividad y subjetividad. (\u2026) El documental se nutre a partir de la noci\u00f3n de viaje, una herramienta de la etnograf\u00eda que tiene que ver con la reflexi\u00f3n de la sociedad donde vivo y que se gu\u00eda por la&nbsp;empat\u00eda desde una cr\u00edtica cultural\u201d.<\/p>\n\n\n\n<p>La estudiante indica que nunca se imagin\u00f3 hacer la defensa en l\u00ednea. \u201cPienso que es m\u00e1s grata la experiencia de la interacci\u00f3n personal, sin embargo, estas son las instancias que la universidad propuso&nbsp;&nbsp;y tuve que acatarlas porque cont\u00e9 con las herramientas necesarias para hacerlo\u201d. Y, adem\u00e1s de preparar la defensa de su tesis, comenta que durante la cuarentena por la emergencia sanitaria de la COVID-19 ha estado realizando colaboraciones \u201cy&nbsp;ayudando en el post de sonido de trabajos de amigxs. Tambi\u00e9n retom\u00e9 proyectos antiguos y los estoy revisando para en un posible futuro planear su respectiva producci\u00f3n y seguir haciendo cine desde las instancias y los temas que me interesan\u201d.<\/p>\n","protected":false},"excerpt":{"rendered":"<p>En videoconferencia, Camille Ana\u00eds Enr\u00edquez Males, de la Escuela de Cine de la Universidad de las Artes, realiz\u00f3 el jueves 9 de abril de 2020 la defensa de Entre mangles y derivas, el documental que grab\u00f3 para su tesis de grado y que lo hizo tras conocer la comunidad de Bellavista en el Golfo de Guayaquil. <\/p>\n","protected":false},"author":1,"featured_media":6737,"comment_status":"closed","ping_status":"closed","sticky":false,"template":"","format":"standard","meta":{"_acf_changed":false,"_uag_custom_page_level_css":"","_monsterinsights_skip_tracking":false,"_monsterinsights_sitenote_active":false,"_monsterinsights_sitenote_note":"","_monsterinsights_sitenote_category":0,"cybocfi_hide_featured_image":"","footnotes":""},"categories":[80,147,76],"tags":[211],"infouartes":[],"class_list":["post-6740","post","type-post","status-publish","format-standard","has-post-thumbnail","hentry","category-academico","category-cine","category-estudiantes","tag-covid19"],"acf":[],"yoast_head":"<!-- This site is optimized with the Yoast SEO plugin v27.4 - https:\/\/yoast.com\/product\/yoast-seo-wordpress\/ -->\n<title>Universidad de las Artes - Camille Enr\u00edquez Males: \u201cMe interesa el cine que cuestiona realidades sociales\u201d<\/title>\n<meta name=\"description\" content=\"Universidad de las Artes - Camille Enr\u00edquez Males: \u201cMe interesa el cine que cuestiona realidades sociales\u201d\" \/>\n<meta name=\"robots\" content=\"index, follow, max-snippet:-1, max-image-preview:large, max-video-preview:-1\" \/>\n<link rel=\"canonical\" href=\"https:\/\/www.uartes.edu.ec\/sitio\/blog\/2020\/04\/17\/camille-enriquez-males-me-interesa-el-cine-que-cuestiona-realidades-sociales\/\" \/>\n<meta property=\"og:locale\" content=\"es_ES\" \/>\n<meta property=\"og:type\" content=\"article\" \/>\n<meta property=\"og:title\" content=\"Universidad de las Artes - Camille Enr\u00edquez Males: \u201cMe interesa el cine que cuestiona realidades sociales\u201d\" \/>\n<meta property=\"og:description\" content=\"Universidad de las Artes - Camille Enr\u00edquez Males: \u201cMe interesa el cine que cuestiona realidades sociales\u201d\" \/>\n<meta property=\"og:url\" content=\"https:\/\/www.uartes.edu.ec\/sitio\/blog\/2020\/04\/17\/camille-enriquez-males-me-interesa-el-cine-que-cuestiona-realidades-sociales\/\" \/>\n<meta property=\"og:site_name\" content=\"Universidad de las Artes\" \/>\n<meta property=\"article:publisher\" content=\"https:\/\/www.facebook.com\/uartesec\" \/>\n<meta property=\"article:published_time\" content=\"2020-04-17T19:36:00+00:00\" \/>\n<meta property=\"article:modified_time\" content=\"2024-07-04T16:48:11+00:00\" \/>\n<meta property=\"og:image\" content=\"https:\/\/www.uartes.edu.ec\/sitio\/wp-content\/uploads\/2020\/04\/Camille.jpg\" \/>\n\t<meta property=\"og:image:width\" content=\"978\" \/>\n\t<meta property=\"og:image:height\" content=\"652\" \/>\n\t<meta property=\"og:image:type\" content=\"image\/jpeg\" \/>\n<meta name=\"author\" content=\"Universidad de las Artes\" \/>\n<meta name=\"twitter:card\" content=\"summary_large_image\" \/>\n<meta name=\"twitter:creator\" content=\"@uartesec\" \/>\n<meta name=\"twitter:site\" content=\"@uartesec\" \/>\n<meta name=\"twitter:label1\" content=\"Escrito por\" \/>\n\t<meta name=\"twitter:data1\" content=\"Universidad de las Artes\" \/>\n\t<meta name=\"twitter:label2\" content=\"Tiempo de lectura\" \/>\n\t<meta name=\"twitter:data2\" content=\"3 minutos\" \/>\n<script type=\"application\/ld+json\" class=\"yoast-schema-graph\">{\"@context\":\"https:\\\/\\\/schema.org\",\"@graph\":[{\"@type\":\"Article\",\"@id\":\"https:\\\/\\\/www.uartes.edu.ec\\\/sitio\\\/blog\\\/2020\\\/04\\\/17\\\/camille-enriquez-males-me-interesa-el-cine-que-cuestiona-realidades-sociales\\\/#article\",\"isPartOf\":{\"@id\":\"https:\\\/\\\/www.uartes.edu.ec\\\/sitio\\\/blog\\\/2020\\\/04\\\/17\\\/camille-enriquez-males-me-interesa-el-cine-que-cuestiona-realidades-sociales\\\/\"},\"author\":{\"name\":\"Universidad de las Artes\",\"@id\":\"https:\\\/\\\/www.uartes.edu.ec\\\/sitio\\\/#\\\/schema\\\/person\\\/f33f8c1d2af0d5c80a38c8abf458184a\"},\"headline\":\"Camille Enr\u00edquez Males: \u201cMe interesa el cine que cuestiona realidades sociales\u201d\",\"datePublished\":\"2020-04-17T19:36:00+00:00\",\"dateModified\":\"2024-07-04T16:48:11+00:00\",\"mainEntityOfPage\":{\"@id\":\"https:\\\/\\\/www.uartes.edu.ec\\\/sitio\\\/blog\\\/2020\\\/04\\\/17\\\/camille-enriquez-males-me-interesa-el-cine-que-cuestiona-realidades-sociales\\\/\"},\"wordCount\":628,\"publisher\":{\"@id\":\"https:\\\/\\\/www.uartes.edu.ec\\\/sitio\\\/#organization\"},\"image\":{\"@id\":\"https:\\\/\\\/www.uartes.edu.ec\\\/sitio\\\/blog\\\/2020\\\/04\\\/17\\\/camille-enriquez-males-me-interesa-el-cine-que-cuestiona-realidades-sociales\\\/#primaryimage\"},\"thumbnailUrl\":\"https:\\\/\\\/www.uartes.edu.ec\\\/sitio\\\/wp-content\\\/uploads\\\/2020\\\/04\\\/Camille.jpg\",\"keywords\":[\"covid19\"],\"articleSection\":[\"Acad\u00e9mico\",\"Cine\",\"Estudiantes\"],\"inLanguage\":\"es\"},{\"@type\":[\"WebPage\",\"ItemPage\"],\"@id\":\"https:\\\/\\\/www.uartes.edu.ec\\\/sitio\\\/blog\\\/2020\\\/04\\\/17\\\/camille-enriquez-males-me-interesa-el-cine-que-cuestiona-realidades-sociales\\\/\",\"url\":\"https:\\\/\\\/www.uartes.edu.ec\\\/sitio\\\/blog\\\/2020\\\/04\\\/17\\\/camille-enriquez-males-me-interesa-el-cine-que-cuestiona-realidades-sociales\\\/\",\"name\":\"Universidad de las Artes - Camille Enr\u00edquez Males: \u201cMe interesa el cine que cuestiona realidades sociales\u201d\",\"isPartOf\":{\"@id\":\"https:\\\/\\\/www.uartes.edu.ec\\\/sitio\\\/#website\"},\"primaryImageOfPage\":{\"@id\":\"https:\\\/\\\/www.uartes.edu.ec\\\/sitio\\\/blog\\\/2020\\\/04\\\/17\\\/camille-enriquez-males-me-interesa-el-cine-que-cuestiona-realidades-sociales\\\/#primaryimage\"},\"image\":{\"@id\":\"https:\\\/\\\/www.uartes.edu.ec\\\/sitio\\\/blog\\\/2020\\\/04\\\/17\\\/camille-enriquez-males-me-interesa-el-cine-que-cuestiona-realidades-sociales\\\/#primaryimage\"},\"thumbnailUrl\":\"https:\\\/\\\/www.uartes.edu.ec\\\/sitio\\\/wp-content\\\/uploads\\\/2020\\\/04\\\/Camille.jpg\",\"datePublished\":\"2020-04-17T19:36:00+00:00\",\"dateModified\":\"2024-07-04T16:48:11+00:00\",\"description\":\"Universidad de las Artes - Camille Enr\u00edquez Males: \u201cMe interesa el cine que cuestiona realidades sociales\u201d\",\"breadcrumb\":{\"@id\":\"https:\\\/\\\/www.uartes.edu.ec\\\/sitio\\\/blog\\\/2020\\\/04\\\/17\\\/camille-enriquez-males-me-interesa-el-cine-que-cuestiona-realidades-sociales\\\/#breadcrumb\"},\"inLanguage\":\"es\",\"potentialAction\":[{\"@type\":\"ReadAction\",\"target\":[\"https:\\\/\\\/www.uartes.edu.ec\\\/sitio\\\/blog\\\/2020\\\/04\\\/17\\\/camille-enriquez-males-me-interesa-el-cine-que-cuestiona-realidades-sociales\\\/\"]}]},{\"@type\":\"ImageObject\",\"inLanguage\":\"es\",\"@id\":\"https:\\\/\\\/www.uartes.edu.ec\\\/sitio\\\/blog\\\/2020\\\/04\\\/17\\\/camille-enriquez-males-me-interesa-el-cine-que-cuestiona-realidades-sociales\\\/#primaryimage\",\"url\":\"https:\\\/\\\/www.uartes.edu.ec\\\/sitio\\\/wp-content\\\/uploads\\\/2020\\\/04\\\/Camille.jpg\",\"contentUrl\":\"https:\\\/\\\/www.uartes.edu.ec\\\/sitio\\\/wp-content\\\/uploads\\\/2020\\\/04\\\/Camille.jpg\",\"width\":978,\"height\":652},{\"@type\":\"BreadcrumbList\",\"@id\":\"https:\\\/\\\/www.uartes.edu.ec\\\/sitio\\\/blog\\\/2020\\\/04\\\/17\\\/camille-enriquez-males-me-interesa-el-cine-que-cuestiona-realidades-sociales\\\/#breadcrumb\",\"itemListElement\":[{\"@type\":\"ListItem\",\"position\":1,\"name\":\"Inicio\",\"item\":\"https:\\\/\\\/www.uartes.edu.ec\\\/sitio\\\/\"},{\"@type\":\"ListItem\",\"position\":2,\"name\":\"Camille Enr\u00edquez Males: \u201cMe interesa el cine que cuestiona realidades sociales\u201d\"}]},{\"@type\":\"WebSite\",\"@id\":\"https:\\\/\\\/www.uartes.edu.ec\\\/sitio\\\/#website\",\"url\":\"https:\\\/\\\/www.uartes.edu.ec\\\/sitio\\\/\",\"name\":\"Universidad de las Artes\",\"description\":\"Sitio oficial de la Universidad Nacional de las Artes del Ecuador\",\"publisher\":{\"@id\":\"https:\\\/\\\/www.uartes.edu.ec\\\/sitio\\\/#organization\"},\"potentialAction\":[{\"@type\":\"SearchAction\",\"target\":{\"@type\":\"EntryPoint\",\"urlTemplate\":\"https:\\\/\\\/www.uartes.edu.ec\\\/sitio\\\/?s={search_term_string}\"},\"query-input\":{\"@type\":\"PropertyValueSpecification\",\"valueRequired\":true,\"valueName\":\"search_term_string\"}}],\"inLanguage\":\"es\"},{\"@type\":\"Organization\",\"@id\":\"https:\\\/\\\/www.uartes.edu.ec\\\/sitio\\\/#organization\",\"name\":\"Universidad de las Artes\",\"url\":\"https:\\\/\\\/www.uartes.edu.ec\\\/sitio\\\/\",\"logo\":{\"@type\":\"ImageObject\",\"inLanguage\":\"es\",\"@id\":\"https:\\\/\\\/www.uartes.edu.ec\\\/sitio\\\/#\\\/schema\\\/logo\\\/image\\\/\",\"url\":\"https:\\\/\\\/www.uartes.edu.ec\\\/sitio\\\/wp-content\\\/uploads\\\/2022\\\/07\\\/logo-ua-horizontal.png\",\"contentUrl\":\"https:\\\/\\\/www.uartes.edu.ec\\\/sitio\\\/wp-content\\\/uploads\\\/2022\\\/07\\\/logo-ua-horizontal.png\",\"width\":800,\"height\":276,\"caption\":\"Universidad de las Artes\"},\"image\":{\"@id\":\"https:\\\/\\\/www.uartes.edu.ec\\\/sitio\\\/#\\\/schema\\\/logo\\\/image\\\/\"},\"sameAs\":[\"https:\\\/\\\/www.facebook.com\\\/uartesec\",\"https:\\\/\\\/x.com\\\/uartesec\",\"https:\\\/\\\/www.tiktok.com\\\/@uartesec\"]},{\"@type\":\"Person\",\"@id\":\"https:\\\/\\\/www.uartes.edu.ec\\\/sitio\\\/#\\\/schema\\\/person\\\/f33f8c1d2af0d5c80a38c8abf458184a\",\"name\":\"Universidad de las Artes\",\"image\":{\"@type\":\"ImageObject\",\"inLanguage\":\"es\",\"@id\":\"https:\\\/\\\/secure.gravatar.com\\\/avatar\\\/52e4757902f5cfa5ac52d020e5be83cae5487519154b6c35482fe08d589f3c13?s=96&d=mm&r=g\",\"url\":\"https:\\\/\\\/secure.gravatar.com\\\/avatar\\\/52e4757902f5cfa5ac52d020e5be83cae5487519154b6c35482fe08d589f3c13?s=96&d=mm&r=g\",\"contentUrl\":\"https:\\\/\\\/secure.gravatar.com\\\/avatar\\\/52e4757902f5cfa5ac52d020e5be83cae5487519154b6c35482fe08d589f3c13?s=96&d=mm&r=g\",\"caption\":\"Universidad de las Artes\"},\"url\":\"https:\\\/\\\/www.uartes.edu.ec\\\/sitio\\\/blog\\\/author\\\/dircomadm\\\/\"}]}<\/script>\n<!-- \/ Yoast SEO plugin. -->","yoast_head_json":{"title":"Universidad de las Artes - Camille Enr\u00edquez Males: \u201cMe interesa el cine que cuestiona realidades sociales\u201d","description":"Universidad de las Artes - Camille Enr\u00edquez Males: \u201cMe interesa el cine que cuestiona realidades sociales\u201d","robots":{"index":"index","follow":"follow","max-snippet":"max-snippet:-1","max-image-preview":"max-image-preview:large","max-video-preview":"max-video-preview:-1"},"canonical":"https:\/\/www.uartes.edu.ec\/sitio\/blog\/2020\/04\/17\/camille-enriquez-males-me-interesa-el-cine-que-cuestiona-realidades-sociales\/","og_locale":"es_ES","og_type":"article","og_title":"Universidad de las Artes - Camille Enr\u00edquez Males: \u201cMe interesa el cine que cuestiona realidades sociales\u201d","og_description":"Universidad de las Artes - Camille Enr\u00edquez Males: \u201cMe interesa el cine que cuestiona realidades sociales\u201d","og_url":"https:\/\/www.uartes.edu.ec\/sitio\/blog\/2020\/04\/17\/camille-enriquez-males-me-interesa-el-cine-que-cuestiona-realidades-sociales\/","og_site_name":"Universidad de las Artes","article_publisher":"https:\/\/www.facebook.com\/uartesec","article_published_time":"2020-04-17T19:36:00+00:00","article_modified_time":"2024-07-04T16:48:11+00:00","og_image":[{"width":978,"height":652,"url":"https:\/\/www.uartes.edu.ec\/sitio\/wp-content\/uploads\/2020\/04\/Camille.jpg","type":"image\/jpeg"}],"author":"Universidad de las Artes","twitter_card":"summary_large_image","twitter_creator":"@uartesec","twitter_site":"@uartesec","twitter_misc":{"Escrito por":"Universidad de las Artes","Tiempo de lectura":"3 minutos"},"schema":{"@context":"https:\/\/schema.org","@graph":[{"@type":"Article","@id":"https:\/\/www.uartes.edu.ec\/sitio\/blog\/2020\/04\/17\/camille-enriquez-males-me-interesa-el-cine-que-cuestiona-realidades-sociales\/#article","isPartOf":{"@id":"https:\/\/www.uartes.edu.ec\/sitio\/blog\/2020\/04\/17\/camille-enriquez-males-me-interesa-el-cine-que-cuestiona-realidades-sociales\/"},"author":{"name":"Universidad de las Artes","@id":"https:\/\/www.uartes.edu.ec\/sitio\/#\/schema\/person\/f33f8c1d2af0d5c80a38c8abf458184a"},"headline":"Camille Enr\u00edquez Males: \u201cMe interesa el cine que cuestiona realidades sociales\u201d","datePublished":"2020-04-17T19:36:00+00:00","dateModified":"2024-07-04T16:48:11+00:00","mainEntityOfPage":{"@id":"https:\/\/www.uartes.edu.ec\/sitio\/blog\/2020\/04\/17\/camille-enriquez-males-me-interesa-el-cine-que-cuestiona-realidades-sociales\/"},"wordCount":628,"publisher":{"@id":"https:\/\/www.uartes.edu.ec\/sitio\/#organization"},"image":{"@id":"https:\/\/www.uartes.edu.ec\/sitio\/blog\/2020\/04\/17\/camille-enriquez-males-me-interesa-el-cine-que-cuestiona-realidades-sociales\/#primaryimage"},"thumbnailUrl":"https:\/\/www.uartes.edu.ec\/sitio\/wp-content\/uploads\/2020\/04\/Camille.jpg","keywords":["covid19"],"articleSection":["Acad\u00e9mico","Cine","Estudiantes"],"inLanguage":"es"},{"@type":["WebPage","ItemPage"],"@id":"https:\/\/www.uartes.edu.ec\/sitio\/blog\/2020\/04\/17\/camille-enriquez-males-me-interesa-el-cine-que-cuestiona-realidades-sociales\/","url":"https:\/\/www.uartes.edu.ec\/sitio\/blog\/2020\/04\/17\/camille-enriquez-males-me-interesa-el-cine-que-cuestiona-realidades-sociales\/","name":"Universidad de las Artes - Camille Enr\u00edquez Males: \u201cMe interesa el cine que cuestiona realidades sociales\u201d","isPartOf":{"@id":"https:\/\/www.uartes.edu.ec\/sitio\/#website"},"primaryImageOfPage":{"@id":"https:\/\/www.uartes.edu.ec\/sitio\/blog\/2020\/04\/17\/camille-enriquez-males-me-interesa-el-cine-que-cuestiona-realidades-sociales\/#primaryimage"},"image":{"@id":"https:\/\/www.uartes.edu.ec\/sitio\/blog\/2020\/04\/17\/camille-enriquez-males-me-interesa-el-cine-que-cuestiona-realidades-sociales\/#primaryimage"},"thumbnailUrl":"https:\/\/www.uartes.edu.ec\/sitio\/wp-content\/uploads\/2020\/04\/Camille.jpg","datePublished":"2020-04-17T19:36:00+00:00","dateModified":"2024-07-04T16:48:11+00:00","description":"Universidad de las Artes - Camille Enr\u00edquez Males: \u201cMe interesa el cine que cuestiona realidades sociales\u201d","breadcrumb":{"@id":"https:\/\/www.uartes.edu.ec\/sitio\/blog\/2020\/04\/17\/camille-enriquez-males-me-interesa-el-cine-que-cuestiona-realidades-sociales\/#breadcrumb"},"inLanguage":"es","potentialAction":[{"@type":"ReadAction","target":["https:\/\/www.uartes.edu.ec\/sitio\/blog\/2020\/04\/17\/camille-enriquez-males-me-interesa-el-cine-que-cuestiona-realidades-sociales\/"]}]},{"@type":"ImageObject","inLanguage":"es","@id":"https:\/\/www.uartes.edu.ec\/sitio\/blog\/2020\/04\/17\/camille-enriquez-males-me-interesa-el-cine-que-cuestiona-realidades-sociales\/#primaryimage","url":"https:\/\/www.uartes.edu.ec\/sitio\/wp-content\/uploads\/2020\/04\/Camille.jpg","contentUrl":"https:\/\/www.uartes.edu.ec\/sitio\/wp-content\/uploads\/2020\/04\/Camille.jpg","width":978,"height":652},{"@type":"BreadcrumbList","@id":"https:\/\/www.uartes.edu.ec\/sitio\/blog\/2020\/04\/17\/camille-enriquez-males-me-interesa-el-cine-que-cuestiona-realidades-sociales\/#breadcrumb","itemListElement":[{"@type":"ListItem","position":1,"name":"Inicio","item":"https:\/\/www.uartes.edu.ec\/sitio\/"},{"@type":"ListItem","position":2,"name":"Camille Enr\u00edquez Males: \u201cMe interesa el cine que cuestiona realidades sociales\u201d"}]},{"@type":"WebSite","@id":"https:\/\/www.uartes.edu.ec\/sitio\/#website","url":"https:\/\/www.uartes.edu.ec\/sitio\/","name":"Universidad de las Artes","description":"Sitio oficial de la Universidad Nacional de las Artes del Ecuador","publisher":{"@id":"https:\/\/www.uartes.edu.ec\/sitio\/#organization"},"potentialAction":[{"@type":"SearchAction","target":{"@type":"EntryPoint","urlTemplate":"https:\/\/www.uartes.edu.ec\/sitio\/?s={search_term_string}"},"query-input":{"@type":"PropertyValueSpecification","valueRequired":true,"valueName":"search_term_string"}}],"inLanguage":"es"},{"@type":"Organization","@id":"https:\/\/www.uartes.edu.ec\/sitio\/#organization","name":"Universidad de las Artes","url":"https:\/\/www.uartes.edu.ec\/sitio\/","logo":{"@type":"ImageObject","inLanguage":"es","@id":"https:\/\/www.uartes.edu.ec\/sitio\/#\/schema\/logo\/image\/","url":"https:\/\/www.uartes.edu.ec\/sitio\/wp-content\/uploads\/2022\/07\/logo-ua-horizontal.png","contentUrl":"https:\/\/www.uartes.edu.ec\/sitio\/wp-content\/uploads\/2022\/07\/logo-ua-horizontal.png","width":800,"height":276,"caption":"Universidad de las Artes"},"image":{"@id":"https:\/\/www.uartes.edu.ec\/sitio\/#\/schema\/logo\/image\/"},"sameAs":["https:\/\/www.facebook.com\/uartesec","https:\/\/x.com\/uartesec","https:\/\/www.tiktok.com\/@uartesec"]},{"@type":"Person","@id":"https:\/\/www.uartes.edu.ec\/sitio\/#\/schema\/person\/f33f8c1d2af0d5c80a38c8abf458184a","name":"Universidad de las Artes","image":{"@type":"ImageObject","inLanguage":"es","@id":"https:\/\/secure.gravatar.com\/avatar\/52e4757902f5cfa5ac52d020e5be83cae5487519154b6c35482fe08d589f3c13?s=96&d=mm&r=g","url":"https:\/\/secure.gravatar.com\/avatar\/52e4757902f5cfa5ac52d020e5be83cae5487519154b6c35482fe08d589f3c13?s=96&d=mm&r=g","contentUrl":"https:\/\/secure.gravatar.com\/avatar\/52e4757902f5cfa5ac52d020e5be83cae5487519154b6c35482fe08d589f3c13?s=96&d=mm&r=g","caption":"Universidad de las Artes"},"url":"https:\/\/www.uartes.edu.ec\/sitio\/blog\/author\/dircomadm\/"}]}},"uagb_featured_image_src":{"full":["https:\/\/www.uartes.edu.ec\/sitio\/wp-content\/uploads\/2020\/04\/Camille.jpg",978,652,false],"thumbnail":["https:\/\/www.uartes.edu.ec\/sitio\/wp-content\/uploads\/2020\/04\/Camille-150x150.jpg",150,150,true],"medium":["https:\/\/www.uartes.edu.ec\/sitio\/wp-content\/uploads\/2020\/04\/Camille-300x200.jpg",300,200,true],"medium_large":["https:\/\/www.uartes.edu.ec\/sitio\/wp-content\/uploads\/2020\/04\/Camille-768x512.jpg",768,512,true],"large":["https:\/\/www.uartes.edu.ec\/sitio\/wp-content\/uploads\/2020\/04\/Camille-644x429.jpg",644,429,true],"1536x1536":["https:\/\/www.uartes.edu.ec\/sitio\/wp-content\/uploads\/2020\/04\/Camille.jpg",978,652,false],"2048x2048":["https:\/\/www.uartes.edu.ec\/sitio\/wp-content\/uploads\/2020\/04\/Camille.jpg",978,652,false],"trp-custom-language-flag":["https:\/\/www.uartes.edu.ec\/sitio\/wp-content\/uploads\/2020\/04\/Camille.jpg",18,12,false],"htmega_size_585x295":["https:\/\/www.uartes.edu.ec\/sitio\/wp-content\/uploads\/2020\/04\/Camille.jpg",443,295,false],"htmega_size_1170x536":["https:\/\/www.uartes.edu.ec\/sitio\/wp-content\/uploads\/2020\/04\/Camille.jpg",804,536,false],"htmega_size_396x360":["https:\/\/www.uartes.edu.ec\/sitio\/wp-content\/uploads\/2020\/04\/Camille.jpg",396,264,false],"gb-block-post-grid-landscape":["https:\/\/www.uartes.edu.ec\/sitio\/wp-content\/uploads\/2020\/04\/Camille.jpg",600,400,false],"gb-block-post-grid-square":["https:\/\/www.uartes.edu.ec\/sitio\/wp-content\/uploads\/2020\/04\/Camille.jpg",600,400,false],"university-hub-thumb":["https:\/\/www.uartes.edu.ec\/sitio\/wp-content\/uploads\/2020\/04\/Camille-400x267.jpg",400,267,true]},"uagb_author_info":{"display_name":"Universidad de las Artes","author_link":"https:\/\/www.uartes.edu.ec\/sitio\/blog\/author\/dircomadm\/"},"uagb_comment_info":0,"uagb_excerpt":"En videoconferencia, Camille Ana\u00eds Enr\u00edquez Males, de la Escuela de Cine de la Universidad de las Artes, realiz\u00f3 el jueves 9 de abril de 2020 la defensa de Entre mangles y derivas, el documental que grab\u00f3 para su tesis de grado y que lo hizo tras conocer la comunidad de Bellavista en el Golfo de&hellip;","featured_image_src":"https:\/\/www.uartes.edu.ec\/sitio\/wp-content\/uploads\/2020\/04\/Camille.jpg","featured_image_src_square":"https:\/\/www.uartes.edu.ec\/sitio\/wp-content\/uploads\/2020\/04\/Camille.jpg","author_info":{"display_name":"Universidad de las Artes","author_link":"https:\/\/www.uartes.edu.ec\/sitio\/blog\/author\/dircomadm\/"},"publishpress_future_workflow_manual_trigger":{"enabledWorkflows":[]},"distributor_meta":false,"distributor_terms":false,"distributor_media":false,"distributor_original_site_name":"Universidad de las Artes","distributor_original_site_url":"https:\/\/www.uartes.edu.ec\/sitio","push-errors":false,"_links":{"self":[{"href":"https:\/\/www.uartes.edu.ec\/sitio\/wp-json\/wp\/v2\/posts\/6740","targetHints":{"allow":["GET"]}}],"collection":[{"href":"https:\/\/www.uartes.edu.ec\/sitio\/wp-json\/wp\/v2\/posts"}],"about":[{"href":"https:\/\/www.uartes.edu.ec\/sitio\/wp-json\/wp\/v2\/types\/post"}],"author":[{"embeddable":true,"href":"https:\/\/www.uartes.edu.ec\/sitio\/wp-json\/wp\/v2\/users\/1"}],"replies":[{"embeddable":true,"href":"https:\/\/www.uartes.edu.ec\/sitio\/wp-json\/wp\/v2\/comments?post=6740"}],"version-history":[{"count":1,"href":"https:\/\/www.uartes.edu.ec\/sitio\/wp-json\/wp\/v2\/posts\/6740\/revisions"}],"predecessor-version":[{"id":6741,"href":"https:\/\/www.uartes.edu.ec\/sitio\/wp-json\/wp\/v2\/posts\/6740\/revisions\/6741"}],"wp:featuredmedia":[{"embeddable":true,"href":"https:\/\/www.uartes.edu.ec\/sitio\/wp-json\/wp\/v2\/media\/6737"}],"wp:attachment":[{"href":"https:\/\/www.uartes.edu.ec\/sitio\/wp-json\/wp\/v2\/media?parent=6740"}],"wp:term":[{"taxonomy":"category","embeddable":true,"href":"https:\/\/www.uartes.edu.ec\/sitio\/wp-json\/wp\/v2\/categories?post=6740"},{"taxonomy":"post_tag","embeddable":true,"href":"https:\/\/www.uartes.edu.ec\/sitio\/wp-json\/wp\/v2\/tags?post=6740"},{"taxonomy":"infouartes","embeddable":true,"href":"https:\/\/www.uartes.edu.ec\/sitio\/wp-json\/wp\/v2\/infouartes?post=6740"}],"curies":[{"name":"wp","href":"https:\/\/api.w.org\/{rel}","templated":true}]}}