{"id":6747,"date":"2020-04-20T19:23:43","date_gmt":"2020-04-21T00:23:43","guid":{"rendered":"http:\/\/www.uartes.edu.ec\/sitio\/?p=6747"},"modified":"2024-07-04T11:48:10","modified_gmt":"2024-07-04T16:48:10","slug":"podcasts-videos-tutoriales-y-conciertos-los-escenarios-de-la-eas-en-cuarentena","status":"publish","type":"post","link":"https:\/\/www.uartes.edu.ec\/sitio\/blog\/2020\/04\/20\/podcasts-videos-tutoriales-y-conciertos-los-escenarios-de-la-eas-en-cuarentena\/","title":{"rendered":"Podcasts, videos tutoriales y conciertos,  los escenarios de la EAS en cuarentena"},"content":{"rendered":"\n<p>El video tutorial \u201cEstudiando tu instrumento en cuarentena\u201d, dirigido por el docente Juan Isidro Mej\u00eda, es uno de los varios contenidos audiovisuales que la Escuela de Artes Sonoras de la Universidad de las Artes ha elaborado y subido a su canal de YouTube y sus cuentas en las redes de Facebook e Instagram, con el prop\u00f3sito de acompa\u00f1ar a sus estudiantes y comunidad en general ante la emergencia sanitaria que por la COVID-19 enfrenta el pa\u00eds.<\/p>\n\n\n\n<p>Generar contenidos y proporcionar herramientas de aprendizaje son las claves de este programa, liderado por el director de la EAS, Andrey Astaiza, y su planta de docentes. Tres son los escenarios de acompa\u00f1amiento y capacitaci\u00f3n concebidos por la Escuela de Artes Sonoras:<\/p>\n\n\n\n<p><strong>Podcast EAS,<\/strong> el cual basa su contenido en educaci\u00f3n y consejos en distintas ramas de la producci\u00f3n musical y la m\u00fasica, desarrollados solo en audios y subidos a Soundcloud y Spotify. Son dos los tipos de podcasts planteados. El primero conlleva a la generaci\u00f3n de contenidos en formato cortos y con una duraci\u00f3n de 5 a m\u00e1ximo 30 minutos; el segundo desarrolla podcasts de 30 minutos o m\u00e1s, dependiendo de la oferta del docente.<\/p>\n\n\n\n<p>El primer cap\u00edtulo de la serie de tutoriales se titula \u201cC\u00f3mo crear un podcast r\u00e1pidamente\u201d y es un instructivo de c\u00f3mo instalar las herramientas b\u00e1sicas, el cual fue elaborado por los docentes Adina Izarra, Meining Cheung y Rub\u00e9n Riera.<\/p>\n\n\n\n<p><strong>Tutoriales EAS,<\/strong> compuesto por una serie de videos educativos con consejos sobre m\u00fasica y producci\u00f3n musical. Este contenido, que durar\u00e1 entre 10 y 15 minutos, servir\u00e1 para que los estudiantes de la UArtes y la comunidad en general puedan aplicar lo aprendido en los videos en sus casas. El primer video ya se encuentra en el canal de YouTube, se titula \u201cUsando el metr\u00f3nomo de una manera activa\u201d y participa el docente Giovanni Berm\u00fadez (foto).<\/p>\n\n\n\n<p><strong>EAS Sonoro<\/strong> corresponde tambi\u00e9n a una serie de videos \u2013de 3 a 5 minutos\u2013 y son conciertos en casa realizados por ensambles y propuestas musicales de la EAS. En el primer video, que tambi\u00e9n ya est\u00e1 en el canal de YouTube, particip\u00f3 el Coro Vox UArtes.<\/p>\n\n\n\n<div style=\"height:40px\" aria-hidden=\"true\" class=\"wp-block-spacer\"><\/div>\n\n\n\n<figure class=\"wp-block-embed-youtube wp-block-embed is-type-video is-provider-youtube wp-embed-aspect-16-9 wp-has-aspect-ratio\"><div class=\"wp-block-embed__wrapper\">\n<iframe title=\"Estudiando tu instrumento en cuarentena\" width=\"771\" height=\"434\" src=\"https:\/\/www.youtube.com\/embed\/TYLg2H7oeEk?feature=oembed\" frameborder=\"0\" allow=\"accelerometer; autoplay; clipboard-write; encrypted-media; gyroscope; picture-in-picture\" allowfullscreen><\/iframe>\n<\/div><\/figure>\n\n\n\n<div style=\"height:40px\" aria-hidden=\"true\" class=\"wp-block-spacer\"><\/div>\n\n\n\n<figure class=\"wp-block-embed-youtube wp-block-embed is-type-video is-provider-youtube wp-embed-aspect-16-9 wp-has-aspect-ratio\"><div class=\"wp-block-embed__wrapper\">\n<iframe title=\"Usando el metr\u00f3nomo de una manera activa\" width=\"771\" height=\"434\" src=\"https:\/\/www.youtube.com\/embed\/09tY08Tb2qo?feature=oembed\" frameborder=\"0\" allow=\"accelerometer; autoplay; clipboard-write; encrypted-media; gyroscope; picture-in-picture\" allowfullscreen><\/iframe>\n<\/div><\/figure>\n","protected":false},"excerpt":{"rendered":"<p>El video tutorial \u201cEstudiando tu instrumento en cuarentena\u201d, dirigido por el docente Juan Isidro Mej\u00eda, es uno de los varios contenidos audiovisuales que la Escuela de Artes Sonoras de la Universidad de las Artes ha elaborado y subido a su canal de YouTube y sus cuentas en las redes de Facebook e Instagram, con el prop\u00f3sito de acompa\u00f1ar a sus estudiantes y comunidad en general ante la emergencia sanitaria que por la COVID-19 enfrenta el pa\u00eds.<\/p>\n","protected":false},"author":1,"featured_media":6748,"comment_status":"closed","ping_status":"closed","sticky":false,"template":"","format":"standard","meta":{"_acf_changed":false,"_uag_custom_page_level_css":"","_monsterinsights_skip_tracking":false,"_monsterinsights_sitenote_active":false,"_monsterinsights_sitenote_note":"","_monsterinsights_sitenote_category":0,"cybocfi_hide_featured_image":"","footnotes":""},"categories":[80,150,75],"tags":[211],"infouartes":[],"class_list":["post-6747","post","type-post","status-publish","format-standard","has-post-thumbnail","hentry","category-academico","category-artes-sonoras","category-docentes","tag-covid19"],"acf":[],"yoast_head":"<!-- This site is optimized with the Yoast SEO plugin v27.4 - https:\/\/yoast.com\/product\/yoast-seo-wordpress\/ -->\n<title>Universidad de las Artes - Podcasts, videos tutoriales y conciertos, los escenarios de la EAS en cuarentena<\/title>\n<meta name=\"description\" content=\"Universidad de las Artes - Podcasts, videos tutoriales y conciertos, los escenarios de la EAS en cuarentena\" \/>\n<meta name=\"robots\" content=\"index, follow, max-snippet:-1, max-image-preview:large, max-video-preview:-1\" \/>\n<link rel=\"canonical\" href=\"https:\/\/www.uartes.edu.ec\/sitio\/blog\/2020\/04\/20\/podcasts-videos-tutoriales-y-conciertos-los-escenarios-de-la-eas-en-cuarentena\/\" \/>\n<meta property=\"og:locale\" content=\"es_ES\" \/>\n<meta property=\"og:type\" content=\"article\" \/>\n<meta property=\"og:title\" content=\"Universidad de las Artes - Podcasts, videos tutoriales y conciertos, los escenarios de la EAS en cuarentena\" \/>\n<meta property=\"og:description\" content=\"Universidad de las Artes - Podcasts, videos tutoriales y conciertos, los escenarios de la EAS en cuarentena\" \/>\n<meta property=\"og:url\" content=\"https:\/\/www.uartes.edu.ec\/sitio\/blog\/2020\/04\/20\/podcasts-videos-tutoriales-y-conciertos-los-escenarios-de-la-eas-en-cuarentena\/\" \/>\n<meta property=\"og:site_name\" content=\"Universidad de las Artes\" \/>\n<meta property=\"article:publisher\" content=\"https:\/\/www.facebook.com\/uartesec\" \/>\n<meta property=\"article:published_time\" content=\"2020-04-21T00:23:43+00:00\" \/>\n<meta property=\"article:modified_time\" content=\"2024-07-04T16:48:10+00:00\" \/>\n<meta property=\"og:image\" content=\"https:\/\/www.uartes.edu.ec\/sitio\/wp-content\/uploads\/2020\/04\/ANDRES-BRACERO.jpg\" \/>\n\t<meta property=\"og:image:width\" content=\"1500\" \/>\n\t<meta property=\"og:image:height\" content=\"1000\" \/>\n\t<meta property=\"og:image:type\" content=\"image\/jpeg\" \/>\n<meta name=\"author\" content=\"Universidad de las Artes\" \/>\n<meta name=\"twitter:card\" content=\"summary_large_image\" \/>\n<meta name=\"twitter:creator\" content=\"@uartesec\" \/>\n<meta name=\"twitter:site\" content=\"@uartesec\" \/>\n<meta name=\"twitter:label1\" content=\"Escrito por\" \/>\n\t<meta name=\"twitter:data1\" content=\"Universidad de las Artes\" \/>\n\t<meta name=\"twitter:label2\" content=\"Tiempo de lectura\" \/>\n\t<meta name=\"twitter:data2\" content=\"2 minutos\" \/>\n<script type=\"application\/ld+json\" class=\"yoast-schema-graph\">{\"@context\":\"https:\\\/\\\/schema.org\",\"@graph\":[{\"@type\":\"Article\",\"@id\":\"https:\\\/\\\/www.uartes.edu.ec\\\/sitio\\\/blog\\\/2020\\\/04\\\/20\\\/podcasts-videos-tutoriales-y-conciertos-los-escenarios-de-la-eas-en-cuarentena\\\/#article\",\"isPartOf\":{\"@id\":\"https:\\\/\\\/www.uartes.edu.ec\\\/sitio\\\/blog\\\/2020\\\/04\\\/20\\\/podcasts-videos-tutoriales-y-conciertos-los-escenarios-de-la-eas-en-cuarentena\\\/\"},\"author\":{\"name\":\"Universidad de las Artes\",\"@id\":\"https:\\\/\\\/www.uartes.edu.ec\\\/sitio\\\/#\\\/schema\\\/person\\\/f33f8c1d2af0d5c80a38c8abf458184a\"},\"headline\":\"Podcasts, videos tutoriales y conciertos, los escenarios de la EAS en cuarentena\",\"datePublished\":\"2020-04-21T00:23:43+00:00\",\"dateModified\":\"2024-07-04T16:48:10+00:00\",\"mainEntityOfPage\":{\"@id\":\"https:\\\/\\\/www.uartes.edu.ec\\\/sitio\\\/blog\\\/2020\\\/04\\\/20\\\/podcasts-videos-tutoriales-y-conciertos-los-escenarios-de-la-eas-en-cuarentena\\\/\"},\"wordCount\":397,\"publisher\":{\"@id\":\"https:\\\/\\\/www.uartes.edu.ec\\\/sitio\\\/#organization\"},\"image\":{\"@id\":\"https:\\\/\\\/www.uartes.edu.ec\\\/sitio\\\/blog\\\/2020\\\/04\\\/20\\\/podcasts-videos-tutoriales-y-conciertos-los-escenarios-de-la-eas-en-cuarentena\\\/#primaryimage\"},\"thumbnailUrl\":\"https:\\\/\\\/www.uartes.edu.ec\\\/sitio\\\/wp-content\\\/uploads\\\/2020\\\/04\\\/ANDRES-BRACERO.jpg\",\"keywords\":[\"covid19\"],\"articleSection\":[\"Acad\u00e9mico\",\"Artes Sonoras\",\"Docentes\"],\"inLanguage\":\"es\"},{\"@type\":[\"WebPage\",\"ItemPage\"],\"@id\":\"https:\\\/\\\/www.uartes.edu.ec\\\/sitio\\\/blog\\\/2020\\\/04\\\/20\\\/podcasts-videos-tutoriales-y-conciertos-los-escenarios-de-la-eas-en-cuarentena\\\/\",\"url\":\"https:\\\/\\\/www.uartes.edu.ec\\\/sitio\\\/blog\\\/2020\\\/04\\\/20\\\/podcasts-videos-tutoriales-y-conciertos-los-escenarios-de-la-eas-en-cuarentena\\\/\",\"name\":\"Universidad de las Artes - Podcasts, videos tutoriales y conciertos, los escenarios de la EAS en cuarentena\",\"isPartOf\":{\"@id\":\"https:\\\/\\\/www.uartes.edu.ec\\\/sitio\\\/#website\"},\"primaryImageOfPage\":{\"@id\":\"https:\\\/\\\/www.uartes.edu.ec\\\/sitio\\\/blog\\\/2020\\\/04\\\/20\\\/podcasts-videos-tutoriales-y-conciertos-los-escenarios-de-la-eas-en-cuarentena\\\/#primaryimage\"},\"image\":{\"@id\":\"https:\\\/\\\/www.uartes.edu.ec\\\/sitio\\\/blog\\\/2020\\\/04\\\/20\\\/podcasts-videos-tutoriales-y-conciertos-los-escenarios-de-la-eas-en-cuarentena\\\/#primaryimage\"},\"thumbnailUrl\":\"https:\\\/\\\/www.uartes.edu.ec\\\/sitio\\\/wp-content\\\/uploads\\\/2020\\\/04\\\/ANDRES-BRACERO.jpg\",\"datePublished\":\"2020-04-21T00:23:43+00:00\",\"dateModified\":\"2024-07-04T16:48:10+00:00\",\"description\":\"Universidad de las Artes - Podcasts, videos tutoriales y conciertos, los escenarios de la EAS en cuarentena\",\"breadcrumb\":{\"@id\":\"https:\\\/\\\/www.uartes.edu.ec\\\/sitio\\\/blog\\\/2020\\\/04\\\/20\\\/podcasts-videos-tutoriales-y-conciertos-los-escenarios-de-la-eas-en-cuarentena\\\/#breadcrumb\"},\"inLanguage\":\"es\",\"potentialAction\":[{\"@type\":\"ReadAction\",\"target\":[\"https:\\\/\\\/www.uartes.edu.ec\\\/sitio\\\/blog\\\/2020\\\/04\\\/20\\\/podcasts-videos-tutoriales-y-conciertos-los-escenarios-de-la-eas-en-cuarentena\\\/\"]}]},{\"@type\":\"ImageObject\",\"inLanguage\":\"es\",\"@id\":\"https:\\\/\\\/www.uartes.edu.ec\\\/sitio\\\/blog\\\/2020\\\/04\\\/20\\\/podcasts-videos-tutoriales-y-conciertos-los-escenarios-de-la-eas-en-cuarentena\\\/#primaryimage\",\"url\":\"https:\\\/\\\/www.uartes.edu.ec\\\/sitio\\\/wp-content\\\/uploads\\\/2020\\\/04\\\/ANDRES-BRACERO.jpg\",\"contentUrl\":\"https:\\\/\\\/www.uartes.edu.ec\\\/sitio\\\/wp-content\\\/uploads\\\/2020\\\/04\\\/ANDRES-BRACERO.jpg\",\"width\":1500,\"height\":1000},{\"@type\":\"BreadcrumbList\",\"@id\":\"https:\\\/\\\/www.uartes.edu.ec\\\/sitio\\\/blog\\\/2020\\\/04\\\/20\\\/podcasts-videos-tutoriales-y-conciertos-los-escenarios-de-la-eas-en-cuarentena\\\/#breadcrumb\",\"itemListElement\":[{\"@type\":\"ListItem\",\"position\":1,\"name\":\"Inicio\",\"item\":\"https:\\\/\\\/www.uartes.edu.ec\\\/sitio\\\/\"},{\"@type\":\"ListItem\",\"position\":2,\"name\":\"Podcasts, videos tutoriales y conciertos, los escenarios de la EAS en cuarentena\"}]},{\"@type\":\"WebSite\",\"@id\":\"https:\\\/\\\/www.uartes.edu.ec\\\/sitio\\\/#website\",\"url\":\"https:\\\/\\\/www.uartes.edu.ec\\\/sitio\\\/\",\"name\":\"Universidad de las Artes\",\"description\":\"Sitio oficial de la Universidad Nacional de las Artes del Ecuador\",\"publisher\":{\"@id\":\"https:\\\/\\\/www.uartes.edu.ec\\\/sitio\\\/#organization\"},\"potentialAction\":[{\"@type\":\"SearchAction\",\"target\":{\"@type\":\"EntryPoint\",\"urlTemplate\":\"https:\\\/\\\/www.uartes.edu.ec\\\/sitio\\\/?s={search_term_string}\"},\"query-input\":{\"@type\":\"PropertyValueSpecification\",\"valueRequired\":true,\"valueName\":\"search_term_string\"}}],\"inLanguage\":\"es\"},{\"@type\":\"Organization\",\"@id\":\"https:\\\/\\\/www.uartes.edu.ec\\\/sitio\\\/#organization\",\"name\":\"Universidad de las Artes\",\"url\":\"https:\\\/\\\/www.uartes.edu.ec\\\/sitio\\\/\",\"logo\":{\"@type\":\"ImageObject\",\"inLanguage\":\"es\",\"@id\":\"https:\\\/\\\/www.uartes.edu.ec\\\/sitio\\\/#\\\/schema\\\/logo\\\/image\\\/\",\"url\":\"https:\\\/\\\/www.uartes.edu.ec\\\/sitio\\\/wp-content\\\/uploads\\\/2022\\\/07\\\/logo-ua-horizontal.png\",\"contentUrl\":\"https:\\\/\\\/www.uartes.edu.ec\\\/sitio\\\/wp-content\\\/uploads\\\/2022\\\/07\\\/logo-ua-horizontal.png\",\"width\":800,\"height\":276,\"caption\":\"Universidad de las Artes\"},\"image\":{\"@id\":\"https:\\\/\\\/www.uartes.edu.ec\\\/sitio\\\/#\\\/schema\\\/logo\\\/image\\\/\"},\"sameAs\":[\"https:\\\/\\\/www.facebook.com\\\/uartesec\",\"https:\\\/\\\/x.com\\\/uartesec\",\"https:\\\/\\\/www.tiktok.com\\\/@uartesec\"]},{\"@type\":\"Person\",\"@id\":\"https:\\\/\\\/www.uartes.edu.ec\\\/sitio\\\/#\\\/schema\\\/person\\\/f33f8c1d2af0d5c80a38c8abf458184a\",\"name\":\"Universidad de las Artes\",\"image\":{\"@type\":\"ImageObject\",\"inLanguage\":\"es\",\"@id\":\"https:\\\/\\\/secure.gravatar.com\\\/avatar\\\/52e4757902f5cfa5ac52d020e5be83cae5487519154b6c35482fe08d589f3c13?s=96&d=mm&r=g\",\"url\":\"https:\\\/\\\/secure.gravatar.com\\\/avatar\\\/52e4757902f5cfa5ac52d020e5be83cae5487519154b6c35482fe08d589f3c13?s=96&d=mm&r=g\",\"contentUrl\":\"https:\\\/\\\/secure.gravatar.com\\\/avatar\\\/52e4757902f5cfa5ac52d020e5be83cae5487519154b6c35482fe08d589f3c13?s=96&d=mm&r=g\",\"caption\":\"Universidad de las Artes\"},\"url\":\"https:\\\/\\\/www.uartes.edu.ec\\\/sitio\\\/blog\\\/author\\\/dircomadm\\\/\"}]}<\/script>\n<!-- \/ Yoast SEO plugin. -->","yoast_head_json":{"title":"Universidad de las Artes - Podcasts, videos tutoriales y conciertos, los escenarios de la EAS en cuarentena","description":"Universidad de las Artes - Podcasts, videos tutoriales y conciertos, los escenarios de la EAS en cuarentena","robots":{"index":"index","follow":"follow","max-snippet":"max-snippet:-1","max-image-preview":"max-image-preview:large","max-video-preview":"max-video-preview:-1"},"canonical":"https:\/\/www.uartes.edu.ec\/sitio\/blog\/2020\/04\/20\/podcasts-videos-tutoriales-y-conciertos-los-escenarios-de-la-eas-en-cuarentena\/","og_locale":"es_ES","og_type":"article","og_title":"Universidad de las Artes - Podcasts, videos tutoriales y conciertos, los escenarios de la EAS en cuarentena","og_description":"Universidad de las Artes - Podcasts, videos tutoriales y conciertos, los escenarios de la EAS en cuarentena","og_url":"https:\/\/www.uartes.edu.ec\/sitio\/blog\/2020\/04\/20\/podcasts-videos-tutoriales-y-conciertos-los-escenarios-de-la-eas-en-cuarentena\/","og_site_name":"Universidad de las Artes","article_publisher":"https:\/\/www.facebook.com\/uartesec","article_published_time":"2020-04-21T00:23:43+00:00","article_modified_time":"2024-07-04T16:48:10+00:00","og_image":[{"width":1500,"height":1000,"url":"https:\/\/www.uartes.edu.ec\/sitio\/wp-content\/uploads\/2020\/04\/ANDRES-BRACERO.jpg","type":"image\/jpeg"}],"author":"Universidad de las Artes","twitter_card":"summary_large_image","twitter_creator":"@uartesec","twitter_site":"@uartesec","twitter_misc":{"Escrito por":"Universidad de las Artes","Tiempo de lectura":"2 minutos"},"schema":{"@context":"https:\/\/schema.org","@graph":[{"@type":"Article","@id":"https:\/\/www.uartes.edu.ec\/sitio\/blog\/2020\/04\/20\/podcasts-videos-tutoriales-y-conciertos-los-escenarios-de-la-eas-en-cuarentena\/#article","isPartOf":{"@id":"https:\/\/www.uartes.edu.ec\/sitio\/blog\/2020\/04\/20\/podcasts-videos-tutoriales-y-conciertos-los-escenarios-de-la-eas-en-cuarentena\/"},"author":{"name":"Universidad de las Artes","@id":"https:\/\/www.uartes.edu.ec\/sitio\/#\/schema\/person\/f33f8c1d2af0d5c80a38c8abf458184a"},"headline":"Podcasts, videos tutoriales y conciertos, los escenarios de la EAS en cuarentena","datePublished":"2020-04-21T00:23:43+00:00","dateModified":"2024-07-04T16:48:10+00:00","mainEntityOfPage":{"@id":"https:\/\/www.uartes.edu.ec\/sitio\/blog\/2020\/04\/20\/podcasts-videos-tutoriales-y-conciertos-los-escenarios-de-la-eas-en-cuarentena\/"},"wordCount":397,"publisher":{"@id":"https:\/\/www.uartes.edu.ec\/sitio\/#organization"},"image":{"@id":"https:\/\/www.uartes.edu.ec\/sitio\/blog\/2020\/04\/20\/podcasts-videos-tutoriales-y-conciertos-los-escenarios-de-la-eas-en-cuarentena\/#primaryimage"},"thumbnailUrl":"https:\/\/www.uartes.edu.ec\/sitio\/wp-content\/uploads\/2020\/04\/ANDRES-BRACERO.jpg","keywords":["covid19"],"articleSection":["Acad\u00e9mico","Artes Sonoras","Docentes"],"inLanguage":"es"},{"@type":["WebPage","ItemPage"],"@id":"https:\/\/www.uartes.edu.ec\/sitio\/blog\/2020\/04\/20\/podcasts-videos-tutoriales-y-conciertos-los-escenarios-de-la-eas-en-cuarentena\/","url":"https:\/\/www.uartes.edu.ec\/sitio\/blog\/2020\/04\/20\/podcasts-videos-tutoriales-y-conciertos-los-escenarios-de-la-eas-en-cuarentena\/","name":"Universidad de las Artes - Podcasts, videos tutoriales y conciertos, los escenarios de la EAS en cuarentena","isPartOf":{"@id":"https:\/\/www.uartes.edu.ec\/sitio\/#website"},"primaryImageOfPage":{"@id":"https:\/\/www.uartes.edu.ec\/sitio\/blog\/2020\/04\/20\/podcasts-videos-tutoriales-y-conciertos-los-escenarios-de-la-eas-en-cuarentena\/#primaryimage"},"image":{"@id":"https:\/\/www.uartes.edu.ec\/sitio\/blog\/2020\/04\/20\/podcasts-videos-tutoriales-y-conciertos-los-escenarios-de-la-eas-en-cuarentena\/#primaryimage"},"thumbnailUrl":"https:\/\/www.uartes.edu.ec\/sitio\/wp-content\/uploads\/2020\/04\/ANDRES-BRACERO.jpg","datePublished":"2020-04-21T00:23:43+00:00","dateModified":"2024-07-04T16:48:10+00:00","description":"Universidad de las Artes - Podcasts, videos tutoriales y conciertos, los escenarios de la EAS en cuarentena","breadcrumb":{"@id":"https:\/\/www.uartes.edu.ec\/sitio\/blog\/2020\/04\/20\/podcasts-videos-tutoriales-y-conciertos-los-escenarios-de-la-eas-en-cuarentena\/#breadcrumb"},"inLanguage":"es","potentialAction":[{"@type":"ReadAction","target":["https:\/\/www.uartes.edu.ec\/sitio\/blog\/2020\/04\/20\/podcasts-videos-tutoriales-y-conciertos-los-escenarios-de-la-eas-en-cuarentena\/"]}]},{"@type":"ImageObject","inLanguage":"es","@id":"https:\/\/www.uartes.edu.ec\/sitio\/blog\/2020\/04\/20\/podcasts-videos-tutoriales-y-conciertos-los-escenarios-de-la-eas-en-cuarentena\/#primaryimage","url":"https:\/\/www.uartes.edu.ec\/sitio\/wp-content\/uploads\/2020\/04\/ANDRES-BRACERO.jpg","contentUrl":"https:\/\/www.uartes.edu.ec\/sitio\/wp-content\/uploads\/2020\/04\/ANDRES-BRACERO.jpg","width":1500,"height":1000},{"@type":"BreadcrumbList","@id":"https:\/\/www.uartes.edu.ec\/sitio\/blog\/2020\/04\/20\/podcasts-videos-tutoriales-y-conciertos-los-escenarios-de-la-eas-en-cuarentena\/#breadcrumb","itemListElement":[{"@type":"ListItem","position":1,"name":"Inicio","item":"https:\/\/www.uartes.edu.ec\/sitio\/"},{"@type":"ListItem","position":2,"name":"Podcasts, videos tutoriales y conciertos, los escenarios de la EAS en cuarentena"}]},{"@type":"WebSite","@id":"https:\/\/www.uartes.edu.ec\/sitio\/#website","url":"https:\/\/www.uartes.edu.ec\/sitio\/","name":"Universidad de las Artes","description":"Sitio oficial de la Universidad Nacional de las Artes del Ecuador","publisher":{"@id":"https:\/\/www.uartes.edu.ec\/sitio\/#organization"},"potentialAction":[{"@type":"SearchAction","target":{"@type":"EntryPoint","urlTemplate":"https:\/\/www.uartes.edu.ec\/sitio\/?s={search_term_string}"},"query-input":{"@type":"PropertyValueSpecification","valueRequired":true,"valueName":"search_term_string"}}],"inLanguage":"es"},{"@type":"Organization","@id":"https:\/\/www.uartes.edu.ec\/sitio\/#organization","name":"Universidad de las Artes","url":"https:\/\/www.uartes.edu.ec\/sitio\/","logo":{"@type":"ImageObject","inLanguage":"es","@id":"https:\/\/www.uartes.edu.ec\/sitio\/#\/schema\/logo\/image\/","url":"https:\/\/www.uartes.edu.ec\/sitio\/wp-content\/uploads\/2022\/07\/logo-ua-horizontal.png","contentUrl":"https:\/\/www.uartes.edu.ec\/sitio\/wp-content\/uploads\/2022\/07\/logo-ua-horizontal.png","width":800,"height":276,"caption":"Universidad de las Artes"},"image":{"@id":"https:\/\/www.uartes.edu.ec\/sitio\/#\/schema\/logo\/image\/"},"sameAs":["https:\/\/www.facebook.com\/uartesec","https:\/\/x.com\/uartesec","https:\/\/www.tiktok.com\/@uartesec"]},{"@type":"Person","@id":"https:\/\/www.uartes.edu.ec\/sitio\/#\/schema\/person\/f33f8c1d2af0d5c80a38c8abf458184a","name":"Universidad de las Artes","image":{"@type":"ImageObject","inLanguage":"es","@id":"https:\/\/secure.gravatar.com\/avatar\/52e4757902f5cfa5ac52d020e5be83cae5487519154b6c35482fe08d589f3c13?s=96&d=mm&r=g","url":"https:\/\/secure.gravatar.com\/avatar\/52e4757902f5cfa5ac52d020e5be83cae5487519154b6c35482fe08d589f3c13?s=96&d=mm&r=g","contentUrl":"https:\/\/secure.gravatar.com\/avatar\/52e4757902f5cfa5ac52d020e5be83cae5487519154b6c35482fe08d589f3c13?s=96&d=mm&r=g","caption":"Universidad de las Artes"},"url":"https:\/\/www.uartes.edu.ec\/sitio\/blog\/author\/dircomadm\/"}]}},"uagb_featured_image_src":{"full":["https:\/\/www.uartes.edu.ec\/sitio\/wp-content\/uploads\/2020\/04\/ANDRES-BRACERO.jpg",1500,1000,false],"thumbnail":["https:\/\/www.uartes.edu.ec\/sitio\/wp-content\/uploads\/2020\/04\/ANDRES-BRACERO-150x150.jpg",150,150,true],"medium":["https:\/\/www.uartes.edu.ec\/sitio\/wp-content\/uploads\/2020\/04\/ANDRES-BRACERO-300x200.jpg",300,200,true],"medium_large":["https:\/\/www.uartes.edu.ec\/sitio\/wp-content\/uploads\/2020\/04\/ANDRES-BRACERO-768x512.jpg",768,512,true],"large":["https:\/\/www.uartes.edu.ec\/sitio\/wp-content\/uploads\/2020\/04\/ANDRES-BRACERO-644x429.jpg",644,429,true],"1536x1536":["https:\/\/www.uartes.edu.ec\/sitio\/wp-content\/uploads\/2020\/04\/ANDRES-BRACERO.jpg",1500,1000,false],"2048x2048":["https:\/\/www.uartes.edu.ec\/sitio\/wp-content\/uploads\/2020\/04\/ANDRES-BRACERO.jpg",1500,1000,false],"trp-custom-language-flag":["https:\/\/www.uartes.edu.ec\/sitio\/wp-content\/uploads\/2020\/04\/ANDRES-BRACERO.jpg",18,12,false],"htmega_size_585x295":["https:\/\/www.uartes.edu.ec\/sitio\/wp-content\/uploads\/2020\/04\/ANDRES-BRACERO.jpg",443,295,false],"htmega_size_1170x536":["https:\/\/www.uartes.edu.ec\/sitio\/wp-content\/uploads\/2020\/04\/ANDRES-BRACERO.jpg",804,536,false],"htmega_size_396x360":["https:\/\/www.uartes.edu.ec\/sitio\/wp-content\/uploads\/2020\/04\/ANDRES-BRACERO.jpg",396,264,false],"gb-block-post-grid-landscape":["https:\/\/www.uartes.edu.ec\/sitio\/wp-content\/uploads\/2020\/04\/ANDRES-BRACERO.jpg",600,400,false],"gb-block-post-grid-square":["https:\/\/www.uartes.edu.ec\/sitio\/wp-content\/uploads\/2020\/04\/ANDRES-BRACERO.jpg",600,400,false],"university-hub-thumb":["https:\/\/www.uartes.edu.ec\/sitio\/wp-content\/uploads\/2020\/04\/ANDRES-BRACERO-400x267.jpg",400,267,true]},"uagb_author_info":{"display_name":"Universidad de las Artes","author_link":"https:\/\/www.uartes.edu.ec\/sitio\/blog\/author\/dircomadm\/"},"uagb_comment_info":0,"uagb_excerpt":"El video tutorial \u201cEstudiando tu instrumento en cuarentena\u201d, dirigido por el docente Juan Isidro Mej\u00eda, es uno de los varios contenidos audiovisuales que la Escuela de Artes Sonoras de la Universidad de las Artes ha elaborado y subido a su canal de YouTube y sus cuentas en las redes de Facebook e Instagram, con el&hellip;","featured_image_src":"https:\/\/www.uartes.edu.ec\/sitio\/wp-content\/uploads\/2020\/04\/ANDRES-BRACERO.jpg","featured_image_src_square":"https:\/\/www.uartes.edu.ec\/sitio\/wp-content\/uploads\/2020\/04\/ANDRES-BRACERO.jpg","author_info":{"display_name":"Universidad de las Artes","author_link":"https:\/\/www.uartes.edu.ec\/sitio\/blog\/author\/dircomadm\/"},"publishpress_future_workflow_manual_trigger":{"enabledWorkflows":[]},"distributor_meta":false,"distributor_terms":false,"distributor_media":false,"distributor_original_site_name":"Universidad de las Artes","distributor_original_site_url":"https:\/\/www.uartes.edu.ec\/sitio","push-errors":false,"_links":{"self":[{"href":"https:\/\/www.uartes.edu.ec\/sitio\/wp-json\/wp\/v2\/posts\/6747","targetHints":{"allow":["GET"]}}],"collection":[{"href":"https:\/\/www.uartes.edu.ec\/sitio\/wp-json\/wp\/v2\/posts"}],"about":[{"href":"https:\/\/www.uartes.edu.ec\/sitio\/wp-json\/wp\/v2\/types\/post"}],"author":[{"embeddable":true,"href":"https:\/\/www.uartes.edu.ec\/sitio\/wp-json\/wp\/v2\/users\/1"}],"replies":[{"embeddable":true,"href":"https:\/\/www.uartes.edu.ec\/sitio\/wp-json\/wp\/v2\/comments?post=6747"}],"version-history":[{"count":1,"href":"https:\/\/www.uartes.edu.ec\/sitio\/wp-json\/wp\/v2\/posts\/6747\/revisions"}],"predecessor-version":[{"id":6750,"href":"https:\/\/www.uartes.edu.ec\/sitio\/wp-json\/wp\/v2\/posts\/6747\/revisions\/6750"}],"wp:featuredmedia":[{"embeddable":true,"href":"https:\/\/www.uartes.edu.ec\/sitio\/wp-json\/wp\/v2\/media\/6748"}],"wp:attachment":[{"href":"https:\/\/www.uartes.edu.ec\/sitio\/wp-json\/wp\/v2\/media?parent=6747"}],"wp:term":[{"taxonomy":"category","embeddable":true,"href":"https:\/\/www.uartes.edu.ec\/sitio\/wp-json\/wp\/v2\/categories?post=6747"},{"taxonomy":"post_tag","embeddable":true,"href":"https:\/\/www.uartes.edu.ec\/sitio\/wp-json\/wp\/v2\/tags?post=6747"},{"taxonomy":"infouartes","embeddable":true,"href":"https:\/\/www.uartes.edu.ec\/sitio\/wp-json\/wp\/v2\/infouartes?post=6747"}],"curies":[{"name":"wp","href":"https:\/\/api.w.org\/{rel}","templated":true}]}}