{"id":67523,"date":"2025-01-21T17:54:00","date_gmt":"2025-01-21T22:54:00","guid":{"rendered":"https:\/\/www.uartes.edu.ec\/sitio\/?p=67523"},"modified":"2025-01-24T16:10:04","modified_gmt":"2025-01-24T21:10:04","slug":"docentes-uartes-jurados-en-las-diversas-expresiones-artisticas-del-carnaval-de-negros-y-blancos-de-pasto","status":"publish","type":"post","link":"https:\/\/www.uartes.edu.ec\/sitio\/blog\/2025\/01\/21\/docentes-uartes-jurados-en-las-diversas-expresiones-artisticas-del-carnaval-de-negros-y-blancos-de-pasto\/","title":{"rendered":"Docentes UArtes, invitados a ser jurado en el Carnaval de Negros y Blancos de Pasto"},"content":{"rendered":"\n<p>Docentes de la Universidad de las Artes (UArtes) participaron en el reconocido Carnaval de Negros y Blancos, una de las celebraciones culturales m\u00e1s emblem\u00e1ticas de Am\u00e9rica Latina, que se lleva a cabo cada a\u00f1o en Pasto, Nari\u00f1o (Colombia). La comitiva la conformaron los\/las docentes Ana Carrillo Rosero, Luis P\u00e1ez Von Lippke, Amaranta Pico Salguero y Mario Madro\u00f1ero Morillo, del Departamento Transversal de Teor\u00edas Cr\u00edticas y Pr\u00e1cticas Experimentales, y Dar\u00edo Buitr\u00f3n Merlo, Santiago C\u00e1rdenas Van Wien, David Villarreal Montenegro, Andrey Astaiza Vallejo y Fredy Vallejos, de la Escuela de Artes Sonoras.<\/p>\n\n\n\n<p>Este carnaval, declarado Patrimonio Cultural Inmaterial de la Humanidad por la UNESCO en 2009, fusiona las ricas tradiciones afrodescendientes, ind\u00edgenas y mestizas, reflejando una historia compartida que se remonta a las festividades ind\u00edgenas andinas, influencias coloniales y herencias afrodescendientes.<\/p>\n\n\n<div class=\"wp-block-image\">\n<figure class=\"aligncenter size-large\"><img fetchpriority=\"high\" decoding=\"async\" width=\"644\" height=\"429\" src=\"https:\/\/www.uartes.edu.ec\/sitio\/wp-content\/uploads\/2025\/01\/06-CARNAVAL-UARTES-644x429.jpg\" alt=\"\" class=\"wp-image-67525\" srcset=\"https:\/\/www.uartes.edu.ec\/sitio\/wp-content\/uploads\/2025\/01\/06-CARNAVAL-UARTES-644x429.jpg 644w, https:\/\/www.uartes.edu.ec\/sitio\/wp-content\/uploads\/2025\/01\/06-CARNAVAL-UARTES-300x200.jpg 300w, https:\/\/www.uartes.edu.ec\/sitio\/wp-content\/uploads\/2025\/01\/06-CARNAVAL-UARTES-768x512.jpg 768w, https:\/\/www.uartes.edu.ec\/sitio\/wp-content\/uploads\/2025\/01\/06-CARNAVAL-UARTES-1536x1024.jpg 1536w, https:\/\/www.uartes.edu.ec\/sitio\/wp-content\/uploads\/2025\/01\/06-CARNAVAL-UARTES-18x12.jpg 18w, https:\/\/www.uartes.edu.ec\/sitio\/wp-content\/uploads\/2025\/01\/06-CARNAVAL-UARTES-600x400.jpg 600w, https:\/\/www.uartes.edu.ec\/sitio\/wp-content\/uploads\/2025\/01\/06-CARNAVAL-UARTES-400x267.jpg 400w, https:\/\/www.uartes.edu.ec\/sitio\/wp-content\/uploads\/2025\/01\/06-CARNAVAL-UARTES-272x182.jpg 272w, https:\/\/www.uartes.edu.ec\/sitio\/wp-content\/uploads\/2025\/01\/06-CARNAVAL-UARTES.jpg 2000w\" sizes=\"(max-width: 644px) 100vw, 644px\" \/><\/figure>\n<\/div>\n\n\n<p>En esta ocasi\u00f3n, los\/as docentes de la UArtes desempe\u00f1aron un papel destacado al ser invitados como jurados del Carnaval. Su labor incluy\u00f3 la calificaci\u00f3n de diversas expresiones art\u00edsticas que la celebraci\u00f3n. Destacaron entre estas las imponentes carrozas y artesan\u00edas elaboradas por artesanos locales, quienes combinan t\u00e9cnicas tradicionales y modernas para dar vida a figuras mitol\u00f3gicas, personajes hist\u00f3ricos y temas sociales. Adem\u00e1s, la m\u00fasica festiva, los ritmos andinos y las expresiones folcl\u00f3ricas dotaron al evento de una energ\u00eda vibrante que encarna el alma del carnaval.<\/p>\n\n\n\n<p>La participaci\u00f3n de los\/las docentes tambi\u00e9n respondi\u00f3 a las l\u00edneas de investigaci\u00f3n de la universidad, particularmente \u201cDiscursos y pr\u00e1cticas art\u00edsticas de la interculturalidad\u201d y \u201cRelectura de las modernidades y la descolonialidad desde las artes\u201d. Este aporte acad\u00e9mico y cultural reafirma el compromiso de la UArtes con el reconocimiento y la promoci\u00f3n de las pr\u00e1cticas art\u00edsticas que fortalecen la identidad y la diversidad cultural a nivel local e internacional.<\/p>\n\n\n\n<figure class=\"wp-block-gallery has-nested-images columns-default is-cropped wp-block-gallery-1 is-layout-flex wp-block-gallery-is-layout-flex\">\n<figure class=\"wp-block-image size-large\"><img decoding=\"async\" width=\"644\" height=\"429\" data-id=\"67527\" src=\"https:\/\/www.uartes.edu.ec\/sitio\/wp-content\/uploads\/2025\/01\/04-CARNAVAL-UARTES-644x429.jpg\" alt=\"\" class=\"wp-image-67527\" srcset=\"https:\/\/www.uartes.edu.ec\/sitio\/wp-content\/uploads\/2025\/01\/04-CARNAVAL-UARTES-644x429.jpg 644w, https:\/\/www.uartes.edu.ec\/sitio\/wp-content\/uploads\/2025\/01\/04-CARNAVAL-UARTES-300x200.jpg 300w, https:\/\/www.uartes.edu.ec\/sitio\/wp-content\/uploads\/2025\/01\/04-CARNAVAL-UARTES-768x512.jpg 768w, https:\/\/www.uartes.edu.ec\/sitio\/wp-content\/uploads\/2025\/01\/04-CARNAVAL-UARTES-1536x1024.jpg 1536w, https:\/\/www.uartes.edu.ec\/sitio\/wp-content\/uploads\/2025\/01\/04-CARNAVAL-UARTES-18x12.jpg 18w, https:\/\/www.uartes.edu.ec\/sitio\/wp-content\/uploads\/2025\/01\/04-CARNAVAL-UARTES-600x400.jpg 600w, https:\/\/www.uartes.edu.ec\/sitio\/wp-content\/uploads\/2025\/01\/04-CARNAVAL-UARTES-400x267.jpg 400w, https:\/\/www.uartes.edu.ec\/sitio\/wp-content\/uploads\/2025\/01\/04-CARNAVAL-UARTES-272x182.jpg 272w, https:\/\/www.uartes.edu.ec\/sitio\/wp-content\/uploads\/2025\/01\/04-CARNAVAL-UARTES.jpg 2000w\" sizes=\"(max-width: 644px) 100vw, 644px\" \/><\/figure>\n\n\n\n<figure class=\"wp-block-image size-large\"><img decoding=\"async\" width=\"644\" height=\"429\" data-id=\"67526\" src=\"https:\/\/www.uartes.edu.ec\/sitio\/wp-content\/uploads\/2025\/01\/02-CARNAVAL-UARTES-644x429.jpg\" alt=\"\" class=\"wp-image-67526\" srcset=\"https:\/\/www.uartes.edu.ec\/sitio\/wp-content\/uploads\/2025\/01\/02-CARNAVAL-UARTES-644x429.jpg 644w, https:\/\/www.uartes.edu.ec\/sitio\/wp-content\/uploads\/2025\/01\/02-CARNAVAL-UARTES-300x200.jpg 300w, https:\/\/www.uartes.edu.ec\/sitio\/wp-content\/uploads\/2025\/01\/02-CARNAVAL-UARTES-768x512.jpg 768w, https:\/\/www.uartes.edu.ec\/sitio\/wp-content\/uploads\/2025\/01\/02-CARNAVAL-UARTES-1536x1024.jpg 1536w, https:\/\/www.uartes.edu.ec\/sitio\/wp-content\/uploads\/2025\/01\/02-CARNAVAL-UARTES-18x12.jpg 18w, https:\/\/www.uartes.edu.ec\/sitio\/wp-content\/uploads\/2025\/01\/02-CARNAVAL-UARTES-600x400.jpg 600w, https:\/\/www.uartes.edu.ec\/sitio\/wp-content\/uploads\/2025\/01\/02-CARNAVAL-UARTES-400x267.jpg 400w, https:\/\/www.uartes.edu.ec\/sitio\/wp-content\/uploads\/2025\/01\/02-CARNAVAL-UARTES-272x182.jpg 272w, https:\/\/www.uartes.edu.ec\/sitio\/wp-content\/uploads\/2025\/01\/02-CARNAVAL-UARTES.jpg 2000w\" sizes=\"(max-width: 644px) 100vw, 644px\" \/><\/figure>\n<\/figure>\n\n\n\n<p>La experiencia permiti\u00f3 a los\/las docentes establecer un di\u00e1logo intercultural que contribuye a la visibilizaci\u00f3n y an\u00e1lisis cr\u00edtico de las tradiciones art\u00edsticas y culturales de la regi\u00f3n andina. Este tipo de iniciativas fortalecen el rol de la UArtes como un referente acad\u00e9mico en el campo de las artes y las humanidades. Esta participaci\u00f3n refuerza los lazos culturales entre Ecuador y Colombia, especialmente con Pasto, ubicado en el Departamento de Nari\u00f1o, donde mantenemos un relacionamiento que se inici\u00f3 hace a\u00f1os atr\u00e1s con la participaci\u00f3n de la Orquesta Juvenil y la Orquesta de Instrumentos Andinos de esa ciudad en Guayaquil, en el marco de Interactos.<\/p>\n\n\n\n<figure class=\"wp-block-gallery has-nested-images columns-default is-cropped wp-block-gallery-2 is-layout-flex wp-block-gallery-is-layout-flex\">\n<figure class=\"wp-block-image size-large\"><img loading=\"lazy\" decoding=\"async\" width=\"644\" height=\"429\" data-id=\"67529\" src=\"https:\/\/www.uartes.edu.ec\/sitio\/wp-content\/uploads\/2025\/01\/05-CARNAVAL-UARTES-644x429.jpg\" alt=\"\" class=\"wp-image-67529\" srcset=\"https:\/\/www.uartes.edu.ec\/sitio\/wp-content\/uploads\/2025\/01\/05-CARNAVAL-UARTES-644x429.jpg 644w, https:\/\/www.uartes.edu.ec\/sitio\/wp-content\/uploads\/2025\/01\/05-CARNAVAL-UARTES-300x200.jpg 300w, https:\/\/www.uartes.edu.ec\/sitio\/wp-content\/uploads\/2025\/01\/05-CARNAVAL-UARTES-768x512.jpg 768w, https:\/\/www.uartes.edu.ec\/sitio\/wp-content\/uploads\/2025\/01\/05-CARNAVAL-UARTES-1536x1024.jpg 1536w, https:\/\/www.uartes.edu.ec\/sitio\/wp-content\/uploads\/2025\/01\/05-CARNAVAL-UARTES-18x12.jpg 18w, https:\/\/www.uartes.edu.ec\/sitio\/wp-content\/uploads\/2025\/01\/05-CARNAVAL-UARTES-600x400.jpg 600w, https:\/\/www.uartes.edu.ec\/sitio\/wp-content\/uploads\/2025\/01\/05-CARNAVAL-UARTES-400x267.jpg 400w, https:\/\/www.uartes.edu.ec\/sitio\/wp-content\/uploads\/2025\/01\/05-CARNAVAL-UARTES-272x182.jpg 272w, https:\/\/www.uartes.edu.ec\/sitio\/wp-content\/uploads\/2025\/01\/05-CARNAVAL-UARTES.jpg 2000w\" sizes=\"(max-width: 644px) 100vw, 644px\" \/><\/figure>\n\n\n\n<figure class=\"wp-block-image size-large\"><img loading=\"lazy\" decoding=\"async\" width=\"644\" height=\"429\" data-id=\"67528\" src=\"https:\/\/www.uartes.edu.ec\/sitio\/wp-content\/uploads\/2025\/01\/03-CARNAVAL-UARTES-644x429.jpg\" alt=\"\" class=\"wp-image-67528\" srcset=\"https:\/\/www.uartes.edu.ec\/sitio\/wp-content\/uploads\/2025\/01\/03-CARNAVAL-UARTES-644x429.jpg 644w, https:\/\/www.uartes.edu.ec\/sitio\/wp-content\/uploads\/2025\/01\/03-CARNAVAL-UARTES-300x200.jpg 300w, https:\/\/www.uartes.edu.ec\/sitio\/wp-content\/uploads\/2025\/01\/03-CARNAVAL-UARTES-768x512.jpg 768w, https:\/\/www.uartes.edu.ec\/sitio\/wp-content\/uploads\/2025\/01\/03-CARNAVAL-UARTES-1536x1024.jpg 1536w, https:\/\/www.uartes.edu.ec\/sitio\/wp-content\/uploads\/2025\/01\/03-CARNAVAL-UARTES-18x12.jpg 18w, https:\/\/www.uartes.edu.ec\/sitio\/wp-content\/uploads\/2025\/01\/03-CARNAVAL-UARTES-600x400.jpg 600w, https:\/\/www.uartes.edu.ec\/sitio\/wp-content\/uploads\/2025\/01\/03-CARNAVAL-UARTES-400x267.jpg 400w, https:\/\/www.uartes.edu.ec\/sitio\/wp-content\/uploads\/2025\/01\/03-CARNAVAL-UARTES-272x182.jpg 272w, https:\/\/www.uartes.edu.ec\/sitio\/wp-content\/uploads\/2025\/01\/03-CARNAVAL-UARTES.jpg 2000w\" sizes=\"(max-width: 644px) 100vw, 644px\" \/><\/figure>\n<\/figure>\n\n\n\n<p>Texto: Direcci\u00f3n de Relaciones Internacionales UArtes.<br>Fotos: cortes\u00eda de los docentes que participaron en el Carnaval de Negros y Blancos.<\/p>\n\n\n\n<p><\/p>\n","protected":false},"excerpt":{"rendered":"<p>La Universidad de las Artes estuvo presente en el Carnaval de Negros y Blancos de Pasto, Nari\u00f1o. Los docentes Ana Carrillo, Luis P\u00e1ez, Amaranta Pico y Mario Madro\u00f1ero, del Departamento Transversal, y Dar\u00edo Buitr\u00f3n, Santiago C\u00e1rdenas, David Villarreal, Andrey Astaiza y Fredy Vallejos, de la Escuela de Artes Sonoras, participaron en una de las celebraciones culturales m\u00e1s emblem\u00e1ticas de Am\u00e9rica Latina, en la que fueron jurado de sus diversas expresiones art\u00edsticas.<\/p>\n","protected":false},"author":10,"featured_media":67524,"comment_status":"open","ping_status":"open","sticky":false,"template":"","format":"standard","meta":{"_acf_changed":false,"_uag_custom_page_level_css":"","_monsterinsights_skip_tracking":false,"_monsterinsights_sitenote_active":false,"_monsterinsights_sitenote_note":"","_monsterinsights_sitenote_category":0,"cybocfi_hide_featured_image":"","footnotes":""},"categories":[80,82,150,75,77,174,79],"tags":[279],"infouartes":[],"class_list":["post-67523","post","type-post","status-publish","format-standard","has-post-thumbnail","hentry","category-academico","category-artes","category-artes-sonoras","category-docentes","category-gestion","category-transversal","category-vinculo","tag-relaciones-internacionales"],"acf":[],"yoast_head":"<!-- This site is optimized with the Yoast SEO plugin v27.4 - https:\/\/yoast.com\/product\/yoast-seo-wordpress\/ -->\n<title>Universidad de las Artes - Docentes UArtes, invitados a ser jurado en el Carnaval de Negros y Blancos de Pasto<\/title>\n<meta name=\"description\" content=\"Universidad de las Artes - Docentes UArtes, invitados a ser jurado en el Carnaval de Negros y Blancos de Pasto\" \/>\n<meta name=\"robots\" content=\"index, follow, max-snippet:-1, max-image-preview:large, max-video-preview:-1\" \/>\n<link rel=\"canonical\" href=\"https:\/\/www.uartes.edu.ec\/sitio\/blog\/2025\/01\/21\/docentes-uartes-jurados-en-las-diversas-expresiones-artisticas-del-carnaval-de-negros-y-blancos-de-pasto\/\" \/>\n<meta property=\"og:locale\" content=\"es_ES\" \/>\n<meta property=\"og:type\" content=\"article\" \/>\n<meta property=\"og:title\" content=\"Universidad de las Artes - Docentes UArtes, invitados a ser jurado en el Carnaval de Negros y Blancos de Pasto\" \/>\n<meta property=\"og:description\" content=\"Universidad de las Artes - Docentes UArtes, invitados a ser jurado en el Carnaval de Negros y Blancos de Pasto\" \/>\n<meta property=\"og:url\" content=\"https:\/\/www.uartes.edu.ec\/sitio\/blog\/2025\/01\/21\/docentes-uartes-jurados-en-las-diversas-expresiones-artisticas-del-carnaval-de-negros-y-blancos-de-pasto\/\" \/>\n<meta property=\"og:site_name\" content=\"Universidad de las Artes\" \/>\n<meta property=\"article:publisher\" content=\"https:\/\/www.facebook.com\/uartesec\" \/>\n<meta property=\"article:published_time\" content=\"2025-01-21T22:54:00+00:00\" \/>\n<meta property=\"article:modified_time\" content=\"2025-01-24T21:10:04+00:00\" \/>\n<meta property=\"og:image\" content=\"https:\/\/www.uartes.edu.ec\/sitio\/wp-content\/uploads\/2025\/01\/01-CARNAVAL-UARTES.jpg\" \/>\n\t<meta property=\"og:image:width\" content=\"2000\" \/>\n\t<meta property=\"og:image:height\" content=\"1333\" \/>\n\t<meta property=\"og:image:type\" content=\"image\/jpeg\" \/>\n<meta name=\"author\" content=\"ccortez\" \/>\n<meta name=\"twitter:card\" content=\"summary_large_image\" \/>\n<meta name=\"twitter:creator\" content=\"@uartesec\" \/>\n<meta name=\"twitter:site\" content=\"@uartesec\" \/>\n<meta name=\"twitter:label1\" content=\"Escrito por\" \/>\n\t<meta name=\"twitter:data1\" content=\"ccortez\" \/>\n\t<meta name=\"twitter:label2\" content=\"Tiempo de lectura\" \/>\n\t<meta name=\"twitter:data2\" content=\"4 minutos\" \/>\n<script type=\"application\/ld+json\" class=\"yoast-schema-graph\">{\"@context\":\"https:\\\/\\\/schema.org\",\"@graph\":[{\"@type\":\"Article\",\"@id\":\"https:\\\/\\\/www.uartes.edu.ec\\\/sitio\\\/blog\\\/2025\\\/01\\\/21\\\/docentes-uartes-jurados-en-las-diversas-expresiones-artisticas-del-carnaval-de-negros-y-blancos-de-pasto\\\/#article\",\"isPartOf\":{\"@id\":\"https:\\\/\\\/www.uartes.edu.ec\\\/sitio\\\/blog\\\/2025\\\/01\\\/21\\\/docentes-uartes-jurados-en-las-diversas-expresiones-artisticas-del-carnaval-de-negros-y-blancos-de-pasto\\\/\"},\"author\":{\"name\":\"ccortez\",\"@id\":\"https:\\\/\\\/www.uartes.edu.ec\\\/sitio\\\/#\\\/schema\\\/person\\\/efa1b8275797664fd7f13a79ccc0b1f4\"},\"headline\":\"Docentes UArtes, invitados a ser jurado en el Carnaval de Negros y Blancos de Pasto\",\"datePublished\":\"2025-01-21T22:54:00+00:00\",\"dateModified\":\"2025-01-24T21:10:04+00:00\",\"mainEntityOfPage\":{\"@id\":\"https:\\\/\\\/www.uartes.edu.ec\\\/sitio\\\/blog\\\/2025\\\/01\\\/21\\\/docentes-uartes-jurados-en-las-diversas-expresiones-artisticas-del-carnaval-de-negros-y-blancos-de-pasto\\\/\"},\"wordCount\":474,\"commentCount\":0,\"publisher\":{\"@id\":\"https:\\\/\\\/www.uartes.edu.ec\\\/sitio\\\/#organization\"},\"image\":{\"@id\":\"https:\\\/\\\/www.uartes.edu.ec\\\/sitio\\\/blog\\\/2025\\\/01\\\/21\\\/docentes-uartes-jurados-en-las-diversas-expresiones-artisticas-del-carnaval-de-negros-y-blancos-de-pasto\\\/#primaryimage\"},\"thumbnailUrl\":\"https:\\\/\\\/www.uartes.edu.ec\\\/sitio\\\/wp-content\\\/uploads\\\/2025\\\/01\\\/01-CARNAVAL-UARTES.jpg\",\"keywords\":[\"relaciones internacionales\"],\"articleSection\":[\"Acad\u00e9mico\",\"Artes\",\"Artes Sonoras\",\"Docentes\",\"Gesti\u00f3n\",\"Transversal\",\"V\u00ednculo\"],\"inLanguage\":\"es\",\"potentialAction\":[{\"@type\":\"CommentAction\",\"name\":\"Comment\",\"target\":[\"https:\\\/\\\/www.uartes.edu.ec\\\/sitio\\\/blog\\\/2025\\\/01\\\/21\\\/docentes-uartes-jurados-en-las-diversas-expresiones-artisticas-del-carnaval-de-negros-y-blancos-de-pasto\\\/#respond\"]}]},{\"@type\":[\"WebPage\",\"ItemPage\"],\"@id\":\"https:\\\/\\\/www.uartes.edu.ec\\\/sitio\\\/blog\\\/2025\\\/01\\\/21\\\/docentes-uartes-jurados-en-las-diversas-expresiones-artisticas-del-carnaval-de-negros-y-blancos-de-pasto\\\/\",\"url\":\"https:\\\/\\\/www.uartes.edu.ec\\\/sitio\\\/blog\\\/2025\\\/01\\\/21\\\/docentes-uartes-jurados-en-las-diversas-expresiones-artisticas-del-carnaval-de-negros-y-blancos-de-pasto\\\/\",\"name\":\"Universidad de las Artes - Docentes UArtes, invitados a ser jurado en el Carnaval de Negros y Blancos de Pasto\",\"isPartOf\":{\"@id\":\"https:\\\/\\\/www.uartes.edu.ec\\\/sitio\\\/#website\"},\"primaryImageOfPage\":{\"@id\":\"https:\\\/\\\/www.uartes.edu.ec\\\/sitio\\\/blog\\\/2025\\\/01\\\/21\\\/docentes-uartes-jurados-en-las-diversas-expresiones-artisticas-del-carnaval-de-negros-y-blancos-de-pasto\\\/#primaryimage\"},\"image\":{\"@id\":\"https:\\\/\\\/www.uartes.edu.ec\\\/sitio\\\/blog\\\/2025\\\/01\\\/21\\\/docentes-uartes-jurados-en-las-diversas-expresiones-artisticas-del-carnaval-de-negros-y-blancos-de-pasto\\\/#primaryimage\"},\"thumbnailUrl\":\"https:\\\/\\\/www.uartes.edu.ec\\\/sitio\\\/wp-content\\\/uploads\\\/2025\\\/01\\\/01-CARNAVAL-UARTES.jpg\",\"datePublished\":\"2025-01-21T22:54:00+00:00\",\"dateModified\":\"2025-01-24T21:10:04+00:00\",\"description\":\"Universidad de las Artes - Docentes UArtes, invitados a ser jurado en el Carnaval de Negros y Blancos de Pasto\",\"breadcrumb\":{\"@id\":\"https:\\\/\\\/www.uartes.edu.ec\\\/sitio\\\/blog\\\/2025\\\/01\\\/21\\\/docentes-uartes-jurados-en-las-diversas-expresiones-artisticas-del-carnaval-de-negros-y-blancos-de-pasto\\\/#breadcrumb\"},\"inLanguage\":\"es\",\"potentialAction\":[{\"@type\":\"ReadAction\",\"target\":[\"https:\\\/\\\/www.uartes.edu.ec\\\/sitio\\\/blog\\\/2025\\\/01\\\/21\\\/docentes-uartes-jurados-en-las-diversas-expresiones-artisticas-del-carnaval-de-negros-y-blancos-de-pasto\\\/\"]}]},{\"@type\":\"ImageObject\",\"inLanguage\":\"es\",\"@id\":\"https:\\\/\\\/www.uartes.edu.ec\\\/sitio\\\/blog\\\/2025\\\/01\\\/21\\\/docentes-uartes-jurados-en-las-diversas-expresiones-artisticas-del-carnaval-de-negros-y-blancos-de-pasto\\\/#primaryimage\",\"url\":\"https:\\\/\\\/www.uartes.edu.ec\\\/sitio\\\/wp-content\\\/uploads\\\/2025\\\/01\\\/01-CARNAVAL-UARTES.jpg\",\"contentUrl\":\"https:\\\/\\\/www.uartes.edu.ec\\\/sitio\\\/wp-content\\\/uploads\\\/2025\\\/01\\\/01-CARNAVAL-UARTES.jpg\",\"width\":2000,\"height\":1333},{\"@type\":\"BreadcrumbList\",\"@id\":\"https:\\\/\\\/www.uartes.edu.ec\\\/sitio\\\/blog\\\/2025\\\/01\\\/21\\\/docentes-uartes-jurados-en-las-diversas-expresiones-artisticas-del-carnaval-de-negros-y-blancos-de-pasto\\\/#breadcrumb\",\"itemListElement\":[{\"@type\":\"ListItem\",\"position\":1,\"name\":\"Inicio\",\"item\":\"https:\\\/\\\/www.uartes.edu.ec\\\/sitio\\\/\"},{\"@type\":\"ListItem\",\"position\":2,\"name\":\"Docentes UArtes, invitados a ser jurado en el Carnaval de Negros y Blancos de Pasto\"}]},{\"@type\":\"WebSite\",\"@id\":\"https:\\\/\\\/www.uartes.edu.ec\\\/sitio\\\/#website\",\"url\":\"https:\\\/\\\/www.uartes.edu.ec\\\/sitio\\\/\",\"name\":\"Universidad de las Artes\",\"description\":\"Sitio oficial de la Universidad Nacional de las Artes del Ecuador\",\"publisher\":{\"@id\":\"https:\\\/\\\/www.uartes.edu.ec\\\/sitio\\\/#organization\"},\"potentialAction\":[{\"@type\":\"SearchAction\",\"target\":{\"@type\":\"EntryPoint\",\"urlTemplate\":\"https:\\\/\\\/www.uartes.edu.ec\\\/sitio\\\/?s={search_term_string}\"},\"query-input\":{\"@type\":\"PropertyValueSpecification\",\"valueRequired\":true,\"valueName\":\"search_term_string\"}}],\"inLanguage\":\"es\"},{\"@type\":\"Organization\",\"@id\":\"https:\\\/\\\/www.uartes.edu.ec\\\/sitio\\\/#organization\",\"name\":\"Universidad de las Artes\",\"url\":\"https:\\\/\\\/www.uartes.edu.ec\\\/sitio\\\/\",\"logo\":{\"@type\":\"ImageObject\",\"inLanguage\":\"es\",\"@id\":\"https:\\\/\\\/www.uartes.edu.ec\\\/sitio\\\/#\\\/schema\\\/logo\\\/image\\\/\",\"url\":\"https:\\\/\\\/www.uartes.edu.ec\\\/sitio\\\/wp-content\\\/uploads\\\/2022\\\/07\\\/logo-ua-horizontal.png\",\"contentUrl\":\"https:\\\/\\\/www.uartes.edu.ec\\\/sitio\\\/wp-content\\\/uploads\\\/2022\\\/07\\\/logo-ua-horizontal.png\",\"width\":800,\"height\":276,\"caption\":\"Universidad de las Artes\"},\"image\":{\"@id\":\"https:\\\/\\\/www.uartes.edu.ec\\\/sitio\\\/#\\\/schema\\\/logo\\\/image\\\/\"},\"sameAs\":[\"https:\\\/\\\/www.facebook.com\\\/uartesec\",\"https:\\\/\\\/x.com\\\/uartesec\",\"https:\\\/\\\/www.tiktok.com\\\/@uartesec\"]},{\"@type\":\"Person\",\"@id\":\"https:\\\/\\\/www.uartes.edu.ec\\\/sitio\\\/#\\\/schema\\\/person\\\/efa1b8275797664fd7f13a79ccc0b1f4\",\"name\":\"ccortez\",\"image\":{\"@type\":\"ImageObject\",\"inLanguage\":\"es\",\"@id\":\"https:\\\/\\\/secure.gravatar.com\\\/avatar\\\/b2a6f664a3ae8e074346ef91775736c5ec479e637ecced6842de9dc98b5da9cd?s=96&d=mm&r=g\",\"url\":\"https:\\\/\\\/secure.gravatar.com\\\/avatar\\\/b2a6f664a3ae8e074346ef91775736c5ec479e637ecced6842de9dc98b5da9cd?s=96&d=mm&r=g\",\"contentUrl\":\"https:\\\/\\\/secure.gravatar.com\\\/avatar\\\/b2a6f664a3ae8e074346ef91775736c5ec479e637ecced6842de9dc98b5da9cd?s=96&d=mm&r=g\",\"caption\":\"ccortez\"},\"url\":\"https:\\\/\\\/www.uartes.edu.ec\\\/sitio\\\/blog\\\/author\\\/ccortez\\\/\"}]}<\/script>\n<!-- \/ Yoast SEO plugin. -->","yoast_head_json":{"title":"Universidad de las Artes - Docentes UArtes, invitados a ser jurado en el Carnaval de Negros y Blancos de Pasto","description":"Universidad de las Artes - Docentes UArtes, invitados a ser jurado en el Carnaval de Negros y Blancos de Pasto","robots":{"index":"index","follow":"follow","max-snippet":"max-snippet:-1","max-image-preview":"max-image-preview:large","max-video-preview":"max-video-preview:-1"},"canonical":"https:\/\/www.uartes.edu.ec\/sitio\/blog\/2025\/01\/21\/docentes-uartes-jurados-en-las-diversas-expresiones-artisticas-del-carnaval-de-negros-y-blancos-de-pasto\/","og_locale":"es_ES","og_type":"article","og_title":"Universidad de las Artes - Docentes UArtes, invitados a ser jurado en el Carnaval de Negros y Blancos de Pasto","og_description":"Universidad de las Artes - Docentes UArtes, invitados a ser jurado en el Carnaval de Negros y Blancos de Pasto","og_url":"https:\/\/www.uartes.edu.ec\/sitio\/blog\/2025\/01\/21\/docentes-uartes-jurados-en-las-diversas-expresiones-artisticas-del-carnaval-de-negros-y-blancos-de-pasto\/","og_site_name":"Universidad de las Artes","article_publisher":"https:\/\/www.facebook.com\/uartesec","article_published_time":"2025-01-21T22:54:00+00:00","article_modified_time":"2025-01-24T21:10:04+00:00","og_image":[{"width":2000,"height":1333,"url":"https:\/\/www.uartes.edu.ec\/sitio\/wp-content\/uploads\/2025\/01\/01-CARNAVAL-UARTES.jpg","type":"image\/jpeg"}],"author":"ccortez","twitter_card":"summary_large_image","twitter_creator":"@uartesec","twitter_site":"@uartesec","twitter_misc":{"Escrito por":"ccortez","Tiempo de lectura":"4 minutos"},"schema":{"@context":"https:\/\/schema.org","@graph":[{"@type":"Article","@id":"https:\/\/www.uartes.edu.ec\/sitio\/blog\/2025\/01\/21\/docentes-uartes-jurados-en-las-diversas-expresiones-artisticas-del-carnaval-de-negros-y-blancos-de-pasto\/#article","isPartOf":{"@id":"https:\/\/www.uartes.edu.ec\/sitio\/blog\/2025\/01\/21\/docentes-uartes-jurados-en-las-diversas-expresiones-artisticas-del-carnaval-de-negros-y-blancos-de-pasto\/"},"author":{"name":"ccortez","@id":"https:\/\/www.uartes.edu.ec\/sitio\/#\/schema\/person\/efa1b8275797664fd7f13a79ccc0b1f4"},"headline":"Docentes UArtes, invitados a ser jurado en el Carnaval de Negros y Blancos de Pasto","datePublished":"2025-01-21T22:54:00+00:00","dateModified":"2025-01-24T21:10:04+00:00","mainEntityOfPage":{"@id":"https:\/\/www.uartes.edu.ec\/sitio\/blog\/2025\/01\/21\/docentes-uartes-jurados-en-las-diversas-expresiones-artisticas-del-carnaval-de-negros-y-blancos-de-pasto\/"},"wordCount":474,"commentCount":0,"publisher":{"@id":"https:\/\/www.uartes.edu.ec\/sitio\/#organization"},"image":{"@id":"https:\/\/www.uartes.edu.ec\/sitio\/blog\/2025\/01\/21\/docentes-uartes-jurados-en-las-diversas-expresiones-artisticas-del-carnaval-de-negros-y-blancos-de-pasto\/#primaryimage"},"thumbnailUrl":"https:\/\/www.uartes.edu.ec\/sitio\/wp-content\/uploads\/2025\/01\/01-CARNAVAL-UARTES.jpg","keywords":["relaciones internacionales"],"articleSection":["Acad\u00e9mico","Artes","Artes Sonoras","Docentes","Gesti\u00f3n","Transversal","V\u00ednculo"],"inLanguage":"es","potentialAction":[{"@type":"CommentAction","name":"Comment","target":["https:\/\/www.uartes.edu.ec\/sitio\/blog\/2025\/01\/21\/docentes-uartes-jurados-en-las-diversas-expresiones-artisticas-del-carnaval-de-negros-y-blancos-de-pasto\/#respond"]}]},{"@type":["WebPage","ItemPage"],"@id":"https:\/\/www.uartes.edu.ec\/sitio\/blog\/2025\/01\/21\/docentes-uartes-jurados-en-las-diversas-expresiones-artisticas-del-carnaval-de-negros-y-blancos-de-pasto\/","url":"https:\/\/www.uartes.edu.ec\/sitio\/blog\/2025\/01\/21\/docentes-uartes-jurados-en-las-diversas-expresiones-artisticas-del-carnaval-de-negros-y-blancos-de-pasto\/","name":"Universidad de las Artes - Docentes UArtes, invitados a ser jurado en el Carnaval de Negros y Blancos de Pasto","isPartOf":{"@id":"https:\/\/www.uartes.edu.ec\/sitio\/#website"},"primaryImageOfPage":{"@id":"https:\/\/www.uartes.edu.ec\/sitio\/blog\/2025\/01\/21\/docentes-uartes-jurados-en-las-diversas-expresiones-artisticas-del-carnaval-de-negros-y-blancos-de-pasto\/#primaryimage"},"image":{"@id":"https:\/\/www.uartes.edu.ec\/sitio\/blog\/2025\/01\/21\/docentes-uartes-jurados-en-las-diversas-expresiones-artisticas-del-carnaval-de-negros-y-blancos-de-pasto\/#primaryimage"},"thumbnailUrl":"https:\/\/www.uartes.edu.ec\/sitio\/wp-content\/uploads\/2025\/01\/01-CARNAVAL-UARTES.jpg","datePublished":"2025-01-21T22:54:00+00:00","dateModified":"2025-01-24T21:10:04+00:00","description":"Universidad de las Artes - Docentes UArtes, invitados a ser jurado en el Carnaval de Negros y Blancos de Pasto","breadcrumb":{"@id":"https:\/\/www.uartes.edu.ec\/sitio\/blog\/2025\/01\/21\/docentes-uartes-jurados-en-las-diversas-expresiones-artisticas-del-carnaval-de-negros-y-blancos-de-pasto\/#breadcrumb"},"inLanguage":"es","potentialAction":[{"@type":"ReadAction","target":["https:\/\/www.uartes.edu.ec\/sitio\/blog\/2025\/01\/21\/docentes-uartes-jurados-en-las-diversas-expresiones-artisticas-del-carnaval-de-negros-y-blancos-de-pasto\/"]}]},{"@type":"ImageObject","inLanguage":"es","@id":"https:\/\/www.uartes.edu.ec\/sitio\/blog\/2025\/01\/21\/docentes-uartes-jurados-en-las-diversas-expresiones-artisticas-del-carnaval-de-negros-y-blancos-de-pasto\/#primaryimage","url":"https:\/\/www.uartes.edu.ec\/sitio\/wp-content\/uploads\/2025\/01\/01-CARNAVAL-UARTES.jpg","contentUrl":"https:\/\/www.uartes.edu.ec\/sitio\/wp-content\/uploads\/2025\/01\/01-CARNAVAL-UARTES.jpg","width":2000,"height":1333},{"@type":"BreadcrumbList","@id":"https:\/\/www.uartes.edu.ec\/sitio\/blog\/2025\/01\/21\/docentes-uartes-jurados-en-las-diversas-expresiones-artisticas-del-carnaval-de-negros-y-blancos-de-pasto\/#breadcrumb","itemListElement":[{"@type":"ListItem","position":1,"name":"Inicio","item":"https:\/\/www.uartes.edu.ec\/sitio\/"},{"@type":"ListItem","position":2,"name":"Docentes UArtes, invitados a ser jurado en el Carnaval de Negros y Blancos de Pasto"}]},{"@type":"WebSite","@id":"https:\/\/www.uartes.edu.ec\/sitio\/#website","url":"https:\/\/www.uartes.edu.ec\/sitio\/","name":"Universidad de las Artes","description":"Sitio oficial de la Universidad Nacional de las Artes del Ecuador","publisher":{"@id":"https:\/\/www.uartes.edu.ec\/sitio\/#organization"},"potentialAction":[{"@type":"SearchAction","target":{"@type":"EntryPoint","urlTemplate":"https:\/\/www.uartes.edu.ec\/sitio\/?s={search_term_string}"},"query-input":{"@type":"PropertyValueSpecification","valueRequired":true,"valueName":"search_term_string"}}],"inLanguage":"es"},{"@type":"Organization","@id":"https:\/\/www.uartes.edu.ec\/sitio\/#organization","name":"Universidad de las Artes","url":"https:\/\/www.uartes.edu.ec\/sitio\/","logo":{"@type":"ImageObject","inLanguage":"es","@id":"https:\/\/www.uartes.edu.ec\/sitio\/#\/schema\/logo\/image\/","url":"https:\/\/www.uartes.edu.ec\/sitio\/wp-content\/uploads\/2022\/07\/logo-ua-horizontal.png","contentUrl":"https:\/\/www.uartes.edu.ec\/sitio\/wp-content\/uploads\/2022\/07\/logo-ua-horizontal.png","width":800,"height":276,"caption":"Universidad de las Artes"},"image":{"@id":"https:\/\/www.uartes.edu.ec\/sitio\/#\/schema\/logo\/image\/"},"sameAs":["https:\/\/www.facebook.com\/uartesec","https:\/\/x.com\/uartesec","https:\/\/www.tiktok.com\/@uartesec"]},{"@type":"Person","@id":"https:\/\/www.uartes.edu.ec\/sitio\/#\/schema\/person\/efa1b8275797664fd7f13a79ccc0b1f4","name":"ccortez","image":{"@type":"ImageObject","inLanguage":"es","@id":"https:\/\/secure.gravatar.com\/avatar\/b2a6f664a3ae8e074346ef91775736c5ec479e637ecced6842de9dc98b5da9cd?s=96&d=mm&r=g","url":"https:\/\/secure.gravatar.com\/avatar\/b2a6f664a3ae8e074346ef91775736c5ec479e637ecced6842de9dc98b5da9cd?s=96&d=mm&r=g","contentUrl":"https:\/\/secure.gravatar.com\/avatar\/b2a6f664a3ae8e074346ef91775736c5ec479e637ecced6842de9dc98b5da9cd?s=96&d=mm&r=g","caption":"ccortez"},"url":"https:\/\/www.uartes.edu.ec\/sitio\/blog\/author\/ccortez\/"}]}},"uagb_featured_image_src":{"full":["https:\/\/www.uartes.edu.ec\/sitio\/wp-content\/uploads\/2025\/01\/01-CARNAVAL-UARTES.jpg",2000,1333,false],"thumbnail":["https:\/\/www.uartes.edu.ec\/sitio\/wp-content\/uploads\/2025\/01\/01-CARNAVAL-UARTES-150x150.jpg",150,150,true],"medium":["https:\/\/www.uartes.edu.ec\/sitio\/wp-content\/uploads\/2025\/01\/01-CARNAVAL-UARTES-300x200.jpg",300,200,true],"medium_large":["https:\/\/www.uartes.edu.ec\/sitio\/wp-content\/uploads\/2025\/01\/01-CARNAVAL-UARTES-768x512.jpg",768,512,true],"large":["https:\/\/www.uartes.edu.ec\/sitio\/wp-content\/uploads\/2025\/01\/01-CARNAVAL-UARTES-644x429.jpg",644,429,true],"1536x1536":["https:\/\/www.uartes.edu.ec\/sitio\/wp-content\/uploads\/2025\/01\/01-CARNAVAL-UARTES-1536x1024.jpg",1536,1024,true],"2048x2048":["https:\/\/www.uartes.edu.ec\/sitio\/wp-content\/uploads\/2025\/01\/01-CARNAVAL-UARTES.jpg",2000,1333,false],"trp-custom-language-flag":["https:\/\/www.uartes.edu.ec\/sitio\/wp-content\/uploads\/2025\/01\/01-CARNAVAL-UARTES-18x12.jpg",18,12,true],"htmega_size_585x295":["https:\/\/www.uartes.edu.ec\/sitio\/wp-content\/uploads\/2025\/01\/01-CARNAVAL-UARTES-585x295.jpg",585,295,true],"htmega_size_1170x536":["https:\/\/www.uartes.edu.ec\/sitio\/wp-content\/uploads\/2025\/01\/01-CARNAVAL-UARTES-1170x536.jpg",1170,536,true],"htmega_size_396x360":["https:\/\/www.uartes.edu.ec\/sitio\/wp-content\/uploads\/2025\/01\/01-CARNAVAL-UARTES-396x360.jpg",396,360,true],"gb-block-post-grid-landscape":["https:\/\/www.uartes.edu.ec\/sitio\/wp-content\/uploads\/2025\/01\/01-CARNAVAL-UARTES-600x400.jpg",600,400,true],"gb-block-post-grid-square":["https:\/\/www.uartes.edu.ec\/sitio\/wp-content\/uploads\/2025\/01\/01-CARNAVAL-UARTES-600x600.jpg",600,600,true],"university-hub-thumb":["https:\/\/www.uartes.edu.ec\/sitio\/wp-content\/uploads\/2025\/01\/01-CARNAVAL-UARTES-400x267.jpg",400,267,true]},"uagb_author_info":{"display_name":"ccortez","author_link":"https:\/\/www.uartes.edu.ec\/sitio\/blog\/author\/ccortez\/"},"uagb_comment_info":0,"uagb_excerpt":"La Universidad de las Artes estuvo presente en el Carnaval de Negros y Blancos de Pasto, Nari\u00f1o. Los docentes Ana Carrillo, Luis P\u00e1ez, Amaranta Pico y Mario Madro\u00f1ero, del Departamento Transversal, y Dar\u00edo Buitr\u00f3n, Santiago C\u00e1rdenas, David Villarreal, Andrey Astaiza y Fredy Vallejos, de la Escuela de Artes Sonoras, participaron en una de las celebraciones&hellip;","featured_image_src":"https:\/\/www.uartes.edu.ec\/sitio\/wp-content\/uploads\/2025\/01\/01-CARNAVAL-UARTES-600x400.jpg","featured_image_src_square":"https:\/\/www.uartes.edu.ec\/sitio\/wp-content\/uploads\/2025\/01\/01-CARNAVAL-UARTES-600x600.jpg","author_info":{"display_name":"ccortez","author_link":"https:\/\/www.uartes.edu.ec\/sitio\/blog\/author\/ccortez\/"},"publishpress_future_workflow_manual_trigger":{"enabledWorkflows":[]},"distributor_meta":false,"distributor_terms":false,"distributor_media":false,"distributor_original_site_name":"Universidad de las Artes","distributor_original_site_url":"https:\/\/www.uartes.edu.ec\/sitio","push-errors":false,"_links":{"self":[{"href":"https:\/\/www.uartes.edu.ec\/sitio\/wp-json\/wp\/v2\/posts\/67523","targetHints":{"allow":["GET"]}}],"collection":[{"href":"https:\/\/www.uartes.edu.ec\/sitio\/wp-json\/wp\/v2\/posts"}],"about":[{"href":"https:\/\/www.uartes.edu.ec\/sitio\/wp-json\/wp\/v2\/types\/post"}],"author":[{"embeddable":true,"href":"https:\/\/www.uartes.edu.ec\/sitio\/wp-json\/wp\/v2\/users\/10"}],"replies":[{"embeddable":true,"href":"https:\/\/www.uartes.edu.ec\/sitio\/wp-json\/wp\/v2\/comments?post=67523"}],"version-history":[{"count":5,"href":"https:\/\/www.uartes.edu.ec\/sitio\/wp-json\/wp\/v2\/posts\/67523\/revisions"}],"predecessor-version":[{"id":67723,"href":"https:\/\/www.uartes.edu.ec\/sitio\/wp-json\/wp\/v2\/posts\/67523\/revisions\/67723"}],"wp:featuredmedia":[{"embeddable":true,"href":"https:\/\/www.uartes.edu.ec\/sitio\/wp-json\/wp\/v2\/media\/67524"}],"wp:attachment":[{"href":"https:\/\/www.uartes.edu.ec\/sitio\/wp-json\/wp\/v2\/media?parent=67523"}],"wp:term":[{"taxonomy":"category","embeddable":true,"href":"https:\/\/www.uartes.edu.ec\/sitio\/wp-json\/wp\/v2\/categories?post=67523"},{"taxonomy":"post_tag","embeddable":true,"href":"https:\/\/www.uartes.edu.ec\/sitio\/wp-json\/wp\/v2\/tags?post=67523"},{"taxonomy":"infouartes","embeddable":true,"href":"https:\/\/www.uartes.edu.ec\/sitio\/wp-json\/wp\/v2\/infouartes?post=67523"}],"curies":[{"name":"wp","href":"https:\/\/api.w.org\/{rel}","templated":true}]}}