{"id":67545,"date":"2025-01-22T16:50:00","date_gmt":"2025-01-22T21:50:00","guid":{"rendered":"https:\/\/www.uartes.edu.ec\/sitio\/?p=67545"},"modified":"2025-01-23T15:09:31","modified_gmt":"2025-01-23T20:09:31","slug":"uartes-implemento-lactarios-institucionales","status":"publish","type":"post","link":"https:\/\/www.uartes.edu.ec\/sitio\/blog\/2025\/01\/22\/uartes-implemento-lactarios-institucionales\/","title":{"rendered":"UArtes implement\u00f3 lactarios institucionales"},"content":{"rendered":"\n<p>La Universidad de las Artes, en cumplimiento de la normativa y los acuerdos ministeriales vigentes, ha implementado lactarios institucionales en cuatro de sus edificios: El Tel\u00e9grafo, tercer piso; Pabell\u00f3n Pablo Palacio de la Gobernaci\u00f3n, planta baja; Enrique T\u00e1bara, tercer piso; y MZ14 Centro de Producci\u00f3n e Innovaci\u00f3n, planta baja.<\/p>\n\n\n\n<p>Este martes 21 de enero de 2025, la Direcci\u00f3n de Talento Humano invit\u00f3 al personal administrativo, acad\u00e9mico y de apoyo acad\u00e9mico UArtes a la socializaci\u00f3n del Acuerdo Interministerial No. MDT-MSP-2024-002 que expide el Reglamento para la implementaci\u00f3n, adecuaci\u00f3n y uso de las salas de apoyo a la lactancia materna en los centros de trabajo del sector p\u00fablico y privado y su instructivo.<\/p>\n\n\n\n<p>La actividad se desarroll\u00f3 en la Sala de Cine del MZ14 y fueron J\u00e9ssica Plaza, directora de Talento Humano, y David Zapata, analista de Seguridad y Salud Ocupacional, quienes expusieron el marco legal del acuerdo institucional acerca de las \u201cSalas de apoyo a la lactancia materna en los centros de trabajo\u201d, as\u00ed como su objetivo, beneficios, conceptos, uso e implementaci\u00f3n, conformaci\u00f3n de grupos de apoyo a la lactancia, prevenci\u00f3n y procedimiento de actuaci\u00f3n ante riesgos laborales, determinando de estos los principales.<\/p>\n\n\n\n<figure class=\"wp-block-gallery has-nested-images columns-default is-cropped wp-block-gallery-1 is-layout-flex wp-block-gallery-is-layout-flex\">\n<figure class=\"wp-block-image size-large\"><img fetchpriority=\"high\" decoding=\"async\" width=\"644\" height=\"429\" data-id=\"67551\" src=\"https:\/\/www.uartes.edu.ec\/sitio\/wp-content\/uploads\/2025\/01\/01-LACTARIO-644x429.jpg\" alt=\"\" class=\"wp-image-67551\" srcset=\"https:\/\/www.uartes.edu.ec\/sitio\/wp-content\/uploads\/2025\/01\/01-LACTARIO-644x429.jpg 644w, https:\/\/www.uartes.edu.ec\/sitio\/wp-content\/uploads\/2025\/01\/01-LACTARIO-300x200.jpg 300w, https:\/\/www.uartes.edu.ec\/sitio\/wp-content\/uploads\/2025\/01\/01-LACTARIO-768x512.jpg 768w, https:\/\/www.uartes.edu.ec\/sitio\/wp-content\/uploads\/2025\/01\/01-LACTARIO-1536x1024.jpg 1536w, https:\/\/www.uartes.edu.ec\/sitio\/wp-content\/uploads\/2025\/01\/01-LACTARIO-18x12.jpg 18w, https:\/\/www.uartes.edu.ec\/sitio\/wp-content\/uploads\/2025\/01\/01-LACTARIO-600x400.jpg 600w, https:\/\/www.uartes.edu.ec\/sitio\/wp-content\/uploads\/2025\/01\/01-LACTARIO-400x267.jpg 400w, https:\/\/www.uartes.edu.ec\/sitio\/wp-content\/uploads\/2025\/01\/01-LACTARIO-272x182.jpg 272w, https:\/\/www.uartes.edu.ec\/sitio\/wp-content\/uploads\/2025\/01\/01-LACTARIO.jpg 2000w\" sizes=\"(max-width: 644px) 100vw, 644px\" \/><\/figure>\n\n\n\n<figure class=\"wp-block-image size-large\"><img decoding=\"async\" width=\"644\" height=\"429\" data-id=\"67550\" src=\"https:\/\/www.uartes.edu.ec\/sitio\/wp-content\/uploads\/2025\/01\/03-LACTARIO-1-644x429.jpg\" alt=\"\" class=\"wp-image-67550\" srcset=\"https:\/\/www.uartes.edu.ec\/sitio\/wp-content\/uploads\/2025\/01\/03-LACTARIO-1-644x429.jpg 644w, https:\/\/www.uartes.edu.ec\/sitio\/wp-content\/uploads\/2025\/01\/03-LACTARIO-1-300x200.jpg 300w, https:\/\/www.uartes.edu.ec\/sitio\/wp-content\/uploads\/2025\/01\/03-LACTARIO-1-768x512.jpg 768w, https:\/\/www.uartes.edu.ec\/sitio\/wp-content\/uploads\/2025\/01\/03-LACTARIO-1-1536x1024.jpg 1536w, https:\/\/www.uartes.edu.ec\/sitio\/wp-content\/uploads\/2025\/01\/03-LACTARIO-1-18x12.jpg 18w, https:\/\/www.uartes.edu.ec\/sitio\/wp-content\/uploads\/2025\/01\/03-LACTARIO-1-600x400.jpg 600w, https:\/\/www.uartes.edu.ec\/sitio\/wp-content\/uploads\/2025\/01\/03-LACTARIO-1-400x267.jpg 400w, https:\/\/www.uartes.edu.ec\/sitio\/wp-content\/uploads\/2025\/01\/03-LACTARIO-1-272x182.jpg 272w, https:\/\/www.uartes.edu.ec\/sitio\/wp-content\/uploads\/2025\/01\/03-LACTARIO-1.jpg 2000w\" sizes=\"(max-width: 644px) 100vw, 644px\" \/><\/figure>\n<\/figure>\n\n\n\n<h3 class=\"wp-block-heading\">Marco legal<\/h3>\n\n\n\n<p>Del marco legal, J\u00e9ssica Plaza mostr\u00f3 en diapositivas lo que se\u00f1ala la Ley Org\u00e1nica de Salud. Del inciso primero del art\u00edculo 17 destac\u00f3 que: \u201cLa autoridad sanitaria nacional conjuntamente con los integrantes del Sistema Nacional de Salud, fomentar\u00e1n y promover\u00e1n la lactancia materna durante los primeros seis meses de vida del ni\u00f1o o la ni\u00f1a, procurando su prolongaci\u00f3n hasta los dos a\u00f1os de edad (&#8230;)\u201d.<\/p>\n\n\n\n<p>Del art\u00edculo 26 de la Ley Org\u00e1nica del Derecho al Cuidado Humano: &#8220;Las instituciones p\u00fablicas a nivel nacional y desconcentrado, las entidades privadas y las instituciones de educaci\u00f3n superior, deben disponer de salas de apoyo a la lactancia dignos, espec\u00edficos, de f\u00e1cil acceso y acondicionados para las mujeres servidoras p\u00fablicas o trabajadoras, bajo su dependencia\u201d.<\/p>\n\n\n\n<p>Del art\u00edculo 28 de la Ley Org\u00e1nica del Servicio P\u00fablico, que hace referencia a conceder licencia sin remuneraci\u00f3n a las o los servidores p\u00fablicos, especific\u00f3 que, concluida la licencia o permiso por maternidad o paternidad, tendr\u00e1n derecho a una licencia opcional y voluntaria sin remuneraci\u00f3n, hasta por doce (12) meses adicionales, para atender al cuidado de los hijos, dentro de los primeros quince (15) meses de vida del ni\u00f1o o ni\u00f1a.<\/p>\n\n\n<div class=\"wp-block-image\">\n<figure class=\"aligncenter size-large\"><img decoding=\"async\" width=\"644\" height=\"429\" src=\"https:\/\/www.uartes.edu.ec\/sitio\/wp-content\/uploads\/2025\/01\/04-LACTARIO-644x429.jpg\" alt=\"\" class=\"wp-image-67548\" srcset=\"https:\/\/www.uartes.edu.ec\/sitio\/wp-content\/uploads\/2025\/01\/04-LACTARIO-644x429.jpg 644w, https:\/\/www.uartes.edu.ec\/sitio\/wp-content\/uploads\/2025\/01\/04-LACTARIO-300x200.jpg 300w, https:\/\/www.uartes.edu.ec\/sitio\/wp-content\/uploads\/2025\/01\/04-LACTARIO-768x512.jpg 768w, https:\/\/www.uartes.edu.ec\/sitio\/wp-content\/uploads\/2025\/01\/04-LACTARIO-1536x1024.jpg 1536w, https:\/\/www.uartes.edu.ec\/sitio\/wp-content\/uploads\/2025\/01\/04-LACTARIO-18x12.jpg 18w, https:\/\/www.uartes.edu.ec\/sitio\/wp-content\/uploads\/2025\/01\/04-LACTARIO-600x400.jpg 600w, https:\/\/www.uartes.edu.ec\/sitio\/wp-content\/uploads\/2025\/01\/04-LACTARIO-400x267.jpg 400w, https:\/\/www.uartes.edu.ec\/sitio\/wp-content\/uploads\/2025\/01\/04-LACTARIO-272x182.jpg 272w, https:\/\/www.uartes.edu.ec\/sitio\/wp-content\/uploads\/2025\/01\/04-LACTARIO.jpg 2000w\" sizes=\"(max-width: 644px) 100vw, 644px\" \/><\/figure>\n<\/div>\n\n\n<h3 class=\"wp-block-heading\">Importancia de la socializaci\u00f3n<\/h3>\n\n\n\n<p>En di\u00e1logo con InfoUArtes, David Zapata hizo referencia a la cultura de seguridad que se trata de implementar a nivel universitario y destac\u00f3 la importancia de la socializaci\u00f3n con los funcionarios, a fin de conocer los derechos que tienen en los espacios laborales. En el caso de la lactancia materna se abord\u00f3 su especificidad y tambi\u00e9n el periodo de maternidad.<\/p>\n\n\n\n<p>Mencion\u00f3 que la implementaci\u00f3n de los lactarios institucionales se dio con la ayuda de las direcciones Financiera y Administrativa y la Coordinaci\u00f3n de Planificaci\u00f3n de Infraestructura F\u00edsica. \u201cEstablecimos los insumos y espacios, sobre todo, para las Salas de apoyo a la lactancia materna\u201d.<\/p>\n\n\n\n<p>Acorde a la normativa, la implementaci\u00f3n de estos espacios tiene sus indicaciones: debe ser un lugar f\u00edsico con f\u00e1cil acceso, agradable, higi\u00e9nico, privado, confortable, tranquilo y exclusivo para que las mujeres que se encuentran dando de lactar puedan amamantar sus hijos\/as y\/o extraer, almacenar y preservar la leche materna, asegurando su adecuada conservaci\u00f3n durante la jornada laboral presencial, considerando que esta leche alimentar\u00e1 posteriormente a sus hijos\/as.<\/p>\n\n\n\n<p>Igualmente, en las salas de apoyo a la lactancia materna en los centros de trabajo los muebles y equipos a implementar tienen sus condiciones: a) Una o m\u00e1s mesas resistentes; b) Sillones o sillas individuales con apoya brazos; c) Un refrigerador; d) Un lavamanos dentro o cerca de la sala de apoyo que garantice privacidad; e) Jab\u00f3n l\u00edquido para el lavado de manos y toallas desechables para el secado; f) Toma corriente y\/o extensores el\u00e9ctricos; y h) Basurero pl\u00e1stico con tapa de accionamiento no manual.<\/p>\n\n\n\n<figure class=\"wp-block-gallery has-nested-images columns-default is-cropped wp-block-gallery-2 is-layout-flex wp-block-gallery-is-layout-flex\">\n<figure class=\"wp-block-image size-large\"><img loading=\"lazy\" decoding=\"async\" width=\"644\" height=\"362\" data-id=\"67552\" src=\"https:\/\/www.uartes.edu.ec\/sitio\/wp-content\/uploads\/2025\/01\/lactario77-644x362.jpg\" alt=\"\" class=\"wp-image-67552\" srcset=\"https:\/\/www.uartes.edu.ec\/sitio\/wp-content\/uploads\/2025\/01\/lactario77-644x362.jpg 644w, https:\/\/www.uartes.edu.ec\/sitio\/wp-content\/uploads\/2025\/01\/lactario77-300x169.jpg 300w, https:\/\/www.uartes.edu.ec\/sitio\/wp-content\/uploads\/2025\/01\/lactario77-768x432.jpg 768w, https:\/\/www.uartes.edu.ec\/sitio\/wp-content\/uploads\/2025\/01\/lactario77-1536x864.jpg 1536w, https:\/\/www.uartes.edu.ec\/sitio\/wp-content\/uploads\/2025\/01\/lactario77-18x10.jpg 18w, https:\/\/www.uartes.edu.ec\/sitio\/wp-content\/uploads\/2025\/01\/lactario77-400x225.jpg 400w, https:\/\/www.uartes.edu.ec\/sitio\/wp-content\/uploads\/2025\/01\/lactario77.jpg 2000w\" sizes=\"(max-width: 644px) 100vw, 644px\" \/><\/figure>\n\n\n\n<figure class=\"wp-block-image size-large\"><img loading=\"lazy\" decoding=\"async\" width=\"644\" height=\"362\" data-id=\"67553\" src=\"https:\/\/www.uartes.edu.ec\/sitio\/wp-content\/uploads\/2025\/01\/lactar-644x362.jpg\" alt=\"\" class=\"wp-image-67553\" srcset=\"https:\/\/www.uartes.edu.ec\/sitio\/wp-content\/uploads\/2025\/01\/lactar-644x362.jpg 644w, https:\/\/www.uartes.edu.ec\/sitio\/wp-content\/uploads\/2025\/01\/lactar-300x169.jpg 300w, https:\/\/www.uartes.edu.ec\/sitio\/wp-content\/uploads\/2025\/01\/lactar-768x432.jpg 768w, https:\/\/www.uartes.edu.ec\/sitio\/wp-content\/uploads\/2025\/01\/lactar-1536x864.jpg 1536w, https:\/\/www.uartes.edu.ec\/sitio\/wp-content\/uploads\/2025\/01\/lactar-18x10.jpg 18w, https:\/\/www.uartes.edu.ec\/sitio\/wp-content\/uploads\/2025\/01\/lactar-400x225.jpg 400w, https:\/\/www.uartes.edu.ec\/sitio\/wp-content\/uploads\/2025\/01\/lactar.jpg 2000w\" sizes=\"(max-width: 644px) 100vw, 644px\" \/><\/figure>\n<\/figure>\n\n\n\n<h3 class=\"wp-block-heading\">Registro y periodo de lactancia<\/h3>\n\n\n\n<p>Con respecto al uso de estos espacios, la Direcci\u00f3n de Talento Humano mantendr\u00e1 un registro de gestantes y en per\u00edodo de lactancia materna y un control para el funcionamiento y buen manejo de los equipos y bienes que se encuentren en ellas.<\/p>\n\n\n\n<p>En la socializaci\u00f3n de las salas de apoyo a la lactancia materna, se indic\u00f3 tambi\u00e9n que la madre lactante tiene permiso durante quince (15) meses a la extracci\u00f3n de leche materna con duraci\u00f3n m\u00e1xima de veinte (20) minutos cada dos (2) horas dentro de la jornada laboral, sin considerar el tiempo de traslado a la misma y conexi\u00f3n de equipos para extracci\u00f3n de ser el caso.<\/p>\n\n\n\n<p>Las mujeres que no se encuentren en el periodo determinado, pero que contin\u00faen dando de lactar a sus hijos\/as de hasta veinticuatro (24) meses de edad, podr\u00e1n continuar con la extracci\u00f3n de la leche materna, al menos a una extracci\u00f3n de leche materna con duraci\u00f3n m\u00e1xima de veinte minutos cada dos horas dentro de la jornada laboral, en las salas de apoyo a la lactancia materna, sin considerar el tiempo de traslado a la misma y conexi\u00f3n de equipos para extracci\u00f3n de ser el caso.<\/p>\n\n\n\n<h3 class=\"wp-block-heading\">Prevenci\u00f3n de riesgos laborales<\/h3>\n\n\n\n<p>En su exposici\u00f3n, y en el marco de la prevenci\u00f3n de riesgos laborales, el analista de Seguridad y Salud Ocupacional se\u00f1al\u00f3 que las mujeres que se encuentran en periodo de gestaci\u00f3n y lactancia son especialmente vulnerables debido a los cambios f\u00edsicos y emocionales que experimentan durante estas etapas. \u201cEstos deben ser considerados para implementar estrategias de adaptaci\u00f3n de las condiciones de trabajo con el fin de prevenir, minimizar y eliminar los riesgos laborales que pueden poner en riesgo la salud y seguridad de las mujeres y sus hijos\/as\u201d, precis\u00f3.<\/p>\n\n\n\n<p>Y como principales riesgos laborales para la lactancia indic\u00f3 que el acoso maternal es cualquier tipo de trato desfavorable en el trabajo hacia las mujeres relacionado con el embarazo y la maternidad. Detall\u00f3, adem\u00e1s, situaciones de acoso laboral o <em>mobbing <\/em>y discriminaci\u00f3n, algunas m\u00e1s evidentes que otras: Despido durante el embarazo o durante la lactancia, denegar ascensos durante el embarazo, no permitir volver al puesto de trabajo ocupado antes del embarazo, exclusi\u00f3n y comentarios despectivos, entre otros.<\/p>\n\n\n\n<p>\u201cTomando medidas de prevenci\u00f3n adecuadas podemos garantizar espacios de trabajo seguros y saludables\u201d, dijo Zapata proporcionando recomendaciones al respecto.<\/p>\n\n\n\n<p>Texto y fotos: Carmen Cortez\/Dircom. Colaboraci\u00f3n tambi\u00e9n con im\u00e1genes: Luisa Pozo\/MZ14.<\/p>\n","protected":false},"excerpt":{"rendered":"<p>En el tercer piso de los edificios El Tel\u00e9grafo y Enrique T\u00e1bara, as\u00ed como en la planta baja del Pabell\u00f3n Pablo Palacio de la Gobernaci\u00f3n y el MZ14 Centro de Producci\u00f3n e Innovaci\u00f3n, se encuentran los lactarios institucionales que la Universidad de las Artes ha implementado. La Direcci\u00f3n de Talento Humano socializ\u00f3 el acuerdo ministerial para la adecuaci\u00f3n y el uso de las \u201cSalas de apoyo a la lactancia materna en los centros de trabajo\u201d del sector p\u00fablico y privado y su instructivo. <\/p>\n","protected":false},"author":10,"featured_media":67546,"comment_status":"open","ping_status":"open","sticky":false,"template":"","format":"standard","meta":{"_acf_changed":false,"_uag_custom_page_level_css":"","_monsterinsights_skip_tracking":false,"_monsterinsights_sitenote_active":false,"_monsterinsights_sitenote_note":"","_monsterinsights_sitenote_category":0,"cybocfi_hide_featured_image":"","footnotes":""},"categories":[80,438,77,83,85],"tags":[1312],"infouartes":[],"class_list":["post-67545","post","type-post","status-publish","format-standard","has-post-thumbnail","hentry","category-academico","category-administrativos","category-gestion","category-sedes","category-servicios","tag-acuerdo"],"acf":[],"yoast_head":"<!-- This site is optimized with the Yoast SEO plugin v27.4 - https:\/\/yoast.com\/product\/yoast-seo-wordpress\/ -->\n<title>Universidad de las Artes - UArtes implement\u00f3 lactarios institucionales<\/title>\n<meta name=\"description\" content=\"Universidad de las Artes - UArtes implement\u00f3 lactarios institucionales\" \/>\n<meta name=\"robots\" content=\"index, follow, max-snippet:-1, max-image-preview:large, max-video-preview:-1\" \/>\n<link rel=\"canonical\" href=\"https:\/\/www.uartes.edu.ec\/sitio\/blog\/2025\/01\/22\/uartes-implemento-lactarios-institucionales\/\" \/>\n<meta property=\"og:locale\" content=\"es_ES\" \/>\n<meta property=\"og:type\" content=\"article\" \/>\n<meta property=\"og:title\" content=\"Universidad de las Artes - UArtes implement\u00f3 lactarios institucionales\" \/>\n<meta property=\"og:description\" content=\"Universidad de las Artes - UArtes implement\u00f3 lactarios institucionales\" \/>\n<meta property=\"og:url\" content=\"https:\/\/www.uartes.edu.ec\/sitio\/blog\/2025\/01\/22\/uartes-implemento-lactarios-institucionales\/\" \/>\n<meta property=\"og:site_name\" content=\"Universidad de las Artes\" \/>\n<meta property=\"article:publisher\" content=\"https:\/\/www.facebook.com\/uartesec\" \/>\n<meta property=\"article:published_time\" content=\"2025-01-22T21:50:00+00:00\" \/>\n<meta property=\"article:modified_time\" content=\"2025-01-23T20:09:31+00:00\" \/>\n<meta property=\"og:image\" content=\"https:\/\/www.uartes.edu.ec\/sitio\/wp-content\/uploads\/2025\/01\/02-LACTARIO.jpg\" \/>\n\t<meta property=\"og:image:width\" content=\"2000\" \/>\n\t<meta property=\"og:image:height\" content=\"1333\" \/>\n\t<meta property=\"og:image:type\" content=\"image\/jpeg\" \/>\n<meta name=\"author\" content=\"ccortez\" \/>\n<meta name=\"twitter:card\" content=\"summary_large_image\" \/>\n<meta name=\"twitter:creator\" content=\"@uartesec\" \/>\n<meta name=\"twitter:site\" content=\"@uartesec\" \/>\n<meta name=\"twitter:label1\" content=\"Escrito por\" \/>\n\t<meta name=\"twitter:data1\" content=\"ccortez\" \/>\n\t<meta name=\"twitter:label2\" content=\"Tiempo de lectura\" \/>\n\t<meta name=\"twitter:data2\" content=\"6 minutos\" \/>\n<script type=\"application\/ld+json\" class=\"yoast-schema-graph\">{\"@context\":\"https:\\\/\\\/schema.org\",\"@graph\":[{\"@type\":\"Article\",\"@id\":\"https:\\\/\\\/www.uartes.edu.ec\\\/sitio\\\/blog\\\/2025\\\/01\\\/22\\\/uartes-implemento-lactarios-institucionales\\\/#article\",\"isPartOf\":{\"@id\":\"https:\\\/\\\/www.uartes.edu.ec\\\/sitio\\\/blog\\\/2025\\\/01\\\/22\\\/uartes-implemento-lactarios-institucionales\\\/\"},\"author\":{\"name\":\"ccortez\",\"@id\":\"https:\\\/\\\/www.uartes.edu.ec\\\/sitio\\\/#\\\/schema\\\/person\\\/efa1b8275797664fd7f13a79ccc0b1f4\"},\"headline\":\"UArtes implement\u00f3 lactarios institucionales\",\"datePublished\":\"2025-01-22T21:50:00+00:00\",\"dateModified\":\"2025-01-23T20:09:31+00:00\",\"mainEntityOfPage\":{\"@id\":\"https:\\\/\\\/www.uartes.edu.ec\\\/sitio\\\/blog\\\/2025\\\/01\\\/22\\\/uartes-implemento-lactarios-institucionales\\\/\"},\"wordCount\":1137,\"commentCount\":0,\"publisher\":{\"@id\":\"https:\\\/\\\/www.uartes.edu.ec\\\/sitio\\\/#organization\"},\"image\":{\"@id\":\"https:\\\/\\\/www.uartes.edu.ec\\\/sitio\\\/blog\\\/2025\\\/01\\\/22\\\/uartes-implemento-lactarios-institucionales\\\/#primaryimage\"},\"thumbnailUrl\":\"https:\\\/\\\/www.uartes.edu.ec\\\/sitio\\\/wp-content\\\/uploads\\\/2025\\\/01\\\/02-LACTARIO.jpg\",\"keywords\":[\"acuerdo\"],\"articleSection\":[\"Acad\u00e9mico\",\"Administrativos\",\"Gesti\u00f3n\",\"Sedes\",\"Servicios\"],\"inLanguage\":\"es\",\"potentialAction\":[{\"@type\":\"CommentAction\",\"name\":\"Comment\",\"target\":[\"https:\\\/\\\/www.uartes.edu.ec\\\/sitio\\\/blog\\\/2025\\\/01\\\/22\\\/uartes-implemento-lactarios-institucionales\\\/#respond\"]}]},{\"@type\":[\"WebPage\",\"ItemPage\"],\"@id\":\"https:\\\/\\\/www.uartes.edu.ec\\\/sitio\\\/blog\\\/2025\\\/01\\\/22\\\/uartes-implemento-lactarios-institucionales\\\/\",\"url\":\"https:\\\/\\\/www.uartes.edu.ec\\\/sitio\\\/blog\\\/2025\\\/01\\\/22\\\/uartes-implemento-lactarios-institucionales\\\/\",\"name\":\"Universidad de las Artes - UArtes implement\u00f3 lactarios institucionales\",\"isPartOf\":{\"@id\":\"https:\\\/\\\/www.uartes.edu.ec\\\/sitio\\\/#website\"},\"primaryImageOfPage\":{\"@id\":\"https:\\\/\\\/www.uartes.edu.ec\\\/sitio\\\/blog\\\/2025\\\/01\\\/22\\\/uartes-implemento-lactarios-institucionales\\\/#primaryimage\"},\"image\":{\"@id\":\"https:\\\/\\\/www.uartes.edu.ec\\\/sitio\\\/blog\\\/2025\\\/01\\\/22\\\/uartes-implemento-lactarios-institucionales\\\/#primaryimage\"},\"thumbnailUrl\":\"https:\\\/\\\/www.uartes.edu.ec\\\/sitio\\\/wp-content\\\/uploads\\\/2025\\\/01\\\/02-LACTARIO.jpg\",\"datePublished\":\"2025-01-22T21:50:00+00:00\",\"dateModified\":\"2025-01-23T20:09:31+00:00\",\"description\":\"Universidad de las Artes - UArtes implement\u00f3 lactarios institucionales\",\"breadcrumb\":{\"@id\":\"https:\\\/\\\/www.uartes.edu.ec\\\/sitio\\\/blog\\\/2025\\\/01\\\/22\\\/uartes-implemento-lactarios-institucionales\\\/#breadcrumb\"},\"inLanguage\":\"es\",\"potentialAction\":[{\"@type\":\"ReadAction\",\"target\":[\"https:\\\/\\\/www.uartes.edu.ec\\\/sitio\\\/blog\\\/2025\\\/01\\\/22\\\/uartes-implemento-lactarios-institucionales\\\/\"]}]},{\"@type\":\"ImageObject\",\"inLanguage\":\"es\",\"@id\":\"https:\\\/\\\/www.uartes.edu.ec\\\/sitio\\\/blog\\\/2025\\\/01\\\/22\\\/uartes-implemento-lactarios-institucionales\\\/#primaryimage\",\"url\":\"https:\\\/\\\/www.uartes.edu.ec\\\/sitio\\\/wp-content\\\/uploads\\\/2025\\\/01\\\/02-LACTARIO.jpg\",\"contentUrl\":\"https:\\\/\\\/www.uartes.edu.ec\\\/sitio\\\/wp-content\\\/uploads\\\/2025\\\/01\\\/02-LACTARIO.jpg\",\"width\":2000,\"height\":1333},{\"@type\":\"BreadcrumbList\",\"@id\":\"https:\\\/\\\/www.uartes.edu.ec\\\/sitio\\\/blog\\\/2025\\\/01\\\/22\\\/uartes-implemento-lactarios-institucionales\\\/#breadcrumb\",\"itemListElement\":[{\"@type\":\"ListItem\",\"position\":1,\"name\":\"Inicio\",\"item\":\"https:\\\/\\\/www.uartes.edu.ec\\\/sitio\\\/\"},{\"@type\":\"ListItem\",\"position\":2,\"name\":\"UArtes implement\u00f3 lactarios institucionales\"}]},{\"@type\":\"WebSite\",\"@id\":\"https:\\\/\\\/www.uartes.edu.ec\\\/sitio\\\/#website\",\"url\":\"https:\\\/\\\/www.uartes.edu.ec\\\/sitio\\\/\",\"name\":\"Universidad de las Artes\",\"description\":\"Sitio oficial de la Universidad Nacional de las Artes del Ecuador\",\"publisher\":{\"@id\":\"https:\\\/\\\/www.uartes.edu.ec\\\/sitio\\\/#organization\"},\"potentialAction\":[{\"@type\":\"SearchAction\",\"target\":{\"@type\":\"EntryPoint\",\"urlTemplate\":\"https:\\\/\\\/www.uartes.edu.ec\\\/sitio\\\/?s={search_term_string}\"},\"query-input\":{\"@type\":\"PropertyValueSpecification\",\"valueRequired\":true,\"valueName\":\"search_term_string\"}}],\"inLanguage\":\"es\"},{\"@type\":\"Organization\",\"@id\":\"https:\\\/\\\/www.uartes.edu.ec\\\/sitio\\\/#organization\",\"name\":\"Universidad de las Artes\",\"url\":\"https:\\\/\\\/www.uartes.edu.ec\\\/sitio\\\/\",\"logo\":{\"@type\":\"ImageObject\",\"inLanguage\":\"es\",\"@id\":\"https:\\\/\\\/www.uartes.edu.ec\\\/sitio\\\/#\\\/schema\\\/logo\\\/image\\\/\",\"url\":\"https:\\\/\\\/www.uartes.edu.ec\\\/sitio\\\/wp-content\\\/uploads\\\/2022\\\/07\\\/logo-ua-horizontal.png\",\"contentUrl\":\"https:\\\/\\\/www.uartes.edu.ec\\\/sitio\\\/wp-content\\\/uploads\\\/2022\\\/07\\\/logo-ua-horizontal.png\",\"width\":800,\"height\":276,\"caption\":\"Universidad de las Artes\"},\"image\":{\"@id\":\"https:\\\/\\\/www.uartes.edu.ec\\\/sitio\\\/#\\\/schema\\\/logo\\\/image\\\/\"},\"sameAs\":[\"https:\\\/\\\/www.facebook.com\\\/uartesec\",\"https:\\\/\\\/x.com\\\/uartesec\",\"https:\\\/\\\/www.tiktok.com\\\/@uartesec\"]},{\"@type\":\"Person\",\"@id\":\"https:\\\/\\\/www.uartes.edu.ec\\\/sitio\\\/#\\\/schema\\\/person\\\/efa1b8275797664fd7f13a79ccc0b1f4\",\"name\":\"ccortez\",\"image\":{\"@type\":\"ImageObject\",\"inLanguage\":\"es\",\"@id\":\"https:\\\/\\\/secure.gravatar.com\\\/avatar\\\/b2a6f664a3ae8e074346ef91775736c5ec479e637ecced6842de9dc98b5da9cd?s=96&d=mm&r=g\",\"url\":\"https:\\\/\\\/secure.gravatar.com\\\/avatar\\\/b2a6f664a3ae8e074346ef91775736c5ec479e637ecced6842de9dc98b5da9cd?s=96&d=mm&r=g\",\"contentUrl\":\"https:\\\/\\\/secure.gravatar.com\\\/avatar\\\/b2a6f664a3ae8e074346ef91775736c5ec479e637ecced6842de9dc98b5da9cd?s=96&d=mm&r=g\",\"caption\":\"ccortez\"},\"url\":\"https:\\\/\\\/www.uartes.edu.ec\\\/sitio\\\/blog\\\/author\\\/ccortez\\\/\"}]}<\/script>\n<!-- \/ Yoast SEO plugin. -->","yoast_head_json":{"title":"Universidad de las Artes - UArtes implement\u00f3 lactarios institucionales","description":"Universidad de las Artes - UArtes implement\u00f3 lactarios institucionales","robots":{"index":"index","follow":"follow","max-snippet":"max-snippet:-1","max-image-preview":"max-image-preview:large","max-video-preview":"max-video-preview:-1"},"canonical":"https:\/\/www.uartes.edu.ec\/sitio\/blog\/2025\/01\/22\/uartes-implemento-lactarios-institucionales\/","og_locale":"es_ES","og_type":"article","og_title":"Universidad de las Artes - UArtes implement\u00f3 lactarios institucionales","og_description":"Universidad de las Artes - UArtes implement\u00f3 lactarios institucionales","og_url":"https:\/\/www.uartes.edu.ec\/sitio\/blog\/2025\/01\/22\/uartes-implemento-lactarios-institucionales\/","og_site_name":"Universidad de las Artes","article_publisher":"https:\/\/www.facebook.com\/uartesec","article_published_time":"2025-01-22T21:50:00+00:00","article_modified_time":"2025-01-23T20:09:31+00:00","og_image":[{"width":2000,"height":1333,"url":"https:\/\/www.uartes.edu.ec\/sitio\/wp-content\/uploads\/2025\/01\/02-LACTARIO.jpg","type":"image\/jpeg"}],"author":"ccortez","twitter_card":"summary_large_image","twitter_creator":"@uartesec","twitter_site":"@uartesec","twitter_misc":{"Escrito por":"ccortez","Tiempo de lectura":"6 minutos"},"schema":{"@context":"https:\/\/schema.org","@graph":[{"@type":"Article","@id":"https:\/\/www.uartes.edu.ec\/sitio\/blog\/2025\/01\/22\/uartes-implemento-lactarios-institucionales\/#article","isPartOf":{"@id":"https:\/\/www.uartes.edu.ec\/sitio\/blog\/2025\/01\/22\/uartes-implemento-lactarios-institucionales\/"},"author":{"name":"ccortez","@id":"https:\/\/www.uartes.edu.ec\/sitio\/#\/schema\/person\/efa1b8275797664fd7f13a79ccc0b1f4"},"headline":"UArtes implement\u00f3 lactarios institucionales","datePublished":"2025-01-22T21:50:00+00:00","dateModified":"2025-01-23T20:09:31+00:00","mainEntityOfPage":{"@id":"https:\/\/www.uartes.edu.ec\/sitio\/blog\/2025\/01\/22\/uartes-implemento-lactarios-institucionales\/"},"wordCount":1137,"commentCount":0,"publisher":{"@id":"https:\/\/www.uartes.edu.ec\/sitio\/#organization"},"image":{"@id":"https:\/\/www.uartes.edu.ec\/sitio\/blog\/2025\/01\/22\/uartes-implemento-lactarios-institucionales\/#primaryimage"},"thumbnailUrl":"https:\/\/www.uartes.edu.ec\/sitio\/wp-content\/uploads\/2025\/01\/02-LACTARIO.jpg","keywords":["acuerdo"],"articleSection":["Acad\u00e9mico","Administrativos","Gesti\u00f3n","Sedes","Servicios"],"inLanguage":"es","potentialAction":[{"@type":"CommentAction","name":"Comment","target":["https:\/\/www.uartes.edu.ec\/sitio\/blog\/2025\/01\/22\/uartes-implemento-lactarios-institucionales\/#respond"]}]},{"@type":["WebPage","ItemPage"],"@id":"https:\/\/www.uartes.edu.ec\/sitio\/blog\/2025\/01\/22\/uartes-implemento-lactarios-institucionales\/","url":"https:\/\/www.uartes.edu.ec\/sitio\/blog\/2025\/01\/22\/uartes-implemento-lactarios-institucionales\/","name":"Universidad de las Artes - UArtes implement\u00f3 lactarios institucionales","isPartOf":{"@id":"https:\/\/www.uartes.edu.ec\/sitio\/#website"},"primaryImageOfPage":{"@id":"https:\/\/www.uartes.edu.ec\/sitio\/blog\/2025\/01\/22\/uartes-implemento-lactarios-institucionales\/#primaryimage"},"image":{"@id":"https:\/\/www.uartes.edu.ec\/sitio\/blog\/2025\/01\/22\/uartes-implemento-lactarios-institucionales\/#primaryimage"},"thumbnailUrl":"https:\/\/www.uartes.edu.ec\/sitio\/wp-content\/uploads\/2025\/01\/02-LACTARIO.jpg","datePublished":"2025-01-22T21:50:00+00:00","dateModified":"2025-01-23T20:09:31+00:00","description":"Universidad de las Artes - UArtes implement\u00f3 lactarios institucionales","breadcrumb":{"@id":"https:\/\/www.uartes.edu.ec\/sitio\/blog\/2025\/01\/22\/uartes-implemento-lactarios-institucionales\/#breadcrumb"},"inLanguage":"es","potentialAction":[{"@type":"ReadAction","target":["https:\/\/www.uartes.edu.ec\/sitio\/blog\/2025\/01\/22\/uartes-implemento-lactarios-institucionales\/"]}]},{"@type":"ImageObject","inLanguage":"es","@id":"https:\/\/www.uartes.edu.ec\/sitio\/blog\/2025\/01\/22\/uartes-implemento-lactarios-institucionales\/#primaryimage","url":"https:\/\/www.uartes.edu.ec\/sitio\/wp-content\/uploads\/2025\/01\/02-LACTARIO.jpg","contentUrl":"https:\/\/www.uartes.edu.ec\/sitio\/wp-content\/uploads\/2025\/01\/02-LACTARIO.jpg","width":2000,"height":1333},{"@type":"BreadcrumbList","@id":"https:\/\/www.uartes.edu.ec\/sitio\/blog\/2025\/01\/22\/uartes-implemento-lactarios-institucionales\/#breadcrumb","itemListElement":[{"@type":"ListItem","position":1,"name":"Inicio","item":"https:\/\/www.uartes.edu.ec\/sitio\/"},{"@type":"ListItem","position":2,"name":"UArtes implement\u00f3 lactarios institucionales"}]},{"@type":"WebSite","@id":"https:\/\/www.uartes.edu.ec\/sitio\/#website","url":"https:\/\/www.uartes.edu.ec\/sitio\/","name":"Universidad de las Artes","description":"Sitio oficial de la Universidad Nacional de las Artes del Ecuador","publisher":{"@id":"https:\/\/www.uartes.edu.ec\/sitio\/#organization"},"potentialAction":[{"@type":"SearchAction","target":{"@type":"EntryPoint","urlTemplate":"https:\/\/www.uartes.edu.ec\/sitio\/?s={search_term_string}"},"query-input":{"@type":"PropertyValueSpecification","valueRequired":true,"valueName":"search_term_string"}}],"inLanguage":"es"},{"@type":"Organization","@id":"https:\/\/www.uartes.edu.ec\/sitio\/#organization","name":"Universidad de las Artes","url":"https:\/\/www.uartes.edu.ec\/sitio\/","logo":{"@type":"ImageObject","inLanguage":"es","@id":"https:\/\/www.uartes.edu.ec\/sitio\/#\/schema\/logo\/image\/","url":"https:\/\/www.uartes.edu.ec\/sitio\/wp-content\/uploads\/2022\/07\/logo-ua-horizontal.png","contentUrl":"https:\/\/www.uartes.edu.ec\/sitio\/wp-content\/uploads\/2022\/07\/logo-ua-horizontal.png","width":800,"height":276,"caption":"Universidad de las Artes"},"image":{"@id":"https:\/\/www.uartes.edu.ec\/sitio\/#\/schema\/logo\/image\/"},"sameAs":["https:\/\/www.facebook.com\/uartesec","https:\/\/x.com\/uartesec","https:\/\/www.tiktok.com\/@uartesec"]},{"@type":"Person","@id":"https:\/\/www.uartes.edu.ec\/sitio\/#\/schema\/person\/efa1b8275797664fd7f13a79ccc0b1f4","name":"ccortez","image":{"@type":"ImageObject","inLanguage":"es","@id":"https:\/\/secure.gravatar.com\/avatar\/b2a6f664a3ae8e074346ef91775736c5ec479e637ecced6842de9dc98b5da9cd?s=96&d=mm&r=g","url":"https:\/\/secure.gravatar.com\/avatar\/b2a6f664a3ae8e074346ef91775736c5ec479e637ecced6842de9dc98b5da9cd?s=96&d=mm&r=g","contentUrl":"https:\/\/secure.gravatar.com\/avatar\/b2a6f664a3ae8e074346ef91775736c5ec479e637ecced6842de9dc98b5da9cd?s=96&d=mm&r=g","caption":"ccortez"},"url":"https:\/\/www.uartes.edu.ec\/sitio\/blog\/author\/ccortez\/"}]}},"uagb_featured_image_src":{"full":["https:\/\/www.uartes.edu.ec\/sitio\/wp-content\/uploads\/2025\/01\/02-LACTARIO.jpg",2000,1333,false],"thumbnail":["https:\/\/www.uartes.edu.ec\/sitio\/wp-content\/uploads\/2025\/01\/02-LACTARIO-150x150.jpg",150,150,true],"medium":["https:\/\/www.uartes.edu.ec\/sitio\/wp-content\/uploads\/2025\/01\/02-LACTARIO-300x200.jpg",300,200,true],"medium_large":["https:\/\/www.uartes.edu.ec\/sitio\/wp-content\/uploads\/2025\/01\/02-LACTARIO-768x512.jpg",768,512,true],"large":["https:\/\/www.uartes.edu.ec\/sitio\/wp-content\/uploads\/2025\/01\/02-LACTARIO-644x429.jpg",644,429,true],"1536x1536":["https:\/\/www.uartes.edu.ec\/sitio\/wp-content\/uploads\/2025\/01\/02-LACTARIO-1536x1024.jpg",1536,1024,true],"2048x2048":["https:\/\/www.uartes.edu.ec\/sitio\/wp-content\/uploads\/2025\/01\/02-LACTARIO.jpg",2000,1333,false],"trp-custom-language-flag":["https:\/\/www.uartes.edu.ec\/sitio\/wp-content\/uploads\/2025\/01\/02-LACTARIO-18x12.jpg",18,12,true],"htmega_size_585x295":["https:\/\/www.uartes.edu.ec\/sitio\/wp-content\/uploads\/2025\/01\/02-LACTARIO-585x295.jpg",585,295,true],"htmega_size_1170x536":["https:\/\/www.uartes.edu.ec\/sitio\/wp-content\/uploads\/2025\/01\/02-LACTARIO-1170x536.jpg",1170,536,true],"htmega_size_396x360":["https:\/\/www.uartes.edu.ec\/sitio\/wp-content\/uploads\/2025\/01\/02-LACTARIO-396x360.jpg",396,360,true],"gb-block-post-grid-landscape":["https:\/\/www.uartes.edu.ec\/sitio\/wp-content\/uploads\/2025\/01\/02-LACTARIO-600x400.jpg",600,400,true],"gb-block-post-grid-square":["https:\/\/www.uartes.edu.ec\/sitio\/wp-content\/uploads\/2025\/01\/02-LACTARIO-600x600.jpg",600,600,true],"university-hub-thumb":["https:\/\/www.uartes.edu.ec\/sitio\/wp-content\/uploads\/2025\/01\/02-LACTARIO-400x267.jpg",400,267,true]},"uagb_author_info":{"display_name":"ccortez","author_link":"https:\/\/www.uartes.edu.ec\/sitio\/blog\/author\/ccortez\/"},"uagb_comment_info":0,"uagb_excerpt":"En el tercer piso de los edificios El Tel\u00e9grafo y Enrique T\u00e1bara, as\u00ed como en la planta baja del Pabell\u00f3n Pablo Palacio de la Gobernaci\u00f3n y el MZ14 Centro de Producci\u00f3n e Innovaci\u00f3n, se encuentran los lactarios institucionales que la Universidad de las Artes ha implementado. La Direcci\u00f3n de Talento Humano socializ\u00f3 el acuerdo ministerial&hellip;","featured_image_src":"https:\/\/www.uartes.edu.ec\/sitio\/wp-content\/uploads\/2025\/01\/02-LACTARIO-600x400.jpg","featured_image_src_square":"https:\/\/www.uartes.edu.ec\/sitio\/wp-content\/uploads\/2025\/01\/02-LACTARIO-600x600.jpg","author_info":{"display_name":"ccortez","author_link":"https:\/\/www.uartes.edu.ec\/sitio\/blog\/author\/ccortez\/"},"publishpress_future_workflow_manual_trigger":{"enabledWorkflows":[]},"distributor_meta":false,"distributor_terms":false,"distributor_media":false,"distributor_original_site_name":"Universidad de las Artes","distributor_original_site_url":"https:\/\/www.uartes.edu.ec\/sitio","push-errors":false,"_links":{"self":[{"href":"https:\/\/www.uartes.edu.ec\/sitio\/wp-json\/wp\/v2\/posts\/67545","targetHints":{"allow":["GET"]}}],"collection":[{"href":"https:\/\/www.uartes.edu.ec\/sitio\/wp-json\/wp\/v2\/posts"}],"about":[{"href":"https:\/\/www.uartes.edu.ec\/sitio\/wp-json\/wp\/v2\/types\/post"}],"author":[{"embeddable":true,"href":"https:\/\/www.uartes.edu.ec\/sitio\/wp-json\/wp\/v2\/users\/10"}],"replies":[{"embeddable":true,"href":"https:\/\/www.uartes.edu.ec\/sitio\/wp-json\/wp\/v2\/comments?post=67545"}],"version-history":[{"count":1,"href":"https:\/\/www.uartes.edu.ec\/sitio\/wp-json\/wp\/v2\/posts\/67545\/revisions"}],"predecessor-version":[{"id":67555,"href":"https:\/\/www.uartes.edu.ec\/sitio\/wp-json\/wp\/v2\/posts\/67545\/revisions\/67555"}],"wp:featuredmedia":[{"embeddable":true,"href":"https:\/\/www.uartes.edu.ec\/sitio\/wp-json\/wp\/v2\/media\/67546"}],"wp:attachment":[{"href":"https:\/\/www.uartes.edu.ec\/sitio\/wp-json\/wp\/v2\/media?parent=67545"}],"wp:term":[{"taxonomy":"category","embeddable":true,"href":"https:\/\/www.uartes.edu.ec\/sitio\/wp-json\/wp\/v2\/categories?post=67545"},{"taxonomy":"post_tag","embeddable":true,"href":"https:\/\/www.uartes.edu.ec\/sitio\/wp-json\/wp\/v2\/tags?post=67545"},{"taxonomy":"infouartes","embeddable":true,"href":"https:\/\/www.uartes.edu.ec\/sitio\/wp-json\/wp\/v2\/infouartes?post=67545"}],"curies":[{"name":"wp","href":"https:\/\/api.w.org\/{rel}","templated":true}]}}