{"id":67561,"date":"2025-01-22T16:23:00","date_gmt":"2025-01-22T21:23:00","guid":{"rendered":"https:\/\/www.uartes.edu.ec\/sitio\/?p=67561"},"modified":"2025-01-23T15:32:31","modified_gmt":"2025-01-23T20:32:31","slug":"centro-de-escritura-academica-y-traduccion-uartes-propone-14-talleres-se-puede-participar-de-manera-presencial-y-virtual","status":"publish","type":"post","link":"https:\/\/www.uartes.edu.ec\/sitio\/blog\/2025\/01\/22\/centro-de-escritura-academica-y-traduccion-uartes-propone-14-talleres-se-puede-participar-de-manera-presencial-y-virtual\/","title":{"rendered":"14 talleres propone el Centro de Escritura Acad\u00e9mica y Traducci\u00f3n UArtes; se puede participar de manera presencial y virtual"},"content":{"rendered":"\n<p>Se\u00f1alar que \u201cno hay excusas\u201d parecer\u00eda que es recurrir a una expresi\u00f3n com\u00fan, pero resulta tan cierta frente a propuestas como la del Centro de Escritura Acad\u00e9mica y Traducci\u00f3n (CEAT) de la Universidad de las Artes, que recientemente dio a conocer mediante correo electr\u00f3nico al personal administrativo la disponibilidad de un cat\u00e1logo de talleres dise\u00f1ados para fortalecer las habilidades de comunicaci\u00f3n escrita, esenciales en el \u00e1mbito profesional.<\/p>\n\n\n\n<p>Son catorce los talleres que propone el CEAT y la expresi\u00f3n com\u00fan anotada no es solo por la amplia propuesta y la posibilidad de poder participar en alguno de ellos, sino porque se puede hacer de manera presencial, en sus instalaciones ubicadas en el tercer piso de la Biblioteca de las Artes, o virtual, mediante la plataforma Zoom.<\/p>\n\n\n\n<p>Cabe anotar que, los talleres en aula fueron concebidos inicialmente con el prop\u00f3sito de apoyar a los estudiantes de pregrado en el desarrollo de sus habilidades de comunicaci\u00f3n escrita. Sin embargo, el 2024 trajo consigo la comprensi\u00f3n de que estos talleres pod\u00edan ser una actividad pertinente para estudiantes de posgrado, docentes y personal administrativo, y se fue corroborando. 2025 es el a\u00f1o de su masificaci\u00f3n.<\/p>\n\n\n\n<h3 class=\"wp-block-heading\">Temas, metodolog\u00eda y duraci\u00f3n<\/h3>\n\n\n\n<p>En su propuesta, el CEAT ha programado para sus talleres temas como Redacci\u00f3n efectiva, Estrategias de escritura acad\u00e9mica, Uso adecuado de signos de puntuaci\u00f3n, T\u00e9cnicas de s\u00edntesis y argumentaci\u00f3n y Comprensi\u00f3n lectora. Cada taller, se\u00f1ala el CEAT v\u00eda correo electr\u00f3nico, tiene una duraci\u00f3n aproximada de 1 hora y se puede realizar seg\u00fan las necesidades de los participantes.<\/p>\n\n\n\n<p>Tambi\u00e9n explica que, para solicitar un taller, se ha preparado un formulario para que quienes est\u00e9n interesados puedan indicar el taller que desean realizar; la fecha y el horario sugeridos; y el n\u00famero aproximado de participantes.<\/p>\n\n\n<div class=\"wp-block-image\">\n<figure class=\"aligncenter size-large\"><img fetchpriority=\"high\" decoding=\"async\" width=\"644\" height=\"429\" src=\"https:\/\/www.uartes.edu.ec\/sitio\/wp-content\/uploads\/2025\/01\/FOTO-CEAT-2024-644x429.jpg\" alt=\"\" class=\"wp-image-67563\" srcset=\"https:\/\/www.uartes.edu.ec\/sitio\/wp-content\/uploads\/2025\/01\/FOTO-CEAT-2024-644x429.jpg 644w, https:\/\/www.uartes.edu.ec\/sitio\/wp-content\/uploads\/2025\/01\/FOTO-CEAT-2024-300x200.jpg 300w, https:\/\/www.uartes.edu.ec\/sitio\/wp-content\/uploads\/2025\/01\/FOTO-CEAT-2024-768x512.jpg 768w, https:\/\/www.uartes.edu.ec\/sitio\/wp-content\/uploads\/2025\/01\/FOTO-CEAT-2024-1536x1024.jpg 1536w, https:\/\/www.uartes.edu.ec\/sitio\/wp-content\/uploads\/2025\/01\/FOTO-CEAT-2024-18x12.jpg 18w, https:\/\/www.uartes.edu.ec\/sitio\/wp-content\/uploads\/2025\/01\/FOTO-CEAT-2024-600x400.jpg 600w, https:\/\/www.uartes.edu.ec\/sitio\/wp-content\/uploads\/2025\/01\/FOTO-CEAT-2024-400x267.jpg 400w, https:\/\/www.uartes.edu.ec\/sitio\/wp-content\/uploads\/2025\/01\/FOTO-CEAT-2024-272x182.jpg 272w, https:\/\/www.uartes.edu.ec\/sitio\/wp-content\/uploads\/2025\/01\/FOTO-CEAT-2024.jpg 2000w\" sizes=\"(max-width: 644px) 100vw, 644px\" \/><\/figure>\n<\/div>\n\n\n<p>Los talleres est\u00e1n dise\u00f1ados para proporcionar herramientas pr\u00e1cticas y fortalecer el trabajo colaborativo y la productividad en sus \u00e1reas, anota el CEAT, que en el correo adjunta un PDF con detallada informaci\u00f3n de las capacitaciones propuestas. Aqu\u00ed un extracto de cada taller:<\/p>\n\n\n\n<p>\u00abEl ritmo de la escritura: dominio de la acentuaci\u00f3n\u00bb. El pulso del idioma es el acento y la propuesta es guiar a los participantes por las sutilezas de las reglas de acentuaci\u00f3n en espa\u00f1ol y explorar las palabras por sus s\u00edlabas t\u00f3nicas o \u00e1tonas. Diferenciar, asimismo, entre el acento ortogr\u00e1fico y el diacr\u00edtico, combinando la teor\u00eda ling\u00fc\u00edstica con aplicaciones pr\u00e1cticas.<\/p>\n\n\n\n<p>\u00abPuliendo la escritura: fundamentos y fines de la ortograf\u00eda\u00bb. La propuesta es sumergirse en las profundidades de las reglas ortogr\u00e1ficas que rigen nuestro idioma. En el taller se revisar\u00e1n los fonemas que a menudo confunden, como b\/v, g\/j, y c\/s\/z, y se desarrollar\u00e1n estrategias para sortear los escollos comunes que acechan en los textos acad\u00e9micos.<\/p>\n\n\n\n<p>\u00abEntre l\u00edneas: Dominando la puntuaci\u00f3n en la escritura\u00bb propone explorar el poder de los signos de puntuaci\u00f3n para estructurar el pensamiento y guiar al lector por el camino de nuestras ideas. Se profundizar\u00e1 en la aplicaci\u00f3n precisa de comas, puntos, dos puntos, puntos suspensivos, y signos de interrogaci\u00f3n y exclamaci\u00f3n, entendiendo c\u00f3mo cada marca puede alterar el tono y el ritmo de los textos.<\/p>\n\n\n\n<p>\u00abDos mundos, una pluma: Navegando por las escrituras acad\u00e9mica e informal\u00bb. C\u00f3mo transitar h\u00e1bilmente entre estos dos estilos es la inquietud que se buscar\u00e1 resolver en este taller. Se profundizar\u00e1 en el uso de la formalidad, el l\u00e9xico especializado y la estructura met\u00f3dica necesarios para argumentar con rigor acad\u00e9mico. Paralelamente, el participante aprender\u00e1 a adoptar un tono m\u00e1s relajado y expresiones coloquiales propias de la escritura informal.<\/p>\n\n\n<div class=\"wp-block-image\">\n<figure class=\"aligncenter size-large\"><img decoding=\"async\" width=\"644\" height=\"429\" src=\"https:\/\/www.uartes.edu.ec\/sitio\/wp-content\/uploads\/2025\/01\/CEAT-01-1-644x429.jpg\" alt=\"\" class=\"wp-image-67564\" srcset=\"https:\/\/www.uartes.edu.ec\/sitio\/wp-content\/uploads\/2025\/01\/CEAT-01-1-644x429.jpg 644w, https:\/\/www.uartes.edu.ec\/sitio\/wp-content\/uploads\/2025\/01\/CEAT-01-1-300x200.jpg 300w, https:\/\/www.uartes.edu.ec\/sitio\/wp-content\/uploads\/2025\/01\/CEAT-01-1-768x512.jpg 768w, https:\/\/www.uartes.edu.ec\/sitio\/wp-content\/uploads\/2025\/01\/CEAT-01-1-1536x1024.jpg 1536w, https:\/\/www.uartes.edu.ec\/sitio\/wp-content\/uploads\/2025\/01\/CEAT-01-1-18x12.jpg 18w, https:\/\/www.uartes.edu.ec\/sitio\/wp-content\/uploads\/2025\/01\/CEAT-01-1-600x400.jpg 600w, https:\/\/www.uartes.edu.ec\/sitio\/wp-content\/uploads\/2025\/01\/CEAT-01-1-400x267.jpg 400w, https:\/\/www.uartes.edu.ec\/sitio\/wp-content\/uploads\/2025\/01\/CEAT-01-1-272x182.jpg 272w, https:\/\/www.uartes.edu.ec\/sitio\/wp-content\/uploads\/2025\/01\/CEAT-01-1.jpg 2000w\" sizes=\"(max-width: 644px) 100vw, 644px\" \/><\/figure>\n<\/div>\n\n\n<p>\u00abArquitectura del texto: Construyendo p\u00e1rrafos\u00bb es una invitaci\u00f3n a dominar el arte de construirlos para que no solo sostengan, sino que realcen los argumentos. Se revisar\u00e1 la organizaci\u00f3n interna del p\u00e1rrafo acad\u00e9mico, desde la oraci\u00f3n principal que comanda atenci\u00f3n hasta la oraci\u00f3n de cierre que sella el mensaje.<\/p>\n\n\n\n<p>\u00abTejiendo ideas: El poder de los conectores en la escritura\u00bb. En este taller se descubrir\u00e1 c\u00f3mo estos peque\u00f1os grandes h\u00e9roes del lenguaje dan forma a complejas relaciones entre conceptos, guiando al lector a trav\u00e9s de un razonamiento impecable. Pulir la escritura acad\u00e9mica, dot\u00e1ndola de la cohesi\u00f3n y claridad que tus ideas demandan es la propuesta.<\/p>\n\n\n\n<p>\u00abDimensiones del tiempo: Dominio de los tiempos verbales en la escritura\u00bb es un taller dise\u00f1ado para aquellos que buscan dominar la expresi\u00f3n de acciones, procesos y estados a trav\u00e9s de los tiempos verbales. Se profundizar\u00e1 en el presente, pasado, futuro y condicional, explorando sus matices perfectivos e imperfectivos y c\u00f3mo estos se entrelazan.<\/p>\n\n\n\n<p>\u00abEsencia y claridad: T\u00e9cnicas de s\u00edntesis para textos acad\u00e9micos\u00bb busca equipar a sus participantes con las herramientas necesarias para destilar textos complejos en su n\u00facleo significativo, manteniendo su integridad anal\u00edtica. A trav\u00e9s de t\u00e9cnicas especializadas, aprender\u00e1n a identificar y extraer puntos clave y a presentarlos de manera que sean inmediatamente accesibles y comprensibles.<\/p>\n\n\n\n<p>\u00abCimientos textuales: p\u00e1rrafos introductorios, de desarrollo y conclusi\u00f3n\u00bb. Identificar y aplicar las caracter\u00edsticas \u00fanicas de cada tipo de p\u00e1rrafo es una de las propuestas de este taller, que brindar\u00e1 las claves para ensamblar un texto acad\u00e9mico con claridad, coherencia y persuasi\u00f3n, asegurando que cada secci\u00f3n cumpla su funci\u00f3n y contribuya al argumento general de manera significativa.<\/p>\n\n\n\n<figure class=\"wp-block-gallery has-nested-images columns-default is-cropped wp-block-gallery-1 is-layout-flex wp-block-gallery-is-layout-flex\">\n<figure class=\"wp-block-image size-large\"><img decoding=\"async\" width=\"644\" height=\"483\" data-id=\"61032\" src=\"https:\/\/www.uartes.edu.ec\/sitio\/wp-content\/uploads\/2024\/08\/CEAT3-644x483.jpg\" alt=\"\" class=\"wp-image-61032\" srcset=\"https:\/\/www.uartes.edu.ec\/sitio\/wp-content\/uploads\/2024\/08\/CEAT3-644x483.jpg 644w, https:\/\/www.uartes.edu.ec\/sitio\/wp-content\/uploads\/2024\/08\/CEAT3-300x225.jpg 300w, https:\/\/www.uartes.edu.ec\/sitio\/wp-content\/uploads\/2024\/08\/CEAT3-768x576.jpg 768w, https:\/\/www.uartes.edu.ec\/sitio\/wp-content\/uploads\/2024\/08\/CEAT3-1536x1153.jpg 1536w, https:\/\/www.uartes.edu.ec\/sitio\/wp-content\/uploads\/2024\/08\/CEAT3-16x12.jpg 16w, https:\/\/www.uartes.edu.ec\/sitio\/wp-content\/uploads\/2024\/08\/CEAT3-400x300.jpg 400w, https:\/\/www.uartes.edu.ec\/sitio\/wp-content\/uploads\/2024\/08\/CEAT3.jpg 1776w\" sizes=\"(max-width: 644px) 100vw, 644px\" \/><\/figure>\n\n\n\n<figure class=\"wp-block-image size-large\"><img loading=\"lazy\" decoding=\"async\" width=\"644\" height=\"396\" data-id=\"61029\" src=\"https:\/\/www.uartes.edu.ec\/sitio\/wp-content\/uploads\/2024\/08\/CEAT5-644x396.jpg\" alt=\"\" class=\"wp-image-61029\" srcset=\"https:\/\/www.uartes.edu.ec\/sitio\/wp-content\/uploads\/2024\/08\/CEAT5-644x396.jpg 644w, https:\/\/www.uartes.edu.ec\/sitio\/wp-content\/uploads\/2024\/08\/CEAT5-300x184.jpg 300w, https:\/\/www.uartes.edu.ec\/sitio\/wp-content\/uploads\/2024\/08\/CEAT5-768x472.jpg 768w, https:\/\/www.uartes.edu.ec\/sitio\/wp-content\/uploads\/2024\/08\/CEAT5-1536x944.jpg 1536w, https:\/\/www.uartes.edu.ec\/sitio\/wp-content\/uploads\/2024\/08\/CEAT5-2048x1259.jpg 2048w, https:\/\/www.uartes.edu.ec\/sitio\/wp-content\/uploads\/2024\/08\/CEAT5-18x12.jpg 18w, https:\/\/www.uartes.edu.ec\/sitio\/wp-content\/uploads\/2024\/08\/CEAT5-400x246.jpg 400w\" sizes=\"(max-width: 644px) 100vw, 644px\" \/><\/figure>\n<\/figure>\n\n\n\n<p><\/p>\n\n\n\n<p>\u00abDescifrando textos: Fundamentos de la comprensi\u00f3n lectora\u00bb es un taller introductorio dise\u00f1ado para desarrollar y agudizar la capacidad de entender y procesar la informaci\u00f3n en la escritura acad\u00e9mica. Sus participantes se sumergir\u00e1n en t\u00e9cnicas de lectura activa y cr\u00edtica, aprendiendo a discernir entre ideas principales y secundarias, y perfeccion\u00e1ndose en m\u00e9todos para evaluar la solidez de argumentos y la validez de evidencias.<\/p>\n\n\n\n<p>\u00abExplorar y convencer: Claves de los textos expositivos y argumentativos\u00bb. El taller busca que sus participantes adquieran habilidades para no solo informar con precisi\u00f3n, sino tambi\u00e9n argumentar con pasi\u00f3n y eficacia, comprendiendo cu\u00e1ndo y c\u00f3mo emplear cada enfoque para impactar y resonar en el \u00e1mbito acad\u00e9mico.<\/p>\n\n\n\n<p>\u00abLa estructura del convencimiento: Estrategias de argumentaci\u00f3n en textos acad\u00e9micos\u00bb. Este taller es una inmersi\u00f3n en las habilidades cr\u00edticas de la persuasi\u00f3n intelectual, dise\u00f1ado para dotar a sus participantes de las herramientas necesarias para argumentar con autoridad y credibilidad en el \u00e1mbito acad\u00e9mico.<\/p>\n\n\n\n<p>\u00abIntegridad en la escritura: Citas, par\u00e1frasis y referencias\u00bb. La escritura acad\u00e9mica exige respeto por las ideas ajenas y la integridad en su uso, por ello este taller aborda la necesidad imperativa de reconocer el trabajo intelectual de terceros de manera correcta. Se definir\u00e1, entre otros, qu\u00e9 constituye el plagio y se explorar\u00e1 en sus consecuencias.<\/p>\n\n\n\n<p>\u00abDepuraci\u00f3n textual: T\u00e9cnicas de revisi\u00f3n y correcci\u00f3n de textos\u00bb es un taller pr\u00e1ctico que gu\u00eda a sus participantes a trav\u00e9s de las t\u00e9cnicas esenciales para evaluar y mejorar sus escritos. Los participantes aprender\u00e1n a aplicar un ojo cr\u00edtico a sus textos, perfeccionando la claridad, la coherencia y la correcci\u00f3n ling\u00fc\u00edstica.<\/p>\n\n\n\n<p>\u00abEstrategias para describir proyectos de investigaci\u00f3n en artes\u00bb. Este taller explorar\u00e1 c\u00f3mo estructurar una descripci\u00f3n de proyecto convincente, que abarque desde la formulaci\u00f3n de objetivos claros hasta la presentaci\u00f3n de metodolog\u00edas y resultados esperados.<\/p>\n\n\n\n<p>Los talleres en aula fueron concebidos inicialmente con el prop\u00f3sito de apoyar a los estudiantes de pregrado en el desarrollo de sus habilidades de comunicaci\u00f3n escrita. Sin embargo, el 2024 trajo consigo la comprensi\u00f3n de que estos talleres pod\u00edan ser una actividad pertinente para estudiantes de posgrado, docentes y personal administrativo, y se fue corroborando. 2025 es el a\u00f1o de su masificaci\u00f3n.<\/p>\n\n\n\n<p>Enlace del formulario:&nbsp;<br><a href=\"https:\/\/forms.office.com\/pages\/responsepage.aspx?id=hZZSix6jgECbXiLF90S1heZuHtn-NyhFroB-CveFa6ZUQ0pUUEpGMDVSQVRRMVlETzYzVkRKWEE0Vi4u&amp;origin=lprLink&amp;route=shorturl\">https:\/\/forms.office.com\/pages\/responsepage.aspx?id=hZZSix6jgECbXiLF90S1heZuHtn-NyhFroB-CveFa6ZUQ0pUUEpGMDVSQVRRMVlETzYzVkRKWEE0Vi4u&amp;origin=lprLink&amp;route=shorturl<\/a><\/p>\n\n\n\n<p><\/p>\n","protected":false},"excerpt":{"rendered":"<p>El CEAT invita al personal administrativo UArtes a participar en los catorce talleres que ha dise\u00f1ado. Los concibi\u00f3 para apoyar a los estudiantes de pregrado en el desarrollo de sus habilidades de comunicaci\u00f3n escrita. Sin embargo, el 2024 trajo consigo la comprensi\u00f3n de que pod\u00edan ser una actividad pertinente para estudiantes de posgrado, docentes y administrativos, y se fue corroborando. 2025 es el a\u00f1o de su masificaci\u00f3n.<\/p>\n","protected":false},"author":10,"featured_media":67562,"comment_status":"open","ping_status":"open","sticky":false,"template":"","format":"standard","meta":{"_acf_changed":false,"_uag_custom_page_level_css":"","_monsterinsights_skip_tracking":false,"_monsterinsights_sitenote_active":false,"_monsterinsights_sitenote_note":"","_monsterinsights_sitenote_category":0,"cybocfi_hide_featured_image":"","footnotes":""},"categories":[80,438,159,150,157,147,76,77,175],"tags":[1313],"infouartes":[],"class_list":["post-67561","post","type-post","status-publish","format-standard","has-post-thumbnail","hentry","category-academico","category-administrativos","category-artes-escenicas","category-artes-sonoras","category-artes-visuales","category-cine","category-estudiantes","category-gestion","category-literatura","tag-capacitaciones"],"acf":[],"yoast_head":"<!-- This site is optimized with the Yoast SEO plugin v27.4 - https:\/\/yoast.com\/product\/yoast-seo-wordpress\/ -->\n<title>Universidad de las Artes - 14 talleres propone el Centro de Escritura Acad\u00e9mica y Traducci\u00f3n UArtes; se puede participar de manera presencial y virtual<\/title>\n<meta name=\"description\" content=\"Universidad de las Artes - 14 talleres propone el Centro de Escritura Acad\u00e9mica y Traducci\u00f3n UArtes; se puede participar de manera presencial y virtual\" \/>\n<meta name=\"robots\" content=\"index, follow, max-snippet:-1, max-image-preview:large, max-video-preview:-1\" \/>\n<link rel=\"canonical\" href=\"https:\/\/www.uartes.edu.ec\/sitio\/blog\/2025\/01\/22\/centro-de-escritura-academica-y-traduccion-uartes-propone-14-talleres-se-puede-participar-de-manera-presencial-y-virtual\/\" \/>\n<meta property=\"og:locale\" content=\"es_ES\" \/>\n<meta property=\"og:type\" content=\"article\" \/>\n<meta property=\"og:title\" content=\"Universidad de las Artes - 14 talleres propone el Centro de Escritura Acad\u00e9mica y Traducci\u00f3n UArtes; se puede participar de manera presencial y virtual\" \/>\n<meta property=\"og:description\" content=\"Universidad de las Artes - 14 talleres propone el Centro de Escritura Acad\u00e9mica y Traducci\u00f3n UArtes; se puede participar de manera presencial y virtual\" \/>\n<meta property=\"og:url\" content=\"https:\/\/www.uartes.edu.ec\/sitio\/blog\/2025\/01\/22\/centro-de-escritura-academica-y-traduccion-uartes-propone-14-talleres-se-puede-participar-de-manera-presencial-y-virtual\/\" \/>\n<meta property=\"og:site_name\" content=\"Universidad de las Artes\" \/>\n<meta property=\"article:publisher\" content=\"https:\/\/www.facebook.com\/uartesec\" \/>\n<meta property=\"article:published_time\" content=\"2025-01-22T21:23:00+00:00\" \/>\n<meta property=\"article:modified_time\" content=\"2025-01-23T20:32:31+00:00\" \/>\n<meta property=\"og:image\" content=\"https:\/\/www.uartes.edu.ec\/sitio\/wp-content\/uploads\/2025\/01\/CEAT-MARELIS-NOTA.jpg\" \/>\n\t<meta property=\"og:image:width\" content=\"2000\" \/>\n\t<meta property=\"og:image:height\" content=\"1333\" \/>\n\t<meta property=\"og:image:type\" content=\"image\/jpeg\" \/>\n<meta name=\"author\" content=\"ccortez\" \/>\n<meta name=\"twitter:card\" content=\"summary_large_image\" \/>\n<meta name=\"twitter:creator\" content=\"@uartesec\" \/>\n<meta name=\"twitter:site\" content=\"@uartesec\" \/>\n<meta name=\"twitter:label1\" content=\"Escrito por\" \/>\n\t<meta name=\"twitter:data1\" content=\"ccortez\" \/>\n\t<meta name=\"twitter:label2\" content=\"Tiempo de lectura\" \/>\n\t<meta name=\"twitter:data2\" content=\"7 minutos\" \/>\n<script type=\"application\/ld+json\" class=\"yoast-schema-graph\">{\"@context\":\"https:\\\/\\\/schema.org\",\"@graph\":[{\"@type\":\"Article\",\"@id\":\"https:\\\/\\\/www.uartes.edu.ec\\\/sitio\\\/blog\\\/2025\\\/01\\\/22\\\/centro-de-escritura-academica-y-traduccion-uartes-propone-14-talleres-se-puede-participar-de-manera-presencial-y-virtual\\\/#article\",\"isPartOf\":{\"@id\":\"https:\\\/\\\/www.uartes.edu.ec\\\/sitio\\\/blog\\\/2025\\\/01\\\/22\\\/centro-de-escritura-academica-y-traduccion-uartes-propone-14-talleres-se-puede-participar-de-manera-presencial-y-virtual\\\/\"},\"author\":{\"name\":\"ccortez\",\"@id\":\"https:\\\/\\\/www.uartes.edu.ec\\\/sitio\\\/#\\\/schema\\\/person\\\/efa1b8275797664fd7f13a79ccc0b1f4\"},\"headline\":\"14 talleres propone el Centro de Escritura Acad\u00e9mica y Traducci\u00f3n UArtes; se puede participar de manera presencial y virtual\",\"datePublished\":\"2025-01-22T21:23:00+00:00\",\"dateModified\":\"2025-01-23T20:32:31+00:00\",\"mainEntityOfPage\":{\"@id\":\"https:\\\/\\\/www.uartes.edu.ec\\\/sitio\\\/blog\\\/2025\\\/01\\\/22\\\/centro-de-escritura-academica-y-traduccion-uartes-propone-14-talleres-se-puede-participar-de-manera-presencial-y-virtual\\\/\"},\"wordCount\":1388,\"commentCount\":0,\"publisher\":{\"@id\":\"https:\\\/\\\/www.uartes.edu.ec\\\/sitio\\\/#organization\"},\"image\":{\"@id\":\"https:\\\/\\\/www.uartes.edu.ec\\\/sitio\\\/blog\\\/2025\\\/01\\\/22\\\/centro-de-escritura-academica-y-traduccion-uartes-propone-14-talleres-se-puede-participar-de-manera-presencial-y-virtual\\\/#primaryimage\"},\"thumbnailUrl\":\"https:\\\/\\\/www.uartes.edu.ec\\\/sitio\\\/wp-content\\\/uploads\\\/2025\\\/01\\\/CEAT-MARELIS-NOTA.jpg\",\"keywords\":[\"capacitaciones\"],\"articleSection\":[\"Acad\u00e9mico\",\"Administrativos\",\"Artes Esc\u00e9nicas\",\"Artes Sonoras\",\"Artes Visuales\",\"Cine\",\"Estudiantes\",\"Gesti\u00f3n\",\"Literatura\"],\"inLanguage\":\"es\",\"potentialAction\":[{\"@type\":\"CommentAction\",\"name\":\"Comment\",\"target\":[\"https:\\\/\\\/www.uartes.edu.ec\\\/sitio\\\/blog\\\/2025\\\/01\\\/22\\\/centro-de-escritura-academica-y-traduccion-uartes-propone-14-talleres-se-puede-participar-de-manera-presencial-y-virtual\\\/#respond\"]}]},{\"@type\":[\"WebPage\",\"ItemPage\"],\"@id\":\"https:\\\/\\\/www.uartes.edu.ec\\\/sitio\\\/blog\\\/2025\\\/01\\\/22\\\/centro-de-escritura-academica-y-traduccion-uartes-propone-14-talleres-se-puede-participar-de-manera-presencial-y-virtual\\\/\",\"url\":\"https:\\\/\\\/www.uartes.edu.ec\\\/sitio\\\/blog\\\/2025\\\/01\\\/22\\\/centro-de-escritura-academica-y-traduccion-uartes-propone-14-talleres-se-puede-participar-de-manera-presencial-y-virtual\\\/\",\"name\":\"Universidad de las Artes - 14 talleres propone el Centro de Escritura Acad\u00e9mica y Traducci\u00f3n UArtes; se puede participar de manera presencial y virtual\",\"isPartOf\":{\"@id\":\"https:\\\/\\\/www.uartes.edu.ec\\\/sitio\\\/#website\"},\"primaryImageOfPage\":{\"@id\":\"https:\\\/\\\/www.uartes.edu.ec\\\/sitio\\\/blog\\\/2025\\\/01\\\/22\\\/centro-de-escritura-academica-y-traduccion-uartes-propone-14-talleres-se-puede-participar-de-manera-presencial-y-virtual\\\/#primaryimage\"},\"image\":{\"@id\":\"https:\\\/\\\/www.uartes.edu.ec\\\/sitio\\\/blog\\\/2025\\\/01\\\/22\\\/centro-de-escritura-academica-y-traduccion-uartes-propone-14-talleres-se-puede-participar-de-manera-presencial-y-virtual\\\/#primaryimage\"},\"thumbnailUrl\":\"https:\\\/\\\/www.uartes.edu.ec\\\/sitio\\\/wp-content\\\/uploads\\\/2025\\\/01\\\/CEAT-MARELIS-NOTA.jpg\",\"datePublished\":\"2025-01-22T21:23:00+00:00\",\"dateModified\":\"2025-01-23T20:32:31+00:00\",\"description\":\"Universidad de las Artes - 14 talleres propone el Centro de Escritura Acad\u00e9mica y Traducci\u00f3n UArtes; se puede participar de manera presencial y virtual\",\"breadcrumb\":{\"@id\":\"https:\\\/\\\/www.uartes.edu.ec\\\/sitio\\\/blog\\\/2025\\\/01\\\/22\\\/centro-de-escritura-academica-y-traduccion-uartes-propone-14-talleres-se-puede-participar-de-manera-presencial-y-virtual\\\/#breadcrumb\"},\"inLanguage\":\"es\",\"potentialAction\":[{\"@type\":\"ReadAction\",\"target\":[\"https:\\\/\\\/www.uartes.edu.ec\\\/sitio\\\/blog\\\/2025\\\/01\\\/22\\\/centro-de-escritura-academica-y-traduccion-uartes-propone-14-talleres-se-puede-participar-de-manera-presencial-y-virtual\\\/\"]}]},{\"@type\":\"ImageObject\",\"inLanguage\":\"es\",\"@id\":\"https:\\\/\\\/www.uartes.edu.ec\\\/sitio\\\/blog\\\/2025\\\/01\\\/22\\\/centro-de-escritura-academica-y-traduccion-uartes-propone-14-talleres-se-puede-participar-de-manera-presencial-y-virtual\\\/#primaryimage\",\"url\":\"https:\\\/\\\/www.uartes.edu.ec\\\/sitio\\\/wp-content\\\/uploads\\\/2025\\\/01\\\/CEAT-MARELIS-NOTA.jpg\",\"contentUrl\":\"https:\\\/\\\/www.uartes.edu.ec\\\/sitio\\\/wp-content\\\/uploads\\\/2025\\\/01\\\/CEAT-MARELIS-NOTA.jpg\",\"width\":2000,\"height\":1333},{\"@type\":\"BreadcrumbList\",\"@id\":\"https:\\\/\\\/www.uartes.edu.ec\\\/sitio\\\/blog\\\/2025\\\/01\\\/22\\\/centro-de-escritura-academica-y-traduccion-uartes-propone-14-talleres-se-puede-participar-de-manera-presencial-y-virtual\\\/#breadcrumb\",\"itemListElement\":[{\"@type\":\"ListItem\",\"position\":1,\"name\":\"Inicio\",\"item\":\"https:\\\/\\\/www.uartes.edu.ec\\\/sitio\\\/\"},{\"@type\":\"ListItem\",\"position\":2,\"name\":\"14 talleres propone el Centro de Escritura Acad\u00e9mica y Traducci\u00f3n UArtes; se puede participar de manera presencial y virtual\"}]},{\"@type\":\"WebSite\",\"@id\":\"https:\\\/\\\/www.uartes.edu.ec\\\/sitio\\\/#website\",\"url\":\"https:\\\/\\\/www.uartes.edu.ec\\\/sitio\\\/\",\"name\":\"Universidad de las Artes\",\"description\":\"Sitio oficial de la Universidad Nacional de las Artes del Ecuador\",\"publisher\":{\"@id\":\"https:\\\/\\\/www.uartes.edu.ec\\\/sitio\\\/#organization\"},\"potentialAction\":[{\"@type\":\"SearchAction\",\"target\":{\"@type\":\"EntryPoint\",\"urlTemplate\":\"https:\\\/\\\/www.uartes.edu.ec\\\/sitio\\\/?s={search_term_string}\"},\"query-input\":{\"@type\":\"PropertyValueSpecification\",\"valueRequired\":true,\"valueName\":\"search_term_string\"}}],\"inLanguage\":\"es\"},{\"@type\":\"Organization\",\"@id\":\"https:\\\/\\\/www.uartes.edu.ec\\\/sitio\\\/#organization\",\"name\":\"Universidad de las Artes\",\"url\":\"https:\\\/\\\/www.uartes.edu.ec\\\/sitio\\\/\",\"logo\":{\"@type\":\"ImageObject\",\"inLanguage\":\"es\",\"@id\":\"https:\\\/\\\/www.uartes.edu.ec\\\/sitio\\\/#\\\/schema\\\/logo\\\/image\\\/\",\"url\":\"https:\\\/\\\/www.uartes.edu.ec\\\/sitio\\\/wp-content\\\/uploads\\\/2022\\\/07\\\/logo-ua-horizontal.png\",\"contentUrl\":\"https:\\\/\\\/www.uartes.edu.ec\\\/sitio\\\/wp-content\\\/uploads\\\/2022\\\/07\\\/logo-ua-horizontal.png\",\"width\":800,\"height\":276,\"caption\":\"Universidad de las Artes\"},\"image\":{\"@id\":\"https:\\\/\\\/www.uartes.edu.ec\\\/sitio\\\/#\\\/schema\\\/logo\\\/image\\\/\"},\"sameAs\":[\"https:\\\/\\\/www.facebook.com\\\/uartesec\",\"https:\\\/\\\/x.com\\\/uartesec\",\"https:\\\/\\\/www.tiktok.com\\\/@uartesec\"]},{\"@type\":\"Person\",\"@id\":\"https:\\\/\\\/www.uartes.edu.ec\\\/sitio\\\/#\\\/schema\\\/person\\\/efa1b8275797664fd7f13a79ccc0b1f4\",\"name\":\"ccortez\",\"image\":{\"@type\":\"ImageObject\",\"inLanguage\":\"es\",\"@id\":\"https:\\\/\\\/secure.gravatar.com\\\/avatar\\\/b2a6f664a3ae8e074346ef91775736c5ec479e637ecced6842de9dc98b5da9cd?s=96&d=mm&r=g\",\"url\":\"https:\\\/\\\/secure.gravatar.com\\\/avatar\\\/b2a6f664a3ae8e074346ef91775736c5ec479e637ecced6842de9dc98b5da9cd?s=96&d=mm&r=g\",\"contentUrl\":\"https:\\\/\\\/secure.gravatar.com\\\/avatar\\\/b2a6f664a3ae8e074346ef91775736c5ec479e637ecced6842de9dc98b5da9cd?s=96&d=mm&r=g\",\"caption\":\"ccortez\"},\"url\":\"https:\\\/\\\/www.uartes.edu.ec\\\/sitio\\\/blog\\\/author\\\/ccortez\\\/\"}]}<\/script>\n<!-- \/ Yoast SEO plugin. -->","yoast_head_json":{"title":"Universidad de las Artes - 14 talleres propone el Centro de Escritura Acad\u00e9mica y Traducci\u00f3n UArtes; se puede participar de manera presencial y virtual","description":"Universidad de las Artes - 14 talleres propone el Centro de Escritura Acad\u00e9mica y Traducci\u00f3n UArtes; se puede participar de manera presencial y virtual","robots":{"index":"index","follow":"follow","max-snippet":"max-snippet:-1","max-image-preview":"max-image-preview:large","max-video-preview":"max-video-preview:-1"},"canonical":"https:\/\/www.uartes.edu.ec\/sitio\/blog\/2025\/01\/22\/centro-de-escritura-academica-y-traduccion-uartes-propone-14-talleres-se-puede-participar-de-manera-presencial-y-virtual\/","og_locale":"es_ES","og_type":"article","og_title":"Universidad de las Artes - 14 talleres propone el Centro de Escritura Acad\u00e9mica y Traducci\u00f3n UArtes; se puede participar de manera presencial y virtual","og_description":"Universidad de las Artes - 14 talleres propone el Centro de Escritura Acad\u00e9mica y Traducci\u00f3n UArtes; se puede participar de manera presencial y virtual","og_url":"https:\/\/www.uartes.edu.ec\/sitio\/blog\/2025\/01\/22\/centro-de-escritura-academica-y-traduccion-uartes-propone-14-talleres-se-puede-participar-de-manera-presencial-y-virtual\/","og_site_name":"Universidad de las Artes","article_publisher":"https:\/\/www.facebook.com\/uartesec","article_published_time":"2025-01-22T21:23:00+00:00","article_modified_time":"2025-01-23T20:32:31+00:00","og_image":[{"width":2000,"height":1333,"url":"https:\/\/www.uartes.edu.ec\/sitio\/wp-content\/uploads\/2025\/01\/CEAT-MARELIS-NOTA.jpg","type":"image\/jpeg"}],"author":"ccortez","twitter_card":"summary_large_image","twitter_creator":"@uartesec","twitter_site":"@uartesec","twitter_misc":{"Escrito por":"ccortez","Tiempo de lectura":"7 minutos"},"schema":{"@context":"https:\/\/schema.org","@graph":[{"@type":"Article","@id":"https:\/\/www.uartes.edu.ec\/sitio\/blog\/2025\/01\/22\/centro-de-escritura-academica-y-traduccion-uartes-propone-14-talleres-se-puede-participar-de-manera-presencial-y-virtual\/#article","isPartOf":{"@id":"https:\/\/www.uartes.edu.ec\/sitio\/blog\/2025\/01\/22\/centro-de-escritura-academica-y-traduccion-uartes-propone-14-talleres-se-puede-participar-de-manera-presencial-y-virtual\/"},"author":{"name":"ccortez","@id":"https:\/\/www.uartes.edu.ec\/sitio\/#\/schema\/person\/efa1b8275797664fd7f13a79ccc0b1f4"},"headline":"14 talleres propone el Centro de Escritura Acad\u00e9mica y Traducci\u00f3n UArtes; se puede participar de manera presencial y virtual","datePublished":"2025-01-22T21:23:00+00:00","dateModified":"2025-01-23T20:32:31+00:00","mainEntityOfPage":{"@id":"https:\/\/www.uartes.edu.ec\/sitio\/blog\/2025\/01\/22\/centro-de-escritura-academica-y-traduccion-uartes-propone-14-talleres-se-puede-participar-de-manera-presencial-y-virtual\/"},"wordCount":1388,"commentCount":0,"publisher":{"@id":"https:\/\/www.uartes.edu.ec\/sitio\/#organization"},"image":{"@id":"https:\/\/www.uartes.edu.ec\/sitio\/blog\/2025\/01\/22\/centro-de-escritura-academica-y-traduccion-uartes-propone-14-talleres-se-puede-participar-de-manera-presencial-y-virtual\/#primaryimage"},"thumbnailUrl":"https:\/\/www.uartes.edu.ec\/sitio\/wp-content\/uploads\/2025\/01\/CEAT-MARELIS-NOTA.jpg","keywords":["capacitaciones"],"articleSection":["Acad\u00e9mico","Administrativos","Artes Esc\u00e9nicas","Artes Sonoras","Artes Visuales","Cine","Estudiantes","Gesti\u00f3n","Literatura"],"inLanguage":"es","potentialAction":[{"@type":"CommentAction","name":"Comment","target":["https:\/\/www.uartes.edu.ec\/sitio\/blog\/2025\/01\/22\/centro-de-escritura-academica-y-traduccion-uartes-propone-14-talleres-se-puede-participar-de-manera-presencial-y-virtual\/#respond"]}]},{"@type":["WebPage","ItemPage"],"@id":"https:\/\/www.uartes.edu.ec\/sitio\/blog\/2025\/01\/22\/centro-de-escritura-academica-y-traduccion-uartes-propone-14-talleres-se-puede-participar-de-manera-presencial-y-virtual\/","url":"https:\/\/www.uartes.edu.ec\/sitio\/blog\/2025\/01\/22\/centro-de-escritura-academica-y-traduccion-uartes-propone-14-talleres-se-puede-participar-de-manera-presencial-y-virtual\/","name":"Universidad de las Artes - 14 talleres propone el Centro de Escritura Acad\u00e9mica y Traducci\u00f3n UArtes; se puede participar de manera presencial y virtual","isPartOf":{"@id":"https:\/\/www.uartes.edu.ec\/sitio\/#website"},"primaryImageOfPage":{"@id":"https:\/\/www.uartes.edu.ec\/sitio\/blog\/2025\/01\/22\/centro-de-escritura-academica-y-traduccion-uartes-propone-14-talleres-se-puede-participar-de-manera-presencial-y-virtual\/#primaryimage"},"image":{"@id":"https:\/\/www.uartes.edu.ec\/sitio\/blog\/2025\/01\/22\/centro-de-escritura-academica-y-traduccion-uartes-propone-14-talleres-se-puede-participar-de-manera-presencial-y-virtual\/#primaryimage"},"thumbnailUrl":"https:\/\/www.uartes.edu.ec\/sitio\/wp-content\/uploads\/2025\/01\/CEAT-MARELIS-NOTA.jpg","datePublished":"2025-01-22T21:23:00+00:00","dateModified":"2025-01-23T20:32:31+00:00","description":"Universidad de las Artes - 14 talleres propone el Centro de Escritura Acad\u00e9mica y Traducci\u00f3n UArtes; se puede participar de manera presencial y virtual","breadcrumb":{"@id":"https:\/\/www.uartes.edu.ec\/sitio\/blog\/2025\/01\/22\/centro-de-escritura-academica-y-traduccion-uartes-propone-14-talleres-se-puede-participar-de-manera-presencial-y-virtual\/#breadcrumb"},"inLanguage":"es","potentialAction":[{"@type":"ReadAction","target":["https:\/\/www.uartes.edu.ec\/sitio\/blog\/2025\/01\/22\/centro-de-escritura-academica-y-traduccion-uartes-propone-14-talleres-se-puede-participar-de-manera-presencial-y-virtual\/"]}]},{"@type":"ImageObject","inLanguage":"es","@id":"https:\/\/www.uartes.edu.ec\/sitio\/blog\/2025\/01\/22\/centro-de-escritura-academica-y-traduccion-uartes-propone-14-talleres-se-puede-participar-de-manera-presencial-y-virtual\/#primaryimage","url":"https:\/\/www.uartes.edu.ec\/sitio\/wp-content\/uploads\/2025\/01\/CEAT-MARELIS-NOTA.jpg","contentUrl":"https:\/\/www.uartes.edu.ec\/sitio\/wp-content\/uploads\/2025\/01\/CEAT-MARELIS-NOTA.jpg","width":2000,"height":1333},{"@type":"BreadcrumbList","@id":"https:\/\/www.uartes.edu.ec\/sitio\/blog\/2025\/01\/22\/centro-de-escritura-academica-y-traduccion-uartes-propone-14-talleres-se-puede-participar-de-manera-presencial-y-virtual\/#breadcrumb","itemListElement":[{"@type":"ListItem","position":1,"name":"Inicio","item":"https:\/\/www.uartes.edu.ec\/sitio\/"},{"@type":"ListItem","position":2,"name":"14 talleres propone el Centro de Escritura Acad\u00e9mica y Traducci\u00f3n UArtes; se puede participar de manera presencial y virtual"}]},{"@type":"WebSite","@id":"https:\/\/www.uartes.edu.ec\/sitio\/#website","url":"https:\/\/www.uartes.edu.ec\/sitio\/","name":"Universidad de las Artes","description":"Sitio oficial de la Universidad Nacional de las Artes del Ecuador","publisher":{"@id":"https:\/\/www.uartes.edu.ec\/sitio\/#organization"},"potentialAction":[{"@type":"SearchAction","target":{"@type":"EntryPoint","urlTemplate":"https:\/\/www.uartes.edu.ec\/sitio\/?s={search_term_string}"},"query-input":{"@type":"PropertyValueSpecification","valueRequired":true,"valueName":"search_term_string"}}],"inLanguage":"es"},{"@type":"Organization","@id":"https:\/\/www.uartes.edu.ec\/sitio\/#organization","name":"Universidad de las Artes","url":"https:\/\/www.uartes.edu.ec\/sitio\/","logo":{"@type":"ImageObject","inLanguage":"es","@id":"https:\/\/www.uartes.edu.ec\/sitio\/#\/schema\/logo\/image\/","url":"https:\/\/www.uartes.edu.ec\/sitio\/wp-content\/uploads\/2022\/07\/logo-ua-horizontal.png","contentUrl":"https:\/\/www.uartes.edu.ec\/sitio\/wp-content\/uploads\/2022\/07\/logo-ua-horizontal.png","width":800,"height":276,"caption":"Universidad de las Artes"},"image":{"@id":"https:\/\/www.uartes.edu.ec\/sitio\/#\/schema\/logo\/image\/"},"sameAs":["https:\/\/www.facebook.com\/uartesec","https:\/\/x.com\/uartesec","https:\/\/www.tiktok.com\/@uartesec"]},{"@type":"Person","@id":"https:\/\/www.uartes.edu.ec\/sitio\/#\/schema\/person\/efa1b8275797664fd7f13a79ccc0b1f4","name":"ccortez","image":{"@type":"ImageObject","inLanguage":"es","@id":"https:\/\/secure.gravatar.com\/avatar\/b2a6f664a3ae8e074346ef91775736c5ec479e637ecced6842de9dc98b5da9cd?s=96&d=mm&r=g","url":"https:\/\/secure.gravatar.com\/avatar\/b2a6f664a3ae8e074346ef91775736c5ec479e637ecced6842de9dc98b5da9cd?s=96&d=mm&r=g","contentUrl":"https:\/\/secure.gravatar.com\/avatar\/b2a6f664a3ae8e074346ef91775736c5ec479e637ecced6842de9dc98b5da9cd?s=96&d=mm&r=g","caption":"ccortez"},"url":"https:\/\/www.uartes.edu.ec\/sitio\/blog\/author\/ccortez\/"}]}},"uagb_featured_image_src":{"full":["https:\/\/www.uartes.edu.ec\/sitio\/wp-content\/uploads\/2025\/01\/CEAT-MARELIS-NOTA.jpg",2000,1333,false],"thumbnail":["https:\/\/www.uartes.edu.ec\/sitio\/wp-content\/uploads\/2025\/01\/CEAT-MARELIS-NOTA-150x150.jpg",150,150,true],"medium":["https:\/\/www.uartes.edu.ec\/sitio\/wp-content\/uploads\/2025\/01\/CEAT-MARELIS-NOTA-300x200.jpg",300,200,true],"medium_large":["https:\/\/www.uartes.edu.ec\/sitio\/wp-content\/uploads\/2025\/01\/CEAT-MARELIS-NOTA-768x512.jpg",768,512,true],"large":["https:\/\/www.uartes.edu.ec\/sitio\/wp-content\/uploads\/2025\/01\/CEAT-MARELIS-NOTA-644x429.jpg",644,429,true],"1536x1536":["https:\/\/www.uartes.edu.ec\/sitio\/wp-content\/uploads\/2025\/01\/CEAT-MARELIS-NOTA-1536x1024.jpg",1536,1024,true],"2048x2048":["https:\/\/www.uartes.edu.ec\/sitio\/wp-content\/uploads\/2025\/01\/CEAT-MARELIS-NOTA.jpg",2000,1333,false],"trp-custom-language-flag":["https:\/\/www.uartes.edu.ec\/sitio\/wp-content\/uploads\/2025\/01\/CEAT-MARELIS-NOTA-18x12.jpg",18,12,true],"htmega_size_585x295":["https:\/\/www.uartes.edu.ec\/sitio\/wp-content\/uploads\/2025\/01\/CEAT-MARELIS-NOTA-585x295.jpg",585,295,true],"htmega_size_1170x536":["https:\/\/www.uartes.edu.ec\/sitio\/wp-content\/uploads\/2025\/01\/CEAT-MARELIS-NOTA-1170x536.jpg",1170,536,true],"htmega_size_396x360":["https:\/\/www.uartes.edu.ec\/sitio\/wp-content\/uploads\/2025\/01\/CEAT-MARELIS-NOTA-396x360.jpg",396,360,true],"gb-block-post-grid-landscape":["https:\/\/www.uartes.edu.ec\/sitio\/wp-content\/uploads\/2025\/01\/CEAT-MARELIS-NOTA-600x400.jpg",600,400,true],"gb-block-post-grid-square":["https:\/\/www.uartes.edu.ec\/sitio\/wp-content\/uploads\/2025\/01\/CEAT-MARELIS-NOTA-600x600.jpg",600,600,true],"university-hub-thumb":["https:\/\/www.uartes.edu.ec\/sitio\/wp-content\/uploads\/2025\/01\/CEAT-MARELIS-NOTA-400x267.jpg",400,267,true]},"uagb_author_info":{"display_name":"ccortez","author_link":"https:\/\/www.uartes.edu.ec\/sitio\/blog\/author\/ccortez\/"},"uagb_comment_info":0,"uagb_excerpt":"El CEAT invita al personal administrativo UArtes a participar en los catorce talleres que ha dise\u00f1ado. Los concibi\u00f3 para apoyar a los estudiantes de pregrado en el desarrollo de sus habilidades de comunicaci\u00f3n escrita. Sin embargo, el 2024 trajo consigo la comprensi\u00f3n de que pod\u00edan ser una actividad pertinente para estudiantes de posgrado, docentes y&hellip;","featured_image_src":"https:\/\/www.uartes.edu.ec\/sitio\/wp-content\/uploads\/2025\/01\/CEAT-MARELIS-NOTA-600x400.jpg","featured_image_src_square":"https:\/\/www.uartes.edu.ec\/sitio\/wp-content\/uploads\/2025\/01\/CEAT-MARELIS-NOTA-600x600.jpg","author_info":{"display_name":"ccortez","author_link":"https:\/\/www.uartes.edu.ec\/sitio\/blog\/author\/ccortez\/"},"publishpress_future_workflow_manual_trigger":{"enabledWorkflows":[]},"distributor_meta":false,"distributor_terms":false,"distributor_media":false,"distributor_original_site_name":"Universidad de las Artes","distributor_original_site_url":"https:\/\/www.uartes.edu.ec\/sitio","push-errors":false,"_links":{"self":[{"href":"https:\/\/www.uartes.edu.ec\/sitio\/wp-json\/wp\/v2\/posts\/67561","targetHints":{"allow":["GET"]}}],"collection":[{"href":"https:\/\/www.uartes.edu.ec\/sitio\/wp-json\/wp\/v2\/posts"}],"about":[{"href":"https:\/\/www.uartes.edu.ec\/sitio\/wp-json\/wp\/v2\/types\/post"}],"author":[{"embeddable":true,"href":"https:\/\/www.uartes.edu.ec\/sitio\/wp-json\/wp\/v2\/users\/10"}],"replies":[{"embeddable":true,"href":"https:\/\/www.uartes.edu.ec\/sitio\/wp-json\/wp\/v2\/comments?post=67561"}],"version-history":[{"count":6,"href":"https:\/\/www.uartes.edu.ec\/sitio\/wp-json\/wp\/v2\/posts\/67561\/revisions"}],"predecessor-version":[{"id":67587,"href":"https:\/\/www.uartes.edu.ec\/sitio\/wp-json\/wp\/v2\/posts\/67561\/revisions\/67587"}],"wp:featuredmedia":[{"embeddable":true,"href":"https:\/\/www.uartes.edu.ec\/sitio\/wp-json\/wp\/v2\/media\/67562"}],"wp:attachment":[{"href":"https:\/\/www.uartes.edu.ec\/sitio\/wp-json\/wp\/v2\/media?parent=67561"}],"wp:term":[{"taxonomy":"category","embeddable":true,"href":"https:\/\/www.uartes.edu.ec\/sitio\/wp-json\/wp\/v2\/categories?post=67561"},{"taxonomy":"post_tag","embeddable":true,"href":"https:\/\/www.uartes.edu.ec\/sitio\/wp-json\/wp\/v2\/tags?post=67561"},{"taxonomy":"infouartes","embeddable":true,"href":"https:\/\/www.uartes.edu.ec\/sitio\/wp-json\/wp\/v2\/infouartes?post=67561"}],"curies":[{"name":"wp","href":"https:\/\/api.w.org\/{rel}","templated":true}]}}