{"id":6760,"date":"2020-04-24T23:07:18","date_gmt":"2020-04-25T04:07:18","guid":{"rendered":"http:\/\/www.uartes.edu.ec\/sitio\/?p=6760"},"modified":"2024-07-04T11:48:10","modified_gmt":"2024-07-04T16:48:10","slug":"con-recital-poetico-y-en-el-dia-internacional-del-libro-se-presento-cuarto-numero-de-pie-de-pagina","status":"publish","type":"post","link":"https:\/\/www.uartes.edu.ec\/sitio\/blog\/2020\/04\/24\/con-recital-poetico-y-en-el-dia-internacional-del-libro-se-presento-cuarto-numero-de-pie-de-pagina\/","title":{"rendered":"Con recital po\u00e9tico y en el D\u00eda Internacional del  Libro se present\u00f3 cuarto n\u00famero de Pie de p\u00e1gina"},"content":{"rendered":"\n<p>El jueves 23 de abril, D\u00eda Internacional del Libro, se realiz\u00f3 v\u00eda online la presentaci\u00f3n de la cuarta entrega de <em>Pie de p\u00e1gina,<\/em> revista literaria de creaci\u00f3n y cr\u00edtica editada por la Escuela de Escuela de Literatura de la Universidad de las Artes. Un espacio destinado a la investigaci\u00f3n, an\u00e1lisis y comentario de libros, en el campo de la literatura, que recoja los trabajos de los acad\u00e9micos del pa\u00eds y de Latinoam\u00e9rica.<\/p>\n\n\n\n<p>Mediante videoconferencia por Zoom, y bajo la conducci\u00f3n de Jos\u00e9 Miguel Cabrera, director de UArtes Ediciones, en la cita participaron Ra\u00fal Vallejo, director de la Escuela de Literatura y de <em>Pie de p\u00e1gina, <\/em>y los docentesAndr\u00e9s Land\u00e1zuri, Maritza Cino, Mar\u00eda Paulina Briones, Siomara Espa\u00f1a, Javier P\u00e9rez y Yala Lema, de quienes en la edici\u00f3n del I Semestre 2020 constan poes\u00edas y estudios.<\/p>\n\n\n\n<p>Este cuarto n\u00famero nos toma en medio de la cuarentena. Tenemos al personal de la UArtes, al estudiantado, al pa\u00eds entero en una pandemia que parece inimaginable. As\u00ed inici\u00f3 Ra\u00fal Vallejo la presentaci\u00f3n, anotando que la suspensi\u00f3n de los trabajos de las imprentas \u201cnos coloca en la disyuntiva de sacrificar el bienestar individual en funci\u00f3n de contribuir al bien estar del cuerpo social en lo que llamamos construcci\u00f3n de nuevas ciudadan\u00edas, m\u00e1s o menos lo que planteaba (Albert) Camus en <em>La Peste<\/em>\u201d.<\/p>\n\n\n\n<p>La edici\u00f3n del cuarto n\u00famero de <em>Pie de p\u00e1gina<\/em> tiene una particularidad, puesto que la UArtes promueve la presencia de docentes artistas y lo ha planteado desde el primer momento, contin\u00fao. \u201cEl arte y la literatura por s\u00ed mismo producen conocimiento y, por lo tanto, planteamos la necesidad que desde la docencia se fomente la creaci\u00f3n con el ejemplo de la profesora y el profesor. El dossier de este n\u00famero tiene presencia en una muestra po\u00e9tica de las y los docentes escritores de la Escuela de Literatura, quienes por sus obras son parte del movimiento po\u00e9tico de la literatura ecuatoriana contempor\u00e1nea\u201d.<\/p>\n\n\n\n<p>En su intervenci\u00f3n, el director de la Escuela de Literatura y de <em>Pie de p\u00e1gina<\/em> detall\u00f3 que la edici\u00f3n abre con un art\u00edculo que es un paralelismo entre <em>Cien a\u00f1os de soledad<\/em>, de Gabriel Garc\u00eda M\u00e1rquez, e <em>Hijos de la medianoche,<\/em> de Salman Rushdie. \u201cSon novelas situadas en una encrucijada de realidades concretas, imaginadas, sobrepuestas dentro del llamado realismo m\u00e1gico, como motor descriptivo y ficticio, basado en realidades econ\u00f3micas, literarias, pol\u00edticas, etc\u201d. El art\u00edculo lo escribi\u00f3 Luis Aguilar Monsalve, un ecuatoriano que reside en Estados Unidos, es profesor em\u00e9rito de la Universidad Hanover College de Indiana y es miembro de la Academia Ecuatoriana de la Lengua.<\/p>\n\n\n\n<div class=\"wp-block-image\"><figure class=\"aligncenter size-large\"><img fetchpriority=\"high\" decoding=\"async\" width=\"644\" height=\"644\" src=\"http:\/\/www.uartes.edu.ec\/sitio\/wp-content\/uploads\/2020\/04\/pie-de-pagina-4-cuerpo-644x644.jpg\" alt=\"\" class=\"wp-image-6761\" srcset=\"https:\/\/www.uartes.edu.ec\/sitio\/wp-content\/uploads\/2020\/04\/pie-de-pagina-4-cuerpo-644x644.jpg 644w, https:\/\/www.uartes.edu.ec\/sitio\/wp-content\/uploads\/2020\/04\/pie-de-pagina-4-cuerpo-300x300.jpg 300w, https:\/\/www.uartes.edu.ec\/sitio\/wp-content\/uploads\/2020\/04\/pie-de-pagina-4-cuerpo-150x150.jpg 150w, https:\/\/www.uartes.edu.ec\/sitio\/wp-content\/uploads\/2020\/04\/pie-de-pagina-4-cuerpo-768x768.jpg 768w, https:\/\/www.uartes.edu.ec\/sitio\/wp-content\/uploads\/2020\/04\/pie-de-pagina-4-cuerpo-600x600.jpg 600w, https:\/\/www.uartes.edu.ec\/sitio\/wp-content\/uploads\/2020\/04\/pie-de-pagina-4-cuerpo.jpg 960w\" sizes=\"(max-width: 644px) 100vw, 644px\" \/><\/figure><\/div>\n\n\n\n<p>\u201cMar\u00eda Paulina Briones trabaja con la correspondencia de Federico Garc\u00eda Lorca entre 1929 y 1930 durante su estancia en Nueva York y La Habana. En su art\u00edculo demuestra c\u00f3mo estas cartas de viaje del poeta granadino constituyen una obra con est\u00e9tica propia y una especificidad funcional que la distancia de la tradicional etiqueta de documentos auxiliares\u201d, coment\u00f3 Ra\u00fal Vallejo.<\/p>\n\n\n\n<p>A\u00f1adi\u00f3 que a partir de algunas afinidades de <em>Una excursi\u00f3n a los indios ranqueles<\/em>, de Lucio V. Mansilla, y <em>Un episodio en la vida del pintor viajero,<\/em> de C\u00e9sar Aira, la docente argentina Zulma Sacca, de la Universidad de Salta, presenta <em>Reescrituras del desierto argentino<\/em>, un ensayo que busca reflexionar sobre la sobrecogedora impresi\u00f3n que deja la pampa argentina en los viajeros del siglo XIX.<\/p>\n\n\n\n<p>De Pedro Artieda, docente de la Universidad Central del Ecuador, mencion\u00f3 el&nbsp; art\u00edculo <em>Narrativas queer del Ecuador y Am\u00e9rica Latina: condenas, muertes, exclusiones y resignificaciones, <\/em>el cuallogra un recorrido panor\u00e1mico de la colonia hasta nuestros d\u00edas de la literatura queer y de los prejuicios que ha enfrentado en los textos literarios y de c\u00f3mo en estos d\u00edas estos prejuicios empiezan a ser superados.<\/p>\n\n\n\n<p><em>Pie de p\u00e1gina 4 <\/em>cierra con un texto de Siomara Espa\u00f1a que analiza la traducci\u00f3n de la novela <em>La muerte en Venecia,<\/em> de Thomas Mann, del lenguaje literario al cinematogr\u00e1fico que da como producto la pel\u00edcula hom\u00f3nima de Luchino Visconti.<\/p>\n\n\n\n<p>Siomara Espa\u00f1a y Mar\u00eda Paulina Briones tomaron la palabra para desarrollar los contenidos de sus art\u00edculos. Luego, y antes de invitar a la audiencia a disfrutar de un recital po\u00e9tico, Ra\u00fal Vallejo expres\u00f3: \u201cCreo que este n\u00famero aparece como un testimonio de la voluntad que tenemos de interrogarnos en toda circunstancia sobre la palabra literaria\u201d.<\/p>\n\n\n\n<p>Al t\u00e9rmino de la cita, Andr\u00e9s Land\u00e1zuri ley\u00f3 el <em>Poema de la muerte; <\/em>Maritza Cino<em>, Cercada y Nicho de avispas;<\/em> Siomara Espa\u00f1a, <em>Inventario y estrategia \u2013el poema\u2013<\/em> y <em>M\u00eda;<\/em> Javier P\u00e9rez, <em>Las Palmas<\/em> y <em>Calle Rumichaca<\/em>; Yana Lema, dos poemas en quichua y espa\u00f1ol; y Mar\u00eda Paulina Briones, <em>Enterramiento prematuro.<\/em><\/p>\n\n\n\n<p>\u201cLa presentaci\u00f3n se realiza un 23 de abril, D\u00eda Internacional del Libro, porque es la fecha de fallecimiento de tres grandes: Cervantes, <a href=\"https:\/\/www.google.com\/search?q=Shakespeare&amp;spell=1&amp;sa=X&amp;ved=2ahUKEwiVmaXw8f_oAhXCJt8KHdUsCqcQkeECKAB6BAgaECU\">Shakespeare<\/a> y Garcilaso de le Vega\u201d, concluy\u00f3 Ra\u00fal Vallejo. Jos\u00e9 Miguel Cabrera invit\u00f3 a descargar en la web el contenido de <em>Pie de p\u00e1gina 4.<\/em> \u201cTomamos la decisi\u00f3n pol\u00edtica editorial de que los contenidos se vayan subiendo para que todos tengan acceso\u201d, sostuvo e indic\u00f3 entrar a la p\u00e1gina de la Universidad de las Artes, ir a la pesta\u00f1a Investigaci\u00f3n y buscar en Editorial la revista, o tambi\u00e9n poner en la barra de direcciones: <a href=\"http:\/\/piedepagina.uartes.edu.ec\/\">piedepagina.uartes.edu.ec<\/a><\/p>\n","protected":false},"excerpt":{"rendered":"<p>El jueves 23 de abril, D\u00eda Internacional del Libro, se realiz\u00f3 v\u00eda online la presentaci\u00f3n de la cuarta entrega de Pie de p\u00e1gina, revista literaria de creaci\u00f3n y cr\u00edtica editada por la Escuela de Escuela de Literatura de la Universidad de las Artes.<\/p>\n","protected":false},"author":1,"featured_media":6762,"comment_status":"closed","ping_status":"closed","sticky":false,"template":"","format":"standard","meta":{"_acf_changed":false,"_uag_custom_page_level_css":"","_monsterinsights_skip_tracking":false,"_monsterinsights_sitenote_active":false,"_monsterinsights_sitenote_note":"","_monsterinsights_sitenote_category":0,"cybocfi_hide_featured_image":"","footnotes":""},"categories":[80,175,215],"tags":[211],"infouartes":[],"class_list":["post-6760","post","type-post","status-publish","format-standard","has-post-thumbnail","hentry","category-academico","category-literatura","category-uartes-ediciones","tag-covid19"],"acf":[],"yoast_head":"<!-- This site is optimized with the Yoast SEO plugin v27.4 - https:\/\/yoast.com\/product\/yoast-seo-wordpress\/ -->\n<title>Universidad de las Artes - Con recital po\u00e9tico y en el D\u00eda Internacional del Libro se present\u00f3 cuarto n\u00famero de Pie de p\u00e1gina<\/title>\n<meta name=\"description\" content=\"Universidad de las Artes - Con recital po\u00e9tico y en el D\u00eda Internacional del Libro se present\u00f3 cuarto n\u00famero de Pie de p\u00e1gina\" \/>\n<meta name=\"robots\" content=\"index, follow, max-snippet:-1, max-image-preview:large, max-video-preview:-1\" \/>\n<link rel=\"canonical\" href=\"https:\/\/www.uartes.edu.ec\/sitio\/blog\/2020\/04\/24\/con-recital-poetico-y-en-el-dia-internacional-del-libro-se-presento-cuarto-numero-de-pie-de-pagina\/\" \/>\n<meta property=\"og:locale\" content=\"es_ES\" \/>\n<meta property=\"og:type\" content=\"article\" \/>\n<meta property=\"og:title\" content=\"Universidad de las Artes - Con recital po\u00e9tico y en el D\u00eda Internacional del Libro se present\u00f3 cuarto n\u00famero de Pie de p\u00e1gina\" \/>\n<meta property=\"og:description\" content=\"Universidad de las Artes - Con recital po\u00e9tico y en el D\u00eda Internacional del Libro se present\u00f3 cuarto n\u00famero de Pie de p\u00e1gina\" \/>\n<meta property=\"og:url\" content=\"https:\/\/www.uartes.edu.ec\/sitio\/blog\/2020\/04\/24\/con-recital-poetico-y-en-el-dia-internacional-del-libro-se-presento-cuarto-numero-de-pie-de-pagina\/\" \/>\n<meta property=\"og:site_name\" content=\"Universidad de las Artes\" \/>\n<meta property=\"article:publisher\" content=\"https:\/\/www.facebook.com\/uartesec\" \/>\n<meta property=\"article:published_time\" content=\"2020-04-25T04:07:18+00:00\" \/>\n<meta property=\"article:modified_time\" content=\"2024-07-04T16:48:10+00:00\" \/>\n<meta property=\"og:image\" content=\"https:\/\/www.uartes.edu.ec\/sitio\/wp-content\/uploads\/2020\/04\/pie-de-pagina-4.jpg\" \/>\n\t<meta property=\"og:image:width\" content=\"960\" \/>\n\t<meta property=\"og:image:height\" content=\"640\" \/>\n\t<meta property=\"og:image:type\" content=\"image\/jpeg\" \/>\n<meta name=\"author\" content=\"Universidad de las Artes\" \/>\n<meta name=\"twitter:card\" content=\"summary_large_image\" \/>\n<meta name=\"twitter:creator\" content=\"@uartesec\" \/>\n<meta name=\"twitter:site\" content=\"@uartesec\" \/>\n<meta name=\"twitter:label1\" content=\"Escrito por\" \/>\n\t<meta name=\"twitter:data1\" content=\"Universidad de las Artes\" \/>\n\t<meta name=\"twitter:label2\" content=\"Tiempo de lectura\" \/>\n\t<meta name=\"twitter:data2\" content=\"5 minutos\" \/>\n<script type=\"application\/ld+json\" class=\"yoast-schema-graph\">{\"@context\":\"https:\\\/\\\/schema.org\",\"@graph\":[{\"@type\":\"Article\",\"@id\":\"https:\\\/\\\/www.uartes.edu.ec\\\/sitio\\\/blog\\\/2020\\\/04\\\/24\\\/con-recital-poetico-y-en-el-dia-internacional-del-libro-se-presento-cuarto-numero-de-pie-de-pagina\\\/#article\",\"isPartOf\":{\"@id\":\"https:\\\/\\\/www.uartes.edu.ec\\\/sitio\\\/blog\\\/2020\\\/04\\\/24\\\/con-recital-poetico-y-en-el-dia-internacional-del-libro-se-presento-cuarto-numero-de-pie-de-pagina\\\/\"},\"author\":{\"name\":\"Universidad de las Artes\",\"@id\":\"https:\\\/\\\/www.uartes.edu.ec\\\/sitio\\\/#\\\/schema\\\/person\\\/f33f8c1d2af0d5c80a38c8abf458184a\"},\"headline\":\"Con recital po\u00e9tico y en el D\u00eda Internacional del Libro se present\u00f3 cuarto n\u00famero de Pie de p\u00e1gina\",\"datePublished\":\"2020-04-25T04:07:18+00:00\",\"dateModified\":\"2024-07-04T16:48:10+00:00\",\"mainEntityOfPage\":{\"@id\":\"https:\\\/\\\/www.uartes.edu.ec\\\/sitio\\\/blog\\\/2020\\\/04\\\/24\\\/con-recital-poetico-y-en-el-dia-internacional-del-libro-se-presento-cuarto-numero-de-pie-de-pagina\\\/\"},\"wordCount\":968,\"publisher\":{\"@id\":\"https:\\\/\\\/www.uartes.edu.ec\\\/sitio\\\/#organization\"},\"image\":{\"@id\":\"https:\\\/\\\/www.uartes.edu.ec\\\/sitio\\\/blog\\\/2020\\\/04\\\/24\\\/con-recital-poetico-y-en-el-dia-internacional-del-libro-se-presento-cuarto-numero-de-pie-de-pagina\\\/#primaryimage\"},\"thumbnailUrl\":\"https:\\\/\\\/www.uartes.edu.ec\\\/sitio\\\/wp-content\\\/uploads\\\/2020\\\/04\\\/pie-de-pagina-4.jpg\",\"keywords\":[\"covid19\"],\"articleSection\":[\"Acad\u00e9mico\",\"Literatura\",\"UArtes Ediciones\"],\"inLanguage\":\"es\"},{\"@type\":[\"WebPage\",\"ItemPage\"],\"@id\":\"https:\\\/\\\/www.uartes.edu.ec\\\/sitio\\\/blog\\\/2020\\\/04\\\/24\\\/con-recital-poetico-y-en-el-dia-internacional-del-libro-se-presento-cuarto-numero-de-pie-de-pagina\\\/\",\"url\":\"https:\\\/\\\/www.uartes.edu.ec\\\/sitio\\\/blog\\\/2020\\\/04\\\/24\\\/con-recital-poetico-y-en-el-dia-internacional-del-libro-se-presento-cuarto-numero-de-pie-de-pagina\\\/\",\"name\":\"Universidad de las Artes - Con recital po\u00e9tico y en el D\u00eda Internacional del Libro se present\u00f3 cuarto n\u00famero de Pie de p\u00e1gina\",\"isPartOf\":{\"@id\":\"https:\\\/\\\/www.uartes.edu.ec\\\/sitio\\\/#website\"},\"primaryImageOfPage\":{\"@id\":\"https:\\\/\\\/www.uartes.edu.ec\\\/sitio\\\/blog\\\/2020\\\/04\\\/24\\\/con-recital-poetico-y-en-el-dia-internacional-del-libro-se-presento-cuarto-numero-de-pie-de-pagina\\\/#primaryimage\"},\"image\":{\"@id\":\"https:\\\/\\\/www.uartes.edu.ec\\\/sitio\\\/blog\\\/2020\\\/04\\\/24\\\/con-recital-poetico-y-en-el-dia-internacional-del-libro-se-presento-cuarto-numero-de-pie-de-pagina\\\/#primaryimage\"},\"thumbnailUrl\":\"https:\\\/\\\/www.uartes.edu.ec\\\/sitio\\\/wp-content\\\/uploads\\\/2020\\\/04\\\/pie-de-pagina-4.jpg\",\"datePublished\":\"2020-04-25T04:07:18+00:00\",\"dateModified\":\"2024-07-04T16:48:10+00:00\",\"description\":\"Universidad de las Artes - Con recital po\u00e9tico y en el D\u00eda Internacional del Libro se present\u00f3 cuarto n\u00famero de Pie de p\u00e1gina\",\"breadcrumb\":{\"@id\":\"https:\\\/\\\/www.uartes.edu.ec\\\/sitio\\\/blog\\\/2020\\\/04\\\/24\\\/con-recital-poetico-y-en-el-dia-internacional-del-libro-se-presento-cuarto-numero-de-pie-de-pagina\\\/#breadcrumb\"},\"inLanguage\":\"es\",\"potentialAction\":[{\"@type\":\"ReadAction\",\"target\":[\"https:\\\/\\\/www.uartes.edu.ec\\\/sitio\\\/blog\\\/2020\\\/04\\\/24\\\/con-recital-poetico-y-en-el-dia-internacional-del-libro-se-presento-cuarto-numero-de-pie-de-pagina\\\/\"]}]},{\"@type\":\"ImageObject\",\"inLanguage\":\"es\",\"@id\":\"https:\\\/\\\/www.uartes.edu.ec\\\/sitio\\\/blog\\\/2020\\\/04\\\/24\\\/con-recital-poetico-y-en-el-dia-internacional-del-libro-se-presento-cuarto-numero-de-pie-de-pagina\\\/#primaryimage\",\"url\":\"https:\\\/\\\/www.uartes.edu.ec\\\/sitio\\\/wp-content\\\/uploads\\\/2020\\\/04\\\/pie-de-pagina-4.jpg\",\"contentUrl\":\"https:\\\/\\\/www.uartes.edu.ec\\\/sitio\\\/wp-content\\\/uploads\\\/2020\\\/04\\\/pie-de-pagina-4.jpg\",\"width\":960,\"height\":640},{\"@type\":\"BreadcrumbList\",\"@id\":\"https:\\\/\\\/www.uartes.edu.ec\\\/sitio\\\/blog\\\/2020\\\/04\\\/24\\\/con-recital-poetico-y-en-el-dia-internacional-del-libro-se-presento-cuarto-numero-de-pie-de-pagina\\\/#breadcrumb\",\"itemListElement\":[{\"@type\":\"ListItem\",\"position\":1,\"name\":\"Inicio\",\"item\":\"https:\\\/\\\/www.uartes.edu.ec\\\/sitio\\\/\"},{\"@type\":\"ListItem\",\"position\":2,\"name\":\"Con recital po\u00e9tico y en el D\u00eda Internacional del Libro se present\u00f3 cuarto n\u00famero de Pie de p\u00e1gina\"}]},{\"@type\":\"WebSite\",\"@id\":\"https:\\\/\\\/www.uartes.edu.ec\\\/sitio\\\/#website\",\"url\":\"https:\\\/\\\/www.uartes.edu.ec\\\/sitio\\\/\",\"name\":\"Universidad de las Artes\",\"description\":\"Sitio oficial de la Universidad Nacional de las Artes del Ecuador\",\"publisher\":{\"@id\":\"https:\\\/\\\/www.uartes.edu.ec\\\/sitio\\\/#organization\"},\"potentialAction\":[{\"@type\":\"SearchAction\",\"target\":{\"@type\":\"EntryPoint\",\"urlTemplate\":\"https:\\\/\\\/www.uartes.edu.ec\\\/sitio\\\/?s={search_term_string}\"},\"query-input\":{\"@type\":\"PropertyValueSpecification\",\"valueRequired\":true,\"valueName\":\"search_term_string\"}}],\"inLanguage\":\"es\"},{\"@type\":\"Organization\",\"@id\":\"https:\\\/\\\/www.uartes.edu.ec\\\/sitio\\\/#organization\",\"name\":\"Universidad de las Artes\",\"url\":\"https:\\\/\\\/www.uartes.edu.ec\\\/sitio\\\/\",\"logo\":{\"@type\":\"ImageObject\",\"inLanguage\":\"es\",\"@id\":\"https:\\\/\\\/www.uartes.edu.ec\\\/sitio\\\/#\\\/schema\\\/logo\\\/image\\\/\",\"url\":\"https:\\\/\\\/www.uartes.edu.ec\\\/sitio\\\/wp-content\\\/uploads\\\/2022\\\/07\\\/logo-ua-horizontal.png\",\"contentUrl\":\"https:\\\/\\\/www.uartes.edu.ec\\\/sitio\\\/wp-content\\\/uploads\\\/2022\\\/07\\\/logo-ua-horizontal.png\",\"width\":800,\"height\":276,\"caption\":\"Universidad de las Artes\"},\"image\":{\"@id\":\"https:\\\/\\\/www.uartes.edu.ec\\\/sitio\\\/#\\\/schema\\\/logo\\\/image\\\/\"},\"sameAs\":[\"https:\\\/\\\/www.facebook.com\\\/uartesec\",\"https:\\\/\\\/x.com\\\/uartesec\",\"https:\\\/\\\/www.tiktok.com\\\/@uartesec\"]},{\"@type\":\"Person\",\"@id\":\"https:\\\/\\\/www.uartes.edu.ec\\\/sitio\\\/#\\\/schema\\\/person\\\/f33f8c1d2af0d5c80a38c8abf458184a\",\"name\":\"Universidad de las Artes\",\"image\":{\"@type\":\"ImageObject\",\"inLanguage\":\"es\",\"@id\":\"https:\\\/\\\/secure.gravatar.com\\\/avatar\\\/52e4757902f5cfa5ac52d020e5be83cae5487519154b6c35482fe08d589f3c13?s=96&d=mm&r=g\",\"url\":\"https:\\\/\\\/secure.gravatar.com\\\/avatar\\\/52e4757902f5cfa5ac52d020e5be83cae5487519154b6c35482fe08d589f3c13?s=96&d=mm&r=g\",\"contentUrl\":\"https:\\\/\\\/secure.gravatar.com\\\/avatar\\\/52e4757902f5cfa5ac52d020e5be83cae5487519154b6c35482fe08d589f3c13?s=96&d=mm&r=g\",\"caption\":\"Universidad de las Artes\"},\"url\":\"https:\\\/\\\/www.uartes.edu.ec\\\/sitio\\\/blog\\\/author\\\/dircomadm\\\/\"}]}<\/script>\n<!-- \/ Yoast SEO plugin. -->","yoast_head_json":{"title":"Universidad de las Artes - Con recital po\u00e9tico y en el D\u00eda Internacional del Libro se present\u00f3 cuarto n\u00famero de Pie de p\u00e1gina","description":"Universidad de las Artes - Con recital po\u00e9tico y en el D\u00eda Internacional del Libro se present\u00f3 cuarto n\u00famero de Pie de p\u00e1gina","robots":{"index":"index","follow":"follow","max-snippet":"max-snippet:-1","max-image-preview":"max-image-preview:large","max-video-preview":"max-video-preview:-1"},"canonical":"https:\/\/www.uartes.edu.ec\/sitio\/blog\/2020\/04\/24\/con-recital-poetico-y-en-el-dia-internacional-del-libro-se-presento-cuarto-numero-de-pie-de-pagina\/","og_locale":"es_ES","og_type":"article","og_title":"Universidad de las Artes - Con recital po\u00e9tico y en el D\u00eda Internacional del Libro se present\u00f3 cuarto n\u00famero de Pie de p\u00e1gina","og_description":"Universidad de las Artes - Con recital po\u00e9tico y en el D\u00eda Internacional del Libro se present\u00f3 cuarto n\u00famero de Pie de p\u00e1gina","og_url":"https:\/\/www.uartes.edu.ec\/sitio\/blog\/2020\/04\/24\/con-recital-poetico-y-en-el-dia-internacional-del-libro-se-presento-cuarto-numero-de-pie-de-pagina\/","og_site_name":"Universidad de las Artes","article_publisher":"https:\/\/www.facebook.com\/uartesec","article_published_time":"2020-04-25T04:07:18+00:00","article_modified_time":"2024-07-04T16:48:10+00:00","og_image":[{"width":960,"height":640,"url":"https:\/\/www.uartes.edu.ec\/sitio\/wp-content\/uploads\/2020\/04\/pie-de-pagina-4.jpg","type":"image\/jpeg"}],"author":"Universidad de las Artes","twitter_card":"summary_large_image","twitter_creator":"@uartesec","twitter_site":"@uartesec","twitter_misc":{"Escrito por":"Universidad de las Artes","Tiempo de lectura":"5 minutos"},"schema":{"@context":"https:\/\/schema.org","@graph":[{"@type":"Article","@id":"https:\/\/www.uartes.edu.ec\/sitio\/blog\/2020\/04\/24\/con-recital-poetico-y-en-el-dia-internacional-del-libro-se-presento-cuarto-numero-de-pie-de-pagina\/#article","isPartOf":{"@id":"https:\/\/www.uartes.edu.ec\/sitio\/blog\/2020\/04\/24\/con-recital-poetico-y-en-el-dia-internacional-del-libro-se-presento-cuarto-numero-de-pie-de-pagina\/"},"author":{"name":"Universidad de las Artes","@id":"https:\/\/www.uartes.edu.ec\/sitio\/#\/schema\/person\/f33f8c1d2af0d5c80a38c8abf458184a"},"headline":"Con recital po\u00e9tico y en el D\u00eda Internacional del Libro se present\u00f3 cuarto n\u00famero de Pie de p\u00e1gina","datePublished":"2020-04-25T04:07:18+00:00","dateModified":"2024-07-04T16:48:10+00:00","mainEntityOfPage":{"@id":"https:\/\/www.uartes.edu.ec\/sitio\/blog\/2020\/04\/24\/con-recital-poetico-y-en-el-dia-internacional-del-libro-se-presento-cuarto-numero-de-pie-de-pagina\/"},"wordCount":968,"publisher":{"@id":"https:\/\/www.uartes.edu.ec\/sitio\/#organization"},"image":{"@id":"https:\/\/www.uartes.edu.ec\/sitio\/blog\/2020\/04\/24\/con-recital-poetico-y-en-el-dia-internacional-del-libro-se-presento-cuarto-numero-de-pie-de-pagina\/#primaryimage"},"thumbnailUrl":"https:\/\/www.uartes.edu.ec\/sitio\/wp-content\/uploads\/2020\/04\/pie-de-pagina-4.jpg","keywords":["covid19"],"articleSection":["Acad\u00e9mico","Literatura","UArtes Ediciones"],"inLanguage":"es"},{"@type":["WebPage","ItemPage"],"@id":"https:\/\/www.uartes.edu.ec\/sitio\/blog\/2020\/04\/24\/con-recital-poetico-y-en-el-dia-internacional-del-libro-se-presento-cuarto-numero-de-pie-de-pagina\/","url":"https:\/\/www.uartes.edu.ec\/sitio\/blog\/2020\/04\/24\/con-recital-poetico-y-en-el-dia-internacional-del-libro-se-presento-cuarto-numero-de-pie-de-pagina\/","name":"Universidad de las Artes - Con recital po\u00e9tico y en el D\u00eda Internacional del Libro se present\u00f3 cuarto n\u00famero de Pie de p\u00e1gina","isPartOf":{"@id":"https:\/\/www.uartes.edu.ec\/sitio\/#website"},"primaryImageOfPage":{"@id":"https:\/\/www.uartes.edu.ec\/sitio\/blog\/2020\/04\/24\/con-recital-poetico-y-en-el-dia-internacional-del-libro-se-presento-cuarto-numero-de-pie-de-pagina\/#primaryimage"},"image":{"@id":"https:\/\/www.uartes.edu.ec\/sitio\/blog\/2020\/04\/24\/con-recital-poetico-y-en-el-dia-internacional-del-libro-se-presento-cuarto-numero-de-pie-de-pagina\/#primaryimage"},"thumbnailUrl":"https:\/\/www.uartes.edu.ec\/sitio\/wp-content\/uploads\/2020\/04\/pie-de-pagina-4.jpg","datePublished":"2020-04-25T04:07:18+00:00","dateModified":"2024-07-04T16:48:10+00:00","description":"Universidad de las Artes - Con recital po\u00e9tico y en el D\u00eda Internacional del Libro se present\u00f3 cuarto n\u00famero de Pie de p\u00e1gina","breadcrumb":{"@id":"https:\/\/www.uartes.edu.ec\/sitio\/blog\/2020\/04\/24\/con-recital-poetico-y-en-el-dia-internacional-del-libro-se-presento-cuarto-numero-de-pie-de-pagina\/#breadcrumb"},"inLanguage":"es","potentialAction":[{"@type":"ReadAction","target":["https:\/\/www.uartes.edu.ec\/sitio\/blog\/2020\/04\/24\/con-recital-poetico-y-en-el-dia-internacional-del-libro-se-presento-cuarto-numero-de-pie-de-pagina\/"]}]},{"@type":"ImageObject","inLanguage":"es","@id":"https:\/\/www.uartes.edu.ec\/sitio\/blog\/2020\/04\/24\/con-recital-poetico-y-en-el-dia-internacional-del-libro-se-presento-cuarto-numero-de-pie-de-pagina\/#primaryimage","url":"https:\/\/www.uartes.edu.ec\/sitio\/wp-content\/uploads\/2020\/04\/pie-de-pagina-4.jpg","contentUrl":"https:\/\/www.uartes.edu.ec\/sitio\/wp-content\/uploads\/2020\/04\/pie-de-pagina-4.jpg","width":960,"height":640},{"@type":"BreadcrumbList","@id":"https:\/\/www.uartes.edu.ec\/sitio\/blog\/2020\/04\/24\/con-recital-poetico-y-en-el-dia-internacional-del-libro-se-presento-cuarto-numero-de-pie-de-pagina\/#breadcrumb","itemListElement":[{"@type":"ListItem","position":1,"name":"Inicio","item":"https:\/\/www.uartes.edu.ec\/sitio\/"},{"@type":"ListItem","position":2,"name":"Con recital po\u00e9tico y en el D\u00eda Internacional del Libro se present\u00f3 cuarto n\u00famero de Pie de p\u00e1gina"}]},{"@type":"WebSite","@id":"https:\/\/www.uartes.edu.ec\/sitio\/#website","url":"https:\/\/www.uartes.edu.ec\/sitio\/","name":"Universidad de las Artes","description":"Sitio oficial de la Universidad Nacional de las Artes del Ecuador","publisher":{"@id":"https:\/\/www.uartes.edu.ec\/sitio\/#organization"},"potentialAction":[{"@type":"SearchAction","target":{"@type":"EntryPoint","urlTemplate":"https:\/\/www.uartes.edu.ec\/sitio\/?s={search_term_string}"},"query-input":{"@type":"PropertyValueSpecification","valueRequired":true,"valueName":"search_term_string"}}],"inLanguage":"es"},{"@type":"Organization","@id":"https:\/\/www.uartes.edu.ec\/sitio\/#organization","name":"Universidad de las Artes","url":"https:\/\/www.uartes.edu.ec\/sitio\/","logo":{"@type":"ImageObject","inLanguage":"es","@id":"https:\/\/www.uartes.edu.ec\/sitio\/#\/schema\/logo\/image\/","url":"https:\/\/www.uartes.edu.ec\/sitio\/wp-content\/uploads\/2022\/07\/logo-ua-horizontal.png","contentUrl":"https:\/\/www.uartes.edu.ec\/sitio\/wp-content\/uploads\/2022\/07\/logo-ua-horizontal.png","width":800,"height":276,"caption":"Universidad de las Artes"},"image":{"@id":"https:\/\/www.uartes.edu.ec\/sitio\/#\/schema\/logo\/image\/"},"sameAs":["https:\/\/www.facebook.com\/uartesec","https:\/\/x.com\/uartesec","https:\/\/www.tiktok.com\/@uartesec"]},{"@type":"Person","@id":"https:\/\/www.uartes.edu.ec\/sitio\/#\/schema\/person\/f33f8c1d2af0d5c80a38c8abf458184a","name":"Universidad de las Artes","image":{"@type":"ImageObject","inLanguage":"es","@id":"https:\/\/secure.gravatar.com\/avatar\/52e4757902f5cfa5ac52d020e5be83cae5487519154b6c35482fe08d589f3c13?s=96&d=mm&r=g","url":"https:\/\/secure.gravatar.com\/avatar\/52e4757902f5cfa5ac52d020e5be83cae5487519154b6c35482fe08d589f3c13?s=96&d=mm&r=g","contentUrl":"https:\/\/secure.gravatar.com\/avatar\/52e4757902f5cfa5ac52d020e5be83cae5487519154b6c35482fe08d589f3c13?s=96&d=mm&r=g","caption":"Universidad de las Artes"},"url":"https:\/\/www.uartes.edu.ec\/sitio\/blog\/author\/dircomadm\/"}]}},"uagb_featured_image_src":{"full":["https:\/\/www.uartes.edu.ec\/sitio\/wp-content\/uploads\/2020\/04\/pie-de-pagina-4.jpg",960,640,false],"thumbnail":["https:\/\/www.uartes.edu.ec\/sitio\/wp-content\/uploads\/2020\/04\/pie-de-pagina-4-150x150.jpg",150,150,true],"medium":["https:\/\/www.uartes.edu.ec\/sitio\/wp-content\/uploads\/2020\/04\/pie-de-pagina-4-300x200.jpg",300,200,true],"medium_large":["https:\/\/www.uartes.edu.ec\/sitio\/wp-content\/uploads\/2020\/04\/pie-de-pagina-4-768x512.jpg",768,512,true],"large":["https:\/\/www.uartes.edu.ec\/sitio\/wp-content\/uploads\/2020\/04\/pie-de-pagina-4-644x429.jpg",644,429,true],"1536x1536":["https:\/\/www.uartes.edu.ec\/sitio\/wp-content\/uploads\/2020\/04\/pie-de-pagina-4.jpg",960,640,false],"2048x2048":["https:\/\/www.uartes.edu.ec\/sitio\/wp-content\/uploads\/2020\/04\/pie-de-pagina-4.jpg",960,640,false],"trp-custom-language-flag":["https:\/\/www.uartes.edu.ec\/sitio\/wp-content\/uploads\/2020\/04\/pie-de-pagina-4.jpg",18,12,false],"htmega_size_585x295":["https:\/\/www.uartes.edu.ec\/sitio\/wp-content\/uploads\/2020\/04\/pie-de-pagina-4.jpg",443,295,false],"htmega_size_1170x536":["https:\/\/www.uartes.edu.ec\/sitio\/wp-content\/uploads\/2020\/04\/pie-de-pagina-4.jpg",804,536,false],"htmega_size_396x360":["https:\/\/www.uartes.edu.ec\/sitio\/wp-content\/uploads\/2020\/04\/pie-de-pagina-4.jpg",396,264,false],"gb-block-post-grid-landscape":["https:\/\/www.uartes.edu.ec\/sitio\/wp-content\/uploads\/2020\/04\/pie-de-pagina-4.jpg",600,400,false],"gb-block-post-grid-square":["https:\/\/www.uartes.edu.ec\/sitio\/wp-content\/uploads\/2020\/04\/pie-de-pagina-4.jpg",600,400,false],"university-hub-thumb":["https:\/\/www.uartes.edu.ec\/sitio\/wp-content\/uploads\/2020\/04\/pie-de-pagina-4-400x267.jpg",400,267,true]},"uagb_author_info":{"display_name":"Universidad de las Artes","author_link":"https:\/\/www.uartes.edu.ec\/sitio\/blog\/author\/dircomadm\/"},"uagb_comment_info":0,"uagb_excerpt":"El jueves 23 de abril, D\u00eda Internacional del Libro, se realiz\u00f3 v\u00eda online la presentaci\u00f3n de la cuarta entrega de Pie de p\u00e1gina, revista literaria de creaci\u00f3n y cr\u00edtica editada por la Escuela de Escuela de Literatura de la Universidad de las Artes.","featured_image_src":"https:\/\/www.uartes.edu.ec\/sitio\/wp-content\/uploads\/2020\/04\/pie-de-pagina-4.jpg","featured_image_src_square":"https:\/\/www.uartes.edu.ec\/sitio\/wp-content\/uploads\/2020\/04\/pie-de-pagina-4.jpg","author_info":{"display_name":"Universidad de las Artes","author_link":"https:\/\/www.uartes.edu.ec\/sitio\/blog\/author\/dircomadm\/"},"publishpress_future_workflow_manual_trigger":{"enabledWorkflows":[]},"distributor_meta":false,"distributor_terms":false,"distributor_media":false,"distributor_original_site_name":"Universidad de las Artes","distributor_original_site_url":"https:\/\/www.uartes.edu.ec\/sitio","push-errors":false,"_links":{"self":[{"href":"https:\/\/www.uartes.edu.ec\/sitio\/wp-json\/wp\/v2\/posts\/6760","targetHints":{"allow":["GET"]}}],"collection":[{"href":"https:\/\/www.uartes.edu.ec\/sitio\/wp-json\/wp\/v2\/posts"}],"about":[{"href":"https:\/\/www.uartes.edu.ec\/sitio\/wp-json\/wp\/v2\/types\/post"}],"author":[{"embeddable":true,"href":"https:\/\/www.uartes.edu.ec\/sitio\/wp-json\/wp\/v2\/users\/1"}],"replies":[{"embeddable":true,"href":"https:\/\/www.uartes.edu.ec\/sitio\/wp-json\/wp\/v2\/comments?post=6760"}],"version-history":[{"count":2,"href":"https:\/\/www.uartes.edu.ec\/sitio\/wp-json\/wp\/v2\/posts\/6760\/revisions"}],"predecessor-version":[{"id":57651,"href":"https:\/\/www.uartes.edu.ec\/sitio\/wp-json\/wp\/v2\/posts\/6760\/revisions\/57651"}],"wp:featuredmedia":[{"embeddable":true,"href":"https:\/\/www.uartes.edu.ec\/sitio\/wp-json\/wp\/v2\/media\/6762"}],"wp:attachment":[{"href":"https:\/\/www.uartes.edu.ec\/sitio\/wp-json\/wp\/v2\/media?parent=6760"}],"wp:term":[{"taxonomy":"category","embeddable":true,"href":"https:\/\/www.uartes.edu.ec\/sitio\/wp-json\/wp\/v2\/categories?post=6760"},{"taxonomy":"post_tag","embeddable":true,"href":"https:\/\/www.uartes.edu.ec\/sitio\/wp-json\/wp\/v2\/tags?post=6760"},{"taxonomy":"infouartes","embeddable":true,"href":"https:\/\/www.uartes.edu.ec\/sitio\/wp-json\/wp\/v2\/infouartes?post=6760"}],"curies":[{"name":"wp","href":"https:\/\/api.w.org\/{rel}","templated":true}]}}