{"id":67806,"date":"2025-01-30T16:18:52","date_gmt":"2025-01-30T21:18:52","guid":{"rendered":"https:\/\/www.uartes.edu.ec\/sitio\/?p=67806"},"modified":"2025-02-06T13:03:21","modified_gmt":"2025-02-06T18:03:21","slug":"bibliotricimoteca-vol-3-llego-con-la-tercera-jornada-artistico-cultural-pazartealegria-al-parque-de-la-floresta-ii","status":"publish","type":"post","link":"https:\/\/www.uartes.edu.ec\/sitio\/blog\/2025\/01\/30\/bibliotricimoteca-vol-3-llego-con-la-tercera-jornada-artistico-cultural-pazartealegria-al-parque-de-la-floresta-ii\/","title":{"rendered":"Proyecto de v\u00ednculo Bibliotricimoteca Vol.3 lleg\u00f3 con tercera jornada art\u00edstico-cultural PazArteAlegr\u00eda al parque de La Floresta II"},"content":{"rendered":"\n<p>Bajo un radiante sol, el pasado s\u00e1bado 25 de enero se desarroll\u00f3 en el parque La Floresta II la tercera jornada art\u00edstico-cultural PazArteAlegr\u00eda, una propuesta concebida desde el proyecto de vinculaci\u00f3n con la sociedad de la Universidad de las Artes, Bibliotricimoteca Vol.3, y que en esta ocasi\u00f3n, para su organizaci\u00f3n, cont\u00f3 con el acompa\u00f1amiento del Estudio de Formaci\u00f3n Art\u00edstico Integral (EFAI) y de la agrupaci\u00f3n musical Escala Sur, representados por Luisa Pita y Luis Abad, respectivamente, incansables creadores y gestores culturales que promueven las artes en ni\u00f1os y j\u00f3venes del sector, proyect\u00e1ndose por toda la ciudad.<\/p>\n\n\n\n<p>En su tercera entrega, el evento comunitario ofreci\u00f3 un espacio de expresi\u00f3n y disfrute para toda la familia, reafirmando el poder del arte como herramienta de transformaci\u00f3n social. As\u00ed, entre la m\u00fasica, danza y teatro, la jornada art\u00edstica fortaleci\u00f3 la identidad cultural y el sentido de comunidad en un sector vulnerable de Guayaquil, brindando momentos de alegr\u00eda y esparcimiento a ni\u00f1os, j\u00f3venes y adultos.<\/p>\n\n\n\n<p>En la tercera jornada art\u00edstico-cultural PazArteAlegr\u00eda, se presentaron el grupo de danza Munay, La comedia de los Nadies, Los Conflictos de Lucas y el Gran Teatro de Monte Sina\u00ed (GTMS). Hubo la Proyecci\u00f3n Folcl\u00f3rica Etnia Ecuador, Solista: Ahinoa y Gabriela, y la participaci\u00f3n del Ensamble Musical EFAI-Escala Sur-ACES. Sin lugar a dudas, este espacio permite seguir tejiendo comunidades desde el trabajo de cada uno de los creadores invitados.<\/p>\n\n\n<div class=\"wp-block-image\">\n<figure class=\"aligncenter size-large is-resized\"><img fetchpriority=\"high\" decoding=\"async\" width=\"644\" height=\"429\" src=\"https:\/\/www.uartes.edu.ec\/sitio\/wp-content\/uploads\/2025\/01\/04-PAZARTE-644x429.jpg\" alt=\"\" class=\"wp-image-67902\" style=\"width:518px;height:auto\" srcset=\"https:\/\/www.uartes.edu.ec\/sitio\/wp-content\/uploads\/2025\/01\/04-PAZARTE-644x429.jpg 644w, https:\/\/www.uartes.edu.ec\/sitio\/wp-content\/uploads\/2025\/01\/04-PAZARTE-300x200.jpg 300w, https:\/\/www.uartes.edu.ec\/sitio\/wp-content\/uploads\/2025\/01\/04-PAZARTE-768x512.jpg 768w, https:\/\/www.uartes.edu.ec\/sitio\/wp-content\/uploads\/2025\/01\/04-PAZARTE-1536x1024.jpg 1536w, https:\/\/www.uartes.edu.ec\/sitio\/wp-content\/uploads\/2025\/01\/04-PAZARTE-18x12.jpg 18w, https:\/\/www.uartes.edu.ec\/sitio\/wp-content\/uploads\/2025\/01\/04-PAZARTE-600x400.jpg 600w, https:\/\/www.uartes.edu.ec\/sitio\/wp-content\/uploads\/2025\/01\/04-PAZARTE-400x267.jpg 400w, https:\/\/www.uartes.edu.ec\/sitio\/wp-content\/uploads\/2025\/01\/04-PAZARTE-272x182.jpg 272w, https:\/\/www.uartes.edu.ec\/sitio\/wp-content\/uploads\/2025\/01\/04-PAZARTE.jpg 2000w\" sizes=\"(max-width: 644px) 100vw, 644px\" \/><\/figure>\n<\/div>\n\n<div class=\"wp-block-image\">\n<figure class=\"aligncenter size-large is-resized\"><img decoding=\"async\" width=\"644\" height=\"429\" src=\"https:\/\/www.uartes.edu.ec\/sitio\/wp-content\/uploads\/2025\/01\/05-PAZARTE-644x429.jpg\" alt=\"\" class=\"wp-image-67906\" style=\"width:516px;height:auto\" srcset=\"https:\/\/www.uartes.edu.ec\/sitio\/wp-content\/uploads\/2025\/01\/05-PAZARTE-644x429.jpg 644w, https:\/\/www.uartes.edu.ec\/sitio\/wp-content\/uploads\/2025\/01\/05-PAZARTE-300x200.jpg 300w, https:\/\/www.uartes.edu.ec\/sitio\/wp-content\/uploads\/2025\/01\/05-PAZARTE-768x512.jpg 768w, https:\/\/www.uartes.edu.ec\/sitio\/wp-content\/uploads\/2025\/01\/05-PAZARTE-1536x1024.jpg 1536w, https:\/\/www.uartes.edu.ec\/sitio\/wp-content\/uploads\/2025\/01\/05-PAZARTE-18x12.jpg 18w, https:\/\/www.uartes.edu.ec\/sitio\/wp-content\/uploads\/2025\/01\/05-PAZARTE-600x400.jpg 600w, https:\/\/www.uartes.edu.ec\/sitio\/wp-content\/uploads\/2025\/01\/05-PAZARTE-400x267.jpg 400w, https:\/\/www.uartes.edu.ec\/sitio\/wp-content\/uploads\/2025\/01\/05-PAZARTE-272x182.jpg 272w, https:\/\/www.uartes.edu.ec\/sitio\/wp-content\/uploads\/2025\/01\/05-PAZARTE.jpg 2000w\" sizes=\"(max-width: 644px) 100vw, 644px\" \/><figcaption class=\"wp-element-caption\">Arriba, la presentaci\u00f3n del GTMS; sobre estas l\u00edneas, el grupo de danza Munay<\/figcaption><\/figure>\n<\/div>\n\n\n<p>Luisa Pita, integrante de EFAI, manifest\u00f3 la importancia de continuar con estas jornadas, ya que permiten visibilizar y promocionar a los talentos y a los artistas comunitarios y populares, promoviendo de esta manera espacios recreativos y de paz, donde los j\u00f3venes y las familias tienen un espacio para su sano esparcimiento.<\/p>\n\n\n\n<h3 class=\"wp-block-heading\">Proyecto de vinculaci\u00f3n con la comunidad<\/h3>\n\n\n\n<p>El proyecto de vinculaci\u00f3n con la comunidad \u201cBibliotricimoteca Vol. 3\u201d lo dirige el docente Marcelo Leyton, de la Escuela de Artes Esc\u00e9nicas. Se encuentra en su tercera fase de \u201cmediaci\u00f3n art\u00edstica en proceso\u201d, realizada a partir de la implementaci\u00f3n de talleres, as\u00ed como la creaci\u00f3n de muestras art\u00edstico-culturales que contribuyen a ampliar y dinamizar la cobertura de una educaci\u00f3n no formal en artes, dirigida a ni\u00f1os, j\u00f3venes y adultos mayores de la Coop. Sergio Toral, El Fort\u00edn y otros espacios.<\/p>\n\n\n<div class=\"wp-block-image\">\n<figure class=\"aligncenter size-large is-resized\"><img decoding=\"async\" width=\"644\" height=\"429\" src=\"https:\/\/www.uartes.edu.ec\/sitio\/wp-content\/uploads\/2025\/01\/03-PAZARTE-644x429.jpg\" alt=\"\" class=\"wp-image-67903\" style=\"width:578px;height:auto\" srcset=\"https:\/\/www.uartes.edu.ec\/sitio\/wp-content\/uploads\/2025\/01\/03-PAZARTE-644x429.jpg 644w, https:\/\/www.uartes.edu.ec\/sitio\/wp-content\/uploads\/2025\/01\/03-PAZARTE-300x200.jpg 300w, https:\/\/www.uartes.edu.ec\/sitio\/wp-content\/uploads\/2025\/01\/03-PAZARTE-768x512.jpg 768w, https:\/\/www.uartes.edu.ec\/sitio\/wp-content\/uploads\/2025\/01\/03-PAZARTE-1536x1024.jpg 1536w, https:\/\/www.uartes.edu.ec\/sitio\/wp-content\/uploads\/2025\/01\/03-PAZARTE-18x12.jpg 18w, https:\/\/www.uartes.edu.ec\/sitio\/wp-content\/uploads\/2025\/01\/03-PAZARTE-600x400.jpg 600w, https:\/\/www.uartes.edu.ec\/sitio\/wp-content\/uploads\/2025\/01\/03-PAZARTE-400x267.jpg 400w, https:\/\/www.uartes.edu.ec\/sitio\/wp-content\/uploads\/2025\/01\/03-PAZARTE-272x182.jpg 272w, https:\/\/www.uartes.edu.ec\/sitio\/wp-content\/uploads\/2025\/01\/03-PAZARTE.jpg 2000w\" sizes=\"(max-width: 644px) 100vw, 644px\" \/><\/figure>\n<\/div>\n\n\n<figure class=\"wp-block-gallery has-nested-images columns-default is-cropped wp-block-gallery-1 is-layout-flex wp-block-gallery-is-layout-flex\">\n<figure class=\"wp-block-image size-large\"><img loading=\"lazy\" decoding=\"async\" width=\"644\" height=\"429\" data-id=\"67904\" src=\"https:\/\/www.uartes.edu.ec\/sitio\/wp-content\/uploads\/2025\/01\/01-PAZARTE-644x429.jpg\" alt=\"\" class=\"wp-image-67904\" srcset=\"https:\/\/www.uartes.edu.ec\/sitio\/wp-content\/uploads\/2025\/01\/01-PAZARTE-644x429.jpg 644w, https:\/\/www.uartes.edu.ec\/sitio\/wp-content\/uploads\/2025\/01\/01-PAZARTE-300x200.jpg 300w, https:\/\/www.uartes.edu.ec\/sitio\/wp-content\/uploads\/2025\/01\/01-PAZARTE-768x512.jpg 768w, https:\/\/www.uartes.edu.ec\/sitio\/wp-content\/uploads\/2025\/01\/01-PAZARTE-1536x1024.jpg 1536w, https:\/\/www.uartes.edu.ec\/sitio\/wp-content\/uploads\/2025\/01\/01-PAZARTE-18x12.jpg 18w, https:\/\/www.uartes.edu.ec\/sitio\/wp-content\/uploads\/2025\/01\/01-PAZARTE-600x400.jpg 600w, https:\/\/www.uartes.edu.ec\/sitio\/wp-content\/uploads\/2025\/01\/01-PAZARTE-400x267.jpg 400w, https:\/\/www.uartes.edu.ec\/sitio\/wp-content\/uploads\/2025\/01\/01-PAZARTE-272x182.jpg 272w, https:\/\/www.uartes.edu.ec\/sitio\/wp-content\/uploads\/2025\/01\/01-PAZARTE.jpg 2000w\" sizes=\"(max-width: 644px) 100vw, 644px\" \/><\/figure>\n\n\n\n<figure class=\"wp-block-image size-large\"><img loading=\"lazy\" decoding=\"async\" width=\"644\" height=\"484\" data-id=\"67905\" src=\"https:\/\/www.uartes.edu.ec\/sitio\/wp-content\/uploads\/2025\/01\/Paz0-644x484.jpg\" alt=\"\" class=\"wp-image-67905\" srcset=\"https:\/\/www.uartes.edu.ec\/sitio\/wp-content\/uploads\/2025\/01\/Paz0-644x484.jpg 644w, https:\/\/www.uartes.edu.ec\/sitio\/wp-content\/uploads\/2025\/01\/Paz0-300x226.jpg 300w, https:\/\/www.uartes.edu.ec\/sitio\/wp-content\/uploads\/2025\/01\/Paz0-768x577.jpg 768w, https:\/\/www.uartes.edu.ec\/sitio\/wp-content\/uploads\/2025\/01\/Paz0-1536x1155.jpg 1536w, https:\/\/www.uartes.edu.ec\/sitio\/wp-content\/uploads\/2025\/01\/Paz0-16x12.jpg 16w, https:\/\/www.uartes.edu.ec\/sitio\/wp-content\/uploads\/2025\/01\/Paz0-400x300.jpg 400w, https:\/\/www.uartes.edu.ec\/sitio\/wp-content\/uploads\/2025\/01\/Paz0.jpg 1773w\" sizes=\"(max-width: 644px) 100vw, 644px\" \/><\/figure>\n<\/figure>\n\n\n\n<p>Sobre estas l\u00edneas, Proyecci\u00f3n Folcl\u00f3rica Etnia Ecuador; a la izquierda, &#8220;Los conflictos de Lucas&#8221;; a la derecha, &#8220;La comedia de los Nadies&#8221;. En la foto de portada consta la intervenci\u00f3n de Ensamble Musical EFAI-Escala Sur-ACES.<\/p>\n\n\n\n<p>Colaboraciones: fotos, Yasser Quevedo, alumnus UArtes; texto, Marcelo Leyton, docente UArtes.<\/p>\n\n\n\n<p><\/p>\n","protected":false},"excerpt":{"rendered":"<p>El parque de La Floresta II, al Sur de Guayaquil, fue el pasado 25 de enero escenario de la tercera jornada art\u00edstico-cultural PazArteAlegr\u00eda, una propuesta concebida desde el proyecto de vinculaci\u00f3n con la sociedad de la UArtes, Bibliotricimoteca Vol.3, y que en esta ocasi\u00f3n, para su organizaci\u00f3n, cont\u00f3 con el acompa\u00f1amiento del Estudio de Formaci\u00f3n Art\u00edstico Integral (EFAI) y de la agrupaci\u00f3n musical Escala Sur. <\/p>\n","protected":false},"author":10,"featured_media":67901,"comment_status":"open","ping_status":"open","sticky":false,"template":"","format":"standard","meta":{"_acf_changed":false,"_uag_custom_page_level_css":"","_monsterinsights_skip_tracking":false,"_monsterinsights_sitenote_active":false,"_monsterinsights_sitenote_note":"","_monsterinsights_sitenote_category":0,"cybocfi_hide_featured_image":"","footnotes":""},"categories":[82,159,75,76,77,79],"tags":[539],"infouartes":[],"class_list":["post-67806","post","type-post","status-publish","format-standard","has-post-thumbnail","hentry","category-artes","category-artes-escenicas","category-docentes","category-estudiantes","category-gestion","category-vinculo","tag-jornada"],"acf":[],"yoast_head":"<!-- This site is optimized with the Yoast SEO plugin v27.4 - https:\/\/yoast.com\/product\/yoast-seo-wordpress\/ -->\n<title>Universidad de las Artes - Proyecto de v\u00ednculo Bibliotricimoteca Vol.3 lleg\u00f3 con tercera jornada art\u00edstico-cultural PazArteAlegr\u00eda al parque de La Floresta II<\/title>\n<meta name=\"description\" content=\"Universidad de las Artes - Proyecto de v\u00ednculo Bibliotricimoteca Vol.3 lleg\u00f3 con tercera jornada art\u00edstico-cultural PazArteAlegr\u00eda al parque de La Floresta II\" \/>\n<meta name=\"robots\" content=\"index, follow, max-snippet:-1, max-image-preview:large, max-video-preview:-1\" \/>\n<link rel=\"canonical\" href=\"https:\/\/www.uartes.edu.ec\/sitio\/blog\/2025\/01\/30\/bibliotricimoteca-vol-3-llego-con-la-tercera-jornada-artistico-cultural-pazartealegria-al-parque-de-la-floresta-ii\/\" \/>\n<meta property=\"og:locale\" content=\"es_ES\" \/>\n<meta property=\"og:type\" content=\"article\" \/>\n<meta property=\"og:title\" content=\"Universidad de las Artes - Proyecto de v\u00ednculo Bibliotricimoteca Vol.3 lleg\u00f3 con tercera jornada art\u00edstico-cultural PazArteAlegr\u00eda al parque de La Floresta II\" \/>\n<meta property=\"og:description\" content=\"Universidad de las Artes - Proyecto de v\u00ednculo Bibliotricimoteca Vol.3 lleg\u00f3 con tercera jornada art\u00edstico-cultural PazArteAlegr\u00eda al parque de La Floresta II\" \/>\n<meta property=\"og:url\" content=\"https:\/\/www.uartes.edu.ec\/sitio\/blog\/2025\/01\/30\/bibliotricimoteca-vol-3-llego-con-la-tercera-jornada-artistico-cultural-pazartealegria-al-parque-de-la-floresta-ii\/\" \/>\n<meta property=\"og:site_name\" content=\"Universidad de las Artes\" \/>\n<meta property=\"article:publisher\" content=\"https:\/\/www.facebook.com\/uartesec\" \/>\n<meta property=\"article:published_time\" content=\"2025-01-30T21:18:52+00:00\" \/>\n<meta property=\"article:modified_time\" content=\"2025-02-06T18:03:21+00:00\" \/>\n<meta property=\"og:image\" content=\"https:\/\/www.uartes.edu.ec\/sitio\/wp-content\/uploads\/2025\/01\/02-PAZARTE.jpg\" \/>\n\t<meta property=\"og:image:width\" content=\"2000\" \/>\n\t<meta property=\"og:image:height\" content=\"1333\" \/>\n\t<meta property=\"og:image:type\" content=\"image\/jpeg\" \/>\n<meta name=\"author\" content=\"ccortez\" \/>\n<meta name=\"twitter:card\" content=\"summary_large_image\" \/>\n<meta name=\"twitter:creator\" content=\"@uartesec\" \/>\n<meta name=\"twitter:site\" content=\"@uartesec\" \/>\n<meta name=\"twitter:label1\" content=\"Escrito por\" \/>\n\t<meta name=\"twitter:data1\" content=\"ccortez\" \/>\n\t<meta name=\"twitter:label2\" content=\"Tiempo de lectura\" \/>\n\t<meta name=\"twitter:data2\" content=\"4 minutos\" \/>\n<script type=\"application\/ld+json\" class=\"yoast-schema-graph\">{\"@context\":\"https:\\\/\\\/schema.org\",\"@graph\":[{\"@type\":\"Article\",\"@id\":\"https:\\\/\\\/www.uartes.edu.ec\\\/sitio\\\/blog\\\/2025\\\/01\\\/30\\\/bibliotricimoteca-vol-3-llego-con-la-tercera-jornada-artistico-cultural-pazartealegria-al-parque-de-la-floresta-ii\\\/#article\",\"isPartOf\":{\"@id\":\"https:\\\/\\\/www.uartes.edu.ec\\\/sitio\\\/blog\\\/2025\\\/01\\\/30\\\/bibliotricimoteca-vol-3-llego-con-la-tercera-jornada-artistico-cultural-pazartealegria-al-parque-de-la-floresta-ii\\\/\"},\"author\":{\"name\":\"ccortez\",\"@id\":\"https:\\\/\\\/www.uartes.edu.ec\\\/sitio\\\/#\\\/schema\\\/person\\\/efa1b8275797664fd7f13a79ccc0b1f4\"},\"headline\":\"Proyecto de v\u00ednculo Bibliotricimoteca Vol.3 lleg\u00f3 con tercera jornada art\u00edstico-cultural PazArteAlegr\u00eda al parque de La Floresta II\",\"datePublished\":\"2025-01-30T21:18:52+00:00\",\"dateModified\":\"2025-02-06T18:03:21+00:00\",\"mainEntityOfPage\":{\"@id\":\"https:\\\/\\\/www.uartes.edu.ec\\\/sitio\\\/blog\\\/2025\\\/01\\\/30\\\/bibliotricimoteca-vol-3-llego-con-la-tercera-jornada-artistico-cultural-pazartealegria-al-parque-de-la-floresta-ii\\\/\"},\"wordCount\":486,\"commentCount\":0,\"publisher\":{\"@id\":\"https:\\\/\\\/www.uartes.edu.ec\\\/sitio\\\/#organization\"},\"image\":{\"@id\":\"https:\\\/\\\/www.uartes.edu.ec\\\/sitio\\\/blog\\\/2025\\\/01\\\/30\\\/bibliotricimoteca-vol-3-llego-con-la-tercera-jornada-artistico-cultural-pazartealegria-al-parque-de-la-floresta-ii\\\/#primaryimage\"},\"thumbnailUrl\":\"https:\\\/\\\/www.uartes.edu.ec\\\/sitio\\\/wp-content\\\/uploads\\\/2025\\\/01\\\/02-PAZARTE.jpg\",\"keywords\":[\"jornada\"],\"articleSection\":[\"Artes\",\"Artes Esc\u00e9nicas\",\"Docentes\",\"Estudiantes\",\"Gesti\u00f3n\",\"V\u00ednculo\"],\"inLanguage\":\"es\",\"potentialAction\":[{\"@type\":\"CommentAction\",\"name\":\"Comment\",\"target\":[\"https:\\\/\\\/www.uartes.edu.ec\\\/sitio\\\/blog\\\/2025\\\/01\\\/30\\\/bibliotricimoteca-vol-3-llego-con-la-tercera-jornada-artistico-cultural-pazartealegria-al-parque-de-la-floresta-ii\\\/#respond\"]}]},{\"@type\":[\"WebPage\",\"ItemPage\"],\"@id\":\"https:\\\/\\\/www.uartes.edu.ec\\\/sitio\\\/blog\\\/2025\\\/01\\\/30\\\/bibliotricimoteca-vol-3-llego-con-la-tercera-jornada-artistico-cultural-pazartealegria-al-parque-de-la-floresta-ii\\\/\",\"url\":\"https:\\\/\\\/www.uartes.edu.ec\\\/sitio\\\/blog\\\/2025\\\/01\\\/30\\\/bibliotricimoteca-vol-3-llego-con-la-tercera-jornada-artistico-cultural-pazartealegria-al-parque-de-la-floresta-ii\\\/\",\"name\":\"Universidad de las Artes - Proyecto de v\u00ednculo Bibliotricimoteca Vol.3 lleg\u00f3 con tercera jornada art\u00edstico-cultural PazArteAlegr\u00eda al parque de La Floresta II\",\"isPartOf\":{\"@id\":\"https:\\\/\\\/www.uartes.edu.ec\\\/sitio\\\/#website\"},\"primaryImageOfPage\":{\"@id\":\"https:\\\/\\\/www.uartes.edu.ec\\\/sitio\\\/blog\\\/2025\\\/01\\\/30\\\/bibliotricimoteca-vol-3-llego-con-la-tercera-jornada-artistico-cultural-pazartealegria-al-parque-de-la-floresta-ii\\\/#primaryimage\"},\"image\":{\"@id\":\"https:\\\/\\\/www.uartes.edu.ec\\\/sitio\\\/blog\\\/2025\\\/01\\\/30\\\/bibliotricimoteca-vol-3-llego-con-la-tercera-jornada-artistico-cultural-pazartealegria-al-parque-de-la-floresta-ii\\\/#primaryimage\"},\"thumbnailUrl\":\"https:\\\/\\\/www.uartes.edu.ec\\\/sitio\\\/wp-content\\\/uploads\\\/2025\\\/01\\\/02-PAZARTE.jpg\",\"datePublished\":\"2025-01-30T21:18:52+00:00\",\"dateModified\":\"2025-02-06T18:03:21+00:00\",\"description\":\"Universidad de las Artes - Proyecto de v\u00ednculo Bibliotricimoteca Vol.3 lleg\u00f3 con tercera jornada art\u00edstico-cultural PazArteAlegr\u00eda al parque de La Floresta II\",\"breadcrumb\":{\"@id\":\"https:\\\/\\\/www.uartes.edu.ec\\\/sitio\\\/blog\\\/2025\\\/01\\\/30\\\/bibliotricimoteca-vol-3-llego-con-la-tercera-jornada-artistico-cultural-pazartealegria-al-parque-de-la-floresta-ii\\\/#breadcrumb\"},\"inLanguage\":\"es\",\"potentialAction\":[{\"@type\":\"ReadAction\",\"target\":[\"https:\\\/\\\/www.uartes.edu.ec\\\/sitio\\\/blog\\\/2025\\\/01\\\/30\\\/bibliotricimoteca-vol-3-llego-con-la-tercera-jornada-artistico-cultural-pazartealegria-al-parque-de-la-floresta-ii\\\/\"]}]},{\"@type\":\"ImageObject\",\"inLanguage\":\"es\",\"@id\":\"https:\\\/\\\/www.uartes.edu.ec\\\/sitio\\\/blog\\\/2025\\\/01\\\/30\\\/bibliotricimoteca-vol-3-llego-con-la-tercera-jornada-artistico-cultural-pazartealegria-al-parque-de-la-floresta-ii\\\/#primaryimage\",\"url\":\"https:\\\/\\\/www.uartes.edu.ec\\\/sitio\\\/wp-content\\\/uploads\\\/2025\\\/01\\\/02-PAZARTE.jpg\",\"contentUrl\":\"https:\\\/\\\/www.uartes.edu.ec\\\/sitio\\\/wp-content\\\/uploads\\\/2025\\\/01\\\/02-PAZARTE.jpg\",\"width\":2000,\"height\":1333},{\"@type\":\"BreadcrumbList\",\"@id\":\"https:\\\/\\\/www.uartes.edu.ec\\\/sitio\\\/blog\\\/2025\\\/01\\\/30\\\/bibliotricimoteca-vol-3-llego-con-la-tercera-jornada-artistico-cultural-pazartealegria-al-parque-de-la-floresta-ii\\\/#breadcrumb\",\"itemListElement\":[{\"@type\":\"ListItem\",\"position\":1,\"name\":\"Inicio\",\"item\":\"https:\\\/\\\/www.uartes.edu.ec\\\/sitio\\\/\"},{\"@type\":\"ListItem\",\"position\":2,\"name\":\"Proyecto de v\u00ednculo Bibliotricimoteca Vol.3 lleg\u00f3 con tercera jornada art\u00edstico-cultural PazArteAlegr\u00eda al parque de La Floresta II\"}]},{\"@type\":\"WebSite\",\"@id\":\"https:\\\/\\\/www.uartes.edu.ec\\\/sitio\\\/#website\",\"url\":\"https:\\\/\\\/www.uartes.edu.ec\\\/sitio\\\/\",\"name\":\"Universidad de las Artes\",\"description\":\"Sitio oficial de la Universidad Nacional de las Artes del Ecuador\",\"publisher\":{\"@id\":\"https:\\\/\\\/www.uartes.edu.ec\\\/sitio\\\/#organization\"},\"potentialAction\":[{\"@type\":\"SearchAction\",\"target\":{\"@type\":\"EntryPoint\",\"urlTemplate\":\"https:\\\/\\\/www.uartes.edu.ec\\\/sitio\\\/?s={search_term_string}\"},\"query-input\":{\"@type\":\"PropertyValueSpecification\",\"valueRequired\":true,\"valueName\":\"search_term_string\"}}],\"inLanguage\":\"es\"},{\"@type\":\"Organization\",\"@id\":\"https:\\\/\\\/www.uartes.edu.ec\\\/sitio\\\/#organization\",\"name\":\"Universidad de las Artes\",\"url\":\"https:\\\/\\\/www.uartes.edu.ec\\\/sitio\\\/\",\"logo\":{\"@type\":\"ImageObject\",\"inLanguage\":\"es\",\"@id\":\"https:\\\/\\\/www.uartes.edu.ec\\\/sitio\\\/#\\\/schema\\\/logo\\\/image\\\/\",\"url\":\"https:\\\/\\\/www.uartes.edu.ec\\\/sitio\\\/wp-content\\\/uploads\\\/2022\\\/07\\\/logo-ua-horizontal.png\",\"contentUrl\":\"https:\\\/\\\/www.uartes.edu.ec\\\/sitio\\\/wp-content\\\/uploads\\\/2022\\\/07\\\/logo-ua-horizontal.png\",\"width\":800,\"height\":276,\"caption\":\"Universidad de las Artes\"},\"image\":{\"@id\":\"https:\\\/\\\/www.uartes.edu.ec\\\/sitio\\\/#\\\/schema\\\/logo\\\/image\\\/\"},\"sameAs\":[\"https:\\\/\\\/www.facebook.com\\\/uartesec\",\"https:\\\/\\\/x.com\\\/uartesec\",\"https:\\\/\\\/www.tiktok.com\\\/@uartesec\"]},{\"@type\":\"Person\",\"@id\":\"https:\\\/\\\/www.uartes.edu.ec\\\/sitio\\\/#\\\/schema\\\/person\\\/efa1b8275797664fd7f13a79ccc0b1f4\",\"name\":\"ccortez\",\"image\":{\"@type\":\"ImageObject\",\"inLanguage\":\"es\",\"@id\":\"https:\\\/\\\/secure.gravatar.com\\\/avatar\\\/b2a6f664a3ae8e074346ef91775736c5ec479e637ecced6842de9dc98b5da9cd?s=96&d=mm&r=g\",\"url\":\"https:\\\/\\\/secure.gravatar.com\\\/avatar\\\/b2a6f664a3ae8e074346ef91775736c5ec479e637ecced6842de9dc98b5da9cd?s=96&d=mm&r=g\",\"contentUrl\":\"https:\\\/\\\/secure.gravatar.com\\\/avatar\\\/b2a6f664a3ae8e074346ef91775736c5ec479e637ecced6842de9dc98b5da9cd?s=96&d=mm&r=g\",\"caption\":\"ccortez\"},\"url\":\"https:\\\/\\\/www.uartes.edu.ec\\\/sitio\\\/blog\\\/author\\\/ccortez\\\/\"}]}<\/script>\n<!-- \/ Yoast SEO plugin. -->","yoast_head_json":{"title":"Universidad de las Artes - Proyecto de v\u00ednculo Bibliotricimoteca Vol.3 lleg\u00f3 con tercera jornada art\u00edstico-cultural PazArteAlegr\u00eda al parque de La Floresta II","description":"Universidad de las Artes - Proyecto de v\u00ednculo Bibliotricimoteca Vol.3 lleg\u00f3 con tercera jornada art\u00edstico-cultural PazArteAlegr\u00eda al parque de La Floresta II","robots":{"index":"index","follow":"follow","max-snippet":"max-snippet:-1","max-image-preview":"max-image-preview:large","max-video-preview":"max-video-preview:-1"},"canonical":"https:\/\/www.uartes.edu.ec\/sitio\/blog\/2025\/01\/30\/bibliotricimoteca-vol-3-llego-con-la-tercera-jornada-artistico-cultural-pazartealegria-al-parque-de-la-floresta-ii\/","og_locale":"es_ES","og_type":"article","og_title":"Universidad de las Artes - Proyecto de v\u00ednculo Bibliotricimoteca Vol.3 lleg\u00f3 con tercera jornada art\u00edstico-cultural PazArteAlegr\u00eda al parque de La Floresta II","og_description":"Universidad de las Artes - Proyecto de v\u00ednculo Bibliotricimoteca Vol.3 lleg\u00f3 con tercera jornada art\u00edstico-cultural PazArteAlegr\u00eda al parque de La Floresta II","og_url":"https:\/\/www.uartes.edu.ec\/sitio\/blog\/2025\/01\/30\/bibliotricimoteca-vol-3-llego-con-la-tercera-jornada-artistico-cultural-pazartealegria-al-parque-de-la-floresta-ii\/","og_site_name":"Universidad de las Artes","article_publisher":"https:\/\/www.facebook.com\/uartesec","article_published_time":"2025-01-30T21:18:52+00:00","article_modified_time":"2025-02-06T18:03:21+00:00","og_image":[{"width":2000,"height":1333,"url":"https:\/\/www.uartes.edu.ec\/sitio\/wp-content\/uploads\/2025\/01\/02-PAZARTE.jpg","type":"image\/jpeg"}],"author":"ccortez","twitter_card":"summary_large_image","twitter_creator":"@uartesec","twitter_site":"@uartesec","twitter_misc":{"Escrito por":"ccortez","Tiempo de lectura":"4 minutos"},"schema":{"@context":"https:\/\/schema.org","@graph":[{"@type":"Article","@id":"https:\/\/www.uartes.edu.ec\/sitio\/blog\/2025\/01\/30\/bibliotricimoteca-vol-3-llego-con-la-tercera-jornada-artistico-cultural-pazartealegria-al-parque-de-la-floresta-ii\/#article","isPartOf":{"@id":"https:\/\/www.uartes.edu.ec\/sitio\/blog\/2025\/01\/30\/bibliotricimoteca-vol-3-llego-con-la-tercera-jornada-artistico-cultural-pazartealegria-al-parque-de-la-floresta-ii\/"},"author":{"name":"ccortez","@id":"https:\/\/www.uartes.edu.ec\/sitio\/#\/schema\/person\/efa1b8275797664fd7f13a79ccc0b1f4"},"headline":"Proyecto de v\u00ednculo Bibliotricimoteca Vol.3 lleg\u00f3 con tercera jornada art\u00edstico-cultural PazArteAlegr\u00eda al parque de La Floresta II","datePublished":"2025-01-30T21:18:52+00:00","dateModified":"2025-02-06T18:03:21+00:00","mainEntityOfPage":{"@id":"https:\/\/www.uartes.edu.ec\/sitio\/blog\/2025\/01\/30\/bibliotricimoteca-vol-3-llego-con-la-tercera-jornada-artistico-cultural-pazartealegria-al-parque-de-la-floresta-ii\/"},"wordCount":486,"commentCount":0,"publisher":{"@id":"https:\/\/www.uartes.edu.ec\/sitio\/#organization"},"image":{"@id":"https:\/\/www.uartes.edu.ec\/sitio\/blog\/2025\/01\/30\/bibliotricimoteca-vol-3-llego-con-la-tercera-jornada-artistico-cultural-pazartealegria-al-parque-de-la-floresta-ii\/#primaryimage"},"thumbnailUrl":"https:\/\/www.uartes.edu.ec\/sitio\/wp-content\/uploads\/2025\/01\/02-PAZARTE.jpg","keywords":["jornada"],"articleSection":["Artes","Artes Esc\u00e9nicas","Docentes","Estudiantes","Gesti\u00f3n","V\u00ednculo"],"inLanguage":"es","potentialAction":[{"@type":"CommentAction","name":"Comment","target":["https:\/\/www.uartes.edu.ec\/sitio\/blog\/2025\/01\/30\/bibliotricimoteca-vol-3-llego-con-la-tercera-jornada-artistico-cultural-pazartealegria-al-parque-de-la-floresta-ii\/#respond"]}]},{"@type":["WebPage","ItemPage"],"@id":"https:\/\/www.uartes.edu.ec\/sitio\/blog\/2025\/01\/30\/bibliotricimoteca-vol-3-llego-con-la-tercera-jornada-artistico-cultural-pazartealegria-al-parque-de-la-floresta-ii\/","url":"https:\/\/www.uartes.edu.ec\/sitio\/blog\/2025\/01\/30\/bibliotricimoteca-vol-3-llego-con-la-tercera-jornada-artistico-cultural-pazartealegria-al-parque-de-la-floresta-ii\/","name":"Universidad de las Artes - Proyecto de v\u00ednculo Bibliotricimoteca Vol.3 lleg\u00f3 con tercera jornada art\u00edstico-cultural PazArteAlegr\u00eda al parque de La Floresta II","isPartOf":{"@id":"https:\/\/www.uartes.edu.ec\/sitio\/#website"},"primaryImageOfPage":{"@id":"https:\/\/www.uartes.edu.ec\/sitio\/blog\/2025\/01\/30\/bibliotricimoteca-vol-3-llego-con-la-tercera-jornada-artistico-cultural-pazartealegria-al-parque-de-la-floresta-ii\/#primaryimage"},"image":{"@id":"https:\/\/www.uartes.edu.ec\/sitio\/blog\/2025\/01\/30\/bibliotricimoteca-vol-3-llego-con-la-tercera-jornada-artistico-cultural-pazartealegria-al-parque-de-la-floresta-ii\/#primaryimage"},"thumbnailUrl":"https:\/\/www.uartes.edu.ec\/sitio\/wp-content\/uploads\/2025\/01\/02-PAZARTE.jpg","datePublished":"2025-01-30T21:18:52+00:00","dateModified":"2025-02-06T18:03:21+00:00","description":"Universidad de las Artes - Proyecto de v\u00ednculo Bibliotricimoteca Vol.3 lleg\u00f3 con tercera jornada art\u00edstico-cultural PazArteAlegr\u00eda al parque de La Floresta II","breadcrumb":{"@id":"https:\/\/www.uartes.edu.ec\/sitio\/blog\/2025\/01\/30\/bibliotricimoteca-vol-3-llego-con-la-tercera-jornada-artistico-cultural-pazartealegria-al-parque-de-la-floresta-ii\/#breadcrumb"},"inLanguage":"es","potentialAction":[{"@type":"ReadAction","target":["https:\/\/www.uartes.edu.ec\/sitio\/blog\/2025\/01\/30\/bibliotricimoteca-vol-3-llego-con-la-tercera-jornada-artistico-cultural-pazartealegria-al-parque-de-la-floresta-ii\/"]}]},{"@type":"ImageObject","inLanguage":"es","@id":"https:\/\/www.uartes.edu.ec\/sitio\/blog\/2025\/01\/30\/bibliotricimoteca-vol-3-llego-con-la-tercera-jornada-artistico-cultural-pazartealegria-al-parque-de-la-floresta-ii\/#primaryimage","url":"https:\/\/www.uartes.edu.ec\/sitio\/wp-content\/uploads\/2025\/01\/02-PAZARTE.jpg","contentUrl":"https:\/\/www.uartes.edu.ec\/sitio\/wp-content\/uploads\/2025\/01\/02-PAZARTE.jpg","width":2000,"height":1333},{"@type":"BreadcrumbList","@id":"https:\/\/www.uartes.edu.ec\/sitio\/blog\/2025\/01\/30\/bibliotricimoteca-vol-3-llego-con-la-tercera-jornada-artistico-cultural-pazartealegria-al-parque-de-la-floresta-ii\/#breadcrumb","itemListElement":[{"@type":"ListItem","position":1,"name":"Inicio","item":"https:\/\/www.uartes.edu.ec\/sitio\/"},{"@type":"ListItem","position":2,"name":"Proyecto de v\u00ednculo Bibliotricimoteca Vol.3 lleg\u00f3 con tercera jornada art\u00edstico-cultural PazArteAlegr\u00eda al parque de La Floresta II"}]},{"@type":"WebSite","@id":"https:\/\/www.uartes.edu.ec\/sitio\/#website","url":"https:\/\/www.uartes.edu.ec\/sitio\/","name":"Universidad de las Artes","description":"Sitio oficial de la Universidad Nacional de las Artes del Ecuador","publisher":{"@id":"https:\/\/www.uartes.edu.ec\/sitio\/#organization"},"potentialAction":[{"@type":"SearchAction","target":{"@type":"EntryPoint","urlTemplate":"https:\/\/www.uartes.edu.ec\/sitio\/?s={search_term_string}"},"query-input":{"@type":"PropertyValueSpecification","valueRequired":true,"valueName":"search_term_string"}}],"inLanguage":"es"},{"@type":"Organization","@id":"https:\/\/www.uartes.edu.ec\/sitio\/#organization","name":"Universidad de las Artes","url":"https:\/\/www.uartes.edu.ec\/sitio\/","logo":{"@type":"ImageObject","inLanguage":"es","@id":"https:\/\/www.uartes.edu.ec\/sitio\/#\/schema\/logo\/image\/","url":"https:\/\/www.uartes.edu.ec\/sitio\/wp-content\/uploads\/2022\/07\/logo-ua-horizontal.png","contentUrl":"https:\/\/www.uartes.edu.ec\/sitio\/wp-content\/uploads\/2022\/07\/logo-ua-horizontal.png","width":800,"height":276,"caption":"Universidad de las Artes"},"image":{"@id":"https:\/\/www.uartes.edu.ec\/sitio\/#\/schema\/logo\/image\/"},"sameAs":["https:\/\/www.facebook.com\/uartesec","https:\/\/x.com\/uartesec","https:\/\/www.tiktok.com\/@uartesec"]},{"@type":"Person","@id":"https:\/\/www.uartes.edu.ec\/sitio\/#\/schema\/person\/efa1b8275797664fd7f13a79ccc0b1f4","name":"ccortez","image":{"@type":"ImageObject","inLanguage":"es","@id":"https:\/\/secure.gravatar.com\/avatar\/b2a6f664a3ae8e074346ef91775736c5ec479e637ecced6842de9dc98b5da9cd?s=96&d=mm&r=g","url":"https:\/\/secure.gravatar.com\/avatar\/b2a6f664a3ae8e074346ef91775736c5ec479e637ecced6842de9dc98b5da9cd?s=96&d=mm&r=g","contentUrl":"https:\/\/secure.gravatar.com\/avatar\/b2a6f664a3ae8e074346ef91775736c5ec479e637ecced6842de9dc98b5da9cd?s=96&d=mm&r=g","caption":"ccortez"},"url":"https:\/\/www.uartes.edu.ec\/sitio\/blog\/author\/ccortez\/"}]}},"uagb_featured_image_src":{"full":["https:\/\/www.uartes.edu.ec\/sitio\/wp-content\/uploads\/2025\/01\/02-PAZARTE.jpg",2000,1333,false],"thumbnail":["https:\/\/www.uartes.edu.ec\/sitio\/wp-content\/uploads\/2025\/01\/02-PAZARTE-150x150.jpg",150,150,true],"medium":["https:\/\/www.uartes.edu.ec\/sitio\/wp-content\/uploads\/2025\/01\/02-PAZARTE-300x200.jpg",300,200,true],"medium_large":["https:\/\/www.uartes.edu.ec\/sitio\/wp-content\/uploads\/2025\/01\/02-PAZARTE-768x512.jpg",768,512,true],"large":["https:\/\/www.uartes.edu.ec\/sitio\/wp-content\/uploads\/2025\/01\/02-PAZARTE-644x429.jpg",644,429,true],"1536x1536":["https:\/\/www.uartes.edu.ec\/sitio\/wp-content\/uploads\/2025\/01\/02-PAZARTE-1536x1024.jpg",1536,1024,true],"2048x2048":["https:\/\/www.uartes.edu.ec\/sitio\/wp-content\/uploads\/2025\/01\/02-PAZARTE.jpg",2000,1333,false],"trp-custom-language-flag":["https:\/\/www.uartes.edu.ec\/sitio\/wp-content\/uploads\/2025\/01\/02-PAZARTE-18x12.jpg",18,12,true],"htmega_size_585x295":["https:\/\/www.uartes.edu.ec\/sitio\/wp-content\/uploads\/2025\/01\/02-PAZARTE-585x295.jpg",585,295,true],"htmega_size_1170x536":["https:\/\/www.uartes.edu.ec\/sitio\/wp-content\/uploads\/2025\/01\/02-PAZARTE-1170x536.jpg",1170,536,true],"htmega_size_396x360":["https:\/\/www.uartes.edu.ec\/sitio\/wp-content\/uploads\/2025\/01\/02-PAZARTE-396x360.jpg",396,360,true],"gb-block-post-grid-landscape":["https:\/\/www.uartes.edu.ec\/sitio\/wp-content\/uploads\/2025\/01\/02-PAZARTE-600x400.jpg",600,400,true],"gb-block-post-grid-square":["https:\/\/www.uartes.edu.ec\/sitio\/wp-content\/uploads\/2025\/01\/02-PAZARTE-600x600.jpg",600,600,true],"university-hub-thumb":["https:\/\/www.uartes.edu.ec\/sitio\/wp-content\/uploads\/2025\/01\/02-PAZARTE-400x267.jpg",400,267,true]},"uagb_author_info":{"display_name":"ccortez","author_link":"https:\/\/www.uartes.edu.ec\/sitio\/blog\/author\/ccortez\/"},"uagb_comment_info":0,"uagb_excerpt":"El parque de La Floresta II, al Sur de Guayaquil, fue el pasado 25 de enero escenario de la tercera jornada art\u00edstico-cultural PazArteAlegr\u00eda, una propuesta concebida desde el proyecto de vinculaci\u00f3n con la sociedad de la UArtes, Bibliotricimoteca Vol.3, y que en esta ocasi\u00f3n, para su organizaci\u00f3n, cont\u00f3 con el acompa\u00f1amiento del Estudio de Formaci\u00f3n&hellip;","featured_image_src":"https:\/\/www.uartes.edu.ec\/sitio\/wp-content\/uploads\/2025\/01\/02-PAZARTE-600x400.jpg","featured_image_src_square":"https:\/\/www.uartes.edu.ec\/sitio\/wp-content\/uploads\/2025\/01\/02-PAZARTE-600x600.jpg","author_info":{"display_name":"ccortez","author_link":"https:\/\/www.uartes.edu.ec\/sitio\/blog\/author\/ccortez\/"},"publishpress_future_workflow_manual_trigger":{"enabledWorkflows":[]},"distributor_meta":false,"distributor_terms":false,"distributor_media":false,"distributor_original_site_name":"Universidad de las Artes","distributor_original_site_url":"https:\/\/www.uartes.edu.ec\/sitio","push-errors":false,"_links":{"self":[{"href":"https:\/\/www.uartes.edu.ec\/sitio\/wp-json\/wp\/v2\/posts\/67806","targetHints":{"allow":["GET"]}}],"collection":[{"href":"https:\/\/www.uartes.edu.ec\/sitio\/wp-json\/wp\/v2\/posts"}],"about":[{"href":"https:\/\/www.uartes.edu.ec\/sitio\/wp-json\/wp\/v2\/types\/post"}],"author":[{"embeddable":true,"href":"https:\/\/www.uartes.edu.ec\/sitio\/wp-json\/wp\/v2\/users\/10"}],"replies":[{"embeddable":true,"href":"https:\/\/www.uartes.edu.ec\/sitio\/wp-json\/wp\/v2\/comments?post=67806"}],"version-history":[{"count":9,"href":"https:\/\/www.uartes.edu.ec\/sitio\/wp-json\/wp\/v2\/posts\/67806\/revisions"}],"predecessor-version":[{"id":67925,"href":"https:\/\/www.uartes.edu.ec\/sitio\/wp-json\/wp\/v2\/posts\/67806\/revisions\/67925"}],"wp:featuredmedia":[{"embeddable":true,"href":"https:\/\/www.uartes.edu.ec\/sitio\/wp-json\/wp\/v2\/media\/67901"}],"wp:attachment":[{"href":"https:\/\/www.uartes.edu.ec\/sitio\/wp-json\/wp\/v2\/media?parent=67806"}],"wp:term":[{"taxonomy":"category","embeddable":true,"href":"https:\/\/www.uartes.edu.ec\/sitio\/wp-json\/wp\/v2\/categories?post=67806"},{"taxonomy":"post_tag","embeddable":true,"href":"https:\/\/www.uartes.edu.ec\/sitio\/wp-json\/wp\/v2\/tags?post=67806"},{"taxonomy":"infouartes","embeddable":true,"href":"https:\/\/www.uartes.edu.ec\/sitio\/wp-json\/wp\/v2\/infouartes?post=67806"}],"curies":[{"name":"wp","href":"https:\/\/api.w.org\/{rel}","templated":true}]}}