{"id":68171,"date":"2025-02-12T15:36:00","date_gmt":"2025-02-12T20:36:00","guid":{"rendered":"https:\/\/www.uartes.edu.ec\/sitio\/?p=68171"},"modified":"2025-02-13T17:36:26","modified_gmt":"2025-02-13T22:36:26","slug":"uartes-entrego-nombramiento-a-ganadoras-del-concurso-publico-de-merito-y-oposicion-de-personal-administrativo","status":"publish","type":"post","link":"https:\/\/www.uartes.edu.ec\/sitio\/blog\/2025\/02\/12\/uartes-entrego-nombramiento-a-ganadoras-del-concurso-publico-de-merito-y-oposicion-de-personal-administrativo\/","title":{"rendered":"UArtes entreg\u00f3 los nombramientos a las ganadoras del Concurso P\u00fablico de M\u00e9rito y Oposici\u00f3n de personal administrativo"},"content":{"rendered":"\n<p>En la sala del \u00d3rgano Colegiado Superior (OCS), ubicada en el patrimonial edificio El Tel\u00e9grafo, la direcci\u00f3n de Talento Humano de la Universidad de las Artes realiz\u00f3 el lunes 10 de febrero de 2025 la entrega de las acciones de personal a las seis ganadoras del Concurso P\u00fablico de M\u00e9rito y Oposici\u00f3n de personal administrativo.<\/p>\n\n\n\n<p>En la presentaci\u00f3n del acto, la directora de Talento Humano, J\u00e9ssica Plaza, se\u00f1al\u00f3 que el concurso se desarroll\u00f3 en el periodo 2024, inici\u00e1ndose el 19 de noviembre con las postulaciones y cerr\u00e1ndose el 23 de enero de 2025 con la declaratoria de ganadores. En este caso, de Mar\u00eda Fernanda \u00c1lvarez, Samantha Restrepo, Aracely Cevallos, Gilda S\u00e1nchez, Martha Benavides y Ginger Piguave.<\/p>\n\n\n\n<p>El acto fue presidido por el rector William Herrera, el vicerrector acad\u00e9mico Bradley Hilgert, la secretaria administrativa Sara Tobar y la secretaria acad\u00e9mica Mar\u00eda Jos\u00e9 Bustos, quien actu\u00f3 como administradora del concurso.<\/p>\n\n\n<div class=\"wp-block-image\">\n<figure class=\"aligncenter size-large\"><img fetchpriority=\"high\" decoding=\"async\" width=\"644\" height=\"429\" src=\"https:\/\/www.uartes.edu.ec\/sitio\/wp-content\/uploads\/2025\/02\/10-ENTREGA-NOMBRAMIENTOS-OCS-1-644x429.jpg\" alt=\"\" class=\"wp-image-68174\" srcset=\"https:\/\/www.uartes.edu.ec\/sitio\/wp-content\/uploads\/2025\/02\/10-ENTREGA-NOMBRAMIENTOS-OCS-1-644x429.jpg 644w, https:\/\/www.uartes.edu.ec\/sitio\/wp-content\/uploads\/2025\/02\/10-ENTREGA-NOMBRAMIENTOS-OCS-1-300x200.jpg 300w, https:\/\/www.uartes.edu.ec\/sitio\/wp-content\/uploads\/2025\/02\/10-ENTREGA-NOMBRAMIENTOS-OCS-1-768x512.jpg 768w, https:\/\/www.uartes.edu.ec\/sitio\/wp-content\/uploads\/2025\/02\/10-ENTREGA-NOMBRAMIENTOS-OCS-1-1536x1024.jpg 1536w, https:\/\/www.uartes.edu.ec\/sitio\/wp-content\/uploads\/2025\/02\/10-ENTREGA-NOMBRAMIENTOS-OCS-1-18x12.jpg 18w, https:\/\/www.uartes.edu.ec\/sitio\/wp-content\/uploads\/2025\/02\/10-ENTREGA-NOMBRAMIENTOS-OCS-1-600x400.jpg 600w, https:\/\/www.uartes.edu.ec\/sitio\/wp-content\/uploads\/2025\/02\/10-ENTREGA-NOMBRAMIENTOS-OCS-1-400x267.jpg 400w, https:\/\/www.uartes.edu.ec\/sitio\/wp-content\/uploads\/2025\/02\/10-ENTREGA-NOMBRAMIENTOS-OCS-1.jpg 2000w\" sizes=\"(max-width: 644px) 100vw, 644px\" \/><\/figure>\n<\/div>\n\n\n<p>En su intervenci\u00f3n, el rector UArtes indic\u00f3 que al acto de entrega de las acciones de personal se lo podr\u00eda considerar como un tr\u00e1mite administrativo, pero es mucho m\u00e1s que eso. Tiene un gran valor tanto simb\u00f3lico como material e incluso familiar. Hizo referencia tambi\u00e9n a la consolidaci\u00f3n de la comunidad universitaria.<\/p>\n\n\n\n<p>Est\u00e1n integrando la Universidad de las Artes en calidad de personal administrativo con nombramiento, se convierten en uno de los pilares de la instituci\u00f3n, lo cual conlleva una gran responsabilidad. No solo porque son la base y dan estabilidad en las \u00e1reas asignadas, sino porque forman parte plena de los procesos de cogobierno, formar\u00e1n parte del grupo de personas que participar\u00e1n en un proceso electoral, dijo el rector en referencia al que se desarrollar\u00e1 en este 2025 para elegir a las nuevas autoridades que se posesionar\u00e1n el pr\u00f3ximo a\u00f1o.<\/p>\n\n\n\n<p>\u201cMe alegra ver que cuatro compa\u00f1eras que conozco desde hace varios a\u00f1os se encuentran en el grupo ganador del concurso\u201d, refiri\u00f3 el rector que no solo las mencion\u00f3, sino que destac\u00f3 sus respectivos desempe\u00f1os: Mar\u00eda Fernanda \u00c1lvarez, quien cumple funciones en la Direcci\u00f3n de la Escuela de Artes Visuales; Samantha Restrepo, en la Direcci\u00f3n de Planificaci\u00f3n Acad\u00e9mica; Aracely Cevallos, en la Direcci\u00f3n de Acompa\u00f1amiento al \u00c9xito Acad\u00e9mico; y Gilda S\u00e1nchez, en Formaci\u00f3n Continua. Dio tambi\u00e9n la bienvenida a la universidad a Martha Benavides y Ginger Piguave, hoy funcionarias del vicerrectorado de Posgrado e Investigaci\u00f3n en Artes y Talento Humano, en ese orden.<\/p>\n\n\n<div class=\"wp-block-image\">\n<figure class=\"aligncenter size-large\"><img decoding=\"async\" width=\"644\" height=\"429\" src=\"https:\/\/www.uartes.edu.ec\/sitio\/wp-content\/uploads\/2025\/02\/01-ENTREGA-NOMBRAMIENTOS-OCS-644x429.jpg\" alt=\"\" class=\"wp-image-68175\" srcset=\"https:\/\/www.uartes.edu.ec\/sitio\/wp-content\/uploads\/2025\/02\/01-ENTREGA-NOMBRAMIENTOS-OCS-644x429.jpg 644w, https:\/\/www.uartes.edu.ec\/sitio\/wp-content\/uploads\/2025\/02\/01-ENTREGA-NOMBRAMIENTOS-OCS-300x200.jpg 300w, https:\/\/www.uartes.edu.ec\/sitio\/wp-content\/uploads\/2025\/02\/01-ENTREGA-NOMBRAMIENTOS-OCS-768x512.jpg 768w, https:\/\/www.uartes.edu.ec\/sitio\/wp-content\/uploads\/2025\/02\/01-ENTREGA-NOMBRAMIENTOS-OCS-1536x1024.jpg 1536w, https:\/\/www.uartes.edu.ec\/sitio\/wp-content\/uploads\/2025\/02\/01-ENTREGA-NOMBRAMIENTOS-OCS-18x12.jpg 18w, https:\/\/www.uartes.edu.ec\/sitio\/wp-content\/uploads\/2025\/02\/01-ENTREGA-NOMBRAMIENTOS-OCS-600x400.jpg 600w, https:\/\/www.uartes.edu.ec\/sitio\/wp-content\/uploads\/2025\/02\/01-ENTREGA-NOMBRAMIENTOS-OCS-400x267.jpg 400w, https:\/\/www.uartes.edu.ec\/sitio\/wp-content\/uploads\/2025\/02\/01-ENTREGA-NOMBRAMIENTOS-OCS.jpg 2000w\" sizes=\"(max-width: 644px) 100vw, 644px\" \/><\/figure>\n<\/div>\n\n\n<p>La directora de Talento Humano anot\u00f3 que el Concurso P\u00fablico de M\u00e9rito y Oposici\u00f3n tuvo 2.400 postulantes y que Mar\u00eda Fernanda \u00c1lvarez fue la que mayor puntuaci\u00f3n alcanz\u00f3 en todas sus fases. La funcionaria administrativa de la Escuela de Artes Visuales se\u00f1al\u00f3 en su intervenci\u00f3n su satisfacci\u00f3n y gratitud, puesto que culminaba un proceso que represent\u00f3 un verdadero desaf\u00edo.<\/p>\n\n\n\n<p>\u201cPostularse a un concurso como este no es simplemente llenar formularios y esperar resultados. Es someterse a un proceso riguroso que eval\u00faa cada detalle de nuestro desempe\u00f1o y trayectoria. Implica enfrentarse a pruebas que miden conocimientos, habilidades y aptitudes, pero tambi\u00e9n exige fortaleza emocional y confianza en uno mismo. No es f\u00e1cil exponer nuestro trabajo y preparaci\u00f3n ante un sistema de evaluaci\u00f3n exigente, con el temor de que quiz\u00e1s no sea suficiente, de que el esfuerzo de a\u00f1os no se refleje en una puntuaci\u00f3n o en una decisi\u00f3n final\u201d, expres\u00f3 \u00c1lvarez.<\/p>\n\n\n\n<p>Mencion\u00f3 tambi\u00e9n que cada una de las etapas del concurso significaron noches de estudio, de preparaci\u00f3n intensa, enfrentando dudas, miedos e inseguridades. Sin embargo, lo m\u00e1s valioso de este proceso fue descubrir que no estaba sola, que hab\u00eda personas que me apoyaban, que cre\u00edan en m\u00ed y que hicieron que este camino, aunque dif\u00edcil, tambi\u00e9n estuviera lleno de aprendizaje y crecimiento.<\/p>\n\n\n\n<figure class=\"wp-block-gallery has-nested-images columns-default is-cropped wp-block-gallery-1 is-layout-flex wp-block-gallery-is-layout-flex\">\n<figure class=\"wp-block-image size-large\"><img decoding=\"async\" width=\"644\" height=\"429\" data-id=\"68177\" src=\"https:\/\/www.uartes.edu.ec\/sitio\/wp-content\/uploads\/2025\/02\/07-ENTREGA-NOMBRAMIENTOS-OCS-644x429.jpg\" alt=\"\" class=\"wp-image-68177\" srcset=\"https:\/\/www.uartes.edu.ec\/sitio\/wp-content\/uploads\/2025\/02\/07-ENTREGA-NOMBRAMIENTOS-OCS-644x429.jpg 644w, https:\/\/www.uartes.edu.ec\/sitio\/wp-content\/uploads\/2025\/02\/07-ENTREGA-NOMBRAMIENTOS-OCS-300x200.jpg 300w, https:\/\/www.uartes.edu.ec\/sitio\/wp-content\/uploads\/2025\/02\/07-ENTREGA-NOMBRAMIENTOS-OCS-768x512.jpg 768w, https:\/\/www.uartes.edu.ec\/sitio\/wp-content\/uploads\/2025\/02\/07-ENTREGA-NOMBRAMIENTOS-OCS-1536x1024.jpg 1536w, https:\/\/www.uartes.edu.ec\/sitio\/wp-content\/uploads\/2025\/02\/07-ENTREGA-NOMBRAMIENTOS-OCS-18x12.jpg 18w, https:\/\/www.uartes.edu.ec\/sitio\/wp-content\/uploads\/2025\/02\/07-ENTREGA-NOMBRAMIENTOS-OCS-600x400.jpg 600w, https:\/\/www.uartes.edu.ec\/sitio\/wp-content\/uploads\/2025\/02\/07-ENTREGA-NOMBRAMIENTOS-OCS-400x267.jpg 400w, https:\/\/www.uartes.edu.ec\/sitio\/wp-content\/uploads\/2025\/02\/07-ENTREGA-NOMBRAMIENTOS-OCS.jpg 2000w\" sizes=\"(max-width: 644px) 100vw, 644px\" \/><\/figure>\n\n\n\n<figure class=\"wp-block-image size-large\"><img loading=\"lazy\" decoding=\"async\" width=\"644\" height=\"429\" data-id=\"68176\" src=\"https:\/\/www.uartes.edu.ec\/sitio\/wp-content\/uploads\/2025\/02\/09-ENTREGA-NOMBRAMIENTOS-OCS-644x429.jpg\" alt=\"\" class=\"wp-image-68176\" srcset=\"https:\/\/www.uartes.edu.ec\/sitio\/wp-content\/uploads\/2025\/02\/09-ENTREGA-NOMBRAMIENTOS-OCS-644x429.jpg 644w, https:\/\/www.uartes.edu.ec\/sitio\/wp-content\/uploads\/2025\/02\/09-ENTREGA-NOMBRAMIENTOS-OCS-300x200.jpg 300w, https:\/\/www.uartes.edu.ec\/sitio\/wp-content\/uploads\/2025\/02\/09-ENTREGA-NOMBRAMIENTOS-OCS-768x512.jpg 768w, https:\/\/www.uartes.edu.ec\/sitio\/wp-content\/uploads\/2025\/02\/09-ENTREGA-NOMBRAMIENTOS-OCS-1536x1024.jpg 1536w, https:\/\/www.uartes.edu.ec\/sitio\/wp-content\/uploads\/2025\/02\/09-ENTREGA-NOMBRAMIENTOS-OCS-18x12.jpg 18w, https:\/\/www.uartes.edu.ec\/sitio\/wp-content\/uploads\/2025\/02\/09-ENTREGA-NOMBRAMIENTOS-OCS-600x400.jpg 600w, https:\/\/www.uartes.edu.ec\/sitio\/wp-content\/uploads\/2025\/02\/09-ENTREGA-NOMBRAMIENTOS-OCS-400x267.jpg 400w, https:\/\/www.uartes.edu.ec\/sitio\/wp-content\/uploads\/2025\/02\/09-ENTREGA-NOMBRAMIENTOS-OCS.jpg 2000w\" sizes=\"(max-width: 644px) 100vw, 644px\" \/><\/figure>\n<\/figure>\n\n\n\n<p><\/p>\n\n\n\n<p>Reiterando que la gratitud siempre ser\u00e1 su lema, \u00c1lvarez manifest\u00f3 que \u201ccada paso que damos, cada meta que alcanzamos, es tambi\u00e9n el reflejo del apoyo, la confianza y el cari\u00f1o de quienes nos rodean. Agradecer es reconocer que el camino ha estado lleno de personas que, de una u otra manera, han dejado huella, que han estado ah\u00ed en los momentos de mayor reto y tambi\u00e9n en los de mayor alegr\u00eda\u201d.<\/p>\n\n\n\n<p>La funcionaria hizo un repaso de su llegada a la Universidad de las Artes y mencion\u00f3 al artista y docente Xavier Pati\u00f1o, exdirector de la Escuela de Artes Visuales, as\u00ed como a su actual director, Rusl\u00e1n Torres, para quienes expres\u00f3 un sentido agradecimiento. Tambi\u00e9n a los compa\u00f1eros que confiaron en ella y la apoyaron, a los compa\u00f1eros con quienes estudi\u00f3 para el concurso y a quienes participaron. \u201c(\u2026) Independientemente del resultado quiero decirles que esto no define su capacidad, sus conocimientos ni su compromiso con la universidad. Ustedes tambi\u00e9n merec\u00edan estar aqu\u00ed, porque han demostrado con perseverancia y trabajo su dedicaci\u00f3n a esta instituci\u00f3n. Lamentablemente, un sistema que, en lo personal, considero que no deber\u00eda ser el \u00fanico criterio para determinar qui\u00e9n es apto o no, dej\u00f3 a muchos fuera. Pero eso no cambia lo que valen, ni el esfuerzo que han puesto. \u00a1Sin duda alguna, su momento llegar\u00e1!\u201d.<\/p>\n\n\n\n<p>Que aprovechaba el espacio, a\u00f1adi\u00f3 Mar\u00eda Fernanda \u00c1lvarez, para recalcar que \u201clos administrativos somos parte esencial de esta universidad. A veces se piensa que nuestro rol es secundario, pero lo cierto es que sin nosotros la instituci\u00f3n no podr\u00eda funcionar. Es cierto que sin docentes no hay universidad, pero sin administrativos tampoco. Porque sin nuestra labor no hay contratos, no hay mobiliario para las clases, no hay maquinarias, insumos ni procesos que garanticen el funcionamiento adecuado de la instituci\u00f3n. Somos el soporte que permite que la ense\u00f1anza, la investigaci\u00f3n y la gesti\u00f3n acad\u00e9mica se desarrollen con eficiencia\u201d.<\/p>\n\n\n\n<figure class=\"wp-block-gallery has-nested-images columns-default is-cropped wp-block-gallery-2 is-layout-flex wp-block-gallery-is-layout-flex\">\n<figure class=\"wp-block-image size-large\"><img loading=\"lazy\" decoding=\"async\" width=\"644\" height=\"429\" data-id=\"68179\" src=\"https:\/\/www.uartes.edu.ec\/sitio\/wp-content\/uploads\/2025\/02\/06-ENTREGA-NOMBRAMIENTOS-OCS-644x429.jpg\" alt=\"\" class=\"wp-image-68179\" srcset=\"https:\/\/www.uartes.edu.ec\/sitio\/wp-content\/uploads\/2025\/02\/06-ENTREGA-NOMBRAMIENTOS-OCS-644x429.jpg 644w, https:\/\/www.uartes.edu.ec\/sitio\/wp-content\/uploads\/2025\/02\/06-ENTREGA-NOMBRAMIENTOS-OCS-300x200.jpg 300w, https:\/\/www.uartes.edu.ec\/sitio\/wp-content\/uploads\/2025\/02\/06-ENTREGA-NOMBRAMIENTOS-OCS-768x512.jpg 768w, https:\/\/www.uartes.edu.ec\/sitio\/wp-content\/uploads\/2025\/02\/06-ENTREGA-NOMBRAMIENTOS-OCS-1536x1024.jpg 1536w, https:\/\/www.uartes.edu.ec\/sitio\/wp-content\/uploads\/2025\/02\/06-ENTREGA-NOMBRAMIENTOS-OCS-18x12.jpg 18w, https:\/\/www.uartes.edu.ec\/sitio\/wp-content\/uploads\/2025\/02\/06-ENTREGA-NOMBRAMIENTOS-OCS-600x400.jpg 600w, https:\/\/www.uartes.edu.ec\/sitio\/wp-content\/uploads\/2025\/02\/06-ENTREGA-NOMBRAMIENTOS-OCS-400x267.jpg 400w, https:\/\/www.uartes.edu.ec\/sitio\/wp-content\/uploads\/2025\/02\/06-ENTREGA-NOMBRAMIENTOS-OCS.jpg 2000w\" sizes=\"(max-width: 644px) 100vw, 644px\" \/><\/figure>\n\n\n\n<figure class=\"wp-block-image size-large\"><img loading=\"lazy\" decoding=\"async\" width=\"644\" height=\"429\" data-id=\"68178\" src=\"https:\/\/www.uartes.edu.ec\/sitio\/wp-content\/uploads\/2025\/02\/05-ENTREGA-NOMBRAMIENTOS-OCS-644x429.jpg\" alt=\"\" class=\"wp-image-68178\" srcset=\"https:\/\/www.uartes.edu.ec\/sitio\/wp-content\/uploads\/2025\/02\/05-ENTREGA-NOMBRAMIENTOS-OCS-644x429.jpg 644w, https:\/\/www.uartes.edu.ec\/sitio\/wp-content\/uploads\/2025\/02\/05-ENTREGA-NOMBRAMIENTOS-OCS-300x200.jpg 300w, https:\/\/www.uartes.edu.ec\/sitio\/wp-content\/uploads\/2025\/02\/05-ENTREGA-NOMBRAMIENTOS-OCS-768x512.jpg 768w, https:\/\/www.uartes.edu.ec\/sitio\/wp-content\/uploads\/2025\/02\/05-ENTREGA-NOMBRAMIENTOS-OCS-1536x1024.jpg 1536w, https:\/\/www.uartes.edu.ec\/sitio\/wp-content\/uploads\/2025\/02\/05-ENTREGA-NOMBRAMIENTOS-OCS-18x12.jpg 18w, https:\/\/www.uartes.edu.ec\/sitio\/wp-content\/uploads\/2025\/02\/05-ENTREGA-NOMBRAMIENTOS-OCS-600x400.jpg 600w, https:\/\/www.uartes.edu.ec\/sitio\/wp-content\/uploads\/2025\/02\/05-ENTREGA-NOMBRAMIENTOS-OCS-400x267.jpg 400w, https:\/\/www.uartes.edu.ec\/sitio\/wp-content\/uploads\/2025\/02\/05-ENTREGA-NOMBRAMIENTOS-OCS.jpg 2000w\" sizes=\"(max-width: 644px) 100vw, 644px\" \/><\/figure>\n<\/figure>\n\n\n\n<p><\/p>\n\n\n\n<p>\u00c1lvarez concluy\u00f3 su intervenci\u00f3n manifestando su convencimiento de que, desde el rol administrativo, no solo se facilita el funcionamiento de la universidad, sino que tambi\u00e9n se contribuye activamente a su desarrollo y crecimiento. \u201cHoy, con gratitud, entusiasmo y un profundo sentido de responsabilidad, reafirmo mi compromiso de seguir dando lo mejor de m\u00ed a esta comunidad que tanto valoro y respeto&#8221;.<\/p>\n\n\n\n<p>En su intervenci\u00f3n, el vicerrector acad\u00e9mico Bradley Hilgert dijo a las ganadoras del concurso que, m\u00e1s all\u00e1 de una formalidad administrativa, haber obtenido el nombramiento en la Universidad de las Artes marca el inicio de una nueva etapa en la que su labor adquiere un significado a\u00fan m\u00e1s profundo. \u201cCon este paso, no solo consolidan su v\u00ednculo con la instituci\u00f3n, sino que se convierten en referentes dentro de una comunidad que apuesta por el arte, la educaci\u00f3n y la transformaci\u00f3n social y de la matriz productiva cultural y art\u00edstica. Cada rol dentro de esta universidad en esencial para sostener la misi\u00f3n y visi\u00f3n que nos define y para garantizar que la UArtes siga siendo un espacio de creaci\u00f3n, reflexi\u00f3n y cambio\u201d, anot\u00f3.<\/p>\n\n\n\n<p>Hilgert se refiri\u00f3 al Modelo Educativo y Pedag\u00f3gico de la Universidad de las Artes, el cual se articula en los ejes esenciales de saber cuidar, saber crear y sentipensar. \u201cTodos sabemos que estos principios gu\u00edan la ense\u00f1anza y la producci\u00f3n art\u00edstica y que las unidades acad\u00e9micas se encuentran en su implementaci\u00f3n, pero no hablamos lo suficiente sobre c\u00f3mo estos principios deben orientar tambi\u00e9n la gesti\u00f3n institucional, constituyendo un horizonte para el trabajo administrativo que da soporte a la vida universitaria\u201d.<\/p>\n\n\n<div class=\"wp-block-image\">\n<figure class=\"aligncenter size-large\"><img loading=\"lazy\" decoding=\"async\" width=\"644\" height=\"429\" src=\"https:\/\/www.uartes.edu.ec\/sitio\/wp-content\/uploads\/2025\/02\/03-ENTREGA-NOMBRAMIENTOS-OCS-644x429.jpg\" alt=\"\" class=\"wp-image-68180\" srcset=\"https:\/\/www.uartes.edu.ec\/sitio\/wp-content\/uploads\/2025\/02\/03-ENTREGA-NOMBRAMIENTOS-OCS-644x429.jpg 644w, https:\/\/www.uartes.edu.ec\/sitio\/wp-content\/uploads\/2025\/02\/03-ENTREGA-NOMBRAMIENTOS-OCS-300x200.jpg 300w, https:\/\/www.uartes.edu.ec\/sitio\/wp-content\/uploads\/2025\/02\/03-ENTREGA-NOMBRAMIENTOS-OCS-768x512.jpg 768w, https:\/\/www.uartes.edu.ec\/sitio\/wp-content\/uploads\/2025\/02\/03-ENTREGA-NOMBRAMIENTOS-OCS-1536x1024.jpg 1536w, https:\/\/www.uartes.edu.ec\/sitio\/wp-content\/uploads\/2025\/02\/03-ENTREGA-NOMBRAMIENTOS-OCS-18x12.jpg 18w, https:\/\/www.uartes.edu.ec\/sitio\/wp-content\/uploads\/2025\/02\/03-ENTREGA-NOMBRAMIENTOS-OCS-600x400.jpg 600w, https:\/\/www.uartes.edu.ec\/sitio\/wp-content\/uploads\/2025\/02\/03-ENTREGA-NOMBRAMIENTOS-OCS-400x267.jpg 400w, https:\/\/www.uartes.edu.ec\/sitio\/wp-content\/uploads\/2025\/02\/03-ENTREGA-NOMBRAMIENTOS-OCS.jpg 2000w\" sizes=\"(max-width: 644px) 100vw, 644px\" \/><\/figure>\n<\/div>\n\n\n<p>El saber cuidar se manifiesta en la responsabilidad que tenemos con la comunidad universitaria, con su bienestar y con las condiciones en las que se desarrolla la educaci\u00f3n en artes. Cada proceso administrativo bien dise\u00f1ado, cada servicio accesible, cada soluci\u00f3n \u00e1gil es una forma de cuidado que fortalece la convivencia y el acceso a oportunidades, subray\u00f3 el vicerrector Bradley Hilgert.<\/p>\n\n\n\n<p>\u201cSaber crear nos recuerda que el trabajo administrativo en la UArtes no es solo cuesti\u00f3n de normativas y procedimientos, tambi\u00e9n es un espacio de innovaci\u00f3n. Encontrar mejores formas de atender a estudiantes y docentes, optimizar los recursos o impulsar proyectos institucionales es parte de la creatividad que sostiene esta universidad\u201d. Finalmente, indic\u00f3 que el sentipensar articula la sensibilidad y la reflexi\u00f3n cr\u00edtica. \u201cTrabajar como personal administrativo de la UArtes implica comprender las necesidades de quienes forman parte de ella y actuar con conciencia sobre el impacto de cada decisi\u00f3n. La universidad no es una estructura r\u00edgida, sino un organismo que requiere empat\u00eda, di\u00e1logo y visi\u00f3n de futuro\u201d.<\/p>\n\n\n\n<p>Con la entrega de los nombramientos concluy\u00f3 el acto, al que junto con las autoridades y comunidad administrativa asistieron familiares de las ganadoras del Concurso de M\u00e9rito y Oposici\u00f3n. En di\u00e1logo con InfoUArtes, Martha Benavides y Ginger Piguave compartieron no solo la experiencia del proceso, sino lo que las motiv\u00f3 a responder a la convocatoria. Ambas se desempe\u00f1aban en el sector privado. La primera en el \u00e1rea de salud y la segunda en el \u00e1mbito automotriz.<\/p>\n\n\n\n<figure class=\"wp-block-gallery has-nested-images columns-default is-cropped wp-block-gallery-3 is-layout-flex wp-block-gallery-is-layout-flex\">\n<figure class=\"wp-block-image size-large\"><img loading=\"lazy\" decoding=\"async\" width=\"644\" height=\"429\" data-id=\"68181\" src=\"https:\/\/www.uartes.edu.ec\/sitio\/wp-content\/uploads\/2025\/02\/02-ENTREGA-NOMBRAMIENTOS-OCS-644x429.jpg\" alt=\"\" class=\"wp-image-68181\" srcset=\"https:\/\/www.uartes.edu.ec\/sitio\/wp-content\/uploads\/2025\/02\/02-ENTREGA-NOMBRAMIENTOS-OCS-644x429.jpg 644w, https:\/\/www.uartes.edu.ec\/sitio\/wp-content\/uploads\/2025\/02\/02-ENTREGA-NOMBRAMIENTOS-OCS-300x200.jpg 300w, https:\/\/www.uartes.edu.ec\/sitio\/wp-content\/uploads\/2025\/02\/02-ENTREGA-NOMBRAMIENTOS-OCS-768x512.jpg 768w, https:\/\/www.uartes.edu.ec\/sitio\/wp-content\/uploads\/2025\/02\/02-ENTREGA-NOMBRAMIENTOS-OCS-1536x1024.jpg 1536w, https:\/\/www.uartes.edu.ec\/sitio\/wp-content\/uploads\/2025\/02\/02-ENTREGA-NOMBRAMIENTOS-OCS-18x12.jpg 18w, https:\/\/www.uartes.edu.ec\/sitio\/wp-content\/uploads\/2025\/02\/02-ENTREGA-NOMBRAMIENTOS-OCS-600x400.jpg 600w, https:\/\/www.uartes.edu.ec\/sitio\/wp-content\/uploads\/2025\/02\/02-ENTREGA-NOMBRAMIENTOS-OCS-400x267.jpg 400w, https:\/\/www.uartes.edu.ec\/sitio\/wp-content\/uploads\/2025\/02\/02-ENTREGA-NOMBRAMIENTOS-OCS.jpg 2000w\" sizes=\"(max-width: 644px) 100vw, 644px\" \/><\/figure>\n\n\n\n<figure class=\"wp-block-image size-large\"><img loading=\"lazy\" decoding=\"async\" width=\"644\" height=\"429\" data-id=\"68182\" src=\"https:\/\/www.uartes.edu.ec\/sitio\/wp-content\/uploads\/2025\/02\/04-ENTREGA-NOMBRAMIENTOS-OCS-644x429.jpg\" alt=\"\" class=\"wp-image-68182\" srcset=\"https:\/\/www.uartes.edu.ec\/sitio\/wp-content\/uploads\/2025\/02\/04-ENTREGA-NOMBRAMIENTOS-OCS-644x429.jpg 644w, https:\/\/www.uartes.edu.ec\/sitio\/wp-content\/uploads\/2025\/02\/04-ENTREGA-NOMBRAMIENTOS-OCS-300x200.jpg 300w, https:\/\/www.uartes.edu.ec\/sitio\/wp-content\/uploads\/2025\/02\/04-ENTREGA-NOMBRAMIENTOS-OCS-768x512.jpg 768w, https:\/\/www.uartes.edu.ec\/sitio\/wp-content\/uploads\/2025\/02\/04-ENTREGA-NOMBRAMIENTOS-OCS-1536x1024.jpg 1536w, https:\/\/www.uartes.edu.ec\/sitio\/wp-content\/uploads\/2025\/02\/04-ENTREGA-NOMBRAMIENTOS-OCS-18x12.jpg 18w, https:\/\/www.uartes.edu.ec\/sitio\/wp-content\/uploads\/2025\/02\/04-ENTREGA-NOMBRAMIENTOS-OCS-600x400.jpg 600w, https:\/\/www.uartes.edu.ec\/sitio\/wp-content\/uploads\/2025\/02\/04-ENTREGA-NOMBRAMIENTOS-OCS-400x267.jpg 400w, https:\/\/www.uartes.edu.ec\/sitio\/wp-content\/uploads\/2025\/02\/04-ENTREGA-NOMBRAMIENTOS-OCS.jpg 2000w\" sizes=\"(max-width: 644px) 100vw, 644px\" \/><\/figure>\n<\/figure>\n\n\n\n<p><\/p>\n\n\n\n<p>\u201cTrabajaba en una cl\u00ednica dental como administradora y me postul\u00e9 porque he venido analizando maestr\u00edas en administraci\u00f3n p\u00fablica y uno de los requisitos para cursarla era tener experiencia en el sector p\u00fablico. Vi la convocatoria de la UArtes y me pareci\u00f3 una muy buena oportunidad para ganar esa experiencia\u201d, cit\u00f3 Benavides, quien ponder\u00f3 la transparencia del proceso, que para ella fue totalmente nuevo.<\/p>\n\n\n\n<p>Ginger Piguave, por su parte, revel\u00f3 haberse postulado directamente de la p\u00e1gina de socioempleo. Vio convocatorias de varias instituciones, pero le llam\u00f3 la atenci\u00f3n la de UArtes. Aunque confes\u00f3 haber tenido \u201clos nervios de punta\u201d en cada fase del proceso, haber ganado el concurso la entusiasma. M\u00e1s que un logro lo visualiza como la oportunidad de aprender y estar en constante crecimiento, anot\u00f3, ponderando que sea una instituci\u00f3n de educaci\u00f3n superior en acci\u00f3n constante.<\/p>\n\n\n\n<p>En las fotos: en la portada consta el momento de la intervenci\u00f3n de Mar\u00eda Fernanda \u00c1lvarez, quien obtuvo un alto puntaje en las fases del concurso. Le siguen las im\u00e1genes del rector William Herrera, en su discurso; el grupo de las ganadoras del concurso; Gilda S\u00e1nchez y Samantha Restrepo recibiendo la acci\u00f3n de personal, as\u00ed tambi\u00e9n Aracely Cevallos; sobre estas l\u00edneas, Martha Benavides y Ginger Piguave.<\/p>\n\n\n\n<p>Texto: Carmen Cortez\/Dircom. Fotos: Tyrone Maridue\u00f1a\/Dircom.   <\/p>\n","protected":false},"excerpt":{"rendered":"<p>En la sala del \u00d3rgano Colegiado Superior (OCS), la direcci\u00f3n de Talento Humano UArtes entreg\u00f3 las acciones de personal a las seis ganadoras del Concurso P\u00fablico de M\u00e9rito y Oposici\u00f3n administrativo, que inici\u00f3 el 19 de noviembre de 2024 y cerr\u00f3 el 23 de enero de 2025. Las funcionarias con nombramiento son Mar\u00eda Fernanda \u00c1lvarez, Samantha Restrepo, Aracely Cevallos, Gilda S\u00e1nchez, Martha Benavides y Ginger Piguave.<\/p>\n","protected":false},"author":10,"featured_media":68172,"comment_status":"open","ping_status":"open","sticky":false,"template":"","format":"standard","meta":{"_acf_changed":false,"_uag_custom_page_level_css":"","_monsterinsights_skip_tracking":false,"_monsterinsights_sitenote_active":false,"_monsterinsights_sitenote_note":"","_monsterinsights_sitenote_category":0,"cybocfi_hide_featured_image":"","footnotes":""},"categories":[438,77],"tags":[1318],"infouartes":[],"class_list":["post-68171","post","type-post","status-publish","format-standard","has-post-thumbnail","hentry","category-administrativos","category-gestion","tag-resultados"],"acf":[],"yoast_head":"<!-- This site is optimized with the Yoast SEO plugin v27.4 - https:\/\/yoast.com\/product\/yoast-seo-wordpress\/ -->\n<title>Universidad de las Artes - UArtes entreg\u00f3 los nombramientos a las ganadoras del Concurso P\u00fablico de M\u00e9rito y Oposici\u00f3n de personal administrativo<\/title>\n<meta name=\"description\" content=\"Universidad de las Artes - UArtes entreg\u00f3 los nombramientos a las ganadoras del Concurso P\u00fablico de M\u00e9rito y Oposici\u00f3n de personal administrativo\" \/>\n<meta name=\"robots\" content=\"index, follow, max-snippet:-1, max-image-preview:large, max-video-preview:-1\" \/>\n<link rel=\"canonical\" href=\"https:\/\/www.uartes.edu.ec\/sitio\/blog\/2025\/02\/12\/uartes-entrego-nombramiento-a-ganadoras-del-concurso-publico-de-merito-y-oposicion-de-personal-administrativo\/\" \/>\n<meta property=\"og:locale\" content=\"es_ES\" \/>\n<meta property=\"og:type\" content=\"article\" \/>\n<meta property=\"og:title\" content=\"Universidad de las Artes - UArtes entreg\u00f3 los nombramientos a las ganadoras del Concurso P\u00fablico de M\u00e9rito y Oposici\u00f3n de personal administrativo\" \/>\n<meta property=\"og:description\" content=\"Universidad de las Artes - UArtes entreg\u00f3 los nombramientos a las ganadoras del Concurso P\u00fablico de M\u00e9rito y Oposici\u00f3n de personal administrativo\" \/>\n<meta property=\"og:url\" content=\"https:\/\/www.uartes.edu.ec\/sitio\/blog\/2025\/02\/12\/uartes-entrego-nombramiento-a-ganadoras-del-concurso-publico-de-merito-y-oposicion-de-personal-administrativo\/\" \/>\n<meta property=\"og:site_name\" content=\"Universidad de las Artes\" \/>\n<meta property=\"article:publisher\" content=\"https:\/\/www.facebook.com\/uartesec\" \/>\n<meta property=\"article:published_time\" content=\"2025-02-12T20:36:00+00:00\" \/>\n<meta property=\"article:modified_time\" content=\"2025-02-13T22:36:26+00:00\" \/>\n<meta property=\"og:image\" content=\"https:\/\/www.uartes.edu.ec\/sitio\/wp-content\/uploads\/2025\/02\/08-ENTREGA-NOMBRAMIENTOS-OCS.jpg\" \/>\n\t<meta property=\"og:image:width\" content=\"2000\" \/>\n\t<meta property=\"og:image:height\" content=\"1333\" \/>\n\t<meta property=\"og:image:type\" content=\"image\/jpeg\" \/>\n<meta name=\"author\" content=\"ccortez\" \/>\n<meta name=\"twitter:card\" content=\"summary_large_image\" \/>\n<meta name=\"twitter:creator\" content=\"@uartesec\" \/>\n<meta name=\"twitter:site\" content=\"@uartesec\" \/>\n<meta name=\"twitter:label1\" content=\"Escrito por\" \/>\n\t<meta name=\"twitter:data1\" content=\"ccortez\" \/>\n\t<meta name=\"twitter:label2\" content=\"Tiempo de lectura\" \/>\n\t<meta name=\"twitter:data2\" content=\"10 minutos\" \/>\n<script type=\"application\/ld+json\" class=\"yoast-schema-graph\">{\"@context\":\"https:\\\/\\\/schema.org\",\"@graph\":[{\"@type\":\"Article\",\"@id\":\"https:\\\/\\\/www.uartes.edu.ec\\\/sitio\\\/blog\\\/2025\\\/02\\\/12\\\/uartes-entrego-nombramiento-a-ganadoras-del-concurso-publico-de-merito-y-oposicion-de-personal-administrativo\\\/#article\",\"isPartOf\":{\"@id\":\"https:\\\/\\\/www.uartes.edu.ec\\\/sitio\\\/blog\\\/2025\\\/02\\\/12\\\/uartes-entrego-nombramiento-a-ganadoras-del-concurso-publico-de-merito-y-oposicion-de-personal-administrativo\\\/\"},\"author\":{\"name\":\"ccortez\",\"@id\":\"https:\\\/\\\/www.uartes.edu.ec\\\/sitio\\\/#\\\/schema\\\/person\\\/efa1b8275797664fd7f13a79ccc0b1f4\"},\"headline\":\"UArtes entreg\u00f3 los nombramientos a las ganadoras del Concurso P\u00fablico de M\u00e9rito y Oposici\u00f3n de personal administrativo\",\"datePublished\":\"2025-02-12T20:36:00+00:00\",\"dateModified\":\"2025-02-13T22:36:26+00:00\",\"mainEntityOfPage\":{\"@id\":\"https:\\\/\\\/www.uartes.edu.ec\\\/sitio\\\/blog\\\/2025\\\/02\\\/12\\\/uartes-entrego-nombramiento-a-ganadoras-del-concurso-publico-de-merito-y-oposicion-de-personal-administrativo\\\/\"},\"wordCount\":1803,\"commentCount\":0,\"publisher\":{\"@id\":\"https:\\\/\\\/www.uartes.edu.ec\\\/sitio\\\/#organization\"},\"image\":{\"@id\":\"https:\\\/\\\/www.uartes.edu.ec\\\/sitio\\\/blog\\\/2025\\\/02\\\/12\\\/uartes-entrego-nombramiento-a-ganadoras-del-concurso-publico-de-merito-y-oposicion-de-personal-administrativo\\\/#primaryimage\"},\"thumbnailUrl\":\"https:\\\/\\\/www.uartes.edu.ec\\\/sitio\\\/wp-content\\\/uploads\\\/2025\\\/02\\\/08-ENTREGA-NOMBRAMIENTOS-OCS.jpg\",\"keywords\":[\"resultados\"],\"articleSection\":[\"Administrativos\",\"Gesti\u00f3n\"],\"inLanguage\":\"es\",\"potentialAction\":[{\"@type\":\"CommentAction\",\"name\":\"Comment\",\"target\":[\"https:\\\/\\\/www.uartes.edu.ec\\\/sitio\\\/blog\\\/2025\\\/02\\\/12\\\/uartes-entrego-nombramiento-a-ganadoras-del-concurso-publico-de-merito-y-oposicion-de-personal-administrativo\\\/#respond\"]}]},{\"@type\":[\"WebPage\",\"ItemPage\"],\"@id\":\"https:\\\/\\\/www.uartes.edu.ec\\\/sitio\\\/blog\\\/2025\\\/02\\\/12\\\/uartes-entrego-nombramiento-a-ganadoras-del-concurso-publico-de-merito-y-oposicion-de-personal-administrativo\\\/\",\"url\":\"https:\\\/\\\/www.uartes.edu.ec\\\/sitio\\\/blog\\\/2025\\\/02\\\/12\\\/uartes-entrego-nombramiento-a-ganadoras-del-concurso-publico-de-merito-y-oposicion-de-personal-administrativo\\\/\",\"name\":\"Universidad de las Artes - UArtes entreg\u00f3 los nombramientos a las ganadoras del Concurso P\u00fablico de M\u00e9rito y Oposici\u00f3n de personal administrativo\",\"isPartOf\":{\"@id\":\"https:\\\/\\\/www.uartes.edu.ec\\\/sitio\\\/#website\"},\"primaryImageOfPage\":{\"@id\":\"https:\\\/\\\/www.uartes.edu.ec\\\/sitio\\\/blog\\\/2025\\\/02\\\/12\\\/uartes-entrego-nombramiento-a-ganadoras-del-concurso-publico-de-merito-y-oposicion-de-personal-administrativo\\\/#primaryimage\"},\"image\":{\"@id\":\"https:\\\/\\\/www.uartes.edu.ec\\\/sitio\\\/blog\\\/2025\\\/02\\\/12\\\/uartes-entrego-nombramiento-a-ganadoras-del-concurso-publico-de-merito-y-oposicion-de-personal-administrativo\\\/#primaryimage\"},\"thumbnailUrl\":\"https:\\\/\\\/www.uartes.edu.ec\\\/sitio\\\/wp-content\\\/uploads\\\/2025\\\/02\\\/08-ENTREGA-NOMBRAMIENTOS-OCS.jpg\",\"datePublished\":\"2025-02-12T20:36:00+00:00\",\"dateModified\":\"2025-02-13T22:36:26+00:00\",\"description\":\"Universidad de las Artes - UArtes entreg\u00f3 los nombramientos a las ganadoras del Concurso P\u00fablico de M\u00e9rito y Oposici\u00f3n de personal administrativo\",\"breadcrumb\":{\"@id\":\"https:\\\/\\\/www.uartes.edu.ec\\\/sitio\\\/blog\\\/2025\\\/02\\\/12\\\/uartes-entrego-nombramiento-a-ganadoras-del-concurso-publico-de-merito-y-oposicion-de-personal-administrativo\\\/#breadcrumb\"},\"inLanguage\":\"es\",\"potentialAction\":[{\"@type\":\"ReadAction\",\"target\":[\"https:\\\/\\\/www.uartes.edu.ec\\\/sitio\\\/blog\\\/2025\\\/02\\\/12\\\/uartes-entrego-nombramiento-a-ganadoras-del-concurso-publico-de-merito-y-oposicion-de-personal-administrativo\\\/\"]}]},{\"@type\":\"ImageObject\",\"inLanguage\":\"es\",\"@id\":\"https:\\\/\\\/www.uartes.edu.ec\\\/sitio\\\/blog\\\/2025\\\/02\\\/12\\\/uartes-entrego-nombramiento-a-ganadoras-del-concurso-publico-de-merito-y-oposicion-de-personal-administrativo\\\/#primaryimage\",\"url\":\"https:\\\/\\\/www.uartes.edu.ec\\\/sitio\\\/wp-content\\\/uploads\\\/2025\\\/02\\\/08-ENTREGA-NOMBRAMIENTOS-OCS.jpg\",\"contentUrl\":\"https:\\\/\\\/www.uartes.edu.ec\\\/sitio\\\/wp-content\\\/uploads\\\/2025\\\/02\\\/08-ENTREGA-NOMBRAMIENTOS-OCS.jpg\",\"width\":2000,\"height\":1333},{\"@type\":\"BreadcrumbList\",\"@id\":\"https:\\\/\\\/www.uartes.edu.ec\\\/sitio\\\/blog\\\/2025\\\/02\\\/12\\\/uartes-entrego-nombramiento-a-ganadoras-del-concurso-publico-de-merito-y-oposicion-de-personal-administrativo\\\/#breadcrumb\",\"itemListElement\":[{\"@type\":\"ListItem\",\"position\":1,\"name\":\"Inicio\",\"item\":\"https:\\\/\\\/www.uartes.edu.ec\\\/sitio\\\/\"},{\"@type\":\"ListItem\",\"position\":2,\"name\":\"UArtes entreg\u00f3 los nombramientos a las ganadoras del Concurso P\u00fablico de M\u00e9rito y Oposici\u00f3n de personal administrativo\"}]},{\"@type\":\"WebSite\",\"@id\":\"https:\\\/\\\/www.uartes.edu.ec\\\/sitio\\\/#website\",\"url\":\"https:\\\/\\\/www.uartes.edu.ec\\\/sitio\\\/\",\"name\":\"Universidad de las Artes\",\"description\":\"Sitio oficial de la Universidad Nacional de las Artes del Ecuador\",\"publisher\":{\"@id\":\"https:\\\/\\\/www.uartes.edu.ec\\\/sitio\\\/#organization\"},\"potentialAction\":[{\"@type\":\"SearchAction\",\"target\":{\"@type\":\"EntryPoint\",\"urlTemplate\":\"https:\\\/\\\/www.uartes.edu.ec\\\/sitio\\\/?s={search_term_string}\"},\"query-input\":{\"@type\":\"PropertyValueSpecification\",\"valueRequired\":true,\"valueName\":\"search_term_string\"}}],\"inLanguage\":\"es\"},{\"@type\":\"Organization\",\"@id\":\"https:\\\/\\\/www.uartes.edu.ec\\\/sitio\\\/#organization\",\"name\":\"Universidad de las Artes\",\"url\":\"https:\\\/\\\/www.uartes.edu.ec\\\/sitio\\\/\",\"logo\":{\"@type\":\"ImageObject\",\"inLanguage\":\"es\",\"@id\":\"https:\\\/\\\/www.uartes.edu.ec\\\/sitio\\\/#\\\/schema\\\/logo\\\/image\\\/\",\"url\":\"https:\\\/\\\/www.uartes.edu.ec\\\/sitio\\\/wp-content\\\/uploads\\\/2022\\\/07\\\/logo-ua-horizontal.png\",\"contentUrl\":\"https:\\\/\\\/www.uartes.edu.ec\\\/sitio\\\/wp-content\\\/uploads\\\/2022\\\/07\\\/logo-ua-horizontal.png\",\"width\":800,\"height\":276,\"caption\":\"Universidad de las Artes\"},\"image\":{\"@id\":\"https:\\\/\\\/www.uartes.edu.ec\\\/sitio\\\/#\\\/schema\\\/logo\\\/image\\\/\"},\"sameAs\":[\"https:\\\/\\\/www.facebook.com\\\/uartesec\",\"https:\\\/\\\/x.com\\\/uartesec\",\"https:\\\/\\\/www.tiktok.com\\\/@uartesec\"]},{\"@type\":\"Person\",\"@id\":\"https:\\\/\\\/www.uartes.edu.ec\\\/sitio\\\/#\\\/schema\\\/person\\\/efa1b8275797664fd7f13a79ccc0b1f4\",\"name\":\"ccortez\",\"image\":{\"@type\":\"ImageObject\",\"inLanguage\":\"es\",\"@id\":\"https:\\\/\\\/secure.gravatar.com\\\/avatar\\\/b2a6f664a3ae8e074346ef91775736c5ec479e637ecced6842de9dc98b5da9cd?s=96&d=mm&r=g\",\"url\":\"https:\\\/\\\/secure.gravatar.com\\\/avatar\\\/b2a6f664a3ae8e074346ef91775736c5ec479e637ecced6842de9dc98b5da9cd?s=96&d=mm&r=g\",\"contentUrl\":\"https:\\\/\\\/secure.gravatar.com\\\/avatar\\\/b2a6f664a3ae8e074346ef91775736c5ec479e637ecced6842de9dc98b5da9cd?s=96&d=mm&r=g\",\"caption\":\"ccortez\"},\"url\":\"https:\\\/\\\/www.uartes.edu.ec\\\/sitio\\\/blog\\\/author\\\/ccortez\\\/\"}]}<\/script>\n<!-- \/ Yoast SEO plugin. -->","yoast_head_json":{"title":"Universidad de las Artes - UArtes entreg\u00f3 los nombramientos a las ganadoras del Concurso P\u00fablico de M\u00e9rito y Oposici\u00f3n de personal administrativo","description":"Universidad de las Artes - UArtes entreg\u00f3 los nombramientos a las ganadoras del Concurso P\u00fablico de M\u00e9rito y Oposici\u00f3n de personal administrativo","robots":{"index":"index","follow":"follow","max-snippet":"max-snippet:-1","max-image-preview":"max-image-preview:large","max-video-preview":"max-video-preview:-1"},"canonical":"https:\/\/www.uartes.edu.ec\/sitio\/blog\/2025\/02\/12\/uartes-entrego-nombramiento-a-ganadoras-del-concurso-publico-de-merito-y-oposicion-de-personal-administrativo\/","og_locale":"es_ES","og_type":"article","og_title":"Universidad de las Artes - UArtes entreg\u00f3 los nombramientos a las ganadoras del Concurso P\u00fablico de M\u00e9rito y Oposici\u00f3n de personal administrativo","og_description":"Universidad de las Artes - UArtes entreg\u00f3 los nombramientos a las ganadoras del Concurso P\u00fablico de M\u00e9rito y Oposici\u00f3n de personal administrativo","og_url":"https:\/\/www.uartes.edu.ec\/sitio\/blog\/2025\/02\/12\/uartes-entrego-nombramiento-a-ganadoras-del-concurso-publico-de-merito-y-oposicion-de-personal-administrativo\/","og_site_name":"Universidad de las Artes","article_publisher":"https:\/\/www.facebook.com\/uartesec","article_published_time":"2025-02-12T20:36:00+00:00","article_modified_time":"2025-02-13T22:36:26+00:00","og_image":[{"width":2000,"height":1333,"url":"https:\/\/www.uartes.edu.ec\/sitio\/wp-content\/uploads\/2025\/02\/08-ENTREGA-NOMBRAMIENTOS-OCS.jpg","type":"image\/jpeg"}],"author":"ccortez","twitter_card":"summary_large_image","twitter_creator":"@uartesec","twitter_site":"@uartesec","twitter_misc":{"Escrito por":"ccortez","Tiempo de lectura":"10 minutos"},"schema":{"@context":"https:\/\/schema.org","@graph":[{"@type":"Article","@id":"https:\/\/www.uartes.edu.ec\/sitio\/blog\/2025\/02\/12\/uartes-entrego-nombramiento-a-ganadoras-del-concurso-publico-de-merito-y-oposicion-de-personal-administrativo\/#article","isPartOf":{"@id":"https:\/\/www.uartes.edu.ec\/sitio\/blog\/2025\/02\/12\/uartes-entrego-nombramiento-a-ganadoras-del-concurso-publico-de-merito-y-oposicion-de-personal-administrativo\/"},"author":{"name":"ccortez","@id":"https:\/\/www.uartes.edu.ec\/sitio\/#\/schema\/person\/efa1b8275797664fd7f13a79ccc0b1f4"},"headline":"UArtes entreg\u00f3 los nombramientos a las ganadoras del Concurso P\u00fablico de M\u00e9rito y Oposici\u00f3n de personal administrativo","datePublished":"2025-02-12T20:36:00+00:00","dateModified":"2025-02-13T22:36:26+00:00","mainEntityOfPage":{"@id":"https:\/\/www.uartes.edu.ec\/sitio\/blog\/2025\/02\/12\/uartes-entrego-nombramiento-a-ganadoras-del-concurso-publico-de-merito-y-oposicion-de-personal-administrativo\/"},"wordCount":1803,"commentCount":0,"publisher":{"@id":"https:\/\/www.uartes.edu.ec\/sitio\/#organization"},"image":{"@id":"https:\/\/www.uartes.edu.ec\/sitio\/blog\/2025\/02\/12\/uartes-entrego-nombramiento-a-ganadoras-del-concurso-publico-de-merito-y-oposicion-de-personal-administrativo\/#primaryimage"},"thumbnailUrl":"https:\/\/www.uartes.edu.ec\/sitio\/wp-content\/uploads\/2025\/02\/08-ENTREGA-NOMBRAMIENTOS-OCS.jpg","keywords":["resultados"],"articleSection":["Administrativos","Gesti\u00f3n"],"inLanguage":"es","potentialAction":[{"@type":"CommentAction","name":"Comment","target":["https:\/\/www.uartes.edu.ec\/sitio\/blog\/2025\/02\/12\/uartes-entrego-nombramiento-a-ganadoras-del-concurso-publico-de-merito-y-oposicion-de-personal-administrativo\/#respond"]}]},{"@type":["WebPage","ItemPage"],"@id":"https:\/\/www.uartes.edu.ec\/sitio\/blog\/2025\/02\/12\/uartes-entrego-nombramiento-a-ganadoras-del-concurso-publico-de-merito-y-oposicion-de-personal-administrativo\/","url":"https:\/\/www.uartes.edu.ec\/sitio\/blog\/2025\/02\/12\/uartes-entrego-nombramiento-a-ganadoras-del-concurso-publico-de-merito-y-oposicion-de-personal-administrativo\/","name":"Universidad de las Artes - UArtes entreg\u00f3 los nombramientos a las ganadoras del Concurso P\u00fablico de M\u00e9rito y Oposici\u00f3n de personal administrativo","isPartOf":{"@id":"https:\/\/www.uartes.edu.ec\/sitio\/#website"},"primaryImageOfPage":{"@id":"https:\/\/www.uartes.edu.ec\/sitio\/blog\/2025\/02\/12\/uartes-entrego-nombramiento-a-ganadoras-del-concurso-publico-de-merito-y-oposicion-de-personal-administrativo\/#primaryimage"},"image":{"@id":"https:\/\/www.uartes.edu.ec\/sitio\/blog\/2025\/02\/12\/uartes-entrego-nombramiento-a-ganadoras-del-concurso-publico-de-merito-y-oposicion-de-personal-administrativo\/#primaryimage"},"thumbnailUrl":"https:\/\/www.uartes.edu.ec\/sitio\/wp-content\/uploads\/2025\/02\/08-ENTREGA-NOMBRAMIENTOS-OCS.jpg","datePublished":"2025-02-12T20:36:00+00:00","dateModified":"2025-02-13T22:36:26+00:00","description":"Universidad de las Artes - UArtes entreg\u00f3 los nombramientos a las ganadoras del Concurso P\u00fablico de M\u00e9rito y Oposici\u00f3n de personal administrativo","breadcrumb":{"@id":"https:\/\/www.uartes.edu.ec\/sitio\/blog\/2025\/02\/12\/uartes-entrego-nombramiento-a-ganadoras-del-concurso-publico-de-merito-y-oposicion-de-personal-administrativo\/#breadcrumb"},"inLanguage":"es","potentialAction":[{"@type":"ReadAction","target":["https:\/\/www.uartes.edu.ec\/sitio\/blog\/2025\/02\/12\/uartes-entrego-nombramiento-a-ganadoras-del-concurso-publico-de-merito-y-oposicion-de-personal-administrativo\/"]}]},{"@type":"ImageObject","inLanguage":"es","@id":"https:\/\/www.uartes.edu.ec\/sitio\/blog\/2025\/02\/12\/uartes-entrego-nombramiento-a-ganadoras-del-concurso-publico-de-merito-y-oposicion-de-personal-administrativo\/#primaryimage","url":"https:\/\/www.uartes.edu.ec\/sitio\/wp-content\/uploads\/2025\/02\/08-ENTREGA-NOMBRAMIENTOS-OCS.jpg","contentUrl":"https:\/\/www.uartes.edu.ec\/sitio\/wp-content\/uploads\/2025\/02\/08-ENTREGA-NOMBRAMIENTOS-OCS.jpg","width":2000,"height":1333},{"@type":"BreadcrumbList","@id":"https:\/\/www.uartes.edu.ec\/sitio\/blog\/2025\/02\/12\/uartes-entrego-nombramiento-a-ganadoras-del-concurso-publico-de-merito-y-oposicion-de-personal-administrativo\/#breadcrumb","itemListElement":[{"@type":"ListItem","position":1,"name":"Inicio","item":"https:\/\/www.uartes.edu.ec\/sitio\/"},{"@type":"ListItem","position":2,"name":"UArtes entreg\u00f3 los nombramientos a las ganadoras del Concurso P\u00fablico de M\u00e9rito y Oposici\u00f3n de personal administrativo"}]},{"@type":"WebSite","@id":"https:\/\/www.uartes.edu.ec\/sitio\/#website","url":"https:\/\/www.uartes.edu.ec\/sitio\/","name":"Universidad de las Artes","description":"Sitio oficial de la Universidad Nacional de las Artes del Ecuador","publisher":{"@id":"https:\/\/www.uartes.edu.ec\/sitio\/#organization"},"potentialAction":[{"@type":"SearchAction","target":{"@type":"EntryPoint","urlTemplate":"https:\/\/www.uartes.edu.ec\/sitio\/?s={search_term_string}"},"query-input":{"@type":"PropertyValueSpecification","valueRequired":true,"valueName":"search_term_string"}}],"inLanguage":"es"},{"@type":"Organization","@id":"https:\/\/www.uartes.edu.ec\/sitio\/#organization","name":"Universidad de las Artes","url":"https:\/\/www.uartes.edu.ec\/sitio\/","logo":{"@type":"ImageObject","inLanguage":"es","@id":"https:\/\/www.uartes.edu.ec\/sitio\/#\/schema\/logo\/image\/","url":"https:\/\/www.uartes.edu.ec\/sitio\/wp-content\/uploads\/2022\/07\/logo-ua-horizontal.png","contentUrl":"https:\/\/www.uartes.edu.ec\/sitio\/wp-content\/uploads\/2022\/07\/logo-ua-horizontal.png","width":800,"height":276,"caption":"Universidad de las Artes"},"image":{"@id":"https:\/\/www.uartes.edu.ec\/sitio\/#\/schema\/logo\/image\/"},"sameAs":["https:\/\/www.facebook.com\/uartesec","https:\/\/x.com\/uartesec","https:\/\/www.tiktok.com\/@uartesec"]},{"@type":"Person","@id":"https:\/\/www.uartes.edu.ec\/sitio\/#\/schema\/person\/efa1b8275797664fd7f13a79ccc0b1f4","name":"ccortez","image":{"@type":"ImageObject","inLanguage":"es","@id":"https:\/\/secure.gravatar.com\/avatar\/b2a6f664a3ae8e074346ef91775736c5ec479e637ecced6842de9dc98b5da9cd?s=96&d=mm&r=g","url":"https:\/\/secure.gravatar.com\/avatar\/b2a6f664a3ae8e074346ef91775736c5ec479e637ecced6842de9dc98b5da9cd?s=96&d=mm&r=g","contentUrl":"https:\/\/secure.gravatar.com\/avatar\/b2a6f664a3ae8e074346ef91775736c5ec479e637ecced6842de9dc98b5da9cd?s=96&d=mm&r=g","caption":"ccortez"},"url":"https:\/\/www.uartes.edu.ec\/sitio\/blog\/author\/ccortez\/"}]}},"uagb_featured_image_src":{"full":["https:\/\/www.uartes.edu.ec\/sitio\/wp-content\/uploads\/2025\/02\/08-ENTREGA-NOMBRAMIENTOS-OCS.jpg",2000,1333,false],"thumbnail":["https:\/\/www.uartes.edu.ec\/sitio\/wp-content\/uploads\/2025\/02\/08-ENTREGA-NOMBRAMIENTOS-OCS-150x150.jpg",150,150,true],"medium":["https:\/\/www.uartes.edu.ec\/sitio\/wp-content\/uploads\/2025\/02\/08-ENTREGA-NOMBRAMIENTOS-OCS-300x200.jpg",300,200,true],"medium_large":["https:\/\/www.uartes.edu.ec\/sitio\/wp-content\/uploads\/2025\/02\/08-ENTREGA-NOMBRAMIENTOS-OCS-768x512.jpg",768,512,true],"large":["https:\/\/www.uartes.edu.ec\/sitio\/wp-content\/uploads\/2025\/02\/08-ENTREGA-NOMBRAMIENTOS-OCS-644x429.jpg",644,429,true],"1536x1536":["https:\/\/www.uartes.edu.ec\/sitio\/wp-content\/uploads\/2025\/02\/08-ENTREGA-NOMBRAMIENTOS-OCS-1536x1024.jpg",1536,1024,true],"2048x2048":["https:\/\/www.uartes.edu.ec\/sitio\/wp-content\/uploads\/2025\/02\/08-ENTREGA-NOMBRAMIENTOS-OCS.jpg",2000,1333,false],"trp-custom-language-flag":["https:\/\/www.uartes.edu.ec\/sitio\/wp-content\/uploads\/2025\/02\/08-ENTREGA-NOMBRAMIENTOS-OCS-18x12.jpg",18,12,true],"htmega_size_585x295":["https:\/\/www.uartes.edu.ec\/sitio\/wp-content\/uploads\/2025\/02\/08-ENTREGA-NOMBRAMIENTOS-OCS-585x295.jpg",585,295,true],"htmega_size_1170x536":["https:\/\/www.uartes.edu.ec\/sitio\/wp-content\/uploads\/2025\/02\/08-ENTREGA-NOMBRAMIENTOS-OCS-1170x536.jpg",1170,536,true],"htmega_size_396x360":["https:\/\/www.uartes.edu.ec\/sitio\/wp-content\/uploads\/2025\/02\/08-ENTREGA-NOMBRAMIENTOS-OCS-396x360.jpg",396,360,true],"gb-block-post-grid-landscape":["https:\/\/www.uartes.edu.ec\/sitio\/wp-content\/uploads\/2025\/02\/08-ENTREGA-NOMBRAMIENTOS-OCS-600x400.jpg",600,400,true],"gb-block-post-grid-square":["https:\/\/www.uartes.edu.ec\/sitio\/wp-content\/uploads\/2025\/02\/08-ENTREGA-NOMBRAMIENTOS-OCS-600x600.jpg",600,600,true],"university-hub-thumb":["https:\/\/www.uartes.edu.ec\/sitio\/wp-content\/uploads\/2025\/02\/08-ENTREGA-NOMBRAMIENTOS-OCS-400x267.jpg",400,267,true]},"uagb_author_info":{"display_name":"ccortez","author_link":"https:\/\/www.uartes.edu.ec\/sitio\/blog\/author\/ccortez\/"},"uagb_comment_info":0,"uagb_excerpt":"En la sala del \u00d3rgano Colegiado Superior (OCS), la direcci\u00f3n de Talento Humano UArtes entreg\u00f3 las acciones de personal a las seis ganadoras del Concurso P\u00fablico de M\u00e9rito y Oposici\u00f3n administrativo, que inici\u00f3 el 19 de noviembre de 2024 y cerr\u00f3 el 23 de enero de 2025. Las funcionarias con nombramiento son Mar\u00eda Fernanda \u00c1lvarez,&hellip;","featured_image_src":"https:\/\/www.uartes.edu.ec\/sitio\/wp-content\/uploads\/2025\/02\/08-ENTREGA-NOMBRAMIENTOS-OCS-600x400.jpg","featured_image_src_square":"https:\/\/www.uartes.edu.ec\/sitio\/wp-content\/uploads\/2025\/02\/08-ENTREGA-NOMBRAMIENTOS-OCS-600x600.jpg","author_info":{"display_name":"ccortez","author_link":"https:\/\/www.uartes.edu.ec\/sitio\/blog\/author\/ccortez\/"},"publishpress_future_workflow_manual_trigger":{"enabledWorkflows":[]},"distributor_meta":false,"distributor_terms":false,"distributor_media":false,"distributor_original_site_name":"Universidad de las Artes","distributor_original_site_url":"https:\/\/www.uartes.edu.ec\/sitio","push-errors":false,"_links":{"self":[{"href":"https:\/\/www.uartes.edu.ec\/sitio\/wp-json\/wp\/v2\/posts\/68171","targetHints":{"allow":["GET"]}}],"collection":[{"href":"https:\/\/www.uartes.edu.ec\/sitio\/wp-json\/wp\/v2\/posts"}],"about":[{"href":"https:\/\/www.uartes.edu.ec\/sitio\/wp-json\/wp\/v2\/types\/post"}],"author":[{"embeddable":true,"href":"https:\/\/www.uartes.edu.ec\/sitio\/wp-json\/wp\/v2\/users\/10"}],"replies":[{"embeddable":true,"href":"https:\/\/www.uartes.edu.ec\/sitio\/wp-json\/wp\/v2\/comments?post=68171"}],"version-history":[{"count":7,"href":"https:\/\/www.uartes.edu.ec\/sitio\/wp-json\/wp\/v2\/posts\/68171\/revisions"}],"predecessor-version":[{"id":68208,"href":"https:\/\/www.uartes.edu.ec\/sitio\/wp-json\/wp\/v2\/posts\/68171\/revisions\/68208"}],"wp:featuredmedia":[{"embeddable":true,"href":"https:\/\/www.uartes.edu.ec\/sitio\/wp-json\/wp\/v2\/media\/68172"}],"wp:attachment":[{"href":"https:\/\/www.uartes.edu.ec\/sitio\/wp-json\/wp\/v2\/media?parent=68171"}],"wp:term":[{"taxonomy":"category","embeddable":true,"href":"https:\/\/www.uartes.edu.ec\/sitio\/wp-json\/wp\/v2\/categories?post=68171"},{"taxonomy":"post_tag","embeddable":true,"href":"https:\/\/www.uartes.edu.ec\/sitio\/wp-json\/wp\/v2\/tags?post=68171"},{"taxonomy":"infouartes","embeddable":true,"href":"https:\/\/www.uartes.edu.ec\/sitio\/wp-json\/wp\/v2\/infouartes?post=68171"}],"curies":[{"name":"wp","href":"https:\/\/api.w.org\/{rel}","templated":true}]}}