{"id":68248,"date":"2025-02-13T17:55:00","date_gmt":"2025-02-13T22:55:00","guid":{"rendered":"https:\/\/www.uartes.edu.ec\/sitio\/?p=68248"},"modified":"2025-02-17T10:56:40","modified_gmt":"2025-02-17T15:56:40","slug":"de-la-historia-del-arte-a-la-teologia-jemina-pruna-y-la-investigacion-teorica-interdisciplinaria-de-su-tesis-con-ella-son-72-los-alumnos-en-etapa-de-sustentacion","status":"publish","type":"post","link":"https:\/\/www.uartes.edu.ec\/sitio\/blog\/2025\/02\/13\/de-la-historia-del-arte-a-la-teologia-jemina-pruna-y-la-investigacion-teorica-interdisciplinaria-de-su-tesis-con-ella-son-72-los-alumnos-en-etapa-de-sustentacion\/","title":{"rendered":"Jemima Pruna y la investigaci\u00f3n te\u00f3rica interdisciplinaria de su tesis; con ella son 72 los alumnos en etapa de sustentaci\u00f3n"},"content":{"rendered":"\n<p>Jemima Pruna Leyton fue curadora de la muestra colectiva \u201cTodos los caminos llevan aqu\u00ed\u201d, en la cuarta entrega de Bit\u00e1cora, evento hito de Artes Visuales. Justamente, la estudiante entr\u00f3 en la \u00faltima fase de su preparaci\u00f3n acad\u00e9mica en esta escuela de la UArtes, previa a la obtenci\u00f3n de su Licenciatura, al sustentar una tesis a la que titul\u00f3 \u201cHacia un revisionismo hist\u00f3rico del pensamiento gn\u00f3stico dentro del contexto de vanguardias art\u00edsticas del siglo XX\u201d.<\/p>\n\n\n\n<p>Fue una investigaci\u00f3n te\u00f3rica interdisciplinaria, trabajada en conjunto con su tutor, Agust\u00edn Garcells, quien aclar\u00f3 muchos de sus intereses y los aterriz\u00f3 hacia los conceptos de autores como Mircea Eliade o Ren\u00e9 Guenon. \u201cEso fue fundamental para el proceso de investigaci\u00f3n y acercamiento hacia la cultura Oriental\u201d, expres\u00f3 Pruna.<\/p>\n\n\n\n<p>De su trabajo final y exposici\u00f3n se hizo eco el docente y artista Xavier Pati\u00f1o, quien en sus redes sociales no solo coment\u00f3 que fue lector de la tesis y miembro del jurado, revel\u00f3 tambi\u00e9n haber asistido a muchas defensas, pero que era la primera vez que una sobrepasaba de largo sus expectativas. Hubo felicitaciones tanto para la estudiante como para el tutor, Agust\u00edn Garcells. Junto con Pati\u00f1o, quien fue director de Artes Visuales, en la defensa de Pruna estuvo tambi\u00e9n el actual director de la escuela, Rusl\u00e1n Torres.<\/p>\n\n\n\n<p>Pruna se manifest\u00f3 emocionada y agradecida por el comentario y del trabajo de investigaci\u00f3n te\u00f3rico interdisciplinario realizado explic\u00f3 haber abordado \u201cel concepto de la Gnosis (Oriental) como un fen\u00f3meno intelectual-espiritual que resurge peri\u00f3dicamente a lo largo de la historia y que estuvo presente en el arte del siglo XIX en Occidente. Esto como resultado de las crisis sociales, pol\u00edticas y culturales que se vivieron en ese siglo\u201d.<\/p>\n\n\n<div class=\"wp-block-image\">\n<figure class=\"aligncenter size-large\"><img fetchpriority=\"high\" decoding=\"async\" width=\"644\" height=\"429\" src=\"https:\/\/www.uartes.edu.ec\/sitio\/wp-content\/uploads\/2025\/02\/02-JP-ARTES-VISUALES-644x429.jpg\" alt=\"\" class=\"wp-image-68250\" srcset=\"https:\/\/www.uartes.edu.ec\/sitio\/wp-content\/uploads\/2025\/02\/02-JP-ARTES-VISUALES-644x429.jpg 644w, https:\/\/www.uartes.edu.ec\/sitio\/wp-content\/uploads\/2025\/02\/02-JP-ARTES-VISUALES-300x200.jpg 300w, https:\/\/www.uartes.edu.ec\/sitio\/wp-content\/uploads\/2025\/02\/02-JP-ARTES-VISUALES-768x512.jpg 768w, https:\/\/www.uartes.edu.ec\/sitio\/wp-content\/uploads\/2025\/02\/02-JP-ARTES-VISUALES-1536x1024.jpg 1536w, https:\/\/www.uartes.edu.ec\/sitio\/wp-content\/uploads\/2025\/02\/02-JP-ARTES-VISUALES-18x12.jpg 18w, https:\/\/www.uartes.edu.ec\/sitio\/wp-content\/uploads\/2025\/02\/02-JP-ARTES-VISUALES-600x400.jpg 600w, https:\/\/www.uartes.edu.ec\/sitio\/wp-content\/uploads\/2025\/02\/02-JP-ARTES-VISUALES-400x267.jpg 400w, https:\/\/www.uartes.edu.ec\/sitio\/wp-content\/uploads\/2025\/02\/02-JP-ARTES-VISUALES.jpg 2000w\" sizes=\"(max-width: 644px) 100vw, 644px\" \/><\/figure>\n<\/div>\n\n\n<p>Agreg\u00f3 que la tesis se dividi\u00f3 en tres cap\u00edtulos. El primero: investigar la g\u00e9nesis del pensamiento gn\u00f3stico y c\u00f3mo evoluciona hacia el siglo XIX en una doctrina llamada la Teosofia, de la que muchos artistas se hicieron miembros. El segundo es una revisi\u00f3n del contexto cultural de ese siglo y del surgimiento de algunos ismos de vanguardias inspirados en doctrinas esot\u00e9ricas. \u201cEn el \u00faltimo cap\u00edtulo selecciono varias obras y las analizo bajo los postulados gn\u00f3sticos-teos\u00f3ficos, es decir, desde una mirada orientalista. Con la tesis, quise retratar el sincretismo cultural que ha vivido occidente desde el siglo XIX por la cultura Oriental, lo que ha llevado a la abolici\u00f3n y absorci\u00f3n de la cultura Occidental en el siglo XXI\u201d.<\/p>\n\n\n\n<p>En su trabajo final, Pruna examina la migraci\u00f3n que tuvieron varios artistas de vanguardia hacia tradiciones filos\u00f3ficas orientales, tales como la Gnosis en una de sus variantes moderna, la Teosof\u00eda. De la selecci\u00f3n de obras modernas mencionadas, anot\u00f3 el estudio de los aspectos iconogr\u00e1ficos y espirituales de un conjunto de piezas heterog\u00e9neas, contenidas en las producciones art\u00edsticas de autores enmarcados desde finales del siglo XIX hasta el primer tercio del siglo XX, ejecutando un an\u00e1lisis de interpretaci\u00f3n integral dentro del contexto hist\u00f3rico y cultural.<\/p>\n\n\n\n<p>La influencia de una nueva espiritualidad en el arte occidental estuvo representada en el nacimiento, no solo, de una nueva etapa de producci\u00f3n del arte, sino tambi\u00e9n en la gestaci\u00f3n de una ruptura con la tradici\u00f3n est\u00e9tica. Cabe aducir que, a pesar de las evoluciones tecnol\u00f3gicas y las reformas culturales, el hombre ha seguido constante en su b\u00fasqueda hacia una dimensi\u00f3n metaf\u00edsica, manifest\u00f3 Pruna.<\/p>\n\n\n\n<p>En aspectos m\u00e1s personales del trabajo, a\u00f1adi\u00f3 que el tema planteado fue un intercambio de ideas, aspiraciones, investigaciones previas e intereses en com\u00fan por ambas partes. Esto en referencia a su tutor y a ella misma. \u201cLa tesis se compone de disciplinas que van desde la historia del arte hasta la teolog\u00eda, lo cual plantea un radio de estudios muy amplios, pero a la vez, muy necesarios para la investigaci\u00f3n\u201d.<\/p>\n\n\n\n<h3 class=\"wp-block-heading\">Periodo de sustentaciones<\/h3>\n\n\n\n<p>La defensa de tesis de Jemima Pruna es una de las 72 que desde el 21 de enero pasado se vienen desarrollando en la UArtes y cuyo periodo, acorde a la programaci\u00f3n de la Secretar\u00eda Acad\u00e9mica, concluir\u00e1 este viernes 14 de febrero y constan en ese proceso todas las carreras de la universidad.<\/p>\n\n\n\n<p>Al igual que Pruna, de Artes Visuales sustentaron tesis Aithana Madelen Gloria Mac\u00edas, Cindy Mar\u00eda Cruz Estrada, Joher Brando Asqui Sarango, Emma Luc\u00eda Acu\u00f1a Salazar, David Marcelo Paucar Caza, Arelys Estefan\u00eda Su\u00e1rez Rivera, Laura Noelia Sosa Delgado, Mar\u00eda Jos\u00e9 Hidalgo Chicaiza, Dami\u00e1n Enzo Ron Vergara y Wilson Daniel Riascos Tenorio. Este viernes 14 de febrero expondr\u00e1n sus trabajos finales Jonathan Iv\u00e1n S\u00e1nchez Quizhpi, Manuel Alejandro C\u00f3rdova Cruz y Cristina Lorena Santamaria Tirado.<\/p>\n\n\n\n<p>De Producci\u00f3n Musical: Juan Sebasti\u00e1n Espinosa Escudero, Fernando Andr\u00e9s Armijos Pardo, Manuel Abrahan Pinargote Leal, Orland Eduardo Su\u00e1rez Ord\u00f3\u00f1ez, Jordy Gregory Lynch Sacoto, Juan Mart\u00edn Sol\u00f3rzano Viteri, Cristhian Xavier Salinas Valarezo, Alain Andr\u00e9s B\u00e1uz Garc\u00eda, Jos\u00e9 Roberto Mendoza Alzamora, Roberto Samuel Falquez Salas y Pablo Iliapu Gua\u00f1a Gonz\u00e1lez.<\/p>\n\n\n\n<p>De Artes Musicales: Daniela Alexandra Mascar\u00f3 de la Vera, Juan Sebasti\u00e1n Saavedra Calder\u00f3n, Valeria Nayelhi Garc\u00eda Cali, Nathalia Fernanda Villacr\u00e9s Yuquilema, Wilson Omar Guachi D\u00edaz, Elisa Dayanna Astudillo Ponce, Jinson Josu\u00e9 Yumisaca Le\u00f3n, Obed Dar\u00edo Moreira Chalco, Paula Dom\u00e9nica Espinosa de los Monteros J\u00e1tiva, Alisson Daniela Sol\u00eds Aguirre, Odalys Betzabeth Palacios Le\u00f3n, Ra\u00fal Andr\u00e9s V\u00e9lez Gonz\u00e1lez y Jonathan Jerem\u00edas Jimbo Masabanda.<\/p>\n\n\n\n<p>De Literatura: Mara Ester Sornoza Delgado, Milena Mariana Palma Rodr\u00edguez, Mar\u00eda Isabel P\u00e9rez Mac\u00edas, Juleysi Yamileth Rodr\u00edguez Apolo, Miguel \u00c1ngel Pincay Herrera, Sof\u00eda Pamela Rodr\u00edguez Calder\u00f3n, Paula Carlota Almeida Pe\u00f1afiel y Liz Damarys Vera Cede\u00f1o.<\/p>\n\n\n\n<p>De Creaci\u00f3n Teatral: Juliana Bella Quille Briones, Anthony Fernando Piguave Herrera, Mar\u00eda de los \u00c1ngeles Aspiazu Gonz\u00e1lez, Eduardo Andr\u00e9s Conforme Ca\u00f1arte, Carlos Xavier \u00c1vila Nieto, Flor Mar\u00eda Carbo Cabrera, Mar\u00eda Isabel Miranda Ortiz, Mar\u00eda Paulet Ar\u00e9valo Gillade y Josu\u00e9 Pa\u00fal Mar\u00edn Bello.<\/p>\n\n\n\n<p>De Danza: Ecnny Yarelis Gis Barrientos, Jamil Santiago Farah Noriega, Lisbeth Johan Mac\u00edas Morales, Carol Michelle Viera Bellolio, Dom\u00e9nica Geovanna Alc\u00edvar Herrera, Karla Sallury Ortiz Alc\u00edvar y Ivanna Geomayra Ricardo Yagual.<\/p>\n\n\n\n<p>De Cine: Milene Sandra Moina Quim\u00ed, Niza Valentina Ochoa Casta\u00f1eda, Teresa Mishell Zambrano Sarango, Valeria Karolina Bury Arellano y Luis Astolfo Gonz\u00e1lez Quintana. Este viernes 14 sustentar\u00e1n sus tesis Melanie Paulina Bravo Zambrano, Gabriel Alfonso Avecilla Camargo, Jorge Sebasti\u00e1n Avil\u00e9s de Segovia, Michael Alexander Pereira Delgado y Bryan Santiago Almeida Gonz\u00e1lez.<\/p>\n","protected":false},"excerpt":{"rendered":"<p>Jemima Pruna fue curadora de la muestra colectiva \u201cTodos los caminos llevan aqu\u00ed\u201d de Bit\u00e1cora IV, evento hito de Artes Visuales. La estudiante entr\u00f3 en la \u00faltima fase de su preparaci\u00f3n acad\u00e9mica en esta escuela UArtes al sustentar su tesis. Su defensa es una de las 72 que desde el 21 de enero se vienen desarrollando y cuyo periodo, acorde a la programaci\u00f3n de la Secretar\u00eda Acad\u00e9mica, concluye este 14 de febrero.<\/p>\n","protected":false},"author":10,"featured_media":68249,"comment_status":"open","ping_status":"open","sticky":false,"template":"","format":"standard","meta":{"_acf_changed":false,"_uag_custom_page_level_css":"","_monsterinsights_skip_tracking":false,"_monsterinsights_sitenote_active":false,"_monsterinsights_sitenote_note":"","_monsterinsights_sitenote_category":0,"cybocfi_hide_featured_image":"","footnotes":""},"categories":[80,157,75,76],"tags":[200],"infouartes":[],"class_list":["post-68248","post","type-post","status-publish","format-standard","has-post-thumbnail","hentry","category-academico","category-artes-visuales","category-docentes","category-estudiantes","tag-titulacion"],"acf":[],"yoast_head":"<!-- This site is optimized with the Yoast SEO plugin v27.4 - https:\/\/yoast.com\/product\/yoast-seo-wordpress\/ -->\n<title>Universidad de las Artes - Jemima Pruna y la investigaci\u00f3n te\u00f3rica interdisciplinaria de su tesis; con ella son 72 los alumnos en etapa de sustentaci\u00f3n<\/title>\n<meta name=\"description\" content=\"Universidad de las Artes - Jemima Pruna y la investigaci\u00f3n te\u00f3rica interdisciplinaria de su tesis; con ella son 72 los alumnos en etapa de sustentaci\u00f3n\" \/>\n<meta name=\"robots\" content=\"index, follow, max-snippet:-1, max-image-preview:large, max-video-preview:-1\" \/>\n<link rel=\"canonical\" href=\"https:\/\/www.uartes.edu.ec\/sitio\/blog\/2025\/02\/13\/de-la-historia-del-arte-a-la-teologia-jemina-pruna-y-la-investigacion-teorica-interdisciplinaria-de-su-tesis-con-ella-son-72-los-alumnos-en-etapa-de-sustentacion\/\" \/>\n<meta property=\"og:locale\" content=\"es_ES\" \/>\n<meta property=\"og:type\" content=\"article\" \/>\n<meta property=\"og:title\" content=\"Universidad de las Artes - Jemima Pruna y la investigaci\u00f3n te\u00f3rica interdisciplinaria de su tesis; con ella son 72 los alumnos en etapa de sustentaci\u00f3n\" \/>\n<meta property=\"og:description\" content=\"Universidad de las Artes - Jemima Pruna y la investigaci\u00f3n te\u00f3rica interdisciplinaria de su tesis; con ella son 72 los alumnos en etapa de sustentaci\u00f3n\" \/>\n<meta property=\"og:url\" content=\"https:\/\/www.uartes.edu.ec\/sitio\/blog\/2025\/02\/13\/de-la-historia-del-arte-a-la-teologia-jemina-pruna-y-la-investigacion-teorica-interdisciplinaria-de-su-tesis-con-ella-son-72-los-alumnos-en-etapa-de-sustentacion\/\" \/>\n<meta property=\"og:site_name\" content=\"Universidad de las Artes\" \/>\n<meta property=\"article:publisher\" content=\"https:\/\/www.facebook.com\/uartesec\" \/>\n<meta property=\"article:published_time\" content=\"2025-02-13T22:55:00+00:00\" \/>\n<meta property=\"article:modified_time\" content=\"2025-02-17T15:56:40+00:00\" \/>\n<meta property=\"og:image\" content=\"https:\/\/www.uartes.edu.ec\/sitio\/wp-content\/uploads\/2025\/02\/01-JP-ARTES-VISUALES.jpg\" \/>\n\t<meta property=\"og:image:width\" content=\"2000\" \/>\n\t<meta property=\"og:image:height\" content=\"1333\" \/>\n\t<meta property=\"og:image:type\" content=\"image\/jpeg\" \/>\n<meta name=\"author\" content=\"ccortez\" \/>\n<meta name=\"twitter:card\" content=\"summary_large_image\" \/>\n<meta name=\"twitter:creator\" content=\"@uartesec\" \/>\n<meta name=\"twitter:site\" content=\"@uartesec\" \/>\n<meta name=\"twitter:label1\" content=\"Escrito por\" \/>\n\t<meta name=\"twitter:data1\" content=\"ccortez\" \/>\n\t<meta name=\"twitter:label2\" content=\"Tiempo de lectura\" \/>\n\t<meta name=\"twitter:data2\" content=\"6 minutos\" \/>\n<script type=\"application\/ld+json\" class=\"yoast-schema-graph\">{\"@context\":\"https:\\\/\\\/schema.org\",\"@graph\":[{\"@type\":\"Article\",\"@id\":\"https:\\\/\\\/www.uartes.edu.ec\\\/sitio\\\/blog\\\/2025\\\/02\\\/13\\\/de-la-historia-del-arte-a-la-teologia-jemina-pruna-y-la-investigacion-teorica-interdisciplinaria-de-su-tesis-con-ella-son-72-los-alumnos-en-etapa-de-sustentacion\\\/#article\",\"isPartOf\":{\"@id\":\"https:\\\/\\\/www.uartes.edu.ec\\\/sitio\\\/blog\\\/2025\\\/02\\\/13\\\/de-la-historia-del-arte-a-la-teologia-jemina-pruna-y-la-investigacion-teorica-interdisciplinaria-de-su-tesis-con-ella-son-72-los-alumnos-en-etapa-de-sustentacion\\\/\"},\"author\":{\"name\":\"ccortez\",\"@id\":\"https:\\\/\\\/www.uartes.edu.ec\\\/sitio\\\/#\\\/schema\\\/person\\\/efa1b8275797664fd7f13a79ccc0b1f4\"},\"headline\":\"Jemima Pruna y la investigaci\u00f3n te\u00f3rica interdisciplinaria de su tesis; con ella son 72 los alumnos en etapa de sustentaci\u00f3n\",\"datePublished\":\"2025-02-13T22:55:00+00:00\",\"dateModified\":\"2025-02-17T15:56:40+00:00\",\"mainEntityOfPage\":{\"@id\":\"https:\\\/\\\/www.uartes.edu.ec\\\/sitio\\\/blog\\\/2025\\\/02\\\/13\\\/de-la-historia-del-arte-a-la-teologia-jemina-pruna-y-la-investigacion-teorica-interdisciplinaria-de-su-tesis-con-ella-son-72-los-alumnos-en-etapa-de-sustentacion\\\/\"},\"wordCount\":1160,\"commentCount\":0,\"publisher\":{\"@id\":\"https:\\\/\\\/www.uartes.edu.ec\\\/sitio\\\/#organization\"},\"image\":{\"@id\":\"https:\\\/\\\/www.uartes.edu.ec\\\/sitio\\\/blog\\\/2025\\\/02\\\/13\\\/de-la-historia-del-arte-a-la-teologia-jemina-pruna-y-la-investigacion-teorica-interdisciplinaria-de-su-tesis-con-ella-son-72-los-alumnos-en-etapa-de-sustentacion\\\/#primaryimage\"},\"thumbnailUrl\":\"https:\\\/\\\/www.uartes.edu.ec\\\/sitio\\\/wp-content\\\/uploads\\\/2025\\\/02\\\/01-JP-ARTES-VISUALES.jpg\",\"keywords\":[\"titulaci\u00f3n\"],\"articleSection\":[\"Acad\u00e9mico\",\"Artes Visuales\",\"Docentes\",\"Estudiantes\"],\"inLanguage\":\"es\",\"potentialAction\":[{\"@type\":\"CommentAction\",\"name\":\"Comment\",\"target\":[\"https:\\\/\\\/www.uartes.edu.ec\\\/sitio\\\/blog\\\/2025\\\/02\\\/13\\\/de-la-historia-del-arte-a-la-teologia-jemina-pruna-y-la-investigacion-teorica-interdisciplinaria-de-su-tesis-con-ella-son-72-los-alumnos-en-etapa-de-sustentacion\\\/#respond\"]}]},{\"@type\":[\"WebPage\",\"ItemPage\"],\"@id\":\"https:\\\/\\\/www.uartes.edu.ec\\\/sitio\\\/blog\\\/2025\\\/02\\\/13\\\/de-la-historia-del-arte-a-la-teologia-jemina-pruna-y-la-investigacion-teorica-interdisciplinaria-de-su-tesis-con-ella-son-72-los-alumnos-en-etapa-de-sustentacion\\\/\",\"url\":\"https:\\\/\\\/www.uartes.edu.ec\\\/sitio\\\/blog\\\/2025\\\/02\\\/13\\\/de-la-historia-del-arte-a-la-teologia-jemina-pruna-y-la-investigacion-teorica-interdisciplinaria-de-su-tesis-con-ella-son-72-los-alumnos-en-etapa-de-sustentacion\\\/\",\"name\":\"Universidad de las Artes - Jemima Pruna y la investigaci\u00f3n te\u00f3rica interdisciplinaria de su tesis; con ella son 72 los alumnos en etapa de sustentaci\u00f3n\",\"isPartOf\":{\"@id\":\"https:\\\/\\\/www.uartes.edu.ec\\\/sitio\\\/#website\"},\"primaryImageOfPage\":{\"@id\":\"https:\\\/\\\/www.uartes.edu.ec\\\/sitio\\\/blog\\\/2025\\\/02\\\/13\\\/de-la-historia-del-arte-a-la-teologia-jemina-pruna-y-la-investigacion-teorica-interdisciplinaria-de-su-tesis-con-ella-son-72-los-alumnos-en-etapa-de-sustentacion\\\/#primaryimage\"},\"image\":{\"@id\":\"https:\\\/\\\/www.uartes.edu.ec\\\/sitio\\\/blog\\\/2025\\\/02\\\/13\\\/de-la-historia-del-arte-a-la-teologia-jemina-pruna-y-la-investigacion-teorica-interdisciplinaria-de-su-tesis-con-ella-son-72-los-alumnos-en-etapa-de-sustentacion\\\/#primaryimage\"},\"thumbnailUrl\":\"https:\\\/\\\/www.uartes.edu.ec\\\/sitio\\\/wp-content\\\/uploads\\\/2025\\\/02\\\/01-JP-ARTES-VISUALES.jpg\",\"datePublished\":\"2025-02-13T22:55:00+00:00\",\"dateModified\":\"2025-02-17T15:56:40+00:00\",\"description\":\"Universidad de las Artes - Jemima Pruna y la investigaci\u00f3n te\u00f3rica interdisciplinaria de su tesis; con ella son 72 los alumnos en etapa de sustentaci\u00f3n\",\"breadcrumb\":{\"@id\":\"https:\\\/\\\/www.uartes.edu.ec\\\/sitio\\\/blog\\\/2025\\\/02\\\/13\\\/de-la-historia-del-arte-a-la-teologia-jemina-pruna-y-la-investigacion-teorica-interdisciplinaria-de-su-tesis-con-ella-son-72-los-alumnos-en-etapa-de-sustentacion\\\/#breadcrumb\"},\"inLanguage\":\"es\",\"potentialAction\":[{\"@type\":\"ReadAction\",\"target\":[\"https:\\\/\\\/www.uartes.edu.ec\\\/sitio\\\/blog\\\/2025\\\/02\\\/13\\\/de-la-historia-del-arte-a-la-teologia-jemina-pruna-y-la-investigacion-teorica-interdisciplinaria-de-su-tesis-con-ella-son-72-los-alumnos-en-etapa-de-sustentacion\\\/\"]}]},{\"@type\":\"ImageObject\",\"inLanguage\":\"es\",\"@id\":\"https:\\\/\\\/www.uartes.edu.ec\\\/sitio\\\/blog\\\/2025\\\/02\\\/13\\\/de-la-historia-del-arte-a-la-teologia-jemina-pruna-y-la-investigacion-teorica-interdisciplinaria-de-su-tesis-con-ella-son-72-los-alumnos-en-etapa-de-sustentacion\\\/#primaryimage\",\"url\":\"https:\\\/\\\/www.uartes.edu.ec\\\/sitio\\\/wp-content\\\/uploads\\\/2025\\\/02\\\/01-JP-ARTES-VISUALES.jpg\",\"contentUrl\":\"https:\\\/\\\/www.uartes.edu.ec\\\/sitio\\\/wp-content\\\/uploads\\\/2025\\\/02\\\/01-JP-ARTES-VISUALES.jpg\",\"width\":2000,\"height\":1333},{\"@type\":\"BreadcrumbList\",\"@id\":\"https:\\\/\\\/www.uartes.edu.ec\\\/sitio\\\/blog\\\/2025\\\/02\\\/13\\\/de-la-historia-del-arte-a-la-teologia-jemina-pruna-y-la-investigacion-teorica-interdisciplinaria-de-su-tesis-con-ella-son-72-los-alumnos-en-etapa-de-sustentacion\\\/#breadcrumb\",\"itemListElement\":[{\"@type\":\"ListItem\",\"position\":1,\"name\":\"Inicio\",\"item\":\"https:\\\/\\\/www.uartes.edu.ec\\\/sitio\\\/\"},{\"@type\":\"ListItem\",\"position\":2,\"name\":\"Jemima Pruna y la investigaci\u00f3n te\u00f3rica interdisciplinaria de su tesis; con ella son 72 los alumnos en etapa de sustentaci\u00f3n\"}]},{\"@type\":\"WebSite\",\"@id\":\"https:\\\/\\\/www.uartes.edu.ec\\\/sitio\\\/#website\",\"url\":\"https:\\\/\\\/www.uartes.edu.ec\\\/sitio\\\/\",\"name\":\"Universidad de las Artes\",\"description\":\"Sitio oficial de la Universidad Nacional de las Artes del Ecuador\",\"publisher\":{\"@id\":\"https:\\\/\\\/www.uartes.edu.ec\\\/sitio\\\/#organization\"},\"potentialAction\":[{\"@type\":\"SearchAction\",\"target\":{\"@type\":\"EntryPoint\",\"urlTemplate\":\"https:\\\/\\\/www.uartes.edu.ec\\\/sitio\\\/?s={search_term_string}\"},\"query-input\":{\"@type\":\"PropertyValueSpecification\",\"valueRequired\":true,\"valueName\":\"search_term_string\"}}],\"inLanguage\":\"es\"},{\"@type\":\"Organization\",\"@id\":\"https:\\\/\\\/www.uartes.edu.ec\\\/sitio\\\/#organization\",\"name\":\"Universidad de las Artes\",\"url\":\"https:\\\/\\\/www.uartes.edu.ec\\\/sitio\\\/\",\"logo\":{\"@type\":\"ImageObject\",\"inLanguage\":\"es\",\"@id\":\"https:\\\/\\\/www.uartes.edu.ec\\\/sitio\\\/#\\\/schema\\\/logo\\\/image\\\/\",\"url\":\"https:\\\/\\\/www.uartes.edu.ec\\\/sitio\\\/wp-content\\\/uploads\\\/2022\\\/07\\\/logo-ua-horizontal.png\",\"contentUrl\":\"https:\\\/\\\/www.uartes.edu.ec\\\/sitio\\\/wp-content\\\/uploads\\\/2022\\\/07\\\/logo-ua-horizontal.png\",\"width\":800,\"height\":276,\"caption\":\"Universidad de las Artes\"},\"image\":{\"@id\":\"https:\\\/\\\/www.uartes.edu.ec\\\/sitio\\\/#\\\/schema\\\/logo\\\/image\\\/\"},\"sameAs\":[\"https:\\\/\\\/www.facebook.com\\\/uartesec\",\"https:\\\/\\\/x.com\\\/uartesec\",\"https:\\\/\\\/www.tiktok.com\\\/@uartesec\"]},{\"@type\":\"Person\",\"@id\":\"https:\\\/\\\/www.uartes.edu.ec\\\/sitio\\\/#\\\/schema\\\/person\\\/efa1b8275797664fd7f13a79ccc0b1f4\",\"name\":\"ccortez\",\"image\":{\"@type\":\"ImageObject\",\"inLanguage\":\"es\",\"@id\":\"https:\\\/\\\/secure.gravatar.com\\\/avatar\\\/b2a6f664a3ae8e074346ef91775736c5ec479e637ecced6842de9dc98b5da9cd?s=96&d=mm&r=g\",\"url\":\"https:\\\/\\\/secure.gravatar.com\\\/avatar\\\/b2a6f664a3ae8e074346ef91775736c5ec479e637ecced6842de9dc98b5da9cd?s=96&d=mm&r=g\",\"contentUrl\":\"https:\\\/\\\/secure.gravatar.com\\\/avatar\\\/b2a6f664a3ae8e074346ef91775736c5ec479e637ecced6842de9dc98b5da9cd?s=96&d=mm&r=g\",\"caption\":\"ccortez\"},\"url\":\"https:\\\/\\\/www.uartes.edu.ec\\\/sitio\\\/blog\\\/author\\\/ccortez\\\/\"}]}<\/script>\n<!-- \/ Yoast SEO plugin. -->","yoast_head_json":{"title":"Universidad de las Artes - Jemima Pruna y la investigaci\u00f3n te\u00f3rica interdisciplinaria de su tesis; con ella son 72 los alumnos en etapa de sustentaci\u00f3n","description":"Universidad de las Artes - Jemima Pruna y la investigaci\u00f3n te\u00f3rica interdisciplinaria de su tesis; con ella son 72 los alumnos en etapa de sustentaci\u00f3n","robots":{"index":"index","follow":"follow","max-snippet":"max-snippet:-1","max-image-preview":"max-image-preview:large","max-video-preview":"max-video-preview:-1"},"canonical":"https:\/\/www.uartes.edu.ec\/sitio\/blog\/2025\/02\/13\/de-la-historia-del-arte-a-la-teologia-jemina-pruna-y-la-investigacion-teorica-interdisciplinaria-de-su-tesis-con-ella-son-72-los-alumnos-en-etapa-de-sustentacion\/","og_locale":"es_ES","og_type":"article","og_title":"Universidad de las Artes - Jemima Pruna y la investigaci\u00f3n te\u00f3rica interdisciplinaria de su tesis; con ella son 72 los alumnos en etapa de sustentaci\u00f3n","og_description":"Universidad de las Artes - Jemima Pruna y la investigaci\u00f3n te\u00f3rica interdisciplinaria de su tesis; con ella son 72 los alumnos en etapa de sustentaci\u00f3n","og_url":"https:\/\/www.uartes.edu.ec\/sitio\/blog\/2025\/02\/13\/de-la-historia-del-arte-a-la-teologia-jemina-pruna-y-la-investigacion-teorica-interdisciplinaria-de-su-tesis-con-ella-son-72-los-alumnos-en-etapa-de-sustentacion\/","og_site_name":"Universidad de las Artes","article_publisher":"https:\/\/www.facebook.com\/uartesec","article_published_time":"2025-02-13T22:55:00+00:00","article_modified_time":"2025-02-17T15:56:40+00:00","og_image":[{"width":2000,"height":1333,"url":"https:\/\/www.uartes.edu.ec\/sitio\/wp-content\/uploads\/2025\/02\/01-JP-ARTES-VISUALES.jpg","type":"image\/jpeg"}],"author":"ccortez","twitter_card":"summary_large_image","twitter_creator":"@uartesec","twitter_site":"@uartesec","twitter_misc":{"Escrito por":"ccortez","Tiempo de lectura":"6 minutos"},"schema":{"@context":"https:\/\/schema.org","@graph":[{"@type":"Article","@id":"https:\/\/www.uartes.edu.ec\/sitio\/blog\/2025\/02\/13\/de-la-historia-del-arte-a-la-teologia-jemina-pruna-y-la-investigacion-teorica-interdisciplinaria-de-su-tesis-con-ella-son-72-los-alumnos-en-etapa-de-sustentacion\/#article","isPartOf":{"@id":"https:\/\/www.uartes.edu.ec\/sitio\/blog\/2025\/02\/13\/de-la-historia-del-arte-a-la-teologia-jemina-pruna-y-la-investigacion-teorica-interdisciplinaria-de-su-tesis-con-ella-son-72-los-alumnos-en-etapa-de-sustentacion\/"},"author":{"name":"ccortez","@id":"https:\/\/www.uartes.edu.ec\/sitio\/#\/schema\/person\/efa1b8275797664fd7f13a79ccc0b1f4"},"headline":"Jemima Pruna y la investigaci\u00f3n te\u00f3rica interdisciplinaria de su tesis; con ella son 72 los alumnos en etapa de sustentaci\u00f3n","datePublished":"2025-02-13T22:55:00+00:00","dateModified":"2025-02-17T15:56:40+00:00","mainEntityOfPage":{"@id":"https:\/\/www.uartes.edu.ec\/sitio\/blog\/2025\/02\/13\/de-la-historia-del-arte-a-la-teologia-jemina-pruna-y-la-investigacion-teorica-interdisciplinaria-de-su-tesis-con-ella-son-72-los-alumnos-en-etapa-de-sustentacion\/"},"wordCount":1160,"commentCount":0,"publisher":{"@id":"https:\/\/www.uartes.edu.ec\/sitio\/#organization"},"image":{"@id":"https:\/\/www.uartes.edu.ec\/sitio\/blog\/2025\/02\/13\/de-la-historia-del-arte-a-la-teologia-jemina-pruna-y-la-investigacion-teorica-interdisciplinaria-de-su-tesis-con-ella-son-72-los-alumnos-en-etapa-de-sustentacion\/#primaryimage"},"thumbnailUrl":"https:\/\/www.uartes.edu.ec\/sitio\/wp-content\/uploads\/2025\/02\/01-JP-ARTES-VISUALES.jpg","keywords":["titulaci\u00f3n"],"articleSection":["Acad\u00e9mico","Artes Visuales","Docentes","Estudiantes"],"inLanguage":"es","potentialAction":[{"@type":"CommentAction","name":"Comment","target":["https:\/\/www.uartes.edu.ec\/sitio\/blog\/2025\/02\/13\/de-la-historia-del-arte-a-la-teologia-jemina-pruna-y-la-investigacion-teorica-interdisciplinaria-de-su-tesis-con-ella-son-72-los-alumnos-en-etapa-de-sustentacion\/#respond"]}]},{"@type":["WebPage","ItemPage"],"@id":"https:\/\/www.uartes.edu.ec\/sitio\/blog\/2025\/02\/13\/de-la-historia-del-arte-a-la-teologia-jemina-pruna-y-la-investigacion-teorica-interdisciplinaria-de-su-tesis-con-ella-son-72-los-alumnos-en-etapa-de-sustentacion\/","url":"https:\/\/www.uartes.edu.ec\/sitio\/blog\/2025\/02\/13\/de-la-historia-del-arte-a-la-teologia-jemina-pruna-y-la-investigacion-teorica-interdisciplinaria-de-su-tesis-con-ella-son-72-los-alumnos-en-etapa-de-sustentacion\/","name":"Universidad de las Artes - Jemima Pruna y la investigaci\u00f3n te\u00f3rica interdisciplinaria de su tesis; con ella son 72 los alumnos en etapa de sustentaci\u00f3n","isPartOf":{"@id":"https:\/\/www.uartes.edu.ec\/sitio\/#website"},"primaryImageOfPage":{"@id":"https:\/\/www.uartes.edu.ec\/sitio\/blog\/2025\/02\/13\/de-la-historia-del-arte-a-la-teologia-jemina-pruna-y-la-investigacion-teorica-interdisciplinaria-de-su-tesis-con-ella-son-72-los-alumnos-en-etapa-de-sustentacion\/#primaryimage"},"image":{"@id":"https:\/\/www.uartes.edu.ec\/sitio\/blog\/2025\/02\/13\/de-la-historia-del-arte-a-la-teologia-jemina-pruna-y-la-investigacion-teorica-interdisciplinaria-de-su-tesis-con-ella-son-72-los-alumnos-en-etapa-de-sustentacion\/#primaryimage"},"thumbnailUrl":"https:\/\/www.uartes.edu.ec\/sitio\/wp-content\/uploads\/2025\/02\/01-JP-ARTES-VISUALES.jpg","datePublished":"2025-02-13T22:55:00+00:00","dateModified":"2025-02-17T15:56:40+00:00","description":"Universidad de las Artes - Jemima Pruna y la investigaci\u00f3n te\u00f3rica interdisciplinaria de su tesis; con ella son 72 los alumnos en etapa de sustentaci\u00f3n","breadcrumb":{"@id":"https:\/\/www.uartes.edu.ec\/sitio\/blog\/2025\/02\/13\/de-la-historia-del-arte-a-la-teologia-jemina-pruna-y-la-investigacion-teorica-interdisciplinaria-de-su-tesis-con-ella-son-72-los-alumnos-en-etapa-de-sustentacion\/#breadcrumb"},"inLanguage":"es","potentialAction":[{"@type":"ReadAction","target":["https:\/\/www.uartes.edu.ec\/sitio\/blog\/2025\/02\/13\/de-la-historia-del-arte-a-la-teologia-jemina-pruna-y-la-investigacion-teorica-interdisciplinaria-de-su-tesis-con-ella-son-72-los-alumnos-en-etapa-de-sustentacion\/"]}]},{"@type":"ImageObject","inLanguage":"es","@id":"https:\/\/www.uartes.edu.ec\/sitio\/blog\/2025\/02\/13\/de-la-historia-del-arte-a-la-teologia-jemina-pruna-y-la-investigacion-teorica-interdisciplinaria-de-su-tesis-con-ella-son-72-los-alumnos-en-etapa-de-sustentacion\/#primaryimage","url":"https:\/\/www.uartes.edu.ec\/sitio\/wp-content\/uploads\/2025\/02\/01-JP-ARTES-VISUALES.jpg","contentUrl":"https:\/\/www.uartes.edu.ec\/sitio\/wp-content\/uploads\/2025\/02\/01-JP-ARTES-VISUALES.jpg","width":2000,"height":1333},{"@type":"BreadcrumbList","@id":"https:\/\/www.uartes.edu.ec\/sitio\/blog\/2025\/02\/13\/de-la-historia-del-arte-a-la-teologia-jemina-pruna-y-la-investigacion-teorica-interdisciplinaria-de-su-tesis-con-ella-son-72-los-alumnos-en-etapa-de-sustentacion\/#breadcrumb","itemListElement":[{"@type":"ListItem","position":1,"name":"Inicio","item":"https:\/\/www.uartes.edu.ec\/sitio\/"},{"@type":"ListItem","position":2,"name":"Jemima Pruna y la investigaci\u00f3n te\u00f3rica interdisciplinaria de su tesis; con ella son 72 los alumnos en etapa de sustentaci\u00f3n"}]},{"@type":"WebSite","@id":"https:\/\/www.uartes.edu.ec\/sitio\/#website","url":"https:\/\/www.uartes.edu.ec\/sitio\/","name":"Universidad de las Artes","description":"Sitio oficial de la Universidad Nacional de las Artes del Ecuador","publisher":{"@id":"https:\/\/www.uartes.edu.ec\/sitio\/#organization"},"potentialAction":[{"@type":"SearchAction","target":{"@type":"EntryPoint","urlTemplate":"https:\/\/www.uartes.edu.ec\/sitio\/?s={search_term_string}"},"query-input":{"@type":"PropertyValueSpecification","valueRequired":true,"valueName":"search_term_string"}}],"inLanguage":"es"},{"@type":"Organization","@id":"https:\/\/www.uartes.edu.ec\/sitio\/#organization","name":"Universidad de las Artes","url":"https:\/\/www.uartes.edu.ec\/sitio\/","logo":{"@type":"ImageObject","inLanguage":"es","@id":"https:\/\/www.uartes.edu.ec\/sitio\/#\/schema\/logo\/image\/","url":"https:\/\/www.uartes.edu.ec\/sitio\/wp-content\/uploads\/2022\/07\/logo-ua-horizontal.png","contentUrl":"https:\/\/www.uartes.edu.ec\/sitio\/wp-content\/uploads\/2022\/07\/logo-ua-horizontal.png","width":800,"height":276,"caption":"Universidad de las Artes"},"image":{"@id":"https:\/\/www.uartes.edu.ec\/sitio\/#\/schema\/logo\/image\/"},"sameAs":["https:\/\/www.facebook.com\/uartesec","https:\/\/x.com\/uartesec","https:\/\/www.tiktok.com\/@uartesec"]},{"@type":"Person","@id":"https:\/\/www.uartes.edu.ec\/sitio\/#\/schema\/person\/efa1b8275797664fd7f13a79ccc0b1f4","name":"ccortez","image":{"@type":"ImageObject","inLanguage":"es","@id":"https:\/\/secure.gravatar.com\/avatar\/b2a6f664a3ae8e074346ef91775736c5ec479e637ecced6842de9dc98b5da9cd?s=96&d=mm&r=g","url":"https:\/\/secure.gravatar.com\/avatar\/b2a6f664a3ae8e074346ef91775736c5ec479e637ecced6842de9dc98b5da9cd?s=96&d=mm&r=g","contentUrl":"https:\/\/secure.gravatar.com\/avatar\/b2a6f664a3ae8e074346ef91775736c5ec479e637ecced6842de9dc98b5da9cd?s=96&d=mm&r=g","caption":"ccortez"},"url":"https:\/\/www.uartes.edu.ec\/sitio\/blog\/author\/ccortez\/"}]}},"uagb_featured_image_src":{"full":["https:\/\/www.uartes.edu.ec\/sitio\/wp-content\/uploads\/2025\/02\/01-JP-ARTES-VISUALES.jpg",2000,1333,false],"thumbnail":["https:\/\/www.uartes.edu.ec\/sitio\/wp-content\/uploads\/2025\/02\/01-JP-ARTES-VISUALES-150x150.jpg",150,150,true],"medium":["https:\/\/www.uartes.edu.ec\/sitio\/wp-content\/uploads\/2025\/02\/01-JP-ARTES-VISUALES-300x200.jpg",300,200,true],"medium_large":["https:\/\/www.uartes.edu.ec\/sitio\/wp-content\/uploads\/2025\/02\/01-JP-ARTES-VISUALES-768x512.jpg",768,512,true],"large":["https:\/\/www.uartes.edu.ec\/sitio\/wp-content\/uploads\/2025\/02\/01-JP-ARTES-VISUALES-644x429.jpg",644,429,true],"1536x1536":["https:\/\/www.uartes.edu.ec\/sitio\/wp-content\/uploads\/2025\/02\/01-JP-ARTES-VISUALES-1536x1024.jpg",1536,1024,true],"2048x2048":["https:\/\/www.uartes.edu.ec\/sitio\/wp-content\/uploads\/2025\/02\/01-JP-ARTES-VISUALES.jpg",2000,1333,false],"trp-custom-language-flag":["https:\/\/www.uartes.edu.ec\/sitio\/wp-content\/uploads\/2025\/02\/01-JP-ARTES-VISUALES-18x12.jpg",18,12,true],"htmega_size_585x295":["https:\/\/www.uartes.edu.ec\/sitio\/wp-content\/uploads\/2025\/02\/01-JP-ARTES-VISUALES-585x295.jpg",585,295,true],"htmega_size_1170x536":["https:\/\/www.uartes.edu.ec\/sitio\/wp-content\/uploads\/2025\/02\/01-JP-ARTES-VISUALES-1170x536.jpg",1170,536,true],"htmega_size_396x360":["https:\/\/www.uartes.edu.ec\/sitio\/wp-content\/uploads\/2025\/02\/01-JP-ARTES-VISUALES-396x360.jpg",396,360,true],"gb-block-post-grid-landscape":["https:\/\/www.uartes.edu.ec\/sitio\/wp-content\/uploads\/2025\/02\/01-JP-ARTES-VISUALES-600x400.jpg",600,400,true],"gb-block-post-grid-square":["https:\/\/www.uartes.edu.ec\/sitio\/wp-content\/uploads\/2025\/02\/01-JP-ARTES-VISUALES-600x600.jpg",600,600,true],"university-hub-thumb":["https:\/\/www.uartes.edu.ec\/sitio\/wp-content\/uploads\/2025\/02\/01-JP-ARTES-VISUALES-400x267.jpg",400,267,true]},"uagb_author_info":{"display_name":"ccortez","author_link":"https:\/\/www.uartes.edu.ec\/sitio\/blog\/author\/ccortez\/"},"uagb_comment_info":0,"uagb_excerpt":"Jemima Pruna fue curadora de la muestra colectiva \u201cTodos los caminos llevan aqu\u00ed\u201d de Bit\u00e1cora IV, evento hito de Artes Visuales. La estudiante entr\u00f3 en la \u00faltima fase de su preparaci\u00f3n acad\u00e9mica en esta escuela UArtes al sustentar su tesis. Su defensa es una de las 72 que desde el 21 de enero se vienen&hellip;","featured_image_src":"https:\/\/www.uartes.edu.ec\/sitio\/wp-content\/uploads\/2025\/02\/01-JP-ARTES-VISUALES-600x400.jpg","featured_image_src_square":"https:\/\/www.uartes.edu.ec\/sitio\/wp-content\/uploads\/2025\/02\/01-JP-ARTES-VISUALES-600x600.jpg","author_info":{"display_name":"ccortez","author_link":"https:\/\/www.uartes.edu.ec\/sitio\/blog\/author\/ccortez\/"},"publishpress_future_workflow_manual_trigger":{"enabledWorkflows":[]},"distributor_meta":false,"distributor_terms":false,"distributor_media":false,"distributor_original_site_name":"Universidad de las Artes","distributor_original_site_url":"https:\/\/www.uartes.edu.ec\/sitio","push-errors":false,"_links":{"self":[{"href":"https:\/\/www.uartes.edu.ec\/sitio\/wp-json\/wp\/v2\/posts\/68248","targetHints":{"allow":["GET"]}}],"collection":[{"href":"https:\/\/www.uartes.edu.ec\/sitio\/wp-json\/wp\/v2\/posts"}],"about":[{"href":"https:\/\/www.uartes.edu.ec\/sitio\/wp-json\/wp\/v2\/types\/post"}],"author":[{"embeddable":true,"href":"https:\/\/www.uartes.edu.ec\/sitio\/wp-json\/wp\/v2\/users\/10"}],"replies":[{"embeddable":true,"href":"https:\/\/www.uartes.edu.ec\/sitio\/wp-json\/wp\/v2\/comments?post=68248"}],"version-history":[{"count":6,"href":"https:\/\/www.uartes.edu.ec\/sitio\/wp-json\/wp\/v2\/posts\/68248\/revisions"}],"predecessor-version":[{"id":68332,"href":"https:\/\/www.uartes.edu.ec\/sitio\/wp-json\/wp\/v2\/posts\/68248\/revisions\/68332"}],"wp:featuredmedia":[{"embeddable":true,"href":"https:\/\/www.uartes.edu.ec\/sitio\/wp-json\/wp\/v2\/media\/68249"}],"wp:attachment":[{"href":"https:\/\/www.uartes.edu.ec\/sitio\/wp-json\/wp\/v2\/media?parent=68248"}],"wp:term":[{"taxonomy":"category","embeddable":true,"href":"https:\/\/www.uartes.edu.ec\/sitio\/wp-json\/wp\/v2\/categories?post=68248"},{"taxonomy":"post_tag","embeddable":true,"href":"https:\/\/www.uartes.edu.ec\/sitio\/wp-json\/wp\/v2\/tags?post=68248"},{"taxonomy":"infouartes","embeddable":true,"href":"https:\/\/www.uartes.edu.ec\/sitio\/wp-json\/wp\/v2\/infouartes?post=68248"}],"curies":[{"name":"wp","href":"https:\/\/api.w.org\/{rel}","templated":true}]}}