{"id":68622,"date":"2025-02-24T19:21:24","date_gmt":"2025-02-25T00:21:24","guid":{"rendered":"https:\/\/www.uartes.edu.ec\/sitio\/?p=68622"},"modified":"2025-02-25T19:59:56","modified_gmt":"2025-02-26T00:59:56","slug":"proyeccion-en-el-rectangulo-del-documental-chileno-frente-al-muro-propicio-foro-sobre-arte-urbano-y-muralismo","status":"publish","type":"post","link":"https:\/\/www.uartes.edu.ec\/sitio\/blog\/2025\/02\/24\/proyeccion-en-el-rectangulo-del-documental-chileno-frente-al-muro-propicio-foro-sobre-arte-urbano-y-muralismo\/","title":{"rendered":"Club de Arte Urbano y Muralismo proyect\u00f3 el docu chileno \u201cFrente al Muro\u201d y abri\u00f3 foro sobre la ocupaci\u00f3n del espacio p\u00fablico"},"content":{"rendered":"\n<p>Como un profundo sondeo al arte callejero que reviste los muros de las ciudades de colores, consignas, expresi\u00f3n y comunicaci\u00f3n, se\u00f1ala dereojo comunicaciones a la serie documental chilena \u201cFrente al Muro\u201d que produjo bajo la direcci\u00f3n de Juan Luis Tamayo. El audiovisual, compuesto por tres cap\u00edtulos de 55 minutos, profundiza en los contextos sociales e hist\u00f3ricos de la pintura mural en\u00a0Chile y tambi\u00e9n del\u00a0graffiti, incluyendo las voces de los m\u00e1s importantes exponentes e investigadores de estas tem\u00e1ticas.<\/p>\n\n\n\n<p>El pasado jueves 20 de febrero, el Club de Arte Urbano y Muralismo de la Universidad de las Artes invit\u00f3 a sus miembros y p\u00fablico en general a la proyecci\u00f3n de \u201cFrente al Muro\u201d, actividad que se enmarca en uno de los prop\u00f3sitos que estableci\u00f3 para su conformaci\u00f3n: crear espacios de di\u00e1logo para informar un poco m\u00e1s a la comunidad acerca del arte urbano y la ocupaci\u00f3n del espacio p\u00fablico\u201d. As\u00ed lo refiri\u00f3 William Mena, estudiante de la Escuela de Artes Visuales, antes de la proyecci\u00f3n, que tuvo lugar en El Rect\u00e1ngulo, sala ubicada en el Pabell\u00f3n Humberto Salgado, en el antiguo Palacio de la Gobernaci\u00f3n, nuestra sede matriz.&nbsp;<\/p>\n\n\n<div class=\"wp-block-image\">\n<figure class=\"aligncenter size-large\"><img fetchpriority=\"high\" decoding=\"async\" width=\"644\" height=\"429\" src=\"https:\/\/www.uartes.edu.ec\/sitio\/wp-content\/uploads\/2025\/02\/01-CLUB-ARTE-URBANO-Y-MURALISMO-644x429.jpg\" alt=\"\" class=\"wp-image-68624\" srcset=\"https:\/\/www.uartes.edu.ec\/sitio\/wp-content\/uploads\/2025\/02\/01-CLUB-ARTE-URBANO-Y-MURALISMO-644x429.jpg 644w, https:\/\/www.uartes.edu.ec\/sitio\/wp-content\/uploads\/2025\/02\/01-CLUB-ARTE-URBANO-Y-MURALISMO-300x200.jpg 300w, https:\/\/www.uartes.edu.ec\/sitio\/wp-content\/uploads\/2025\/02\/01-CLUB-ARTE-URBANO-Y-MURALISMO-768x512.jpg 768w, https:\/\/www.uartes.edu.ec\/sitio\/wp-content\/uploads\/2025\/02\/01-CLUB-ARTE-URBANO-Y-MURALISMO-1536x1024.jpg 1536w, https:\/\/www.uartes.edu.ec\/sitio\/wp-content\/uploads\/2025\/02\/01-CLUB-ARTE-URBANO-Y-MURALISMO-18x12.jpg 18w, https:\/\/www.uartes.edu.ec\/sitio\/wp-content\/uploads\/2025\/02\/01-CLUB-ARTE-URBANO-Y-MURALISMO-600x400.jpg 600w, https:\/\/www.uartes.edu.ec\/sitio\/wp-content\/uploads\/2025\/02\/01-CLUB-ARTE-URBANO-Y-MURALISMO-400x267.jpg 400w, https:\/\/www.uartes.edu.ec\/sitio\/wp-content\/uploads\/2025\/02\/01-CLUB-ARTE-URBANO-Y-MURALISMO.jpg 2000w\" sizes=\"(max-width: 644px) 100vw, 644px\" \/><\/figure>\n<\/div>\n\n\n<p>Mena es el representante del club, el cual tiene alrededor de 70 miembros. En su mayor\u00eda son estudiantes de Artes Visuales y otras escuelas de la UArtes, pero tambi\u00e9n hay integrantes externos que son grafiteros y\/o muralistas o tienen inter\u00e9s por el <em>street art.<\/em><\/p>\n\n\n\n<p>\u201cMuchos de los integrantes del club no tienen mayor conocimiento sobre lo que est\u00e1 detr\u00e1s de la historia de estas expresiones art\u00edsticas y la idea es, mediante la proyecci\u00f3n, profundizar en el arte urbano y el muralismo\u201d, reiter\u00f3 Mena. Efectivamente, el documental abord\u00f3 en su contenido los or\u00edgenes del arte urbano no solo en el pa\u00eds donde se lo produjo, sino de otros pa\u00edses, como Estados Unidos, y su expansi\u00f3n hacia otros territorios.<\/p>\n\n\n\n<p>La proyecci\u00f3n arranc\u00f3 con aforo completo y en el contenido de \u201cFrente al Muro\u201d se escucharon a reconocidos exponentes del arte urbano y muralistas chilenos hablar de la memoria, contingencia y fantas\u00eda a trav\u00e9s de una creatividad desbordante que se ramifica s\u00fabitamente por las arterias de la urbe. Sus opiniones permitieron determinar definiciones.<\/p>\n\n\n\n<figure class=\"wp-block-gallery has-nested-images columns-default is-cropped wp-block-gallery-1 is-layout-flex wp-block-gallery-is-layout-flex\">\n<figure class=\"wp-block-image size-large\"><img decoding=\"async\" width=\"644\" height=\"429\" data-id=\"68626\" src=\"https:\/\/www.uartes.edu.ec\/sitio\/wp-content\/uploads\/2025\/02\/03-CLUB-ARTE-URBANO-Y-MURALISMO-644x429.jpg\" alt=\"\" class=\"wp-image-68626\" srcset=\"https:\/\/www.uartes.edu.ec\/sitio\/wp-content\/uploads\/2025\/02\/03-CLUB-ARTE-URBANO-Y-MURALISMO-644x429.jpg 644w, https:\/\/www.uartes.edu.ec\/sitio\/wp-content\/uploads\/2025\/02\/03-CLUB-ARTE-URBANO-Y-MURALISMO-300x200.jpg 300w, https:\/\/www.uartes.edu.ec\/sitio\/wp-content\/uploads\/2025\/02\/03-CLUB-ARTE-URBANO-Y-MURALISMO-768x512.jpg 768w, https:\/\/www.uartes.edu.ec\/sitio\/wp-content\/uploads\/2025\/02\/03-CLUB-ARTE-URBANO-Y-MURALISMO-1536x1024.jpg 1536w, https:\/\/www.uartes.edu.ec\/sitio\/wp-content\/uploads\/2025\/02\/03-CLUB-ARTE-URBANO-Y-MURALISMO-18x12.jpg 18w, https:\/\/www.uartes.edu.ec\/sitio\/wp-content\/uploads\/2025\/02\/03-CLUB-ARTE-URBANO-Y-MURALISMO-600x400.jpg 600w, https:\/\/www.uartes.edu.ec\/sitio\/wp-content\/uploads\/2025\/02\/03-CLUB-ARTE-URBANO-Y-MURALISMO-400x267.jpg 400w, https:\/\/www.uartes.edu.ec\/sitio\/wp-content\/uploads\/2025\/02\/03-CLUB-ARTE-URBANO-Y-MURALISMO.jpg 2000w\" sizes=\"(max-width: 644px) 100vw, 644px\" \/><\/figure>\n\n\n\n<figure class=\"wp-block-image size-large\"><img decoding=\"async\" width=\"644\" height=\"429\" data-id=\"68627\" src=\"https:\/\/www.uartes.edu.ec\/sitio\/wp-content\/uploads\/2025\/02\/02-CLUB-ARTE-URBANO-Y-MURALISMO-644x429.jpg\" alt=\"\" class=\"wp-image-68627\" srcset=\"https:\/\/www.uartes.edu.ec\/sitio\/wp-content\/uploads\/2025\/02\/02-CLUB-ARTE-URBANO-Y-MURALISMO-644x429.jpg 644w, https:\/\/www.uartes.edu.ec\/sitio\/wp-content\/uploads\/2025\/02\/02-CLUB-ARTE-URBANO-Y-MURALISMO-300x200.jpg 300w, https:\/\/www.uartes.edu.ec\/sitio\/wp-content\/uploads\/2025\/02\/02-CLUB-ARTE-URBANO-Y-MURALISMO-768x512.jpg 768w, https:\/\/www.uartes.edu.ec\/sitio\/wp-content\/uploads\/2025\/02\/02-CLUB-ARTE-URBANO-Y-MURALISMO-1536x1024.jpg 1536w, https:\/\/www.uartes.edu.ec\/sitio\/wp-content\/uploads\/2025\/02\/02-CLUB-ARTE-URBANO-Y-MURALISMO-18x12.jpg 18w, https:\/\/www.uartes.edu.ec\/sitio\/wp-content\/uploads\/2025\/02\/02-CLUB-ARTE-URBANO-Y-MURALISMO-600x400.jpg 600w, https:\/\/www.uartes.edu.ec\/sitio\/wp-content\/uploads\/2025\/02\/02-CLUB-ARTE-URBANO-Y-MURALISMO-400x267.jpg 400w, https:\/\/www.uartes.edu.ec\/sitio\/wp-content\/uploads\/2025\/02\/02-CLUB-ARTE-URBANO-Y-MURALISMO.jpg 2000w\" sizes=\"(max-width: 644px) 100vw, 644px\" \/><\/figure>\n<\/figure>\n\n\n\n<p><\/p>\n\n\n\n<p>Al graffiti se lo se\u00f1al\u00f3 como individual y a la vez colectivo, una forma y un estilo de vida, una expresi\u00f3n, una protesta, un sentir\u2026 Del muralismo, lo propio y sus mil formas de creaci\u00f3n, y de c\u00f3mo rescata una memoria borrada, pero latente en la psiquis de la ciudad; un reconocimiento al talento, al oficio y a la lucha que han llevado a sus creadores a plasmar&nbsp;su imaginario en el espacio p\u00fablico.<\/p>\n\n\n\n<p>Al t\u00e9rmino de la proyecci\u00f3n, William Mena invit\u00f3 a los presentes a participar en un foro, el cual abri\u00f3 compartiendo experiencias propias, pues como artista ha estado en ambas veredas. Se inici\u00f3 en el graffiti y se fue encaminado hacia el muralismo. Mencion\u00f3 tambi\u00e9n que el Club de Arte Urbano y Muralismo UArtes busca enriquecer a nuestra comunidad universitaria y dejar un impacto positivo en la sociedad.<\/p>\n\n\n\n<p>Por ello, el cineforo realizado consta como una de las varias actividades que el club ir\u00e1 desarrollando conjuntamente con expresiones art\u00edsticas que tienen la capacidad de democratizar el acceso al arte, embellecer los espacios p\u00fablicos, fomentar el intercambio de conocimientos y generar conciencia sobre temas sociales relevantes.<\/p>\n\n\n\n<p>Ciertamente hubo inquietudes sobre las diferencias entre graffiti y muralismo, tambi\u00e9n de cu\u00e1nto se han desarrollado en la ciudad y el pa\u00eds y las razones por las cuales, considerados ambos como arte urbano, el segundo tiene mayor aceptaci\u00f3n.<\/p>\n\n\n<div class=\"wp-block-image\">\n<figure class=\"aligncenter size-large\"><img loading=\"lazy\" decoding=\"async\" width=\"644\" height=\"429\" src=\"https:\/\/www.uartes.edu.ec\/sitio\/wp-content\/uploads\/2025\/02\/05-CLUB-ARTE-URBANO-Y-MURALISMO-644x429.jpg\" alt=\"\" class=\"wp-image-68625\" srcset=\"https:\/\/www.uartes.edu.ec\/sitio\/wp-content\/uploads\/2025\/02\/05-CLUB-ARTE-URBANO-Y-MURALISMO-644x429.jpg 644w, https:\/\/www.uartes.edu.ec\/sitio\/wp-content\/uploads\/2025\/02\/05-CLUB-ARTE-URBANO-Y-MURALISMO-300x200.jpg 300w, https:\/\/www.uartes.edu.ec\/sitio\/wp-content\/uploads\/2025\/02\/05-CLUB-ARTE-URBANO-Y-MURALISMO-768x512.jpg 768w, https:\/\/www.uartes.edu.ec\/sitio\/wp-content\/uploads\/2025\/02\/05-CLUB-ARTE-URBANO-Y-MURALISMO-1536x1024.jpg 1536w, https:\/\/www.uartes.edu.ec\/sitio\/wp-content\/uploads\/2025\/02\/05-CLUB-ARTE-URBANO-Y-MURALISMO-18x12.jpg 18w, https:\/\/www.uartes.edu.ec\/sitio\/wp-content\/uploads\/2025\/02\/05-CLUB-ARTE-URBANO-Y-MURALISMO-600x400.jpg 600w, https:\/\/www.uartes.edu.ec\/sitio\/wp-content\/uploads\/2025\/02\/05-CLUB-ARTE-URBANO-Y-MURALISMO-400x267.jpg 400w, https:\/\/www.uartes.edu.ec\/sitio\/wp-content\/uploads\/2025\/02\/05-CLUB-ARTE-URBANO-Y-MURALISMO.jpg 2000w\" sizes=\"(max-width: 644px) 100vw, 644px\" \/><\/figure>\n<\/div>\n\n\n<h3 class=\"wp-block-heading\">El Programa CLUAB de la SBU<\/h3>\n\n\n\n<p>Cabe anotar que, el Club de Arte Urbano y Muralismo es uno de los nueve clubes que se han consolidado en la Universidad de las Artes y cuyo impulso se enmarca en el Programa CLUAB de la SBU (Secretar\u00eda de Bienestar Universitario), que los concibe como espacios para compartir intereses, talentos y experiencias comunes.<\/p>\n\n\n\n<p>El Programa CLUAB se sostiene en varios antecedentes de agrupaciones autogestionadas por estudiantes para estudiantes e incluso fue m\u00e1s all\u00e1, puesto que tambi\u00e9n promovi\u00f3 y promueve una colaboraci\u00f3n colectiva entre alumnos, personal acad\u00e9mico y de apoyo acad\u00e9mico, y personal administrativo, as\u00ed los clubes tienen ahora el marco de clubes universitarios.<\/p>\n\n\n\n<p>Haciendo un repaso de los clubes que surgieron en el 2024, desde la SBU y su Programa CLUAB se menciona, junto al Club de Arte Urbano y Muralismo, al Club de F\u00fatbol, Club de Ping-Pong, Club de Filosof\u00eda, Club de Artes Visuales, Club de Teatro Musical, Club de Ecuav\u00f3ley, Club de Animaci\u00f3n y Club de Artes Marciales.<\/p>\n\n\n\n<p>William Mena anot\u00f3 que, adem\u00e1s del cineforo, tienen programados talleres e incluso otras proyecciones para poder dialogar y compartir experiencias en torno a las expresiones art\u00edsticas que dan nombre al club que representa. Sus actividades incluyen pintadas de murales, las cuales ya han realizado dentro e incluso fuera de la ciudad.<\/p>\n\n\n\n<p>Texto y fotos: Carmen Cortez\/Dircom. Tambi\u00e9n con im\u00e1genes colabor\u00f3 V\u00edctor Espinosa\/SBU<\/p>\n\n\n\n<p><\/p>\n","protected":false},"excerpt":{"rendered":"<p>Sustentado en el objetivo de crear espacios de di\u00e1logo sobre el arte urbano y la ocupaci\u00f3n del espacio p\u00fablico, el Club de Arte Urbano y Muralismo de la Universidad de las Artes invit\u00f3 a sus miembros y comunidad a la proyecci\u00f3n del documental chileno \u201cFrente al Muro\u201d, luego de lo cual hubo un foro. Lo dirigi\u00f3 William Mena, estudiante de la Escuela de Artes Visuales que lidera y es representante del club.<\/p>\n","protected":false},"author":10,"featured_media":68623,"comment_status":"open","ping_status":"open","sticky":false,"template":"","format":"standard","meta":{"_acf_changed":false,"_uag_custom_page_level_css":"","_monsterinsights_skip_tracking":false,"_monsterinsights_sitenote_active":false,"_monsterinsights_sitenote_note":"","_monsterinsights_sitenote_category":0,"cybocfi_hide_featured_image":"","footnotes":""},"categories":[82,157,265,76,77],"tags":[521],"infouartes":[],"class_list":["post-68622","post","type-post","status-publish","format-standard","has-post-thumbnail","hentry","category-artes","category-artes-visuales","category-bienestar-universitario","category-estudiantes","category-gestion","tag-encuentro"],"acf":[],"yoast_head":"<!-- This site is optimized with the Yoast SEO plugin v27.4 - https:\/\/yoast.com\/product\/yoast-seo-wordpress\/ -->\n<title>Universidad de las Artes - Club de Arte Urbano y Muralismo proyect\u00f3 el docu chileno \u201cFrente al Muro\u201d y abri\u00f3 foro sobre la ocupaci\u00f3n del espacio p\u00fablico<\/title>\n<meta name=\"description\" content=\"Universidad de las Artes - Club de Arte Urbano y Muralismo proyect\u00f3 el docu chileno \u201cFrente al Muro\u201d y abri\u00f3 foro sobre la ocupaci\u00f3n del espacio p\u00fablico\" \/>\n<meta name=\"robots\" content=\"index, follow, max-snippet:-1, max-image-preview:large, max-video-preview:-1\" \/>\n<link rel=\"canonical\" href=\"https:\/\/www.uartes.edu.ec\/sitio\/blog\/2025\/02\/24\/proyeccion-en-el-rectangulo-del-documental-chileno-frente-al-muro-propicio-foro-sobre-arte-urbano-y-muralismo\/\" \/>\n<meta property=\"og:locale\" content=\"es_ES\" \/>\n<meta property=\"og:type\" content=\"article\" \/>\n<meta property=\"og:title\" content=\"Universidad de las Artes - Club de Arte Urbano y Muralismo proyect\u00f3 el docu chileno \u201cFrente al Muro\u201d y abri\u00f3 foro sobre la ocupaci\u00f3n del espacio p\u00fablico\" \/>\n<meta property=\"og:description\" content=\"Universidad de las Artes - Club de Arte Urbano y Muralismo proyect\u00f3 el docu chileno \u201cFrente al Muro\u201d y abri\u00f3 foro sobre la ocupaci\u00f3n del espacio p\u00fablico\" \/>\n<meta property=\"og:url\" content=\"https:\/\/www.uartes.edu.ec\/sitio\/blog\/2025\/02\/24\/proyeccion-en-el-rectangulo-del-documental-chileno-frente-al-muro-propicio-foro-sobre-arte-urbano-y-muralismo\/\" \/>\n<meta property=\"og:site_name\" content=\"Universidad de las Artes\" \/>\n<meta property=\"article:publisher\" content=\"https:\/\/www.facebook.com\/uartesec\" \/>\n<meta property=\"article:published_time\" content=\"2025-02-25T00:21:24+00:00\" \/>\n<meta property=\"article:modified_time\" content=\"2025-02-26T00:59:56+00:00\" \/>\n<meta property=\"og:image\" content=\"https:\/\/www.uartes.edu.ec\/sitio\/wp-content\/uploads\/2025\/02\/04-CLUB-ARTE-URBANO-Y-MURALISMO.jpg\" \/>\n\t<meta property=\"og:image:width\" content=\"2000\" \/>\n\t<meta property=\"og:image:height\" content=\"1333\" \/>\n\t<meta property=\"og:image:type\" content=\"image\/jpeg\" \/>\n<meta name=\"author\" content=\"ccortez\" \/>\n<meta name=\"twitter:card\" content=\"summary_large_image\" \/>\n<meta name=\"twitter:creator\" content=\"@uartesec\" \/>\n<meta name=\"twitter:site\" content=\"@uartesec\" \/>\n<meta name=\"twitter:label1\" content=\"Escrito por\" \/>\n\t<meta name=\"twitter:data1\" content=\"ccortez\" \/>\n\t<meta name=\"twitter:label2\" content=\"Tiempo de lectura\" \/>\n\t<meta name=\"twitter:data2\" content=\"5 minutos\" \/>\n<script type=\"application\/ld+json\" class=\"yoast-schema-graph\">{\"@context\":\"https:\\\/\\\/schema.org\",\"@graph\":[{\"@type\":\"Article\",\"@id\":\"https:\\\/\\\/www.uartes.edu.ec\\\/sitio\\\/blog\\\/2025\\\/02\\\/24\\\/proyeccion-en-el-rectangulo-del-documental-chileno-frente-al-muro-propicio-foro-sobre-arte-urbano-y-muralismo\\\/#article\",\"isPartOf\":{\"@id\":\"https:\\\/\\\/www.uartes.edu.ec\\\/sitio\\\/blog\\\/2025\\\/02\\\/24\\\/proyeccion-en-el-rectangulo-del-documental-chileno-frente-al-muro-propicio-foro-sobre-arte-urbano-y-muralismo\\\/\"},\"author\":{\"name\":\"ccortez\",\"@id\":\"https:\\\/\\\/www.uartes.edu.ec\\\/sitio\\\/#\\\/schema\\\/person\\\/efa1b8275797664fd7f13a79ccc0b1f4\"},\"headline\":\"Club de Arte Urbano y Muralismo proyect\u00f3 el docu chileno \u201cFrente al Muro\u201d y abri\u00f3 foro sobre la ocupaci\u00f3n del espacio p\u00fablico\",\"datePublished\":\"2025-02-25T00:21:24+00:00\",\"dateModified\":\"2025-02-26T00:59:56+00:00\",\"mainEntityOfPage\":{\"@id\":\"https:\\\/\\\/www.uartes.edu.ec\\\/sitio\\\/blog\\\/2025\\\/02\\\/24\\\/proyeccion-en-el-rectangulo-del-documental-chileno-frente-al-muro-propicio-foro-sobre-arte-urbano-y-muralismo\\\/\"},\"wordCount\":902,\"commentCount\":0,\"publisher\":{\"@id\":\"https:\\\/\\\/www.uartes.edu.ec\\\/sitio\\\/#organization\"},\"image\":{\"@id\":\"https:\\\/\\\/www.uartes.edu.ec\\\/sitio\\\/blog\\\/2025\\\/02\\\/24\\\/proyeccion-en-el-rectangulo-del-documental-chileno-frente-al-muro-propicio-foro-sobre-arte-urbano-y-muralismo\\\/#primaryimage\"},\"thumbnailUrl\":\"https:\\\/\\\/www.uartes.edu.ec\\\/sitio\\\/wp-content\\\/uploads\\\/2025\\\/02\\\/04-CLUB-ARTE-URBANO-Y-MURALISMO.jpg\",\"keywords\":[\"encuentro\"],\"articleSection\":[\"Artes\",\"Artes Visuales\",\"Bienestar Universitario\",\"Estudiantes\",\"Gesti\u00f3n\"],\"inLanguage\":\"es\",\"potentialAction\":[{\"@type\":\"CommentAction\",\"name\":\"Comment\",\"target\":[\"https:\\\/\\\/www.uartes.edu.ec\\\/sitio\\\/blog\\\/2025\\\/02\\\/24\\\/proyeccion-en-el-rectangulo-del-documental-chileno-frente-al-muro-propicio-foro-sobre-arte-urbano-y-muralismo\\\/#respond\"]}]},{\"@type\":[\"WebPage\",\"ItemPage\"],\"@id\":\"https:\\\/\\\/www.uartes.edu.ec\\\/sitio\\\/blog\\\/2025\\\/02\\\/24\\\/proyeccion-en-el-rectangulo-del-documental-chileno-frente-al-muro-propicio-foro-sobre-arte-urbano-y-muralismo\\\/\",\"url\":\"https:\\\/\\\/www.uartes.edu.ec\\\/sitio\\\/blog\\\/2025\\\/02\\\/24\\\/proyeccion-en-el-rectangulo-del-documental-chileno-frente-al-muro-propicio-foro-sobre-arte-urbano-y-muralismo\\\/\",\"name\":\"Universidad de las Artes - Club de Arte Urbano y Muralismo proyect\u00f3 el docu chileno \u201cFrente al Muro\u201d y abri\u00f3 foro sobre la ocupaci\u00f3n del espacio p\u00fablico\",\"isPartOf\":{\"@id\":\"https:\\\/\\\/www.uartes.edu.ec\\\/sitio\\\/#website\"},\"primaryImageOfPage\":{\"@id\":\"https:\\\/\\\/www.uartes.edu.ec\\\/sitio\\\/blog\\\/2025\\\/02\\\/24\\\/proyeccion-en-el-rectangulo-del-documental-chileno-frente-al-muro-propicio-foro-sobre-arte-urbano-y-muralismo\\\/#primaryimage\"},\"image\":{\"@id\":\"https:\\\/\\\/www.uartes.edu.ec\\\/sitio\\\/blog\\\/2025\\\/02\\\/24\\\/proyeccion-en-el-rectangulo-del-documental-chileno-frente-al-muro-propicio-foro-sobre-arte-urbano-y-muralismo\\\/#primaryimage\"},\"thumbnailUrl\":\"https:\\\/\\\/www.uartes.edu.ec\\\/sitio\\\/wp-content\\\/uploads\\\/2025\\\/02\\\/04-CLUB-ARTE-URBANO-Y-MURALISMO.jpg\",\"datePublished\":\"2025-02-25T00:21:24+00:00\",\"dateModified\":\"2025-02-26T00:59:56+00:00\",\"description\":\"Universidad de las Artes - Club de Arte Urbano y Muralismo proyect\u00f3 el docu chileno \u201cFrente al Muro\u201d y abri\u00f3 foro sobre la ocupaci\u00f3n del espacio p\u00fablico\",\"breadcrumb\":{\"@id\":\"https:\\\/\\\/www.uartes.edu.ec\\\/sitio\\\/blog\\\/2025\\\/02\\\/24\\\/proyeccion-en-el-rectangulo-del-documental-chileno-frente-al-muro-propicio-foro-sobre-arte-urbano-y-muralismo\\\/#breadcrumb\"},\"inLanguage\":\"es\",\"potentialAction\":[{\"@type\":\"ReadAction\",\"target\":[\"https:\\\/\\\/www.uartes.edu.ec\\\/sitio\\\/blog\\\/2025\\\/02\\\/24\\\/proyeccion-en-el-rectangulo-del-documental-chileno-frente-al-muro-propicio-foro-sobre-arte-urbano-y-muralismo\\\/\"]}]},{\"@type\":\"ImageObject\",\"inLanguage\":\"es\",\"@id\":\"https:\\\/\\\/www.uartes.edu.ec\\\/sitio\\\/blog\\\/2025\\\/02\\\/24\\\/proyeccion-en-el-rectangulo-del-documental-chileno-frente-al-muro-propicio-foro-sobre-arte-urbano-y-muralismo\\\/#primaryimage\",\"url\":\"https:\\\/\\\/www.uartes.edu.ec\\\/sitio\\\/wp-content\\\/uploads\\\/2025\\\/02\\\/04-CLUB-ARTE-URBANO-Y-MURALISMO.jpg\",\"contentUrl\":\"https:\\\/\\\/www.uartes.edu.ec\\\/sitio\\\/wp-content\\\/uploads\\\/2025\\\/02\\\/04-CLUB-ARTE-URBANO-Y-MURALISMO.jpg\",\"width\":2000,\"height\":1333},{\"@type\":\"BreadcrumbList\",\"@id\":\"https:\\\/\\\/www.uartes.edu.ec\\\/sitio\\\/blog\\\/2025\\\/02\\\/24\\\/proyeccion-en-el-rectangulo-del-documental-chileno-frente-al-muro-propicio-foro-sobre-arte-urbano-y-muralismo\\\/#breadcrumb\",\"itemListElement\":[{\"@type\":\"ListItem\",\"position\":1,\"name\":\"Inicio\",\"item\":\"https:\\\/\\\/www.uartes.edu.ec\\\/sitio\\\/\"},{\"@type\":\"ListItem\",\"position\":2,\"name\":\"Club de Arte Urbano y Muralismo proyect\u00f3 el docu chileno \u201cFrente al Muro\u201d y abri\u00f3 foro sobre la ocupaci\u00f3n del espacio p\u00fablico\"}]},{\"@type\":\"WebSite\",\"@id\":\"https:\\\/\\\/www.uartes.edu.ec\\\/sitio\\\/#website\",\"url\":\"https:\\\/\\\/www.uartes.edu.ec\\\/sitio\\\/\",\"name\":\"Universidad de las Artes\",\"description\":\"Sitio oficial de la Universidad Nacional de las Artes del Ecuador\",\"publisher\":{\"@id\":\"https:\\\/\\\/www.uartes.edu.ec\\\/sitio\\\/#organization\"},\"potentialAction\":[{\"@type\":\"SearchAction\",\"target\":{\"@type\":\"EntryPoint\",\"urlTemplate\":\"https:\\\/\\\/www.uartes.edu.ec\\\/sitio\\\/?s={search_term_string}\"},\"query-input\":{\"@type\":\"PropertyValueSpecification\",\"valueRequired\":true,\"valueName\":\"search_term_string\"}}],\"inLanguage\":\"es\"},{\"@type\":\"Organization\",\"@id\":\"https:\\\/\\\/www.uartes.edu.ec\\\/sitio\\\/#organization\",\"name\":\"Universidad de las Artes\",\"url\":\"https:\\\/\\\/www.uartes.edu.ec\\\/sitio\\\/\",\"logo\":{\"@type\":\"ImageObject\",\"inLanguage\":\"es\",\"@id\":\"https:\\\/\\\/www.uartes.edu.ec\\\/sitio\\\/#\\\/schema\\\/logo\\\/image\\\/\",\"url\":\"https:\\\/\\\/www.uartes.edu.ec\\\/sitio\\\/wp-content\\\/uploads\\\/2022\\\/07\\\/logo-ua-horizontal.png\",\"contentUrl\":\"https:\\\/\\\/www.uartes.edu.ec\\\/sitio\\\/wp-content\\\/uploads\\\/2022\\\/07\\\/logo-ua-horizontal.png\",\"width\":800,\"height\":276,\"caption\":\"Universidad de las Artes\"},\"image\":{\"@id\":\"https:\\\/\\\/www.uartes.edu.ec\\\/sitio\\\/#\\\/schema\\\/logo\\\/image\\\/\"},\"sameAs\":[\"https:\\\/\\\/www.facebook.com\\\/uartesec\",\"https:\\\/\\\/x.com\\\/uartesec\",\"https:\\\/\\\/www.tiktok.com\\\/@uartesec\"]},{\"@type\":\"Person\",\"@id\":\"https:\\\/\\\/www.uartes.edu.ec\\\/sitio\\\/#\\\/schema\\\/person\\\/efa1b8275797664fd7f13a79ccc0b1f4\",\"name\":\"ccortez\",\"image\":{\"@type\":\"ImageObject\",\"inLanguage\":\"es\",\"@id\":\"https:\\\/\\\/secure.gravatar.com\\\/avatar\\\/b2a6f664a3ae8e074346ef91775736c5ec479e637ecced6842de9dc98b5da9cd?s=96&d=mm&r=g\",\"url\":\"https:\\\/\\\/secure.gravatar.com\\\/avatar\\\/b2a6f664a3ae8e074346ef91775736c5ec479e637ecced6842de9dc98b5da9cd?s=96&d=mm&r=g\",\"contentUrl\":\"https:\\\/\\\/secure.gravatar.com\\\/avatar\\\/b2a6f664a3ae8e074346ef91775736c5ec479e637ecced6842de9dc98b5da9cd?s=96&d=mm&r=g\",\"caption\":\"ccortez\"},\"url\":\"https:\\\/\\\/www.uartes.edu.ec\\\/sitio\\\/blog\\\/author\\\/ccortez\\\/\"}]}<\/script>\n<!-- \/ Yoast SEO plugin. -->","yoast_head_json":{"title":"Universidad de las Artes - Club de Arte Urbano y Muralismo proyect\u00f3 el docu chileno \u201cFrente al Muro\u201d y abri\u00f3 foro sobre la ocupaci\u00f3n del espacio p\u00fablico","description":"Universidad de las Artes - Club de Arte Urbano y Muralismo proyect\u00f3 el docu chileno \u201cFrente al Muro\u201d y abri\u00f3 foro sobre la ocupaci\u00f3n del espacio p\u00fablico","robots":{"index":"index","follow":"follow","max-snippet":"max-snippet:-1","max-image-preview":"max-image-preview:large","max-video-preview":"max-video-preview:-1"},"canonical":"https:\/\/www.uartes.edu.ec\/sitio\/blog\/2025\/02\/24\/proyeccion-en-el-rectangulo-del-documental-chileno-frente-al-muro-propicio-foro-sobre-arte-urbano-y-muralismo\/","og_locale":"es_ES","og_type":"article","og_title":"Universidad de las Artes - Club de Arte Urbano y Muralismo proyect\u00f3 el docu chileno \u201cFrente al Muro\u201d y abri\u00f3 foro sobre la ocupaci\u00f3n del espacio p\u00fablico","og_description":"Universidad de las Artes - Club de Arte Urbano y Muralismo proyect\u00f3 el docu chileno \u201cFrente al Muro\u201d y abri\u00f3 foro sobre la ocupaci\u00f3n del espacio p\u00fablico","og_url":"https:\/\/www.uartes.edu.ec\/sitio\/blog\/2025\/02\/24\/proyeccion-en-el-rectangulo-del-documental-chileno-frente-al-muro-propicio-foro-sobre-arte-urbano-y-muralismo\/","og_site_name":"Universidad de las Artes","article_publisher":"https:\/\/www.facebook.com\/uartesec","article_published_time":"2025-02-25T00:21:24+00:00","article_modified_time":"2025-02-26T00:59:56+00:00","og_image":[{"width":2000,"height":1333,"url":"https:\/\/www.uartes.edu.ec\/sitio\/wp-content\/uploads\/2025\/02\/04-CLUB-ARTE-URBANO-Y-MURALISMO.jpg","type":"image\/jpeg"}],"author":"ccortez","twitter_card":"summary_large_image","twitter_creator":"@uartesec","twitter_site":"@uartesec","twitter_misc":{"Escrito por":"ccortez","Tiempo de lectura":"5 minutos"},"schema":{"@context":"https:\/\/schema.org","@graph":[{"@type":"Article","@id":"https:\/\/www.uartes.edu.ec\/sitio\/blog\/2025\/02\/24\/proyeccion-en-el-rectangulo-del-documental-chileno-frente-al-muro-propicio-foro-sobre-arte-urbano-y-muralismo\/#article","isPartOf":{"@id":"https:\/\/www.uartes.edu.ec\/sitio\/blog\/2025\/02\/24\/proyeccion-en-el-rectangulo-del-documental-chileno-frente-al-muro-propicio-foro-sobre-arte-urbano-y-muralismo\/"},"author":{"name":"ccortez","@id":"https:\/\/www.uartes.edu.ec\/sitio\/#\/schema\/person\/efa1b8275797664fd7f13a79ccc0b1f4"},"headline":"Club de Arte Urbano y Muralismo proyect\u00f3 el docu chileno \u201cFrente al Muro\u201d y abri\u00f3 foro sobre la ocupaci\u00f3n del espacio p\u00fablico","datePublished":"2025-02-25T00:21:24+00:00","dateModified":"2025-02-26T00:59:56+00:00","mainEntityOfPage":{"@id":"https:\/\/www.uartes.edu.ec\/sitio\/blog\/2025\/02\/24\/proyeccion-en-el-rectangulo-del-documental-chileno-frente-al-muro-propicio-foro-sobre-arte-urbano-y-muralismo\/"},"wordCount":902,"commentCount":0,"publisher":{"@id":"https:\/\/www.uartes.edu.ec\/sitio\/#organization"},"image":{"@id":"https:\/\/www.uartes.edu.ec\/sitio\/blog\/2025\/02\/24\/proyeccion-en-el-rectangulo-del-documental-chileno-frente-al-muro-propicio-foro-sobre-arte-urbano-y-muralismo\/#primaryimage"},"thumbnailUrl":"https:\/\/www.uartes.edu.ec\/sitio\/wp-content\/uploads\/2025\/02\/04-CLUB-ARTE-URBANO-Y-MURALISMO.jpg","keywords":["encuentro"],"articleSection":["Artes","Artes Visuales","Bienestar Universitario","Estudiantes","Gesti\u00f3n"],"inLanguage":"es","potentialAction":[{"@type":"CommentAction","name":"Comment","target":["https:\/\/www.uartes.edu.ec\/sitio\/blog\/2025\/02\/24\/proyeccion-en-el-rectangulo-del-documental-chileno-frente-al-muro-propicio-foro-sobre-arte-urbano-y-muralismo\/#respond"]}]},{"@type":["WebPage","ItemPage"],"@id":"https:\/\/www.uartes.edu.ec\/sitio\/blog\/2025\/02\/24\/proyeccion-en-el-rectangulo-del-documental-chileno-frente-al-muro-propicio-foro-sobre-arte-urbano-y-muralismo\/","url":"https:\/\/www.uartes.edu.ec\/sitio\/blog\/2025\/02\/24\/proyeccion-en-el-rectangulo-del-documental-chileno-frente-al-muro-propicio-foro-sobre-arte-urbano-y-muralismo\/","name":"Universidad de las Artes - Club de Arte Urbano y Muralismo proyect\u00f3 el docu chileno \u201cFrente al Muro\u201d y abri\u00f3 foro sobre la ocupaci\u00f3n del espacio p\u00fablico","isPartOf":{"@id":"https:\/\/www.uartes.edu.ec\/sitio\/#website"},"primaryImageOfPage":{"@id":"https:\/\/www.uartes.edu.ec\/sitio\/blog\/2025\/02\/24\/proyeccion-en-el-rectangulo-del-documental-chileno-frente-al-muro-propicio-foro-sobre-arte-urbano-y-muralismo\/#primaryimage"},"image":{"@id":"https:\/\/www.uartes.edu.ec\/sitio\/blog\/2025\/02\/24\/proyeccion-en-el-rectangulo-del-documental-chileno-frente-al-muro-propicio-foro-sobre-arte-urbano-y-muralismo\/#primaryimage"},"thumbnailUrl":"https:\/\/www.uartes.edu.ec\/sitio\/wp-content\/uploads\/2025\/02\/04-CLUB-ARTE-URBANO-Y-MURALISMO.jpg","datePublished":"2025-02-25T00:21:24+00:00","dateModified":"2025-02-26T00:59:56+00:00","description":"Universidad de las Artes - Club de Arte Urbano y Muralismo proyect\u00f3 el docu chileno \u201cFrente al Muro\u201d y abri\u00f3 foro sobre la ocupaci\u00f3n del espacio p\u00fablico","breadcrumb":{"@id":"https:\/\/www.uartes.edu.ec\/sitio\/blog\/2025\/02\/24\/proyeccion-en-el-rectangulo-del-documental-chileno-frente-al-muro-propicio-foro-sobre-arte-urbano-y-muralismo\/#breadcrumb"},"inLanguage":"es","potentialAction":[{"@type":"ReadAction","target":["https:\/\/www.uartes.edu.ec\/sitio\/blog\/2025\/02\/24\/proyeccion-en-el-rectangulo-del-documental-chileno-frente-al-muro-propicio-foro-sobre-arte-urbano-y-muralismo\/"]}]},{"@type":"ImageObject","inLanguage":"es","@id":"https:\/\/www.uartes.edu.ec\/sitio\/blog\/2025\/02\/24\/proyeccion-en-el-rectangulo-del-documental-chileno-frente-al-muro-propicio-foro-sobre-arte-urbano-y-muralismo\/#primaryimage","url":"https:\/\/www.uartes.edu.ec\/sitio\/wp-content\/uploads\/2025\/02\/04-CLUB-ARTE-URBANO-Y-MURALISMO.jpg","contentUrl":"https:\/\/www.uartes.edu.ec\/sitio\/wp-content\/uploads\/2025\/02\/04-CLUB-ARTE-URBANO-Y-MURALISMO.jpg","width":2000,"height":1333},{"@type":"BreadcrumbList","@id":"https:\/\/www.uartes.edu.ec\/sitio\/blog\/2025\/02\/24\/proyeccion-en-el-rectangulo-del-documental-chileno-frente-al-muro-propicio-foro-sobre-arte-urbano-y-muralismo\/#breadcrumb","itemListElement":[{"@type":"ListItem","position":1,"name":"Inicio","item":"https:\/\/www.uartes.edu.ec\/sitio\/"},{"@type":"ListItem","position":2,"name":"Club de Arte Urbano y Muralismo proyect\u00f3 el docu chileno \u201cFrente al Muro\u201d y abri\u00f3 foro sobre la ocupaci\u00f3n del espacio p\u00fablico"}]},{"@type":"WebSite","@id":"https:\/\/www.uartes.edu.ec\/sitio\/#website","url":"https:\/\/www.uartes.edu.ec\/sitio\/","name":"Universidad de las Artes","description":"Sitio oficial de la Universidad Nacional de las Artes del Ecuador","publisher":{"@id":"https:\/\/www.uartes.edu.ec\/sitio\/#organization"},"potentialAction":[{"@type":"SearchAction","target":{"@type":"EntryPoint","urlTemplate":"https:\/\/www.uartes.edu.ec\/sitio\/?s={search_term_string}"},"query-input":{"@type":"PropertyValueSpecification","valueRequired":true,"valueName":"search_term_string"}}],"inLanguage":"es"},{"@type":"Organization","@id":"https:\/\/www.uartes.edu.ec\/sitio\/#organization","name":"Universidad de las Artes","url":"https:\/\/www.uartes.edu.ec\/sitio\/","logo":{"@type":"ImageObject","inLanguage":"es","@id":"https:\/\/www.uartes.edu.ec\/sitio\/#\/schema\/logo\/image\/","url":"https:\/\/www.uartes.edu.ec\/sitio\/wp-content\/uploads\/2022\/07\/logo-ua-horizontal.png","contentUrl":"https:\/\/www.uartes.edu.ec\/sitio\/wp-content\/uploads\/2022\/07\/logo-ua-horizontal.png","width":800,"height":276,"caption":"Universidad de las Artes"},"image":{"@id":"https:\/\/www.uartes.edu.ec\/sitio\/#\/schema\/logo\/image\/"},"sameAs":["https:\/\/www.facebook.com\/uartesec","https:\/\/x.com\/uartesec","https:\/\/www.tiktok.com\/@uartesec"]},{"@type":"Person","@id":"https:\/\/www.uartes.edu.ec\/sitio\/#\/schema\/person\/efa1b8275797664fd7f13a79ccc0b1f4","name":"ccortez","image":{"@type":"ImageObject","inLanguage":"es","@id":"https:\/\/secure.gravatar.com\/avatar\/b2a6f664a3ae8e074346ef91775736c5ec479e637ecced6842de9dc98b5da9cd?s=96&d=mm&r=g","url":"https:\/\/secure.gravatar.com\/avatar\/b2a6f664a3ae8e074346ef91775736c5ec479e637ecced6842de9dc98b5da9cd?s=96&d=mm&r=g","contentUrl":"https:\/\/secure.gravatar.com\/avatar\/b2a6f664a3ae8e074346ef91775736c5ec479e637ecced6842de9dc98b5da9cd?s=96&d=mm&r=g","caption":"ccortez"},"url":"https:\/\/www.uartes.edu.ec\/sitio\/blog\/author\/ccortez\/"}]}},"uagb_featured_image_src":{"full":["https:\/\/www.uartes.edu.ec\/sitio\/wp-content\/uploads\/2025\/02\/04-CLUB-ARTE-URBANO-Y-MURALISMO.jpg",2000,1333,false],"thumbnail":["https:\/\/www.uartes.edu.ec\/sitio\/wp-content\/uploads\/2025\/02\/04-CLUB-ARTE-URBANO-Y-MURALISMO-150x150.jpg",150,150,true],"medium":["https:\/\/www.uartes.edu.ec\/sitio\/wp-content\/uploads\/2025\/02\/04-CLUB-ARTE-URBANO-Y-MURALISMO-300x200.jpg",300,200,true],"medium_large":["https:\/\/www.uartes.edu.ec\/sitio\/wp-content\/uploads\/2025\/02\/04-CLUB-ARTE-URBANO-Y-MURALISMO-768x512.jpg",768,512,true],"large":["https:\/\/www.uartes.edu.ec\/sitio\/wp-content\/uploads\/2025\/02\/04-CLUB-ARTE-URBANO-Y-MURALISMO-644x429.jpg",644,429,true],"1536x1536":["https:\/\/www.uartes.edu.ec\/sitio\/wp-content\/uploads\/2025\/02\/04-CLUB-ARTE-URBANO-Y-MURALISMO-1536x1024.jpg",1536,1024,true],"2048x2048":["https:\/\/www.uartes.edu.ec\/sitio\/wp-content\/uploads\/2025\/02\/04-CLUB-ARTE-URBANO-Y-MURALISMO.jpg",2000,1333,false],"trp-custom-language-flag":["https:\/\/www.uartes.edu.ec\/sitio\/wp-content\/uploads\/2025\/02\/04-CLUB-ARTE-URBANO-Y-MURALISMO-18x12.jpg",18,12,true],"htmega_size_585x295":["https:\/\/www.uartes.edu.ec\/sitio\/wp-content\/uploads\/2025\/02\/04-CLUB-ARTE-URBANO-Y-MURALISMO-585x295.jpg",585,295,true],"htmega_size_1170x536":["https:\/\/www.uartes.edu.ec\/sitio\/wp-content\/uploads\/2025\/02\/04-CLUB-ARTE-URBANO-Y-MURALISMO-1170x536.jpg",1170,536,true],"htmega_size_396x360":["https:\/\/www.uartes.edu.ec\/sitio\/wp-content\/uploads\/2025\/02\/04-CLUB-ARTE-URBANO-Y-MURALISMO-396x360.jpg",396,360,true],"gb-block-post-grid-landscape":["https:\/\/www.uartes.edu.ec\/sitio\/wp-content\/uploads\/2025\/02\/04-CLUB-ARTE-URBANO-Y-MURALISMO-600x400.jpg",600,400,true],"gb-block-post-grid-square":["https:\/\/www.uartes.edu.ec\/sitio\/wp-content\/uploads\/2025\/02\/04-CLUB-ARTE-URBANO-Y-MURALISMO-600x600.jpg",600,600,true],"university-hub-thumb":["https:\/\/www.uartes.edu.ec\/sitio\/wp-content\/uploads\/2025\/02\/04-CLUB-ARTE-URBANO-Y-MURALISMO-400x267.jpg",400,267,true]},"uagb_author_info":{"display_name":"ccortez","author_link":"https:\/\/www.uartes.edu.ec\/sitio\/blog\/author\/ccortez\/"},"uagb_comment_info":0,"uagb_excerpt":"Sustentado en el objetivo de crear espacios de di\u00e1logo sobre el arte urbano y la ocupaci\u00f3n del espacio p\u00fablico, el Club de Arte Urbano y Muralismo de la Universidad de las Artes invit\u00f3 a sus miembros y comunidad a la proyecci\u00f3n del documental chileno \u201cFrente al Muro\u201d, luego de lo cual hubo un foro. Lo&hellip;","featured_image_src":"https:\/\/www.uartes.edu.ec\/sitio\/wp-content\/uploads\/2025\/02\/04-CLUB-ARTE-URBANO-Y-MURALISMO-600x400.jpg","featured_image_src_square":"https:\/\/www.uartes.edu.ec\/sitio\/wp-content\/uploads\/2025\/02\/04-CLUB-ARTE-URBANO-Y-MURALISMO-600x600.jpg","author_info":{"display_name":"ccortez","author_link":"https:\/\/www.uartes.edu.ec\/sitio\/blog\/author\/ccortez\/"},"publishpress_future_workflow_manual_trigger":{"enabledWorkflows":[]},"distributor_meta":false,"distributor_terms":false,"distributor_media":false,"distributor_original_site_name":"Universidad de las Artes","distributor_original_site_url":"https:\/\/www.uartes.edu.ec\/sitio","push-errors":false,"_links":{"self":[{"href":"https:\/\/www.uartes.edu.ec\/sitio\/wp-json\/wp\/v2\/posts\/68622","targetHints":{"allow":["GET"]}}],"collection":[{"href":"https:\/\/www.uartes.edu.ec\/sitio\/wp-json\/wp\/v2\/posts"}],"about":[{"href":"https:\/\/www.uartes.edu.ec\/sitio\/wp-json\/wp\/v2\/types\/post"}],"author":[{"embeddable":true,"href":"https:\/\/www.uartes.edu.ec\/sitio\/wp-json\/wp\/v2\/users\/10"}],"replies":[{"embeddable":true,"href":"https:\/\/www.uartes.edu.ec\/sitio\/wp-json\/wp\/v2\/comments?post=68622"}],"version-history":[{"count":8,"href":"https:\/\/www.uartes.edu.ec\/sitio\/wp-json\/wp\/v2\/posts\/68622\/revisions"}],"predecessor-version":[{"id":68675,"href":"https:\/\/www.uartes.edu.ec\/sitio\/wp-json\/wp\/v2\/posts\/68622\/revisions\/68675"}],"wp:featuredmedia":[{"embeddable":true,"href":"https:\/\/www.uartes.edu.ec\/sitio\/wp-json\/wp\/v2\/media\/68623"}],"wp:attachment":[{"href":"https:\/\/www.uartes.edu.ec\/sitio\/wp-json\/wp\/v2\/media?parent=68622"}],"wp:term":[{"taxonomy":"category","embeddable":true,"href":"https:\/\/www.uartes.edu.ec\/sitio\/wp-json\/wp\/v2\/categories?post=68622"},{"taxonomy":"post_tag","embeddable":true,"href":"https:\/\/www.uartes.edu.ec\/sitio\/wp-json\/wp\/v2\/tags?post=68622"},{"taxonomy":"infouartes","embeddable":true,"href":"https:\/\/www.uartes.edu.ec\/sitio\/wp-json\/wp\/v2\/infouartes?post=68622"}],"curies":[{"name":"wp","href":"https:\/\/api.w.org\/{rel}","templated":true}]}}