{"id":68725,"date":"2025-02-25T20:01:00","date_gmt":"2025-02-26T01:01:00","guid":{"rendered":"https:\/\/www.uartes.edu.ec\/sitio\/?p=68725"},"modified":"2025-02-27T14:10:53","modified_gmt":"2025-02-27T19:10:53","slug":"msp-en-la-uartes-con-charla-de-sensibilizacion-sobre-prevencion-del-vih-tambien-abordo-el-tema-de-la-salud-mental-e-hizo-tamizajes","status":"publish","type":"post","link":"https:\/\/www.uartes.edu.ec\/sitio\/blog\/2025\/02\/25\/msp-en-la-uartes-con-charla-de-sensibilizacion-sobre-prevencion-del-vih-tambien-abordo-el-tema-de-la-salud-mental-e-hizo-tamizajes\/","title":{"rendered":"Ministerio de Salud P\u00fablica, en la UArtes con charla sobre prevenci\u00f3n del VIH, se habl\u00f3 de salud mental e hizo tamizajes"},"content":{"rendered":"\n<p>Organizada por la Direcci\u00f3n de Talento Humano y su unidad de Seguridad y Salud Ocupacional, hoy, martes 25 de febrero de 2025, se desarroll\u00f3 en la Sala de Cine del MZ14 Centro de Producci\u00f3n e Innovaci\u00f3n UArtes la charla \u201cSensibilizaci\u00f3n sobre la prevenci\u00f3n del VIH y fortalecimiento de la prevenci\u00f3n combinada sobre el VIH y salud mental\u201d. Estuvo a cargo de funcionarios del Ministerio de Salud P\u00fablica (MSP) del Hospital de Infectolog\u00eda Dr. Jos\u00e9 Rodr\u00edguez Maridue\u00f1a y de la Fundaci\u00f3n Promover.<\/p>\n\n\n\n<p>David Zapata, de la unidad de Seguridad y Salud Ocupacional, indic\u00f3 que la actividad es parte de los programas de prevenci\u00f3n que impulsa la Universidad de las Artes. \u201cEn este caso, enfocado en la salud y el bienestar de los funcionarios y comunidad universitaria. Promover estos espacios ayuda a que todos est\u00e9n informados\u201d, dijo.<\/p>\n\n\n\n<p>Permite, adem\u00e1s, que los administrativos y acad\u00e9micos conozcan de sus derechos y obligaciones en torno a los espacios laborales, agreg\u00f3 Zapata.&nbsp;\u201cReportar una enfermedad de toda \u00edndole, como el VIH, informar de su tratamiento, a fin gestionar horarios de trabajo (para la asistencia a atenciones m\u00e9dicas, por ejemplo); a veces no enfrascamos en las ocho horas laborables y perdemos la noci\u00f3n de lo que podemos hacer, cu\u00e1ndo y d\u00f3nde pedir ayuda\u201d.&nbsp;<\/p>\n\n\n<div class=\"wp-block-image\">\n<figure class=\"aligncenter size-large\"><img fetchpriority=\"high\" decoding=\"async\" width=\"644\" height=\"429\" src=\"https:\/\/www.uartes.edu.ec\/sitio\/wp-content\/uploads\/2025\/02\/05-CHARLA-SEGURIDAD-OCUPACIONAL-644x429.jpg\" alt=\"\" class=\"wp-image-68727\" srcset=\"https:\/\/www.uartes.edu.ec\/sitio\/wp-content\/uploads\/2025\/02\/05-CHARLA-SEGURIDAD-OCUPACIONAL-644x429.jpg 644w, https:\/\/www.uartes.edu.ec\/sitio\/wp-content\/uploads\/2025\/02\/05-CHARLA-SEGURIDAD-OCUPACIONAL-300x200.jpg 300w, https:\/\/www.uartes.edu.ec\/sitio\/wp-content\/uploads\/2025\/02\/05-CHARLA-SEGURIDAD-OCUPACIONAL-768x512.jpg 768w, https:\/\/www.uartes.edu.ec\/sitio\/wp-content\/uploads\/2025\/02\/05-CHARLA-SEGURIDAD-OCUPACIONAL-1536x1024.jpg 1536w, https:\/\/www.uartes.edu.ec\/sitio\/wp-content\/uploads\/2025\/02\/05-CHARLA-SEGURIDAD-OCUPACIONAL-18x12.jpg 18w, https:\/\/www.uartes.edu.ec\/sitio\/wp-content\/uploads\/2025\/02\/05-CHARLA-SEGURIDAD-OCUPACIONAL-600x400.jpg 600w, https:\/\/www.uartes.edu.ec\/sitio\/wp-content\/uploads\/2025\/02\/05-CHARLA-SEGURIDAD-OCUPACIONAL-400x267.jpg 400w, https:\/\/www.uartes.edu.ec\/sitio\/wp-content\/uploads\/2025\/02\/05-CHARLA-SEGURIDAD-OCUPACIONAL.jpg 2000w\" sizes=\"(max-width: 644px) 100vw, 644px\" \/><\/figure>\n<\/div>\n\n\n<p>El psic\u00f3logo David Fernando Suescum, especialista del MSP-Hospital de Infectolog\u00eda fue el primero en intervenir. Abord\u00f3 el tema \u201cVIH y salud mental\u201d y precis\u00f3 los objetivos de la charla: informar, capacitar y sensibilizar a los servidores p\u00fablicos sobre el VIH-SIDA, el impacto de esta enfermedad en la sociedad, socializar los servicios p\u00fablicos que brinda el MSP en torno al VIH, y la Profilaxis Pre Exposici\u00f3n (PrEP).<\/p>\n\n\n\n<p>\u201cEl Ministerio de Salud P\u00fablica viene ejecutando talleres a nivel nacional para efectivizar la prevenci\u00f3n como una estrategia prioritaria que debe ser implementada de forma multisectorial con todos los actores sociales relacionados, para disminuir los nuevos casos de VIH y llegar a la eliminaci\u00f3n del sida para el a\u00f1o 2030. Hoy hemos fortalecido con informaci\u00f3n importante a los funcionarios de la UArtes para que conozcan sobre el VIH, el acceso al tratamiento, tamizaje y PrEP, y c\u00f3mo abordar esta enfermedad desde un enfoque de salud mental\u201d, destac\u00f3 el Psic. Suescum.<\/p>\n\n\n\n<p>Son altos los riesgos de tener algunos trastornos de salud mental por causa del estr\u00e9s relacionado con la infecci\u00f3n por el VIH, sostuvo Suescum. \u201cLas personas que la padecen tienen el doble de probabilidad de sufrir depresi\u00f3n que quienes no la tienen, y es importante recordar que los problemas de la salud mental tambi\u00e9n se pueden tratar\u201d.<\/p>\n\n\n\n<p>La capacitaci\u00f3n a los funcionarios UArtes se complement\u00f3 con din\u00e1micas de sensibilizaci\u00f3n sobre la prevenci\u00f3n de estigma y discriminaci\u00f3n hacia personas que viven con VIH, mecanismos de prevenci\u00f3n y educaci\u00f3n sexual segura y tips para el abordaje de casos de VIH.<\/p>\n\n\n\n<p>\u201cEs un virus que se transmite por relaciones sexuales y hay medidas y tratamientos para estar bien, a pesar de tenerlo. En la actualidad, el VIH es una condici\u00f3n cl\u00ednica, como lo son la diabetes y la hipertensi\u00f3n, y con la debida responsabilidad, toma del tratamiento y control, las personas pueden hacer su vida completamente normal\u201d, refiri\u00f3 el psic\u00f3logo Suescum, quien reiter\u00f3 la importancia de llegar con informaci\u00f3n a muchas personas, a fin de combatir la discriminaci\u00f3n y el estigma que a\u00fan existente\u201d.<\/p>\n\n\n\n<figure class=\"wp-block-gallery has-nested-images columns-default is-cropped wp-block-gallery-1 is-layout-flex wp-block-gallery-is-layout-flex\">\n<figure class=\"wp-block-image size-large\"><img decoding=\"async\" width=\"644\" height=\"429\" data-id=\"68729\" src=\"https:\/\/www.uartes.edu.ec\/sitio\/wp-content\/uploads\/2025\/02\/02-CHARLA-SEGURIDAD-OCUPACIONAL-644x429.jpg\" alt=\"\" class=\"wp-image-68729\" srcset=\"https:\/\/www.uartes.edu.ec\/sitio\/wp-content\/uploads\/2025\/02\/02-CHARLA-SEGURIDAD-OCUPACIONAL-644x429.jpg 644w, https:\/\/www.uartes.edu.ec\/sitio\/wp-content\/uploads\/2025\/02\/02-CHARLA-SEGURIDAD-OCUPACIONAL-300x200.jpg 300w, https:\/\/www.uartes.edu.ec\/sitio\/wp-content\/uploads\/2025\/02\/02-CHARLA-SEGURIDAD-OCUPACIONAL-768x512.jpg 768w, https:\/\/www.uartes.edu.ec\/sitio\/wp-content\/uploads\/2025\/02\/02-CHARLA-SEGURIDAD-OCUPACIONAL-1536x1024.jpg 1536w, https:\/\/www.uartes.edu.ec\/sitio\/wp-content\/uploads\/2025\/02\/02-CHARLA-SEGURIDAD-OCUPACIONAL-18x12.jpg 18w, https:\/\/www.uartes.edu.ec\/sitio\/wp-content\/uploads\/2025\/02\/02-CHARLA-SEGURIDAD-OCUPACIONAL-600x400.jpg 600w, https:\/\/www.uartes.edu.ec\/sitio\/wp-content\/uploads\/2025\/02\/02-CHARLA-SEGURIDAD-OCUPACIONAL-400x267.jpg 400w, https:\/\/www.uartes.edu.ec\/sitio\/wp-content\/uploads\/2025\/02\/02-CHARLA-SEGURIDAD-OCUPACIONAL.jpg 2000w\" sizes=\"(max-width: 644px) 100vw, 644px\" \/><\/figure>\n\n\n\n<figure class=\"wp-block-image size-large\"><img decoding=\"async\" width=\"644\" height=\"429\" data-id=\"68728\" src=\"https:\/\/www.uartes.edu.ec\/sitio\/wp-content\/uploads\/2025\/02\/01-CHARLA-SEGURIDAD-OCUPACIONAL-644x429.jpg\" alt=\"\" class=\"wp-image-68728\" srcset=\"https:\/\/www.uartes.edu.ec\/sitio\/wp-content\/uploads\/2025\/02\/01-CHARLA-SEGURIDAD-OCUPACIONAL-644x429.jpg 644w, https:\/\/www.uartes.edu.ec\/sitio\/wp-content\/uploads\/2025\/02\/01-CHARLA-SEGURIDAD-OCUPACIONAL-300x200.jpg 300w, https:\/\/www.uartes.edu.ec\/sitio\/wp-content\/uploads\/2025\/02\/01-CHARLA-SEGURIDAD-OCUPACIONAL-768x512.jpg 768w, https:\/\/www.uartes.edu.ec\/sitio\/wp-content\/uploads\/2025\/02\/01-CHARLA-SEGURIDAD-OCUPACIONAL-1536x1024.jpg 1536w, https:\/\/www.uartes.edu.ec\/sitio\/wp-content\/uploads\/2025\/02\/01-CHARLA-SEGURIDAD-OCUPACIONAL-18x12.jpg 18w, https:\/\/www.uartes.edu.ec\/sitio\/wp-content\/uploads\/2025\/02\/01-CHARLA-SEGURIDAD-OCUPACIONAL-600x400.jpg 600w, https:\/\/www.uartes.edu.ec\/sitio\/wp-content\/uploads\/2025\/02\/01-CHARLA-SEGURIDAD-OCUPACIONAL-400x267.jpg 400w, https:\/\/www.uartes.edu.ec\/sitio\/wp-content\/uploads\/2025\/02\/01-CHARLA-SEGURIDAD-OCUPACIONAL.jpg 2000w\" sizes=\"(max-width: 644px) 100vw, 644px\" \/><\/figure>\n<\/figure>\n\n\n\n<p><\/p>\n\n\n\n<p>En su intervenci\u00f3n, el psic\u00f3logo se\u00f1al\u00f3 que la Profilaxis Pre Exposici\u00f3n (PrEP), concebida como una estrategia de prevenci\u00f3n combinada, consiste en la realizaci\u00f3n de ex\u00e1menes y toma de un medicamento diario para prevenir el VIH.<\/p>\n\n\n\n<p>Jos\u00e9 Luis Villamar, promotor comunitario del MSP- Hospital de Infectolog\u00eda \u201cDr. Jos\u00e9 Daniel Rodr\u00edguez Maridue\u00f1a\u201d y parte del equipo que brind\u00f3 la charla, comparti\u00f3 con los presentes una informaci\u00f3n impresa donde consta desde el concepto hasta c\u00f3mo y d\u00f3nde conseguir la p\u00edldora y c\u00f3mo usarla. \u201cLa PrEP est\u00e1 dirigida a personas que se encuentran en alto riesgo de adquirir el virus, principalmente por mantener relaciones sexuales o pr\u00e1cticas de riesgo sin protecci\u00f3n. Est\u00e1 disponible como una p\u00edldora diaria y se la puede conseguir en nuestra instituci\u00f3n\u201d, precis\u00f3.<\/p>\n\n\n\n<p>Villamar subray\u00f3 que constantemente est\u00e1n realizando campa\u00f1as extramuros a empresas e instituciones y que junto con la charla se ofrecen tamizajes gratuitos de VIH, s\u00edfilis y hepatitis de manera totalmente confidencial, lo cual tambi\u00e9n se realiz\u00f3 en la UArtes.<\/p>\n\n\n\n<p>Mencion\u00f3, adem\u00e1s, contar con la Fundaci\u00f3n Promover para complementar las charlas. En el taller realizado en la UArtes intervino el licenciado Cristian Benites, quien se refiri\u00f3 al tema de estudiantes que son VIH positivo, lo cual no deber\u00eda afectar su vida universitaria ni el trato que debe recibir para que no exista discriminaci\u00f3n ni estigmatizaci\u00f3n.<\/p>\n\n\n\n<p>\u201cLa sensibilizaci\u00f3n fortalece espacios seguros donde los funcionarios p\u00fablicos, docentes y alumnos de esta universidad sientan la confianza para abordar este tema, mejorar \u2013en el caso de existir casos de VIH\u2013, una atenci\u00f3n integral con calidad y confidencialidad y, sobre todo, motivar la realizaci\u00f3n de pruebas r\u00e1pidas de detecci\u00f3n de VIH, estamos conscientes que esto constituye una importante estrategia en el marco de las pol\u00edticas que el Ministerio de Salud P\u00fablica implementa para luchar contra este virus, pero es importante tambi\u00e9n la respuesta de la sociedad al VIH\u201d, resalt\u00f3 Benites.<\/p>\n","protected":false},"excerpt":{"rendered":"<p>Organizada por la Direcci\u00f3n de Talento Humano y su unidad de Seguridad y Salud Ocupacional, en la Sala de Cine del MZ14 Centro de Producci\u00f3n e Innovaci\u00f3n UArtes se desarroll\u00f3 la charla \u201cSensibilizaci\u00f3n sobre la prevenci\u00f3n del VIH y fortalecimiento de la prevenci\u00f3n combinada sobre el VIH y salud mental\u201d. Estuvo a cargo de funcionarios del Ministerio de Salud P\u00fablica (MSP) del Hospital de Infectolog\u00eda y de la Fundaci\u00f3n Promover.<\/p>\n","protected":false},"author":10,"featured_media":68726,"comment_status":"open","ping_status":"open","sticky":false,"template":"","format":"standard","meta":{"_acf_changed":false,"_uag_custom_page_level_css":"","_monsterinsights_skip_tracking":false,"_monsterinsights_sitenote_active":false,"_monsterinsights_sitenote_note":"","_monsterinsights_sitenote_category":0,"cybocfi_hide_featured_image":"","footnotes":""},"categories":[80,438,82,77,83],"tags":[1320],"infouartes":[],"class_list":["post-68725","post","type-post","status-publish","format-standard","has-post-thumbnail","hentry","category-academico","category-administrativos","category-artes","category-gestion","category-sedes","tag-salud-y-seguridad-ocupacional"],"acf":[],"yoast_head":"<!-- This site is optimized with the Yoast SEO plugin v27.4 - https:\/\/yoast.com\/product\/yoast-seo-wordpress\/ -->\n<title>Universidad de las Artes - Ministerio de Salud P\u00fablica, en la UArtes con charla sobre prevenci\u00f3n del VIH, se habl\u00f3 de salud mental e hizo tamizajes<\/title>\n<meta name=\"description\" content=\"Universidad de las Artes - Ministerio de Salud P\u00fablica, en la UArtes con charla sobre prevenci\u00f3n del VIH, se habl\u00f3 de salud mental e hizo tamizajes\" \/>\n<meta name=\"robots\" content=\"index, follow, max-snippet:-1, max-image-preview:large, max-video-preview:-1\" \/>\n<link rel=\"canonical\" href=\"https:\/\/www.uartes.edu.ec\/sitio\/blog\/2025\/02\/25\/msp-en-la-uartes-con-charla-de-sensibilizacion-sobre-prevencion-del-vih-tambien-abordo-el-tema-de-la-salud-mental-e-hizo-tamizajes\/\" \/>\n<meta property=\"og:locale\" content=\"es_ES\" \/>\n<meta property=\"og:type\" content=\"article\" \/>\n<meta property=\"og:title\" content=\"Universidad de las Artes - Ministerio de Salud P\u00fablica, en la UArtes con charla sobre prevenci\u00f3n del VIH, se habl\u00f3 de salud mental e hizo tamizajes\" \/>\n<meta property=\"og:description\" content=\"Universidad de las Artes - Ministerio de Salud P\u00fablica, en la UArtes con charla sobre prevenci\u00f3n del VIH, se habl\u00f3 de salud mental e hizo tamizajes\" \/>\n<meta property=\"og:url\" content=\"https:\/\/www.uartes.edu.ec\/sitio\/blog\/2025\/02\/25\/msp-en-la-uartes-con-charla-de-sensibilizacion-sobre-prevencion-del-vih-tambien-abordo-el-tema-de-la-salud-mental-e-hizo-tamizajes\/\" \/>\n<meta property=\"og:site_name\" content=\"Universidad de las Artes\" \/>\n<meta property=\"article:publisher\" content=\"https:\/\/www.facebook.com\/uartesec\" \/>\n<meta property=\"article:published_time\" content=\"2025-02-26T01:01:00+00:00\" \/>\n<meta property=\"article:modified_time\" content=\"2025-02-27T19:10:53+00:00\" \/>\n<meta property=\"og:image\" content=\"https:\/\/www.uartes.edu.ec\/sitio\/wp-content\/uploads\/2025\/02\/04-CHARLA-SEGURIDAD-OCUPACIONAL.jpg\" \/>\n\t<meta property=\"og:image:width\" content=\"2000\" \/>\n\t<meta property=\"og:image:height\" content=\"1333\" \/>\n\t<meta property=\"og:image:type\" content=\"image\/jpeg\" \/>\n<meta name=\"author\" content=\"ccortez\" \/>\n<meta name=\"twitter:card\" content=\"summary_large_image\" \/>\n<meta name=\"twitter:creator\" content=\"@uartesec\" \/>\n<meta name=\"twitter:site\" content=\"@uartesec\" \/>\n<meta name=\"twitter:label1\" content=\"Escrito por\" \/>\n\t<meta name=\"twitter:data1\" content=\"ccortez\" \/>\n\t<meta name=\"twitter:label2\" content=\"Tiempo de lectura\" \/>\n\t<meta name=\"twitter:data2\" content=\"5 minutos\" \/>\n<script type=\"application\/ld+json\" class=\"yoast-schema-graph\">{\"@context\":\"https:\\\/\\\/schema.org\",\"@graph\":[{\"@type\":\"Article\",\"@id\":\"https:\\\/\\\/www.uartes.edu.ec\\\/sitio\\\/blog\\\/2025\\\/02\\\/25\\\/msp-en-la-uartes-con-charla-de-sensibilizacion-sobre-prevencion-del-vih-tambien-abordo-el-tema-de-la-salud-mental-e-hizo-tamizajes\\\/#article\",\"isPartOf\":{\"@id\":\"https:\\\/\\\/www.uartes.edu.ec\\\/sitio\\\/blog\\\/2025\\\/02\\\/25\\\/msp-en-la-uartes-con-charla-de-sensibilizacion-sobre-prevencion-del-vih-tambien-abordo-el-tema-de-la-salud-mental-e-hizo-tamizajes\\\/\"},\"author\":{\"name\":\"ccortez\",\"@id\":\"https:\\\/\\\/www.uartes.edu.ec\\\/sitio\\\/#\\\/schema\\\/person\\\/efa1b8275797664fd7f13a79ccc0b1f4\"},\"headline\":\"Ministerio de Salud P\u00fablica, en la UArtes con charla sobre prevenci\u00f3n del VIH, se habl\u00f3 de salud mental e hizo tamizajes\",\"datePublished\":\"2025-02-26T01:01:00+00:00\",\"dateModified\":\"2025-02-27T19:10:53+00:00\",\"mainEntityOfPage\":{\"@id\":\"https:\\\/\\\/www.uartes.edu.ec\\\/sitio\\\/blog\\\/2025\\\/02\\\/25\\\/msp-en-la-uartes-con-charla-de-sensibilizacion-sobre-prevencion-del-vih-tambien-abordo-el-tema-de-la-salud-mental-e-hizo-tamizajes\\\/\"},\"wordCount\":956,\"commentCount\":0,\"publisher\":{\"@id\":\"https:\\\/\\\/www.uartes.edu.ec\\\/sitio\\\/#organization\"},\"image\":{\"@id\":\"https:\\\/\\\/www.uartes.edu.ec\\\/sitio\\\/blog\\\/2025\\\/02\\\/25\\\/msp-en-la-uartes-con-charla-de-sensibilizacion-sobre-prevencion-del-vih-tambien-abordo-el-tema-de-la-salud-mental-e-hizo-tamizajes\\\/#primaryimage\"},\"thumbnailUrl\":\"https:\\\/\\\/www.uartes.edu.ec\\\/sitio\\\/wp-content\\\/uploads\\\/2025\\\/02\\\/04-CHARLA-SEGURIDAD-OCUPACIONAL.jpg\",\"keywords\":[\"salud y seguridad ocupacional\"],\"articleSection\":[\"Acad\u00e9mico\",\"Administrativos\",\"Artes\",\"Gesti\u00f3n\",\"Sedes\"],\"inLanguage\":\"es\",\"potentialAction\":[{\"@type\":\"CommentAction\",\"name\":\"Comment\",\"target\":[\"https:\\\/\\\/www.uartes.edu.ec\\\/sitio\\\/blog\\\/2025\\\/02\\\/25\\\/msp-en-la-uartes-con-charla-de-sensibilizacion-sobre-prevencion-del-vih-tambien-abordo-el-tema-de-la-salud-mental-e-hizo-tamizajes\\\/#respond\"]}]},{\"@type\":[\"WebPage\",\"ItemPage\"],\"@id\":\"https:\\\/\\\/www.uartes.edu.ec\\\/sitio\\\/blog\\\/2025\\\/02\\\/25\\\/msp-en-la-uartes-con-charla-de-sensibilizacion-sobre-prevencion-del-vih-tambien-abordo-el-tema-de-la-salud-mental-e-hizo-tamizajes\\\/\",\"url\":\"https:\\\/\\\/www.uartes.edu.ec\\\/sitio\\\/blog\\\/2025\\\/02\\\/25\\\/msp-en-la-uartes-con-charla-de-sensibilizacion-sobre-prevencion-del-vih-tambien-abordo-el-tema-de-la-salud-mental-e-hizo-tamizajes\\\/\",\"name\":\"Universidad de las Artes - Ministerio de Salud P\u00fablica, en la UArtes con charla sobre prevenci\u00f3n del VIH, se habl\u00f3 de salud mental e hizo tamizajes\",\"isPartOf\":{\"@id\":\"https:\\\/\\\/www.uartes.edu.ec\\\/sitio\\\/#website\"},\"primaryImageOfPage\":{\"@id\":\"https:\\\/\\\/www.uartes.edu.ec\\\/sitio\\\/blog\\\/2025\\\/02\\\/25\\\/msp-en-la-uartes-con-charla-de-sensibilizacion-sobre-prevencion-del-vih-tambien-abordo-el-tema-de-la-salud-mental-e-hizo-tamizajes\\\/#primaryimage\"},\"image\":{\"@id\":\"https:\\\/\\\/www.uartes.edu.ec\\\/sitio\\\/blog\\\/2025\\\/02\\\/25\\\/msp-en-la-uartes-con-charla-de-sensibilizacion-sobre-prevencion-del-vih-tambien-abordo-el-tema-de-la-salud-mental-e-hizo-tamizajes\\\/#primaryimage\"},\"thumbnailUrl\":\"https:\\\/\\\/www.uartes.edu.ec\\\/sitio\\\/wp-content\\\/uploads\\\/2025\\\/02\\\/04-CHARLA-SEGURIDAD-OCUPACIONAL.jpg\",\"datePublished\":\"2025-02-26T01:01:00+00:00\",\"dateModified\":\"2025-02-27T19:10:53+00:00\",\"description\":\"Universidad de las Artes - Ministerio de Salud P\u00fablica, en la UArtes con charla sobre prevenci\u00f3n del VIH, se habl\u00f3 de salud mental e hizo tamizajes\",\"breadcrumb\":{\"@id\":\"https:\\\/\\\/www.uartes.edu.ec\\\/sitio\\\/blog\\\/2025\\\/02\\\/25\\\/msp-en-la-uartes-con-charla-de-sensibilizacion-sobre-prevencion-del-vih-tambien-abordo-el-tema-de-la-salud-mental-e-hizo-tamizajes\\\/#breadcrumb\"},\"inLanguage\":\"es\",\"potentialAction\":[{\"@type\":\"ReadAction\",\"target\":[\"https:\\\/\\\/www.uartes.edu.ec\\\/sitio\\\/blog\\\/2025\\\/02\\\/25\\\/msp-en-la-uartes-con-charla-de-sensibilizacion-sobre-prevencion-del-vih-tambien-abordo-el-tema-de-la-salud-mental-e-hizo-tamizajes\\\/\"]}]},{\"@type\":\"ImageObject\",\"inLanguage\":\"es\",\"@id\":\"https:\\\/\\\/www.uartes.edu.ec\\\/sitio\\\/blog\\\/2025\\\/02\\\/25\\\/msp-en-la-uartes-con-charla-de-sensibilizacion-sobre-prevencion-del-vih-tambien-abordo-el-tema-de-la-salud-mental-e-hizo-tamizajes\\\/#primaryimage\",\"url\":\"https:\\\/\\\/www.uartes.edu.ec\\\/sitio\\\/wp-content\\\/uploads\\\/2025\\\/02\\\/04-CHARLA-SEGURIDAD-OCUPACIONAL.jpg\",\"contentUrl\":\"https:\\\/\\\/www.uartes.edu.ec\\\/sitio\\\/wp-content\\\/uploads\\\/2025\\\/02\\\/04-CHARLA-SEGURIDAD-OCUPACIONAL.jpg\",\"width\":2000,\"height\":1333},{\"@type\":\"BreadcrumbList\",\"@id\":\"https:\\\/\\\/www.uartes.edu.ec\\\/sitio\\\/blog\\\/2025\\\/02\\\/25\\\/msp-en-la-uartes-con-charla-de-sensibilizacion-sobre-prevencion-del-vih-tambien-abordo-el-tema-de-la-salud-mental-e-hizo-tamizajes\\\/#breadcrumb\",\"itemListElement\":[{\"@type\":\"ListItem\",\"position\":1,\"name\":\"Inicio\",\"item\":\"https:\\\/\\\/www.uartes.edu.ec\\\/sitio\\\/\"},{\"@type\":\"ListItem\",\"position\":2,\"name\":\"Ministerio de Salud P\u00fablica, en la UArtes con charla sobre prevenci\u00f3n del VIH, se habl\u00f3 de salud mental e hizo tamizajes\"}]},{\"@type\":\"WebSite\",\"@id\":\"https:\\\/\\\/www.uartes.edu.ec\\\/sitio\\\/#website\",\"url\":\"https:\\\/\\\/www.uartes.edu.ec\\\/sitio\\\/\",\"name\":\"Universidad de las Artes\",\"description\":\"Sitio oficial de la Universidad Nacional de las Artes del Ecuador\",\"publisher\":{\"@id\":\"https:\\\/\\\/www.uartes.edu.ec\\\/sitio\\\/#organization\"},\"potentialAction\":[{\"@type\":\"SearchAction\",\"target\":{\"@type\":\"EntryPoint\",\"urlTemplate\":\"https:\\\/\\\/www.uartes.edu.ec\\\/sitio\\\/?s={search_term_string}\"},\"query-input\":{\"@type\":\"PropertyValueSpecification\",\"valueRequired\":true,\"valueName\":\"search_term_string\"}}],\"inLanguage\":\"es\"},{\"@type\":\"Organization\",\"@id\":\"https:\\\/\\\/www.uartes.edu.ec\\\/sitio\\\/#organization\",\"name\":\"Universidad de las Artes\",\"url\":\"https:\\\/\\\/www.uartes.edu.ec\\\/sitio\\\/\",\"logo\":{\"@type\":\"ImageObject\",\"inLanguage\":\"es\",\"@id\":\"https:\\\/\\\/www.uartes.edu.ec\\\/sitio\\\/#\\\/schema\\\/logo\\\/image\\\/\",\"url\":\"https:\\\/\\\/www.uartes.edu.ec\\\/sitio\\\/wp-content\\\/uploads\\\/2022\\\/07\\\/logo-ua-horizontal.png\",\"contentUrl\":\"https:\\\/\\\/www.uartes.edu.ec\\\/sitio\\\/wp-content\\\/uploads\\\/2022\\\/07\\\/logo-ua-horizontal.png\",\"width\":800,\"height\":276,\"caption\":\"Universidad de las Artes\"},\"image\":{\"@id\":\"https:\\\/\\\/www.uartes.edu.ec\\\/sitio\\\/#\\\/schema\\\/logo\\\/image\\\/\"},\"sameAs\":[\"https:\\\/\\\/www.facebook.com\\\/uartesec\",\"https:\\\/\\\/x.com\\\/uartesec\",\"https:\\\/\\\/www.tiktok.com\\\/@uartesec\"]},{\"@type\":\"Person\",\"@id\":\"https:\\\/\\\/www.uartes.edu.ec\\\/sitio\\\/#\\\/schema\\\/person\\\/efa1b8275797664fd7f13a79ccc0b1f4\",\"name\":\"ccortez\",\"image\":{\"@type\":\"ImageObject\",\"inLanguage\":\"es\",\"@id\":\"https:\\\/\\\/secure.gravatar.com\\\/avatar\\\/b2a6f664a3ae8e074346ef91775736c5ec479e637ecced6842de9dc98b5da9cd?s=96&d=mm&r=g\",\"url\":\"https:\\\/\\\/secure.gravatar.com\\\/avatar\\\/b2a6f664a3ae8e074346ef91775736c5ec479e637ecced6842de9dc98b5da9cd?s=96&d=mm&r=g\",\"contentUrl\":\"https:\\\/\\\/secure.gravatar.com\\\/avatar\\\/b2a6f664a3ae8e074346ef91775736c5ec479e637ecced6842de9dc98b5da9cd?s=96&d=mm&r=g\",\"caption\":\"ccortez\"},\"url\":\"https:\\\/\\\/www.uartes.edu.ec\\\/sitio\\\/blog\\\/author\\\/ccortez\\\/\"}]}<\/script>\n<!-- \/ Yoast SEO plugin. -->","yoast_head_json":{"title":"Universidad de las Artes - Ministerio de Salud P\u00fablica, en la UArtes con charla sobre prevenci\u00f3n del VIH, se habl\u00f3 de salud mental e hizo tamizajes","description":"Universidad de las Artes - Ministerio de Salud P\u00fablica, en la UArtes con charla sobre prevenci\u00f3n del VIH, se habl\u00f3 de salud mental e hizo tamizajes","robots":{"index":"index","follow":"follow","max-snippet":"max-snippet:-1","max-image-preview":"max-image-preview:large","max-video-preview":"max-video-preview:-1"},"canonical":"https:\/\/www.uartes.edu.ec\/sitio\/blog\/2025\/02\/25\/msp-en-la-uartes-con-charla-de-sensibilizacion-sobre-prevencion-del-vih-tambien-abordo-el-tema-de-la-salud-mental-e-hizo-tamizajes\/","og_locale":"es_ES","og_type":"article","og_title":"Universidad de las Artes - Ministerio de Salud P\u00fablica, en la UArtes con charla sobre prevenci\u00f3n del VIH, se habl\u00f3 de salud mental e hizo tamizajes","og_description":"Universidad de las Artes - Ministerio de Salud P\u00fablica, en la UArtes con charla sobre prevenci\u00f3n del VIH, se habl\u00f3 de salud mental e hizo tamizajes","og_url":"https:\/\/www.uartes.edu.ec\/sitio\/blog\/2025\/02\/25\/msp-en-la-uartes-con-charla-de-sensibilizacion-sobre-prevencion-del-vih-tambien-abordo-el-tema-de-la-salud-mental-e-hizo-tamizajes\/","og_site_name":"Universidad de las Artes","article_publisher":"https:\/\/www.facebook.com\/uartesec","article_published_time":"2025-02-26T01:01:00+00:00","article_modified_time":"2025-02-27T19:10:53+00:00","og_image":[{"width":2000,"height":1333,"url":"https:\/\/www.uartes.edu.ec\/sitio\/wp-content\/uploads\/2025\/02\/04-CHARLA-SEGURIDAD-OCUPACIONAL.jpg","type":"image\/jpeg"}],"author":"ccortez","twitter_card":"summary_large_image","twitter_creator":"@uartesec","twitter_site":"@uartesec","twitter_misc":{"Escrito por":"ccortez","Tiempo de lectura":"5 minutos"},"schema":{"@context":"https:\/\/schema.org","@graph":[{"@type":"Article","@id":"https:\/\/www.uartes.edu.ec\/sitio\/blog\/2025\/02\/25\/msp-en-la-uartes-con-charla-de-sensibilizacion-sobre-prevencion-del-vih-tambien-abordo-el-tema-de-la-salud-mental-e-hizo-tamizajes\/#article","isPartOf":{"@id":"https:\/\/www.uartes.edu.ec\/sitio\/blog\/2025\/02\/25\/msp-en-la-uartes-con-charla-de-sensibilizacion-sobre-prevencion-del-vih-tambien-abordo-el-tema-de-la-salud-mental-e-hizo-tamizajes\/"},"author":{"name":"ccortez","@id":"https:\/\/www.uartes.edu.ec\/sitio\/#\/schema\/person\/efa1b8275797664fd7f13a79ccc0b1f4"},"headline":"Ministerio de Salud P\u00fablica, en la UArtes con charla sobre prevenci\u00f3n del VIH, se habl\u00f3 de salud mental e hizo tamizajes","datePublished":"2025-02-26T01:01:00+00:00","dateModified":"2025-02-27T19:10:53+00:00","mainEntityOfPage":{"@id":"https:\/\/www.uartes.edu.ec\/sitio\/blog\/2025\/02\/25\/msp-en-la-uartes-con-charla-de-sensibilizacion-sobre-prevencion-del-vih-tambien-abordo-el-tema-de-la-salud-mental-e-hizo-tamizajes\/"},"wordCount":956,"commentCount":0,"publisher":{"@id":"https:\/\/www.uartes.edu.ec\/sitio\/#organization"},"image":{"@id":"https:\/\/www.uartes.edu.ec\/sitio\/blog\/2025\/02\/25\/msp-en-la-uartes-con-charla-de-sensibilizacion-sobre-prevencion-del-vih-tambien-abordo-el-tema-de-la-salud-mental-e-hizo-tamizajes\/#primaryimage"},"thumbnailUrl":"https:\/\/www.uartes.edu.ec\/sitio\/wp-content\/uploads\/2025\/02\/04-CHARLA-SEGURIDAD-OCUPACIONAL.jpg","keywords":["salud y seguridad ocupacional"],"articleSection":["Acad\u00e9mico","Administrativos","Artes","Gesti\u00f3n","Sedes"],"inLanguage":"es","potentialAction":[{"@type":"CommentAction","name":"Comment","target":["https:\/\/www.uartes.edu.ec\/sitio\/blog\/2025\/02\/25\/msp-en-la-uartes-con-charla-de-sensibilizacion-sobre-prevencion-del-vih-tambien-abordo-el-tema-de-la-salud-mental-e-hizo-tamizajes\/#respond"]}]},{"@type":["WebPage","ItemPage"],"@id":"https:\/\/www.uartes.edu.ec\/sitio\/blog\/2025\/02\/25\/msp-en-la-uartes-con-charla-de-sensibilizacion-sobre-prevencion-del-vih-tambien-abordo-el-tema-de-la-salud-mental-e-hizo-tamizajes\/","url":"https:\/\/www.uartes.edu.ec\/sitio\/blog\/2025\/02\/25\/msp-en-la-uartes-con-charla-de-sensibilizacion-sobre-prevencion-del-vih-tambien-abordo-el-tema-de-la-salud-mental-e-hizo-tamizajes\/","name":"Universidad de las Artes - Ministerio de Salud P\u00fablica, en la UArtes con charla sobre prevenci\u00f3n del VIH, se habl\u00f3 de salud mental e hizo tamizajes","isPartOf":{"@id":"https:\/\/www.uartes.edu.ec\/sitio\/#website"},"primaryImageOfPage":{"@id":"https:\/\/www.uartes.edu.ec\/sitio\/blog\/2025\/02\/25\/msp-en-la-uartes-con-charla-de-sensibilizacion-sobre-prevencion-del-vih-tambien-abordo-el-tema-de-la-salud-mental-e-hizo-tamizajes\/#primaryimage"},"image":{"@id":"https:\/\/www.uartes.edu.ec\/sitio\/blog\/2025\/02\/25\/msp-en-la-uartes-con-charla-de-sensibilizacion-sobre-prevencion-del-vih-tambien-abordo-el-tema-de-la-salud-mental-e-hizo-tamizajes\/#primaryimage"},"thumbnailUrl":"https:\/\/www.uartes.edu.ec\/sitio\/wp-content\/uploads\/2025\/02\/04-CHARLA-SEGURIDAD-OCUPACIONAL.jpg","datePublished":"2025-02-26T01:01:00+00:00","dateModified":"2025-02-27T19:10:53+00:00","description":"Universidad de las Artes - Ministerio de Salud P\u00fablica, en la UArtes con charla sobre prevenci\u00f3n del VIH, se habl\u00f3 de salud mental e hizo tamizajes","breadcrumb":{"@id":"https:\/\/www.uartes.edu.ec\/sitio\/blog\/2025\/02\/25\/msp-en-la-uartes-con-charla-de-sensibilizacion-sobre-prevencion-del-vih-tambien-abordo-el-tema-de-la-salud-mental-e-hizo-tamizajes\/#breadcrumb"},"inLanguage":"es","potentialAction":[{"@type":"ReadAction","target":["https:\/\/www.uartes.edu.ec\/sitio\/blog\/2025\/02\/25\/msp-en-la-uartes-con-charla-de-sensibilizacion-sobre-prevencion-del-vih-tambien-abordo-el-tema-de-la-salud-mental-e-hizo-tamizajes\/"]}]},{"@type":"ImageObject","inLanguage":"es","@id":"https:\/\/www.uartes.edu.ec\/sitio\/blog\/2025\/02\/25\/msp-en-la-uartes-con-charla-de-sensibilizacion-sobre-prevencion-del-vih-tambien-abordo-el-tema-de-la-salud-mental-e-hizo-tamizajes\/#primaryimage","url":"https:\/\/www.uartes.edu.ec\/sitio\/wp-content\/uploads\/2025\/02\/04-CHARLA-SEGURIDAD-OCUPACIONAL.jpg","contentUrl":"https:\/\/www.uartes.edu.ec\/sitio\/wp-content\/uploads\/2025\/02\/04-CHARLA-SEGURIDAD-OCUPACIONAL.jpg","width":2000,"height":1333},{"@type":"BreadcrumbList","@id":"https:\/\/www.uartes.edu.ec\/sitio\/blog\/2025\/02\/25\/msp-en-la-uartes-con-charla-de-sensibilizacion-sobre-prevencion-del-vih-tambien-abordo-el-tema-de-la-salud-mental-e-hizo-tamizajes\/#breadcrumb","itemListElement":[{"@type":"ListItem","position":1,"name":"Inicio","item":"https:\/\/www.uartes.edu.ec\/sitio\/"},{"@type":"ListItem","position":2,"name":"Ministerio de Salud P\u00fablica, en la UArtes con charla sobre prevenci\u00f3n del VIH, se habl\u00f3 de salud mental e hizo tamizajes"}]},{"@type":"WebSite","@id":"https:\/\/www.uartes.edu.ec\/sitio\/#website","url":"https:\/\/www.uartes.edu.ec\/sitio\/","name":"Universidad de las Artes","description":"Sitio oficial de la Universidad Nacional de las Artes del Ecuador","publisher":{"@id":"https:\/\/www.uartes.edu.ec\/sitio\/#organization"},"potentialAction":[{"@type":"SearchAction","target":{"@type":"EntryPoint","urlTemplate":"https:\/\/www.uartes.edu.ec\/sitio\/?s={search_term_string}"},"query-input":{"@type":"PropertyValueSpecification","valueRequired":true,"valueName":"search_term_string"}}],"inLanguage":"es"},{"@type":"Organization","@id":"https:\/\/www.uartes.edu.ec\/sitio\/#organization","name":"Universidad de las Artes","url":"https:\/\/www.uartes.edu.ec\/sitio\/","logo":{"@type":"ImageObject","inLanguage":"es","@id":"https:\/\/www.uartes.edu.ec\/sitio\/#\/schema\/logo\/image\/","url":"https:\/\/www.uartes.edu.ec\/sitio\/wp-content\/uploads\/2022\/07\/logo-ua-horizontal.png","contentUrl":"https:\/\/www.uartes.edu.ec\/sitio\/wp-content\/uploads\/2022\/07\/logo-ua-horizontal.png","width":800,"height":276,"caption":"Universidad de las Artes"},"image":{"@id":"https:\/\/www.uartes.edu.ec\/sitio\/#\/schema\/logo\/image\/"},"sameAs":["https:\/\/www.facebook.com\/uartesec","https:\/\/x.com\/uartesec","https:\/\/www.tiktok.com\/@uartesec"]},{"@type":"Person","@id":"https:\/\/www.uartes.edu.ec\/sitio\/#\/schema\/person\/efa1b8275797664fd7f13a79ccc0b1f4","name":"ccortez","image":{"@type":"ImageObject","inLanguage":"es","@id":"https:\/\/secure.gravatar.com\/avatar\/b2a6f664a3ae8e074346ef91775736c5ec479e637ecced6842de9dc98b5da9cd?s=96&d=mm&r=g","url":"https:\/\/secure.gravatar.com\/avatar\/b2a6f664a3ae8e074346ef91775736c5ec479e637ecced6842de9dc98b5da9cd?s=96&d=mm&r=g","contentUrl":"https:\/\/secure.gravatar.com\/avatar\/b2a6f664a3ae8e074346ef91775736c5ec479e637ecced6842de9dc98b5da9cd?s=96&d=mm&r=g","caption":"ccortez"},"url":"https:\/\/www.uartes.edu.ec\/sitio\/blog\/author\/ccortez\/"}]}},"uagb_featured_image_src":{"full":["https:\/\/www.uartes.edu.ec\/sitio\/wp-content\/uploads\/2025\/02\/04-CHARLA-SEGURIDAD-OCUPACIONAL.jpg",2000,1333,false],"thumbnail":["https:\/\/www.uartes.edu.ec\/sitio\/wp-content\/uploads\/2025\/02\/04-CHARLA-SEGURIDAD-OCUPACIONAL-150x150.jpg",150,150,true],"medium":["https:\/\/www.uartes.edu.ec\/sitio\/wp-content\/uploads\/2025\/02\/04-CHARLA-SEGURIDAD-OCUPACIONAL-300x200.jpg",300,200,true],"medium_large":["https:\/\/www.uartes.edu.ec\/sitio\/wp-content\/uploads\/2025\/02\/04-CHARLA-SEGURIDAD-OCUPACIONAL-768x512.jpg",768,512,true],"large":["https:\/\/www.uartes.edu.ec\/sitio\/wp-content\/uploads\/2025\/02\/04-CHARLA-SEGURIDAD-OCUPACIONAL-644x429.jpg",644,429,true],"1536x1536":["https:\/\/www.uartes.edu.ec\/sitio\/wp-content\/uploads\/2025\/02\/04-CHARLA-SEGURIDAD-OCUPACIONAL-1536x1024.jpg",1536,1024,true],"2048x2048":["https:\/\/www.uartes.edu.ec\/sitio\/wp-content\/uploads\/2025\/02\/04-CHARLA-SEGURIDAD-OCUPACIONAL.jpg",2000,1333,false],"trp-custom-language-flag":["https:\/\/www.uartes.edu.ec\/sitio\/wp-content\/uploads\/2025\/02\/04-CHARLA-SEGURIDAD-OCUPACIONAL-18x12.jpg",18,12,true],"htmega_size_585x295":["https:\/\/www.uartes.edu.ec\/sitio\/wp-content\/uploads\/2025\/02\/04-CHARLA-SEGURIDAD-OCUPACIONAL-585x295.jpg",585,295,true],"htmega_size_1170x536":["https:\/\/www.uartes.edu.ec\/sitio\/wp-content\/uploads\/2025\/02\/04-CHARLA-SEGURIDAD-OCUPACIONAL-1170x536.jpg",1170,536,true],"htmega_size_396x360":["https:\/\/www.uartes.edu.ec\/sitio\/wp-content\/uploads\/2025\/02\/04-CHARLA-SEGURIDAD-OCUPACIONAL-396x360.jpg",396,360,true],"gb-block-post-grid-landscape":["https:\/\/www.uartes.edu.ec\/sitio\/wp-content\/uploads\/2025\/02\/04-CHARLA-SEGURIDAD-OCUPACIONAL-600x400.jpg",600,400,true],"gb-block-post-grid-square":["https:\/\/www.uartes.edu.ec\/sitio\/wp-content\/uploads\/2025\/02\/04-CHARLA-SEGURIDAD-OCUPACIONAL-600x600.jpg",600,600,true],"university-hub-thumb":["https:\/\/www.uartes.edu.ec\/sitio\/wp-content\/uploads\/2025\/02\/04-CHARLA-SEGURIDAD-OCUPACIONAL-400x267.jpg",400,267,true]},"uagb_author_info":{"display_name":"ccortez","author_link":"https:\/\/www.uartes.edu.ec\/sitio\/blog\/author\/ccortez\/"},"uagb_comment_info":0,"uagb_excerpt":"Organizada por la Direcci\u00f3n de Talento Humano y su unidad de Seguridad y Salud Ocupacional, en la Sala de Cine del MZ14 Centro de Producci\u00f3n e Innovaci\u00f3n UArtes se desarroll\u00f3 la charla \u201cSensibilizaci\u00f3n sobre la prevenci\u00f3n del VIH y fortalecimiento de la prevenci\u00f3n combinada sobre el VIH y salud mental\u201d. Estuvo a cargo de funcionarios&hellip;","featured_image_src":"https:\/\/www.uartes.edu.ec\/sitio\/wp-content\/uploads\/2025\/02\/04-CHARLA-SEGURIDAD-OCUPACIONAL-600x400.jpg","featured_image_src_square":"https:\/\/www.uartes.edu.ec\/sitio\/wp-content\/uploads\/2025\/02\/04-CHARLA-SEGURIDAD-OCUPACIONAL-600x600.jpg","author_info":{"display_name":"ccortez","author_link":"https:\/\/www.uartes.edu.ec\/sitio\/blog\/author\/ccortez\/"},"publishpress_future_workflow_manual_trigger":{"enabledWorkflows":[]},"distributor_meta":false,"distributor_terms":false,"distributor_media":false,"distributor_original_site_name":"Universidad de las Artes","distributor_original_site_url":"https:\/\/www.uartes.edu.ec\/sitio","push-errors":false,"_links":{"self":[{"href":"https:\/\/www.uartes.edu.ec\/sitio\/wp-json\/wp\/v2\/posts\/68725","targetHints":{"allow":["GET"]}}],"collection":[{"href":"https:\/\/www.uartes.edu.ec\/sitio\/wp-json\/wp\/v2\/posts"}],"about":[{"href":"https:\/\/www.uartes.edu.ec\/sitio\/wp-json\/wp\/v2\/types\/post"}],"author":[{"embeddable":true,"href":"https:\/\/www.uartes.edu.ec\/sitio\/wp-json\/wp\/v2\/users\/10"}],"replies":[{"embeddable":true,"href":"https:\/\/www.uartes.edu.ec\/sitio\/wp-json\/wp\/v2\/comments?post=68725"}],"version-history":[{"count":8,"href":"https:\/\/www.uartes.edu.ec\/sitio\/wp-json\/wp\/v2\/posts\/68725\/revisions"}],"predecessor-version":[{"id":68760,"href":"https:\/\/www.uartes.edu.ec\/sitio\/wp-json\/wp\/v2\/posts\/68725\/revisions\/68760"}],"wp:featuredmedia":[{"embeddable":true,"href":"https:\/\/www.uartes.edu.ec\/sitio\/wp-json\/wp\/v2\/media\/68726"}],"wp:attachment":[{"href":"https:\/\/www.uartes.edu.ec\/sitio\/wp-json\/wp\/v2\/media?parent=68725"}],"wp:term":[{"taxonomy":"category","embeddable":true,"href":"https:\/\/www.uartes.edu.ec\/sitio\/wp-json\/wp\/v2\/categories?post=68725"},{"taxonomy":"post_tag","embeddable":true,"href":"https:\/\/www.uartes.edu.ec\/sitio\/wp-json\/wp\/v2\/tags?post=68725"},{"taxonomy":"infouartes","embeddable":true,"href":"https:\/\/www.uartes.edu.ec\/sitio\/wp-json\/wp\/v2\/infouartes?post=68725"}],"curies":[{"name":"wp","href":"https:\/\/api.w.org\/{rel}","templated":true}]}}