{"id":6920,"date":"2020-05-11T13:04:07","date_gmt":"2020-05-11T18:04:07","guid":{"rendered":"http:\/\/www.uartes.edu.ec\/sitio\/?p=6920"},"modified":"2024-07-04T11:43:14","modified_gmt":"2024-07-04T16:43:14","slug":"mayra-gisela-pluas-estudiante-de-cine-clasifica-en-festival-de-cine-en-4-paredes","status":"publish","type":"post","link":"https:\/\/www.uartes.edu.ec\/sitio\/blog\/2020\/05\/11\/mayra-gisela-pluas-estudiante-de-cine-clasifica-en-festival-de-cine-en-4-paredes\/","title":{"rendered":"Mayra Gisela Pluas, estudiante de Cine, clasifica en Festival de Cine en 4 Paredes"},"content":{"rendered":"\n<p>De entre 278 filminutos, provenientes de doce pa\u00edses, la propuesta de la ecuatoriana Mayra Gisela Pluas Garc\u00eda fue seleccionada en el Festival de Cine en 4 Paredes (FECON4). Ella es estudiante de la Escuela de Cine de la Universidad de las Artes y al corto de dos minutos que envi\u00f3 al certamen colombiano lo titul\u00f3 <em>A solas,<\/em> porque es esa su situaci\u00f3n; en la producci\u00f3n comparte su vivencia del encierro debido al coronavirus. Comenta que aunque vive sola hace ya algunos a\u00f1os, no imagin\u00f3 nunca pasar por un aislamiento obligatorio para poder cuidarse.<\/p>\n\n\n\n<p>Mayra Gisela Pluas se enter\u00f3 del Festival de Cine en 4 Paredes (FECON4) porque un amigo de la universidad se lo envi\u00f3 y aunque en un principio no se anim\u00f3 a participar, pues reci\u00e9n hab\u00eda llegado la pandemia al pa\u00eds y empezado la cuarentena. Sus pensamientos, anota, estaban enfocados solo en cuidarse; sin embargo, termin\u00f3 por convencerse de la necesidad de contar la experiencia del encierro.<\/p>\n\n\n\n<p>Empez\u00f3 escribiendo sus sentimientos, lo cual se convirti\u00f3 en la base de lo que ser\u00eda la voz en off para el filminuto. Tambi\u00e9n recopil\u00f3 registros de grabaciones con su celular y ya, con todos estos recursos, se sinti\u00f3 que estaba lista para trabajar. El Festival de Cine en 4 Paredes (FECON4) fue dirigido a personas con y sin conocimiento en cinematograf\u00eda, por tal raz\u00f3n los organizadores, incluso, se ofrecieron ayudar a editar a quienes lo necesitaran. Por sus estudios en la Escuela de Cine, Mayra Gisela Pluas ya ten\u00eda los conocimientos necesarios para realizar el filminuto sola y no requiri\u00f3 de la colaboraci\u00f3n ofrecida.<\/p>\n\n\n\n<p>La estudiante UArtes revela que el precursor del Festival de Cine en 4 Paredes (FECON4) fue Christian Casas, un estudiante del Programa de Cine y Audiovisuales de la Universidad del Magdalena, Colombia, quien junto a otros compa\u00f1eros trabajaron sobre la idea de crear un certamen cinematogr\u00e1fico virtual para incentivar la creaci\u00f3n audiovisual desde cualquier dispositivo y que sus compatriotas tuvieran algo en qu\u00e9 entretenerse y olvidar por un momento la pandemia que golpe\u00f3 a su pa\u00eds y a todos los pa\u00edses del mundo. Lo que no imaginaron es que le llegar\u00edan filminutos de diferentes lugares del mundo, participando as\u00ed junto con Ecuador pa\u00edses como Espa\u00f1a, M\u00e9xico, Canad\u00e1 y Argentina.<\/p>\n\n\n\n<p>\u201cLa convocatoria trata de crear un espacio para que participen todas las personas, tengan o no conocimientos previos de cine, con una pel\u00edcula de hasta dos minutos desde las casas. Uno de los requisitos es no poder salir de la casa,&nbsp;porque es uno de los mandatos para la prevenci\u00f3n del contagio del COVID-19\u201d, dijo Christian Casas en una entrevista para <em>Radio Nacional<\/em> de Colombia. Las historias deb\u00edan ser contadas desde el interior de una vivienda, en g\u00e9neros de ficci\u00f3n, documental o animaci\u00f3n, en idioma espa\u00f1ol o con subt\u00edtulos en espa\u00f1ol. Y la entrega, a trav\u00e9s de un enlace de Youtube, Vimeo, Drive, Onedrive o la plataforma que se desee.<\/p>\n\n\n\n<div class=\"wp-block-image\"><figure class=\"aligncenter size-large\"><img fetchpriority=\"high\" decoding=\"async\" width=\"644\" height=\"429\" src=\"http:\/\/www.uartes.edu.ec\/sitio\/wp-content\/uploads\/2020\/05\/filminuto-3-OK-644x429.jpg\" alt=\"\" class=\"wp-image-6922\" srcset=\"https:\/\/www.uartes.edu.ec\/sitio\/wp-content\/uploads\/2020\/05\/filminuto-3-OK-644x429.jpg 644w, https:\/\/www.uartes.edu.ec\/sitio\/wp-content\/uploads\/2020\/05\/filminuto-3-OK-300x200.jpg 300w, https:\/\/www.uartes.edu.ec\/sitio\/wp-content\/uploads\/2020\/05\/filminuto-3-OK-768x512.jpg 768w, https:\/\/www.uartes.edu.ec\/sitio\/wp-content\/uploads\/2020\/05\/filminuto-3-OK-600x400.jpg 600w, https:\/\/www.uartes.edu.ec\/sitio\/wp-content\/uploads\/2020\/05\/filminuto-3-OK-400x267.jpg 400w, https:\/\/www.uartes.edu.ec\/sitio\/wp-content\/uploads\/2020\/05\/filminuto-3-OK-272x182.jpg 272w, https:\/\/www.uartes.edu.ec\/sitio\/wp-content\/uploads\/2020\/05\/filminuto-3-OK.jpg 1152w\" sizes=\"(max-width: 644px) 100vw, 644px\" \/><\/figure><\/div>\n\n\n\n<p>La estudiante de la UArtes es la \u00fanica seleccionada de Ecuador, un logro que Mayra Gisela Pluas asegura la tom\u00f3 por sorpresa. Da cuenta de los conocimientos que va adquiriendo en la Escuela de Cine y de que su trabajo no ha sido en vano, puesto que ha gustado a jurados especializados en el campo cinematogr\u00e1fico. Siente la satisfacci\u00f3n de haber cumplido con el objetivo de que quienes se sientan identificadas con el filminuto.<\/p>\n\n\n\n<p>En la p\u00e1gina de Facebook del festival se indica que los filminutos fueron calificados por un jurado compuesto por grandes profesionales del cine, entre ellos Harold Trompetero, director, guionista, libretista de cine y televisi\u00f3n; Laura Morales, realizadora, docente y productora; Felipe Moreno, creador de la Escuela de Cine El Espejo, realizador audiovisual, docente y gestor cultural; Isabela Figueroa, invitada internacional, abogada brasile\u00f1a, cin\u00e9fila, docente e investigadora; y Carmen Viveros, documentalista, productora y docente.<\/p>\n\n\n\n<p>InfoUArtes se puso en contacto con los organizadores del Festival de Cine en 4 Paredes, a fin de conocer cu\u00e1ndo se dar\u00e1n a conocer los nombres de los ganadores de la competencia. A trav\u00e9s de Facebook Christian Casas respondi\u00f3: &#8220;El filminuto ganador, nacional e internacional, lo conoceremos el 23 de mayo&#8221;.<\/p>\n\n\n\n<figure class=\"wp-block-embed-youtube aligncenter wp-block-embed is-type-video is-provider-youtube wp-embed-aspect-16-9 wp-has-aspect-ratio\"><div class=\"wp-block-embed__wrapper\">\n<iframe title=\"A SOLAS\" width=\"771\" height=\"434\" src=\"https:\/\/www.youtube.com\/embed\/LoPJTTzuGhY?feature=oembed\" frameborder=\"0\" allow=\"accelerometer; autoplay; clipboard-write; encrypted-media; gyroscope; picture-in-picture\" allowfullscreen><\/iframe>\n<\/div><\/figure>\n","protected":false},"excerpt":{"rendered":"<p>De entre 278 filminutos, provenientes de doce pa\u00edses, la propuesta de la ecuatoriana Mayra Gisela Pluas Garc\u00eda fue seleccionada en el Festival de Cine en 4 Paredes (FECON4). <\/p>\n","protected":false},"author":1,"featured_media":6923,"comment_status":"closed","ping_status":"closed","sticky":false,"template":"","format":"standard","meta":{"_acf_changed":false,"_uag_custom_page_level_css":"","_monsterinsights_skip_tracking":false,"_monsterinsights_sitenote_active":false,"_monsterinsights_sitenote_note":"","_monsterinsights_sitenote_category":0,"cybocfi_hide_featured_image":"","footnotes":""},"categories":[82,147,76],"tags":[211],"infouartes":[],"class_list":["post-6920","post","type-post","status-publish","format-standard","has-post-thumbnail","hentry","category-artes","category-cine","category-estudiantes","tag-covid19"],"acf":[],"yoast_head":"<!-- This site is optimized with the Yoast SEO plugin v27.4 - https:\/\/yoast.com\/product\/yoast-seo-wordpress\/ -->\n<title>Universidad de las Artes - Mayra Gisela Pluas, estudiante de Cine, clasifica en Festival de Cine en 4 Paredes<\/title>\n<meta name=\"description\" content=\"Universidad de las Artes - Mayra Gisela Pluas, estudiante de Cine, clasifica en Festival de Cine en 4 Paredes\" \/>\n<meta name=\"robots\" content=\"index, follow, max-snippet:-1, max-image-preview:large, max-video-preview:-1\" \/>\n<link rel=\"canonical\" href=\"https:\/\/www.uartes.edu.ec\/sitio\/blog\/2020\/05\/11\/mayra-gisela-pluas-estudiante-de-cine-clasifica-en-festival-de-cine-en-4-paredes\/\" \/>\n<meta property=\"og:locale\" content=\"es_ES\" \/>\n<meta property=\"og:type\" content=\"article\" \/>\n<meta property=\"og:title\" content=\"Universidad de las Artes - Mayra Gisela Pluas, estudiante de Cine, clasifica en Festival de Cine en 4 Paredes\" \/>\n<meta property=\"og:description\" content=\"Universidad de las Artes - Mayra Gisela Pluas, estudiante de Cine, clasifica en Festival de Cine en 4 Paredes\" \/>\n<meta property=\"og:url\" content=\"https:\/\/www.uartes.edu.ec\/sitio\/blog\/2020\/05\/11\/mayra-gisela-pluas-estudiante-de-cine-clasifica-en-festival-de-cine-en-4-paredes\/\" \/>\n<meta property=\"og:site_name\" content=\"Universidad de las Artes\" \/>\n<meta property=\"article:publisher\" content=\"https:\/\/www.facebook.com\/uartesec\" \/>\n<meta property=\"article:published_time\" content=\"2020-05-11T18:04:07+00:00\" \/>\n<meta property=\"article:modified_time\" content=\"2024-07-04T16:43:14+00:00\" \/>\n<meta property=\"og:image\" content=\"https:\/\/www.uartes.edu.ec\/sitio\/wp-content\/uploads\/2020\/05\/filminuto-1-OK.jpg\" \/>\n\t<meta property=\"og:image:width\" content=\"1152\" \/>\n\t<meta property=\"og:image:height\" content=\"768\" \/>\n\t<meta property=\"og:image:type\" content=\"image\/jpeg\" \/>\n<meta name=\"author\" content=\"Universidad de las Artes\" \/>\n<meta name=\"twitter:card\" content=\"summary_large_image\" \/>\n<meta name=\"twitter:creator\" content=\"@uartesec\" \/>\n<meta name=\"twitter:site\" content=\"@uartesec\" \/>\n<meta name=\"twitter:label1\" content=\"Escrito por\" \/>\n\t<meta name=\"twitter:data1\" content=\"Universidad de las Artes\" \/>\n\t<meta name=\"twitter:label2\" content=\"Tiempo de lectura\" \/>\n\t<meta name=\"twitter:data2\" content=\"4 minutos\" \/>\n<script type=\"application\/ld+json\" class=\"yoast-schema-graph\">{\"@context\":\"https:\\\/\\\/schema.org\",\"@graph\":[{\"@type\":\"Article\",\"@id\":\"https:\\\/\\\/www.uartes.edu.ec\\\/sitio\\\/blog\\\/2020\\\/05\\\/11\\\/mayra-gisela-pluas-estudiante-de-cine-clasifica-en-festival-de-cine-en-4-paredes\\\/#article\",\"isPartOf\":{\"@id\":\"https:\\\/\\\/www.uartes.edu.ec\\\/sitio\\\/blog\\\/2020\\\/05\\\/11\\\/mayra-gisela-pluas-estudiante-de-cine-clasifica-en-festival-de-cine-en-4-paredes\\\/\"},\"author\":{\"name\":\"Universidad de las Artes\",\"@id\":\"https:\\\/\\\/www.uartes.edu.ec\\\/sitio\\\/#\\\/schema\\\/person\\\/f33f8c1d2af0d5c80a38c8abf458184a\"},\"headline\":\"Mayra Gisela Pluas, estudiante de Cine, clasifica en Festival de Cine en 4 Paredes\",\"datePublished\":\"2020-05-11T18:04:07+00:00\",\"dateModified\":\"2024-07-04T16:43:14+00:00\",\"mainEntityOfPage\":{\"@id\":\"https:\\\/\\\/www.uartes.edu.ec\\\/sitio\\\/blog\\\/2020\\\/05\\\/11\\\/mayra-gisela-pluas-estudiante-de-cine-clasifica-en-festival-de-cine-en-4-paredes\\\/\"},\"wordCount\":736,\"publisher\":{\"@id\":\"https:\\\/\\\/www.uartes.edu.ec\\\/sitio\\\/#organization\"},\"image\":{\"@id\":\"https:\\\/\\\/www.uartes.edu.ec\\\/sitio\\\/blog\\\/2020\\\/05\\\/11\\\/mayra-gisela-pluas-estudiante-de-cine-clasifica-en-festival-de-cine-en-4-paredes\\\/#primaryimage\"},\"thumbnailUrl\":\"https:\\\/\\\/www.uartes.edu.ec\\\/sitio\\\/wp-content\\\/uploads\\\/2020\\\/05\\\/filminuto-1-OK.jpg\",\"keywords\":[\"covid19\"],\"articleSection\":[\"Artes\",\"Cine\",\"Estudiantes\"],\"inLanguage\":\"es\"},{\"@type\":[\"WebPage\",\"ItemPage\"],\"@id\":\"https:\\\/\\\/www.uartes.edu.ec\\\/sitio\\\/blog\\\/2020\\\/05\\\/11\\\/mayra-gisela-pluas-estudiante-de-cine-clasifica-en-festival-de-cine-en-4-paredes\\\/\",\"url\":\"https:\\\/\\\/www.uartes.edu.ec\\\/sitio\\\/blog\\\/2020\\\/05\\\/11\\\/mayra-gisela-pluas-estudiante-de-cine-clasifica-en-festival-de-cine-en-4-paredes\\\/\",\"name\":\"Universidad de las Artes - Mayra Gisela Pluas, estudiante de Cine, clasifica en Festival de Cine en 4 Paredes\",\"isPartOf\":{\"@id\":\"https:\\\/\\\/www.uartes.edu.ec\\\/sitio\\\/#website\"},\"primaryImageOfPage\":{\"@id\":\"https:\\\/\\\/www.uartes.edu.ec\\\/sitio\\\/blog\\\/2020\\\/05\\\/11\\\/mayra-gisela-pluas-estudiante-de-cine-clasifica-en-festival-de-cine-en-4-paredes\\\/#primaryimage\"},\"image\":{\"@id\":\"https:\\\/\\\/www.uartes.edu.ec\\\/sitio\\\/blog\\\/2020\\\/05\\\/11\\\/mayra-gisela-pluas-estudiante-de-cine-clasifica-en-festival-de-cine-en-4-paredes\\\/#primaryimage\"},\"thumbnailUrl\":\"https:\\\/\\\/www.uartes.edu.ec\\\/sitio\\\/wp-content\\\/uploads\\\/2020\\\/05\\\/filminuto-1-OK.jpg\",\"datePublished\":\"2020-05-11T18:04:07+00:00\",\"dateModified\":\"2024-07-04T16:43:14+00:00\",\"description\":\"Universidad de las Artes - Mayra Gisela Pluas, estudiante de Cine, clasifica en Festival de Cine en 4 Paredes\",\"breadcrumb\":{\"@id\":\"https:\\\/\\\/www.uartes.edu.ec\\\/sitio\\\/blog\\\/2020\\\/05\\\/11\\\/mayra-gisela-pluas-estudiante-de-cine-clasifica-en-festival-de-cine-en-4-paredes\\\/#breadcrumb\"},\"inLanguage\":\"es\",\"potentialAction\":[{\"@type\":\"ReadAction\",\"target\":[\"https:\\\/\\\/www.uartes.edu.ec\\\/sitio\\\/blog\\\/2020\\\/05\\\/11\\\/mayra-gisela-pluas-estudiante-de-cine-clasifica-en-festival-de-cine-en-4-paredes\\\/\"]}]},{\"@type\":\"ImageObject\",\"inLanguage\":\"es\",\"@id\":\"https:\\\/\\\/www.uartes.edu.ec\\\/sitio\\\/blog\\\/2020\\\/05\\\/11\\\/mayra-gisela-pluas-estudiante-de-cine-clasifica-en-festival-de-cine-en-4-paredes\\\/#primaryimage\",\"url\":\"https:\\\/\\\/www.uartes.edu.ec\\\/sitio\\\/wp-content\\\/uploads\\\/2020\\\/05\\\/filminuto-1-OK.jpg\",\"contentUrl\":\"https:\\\/\\\/www.uartes.edu.ec\\\/sitio\\\/wp-content\\\/uploads\\\/2020\\\/05\\\/filminuto-1-OK.jpg\",\"width\":1152,\"height\":768},{\"@type\":\"BreadcrumbList\",\"@id\":\"https:\\\/\\\/www.uartes.edu.ec\\\/sitio\\\/blog\\\/2020\\\/05\\\/11\\\/mayra-gisela-pluas-estudiante-de-cine-clasifica-en-festival-de-cine-en-4-paredes\\\/#breadcrumb\",\"itemListElement\":[{\"@type\":\"ListItem\",\"position\":1,\"name\":\"Inicio\",\"item\":\"https:\\\/\\\/www.uartes.edu.ec\\\/sitio\\\/\"},{\"@type\":\"ListItem\",\"position\":2,\"name\":\"Mayra Gisela Pluas, estudiante de Cine, clasifica en Festival de Cine en 4 Paredes\"}]},{\"@type\":\"WebSite\",\"@id\":\"https:\\\/\\\/www.uartes.edu.ec\\\/sitio\\\/#website\",\"url\":\"https:\\\/\\\/www.uartes.edu.ec\\\/sitio\\\/\",\"name\":\"Universidad de las Artes\",\"description\":\"Sitio oficial de la Universidad Nacional de las Artes del Ecuador\",\"publisher\":{\"@id\":\"https:\\\/\\\/www.uartes.edu.ec\\\/sitio\\\/#organization\"},\"potentialAction\":[{\"@type\":\"SearchAction\",\"target\":{\"@type\":\"EntryPoint\",\"urlTemplate\":\"https:\\\/\\\/www.uartes.edu.ec\\\/sitio\\\/?s={search_term_string}\"},\"query-input\":{\"@type\":\"PropertyValueSpecification\",\"valueRequired\":true,\"valueName\":\"search_term_string\"}}],\"inLanguage\":\"es\"},{\"@type\":\"Organization\",\"@id\":\"https:\\\/\\\/www.uartes.edu.ec\\\/sitio\\\/#organization\",\"name\":\"Universidad de las Artes\",\"url\":\"https:\\\/\\\/www.uartes.edu.ec\\\/sitio\\\/\",\"logo\":{\"@type\":\"ImageObject\",\"inLanguage\":\"es\",\"@id\":\"https:\\\/\\\/www.uartes.edu.ec\\\/sitio\\\/#\\\/schema\\\/logo\\\/image\\\/\",\"url\":\"https:\\\/\\\/www.uartes.edu.ec\\\/sitio\\\/wp-content\\\/uploads\\\/2022\\\/07\\\/logo-ua-horizontal.png\",\"contentUrl\":\"https:\\\/\\\/www.uartes.edu.ec\\\/sitio\\\/wp-content\\\/uploads\\\/2022\\\/07\\\/logo-ua-horizontal.png\",\"width\":800,\"height\":276,\"caption\":\"Universidad de las Artes\"},\"image\":{\"@id\":\"https:\\\/\\\/www.uartes.edu.ec\\\/sitio\\\/#\\\/schema\\\/logo\\\/image\\\/\"},\"sameAs\":[\"https:\\\/\\\/www.facebook.com\\\/uartesec\",\"https:\\\/\\\/x.com\\\/uartesec\",\"https:\\\/\\\/www.tiktok.com\\\/@uartesec\"]},{\"@type\":\"Person\",\"@id\":\"https:\\\/\\\/www.uartes.edu.ec\\\/sitio\\\/#\\\/schema\\\/person\\\/f33f8c1d2af0d5c80a38c8abf458184a\",\"name\":\"Universidad de las Artes\",\"image\":{\"@type\":\"ImageObject\",\"inLanguage\":\"es\",\"@id\":\"https:\\\/\\\/secure.gravatar.com\\\/avatar\\\/52e4757902f5cfa5ac52d020e5be83cae5487519154b6c35482fe08d589f3c13?s=96&d=mm&r=g\",\"url\":\"https:\\\/\\\/secure.gravatar.com\\\/avatar\\\/52e4757902f5cfa5ac52d020e5be83cae5487519154b6c35482fe08d589f3c13?s=96&d=mm&r=g\",\"contentUrl\":\"https:\\\/\\\/secure.gravatar.com\\\/avatar\\\/52e4757902f5cfa5ac52d020e5be83cae5487519154b6c35482fe08d589f3c13?s=96&d=mm&r=g\",\"caption\":\"Universidad de las Artes\"},\"url\":\"https:\\\/\\\/www.uartes.edu.ec\\\/sitio\\\/blog\\\/author\\\/dircomadm\\\/\"}]}<\/script>\n<!-- \/ Yoast SEO plugin. -->","yoast_head_json":{"title":"Universidad de las Artes - Mayra Gisela Pluas, estudiante de Cine, clasifica en Festival de Cine en 4 Paredes","description":"Universidad de las Artes - Mayra Gisela Pluas, estudiante de Cine, clasifica en Festival de Cine en 4 Paredes","robots":{"index":"index","follow":"follow","max-snippet":"max-snippet:-1","max-image-preview":"max-image-preview:large","max-video-preview":"max-video-preview:-1"},"canonical":"https:\/\/www.uartes.edu.ec\/sitio\/blog\/2020\/05\/11\/mayra-gisela-pluas-estudiante-de-cine-clasifica-en-festival-de-cine-en-4-paredes\/","og_locale":"es_ES","og_type":"article","og_title":"Universidad de las Artes - Mayra Gisela Pluas, estudiante de Cine, clasifica en Festival de Cine en 4 Paredes","og_description":"Universidad de las Artes - Mayra Gisela Pluas, estudiante de Cine, clasifica en Festival de Cine en 4 Paredes","og_url":"https:\/\/www.uartes.edu.ec\/sitio\/blog\/2020\/05\/11\/mayra-gisela-pluas-estudiante-de-cine-clasifica-en-festival-de-cine-en-4-paredes\/","og_site_name":"Universidad de las Artes","article_publisher":"https:\/\/www.facebook.com\/uartesec","article_published_time":"2020-05-11T18:04:07+00:00","article_modified_time":"2024-07-04T16:43:14+00:00","og_image":[{"width":1152,"height":768,"url":"https:\/\/www.uartes.edu.ec\/sitio\/wp-content\/uploads\/2020\/05\/filminuto-1-OK.jpg","type":"image\/jpeg"}],"author":"Universidad de las Artes","twitter_card":"summary_large_image","twitter_creator":"@uartesec","twitter_site":"@uartesec","twitter_misc":{"Escrito por":"Universidad de las Artes","Tiempo de lectura":"4 minutos"},"schema":{"@context":"https:\/\/schema.org","@graph":[{"@type":"Article","@id":"https:\/\/www.uartes.edu.ec\/sitio\/blog\/2020\/05\/11\/mayra-gisela-pluas-estudiante-de-cine-clasifica-en-festival-de-cine-en-4-paredes\/#article","isPartOf":{"@id":"https:\/\/www.uartes.edu.ec\/sitio\/blog\/2020\/05\/11\/mayra-gisela-pluas-estudiante-de-cine-clasifica-en-festival-de-cine-en-4-paredes\/"},"author":{"name":"Universidad de las Artes","@id":"https:\/\/www.uartes.edu.ec\/sitio\/#\/schema\/person\/f33f8c1d2af0d5c80a38c8abf458184a"},"headline":"Mayra Gisela Pluas, estudiante de Cine, clasifica en Festival de Cine en 4 Paredes","datePublished":"2020-05-11T18:04:07+00:00","dateModified":"2024-07-04T16:43:14+00:00","mainEntityOfPage":{"@id":"https:\/\/www.uartes.edu.ec\/sitio\/blog\/2020\/05\/11\/mayra-gisela-pluas-estudiante-de-cine-clasifica-en-festival-de-cine-en-4-paredes\/"},"wordCount":736,"publisher":{"@id":"https:\/\/www.uartes.edu.ec\/sitio\/#organization"},"image":{"@id":"https:\/\/www.uartes.edu.ec\/sitio\/blog\/2020\/05\/11\/mayra-gisela-pluas-estudiante-de-cine-clasifica-en-festival-de-cine-en-4-paredes\/#primaryimage"},"thumbnailUrl":"https:\/\/www.uartes.edu.ec\/sitio\/wp-content\/uploads\/2020\/05\/filminuto-1-OK.jpg","keywords":["covid19"],"articleSection":["Artes","Cine","Estudiantes"],"inLanguage":"es"},{"@type":["WebPage","ItemPage"],"@id":"https:\/\/www.uartes.edu.ec\/sitio\/blog\/2020\/05\/11\/mayra-gisela-pluas-estudiante-de-cine-clasifica-en-festival-de-cine-en-4-paredes\/","url":"https:\/\/www.uartes.edu.ec\/sitio\/blog\/2020\/05\/11\/mayra-gisela-pluas-estudiante-de-cine-clasifica-en-festival-de-cine-en-4-paredes\/","name":"Universidad de las Artes - Mayra Gisela Pluas, estudiante de Cine, clasifica en Festival de Cine en 4 Paredes","isPartOf":{"@id":"https:\/\/www.uartes.edu.ec\/sitio\/#website"},"primaryImageOfPage":{"@id":"https:\/\/www.uartes.edu.ec\/sitio\/blog\/2020\/05\/11\/mayra-gisela-pluas-estudiante-de-cine-clasifica-en-festival-de-cine-en-4-paredes\/#primaryimage"},"image":{"@id":"https:\/\/www.uartes.edu.ec\/sitio\/blog\/2020\/05\/11\/mayra-gisela-pluas-estudiante-de-cine-clasifica-en-festival-de-cine-en-4-paredes\/#primaryimage"},"thumbnailUrl":"https:\/\/www.uartes.edu.ec\/sitio\/wp-content\/uploads\/2020\/05\/filminuto-1-OK.jpg","datePublished":"2020-05-11T18:04:07+00:00","dateModified":"2024-07-04T16:43:14+00:00","description":"Universidad de las Artes - Mayra Gisela Pluas, estudiante de Cine, clasifica en Festival de Cine en 4 Paredes","breadcrumb":{"@id":"https:\/\/www.uartes.edu.ec\/sitio\/blog\/2020\/05\/11\/mayra-gisela-pluas-estudiante-de-cine-clasifica-en-festival-de-cine-en-4-paredes\/#breadcrumb"},"inLanguage":"es","potentialAction":[{"@type":"ReadAction","target":["https:\/\/www.uartes.edu.ec\/sitio\/blog\/2020\/05\/11\/mayra-gisela-pluas-estudiante-de-cine-clasifica-en-festival-de-cine-en-4-paredes\/"]}]},{"@type":"ImageObject","inLanguage":"es","@id":"https:\/\/www.uartes.edu.ec\/sitio\/blog\/2020\/05\/11\/mayra-gisela-pluas-estudiante-de-cine-clasifica-en-festival-de-cine-en-4-paredes\/#primaryimage","url":"https:\/\/www.uartes.edu.ec\/sitio\/wp-content\/uploads\/2020\/05\/filminuto-1-OK.jpg","contentUrl":"https:\/\/www.uartes.edu.ec\/sitio\/wp-content\/uploads\/2020\/05\/filminuto-1-OK.jpg","width":1152,"height":768},{"@type":"BreadcrumbList","@id":"https:\/\/www.uartes.edu.ec\/sitio\/blog\/2020\/05\/11\/mayra-gisela-pluas-estudiante-de-cine-clasifica-en-festival-de-cine-en-4-paredes\/#breadcrumb","itemListElement":[{"@type":"ListItem","position":1,"name":"Inicio","item":"https:\/\/www.uartes.edu.ec\/sitio\/"},{"@type":"ListItem","position":2,"name":"Mayra Gisela Pluas, estudiante de Cine, clasifica en Festival de Cine en 4 Paredes"}]},{"@type":"WebSite","@id":"https:\/\/www.uartes.edu.ec\/sitio\/#website","url":"https:\/\/www.uartes.edu.ec\/sitio\/","name":"Universidad de las Artes","description":"Sitio oficial de la Universidad Nacional de las Artes del Ecuador","publisher":{"@id":"https:\/\/www.uartes.edu.ec\/sitio\/#organization"},"potentialAction":[{"@type":"SearchAction","target":{"@type":"EntryPoint","urlTemplate":"https:\/\/www.uartes.edu.ec\/sitio\/?s={search_term_string}"},"query-input":{"@type":"PropertyValueSpecification","valueRequired":true,"valueName":"search_term_string"}}],"inLanguage":"es"},{"@type":"Organization","@id":"https:\/\/www.uartes.edu.ec\/sitio\/#organization","name":"Universidad de las Artes","url":"https:\/\/www.uartes.edu.ec\/sitio\/","logo":{"@type":"ImageObject","inLanguage":"es","@id":"https:\/\/www.uartes.edu.ec\/sitio\/#\/schema\/logo\/image\/","url":"https:\/\/www.uartes.edu.ec\/sitio\/wp-content\/uploads\/2022\/07\/logo-ua-horizontal.png","contentUrl":"https:\/\/www.uartes.edu.ec\/sitio\/wp-content\/uploads\/2022\/07\/logo-ua-horizontal.png","width":800,"height":276,"caption":"Universidad de las Artes"},"image":{"@id":"https:\/\/www.uartes.edu.ec\/sitio\/#\/schema\/logo\/image\/"},"sameAs":["https:\/\/www.facebook.com\/uartesec","https:\/\/x.com\/uartesec","https:\/\/www.tiktok.com\/@uartesec"]},{"@type":"Person","@id":"https:\/\/www.uartes.edu.ec\/sitio\/#\/schema\/person\/f33f8c1d2af0d5c80a38c8abf458184a","name":"Universidad de las Artes","image":{"@type":"ImageObject","inLanguage":"es","@id":"https:\/\/secure.gravatar.com\/avatar\/52e4757902f5cfa5ac52d020e5be83cae5487519154b6c35482fe08d589f3c13?s=96&d=mm&r=g","url":"https:\/\/secure.gravatar.com\/avatar\/52e4757902f5cfa5ac52d020e5be83cae5487519154b6c35482fe08d589f3c13?s=96&d=mm&r=g","contentUrl":"https:\/\/secure.gravatar.com\/avatar\/52e4757902f5cfa5ac52d020e5be83cae5487519154b6c35482fe08d589f3c13?s=96&d=mm&r=g","caption":"Universidad de las Artes"},"url":"https:\/\/www.uartes.edu.ec\/sitio\/blog\/author\/dircomadm\/"}]}},"uagb_featured_image_src":{"full":["https:\/\/www.uartes.edu.ec\/sitio\/wp-content\/uploads\/2020\/05\/filminuto-1-OK.jpg",1152,768,false],"thumbnail":["https:\/\/www.uartes.edu.ec\/sitio\/wp-content\/uploads\/2020\/05\/filminuto-1-OK-150x150.jpg",150,150,true],"medium":["https:\/\/www.uartes.edu.ec\/sitio\/wp-content\/uploads\/2020\/05\/filminuto-1-OK-300x200.jpg",300,200,true],"medium_large":["https:\/\/www.uartes.edu.ec\/sitio\/wp-content\/uploads\/2020\/05\/filminuto-1-OK-768x512.jpg",768,512,true],"large":["https:\/\/www.uartes.edu.ec\/sitio\/wp-content\/uploads\/2020\/05\/filminuto-1-OK-644x429.jpg",644,429,true],"1536x1536":["https:\/\/www.uartes.edu.ec\/sitio\/wp-content\/uploads\/2020\/05\/filminuto-1-OK.jpg",1152,768,false],"2048x2048":["https:\/\/www.uartes.edu.ec\/sitio\/wp-content\/uploads\/2020\/05\/filminuto-1-OK.jpg",1152,768,false],"trp-custom-language-flag":["https:\/\/www.uartes.edu.ec\/sitio\/wp-content\/uploads\/2020\/05\/filminuto-1-OK.jpg",18,12,false],"htmega_size_585x295":["https:\/\/www.uartes.edu.ec\/sitio\/wp-content\/uploads\/2020\/05\/filminuto-1-OK.jpg",443,295,false],"htmega_size_1170x536":["https:\/\/www.uartes.edu.ec\/sitio\/wp-content\/uploads\/2020\/05\/filminuto-1-OK.jpg",804,536,false],"htmega_size_396x360":["https:\/\/www.uartes.edu.ec\/sitio\/wp-content\/uploads\/2020\/05\/filminuto-1-OK.jpg",396,264,false],"gb-block-post-grid-landscape":["https:\/\/www.uartes.edu.ec\/sitio\/wp-content\/uploads\/2020\/05\/filminuto-1-OK.jpg",600,400,false],"gb-block-post-grid-square":["https:\/\/www.uartes.edu.ec\/sitio\/wp-content\/uploads\/2020\/05\/filminuto-1-OK.jpg",600,400,false],"university-hub-thumb":["https:\/\/www.uartes.edu.ec\/sitio\/wp-content\/uploads\/2020\/05\/filminuto-1-OK-400x267.jpg",400,267,true]},"uagb_author_info":{"display_name":"Universidad de las Artes","author_link":"https:\/\/www.uartes.edu.ec\/sitio\/blog\/author\/dircomadm\/"},"uagb_comment_info":0,"uagb_excerpt":"De entre 278 filminutos, provenientes de doce pa\u00edses, la propuesta de la ecuatoriana Mayra Gisela Pluas Garc\u00eda fue seleccionada en el Festival de Cine en 4 Paredes (FECON4).","featured_image_src":"https:\/\/www.uartes.edu.ec\/sitio\/wp-content\/uploads\/2020\/05\/filminuto-1-OK.jpg","featured_image_src_square":"https:\/\/www.uartes.edu.ec\/sitio\/wp-content\/uploads\/2020\/05\/filminuto-1-OK.jpg","author_info":{"display_name":"Universidad de las Artes","author_link":"https:\/\/www.uartes.edu.ec\/sitio\/blog\/author\/dircomadm\/"},"publishpress_future_workflow_manual_trigger":{"enabledWorkflows":[]},"distributor_meta":false,"distributor_terms":false,"distributor_media":false,"distributor_original_site_name":"Universidad de las Artes","distributor_original_site_url":"https:\/\/www.uartes.edu.ec\/sitio","push-errors":false,"_links":{"self":[{"href":"https:\/\/www.uartes.edu.ec\/sitio\/wp-json\/wp\/v2\/posts\/6920","targetHints":{"allow":["GET"]}}],"collection":[{"href":"https:\/\/www.uartes.edu.ec\/sitio\/wp-json\/wp\/v2\/posts"}],"about":[{"href":"https:\/\/www.uartes.edu.ec\/sitio\/wp-json\/wp\/v2\/types\/post"}],"author":[{"embeddable":true,"href":"https:\/\/www.uartes.edu.ec\/sitio\/wp-json\/wp\/v2\/users\/1"}],"replies":[{"embeddable":true,"href":"https:\/\/www.uartes.edu.ec\/sitio\/wp-json\/wp\/v2\/comments?post=6920"}],"version-history":[{"count":2,"href":"https:\/\/www.uartes.edu.ec\/sitio\/wp-json\/wp\/v2\/posts\/6920\/revisions"}],"predecessor-version":[{"id":57637,"href":"https:\/\/www.uartes.edu.ec\/sitio\/wp-json\/wp\/v2\/posts\/6920\/revisions\/57637"}],"wp:featuredmedia":[{"embeddable":true,"href":"https:\/\/www.uartes.edu.ec\/sitio\/wp-json\/wp\/v2\/media\/6923"}],"wp:attachment":[{"href":"https:\/\/www.uartes.edu.ec\/sitio\/wp-json\/wp\/v2\/media?parent=6920"}],"wp:term":[{"taxonomy":"category","embeddable":true,"href":"https:\/\/www.uartes.edu.ec\/sitio\/wp-json\/wp\/v2\/categories?post=6920"},{"taxonomy":"post_tag","embeddable":true,"href":"https:\/\/www.uartes.edu.ec\/sitio\/wp-json\/wp\/v2\/tags?post=6920"},{"taxonomy":"infouartes","embeddable":true,"href":"https:\/\/www.uartes.edu.ec\/sitio\/wp-json\/wp\/v2\/infouartes?post=6920"}],"curies":[{"name":"wp","href":"https:\/\/api.w.org\/{rel}","templated":true}]}}