{"id":69376,"date":"2025-03-12T19:19:00","date_gmt":"2025-03-13T00:19:00","guid":{"rendered":"https:\/\/www.uartes.edu.ec\/sitio\/?p=69376"},"modified":"2025-03-31T18:27:11","modified_gmt":"2025-03-31T23:27:11","slug":"alumnus-de-posgrado-maria-gabriela-portaluppi-llego-con-la-espera-a-la-final-de-los-sony-world-photography-awards","status":"publish","type":"post","link":"https:\/\/www.uartes.edu.ec\/sitio\/blog\/2025\/03\/12\/alumnus-de-posgrado-maria-gabriela-portaluppi-llego-con-la-espera-a-la-final-de-los-sony-world-photography-awards\/","title":{"rendered":"Alumnus de posgrado Mar\u00eda Gabriela Portaluppi lleg\u00f3 con \u201cLa espera\u201d a la final de los Sony World Photography Awards"},"content":{"rendered":"\n<p>Durante la maestr\u00eda de Cine Documental que curs\u00f3 en la Universidad de las Artes, la mag\u00edster Mar\u00eda Gabriela Portaluppi hizo una investigaci\u00f3n de campo para la ejecuci\u00f3n de la producci\u00f3n audiovisual \u201cLa ciudad que devora cerros y se traga esteros\u201d, que aborda las consecuencias de la relaci\u00f3n de Guayaquil con la fauna silvestre que la rodea. El trabajo fotogr\u00e1fico que result\u00f3 de sus indagaciones dio vida a \u201cLa espera\u201d, el proyecto con el particip\u00f3 en el concurso Professional 2025 de los Sony World Photography Awards.<\/p>\n\n\n\n<p>Portaluppi intervino en la categor\u00eda Environment (Medioambiente) y figura entre los tres finalistas. Seg\u00fan el sitio web del certamen internacional, son diez los apartados del concurso y cada uno tiene el mencionado n\u00famero de participantes para la final, en tanto que los preseleccionados fluct\u00faan entre cinco y siete.<\/p>\n\n\n\n<p>Vale anotar que, el programa de la Escuela de Posgrados UArtes que curs\u00f3 Mar\u00eda Gabriela Portaluppi tiene entre sus principales caracter\u00edsticas el incentivo a la pr\u00e1ctica y la creaci\u00f3n documental de proyectos, de all\u00ed que quienes se postulan lo hacen con una propuesta que van trabajando y se grad\u00faan realiz\u00e1ndola, sea esta un cortometraje, un mediometraje o el corte de por lo menos 25 minutos de su pel\u00edcula, si es que la idea es hacer un largometraje.<\/p>\n\n\n<div class=\"wp-block-image\">\n<figure class=\"aligncenter size-large\"><img fetchpriority=\"high\" decoding=\"async\" width=\"644\" height=\"429\" src=\"https:\/\/www.uartes.edu.ec\/sitio\/wp-content\/uploads\/2025\/03\/02-MARIA-POR-644x429.jpg\" alt=\"\" class=\"wp-image-69378\" srcset=\"https:\/\/www.uartes.edu.ec\/sitio\/wp-content\/uploads\/2025\/03\/02-MARIA-POR-644x429.jpg 644w, https:\/\/www.uartes.edu.ec\/sitio\/wp-content\/uploads\/2025\/03\/02-MARIA-POR-300x200.jpg 300w, https:\/\/www.uartes.edu.ec\/sitio\/wp-content\/uploads\/2025\/03\/02-MARIA-POR-768x512.jpg 768w, https:\/\/www.uartes.edu.ec\/sitio\/wp-content\/uploads\/2025\/03\/02-MARIA-POR-1536x1024.jpg 1536w, https:\/\/www.uartes.edu.ec\/sitio\/wp-content\/uploads\/2025\/03\/02-MARIA-POR-18x12.jpg 18w, https:\/\/www.uartes.edu.ec\/sitio\/wp-content\/uploads\/2025\/03\/02-MARIA-POR-600x400.jpg 600w, https:\/\/www.uartes.edu.ec\/sitio\/wp-content\/uploads\/2025\/03\/02-MARIA-POR-400x267.jpg 400w, https:\/\/www.uartes.edu.ec\/sitio\/wp-content\/uploads\/2025\/03\/02-MARIA-POR.jpg 2000w\" sizes=\"(max-width: 644px) 100vw, 644px\" \/><\/figure>\n<\/div>\n\n\n<p>En la breve descripci\u00f3n que Professional 2025 y Sony World Photography Awards hacen de los proyectos finalistas de las diez categor\u00edas, de \u201cLa espera\u201d indican que analiza la conservaci\u00f3n en Guayaquil a trav\u00e9s de tiernos retratos de animales a su cuidado, destacando el trabajo realizado por la Fundaci\u00f3n para la Protecci\u00f3n de Fauna Silvestre Proyecto Sacha.<\/p>\n\n\n\n<p>En di\u00e1logo con InfoUArtes, Portaluppi indica que para el documental sigui\u00f3 la labor de la fundaci\u00f3n. Gracias a voluntarios y veterinarios, esta se encarga de recibir especies silvestres y urbanas que llegan en peligro y se responsabiliza del cuidado durante su recuperaci\u00f3n. De todas las especies que se encuentran en este tr\u00e1nsito, algunas han estado acostumbradas a estar en jaulas y muchas otras tienen que permanecer en confinamiento sin entender lo que sucede.<\/p>\n\n\n\n<p>Se\u00f1ala tambi\u00e9n que si bien hay animales que logran ser exitosamente ubicados, pese a los constantes esfuerzos de la Fundaci\u00f3n para la Protecci\u00f3n de Fauna Silvestre Proyecto Sacha hay otros tantos que deben permanecer a la espera de un futuro incierto.<\/p>\n\n\n\n<p>Acerca de la selecci\u00f3n de \u201cLa espera\u201d como finalista en la competici\u00f3n profesional del Sony World Photography Awards 2025, Mar\u00eda Gabriela Portaluppi cont\u00f3 que en la categor\u00eda Medioambiente hubo m\u00e1s de 419.00 im\u00e1genes inscritas. \u201cEste es un gran logro para m\u00ed como fot\u00f3grafa y documentalista, gracias a que compito con fot\u00f3grafos que admiro, como Crist\u00f3bal Olivares y Skander Khlif, y, sobre todo, tener la oportunidad de visibilizar la crisis ambiental de Guayaquil y el trabajo de una fundaci\u00f3n que trabaja de manera incansable por la fauna silvestre afectada\u201d.<\/p>\n\n\n\n<figure class=\"wp-block-gallery has-nested-images columns-default is-cropped wp-block-gallery-1 is-layout-flex wp-block-gallery-is-layout-flex\">\n<figure class=\"wp-block-image size-large\"><img decoding=\"async\" width=\"644\" height=\"429\" data-id=\"69380\" src=\"https:\/\/www.uartes.edu.ec\/sitio\/wp-content\/uploads\/2025\/03\/03-MARIA-POR-644x429.jpg\" alt=\"\" class=\"wp-image-69380\" srcset=\"https:\/\/www.uartes.edu.ec\/sitio\/wp-content\/uploads\/2025\/03\/03-MARIA-POR-644x429.jpg 644w, https:\/\/www.uartes.edu.ec\/sitio\/wp-content\/uploads\/2025\/03\/03-MARIA-POR-300x200.jpg 300w, https:\/\/www.uartes.edu.ec\/sitio\/wp-content\/uploads\/2025\/03\/03-MARIA-POR-768x512.jpg 768w, https:\/\/www.uartes.edu.ec\/sitio\/wp-content\/uploads\/2025\/03\/03-MARIA-POR-1536x1024.jpg 1536w, https:\/\/www.uartes.edu.ec\/sitio\/wp-content\/uploads\/2025\/03\/03-MARIA-POR-18x12.jpg 18w, https:\/\/www.uartes.edu.ec\/sitio\/wp-content\/uploads\/2025\/03\/03-MARIA-POR-600x400.jpg 600w, https:\/\/www.uartes.edu.ec\/sitio\/wp-content\/uploads\/2025\/03\/03-MARIA-POR-400x267.jpg 400w, https:\/\/www.uartes.edu.ec\/sitio\/wp-content\/uploads\/2025\/03\/03-MARIA-POR.jpg 2000w\" sizes=\"(max-width: 644px) 100vw, 644px\" \/><\/figure>\n\n\n\n<figure class=\"wp-block-image size-large\"><img decoding=\"async\" width=\"644\" height=\"429\" data-id=\"69379\" src=\"https:\/\/www.uartes.edu.ec\/sitio\/wp-content\/uploads\/2025\/03\/04-MARIA-POR-644x429.jpg\" alt=\"\" class=\"wp-image-69379\" srcset=\"https:\/\/www.uartes.edu.ec\/sitio\/wp-content\/uploads\/2025\/03\/04-MARIA-POR-644x429.jpg 644w, https:\/\/www.uartes.edu.ec\/sitio\/wp-content\/uploads\/2025\/03\/04-MARIA-POR-300x200.jpg 300w, https:\/\/www.uartes.edu.ec\/sitio\/wp-content\/uploads\/2025\/03\/04-MARIA-POR-768x512.jpg 768w, https:\/\/www.uartes.edu.ec\/sitio\/wp-content\/uploads\/2025\/03\/04-MARIA-POR-1536x1024.jpg 1536w, https:\/\/www.uartes.edu.ec\/sitio\/wp-content\/uploads\/2025\/03\/04-MARIA-POR-18x12.jpg 18w, https:\/\/www.uartes.edu.ec\/sitio\/wp-content\/uploads\/2025\/03\/04-MARIA-POR-600x400.jpg 600w, https:\/\/www.uartes.edu.ec\/sitio\/wp-content\/uploads\/2025\/03\/04-MARIA-POR-400x267.jpg 400w, https:\/\/www.uartes.edu.ec\/sitio\/wp-content\/uploads\/2025\/03\/04-MARIA-POR.jpg 2000w\" sizes=\"(max-width: 644px) 100vw, 644px\" \/><\/figure>\n<\/figure>\n\n\n\n<p>Asimismo, la mag\u00edster en Cine Documental por la Universidad de las Artes manifest\u00f3 lo gratificante de poder hallar una forma de mostrar el trabajo realizado. \u201cAl terminar la maestr\u00eda, tanto mis compa\u00f1eros como yo nos encontramos en la b\u00fasqueda de convocatorias para fondos de posproducci\u00f3n o distribuci\u00f3n de nuestros documentales, una tarea complicada por la gran oferta de material audiovisual que existe en el mercado, por lo que un reconocimiento de este tipo es de gran ayuda para no desistir e ir ganando reconocimiento para futuras aplicaciones\u201d.<\/p>\n\n\n\n<p>Portaluppi comparti\u00f3 un link (enlace al final del texto) en el que Sony World Photography Awards describe el contenido de \u201cLa espera\u201d y grafica con el trabajo fotogr\u00e1fico que la hizo merecedora de llegar a la final, en la que tambi\u00e9n est\u00e1n Crist\u00f3bal Olivares, de Chile, y Nicol\u00e1s Garrido Huguet, de Per\u00fa.<\/p>\n\n\n\n<p>\u201cGuayaquil es la ciudad m\u00e1s grande de Ecuador y su principal puerto, pero la priorizaci\u00f3n de sus intereses urbanos, pol\u00edticos y econ\u00f3micos ha tenido un grave impacto en varias especies end\u00e9micas. Dos de los problemas m\u00e1s graves est\u00e1n relacionados con el tr\u00e1fico y el crecimiento descontrolado de desarrollos urbanos en el bosque y el estuario circundantes. La Fundaci\u00f3n de Rescate Sacha se cre\u00f3 para proteger la vida silvestre y ahora recibe una gran cantidad de especies que busca devolver a su h\u00e1bitat natural o transferir a centros de conservaci\u00f3n. Muchas de las llegadas provienen del tr\u00e1fico y la posesi\u00f3n ilegal, pero la mayor\u00eda son resultado directo de la expansi\u00f3n urbana, industrial y agr\u00edcola. La duraci\u00f3n de su estancia en el centro depende de sus circunstancias individuales, y las dificultades en el proceso de reubicaci\u00f3n pueden prolongar su confinamiento. A pesar de estos desaf\u00edos, los constantes esfuerzos de la fundaci\u00f3n permiten que algunos animales se reintegren con \u00e9xito, mientras que muchos otros enfrentan un futuro incierto\u201d.<\/p>\n\n\n\n<figure class=\"wp-block-gallery has-nested-images columns-default is-cropped wp-block-gallery-2 is-layout-flex wp-block-gallery-is-layout-flex\">\n<figure class=\"wp-block-image size-large\"><img loading=\"lazy\" decoding=\"async\" width=\"644\" height=\"429\" data-id=\"69381\" src=\"https:\/\/www.uartes.edu.ec\/sitio\/wp-content\/uploads\/2025\/03\/03-GABRIELA-PORTALUPPI-644x429.jpg\" alt=\"\" class=\"wp-image-69381\" srcset=\"https:\/\/www.uartes.edu.ec\/sitio\/wp-content\/uploads\/2025\/03\/03-GABRIELA-PORTALUPPI-644x429.jpg 644w, https:\/\/www.uartes.edu.ec\/sitio\/wp-content\/uploads\/2025\/03\/03-GABRIELA-PORTALUPPI-300x200.jpg 300w, https:\/\/www.uartes.edu.ec\/sitio\/wp-content\/uploads\/2025\/03\/03-GABRIELA-PORTALUPPI-768x512.jpg 768w, https:\/\/www.uartes.edu.ec\/sitio\/wp-content\/uploads\/2025\/03\/03-GABRIELA-PORTALUPPI-1536x1024.jpg 1536w, https:\/\/www.uartes.edu.ec\/sitio\/wp-content\/uploads\/2025\/03\/03-GABRIELA-PORTALUPPI-18x12.jpg 18w, https:\/\/www.uartes.edu.ec\/sitio\/wp-content\/uploads\/2025\/03\/03-GABRIELA-PORTALUPPI-600x400.jpg 600w, https:\/\/www.uartes.edu.ec\/sitio\/wp-content\/uploads\/2025\/03\/03-GABRIELA-PORTALUPPI-400x267.jpg 400w, https:\/\/www.uartes.edu.ec\/sitio\/wp-content\/uploads\/2025\/03\/03-GABRIELA-PORTALUPPI.jpg 2000w\" sizes=\"(max-width: 644px) 100vw, 644px\" \/><\/figure>\n\n\n\n<figure class=\"wp-block-image size-large\"><img loading=\"lazy\" decoding=\"async\" width=\"644\" height=\"429\" data-id=\"69382\" src=\"https:\/\/www.uartes.edu.ec\/sitio\/wp-content\/uploads\/2025\/03\/01-GABRIELA-PORTALUPPI-644x429.jpg\" alt=\"\" class=\"wp-image-69382\" srcset=\"https:\/\/www.uartes.edu.ec\/sitio\/wp-content\/uploads\/2025\/03\/01-GABRIELA-PORTALUPPI-644x429.jpg 644w, https:\/\/www.uartes.edu.ec\/sitio\/wp-content\/uploads\/2025\/03\/01-GABRIELA-PORTALUPPI-300x200.jpg 300w, https:\/\/www.uartes.edu.ec\/sitio\/wp-content\/uploads\/2025\/03\/01-GABRIELA-PORTALUPPI-768x512.jpg 768w, https:\/\/www.uartes.edu.ec\/sitio\/wp-content\/uploads\/2025\/03\/01-GABRIELA-PORTALUPPI-1536x1024.jpg 1536w, https:\/\/www.uartes.edu.ec\/sitio\/wp-content\/uploads\/2025\/03\/01-GABRIELA-PORTALUPPI-18x12.jpg 18w, https:\/\/www.uartes.edu.ec\/sitio\/wp-content\/uploads\/2025\/03\/01-GABRIELA-PORTALUPPI-600x400.jpg 600w, https:\/\/www.uartes.edu.ec\/sitio\/wp-content\/uploads\/2025\/03\/01-GABRIELA-PORTALUPPI-400x267.jpg 400w, https:\/\/www.uartes.edu.ec\/sitio\/wp-content\/uploads\/2025\/03\/01-GABRIELA-PORTALUPPI.jpg 2000w\" sizes=\"(max-width: 644px) 100vw, 644px\" \/><\/figure>\n<\/figure>\n\n\n\n<p>Fotos: cortes\u00eda Mar\u00eda Gabriela Portaluppi. Son parte del trabajo fotogr\u00e1fico con el que particip\u00f3 en el Professional 2025 de los Sony World Photography Awards, constan tambi\u00e9n una de sus visitas a Sasha. Sobre estas l\u00edneas, im\u00e1genes proporcionadas por la Escuela de Posgrados UArtes y corresponden a la intervenci\u00f3n de la alumnus en la exposici\u00f3n que se efectu\u00f3 en 2024 en la Universidad de Nari\u00f1o (Colombia), en el marco de la circulaci\u00f3n internacional de obra art\u00edstica.<\/p>\n\n\n\n<p>En el enlace, sinopsis e im\u00e1genes de \u201cLa espera\u201d recogidas en el sitio web del certamen Professional 2025:<br><a href=\"https:\/\/www.worldphoto.org\/sony-world-photography-awards\/winners-galleries\/2025\/professional\/waiting-maria-portaluppi\">https:\/\/www.worldphoto.org\/sony-world-photography-awards\/winners-galleries\/2025\/professional\/waiting-maria-portaluppi<\/a><\/p>\n","protected":false},"excerpt":{"rendered":"<p>Durante la maestr\u00eda de Cine Documental que curs\u00f3 en la UArtes, Mar\u00eda Gabriela Portaluppi hizo una investigaci\u00f3n de campo para el audiovisual \u201cLa ciudad que devora cerros y se traga esteros\u201d, que aborda las consecuencias de la relaci\u00f3n de Guayaquil con la fauna silvestre que la rodea. El trabajo fotogr\u00e1fico de sus indagaciones dio vida a \u201cLa espera\u201d, proyecto con el particip\u00f3 en los Sony World Photography Awards y es finalista.<\/p>\n","protected":false},"author":10,"featured_media":69377,"comment_status":"open","ping_status":"open","sticky":false,"template":"","format":"standard","meta":{"_acf_changed":false,"_uag_custom_page_level_css":"","_monsterinsights_skip_tracking":false,"_monsterinsights_sitenote_active":false,"_monsterinsights_sitenote_note":"","_monsterinsights_sitenote_category":0,"cybocfi_hide_featured_image":"","footnotes":""},"categories":[80,490,82,264],"tags":[556],"infouartes":[],"class_list":["post-69376","post","type-post","status-publish","format-standard","has-post-thumbnail","hentry","category-academico","category-alumni","category-artes","category-maestrias","tag-concurso"],"acf":[],"yoast_head":"<!-- This site is optimized with the Yoast SEO plugin v27.4 - https:\/\/yoast.com\/product\/yoast-seo-wordpress\/ -->\n<title>Universidad de las Artes - Alumnus de posgrado Mar\u00eda Gabriela Portaluppi lleg\u00f3 con \u201cLa espera\u201d a la final de los Sony World Photography Awards<\/title>\n<meta name=\"description\" content=\"Universidad de las Artes - Alumnus de posgrado Mar\u00eda Gabriela Portaluppi lleg\u00f3 con \u201cLa espera\u201d a la final de los Sony World Photography Awards\" \/>\n<meta name=\"robots\" content=\"index, follow, max-snippet:-1, max-image-preview:large, max-video-preview:-1\" \/>\n<link rel=\"canonical\" href=\"https:\/\/www.uartes.edu.ec\/sitio\/blog\/2025\/03\/12\/alumnus-de-posgrado-maria-gabriela-portaluppi-llego-con-la-espera-a-la-final-de-los-sony-world-photography-awards\/\" \/>\n<meta property=\"og:locale\" content=\"es_ES\" \/>\n<meta property=\"og:type\" content=\"article\" \/>\n<meta property=\"og:title\" content=\"Universidad de las Artes - Alumnus de posgrado Mar\u00eda Gabriela Portaluppi lleg\u00f3 con \u201cLa espera\u201d a la final de los Sony World Photography Awards\" \/>\n<meta property=\"og:description\" content=\"Universidad de las Artes - Alumnus de posgrado Mar\u00eda Gabriela Portaluppi lleg\u00f3 con \u201cLa espera\u201d a la final de los Sony World Photography Awards\" \/>\n<meta property=\"og:url\" content=\"https:\/\/www.uartes.edu.ec\/sitio\/blog\/2025\/03\/12\/alumnus-de-posgrado-maria-gabriela-portaluppi-llego-con-la-espera-a-la-final-de-los-sony-world-photography-awards\/\" \/>\n<meta property=\"og:site_name\" content=\"Universidad de las Artes\" \/>\n<meta property=\"article:publisher\" content=\"https:\/\/www.facebook.com\/uartesec\" \/>\n<meta property=\"article:published_time\" content=\"2025-03-13T00:19:00+00:00\" \/>\n<meta property=\"article:modified_time\" content=\"2025-03-31T23:27:11+00:00\" \/>\n<meta property=\"og:image\" content=\"https:\/\/www.uartes.edu.ec\/sitio\/wp-content\/uploads\/2025\/03\/01-MARIA-POR.jpg\" \/>\n\t<meta property=\"og:image:width\" content=\"2000\" \/>\n\t<meta property=\"og:image:height\" content=\"1333\" \/>\n\t<meta property=\"og:image:type\" content=\"image\/jpeg\" \/>\n<meta name=\"author\" content=\"ccortez\" \/>\n<meta name=\"twitter:card\" content=\"summary_large_image\" \/>\n<meta name=\"twitter:creator\" content=\"@uartesec\" \/>\n<meta name=\"twitter:site\" content=\"@uartesec\" \/>\n<meta name=\"twitter:label1\" content=\"Escrito por\" \/>\n\t<meta name=\"twitter:data1\" content=\"ccortez\" \/>\n\t<meta name=\"twitter:label2\" content=\"Tiempo de lectura\" \/>\n\t<meta name=\"twitter:data2\" content=\"6 minutos\" \/>\n<script type=\"application\/ld+json\" class=\"yoast-schema-graph\">{\"@context\":\"https:\\\/\\\/schema.org\",\"@graph\":[{\"@type\":\"Article\",\"@id\":\"https:\\\/\\\/www.uartes.edu.ec\\\/sitio\\\/blog\\\/2025\\\/03\\\/12\\\/alumnus-de-posgrado-maria-gabriela-portaluppi-llego-con-la-espera-a-la-final-de-los-sony-world-photography-awards\\\/#article\",\"isPartOf\":{\"@id\":\"https:\\\/\\\/www.uartes.edu.ec\\\/sitio\\\/blog\\\/2025\\\/03\\\/12\\\/alumnus-de-posgrado-maria-gabriela-portaluppi-llego-con-la-espera-a-la-final-de-los-sony-world-photography-awards\\\/\"},\"author\":{\"name\":\"ccortez\",\"@id\":\"https:\\\/\\\/www.uartes.edu.ec\\\/sitio\\\/#\\\/schema\\\/person\\\/efa1b8275797664fd7f13a79ccc0b1f4\"},\"headline\":\"Alumnus de posgrado Mar\u00eda Gabriela Portaluppi lleg\u00f3 con \u201cLa espera\u201d a la final de los Sony World Photography Awards\",\"datePublished\":\"2025-03-13T00:19:00+00:00\",\"dateModified\":\"2025-03-31T23:27:11+00:00\",\"mainEntityOfPage\":{\"@id\":\"https:\\\/\\\/www.uartes.edu.ec\\\/sitio\\\/blog\\\/2025\\\/03\\\/12\\\/alumnus-de-posgrado-maria-gabriela-portaluppi-llego-con-la-espera-a-la-final-de-los-sony-world-photography-awards\\\/\"},\"wordCount\":971,\"commentCount\":0,\"publisher\":{\"@id\":\"https:\\\/\\\/www.uartes.edu.ec\\\/sitio\\\/#organization\"},\"image\":{\"@id\":\"https:\\\/\\\/www.uartes.edu.ec\\\/sitio\\\/blog\\\/2025\\\/03\\\/12\\\/alumnus-de-posgrado-maria-gabriela-portaluppi-llego-con-la-espera-a-la-final-de-los-sony-world-photography-awards\\\/#primaryimage\"},\"thumbnailUrl\":\"https:\\\/\\\/www.uartes.edu.ec\\\/sitio\\\/wp-content\\\/uploads\\\/2025\\\/03\\\/01-MARIA-POR.jpg\",\"keywords\":[\"concurso\"],\"articleSection\":[\"Acad\u00e9mico\",\"Alumni\",\"Artes\",\"Maestr\u00edas\"],\"inLanguage\":\"es\",\"potentialAction\":[{\"@type\":\"CommentAction\",\"name\":\"Comment\",\"target\":[\"https:\\\/\\\/www.uartes.edu.ec\\\/sitio\\\/blog\\\/2025\\\/03\\\/12\\\/alumnus-de-posgrado-maria-gabriela-portaluppi-llego-con-la-espera-a-la-final-de-los-sony-world-photography-awards\\\/#respond\"]}]},{\"@type\":[\"WebPage\",\"ItemPage\"],\"@id\":\"https:\\\/\\\/www.uartes.edu.ec\\\/sitio\\\/blog\\\/2025\\\/03\\\/12\\\/alumnus-de-posgrado-maria-gabriela-portaluppi-llego-con-la-espera-a-la-final-de-los-sony-world-photography-awards\\\/\",\"url\":\"https:\\\/\\\/www.uartes.edu.ec\\\/sitio\\\/blog\\\/2025\\\/03\\\/12\\\/alumnus-de-posgrado-maria-gabriela-portaluppi-llego-con-la-espera-a-la-final-de-los-sony-world-photography-awards\\\/\",\"name\":\"Universidad de las Artes - Alumnus de posgrado Mar\u00eda Gabriela Portaluppi lleg\u00f3 con \u201cLa espera\u201d a la final de los Sony World Photography Awards\",\"isPartOf\":{\"@id\":\"https:\\\/\\\/www.uartes.edu.ec\\\/sitio\\\/#website\"},\"primaryImageOfPage\":{\"@id\":\"https:\\\/\\\/www.uartes.edu.ec\\\/sitio\\\/blog\\\/2025\\\/03\\\/12\\\/alumnus-de-posgrado-maria-gabriela-portaluppi-llego-con-la-espera-a-la-final-de-los-sony-world-photography-awards\\\/#primaryimage\"},\"image\":{\"@id\":\"https:\\\/\\\/www.uartes.edu.ec\\\/sitio\\\/blog\\\/2025\\\/03\\\/12\\\/alumnus-de-posgrado-maria-gabriela-portaluppi-llego-con-la-espera-a-la-final-de-los-sony-world-photography-awards\\\/#primaryimage\"},\"thumbnailUrl\":\"https:\\\/\\\/www.uartes.edu.ec\\\/sitio\\\/wp-content\\\/uploads\\\/2025\\\/03\\\/01-MARIA-POR.jpg\",\"datePublished\":\"2025-03-13T00:19:00+00:00\",\"dateModified\":\"2025-03-31T23:27:11+00:00\",\"description\":\"Universidad de las Artes - Alumnus de posgrado Mar\u00eda Gabriela Portaluppi lleg\u00f3 con \u201cLa espera\u201d a la final de los Sony World Photography Awards\",\"breadcrumb\":{\"@id\":\"https:\\\/\\\/www.uartes.edu.ec\\\/sitio\\\/blog\\\/2025\\\/03\\\/12\\\/alumnus-de-posgrado-maria-gabriela-portaluppi-llego-con-la-espera-a-la-final-de-los-sony-world-photography-awards\\\/#breadcrumb\"},\"inLanguage\":\"es\",\"potentialAction\":[{\"@type\":\"ReadAction\",\"target\":[\"https:\\\/\\\/www.uartes.edu.ec\\\/sitio\\\/blog\\\/2025\\\/03\\\/12\\\/alumnus-de-posgrado-maria-gabriela-portaluppi-llego-con-la-espera-a-la-final-de-los-sony-world-photography-awards\\\/\"]}]},{\"@type\":\"ImageObject\",\"inLanguage\":\"es\",\"@id\":\"https:\\\/\\\/www.uartes.edu.ec\\\/sitio\\\/blog\\\/2025\\\/03\\\/12\\\/alumnus-de-posgrado-maria-gabriela-portaluppi-llego-con-la-espera-a-la-final-de-los-sony-world-photography-awards\\\/#primaryimage\",\"url\":\"https:\\\/\\\/www.uartes.edu.ec\\\/sitio\\\/wp-content\\\/uploads\\\/2025\\\/03\\\/01-MARIA-POR.jpg\",\"contentUrl\":\"https:\\\/\\\/www.uartes.edu.ec\\\/sitio\\\/wp-content\\\/uploads\\\/2025\\\/03\\\/01-MARIA-POR.jpg\",\"width\":2000,\"height\":1333},{\"@type\":\"BreadcrumbList\",\"@id\":\"https:\\\/\\\/www.uartes.edu.ec\\\/sitio\\\/blog\\\/2025\\\/03\\\/12\\\/alumnus-de-posgrado-maria-gabriela-portaluppi-llego-con-la-espera-a-la-final-de-los-sony-world-photography-awards\\\/#breadcrumb\",\"itemListElement\":[{\"@type\":\"ListItem\",\"position\":1,\"name\":\"Inicio\",\"item\":\"https:\\\/\\\/www.uartes.edu.ec\\\/sitio\\\/\"},{\"@type\":\"ListItem\",\"position\":2,\"name\":\"Alumnus de posgrado Mar\u00eda Gabriela Portaluppi lleg\u00f3 con \u201cLa espera\u201d a la final de los Sony World Photography Awards\"}]},{\"@type\":\"WebSite\",\"@id\":\"https:\\\/\\\/www.uartes.edu.ec\\\/sitio\\\/#website\",\"url\":\"https:\\\/\\\/www.uartes.edu.ec\\\/sitio\\\/\",\"name\":\"Universidad de las Artes\",\"description\":\"Sitio oficial de la Universidad Nacional de las Artes del Ecuador\",\"publisher\":{\"@id\":\"https:\\\/\\\/www.uartes.edu.ec\\\/sitio\\\/#organization\"},\"potentialAction\":[{\"@type\":\"SearchAction\",\"target\":{\"@type\":\"EntryPoint\",\"urlTemplate\":\"https:\\\/\\\/www.uartes.edu.ec\\\/sitio\\\/?s={search_term_string}\"},\"query-input\":{\"@type\":\"PropertyValueSpecification\",\"valueRequired\":true,\"valueName\":\"search_term_string\"}}],\"inLanguage\":\"es\"},{\"@type\":\"Organization\",\"@id\":\"https:\\\/\\\/www.uartes.edu.ec\\\/sitio\\\/#organization\",\"name\":\"Universidad de las Artes\",\"url\":\"https:\\\/\\\/www.uartes.edu.ec\\\/sitio\\\/\",\"logo\":{\"@type\":\"ImageObject\",\"inLanguage\":\"es\",\"@id\":\"https:\\\/\\\/www.uartes.edu.ec\\\/sitio\\\/#\\\/schema\\\/logo\\\/image\\\/\",\"url\":\"https:\\\/\\\/www.uartes.edu.ec\\\/sitio\\\/wp-content\\\/uploads\\\/2022\\\/07\\\/logo-ua-horizontal.png\",\"contentUrl\":\"https:\\\/\\\/www.uartes.edu.ec\\\/sitio\\\/wp-content\\\/uploads\\\/2022\\\/07\\\/logo-ua-horizontal.png\",\"width\":800,\"height\":276,\"caption\":\"Universidad de las Artes\"},\"image\":{\"@id\":\"https:\\\/\\\/www.uartes.edu.ec\\\/sitio\\\/#\\\/schema\\\/logo\\\/image\\\/\"},\"sameAs\":[\"https:\\\/\\\/www.facebook.com\\\/uartesec\",\"https:\\\/\\\/x.com\\\/uartesec\",\"https:\\\/\\\/www.tiktok.com\\\/@uartesec\"]},{\"@type\":\"Person\",\"@id\":\"https:\\\/\\\/www.uartes.edu.ec\\\/sitio\\\/#\\\/schema\\\/person\\\/efa1b8275797664fd7f13a79ccc0b1f4\",\"name\":\"ccortez\",\"image\":{\"@type\":\"ImageObject\",\"inLanguage\":\"es\",\"@id\":\"https:\\\/\\\/secure.gravatar.com\\\/avatar\\\/b2a6f664a3ae8e074346ef91775736c5ec479e637ecced6842de9dc98b5da9cd?s=96&d=mm&r=g\",\"url\":\"https:\\\/\\\/secure.gravatar.com\\\/avatar\\\/b2a6f664a3ae8e074346ef91775736c5ec479e637ecced6842de9dc98b5da9cd?s=96&d=mm&r=g\",\"contentUrl\":\"https:\\\/\\\/secure.gravatar.com\\\/avatar\\\/b2a6f664a3ae8e074346ef91775736c5ec479e637ecced6842de9dc98b5da9cd?s=96&d=mm&r=g\",\"caption\":\"ccortez\"},\"url\":\"https:\\\/\\\/www.uartes.edu.ec\\\/sitio\\\/blog\\\/author\\\/ccortez\\\/\"}]}<\/script>\n<!-- \/ Yoast SEO plugin. -->","yoast_head_json":{"title":"Universidad de las Artes - Alumnus de posgrado Mar\u00eda Gabriela Portaluppi lleg\u00f3 con \u201cLa espera\u201d a la final de los Sony World Photography Awards","description":"Universidad de las Artes - Alumnus de posgrado Mar\u00eda Gabriela Portaluppi lleg\u00f3 con \u201cLa espera\u201d a la final de los Sony World Photography Awards","robots":{"index":"index","follow":"follow","max-snippet":"max-snippet:-1","max-image-preview":"max-image-preview:large","max-video-preview":"max-video-preview:-1"},"canonical":"https:\/\/www.uartes.edu.ec\/sitio\/blog\/2025\/03\/12\/alumnus-de-posgrado-maria-gabriela-portaluppi-llego-con-la-espera-a-la-final-de-los-sony-world-photography-awards\/","og_locale":"es_ES","og_type":"article","og_title":"Universidad de las Artes - Alumnus de posgrado Mar\u00eda Gabriela Portaluppi lleg\u00f3 con \u201cLa espera\u201d a la final de los Sony World Photography Awards","og_description":"Universidad de las Artes - Alumnus de posgrado Mar\u00eda Gabriela Portaluppi lleg\u00f3 con \u201cLa espera\u201d a la final de los Sony World Photography Awards","og_url":"https:\/\/www.uartes.edu.ec\/sitio\/blog\/2025\/03\/12\/alumnus-de-posgrado-maria-gabriela-portaluppi-llego-con-la-espera-a-la-final-de-los-sony-world-photography-awards\/","og_site_name":"Universidad de las Artes","article_publisher":"https:\/\/www.facebook.com\/uartesec","article_published_time":"2025-03-13T00:19:00+00:00","article_modified_time":"2025-03-31T23:27:11+00:00","og_image":[{"width":2000,"height":1333,"url":"https:\/\/www.uartes.edu.ec\/sitio\/wp-content\/uploads\/2025\/03\/01-MARIA-POR.jpg","type":"image\/jpeg"}],"author":"ccortez","twitter_card":"summary_large_image","twitter_creator":"@uartesec","twitter_site":"@uartesec","twitter_misc":{"Escrito por":"ccortez","Tiempo de lectura":"6 minutos"},"schema":{"@context":"https:\/\/schema.org","@graph":[{"@type":"Article","@id":"https:\/\/www.uartes.edu.ec\/sitio\/blog\/2025\/03\/12\/alumnus-de-posgrado-maria-gabriela-portaluppi-llego-con-la-espera-a-la-final-de-los-sony-world-photography-awards\/#article","isPartOf":{"@id":"https:\/\/www.uartes.edu.ec\/sitio\/blog\/2025\/03\/12\/alumnus-de-posgrado-maria-gabriela-portaluppi-llego-con-la-espera-a-la-final-de-los-sony-world-photography-awards\/"},"author":{"name":"ccortez","@id":"https:\/\/www.uartes.edu.ec\/sitio\/#\/schema\/person\/efa1b8275797664fd7f13a79ccc0b1f4"},"headline":"Alumnus de posgrado Mar\u00eda Gabriela Portaluppi lleg\u00f3 con \u201cLa espera\u201d a la final de los Sony World Photography Awards","datePublished":"2025-03-13T00:19:00+00:00","dateModified":"2025-03-31T23:27:11+00:00","mainEntityOfPage":{"@id":"https:\/\/www.uartes.edu.ec\/sitio\/blog\/2025\/03\/12\/alumnus-de-posgrado-maria-gabriela-portaluppi-llego-con-la-espera-a-la-final-de-los-sony-world-photography-awards\/"},"wordCount":971,"commentCount":0,"publisher":{"@id":"https:\/\/www.uartes.edu.ec\/sitio\/#organization"},"image":{"@id":"https:\/\/www.uartes.edu.ec\/sitio\/blog\/2025\/03\/12\/alumnus-de-posgrado-maria-gabriela-portaluppi-llego-con-la-espera-a-la-final-de-los-sony-world-photography-awards\/#primaryimage"},"thumbnailUrl":"https:\/\/www.uartes.edu.ec\/sitio\/wp-content\/uploads\/2025\/03\/01-MARIA-POR.jpg","keywords":["concurso"],"articleSection":["Acad\u00e9mico","Alumni","Artes","Maestr\u00edas"],"inLanguage":"es","potentialAction":[{"@type":"CommentAction","name":"Comment","target":["https:\/\/www.uartes.edu.ec\/sitio\/blog\/2025\/03\/12\/alumnus-de-posgrado-maria-gabriela-portaluppi-llego-con-la-espera-a-la-final-de-los-sony-world-photography-awards\/#respond"]}]},{"@type":["WebPage","ItemPage"],"@id":"https:\/\/www.uartes.edu.ec\/sitio\/blog\/2025\/03\/12\/alumnus-de-posgrado-maria-gabriela-portaluppi-llego-con-la-espera-a-la-final-de-los-sony-world-photography-awards\/","url":"https:\/\/www.uartes.edu.ec\/sitio\/blog\/2025\/03\/12\/alumnus-de-posgrado-maria-gabriela-portaluppi-llego-con-la-espera-a-la-final-de-los-sony-world-photography-awards\/","name":"Universidad de las Artes - Alumnus de posgrado Mar\u00eda Gabriela Portaluppi lleg\u00f3 con \u201cLa espera\u201d a la final de los Sony World Photography Awards","isPartOf":{"@id":"https:\/\/www.uartes.edu.ec\/sitio\/#website"},"primaryImageOfPage":{"@id":"https:\/\/www.uartes.edu.ec\/sitio\/blog\/2025\/03\/12\/alumnus-de-posgrado-maria-gabriela-portaluppi-llego-con-la-espera-a-la-final-de-los-sony-world-photography-awards\/#primaryimage"},"image":{"@id":"https:\/\/www.uartes.edu.ec\/sitio\/blog\/2025\/03\/12\/alumnus-de-posgrado-maria-gabriela-portaluppi-llego-con-la-espera-a-la-final-de-los-sony-world-photography-awards\/#primaryimage"},"thumbnailUrl":"https:\/\/www.uartes.edu.ec\/sitio\/wp-content\/uploads\/2025\/03\/01-MARIA-POR.jpg","datePublished":"2025-03-13T00:19:00+00:00","dateModified":"2025-03-31T23:27:11+00:00","description":"Universidad de las Artes - Alumnus de posgrado Mar\u00eda Gabriela Portaluppi lleg\u00f3 con \u201cLa espera\u201d a la final de los Sony World Photography Awards","breadcrumb":{"@id":"https:\/\/www.uartes.edu.ec\/sitio\/blog\/2025\/03\/12\/alumnus-de-posgrado-maria-gabriela-portaluppi-llego-con-la-espera-a-la-final-de-los-sony-world-photography-awards\/#breadcrumb"},"inLanguage":"es","potentialAction":[{"@type":"ReadAction","target":["https:\/\/www.uartes.edu.ec\/sitio\/blog\/2025\/03\/12\/alumnus-de-posgrado-maria-gabriela-portaluppi-llego-con-la-espera-a-la-final-de-los-sony-world-photography-awards\/"]}]},{"@type":"ImageObject","inLanguage":"es","@id":"https:\/\/www.uartes.edu.ec\/sitio\/blog\/2025\/03\/12\/alumnus-de-posgrado-maria-gabriela-portaluppi-llego-con-la-espera-a-la-final-de-los-sony-world-photography-awards\/#primaryimage","url":"https:\/\/www.uartes.edu.ec\/sitio\/wp-content\/uploads\/2025\/03\/01-MARIA-POR.jpg","contentUrl":"https:\/\/www.uartes.edu.ec\/sitio\/wp-content\/uploads\/2025\/03\/01-MARIA-POR.jpg","width":2000,"height":1333},{"@type":"BreadcrumbList","@id":"https:\/\/www.uartes.edu.ec\/sitio\/blog\/2025\/03\/12\/alumnus-de-posgrado-maria-gabriela-portaluppi-llego-con-la-espera-a-la-final-de-los-sony-world-photography-awards\/#breadcrumb","itemListElement":[{"@type":"ListItem","position":1,"name":"Inicio","item":"https:\/\/www.uartes.edu.ec\/sitio\/"},{"@type":"ListItem","position":2,"name":"Alumnus de posgrado Mar\u00eda Gabriela Portaluppi lleg\u00f3 con \u201cLa espera\u201d a la final de los Sony World Photography Awards"}]},{"@type":"WebSite","@id":"https:\/\/www.uartes.edu.ec\/sitio\/#website","url":"https:\/\/www.uartes.edu.ec\/sitio\/","name":"Universidad de las Artes","description":"Sitio oficial de la Universidad Nacional de las Artes del Ecuador","publisher":{"@id":"https:\/\/www.uartes.edu.ec\/sitio\/#organization"},"potentialAction":[{"@type":"SearchAction","target":{"@type":"EntryPoint","urlTemplate":"https:\/\/www.uartes.edu.ec\/sitio\/?s={search_term_string}"},"query-input":{"@type":"PropertyValueSpecification","valueRequired":true,"valueName":"search_term_string"}}],"inLanguage":"es"},{"@type":"Organization","@id":"https:\/\/www.uartes.edu.ec\/sitio\/#organization","name":"Universidad de las Artes","url":"https:\/\/www.uartes.edu.ec\/sitio\/","logo":{"@type":"ImageObject","inLanguage":"es","@id":"https:\/\/www.uartes.edu.ec\/sitio\/#\/schema\/logo\/image\/","url":"https:\/\/www.uartes.edu.ec\/sitio\/wp-content\/uploads\/2022\/07\/logo-ua-horizontal.png","contentUrl":"https:\/\/www.uartes.edu.ec\/sitio\/wp-content\/uploads\/2022\/07\/logo-ua-horizontal.png","width":800,"height":276,"caption":"Universidad de las Artes"},"image":{"@id":"https:\/\/www.uartes.edu.ec\/sitio\/#\/schema\/logo\/image\/"},"sameAs":["https:\/\/www.facebook.com\/uartesec","https:\/\/x.com\/uartesec","https:\/\/www.tiktok.com\/@uartesec"]},{"@type":"Person","@id":"https:\/\/www.uartes.edu.ec\/sitio\/#\/schema\/person\/efa1b8275797664fd7f13a79ccc0b1f4","name":"ccortez","image":{"@type":"ImageObject","inLanguage":"es","@id":"https:\/\/secure.gravatar.com\/avatar\/b2a6f664a3ae8e074346ef91775736c5ec479e637ecced6842de9dc98b5da9cd?s=96&d=mm&r=g","url":"https:\/\/secure.gravatar.com\/avatar\/b2a6f664a3ae8e074346ef91775736c5ec479e637ecced6842de9dc98b5da9cd?s=96&d=mm&r=g","contentUrl":"https:\/\/secure.gravatar.com\/avatar\/b2a6f664a3ae8e074346ef91775736c5ec479e637ecced6842de9dc98b5da9cd?s=96&d=mm&r=g","caption":"ccortez"},"url":"https:\/\/www.uartes.edu.ec\/sitio\/blog\/author\/ccortez\/"}]}},"uagb_featured_image_src":{"full":["https:\/\/www.uartes.edu.ec\/sitio\/wp-content\/uploads\/2025\/03\/01-MARIA-POR.jpg",2000,1333,false],"thumbnail":["https:\/\/www.uartes.edu.ec\/sitio\/wp-content\/uploads\/2025\/03\/01-MARIA-POR-150x150.jpg",150,150,true],"medium":["https:\/\/www.uartes.edu.ec\/sitio\/wp-content\/uploads\/2025\/03\/01-MARIA-POR-300x200.jpg",300,200,true],"medium_large":["https:\/\/www.uartes.edu.ec\/sitio\/wp-content\/uploads\/2025\/03\/01-MARIA-POR-768x512.jpg",768,512,true],"large":["https:\/\/www.uartes.edu.ec\/sitio\/wp-content\/uploads\/2025\/03\/01-MARIA-POR-644x429.jpg",644,429,true],"1536x1536":["https:\/\/www.uartes.edu.ec\/sitio\/wp-content\/uploads\/2025\/03\/01-MARIA-POR-1536x1024.jpg",1536,1024,true],"2048x2048":["https:\/\/www.uartes.edu.ec\/sitio\/wp-content\/uploads\/2025\/03\/01-MARIA-POR.jpg",2000,1333,false],"trp-custom-language-flag":["https:\/\/www.uartes.edu.ec\/sitio\/wp-content\/uploads\/2025\/03\/01-MARIA-POR-18x12.jpg",18,12,true],"htmega_size_585x295":["https:\/\/www.uartes.edu.ec\/sitio\/wp-content\/uploads\/2025\/03\/01-MARIA-POR-585x295.jpg",585,295,true],"htmega_size_1170x536":["https:\/\/www.uartes.edu.ec\/sitio\/wp-content\/uploads\/2025\/03\/01-MARIA-POR-1170x536.jpg",1170,536,true],"htmega_size_396x360":["https:\/\/www.uartes.edu.ec\/sitio\/wp-content\/uploads\/2025\/03\/01-MARIA-POR-396x360.jpg",396,360,true],"gb-block-post-grid-landscape":["https:\/\/www.uartes.edu.ec\/sitio\/wp-content\/uploads\/2025\/03\/01-MARIA-POR-600x400.jpg",600,400,true],"gb-block-post-grid-square":["https:\/\/www.uartes.edu.ec\/sitio\/wp-content\/uploads\/2025\/03\/01-MARIA-POR-600x600.jpg",600,600,true],"university-hub-thumb":["https:\/\/www.uartes.edu.ec\/sitio\/wp-content\/uploads\/2025\/03\/01-MARIA-POR-400x267.jpg",400,267,true]},"uagb_author_info":{"display_name":"ccortez","author_link":"https:\/\/www.uartes.edu.ec\/sitio\/blog\/author\/ccortez\/"},"uagb_comment_info":0,"uagb_excerpt":"Durante la maestr\u00eda de Cine Documental que curs\u00f3 en la UArtes, Mar\u00eda Gabriela Portaluppi hizo una investigaci\u00f3n de campo para el audiovisual \u201cLa ciudad que devora cerros y se traga esteros\u201d, que aborda las consecuencias de la relaci\u00f3n de Guayaquil con la fauna silvestre que la rodea. El trabajo fotogr\u00e1fico de sus indagaciones dio vida&hellip;","featured_image_src":"https:\/\/www.uartes.edu.ec\/sitio\/wp-content\/uploads\/2025\/03\/01-MARIA-POR-600x400.jpg","featured_image_src_square":"https:\/\/www.uartes.edu.ec\/sitio\/wp-content\/uploads\/2025\/03\/01-MARIA-POR-600x600.jpg","author_info":{"display_name":"ccortez","author_link":"https:\/\/www.uartes.edu.ec\/sitio\/blog\/author\/ccortez\/"},"publishpress_future_workflow_manual_trigger":{"enabledWorkflows":[]},"distributor_meta":false,"distributor_terms":false,"distributor_media":false,"distributor_original_site_name":"Universidad de las Artes","distributor_original_site_url":"https:\/\/www.uartes.edu.ec\/sitio","push-errors":false,"_links":{"self":[{"href":"https:\/\/www.uartes.edu.ec\/sitio\/wp-json\/wp\/v2\/posts\/69376","targetHints":{"allow":["GET"]}}],"collection":[{"href":"https:\/\/www.uartes.edu.ec\/sitio\/wp-json\/wp\/v2\/posts"}],"about":[{"href":"https:\/\/www.uartes.edu.ec\/sitio\/wp-json\/wp\/v2\/types\/post"}],"author":[{"embeddable":true,"href":"https:\/\/www.uartes.edu.ec\/sitio\/wp-json\/wp\/v2\/users\/10"}],"replies":[{"embeddable":true,"href":"https:\/\/www.uartes.edu.ec\/sitio\/wp-json\/wp\/v2\/comments?post=69376"}],"version-history":[{"count":9,"href":"https:\/\/www.uartes.edu.ec\/sitio\/wp-json\/wp\/v2\/posts\/69376\/revisions"}],"predecessor-version":[{"id":69411,"href":"https:\/\/www.uartes.edu.ec\/sitio\/wp-json\/wp\/v2\/posts\/69376\/revisions\/69411"}],"wp:featuredmedia":[{"embeddable":true,"href":"https:\/\/www.uartes.edu.ec\/sitio\/wp-json\/wp\/v2\/media\/69377"}],"wp:attachment":[{"href":"https:\/\/www.uartes.edu.ec\/sitio\/wp-json\/wp\/v2\/media?parent=69376"}],"wp:term":[{"taxonomy":"category","embeddable":true,"href":"https:\/\/www.uartes.edu.ec\/sitio\/wp-json\/wp\/v2\/categories?post=69376"},{"taxonomy":"post_tag","embeddable":true,"href":"https:\/\/www.uartes.edu.ec\/sitio\/wp-json\/wp\/v2\/tags?post=69376"},{"taxonomy":"infouartes","embeddable":true,"href":"https:\/\/www.uartes.edu.ec\/sitio\/wp-json\/wp\/v2\/infouartes?post=69376"}],"curies":[{"name":"wp","href":"https:\/\/api.w.org\/{rel}","templated":true}]}}