{"id":69467,"date":"2025-03-13T18:18:00","date_gmt":"2025-03-13T23:18:00","guid":{"rendered":"https:\/\/www.uartes.edu.ec\/sitio\/?p=69467"},"modified":"2025-03-31T18:36:51","modified_gmt":"2025-03-31T23:36:51","slug":"tres-graduadas-y-una-estudiante-de-la-uartes-conquistan-el-salon-de-la-mujer-de-la-ccng-al-ganar-el-primer-premio-y-las-tres-menciones-de-honor","status":"publish","type":"post","link":"https:\/\/www.uartes.edu.ec\/sitio\/blog\/2025\/03\/13\/tres-graduadas-y-una-estudiante-de-la-uartes-conquistan-el-salon-de-la-mujer-de-la-ccng-al-ganar-el-primer-premio-y-las-tres-menciones-de-honor\/","title":{"rendered":"Tres graduadas y una estudiante de UArtes conquistan el Sal\u00f3n de la Mujer de la CCNG con primer premio y  menciones de honor"},"content":{"rendered":"\n<p>El primer premio adquisici\u00f3n de la vigesimosexta edici\u00f3n del Sal\u00f3n de la Mujer de la Casa de la Cultura N\u00facleo del Guayas (CCNG) fue para Melissa de la A Colcha y su obra \u201cMatices y paisajes de la memoria\u201d. Ella obtuvo su licenciatura en la Escuela de Artes Visuales de la Universidad de las Artes, al igual que las alumni Gabriela Serrano Soto y Mar\u00eda Ver\u00f3nica Jaime, quienes se alzaron con dos de las tres menciones de honor que otorga el certamen. El tercero de estos reconocimientos fue para Mayerli Castro Tigrero, estudiante UArtes.<\/p>\n\n\n\n<p>La premiaci\u00f3n del Sal\u00f3n de la Mujer 2025 se realiz\u00f3 ayer, mi\u00e9rcoles 12 de marzo, en el Museo Manuel Rend\u00f3n Seminario, acto que fue presidido por su directora, la doctora Martha Rizzo, y en el que se entreg\u00f3 un reconocimiento a nuestra docente Mar\u00eda Fernanda L\u00f3pez y se destac\u00f3 la labor cumplida por los miembros del jurado: Mar\u00eda Jos\u00e9 F\u00e9lix Vel\u00e1squez, Galo Mosquera Mora y Gabriela Fabre, quien es tambi\u00e9n acad\u00e9mica de la UArtes. &nbsp;&nbsp;<\/p>\n\n\n<div class=\"wp-block-image\">\n<figure class=\"aligncenter size-large\"><img fetchpriority=\"high\" decoding=\"async\" width=\"644\" height=\"449\" src=\"https:\/\/www.uartes.edu.ec\/sitio\/wp-content\/uploads\/2025\/03\/salon-2-2025-644x449.jpg\" alt=\"\" class=\"wp-image-69469\" srcset=\"https:\/\/www.uartes.edu.ec\/sitio\/wp-content\/uploads\/2025\/03\/salon-2-2025-644x449.jpg 644w, https:\/\/www.uartes.edu.ec\/sitio\/wp-content\/uploads\/2025\/03\/salon-2-2025-300x209.jpg 300w, https:\/\/www.uartes.edu.ec\/sitio\/wp-content\/uploads\/2025\/03\/salon-2-2025-768x535.jpg 768w, https:\/\/www.uartes.edu.ec\/sitio\/wp-content\/uploads\/2025\/03\/salon-2-2025-1536x1070.jpg 1536w, https:\/\/www.uartes.edu.ec\/sitio\/wp-content\/uploads\/2025\/03\/salon-2-2025-18x12.jpg 18w, https:\/\/www.uartes.edu.ec\/sitio\/wp-content\/uploads\/2025\/03\/salon-2-2025-400x279.jpg 400w, https:\/\/www.uartes.edu.ec\/sitio\/wp-content\/uploads\/2025\/03\/salon-2-2025.jpg 2000w\" sizes=\"(max-width: 644px) 100vw, 644px\" \/><\/figure>\n<\/div>\n\n\n<p>En este a\u00f1o, la tem\u00e1tica del reconocido sal\u00f3n de la CCNG fue \u201cMujeres Invisibles, Historias Visibles\u201d.&nbsp;A la convocatoria que lanz\u00f3 el 15 de enero pasado respondieron 41 artistas, quedando quince obras seleccionadas. En su intervenci\u00f3n, la doctora Rizzo destac\u00f3 el prop\u00f3sito de seguir impulsando espacios de reconocimiento y difusi\u00f3n del talento femenino en el arte.<\/p>\n\n\n\n<p>La propuesta de la anterior edici\u00f3n del Sal\u00f3n de la Mujer \u2013en la que celebr\u00f3 25 a\u00f1os de permanencia y estuvo dirigido por Mar\u00eda Fernanda L\u00f3pez\u2013, se implement\u00f3 el reconocimiento al Arte Urbano, resultado de la sinergia entre la CCNG y la plataforma \u201cArte, mujeres y espacio p\u00fablico\u201d de la cual la docente UArtes es fundadora. El premio en esa categor\u00eda lo obtuvo en este 2025 Jennifer \u00c1lvarez con el mural \u201cEl jard\u00edn de las recordadas\u201d, el cual se aprecia ya en la fachada de la instituci\u00f3n cultural y tambi\u00e9n fue presentado.<\/p>\n\n\n\n<p>Tras la premiaci\u00f3n, qued\u00f3 abierta la muestra de las obras admitidas y premiadas del Sal\u00f3n de la Mujer 2025.&nbsp;Junto con la obra de Melissa de la A, en el espacio expositivo se encuentran los trabajos art\u00edsticos de Gabriela Serrano Soto, quien lo titul\u00f3 \u2018Madre Coraje\u2019; Mayerli Castro Tigrero, con \u201cLorenza Abima\u00f1ay Tacuri, dirigente del Chimborazo\u201d; y Mar\u00eda Ver\u00f3nica Jaime, con \u201cP\u00e1jaros del mismo plumaje\u201d.<\/p>\n\n\n\n<figure class=\"wp-block-gallery has-nested-images columns-default is-cropped wp-block-gallery-1 is-layout-flex wp-block-gallery-is-layout-flex\">\n<figure class=\"wp-block-image size-large\"><img decoding=\"async\" width=\"644\" height=\"362\" data-id=\"69473\" src=\"https:\/\/www.uartes.edu.ec\/sitio\/wp-content\/uploads\/2025\/03\/Mencion1-644x362.png\" alt=\"\" class=\"wp-image-69473\" srcset=\"https:\/\/www.uartes.edu.ec\/sitio\/wp-content\/uploads\/2025\/03\/Mencion1-644x362.png 644w, https:\/\/www.uartes.edu.ec\/sitio\/wp-content\/uploads\/2025\/03\/Mencion1-300x169.png 300w, https:\/\/www.uartes.edu.ec\/sitio\/wp-content\/uploads\/2025\/03\/Mencion1-768x432.png 768w, https:\/\/www.uartes.edu.ec\/sitio\/wp-content\/uploads\/2025\/03\/Mencion1-18x10.png 18w, https:\/\/www.uartes.edu.ec\/sitio\/wp-content\/uploads\/2025\/03\/Mencion1-400x225.png 400w, https:\/\/www.uartes.edu.ec\/sitio\/wp-content\/uploads\/2025\/03\/Mencion1.png 1191w\" sizes=\"(max-width: 644px) 100vw, 644px\" \/><\/figure>\n\n\n\n<figure class=\"wp-block-image size-large\"><img decoding=\"async\" width=\"644\" height=\"429\" data-id=\"69471\" src=\"https:\/\/www.uartes.edu.ec\/sitio\/wp-content\/uploads\/2025\/03\/GABRIELA-SOTO-SALON-DE-LA-MUJER-OK-644x429.jpg\" alt=\"\" class=\"wp-image-69471\" srcset=\"https:\/\/www.uartes.edu.ec\/sitio\/wp-content\/uploads\/2025\/03\/GABRIELA-SOTO-SALON-DE-LA-MUJER-OK-644x429.jpg 644w, https:\/\/www.uartes.edu.ec\/sitio\/wp-content\/uploads\/2025\/03\/GABRIELA-SOTO-SALON-DE-LA-MUJER-OK-300x200.jpg 300w, https:\/\/www.uartes.edu.ec\/sitio\/wp-content\/uploads\/2025\/03\/GABRIELA-SOTO-SALON-DE-LA-MUJER-OK-768x512.jpg 768w, https:\/\/www.uartes.edu.ec\/sitio\/wp-content\/uploads\/2025\/03\/GABRIELA-SOTO-SALON-DE-LA-MUJER-OK-1536x1024.jpg 1536w, https:\/\/www.uartes.edu.ec\/sitio\/wp-content\/uploads\/2025\/03\/GABRIELA-SOTO-SALON-DE-LA-MUJER-OK-18x12.jpg 18w, https:\/\/www.uartes.edu.ec\/sitio\/wp-content\/uploads\/2025\/03\/GABRIELA-SOTO-SALON-DE-LA-MUJER-OK-600x400.jpg 600w, https:\/\/www.uartes.edu.ec\/sitio\/wp-content\/uploads\/2025\/03\/GABRIELA-SOTO-SALON-DE-LA-MUJER-OK-400x267.jpg 400w, https:\/\/www.uartes.edu.ec\/sitio\/wp-content\/uploads\/2025\/03\/GABRIELA-SOTO-SALON-DE-LA-MUJER-OK.jpg 2000w\" sizes=\"(max-width: 644px) 100vw, 644px\" \/><\/figure>\n<\/figure>\n\n\n<div class=\"wp-block-image\">\n<figure class=\"aligncenter size-large is-resized\"><img loading=\"lazy\" decoding=\"async\" width=\"644\" height=\"362\" src=\"https:\/\/www.uartes.edu.ec\/sitio\/wp-content\/uploads\/2025\/03\/Mencion2-644x362.png\" alt=\"\" class=\"wp-image-69472\" style=\"width:484px;height:auto\" srcset=\"https:\/\/www.uartes.edu.ec\/sitio\/wp-content\/uploads\/2025\/03\/Mencion2-644x362.png 644w, https:\/\/www.uartes.edu.ec\/sitio\/wp-content\/uploads\/2025\/03\/Mencion2-300x169.png 300w, https:\/\/www.uartes.edu.ec\/sitio\/wp-content\/uploads\/2025\/03\/Mencion2-768x432.png 768w, https:\/\/www.uartes.edu.ec\/sitio\/wp-content\/uploads\/2025\/03\/Mencion2-18x10.png 18w, https:\/\/www.uartes.edu.ec\/sitio\/wp-content\/uploads\/2025\/03\/Mencion2-400x225.png 400w, https:\/\/www.uartes.edu.ec\/sitio\/wp-content\/uploads\/2025\/03\/Mencion2.png 1191w\" sizes=\"(max-width: 644px) 100vw, 644px\" \/><\/figure>\n<\/div>\n\n\n<h3 class=\"wp-block-heading\">\u201cMatices y paisajes de la memoria\u201d<\/h3>\n\n\n\n<p>En di\u00e1logo con InfoUArtes, Melissa de la A indic\u00f3 que su obra parte de un registro fotogr\u00e1fico familiar, donde se puede ver una mujer junto a una ni\u00f1a y una mascota. \u201cSomos mi mam\u00e1, nuestra mascota y yo cuando ten\u00eda 5 a\u00f1os. Al provenir de una familia del campo agr\u00edcola he palpado la realidad de las mujeres agr\u00edcolas de la Costa ecuatoriana\u201d.<\/p>\n\n\n\n<p>Por ello, agreg\u00f3, vio la oportunidad de visibilizar a la mujer del campo. \u201cLa obra no pretende ser un retrato familiar, al contrario, es una manera de homenajear a las mujeres del campo de la Costa ecuatoriana, quienes con su esfuerzo sostienen no solo a sus familias, sino tambi\u00e9n a nuestra sociedad. A lo largo de la historia, su trabajo ha sido invisibilizado, relegado a los m\u00e1rgenes, a pesar de ser fundamentales en la producci\u00f3n agr\u00edcola, la transmisi\u00f3n de saberes y la preservaci\u00f3n de nuestras ra\u00edces culturales\u201d.<\/p>\n\n\n\n<p>Melissa de la A expres\u00f3 que, as\u00ed como la imagen emerge a partir de miles de puntos que individualmente pueden parecer insignificantes, pero en conjunto construyen una composici\u00f3n s\u00f3lida y significativa, la vida de estas mujeres est\u00e1 formada por peque\u00f1os actos que, aunque invisibilizados, son esenciales para la sociedad.<\/p>\n\n\n<div class=\"wp-block-image\">\n<figure class=\"aligncenter size-large\"><img loading=\"lazy\" decoding=\"async\" width=\"644\" height=\"429\" src=\"https:\/\/www.uartes.edu.ec\/sitio\/wp-content\/uploads\/2025\/03\/05-GRADUADA-MELISSA-A-SALON-MUJER-644x429.jpg\" alt=\"\" class=\"wp-image-69470\" srcset=\"https:\/\/www.uartes.edu.ec\/sitio\/wp-content\/uploads\/2025\/03\/05-GRADUADA-MELISSA-A-SALON-MUJER-644x429.jpg 644w, https:\/\/www.uartes.edu.ec\/sitio\/wp-content\/uploads\/2025\/03\/05-GRADUADA-MELISSA-A-SALON-MUJER-300x200.jpg 300w, https:\/\/www.uartes.edu.ec\/sitio\/wp-content\/uploads\/2025\/03\/05-GRADUADA-MELISSA-A-SALON-MUJER-768x512.jpg 768w, https:\/\/www.uartes.edu.ec\/sitio\/wp-content\/uploads\/2025\/03\/05-GRADUADA-MELISSA-A-SALON-MUJER-1536x1024.jpg 1536w, https:\/\/www.uartes.edu.ec\/sitio\/wp-content\/uploads\/2025\/03\/05-GRADUADA-MELISSA-A-SALON-MUJER-18x12.jpg 18w, https:\/\/www.uartes.edu.ec\/sitio\/wp-content\/uploads\/2025\/03\/05-GRADUADA-MELISSA-A-SALON-MUJER-600x400.jpg 600w, https:\/\/www.uartes.edu.ec\/sitio\/wp-content\/uploads\/2025\/03\/05-GRADUADA-MELISSA-A-SALON-MUJER-400x267.jpg 400w, https:\/\/www.uartes.edu.ec\/sitio\/wp-content\/uploads\/2025\/03\/05-GRADUADA-MELISSA-A-SALON-MUJER.jpg 2000w\" sizes=\"(max-width: 644px) 100vw, 644px\" \/><\/figure>\n<\/div>\n\n\n<p>Aproximadamente un mes le tom\u00f3 desarrollar su propuesta art\u00edstica, cont\u00f3 y expres\u00f3 que lograr el primer premio representa un gran orgullo. \u201cNo solo para m\u00ed, sino tambi\u00e9n para mis padres, quienes han sido mi mayor apoyo en este camino art\u00edstico\u201d.<\/p>\n\n\n\n<p>Para su obra, Melissa de la A utiliz\u00f3 la t\u00e9cnica del puntillismo con la cual ha estado experimentando. Tratando de buscarle una simbolizaci\u00f3n y un contexto, dijo, supo que un punto individual no significa mucho, \u201cpero la construcci\u00f3n de todos los puntos hac\u00eda una especie de simbolog\u00eda\u201d.<\/p>\n\n\n\n<p>Anot\u00f3 tambi\u00e9n que, como artista emergente, el logro alcanzado representa un avance significativo para su trayectoria. Oriunda de Santa Elena, y con 25 a\u00f1os, la artista se convierte en la segunda mujer de su provincia en ganar el primer lugar en el Sal\u00f3n de la Mujer de la CCNG y la primera en obtener el premio adquisitivo \u00fanico. \u201cM\u00e1s all\u00e1 del reconocimiento, este premio me motiva a seguir explorando nuevas formas de expresi\u00f3n y a seguir dando voz a historias que merecen ser contadas, y a contribuir, desde el arte, a la reflexi\u00f3n sobre temas sociales\u201d.<\/p>\n\n\n<div class=\"wp-block-image\">\n<figure class=\"aligncenter size-large is-resized\"><img loading=\"lazy\" decoding=\"async\" width=\"644\" height=\"429\" src=\"https:\/\/www.uartes.edu.ec\/sitio\/wp-content\/uploads\/2025\/03\/03-GRADUADA-MELISSA-A-SALON-MUJER-644x429.jpg\" alt=\"\" class=\"wp-image-69474\" style=\"width:627px;height:auto\" srcset=\"https:\/\/www.uartes.edu.ec\/sitio\/wp-content\/uploads\/2025\/03\/03-GRADUADA-MELISSA-A-SALON-MUJER-644x429.jpg 644w, https:\/\/www.uartes.edu.ec\/sitio\/wp-content\/uploads\/2025\/03\/03-GRADUADA-MELISSA-A-SALON-MUJER-300x200.jpg 300w, https:\/\/www.uartes.edu.ec\/sitio\/wp-content\/uploads\/2025\/03\/03-GRADUADA-MELISSA-A-SALON-MUJER-768x512.jpg 768w, https:\/\/www.uartes.edu.ec\/sitio\/wp-content\/uploads\/2025\/03\/03-GRADUADA-MELISSA-A-SALON-MUJER-1536x1024.jpg 1536w, https:\/\/www.uartes.edu.ec\/sitio\/wp-content\/uploads\/2025\/03\/03-GRADUADA-MELISSA-A-SALON-MUJER-18x12.jpg 18w, https:\/\/www.uartes.edu.ec\/sitio\/wp-content\/uploads\/2025\/03\/03-GRADUADA-MELISSA-A-SALON-MUJER-600x400.jpg 600w, https:\/\/www.uartes.edu.ec\/sitio\/wp-content\/uploads\/2025\/03\/03-GRADUADA-MELISSA-A-SALON-MUJER-400x267.jpg 400w, https:\/\/www.uartes.edu.ec\/sitio\/wp-content\/uploads\/2025\/03\/03-GRADUADA-MELISSA-A-SALON-MUJER.jpg 2000w\" sizes=\"(max-width: 644px) 100vw, 644px\" \/><\/figure>\n<\/div>\n\n\n<p>Fotos: cortes\u00eda de la graduada Melissa de la A, de la docente Mar\u00eda Fernanda L\u00f3pez y tomadas de la web de <em>El Universo<\/em>.<br>En la imagen de portada est\u00e1 Melissa de la A junto a su obra; en las gr\u00e1ficas siguientes todas las artistas que recibieron reconocimiento y una parte del jurado; las tres obras con menciones de honor, en una de ellas aparece Mayerli Castro Tigrero; la pieza que obtuvo el primer premio adquisici\u00f3n; y, sobre estas l\u00edneas, la directora de la CCNG, Martha Rizzo, y la ganadora de la categor\u00eda Arte Urbano junto al mural con el que particip\u00f3. <\/p>\n","protected":false},"excerpt":{"rendered":"<p>Tres artistas graduadas en la Escuela de Artes Visuales de la Universidad de las Artes y una que a\u00fan cursa la carrera conquistaron la edici\u00f3n 26 del Sal\u00f3n de la Mujer de la Casa de la Cultura N\u00facleo del Guayas (CCNG) al ganar el primer premio adquisici\u00f3n y las tres menciones de honor que otorga el certamen. As\u00ed tambi\u00e9n, una docente UArtes recibi\u00f3 un reconocimiento y otra de nuestras acad\u00e9micas integr\u00f3 el jurado.<\/p>\n","protected":false},"author":10,"featured_media":69468,"comment_status":"open","ping_status":"open","sticky":false,"template":"","format":"standard","meta":{"_acf_changed":false,"_uag_custom_page_level_css":"","_monsterinsights_skip_tracking":false,"_monsterinsights_sitenote_active":false,"_monsterinsights_sitenote_note":"","_monsterinsights_sitenote_category":0,"cybocfi_hide_featured_image":"","footnotes":""},"categories":[80,490,82,157,75,76],"tags":[1031],"infouartes":[],"class_list":["post-69467","post","type-post","status-publish","format-standard","has-post-thumbnail","hentry","category-academico","category-alumni","category-artes","category-artes-visuales","category-docentes","category-estudiantes","tag-certamen"],"acf":[],"yoast_head":"<!-- This site is optimized with the Yoast SEO plugin v27.4 - https:\/\/yoast.com\/product\/yoast-seo-wordpress\/ -->\n<title>Universidad de las Artes - Tres graduadas y una estudiante de UArtes conquistan el Sal\u00f3n de la Mujer de la CCNG con primer premio y menciones de honor<\/title>\n<meta name=\"description\" content=\"Universidad de las Artes - Tres graduadas y una estudiante de UArtes conquistan el Sal\u00f3n de la Mujer de la CCNG con primer premio y menciones de honor\" \/>\n<meta name=\"robots\" content=\"index, follow, max-snippet:-1, max-image-preview:large, max-video-preview:-1\" \/>\n<link rel=\"canonical\" href=\"https:\/\/www.uartes.edu.ec\/sitio\/blog\/2025\/03\/13\/tres-graduadas-y-una-estudiante-de-la-uartes-conquistan-el-salon-de-la-mujer-de-la-ccng-al-ganar-el-primer-premio-y-las-tres-menciones-de-honor\/\" \/>\n<meta property=\"og:locale\" content=\"es_ES\" \/>\n<meta property=\"og:type\" content=\"article\" \/>\n<meta property=\"og:title\" content=\"Universidad de las Artes - Tres graduadas y una estudiante de UArtes conquistan el Sal\u00f3n de la Mujer de la CCNG con primer premio y menciones de honor\" \/>\n<meta property=\"og:description\" content=\"Universidad de las Artes - Tres graduadas y una estudiante de UArtes conquistan el Sal\u00f3n de la Mujer de la CCNG con primer premio y menciones de honor\" \/>\n<meta property=\"og:url\" content=\"https:\/\/www.uartes.edu.ec\/sitio\/blog\/2025\/03\/13\/tres-graduadas-y-una-estudiante-de-la-uartes-conquistan-el-salon-de-la-mujer-de-la-ccng-al-ganar-el-primer-premio-y-las-tres-menciones-de-honor\/\" \/>\n<meta property=\"og:site_name\" content=\"Universidad de las Artes\" \/>\n<meta property=\"article:publisher\" content=\"https:\/\/www.facebook.com\/uartesec\" \/>\n<meta property=\"article:published_time\" content=\"2025-03-13T23:18:00+00:00\" \/>\n<meta property=\"article:modified_time\" content=\"2025-03-31T23:36:51+00:00\" \/>\n<meta property=\"og:image\" content=\"https:\/\/www.uartes.edu.ec\/sitio\/wp-content\/uploads\/2025\/03\/04-GRADUADA-MELISSA-A-SALON-MUJER.jpg\" \/>\n\t<meta property=\"og:image:width\" content=\"2000\" \/>\n\t<meta property=\"og:image:height\" content=\"1333\" \/>\n\t<meta property=\"og:image:type\" content=\"image\/jpeg\" \/>\n<meta name=\"author\" content=\"ccortez\" \/>\n<meta name=\"twitter:card\" content=\"summary_large_image\" \/>\n<meta name=\"twitter:creator\" content=\"@uartesec\" \/>\n<meta name=\"twitter:site\" content=\"@uartesec\" \/>\n<meta name=\"twitter:label1\" content=\"Escrito por\" \/>\n\t<meta name=\"twitter:data1\" content=\"ccortez\" \/>\n\t<meta name=\"twitter:label2\" content=\"Tiempo de lectura\" \/>\n\t<meta name=\"twitter:data2\" content=\"6 minutos\" \/>\n<script type=\"application\/ld+json\" class=\"yoast-schema-graph\">{\"@context\":\"https:\\\/\\\/schema.org\",\"@graph\":[{\"@type\":\"Article\",\"@id\":\"https:\\\/\\\/www.uartes.edu.ec\\\/sitio\\\/blog\\\/2025\\\/03\\\/13\\\/tres-graduadas-y-una-estudiante-de-la-uartes-conquistan-el-salon-de-la-mujer-de-la-ccng-al-ganar-el-primer-premio-y-las-tres-menciones-de-honor\\\/#article\",\"isPartOf\":{\"@id\":\"https:\\\/\\\/www.uartes.edu.ec\\\/sitio\\\/blog\\\/2025\\\/03\\\/13\\\/tres-graduadas-y-una-estudiante-de-la-uartes-conquistan-el-salon-de-la-mujer-de-la-ccng-al-ganar-el-primer-premio-y-las-tres-menciones-de-honor\\\/\"},\"author\":{\"name\":\"ccortez\",\"@id\":\"https:\\\/\\\/www.uartes.edu.ec\\\/sitio\\\/#\\\/schema\\\/person\\\/efa1b8275797664fd7f13a79ccc0b1f4\"},\"headline\":\"Tres graduadas y una estudiante de UArtes conquistan el Sal\u00f3n de la Mujer de la CCNG con primer premio y menciones de honor\",\"datePublished\":\"2025-03-13T23:18:00+00:00\",\"dateModified\":\"2025-03-31T23:36:51+00:00\",\"mainEntityOfPage\":{\"@id\":\"https:\\\/\\\/www.uartes.edu.ec\\\/sitio\\\/blog\\\/2025\\\/03\\\/13\\\/tres-graduadas-y-una-estudiante-de-la-uartes-conquistan-el-salon-de-la-mujer-de-la-ccng-al-ganar-el-primer-premio-y-las-tres-menciones-de-honor\\\/\"},\"wordCount\":966,\"commentCount\":0,\"publisher\":{\"@id\":\"https:\\\/\\\/www.uartes.edu.ec\\\/sitio\\\/#organization\"},\"image\":{\"@id\":\"https:\\\/\\\/www.uartes.edu.ec\\\/sitio\\\/blog\\\/2025\\\/03\\\/13\\\/tres-graduadas-y-una-estudiante-de-la-uartes-conquistan-el-salon-de-la-mujer-de-la-ccng-al-ganar-el-primer-premio-y-las-tres-menciones-de-honor\\\/#primaryimage\"},\"thumbnailUrl\":\"https:\\\/\\\/www.uartes.edu.ec\\\/sitio\\\/wp-content\\\/uploads\\\/2025\\\/03\\\/04-GRADUADA-MELISSA-A-SALON-MUJER.jpg\",\"keywords\":[\"certamen\"],\"articleSection\":[\"Acad\u00e9mico\",\"Alumni\",\"Artes\",\"Artes Visuales\",\"Docentes\",\"Estudiantes\"],\"inLanguage\":\"es\",\"potentialAction\":[{\"@type\":\"CommentAction\",\"name\":\"Comment\",\"target\":[\"https:\\\/\\\/www.uartes.edu.ec\\\/sitio\\\/blog\\\/2025\\\/03\\\/13\\\/tres-graduadas-y-una-estudiante-de-la-uartes-conquistan-el-salon-de-la-mujer-de-la-ccng-al-ganar-el-primer-premio-y-las-tres-menciones-de-honor\\\/#respond\"]}]},{\"@type\":[\"WebPage\",\"ItemPage\"],\"@id\":\"https:\\\/\\\/www.uartes.edu.ec\\\/sitio\\\/blog\\\/2025\\\/03\\\/13\\\/tres-graduadas-y-una-estudiante-de-la-uartes-conquistan-el-salon-de-la-mujer-de-la-ccng-al-ganar-el-primer-premio-y-las-tres-menciones-de-honor\\\/\",\"url\":\"https:\\\/\\\/www.uartes.edu.ec\\\/sitio\\\/blog\\\/2025\\\/03\\\/13\\\/tres-graduadas-y-una-estudiante-de-la-uartes-conquistan-el-salon-de-la-mujer-de-la-ccng-al-ganar-el-primer-premio-y-las-tres-menciones-de-honor\\\/\",\"name\":\"Universidad de las Artes - Tres graduadas y una estudiante de UArtes conquistan el Sal\u00f3n de la Mujer de la CCNG con primer premio y menciones de honor\",\"isPartOf\":{\"@id\":\"https:\\\/\\\/www.uartes.edu.ec\\\/sitio\\\/#website\"},\"primaryImageOfPage\":{\"@id\":\"https:\\\/\\\/www.uartes.edu.ec\\\/sitio\\\/blog\\\/2025\\\/03\\\/13\\\/tres-graduadas-y-una-estudiante-de-la-uartes-conquistan-el-salon-de-la-mujer-de-la-ccng-al-ganar-el-primer-premio-y-las-tres-menciones-de-honor\\\/#primaryimage\"},\"image\":{\"@id\":\"https:\\\/\\\/www.uartes.edu.ec\\\/sitio\\\/blog\\\/2025\\\/03\\\/13\\\/tres-graduadas-y-una-estudiante-de-la-uartes-conquistan-el-salon-de-la-mujer-de-la-ccng-al-ganar-el-primer-premio-y-las-tres-menciones-de-honor\\\/#primaryimage\"},\"thumbnailUrl\":\"https:\\\/\\\/www.uartes.edu.ec\\\/sitio\\\/wp-content\\\/uploads\\\/2025\\\/03\\\/04-GRADUADA-MELISSA-A-SALON-MUJER.jpg\",\"datePublished\":\"2025-03-13T23:18:00+00:00\",\"dateModified\":\"2025-03-31T23:36:51+00:00\",\"description\":\"Universidad de las Artes - Tres graduadas y una estudiante de UArtes conquistan el Sal\u00f3n de la Mujer de la CCNG con primer premio y menciones de honor\",\"breadcrumb\":{\"@id\":\"https:\\\/\\\/www.uartes.edu.ec\\\/sitio\\\/blog\\\/2025\\\/03\\\/13\\\/tres-graduadas-y-una-estudiante-de-la-uartes-conquistan-el-salon-de-la-mujer-de-la-ccng-al-ganar-el-primer-premio-y-las-tres-menciones-de-honor\\\/#breadcrumb\"},\"inLanguage\":\"es\",\"potentialAction\":[{\"@type\":\"ReadAction\",\"target\":[\"https:\\\/\\\/www.uartes.edu.ec\\\/sitio\\\/blog\\\/2025\\\/03\\\/13\\\/tres-graduadas-y-una-estudiante-de-la-uartes-conquistan-el-salon-de-la-mujer-de-la-ccng-al-ganar-el-primer-premio-y-las-tres-menciones-de-honor\\\/\"]}]},{\"@type\":\"ImageObject\",\"inLanguage\":\"es\",\"@id\":\"https:\\\/\\\/www.uartes.edu.ec\\\/sitio\\\/blog\\\/2025\\\/03\\\/13\\\/tres-graduadas-y-una-estudiante-de-la-uartes-conquistan-el-salon-de-la-mujer-de-la-ccng-al-ganar-el-primer-premio-y-las-tres-menciones-de-honor\\\/#primaryimage\",\"url\":\"https:\\\/\\\/www.uartes.edu.ec\\\/sitio\\\/wp-content\\\/uploads\\\/2025\\\/03\\\/04-GRADUADA-MELISSA-A-SALON-MUJER.jpg\",\"contentUrl\":\"https:\\\/\\\/www.uartes.edu.ec\\\/sitio\\\/wp-content\\\/uploads\\\/2025\\\/03\\\/04-GRADUADA-MELISSA-A-SALON-MUJER.jpg\",\"width\":2000,\"height\":1333},{\"@type\":\"BreadcrumbList\",\"@id\":\"https:\\\/\\\/www.uartes.edu.ec\\\/sitio\\\/blog\\\/2025\\\/03\\\/13\\\/tres-graduadas-y-una-estudiante-de-la-uartes-conquistan-el-salon-de-la-mujer-de-la-ccng-al-ganar-el-primer-premio-y-las-tres-menciones-de-honor\\\/#breadcrumb\",\"itemListElement\":[{\"@type\":\"ListItem\",\"position\":1,\"name\":\"Inicio\",\"item\":\"https:\\\/\\\/www.uartes.edu.ec\\\/sitio\\\/\"},{\"@type\":\"ListItem\",\"position\":2,\"name\":\"Tres graduadas y una estudiante de UArtes conquistan el Sal\u00f3n de la Mujer de la CCNG con primer premio y menciones de honor\"}]},{\"@type\":\"WebSite\",\"@id\":\"https:\\\/\\\/www.uartes.edu.ec\\\/sitio\\\/#website\",\"url\":\"https:\\\/\\\/www.uartes.edu.ec\\\/sitio\\\/\",\"name\":\"Universidad de las Artes\",\"description\":\"Sitio oficial de la Universidad Nacional de las Artes del Ecuador\",\"publisher\":{\"@id\":\"https:\\\/\\\/www.uartes.edu.ec\\\/sitio\\\/#organization\"},\"potentialAction\":[{\"@type\":\"SearchAction\",\"target\":{\"@type\":\"EntryPoint\",\"urlTemplate\":\"https:\\\/\\\/www.uartes.edu.ec\\\/sitio\\\/?s={search_term_string}\"},\"query-input\":{\"@type\":\"PropertyValueSpecification\",\"valueRequired\":true,\"valueName\":\"search_term_string\"}}],\"inLanguage\":\"es\"},{\"@type\":\"Organization\",\"@id\":\"https:\\\/\\\/www.uartes.edu.ec\\\/sitio\\\/#organization\",\"name\":\"Universidad de las Artes\",\"url\":\"https:\\\/\\\/www.uartes.edu.ec\\\/sitio\\\/\",\"logo\":{\"@type\":\"ImageObject\",\"inLanguage\":\"es\",\"@id\":\"https:\\\/\\\/www.uartes.edu.ec\\\/sitio\\\/#\\\/schema\\\/logo\\\/image\\\/\",\"url\":\"https:\\\/\\\/www.uartes.edu.ec\\\/sitio\\\/wp-content\\\/uploads\\\/2022\\\/07\\\/logo-ua-horizontal.png\",\"contentUrl\":\"https:\\\/\\\/www.uartes.edu.ec\\\/sitio\\\/wp-content\\\/uploads\\\/2022\\\/07\\\/logo-ua-horizontal.png\",\"width\":800,\"height\":276,\"caption\":\"Universidad de las Artes\"},\"image\":{\"@id\":\"https:\\\/\\\/www.uartes.edu.ec\\\/sitio\\\/#\\\/schema\\\/logo\\\/image\\\/\"},\"sameAs\":[\"https:\\\/\\\/www.facebook.com\\\/uartesec\",\"https:\\\/\\\/x.com\\\/uartesec\",\"https:\\\/\\\/www.tiktok.com\\\/@uartesec\"]},{\"@type\":\"Person\",\"@id\":\"https:\\\/\\\/www.uartes.edu.ec\\\/sitio\\\/#\\\/schema\\\/person\\\/efa1b8275797664fd7f13a79ccc0b1f4\",\"name\":\"ccortez\",\"image\":{\"@type\":\"ImageObject\",\"inLanguage\":\"es\",\"@id\":\"https:\\\/\\\/secure.gravatar.com\\\/avatar\\\/b2a6f664a3ae8e074346ef91775736c5ec479e637ecced6842de9dc98b5da9cd?s=96&d=mm&r=g\",\"url\":\"https:\\\/\\\/secure.gravatar.com\\\/avatar\\\/b2a6f664a3ae8e074346ef91775736c5ec479e637ecced6842de9dc98b5da9cd?s=96&d=mm&r=g\",\"contentUrl\":\"https:\\\/\\\/secure.gravatar.com\\\/avatar\\\/b2a6f664a3ae8e074346ef91775736c5ec479e637ecced6842de9dc98b5da9cd?s=96&d=mm&r=g\",\"caption\":\"ccortez\"},\"url\":\"https:\\\/\\\/www.uartes.edu.ec\\\/sitio\\\/blog\\\/author\\\/ccortez\\\/\"}]}<\/script>\n<!-- \/ Yoast SEO plugin. -->","yoast_head_json":{"title":"Universidad de las Artes - Tres graduadas y una estudiante de UArtes conquistan el Sal\u00f3n de la Mujer de la CCNG con primer premio y menciones de honor","description":"Universidad de las Artes - Tres graduadas y una estudiante de UArtes conquistan el Sal\u00f3n de la Mujer de la CCNG con primer premio y menciones de honor","robots":{"index":"index","follow":"follow","max-snippet":"max-snippet:-1","max-image-preview":"max-image-preview:large","max-video-preview":"max-video-preview:-1"},"canonical":"https:\/\/www.uartes.edu.ec\/sitio\/blog\/2025\/03\/13\/tres-graduadas-y-una-estudiante-de-la-uartes-conquistan-el-salon-de-la-mujer-de-la-ccng-al-ganar-el-primer-premio-y-las-tres-menciones-de-honor\/","og_locale":"es_ES","og_type":"article","og_title":"Universidad de las Artes - Tres graduadas y una estudiante de UArtes conquistan el Sal\u00f3n de la Mujer de la CCNG con primer premio y menciones de honor","og_description":"Universidad de las Artes - Tres graduadas y una estudiante de UArtes conquistan el Sal\u00f3n de la Mujer de la CCNG con primer premio y menciones de honor","og_url":"https:\/\/www.uartes.edu.ec\/sitio\/blog\/2025\/03\/13\/tres-graduadas-y-una-estudiante-de-la-uartes-conquistan-el-salon-de-la-mujer-de-la-ccng-al-ganar-el-primer-premio-y-las-tres-menciones-de-honor\/","og_site_name":"Universidad de las Artes","article_publisher":"https:\/\/www.facebook.com\/uartesec","article_published_time":"2025-03-13T23:18:00+00:00","article_modified_time":"2025-03-31T23:36:51+00:00","og_image":[{"width":2000,"height":1333,"url":"https:\/\/www.uartes.edu.ec\/sitio\/wp-content\/uploads\/2025\/03\/04-GRADUADA-MELISSA-A-SALON-MUJER.jpg","type":"image\/jpeg"}],"author":"ccortez","twitter_card":"summary_large_image","twitter_creator":"@uartesec","twitter_site":"@uartesec","twitter_misc":{"Escrito por":"ccortez","Tiempo de lectura":"6 minutos"},"schema":{"@context":"https:\/\/schema.org","@graph":[{"@type":"Article","@id":"https:\/\/www.uartes.edu.ec\/sitio\/blog\/2025\/03\/13\/tres-graduadas-y-una-estudiante-de-la-uartes-conquistan-el-salon-de-la-mujer-de-la-ccng-al-ganar-el-primer-premio-y-las-tres-menciones-de-honor\/#article","isPartOf":{"@id":"https:\/\/www.uartes.edu.ec\/sitio\/blog\/2025\/03\/13\/tres-graduadas-y-una-estudiante-de-la-uartes-conquistan-el-salon-de-la-mujer-de-la-ccng-al-ganar-el-primer-premio-y-las-tres-menciones-de-honor\/"},"author":{"name":"ccortez","@id":"https:\/\/www.uartes.edu.ec\/sitio\/#\/schema\/person\/efa1b8275797664fd7f13a79ccc0b1f4"},"headline":"Tres graduadas y una estudiante de UArtes conquistan el Sal\u00f3n de la Mujer de la CCNG con primer premio y menciones de honor","datePublished":"2025-03-13T23:18:00+00:00","dateModified":"2025-03-31T23:36:51+00:00","mainEntityOfPage":{"@id":"https:\/\/www.uartes.edu.ec\/sitio\/blog\/2025\/03\/13\/tres-graduadas-y-una-estudiante-de-la-uartes-conquistan-el-salon-de-la-mujer-de-la-ccng-al-ganar-el-primer-premio-y-las-tres-menciones-de-honor\/"},"wordCount":966,"commentCount":0,"publisher":{"@id":"https:\/\/www.uartes.edu.ec\/sitio\/#organization"},"image":{"@id":"https:\/\/www.uartes.edu.ec\/sitio\/blog\/2025\/03\/13\/tres-graduadas-y-una-estudiante-de-la-uartes-conquistan-el-salon-de-la-mujer-de-la-ccng-al-ganar-el-primer-premio-y-las-tres-menciones-de-honor\/#primaryimage"},"thumbnailUrl":"https:\/\/www.uartes.edu.ec\/sitio\/wp-content\/uploads\/2025\/03\/04-GRADUADA-MELISSA-A-SALON-MUJER.jpg","keywords":["certamen"],"articleSection":["Acad\u00e9mico","Alumni","Artes","Artes Visuales","Docentes","Estudiantes"],"inLanguage":"es","potentialAction":[{"@type":"CommentAction","name":"Comment","target":["https:\/\/www.uartes.edu.ec\/sitio\/blog\/2025\/03\/13\/tres-graduadas-y-una-estudiante-de-la-uartes-conquistan-el-salon-de-la-mujer-de-la-ccng-al-ganar-el-primer-premio-y-las-tres-menciones-de-honor\/#respond"]}]},{"@type":["WebPage","ItemPage"],"@id":"https:\/\/www.uartes.edu.ec\/sitio\/blog\/2025\/03\/13\/tres-graduadas-y-una-estudiante-de-la-uartes-conquistan-el-salon-de-la-mujer-de-la-ccng-al-ganar-el-primer-premio-y-las-tres-menciones-de-honor\/","url":"https:\/\/www.uartes.edu.ec\/sitio\/blog\/2025\/03\/13\/tres-graduadas-y-una-estudiante-de-la-uartes-conquistan-el-salon-de-la-mujer-de-la-ccng-al-ganar-el-primer-premio-y-las-tres-menciones-de-honor\/","name":"Universidad de las Artes - Tres graduadas y una estudiante de UArtes conquistan el Sal\u00f3n de la Mujer de la CCNG con primer premio y menciones de honor","isPartOf":{"@id":"https:\/\/www.uartes.edu.ec\/sitio\/#website"},"primaryImageOfPage":{"@id":"https:\/\/www.uartes.edu.ec\/sitio\/blog\/2025\/03\/13\/tres-graduadas-y-una-estudiante-de-la-uartes-conquistan-el-salon-de-la-mujer-de-la-ccng-al-ganar-el-primer-premio-y-las-tres-menciones-de-honor\/#primaryimage"},"image":{"@id":"https:\/\/www.uartes.edu.ec\/sitio\/blog\/2025\/03\/13\/tres-graduadas-y-una-estudiante-de-la-uartes-conquistan-el-salon-de-la-mujer-de-la-ccng-al-ganar-el-primer-premio-y-las-tres-menciones-de-honor\/#primaryimage"},"thumbnailUrl":"https:\/\/www.uartes.edu.ec\/sitio\/wp-content\/uploads\/2025\/03\/04-GRADUADA-MELISSA-A-SALON-MUJER.jpg","datePublished":"2025-03-13T23:18:00+00:00","dateModified":"2025-03-31T23:36:51+00:00","description":"Universidad de las Artes - Tres graduadas y una estudiante de UArtes conquistan el Sal\u00f3n de la Mujer de la CCNG con primer premio y menciones de honor","breadcrumb":{"@id":"https:\/\/www.uartes.edu.ec\/sitio\/blog\/2025\/03\/13\/tres-graduadas-y-una-estudiante-de-la-uartes-conquistan-el-salon-de-la-mujer-de-la-ccng-al-ganar-el-primer-premio-y-las-tres-menciones-de-honor\/#breadcrumb"},"inLanguage":"es","potentialAction":[{"@type":"ReadAction","target":["https:\/\/www.uartes.edu.ec\/sitio\/blog\/2025\/03\/13\/tres-graduadas-y-una-estudiante-de-la-uartes-conquistan-el-salon-de-la-mujer-de-la-ccng-al-ganar-el-primer-premio-y-las-tres-menciones-de-honor\/"]}]},{"@type":"ImageObject","inLanguage":"es","@id":"https:\/\/www.uartes.edu.ec\/sitio\/blog\/2025\/03\/13\/tres-graduadas-y-una-estudiante-de-la-uartes-conquistan-el-salon-de-la-mujer-de-la-ccng-al-ganar-el-primer-premio-y-las-tres-menciones-de-honor\/#primaryimage","url":"https:\/\/www.uartes.edu.ec\/sitio\/wp-content\/uploads\/2025\/03\/04-GRADUADA-MELISSA-A-SALON-MUJER.jpg","contentUrl":"https:\/\/www.uartes.edu.ec\/sitio\/wp-content\/uploads\/2025\/03\/04-GRADUADA-MELISSA-A-SALON-MUJER.jpg","width":2000,"height":1333},{"@type":"BreadcrumbList","@id":"https:\/\/www.uartes.edu.ec\/sitio\/blog\/2025\/03\/13\/tres-graduadas-y-una-estudiante-de-la-uartes-conquistan-el-salon-de-la-mujer-de-la-ccng-al-ganar-el-primer-premio-y-las-tres-menciones-de-honor\/#breadcrumb","itemListElement":[{"@type":"ListItem","position":1,"name":"Inicio","item":"https:\/\/www.uartes.edu.ec\/sitio\/"},{"@type":"ListItem","position":2,"name":"Tres graduadas y una estudiante de UArtes conquistan el Sal\u00f3n de la Mujer de la CCNG con primer premio y menciones de honor"}]},{"@type":"WebSite","@id":"https:\/\/www.uartes.edu.ec\/sitio\/#website","url":"https:\/\/www.uartes.edu.ec\/sitio\/","name":"Universidad de las Artes","description":"Sitio oficial de la Universidad Nacional de las Artes del Ecuador","publisher":{"@id":"https:\/\/www.uartes.edu.ec\/sitio\/#organization"},"potentialAction":[{"@type":"SearchAction","target":{"@type":"EntryPoint","urlTemplate":"https:\/\/www.uartes.edu.ec\/sitio\/?s={search_term_string}"},"query-input":{"@type":"PropertyValueSpecification","valueRequired":true,"valueName":"search_term_string"}}],"inLanguage":"es"},{"@type":"Organization","@id":"https:\/\/www.uartes.edu.ec\/sitio\/#organization","name":"Universidad de las Artes","url":"https:\/\/www.uartes.edu.ec\/sitio\/","logo":{"@type":"ImageObject","inLanguage":"es","@id":"https:\/\/www.uartes.edu.ec\/sitio\/#\/schema\/logo\/image\/","url":"https:\/\/www.uartes.edu.ec\/sitio\/wp-content\/uploads\/2022\/07\/logo-ua-horizontal.png","contentUrl":"https:\/\/www.uartes.edu.ec\/sitio\/wp-content\/uploads\/2022\/07\/logo-ua-horizontal.png","width":800,"height":276,"caption":"Universidad de las Artes"},"image":{"@id":"https:\/\/www.uartes.edu.ec\/sitio\/#\/schema\/logo\/image\/"},"sameAs":["https:\/\/www.facebook.com\/uartesec","https:\/\/x.com\/uartesec","https:\/\/www.tiktok.com\/@uartesec"]},{"@type":"Person","@id":"https:\/\/www.uartes.edu.ec\/sitio\/#\/schema\/person\/efa1b8275797664fd7f13a79ccc0b1f4","name":"ccortez","image":{"@type":"ImageObject","inLanguage":"es","@id":"https:\/\/secure.gravatar.com\/avatar\/b2a6f664a3ae8e074346ef91775736c5ec479e637ecced6842de9dc98b5da9cd?s=96&d=mm&r=g","url":"https:\/\/secure.gravatar.com\/avatar\/b2a6f664a3ae8e074346ef91775736c5ec479e637ecced6842de9dc98b5da9cd?s=96&d=mm&r=g","contentUrl":"https:\/\/secure.gravatar.com\/avatar\/b2a6f664a3ae8e074346ef91775736c5ec479e637ecced6842de9dc98b5da9cd?s=96&d=mm&r=g","caption":"ccortez"},"url":"https:\/\/www.uartes.edu.ec\/sitio\/blog\/author\/ccortez\/"}]}},"uagb_featured_image_src":{"full":["https:\/\/www.uartes.edu.ec\/sitio\/wp-content\/uploads\/2025\/03\/04-GRADUADA-MELISSA-A-SALON-MUJER.jpg",2000,1333,false],"thumbnail":["https:\/\/www.uartes.edu.ec\/sitio\/wp-content\/uploads\/2025\/03\/04-GRADUADA-MELISSA-A-SALON-MUJER-150x150.jpg",150,150,true],"medium":["https:\/\/www.uartes.edu.ec\/sitio\/wp-content\/uploads\/2025\/03\/04-GRADUADA-MELISSA-A-SALON-MUJER-300x200.jpg",300,200,true],"medium_large":["https:\/\/www.uartes.edu.ec\/sitio\/wp-content\/uploads\/2025\/03\/04-GRADUADA-MELISSA-A-SALON-MUJER-768x512.jpg",768,512,true],"large":["https:\/\/www.uartes.edu.ec\/sitio\/wp-content\/uploads\/2025\/03\/04-GRADUADA-MELISSA-A-SALON-MUJER-644x429.jpg",644,429,true],"1536x1536":["https:\/\/www.uartes.edu.ec\/sitio\/wp-content\/uploads\/2025\/03\/04-GRADUADA-MELISSA-A-SALON-MUJER-1536x1024.jpg",1536,1024,true],"2048x2048":["https:\/\/www.uartes.edu.ec\/sitio\/wp-content\/uploads\/2025\/03\/04-GRADUADA-MELISSA-A-SALON-MUJER.jpg",2000,1333,false],"trp-custom-language-flag":["https:\/\/www.uartes.edu.ec\/sitio\/wp-content\/uploads\/2025\/03\/04-GRADUADA-MELISSA-A-SALON-MUJER-18x12.jpg",18,12,true],"htmega_size_585x295":["https:\/\/www.uartes.edu.ec\/sitio\/wp-content\/uploads\/2025\/03\/04-GRADUADA-MELISSA-A-SALON-MUJER-585x295.jpg",585,295,true],"htmega_size_1170x536":["https:\/\/www.uartes.edu.ec\/sitio\/wp-content\/uploads\/2025\/03\/04-GRADUADA-MELISSA-A-SALON-MUJER-1170x536.jpg",1170,536,true],"htmega_size_396x360":["https:\/\/www.uartes.edu.ec\/sitio\/wp-content\/uploads\/2025\/03\/04-GRADUADA-MELISSA-A-SALON-MUJER-396x360.jpg",396,360,true],"gb-block-post-grid-landscape":["https:\/\/www.uartes.edu.ec\/sitio\/wp-content\/uploads\/2025\/03\/04-GRADUADA-MELISSA-A-SALON-MUJER-600x400.jpg",600,400,true],"gb-block-post-grid-square":["https:\/\/www.uartes.edu.ec\/sitio\/wp-content\/uploads\/2025\/03\/04-GRADUADA-MELISSA-A-SALON-MUJER-600x600.jpg",600,600,true],"university-hub-thumb":["https:\/\/www.uartes.edu.ec\/sitio\/wp-content\/uploads\/2025\/03\/04-GRADUADA-MELISSA-A-SALON-MUJER-400x267.jpg",400,267,true]},"uagb_author_info":{"display_name":"ccortez","author_link":"https:\/\/www.uartes.edu.ec\/sitio\/blog\/author\/ccortez\/"},"uagb_comment_info":0,"uagb_excerpt":"Tres artistas graduadas en la Escuela de Artes Visuales de la Universidad de las Artes y una que a\u00fan cursa la carrera conquistaron la edici\u00f3n 26 del Sal\u00f3n de la Mujer de la Casa de la Cultura N\u00facleo del Guayas (CCNG) al ganar el primer premio adquisici\u00f3n y las tres menciones de honor que otorga&hellip;","featured_image_src":"https:\/\/www.uartes.edu.ec\/sitio\/wp-content\/uploads\/2025\/03\/04-GRADUADA-MELISSA-A-SALON-MUJER-600x400.jpg","featured_image_src_square":"https:\/\/www.uartes.edu.ec\/sitio\/wp-content\/uploads\/2025\/03\/04-GRADUADA-MELISSA-A-SALON-MUJER-600x600.jpg","author_info":{"display_name":"ccortez","author_link":"https:\/\/www.uartes.edu.ec\/sitio\/blog\/author\/ccortez\/"},"publishpress_future_workflow_manual_trigger":{"enabledWorkflows":[]},"distributor_meta":false,"distributor_terms":false,"distributor_media":false,"distributor_original_site_name":"Universidad de las Artes","distributor_original_site_url":"https:\/\/www.uartes.edu.ec\/sitio","push-errors":false,"_links":{"self":[{"href":"https:\/\/www.uartes.edu.ec\/sitio\/wp-json\/wp\/v2\/posts\/69467","targetHints":{"allow":["GET"]}}],"collection":[{"href":"https:\/\/www.uartes.edu.ec\/sitio\/wp-json\/wp\/v2\/posts"}],"about":[{"href":"https:\/\/www.uartes.edu.ec\/sitio\/wp-json\/wp\/v2\/types\/post"}],"author":[{"embeddable":true,"href":"https:\/\/www.uartes.edu.ec\/sitio\/wp-json\/wp\/v2\/users\/10"}],"replies":[{"embeddable":true,"href":"https:\/\/www.uartes.edu.ec\/sitio\/wp-json\/wp\/v2\/comments?post=69467"}],"version-history":[{"count":9,"href":"https:\/\/www.uartes.edu.ec\/sitio\/wp-json\/wp\/v2\/posts\/69467\/revisions"}],"predecessor-version":[{"id":69504,"href":"https:\/\/www.uartes.edu.ec\/sitio\/wp-json\/wp\/v2\/posts\/69467\/revisions\/69504"}],"wp:featuredmedia":[{"embeddable":true,"href":"https:\/\/www.uartes.edu.ec\/sitio\/wp-json\/wp\/v2\/media\/69468"}],"wp:attachment":[{"href":"https:\/\/www.uartes.edu.ec\/sitio\/wp-json\/wp\/v2\/media?parent=69467"}],"wp:term":[{"taxonomy":"category","embeddable":true,"href":"https:\/\/www.uartes.edu.ec\/sitio\/wp-json\/wp\/v2\/categories?post=69467"},{"taxonomy":"post_tag","embeddable":true,"href":"https:\/\/www.uartes.edu.ec\/sitio\/wp-json\/wp\/v2\/tags?post=69467"},{"taxonomy":"infouartes","embeddable":true,"href":"https:\/\/www.uartes.edu.ec\/sitio\/wp-json\/wp\/v2\/infouartes?post=69467"}],"curies":[{"name":"wp","href":"https:\/\/api.w.org\/{rel}","templated":true}]}}