{"id":69628,"date":"2025-03-19T16:39:36","date_gmt":"2025-03-19T21:39:36","guid":{"rendered":"https:\/\/www.uartes.edu.ec\/sitio\/?p=69628"},"modified":"2025-03-20T11:59:34","modified_gmt":"2025-03-20T16:59:34","slug":"mas-que-un-texto-de-creacion-teatral-las-pajaros-es-el-intento-de-un-colectivo-de-artes-escenicas-de-poder-volar","status":"publish","type":"post","link":"https:\/\/www.uartes.edu.ec\/sitio\/blog\/2025\/03\/19\/mas-que-un-texto-de-creacion-teatral-las-pajaros-es-el-intento-de-un-colectivo-de-artes-escenicas-de-poder-volar\/","title":{"rendered":"M\u00e1s que un texto de creaci\u00f3n teatral, \u201cLas P\u00e1jaros\u201d se enmarca en el intento de un colectivo de artes esc\u00e9nicas de poder volar"},"content":{"rendered":"\n<p>La obra \u201cLas P\u00e1jaros\u201d es una de las nueve seleccionadas a nivel nacional para la residencia de dramaturgia que, a trav\u00e9s de convocatoria p\u00fablica, realiz\u00f3 la Fundaci\u00f3n Teatro Nacional Sucre, en el marco de la Fiesta Esc\u00e9nica de Quito 2024, que tuvo lugar en junio pasado. Los resultados de la propuesta constan en la \u201cColecci\u00f3n Cuadernos de Dramaturgia\u201d, recientemente presentada en la capital.<\/p>\n\n\n\n<p>La autora de \u201cLas P\u00e1jaros\u201d es la estudiante Karla Estrada Guin (art\u00edsticamente Karla Guin), quien cursa el s\u00e9ptimo semestre de Creaci\u00f3n Teatral en la Escuela de Artes Esc\u00e9nicas de la Universidad de las Artes. InfoUArtes le plante\u00f3 algunas inquietudes con respecto a su experiencia en la residencia, en la que tambi\u00e9n participaron el docente An\u00edbal P\u00e1ez y el graduado Pavel Hern\u00e1ndez, autores de los textos \u201cPrimera \u00faltima cena\u201d y \u201cTodas las veces que te vi morir\u201d, respectivamente, integrados en la colecci\u00f3n.<\/p>\n\n\n\n<p>Las respuestas de Karla Guin propiciaron un texto que ella trabaj\u00f3, donde no solo da cuenta de la residencia, que tuvo seis meses de duraci\u00f3n, sino de las actividades paralelas que en torno a \u201cLas P\u00e1jaros\u201d desarroll\u00f3 junto a compa\u00f1eros de carrera y de escena. Antes, repasa que junto con ella, P\u00e1ez y Hern\u00e1ndez, hubo otros seis seleccionados y que tuvieron tres talleres con los dramaturgos Mauricio Kartun, de Argentina, y los espa\u00f1oles Alberto Conejero y Mar\u00eda Velasco.<\/p>\n\n\n<div class=\"wp-block-image\">\n<figure class=\"aligncenter size-large\"><img fetchpriority=\"high\" decoding=\"async\" width=\"644\" height=\"429\" src=\"https:\/\/www.uartes.edu.ec\/sitio\/wp-content\/uploads\/2025\/03\/04-KG-RESIDENCIA-QUITO-1-644x429.jpg\" alt=\"\" class=\"wp-image-69633\" srcset=\"https:\/\/www.uartes.edu.ec\/sitio\/wp-content\/uploads\/2025\/03\/04-KG-RESIDENCIA-QUITO-1-644x429.jpg 644w, https:\/\/www.uartes.edu.ec\/sitio\/wp-content\/uploads\/2025\/03\/04-KG-RESIDENCIA-QUITO-1-300x200.jpg 300w, https:\/\/www.uartes.edu.ec\/sitio\/wp-content\/uploads\/2025\/03\/04-KG-RESIDENCIA-QUITO-1-768x512.jpg 768w, https:\/\/www.uartes.edu.ec\/sitio\/wp-content\/uploads\/2025\/03\/04-KG-RESIDENCIA-QUITO-1-1536x1024.jpg 1536w, https:\/\/www.uartes.edu.ec\/sitio\/wp-content\/uploads\/2025\/03\/04-KG-RESIDENCIA-QUITO-1-18x12.jpg 18w, https:\/\/www.uartes.edu.ec\/sitio\/wp-content\/uploads\/2025\/03\/04-KG-RESIDENCIA-QUITO-1-600x400.jpg 600w, https:\/\/www.uartes.edu.ec\/sitio\/wp-content\/uploads\/2025\/03\/04-KG-RESIDENCIA-QUITO-1-400x267.jpg 400w, https:\/\/www.uartes.edu.ec\/sitio\/wp-content\/uploads\/2025\/03\/04-KG-RESIDENCIA-QUITO-1.jpg 2000w\" sizes=\"(max-width: 644px) 100vw, 644px\" \/><\/figure>\n<\/div>\n\n\n<p>Los textos en los \u201cCuadernos de Dramaturgia\u201d de los otros seis residentes mencionados son: \u201cVaciar\u201d, de Alejandra Pinto; \u201cTernura\u201d, de Joce Deux; \u201cLos Perros del pan\u201d, de Luis Largo; \u201cAvenida Puente\u201d, de Roberto S\u00e1nchez; \u201cLuciana\u201d, de Sebasti\u00e1n Bravo; y \u201cHasta que la fiesta se termine\u201d, de Esther Cevallos.<\/p>\n\n\n\n<p>Karla Guin indica que, paralelamente a todo lo que se iba realizando en Quito, en Guayaquil, junto a compa\u00f1eros y compa\u00f1eras de escena, hab\u00edan decidido montar la obra para posteriormente establecerse como el \u201cColectivo de Artes Esc\u00e9nicas Las P\u00e1jaros\u201d. Con ella, los integrantes son: Dixon Tapia, Gabriel Mieles, Vanessa V\u00e1squez, Jes\u00fas S\u00e1nchez, Juan Antonio Coba, Kimberly Rodr\u00edguez y Guillermo Argudo.<\/p>\n\n\n\n<p>\u201cImaginamos la posibilidad de compartir, de abrir nuestro proceso de montaje con los y las espectadoras, sentir la compa\u00f1\u00eda y ver qu\u00e9 nos dejaba las diferentes texturas en el camino, no solo en presentaciones sino desde el inicio, en nuestros ensayos, habitando el espacio p\u00fablico\u201d.<\/p>\n\n\n\n<p>\u201cEn una primera fase, abordamos el texto desde el teatro le\u00eddo, present\u00e1ndonos en Casa Villena, donde nuestro eje ser\u00eda el relacionamiento que puede haber entre: el espacio, los espectadores, el texto y los cuerpos en escena, apareciendo aqu\u00ed lo que ser\u00eda vital para todo el montaje: El espacio\u201d.<\/p>\n\n\n\n<figure class=\"wp-block-gallery has-nested-images columns-default is-cropped wp-block-gallery-1 is-layout-flex wp-block-gallery-is-layout-flex\">\n<figure class=\"wp-block-image size-large\"><img decoding=\"async\" width=\"644\" height=\"363\" data-id=\"69631\" src=\"https:\/\/www.uartes.edu.ec\/sitio\/wp-content\/uploads\/2025\/03\/Guin2-644x363.jpg\" alt=\"\" class=\"wp-image-69631\" srcset=\"https:\/\/www.uartes.edu.ec\/sitio\/wp-content\/uploads\/2025\/03\/Guin2-644x363.jpg 644w, https:\/\/www.uartes.edu.ec\/sitio\/wp-content\/uploads\/2025\/03\/Guin2-300x169.jpg 300w, https:\/\/www.uartes.edu.ec\/sitio\/wp-content\/uploads\/2025\/03\/Guin2-768x432.jpg 768w, https:\/\/www.uartes.edu.ec\/sitio\/wp-content\/uploads\/2025\/03\/Guin2-1536x865.jpg 1536w, https:\/\/www.uartes.edu.ec\/sitio\/wp-content\/uploads\/2025\/03\/Guin2-18x10.jpg 18w, https:\/\/www.uartes.edu.ec\/sitio\/wp-content\/uploads\/2025\/03\/Guin2-400x225.jpg 400w, https:\/\/www.uartes.edu.ec\/sitio\/wp-content\/uploads\/2025\/03\/Guin2.jpg 2000w\" sizes=\"(max-width: 644px) 100vw, 644px\" \/><\/figure>\n\n\n\n<figure class=\"wp-block-image size-large\"><img decoding=\"async\" width=\"644\" height=\"483\" data-id=\"69632\" src=\"https:\/\/www.uartes.edu.ec\/sitio\/wp-content\/uploads\/2025\/03\/Guin1-644x483.jpg\" alt=\"\" class=\"wp-image-69632\" srcset=\"https:\/\/www.uartes.edu.ec\/sitio\/wp-content\/uploads\/2025\/03\/Guin1-644x483.jpg 644w, https:\/\/www.uartes.edu.ec\/sitio\/wp-content\/uploads\/2025\/03\/Guin1-300x225.jpg 300w, https:\/\/www.uartes.edu.ec\/sitio\/wp-content\/uploads\/2025\/03\/Guin1-768x576.jpg 768w, https:\/\/www.uartes.edu.ec\/sitio\/wp-content\/uploads\/2025\/03\/Guin1-1536x1153.jpg 1536w, https:\/\/www.uartes.edu.ec\/sitio\/wp-content\/uploads\/2025\/03\/Guin1-16x12.jpg 16w, https:\/\/www.uartes.edu.ec\/sitio\/wp-content\/uploads\/2025\/03\/Guin1-400x300.jpg 400w, https:\/\/www.uartes.edu.ec\/sitio\/wp-content\/uploads\/2025\/03\/Guin1.jpg 1776w\" sizes=\"(max-width: 644px) 100vw, 644px\" \/><\/figure>\n<\/figure>\n\n\n\n<p><\/p>\n\n\n\n<p>\u201cComo segunda fase, llevamos la obra a un espacio abierto. Estuvimos en el Encuentro de Teatro Popular Latinoamericano (ENTEPOLA), realizado por el Teatro Arawa en el Guasmo Sur de Guayaquil. All\u00ed compartimos cinco de los quince cuadros de \u2018Las P\u00e1jaros\u2019. Notamos que el coraz\u00f3n del lugar se encontraba en las personas que durante 21 a\u00f1os asisten al parque Stella Maris, donde se desarrolla el ENTEPOLA. Aqu\u00ed surgi\u00f3 algo m\u00e1s para el montaje, la mirada circular, la mirada pensada desde varios puntos, donde la caja negra se desvanece por completo. Nos percatamos que la obra intenta sobrevolar el terreno haciendo a todos parte fundamental del vuelo. Escribimos en una hoja \u2018Esto es un p\u00e1jaro\u2019 y lo elevamos con una piola ligeramente y todo el tiempo lo ve\u00edamos, de la mirada aparecieron el sonido, los desplazamientos, la algarab\u00eda (que ya estaba en el texto) y, finalmente, un p\u00e1jaro en escena\u201d.<\/p>\n\n\n\n<p>\u201cNuestra tercera fase fue en Mu\u00e9gano Teatro, pensando en la idea de \u2018estreno\u2019, donde debo admitir que a ratos nos percib\u00eda como unos pajaritos en una pampa grande siendo observados. Aqu\u00ed puedo decir que apareci\u00f3 la vital necesidad de suspender los cuerpos en escena y cuando digo cuerpos no solo me refiero a nosotras-nosotros como int\u00e9rpretes, sino a todos los cuerpos que hasta entonces hab\u00edan empezado a componer la obra\u201d.<\/p>\n\n\n\n<p>\u201cA esta fase se le suma la presentaci\u00f3n en el Teatro Variedades de Quito en la semana de la dramaturgia que, del 5 al 12 de marzo, realiz\u00f3 la Fundaci\u00f3n Teatro Nacional Sucre como cierre de la residencia y el lanzamiento del libro. En esta muestra volvimos al teatro le\u00eddo, en un espacio que se pensar\u00eda es m\u00e1s grande, as\u00ed que para contrastar decid\u00ed recurrir a la intimidad que sugiere la obra. Me pregunt\u00e9 en ambos teatros: \u00bfC\u00f3mo mantener la intimidad aun en espacios grandes? \u00bfC\u00f3mo hacer de un espacio grande algo peque\u00f1o? \u00bfC\u00f3mo esconder en nuestros bolsillos todo el teatro y luego que simplemente aparezca, estando todos en escena, int\u00e9rpretes y espectadores\/espectadoras?\u201d.<\/p>\n\n\n<div class=\"wp-block-image\">\n<figure class=\"aligncenter size-large\"><img loading=\"lazy\" decoding=\"async\" width=\"644\" height=\"429\" src=\"https:\/\/www.uartes.edu.ec\/sitio\/wp-content\/uploads\/2025\/03\/01-KG-RESIDENCIA-QUITO-644x429.jpg\" alt=\"\" class=\"wp-image-69573\" srcset=\"https:\/\/www.uartes.edu.ec\/sitio\/wp-content\/uploads\/2025\/03\/01-KG-RESIDENCIA-QUITO-644x429.jpg 644w, https:\/\/www.uartes.edu.ec\/sitio\/wp-content\/uploads\/2025\/03\/01-KG-RESIDENCIA-QUITO-300x200.jpg 300w, https:\/\/www.uartes.edu.ec\/sitio\/wp-content\/uploads\/2025\/03\/01-KG-RESIDENCIA-QUITO-768x512.jpg 768w, https:\/\/www.uartes.edu.ec\/sitio\/wp-content\/uploads\/2025\/03\/01-KG-RESIDENCIA-QUITO-1536x1024.jpg 1536w, https:\/\/www.uartes.edu.ec\/sitio\/wp-content\/uploads\/2025\/03\/01-KG-RESIDENCIA-QUITO-18x12.jpg 18w, https:\/\/www.uartes.edu.ec\/sitio\/wp-content\/uploads\/2025\/03\/01-KG-RESIDENCIA-QUITO-600x400.jpg 600w, https:\/\/www.uartes.edu.ec\/sitio\/wp-content\/uploads\/2025\/03\/01-KG-RESIDENCIA-QUITO-400x267.jpg 400w, https:\/\/www.uartes.edu.ec\/sitio\/wp-content\/uploads\/2025\/03\/01-KG-RESIDENCIA-QUITO.jpg 2000w\" sizes=\"(max-width: 644px) 100vw, 644px\" \/><\/figure>\n<\/div>\n\n\n<p>\u201cEn el Teatro Variedades Ernesto Alb\u00e1n decidimos volver a lo circular, a la potencia que hab\u00edamos encontrado en la mirada pensada desde varios puntos, colocamos a los espectadores junto a nosotros y nosotras en el escenario y as\u00ed cuando una luz se encienda seamos todos y todas las que componemos la escena, mezclando quiz\u00e1 ficci\u00f3n y realidad\u201d.<\/p>\n\n\n\n<p>\u201cDespu\u00e9s de todas estas fases puedo decir que la misma obra, al relacionarse con los diferentes espacios y el mismo proceso, nos va dando pistas o inquietudes en las que debemos seguir trabajando: \u00bfLa suspensi\u00f3n del o los cuerpos como parte fundamental para que se suspenda todo lo que se va componiendo? \u00bfEl caminar o el trasladarse en el espacio es una conexi\u00f3n con una parte del coraz\u00f3n de la obra? \u00bfC\u00f3mo la luz o la oscuridad nos ayuda a dibujar lugares que no se encuentran en la escena, pero s\u00ed en el texto? Preguntas que seguramente nos van a seguir ayudando a percibir nuestra escena\u201d.<\/p>\n\n\n\n<p>\u201cSer parte de todo este gran proceso me hace pensar a\u00fan m\u00e1s en los diferentes territorios, en un nosotros y nosotras, en las personas m\u00e1s all\u00e1 de lo que podamos escribir o de lo que yo pueda escribir. Pienso en lo que (dif\u00edcilmente) no se puede escribir ni con la palabra ni con un sonido ni con una imagen ni con el cuerpo. Me hace pensar en que no siempre hay una peque\u00f1a posibilidad para hablar, el poder decir algo dentro o fuera de escena, triste e injustamente a veces es un privilegio o cuesti\u00f3n de suerte. Yo misma, muchas veces, mi madre, mi abuela, mi prima, mi amiga, compa\u00f1eras de universidad o de trabajo, no hemos podido hablar y pienso en c\u00f3mo el silencio dentro de un texto o en el escenario \u2013pero sobre todo atorado en la vida\u2013 es crucial y muchas veces lapidario\u201d.<\/p>\n\n\n\n<figure class=\"wp-block-gallery has-nested-images columns-default is-cropped wp-block-gallery-2 is-layout-flex wp-block-gallery-is-layout-flex\">\n<figure class=\"wp-block-image size-large\"><img loading=\"lazy\" decoding=\"async\" width=\"644\" height=\"484\" data-id=\"69635\" src=\"https:\/\/www.uartes.edu.ec\/sitio\/wp-content\/uploads\/2025\/03\/Guin3-644x484.jpg\" alt=\"\" class=\"wp-image-69635\" srcset=\"https:\/\/www.uartes.edu.ec\/sitio\/wp-content\/uploads\/2025\/03\/Guin3-644x484.jpg 644w, https:\/\/www.uartes.edu.ec\/sitio\/wp-content\/uploads\/2025\/03\/Guin3-300x225.jpg 300w, https:\/\/www.uartes.edu.ec\/sitio\/wp-content\/uploads\/2025\/03\/Guin3-768x577.jpg 768w, https:\/\/www.uartes.edu.ec\/sitio\/wp-content\/uploads\/2025\/03\/Guin3-1536x1154.jpg 1536w, https:\/\/www.uartes.edu.ec\/sitio\/wp-content\/uploads\/2025\/03\/Guin3-16x12.jpg 16w, https:\/\/www.uartes.edu.ec\/sitio\/wp-content\/uploads\/2025\/03\/Guin3-400x300.jpg 400w, https:\/\/www.uartes.edu.ec\/sitio\/wp-content\/uploads\/2025\/03\/Guin3.jpg 1775w\" sizes=\"(max-width: 644px) 100vw, 644px\" \/><\/figure>\n\n\n\n<figure class=\"wp-block-image size-large\"><img loading=\"lazy\" decoding=\"async\" width=\"644\" height=\"483\" data-id=\"69634\" src=\"https:\/\/www.uartes.edu.ec\/sitio\/wp-content\/uploads\/2025\/03\/Las-pajaros-644x483.jpg\" alt=\"\" class=\"wp-image-69634\" srcset=\"https:\/\/www.uartes.edu.ec\/sitio\/wp-content\/uploads\/2025\/03\/Las-pajaros-644x483.jpg 644w, https:\/\/www.uartes.edu.ec\/sitio\/wp-content\/uploads\/2025\/03\/Las-pajaros-300x225.jpg 300w, https:\/\/www.uartes.edu.ec\/sitio\/wp-content\/uploads\/2025\/03\/Las-pajaros-768x576.jpg 768w, https:\/\/www.uartes.edu.ec\/sitio\/wp-content\/uploads\/2025\/03\/Las-pajaros-1536x1152.jpg 1536w, https:\/\/www.uartes.edu.ec\/sitio\/wp-content\/uploads\/2025\/03\/Las-pajaros-16x12.jpg 16w, https:\/\/www.uartes.edu.ec\/sitio\/wp-content\/uploads\/2025\/03\/Las-pajaros-400x300.jpg 400w, https:\/\/www.uartes.edu.ec\/sitio\/wp-content\/uploads\/2025\/03\/Las-pajaros.jpg 1777w\" sizes=\"(max-width: 644px) 100vw, 644px\" \/><\/figure>\n<\/figure>\n\n\n\n<p><\/p>\n\n\n\n<p>\u201cQuiero pensar en la dramaturgia as\u00ed, todo lo que se vive en el proceso, aunque las palabras no alcancen en mi intento de redactar. Imagino la dramaturgia como justamente eso, el poder imaginar siempre, imaginar \u2013por ejemplo\u2013 que es posible una o varias voces en un escenario, el que fuese, y poder decir lo que el miedo opaca. A veces siento que mi pasi\u00f3n por la dramaturgia no es tanto lo que escribo, sino lo que veo, escucho, los otros y las otras\u201d.<\/p>\n\n\n\n<p>\u201cEstudiar Creaci\u00f3n Teatral desde las aulas de la Universidad de las Artes me ha abierto una puerta, intentar comprender el teatro ensayando desde el asfalto de la vida me ha desbaratado ventanas, me lleva a creer en una dramaturgia sensible. Intento atravesar la dramaturgia, conocerla con compromiso y ojal\u00e1 aceptando mis errores\u201d.<\/p>\n\n\n\n<p>\u201c\u2019Las P\u00e1jaros\u2019 inici\u00f3 con una frase que se la mostr\u00e9 al docente Diego Ortega: \u2018Un cuarto celeste, una persona tiene secuestrado el mar\u2026\u2019. Ahora, con la ayuda de todos mis compa\u00f1eras y compa\u00f1eros mencionados (Dixon Tapia, Gabriel Mieles, Vanessa V\u00e1squez, Jes\u00fas S\u00e1nchez, Juan Antonio Coba, Kimberly Rodr\u00edguez, Guillermo Argudo) es m\u00e1s que un texto, es nuestro intento de poder volar\u201d.<\/p>\n\n\n\n<p>Texto y fotos: colaboraci\u00f3n Karla Guin, estudiante de Creaci\u00f3n Teatral.<br>Las im\u00e1genes recogen los varios momentos que ha tenido el texto de la obra, el cual se ley\u00f3 en la semana de la dramaturgia de la Fundaci\u00f3n Teatro Nacional Sucre y consta en la colecci\u00f3n &#8220;Cuadernos de Dramaturgia&#8221;, junto con las otras escrituras trabajadas en la residencia que la FTNS propici\u00f3 en el marco de la Fiesta Esc\u00e9nica de Quito 2024.<\/p>\n","protected":false},"excerpt":{"rendered":"<p>\u201cLas P\u00e1jaros\u201d inici\u00f3 con la frase \u201cUn cuarto celeste, una persona tiene secuestrado el mar\u2026\u201d. Ahora con la ayuda de sus compa\u00f1eros de escena: Dixon Tapia, Gabriel Mieles, Vanessa V\u00e1squez, Jes\u00fas S\u00e1nchez, Juan Antonio Coba, Kimberly Rodr\u00edguez y Guillermo Argudo, es un intento de poder volar. La estudiante Karla Guin detalla as\u00ed la g\u00e9nesis de la obra con la que particip\u00f3 en una residencia de dramaturgia cuyas fases comparte.<\/p>\n","protected":false},"author":10,"featured_media":69629,"comment_status":"open","ping_status":"open","sticky":false,"template":"","format":"standard","meta":{"_acf_changed":false,"_uag_custom_page_level_css":"","_monsterinsights_skip_tracking":false,"_monsterinsights_sitenote_active":false,"_monsterinsights_sitenote_note":"","_monsterinsights_sitenote_category":0,"cybocfi_hide_featured_image":"","footnotes":""},"categories":[80,82,159,76],"tags":[943],"infouartes":[],"class_list":["post-69628","post","type-post","status-publish","format-standard","has-post-thumbnail","hentry","category-academico","category-artes","category-artes-escenicas","category-estudiantes","tag-residencia"],"acf":[],"yoast_head":"<!-- This site is optimized with the Yoast SEO plugin v27.4 - https:\/\/yoast.com\/product\/yoast-seo-wordpress\/ -->\n<title>Universidad de las Artes - M\u00e1s que un texto de creaci\u00f3n teatral, \u201cLas P\u00e1jaros\u201d se enmarca en el intento de un colectivo de artes esc\u00e9nicas de poder volar<\/title>\n<meta name=\"description\" content=\"Universidad de las Artes - M\u00e1s que un texto de creaci\u00f3n teatral, \u201cLas P\u00e1jaros\u201d se enmarca en el intento de un colectivo de artes esc\u00e9nicas de poder volar\" \/>\n<meta name=\"robots\" content=\"index, follow, max-snippet:-1, max-image-preview:large, max-video-preview:-1\" \/>\n<link rel=\"canonical\" href=\"https:\/\/www.uartes.edu.ec\/sitio\/blog\/2025\/03\/19\/mas-que-un-texto-de-creacion-teatral-las-pajaros-es-el-intento-de-un-colectivo-de-artes-escenicas-de-poder-volar\/\" \/>\n<meta property=\"og:locale\" content=\"es_ES\" \/>\n<meta property=\"og:type\" content=\"article\" \/>\n<meta property=\"og:title\" content=\"Universidad de las Artes - M\u00e1s que un texto de creaci\u00f3n teatral, \u201cLas P\u00e1jaros\u201d se enmarca en el intento de un colectivo de artes esc\u00e9nicas de poder volar\" \/>\n<meta property=\"og:description\" content=\"Universidad de las Artes - M\u00e1s que un texto de creaci\u00f3n teatral, \u201cLas P\u00e1jaros\u201d se enmarca en el intento de un colectivo de artes esc\u00e9nicas de poder volar\" \/>\n<meta property=\"og:url\" content=\"https:\/\/www.uartes.edu.ec\/sitio\/blog\/2025\/03\/19\/mas-que-un-texto-de-creacion-teatral-las-pajaros-es-el-intento-de-un-colectivo-de-artes-escenicas-de-poder-volar\/\" \/>\n<meta property=\"og:site_name\" content=\"Universidad de las Artes\" \/>\n<meta property=\"article:publisher\" content=\"https:\/\/www.facebook.com\/uartesec\" \/>\n<meta property=\"article:published_time\" content=\"2025-03-19T21:39:36+00:00\" \/>\n<meta property=\"article:modified_time\" content=\"2025-03-20T16:59:34+00:00\" \/>\n<meta property=\"og:image\" content=\"https:\/\/www.uartes.edu.ec\/sitio\/wp-content\/uploads\/2025\/03\/02-KG-RESIDENCIA-QUITO.jpg\" \/>\n\t<meta property=\"og:image:width\" content=\"2000\" \/>\n\t<meta property=\"og:image:height\" content=\"1333\" \/>\n\t<meta property=\"og:image:type\" content=\"image\/jpeg\" \/>\n<meta name=\"author\" content=\"ccortez\" \/>\n<meta name=\"twitter:card\" content=\"summary_large_image\" \/>\n<meta name=\"twitter:creator\" content=\"@uartesec\" \/>\n<meta name=\"twitter:site\" content=\"@uartesec\" \/>\n<meta name=\"twitter:label1\" content=\"Escrito por\" \/>\n\t<meta name=\"twitter:data1\" content=\"ccortez\" \/>\n\t<meta name=\"twitter:label2\" content=\"Tiempo de lectura\" \/>\n\t<meta name=\"twitter:data2\" content=\"8 minutos\" \/>\n<script type=\"application\/ld+json\" class=\"yoast-schema-graph\">{\"@context\":\"https:\\\/\\\/schema.org\",\"@graph\":[{\"@type\":\"Article\",\"@id\":\"https:\\\/\\\/www.uartes.edu.ec\\\/sitio\\\/blog\\\/2025\\\/03\\\/19\\\/mas-que-un-texto-de-creacion-teatral-las-pajaros-es-el-intento-de-un-colectivo-de-artes-escenicas-de-poder-volar\\\/#article\",\"isPartOf\":{\"@id\":\"https:\\\/\\\/www.uartes.edu.ec\\\/sitio\\\/blog\\\/2025\\\/03\\\/19\\\/mas-que-un-texto-de-creacion-teatral-las-pajaros-es-el-intento-de-un-colectivo-de-artes-escenicas-de-poder-volar\\\/\"},\"author\":{\"name\":\"ccortez\",\"@id\":\"https:\\\/\\\/www.uartes.edu.ec\\\/sitio\\\/#\\\/schema\\\/person\\\/efa1b8275797664fd7f13a79ccc0b1f4\"},\"headline\":\"M\u00e1s que un texto de creaci\u00f3n teatral, \u201cLas P\u00e1jaros\u201d se enmarca en el intento de un colectivo de artes esc\u00e9nicas de poder volar\",\"datePublished\":\"2025-03-19T21:39:36+00:00\",\"dateModified\":\"2025-03-20T16:59:34+00:00\",\"mainEntityOfPage\":{\"@id\":\"https:\\\/\\\/www.uartes.edu.ec\\\/sitio\\\/blog\\\/2025\\\/03\\\/19\\\/mas-que-un-texto-de-creacion-teatral-las-pajaros-es-el-intento-de-un-colectivo-de-artes-escenicas-de-poder-volar\\\/\"},\"wordCount\":1446,\"commentCount\":0,\"publisher\":{\"@id\":\"https:\\\/\\\/www.uartes.edu.ec\\\/sitio\\\/#organization\"},\"image\":{\"@id\":\"https:\\\/\\\/www.uartes.edu.ec\\\/sitio\\\/blog\\\/2025\\\/03\\\/19\\\/mas-que-un-texto-de-creacion-teatral-las-pajaros-es-el-intento-de-un-colectivo-de-artes-escenicas-de-poder-volar\\\/#primaryimage\"},\"thumbnailUrl\":\"https:\\\/\\\/www.uartes.edu.ec\\\/sitio\\\/wp-content\\\/uploads\\\/2025\\\/03\\\/02-KG-RESIDENCIA-QUITO.jpg\",\"keywords\":[\"residencia\"],\"articleSection\":[\"Acad\u00e9mico\",\"Artes\",\"Artes Esc\u00e9nicas\",\"Estudiantes\"],\"inLanguage\":\"es\",\"potentialAction\":[{\"@type\":\"CommentAction\",\"name\":\"Comment\",\"target\":[\"https:\\\/\\\/www.uartes.edu.ec\\\/sitio\\\/blog\\\/2025\\\/03\\\/19\\\/mas-que-un-texto-de-creacion-teatral-las-pajaros-es-el-intento-de-un-colectivo-de-artes-escenicas-de-poder-volar\\\/#respond\"]}]},{\"@type\":[\"WebPage\",\"ItemPage\"],\"@id\":\"https:\\\/\\\/www.uartes.edu.ec\\\/sitio\\\/blog\\\/2025\\\/03\\\/19\\\/mas-que-un-texto-de-creacion-teatral-las-pajaros-es-el-intento-de-un-colectivo-de-artes-escenicas-de-poder-volar\\\/\",\"url\":\"https:\\\/\\\/www.uartes.edu.ec\\\/sitio\\\/blog\\\/2025\\\/03\\\/19\\\/mas-que-un-texto-de-creacion-teatral-las-pajaros-es-el-intento-de-un-colectivo-de-artes-escenicas-de-poder-volar\\\/\",\"name\":\"Universidad de las Artes - M\u00e1s que un texto de creaci\u00f3n teatral, \u201cLas P\u00e1jaros\u201d se enmarca en el intento de un colectivo de artes esc\u00e9nicas de poder volar\",\"isPartOf\":{\"@id\":\"https:\\\/\\\/www.uartes.edu.ec\\\/sitio\\\/#website\"},\"primaryImageOfPage\":{\"@id\":\"https:\\\/\\\/www.uartes.edu.ec\\\/sitio\\\/blog\\\/2025\\\/03\\\/19\\\/mas-que-un-texto-de-creacion-teatral-las-pajaros-es-el-intento-de-un-colectivo-de-artes-escenicas-de-poder-volar\\\/#primaryimage\"},\"image\":{\"@id\":\"https:\\\/\\\/www.uartes.edu.ec\\\/sitio\\\/blog\\\/2025\\\/03\\\/19\\\/mas-que-un-texto-de-creacion-teatral-las-pajaros-es-el-intento-de-un-colectivo-de-artes-escenicas-de-poder-volar\\\/#primaryimage\"},\"thumbnailUrl\":\"https:\\\/\\\/www.uartes.edu.ec\\\/sitio\\\/wp-content\\\/uploads\\\/2025\\\/03\\\/02-KG-RESIDENCIA-QUITO.jpg\",\"datePublished\":\"2025-03-19T21:39:36+00:00\",\"dateModified\":\"2025-03-20T16:59:34+00:00\",\"description\":\"Universidad de las Artes - M\u00e1s que un texto de creaci\u00f3n teatral, \u201cLas P\u00e1jaros\u201d se enmarca en el intento de un colectivo de artes esc\u00e9nicas de poder volar\",\"breadcrumb\":{\"@id\":\"https:\\\/\\\/www.uartes.edu.ec\\\/sitio\\\/blog\\\/2025\\\/03\\\/19\\\/mas-que-un-texto-de-creacion-teatral-las-pajaros-es-el-intento-de-un-colectivo-de-artes-escenicas-de-poder-volar\\\/#breadcrumb\"},\"inLanguage\":\"es\",\"potentialAction\":[{\"@type\":\"ReadAction\",\"target\":[\"https:\\\/\\\/www.uartes.edu.ec\\\/sitio\\\/blog\\\/2025\\\/03\\\/19\\\/mas-que-un-texto-de-creacion-teatral-las-pajaros-es-el-intento-de-un-colectivo-de-artes-escenicas-de-poder-volar\\\/\"]}]},{\"@type\":\"ImageObject\",\"inLanguage\":\"es\",\"@id\":\"https:\\\/\\\/www.uartes.edu.ec\\\/sitio\\\/blog\\\/2025\\\/03\\\/19\\\/mas-que-un-texto-de-creacion-teatral-las-pajaros-es-el-intento-de-un-colectivo-de-artes-escenicas-de-poder-volar\\\/#primaryimage\",\"url\":\"https:\\\/\\\/www.uartes.edu.ec\\\/sitio\\\/wp-content\\\/uploads\\\/2025\\\/03\\\/02-KG-RESIDENCIA-QUITO.jpg\",\"contentUrl\":\"https:\\\/\\\/www.uartes.edu.ec\\\/sitio\\\/wp-content\\\/uploads\\\/2025\\\/03\\\/02-KG-RESIDENCIA-QUITO.jpg\",\"width\":2000,\"height\":1333},{\"@type\":\"BreadcrumbList\",\"@id\":\"https:\\\/\\\/www.uartes.edu.ec\\\/sitio\\\/blog\\\/2025\\\/03\\\/19\\\/mas-que-un-texto-de-creacion-teatral-las-pajaros-es-el-intento-de-un-colectivo-de-artes-escenicas-de-poder-volar\\\/#breadcrumb\",\"itemListElement\":[{\"@type\":\"ListItem\",\"position\":1,\"name\":\"Inicio\",\"item\":\"https:\\\/\\\/www.uartes.edu.ec\\\/sitio\\\/\"},{\"@type\":\"ListItem\",\"position\":2,\"name\":\"M\u00e1s que un texto de creaci\u00f3n teatral, \u201cLas P\u00e1jaros\u201d se enmarca en el intento de un colectivo de artes esc\u00e9nicas de poder volar\"}]},{\"@type\":\"WebSite\",\"@id\":\"https:\\\/\\\/www.uartes.edu.ec\\\/sitio\\\/#website\",\"url\":\"https:\\\/\\\/www.uartes.edu.ec\\\/sitio\\\/\",\"name\":\"Universidad de las Artes\",\"description\":\"Sitio oficial de la Universidad Nacional de las Artes del Ecuador\",\"publisher\":{\"@id\":\"https:\\\/\\\/www.uartes.edu.ec\\\/sitio\\\/#organization\"},\"potentialAction\":[{\"@type\":\"SearchAction\",\"target\":{\"@type\":\"EntryPoint\",\"urlTemplate\":\"https:\\\/\\\/www.uartes.edu.ec\\\/sitio\\\/?s={search_term_string}\"},\"query-input\":{\"@type\":\"PropertyValueSpecification\",\"valueRequired\":true,\"valueName\":\"search_term_string\"}}],\"inLanguage\":\"es\"},{\"@type\":\"Organization\",\"@id\":\"https:\\\/\\\/www.uartes.edu.ec\\\/sitio\\\/#organization\",\"name\":\"Universidad de las Artes\",\"url\":\"https:\\\/\\\/www.uartes.edu.ec\\\/sitio\\\/\",\"logo\":{\"@type\":\"ImageObject\",\"inLanguage\":\"es\",\"@id\":\"https:\\\/\\\/www.uartes.edu.ec\\\/sitio\\\/#\\\/schema\\\/logo\\\/image\\\/\",\"url\":\"https:\\\/\\\/www.uartes.edu.ec\\\/sitio\\\/wp-content\\\/uploads\\\/2022\\\/07\\\/logo-ua-horizontal.png\",\"contentUrl\":\"https:\\\/\\\/www.uartes.edu.ec\\\/sitio\\\/wp-content\\\/uploads\\\/2022\\\/07\\\/logo-ua-horizontal.png\",\"width\":800,\"height\":276,\"caption\":\"Universidad de las Artes\"},\"image\":{\"@id\":\"https:\\\/\\\/www.uartes.edu.ec\\\/sitio\\\/#\\\/schema\\\/logo\\\/image\\\/\"},\"sameAs\":[\"https:\\\/\\\/www.facebook.com\\\/uartesec\",\"https:\\\/\\\/x.com\\\/uartesec\",\"https:\\\/\\\/www.tiktok.com\\\/@uartesec\"]},{\"@type\":\"Person\",\"@id\":\"https:\\\/\\\/www.uartes.edu.ec\\\/sitio\\\/#\\\/schema\\\/person\\\/efa1b8275797664fd7f13a79ccc0b1f4\",\"name\":\"ccortez\",\"image\":{\"@type\":\"ImageObject\",\"inLanguage\":\"es\",\"@id\":\"https:\\\/\\\/secure.gravatar.com\\\/avatar\\\/b2a6f664a3ae8e074346ef91775736c5ec479e637ecced6842de9dc98b5da9cd?s=96&d=mm&r=g\",\"url\":\"https:\\\/\\\/secure.gravatar.com\\\/avatar\\\/b2a6f664a3ae8e074346ef91775736c5ec479e637ecced6842de9dc98b5da9cd?s=96&d=mm&r=g\",\"contentUrl\":\"https:\\\/\\\/secure.gravatar.com\\\/avatar\\\/b2a6f664a3ae8e074346ef91775736c5ec479e637ecced6842de9dc98b5da9cd?s=96&d=mm&r=g\",\"caption\":\"ccortez\"},\"url\":\"https:\\\/\\\/www.uartes.edu.ec\\\/sitio\\\/blog\\\/author\\\/ccortez\\\/\"}]}<\/script>\n<!-- \/ Yoast SEO plugin. -->","yoast_head_json":{"title":"Universidad de las Artes - M\u00e1s que un texto de creaci\u00f3n teatral, \u201cLas P\u00e1jaros\u201d se enmarca en el intento de un colectivo de artes esc\u00e9nicas de poder volar","description":"Universidad de las Artes - M\u00e1s que un texto de creaci\u00f3n teatral, \u201cLas P\u00e1jaros\u201d se enmarca en el intento de un colectivo de artes esc\u00e9nicas de poder volar","robots":{"index":"index","follow":"follow","max-snippet":"max-snippet:-1","max-image-preview":"max-image-preview:large","max-video-preview":"max-video-preview:-1"},"canonical":"https:\/\/www.uartes.edu.ec\/sitio\/blog\/2025\/03\/19\/mas-que-un-texto-de-creacion-teatral-las-pajaros-es-el-intento-de-un-colectivo-de-artes-escenicas-de-poder-volar\/","og_locale":"es_ES","og_type":"article","og_title":"Universidad de las Artes - M\u00e1s que un texto de creaci\u00f3n teatral, \u201cLas P\u00e1jaros\u201d se enmarca en el intento de un colectivo de artes esc\u00e9nicas de poder volar","og_description":"Universidad de las Artes - M\u00e1s que un texto de creaci\u00f3n teatral, \u201cLas P\u00e1jaros\u201d se enmarca en el intento de un colectivo de artes esc\u00e9nicas de poder volar","og_url":"https:\/\/www.uartes.edu.ec\/sitio\/blog\/2025\/03\/19\/mas-que-un-texto-de-creacion-teatral-las-pajaros-es-el-intento-de-un-colectivo-de-artes-escenicas-de-poder-volar\/","og_site_name":"Universidad de las Artes","article_publisher":"https:\/\/www.facebook.com\/uartesec","article_published_time":"2025-03-19T21:39:36+00:00","article_modified_time":"2025-03-20T16:59:34+00:00","og_image":[{"width":2000,"height":1333,"url":"https:\/\/www.uartes.edu.ec\/sitio\/wp-content\/uploads\/2025\/03\/02-KG-RESIDENCIA-QUITO.jpg","type":"image\/jpeg"}],"author":"ccortez","twitter_card":"summary_large_image","twitter_creator":"@uartesec","twitter_site":"@uartesec","twitter_misc":{"Escrito por":"ccortez","Tiempo de lectura":"8 minutos"},"schema":{"@context":"https:\/\/schema.org","@graph":[{"@type":"Article","@id":"https:\/\/www.uartes.edu.ec\/sitio\/blog\/2025\/03\/19\/mas-que-un-texto-de-creacion-teatral-las-pajaros-es-el-intento-de-un-colectivo-de-artes-escenicas-de-poder-volar\/#article","isPartOf":{"@id":"https:\/\/www.uartes.edu.ec\/sitio\/blog\/2025\/03\/19\/mas-que-un-texto-de-creacion-teatral-las-pajaros-es-el-intento-de-un-colectivo-de-artes-escenicas-de-poder-volar\/"},"author":{"name":"ccortez","@id":"https:\/\/www.uartes.edu.ec\/sitio\/#\/schema\/person\/efa1b8275797664fd7f13a79ccc0b1f4"},"headline":"M\u00e1s que un texto de creaci\u00f3n teatral, \u201cLas P\u00e1jaros\u201d se enmarca en el intento de un colectivo de artes esc\u00e9nicas de poder volar","datePublished":"2025-03-19T21:39:36+00:00","dateModified":"2025-03-20T16:59:34+00:00","mainEntityOfPage":{"@id":"https:\/\/www.uartes.edu.ec\/sitio\/blog\/2025\/03\/19\/mas-que-un-texto-de-creacion-teatral-las-pajaros-es-el-intento-de-un-colectivo-de-artes-escenicas-de-poder-volar\/"},"wordCount":1446,"commentCount":0,"publisher":{"@id":"https:\/\/www.uartes.edu.ec\/sitio\/#organization"},"image":{"@id":"https:\/\/www.uartes.edu.ec\/sitio\/blog\/2025\/03\/19\/mas-que-un-texto-de-creacion-teatral-las-pajaros-es-el-intento-de-un-colectivo-de-artes-escenicas-de-poder-volar\/#primaryimage"},"thumbnailUrl":"https:\/\/www.uartes.edu.ec\/sitio\/wp-content\/uploads\/2025\/03\/02-KG-RESIDENCIA-QUITO.jpg","keywords":["residencia"],"articleSection":["Acad\u00e9mico","Artes","Artes Esc\u00e9nicas","Estudiantes"],"inLanguage":"es","potentialAction":[{"@type":"CommentAction","name":"Comment","target":["https:\/\/www.uartes.edu.ec\/sitio\/blog\/2025\/03\/19\/mas-que-un-texto-de-creacion-teatral-las-pajaros-es-el-intento-de-un-colectivo-de-artes-escenicas-de-poder-volar\/#respond"]}]},{"@type":["WebPage","ItemPage"],"@id":"https:\/\/www.uartes.edu.ec\/sitio\/blog\/2025\/03\/19\/mas-que-un-texto-de-creacion-teatral-las-pajaros-es-el-intento-de-un-colectivo-de-artes-escenicas-de-poder-volar\/","url":"https:\/\/www.uartes.edu.ec\/sitio\/blog\/2025\/03\/19\/mas-que-un-texto-de-creacion-teatral-las-pajaros-es-el-intento-de-un-colectivo-de-artes-escenicas-de-poder-volar\/","name":"Universidad de las Artes - M\u00e1s que un texto de creaci\u00f3n teatral, \u201cLas P\u00e1jaros\u201d se enmarca en el intento de un colectivo de artes esc\u00e9nicas de poder volar","isPartOf":{"@id":"https:\/\/www.uartes.edu.ec\/sitio\/#website"},"primaryImageOfPage":{"@id":"https:\/\/www.uartes.edu.ec\/sitio\/blog\/2025\/03\/19\/mas-que-un-texto-de-creacion-teatral-las-pajaros-es-el-intento-de-un-colectivo-de-artes-escenicas-de-poder-volar\/#primaryimage"},"image":{"@id":"https:\/\/www.uartes.edu.ec\/sitio\/blog\/2025\/03\/19\/mas-que-un-texto-de-creacion-teatral-las-pajaros-es-el-intento-de-un-colectivo-de-artes-escenicas-de-poder-volar\/#primaryimage"},"thumbnailUrl":"https:\/\/www.uartes.edu.ec\/sitio\/wp-content\/uploads\/2025\/03\/02-KG-RESIDENCIA-QUITO.jpg","datePublished":"2025-03-19T21:39:36+00:00","dateModified":"2025-03-20T16:59:34+00:00","description":"Universidad de las Artes - M\u00e1s que un texto de creaci\u00f3n teatral, \u201cLas P\u00e1jaros\u201d se enmarca en el intento de un colectivo de artes esc\u00e9nicas de poder volar","breadcrumb":{"@id":"https:\/\/www.uartes.edu.ec\/sitio\/blog\/2025\/03\/19\/mas-que-un-texto-de-creacion-teatral-las-pajaros-es-el-intento-de-un-colectivo-de-artes-escenicas-de-poder-volar\/#breadcrumb"},"inLanguage":"es","potentialAction":[{"@type":"ReadAction","target":["https:\/\/www.uartes.edu.ec\/sitio\/blog\/2025\/03\/19\/mas-que-un-texto-de-creacion-teatral-las-pajaros-es-el-intento-de-un-colectivo-de-artes-escenicas-de-poder-volar\/"]}]},{"@type":"ImageObject","inLanguage":"es","@id":"https:\/\/www.uartes.edu.ec\/sitio\/blog\/2025\/03\/19\/mas-que-un-texto-de-creacion-teatral-las-pajaros-es-el-intento-de-un-colectivo-de-artes-escenicas-de-poder-volar\/#primaryimage","url":"https:\/\/www.uartes.edu.ec\/sitio\/wp-content\/uploads\/2025\/03\/02-KG-RESIDENCIA-QUITO.jpg","contentUrl":"https:\/\/www.uartes.edu.ec\/sitio\/wp-content\/uploads\/2025\/03\/02-KG-RESIDENCIA-QUITO.jpg","width":2000,"height":1333},{"@type":"BreadcrumbList","@id":"https:\/\/www.uartes.edu.ec\/sitio\/blog\/2025\/03\/19\/mas-que-un-texto-de-creacion-teatral-las-pajaros-es-el-intento-de-un-colectivo-de-artes-escenicas-de-poder-volar\/#breadcrumb","itemListElement":[{"@type":"ListItem","position":1,"name":"Inicio","item":"https:\/\/www.uartes.edu.ec\/sitio\/"},{"@type":"ListItem","position":2,"name":"M\u00e1s que un texto de creaci\u00f3n teatral, \u201cLas P\u00e1jaros\u201d se enmarca en el intento de un colectivo de artes esc\u00e9nicas de poder volar"}]},{"@type":"WebSite","@id":"https:\/\/www.uartes.edu.ec\/sitio\/#website","url":"https:\/\/www.uartes.edu.ec\/sitio\/","name":"Universidad de las Artes","description":"Sitio oficial de la Universidad Nacional de las Artes del Ecuador","publisher":{"@id":"https:\/\/www.uartes.edu.ec\/sitio\/#organization"},"potentialAction":[{"@type":"SearchAction","target":{"@type":"EntryPoint","urlTemplate":"https:\/\/www.uartes.edu.ec\/sitio\/?s={search_term_string}"},"query-input":{"@type":"PropertyValueSpecification","valueRequired":true,"valueName":"search_term_string"}}],"inLanguage":"es"},{"@type":"Organization","@id":"https:\/\/www.uartes.edu.ec\/sitio\/#organization","name":"Universidad de las Artes","url":"https:\/\/www.uartes.edu.ec\/sitio\/","logo":{"@type":"ImageObject","inLanguage":"es","@id":"https:\/\/www.uartes.edu.ec\/sitio\/#\/schema\/logo\/image\/","url":"https:\/\/www.uartes.edu.ec\/sitio\/wp-content\/uploads\/2022\/07\/logo-ua-horizontal.png","contentUrl":"https:\/\/www.uartes.edu.ec\/sitio\/wp-content\/uploads\/2022\/07\/logo-ua-horizontal.png","width":800,"height":276,"caption":"Universidad de las Artes"},"image":{"@id":"https:\/\/www.uartes.edu.ec\/sitio\/#\/schema\/logo\/image\/"},"sameAs":["https:\/\/www.facebook.com\/uartesec","https:\/\/x.com\/uartesec","https:\/\/www.tiktok.com\/@uartesec"]},{"@type":"Person","@id":"https:\/\/www.uartes.edu.ec\/sitio\/#\/schema\/person\/efa1b8275797664fd7f13a79ccc0b1f4","name":"ccortez","image":{"@type":"ImageObject","inLanguage":"es","@id":"https:\/\/secure.gravatar.com\/avatar\/b2a6f664a3ae8e074346ef91775736c5ec479e637ecced6842de9dc98b5da9cd?s=96&d=mm&r=g","url":"https:\/\/secure.gravatar.com\/avatar\/b2a6f664a3ae8e074346ef91775736c5ec479e637ecced6842de9dc98b5da9cd?s=96&d=mm&r=g","contentUrl":"https:\/\/secure.gravatar.com\/avatar\/b2a6f664a3ae8e074346ef91775736c5ec479e637ecced6842de9dc98b5da9cd?s=96&d=mm&r=g","caption":"ccortez"},"url":"https:\/\/www.uartes.edu.ec\/sitio\/blog\/author\/ccortez\/"}]}},"uagb_featured_image_src":{"full":["https:\/\/www.uartes.edu.ec\/sitio\/wp-content\/uploads\/2025\/03\/02-KG-RESIDENCIA-QUITO.jpg",2000,1333,false],"thumbnail":["https:\/\/www.uartes.edu.ec\/sitio\/wp-content\/uploads\/2025\/03\/02-KG-RESIDENCIA-QUITO-150x150.jpg",150,150,true],"medium":["https:\/\/www.uartes.edu.ec\/sitio\/wp-content\/uploads\/2025\/03\/02-KG-RESIDENCIA-QUITO-300x200.jpg",300,200,true],"medium_large":["https:\/\/www.uartes.edu.ec\/sitio\/wp-content\/uploads\/2025\/03\/02-KG-RESIDENCIA-QUITO-768x512.jpg",768,512,true],"large":["https:\/\/www.uartes.edu.ec\/sitio\/wp-content\/uploads\/2025\/03\/02-KG-RESIDENCIA-QUITO-644x429.jpg",644,429,true],"1536x1536":["https:\/\/www.uartes.edu.ec\/sitio\/wp-content\/uploads\/2025\/03\/02-KG-RESIDENCIA-QUITO-1536x1024.jpg",1536,1024,true],"2048x2048":["https:\/\/www.uartes.edu.ec\/sitio\/wp-content\/uploads\/2025\/03\/02-KG-RESIDENCIA-QUITO.jpg",2000,1333,false],"trp-custom-language-flag":["https:\/\/www.uartes.edu.ec\/sitio\/wp-content\/uploads\/2025\/03\/02-KG-RESIDENCIA-QUITO-18x12.jpg",18,12,true],"htmega_size_585x295":["https:\/\/www.uartes.edu.ec\/sitio\/wp-content\/uploads\/2025\/03\/02-KG-RESIDENCIA-QUITO-585x295.jpg",585,295,true],"htmega_size_1170x536":["https:\/\/www.uartes.edu.ec\/sitio\/wp-content\/uploads\/2025\/03\/02-KG-RESIDENCIA-QUITO-1170x536.jpg",1170,536,true],"htmega_size_396x360":["https:\/\/www.uartes.edu.ec\/sitio\/wp-content\/uploads\/2025\/03\/02-KG-RESIDENCIA-QUITO-396x360.jpg",396,360,true],"gb-block-post-grid-landscape":["https:\/\/www.uartes.edu.ec\/sitio\/wp-content\/uploads\/2025\/03\/02-KG-RESIDENCIA-QUITO-600x400.jpg",600,400,true],"gb-block-post-grid-square":["https:\/\/www.uartes.edu.ec\/sitio\/wp-content\/uploads\/2025\/03\/02-KG-RESIDENCIA-QUITO-600x600.jpg",600,600,true],"university-hub-thumb":["https:\/\/www.uartes.edu.ec\/sitio\/wp-content\/uploads\/2025\/03\/02-KG-RESIDENCIA-QUITO-400x267.jpg",400,267,true]},"uagb_author_info":{"display_name":"ccortez","author_link":"https:\/\/www.uartes.edu.ec\/sitio\/blog\/author\/ccortez\/"},"uagb_comment_info":0,"uagb_excerpt":"\u201cLas P\u00e1jaros\u201d inici\u00f3 con la frase \u201cUn cuarto celeste, una persona tiene secuestrado el mar\u2026\u201d. Ahora con la ayuda de sus compa\u00f1eros de escena: Dixon Tapia, Gabriel Mieles, Vanessa V\u00e1squez, Jes\u00fas S\u00e1nchez, Juan Antonio Coba, Kimberly Rodr\u00edguez y Guillermo Argudo, es un intento de poder volar. La estudiante Karla Guin detalla as\u00ed la g\u00e9nesis de&hellip;","featured_image_src":"https:\/\/www.uartes.edu.ec\/sitio\/wp-content\/uploads\/2025\/03\/02-KG-RESIDENCIA-QUITO-600x400.jpg","featured_image_src_square":"https:\/\/www.uartes.edu.ec\/sitio\/wp-content\/uploads\/2025\/03\/02-KG-RESIDENCIA-QUITO-600x600.jpg","author_info":{"display_name":"ccortez","author_link":"https:\/\/www.uartes.edu.ec\/sitio\/blog\/author\/ccortez\/"},"publishpress_future_workflow_manual_trigger":{"enabledWorkflows":[]},"distributor_meta":false,"distributor_terms":false,"distributor_media":false,"distributor_original_site_name":"Universidad de las Artes","distributor_original_site_url":"https:\/\/www.uartes.edu.ec\/sitio","push-errors":false,"_links":{"self":[{"href":"https:\/\/www.uartes.edu.ec\/sitio\/wp-json\/wp\/v2\/posts\/69628","targetHints":{"allow":["GET"]}}],"collection":[{"href":"https:\/\/www.uartes.edu.ec\/sitio\/wp-json\/wp\/v2\/posts"}],"about":[{"href":"https:\/\/www.uartes.edu.ec\/sitio\/wp-json\/wp\/v2\/types\/post"}],"author":[{"embeddable":true,"href":"https:\/\/www.uartes.edu.ec\/sitio\/wp-json\/wp\/v2\/users\/10"}],"replies":[{"embeddable":true,"href":"https:\/\/www.uartes.edu.ec\/sitio\/wp-json\/wp\/v2\/comments?post=69628"}],"version-history":[{"count":10,"href":"https:\/\/www.uartes.edu.ec\/sitio\/wp-json\/wp\/v2\/posts\/69628\/revisions"}],"predecessor-version":[{"id":69690,"href":"https:\/\/www.uartes.edu.ec\/sitio\/wp-json\/wp\/v2\/posts\/69628\/revisions\/69690"}],"wp:featuredmedia":[{"embeddable":true,"href":"https:\/\/www.uartes.edu.ec\/sitio\/wp-json\/wp\/v2\/media\/69629"}],"wp:attachment":[{"href":"https:\/\/www.uartes.edu.ec\/sitio\/wp-json\/wp\/v2\/media?parent=69628"}],"wp:term":[{"taxonomy":"category","embeddable":true,"href":"https:\/\/www.uartes.edu.ec\/sitio\/wp-json\/wp\/v2\/categories?post=69628"},{"taxonomy":"post_tag","embeddable":true,"href":"https:\/\/www.uartes.edu.ec\/sitio\/wp-json\/wp\/v2\/tags?post=69628"},{"taxonomy":"infouartes","embeddable":true,"href":"https:\/\/www.uartes.edu.ec\/sitio\/wp-json\/wp\/v2\/infouartes?post=69628"}],"curies":[{"name":"wp","href":"https:\/\/api.w.org\/{rel}","templated":true}]}}