{"id":69858,"date":"2025-03-25T15:48:45","date_gmt":"2025-03-25T20:48:45","guid":{"rendered":"https:\/\/www.uartes.edu.ec\/sitio\/?p=69858"},"modified":"2025-03-25T15:53:36","modified_gmt":"2025-03-25T20:53:36","slug":"live-w-friends-mas-que-un-concierto-el-artista-y-estudiante-uartes-daniel-morales-se-prepara-para-su-segunda-edicion","status":"publish","type":"post","link":"https:\/\/www.uartes.edu.ec\/sitio\/blog\/2025\/03\/25\/live-w-friends-mas-que-un-concierto-el-artista-y-estudiante-uartes-daniel-morales-se-prepara-para-su-segunda-edicion\/","title":{"rendered":"LIVE W\/ FRIENDS, m\u00e1s que un concierto; el artista y estudiante de la UArtes Daniel Morales se prepara para su segunda edici\u00f3n"},"content":{"rendered":"\n<p>Daniel Morales es un artista multidisciplinario de Guayaquil que en la Universidad de las Artes cursa la carrera de Artes Visuales, aunque siempre ha sentido pasi\u00f3n por la m\u00fasica. En nuestra instituci\u00f3n, su presencia en los escenarios ha sido notoria, pues ha intervenido como cantautor invitado en varios eventos relevantes, compartiendo con la comunidad universitaria y p\u00fablico en general una fusi\u00f3n de influencias pop y canciones vibrantes de su autor\u00eda que reflexionan sobre la vida como experiencia.<\/p>\n\n\n\n<p>Como tecladista de la agrupaci\u00f3n Tomb\u00f3 \u2013conocida por su EP \u201cMosaico\u201d\u2013 aport\u00f3 con su caracter\u00edstico estilo al proyecto y form\u00f3 parte de los sold out shows alrededor de la ciudad. En 2024, Daniel Morales dio inicio a su proyecto como solista con LIVE W\/ FRIENDS, un concierto en el que present\u00f3 por primera vez sus temas in\u00e9ditos y tuvo lugar en la Casa Cino Fabiani, donde llen\u00f3 aforo y cant\u00f3 ante m\u00e1s de 80 personas.<\/p>\n\n\n\n<p>Esta experiencia lo lleva a una segunda presentaci\u00f3n programada para el pr\u00f3ximo 6 de abril, a las 18:00, en Odisea Brewing (situada en la avenida Benjam\u00edn Rosales), donde tendr\u00e1 como invitada a Jona, quien estudia en la Escuela de Artes Sonoras de la UArtes la carrera de Producci\u00f3n Musical.<\/p>\n\n\n<div class=\"wp-block-image\">\n<figure class=\"aligncenter size-large\"><img fetchpriority=\"high\" decoding=\"async\" width=\"644\" height=\"429\" src=\"https:\/\/www.uartes.edu.ec\/sitio\/wp-content\/uploads\/2025\/03\/02-DANIEL-MORALES-644x429.jpg\" alt=\"\" class=\"wp-image-69862\" srcset=\"https:\/\/www.uartes.edu.ec\/sitio\/wp-content\/uploads\/2025\/03\/02-DANIEL-MORALES-644x429.jpg 644w, https:\/\/www.uartes.edu.ec\/sitio\/wp-content\/uploads\/2025\/03\/02-DANIEL-MORALES-300x200.jpg 300w, https:\/\/www.uartes.edu.ec\/sitio\/wp-content\/uploads\/2025\/03\/02-DANIEL-MORALES-768x512.jpg 768w, https:\/\/www.uartes.edu.ec\/sitio\/wp-content\/uploads\/2025\/03\/02-DANIEL-MORALES-1536x1024.jpg 1536w, https:\/\/www.uartes.edu.ec\/sitio\/wp-content\/uploads\/2025\/03\/02-DANIEL-MORALES-18x12.jpg 18w, https:\/\/www.uartes.edu.ec\/sitio\/wp-content\/uploads\/2025\/03\/02-DANIEL-MORALES-600x400.jpg 600w, https:\/\/www.uartes.edu.ec\/sitio\/wp-content\/uploads\/2025\/03\/02-DANIEL-MORALES-400x267.jpg 400w, https:\/\/www.uartes.edu.ec\/sitio\/wp-content\/uploads\/2025\/03\/02-DANIEL-MORALES.jpg 2000w\" sizes=\"(max-width: 644px) 100vw, 644px\" \/><\/figure>\n<\/div>\n\n\n<p>En el denominado LIVE W\/ FRIENDS, Daniel Morales invita al p\u00fablico a una experiencia art\u00edstica que expande los l\u00edmites del tradicional concierto. Rommel Naranjo (teclado), Paris Molina (bajo, sintetizador), Sebasti\u00e1n P\u00e9rez (bater\u00eda), Mait\u00e9 Pacheco (coros) y Ariel Orbe (guitarra) lo acompa\u00f1an en el escenario y juntos protagonizan un espect\u00e1culo vibrante y colorido.<\/p>\n\n\n\n<p>Para su segunda entrega, el LIVE W\/ FRIENDS evidenciar\u00e1 su evoluci\u00f3n, puesto que incorporar\u00e1 elementos visuales y teatrales que, junto con la m\u00fasica, brindar\u00e1n al p\u00fablico una experiencia inmersiva inolvidable. De los m\u00fasicos que acompa\u00f1an a Daniel Morales, tres son tambi\u00e9n estudiantes de la UArtes: Ariel Orbe y Rommel Naranjo cursan la carrera de Producci\u00f3n Musical, mientras que Mait\u00e9 Pacheco es alumna de Artes Visuales.<\/p>\n\n\n\n<p>Cabe anotar que, en el concierto, Daniel Morales har\u00e1 el lanzamiento oficial de \u201cRayo de Luz\u201d (en vivo), una producci\u00f3n que ofrece melod\u00edas de ensue\u00f1o, letras nost\u00e1lgicas y coloridos arreglos vocales y que est\u00e1 disponible en todas las plataformas digitales.Se grab\u00f3 en el Estudio A del MZ14 Centro de Producci\u00f3n e Innovaci\u00f3n UArtes bajo la direcci\u00f3n de Dario D\u00e1valos. Realizar la grabaci\u00f3n fue el premio que el cantautor obtuvo de un concurso de Open MAIC que se realiz\u00f3 en el 2023.<\/p>\n\n\n<div class=\"wp-block-image\">\n<figure class=\"aligncenter size-large\"><img decoding=\"async\" width=\"644\" height=\"429\" src=\"https:\/\/www.uartes.edu.ec\/sitio\/wp-content\/uploads\/2025\/03\/03-DANIEL-MORALES-644x429.jpg\" alt=\"\" class=\"wp-image-69863\" srcset=\"https:\/\/www.uartes.edu.ec\/sitio\/wp-content\/uploads\/2025\/03\/03-DANIEL-MORALES-644x429.jpg 644w, https:\/\/www.uartes.edu.ec\/sitio\/wp-content\/uploads\/2025\/03\/03-DANIEL-MORALES-300x200.jpg 300w, https:\/\/www.uartes.edu.ec\/sitio\/wp-content\/uploads\/2025\/03\/03-DANIEL-MORALES-768x512.jpg 768w, https:\/\/www.uartes.edu.ec\/sitio\/wp-content\/uploads\/2025\/03\/03-DANIEL-MORALES-1536x1024.jpg 1536w, https:\/\/www.uartes.edu.ec\/sitio\/wp-content\/uploads\/2025\/03\/03-DANIEL-MORALES-18x12.jpg 18w, https:\/\/www.uartes.edu.ec\/sitio\/wp-content\/uploads\/2025\/03\/03-DANIEL-MORALES-600x400.jpg 600w, https:\/\/www.uartes.edu.ec\/sitio\/wp-content\/uploads\/2025\/03\/03-DANIEL-MORALES-400x267.jpg 400w, https:\/\/www.uartes.edu.ec\/sitio\/wp-content\/uploads\/2025\/03\/03-DANIEL-MORALES.jpg 2000w\" sizes=\"(max-width: 644px) 100vw, 644px\" \/><\/figure>\n<\/div>\n\n\n<p>Open MAIC es una iniciativa que surgi\u00f3 de Dario D\u00e1valos y las tambi\u00e9n alumni Denisse Lalama y Camila Guerrero, graduados todos de la Escuela de Artes Sonoras y hoy docentes y funcionarios de la UArtes, quienes plantearon la necesidad de brindar un escenario libre para las manifestaciones art\u00edsticas y culturales de la comunidad estudiantil e incluso para quienes ya obtuvieron su licenciatura.<\/p>\n\n\n\n<p>Vigente desde el 2022 y con presentaciones los d\u00edas martes en el Malakita, ubicado en el Pasaje Illingworth del antiguo Palacio de la Gobernaci\u00f3n, sede matriz de la UArtes, el Open MAIC lanz\u00f3 un concurso que animaba a los estudiantes a participar con un tema in\u00e9dito para, de ser seleccionado y ganar, obtener una grabaci\u00f3n del mismo tema. Daniel Morales comenta que fue uno de los cinco ganadores que tuvo el certamen.<\/p>\n\n\n\n<p>Como estudiante de la Escuela de Artes Visuales, el cantautor manifiesta su gratitud con la Escuela de Artes Sonoras por fomentar las pr\u00e1cticas transdisciplinares y considerar su composici\u00f3n para ser grabada en el Estudio A.&nbsp;\u201cRayo de Luz\u201d ser\u00e1 una de las canciones que constar\u00e1n en el repertorio de su presentaci\u00f3n en Odisea Brewing.<\/p>\n\n\n\n<p>De su autor\u00eda, Daniel Morales tambi\u00e9n interpretar\u00e1 las canciones: \u201cUno\u201d (\u201cJuntos conocer\u201d), \u201c\u2060YOUTH\u201d (\u201c\u00a1No quiero pensar en nada!\u201d), \u201c\u2060Mal clima\u201d, \u201c\u2060Me preguntas en qu\u00e9 pienso\u201d y \u201c\u2060No es tan malo estar solo\u201d.<\/p>\n\n\n\n<p>Texto: colaboraci\u00f3n de Daniel Morales, estudiante UArtes. Edici\u00f3n: Carmen Cortez\/Dircom.<br>En im\u00e1genes: 1. Primera edici\u00f3n de LIVE W\/ FRIENDS en la Casa Cino Fabiani; foto de Paula Chipilliqu\u00e9n, estudiante de Cine UArtes. 2. Afiche de la segunda edici\u00f3n de LIVE W\/ FRIENDS elaborado por Daniel Morales. 3. Portada de \u201cRayo de Luz\u201d; foto de Samuel Saltos, alumnus UArtes.\u00a0<\/p>\n\n\n\n<p>Link para escuchar el tema en todas las plataformas:&nbsp;<a href=\"https:\/\/tr.ee\/C7iI1_XCeH\" target=\"_blank\" rel=\"noreferrer noopener\">https:\/\/tr.ee\/C7iI1_XCeH<\/a><\/p>\n\n\n\n<p><\/p>\n","protected":false},"excerpt":{"rendered":"<p>Daniel Morales es un artista multidisciplinario que en la UArtes cursa la carrera de Artes Visuales, aunque siempre ha sentido pasi\u00f3n por la m\u00fasica. En nuestra instituci\u00f3n, su presencia en los escenarios ha sido notoria, pues ha intervenido como cantautor invitado en varios eventos, compartiendo con el p\u00fablico una fusi\u00f3n de influencias pop y canciones de su autor\u00eda. LIVE W\/ FRIENDS es el concierto que ofrecer\u00e1 el 6 de abril. <\/p>\n","protected":false},"author":10,"featured_media":69865,"comment_status":"open","ping_status":"open","sticky":false,"template":"","format":"standard","meta":{"_acf_changed":false,"_uag_custom_page_level_css":"","_monsterinsights_skip_tracking":false,"_monsterinsights_sitenote_active":false,"_monsterinsights_sitenote_note":"","_monsterinsights_sitenote_category":0,"cybocfi_hide_featured_image":"","footnotes":""},"categories":[82,150,157,147,76],"tags":[518],"infouartes":[],"class_list":["post-69858","post","type-post","status-publish","format-standard","has-post-thumbnail","hentry","category-artes","category-artes-sonoras","category-artes-visuales","category-cine","category-estudiantes","tag-produccion"],"acf":[],"yoast_head":"<!-- This site is optimized with the Yoast SEO plugin v27.4 - https:\/\/yoast.com\/product\/yoast-seo-wordpress\/ -->\n<title>Universidad de las Artes - LIVE W\/ FRIENDS, m\u00e1s que un concierto; el artista y estudiante de la UArtes Daniel Morales se prepara para su segunda edici\u00f3n<\/title>\n<meta name=\"description\" content=\"Universidad de las Artes - LIVE W\/ FRIENDS, m\u00e1s que un concierto; el artista y estudiante de la UArtes Daniel Morales se prepara para su segunda edici\u00f3n\" \/>\n<meta name=\"robots\" content=\"index, follow, max-snippet:-1, max-image-preview:large, max-video-preview:-1\" \/>\n<link rel=\"canonical\" href=\"https:\/\/www.uartes.edu.ec\/sitio\/blog\/2025\/03\/25\/live-w-friends-mas-que-un-concierto-el-artista-y-estudiante-uartes-daniel-morales-se-prepara-para-su-segunda-edicion\/\" \/>\n<meta property=\"og:locale\" content=\"es_ES\" \/>\n<meta property=\"og:type\" content=\"article\" \/>\n<meta property=\"og:title\" content=\"Universidad de las Artes - LIVE W\/ FRIENDS, m\u00e1s que un concierto; el artista y estudiante de la UArtes Daniel Morales se prepara para su segunda edici\u00f3n\" \/>\n<meta property=\"og:description\" content=\"Universidad de las Artes - LIVE W\/ FRIENDS, m\u00e1s que un concierto; el artista y estudiante de la UArtes Daniel Morales se prepara para su segunda edici\u00f3n\" \/>\n<meta property=\"og:url\" content=\"https:\/\/www.uartes.edu.ec\/sitio\/blog\/2025\/03\/25\/live-w-friends-mas-que-un-concierto-el-artista-y-estudiante-uartes-daniel-morales-se-prepara-para-su-segunda-edicion\/\" \/>\n<meta property=\"og:site_name\" content=\"Universidad de las Artes\" \/>\n<meta property=\"article:publisher\" content=\"https:\/\/www.facebook.com\/uartesec\" \/>\n<meta property=\"article:published_time\" content=\"2025-03-25T20:48:45+00:00\" \/>\n<meta property=\"article:modified_time\" content=\"2025-03-25T20:53:36+00:00\" \/>\n<meta property=\"og:image\" content=\"https:\/\/www.uartes.edu.ec\/sitio\/wp-content\/uploads\/2025\/03\/01-DANIEL-MORALES.jpg\" \/>\n\t<meta property=\"og:image:width\" content=\"2000\" \/>\n\t<meta property=\"og:image:height\" content=\"1333\" \/>\n\t<meta property=\"og:image:type\" content=\"image\/jpeg\" \/>\n<meta name=\"author\" content=\"ccortez\" \/>\n<meta name=\"twitter:card\" content=\"summary_large_image\" \/>\n<meta name=\"twitter:creator\" content=\"@uartesec\" \/>\n<meta name=\"twitter:site\" content=\"@uartesec\" \/>\n<meta name=\"twitter:label1\" content=\"Escrito por\" \/>\n\t<meta name=\"twitter:data1\" content=\"ccortez\" \/>\n\t<meta name=\"twitter:label2\" content=\"Tiempo de lectura\" \/>\n\t<meta name=\"twitter:data2\" content=\"4 minutos\" \/>\n<script type=\"application\/ld+json\" class=\"yoast-schema-graph\">{\"@context\":\"https:\\\/\\\/schema.org\",\"@graph\":[{\"@type\":\"Article\",\"@id\":\"https:\\\/\\\/www.uartes.edu.ec\\\/sitio\\\/blog\\\/2025\\\/03\\\/25\\\/live-w-friends-mas-que-un-concierto-el-artista-y-estudiante-uartes-daniel-morales-se-prepara-para-su-segunda-edicion\\\/#article\",\"isPartOf\":{\"@id\":\"https:\\\/\\\/www.uartes.edu.ec\\\/sitio\\\/blog\\\/2025\\\/03\\\/25\\\/live-w-friends-mas-que-un-concierto-el-artista-y-estudiante-uartes-daniel-morales-se-prepara-para-su-segunda-edicion\\\/\"},\"author\":{\"name\":\"ccortez\",\"@id\":\"https:\\\/\\\/www.uartes.edu.ec\\\/sitio\\\/#\\\/schema\\\/person\\\/efa1b8275797664fd7f13a79ccc0b1f4\"},\"headline\":\"LIVE W\\\/ FRIENDS, m\u00e1s que un concierto; el artista y estudiante de la UArtes Daniel Morales se prepara para su segunda edici\u00f3n\",\"datePublished\":\"2025-03-25T20:48:45+00:00\",\"dateModified\":\"2025-03-25T20:53:36+00:00\",\"mainEntityOfPage\":{\"@id\":\"https:\\\/\\\/www.uartes.edu.ec\\\/sitio\\\/blog\\\/2025\\\/03\\\/25\\\/live-w-friends-mas-que-un-concierto-el-artista-y-estudiante-uartes-daniel-morales-se-prepara-para-su-segunda-edicion\\\/\"},\"wordCount\":769,\"commentCount\":0,\"publisher\":{\"@id\":\"https:\\\/\\\/www.uartes.edu.ec\\\/sitio\\\/#organization\"},\"image\":{\"@id\":\"https:\\\/\\\/www.uartes.edu.ec\\\/sitio\\\/blog\\\/2025\\\/03\\\/25\\\/live-w-friends-mas-que-un-concierto-el-artista-y-estudiante-uartes-daniel-morales-se-prepara-para-su-segunda-edicion\\\/#primaryimage\"},\"thumbnailUrl\":\"https:\\\/\\\/www.uartes.edu.ec\\\/sitio\\\/wp-content\\\/uploads\\\/2025\\\/03\\\/01-DANIEL-MORALES.jpg\",\"keywords\":[\"producci\u00f3n\"],\"articleSection\":[\"Artes\",\"Artes Sonoras\",\"Artes Visuales\",\"Cine\",\"Estudiantes\"],\"inLanguage\":\"es\",\"potentialAction\":[{\"@type\":\"CommentAction\",\"name\":\"Comment\",\"target\":[\"https:\\\/\\\/www.uartes.edu.ec\\\/sitio\\\/blog\\\/2025\\\/03\\\/25\\\/live-w-friends-mas-que-un-concierto-el-artista-y-estudiante-uartes-daniel-morales-se-prepara-para-su-segunda-edicion\\\/#respond\"]}]},{\"@type\":[\"WebPage\",\"ItemPage\"],\"@id\":\"https:\\\/\\\/www.uartes.edu.ec\\\/sitio\\\/blog\\\/2025\\\/03\\\/25\\\/live-w-friends-mas-que-un-concierto-el-artista-y-estudiante-uartes-daniel-morales-se-prepara-para-su-segunda-edicion\\\/\",\"url\":\"https:\\\/\\\/www.uartes.edu.ec\\\/sitio\\\/blog\\\/2025\\\/03\\\/25\\\/live-w-friends-mas-que-un-concierto-el-artista-y-estudiante-uartes-daniel-morales-se-prepara-para-su-segunda-edicion\\\/\",\"name\":\"Universidad de las Artes - LIVE W\\\/ FRIENDS, m\u00e1s que un concierto; el artista y estudiante de la UArtes Daniel Morales se prepara para su segunda edici\u00f3n\",\"isPartOf\":{\"@id\":\"https:\\\/\\\/www.uartes.edu.ec\\\/sitio\\\/#website\"},\"primaryImageOfPage\":{\"@id\":\"https:\\\/\\\/www.uartes.edu.ec\\\/sitio\\\/blog\\\/2025\\\/03\\\/25\\\/live-w-friends-mas-que-un-concierto-el-artista-y-estudiante-uartes-daniel-morales-se-prepara-para-su-segunda-edicion\\\/#primaryimage\"},\"image\":{\"@id\":\"https:\\\/\\\/www.uartes.edu.ec\\\/sitio\\\/blog\\\/2025\\\/03\\\/25\\\/live-w-friends-mas-que-un-concierto-el-artista-y-estudiante-uartes-daniel-morales-se-prepara-para-su-segunda-edicion\\\/#primaryimage\"},\"thumbnailUrl\":\"https:\\\/\\\/www.uartes.edu.ec\\\/sitio\\\/wp-content\\\/uploads\\\/2025\\\/03\\\/01-DANIEL-MORALES.jpg\",\"datePublished\":\"2025-03-25T20:48:45+00:00\",\"dateModified\":\"2025-03-25T20:53:36+00:00\",\"description\":\"Universidad de las Artes - LIVE W\\\/ FRIENDS, m\u00e1s que un concierto; el artista y estudiante de la UArtes Daniel Morales se prepara para su segunda edici\u00f3n\",\"breadcrumb\":{\"@id\":\"https:\\\/\\\/www.uartes.edu.ec\\\/sitio\\\/blog\\\/2025\\\/03\\\/25\\\/live-w-friends-mas-que-un-concierto-el-artista-y-estudiante-uartes-daniel-morales-se-prepara-para-su-segunda-edicion\\\/#breadcrumb\"},\"inLanguage\":\"es\",\"potentialAction\":[{\"@type\":\"ReadAction\",\"target\":[\"https:\\\/\\\/www.uartes.edu.ec\\\/sitio\\\/blog\\\/2025\\\/03\\\/25\\\/live-w-friends-mas-que-un-concierto-el-artista-y-estudiante-uartes-daniel-morales-se-prepara-para-su-segunda-edicion\\\/\"]}]},{\"@type\":\"ImageObject\",\"inLanguage\":\"es\",\"@id\":\"https:\\\/\\\/www.uartes.edu.ec\\\/sitio\\\/blog\\\/2025\\\/03\\\/25\\\/live-w-friends-mas-que-un-concierto-el-artista-y-estudiante-uartes-daniel-morales-se-prepara-para-su-segunda-edicion\\\/#primaryimage\",\"url\":\"https:\\\/\\\/www.uartes.edu.ec\\\/sitio\\\/wp-content\\\/uploads\\\/2025\\\/03\\\/01-DANIEL-MORALES.jpg\",\"contentUrl\":\"https:\\\/\\\/www.uartes.edu.ec\\\/sitio\\\/wp-content\\\/uploads\\\/2025\\\/03\\\/01-DANIEL-MORALES.jpg\",\"width\":2000,\"height\":1333},{\"@type\":\"BreadcrumbList\",\"@id\":\"https:\\\/\\\/www.uartes.edu.ec\\\/sitio\\\/blog\\\/2025\\\/03\\\/25\\\/live-w-friends-mas-que-un-concierto-el-artista-y-estudiante-uartes-daniel-morales-se-prepara-para-su-segunda-edicion\\\/#breadcrumb\",\"itemListElement\":[{\"@type\":\"ListItem\",\"position\":1,\"name\":\"Inicio\",\"item\":\"https:\\\/\\\/www.uartes.edu.ec\\\/sitio\\\/\"},{\"@type\":\"ListItem\",\"position\":2,\"name\":\"LIVE W\\\/ FRIENDS, m\u00e1s que un concierto; el artista y estudiante de la UArtes Daniel Morales se prepara para su segunda edici\u00f3n\"}]},{\"@type\":\"WebSite\",\"@id\":\"https:\\\/\\\/www.uartes.edu.ec\\\/sitio\\\/#website\",\"url\":\"https:\\\/\\\/www.uartes.edu.ec\\\/sitio\\\/\",\"name\":\"Universidad de las Artes\",\"description\":\"Sitio oficial de la Universidad Nacional de las Artes del Ecuador\",\"publisher\":{\"@id\":\"https:\\\/\\\/www.uartes.edu.ec\\\/sitio\\\/#organization\"},\"potentialAction\":[{\"@type\":\"SearchAction\",\"target\":{\"@type\":\"EntryPoint\",\"urlTemplate\":\"https:\\\/\\\/www.uartes.edu.ec\\\/sitio\\\/?s={search_term_string}\"},\"query-input\":{\"@type\":\"PropertyValueSpecification\",\"valueRequired\":true,\"valueName\":\"search_term_string\"}}],\"inLanguage\":\"es\"},{\"@type\":\"Organization\",\"@id\":\"https:\\\/\\\/www.uartes.edu.ec\\\/sitio\\\/#organization\",\"name\":\"Universidad de las Artes\",\"url\":\"https:\\\/\\\/www.uartes.edu.ec\\\/sitio\\\/\",\"logo\":{\"@type\":\"ImageObject\",\"inLanguage\":\"es\",\"@id\":\"https:\\\/\\\/www.uartes.edu.ec\\\/sitio\\\/#\\\/schema\\\/logo\\\/image\\\/\",\"url\":\"https:\\\/\\\/www.uartes.edu.ec\\\/sitio\\\/wp-content\\\/uploads\\\/2022\\\/07\\\/logo-ua-horizontal.png\",\"contentUrl\":\"https:\\\/\\\/www.uartes.edu.ec\\\/sitio\\\/wp-content\\\/uploads\\\/2022\\\/07\\\/logo-ua-horizontal.png\",\"width\":800,\"height\":276,\"caption\":\"Universidad de las Artes\"},\"image\":{\"@id\":\"https:\\\/\\\/www.uartes.edu.ec\\\/sitio\\\/#\\\/schema\\\/logo\\\/image\\\/\"},\"sameAs\":[\"https:\\\/\\\/www.facebook.com\\\/uartesec\",\"https:\\\/\\\/x.com\\\/uartesec\",\"https:\\\/\\\/www.tiktok.com\\\/@uartesec\"]},{\"@type\":\"Person\",\"@id\":\"https:\\\/\\\/www.uartes.edu.ec\\\/sitio\\\/#\\\/schema\\\/person\\\/efa1b8275797664fd7f13a79ccc0b1f4\",\"name\":\"ccortez\",\"image\":{\"@type\":\"ImageObject\",\"inLanguage\":\"es\",\"@id\":\"https:\\\/\\\/secure.gravatar.com\\\/avatar\\\/b2a6f664a3ae8e074346ef91775736c5ec479e637ecced6842de9dc98b5da9cd?s=96&d=mm&r=g\",\"url\":\"https:\\\/\\\/secure.gravatar.com\\\/avatar\\\/b2a6f664a3ae8e074346ef91775736c5ec479e637ecced6842de9dc98b5da9cd?s=96&d=mm&r=g\",\"contentUrl\":\"https:\\\/\\\/secure.gravatar.com\\\/avatar\\\/b2a6f664a3ae8e074346ef91775736c5ec479e637ecced6842de9dc98b5da9cd?s=96&d=mm&r=g\",\"caption\":\"ccortez\"},\"url\":\"https:\\\/\\\/www.uartes.edu.ec\\\/sitio\\\/blog\\\/author\\\/ccortez\\\/\"}]}<\/script>\n<!-- \/ Yoast SEO plugin. -->","yoast_head_json":{"title":"Universidad de las Artes - LIVE W\/ FRIENDS, m\u00e1s que un concierto; el artista y estudiante de la UArtes Daniel Morales se prepara para su segunda edici\u00f3n","description":"Universidad de las Artes - LIVE W\/ FRIENDS, m\u00e1s que un concierto; el artista y estudiante de la UArtes Daniel Morales se prepara para su segunda edici\u00f3n","robots":{"index":"index","follow":"follow","max-snippet":"max-snippet:-1","max-image-preview":"max-image-preview:large","max-video-preview":"max-video-preview:-1"},"canonical":"https:\/\/www.uartes.edu.ec\/sitio\/blog\/2025\/03\/25\/live-w-friends-mas-que-un-concierto-el-artista-y-estudiante-uartes-daniel-morales-se-prepara-para-su-segunda-edicion\/","og_locale":"es_ES","og_type":"article","og_title":"Universidad de las Artes - LIVE W\/ FRIENDS, m\u00e1s que un concierto; el artista y estudiante de la UArtes Daniel Morales se prepara para su segunda edici\u00f3n","og_description":"Universidad de las Artes - LIVE W\/ FRIENDS, m\u00e1s que un concierto; el artista y estudiante de la UArtes Daniel Morales se prepara para su segunda edici\u00f3n","og_url":"https:\/\/www.uartes.edu.ec\/sitio\/blog\/2025\/03\/25\/live-w-friends-mas-que-un-concierto-el-artista-y-estudiante-uartes-daniel-morales-se-prepara-para-su-segunda-edicion\/","og_site_name":"Universidad de las Artes","article_publisher":"https:\/\/www.facebook.com\/uartesec","article_published_time":"2025-03-25T20:48:45+00:00","article_modified_time":"2025-03-25T20:53:36+00:00","og_image":[{"width":2000,"height":1333,"url":"https:\/\/www.uartes.edu.ec\/sitio\/wp-content\/uploads\/2025\/03\/01-DANIEL-MORALES.jpg","type":"image\/jpeg"}],"author":"ccortez","twitter_card":"summary_large_image","twitter_creator":"@uartesec","twitter_site":"@uartesec","twitter_misc":{"Escrito por":"ccortez","Tiempo de lectura":"4 minutos"},"schema":{"@context":"https:\/\/schema.org","@graph":[{"@type":"Article","@id":"https:\/\/www.uartes.edu.ec\/sitio\/blog\/2025\/03\/25\/live-w-friends-mas-que-un-concierto-el-artista-y-estudiante-uartes-daniel-morales-se-prepara-para-su-segunda-edicion\/#article","isPartOf":{"@id":"https:\/\/www.uartes.edu.ec\/sitio\/blog\/2025\/03\/25\/live-w-friends-mas-que-un-concierto-el-artista-y-estudiante-uartes-daniel-morales-se-prepara-para-su-segunda-edicion\/"},"author":{"name":"ccortez","@id":"https:\/\/www.uartes.edu.ec\/sitio\/#\/schema\/person\/efa1b8275797664fd7f13a79ccc0b1f4"},"headline":"LIVE W\/ FRIENDS, m\u00e1s que un concierto; el artista y estudiante de la UArtes Daniel Morales se prepara para su segunda edici\u00f3n","datePublished":"2025-03-25T20:48:45+00:00","dateModified":"2025-03-25T20:53:36+00:00","mainEntityOfPage":{"@id":"https:\/\/www.uartes.edu.ec\/sitio\/blog\/2025\/03\/25\/live-w-friends-mas-que-un-concierto-el-artista-y-estudiante-uartes-daniel-morales-se-prepara-para-su-segunda-edicion\/"},"wordCount":769,"commentCount":0,"publisher":{"@id":"https:\/\/www.uartes.edu.ec\/sitio\/#organization"},"image":{"@id":"https:\/\/www.uartes.edu.ec\/sitio\/blog\/2025\/03\/25\/live-w-friends-mas-que-un-concierto-el-artista-y-estudiante-uartes-daniel-morales-se-prepara-para-su-segunda-edicion\/#primaryimage"},"thumbnailUrl":"https:\/\/www.uartes.edu.ec\/sitio\/wp-content\/uploads\/2025\/03\/01-DANIEL-MORALES.jpg","keywords":["producci\u00f3n"],"articleSection":["Artes","Artes Sonoras","Artes Visuales","Cine","Estudiantes"],"inLanguage":"es","potentialAction":[{"@type":"CommentAction","name":"Comment","target":["https:\/\/www.uartes.edu.ec\/sitio\/blog\/2025\/03\/25\/live-w-friends-mas-que-un-concierto-el-artista-y-estudiante-uartes-daniel-morales-se-prepara-para-su-segunda-edicion\/#respond"]}]},{"@type":["WebPage","ItemPage"],"@id":"https:\/\/www.uartes.edu.ec\/sitio\/blog\/2025\/03\/25\/live-w-friends-mas-que-un-concierto-el-artista-y-estudiante-uartes-daniel-morales-se-prepara-para-su-segunda-edicion\/","url":"https:\/\/www.uartes.edu.ec\/sitio\/blog\/2025\/03\/25\/live-w-friends-mas-que-un-concierto-el-artista-y-estudiante-uartes-daniel-morales-se-prepara-para-su-segunda-edicion\/","name":"Universidad de las Artes - LIVE W\/ FRIENDS, m\u00e1s que un concierto; el artista y estudiante de la UArtes Daniel Morales se prepara para su segunda edici\u00f3n","isPartOf":{"@id":"https:\/\/www.uartes.edu.ec\/sitio\/#website"},"primaryImageOfPage":{"@id":"https:\/\/www.uartes.edu.ec\/sitio\/blog\/2025\/03\/25\/live-w-friends-mas-que-un-concierto-el-artista-y-estudiante-uartes-daniel-morales-se-prepara-para-su-segunda-edicion\/#primaryimage"},"image":{"@id":"https:\/\/www.uartes.edu.ec\/sitio\/blog\/2025\/03\/25\/live-w-friends-mas-que-un-concierto-el-artista-y-estudiante-uartes-daniel-morales-se-prepara-para-su-segunda-edicion\/#primaryimage"},"thumbnailUrl":"https:\/\/www.uartes.edu.ec\/sitio\/wp-content\/uploads\/2025\/03\/01-DANIEL-MORALES.jpg","datePublished":"2025-03-25T20:48:45+00:00","dateModified":"2025-03-25T20:53:36+00:00","description":"Universidad de las Artes - LIVE W\/ FRIENDS, m\u00e1s que un concierto; el artista y estudiante de la UArtes Daniel Morales se prepara para su segunda edici\u00f3n","breadcrumb":{"@id":"https:\/\/www.uartes.edu.ec\/sitio\/blog\/2025\/03\/25\/live-w-friends-mas-que-un-concierto-el-artista-y-estudiante-uartes-daniel-morales-se-prepara-para-su-segunda-edicion\/#breadcrumb"},"inLanguage":"es","potentialAction":[{"@type":"ReadAction","target":["https:\/\/www.uartes.edu.ec\/sitio\/blog\/2025\/03\/25\/live-w-friends-mas-que-un-concierto-el-artista-y-estudiante-uartes-daniel-morales-se-prepara-para-su-segunda-edicion\/"]}]},{"@type":"ImageObject","inLanguage":"es","@id":"https:\/\/www.uartes.edu.ec\/sitio\/blog\/2025\/03\/25\/live-w-friends-mas-que-un-concierto-el-artista-y-estudiante-uartes-daniel-morales-se-prepara-para-su-segunda-edicion\/#primaryimage","url":"https:\/\/www.uartes.edu.ec\/sitio\/wp-content\/uploads\/2025\/03\/01-DANIEL-MORALES.jpg","contentUrl":"https:\/\/www.uartes.edu.ec\/sitio\/wp-content\/uploads\/2025\/03\/01-DANIEL-MORALES.jpg","width":2000,"height":1333},{"@type":"BreadcrumbList","@id":"https:\/\/www.uartes.edu.ec\/sitio\/blog\/2025\/03\/25\/live-w-friends-mas-que-un-concierto-el-artista-y-estudiante-uartes-daniel-morales-se-prepara-para-su-segunda-edicion\/#breadcrumb","itemListElement":[{"@type":"ListItem","position":1,"name":"Inicio","item":"https:\/\/www.uartes.edu.ec\/sitio\/"},{"@type":"ListItem","position":2,"name":"LIVE W\/ FRIENDS, m\u00e1s que un concierto; el artista y estudiante de la UArtes Daniel Morales se prepara para su segunda edici\u00f3n"}]},{"@type":"WebSite","@id":"https:\/\/www.uartes.edu.ec\/sitio\/#website","url":"https:\/\/www.uartes.edu.ec\/sitio\/","name":"Universidad de las Artes","description":"Sitio oficial de la Universidad Nacional de las Artes del Ecuador","publisher":{"@id":"https:\/\/www.uartes.edu.ec\/sitio\/#organization"},"potentialAction":[{"@type":"SearchAction","target":{"@type":"EntryPoint","urlTemplate":"https:\/\/www.uartes.edu.ec\/sitio\/?s={search_term_string}"},"query-input":{"@type":"PropertyValueSpecification","valueRequired":true,"valueName":"search_term_string"}}],"inLanguage":"es"},{"@type":"Organization","@id":"https:\/\/www.uartes.edu.ec\/sitio\/#organization","name":"Universidad de las Artes","url":"https:\/\/www.uartes.edu.ec\/sitio\/","logo":{"@type":"ImageObject","inLanguage":"es","@id":"https:\/\/www.uartes.edu.ec\/sitio\/#\/schema\/logo\/image\/","url":"https:\/\/www.uartes.edu.ec\/sitio\/wp-content\/uploads\/2022\/07\/logo-ua-horizontal.png","contentUrl":"https:\/\/www.uartes.edu.ec\/sitio\/wp-content\/uploads\/2022\/07\/logo-ua-horizontal.png","width":800,"height":276,"caption":"Universidad de las Artes"},"image":{"@id":"https:\/\/www.uartes.edu.ec\/sitio\/#\/schema\/logo\/image\/"},"sameAs":["https:\/\/www.facebook.com\/uartesec","https:\/\/x.com\/uartesec","https:\/\/www.tiktok.com\/@uartesec"]},{"@type":"Person","@id":"https:\/\/www.uartes.edu.ec\/sitio\/#\/schema\/person\/efa1b8275797664fd7f13a79ccc0b1f4","name":"ccortez","image":{"@type":"ImageObject","inLanguage":"es","@id":"https:\/\/secure.gravatar.com\/avatar\/b2a6f664a3ae8e074346ef91775736c5ec479e637ecced6842de9dc98b5da9cd?s=96&d=mm&r=g","url":"https:\/\/secure.gravatar.com\/avatar\/b2a6f664a3ae8e074346ef91775736c5ec479e637ecced6842de9dc98b5da9cd?s=96&d=mm&r=g","contentUrl":"https:\/\/secure.gravatar.com\/avatar\/b2a6f664a3ae8e074346ef91775736c5ec479e637ecced6842de9dc98b5da9cd?s=96&d=mm&r=g","caption":"ccortez"},"url":"https:\/\/www.uartes.edu.ec\/sitio\/blog\/author\/ccortez\/"}]}},"uagb_featured_image_src":{"full":["https:\/\/www.uartes.edu.ec\/sitio\/wp-content\/uploads\/2025\/03\/01-DANIEL-MORALES.jpg",2000,1333,false],"thumbnail":["https:\/\/www.uartes.edu.ec\/sitio\/wp-content\/uploads\/2025\/03\/01-DANIEL-MORALES-150x150.jpg",150,150,true],"medium":["https:\/\/www.uartes.edu.ec\/sitio\/wp-content\/uploads\/2025\/03\/01-DANIEL-MORALES-300x200.jpg",300,200,true],"medium_large":["https:\/\/www.uartes.edu.ec\/sitio\/wp-content\/uploads\/2025\/03\/01-DANIEL-MORALES-768x512.jpg",768,512,true],"large":["https:\/\/www.uartes.edu.ec\/sitio\/wp-content\/uploads\/2025\/03\/01-DANIEL-MORALES-644x429.jpg",644,429,true],"1536x1536":["https:\/\/www.uartes.edu.ec\/sitio\/wp-content\/uploads\/2025\/03\/01-DANIEL-MORALES-1536x1024.jpg",1536,1024,true],"2048x2048":["https:\/\/www.uartes.edu.ec\/sitio\/wp-content\/uploads\/2025\/03\/01-DANIEL-MORALES.jpg",2000,1333,false],"trp-custom-language-flag":["https:\/\/www.uartes.edu.ec\/sitio\/wp-content\/uploads\/2025\/03\/01-DANIEL-MORALES-18x12.jpg",18,12,true],"htmega_size_585x295":["https:\/\/www.uartes.edu.ec\/sitio\/wp-content\/uploads\/2025\/03\/01-DANIEL-MORALES-585x295.jpg",585,295,true],"htmega_size_1170x536":["https:\/\/www.uartes.edu.ec\/sitio\/wp-content\/uploads\/2025\/03\/01-DANIEL-MORALES-1170x536.jpg",1170,536,true],"htmega_size_396x360":["https:\/\/www.uartes.edu.ec\/sitio\/wp-content\/uploads\/2025\/03\/01-DANIEL-MORALES-396x360.jpg",396,360,true],"gb-block-post-grid-landscape":["https:\/\/www.uartes.edu.ec\/sitio\/wp-content\/uploads\/2025\/03\/01-DANIEL-MORALES-600x400.jpg",600,400,true],"gb-block-post-grid-square":["https:\/\/www.uartes.edu.ec\/sitio\/wp-content\/uploads\/2025\/03\/01-DANIEL-MORALES-600x600.jpg",600,600,true],"university-hub-thumb":["https:\/\/www.uartes.edu.ec\/sitio\/wp-content\/uploads\/2025\/03\/01-DANIEL-MORALES-400x267.jpg",400,267,true]},"uagb_author_info":{"display_name":"ccortez","author_link":"https:\/\/www.uartes.edu.ec\/sitio\/blog\/author\/ccortez\/"},"uagb_comment_info":0,"uagb_excerpt":"Daniel Morales es un artista multidisciplinario que en la UArtes cursa la carrera de Artes Visuales, aunque siempre ha sentido pasi\u00f3n por la m\u00fasica. En nuestra instituci\u00f3n, su presencia en los escenarios ha sido notoria, pues ha intervenido como cantautor invitado en varios eventos, compartiendo con el p\u00fablico una fusi\u00f3n de influencias pop y canciones&hellip;","featured_image_src":"https:\/\/www.uartes.edu.ec\/sitio\/wp-content\/uploads\/2025\/03\/01-DANIEL-MORALES-600x400.jpg","featured_image_src_square":"https:\/\/www.uartes.edu.ec\/sitio\/wp-content\/uploads\/2025\/03\/01-DANIEL-MORALES-600x600.jpg","author_info":{"display_name":"ccortez","author_link":"https:\/\/www.uartes.edu.ec\/sitio\/blog\/author\/ccortez\/"},"publishpress_future_workflow_manual_trigger":{"enabledWorkflows":[]},"distributor_meta":false,"distributor_terms":false,"distributor_media":false,"distributor_original_site_name":"Universidad de las Artes","distributor_original_site_url":"https:\/\/www.uartes.edu.ec\/sitio","push-errors":false,"_links":{"self":[{"href":"https:\/\/www.uartes.edu.ec\/sitio\/wp-json\/wp\/v2\/posts\/69858","targetHints":{"allow":["GET"]}}],"collection":[{"href":"https:\/\/www.uartes.edu.ec\/sitio\/wp-json\/wp\/v2\/posts"}],"about":[{"href":"https:\/\/www.uartes.edu.ec\/sitio\/wp-json\/wp\/v2\/types\/post"}],"author":[{"embeddable":true,"href":"https:\/\/www.uartes.edu.ec\/sitio\/wp-json\/wp\/v2\/users\/10"}],"replies":[{"embeddable":true,"href":"https:\/\/www.uartes.edu.ec\/sitio\/wp-json\/wp\/v2\/comments?post=69858"}],"version-history":[{"count":4,"href":"https:\/\/www.uartes.edu.ec\/sitio\/wp-json\/wp\/v2\/posts\/69858\/revisions"}],"predecessor-version":[{"id":69872,"href":"https:\/\/www.uartes.edu.ec\/sitio\/wp-json\/wp\/v2\/posts\/69858\/revisions\/69872"}],"wp:featuredmedia":[{"embeddable":true,"href":"https:\/\/www.uartes.edu.ec\/sitio\/wp-json\/wp\/v2\/media\/69865"}],"wp:attachment":[{"href":"https:\/\/www.uartes.edu.ec\/sitio\/wp-json\/wp\/v2\/media?parent=69858"}],"wp:term":[{"taxonomy":"category","embeddable":true,"href":"https:\/\/www.uartes.edu.ec\/sitio\/wp-json\/wp\/v2\/categories?post=69858"},{"taxonomy":"post_tag","embeddable":true,"href":"https:\/\/www.uartes.edu.ec\/sitio\/wp-json\/wp\/v2\/tags?post=69858"},{"taxonomy":"infouartes","embeddable":true,"href":"https:\/\/www.uartes.edu.ec\/sitio\/wp-json\/wp\/v2\/infouartes?post=69858"}],"curies":[{"name":"wp","href":"https:\/\/api.w.org\/{rel}","templated":true}]}}