{"id":6986,"date":"2020-05-14T09:02:49","date_gmt":"2020-05-14T14:02:49","guid":{"rendered":"http:\/\/www.uartes.edu.ec\/sitio\/?p=6986"},"modified":"2024-07-04T11:43:11","modified_gmt":"2024-07-04T16:43:11","slug":"al-mando-representaciones-del-poder-plataforma-que-enriquece-y-actualiza-la-investigacion-en-artes","status":"publish","type":"post","link":"https:\/\/www.uartes.edu.ec\/sitio\/blog\/2020\/05\/14\/al-mando-representaciones-del-poder-plataforma-que-enriquece-y-actualiza-la-investigacion-en-artes\/","title":{"rendered":"\u201cAl Mando: representaciones del poder\u201d, plataforma  que enriquece y actualiza la investigaci\u00f3n en artes"},"content":{"rendered":"\n<p>La plataforma en l\u00ednea \u201cAl Mando: representaciones del poder\u201d se constituye en el nuevo camino por el cual transitar\u00e1 el trabajo de investigaci\u00f3n del proyecto \u201cLa representaci\u00f3n del poder, derivas te\u00f3ricas, visuales y esc\u00e9nicas a partir de fotograf\u00edas del archivo El Tel\u00e9grafo\u201d.<\/p>\n\n\n\n<p>El sitio, a\u00fan en construcci\u00f3n, fue concebido por quienes ejecutan el proyecto de investigaci\u00f3n en menci\u00f3n, con el prop\u00f3sito de dar continuidad al trabajo que se ven\u00eda realizando en el seno de la Universidad de las Artes entre colegas acad\u00e9micos y artistas investigadores, adem\u00e1s de un entusiasta grupo de estudiantes y de profesionales pertenecientes a la comunidad art\u00edstica guayaquile\u00f1a.<\/p>\n\n\n\n<p>Con esta plataforma de conocimiento se dar\u00e1 continuidad al proyecto integrado por docentes de Nivelaci\u00f3n, de la Unidad Transversal y de las Escuelas de Artes Esc\u00e9nicas y Literatura, bajo la direcci\u00f3n de Agust\u00edn Garcells y Natalia Tamayo.<\/p>\n\n\n\n<p>La inevitable menci\u00f3n de la pandemia del coronavirus, con su aislamiento, p\u00e9rdidas humanas, crisis social y econ\u00f3mica, evidencia la importancia que tiene el trabajo de investigaci\u00f3n para hacer frente a la b\u00fasqueda de soluciones emergentes a cada uno de los nuevos escenarios a los que nos enfrentamos los \u00faltimos meses, se\u00f1alan los creadores de la plataforma en l\u00ednea.<\/p>\n\n\n\n<p>Destacan que el conocimiento cient\u00edfico y el quehacer investigativo no se detienen, por el contrario, apelando a su compromiso con la sociedad \u2013sobre todo en contextos como el actual\u2013 se reorganiza y adapta por sobre las innumerables limitaciones.<\/p>\n\n\n\n<div class=\"wp-block-image\"><figure class=\"aligncenter size-large\"><img fetchpriority=\"high\" decoding=\"async\" width=\"644\" height=\"429\" src=\"http:\/\/www.uartes.edu.ec\/sitio\/wp-content\/uploads\/2020\/05\/Caro-2-644x429.jpg\" alt=\"\" class=\"wp-image-6989\" srcset=\"https:\/\/www.uartes.edu.ec\/sitio\/wp-content\/uploads\/2020\/05\/Caro-2-644x429.jpg 644w, https:\/\/www.uartes.edu.ec\/sitio\/wp-content\/uploads\/2020\/05\/Caro-2-300x200.jpg 300w, https:\/\/www.uartes.edu.ec\/sitio\/wp-content\/uploads\/2020\/05\/Caro-2-768x512.jpg 768w, https:\/\/www.uartes.edu.ec\/sitio\/wp-content\/uploads\/2020\/05\/Caro-2-1536x1024.jpg 1536w, https:\/\/www.uartes.edu.ec\/sitio\/wp-content\/uploads\/2020\/05\/Caro-2-600x400.jpg 600w, https:\/\/www.uartes.edu.ec\/sitio\/wp-content\/uploads\/2020\/05\/Caro-2-400x267.jpg 400w, https:\/\/www.uartes.edu.ec\/sitio\/wp-content\/uploads\/2020\/05\/Caro-2-272x182.jpg 272w, https:\/\/www.uartes.edu.ec\/sitio\/wp-content\/uploads\/2020\/05\/Caro-2.jpg 2000w\" sizes=\"(max-width: 644px) 100vw, 644px\" \/><\/figure><\/div>\n\n\n\n<p>Entendiendo que el espacio p\u00fablico hoy guarda estrecha relaci\u00f3n con el espacio virtual, \u201cAl Mando: representaciones del poder\u201d permitir\u00e1 presentar los procesos ejecutados, las evidencias y el an\u00e1lisis del material con el que se trabaj\u00f3; encuentros en vivo para reflexionar, debatir y crear; as\u00ed como la recopilaci\u00f3n de rese\u00f1as, informes, evidencias del laboratorio para la elaboraci\u00f3n del producto esc\u00e9nico, bit\u00e1coras de trabajo y una selecci\u00f3n de fotograf\u00edas del archivo El Tel\u00e9grafo.<\/p>\n\n\n\n<p>Es de anotar que el 5 de mayo de 2020 se realiz\u00f3 la presentaci\u00f3n del primer n\u00famero de la revista <em>F-ILIA,<\/em> <em>Investigaci\u00f3n, Arte y Memoria,<\/em> una publicaci\u00f3n de UArtes Ediciones donde aparece un texto de autor\u00eda de la docente Carolina Pepper titulado \u201cEl poder en mi constituci\u00f3n. Proceso de construcci\u00f3n de la deriva esc\u00e9nica del proyecto de investigaci\u00f3n en artes sobre la representaci\u00f3n del poder a trav\u00e9s de im\u00e1genes seleccionadas del archivo El Tel\u00e9grafo\u201d.<\/p>\n\n\n\n<p>Dicho texto pone en evidencia el proceso de laboratorio con y desde el cuerpo, que se desarroll\u00f3 junto a los estudiantes de la carrera de Danza: Efr\u00e9n Roque, Darla Alarc\u00f3n, Ronal Medina, Jennifer Ascencio y Milena Alb\u00e1n, en los salones del edificio MZ14, y que recorri\u00f3 otros espacios p\u00fablicos, como la Plaza de la Administraci\u00f3n y el Centro C\u00edvico, con el objetivo de exponer \u2013desde la danza\u2013 un cuestionamiento a los paradigmas que rigen nuestros cuerpos y sus roles en la vida social y (p\u00fablica) pol\u00edtica, as\u00ed como en el arte, que es pol\u00edtica tambi\u00e9n.<\/p>\n\n\n\n<div class=\"wp-block-image\"><figure class=\"aligncenter size-large\"><img decoding=\"async\" width=\"644\" height=\"429\" src=\"http:\/\/www.uartes.edu.ec\/sitio\/wp-content\/uploads\/2020\/05\/elpoenmiconst-4-2-644x429.jpg\" alt=\"\" class=\"wp-image-6988\" srcset=\"https:\/\/www.uartes.edu.ec\/sitio\/wp-content\/uploads\/2020\/05\/elpoenmiconst-4-2-644x429.jpg 644w, https:\/\/www.uartes.edu.ec\/sitio\/wp-content\/uploads\/2020\/05\/elpoenmiconst-4-2-300x200.jpg 300w, https:\/\/www.uartes.edu.ec\/sitio\/wp-content\/uploads\/2020\/05\/elpoenmiconst-4-2-768x512.jpg 768w, https:\/\/www.uartes.edu.ec\/sitio\/wp-content\/uploads\/2020\/05\/elpoenmiconst-4-2-1536x1024.jpg 1536w, https:\/\/www.uartes.edu.ec\/sitio\/wp-content\/uploads\/2020\/05\/elpoenmiconst-4-2-600x400.jpg 600w, https:\/\/www.uartes.edu.ec\/sitio\/wp-content\/uploads\/2020\/05\/elpoenmiconst-4-2-400x267.jpg 400w, https:\/\/www.uartes.edu.ec\/sitio\/wp-content\/uploads\/2020\/05\/elpoenmiconst-4-2-272x182.jpg 272w, https:\/\/www.uartes.edu.ec\/sitio\/wp-content\/uploads\/2020\/05\/elpoenmiconst-4-2.jpg 2000w\" sizes=\"(max-width: 644px) 100vw, 644px\" \/><\/figure><\/div>\n","protected":false},"excerpt":{"rendered":"<p>La plataforma en l\u00ednea \u201cAl Mando: representaciones del poder\u201d se constituye en el nuevo camino por el cual transitar\u00e1 el trabajo de investigaci\u00f3n del proyecto \u201cLa representaci\u00f3n del poder, derivas te\u00f3ricas, visuales y esc\u00e9nicas a partir de fotograf\u00edas del archivo El Tel\u00e9grafo\u201d.<\/p>\n","protected":false},"author":1,"featured_media":6987,"comment_status":"closed","ping_status":"closed","sticky":false,"template":"","format":"standard","meta":{"_acf_changed":false,"_uag_custom_page_level_css":"","_monsterinsights_skip_tracking":false,"_monsterinsights_sitenote_active":false,"_monsterinsights_sitenote_note":"","_monsterinsights_sitenote_category":0,"cybocfi_hide_featured_image":"","footnotes":""},"categories":[80,159,75,175],"tags":[211],"infouartes":[],"class_list":["post-6986","post","type-post","status-publish","format-standard","has-post-thumbnail","hentry","category-academico","category-artes-escenicas","category-docentes","category-literatura","tag-covid19"],"acf":[],"yoast_head":"<!-- This site is optimized with the Yoast SEO plugin v27.4 - https:\/\/yoast.com\/product\/yoast-seo-wordpress\/ -->\n<title>Universidad de las Artes - \u201cAl Mando: representaciones del poder\u201d, plataforma que enriquece y actualiza la investigaci\u00f3n en artes<\/title>\n<meta name=\"description\" content=\"Universidad de las Artes - \u201cAl Mando: representaciones del poder\u201d, plataforma que enriquece y actualiza la investigaci\u00f3n en artes\" \/>\n<meta name=\"robots\" content=\"index, follow, max-snippet:-1, max-image-preview:large, max-video-preview:-1\" \/>\n<link rel=\"canonical\" href=\"https:\/\/www.uartes.edu.ec\/sitio\/blog\/2020\/05\/14\/al-mando-representaciones-del-poder-plataforma-que-enriquece-y-actualiza-la-investigacion-en-artes\/\" \/>\n<meta property=\"og:locale\" content=\"es_ES\" \/>\n<meta property=\"og:type\" content=\"article\" \/>\n<meta property=\"og:title\" content=\"Universidad de las Artes - \u201cAl Mando: representaciones del poder\u201d, plataforma que enriquece y actualiza la investigaci\u00f3n en artes\" \/>\n<meta property=\"og:description\" content=\"Universidad de las Artes - \u201cAl Mando: representaciones del poder\u201d, plataforma que enriquece y actualiza la investigaci\u00f3n en artes\" \/>\n<meta property=\"og:url\" content=\"https:\/\/www.uartes.edu.ec\/sitio\/blog\/2020\/05\/14\/al-mando-representaciones-del-poder-plataforma-que-enriquece-y-actualiza-la-investigacion-en-artes\/\" \/>\n<meta property=\"og:site_name\" content=\"Universidad de las Artes\" \/>\n<meta property=\"article:publisher\" content=\"https:\/\/www.facebook.com\/uartesec\" \/>\n<meta property=\"article:published_time\" content=\"2020-05-14T14:02:49+00:00\" \/>\n<meta property=\"article:modified_time\" content=\"2024-07-04T16:43:11+00:00\" \/>\n<meta property=\"og:image\" content=\"https:\/\/www.uartes.edu.ec\/sitio\/wp-content\/uploads\/2020\/05\/IMG_9374.jpg\" \/>\n\t<meta property=\"og:image:width\" content=\"2000\" \/>\n\t<meta property=\"og:image:height\" content=\"1333\" \/>\n\t<meta property=\"og:image:type\" content=\"image\/jpeg\" \/>\n<meta name=\"author\" content=\"Universidad de las Artes\" \/>\n<meta name=\"twitter:card\" content=\"summary_large_image\" \/>\n<meta name=\"twitter:creator\" content=\"@uartesec\" \/>\n<meta name=\"twitter:site\" content=\"@uartesec\" \/>\n<meta name=\"twitter:label1\" content=\"Escrito por\" \/>\n\t<meta name=\"twitter:data1\" content=\"Universidad de las Artes\" \/>\n\t<meta name=\"twitter:label2\" content=\"Tiempo de lectura\" \/>\n\t<meta name=\"twitter:data2\" content=\"3 minutos\" \/>\n<script type=\"application\/ld+json\" class=\"yoast-schema-graph\">{\"@context\":\"https:\\\/\\\/schema.org\",\"@graph\":[{\"@type\":\"Article\",\"@id\":\"https:\\\/\\\/www.uartes.edu.ec\\\/sitio\\\/blog\\\/2020\\\/05\\\/14\\\/al-mando-representaciones-del-poder-plataforma-que-enriquece-y-actualiza-la-investigacion-en-artes\\\/#article\",\"isPartOf\":{\"@id\":\"https:\\\/\\\/www.uartes.edu.ec\\\/sitio\\\/blog\\\/2020\\\/05\\\/14\\\/al-mando-representaciones-del-poder-plataforma-que-enriquece-y-actualiza-la-investigacion-en-artes\\\/\"},\"author\":{\"name\":\"Universidad de las Artes\",\"@id\":\"https:\\\/\\\/www.uartes.edu.ec\\\/sitio\\\/#\\\/schema\\\/person\\\/f33f8c1d2af0d5c80a38c8abf458184a\"},\"headline\":\"\u201cAl Mando: representaciones del poder\u201d, plataforma que enriquece y actualiza la investigaci\u00f3n en artes\",\"datePublished\":\"2020-05-14T14:02:49+00:00\",\"dateModified\":\"2024-07-04T16:43:11+00:00\",\"mainEntityOfPage\":{\"@id\":\"https:\\\/\\\/www.uartes.edu.ec\\\/sitio\\\/blog\\\/2020\\\/05\\\/14\\\/al-mando-representaciones-del-poder-plataforma-que-enriquece-y-actualiza-la-investigacion-en-artes\\\/\"},\"wordCount\":550,\"publisher\":{\"@id\":\"https:\\\/\\\/www.uartes.edu.ec\\\/sitio\\\/#organization\"},\"image\":{\"@id\":\"https:\\\/\\\/www.uartes.edu.ec\\\/sitio\\\/blog\\\/2020\\\/05\\\/14\\\/al-mando-representaciones-del-poder-plataforma-que-enriquece-y-actualiza-la-investigacion-en-artes\\\/#primaryimage\"},\"thumbnailUrl\":\"https:\\\/\\\/www.uartes.edu.ec\\\/sitio\\\/wp-content\\\/uploads\\\/2020\\\/05\\\/IMG_9374.jpg\",\"keywords\":[\"covid19\"],\"articleSection\":[\"Acad\u00e9mico\",\"Artes Esc\u00e9nicas\",\"Docentes\",\"Literatura\"],\"inLanguage\":\"es\"},{\"@type\":[\"WebPage\",\"ItemPage\"],\"@id\":\"https:\\\/\\\/www.uartes.edu.ec\\\/sitio\\\/blog\\\/2020\\\/05\\\/14\\\/al-mando-representaciones-del-poder-plataforma-que-enriquece-y-actualiza-la-investigacion-en-artes\\\/\",\"url\":\"https:\\\/\\\/www.uartes.edu.ec\\\/sitio\\\/blog\\\/2020\\\/05\\\/14\\\/al-mando-representaciones-del-poder-plataforma-que-enriquece-y-actualiza-la-investigacion-en-artes\\\/\",\"name\":\"Universidad de las Artes - \u201cAl Mando: representaciones del poder\u201d, plataforma que enriquece y actualiza la investigaci\u00f3n en artes\",\"isPartOf\":{\"@id\":\"https:\\\/\\\/www.uartes.edu.ec\\\/sitio\\\/#website\"},\"primaryImageOfPage\":{\"@id\":\"https:\\\/\\\/www.uartes.edu.ec\\\/sitio\\\/blog\\\/2020\\\/05\\\/14\\\/al-mando-representaciones-del-poder-plataforma-que-enriquece-y-actualiza-la-investigacion-en-artes\\\/#primaryimage\"},\"image\":{\"@id\":\"https:\\\/\\\/www.uartes.edu.ec\\\/sitio\\\/blog\\\/2020\\\/05\\\/14\\\/al-mando-representaciones-del-poder-plataforma-que-enriquece-y-actualiza-la-investigacion-en-artes\\\/#primaryimage\"},\"thumbnailUrl\":\"https:\\\/\\\/www.uartes.edu.ec\\\/sitio\\\/wp-content\\\/uploads\\\/2020\\\/05\\\/IMG_9374.jpg\",\"datePublished\":\"2020-05-14T14:02:49+00:00\",\"dateModified\":\"2024-07-04T16:43:11+00:00\",\"description\":\"Universidad de las Artes - \u201cAl Mando: representaciones del poder\u201d, plataforma que enriquece y actualiza la investigaci\u00f3n en artes\",\"breadcrumb\":{\"@id\":\"https:\\\/\\\/www.uartes.edu.ec\\\/sitio\\\/blog\\\/2020\\\/05\\\/14\\\/al-mando-representaciones-del-poder-plataforma-que-enriquece-y-actualiza-la-investigacion-en-artes\\\/#breadcrumb\"},\"inLanguage\":\"es\",\"potentialAction\":[{\"@type\":\"ReadAction\",\"target\":[\"https:\\\/\\\/www.uartes.edu.ec\\\/sitio\\\/blog\\\/2020\\\/05\\\/14\\\/al-mando-representaciones-del-poder-plataforma-que-enriquece-y-actualiza-la-investigacion-en-artes\\\/\"]}]},{\"@type\":\"ImageObject\",\"inLanguage\":\"es\",\"@id\":\"https:\\\/\\\/www.uartes.edu.ec\\\/sitio\\\/blog\\\/2020\\\/05\\\/14\\\/al-mando-representaciones-del-poder-plataforma-que-enriquece-y-actualiza-la-investigacion-en-artes\\\/#primaryimage\",\"url\":\"https:\\\/\\\/www.uartes.edu.ec\\\/sitio\\\/wp-content\\\/uploads\\\/2020\\\/05\\\/IMG_9374.jpg\",\"contentUrl\":\"https:\\\/\\\/www.uartes.edu.ec\\\/sitio\\\/wp-content\\\/uploads\\\/2020\\\/05\\\/IMG_9374.jpg\",\"width\":2000,\"height\":1333},{\"@type\":\"BreadcrumbList\",\"@id\":\"https:\\\/\\\/www.uartes.edu.ec\\\/sitio\\\/blog\\\/2020\\\/05\\\/14\\\/al-mando-representaciones-del-poder-plataforma-que-enriquece-y-actualiza-la-investigacion-en-artes\\\/#breadcrumb\",\"itemListElement\":[{\"@type\":\"ListItem\",\"position\":1,\"name\":\"Inicio\",\"item\":\"https:\\\/\\\/www.uartes.edu.ec\\\/sitio\\\/\"},{\"@type\":\"ListItem\",\"position\":2,\"name\":\"\u201cAl Mando: representaciones del poder\u201d, plataforma que enriquece y actualiza la investigaci\u00f3n en artes\"}]},{\"@type\":\"WebSite\",\"@id\":\"https:\\\/\\\/www.uartes.edu.ec\\\/sitio\\\/#website\",\"url\":\"https:\\\/\\\/www.uartes.edu.ec\\\/sitio\\\/\",\"name\":\"Universidad de las Artes\",\"description\":\"Sitio oficial de la Universidad Nacional de las Artes del Ecuador\",\"publisher\":{\"@id\":\"https:\\\/\\\/www.uartes.edu.ec\\\/sitio\\\/#organization\"},\"potentialAction\":[{\"@type\":\"SearchAction\",\"target\":{\"@type\":\"EntryPoint\",\"urlTemplate\":\"https:\\\/\\\/www.uartes.edu.ec\\\/sitio\\\/?s={search_term_string}\"},\"query-input\":{\"@type\":\"PropertyValueSpecification\",\"valueRequired\":true,\"valueName\":\"search_term_string\"}}],\"inLanguage\":\"es\"},{\"@type\":\"Organization\",\"@id\":\"https:\\\/\\\/www.uartes.edu.ec\\\/sitio\\\/#organization\",\"name\":\"Universidad de las Artes\",\"url\":\"https:\\\/\\\/www.uartes.edu.ec\\\/sitio\\\/\",\"logo\":{\"@type\":\"ImageObject\",\"inLanguage\":\"es\",\"@id\":\"https:\\\/\\\/www.uartes.edu.ec\\\/sitio\\\/#\\\/schema\\\/logo\\\/image\\\/\",\"url\":\"https:\\\/\\\/www.uartes.edu.ec\\\/sitio\\\/wp-content\\\/uploads\\\/2022\\\/07\\\/logo-ua-horizontal.png\",\"contentUrl\":\"https:\\\/\\\/www.uartes.edu.ec\\\/sitio\\\/wp-content\\\/uploads\\\/2022\\\/07\\\/logo-ua-horizontal.png\",\"width\":800,\"height\":276,\"caption\":\"Universidad de las Artes\"},\"image\":{\"@id\":\"https:\\\/\\\/www.uartes.edu.ec\\\/sitio\\\/#\\\/schema\\\/logo\\\/image\\\/\"},\"sameAs\":[\"https:\\\/\\\/www.facebook.com\\\/uartesec\",\"https:\\\/\\\/x.com\\\/uartesec\",\"https:\\\/\\\/www.tiktok.com\\\/@uartesec\"]},{\"@type\":\"Person\",\"@id\":\"https:\\\/\\\/www.uartes.edu.ec\\\/sitio\\\/#\\\/schema\\\/person\\\/f33f8c1d2af0d5c80a38c8abf458184a\",\"name\":\"Universidad de las Artes\",\"image\":{\"@type\":\"ImageObject\",\"inLanguage\":\"es\",\"@id\":\"https:\\\/\\\/secure.gravatar.com\\\/avatar\\\/52e4757902f5cfa5ac52d020e5be83cae5487519154b6c35482fe08d589f3c13?s=96&d=mm&r=g\",\"url\":\"https:\\\/\\\/secure.gravatar.com\\\/avatar\\\/52e4757902f5cfa5ac52d020e5be83cae5487519154b6c35482fe08d589f3c13?s=96&d=mm&r=g\",\"contentUrl\":\"https:\\\/\\\/secure.gravatar.com\\\/avatar\\\/52e4757902f5cfa5ac52d020e5be83cae5487519154b6c35482fe08d589f3c13?s=96&d=mm&r=g\",\"caption\":\"Universidad de las Artes\"},\"url\":\"https:\\\/\\\/www.uartes.edu.ec\\\/sitio\\\/blog\\\/author\\\/dircomadm\\\/\"}]}<\/script>\n<!-- \/ Yoast SEO plugin. -->","yoast_head_json":{"title":"Universidad de las Artes - \u201cAl Mando: representaciones del poder\u201d, plataforma que enriquece y actualiza la investigaci\u00f3n en artes","description":"Universidad de las Artes - \u201cAl Mando: representaciones del poder\u201d, plataforma que enriquece y actualiza la investigaci\u00f3n en artes","robots":{"index":"index","follow":"follow","max-snippet":"max-snippet:-1","max-image-preview":"max-image-preview:large","max-video-preview":"max-video-preview:-1"},"canonical":"https:\/\/www.uartes.edu.ec\/sitio\/blog\/2020\/05\/14\/al-mando-representaciones-del-poder-plataforma-que-enriquece-y-actualiza-la-investigacion-en-artes\/","og_locale":"es_ES","og_type":"article","og_title":"Universidad de las Artes - \u201cAl Mando: representaciones del poder\u201d, plataforma que enriquece y actualiza la investigaci\u00f3n en artes","og_description":"Universidad de las Artes - \u201cAl Mando: representaciones del poder\u201d, plataforma que enriquece y actualiza la investigaci\u00f3n en artes","og_url":"https:\/\/www.uartes.edu.ec\/sitio\/blog\/2020\/05\/14\/al-mando-representaciones-del-poder-plataforma-que-enriquece-y-actualiza-la-investigacion-en-artes\/","og_site_name":"Universidad de las Artes","article_publisher":"https:\/\/www.facebook.com\/uartesec","article_published_time":"2020-05-14T14:02:49+00:00","article_modified_time":"2024-07-04T16:43:11+00:00","og_image":[{"width":2000,"height":1333,"url":"https:\/\/www.uartes.edu.ec\/sitio\/wp-content\/uploads\/2020\/05\/IMG_9374.jpg","type":"image\/jpeg"}],"author":"Universidad de las Artes","twitter_card":"summary_large_image","twitter_creator":"@uartesec","twitter_site":"@uartesec","twitter_misc":{"Escrito por":"Universidad de las Artes","Tiempo de lectura":"3 minutos"},"schema":{"@context":"https:\/\/schema.org","@graph":[{"@type":"Article","@id":"https:\/\/www.uartes.edu.ec\/sitio\/blog\/2020\/05\/14\/al-mando-representaciones-del-poder-plataforma-que-enriquece-y-actualiza-la-investigacion-en-artes\/#article","isPartOf":{"@id":"https:\/\/www.uartes.edu.ec\/sitio\/blog\/2020\/05\/14\/al-mando-representaciones-del-poder-plataforma-que-enriquece-y-actualiza-la-investigacion-en-artes\/"},"author":{"name":"Universidad de las Artes","@id":"https:\/\/www.uartes.edu.ec\/sitio\/#\/schema\/person\/f33f8c1d2af0d5c80a38c8abf458184a"},"headline":"\u201cAl Mando: representaciones del poder\u201d, plataforma que enriquece y actualiza la investigaci\u00f3n en artes","datePublished":"2020-05-14T14:02:49+00:00","dateModified":"2024-07-04T16:43:11+00:00","mainEntityOfPage":{"@id":"https:\/\/www.uartes.edu.ec\/sitio\/blog\/2020\/05\/14\/al-mando-representaciones-del-poder-plataforma-que-enriquece-y-actualiza-la-investigacion-en-artes\/"},"wordCount":550,"publisher":{"@id":"https:\/\/www.uartes.edu.ec\/sitio\/#organization"},"image":{"@id":"https:\/\/www.uartes.edu.ec\/sitio\/blog\/2020\/05\/14\/al-mando-representaciones-del-poder-plataforma-que-enriquece-y-actualiza-la-investigacion-en-artes\/#primaryimage"},"thumbnailUrl":"https:\/\/www.uartes.edu.ec\/sitio\/wp-content\/uploads\/2020\/05\/IMG_9374.jpg","keywords":["covid19"],"articleSection":["Acad\u00e9mico","Artes Esc\u00e9nicas","Docentes","Literatura"],"inLanguage":"es"},{"@type":["WebPage","ItemPage"],"@id":"https:\/\/www.uartes.edu.ec\/sitio\/blog\/2020\/05\/14\/al-mando-representaciones-del-poder-plataforma-que-enriquece-y-actualiza-la-investigacion-en-artes\/","url":"https:\/\/www.uartes.edu.ec\/sitio\/blog\/2020\/05\/14\/al-mando-representaciones-del-poder-plataforma-que-enriquece-y-actualiza-la-investigacion-en-artes\/","name":"Universidad de las Artes - \u201cAl Mando: representaciones del poder\u201d, plataforma que enriquece y actualiza la investigaci\u00f3n en artes","isPartOf":{"@id":"https:\/\/www.uartes.edu.ec\/sitio\/#website"},"primaryImageOfPage":{"@id":"https:\/\/www.uartes.edu.ec\/sitio\/blog\/2020\/05\/14\/al-mando-representaciones-del-poder-plataforma-que-enriquece-y-actualiza-la-investigacion-en-artes\/#primaryimage"},"image":{"@id":"https:\/\/www.uartes.edu.ec\/sitio\/blog\/2020\/05\/14\/al-mando-representaciones-del-poder-plataforma-que-enriquece-y-actualiza-la-investigacion-en-artes\/#primaryimage"},"thumbnailUrl":"https:\/\/www.uartes.edu.ec\/sitio\/wp-content\/uploads\/2020\/05\/IMG_9374.jpg","datePublished":"2020-05-14T14:02:49+00:00","dateModified":"2024-07-04T16:43:11+00:00","description":"Universidad de las Artes - \u201cAl Mando: representaciones del poder\u201d, plataforma que enriquece y actualiza la investigaci\u00f3n en artes","breadcrumb":{"@id":"https:\/\/www.uartes.edu.ec\/sitio\/blog\/2020\/05\/14\/al-mando-representaciones-del-poder-plataforma-que-enriquece-y-actualiza-la-investigacion-en-artes\/#breadcrumb"},"inLanguage":"es","potentialAction":[{"@type":"ReadAction","target":["https:\/\/www.uartes.edu.ec\/sitio\/blog\/2020\/05\/14\/al-mando-representaciones-del-poder-plataforma-que-enriquece-y-actualiza-la-investigacion-en-artes\/"]}]},{"@type":"ImageObject","inLanguage":"es","@id":"https:\/\/www.uartes.edu.ec\/sitio\/blog\/2020\/05\/14\/al-mando-representaciones-del-poder-plataforma-que-enriquece-y-actualiza-la-investigacion-en-artes\/#primaryimage","url":"https:\/\/www.uartes.edu.ec\/sitio\/wp-content\/uploads\/2020\/05\/IMG_9374.jpg","contentUrl":"https:\/\/www.uartes.edu.ec\/sitio\/wp-content\/uploads\/2020\/05\/IMG_9374.jpg","width":2000,"height":1333},{"@type":"BreadcrumbList","@id":"https:\/\/www.uartes.edu.ec\/sitio\/blog\/2020\/05\/14\/al-mando-representaciones-del-poder-plataforma-que-enriquece-y-actualiza-la-investigacion-en-artes\/#breadcrumb","itemListElement":[{"@type":"ListItem","position":1,"name":"Inicio","item":"https:\/\/www.uartes.edu.ec\/sitio\/"},{"@type":"ListItem","position":2,"name":"\u201cAl Mando: representaciones del poder\u201d, plataforma que enriquece y actualiza la investigaci\u00f3n en artes"}]},{"@type":"WebSite","@id":"https:\/\/www.uartes.edu.ec\/sitio\/#website","url":"https:\/\/www.uartes.edu.ec\/sitio\/","name":"Universidad de las Artes","description":"Sitio oficial de la Universidad Nacional de las Artes del Ecuador","publisher":{"@id":"https:\/\/www.uartes.edu.ec\/sitio\/#organization"},"potentialAction":[{"@type":"SearchAction","target":{"@type":"EntryPoint","urlTemplate":"https:\/\/www.uartes.edu.ec\/sitio\/?s={search_term_string}"},"query-input":{"@type":"PropertyValueSpecification","valueRequired":true,"valueName":"search_term_string"}}],"inLanguage":"es"},{"@type":"Organization","@id":"https:\/\/www.uartes.edu.ec\/sitio\/#organization","name":"Universidad de las Artes","url":"https:\/\/www.uartes.edu.ec\/sitio\/","logo":{"@type":"ImageObject","inLanguage":"es","@id":"https:\/\/www.uartes.edu.ec\/sitio\/#\/schema\/logo\/image\/","url":"https:\/\/www.uartes.edu.ec\/sitio\/wp-content\/uploads\/2022\/07\/logo-ua-horizontal.png","contentUrl":"https:\/\/www.uartes.edu.ec\/sitio\/wp-content\/uploads\/2022\/07\/logo-ua-horizontal.png","width":800,"height":276,"caption":"Universidad de las Artes"},"image":{"@id":"https:\/\/www.uartes.edu.ec\/sitio\/#\/schema\/logo\/image\/"},"sameAs":["https:\/\/www.facebook.com\/uartesec","https:\/\/x.com\/uartesec","https:\/\/www.tiktok.com\/@uartesec"]},{"@type":"Person","@id":"https:\/\/www.uartes.edu.ec\/sitio\/#\/schema\/person\/f33f8c1d2af0d5c80a38c8abf458184a","name":"Universidad de las Artes","image":{"@type":"ImageObject","inLanguage":"es","@id":"https:\/\/secure.gravatar.com\/avatar\/52e4757902f5cfa5ac52d020e5be83cae5487519154b6c35482fe08d589f3c13?s=96&d=mm&r=g","url":"https:\/\/secure.gravatar.com\/avatar\/52e4757902f5cfa5ac52d020e5be83cae5487519154b6c35482fe08d589f3c13?s=96&d=mm&r=g","contentUrl":"https:\/\/secure.gravatar.com\/avatar\/52e4757902f5cfa5ac52d020e5be83cae5487519154b6c35482fe08d589f3c13?s=96&d=mm&r=g","caption":"Universidad de las Artes"},"url":"https:\/\/www.uartes.edu.ec\/sitio\/blog\/author\/dircomadm\/"}]}},"uagb_featured_image_src":{"full":["https:\/\/www.uartes.edu.ec\/sitio\/wp-content\/uploads\/2020\/05\/IMG_9374.jpg",2000,1333,false],"thumbnail":["https:\/\/www.uartes.edu.ec\/sitio\/wp-content\/uploads\/2020\/05\/IMG_9374-150x150.jpg",150,150,true],"medium":["https:\/\/www.uartes.edu.ec\/sitio\/wp-content\/uploads\/2020\/05\/IMG_9374-300x200.jpg",300,200,true],"medium_large":["https:\/\/www.uartes.edu.ec\/sitio\/wp-content\/uploads\/2020\/05\/IMG_9374-768x512.jpg",768,512,true],"large":["https:\/\/www.uartes.edu.ec\/sitio\/wp-content\/uploads\/2020\/05\/IMG_9374-644x429.jpg",644,429,true],"1536x1536":["https:\/\/www.uartes.edu.ec\/sitio\/wp-content\/uploads\/2020\/05\/IMG_9374-1536x1024.jpg",1536,1024,true],"2048x2048":["https:\/\/www.uartes.edu.ec\/sitio\/wp-content\/uploads\/2020\/05\/IMG_9374.jpg",2000,1333,false],"trp-custom-language-flag":["https:\/\/www.uartes.edu.ec\/sitio\/wp-content\/uploads\/2020\/05\/IMG_9374.jpg",18,12,false],"htmega_size_585x295":["https:\/\/www.uartes.edu.ec\/sitio\/wp-content\/uploads\/2020\/05\/IMG_9374.jpg",443,295,false],"htmega_size_1170x536":["https:\/\/www.uartes.edu.ec\/sitio\/wp-content\/uploads\/2020\/05\/IMG_9374.jpg",804,536,false],"htmega_size_396x360":["https:\/\/www.uartes.edu.ec\/sitio\/wp-content\/uploads\/2020\/05\/IMG_9374.jpg",396,264,false],"gb-block-post-grid-landscape":["https:\/\/www.uartes.edu.ec\/sitio\/wp-content\/uploads\/2020\/05\/IMG_9374.jpg",600,400,false],"gb-block-post-grid-square":["https:\/\/www.uartes.edu.ec\/sitio\/wp-content\/uploads\/2020\/05\/IMG_9374.jpg",600,400,false],"university-hub-thumb":["https:\/\/www.uartes.edu.ec\/sitio\/wp-content\/uploads\/2020\/05\/IMG_9374-400x267.jpg",400,267,true]},"uagb_author_info":{"display_name":"Universidad de las Artes","author_link":"https:\/\/www.uartes.edu.ec\/sitio\/blog\/author\/dircomadm\/"},"uagb_comment_info":0,"uagb_excerpt":"La plataforma en l\u00ednea \u201cAl Mando: representaciones del poder\u201d se constituye en el nuevo camino por el cual transitar\u00e1 el trabajo de investigaci\u00f3n del proyecto \u201cLa representaci\u00f3n del poder, derivas te\u00f3ricas, visuales y esc\u00e9nicas a partir de fotograf\u00edas del archivo El Tel\u00e9grafo\u201d.","featured_image_src":"https:\/\/www.uartes.edu.ec\/sitio\/wp-content\/uploads\/2020\/05\/IMG_9374.jpg","featured_image_src_square":"https:\/\/www.uartes.edu.ec\/sitio\/wp-content\/uploads\/2020\/05\/IMG_9374.jpg","author_info":{"display_name":"Universidad de las Artes","author_link":"https:\/\/www.uartes.edu.ec\/sitio\/blog\/author\/dircomadm\/"},"publishpress_future_workflow_manual_trigger":{"enabledWorkflows":[]},"distributor_meta":false,"distributor_terms":false,"distributor_media":false,"distributor_original_site_name":"Universidad de las Artes","distributor_original_site_url":"https:\/\/www.uartes.edu.ec\/sitio","push-errors":false,"_links":{"self":[{"href":"https:\/\/www.uartes.edu.ec\/sitio\/wp-json\/wp\/v2\/posts\/6986","targetHints":{"allow":["GET"]}}],"collection":[{"href":"https:\/\/www.uartes.edu.ec\/sitio\/wp-json\/wp\/v2\/posts"}],"about":[{"href":"https:\/\/www.uartes.edu.ec\/sitio\/wp-json\/wp\/v2\/types\/post"}],"author":[{"embeddable":true,"href":"https:\/\/www.uartes.edu.ec\/sitio\/wp-json\/wp\/v2\/users\/1"}],"replies":[{"embeddable":true,"href":"https:\/\/www.uartes.edu.ec\/sitio\/wp-json\/wp\/v2\/comments?post=6986"}],"version-history":[{"count":2,"href":"https:\/\/www.uartes.edu.ec\/sitio\/wp-json\/wp\/v2\/posts\/6986\/revisions"}],"predecessor-version":[{"id":57634,"href":"https:\/\/www.uartes.edu.ec\/sitio\/wp-json\/wp\/v2\/posts\/6986\/revisions\/57634"}],"wp:featuredmedia":[{"embeddable":true,"href":"https:\/\/www.uartes.edu.ec\/sitio\/wp-json\/wp\/v2\/media\/6987"}],"wp:attachment":[{"href":"https:\/\/www.uartes.edu.ec\/sitio\/wp-json\/wp\/v2\/media?parent=6986"}],"wp:term":[{"taxonomy":"category","embeddable":true,"href":"https:\/\/www.uartes.edu.ec\/sitio\/wp-json\/wp\/v2\/categories?post=6986"},{"taxonomy":"post_tag","embeddable":true,"href":"https:\/\/www.uartes.edu.ec\/sitio\/wp-json\/wp\/v2\/tags?post=6986"},{"taxonomy":"infouartes","embeddable":true,"href":"https:\/\/www.uartes.edu.ec\/sitio\/wp-json\/wp\/v2\/infouartes?post=6986"}],"curies":[{"name":"wp","href":"https:\/\/api.w.org\/{rel}","templated":true}]}}