{"id":7004,"date":"2020-05-16T16:29:20","date_gmt":"2020-05-16T21:29:20","guid":{"rendered":"http:\/\/www.uartes.edu.ec\/sitio\/?p=7004"},"modified":"2024-07-04T11:43:10","modified_gmt":"2024-07-04T16:43:10","slug":"el-testigo-del-sigilo-la-tesis-de-jean-carlo-guizado-rubio","status":"publish","type":"post","link":"https:\/\/www.uartes.edu.ec\/sitio\/blog\/2020\/05\/16\/el-testigo-del-sigilo-la-tesis-de-jean-carlo-guizado-rubio\/","title":{"rendered":"\u201cEl Testigo del Sigilo\u201d, la tesis de Jean Carlo Guizado Rubio"},"content":{"rendered":"\n<p>Con la investigaci\u00f3n a la que titul\u00f3 \u201cEl Testigo del Sigilo\u201d, Jean Carlo Guizado Rubio busc\u00f3 visibilizar la fascinaci\u00f3n por indagar entre los medios de creaci\u00f3n art\u00edstica el material org\u00e1nico y los objetos encontrados. \u201cSe nutre de una serie de valores inmediatos de contenido social, interdisciplinario y filos\u00f3fico, es decir, a partir de estos contenidos la producci\u00f3n art\u00edstica explora sobre la elaboraci\u00f3n del papel, de la tinta y de los m\u00e9todos de impronta y superficie\u201d, explica el estudiante de la Escuela de Artes Visuales, quien el 1 de mayo hizo \u2013mediante videoconferencia\u2013 la defensa de este proyecto, previo a la obtenci\u00f3n de la licenciatura.<\/p>\n\n\n\n<p>\u201cEl Testigo del Sigilo\u201d, agrega, permite exhibir una conciencia expandida sobre el dibujo, la fotograf\u00eda, el video y la escultura. \u201cReflexiona a partir del texto <em>Ser cr\u00e1neo, lugar, contacto, pensamiento, escultura<\/em>, del te\u00f3rico George Didi Huberman, sobre la hip\u00f3tesis de un descenso a la arqueolog\u00eda del sujeto, a fin de encontrar en la especificidad un punto reflexivo que d\u00e9 pie a esta investigaci\u00f3n. Fue as\u00ed c\u00f3mo resurgi\u00f3 cierta inquietud sobre la esencia e importancia de reflexionar sobre ello ahora\u201d.<\/p>\n\n\n\n<p>Jean Carlo Guizado sostiene que le result\u00f3 interesante hallar en la literatura de relatos fant\u00e1sticos \u2013de autores como Franz Kafka\u2013 posibles conceptos o nociones que bajo su percepci\u00f3n podr\u00edan contribuir a homogenizar la propuesta de esta pr\u00e1ctica art\u00edstica. \u201cEsta necesidad o impulso interdisciplinario se ve motivado por un proceso biol\u00f3gico denominado &#8216;metamorfosis&#8217;, mismo que abraza el autor antes mencionado\u201d.<\/p>\n\n\n\n<p>\u201cSe genera una suerte de escritura creativa en la cual encuentro cautivadora la capacidad l\u00fadica de entablar reflexiones desde la ficci\u00f3n. En este sentido estuve muy de cerca con la escritura kafkiana debido a las lecturas de sus ensayos (\u2026)\u201d. De la misma manera, a\u00f1ade Jean Carlo Guizado, bajo el efecto mutaci\u00f3n busc\u00f3 desarrollar din\u00e1micas o estrategias de producci\u00f3n a partir de la consigna de que estas obras se hallen elaboradas acorde a las especificidades del lugar: una bodega de materiales y bienes en mal estado y obsoletos en su natal Milagro.<\/p>\n\n\n\n<div class=\"wp-block-image\"><figure class=\"aligncenter size-large\"><img fetchpriority=\"high\" decoding=\"async\" width=\"644\" height=\"429\" src=\"http:\/\/www.uartes.edu.ec\/sitio\/wp-content\/uploads\/2020\/05\/02-NOTA-Panoptico-El-testigo-del-Sigilo-Milagro-2019-644x429.jpg\" alt=\"\" class=\"wp-image-7006\" srcset=\"https:\/\/www.uartes.edu.ec\/sitio\/wp-content\/uploads\/2020\/05\/02-NOTA-Panoptico-El-testigo-del-Sigilo-Milagro-2019-644x429.jpg 644w, https:\/\/www.uartes.edu.ec\/sitio\/wp-content\/uploads\/2020\/05\/02-NOTA-Panoptico-El-testigo-del-Sigilo-Milagro-2019-300x200.jpg 300w, https:\/\/www.uartes.edu.ec\/sitio\/wp-content\/uploads\/2020\/05\/02-NOTA-Panoptico-El-testigo-del-Sigilo-Milagro-2019-768x512.jpg 768w, https:\/\/www.uartes.edu.ec\/sitio\/wp-content\/uploads\/2020\/05\/02-NOTA-Panoptico-El-testigo-del-Sigilo-Milagro-2019-1536x1024.jpg 1536w, https:\/\/www.uartes.edu.ec\/sitio\/wp-content\/uploads\/2020\/05\/02-NOTA-Panoptico-El-testigo-del-Sigilo-Milagro-2019-600x400.jpg 600w, https:\/\/www.uartes.edu.ec\/sitio\/wp-content\/uploads\/2020\/05\/02-NOTA-Panoptico-El-testigo-del-Sigilo-Milagro-2019-400x267.jpg 400w, https:\/\/www.uartes.edu.ec\/sitio\/wp-content\/uploads\/2020\/05\/02-NOTA-Panoptico-El-testigo-del-Sigilo-Milagro-2019-272x182.jpg 272w, https:\/\/www.uartes.edu.ec\/sitio\/wp-content\/uploads\/2020\/05\/02-NOTA-Panoptico-El-testigo-del-Sigilo-Milagro-2019.jpg 2000w\" sizes=\"(max-width: 644px) 100vw, 644px\" \/><\/figure><\/div>\n\n\n\n<p>\u201cAl gestionar la apertura para que este espacio fuese parte de la muestra encontr\u00e9, seg\u00fan documentos familiares, que un segmento de los predios de esta bodega pertenec\u00eda a mi bisabuelo V\u00edctor Manuel Rubio. Surgi\u00f3 entonces la necesidad por corroborar dicha informaci\u00f3n y acud\u00ed con mi abuelo al Registrador de la Propiedad de Milagro para solicitar informaci\u00f3n, como c\u00f3digo catastral, actividad comercial, calificaci\u00f3n de artesano (\u2026). En este sentido, explorar las posibles relaciones entre lo propuesto en esta investigaci\u00f3n y el espacio dio un giro significativo, debido a que ahora todos estos procesos de transformaci\u00f3n de archivo, impronta y de exploraci\u00f3n sobre superficies se volvieron una necesidad de reivindicaci\u00f3n de lo esencial\u201d.<\/p>\n\n\n\n<p>El estudiante menciona tambi\u00e9n que en su proyecto plantea la necesidad por encontrar un significado a la relaci\u00f3n contempor\u00e1nea entre el ser creador, el umbral y el territorio, y menciona a autores como Joseph Beuys, para quien el testimonio individual forma parte de la creatividad humana, en este sentido el artista es un creador de din\u00e1micas. \u201cConceptos que discuten G. Didi Huberman, Deleuze y Guattari. Para Huberman, el umbral es la capacidad que tiene el artista de dar carne y forma a lugares improbables e imposibles; Deleuze y Guattari discuten sobre el territorio, que es entendido como lo que un animal recolecta, crea y guarda dentro de un sistema o espacio vivido\u201d.<\/p>\n\n\n\n<p>Desarrollar&nbsp; \u201cEl Testigo del Sigilo\u201d le tom\u00f3 un a\u00f1o; seis meses para la investigaci\u00f3n y otros seis para la muestra individual. Comenta que la sustentaci\u00f3n online fue similar a la presencial, se sigui\u00f3 el protocolo establecido y como le va muy bien con la tecnolog\u00eda la experiencia fue enriquecedora.<\/p>\n\n\n\n<p>El docente Paolo Vignola, su tutor, coment\u00f3 desde el campo te\u00f3rico que su proyecto de investigaci\u00f3n ten\u00eda una conciencia y coherencia sobre el buen manejo en cuanto a los fil\u00f3sofos y sus conceptos (Deleuze, Guattari y G. Didi Huberman), expresa Jean Carlos Guizado, quien trabaja como dise\u00f1ador gr\u00e1fico y aspira, una vez concluya la emergencia sanitaria nacional, estudiar una de maestr\u00eda. Llevar su investigaci\u00f3n a una publicaci\u00f3n art\u00edstica promovida por la UArtes a trav\u00e9s de la convocatoria de UArtes Ediciones es tambi\u00e9n un plan a futuro, as\u00ed como producir su primera muestra individual de pintura.<\/p>\n","protected":false},"excerpt":{"rendered":"<p>Con la investigaci\u00f3n a la que titul\u00f3 \u201cEl Testigo del Sigilo\u201d, Jean Carlo Guizado Rubio busc\u00f3 visibilizar la fascinaci\u00f3n por indagar entre los medios de creaci\u00f3n art\u00edstica el material org\u00e1nico y los objetos encontrados.<\/p>\n","protected":false},"author":1,"featured_media":7005,"comment_status":"closed","ping_status":"closed","sticky":false,"template":"","format":"standard","meta":{"_acf_changed":false,"_uag_custom_page_level_css":"","_monsterinsights_skip_tracking":false,"_monsterinsights_sitenote_active":false,"_monsterinsights_sitenote_note":"","_monsterinsights_sitenote_category":0,"cybocfi_hide_featured_image":"","footnotes":""},"categories":[80,157,76],"tags":[211],"infouartes":[],"class_list":["post-7004","post","type-post","status-publish","format-standard","has-post-thumbnail","hentry","category-academico","category-artes-visuales","category-estudiantes","tag-covid19"],"acf":[],"yoast_head":"<!-- This site is optimized with the Yoast SEO plugin v27.4 - https:\/\/yoast.com\/product\/yoast-seo-wordpress\/ -->\n<title>Universidad de las Artes - \u201cEl Testigo del Sigilo\u201d, la tesis de Jean Carlo Guizado Rubio<\/title>\n<meta name=\"description\" content=\"Universidad de las Artes - \u201cEl Testigo del Sigilo\u201d, la tesis de Jean Carlo Guizado Rubio\" \/>\n<meta name=\"robots\" content=\"index, follow, max-snippet:-1, max-image-preview:large, max-video-preview:-1\" \/>\n<link rel=\"canonical\" href=\"https:\/\/www.uartes.edu.ec\/sitio\/blog\/2020\/05\/16\/el-testigo-del-sigilo-la-tesis-de-jean-carlo-guizado-rubio\/\" \/>\n<meta property=\"og:locale\" content=\"es_ES\" \/>\n<meta property=\"og:type\" content=\"article\" \/>\n<meta property=\"og:title\" content=\"Universidad de las Artes - \u201cEl Testigo del Sigilo\u201d, la tesis de Jean Carlo Guizado Rubio\" \/>\n<meta property=\"og:description\" content=\"Universidad de las Artes - \u201cEl Testigo del Sigilo\u201d, la tesis de Jean Carlo Guizado Rubio\" \/>\n<meta property=\"og:url\" content=\"https:\/\/www.uartes.edu.ec\/sitio\/blog\/2020\/05\/16\/el-testigo-del-sigilo-la-tesis-de-jean-carlo-guizado-rubio\/\" \/>\n<meta property=\"og:site_name\" content=\"Universidad de las Artes\" \/>\n<meta property=\"article:publisher\" content=\"https:\/\/www.facebook.com\/uartesec\" \/>\n<meta property=\"article:published_time\" content=\"2020-05-16T21:29:20+00:00\" \/>\n<meta property=\"article:modified_time\" content=\"2024-07-04T16:43:10+00:00\" \/>\n<meta property=\"og:image\" content=\"https:\/\/www.uartes.edu.ec\/sitio\/wp-content\/uploads\/2020\/05\/01-NOTA-Retrato-El-Testigo-del-Sigilo-Milagro-2019.jpg\" \/>\n\t<meta property=\"og:image:width\" content=\"1253\" \/>\n\t<meta property=\"og:image:height\" content=\"835\" \/>\n\t<meta property=\"og:image:type\" content=\"image\/jpeg\" \/>\n<meta name=\"author\" content=\"Universidad de las Artes\" \/>\n<meta name=\"twitter:card\" content=\"summary_large_image\" \/>\n<meta name=\"twitter:creator\" content=\"@uartesec\" \/>\n<meta name=\"twitter:site\" content=\"@uartesec\" \/>\n<meta name=\"twitter:label1\" content=\"Escrito por\" \/>\n\t<meta name=\"twitter:data1\" content=\"Universidad de las Artes\" \/>\n\t<meta name=\"twitter:label2\" content=\"Tiempo de lectura\" \/>\n\t<meta name=\"twitter:data2\" content=\"4 minutos\" \/>\n<script type=\"application\/ld+json\" class=\"yoast-schema-graph\">{\"@context\":\"https:\\\/\\\/schema.org\",\"@graph\":[{\"@type\":\"Article\",\"@id\":\"https:\\\/\\\/www.uartes.edu.ec\\\/sitio\\\/blog\\\/2020\\\/05\\\/16\\\/el-testigo-del-sigilo-la-tesis-de-jean-carlo-guizado-rubio\\\/#article\",\"isPartOf\":{\"@id\":\"https:\\\/\\\/www.uartes.edu.ec\\\/sitio\\\/blog\\\/2020\\\/05\\\/16\\\/el-testigo-del-sigilo-la-tesis-de-jean-carlo-guizado-rubio\\\/\"},\"author\":{\"name\":\"Universidad de las Artes\",\"@id\":\"https:\\\/\\\/www.uartes.edu.ec\\\/sitio\\\/#\\\/schema\\\/person\\\/f33f8c1d2af0d5c80a38c8abf458184a\"},\"headline\":\"\u201cEl Testigo del Sigilo\u201d, la tesis de Jean Carlo Guizado Rubio\",\"datePublished\":\"2020-05-16T21:29:20+00:00\",\"dateModified\":\"2024-07-04T16:43:10+00:00\",\"mainEntityOfPage\":{\"@id\":\"https:\\\/\\\/www.uartes.edu.ec\\\/sitio\\\/blog\\\/2020\\\/05\\\/16\\\/el-testigo-del-sigilo-la-tesis-de-jean-carlo-guizado-rubio\\\/\"},\"wordCount\":771,\"publisher\":{\"@id\":\"https:\\\/\\\/www.uartes.edu.ec\\\/sitio\\\/#organization\"},\"image\":{\"@id\":\"https:\\\/\\\/www.uartes.edu.ec\\\/sitio\\\/blog\\\/2020\\\/05\\\/16\\\/el-testigo-del-sigilo-la-tesis-de-jean-carlo-guizado-rubio\\\/#primaryimage\"},\"thumbnailUrl\":\"https:\\\/\\\/www.uartes.edu.ec\\\/sitio\\\/wp-content\\\/uploads\\\/2020\\\/05\\\/01-NOTA-Retrato-El-Testigo-del-Sigilo-Milagro-2019.jpg\",\"keywords\":[\"covid19\"],\"articleSection\":[\"Acad\u00e9mico\",\"Artes Visuales\",\"Estudiantes\"],\"inLanguage\":\"es\"},{\"@type\":[\"WebPage\",\"ItemPage\"],\"@id\":\"https:\\\/\\\/www.uartes.edu.ec\\\/sitio\\\/blog\\\/2020\\\/05\\\/16\\\/el-testigo-del-sigilo-la-tesis-de-jean-carlo-guizado-rubio\\\/\",\"url\":\"https:\\\/\\\/www.uartes.edu.ec\\\/sitio\\\/blog\\\/2020\\\/05\\\/16\\\/el-testigo-del-sigilo-la-tesis-de-jean-carlo-guizado-rubio\\\/\",\"name\":\"Universidad de las Artes - \u201cEl Testigo del Sigilo\u201d, la tesis de Jean Carlo Guizado Rubio\",\"isPartOf\":{\"@id\":\"https:\\\/\\\/www.uartes.edu.ec\\\/sitio\\\/#website\"},\"primaryImageOfPage\":{\"@id\":\"https:\\\/\\\/www.uartes.edu.ec\\\/sitio\\\/blog\\\/2020\\\/05\\\/16\\\/el-testigo-del-sigilo-la-tesis-de-jean-carlo-guizado-rubio\\\/#primaryimage\"},\"image\":{\"@id\":\"https:\\\/\\\/www.uartes.edu.ec\\\/sitio\\\/blog\\\/2020\\\/05\\\/16\\\/el-testigo-del-sigilo-la-tesis-de-jean-carlo-guizado-rubio\\\/#primaryimage\"},\"thumbnailUrl\":\"https:\\\/\\\/www.uartes.edu.ec\\\/sitio\\\/wp-content\\\/uploads\\\/2020\\\/05\\\/01-NOTA-Retrato-El-Testigo-del-Sigilo-Milagro-2019.jpg\",\"datePublished\":\"2020-05-16T21:29:20+00:00\",\"dateModified\":\"2024-07-04T16:43:10+00:00\",\"description\":\"Universidad de las Artes - \u201cEl Testigo del Sigilo\u201d, la tesis de Jean Carlo Guizado Rubio\",\"breadcrumb\":{\"@id\":\"https:\\\/\\\/www.uartes.edu.ec\\\/sitio\\\/blog\\\/2020\\\/05\\\/16\\\/el-testigo-del-sigilo-la-tesis-de-jean-carlo-guizado-rubio\\\/#breadcrumb\"},\"inLanguage\":\"es\",\"potentialAction\":[{\"@type\":\"ReadAction\",\"target\":[\"https:\\\/\\\/www.uartes.edu.ec\\\/sitio\\\/blog\\\/2020\\\/05\\\/16\\\/el-testigo-del-sigilo-la-tesis-de-jean-carlo-guizado-rubio\\\/\"]}]},{\"@type\":\"ImageObject\",\"inLanguage\":\"es\",\"@id\":\"https:\\\/\\\/www.uartes.edu.ec\\\/sitio\\\/blog\\\/2020\\\/05\\\/16\\\/el-testigo-del-sigilo-la-tesis-de-jean-carlo-guizado-rubio\\\/#primaryimage\",\"url\":\"https:\\\/\\\/www.uartes.edu.ec\\\/sitio\\\/wp-content\\\/uploads\\\/2020\\\/05\\\/01-NOTA-Retrato-El-Testigo-del-Sigilo-Milagro-2019.jpg\",\"contentUrl\":\"https:\\\/\\\/www.uartes.edu.ec\\\/sitio\\\/wp-content\\\/uploads\\\/2020\\\/05\\\/01-NOTA-Retrato-El-Testigo-del-Sigilo-Milagro-2019.jpg\",\"width\":1253,\"height\":835},{\"@type\":\"BreadcrumbList\",\"@id\":\"https:\\\/\\\/www.uartes.edu.ec\\\/sitio\\\/blog\\\/2020\\\/05\\\/16\\\/el-testigo-del-sigilo-la-tesis-de-jean-carlo-guizado-rubio\\\/#breadcrumb\",\"itemListElement\":[{\"@type\":\"ListItem\",\"position\":1,\"name\":\"Inicio\",\"item\":\"https:\\\/\\\/www.uartes.edu.ec\\\/sitio\\\/\"},{\"@type\":\"ListItem\",\"position\":2,\"name\":\"\u201cEl Testigo del Sigilo\u201d, la tesis de Jean Carlo Guizado Rubio\"}]},{\"@type\":\"WebSite\",\"@id\":\"https:\\\/\\\/www.uartes.edu.ec\\\/sitio\\\/#website\",\"url\":\"https:\\\/\\\/www.uartes.edu.ec\\\/sitio\\\/\",\"name\":\"Universidad de las Artes\",\"description\":\"Sitio oficial de la Universidad Nacional de las Artes del Ecuador\",\"publisher\":{\"@id\":\"https:\\\/\\\/www.uartes.edu.ec\\\/sitio\\\/#organization\"},\"potentialAction\":[{\"@type\":\"SearchAction\",\"target\":{\"@type\":\"EntryPoint\",\"urlTemplate\":\"https:\\\/\\\/www.uartes.edu.ec\\\/sitio\\\/?s={search_term_string}\"},\"query-input\":{\"@type\":\"PropertyValueSpecification\",\"valueRequired\":true,\"valueName\":\"search_term_string\"}}],\"inLanguage\":\"es\"},{\"@type\":\"Organization\",\"@id\":\"https:\\\/\\\/www.uartes.edu.ec\\\/sitio\\\/#organization\",\"name\":\"Universidad de las Artes\",\"url\":\"https:\\\/\\\/www.uartes.edu.ec\\\/sitio\\\/\",\"logo\":{\"@type\":\"ImageObject\",\"inLanguage\":\"es\",\"@id\":\"https:\\\/\\\/www.uartes.edu.ec\\\/sitio\\\/#\\\/schema\\\/logo\\\/image\\\/\",\"url\":\"https:\\\/\\\/www.uartes.edu.ec\\\/sitio\\\/wp-content\\\/uploads\\\/2022\\\/07\\\/logo-ua-horizontal.png\",\"contentUrl\":\"https:\\\/\\\/www.uartes.edu.ec\\\/sitio\\\/wp-content\\\/uploads\\\/2022\\\/07\\\/logo-ua-horizontal.png\",\"width\":800,\"height\":276,\"caption\":\"Universidad de las Artes\"},\"image\":{\"@id\":\"https:\\\/\\\/www.uartes.edu.ec\\\/sitio\\\/#\\\/schema\\\/logo\\\/image\\\/\"},\"sameAs\":[\"https:\\\/\\\/www.facebook.com\\\/uartesec\",\"https:\\\/\\\/x.com\\\/uartesec\",\"https:\\\/\\\/www.tiktok.com\\\/@uartesec\"]},{\"@type\":\"Person\",\"@id\":\"https:\\\/\\\/www.uartes.edu.ec\\\/sitio\\\/#\\\/schema\\\/person\\\/f33f8c1d2af0d5c80a38c8abf458184a\",\"name\":\"Universidad de las Artes\",\"image\":{\"@type\":\"ImageObject\",\"inLanguage\":\"es\",\"@id\":\"https:\\\/\\\/secure.gravatar.com\\\/avatar\\\/52e4757902f5cfa5ac52d020e5be83cae5487519154b6c35482fe08d589f3c13?s=96&d=mm&r=g\",\"url\":\"https:\\\/\\\/secure.gravatar.com\\\/avatar\\\/52e4757902f5cfa5ac52d020e5be83cae5487519154b6c35482fe08d589f3c13?s=96&d=mm&r=g\",\"contentUrl\":\"https:\\\/\\\/secure.gravatar.com\\\/avatar\\\/52e4757902f5cfa5ac52d020e5be83cae5487519154b6c35482fe08d589f3c13?s=96&d=mm&r=g\",\"caption\":\"Universidad de las Artes\"},\"url\":\"https:\\\/\\\/www.uartes.edu.ec\\\/sitio\\\/blog\\\/author\\\/dircomadm\\\/\"}]}<\/script>\n<!-- \/ Yoast SEO plugin. -->","yoast_head_json":{"title":"Universidad de las Artes - \u201cEl Testigo del Sigilo\u201d, la tesis de Jean Carlo Guizado Rubio","description":"Universidad de las Artes - \u201cEl Testigo del Sigilo\u201d, la tesis de Jean Carlo Guizado Rubio","robots":{"index":"index","follow":"follow","max-snippet":"max-snippet:-1","max-image-preview":"max-image-preview:large","max-video-preview":"max-video-preview:-1"},"canonical":"https:\/\/www.uartes.edu.ec\/sitio\/blog\/2020\/05\/16\/el-testigo-del-sigilo-la-tesis-de-jean-carlo-guizado-rubio\/","og_locale":"es_ES","og_type":"article","og_title":"Universidad de las Artes - \u201cEl Testigo del Sigilo\u201d, la tesis de Jean Carlo Guizado Rubio","og_description":"Universidad de las Artes - \u201cEl Testigo del Sigilo\u201d, la tesis de Jean Carlo Guizado Rubio","og_url":"https:\/\/www.uartes.edu.ec\/sitio\/blog\/2020\/05\/16\/el-testigo-del-sigilo-la-tesis-de-jean-carlo-guizado-rubio\/","og_site_name":"Universidad de las Artes","article_publisher":"https:\/\/www.facebook.com\/uartesec","article_published_time":"2020-05-16T21:29:20+00:00","article_modified_time":"2024-07-04T16:43:10+00:00","og_image":[{"width":1253,"height":835,"url":"https:\/\/www.uartes.edu.ec\/sitio\/wp-content\/uploads\/2020\/05\/01-NOTA-Retrato-El-Testigo-del-Sigilo-Milagro-2019.jpg","type":"image\/jpeg"}],"author":"Universidad de las Artes","twitter_card":"summary_large_image","twitter_creator":"@uartesec","twitter_site":"@uartesec","twitter_misc":{"Escrito por":"Universidad de las Artes","Tiempo de lectura":"4 minutos"},"schema":{"@context":"https:\/\/schema.org","@graph":[{"@type":"Article","@id":"https:\/\/www.uartes.edu.ec\/sitio\/blog\/2020\/05\/16\/el-testigo-del-sigilo-la-tesis-de-jean-carlo-guizado-rubio\/#article","isPartOf":{"@id":"https:\/\/www.uartes.edu.ec\/sitio\/blog\/2020\/05\/16\/el-testigo-del-sigilo-la-tesis-de-jean-carlo-guizado-rubio\/"},"author":{"name":"Universidad de las Artes","@id":"https:\/\/www.uartes.edu.ec\/sitio\/#\/schema\/person\/f33f8c1d2af0d5c80a38c8abf458184a"},"headline":"\u201cEl Testigo del Sigilo\u201d, la tesis de Jean Carlo Guizado Rubio","datePublished":"2020-05-16T21:29:20+00:00","dateModified":"2024-07-04T16:43:10+00:00","mainEntityOfPage":{"@id":"https:\/\/www.uartes.edu.ec\/sitio\/blog\/2020\/05\/16\/el-testigo-del-sigilo-la-tesis-de-jean-carlo-guizado-rubio\/"},"wordCount":771,"publisher":{"@id":"https:\/\/www.uartes.edu.ec\/sitio\/#organization"},"image":{"@id":"https:\/\/www.uartes.edu.ec\/sitio\/blog\/2020\/05\/16\/el-testigo-del-sigilo-la-tesis-de-jean-carlo-guizado-rubio\/#primaryimage"},"thumbnailUrl":"https:\/\/www.uartes.edu.ec\/sitio\/wp-content\/uploads\/2020\/05\/01-NOTA-Retrato-El-Testigo-del-Sigilo-Milagro-2019.jpg","keywords":["covid19"],"articleSection":["Acad\u00e9mico","Artes Visuales","Estudiantes"],"inLanguage":"es"},{"@type":["WebPage","ItemPage"],"@id":"https:\/\/www.uartes.edu.ec\/sitio\/blog\/2020\/05\/16\/el-testigo-del-sigilo-la-tesis-de-jean-carlo-guizado-rubio\/","url":"https:\/\/www.uartes.edu.ec\/sitio\/blog\/2020\/05\/16\/el-testigo-del-sigilo-la-tesis-de-jean-carlo-guizado-rubio\/","name":"Universidad de las Artes - \u201cEl Testigo del Sigilo\u201d, la tesis de Jean Carlo Guizado Rubio","isPartOf":{"@id":"https:\/\/www.uartes.edu.ec\/sitio\/#website"},"primaryImageOfPage":{"@id":"https:\/\/www.uartes.edu.ec\/sitio\/blog\/2020\/05\/16\/el-testigo-del-sigilo-la-tesis-de-jean-carlo-guizado-rubio\/#primaryimage"},"image":{"@id":"https:\/\/www.uartes.edu.ec\/sitio\/blog\/2020\/05\/16\/el-testigo-del-sigilo-la-tesis-de-jean-carlo-guizado-rubio\/#primaryimage"},"thumbnailUrl":"https:\/\/www.uartes.edu.ec\/sitio\/wp-content\/uploads\/2020\/05\/01-NOTA-Retrato-El-Testigo-del-Sigilo-Milagro-2019.jpg","datePublished":"2020-05-16T21:29:20+00:00","dateModified":"2024-07-04T16:43:10+00:00","description":"Universidad de las Artes - \u201cEl Testigo del Sigilo\u201d, la tesis de Jean Carlo Guizado Rubio","breadcrumb":{"@id":"https:\/\/www.uartes.edu.ec\/sitio\/blog\/2020\/05\/16\/el-testigo-del-sigilo-la-tesis-de-jean-carlo-guizado-rubio\/#breadcrumb"},"inLanguage":"es","potentialAction":[{"@type":"ReadAction","target":["https:\/\/www.uartes.edu.ec\/sitio\/blog\/2020\/05\/16\/el-testigo-del-sigilo-la-tesis-de-jean-carlo-guizado-rubio\/"]}]},{"@type":"ImageObject","inLanguage":"es","@id":"https:\/\/www.uartes.edu.ec\/sitio\/blog\/2020\/05\/16\/el-testigo-del-sigilo-la-tesis-de-jean-carlo-guizado-rubio\/#primaryimage","url":"https:\/\/www.uartes.edu.ec\/sitio\/wp-content\/uploads\/2020\/05\/01-NOTA-Retrato-El-Testigo-del-Sigilo-Milagro-2019.jpg","contentUrl":"https:\/\/www.uartes.edu.ec\/sitio\/wp-content\/uploads\/2020\/05\/01-NOTA-Retrato-El-Testigo-del-Sigilo-Milagro-2019.jpg","width":1253,"height":835},{"@type":"BreadcrumbList","@id":"https:\/\/www.uartes.edu.ec\/sitio\/blog\/2020\/05\/16\/el-testigo-del-sigilo-la-tesis-de-jean-carlo-guizado-rubio\/#breadcrumb","itemListElement":[{"@type":"ListItem","position":1,"name":"Inicio","item":"https:\/\/www.uartes.edu.ec\/sitio\/"},{"@type":"ListItem","position":2,"name":"\u201cEl Testigo del Sigilo\u201d, la tesis de Jean Carlo Guizado Rubio"}]},{"@type":"WebSite","@id":"https:\/\/www.uartes.edu.ec\/sitio\/#website","url":"https:\/\/www.uartes.edu.ec\/sitio\/","name":"Universidad de las Artes","description":"Sitio oficial de la Universidad Nacional de las Artes del Ecuador","publisher":{"@id":"https:\/\/www.uartes.edu.ec\/sitio\/#organization"},"potentialAction":[{"@type":"SearchAction","target":{"@type":"EntryPoint","urlTemplate":"https:\/\/www.uartes.edu.ec\/sitio\/?s={search_term_string}"},"query-input":{"@type":"PropertyValueSpecification","valueRequired":true,"valueName":"search_term_string"}}],"inLanguage":"es"},{"@type":"Organization","@id":"https:\/\/www.uartes.edu.ec\/sitio\/#organization","name":"Universidad de las Artes","url":"https:\/\/www.uartes.edu.ec\/sitio\/","logo":{"@type":"ImageObject","inLanguage":"es","@id":"https:\/\/www.uartes.edu.ec\/sitio\/#\/schema\/logo\/image\/","url":"https:\/\/www.uartes.edu.ec\/sitio\/wp-content\/uploads\/2022\/07\/logo-ua-horizontal.png","contentUrl":"https:\/\/www.uartes.edu.ec\/sitio\/wp-content\/uploads\/2022\/07\/logo-ua-horizontal.png","width":800,"height":276,"caption":"Universidad de las Artes"},"image":{"@id":"https:\/\/www.uartes.edu.ec\/sitio\/#\/schema\/logo\/image\/"},"sameAs":["https:\/\/www.facebook.com\/uartesec","https:\/\/x.com\/uartesec","https:\/\/www.tiktok.com\/@uartesec"]},{"@type":"Person","@id":"https:\/\/www.uartes.edu.ec\/sitio\/#\/schema\/person\/f33f8c1d2af0d5c80a38c8abf458184a","name":"Universidad de las Artes","image":{"@type":"ImageObject","inLanguage":"es","@id":"https:\/\/secure.gravatar.com\/avatar\/52e4757902f5cfa5ac52d020e5be83cae5487519154b6c35482fe08d589f3c13?s=96&d=mm&r=g","url":"https:\/\/secure.gravatar.com\/avatar\/52e4757902f5cfa5ac52d020e5be83cae5487519154b6c35482fe08d589f3c13?s=96&d=mm&r=g","contentUrl":"https:\/\/secure.gravatar.com\/avatar\/52e4757902f5cfa5ac52d020e5be83cae5487519154b6c35482fe08d589f3c13?s=96&d=mm&r=g","caption":"Universidad de las Artes"},"url":"https:\/\/www.uartes.edu.ec\/sitio\/blog\/author\/dircomadm\/"}]}},"uagb_featured_image_src":{"full":["https:\/\/www.uartes.edu.ec\/sitio\/wp-content\/uploads\/2020\/05\/01-NOTA-Retrato-El-Testigo-del-Sigilo-Milagro-2019.jpg",1253,835,false],"thumbnail":["https:\/\/www.uartes.edu.ec\/sitio\/wp-content\/uploads\/2020\/05\/01-NOTA-Retrato-El-Testigo-del-Sigilo-Milagro-2019-150x150.jpg",150,150,true],"medium":["https:\/\/www.uartes.edu.ec\/sitio\/wp-content\/uploads\/2020\/05\/01-NOTA-Retrato-El-Testigo-del-Sigilo-Milagro-2019-300x200.jpg",300,200,true],"medium_large":["https:\/\/www.uartes.edu.ec\/sitio\/wp-content\/uploads\/2020\/05\/01-NOTA-Retrato-El-Testigo-del-Sigilo-Milagro-2019-768x512.jpg",768,512,true],"large":["https:\/\/www.uartes.edu.ec\/sitio\/wp-content\/uploads\/2020\/05\/01-NOTA-Retrato-El-Testigo-del-Sigilo-Milagro-2019-644x429.jpg",644,429,true],"1536x1536":["https:\/\/www.uartes.edu.ec\/sitio\/wp-content\/uploads\/2020\/05\/01-NOTA-Retrato-El-Testigo-del-Sigilo-Milagro-2019.jpg",1253,835,false],"2048x2048":["https:\/\/www.uartes.edu.ec\/sitio\/wp-content\/uploads\/2020\/05\/01-NOTA-Retrato-El-Testigo-del-Sigilo-Milagro-2019.jpg",1253,835,false],"trp-custom-language-flag":["https:\/\/www.uartes.edu.ec\/sitio\/wp-content\/uploads\/2020\/05\/01-NOTA-Retrato-El-Testigo-del-Sigilo-Milagro-2019.jpg",18,12,false],"htmega_size_585x295":["https:\/\/www.uartes.edu.ec\/sitio\/wp-content\/uploads\/2020\/05\/01-NOTA-Retrato-El-Testigo-del-Sigilo-Milagro-2019.jpg",443,295,false],"htmega_size_1170x536":["https:\/\/www.uartes.edu.ec\/sitio\/wp-content\/uploads\/2020\/05\/01-NOTA-Retrato-El-Testigo-del-Sigilo-Milagro-2019.jpg",804,536,false],"htmega_size_396x360":["https:\/\/www.uartes.edu.ec\/sitio\/wp-content\/uploads\/2020\/05\/01-NOTA-Retrato-El-Testigo-del-Sigilo-Milagro-2019.jpg",396,264,false],"gb-block-post-grid-landscape":["https:\/\/www.uartes.edu.ec\/sitio\/wp-content\/uploads\/2020\/05\/01-NOTA-Retrato-El-Testigo-del-Sigilo-Milagro-2019.jpg",600,400,false],"gb-block-post-grid-square":["https:\/\/www.uartes.edu.ec\/sitio\/wp-content\/uploads\/2020\/05\/01-NOTA-Retrato-El-Testigo-del-Sigilo-Milagro-2019.jpg",600,400,false],"university-hub-thumb":["https:\/\/www.uartes.edu.ec\/sitio\/wp-content\/uploads\/2020\/05\/01-NOTA-Retrato-El-Testigo-del-Sigilo-Milagro-2019-400x267.jpg",400,267,true]},"uagb_author_info":{"display_name":"Universidad de las Artes","author_link":"https:\/\/www.uartes.edu.ec\/sitio\/blog\/author\/dircomadm\/"},"uagb_comment_info":0,"uagb_excerpt":"Con la investigaci\u00f3n a la que titul\u00f3 \u201cEl Testigo del Sigilo\u201d, Jean Carlo Guizado Rubio busc\u00f3 visibilizar la fascinaci\u00f3n por indagar entre los medios de creaci\u00f3n art\u00edstica el material org\u00e1nico y los objetos encontrados.","featured_image_src":"https:\/\/www.uartes.edu.ec\/sitio\/wp-content\/uploads\/2020\/05\/01-NOTA-Retrato-El-Testigo-del-Sigilo-Milagro-2019.jpg","featured_image_src_square":"https:\/\/www.uartes.edu.ec\/sitio\/wp-content\/uploads\/2020\/05\/01-NOTA-Retrato-El-Testigo-del-Sigilo-Milagro-2019.jpg","author_info":{"display_name":"Universidad de las Artes","author_link":"https:\/\/www.uartes.edu.ec\/sitio\/blog\/author\/dircomadm\/"},"publishpress_future_workflow_manual_trigger":{"enabledWorkflows":[]},"distributor_meta":false,"distributor_terms":false,"distributor_media":false,"distributor_original_site_name":"Universidad de las Artes","distributor_original_site_url":"https:\/\/www.uartes.edu.ec\/sitio","push-errors":false,"_links":{"self":[{"href":"https:\/\/www.uartes.edu.ec\/sitio\/wp-json\/wp\/v2\/posts\/7004","targetHints":{"allow":["GET"]}}],"collection":[{"href":"https:\/\/www.uartes.edu.ec\/sitio\/wp-json\/wp\/v2\/posts"}],"about":[{"href":"https:\/\/www.uartes.edu.ec\/sitio\/wp-json\/wp\/v2\/types\/post"}],"author":[{"embeddable":true,"href":"https:\/\/www.uartes.edu.ec\/sitio\/wp-json\/wp\/v2\/users\/1"}],"replies":[{"embeddable":true,"href":"https:\/\/www.uartes.edu.ec\/sitio\/wp-json\/wp\/v2\/comments?post=7004"}],"version-history":[{"count":2,"href":"https:\/\/www.uartes.edu.ec\/sitio\/wp-json\/wp\/v2\/posts\/7004\/revisions"}],"predecessor-version":[{"id":57631,"href":"https:\/\/www.uartes.edu.ec\/sitio\/wp-json\/wp\/v2\/posts\/7004\/revisions\/57631"}],"wp:featuredmedia":[{"embeddable":true,"href":"https:\/\/www.uartes.edu.ec\/sitio\/wp-json\/wp\/v2\/media\/7005"}],"wp:attachment":[{"href":"https:\/\/www.uartes.edu.ec\/sitio\/wp-json\/wp\/v2\/media?parent=7004"}],"wp:term":[{"taxonomy":"category","embeddable":true,"href":"https:\/\/www.uartes.edu.ec\/sitio\/wp-json\/wp\/v2\/categories?post=7004"},{"taxonomy":"post_tag","embeddable":true,"href":"https:\/\/www.uartes.edu.ec\/sitio\/wp-json\/wp\/v2\/tags?post=7004"},{"taxonomy":"infouartes","embeddable":true,"href":"https:\/\/www.uartes.edu.ec\/sitio\/wp-json\/wp\/v2\/infouartes?post=7004"}],"curies":[{"name":"wp","href":"https:\/\/api.w.org\/{rel}","templated":true}]}}